{"id":8092,"date":"2020-04-17T09:13:28","date_gmt":"2020-04-17T08:13:28","guid":{"rendered":"https:\/\/www.welovecycling.com\/de\/?p=8092"},"modified":"2020-04-24T14:36:47","modified_gmt":"2020-04-24T13:36:47","slug":"absage-euroeyes-cyclassics-hamburg","status":"publish","type":"post","link":"https:\/\/www.welovecycling.com\/de\/2020\/04\/17\/absage-euroeyes-cyclassics-hamburg\/","title":{"rendered":"Absage EuroEyes Cyclassics Hamburg"},"content":{"rendered":"<p>Liebe WeLoveCycling Fans,<\/p>\n<p>unsere Bundesregierung hat Gro\u00dfveranstaltungen bis Ende August untersagt. Dies betrifft nun leider auch weitere Radsportveranstaltungen. Neben Eschborn-Frankfurt, Rund um K\u00f6ln und dem Brezel Race Stuttgart mussten nun auch die EuroEyes Cyclassics Hamburg am 16. August 2020 abgesagt werden.<\/p>\n<p>Die Entscheidung soll die Ausbreitung des Coronavirus einschr\u00e4nken und dient zur Sicherheit aller B\u00fcrgerinnen und B\u00fcrger.<\/p>\n<p>Letztlich steht die Gesundheit der Teilnehmer, Mitarbeiter, Partner, Freiwilligen und aller anderen Mitwirkenden im Fokus. Wir sind mit allen Veranstaltern im intensiven Austausch und pr\u00fcfen inwieweit Ersatztermine im Herbst gefunden werden k\u00f6nnen. Wir halten Euch auf unserer welovecycling.de Seite \u00fcber aktuelle Entwicklungen auf dem Laufenden.<\/p>\n<p>Schaut doch auch gerne auf unserer <a href=\"https:\/\/www.facebook.com\/skodaradsport\/\">WeLoveCycling Facebook Seite<\/a> und auf unserem <a href=\"https:\/\/www.instagram.com\/welovecycling.de\/\">WeLoveCycling Instagram Kanal<\/a> vorbei!<\/p>\n<p>&nbsp;<\/p>\n","protected":false},"excerpt":{"rendered":"<p>Liebe WeLoveCycling Fans, unsere Bundesregierung hat Gro\u00dfveranstaltungen bis Ende August untersagt. Dies betrifft nun leider auch weitere Radsportveranstaltungen. Neben Eschborn-Frankfurt, [&hellip;]<\/p>\n","protected":false},"author":115,"featured_media":7845,"comment_status":"open","ping_status":"open","sticky":false,"template":"","format":"standard","meta":{"footnotes":""},"categories":[1],"tags":[],"global-categories":[19],"class_list":["post-8092","post","type-post","status-publish","format-standard","has-post-thumbnail","hentry","category-allgemein","global-categories-cycling"],"yoast_head":"<!-- This site is optimized with the Yoast SEO Premium plugin v25.3 (Yoast SEO v25.9) - https:\/\/yoast.com\/wordpress\/plugins\/seo\/ -->\n<title>Absage EuroEyes Cyclassics Hamburg - \u0160koda We Love Cycling - Deutschland<\/title>\n<meta name=\"robots\" content=\"index, follow, max-snippet:-1, max-image-preview:large, max-video-preview:-1\" \/>\n<link rel=\"canonical\" href=\"https:\/\/www.welovecycling.com\/de\/2020\/04\/17\/absage-euroeyes-cyclassics-hamburg\/\" \/>\n<meta property=\"og:locale\" content=\"de_DE\" \/>\n<meta property=\"og:type\" content=\"article\" \/>\n<meta property=\"og:title\" content=\"Absage EuroEyes Cyclassics Hamburg\" \/>\n<meta property=\"og:description\" content=\"Liebe WeLoveCycling Fans, unsere Bundesregierung hat Gro\u00dfveranstaltungen bis Ende August untersagt. Dies betrifft nun leider auch weitere Radsportveranstaltungen. Neben Eschborn-Frankfurt, [&hellip;]\" \/>\n<meta property=\"og:url\" content=\"https:\/\/www.welovecycling.com\/de\/2020\/04\/17\/absage-euroeyes-cyclassics-hamburg\/\" \/>\n<meta property=\"og:site_name\" content=\"\u0160koda We Love Cycling - Deutschland\" \/>\n<meta property=\"article:published_time\" content=\"2020-04-17T08:13:28+00:00\" \/>\n<meta property=\"article:modified_time\" content=\"2020-04-24T13:36:47+00:00\" \/>\n<meta property=\"og:image\" content=\"https:\/\/d2p6e6u75xmxt8.cloudfront.net\/10\/2019\/09\/skoda-cyclassics-hamburg-2019-oliver-maier-25154057-190825-_M0A1173-1024x683.jpg\" \/>\n\t<meta property=\"og:image:width\" content=\"1024\" \/>\n\t<meta property=\"og:image:height\" content=\"683\" \/>\n\t<meta property=\"og:image:type\" content=\"image\/jpeg\" \/>\n<meta name=\"author\" content=\"jbraeker\" \/>\n<meta name=\"twitter:card\" content=\"summary_large_image\" \/>\n<meta name=\"twitter:label1\" content=\"Written by\" \/>\n\t<meta name=\"twitter:data1\" content=\"WeLoveCycling\" \/>\n\t<meta name=\"twitter:label2\" content=\"Est. reading time\" \/>\n\t<meta name=\"twitter:data2\" content=\"1 minute\" \/>\n<script type=\"application\/ld+json\" class=\"yoast-schema-graph\">{\"@context\":\"https:\/\/schema.org\",\"@graph\":[{\"@type\":\"WebPage\",\"@id\":\"https:\/\/www.welovecycling.com\/de\/2020\/04\/17\/absage-euroeyes-cyclassics-hamburg\/\",\"url\":\"https:\/\/www.welovecycling.com\/de\/2020\/04\/17\/absage-euroeyes-cyclassics-hamburg\/\",\"name\":\"Absage EuroEyes Cyclassics Hamburg - \u0160koda We Love Cycling - Deutschland\",\"isPartOf\":{\"@id\":\"https:\/\/www.welovecycling.com\/de\/#website\"},\"primaryImageOfPage\":{\"@id\":\"https:\/\/www.welovecycling.com\/de\/2020\/04\/17\/absage-euroeyes-cyclassics-hamburg\/#primaryimage\"},\"image\":{\"@id\":\"https:\/\/www.welovecycling.com\/de\/2020\/04\/17\/absage-euroeyes-cyclassics-hamburg\/#primaryimage\"},\"thumbnailUrl\":\"https:\/\/d2p6e6u75xmxt8.cloudfront.net\/10\/2019\/09\/skoda-cyclassics-hamburg-2019-oliver-maier-25154057-190825-_M0A1173.jpg\",\"datePublished\":\"2020-04-17T08:13:28+00:00\",\"dateModified\":\"2020-04-24T13:36:47+00:00\",\"author\":{\"@id\":\"https:\/\/www.welovecycling.com\/de\/#\/schema\/person\/915694b3c8d0de9019932587781ba6b3\"},\"breadcrumb\":{\"@id\":\"https:\/\/www.welovecycling.com\/de\/2020\/04\/17\/absage-euroeyes-cyclassics-hamburg\/#breadcrumb\"},\"inLanguage\":\"de-DE\",\"potentialAction\":[{\"@type\":\"ReadAction\",\"target\":[\"https:\/\/www.welovecycling.com\/de\/2020\/04\/17\/absage-euroeyes-cyclassics-hamburg\/\"]}]},{\"@type\":\"ImageObject\",\"inLanguage\":\"de-DE\",\"@id\":\"https:\/\/www.welovecycling.com\/de\/2020\/04\/17\/absage-euroeyes-cyclassics-hamburg\/#primaryimage\",\"url\":\"https:\/\/d2p6e6u75xmxt8.cloudfront.net\/10\/2019\/09\/skoda-cyclassics-hamburg-2019-oliver-maier-25154057-190825-_M0A1173.jpg\",\"contentUrl\":\"https:\/\/d2p6e6u75xmxt8.cloudfront.net\/10\/2019\/09\/skoda-cyclassics-hamburg-2019-oliver-maier-25154057-190825-_M0A1173.jpg\",\"width\":4800,\"height\":3200,\"caption\":\"www.olivermaier.com\"},{\"@type\":\"BreadcrumbList\",\"@id\":\"https:\/\/www.welovecycling.com\/de\/2020\/04\/17\/absage-euroeyes-cyclassics-hamburg\/#breadcrumb\",\"itemListElement\":[{\"@type\":\"ListItem\",\"position\":1,\"name\":\"Home\",\"item\":\"https:\/\/www.welovecycling.com\/de\/\"},{\"@type\":\"ListItem\",\"position\":2,\"name\":\"Absage EuroEyes Cyclassics Hamburg\"}]},{\"@type\":\"WebSite\",\"@id\":\"https:\/\/www.welovecycling.com\/de\/#website\",\"url\":\"https:\/\/www.welovecycling.com\/de\/\",\"name\":\"\u0160koda We Love Cycling - Deutschland\",\"description\":\"Just another \u0160koda WeLoveCycling Sites site\",\"potentialAction\":[{\"@type\":\"SearchAction\",\"target\":{\"@type\":\"EntryPoint\",\"urlTemplate\":\"https:\/\/www.welovecycling.com\/de\/?s={search_term_string}\"},\"query-input\":{\"@type\":\"PropertyValueSpecification\",\"valueRequired\":true,\"valueName\":\"search_term_string\"}}],\"inLanguage\":\"de-DE\"},{\"@type\":\"Person\",\"@id\":\"https:\/\/www.welovecycling.com\/de\/#\/schema\/person\/915694b3c8d0de9019932587781ba6b3\",\"name\":\"jbraeker\",\"image\":{\"@type\":\"ImageObject\",\"inLanguage\":\"de-DE\",\"@id\":\"https:\/\/www.welovecycling.com\/de\/#\/schema\/person\/image\/\",\"url\":\"https:\/\/secure.gravatar.com\/avatar\/8b4aea90e4535aae30b5b720249e5b723ae59fcf3d54757dd8b748d97b46d3c9?s=96&d=mm&r=g\",\"contentUrl\":\"https:\/\/secure.gravatar.com\/avatar\/8b4aea90e4535aae30b5b720249e5b723ae59fcf3d54757dd8b748d97b46d3c9?s=96&d=mm&r=g\",\"caption\":\"jbraeker\"},\"url\":\"https:\/\/www.welovecycling.com\/de\/author\/jbraeker\/\"}]}<\/script>\n<!-- \/ Yoast SEO Premium plugin. -->","yoast_head_json":{"title":"Absage EuroEyes Cyclassics Hamburg - \u0160koda We Love Cycling - Deutschland","robots":{"index":"index","follow":"follow","max-snippet":"max-snippet:-1","max-image-preview":"max-image-preview:large","max-video-preview":"max-video-preview:-1"},"canonical":"https:\/\/www.welovecycling.com\/de\/2020\/04\/17\/absage-euroeyes-cyclassics-hamburg\/","og_locale":"de_DE","og_type":"article","og_title":"Absage EuroEyes Cyclassics Hamburg","og_description":"Liebe WeLoveCycling Fans, unsere Bundesregierung hat Gro\u00dfveranstaltungen bis Ende August untersagt. Dies betrifft nun leider auch weitere Radsportveranstaltungen. Neben Eschborn-Frankfurt, [&hellip;]","og_url":"https:\/\/www.welovecycling.com\/de\/2020\/04\/17\/absage-euroeyes-cyclassics-hamburg\/","og_site_name":"\u0160koda We Love Cycling - Deutschland","article_published_time":"2020-04-17T08:13:28+00:00","article_modified_time":"2020-04-24T13:36:47+00:00","og_image":[{"width":1024,"height":683,"url":"https:\/\/d2p6e6u75xmxt8.cloudfront.net\/10\/2019\/09\/skoda-cyclassics-hamburg-2019-oliver-maier-25154057-190825-_M0A1173-1024x683.jpg","type":"image\/jpeg"}],"author":"jbraeker","twitter_card":"summary_large_image","twitter_misc":{"Written by":"WeLoveCycling","Est. reading time":"1 minute"},"schema":{"@context":"https:\/\/schema.org","@graph":[{"@type":"WebPage","@id":"https:\/\/www.welovecycling.com\/de\/2020\/04\/17\/absage-euroeyes-cyclassics-hamburg\/","url":"https:\/\/www.welovecycling.com\/de\/2020\/04\/17\/absage-euroeyes-cyclassics-hamburg\/","name":"Absage EuroEyes Cyclassics Hamburg - \u0160koda We Love Cycling - Deutschland","isPartOf":{"@id":"https:\/\/www.welovecycling.com\/de\/#website"},"primaryImageOfPage":{"@id":"https:\/\/www.welovecycling.com\/de\/2020\/04\/17\/absage-euroeyes-cyclassics-hamburg\/#primaryimage"},"image":{"@id":"https:\/\/www.welovecycling.com\/de\/2020\/04\/17\/absage-euroeyes-cyclassics-hamburg\/#primaryimage"},"thumbnailUrl":"https:\/\/d2p6e6u75xmxt8.cloudfront.net\/10\/2019\/09\/skoda-cyclassics-hamburg-2019-oliver-maier-25154057-190825-_M0A1173.jpg","datePublished":"2020-04-17T08:13:28+00:00","dateModified":"2020-04-24T13:36:47+00:00","author":{"@id":"https:\/\/www.welovecycling.com\/de\/#\/schema\/person\/915694b3c8d0de9019932587781ba6b3"},"breadcrumb":{"@id":"https:\/\/www.welovecycling.com\/de\/2020\/04\/17\/absage-euroeyes-cyclassics-hamburg\/#breadcrumb"},"inLanguage":"de-DE","potentialAction":[{"@type":"ReadAction","target":["https:\/\/www.welovecycling.com\/de\/2020\/04\/17\/absage-euroeyes-cyclassics-hamburg\/"]}]},{"@type":"ImageObject","inLanguage":"de-DE","@id":"https:\/\/www.welovecycling.com\/de\/2020\/04\/17\/absage-euroeyes-cyclassics-hamburg\/#primaryimage","url":"https:\/\/d2p6e6u75xmxt8.cloudfront.net\/10\/2019\/09\/skoda-cyclassics-hamburg-2019-oliver-maier-25154057-190825-_M0A1173.jpg","contentUrl":"https:\/\/d2p6e6u75xmxt8.cloudfront.net\/10\/2019\/09\/skoda-cyclassics-hamburg-2019-oliver-maier-25154057-190825-_M0A1173.jpg","width":4800,"height":3200,"caption":"www.olivermaier.com"},{"@type":"BreadcrumbList","@id":"https:\/\/www.welovecycling.com\/de\/2020\/04\/17\/absage-euroeyes-cyclassics-hamburg\/#breadcrumb","itemListElement":[{"@type":"ListItem","position":1,"name":"Home","item":"https:\/\/www.welovecycling.com\/de\/"},{"@type":"ListItem","position":2,"name":"Absage EuroEyes Cyclassics Hamburg"}]},{"@type":"WebSite","@id":"https:\/\/www.welovecycling.com\/de\/#website","url":"https:\/\/www.welovecycling.com\/de\/","name":"\u0160koda We Love Cycling - Deutschland","description":"Just another \u0160koda WeLoveCycling Sites site","potentialAction":[{"@type":"SearchAction","target":{"@type":"EntryPoint","urlTemplate":"https:\/\/www.welovecycling.com\/de\/?s={search_term_string}"},"query-input":{"@type":"PropertyValueSpecification","valueRequired":true,"valueName":"search_term_string"}}],"inLanguage":"de-DE"},{"@type":"Person","@id":"https:\/\/www.welovecycling.com\/de\/#\/schema\/person\/915694b3c8d0de9019932587781ba6b3","name":"jbraeker","image":{"@type":"ImageObject","inLanguage":"de-DE","@id":"https:\/\/www.welovecycling.com\/de\/#\/schema\/person\/image\/","url":"https:\/\/secure.gravatar.com\/avatar\/8b4aea90e4535aae30b5b720249e5b723ae59fcf3d54757dd8b748d97b46d3c9?s=96&d=mm&r=g","contentUrl":"https:\/\/secure.gravatar.com\/avatar\/8b4aea90e4535aae30b5b720249e5b723ae59fcf3d54757dd8b748d97b46d3c9?s=96&d=mm&r=g","caption":"jbraeker"},"url":"https:\/\/www.welovecycling.com\/de\/author\/jbraeker\/"}]}},"_links":{"self":[{"href":"https:\/\/www.welovecycling.com\/de\/wp-json\/wp\/v2\/posts\/8092","targetHints":{"allow":["GET"]}}],"collection":[{"href":"https:\/\/www.welovecycling.com\/de\/wp-json\/wp\/v2\/posts"}],"about":[{"href":"https:\/\/www.welovecycling.com\/de\/wp-json\/wp\/v2\/types\/post"}],"author":[{"embeddable":true,"href":"https:\/\/www.welovecycling.com\/de\/wp-json\/wp\/v2\/users\/115"}],"replies":[{"embeddable":true,"href":"https:\/\/www.welovecycling.com\/de\/wp-json\/wp\/v2\/comments?post=8092"}],"version-history":[{"count":1,"href":"https:\/\/www.welovecycling.com\/de\/wp-json\/wp\/v2\/posts\/8092\/revisions"}],"predecessor-version":[{"id":8093,"href":"https:\/\/www.welovecycling.com\/de\/wp-json\/wp\/v2\/posts\/8092\/revisions\/8093"}],"wp:featuredmedia":[{"embeddable":true,"href":"https:\/\/www.welovecycling.com\/de\/wp-json\/wp\/v2\/media\/7845"}],"wp:attachment":[{"href":"https:\/\/www.welovecycling.com\/de\/wp-json\/wp\/v2\/media?parent=8092"}],"wp:term":[{"taxonomy":"category","embeddable":true,"href":"https:\/\/www.welovecycling.com\/de\/wp-json\/wp\/v2\/categories?post=8092"},{"taxonomy":"post_tag","embeddable":true,"href":"https:\/\/www.welovecycling.com\/de\/wp-json\/wp\/v2\/tags?post=8092"},{"taxonomy":"global-categories","embeddable":true,"href":"https:\/\/www.welovecycling.com\/de\/wp-json\/wp\/v2\/global-categories?post=8092"}],"curies":[{"name":"wp","href":"https:\/\/api.w.org\/{rel}","templated":true}]}}