{"id":8013,"date":"2020-01-31T14:40:48","date_gmt":"2020-01-31T13:40:48","guid":{"rendered":"https:\/\/www.welovecycling.com\/de\/?p=8013"},"modified":"2020-04-20T14:15:07","modified_gmt":"2020-04-20T13:15:07","slug":"das-skoda-veloteam-2020","status":"publish","type":"post","link":"https:\/\/www.welovecycling.com\/de\/2020\/01\/31\/das-skoda-veloteam-2020\/","title":{"rendered":"DAS \u0160koda VELOTEAM 2020"},"content":{"rendered":"<h2><strong>Die \u0160koda-Jedermann Rennen.<\/strong><\/h2>\n<h3><strong>DEUTSCHLAND IST EINE RADSPORT NATION \u2013 DAS \u0160koda VELOTEAM 2020.<\/strong><\/h3>\n<p><strong>\u0160koda VELOTEAM \u2013 GEMEINSAM DURCH DEUTSCHLAND<\/strong><\/p>\n<p>Mit 5,5 Millionen aktiven Radsportlern und 72 Millionen Fahrr\u00e4dern z\u00e4hlt das Radfahren \u2013 nach wie vor \u2013 zu den beliebtesten Freizeitsportarten der Deutschen. Ob allein, zu zweit oder in der Gruppe, ob Sommer oder Winter \u2013 Radfahren ist (fast) immer und (fast) \u00fcberall m\u00f6glich. F\u00fcr viele ist das Rad deshalb deutlich mehr als nur ein Fortbewegungsmittel. Radfahren entspannt. Radfahren h\u00e4lt fit und verbindet. Radfahren ist eine Lebenseinstellung.<\/p>\n<p>\u0160koda lebt die Leidenschaft f\u00fcr den Radsport. Immerhin war das Fahrrad Ausgangspunkt der erfolgreichen Unternehmenshistorie. Ob Sponsor, Namensgeber oder Mobilit\u00e4tspartner, ob international oder national \u2013 auch 2020 engagiert sich die Marke mit dem gefl\u00fcgelten Pfeil als \u201eMotor des Radsports\u201c.<\/p>\n<p>Ein Highlight: die Jedermann-Rennen des \u0160koda VELOTEAM in ganz Deutschland! Von Mai bis August nimmt das \u0160koda VELOTEAM wieder einige der gr\u00f6\u00dften und erfolgreichsten deutschen Radsportevents unter die Pedale. Der Startschuss f\u00e4llt traditionell am 1. Mai in der Bankenmetropole Frankfurt bei der \u0160koda Velotour.<\/p>\n<p>Im Juni stehen mit dem \u0160koda Velodom K\u00f6ln (14. Juni) und dem neuen Brezel Race im Rahmen der deutschen Stra\u00dfenradmeisterschaften in Stuttgart (21. Juni) gleich zwei Rennen f\u00fcr Jedermann und Jederfrau auf dem Programm. Der August wird hei\u00df, denn dann finden die legend\u00e4ren EuroEyes Cyclassics in Hamburg (16. August) statt, die 25-j\u00e4hriges Jubil\u00e4um feiern. Die Jedermann Tour in N\u00fcrnberg (23. August) bildet 2020 den Abschluss einer hoffentlich sehr abwechslungsreichen und spannenden \u0160koda Radsportsaison.<\/p>\n<p style=\"text-align: center;\">*******************************UPDATE*******************************<\/p>\n<p style=\"text-align: center;\">Die Bundesregierung hat Gro\u00dfveranstaltungen bis Ende August untersagt. Dies betrifft nun leider auch weitere Radsportveranstaltungen. Neben Eschborn-Frankfurt, Rund um K\u00f6ln und dem Brezel Race Stuttgart mussten nun auch die EuroEyes Cyclassics Hamburg am 16. August 2020 abgesagt werden. Wir sind mit allen Veranstaltern im intensiven Austausch und pr\u00fcfen inwieweit Ersatztermine im Herbst gefunden werden k\u00f6nnen. Wir halten Euch auf unserer welovecycling.de Seite \u00fcber aktuelle Entwicklungen auf dem Laufenden.<\/p>\n<p style=\"text-align: center;\">***********************************************************************<\/p>\n<p>Jedes \u0160koda Veloteam, das bei einem der Rennen an den Start geht, bekommt ein Startpaket mit dem \u0160koda Veloteam-Trikot und Zugang zum exklusiven \u0160koda VIP-Bereich. Die \u0160koda Jederm\u00e4nner und Jederfrauen profitieren zudem von professioneller Rennbetreuung, Mechanikerservice und Massage \u2013 echtes Profi-Feeling!<\/p>\n<p>Auf der Strecke ist \u0160koda aber nicht nur auf zwei R\u00e4dern unterwegs. Je nach Veranstaltungsgr\u00f6\u00dfe unterst\u00fctzt die Marke mit dem gefl\u00fcgelten Pfeil die Organisatoren mit einer Flotte von bis zu 50 Fahrzeugen und einer Vielzahl an Aktivierungs- und Branding-Ma\u00dfnahmen in den Start- und Zielorten. Neben dem neuen \u0160koda OCTAVIA COMBI und dem ersten Hybridmodell SUPERB COMBI iV sind auch die SUV-Modelle KAROQ und KODIAQ sowie der SCALA im Renntross zu finden.<\/p>\n<p>&nbsp;<\/p>\n<div style=\"width: 1920px;\" class=\"wp-video\"><!--[if lt IE 9]><script>document.createElement('video');<\/script><![endif]-->\n<video class=\"wp-video-shortcode\" id=\"video-8013-1\" width=\"1920\" height=\"1080\" preload=\"metadata\" controls=\"controls\"><source type=\"video\/mp4\" src=\"https:\/\/d2p6e6u75xmxt8.cloudfront.net\/10\/2020\/01\/200227_Skoda_Cyclassics_Portait_Online_v08_TP.mp4.mp4?_=1\" \/><a href=\"https:\/\/d2p6e6u75xmxt8.cloudfront.net\/10\/2020\/01\/200227_Skoda_Cyclassics_Portait_Online_v08_TP.mp4.mp4\">https:\/\/d2p6e6u75xmxt8.cloudfront.net\/10\/2020\/01\/200227_Skoda_Cyclassics_Portait_Online_v08_TP.mp4.mp4<\/a><\/video><\/div>\n<p>&nbsp;<\/p>\n<p>&nbsp;<\/p>\n<p>&nbsp;<\/p>\n<p>&nbsp;<\/p>\n","protected":false},"excerpt":{"rendered":"<p>Die \u0160koda-Jedermann Rennen. DEUTSCHLAND IST EINE RADSPORT NATION \u2013 DAS \u0160koda VELOTEAM 2020. \u0160koda VELOTEAM \u2013 GEMEINSAM DURCH DEUTSCHLAND Mit [&hellip;]<\/p>\n","protected":false},"author":115,"featured_media":8052,"comment_status":"open","ping_status":"open","sticky":false,"template":"","format":"standard","meta":{"footnotes":""},"categories":[1],"tags":[],"global-categories":[19],"class_list":["post-8013","post","type-post","status-publish","format-standard","has-post-thumbnail","hentry","category-allgemein","global-categories-cycling"],"yoast_head":"<!-- This site is optimized with the Yoast SEO Premium plugin v25.3 (Yoast SEO v25.9) - https:\/\/yoast.com\/wordpress\/plugins\/seo\/ -->\n<title>DAS \u0160koda VELOTEAM 2020 - \u0160koda We Love Cycling - Deutschland<\/title>\n<meta name=\"robots\" content=\"index, follow, max-snippet:-1, max-image-preview:large, max-video-preview:-1\" \/>\n<link rel=\"canonical\" href=\"https:\/\/www.welovecycling.com\/de\/2020\/01\/31\/das-skoda-veloteam-2020\/\" \/>\n<meta property=\"og:locale\" content=\"de_DE\" \/>\n<meta property=\"og:type\" content=\"article\" \/>\n<meta property=\"og:title\" content=\"DAS \u0160koda VELOTEAM 2020\" \/>\n<meta property=\"og:description\" content=\"Die \u0160koda-Jedermann Rennen. DEUTSCHLAND IST EINE RADSPORT NATION \u2013 DAS \u0160koda VELOTEAM 2020. \u0160koda VELOTEAM \u2013 GEMEINSAM DURCH DEUTSCHLAND Mit [&hellip;]\" \/>\n<meta property=\"og:url\" content=\"https:\/\/www.welovecycling.com\/de\/2020\/01\/31\/das-skoda-veloteam-2020\/\" \/>\n<meta property=\"og:site_name\" content=\"\u0160koda We Love Cycling - Deutschland\" \/>\n<meta property=\"article:published_time\" content=\"2020-01-31T13:40:48+00:00\" \/>\n<meta property=\"article:modified_time\" content=\"2020-04-20T13:15:07+00:00\" \/>\n<meta property=\"og:image\" content=\"https:\/\/d2p6e6u75xmxt8.cloudfront.net\/10\/2020\/01\/882x462_header.jpg\" \/>\n\t<meta property=\"og:image:width\" content=\"882\" \/>\n\t<meta property=\"og:image:height\" content=\"462\" \/>\n\t<meta property=\"og:image:type\" content=\"image\/jpeg\" \/>\n<meta name=\"author\" content=\"jbraeker\" \/>\n<meta name=\"twitter:card\" content=\"summary_large_image\" \/>\n<meta name=\"twitter:label1\" content=\"Written by\" \/>\n\t<meta name=\"twitter:data1\" content=\"WeLoveCycling\" \/>\n\t<meta name=\"twitter:label2\" content=\"Est. reading time\" \/>\n\t<meta name=\"twitter:data2\" content=\"2 minutes\" \/>\n<script type=\"application\/ld+json\" class=\"yoast-schema-graph\">{\"@context\":\"https:\/\/schema.org\",\"@graph\":[{\"@type\":\"WebPage\",\"@id\":\"https:\/\/www.welovecycling.com\/de\/2020\/01\/31\/das-skoda-veloteam-2020\/\",\"url\":\"https:\/\/www.welovecycling.com\/de\/2020\/01\/31\/das-skoda-veloteam-2020\/\",\"name\":\"DAS \u0160koda VELOTEAM 2020 - \u0160koda We Love Cycling - Deutschland\",\"isPartOf\":{\"@id\":\"https:\/\/www.welovecycling.com\/de\/#website\"},\"primaryImageOfPage\":{\"@id\":\"https:\/\/www.welovecycling.com\/de\/2020\/01\/31\/das-skoda-veloteam-2020\/#primaryimage\"},\"image\":{\"@id\":\"https:\/\/www.welovecycling.com\/de\/2020\/01\/31\/das-skoda-veloteam-2020\/#primaryimage\"},\"thumbnailUrl\":\"https:\/\/d2p6e6u75xmxt8.cloudfront.net\/10\/2020\/01\/882x462_header.jpg\",\"datePublished\":\"2020-01-31T13:40:48+00:00\",\"dateModified\":\"2020-04-20T13:15:07+00:00\",\"author\":{\"@id\":\"https:\/\/www.welovecycling.com\/de\/#\/schema\/person\/915694b3c8d0de9019932587781ba6b3\"},\"breadcrumb\":{\"@id\":\"https:\/\/www.welovecycling.com\/de\/2020\/01\/31\/das-skoda-veloteam-2020\/#breadcrumb\"},\"inLanguage\":\"de-DE\",\"potentialAction\":[{\"@type\":\"ReadAction\",\"target\":[\"https:\/\/www.welovecycling.com\/de\/2020\/01\/31\/das-skoda-veloteam-2020\/\"]}]},{\"@type\":\"ImageObject\",\"inLanguage\":\"de-DE\",\"@id\":\"https:\/\/www.welovecycling.com\/de\/2020\/01\/31\/das-skoda-veloteam-2020\/#primaryimage\",\"url\":\"https:\/\/d2p6e6u75xmxt8.cloudfront.net\/10\/2020\/01\/882x462_header.jpg\",\"contentUrl\":\"https:\/\/d2p6e6u75xmxt8.cloudfront.net\/10\/2020\/01\/882x462_header.jpg\",\"width\":882,\"height\":462},{\"@type\":\"BreadcrumbList\",\"@id\":\"https:\/\/www.welovecycling.com\/de\/2020\/01\/31\/das-skoda-veloteam-2020\/#breadcrumb\",\"itemListElement\":[{\"@type\":\"ListItem\",\"position\":1,\"name\":\"Home\",\"item\":\"https:\/\/www.welovecycling.com\/de\/\"},{\"@type\":\"ListItem\",\"position\":2,\"name\":\"DAS \u0160koda VELOTEAM 2020\"}]},{\"@type\":\"WebSite\",\"@id\":\"https:\/\/www.welovecycling.com\/de\/#website\",\"url\":\"https:\/\/www.welovecycling.com\/de\/\",\"name\":\"\u0160koda We Love Cycling - Deutschland\",\"description\":\"Just another \u0160koda WeLoveCycling Sites site\",\"potentialAction\":[{\"@type\":\"SearchAction\",\"target\":{\"@type\":\"EntryPoint\",\"urlTemplate\":\"https:\/\/www.welovecycling.com\/de\/?s={search_term_string}\"},\"query-input\":{\"@type\":\"PropertyValueSpecification\",\"valueRequired\":true,\"valueName\":\"search_term_string\"}}],\"inLanguage\":\"de-DE\"},{\"@type\":\"Person\",\"@id\":\"https:\/\/www.welovecycling.com\/de\/#\/schema\/person\/915694b3c8d0de9019932587781ba6b3\",\"name\":\"jbraeker\",\"image\":{\"@type\":\"ImageObject\",\"inLanguage\":\"de-DE\",\"@id\":\"https:\/\/www.welovecycling.com\/de\/#\/schema\/person\/image\/\",\"url\":\"https:\/\/secure.gravatar.com\/avatar\/8b4aea90e4535aae30b5b720249e5b723ae59fcf3d54757dd8b748d97b46d3c9?s=96&d=mm&r=g\",\"contentUrl\":\"https:\/\/secure.gravatar.com\/avatar\/8b4aea90e4535aae30b5b720249e5b723ae59fcf3d54757dd8b748d97b46d3c9?s=96&d=mm&r=g\",\"caption\":\"jbraeker\"},\"url\":\"https:\/\/www.welovecycling.com\/de\/author\/jbraeker\/\"}]}<\/script>\n<!-- \/ Yoast SEO Premium plugin. -->","yoast_head_json":{"title":"DAS \u0160koda VELOTEAM 2020 - \u0160koda We Love Cycling - Deutschland","robots":{"index":"index","follow":"follow","max-snippet":"max-snippet:-1","max-image-preview":"max-image-preview:large","max-video-preview":"max-video-preview:-1"},"canonical":"https:\/\/www.welovecycling.com\/de\/2020\/01\/31\/das-skoda-veloteam-2020\/","og_locale":"de_DE","og_type":"article","og_title":"DAS \u0160koda VELOTEAM 2020","og_description":"Die \u0160koda-Jedermann Rennen. DEUTSCHLAND IST EINE RADSPORT NATION \u2013 DAS \u0160koda VELOTEAM 2020. \u0160koda VELOTEAM \u2013 GEMEINSAM DURCH DEUTSCHLAND Mit [&hellip;]","og_url":"https:\/\/www.welovecycling.com\/de\/2020\/01\/31\/das-skoda-veloteam-2020\/","og_site_name":"\u0160koda We Love Cycling - Deutschland","article_published_time":"2020-01-31T13:40:48+00:00","article_modified_time":"2020-04-20T13:15:07+00:00","og_image":[{"width":882,"height":462,"url":"https:\/\/d2p6e6u75xmxt8.cloudfront.net\/10\/2020\/01\/882x462_header.jpg","type":"image\/jpeg"}],"author":"jbraeker","twitter_card":"summary_large_image","twitter_misc":{"Written by":"WeLoveCycling","Est. reading time":"2 minutes"},"schema":{"@context":"https:\/\/schema.org","@graph":[{"@type":"WebPage","@id":"https:\/\/www.welovecycling.com\/de\/2020\/01\/31\/das-skoda-veloteam-2020\/","url":"https:\/\/www.welovecycling.com\/de\/2020\/01\/31\/das-skoda-veloteam-2020\/","name":"DAS \u0160koda VELOTEAM 2020 - \u0160koda We Love Cycling - Deutschland","isPartOf":{"@id":"https:\/\/www.welovecycling.com\/de\/#website"},"primaryImageOfPage":{"@id":"https:\/\/www.welovecycling.com\/de\/2020\/01\/31\/das-skoda-veloteam-2020\/#primaryimage"},"image":{"@id":"https:\/\/www.welovecycling.com\/de\/2020\/01\/31\/das-skoda-veloteam-2020\/#primaryimage"},"thumbnailUrl":"https:\/\/d2p6e6u75xmxt8.cloudfront.net\/10\/2020\/01\/882x462_header.jpg","datePublished":"2020-01-31T13:40:48+00:00","dateModified":"2020-04-20T13:15:07+00:00","author":{"@id":"https:\/\/www.welovecycling.com\/de\/#\/schema\/person\/915694b3c8d0de9019932587781ba6b3"},"breadcrumb":{"@id":"https:\/\/www.welovecycling.com\/de\/2020\/01\/31\/das-skoda-veloteam-2020\/#breadcrumb"},"inLanguage":"de-DE","potentialAction":[{"@type":"ReadAction","target":["https:\/\/www.welovecycling.com\/de\/2020\/01\/31\/das-skoda-veloteam-2020\/"]}]},{"@type":"ImageObject","inLanguage":"de-DE","@id":"https:\/\/www.welovecycling.com\/de\/2020\/01\/31\/das-skoda-veloteam-2020\/#primaryimage","url":"https:\/\/d2p6e6u75xmxt8.cloudfront.net\/10\/2020\/01\/882x462_header.jpg","contentUrl":"https:\/\/d2p6e6u75xmxt8.cloudfront.net\/10\/2020\/01\/882x462_header.jpg","width":882,"height":462},{"@type":"BreadcrumbList","@id":"https:\/\/www.welovecycling.com\/de\/2020\/01\/31\/das-skoda-veloteam-2020\/#breadcrumb","itemListElement":[{"@type":"ListItem","position":1,"name":"Home","item":"https:\/\/www.welovecycling.com\/de\/"},{"@type":"ListItem","position":2,"name":"DAS \u0160koda VELOTEAM 2020"}]},{"@type":"WebSite","@id":"https:\/\/www.welovecycling.com\/de\/#website","url":"https:\/\/www.welovecycling.com\/de\/","name":"\u0160koda We Love Cycling - Deutschland","description":"Just another \u0160koda WeLoveCycling Sites site","potentialAction":[{"@type":"SearchAction","target":{"@type":"EntryPoint","urlTemplate":"https:\/\/www.welovecycling.com\/de\/?s={search_term_string}"},"query-input":{"@type":"PropertyValueSpecification","valueRequired":true,"valueName":"search_term_string"}}],"inLanguage":"de-DE"},{"@type":"Person","@id":"https:\/\/www.welovecycling.com\/de\/#\/schema\/person\/915694b3c8d0de9019932587781ba6b3","name":"jbraeker","image":{"@type":"ImageObject","inLanguage":"de-DE","@id":"https:\/\/www.welovecycling.com\/de\/#\/schema\/person\/image\/","url":"https:\/\/secure.gravatar.com\/avatar\/8b4aea90e4535aae30b5b720249e5b723ae59fcf3d54757dd8b748d97b46d3c9?s=96&d=mm&r=g","contentUrl":"https:\/\/secure.gravatar.com\/avatar\/8b4aea90e4535aae30b5b720249e5b723ae59fcf3d54757dd8b748d97b46d3c9?s=96&d=mm&r=g","caption":"jbraeker"},"url":"https:\/\/www.welovecycling.com\/de\/author\/jbraeker\/"}]}},"_links":{"self":[{"href":"https:\/\/www.welovecycling.com\/de\/wp-json\/wp\/v2\/posts\/8013","targetHints":{"allow":["GET"]}}],"collection":[{"href":"https:\/\/www.welovecycling.com\/de\/wp-json\/wp\/v2\/posts"}],"about":[{"href":"https:\/\/www.welovecycling.com\/de\/wp-json\/wp\/v2\/types\/post"}],"author":[{"embeddable":true,"href":"https:\/\/www.welovecycling.com\/de\/wp-json\/wp\/v2\/users\/115"}],"replies":[{"embeddable":true,"href":"https:\/\/www.welovecycling.com\/de\/wp-json\/wp\/v2\/comments?post=8013"}],"version-history":[{"count":2,"href":"https:\/\/www.welovecycling.com\/de\/wp-json\/wp\/v2\/posts\/8013\/revisions"}],"predecessor-version":[{"id":8101,"href":"https:\/\/www.welovecycling.com\/de\/wp-json\/wp\/v2\/posts\/8013\/revisions\/8101"}],"wp:featuredmedia":[{"embeddable":true,"href":"https:\/\/www.welovecycling.com\/de\/wp-json\/wp\/v2\/media\/8052"}],"wp:attachment":[{"href":"https:\/\/www.welovecycling.com\/de\/wp-json\/wp\/v2\/media?parent=8013"}],"wp:term":[{"taxonomy":"category","embeddable":true,"href":"https:\/\/www.welovecycling.com\/de\/wp-json\/wp\/v2\/categories?post=8013"},{"taxonomy":"post_tag","embeddable":true,"href":"https:\/\/www.welovecycling.com\/de\/wp-json\/wp\/v2\/tags?post=8013"},{"taxonomy":"global-categories","embeddable":true,"href":"https:\/\/www.welovecycling.com\/de\/wp-json\/wp\/v2\/global-categories?post=8013"}],"curies":[{"name":"wp","href":"https:\/\/api.w.org\/{rel}","templated":true}]}}