{"id":6726,"date":"2018-02-01T17:46:17","date_gmt":"2018-02-01T16:46:17","guid":{"rendered":"https:\/\/www.welovecycling.com\/de\/?p=6726"},"modified":"2018-02-02T11:33:06","modified_gmt":"2018-02-02T10:33:06","slug":"skoda-wenn-deine-beine-sprechen-koennten","status":"publish","type":"post","link":"https:\/\/www.welovecycling.com\/de\/2018\/02\/01\/skoda-wenn-deine-beine-sprechen-koennten\/","title":{"rendered":"\u0160koda: Wenn deine Beine sprechen k\u00f6nnten"},"content":{"rendered":"<p>\u0160koda ist seit 15 Jahren offizieller Partner der Tour de France. Aber nicht nur das: Jeden Tag werden Millionen von Menschen in Ihrer Leidenschaft unterst\u00fctzt &#8211; dem Radfahren.<\/p>\n<lite-youtube videoid=mNqx2f9Pgj0 params=\"enablejsapi=1\" style=\"background-image: url('https:\/\/i.ytimg.com\/vi_webp\/mNqx2f9Pgj0\/maxresdefault.webp');\"><\/lite-youtube>\n<p>&nbsp;<\/p>\n","protected":false},"excerpt":{"rendered":"<p>\u0160koda ist seit 15 Jahren offizieller Partner der Tour de France. Aber nicht nur das: Jeden Tag werden Millionen von [&hellip;]<\/p>\n","protected":false},"author":57,"featured_media":6735,"comment_status":"open","ping_status":"open","sticky":false,"template":"","format":"video","meta":{"footnotes":""},"categories":[1],"tags":[],"global-categories":[],"class_list":["post-6726","post","type-post","status-publish","format-video","has-post-thumbnail","hentry","category-allgemein","post_format-post-format-video"],"yoast_head":"<!-- This site is optimized with the Yoast SEO Premium plugin v25.3 (Yoast SEO v25.9) - https:\/\/yoast.com\/wordpress\/plugins\/seo\/ -->\n<title>\u0160koda: Wenn deine Beine sprechen k\u00f6nnten - \u0160koda We Love Cycling - Deutschland<\/title>\n<meta name=\"robots\" content=\"index, follow, max-snippet:-1, max-image-preview:large, max-video-preview:-1\" \/>\n<link rel=\"canonical\" href=\"https:\/\/www.welovecycling.com\/de\/2018\/02\/01\/skoda-wenn-deine-beine-sprechen-koennten\/\" \/>\n<meta property=\"og:locale\" content=\"de_DE\" \/>\n<meta property=\"og:type\" content=\"article\" \/>\n<meta property=\"og:title\" content=\"\u0160koda: Wenn deine Beine sprechen k\u00f6nnten\" \/>\n<meta property=\"og:description\" content=\"\u0160koda ist seit 15 Jahren offizieller Partner der Tour de France. Aber nicht nur das: Jeden Tag werden Millionen von [&hellip;]\" \/>\n<meta property=\"og:url\" content=\"https:\/\/www.welovecycling.com\/de\/2018\/02\/01\/skoda-wenn-deine-beine-sprechen-koennten\/\" \/>\n<meta property=\"og:site_name\" content=\"\u0160koda We Love Cycling - Deutschland\" \/>\n<meta property=\"article:published_time\" content=\"2018-02-01T16:46:17+00:00\" \/>\n<meta property=\"article:modified_time\" content=\"2018-02-02T10:33:06+00:00\" \/>\n<meta property=\"og:image\" content=\"https:\/\/d2p6e6u75xmxt8.cloudfront.net\/10\/2018\/02\/WLC-Video-TdF.PNG.png\" \/>\n\t<meta property=\"og:image:width\" content=\"1054\" \/>\n\t<meta property=\"og:image:height\" content=\"431\" \/>\n\t<meta property=\"og:image:type\" content=\"image\/png\" \/>\n<meta name=\"twitter:card\" content=\"summary_large_image\" \/>\n<meta name=\"twitter:label1\" content=\"Written by\" \/>\n\t<meta name=\"twitter:data1\" content=\"\" \/>\n<script type=\"application\/ld+json\" class=\"yoast-schema-graph\">{\"@context\":\"https:\/\/schema.org\",\"@graph\":[{\"@type\":\"WebPage\",\"@id\":\"https:\/\/www.welovecycling.com\/de\/2018\/02\/01\/skoda-wenn-deine-beine-sprechen-koennten\/\",\"url\":\"https:\/\/www.welovecycling.com\/de\/2018\/02\/01\/skoda-wenn-deine-beine-sprechen-koennten\/\",\"name\":\"\u0160koda: Wenn deine Beine sprechen k\u00f6nnten - \u0160koda We Love Cycling - Deutschland\",\"isPartOf\":{\"@id\":\"https:\/\/www.welovecycling.com\/de\/#website\"},\"primaryImageOfPage\":{\"@id\":\"https:\/\/www.welovecycling.com\/de\/2018\/02\/01\/skoda-wenn-deine-beine-sprechen-koennten\/#primaryimage\"},\"image\":{\"@id\":\"https:\/\/www.welovecycling.com\/de\/2018\/02\/01\/skoda-wenn-deine-beine-sprechen-koennten\/#primaryimage\"},\"thumbnailUrl\":\"https:\/\/d2p6e6u75xmxt8.cloudfront.net\/10\/2018\/02\/WLC-Video-TdF.PNG.png\",\"datePublished\":\"2018-02-01T16:46:17+00:00\",\"dateModified\":\"2018-02-02T10:33:06+00:00\",\"author\":{\"@id\":\"\"},\"breadcrumb\":{\"@id\":\"https:\/\/www.welovecycling.com\/de\/2018\/02\/01\/skoda-wenn-deine-beine-sprechen-koennten\/#breadcrumb\"},\"inLanguage\":\"de-DE\",\"potentialAction\":[{\"@type\":\"ReadAction\",\"target\":[\"https:\/\/www.welovecycling.com\/de\/2018\/02\/01\/skoda-wenn-deine-beine-sprechen-koennten\/\"]}]},{\"@type\":\"ImageObject\",\"inLanguage\":\"de-DE\",\"@id\":\"https:\/\/www.welovecycling.com\/de\/2018\/02\/01\/skoda-wenn-deine-beine-sprechen-koennten\/#primaryimage\",\"url\":\"https:\/\/d2p6e6u75xmxt8.cloudfront.net\/10\/2018\/02\/WLC-Video-TdF.PNG.png\",\"contentUrl\":\"https:\/\/d2p6e6u75xmxt8.cloudfront.net\/10\/2018\/02\/WLC-Video-TdF.PNG.png\",\"width\":1054,\"height\":431},{\"@type\":\"BreadcrumbList\",\"@id\":\"https:\/\/www.welovecycling.com\/de\/2018\/02\/01\/skoda-wenn-deine-beine-sprechen-koennten\/#breadcrumb\",\"itemListElement\":[{\"@type\":\"ListItem\",\"position\":1,\"name\":\"Home\",\"item\":\"https:\/\/www.welovecycling.com\/de\/\"},{\"@type\":\"ListItem\",\"position\":2,\"name\":\"\u0160koda: Wenn deine Beine sprechen k\u00f6nnten\"}]},{\"@type\":\"WebSite\",\"@id\":\"https:\/\/www.welovecycling.com\/de\/#website\",\"url\":\"https:\/\/www.welovecycling.com\/de\/\",\"name\":\"\u0160koda We Love Cycling - Deutschland\",\"description\":\"Just another \u0160koda WeLoveCycling Sites site\",\"potentialAction\":[{\"@type\":\"SearchAction\",\"target\":{\"@type\":\"EntryPoint\",\"urlTemplate\":\"https:\/\/www.welovecycling.com\/de\/?s={search_term_string}\"},\"query-input\":{\"@type\":\"PropertyValueSpecification\",\"valueRequired\":true,\"valueName\":\"search_term_string\"}}],\"inLanguage\":\"de-DE\"},{\"@type\":\"Person\",\"@id\":\"\",\"url\":\"https:\/\/www.welovecycling.com\/de\/author\/\"}]}<\/script>\n<!-- \/ Yoast SEO Premium plugin. -->","yoast_head_json":{"title":"\u0160koda: Wenn deine Beine sprechen k\u00f6nnten - \u0160koda We Love Cycling - Deutschland","robots":{"index":"index","follow":"follow","max-snippet":"max-snippet:-1","max-image-preview":"max-image-preview:large","max-video-preview":"max-video-preview:-1"},"canonical":"https:\/\/www.welovecycling.com\/de\/2018\/02\/01\/skoda-wenn-deine-beine-sprechen-koennten\/","og_locale":"de_DE","og_type":"article","og_title":"\u0160koda: Wenn deine Beine sprechen k\u00f6nnten","og_description":"\u0160koda ist seit 15 Jahren offizieller Partner der Tour de France. Aber nicht nur das: Jeden Tag werden Millionen von [&hellip;]","og_url":"https:\/\/www.welovecycling.com\/de\/2018\/02\/01\/skoda-wenn-deine-beine-sprechen-koennten\/","og_site_name":"\u0160koda We Love Cycling - Deutschland","article_published_time":"2018-02-01T16:46:17+00:00","article_modified_time":"2018-02-02T10:33:06+00:00","og_image":[{"width":1054,"height":431,"url":"https:\/\/d2p6e6u75xmxt8.cloudfront.net\/10\/2018\/02\/WLC-Video-TdF.PNG.png","type":"image\/png"}],"twitter_card":"summary_large_image","twitter_misc":{"Written by":""},"schema":{"@context":"https:\/\/schema.org","@graph":[{"@type":"WebPage","@id":"https:\/\/www.welovecycling.com\/de\/2018\/02\/01\/skoda-wenn-deine-beine-sprechen-koennten\/","url":"https:\/\/www.welovecycling.com\/de\/2018\/02\/01\/skoda-wenn-deine-beine-sprechen-koennten\/","name":"\u0160koda: Wenn deine Beine sprechen k\u00f6nnten - \u0160koda We Love Cycling - Deutschland","isPartOf":{"@id":"https:\/\/www.welovecycling.com\/de\/#website"},"primaryImageOfPage":{"@id":"https:\/\/www.welovecycling.com\/de\/2018\/02\/01\/skoda-wenn-deine-beine-sprechen-koennten\/#primaryimage"},"image":{"@id":"https:\/\/www.welovecycling.com\/de\/2018\/02\/01\/skoda-wenn-deine-beine-sprechen-koennten\/#primaryimage"},"thumbnailUrl":"https:\/\/d2p6e6u75xmxt8.cloudfront.net\/10\/2018\/02\/WLC-Video-TdF.PNG.png","datePublished":"2018-02-01T16:46:17+00:00","dateModified":"2018-02-02T10:33:06+00:00","author":{"@id":""},"breadcrumb":{"@id":"https:\/\/www.welovecycling.com\/de\/2018\/02\/01\/skoda-wenn-deine-beine-sprechen-koennten\/#breadcrumb"},"inLanguage":"de-DE","potentialAction":[{"@type":"ReadAction","target":["https:\/\/www.welovecycling.com\/de\/2018\/02\/01\/skoda-wenn-deine-beine-sprechen-koennten\/"]}]},{"@type":"ImageObject","inLanguage":"de-DE","@id":"https:\/\/www.welovecycling.com\/de\/2018\/02\/01\/skoda-wenn-deine-beine-sprechen-koennten\/#primaryimage","url":"https:\/\/d2p6e6u75xmxt8.cloudfront.net\/10\/2018\/02\/WLC-Video-TdF.PNG.png","contentUrl":"https:\/\/d2p6e6u75xmxt8.cloudfront.net\/10\/2018\/02\/WLC-Video-TdF.PNG.png","width":1054,"height":431},{"@type":"BreadcrumbList","@id":"https:\/\/www.welovecycling.com\/de\/2018\/02\/01\/skoda-wenn-deine-beine-sprechen-koennten\/#breadcrumb","itemListElement":[{"@type":"ListItem","position":1,"name":"Home","item":"https:\/\/www.welovecycling.com\/de\/"},{"@type":"ListItem","position":2,"name":"\u0160koda: Wenn deine Beine sprechen k\u00f6nnten"}]},{"@type":"WebSite","@id":"https:\/\/www.welovecycling.com\/de\/#website","url":"https:\/\/www.welovecycling.com\/de\/","name":"\u0160koda We Love Cycling - Deutschland","description":"Just another \u0160koda WeLoveCycling Sites site","potentialAction":[{"@type":"SearchAction","target":{"@type":"EntryPoint","urlTemplate":"https:\/\/www.welovecycling.com\/de\/?s={search_term_string}"},"query-input":{"@type":"PropertyValueSpecification","valueRequired":true,"valueName":"search_term_string"}}],"inLanguage":"de-DE"},{"@type":"Person","@id":"","url":"https:\/\/www.welovecycling.com\/de\/author\/"}]}},"_links":{"self":[{"href":"https:\/\/www.welovecycling.com\/de\/wp-json\/wp\/v2\/posts\/6726","targetHints":{"allow":["GET"]}}],"collection":[{"href":"https:\/\/www.welovecycling.com\/de\/wp-json\/wp\/v2\/posts"}],"about":[{"href":"https:\/\/www.welovecycling.com\/de\/wp-json\/wp\/v2\/types\/post"}],"author":[{"embeddable":true,"href":"https:\/\/www.welovecycling.com\/de\/wp-json\/wp\/v2\/users\/57"}],"replies":[{"embeddable":true,"href":"https:\/\/www.welovecycling.com\/de\/wp-json\/wp\/v2\/comments?post=6726"}],"version-history":[{"count":2,"href":"https:\/\/www.welovecycling.com\/de\/wp-json\/wp\/v2\/posts\/6726\/revisions"}],"predecessor-version":[{"id":6736,"href":"https:\/\/www.welovecycling.com\/de\/wp-json\/wp\/v2\/posts\/6726\/revisions\/6736"}],"wp:featuredmedia":[{"embeddable":true,"href":"https:\/\/www.welovecycling.com\/de\/wp-json\/wp\/v2\/media\/6735"}],"wp:attachment":[{"href":"https:\/\/www.welovecycling.com\/de\/wp-json\/wp\/v2\/media?parent=6726"}],"wp:term":[{"taxonomy":"category","embeddable":true,"href":"https:\/\/www.welovecycling.com\/de\/wp-json\/wp\/v2\/categories?post=6726"},{"taxonomy":"post_tag","embeddable":true,"href":"https:\/\/www.welovecycling.com\/de\/wp-json\/wp\/v2\/tags?post=6726"},{"taxonomy":"global-categories","embeddable":true,"href":"https:\/\/www.welovecycling.com\/de\/wp-json\/wp\/v2\/global-categories?post=6726"}],"curies":[{"name":"wp","href":"https:\/\/api.w.org\/{rel}","templated":true}]}}