{"id":5388,"date":"2017-05-12T11:14:42","date_gmt":"2017-05-12T09:14:42","guid":{"rendered":"https:\/\/www.welovecycling.com\/de\/?p=5388"},"modified":"2018-02-08T10:07:55","modified_gmt":"2018-02-08T09:07:55","slug":"skoda-velotour-rund-um-den-finanzplatz-am-1-mai","status":"publish","type":"post","link":"https:\/\/www.welovecycling.com\/de\/2017\/05\/12\/skoda-velotour-rund-um-den-finanzplatz-am-1-mai\/","title":{"rendered":"\u0160koda Velotour &#8211; Rund um den Finanzplatz am 1. Mai"},"content":{"rendered":"<p>Am\u00a0Montag, den 1. Mai, fiel in Eschborn der Startschuss f\u00fcr das erste gro\u00dfe Jedermann-Event des Jahres und unser \u0160koda Veloteam war nat\u00fcrlich mit dabei.<\/p>\n<p>Der Radklassiker \u201eRund um den Finanzplatz Eschborn-Frankfurt\u201c und die \u0160koda Velotour zogen trotz wenig einladendem Wetter mit viel Regen und niedrigen Temperaturen mehr als 5000 Radsportler auf die Strecke und machten somit die Main-Metropole einmal mehr zum Radsport-Mekka. Allein das \u0160koda Veloteam schickte mit \u00fcber 150 Teilnehmern bei den Jederm\u00e4nnern eine beeindruckend gro\u00dfe Gruppe uns Rennen und pr\u00e4sentierte sich somit bestens aufgestellt in der neuen Saison.<\/p>\n<p>W\u00e4hrend f\u00fcr das Weltklasse-Feld im Profirennen um John Degenkolb (Trek-Segafredo), Andr\u00e9 Greipel (LOTTO-Soudal) und Weltmeister Peter Sagan (BORA-Hansgrohe) 215,7 harte Kilometer\u00a0 quer durch den Taunus auf dem Programm standen, hatten die Jederm\u00e4nner die Qual der Wahl, sich f\u00fcr eine von vier m\u00f6glichen Streckenl\u00e4ngen zu entscheiden. Ob 50 Kilometer ohne gro\u00dfe Anstiege, 80 und 110 Kilometer mit etlichen Anstiegen oder gleich 125 Kilometer bei der \u201eVelotour Extrem\u201c mit 1520 H\u00f6henmetern &#8211; jede Strecke bot ihren Reiz.<\/p>\n<p>Bei den Profis siegte der Norweger Alexander Kristoff (Katusha-Alpecin) zum dritten Mal in Folge und bewies eindrucksvoll, dass der Radklassiker am 1.Mai wohl zu seinen absoluten Lieblingsrennen geh\u00f6ren d\u00fcrfte. Komplettiert wurde das Podium von den beiden Deutschen Rick Zabel (Katusha-Alpecin) und John Degenkolb (Trek-Segafredo), die trotz der nasskalten Bedingungen einen \u00fcberaus starken Eindruck hinterlie\u00dfen.<\/p>\n<p>F\u00fcr die Fahrer des \u0160koda Veloteams gab es neben den vier m\u00f6glichen Strecken und unz\u00e4hligen begeisterten Zuschauern am Rande der Strecke auch im \u0160koda VIP-Bereich jede Menge Action. Vor dem Start boten unter anderem ein st\u00e4rkendes Fr\u00fchst\u00fccksbuffet und der \u0160koda Radservice einen geschmeidigen Auftakt in einen aktiven 1.Mai.<\/p>\n<p>Nach dem Rennen stand f\u00fcr alle Teilnehmer zun\u00e4chst vor allem das Aufw\u00e4rmen und das Trocknen ganz oben auf der Wunschliste. Im beheizten \u0160koda-Zelt kehrten bei hei\u00dfem Tee und am leckeren Pasta-Buffet die Kr\u00e4fte schnell zur\u00fcck und einem lebhaften Erfahrungsaustausch zum gemeisterten Rennen stand zum Abschluss dieses sch\u00f6nen Rasport-Tages nichts im Wege.<\/p>\n<p>Wir freuen uns jetzt schon auf das n\u00e4chste Event am 11.6.2017 in K\u00f6ln!<\/p>\n<div id='gallery-1' class='gallery galleryid-5388 gallery-columns-4 gallery-size-medium'><figure class='gallery-item'>\n\t\t\t<div class='gallery-icon landscape'>\n\t\t\t\t<a href='https:\/\/d2p6e6u75xmxt8.cloudfront.net\/10\/2017\/05\/skoda_frankfurt_2017_2037.jpg'><img loading=\"lazy\" decoding=\"async\" width=\"300\" height=\"200\" src=\"https:\/\/d2p6e6u75xmxt8.cloudfront.net\/10\/2017\/05\/skoda_frankfurt_2017_2037-640x427.jpg\" class=\"attachment-medium size-medium\" alt=\"\" srcset=\"https:\/\/d2p6e6u75xmxt8.cloudfront.net\/10\/2017\/05\/skoda_frankfurt_2017_2037-640x427.jpg 640w, https:\/\/d2p6e6u75xmxt8.cloudfront.net\/10\/2017\/05\/skoda_frankfurt_2017_2037-768x512.jpg 768w, https:\/\/d2p6e6u75xmxt8.cloudfront.net\/10\/2017\/05\/skoda_frankfurt_2017_2037-1280x853.jpg 1280w, https:\/\/d2p6e6u75xmxt8.cloudfront.net\/10\/2017\/05\/skoda_frankfurt_2017_2037-160x107.jpg 160w\" sizes=\"auto, (max-width: 300px) 100vw, 300px\" \/><\/a>\n\t\t\t<\/div><\/figure><figure class='gallery-item'>\n\t\t\t<div class='gallery-icon landscape'>\n\t\t\t\t<a href='https:\/\/d2p6e6u75xmxt8.cloudfront.net\/10\/2017\/05\/skoda_frankfurt_2017_1979.jpg'><img loading=\"lazy\" decoding=\"async\" width=\"300\" height=\"200\" src=\"https:\/\/d2p6e6u75xmxt8.cloudfront.net\/10\/2017\/05\/skoda_frankfurt_2017_1979-640x427.jpg\" class=\"attachment-medium size-medium\" alt=\"\" srcset=\"https:\/\/d2p6e6u75xmxt8.cloudfront.net\/10\/2017\/05\/skoda_frankfurt_2017_1979-640x427.jpg 640w, https:\/\/d2p6e6u75xmxt8.cloudfront.net\/10\/2017\/05\/skoda_frankfurt_2017_1979-768x512.jpg 768w, https:\/\/d2p6e6u75xmxt8.cloudfront.net\/10\/2017\/05\/skoda_frankfurt_2017_1979-1280x853.jpg 1280w, https:\/\/d2p6e6u75xmxt8.cloudfront.net\/10\/2017\/05\/skoda_frankfurt_2017_1979-160x107.jpg 160w\" sizes=\"auto, (max-width: 300px) 100vw, 300px\" \/><\/a>\n\t\t\t<\/div><\/figure><figure class='gallery-item'>\n\t\t\t<div class='gallery-icon landscape'>\n\t\t\t\t<a href='https:\/\/d2p6e6u75xmxt8.cloudfront.net\/10\/2017\/05\/skoda_frankfurt_2017_1567.jpg'><img loading=\"lazy\" decoding=\"async\" width=\"300\" height=\"200\" src=\"https:\/\/d2p6e6u75xmxt8.cloudfront.net\/10\/2017\/05\/skoda_frankfurt_2017_1567-640x427.jpg\" class=\"attachment-medium size-medium\" alt=\"\" srcset=\"https:\/\/d2p6e6u75xmxt8.cloudfront.net\/10\/2017\/05\/skoda_frankfurt_2017_1567-640x427.jpg 640w, https:\/\/d2p6e6u75xmxt8.cloudfront.net\/10\/2017\/05\/skoda_frankfurt_2017_1567-768x512.jpg 768w, https:\/\/d2p6e6u75xmxt8.cloudfront.net\/10\/2017\/05\/skoda_frankfurt_2017_1567-1280x853.jpg 1280w, https:\/\/d2p6e6u75xmxt8.cloudfront.net\/10\/2017\/05\/skoda_frankfurt_2017_1567-160x107.jpg 160w\" sizes=\"auto, (max-width: 300px) 100vw, 300px\" \/><\/a>\n\t\t\t<\/div><\/figure><figure class='gallery-item'>\n\t\t\t<div class='gallery-icon landscape'>\n\t\t\t\t<a href='https:\/\/d2p6e6u75xmxt8.cloudfront.net\/10\/2017\/05\/skoda_frankfurt_2017_1882.jpg'><img loading=\"lazy\" decoding=\"async\" width=\"300\" height=\"200\" src=\"https:\/\/d2p6e6u75xmxt8.cloudfront.net\/10\/2017\/05\/skoda_frankfurt_2017_1882-640x427.jpg\" class=\"attachment-medium size-medium\" alt=\"\" srcset=\"https:\/\/d2p6e6u75xmxt8.cloudfront.net\/10\/2017\/05\/skoda_frankfurt_2017_1882-640x427.jpg 640w, https:\/\/d2p6e6u75xmxt8.cloudfront.net\/10\/2017\/05\/skoda_frankfurt_2017_1882-768x512.jpg 768w, https:\/\/d2p6e6u75xmxt8.cloudfront.net\/10\/2017\/05\/skoda_frankfurt_2017_1882-1280x853.jpg 1280w, https:\/\/d2p6e6u75xmxt8.cloudfront.net\/10\/2017\/05\/skoda_frankfurt_2017_1882-160x107.jpg 160w\" sizes=\"auto, (max-width: 300px) 100vw, 300px\" \/><\/a>\n\t\t\t<\/div><\/figure><figure class='gallery-item'>\n\t\t\t<div class='gallery-icon landscape'>\n\t\t\t\t<a href='https:\/\/d2p6e6u75xmxt8.cloudfront.net\/10\/2017\/05\/skoda_frankfurt_2017_1876.jpg'><img loading=\"lazy\" decoding=\"async\" width=\"300\" height=\"200\" src=\"https:\/\/d2p6e6u75xmxt8.cloudfront.net\/10\/2017\/05\/skoda_frankfurt_2017_1876-640x427.jpg\" class=\"attachment-medium size-medium\" alt=\"\" srcset=\"https:\/\/d2p6e6u75xmxt8.cloudfront.net\/10\/2017\/05\/skoda_frankfurt_2017_1876-640x427.jpg 640w, https:\/\/d2p6e6u75xmxt8.cloudfront.net\/10\/2017\/05\/skoda_frankfurt_2017_1876-768x512.jpg 768w, https:\/\/d2p6e6u75xmxt8.cloudfront.net\/10\/2017\/05\/skoda_frankfurt_2017_1876-1280x853.jpg 1280w, https:\/\/d2p6e6u75xmxt8.cloudfront.net\/10\/2017\/05\/skoda_frankfurt_2017_1876-160x107.jpg 160w\" sizes=\"auto, (max-width: 300px) 100vw, 300px\" \/><\/a>\n\t\t\t<\/div><\/figure><figure class='gallery-item'>\n\t\t\t<div class='gallery-icon landscape'>\n\t\t\t\t<a href='https:\/\/d2p6e6u75xmxt8.cloudfront.net\/10\/2017\/05\/skoda_frankfurt_2017_1833.jpg'><img loading=\"lazy\" decoding=\"async\" width=\"300\" height=\"200\" src=\"https:\/\/d2p6e6u75xmxt8.cloudfront.net\/10\/2017\/05\/skoda_frankfurt_2017_1833-640x427.jpg\" class=\"attachment-medium size-medium\" alt=\"\" srcset=\"https:\/\/d2p6e6u75xmxt8.cloudfront.net\/10\/2017\/05\/skoda_frankfurt_2017_1833-640x427.jpg 640w, https:\/\/d2p6e6u75xmxt8.cloudfront.net\/10\/2017\/05\/skoda_frankfurt_2017_1833-768x512.jpg 768w, https:\/\/d2p6e6u75xmxt8.cloudfront.net\/10\/2017\/05\/skoda_frankfurt_2017_1833-1280x853.jpg 1280w, https:\/\/d2p6e6u75xmxt8.cloudfront.net\/10\/2017\/05\/skoda_frankfurt_2017_1833-160x107.jpg 160w\" sizes=\"auto, (max-width: 300px) 100vw, 300px\" \/><\/a>\n\t\t\t<\/div><\/figure><figure class='gallery-item'>\n\t\t\t<div class='gallery-icon landscape'>\n\t\t\t\t<a href='https:\/\/d2p6e6u75xmxt8.cloudfront.net\/10\/2017\/05\/skoda_frankfurt_2017_1770.jpg'><img loading=\"lazy\" decoding=\"async\" width=\"300\" height=\"200\" src=\"https:\/\/d2p6e6u75xmxt8.cloudfront.net\/10\/2017\/05\/skoda_frankfurt_2017_1770-640x427.jpg\" class=\"attachment-medium size-medium\" alt=\"\" srcset=\"https:\/\/d2p6e6u75xmxt8.cloudfront.net\/10\/2017\/05\/skoda_frankfurt_2017_1770-640x427.jpg 640w, https:\/\/d2p6e6u75xmxt8.cloudfront.net\/10\/2017\/05\/skoda_frankfurt_2017_1770-768x512.jpg 768w, https:\/\/d2p6e6u75xmxt8.cloudfront.net\/10\/2017\/05\/skoda_frankfurt_2017_1770-1280x853.jpg 1280w, https:\/\/d2p6e6u75xmxt8.cloudfront.net\/10\/2017\/05\/skoda_frankfurt_2017_1770-160x107.jpg 160w\" sizes=\"auto, (max-width: 300px) 100vw, 300px\" \/><\/a>\n\t\t\t<\/div><\/figure><figure class='gallery-item'>\n\t\t\t<div class='gallery-icon landscape'>\n\t\t\t\t<a href='https:\/\/d2p6e6u75xmxt8.cloudfront.net\/10\/2017\/05\/skoda_frankfurt_2017_1738.jpg'><img loading=\"lazy\" decoding=\"async\" width=\"300\" height=\"200\" src=\"https:\/\/d2p6e6u75xmxt8.cloudfront.net\/10\/2017\/05\/skoda_frankfurt_2017_1738-640x427.jpg\" class=\"attachment-medium size-medium\" alt=\"\" srcset=\"https:\/\/d2p6e6u75xmxt8.cloudfront.net\/10\/2017\/05\/skoda_frankfurt_2017_1738-640x427.jpg 640w, https:\/\/d2p6e6u75xmxt8.cloudfront.net\/10\/2017\/05\/skoda_frankfurt_2017_1738-768x512.jpg 768w, https:\/\/d2p6e6u75xmxt8.cloudfront.net\/10\/2017\/05\/skoda_frankfurt_2017_1738-1280x853.jpg 1280w, https:\/\/d2p6e6u75xmxt8.cloudfront.net\/10\/2017\/05\/skoda_frankfurt_2017_1738-160x107.jpg 160w\" sizes=\"auto, (max-width: 300px) 100vw, 300px\" \/><\/a>\n\t\t\t<\/div><\/figure><figure class='gallery-item'>\n\t\t\t<div class='gallery-icon landscape'>\n\t\t\t\t<a href='https:\/\/d2p6e6u75xmxt8.cloudfront.net\/10\/2017\/05\/skoda_frankfurt_2017_1732.jpg'><img loading=\"lazy\" decoding=\"async\" width=\"300\" height=\"200\" src=\"https:\/\/d2p6e6u75xmxt8.cloudfront.net\/10\/2017\/05\/skoda_frankfurt_2017_1732-640x427.jpg\" class=\"attachment-medium size-medium\" alt=\"\" srcset=\"https:\/\/d2p6e6u75xmxt8.cloudfront.net\/10\/2017\/05\/skoda_frankfurt_2017_1732-640x427.jpg 640w, https:\/\/d2p6e6u75xmxt8.cloudfront.net\/10\/2017\/05\/skoda_frankfurt_2017_1732-768x512.jpg 768w, https:\/\/d2p6e6u75xmxt8.cloudfront.net\/10\/2017\/05\/skoda_frankfurt_2017_1732-1280x853.jpg 1280w, https:\/\/d2p6e6u75xmxt8.cloudfront.net\/10\/2017\/05\/skoda_frankfurt_2017_1732-160x107.jpg 160w\" sizes=\"auto, (max-width: 300px) 100vw, 300px\" \/><\/a>\n\t\t\t<\/div><\/figure><figure class='gallery-item'>\n\t\t\t<div class='gallery-icon landscape'>\n\t\t\t\t<a href='https:\/\/d2p6e6u75xmxt8.cloudfront.net\/10\/2017\/05\/skoda_frankfurt_2017_1729.jpg'><img loading=\"lazy\" decoding=\"async\" width=\"300\" height=\"200\" src=\"https:\/\/d2p6e6u75xmxt8.cloudfront.net\/10\/2017\/05\/skoda_frankfurt_2017_1729-640x427.jpg\" class=\"attachment-medium size-medium\" alt=\"\" srcset=\"https:\/\/d2p6e6u75xmxt8.cloudfront.net\/10\/2017\/05\/skoda_frankfurt_2017_1729-640x427.jpg 640w, https:\/\/d2p6e6u75xmxt8.cloudfront.net\/10\/2017\/05\/skoda_frankfurt_2017_1729-768x512.jpg 768w, https:\/\/d2p6e6u75xmxt8.cloudfront.net\/10\/2017\/05\/skoda_frankfurt_2017_1729-1280x853.jpg 1280w, https:\/\/d2p6e6u75xmxt8.cloudfront.net\/10\/2017\/05\/skoda_frankfurt_2017_1729-160x107.jpg 160w\" sizes=\"auto, (max-width: 300px) 100vw, 300px\" \/><\/a>\n\t\t\t<\/div><\/figure><figure class='gallery-item'>\n\t\t\t<div class='gallery-icon landscape'>\n\t\t\t\t<a href='https:\/\/d2p6e6u75xmxt8.cloudfront.net\/10\/2017\/05\/skoda_frankfurt_2017_1609.jpg'><img loading=\"lazy\" decoding=\"async\" width=\"300\" height=\"200\" src=\"https:\/\/d2p6e6u75xmxt8.cloudfront.net\/10\/2017\/05\/skoda_frankfurt_2017_1609-640x427.jpg\" class=\"attachment-medium size-medium\" alt=\"\" srcset=\"https:\/\/d2p6e6u75xmxt8.cloudfront.net\/10\/2017\/05\/skoda_frankfurt_2017_1609-640x427.jpg 640w, https:\/\/d2p6e6u75xmxt8.cloudfront.net\/10\/2017\/05\/skoda_frankfurt_2017_1609-768x512.jpg 768w, https:\/\/d2p6e6u75xmxt8.cloudfront.net\/10\/2017\/05\/skoda_frankfurt_2017_1609-1280x853.jpg 1280w, https:\/\/d2p6e6u75xmxt8.cloudfront.net\/10\/2017\/05\/skoda_frankfurt_2017_1609-160x107.jpg 160w\" sizes=\"auto, (max-width: 300px) 100vw, 300px\" \/><\/a>\n\t\t\t<\/div><\/figure><figure class='gallery-item'>\n\t\t\t<div class='gallery-icon landscape'>\n\t\t\t\t<a href='https:\/\/d2p6e6u75xmxt8.cloudfront.net\/10\/2017\/05\/skoda_frankfurt_2017_1594.jpg'><img loading=\"lazy\" decoding=\"async\" width=\"300\" height=\"200\" src=\"https:\/\/d2p6e6u75xmxt8.cloudfront.net\/10\/2017\/05\/skoda_frankfurt_2017_1594-640x427.jpg\" class=\"attachment-medium size-medium\" alt=\"\" srcset=\"https:\/\/d2p6e6u75xmxt8.cloudfront.net\/10\/2017\/05\/skoda_frankfurt_2017_1594-640x427.jpg 640w, https:\/\/d2p6e6u75xmxt8.cloudfront.net\/10\/2017\/05\/skoda_frankfurt_2017_1594-768x512.jpg 768w, https:\/\/d2p6e6u75xmxt8.cloudfront.net\/10\/2017\/05\/skoda_frankfurt_2017_1594-1280x854.jpg 1280w, https:\/\/d2p6e6u75xmxt8.cloudfront.net\/10\/2017\/05\/skoda_frankfurt_2017_1594-160x107.jpg 160w\" sizes=\"auto, (max-width: 300px) 100vw, 300px\" \/><\/a>\n\t\t\t<\/div><\/figure><figure class='gallery-item'>\n\t\t\t<div class='gallery-icon landscape'>\n\t\t\t\t<a href='https:\/\/d2p6e6u75xmxt8.cloudfront.net\/10\/2017\/05\/skoda_frankfurt_2017_1572.jpg'><img loading=\"lazy\" decoding=\"async\" width=\"300\" height=\"200\" src=\"https:\/\/d2p6e6u75xmxt8.cloudfront.net\/10\/2017\/05\/skoda_frankfurt_2017_1572-640x427.jpg\" class=\"attachment-medium size-medium\" alt=\"\" srcset=\"https:\/\/d2p6e6u75xmxt8.cloudfront.net\/10\/2017\/05\/skoda_frankfurt_2017_1572-640x427.jpg 640w, https:\/\/d2p6e6u75xmxt8.cloudfront.net\/10\/2017\/05\/skoda_frankfurt_2017_1572-768x512.jpg 768w, https:\/\/d2p6e6u75xmxt8.cloudfront.net\/10\/2017\/05\/skoda_frankfurt_2017_1572-1280x853.jpg 1280w, https:\/\/d2p6e6u75xmxt8.cloudfront.net\/10\/2017\/05\/skoda_frankfurt_2017_1572-160x107.jpg 160w\" sizes=\"auto, (max-width: 300px) 100vw, 300px\" \/><\/a>\n\t\t\t<\/div><\/figure><figure class='gallery-item'>\n\t\t\t<div class='gallery-icon landscape'>\n\t\t\t\t<a href='https:\/\/d2p6e6u75xmxt8.cloudfront.net\/10\/2017\/05\/skoda_frankfurt_2017_1584.jpg'><img loading=\"lazy\" decoding=\"async\" width=\"300\" height=\"200\" src=\"https:\/\/d2p6e6u75xmxt8.cloudfront.net\/10\/2017\/05\/skoda_frankfurt_2017_1584-640x427.jpg\" class=\"attachment-medium size-medium\" alt=\"\" srcset=\"https:\/\/d2p6e6u75xmxt8.cloudfront.net\/10\/2017\/05\/skoda_frankfurt_2017_1584-640x427.jpg 640w, https:\/\/d2p6e6u75xmxt8.cloudfront.net\/10\/2017\/05\/skoda_frankfurt_2017_1584-768x512.jpg 768w, https:\/\/d2p6e6u75xmxt8.cloudfront.net\/10\/2017\/05\/skoda_frankfurt_2017_1584-1280x853.jpg 1280w, https:\/\/d2p6e6u75xmxt8.cloudfront.net\/10\/2017\/05\/skoda_frankfurt_2017_1584-160x107.jpg 160w\" sizes=\"auto, (max-width: 300px) 100vw, 300px\" \/><\/a>\n\t\t\t<\/div><\/figure><figure class='gallery-item'>\n\t\t\t<div class='gallery-icon portrait'>\n\t\t\t\t<a href='https:\/\/d2p6e6u75xmxt8.cloudfront.net\/10\/2017\/05\/skoda_frankfurt_2017_1551.jpg'><img loading=\"lazy\" decoding=\"async\" width=\"200\" height=\"300\" src=\"https:\/\/d2p6e6u75xmxt8.cloudfront.net\/10\/2017\/05\/skoda_frankfurt_2017_1551-427x640.jpg\" class=\"attachment-medium size-medium\" alt=\"\" srcset=\"https:\/\/d2p6e6u75xmxt8.cloudfront.net\/10\/2017\/05\/skoda_frankfurt_2017_1551-427x640.jpg 427w, https:\/\/d2p6e6u75xmxt8.cloudfront.net\/10\/2017\/05\/skoda_frankfurt_2017_1551-768x1152.jpg 768w, https:\/\/d2p6e6u75xmxt8.cloudfront.net\/10\/2017\/05\/skoda_frankfurt_2017_1551-853x1280.jpg 853w, https:\/\/d2p6e6u75xmxt8.cloudfront.net\/10\/2017\/05\/skoda_frankfurt_2017_1551-1280x1920.jpg 1280w, https:\/\/d2p6e6u75xmxt8.cloudfront.net\/10\/2017\/05\/skoda_frankfurt_2017_1551-160x240.jpg 160w\" sizes=\"auto, (max-width: 200px) 100vw, 200px\" \/><\/a>\n\t\t\t<\/div><\/figure><figure class='gallery-item'>\n\t\t\t<div class='gallery-icon landscape'>\n\t\t\t\t<a href='https:\/\/d2p6e6u75xmxt8.cloudfront.net\/10\/2017\/05\/skoda_frankfurt_2017_1513.jpg'><img loading=\"lazy\" decoding=\"async\" width=\"300\" height=\"200\" src=\"https:\/\/d2p6e6u75xmxt8.cloudfront.net\/10\/2017\/05\/skoda_frankfurt_2017_1513-640x427.jpg\" class=\"attachment-medium size-medium\" alt=\"\" srcset=\"https:\/\/d2p6e6u75xmxt8.cloudfront.net\/10\/2017\/05\/skoda_frankfurt_2017_1513-640x427.jpg 640w, https:\/\/d2p6e6u75xmxt8.cloudfront.net\/10\/2017\/05\/skoda_frankfurt_2017_1513-768x512.jpg 768w, https:\/\/d2p6e6u75xmxt8.cloudfront.net\/10\/2017\/05\/skoda_frankfurt_2017_1513-1280x853.jpg 1280w, https:\/\/d2p6e6u75xmxt8.cloudfront.net\/10\/2017\/05\/skoda_frankfurt_2017_1513-160x107.jpg 160w\" sizes=\"auto, (max-width: 300px) 100vw, 300px\" \/><\/a>\n\t\t\t<\/div><\/figure><figure class='gallery-item'>\n\t\t\t<div class='gallery-icon landscape'>\n\t\t\t\t<a href='https:\/\/d2p6e6u75xmxt8.cloudfront.net\/10\/2017\/05\/skoda_frankfurt_2017_1482.jpg'><img loading=\"lazy\" decoding=\"async\" width=\"300\" height=\"200\" src=\"https:\/\/d2p6e6u75xmxt8.cloudfront.net\/10\/2017\/05\/skoda_frankfurt_2017_1482-640x427.jpg\" class=\"attachment-medium size-medium\" alt=\"\" srcset=\"https:\/\/d2p6e6u75xmxt8.cloudfront.net\/10\/2017\/05\/skoda_frankfurt_2017_1482-640x427.jpg 640w, https:\/\/d2p6e6u75xmxt8.cloudfront.net\/10\/2017\/05\/skoda_frankfurt_2017_1482-768x512.jpg 768w, https:\/\/d2p6e6u75xmxt8.cloudfront.net\/10\/2017\/05\/skoda_frankfurt_2017_1482-1280x853.jpg 1280w, https:\/\/d2p6e6u75xmxt8.cloudfront.net\/10\/2017\/05\/skoda_frankfurt_2017_1482-160x107.jpg 160w\" sizes=\"auto, (max-width: 300px) 100vw, 300px\" \/><\/a>\n\t\t\t<\/div><\/figure><figure class='gallery-item'>\n\t\t\t<div class='gallery-icon landscape'>\n\t\t\t\t<a href='https:\/\/d2p6e6u75xmxt8.cloudfront.net\/10\/2017\/05\/skoda_frankfurt_2017_1477.jpg'><img loading=\"lazy\" decoding=\"async\" width=\"300\" height=\"200\" src=\"https:\/\/d2p6e6u75xmxt8.cloudfront.net\/10\/2017\/05\/skoda_frankfurt_2017_1477-640x427.jpg\" class=\"attachment-medium size-medium\" alt=\"\" srcset=\"https:\/\/d2p6e6u75xmxt8.cloudfront.net\/10\/2017\/05\/skoda_frankfurt_2017_1477-640x427.jpg 640w, https:\/\/d2p6e6u75xmxt8.cloudfront.net\/10\/2017\/05\/skoda_frankfurt_2017_1477-768x512.jpg 768w, https:\/\/d2p6e6u75xmxt8.cloudfront.net\/10\/2017\/05\/skoda_frankfurt_2017_1477-1280x853.jpg 1280w, https:\/\/d2p6e6u75xmxt8.cloudfront.net\/10\/2017\/05\/skoda_frankfurt_2017_1477-160x107.jpg 160w\" sizes=\"auto, (max-width: 300px) 100vw, 300px\" \/><\/a>\n\t\t\t<\/div><\/figure><figure class='gallery-item'>\n\t\t\t<div class='gallery-icon landscape'>\n\t\t\t\t<a href='https:\/\/d2p6e6u75xmxt8.cloudfront.net\/10\/2017\/05\/skoda_frankfurt_2017_1410.jpg'><img loading=\"lazy\" decoding=\"async\" width=\"300\" height=\"200\" src=\"https:\/\/d2p6e6u75xmxt8.cloudfront.net\/10\/2017\/05\/skoda_frankfurt_2017_1410-640x427.jpg\" class=\"attachment-medium size-medium\" alt=\"\" srcset=\"https:\/\/d2p6e6u75xmxt8.cloudfront.net\/10\/2017\/05\/skoda_frankfurt_2017_1410-640x427.jpg 640w, https:\/\/d2p6e6u75xmxt8.cloudfront.net\/10\/2017\/05\/skoda_frankfurt_2017_1410-768x512.jpg 768w, https:\/\/d2p6e6u75xmxt8.cloudfront.net\/10\/2017\/05\/skoda_frankfurt_2017_1410-1280x853.jpg 1280w, https:\/\/d2p6e6u75xmxt8.cloudfront.net\/10\/2017\/05\/skoda_frankfurt_2017_1410-160x107.jpg 160w\" sizes=\"auto, (max-width: 300px) 100vw, 300px\" \/><\/a>\n\t\t\t<\/div><\/figure><figure class='gallery-item'>\n\t\t\t<div class='gallery-icon landscape'>\n\t\t\t\t<a href='https:\/\/d2p6e6u75xmxt8.cloudfront.net\/10\/2017\/05\/skoda_frankfurt_2017_1395.jpg'><img loading=\"lazy\" decoding=\"async\" width=\"300\" height=\"200\" src=\"https:\/\/d2p6e6u75xmxt8.cloudfront.net\/10\/2017\/05\/skoda_frankfurt_2017_1395-640x427.jpg\" class=\"attachment-medium size-medium\" alt=\"\" srcset=\"https:\/\/d2p6e6u75xmxt8.cloudfront.net\/10\/2017\/05\/skoda_frankfurt_2017_1395-640x427.jpg 640w, https:\/\/d2p6e6u75xmxt8.cloudfront.net\/10\/2017\/05\/skoda_frankfurt_2017_1395-768x512.jpg 768w, https:\/\/d2p6e6u75xmxt8.cloudfront.net\/10\/2017\/05\/skoda_frankfurt_2017_1395-1280x854.jpg 1280w, https:\/\/d2p6e6u75xmxt8.cloudfront.net\/10\/2017\/05\/skoda_frankfurt_2017_1395-160x107.jpg 160w\" sizes=\"auto, (max-width: 300px) 100vw, 300px\" \/><\/a>\n\t\t\t<\/div><\/figure><figure class='gallery-item'>\n\t\t\t<div class='gallery-icon landscape'>\n\t\t\t\t<a href='https:\/\/d2p6e6u75xmxt8.cloudfront.net\/10\/2017\/05\/skoda_frankfurt_2017_1384.jpg'><img loading=\"lazy\" decoding=\"async\" width=\"300\" height=\"200\" src=\"https:\/\/d2p6e6u75xmxt8.cloudfront.net\/10\/2017\/05\/skoda_frankfurt_2017_1384-640x427.jpg\" class=\"attachment-medium size-medium\" alt=\"\" srcset=\"https:\/\/d2p6e6u75xmxt8.cloudfront.net\/10\/2017\/05\/skoda_frankfurt_2017_1384-640x427.jpg 640w, https:\/\/d2p6e6u75xmxt8.cloudfront.net\/10\/2017\/05\/skoda_frankfurt_2017_1384-768x512.jpg 768w, https:\/\/d2p6e6u75xmxt8.cloudfront.net\/10\/2017\/05\/skoda_frankfurt_2017_1384-1280x853.jpg 1280w, https:\/\/d2p6e6u75xmxt8.cloudfront.net\/10\/2017\/05\/skoda_frankfurt_2017_1384-160x107.jpg 160w\" sizes=\"auto, (max-width: 300px) 100vw, 300px\" \/><\/a>\n\t\t\t<\/div><\/figure><figure class='gallery-item'>\n\t\t\t<div class='gallery-icon landscape'>\n\t\t\t\t<a href='https:\/\/d2p6e6u75xmxt8.cloudfront.net\/10\/2017\/05\/skoda_frankfurt_2017_1340.jpg'><img loading=\"lazy\" decoding=\"async\" width=\"300\" height=\"200\" src=\"https:\/\/d2p6e6u75xmxt8.cloudfront.net\/10\/2017\/05\/skoda_frankfurt_2017_1340-640x427.jpg\" class=\"attachment-medium size-medium\" alt=\"\" srcset=\"https:\/\/d2p6e6u75xmxt8.cloudfront.net\/10\/2017\/05\/skoda_frankfurt_2017_1340-640x427.jpg 640w, https:\/\/d2p6e6u75xmxt8.cloudfront.net\/10\/2017\/05\/skoda_frankfurt_2017_1340-768x512.jpg 768w, https:\/\/d2p6e6u75xmxt8.cloudfront.net\/10\/2017\/05\/skoda_frankfurt_2017_1340-1280x853.jpg 1280w, https:\/\/d2p6e6u75xmxt8.cloudfront.net\/10\/2017\/05\/skoda_frankfurt_2017_1340-160x107.jpg 160w\" sizes=\"auto, (max-width: 300px) 100vw, 300px\" \/><\/a>\n\t\t\t<\/div><\/figure><figure class='gallery-item'>\n\t\t\t<div class='gallery-icon landscape'>\n\t\t\t\t<a href='https:\/\/d2p6e6u75xmxt8.cloudfront.net\/10\/2017\/05\/skoda_frankfurt_2017_1298-1.jpg'><img loading=\"lazy\" decoding=\"async\" width=\"300\" height=\"200\" src=\"https:\/\/d2p6e6u75xmxt8.cloudfront.net\/10\/2017\/05\/skoda_frankfurt_2017_1298-1-640x427.jpg\" class=\"attachment-medium size-medium\" alt=\"\" srcset=\"https:\/\/d2p6e6u75xmxt8.cloudfront.net\/10\/2017\/05\/skoda_frankfurt_2017_1298-1-640x427.jpg 640w, https:\/\/d2p6e6u75xmxt8.cloudfront.net\/10\/2017\/05\/skoda_frankfurt_2017_1298-1-768x512.jpg 768w, https:\/\/d2p6e6u75xmxt8.cloudfront.net\/10\/2017\/05\/skoda_frankfurt_2017_1298-1-1280x853.jpg 1280w, https:\/\/d2p6e6u75xmxt8.cloudfront.net\/10\/2017\/05\/skoda_frankfurt_2017_1298-1-160x107.jpg 160w\" sizes=\"auto, (max-width: 300px) 100vw, 300px\" \/><\/a>\n\t\t\t<\/div><\/figure><figure class='gallery-item'>\n\t\t\t<div class='gallery-icon landscape'>\n\t\t\t\t<a href='https:\/\/d2p6e6u75xmxt8.cloudfront.net\/10\/2017\/05\/skoda_frankfurt_2017_1293.jpg'><img loading=\"lazy\" decoding=\"async\" width=\"300\" height=\"200\" src=\"https:\/\/d2p6e6u75xmxt8.cloudfront.net\/10\/2017\/05\/skoda_frankfurt_2017_1293-640x427.jpg\" class=\"attachment-medium size-medium\" alt=\"\" srcset=\"https:\/\/d2p6e6u75xmxt8.cloudfront.net\/10\/2017\/05\/skoda_frankfurt_2017_1293-640x427.jpg 640w, https:\/\/d2p6e6u75xmxt8.cloudfront.net\/10\/2017\/05\/skoda_frankfurt_2017_1293-768x512.jpg 768w, https:\/\/d2p6e6u75xmxt8.cloudfront.net\/10\/2017\/05\/skoda_frankfurt_2017_1293-1280x853.jpg 1280w, https:\/\/d2p6e6u75xmxt8.cloudfront.net\/10\/2017\/05\/skoda_frankfurt_2017_1293-160x107.jpg 160w\" sizes=\"auto, (max-width: 300px) 100vw, 300px\" \/><\/a>\n\t\t\t<\/div><\/figure><figure class='gallery-item'>\n\t\t\t<div class='gallery-icon landscape'>\n\t\t\t\t<a href='https:\/\/d2p6e6u75xmxt8.cloudfront.net\/10\/2017\/05\/skoda_frankfurt_2017_1267.jpg'><img loading=\"lazy\" decoding=\"async\" width=\"300\" height=\"200\" src=\"https:\/\/d2p6e6u75xmxt8.cloudfront.net\/10\/2017\/05\/skoda_frankfurt_2017_1267-640x427.jpg\" class=\"attachment-medium size-medium\" alt=\"\" srcset=\"https:\/\/d2p6e6u75xmxt8.cloudfront.net\/10\/2017\/05\/skoda_frankfurt_2017_1267-640x427.jpg 640w, https:\/\/d2p6e6u75xmxt8.cloudfront.net\/10\/2017\/05\/skoda_frankfurt_2017_1267-768x512.jpg 768w, https:\/\/d2p6e6u75xmxt8.cloudfront.net\/10\/2017\/05\/skoda_frankfurt_2017_1267-1280x853.jpg 1280w, https:\/\/d2p6e6u75xmxt8.cloudfront.net\/10\/2017\/05\/skoda_frankfurt_2017_1267-160x107.jpg 160w\" sizes=\"auto, (max-width: 300px) 100vw, 300px\" \/><\/a>\n\t\t\t<\/div><\/figure><figure class='gallery-item'>\n\t\t\t<div class='gallery-icon landscape'>\n\t\t\t\t<a href='https:\/\/d2p6e6u75xmxt8.cloudfront.net\/10\/2017\/05\/skoda_frankfurt_2017_1257.jpg'><img loading=\"lazy\" decoding=\"async\" width=\"300\" height=\"200\" src=\"https:\/\/d2p6e6u75xmxt8.cloudfront.net\/10\/2017\/05\/skoda_frankfurt_2017_1257-640x427.jpg\" class=\"attachment-medium size-medium\" alt=\"\" srcset=\"https:\/\/d2p6e6u75xmxt8.cloudfront.net\/10\/2017\/05\/skoda_frankfurt_2017_1257-640x427.jpg 640w, https:\/\/d2p6e6u75xmxt8.cloudfront.net\/10\/2017\/05\/skoda_frankfurt_2017_1257-768x512.jpg 768w, https:\/\/d2p6e6u75xmxt8.cloudfront.net\/10\/2017\/05\/skoda_frankfurt_2017_1257-1280x853.jpg 1280w, https:\/\/d2p6e6u75xmxt8.cloudfront.net\/10\/2017\/05\/skoda_frankfurt_2017_1257-160x107.jpg 160w\" sizes=\"auto, (max-width: 300px) 100vw, 300px\" \/><\/a>\n\t\t\t<\/div><\/figure><figure class='gallery-item'>\n\t\t\t<div class='gallery-icon landscape'>\n\t\t\t\t<a href='https:\/\/d2p6e6u75xmxt8.cloudfront.net\/10\/2017\/05\/skoda_frankfurt_2017_1251.jpg'><img loading=\"lazy\" decoding=\"async\" width=\"300\" height=\"200\" src=\"https:\/\/d2p6e6u75xmxt8.cloudfront.net\/10\/2017\/05\/skoda_frankfurt_2017_1251-640x427.jpg\" class=\"attachment-medium size-medium\" alt=\"\" srcset=\"https:\/\/d2p6e6u75xmxt8.cloudfront.net\/10\/2017\/05\/skoda_frankfurt_2017_1251-640x427.jpg 640w, https:\/\/d2p6e6u75xmxt8.cloudfront.net\/10\/2017\/05\/skoda_frankfurt_2017_1251-768x512.jpg 768w, https:\/\/d2p6e6u75xmxt8.cloudfront.net\/10\/2017\/05\/skoda_frankfurt_2017_1251-1280x853.jpg 1280w, https:\/\/d2p6e6u75xmxt8.cloudfront.net\/10\/2017\/05\/skoda_frankfurt_2017_1251-160x107.jpg 160w\" sizes=\"auto, (max-width: 300px) 100vw, 300px\" \/><\/a>\n\t\t\t<\/div><\/figure><figure class='gallery-item'>\n\t\t\t<div class='gallery-icon landscape'>\n\t\t\t\t<a href='https:\/\/d2p6e6u75xmxt8.cloudfront.net\/10\/2017\/05\/skoda_frankfurt_2017_1249.jpg'><img loading=\"lazy\" decoding=\"async\" width=\"300\" height=\"200\" src=\"https:\/\/d2p6e6u75xmxt8.cloudfront.net\/10\/2017\/05\/skoda_frankfurt_2017_1249-640x427.jpg\" class=\"attachment-medium size-medium\" alt=\"\" srcset=\"https:\/\/d2p6e6u75xmxt8.cloudfront.net\/10\/2017\/05\/skoda_frankfurt_2017_1249-640x427.jpg 640w, https:\/\/d2p6e6u75xmxt8.cloudfront.net\/10\/2017\/05\/skoda_frankfurt_2017_1249-768x512.jpg 768w, https:\/\/d2p6e6u75xmxt8.cloudfront.net\/10\/2017\/05\/skoda_frankfurt_2017_1249-1280x853.jpg 1280w, https:\/\/d2p6e6u75xmxt8.cloudfront.net\/10\/2017\/05\/skoda_frankfurt_2017_1249-160x107.jpg 160w\" sizes=\"auto, (max-width: 300px) 100vw, 300px\" \/><\/a>\n\t\t\t<\/div><\/figure><figure class='gallery-item'>\n\t\t\t<div class='gallery-icon portrait'>\n\t\t\t\t<a href='https:\/\/d2p6e6u75xmxt8.cloudfront.net\/10\/2017\/05\/skoda_frankfurt_2017_1245.jpg'><img loading=\"lazy\" decoding=\"async\" width=\"200\" height=\"300\" src=\"https:\/\/d2p6e6u75xmxt8.cloudfront.net\/10\/2017\/05\/skoda_frankfurt_2017_1245-427x640.jpg\" class=\"attachment-medium size-medium\" alt=\"\" srcset=\"https:\/\/d2p6e6u75xmxt8.cloudfront.net\/10\/2017\/05\/skoda_frankfurt_2017_1245-427x640.jpg 427w, https:\/\/d2p6e6u75xmxt8.cloudfront.net\/10\/2017\/05\/skoda_frankfurt_2017_1245-768x1152.jpg 768w, https:\/\/d2p6e6u75xmxt8.cloudfront.net\/10\/2017\/05\/skoda_frankfurt_2017_1245-853x1280.jpg 853w, https:\/\/d2p6e6u75xmxt8.cloudfront.net\/10\/2017\/05\/skoda_frankfurt_2017_1245-1280x1920.jpg 1280w, https:\/\/d2p6e6u75xmxt8.cloudfront.net\/10\/2017\/05\/skoda_frankfurt_2017_1245-160x240.jpg 160w\" sizes=\"auto, (max-width: 200px) 100vw, 200px\" \/><\/a>\n\t\t\t<\/div><\/figure><figure class='gallery-item'>\n\t\t\t<div class='gallery-icon landscape'>\n\t\t\t\t<a href='https:\/\/d2p6e6u75xmxt8.cloudfront.net\/10\/2017\/05\/skoda_frankfurt_2017_1228.jpg'><img loading=\"lazy\" decoding=\"async\" width=\"300\" height=\"200\" src=\"https:\/\/d2p6e6u75xmxt8.cloudfront.net\/10\/2017\/05\/skoda_frankfurt_2017_1228-640x427.jpg\" class=\"attachment-medium size-medium\" alt=\"\" srcset=\"https:\/\/d2p6e6u75xmxt8.cloudfront.net\/10\/2017\/05\/skoda_frankfurt_2017_1228-640x427.jpg 640w, https:\/\/d2p6e6u75xmxt8.cloudfront.net\/10\/2017\/05\/skoda_frankfurt_2017_1228-768x512.jpg 768w, https:\/\/d2p6e6u75xmxt8.cloudfront.net\/10\/2017\/05\/skoda_frankfurt_2017_1228-1280x853.jpg 1280w, https:\/\/d2p6e6u75xmxt8.cloudfront.net\/10\/2017\/05\/skoda_frankfurt_2017_1228-160x107.jpg 160w\" sizes=\"auto, (max-width: 300px) 100vw, 300px\" \/><\/a>\n\t\t\t<\/div><\/figure><figure class='gallery-item'>\n\t\t\t<div class='gallery-icon landscape'>\n\t\t\t\t<a href='https:\/\/d2p6e6u75xmxt8.cloudfront.net\/10\/2017\/05\/skoda_frankfurt_2017_1201.jpg'><img loading=\"lazy\" decoding=\"async\" width=\"300\" height=\"200\" src=\"https:\/\/d2p6e6u75xmxt8.cloudfront.net\/10\/2017\/05\/skoda_frankfurt_2017_1201-640x427.jpg\" class=\"attachment-medium size-medium\" alt=\"\" srcset=\"https:\/\/d2p6e6u75xmxt8.cloudfront.net\/10\/2017\/05\/skoda_frankfurt_2017_1201-640x427.jpg 640w, https:\/\/d2p6e6u75xmxt8.cloudfront.net\/10\/2017\/05\/skoda_frankfurt_2017_1201-768x512.jpg 768w, https:\/\/d2p6e6u75xmxt8.cloudfront.net\/10\/2017\/05\/skoda_frankfurt_2017_1201-1280x853.jpg 1280w, https:\/\/d2p6e6u75xmxt8.cloudfront.net\/10\/2017\/05\/skoda_frankfurt_2017_1201-160x107.jpg 160w\" sizes=\"auto, (max-width: 300px) 100vw, 300px\" \/><\/a>\n\t\t\t<\/div><\/figure><figure class='gallery-item'>\n\t\t\t<div class='gallery-icon landscape'>\n\t\t\t\t<a href='https:\/\/d2p6e6u75xmxt8.cloudfront.net\/10\/2017\/05\/skoda_frankfurt_2017_1184.jpg'><img loading=\"lazy\" decoding=\"async\" width=\"300\" height=\"200\" src=\"https:\/\/d2p6e6u75xmxt8.cloudfront.net\/10\/2017\/05\/skoda_frankfurt_2017_1184-640x427.jpg\" class=\"attachment-medium size-medium\" alt=\"\" srcset=\"https:\/\/d2p6e6u75xmxt8.cloudfront.net\/10\/2017\/05\/skoda_frankfurt_2017_1184-640x427.jpg 640w, https:\/\/d2p6e6u75xmxt8.cloudfront.net\/10\/2017\/05\/skoda_frankfurt_2017_1184-768x512.jpg 768w, https:\/\/d2p6e6u75xmxt8.cloudfront.net\/10\/2017\/05\/skoda_frankfurt_2017_1184-1280x853.jpg 1280w, https:\/\/d2p6e6u75xmxt8.cloudfront.net\/10\/2017\/05\/skoda_frankfurt_2017_1184-160x107.jpg 160w\" sizes=\"auto, (max-width: 300px) 100vw, 300px\" \/><\/a>\n\t\t\t<\/div><\/figure><figure class='gallery-item'>\n\t\t\t<div class='gallery-icon landscape'>\n\t\t\t\t<a href='https:\/\/d2p6e6u75xmxt8.cloudfront.net\/10\/2017\/05\/skoda_frankfurt_2017_1168.jpg'><img loading=\"lazy\" decoding=\"async\" width=\"300\" height=\"200\" src=\"https:\/\/d2p6e6u75xmxt8.cloudfront.net\/10\/2017\/05\/skoda_frankfurt_2017_1168-640x427.jpg\" class=\"attachment-medium size-medium\" alt=\"\" srcset=\"https:\/\/d2p6e6u75xmxt8.cloudfront.net\/10\/2017\/05\/skoda_frankfurt_2017_1168-640x427.jpg 640w, https:\/\/d2p6e6u75xmxt8.cloudfront.net\/10\/2017\/05\/skoda_frankfurt_2017_1168-768x512.jpg 768w, https:\/\/d2p6e6u75xmxt8.cloudfront.net\/10\/2017\/05\/skoda_frankfurt_2017_1168-1280x853.jpg 1280w, https:\/\/d2p6e6u75xmxt8.cloudfront.net\/10\/2017\/05\/skoda_frankfurt_2017_1168-160x107.jpg 160w\" sizes=\"auto, (max-width: 300px) 100vw, 300px\" \/><\/a>\n\t\t\t<\/div><\/figure><figure class='gallery-item'>\n\t\t\t<div class='gallery-icon portrait'>\n\t\t\t\t<a href='https:\/\/d2p6e6u75xmxt8.cloudfront.net\/10\/2017\/05\/skoda_frankfurt_2017_1119.jpg'><img loading=\"lazy\" decoding=\"async\" width=\"200\" height=\"300\" src=\"https:\/\/d2p6e6u75xmxt8.cloudfront.net\/10\/2017\/05\/skoda_frankfurt_2017_1119-427x640.jpg\" class=\"attachment-medium size-medium\" alt=\"\" srcset=\"https:\/\/d2p6e6u75xmxt8.cloudfront.net\/10\/2017\/05\/skoda_frankfurt_2017_1119-427x640.jpg 427w, https:\/\/d2p6e6u75xmxt8.cloudfront.net\/10\/2017\/05\/skoda_frankfurt_2017_1119-768x1152.jpg 768w, https:\/\/d2p6e6u75xmxt8.cloudfront.net\/10\/2017\/05\/skoda_frankfurt_2017_1119-853x1280.jpg 853w, https:\/\/d2p6e6u75xmxt8.cloudfront.net\/10\/2017\/05\/skoda_frankfurt_2017_1119-1280x1920.jpg 1280w, https:\/\/d2p6e6u75xmxt8.cloudfront.net\/10\/2017\/05\/skoda_frankfurt_2017_1119-160x240.jpg 160w\" sizes=\"auto, (max-width: 200px) 100vw, 200px\" \/><\/a>\n\t\t\t<\/div><\/figure><figure class='gallery-item'>\n\t\t\t<div class='gallery-icon landscape'>\n\t\t\t\t<a href='https:\/\/d2p6e6u75xmxt8.cloudfront.net\/10\/2017\/05\/skoda_frankfurt_2017_1146.jpg'><img loading=\"lazy\" decoding=\"async\" width=\"300\" height=\"200\" src=\"https:\/\/d2p6e6u75xmxt8.cloudfront.net\/10\/2017\/05\/skoda_frankfurt_2017_1146-640x427.jpg\" class=\"attachment-medium size-medium\" alt=\"\" srcset=\"https:\/\/d2p6e6u75xmxt8.cloudfront.net\/10\/2017\/05\/skoda_frankfurt_2017_1146-640x427.jpg 640w, https:\/\/d2p6e6u75xmxt8.cloudfront.net\/10\/2017\/05\/skoda_frankfurt_2017_1146-768x512.jpg 768w, https:\/\/d2p6e6u75xmxt8.cloudfront.net\/10\/2017\/05\/skoda_frankfurt_2017_1146-1280x853.jpg 1280w, https:\/\/d2p6e6u75xmxt8.cloudfront.net\/10\/2017\/05\/skoda_frankfurt_2017_1146-160x107.jpg 160w\" sizes=\"auto, (max-width: 300px) 100vw, 300px\" \/><\/a>\n\t\t\t<\/div><\/figure><figure class='gallery-item'>\n\t\t\t<div class='gallery-icon portrait'>\n\t\t\t\t<a href='https:\/\/d2p6e6u75xmxt8.cloudfront.net\/10\/2017\/05\/skoda_frankfurt_2017_1115.jpg'><img loading=\"lazy\" decoding=\"async\" width=\"200\" height=\"300\" src=\"https:\/\/d2p6e6u75xmxt8.cloudfront.net\/10\/2017\/05\/skoda_frankfurt_2017_1115-427x640.jpg\" class=\"attachment-medium size-medium\" alt=\"\" srcset=\"https:\/\/d2p6e6u75xmxt8.cloudfront.net\/10\/2017\/05\/skoda_frankfurt_2017_1115-427x640.jpg 427w, https:\/\/d2p6e6u75xmxt8.cloudfront.net\/10\/2017\/05\/skoda_frankfurt_2017_1115-768x1152.jpg 768w, https:\/\/d2p6e6u75xmxt8.cloudfront.net\/10\/2017\/05\/skoda_frankfurt_2017_1115-853x1280.jpg 853w, https:\/\/d2p6e6u75xmxt8.cloudfront.net\/10\/2017\/05\/skoda_frankfurt_2017_1115-1280x1920.jpg 1280w, https:\/\/d2p6e6u75xmxt8.cloudfront.net\/10\/2017\/05\/skoda_frankfurt_2017_1115-160x240.jpg 160w\" sizes=\"auto, (max-width: 200px) 100vw, 200px\" \/><\/a>\n\t\t\t<\/div><\/figure><figure class='gallery-item'>\n\t\t\t<div class='gallery-icon landscape'>\n\t\t\t\t<a href='https:\/\/d2p6e6u75xmxt8.cloudfront.net\/10\/2017\/05\/skoda_frankfurt_2017_1095.jpg'><img loading=\"lazy\" decoding=\"async\" width=\"300\" height=\"200\" src=\"https:\/\/d2p6e6u75xmxt8.cloudfront.net\/10\/2017\/05\/skoda_frankfurt_2017_1095-640x427.jpg\" class=\"attachment-medium size-medium\" alt=\"\" srcset=\"https:\/\/d2p6e6u75xmxt8.cloudfront.net\/10\/2017\/05\/skoda_frankfurt_2017_1095-640x427.jpg 640w, https:\/\/d2p6e6u75xmxt8.cloudfront.net\/10\/2017\/05\/skoda_frankfurt_2017_1095-768x512.jpg 768w, https:\/\/d2p6e6u75xmxt8.cloudfront.net\/10\/2017\/05\/skoda_frankfurt_2017_1095-1280x853.jpg 1280w, https:\/\/d2p6e6u75xmxt8.cloudfront.net\/10\/2017\/05\/skoda_frankfurt_2017_1095-160x107.jpg 160w\" sizes=\"auto, (max-width: 300px) 100vw, 300px\" \/><\/a>\n\t\t\t<\/div><\/figure><figure class='gallery-item'>\n\t\t\t<div class='gallery-icon landscape'>\n\t\t\t\t<a href='https:\/\/d2p6e6u75xmxt8.cloudfront.net\/10\/2017\/05\/skoda_frankfurt_2017_1092.jpg'><img loading=\"lazy\" decoding=\"async\" width=\"300\" height=\"200\" src=\"https:\/\/d2p6e6u75xmxt8.cloudfront.net\/10\/2017\/05\/skoda_frankfurt_2017_1092-640x427.jpg\" class=\"attachment-medium size-medium\" alt=\"\" srcset=\"https:\/\/d2p6e6u75xmxt8.cloudfront.net\/10\/2017\/05\/skoda_frankfurt_2017_1092-640x427.jpg 640w, https:\/\/d2p6e6u75xmxt8.cloudfront.net\/10\/2017\/05\/skoda_frankfurt_2017_1092-768x512.jpg 768w, https:\/\/d2p6e6u75xmxt8.cloudfront.net\/10\/2017\/05\/skoda_frankfurt_2017_1092-1280x853.jpg 1280w, https:\/\/d2p6e6u75xmxt8.cloudfront.net\/10\/2017\/05\/skoda_frankfurt_2017_1092-160x107.jpg 160w\" sizes=\"auto, (max-width: 300px) 100vw, 300px\" \/><\/a>\n\t\t\t<\/div><\/figure><figure class='gallery-item'>\n\t\t\t<div class='gallery-icon landscape'>\n\t\t\t\t<a href='https:\/\/d2p6e6u75xmxt8.cloudfront.net\/10\/2017\/05\/skoda_frankfurt_2017_1084.jpg'><img loading=\"lazy\" decoding=\"async\" width=\"300\" height=\"200\" src=\"https:\/\/d2p6e6u75xmxt8.cloudfront.net\/10\/2017\/05\/skoda_frankfurt_2017_1084-640x427.jpg\" class=\"attachment-medium size-medium\" alt=\"\" srcset=\"https:\/\/d2p6e6u75xmxt8.cloudfront.net\/10\/2017\/05\/skoda_frankfurt_2017_1084-640x427.jpg 640w, https:\/\/d2p6e6u75xmxt8.cloudfront.net\/10\/2017\/05\/skoda_frankfurt_2017_1084-768x512.jpg 768w, https:\/\/d2p6e6u75xmxt8.cloudfront.net\/10\/2017\/05\/skoda_frankfurt_2017_1084-1280x853.jpg 1280w, https:\/\/d2p6e6u75xmxt8.cloudfront.net\/10\/2017\/05\/skoda_frankfurt_2017_1084-160x107.jpg 160w\" sizes=\"auto, (max-width: 300px) 100vw, 300px\" \/><\/a>\n\t\t\t<\/div><\/figure><figure class='gallery-item'>\n\t\t\t<div class='gallery-icon landscape'>\n\t\t\t\t<a href='https:\/\/d2p6e6u75xmxt8.cloudfront.net\/10\/2017\/05\/skoda_frankfurt_2017_1043.jpg'><img loading=\"lazy\" decoding=\"async\" width=\"300\" height=\"200\" src=\"https:\/\/d2p6e6u75xmxt8.cloudfront.net\/10\/2017\/05\/skoda_frankfurt_2017_1043-640x427.jpg\" class=\"attachment-medium size-medium\" alt=\"\" srcset=\"https:\/\/d2p6e6u75xmxt8.cloudfront.net\/10\/2017\/05\/skoda_frankfurt_2017_1043-640x427.jpg 640w, https:\/\/d2p6e6u75xmxt8.cloudfront.net\/10\/2017\/05\/skoda_frankfurt_2017_1043-768x512.jpg 768w, https:\/\/d2p6e6u75xmxt8.cloudfront.net\/10\/2017\/05\/skoda_frankfurt_2017_1043-1280x853.jpg 1280w, https:\/\/d2p6e6u75xmxt8.cloudfront.net\/10\/2017\/05\/skoda_frankfurt_2017_1043-160x107.jpg 160w\" sizes=\"auto, (max-width: 300px) 100vw, 300px\" \/><\/a>\n\t\t\t<\/div><\/figure><figure class='gallery-item'>\n\t\t\t<div class='gallery-icon landscape'>\n\t\t\t\t<a href='https:\/\/d2p6e6u75xmxt8.cloudfront.net\/10\/2017\/05\/skoda_frankfurt_2017_1041.jpg'><img loading=\"lazy\" decoding=\"async\" width=\"300\" height=\"200\" src=\"https:\/\/d2p6e6u75xmxt8.cloudfront.net\/10\/2017\/05\/skoda_frankfurt_2017_1041-640x427.jpg\" class=\"attachment-medium size-medium\" alt=\"\" srcset=\"https:\/\/d2p6e6u75xmxt8.cloudfront.net\/10\/2017\/05\/skoda_frankfurt_2017_1041-640x427.jpg 640w, https:\/\/d2p6e6u75xmxt8.cloudfront.net\/10\/2017\/05\/skoda_frankfurt_2017_1041-768x512.jpg 768w, https:\/\/d2p6e6u75xmxt8.cloudfront.net\/10\/2017\/05\/skoda_frankfurt_2017_1041-1280x853.jpg 1280w, https:\/\/d2p6e6u75xmxt8.cloudfront.net\/10\/2017\/05\/skoda_frankfurt_2017_1041-160x107.jpg 160w\" sizes=\"auto, (max-width: 300px) 100vw, 300px\" \/><\/a>\n\t\t\t<\/div><\/figure><figure class='gallery-item'>\n\t\t\t<div class='gallery-icon landscape'>\n\t\t\t\t<a href='https:\/\/d2p6e6u75xmxt8.cloudfront.net\/10\/2017\/05\/skoda_frankfurt_2017_1035.jpg'><img loading=\"lazy\" decoding=\"async\" width=\"300\" height=\"200\" src=\"https:\/\/d2p6e6u75xmxt8.cloudfront.net\/10\/2017\/05\/skoda_frankfurt_2017_1035-640x427.jpg\" class=\"attachment-medium size-medium\" alt=\"\" srcset=\"https:\/\/d2p6e6u75xmxt8.cloudfront.net\/10\/2017\/05\/skoda_frankfurt_2017_1035-640x427.jpg 640w, https:\/\/d2p6e6u75xmxt8.cloudfront.net\/10\/2017\/05\/skoda_frankfurt_2017_1035-768x512.jpg 768w, https:\/\/d2p6e6u75xmxt8.cloudfront.net\/10\/2017\/05\/skoda_frankfurt_2017_1035-1280x853.jpg 1280w, https:\/\/d2p6e6u75xmxt8.cloudfront.net\/10\/2017\/05\/skoda_frankfurt_2017_1035-160x107.jpg 160w\" sizes=\"auto, (max-width: 300px) 100vw, 300px\" \/><\/a>\n\t\t\t<\/div><\/figure><figure class='gallery-item'>\n\t\t\t<div class='gallery-icon landscape'>\n\t\t\t\t<a href='https:\/\/d2p6e6u75xmxt8.cloudfront.net\/10\/2017\/05\/skoda_frankfurt_2017_1017.jpg'><img loading=\"lazy\" decoding=\"async\" width=\"300\" height=\"200\" src=\"https:\/\/d2p6e6u75xmxt8.cloudfront.net\/10\/2017\/05\/skoda_frankfurt_2017_1017-640x427.jpg\" class=\"attachment-medium size-medium\" alt=\"\" srcset=\"https:\/\/d2p6e6u75xmxt8.cloudfront.net\/10\/2017\/05\/skoda_frankfurt_2017_1017-640x427.jpg 640w, https:\/\/d2p6e6u75xmxt8.cloudfront.net\/10\/2017\/05\/skoda_frankfurt_2017_1017-768x512.jpg 768w, https:\/\/d2p6e6u75xmxt8.cloudfront.net\/10\/2017\/05\/skoda_frankfurt_2017_1017-1280x853.jpg 1280w, https:\/\/d2p6e6u75xmxt8.cloudfront.net\/10\/2017\/05\/skoda_frankfurt_2017_1017-160x107.jpg 160w\" sizes=\"auto, (max-width: 300px) 100vw, 300px\" \/><\/a>\n\t\t\t<\/div><\/figure><figure class='gallery-item'>\n\t\t\t<div class='gallery-icon landscape'>\n\t\t\t\t<a href='https:\/\/d2p6e6u75xmxt8.cloudfront.net\/10\/2017\/05\/skoda_frankfurt_2017_1007.jpg'><img loading=\"lazy\" decoding=\"async\" width=\"300\" height=\"200\" src=\"https:\/\/d2p6e6u75xmxt8.cloudfront.net\/10\/2017\/05\/skoda_frankfurt_2017_1007-640x427.jpg\" class=\"attachment-medium size-medium\" alt=\"\" srcset=\"https:\/\/d2p6e6u75xmxt8.cloudfront.net\/10\/2017\/05\/skoda_frankfurt_2017_1007-640x427.jpg 640w, https:\/\/d2p6e6u75xmxt8.cloudfront.net\/10\/2017\/05\/skoda_frankfurt_2017_1007-768x512.jpg 768w, https:\/\/d2p6e6u75xmxt8.cloudfront.net\/10\/2017\/05\/skoda_frankfurt_2017_1007-1280x853.jpg 1280w, https:\/\/d2p6e6u75xmxt8.cloudfront.net\/10\/2017\/05\/skoda_frankfurt_2017_1007-160x107.jpg 160w\" sizes=\"auto, (max-width: 300px) 100vw, 300px\" \/><\/a>\n\t\t\t<\/div><\/figure><figure class='gallery-item'>\n\t\t\t<div class='gallery-icon portrait'>\n\t\t\t\t<a href='https:\/\/d2p6e6u75xmxt8.cloudfront.net\/10\/2017\/05\/skoda_frankfurt_2017_1001.jpg'><img loading=\"lazy\" decoding=\"async\" width=\"200\" height=\"300\" src=\"https:\/\/d2p6e6u75xmxt8.cloudfront.net\/10\/2017\/05\/skoda_frankfurt_2017_1001-427x640.jpg\" class=\"attachment-medium size-medium\" alt=\"\" srcset=\"https:\/\/d2p6e6u75xmxt8.cloudfront.net\/10\/2017\/05\/skoda_frankfurt_2017_1001-427x640.jpg 427w, https:\/\/d2p6e6u75xmxt8.cloudfront.net\/10\/2017\/05\/skoda_frankfurt_2017_1001-768x1152.jpg 768w, https:\/\/d2p6e6u75xmxt8.cloudfront.net\/10\/2017\/05\/skoda_frankfurt_2017_1001-853x1280.jpg 853w, https:\/\/d2p6e6u75xmxt8.cloudfront.net\/10\/2017\/05\/skoda_frankfurt_2017_1001-1280x1920.jpg 1280w, https:\/\/d2p6e6u75xmxt8.cloudfront.net\/10\/2017\/05\/skoda_frankfurt_2017_1001-160x240.jpg 160w\" sizes=\"auto, (max-width: 200px) 100vw, 200px\" \/><\/a>\n\t\t\t<\/div><\/figure><figure class='gallery-item'>\n\t\t\t<div class='gallery-icon landscape'>\n\t\t\t\t<a href='https:\/\/d2p6e6u75xmxt8.cloudfront.net\/10\/2017\/05\/skoda_frankfurt_2017_0986.jpg'><img loading=\"lazy\" decoding=\"async\" width=\"300\" height=\"200\" src=\"https:\/\/d2p6e6u75xmxt8.cloudfront.net\/10\/2017\/05\/skoda_frankfurt_2017_0986-640x427.jpg\" class=\"attachment-medium size-medium\" alt=\"\" srcset=\"https:\/\/d2p6e6u75xmxt8.cloudfront.net\/10\/2017\/05\/skoda_frankfurt_2017_0986-640x427.jpg 640w, https:\/\/d2p6e6u75xmxt8.cloudfront.net\/10\/2017\/05\/skoda_frankfurt_2017_0986-768x512.jpg 768w, https:\/\/d2p6e6u75xmxt8.cloudfront.net\/10\/2017\/05\/skoda_frankfurt_2017_0986-1280x853.jpg 1280w, https:\/\/d2p6e6u75xmxt8.cloudfront.net\/10\/2017\/05\/skoda_frankfurt_2017_0986-160x107.jpg 160w\" sizes=\"auto, (max-width: 300px) 100vw, 300px\" \/><\/a>\n\t\t\t<\/div><\/figure><figure class='gallery-item'>\n\t\t\t<div class='gallery-icon portrait'>\n\t\t\t\t<a href='https:\/\/d2p6e6u75xmxt8.cloudfront.net\/10\/2017\/05\/skoda_frankfurt_2017_0982.jpg'><img loading=\"lazy\" decoding=\"async\" width=\"200\" height=\"300\" src=\"https:\/\/d2p6e6u75xmxt8.cloudfront.net\/10\/2017\/05\/skoda_frankfurt_2017_0982-427x640.jpg\" class=\"attachment-medium size-medium\" alt=\"\" srcset=\"https:\/\/d2p6e6u75xmxt8.cloudfront.net\/10\/2017\/05\/skoda_frankfurt_2017_0982-427x640.jpg 427w, https:\/\/d2p6e6u75xmxt8.cloudfront.net\/10\/2017\/05\/skoda_frankfurt_2017_0982-768x1152.jpg 768w, https:\/\/d2p6e6u75xmxt8.cloudfront.net\/10\/2017\/05\/skoda_frankfurt_2017_0982-853x1280.jpg 853w, https:\/\/d2p6e6u75xmxt8.cloudfront.net\/10\/2017\/05\/skoda_frankfurt_2017_0982-1280x1920.jpg 1280w, https:\/\/d2p6e6u75xmxt8.cloudfront.net\/10\/2017\/05\/skoda_frankfurt_2017_0982-160x240.jpg 160w\" sizes=\"auto, (max-width: 200px) 100vw, 200px\" \/><\/a>\n\t\t\t<\/div><\/figure><figure class='gallery-item'>\n\t\t\t<div class='gallery-icon landscape'>\n\t\t\t\t<a href='https:\/\/d2p6e6u75xmxt8.cloudfront.net\/10\/2017\/05\/skoda_frankfurt_2017_0980.jpg'><img loading=\"lazy\" decoding=\"async\" width=\"300\" height=\"200\" src=\"https:\/\/d2p6e6u75xmxt8.cloudfront.net\/10\/2017\/05\/skoda_frankfurt_2017_0980-640x427.jpg\" class=\"attachment-medium size-medium\" alt=\"\" srcset=\"https:\/\/d2p6e6u75xmxt8.cloudfront.net\/10\/2017\/05\/skoda_frankfurt_2017_0980-640x427.jpg 640w, https:\/\/d2p6e6u75xmxt8.cloudfront.net\/10\/2017\/05\/skoda_frankfurt_2017_0980-768x512.jpg 768w, https:\/\/d2p6e6u75xmxt8.cloudfront.net\/10\/2017\/05\/skoda_frankfurt_2017_0980-1280x853.jpg 1280w, https:\/\/d2p6e6u75xmxt8.cloudfront.net\/10\/2017\/05\/skoda_frankfurt_2017_0980-160x107.jpg 160w\" sizes=\"auto, (max-width: 300px) 100vw, 300px\" \/><\/a>\n\t\t\t<\/div><\/figure><figure class='gallery-item'>\n\t\t\t<div class='gallery-icon landscape'>\n\t\t\t\t<a href='https:\/\/d2p6e6u75xmxt8.cloudfront.net\/10\/2017\/05\/skoda_frankfurt_2017_0963.jpg'><img loading=\"lazy\" decoding=\"async\" width=\"300\" height=\"200\" src=\"https:\/\/d2p6e6u75xmxt8.cloudfront.net\/10\/2017\/05\/skoda_frankfurt_2017_0963-640x427.jpg\" class=\"attachment-medium size-medium\" alt=\"\" srcset=\"https:\/\/d2p6e6u75xmxt8.cloudfront.net\/10\/2017\/05\/skoda_frankfurt_2017_0963-640x427.jpg 640w, https:\/\/d2p6e6u75xmxt8.cloudfront.net\/10\/2017\/05\/skoda_frankfurt_2017_0963-768x512.jpg 768w, https:\/\/d2p6e6u75xmxt8.cloudfront.net\/10\/2017\/05\/skoda_frankfurt_2017_0963-1280x853.jpg 1280w, https:\/\/d2p6e6u75xmxt8.cloudfront.net\/10\/2017\/05\/skoda_frankfurt_2017_0963-160x107.jpg 160w\" sizes=\"auto, (max-width: 300px) 100vw, 300px\" \/><\/a>\n\t\t\t<\/div><\/figure><figure class='gallery-item'>\n\t\t\t<div class='gallery-icon landscape'>\n\t\t\t\t<a href='https:\/\/d2p6e6u75xmxt8.cloudfront.net\/10\/2017\/05\/skoda_frankfurt_2017_0950.jpg'><img loading=\"lazy\" decoding=\"async\" width=\"300\" height=\"200\" src=\"https:\/\/d2p6e6u75xmxt8.cloudfront.net\/10\/2017\/05\/skoda_frankfurt_2017_0950-640x427.jpg\" class=\"attachment-medium size-medium\" alt=\"\" srcset=\"https:\/\/d2p6e6u75xmxt8.cloudfront.net\/10\/2017\/05\/skoda_frankfurt_2017_0950-640x427.jpg 640w, https:\/\/d2p6e6u75xmxt8.cloudfront.net\/10\/2017\/05\/skoda_frankfurt_2017_0950-768x512.jpg 768w, https:\/\/d2p6e6u75xmxt8.cloudfront.net\/10\/2017\/05\/skoda_frankfurt_2017_0950-1280x853.jpg 1280w, https:\/\/d2p6e6u75xmxt8.cloudfront.net\/10\/2017\/05\/skoda_frankfurt_2017_0950-160x107.jpg 160w\" sizes=\"auto, (max-width: 300px) 100vw, 300px\" \/><\/a>\n\t\t\t<\/div><\/figure><figure class='gallery-item'>\n\t\t\t<div class='gallery-icon landscape'>\n\t\t\t\t<a href='https:\/\/d2p6e6u75xmxt8.cloudfront.net\/10\/2017\/05\/skoda_frankfurt_2017_0942.jpg'><img loading=\"lazy\" decoding=\"async\" width=\"300\" height=\"200\" src=\"https:\/\/d2p6e6u75xmxt8.cloudfront.net\/10\/2017\/05\/skoda_frankfurt_2017_0942-640x427.jpg\" class=\"attachment-medium size-medium\" alt=\"\" srcset=\"https:\/\/d2p6e6u75xmxt8.cloudfront.net\/10\/2017\/05\/skoda_frankfurt_2017_0942-640x427.jpg 640w, https:\/\/d2p6e6u75xmxt8.cloudfront.net\/10\/2017\/05\/skoda_frankfurt_2017_0942-768x512.jpg 768w, https:\/\/d2p6e6u75xmxt8.cloudfront.net\/10\/2017\/05\/skoda_frankfurt_2017_0942-1280x854.jpg 1280w, https:\/\/d2p6e6u75xmxt8.cloudfront.net\/10\/2017\/05\/skoda_frankfurt_2017_0942-160x107.jpg 160w\" sizes=\"auto, (max-width: 300px) 100vw, 300px\" \/><\/a>\n\t\t\t<\/div><\/figure><figure class='gallery-item'>\n\t\t\t<div class='gallery-icon landscape'>\n\t\t\t\t<a href='https:\/\/d2p6e6u75xmxt8.cloudfront.net\/10\/2017\/05\/skoda_frankfurt_2017_0939.jpg'><img loading=\"lazy\" decoding=\"async\" width=\"300\" height=\"200\" src=\"https:\/\/d2p6e6u75xmxt8.cloudfront.net\/10\/2017\/05\/skoda_frankfurt_2017_0939-640x427.jpg\" class=\"attachment-medium size-medium\" alt=\"\" srcset=\"https:\/\/d2p6e6u75xmxt8.cloudfront.net\/10\/2017\/05\/skoda_frankfurt_2017_0939-640x427.jpg 640w, https:\/\/d2p6e6u75xmxt8.cloudfront.net\/10\/2017\/05\/skoda_frankfurt_2017_0939-768x512.jpg 768w, https:\/\/d2p6e6u75xmxt8.cloudfront.net\/10\/2017\/05\/skoda_frankfurt_2017_0939-1280x853.jpg 1280w, https:\/\/d2p6e6u75xmxt8.cloudfront.net\/10\/2017\/05\/skoda_frankfurt_2017_0939-160x107.jpg 160w\" sizes=\"auto, (max-width: 300px) 100vw, 300px\" \/><\/a>\n\t\t\t<\/div><\/figure><figure class='gallery-item'>\n\t\t\t<div class='gallery-icon portrait'>\n\t\t\t\t<a href='https:\/\/d2p6e6u75xmxt8.cloudfront.net\/10\/2017\/05\/skoda_frankfurt_2017_0932.jpg'><img loading=\"lazy\" decoding=\"async\" width=\"200\" height=\"300\" src=\"https:\/\/d2p6e6u75xmxt8.cloudfront.net\/10\/2017\/05\/skoda_frankfurt_2017_0932-427x640.jpg\" class=\"attachment-medium size-medium\" alt=\"\" srcset=\"https:\/\/d2p6e6u75xmxt8.cloudfront.net\/10\/2017\/05\/skoda_frankfurt_2017_0932-427x640.jpg 427w, https:\/\/d2p6e6u75xmxt8.cloudfront.net\/10\/2017\/05\/skoda_frankfurt_2017_0932-768x1152.jpg 768w, https:\/\/d2p6e6u75xmxt8.cloudfront.net\/10\/2017\/05\/skoda_frankfurt_2017_0932-853x1280.jpg 853w, https:\/\/d2p6e6u75xmxt8.cloudfront.net\/10\/2017\/05\/skoda_frankfurt_2017_0932-1280x1920.jpg 1280w, https:\/\/d2p6e6u75xmxt8.cloudfront.net\/10\/2017\/05\/skoda_frankfurt_2017_0932-160x240.jpg 160w\" sizes=\"auto, (max-width: 200px) 100vw, 200px\" \/><\/a>\n\t\t\t<\/div><\/figure><figure class='gallery-item'>\n\t\t\t<div class='gallery-icon landscape'>\n\t\t\t\t<a href='https:\/\/d2p6e6u75xmxt8.cloudfront.net\/10\/2017\/05\/skoda_frankfurt_2017_0924.jpg'><img loading=\"lazy\" decoding=\"async\" width=\"300\" height=\"200\" src=\"https:\/\/d2p6e6u75xmxt8.cloudfront.net\/10\/2017\/05\/skoda_frankfurt_2017_0924-640x427.jpg\" class=\"attachment-medium size-medium\" alt=\"\" srcset=\"https:\/\/d2p6e6u75xmxt8.cloudfront.net\/10\/2017\/05\/skoda_frankfurt_2017_0924-640x427.jpg 640w, https:\/\/d2p6e6u75xmxt8.cloudfront.net\/10\/2017\/05\/skoda_frankfurt_2017_0924-768x512.jpg 768w, https:\/\/d2p6e6u75xmxt8.cloudfront.net\/10\/2017\/05\/skoda_frankfurt_2017_0924-1280x853.jpg 1280w, https:\/\/d2p6e6u75xmxt8.cloudfront.net\/10\/2017\/05\/skoda_frankfurt_2017_0924-160x107.jpg 160w\" sizes=\"auto, (max-width: 300px) 100vw, 300px\" \/><\/a>\n\t\t\t<\/div><\/figure><figure class='gallery-item'>\n\t\t\t<div class='gallery-icon portrait'>\n\t\t\t\t<a href='https:\/\/d2p6e6u75xmxt8.cloudfront.net\/10\/2017\/05\/skoda_frankfurt_2017_0915.jpg'><img loading=\"lazy\" decoding=\"async\" width=\"200\" height=\"300\" src=\"https:\/\/d2p6e6u75xmxt8.cloudfront.net\/10\/2017\/05\/skoda_frankfurt_2017_0915-427x640.jpg\" class=\"attachment-medium size-medium\" alt=\"\" srcset=\"https:\/\/d2p6e6u75xmxt8.cloudfront.net\/10\/2017\/05\/skoda_frankfurt_2017_0915-427x640.jpg 427w, https:\/\/d2p6e6u75xmxt8.cloudfront.net\/10\/2017\/05\/skoda_frankfurt_2017_0915-768x1152.jpg 768w, https:\/\/d2p6e6u75xmxt8.cloudfront.net\/10\/2017\/05\/skoda_frankfurt_2017_0915-853x1280.jpg 853w, https:\/\/d2p6e6u75xmxt8.cloudfront.net\/10\/2017\/05\/skoda_frankfurt_2017_0915-1280x1920.jpg 1280w, https:\/\/d2p6e6u75xmxt8.cloudfront.net\/10\/2017\/05\/skoda_frankfurt_2017_0915-160x240.jpg 160w\" sizes=\"auto, (max-width: 200px) 100vw, 200px\" \/><\/a>\n\t\t\t<\/div><\/figure><figure class='gallery-item'>\n\t\t\t<div class='gallery-icon portrait'>\n\t\t\t\t<a href='https:\/\/d2p6e6u75xmxt8.cloudfront.net\/10\/2017\/05\/skoda_frankfurt_2017_0904.jpg'><img loading=\"lazy\" decoding=\"async\" width=\"200\" height=\"300\" src=\"https:\/\/d2p6e6u75xmxt8.cloudfront.net\/10\/2017\/05\/skoda_frankfurt_2017_0904-427x640.jpg\" class=\"attachment-medium size-medium\" alt=\"\" srcset=\"https:\/\/d2p6e6u75xmxt8.cloudfront.net\/10\/2017\/05\/skoda_frankfurt_2017_0904-427x640.jpg 427w, https:\/\/d2p6e6u75xmxt8.cloudfront.net\/10\/2017\/05\/skoda_frankfurt_2017_0904-768x1152.jpg 768w, https:\/\/d2p6e6u75xmxt8.cloudfront.net\/10\/2017\/05\/skoda_frankfurt_2017_0904-853x1280.jpg 853w, https:\/\/d2p6e6u75xmxt8.cloudfront.net\/10\/2017\/05\/skoda_frankfurt_2017_0904-1280x1920.jpg 1280w, https:\/\/d2p6e6u75xmxt8.cloudfront.net\/10\/2017\/05\/skoda_frankfurt_2017_0904-160x240.jpg 160w\" sizes=\"auto, (max-width: 200px) 100vw, 200px\" \/><\/a>\n\t\t\t<\/div><\/figure><figure class='gallery-item'>\n\t\t\t<div class='gallery-icon landscape'>\n\t\t\t\t<a href='https:\/\/d2p6e6u75xmxt8.cloudfront.net\/10\/2017\/05\/skoda_frankfurt_2017_0900.jpg'><img loading=\"lazy\" decoding=\"async\" width=\"300\" height=\"200\" src=\"https:\/\/d2p6e6u75xmxt8.cloudfront.net\/10\/2017\/05\/skoda_frankfurt_2017_0900-640x427.jpg\" class=\"attachment-medium size-medium\" alt=\"\" srcset=\"https:\/\/d2p6e6u75xmxt8.cloudfront.net\/10\/2017\/05\/skoda_frankfurt_2017_0900-640x427.jpg 640w, https:\/\/d2p6e6u75xmxt8.cloudfront.net\/10\/2017\/05\/skoda_frankfurt_2017_0900-768x512.jpg 768w, https:\/\/d2p6e6u75xmxt8.cloudfront.net\/10\/2017\/05\/skoda_frankfurt_2017_0900-1280x853.jpg 1280w, https:\/\/d2p6e6u75xmxt8.cloudfront.net\/10\/2017\/05\/skoda_frankfurt_2017_0900-160x107.jpg 160w\" sizes=\"auto, (max-width: 300px) 100vw, 300px\" \/><\/a>\n\t\t\t<\/div><\/figure><figure class='gallery-item'>\n\t\t\t<div class='gallery-icon portrait'>\n\t\t\t\t<a href='https:\/\/d2p6e6u75xmxt8.cloudfront.net\/10\/2017\/05\/skoda_frankfurt_2017_0895.jpg'><img loading=\"lazy\" decoding=\"async\" width=\"200\" height=\"300\" src=\"https:\/\/d2p6e6u75xmxt8.cloudfront.net\/10\/2017\/05\/skoda_frankfurt_2017_0895-427x640.jpg\" class=\"attachment-medium size-medium\" alt=\"\" srcset=\"https:\/\/d2p6e6u75xmxt8.cloudfront.net\/10\/2017\/05\/skoda_frankfurt_2017_0895-427x640.jpg 427w, https:\/\/d2p6e6u75xmxt8.cloudfront.net\/10\/2017\/05\/skoda_frankfurt_2017_0895-768x1152.jpg 768w, https:\/\/d2p6e6u75xmxt8.cloudfront.net\/10\/2017\/05\/skoda_frankfurt_2017_0895-853x1280.jpg 853w, https:\/\/d2p6e6u75xmxt8.cloudfront.net\/10\/2017\/05\/skoda_frankfurt_2017_0895-1280x1920.jpg 1280w, https:\/\/d2p6e6u75xmxt8.cloudfront.net\/10\/2017\/05\/skoda_frankfurt_2017_0895-160x240.jpg 160w\" sizes=\"auto, (max-width: 200px) 100vw, 200px\" \/><\/a>\n\t\t\t<\/div><\/figure><figure class='gallery-item'>\n\t\t\t<div class='gallery-icon portrait'>\n\t\t\t\t<a href='https:\/\/d2p6e6u75xmxt8.cloudfront.net\/10\/2017\/05\/skoda_frankfurt_2017_0889.jpg'><img loading=\"lazy\" decoding=\"async\" width=\"200\" height=\"300\" src=\"https:\/\/d2p6e6u75xmxt8.cloudfront.net\/10\/2017\/05\/skoda_frankfurt_2017_0889-427x640.jpg\" class=\"attachment-medium size-medium\" alt=\"\" srcset=\"https:\/\/d2p6e6u75xmxt8.cloudfront.net\/10\/2017\/05\/skoda_frankfurt_2017_0889-427x640.jpg 427w, https:\/\/d2p6e6u75xmxt8.cloudfront.net\/10\/2017\/05\/skoda_frankfurt_2017_0889-768x1152.jpg 768w, https:\/\/d2p6e6u75xmxt8.cloudfront.net\/10\/2017\/05\/skoda_frankfurt_2017_0889-853x1280.jpg 853w, https:\/\/d2p6e6u75xmxt8.cloudfront.net\/10\/2017\/05\/skoda_frankfurt_2017_0889-1280x1920.jpg 1280w, https:\/\/d2p6e6u75xmxt8.cloudfront.net\/10\/2017\/05\/skoda_frankfurt_2017_0889-160x240.jpg 160w\" sizes=\"auto, (max-width: 200px) 100vw, 200px\" \/><\/a>\n\t\t\t<\/div><\/figure><figure class='gallery-item'>\n\t\t\t<div class='gallery-icon landscape'>\n\t\t\t\t<a href='https:\/\/d2p6e6u75xmxt8.cloudfront.net\/10\/2017\/05\/skoda_frankfurt_2017_0888.jpg'><img loading=\"lazy\" decoding=\"async\" width=\"300\" height=\"200\" src=\"https:\/\/d2p6e6u75xmxt8.cloudfront.net\/10\/2017\/05\/skoda_frankfurt_2017_0888-640x427.jpg\" class=\"attachment-medium size-medium\" alt=\"\" srcset=\"https:\/\/d2p6e6u75xmxt8.cloudfront.net\/10\/2017\/05\/skoda_frankfurt_2017_0888-640x427.jpg 640w, https:\/\/d2p6e6u75xmxt8.cloudfront.net\/10\/2017\/05\/skoda_frankfurt_2017_0888-768x512.jpg 768w, https:\/\/d2p6e6u75xmxt8.cloudfront.net\/10\/2017\/05\/skoda_frankfurt_2017_0888-1280x853.jpg 1280w, https:\/\/d2p6e6u75xmxt8.cloudfront.net\/10\/2017\/05\/skoda_frankfurt_2017_0888-160x107.jpg 160w\" sizes=\"auto, (max-width: 300px) 100vw, 300px\" \/><\/a>\n\t\t\t<\/div><\/figure><figure class='gallery-item'>\n\t\t\t<div class='gallery-icon landscape'>\n\t\t\t\t<a href='https:\/\/d2p6e6u75xmxt8.cloudfront.net\/10\/2017\/05\/skoda_frankfurt_2017_0884.jpg'><img loading=\"lazy\" decoding=\"async\" width=\"300\" height=\"200\" src=\"https:\/\/d2p6e6u75xmxt8.cloudfront.net\/10\/2017\/05\/skoda_frankfurt_2017_0884-640x427.jpg\" class=\"attachment-medium size-medium\" alt=\"\" srcset=\"https:\/\/d2p6e6u75xmxt8.cloudfront.net\/10\/2017\/05\/skoda_frankfurt_2017_0884-640x427.jpg 640w, https:\/\/d2p6e6u75xmxt8.cloudfront.net\/10\/2017\/05\/skoda_frankfurt_2017_0884-768x512.jpg 768w, https:\/\/d2p6e6u75xmxt8.cloudfront.net\/10\/2017\/05\/skoda_frankfurt_2017_0884-1280x853.jpg 1280w, https:\/\/d2p6e6u75xmxt8.cloudfront.net\/10\/2017\/05\/skoda_frankfurt_2017_0884-160x107.jpg 160w\" sizes=\"auto, (max-width: 300px) 100vw, 300px\" \/><\/a>\n\t\t\t<\/div><\/figure><figure class='gallery-item'>\n\t\t\t<div class='gallery-icon portrait'>\n\t\t\t\t<a href='https:\/\/d2p6e6u75xmxt8.cloudfront.net\/10\/2017\/05\/skoda_frankfurt_2017_0878.jpg'><img loading=\"lazy\" decoding=\"async\" width=\"200\" height=\"300\" src=\"https:\/\/d2p6e6u75xmxt8.cloudfront.net\/10\/2017\/05\/skoda_frankfurt_2017_0878-427x640.jpg\" class=\"attachment-medium size-medium\" alt=\"\" srcset=\"https:\/\/d2p6e6u75xmxt8.cloudfront.net\/10\/2017\/05\/skoda_frankfurt_2017_0878-427x640.jpg 427w, https:\/\/d2p6e6u75xmxt8.cloudfront.net\/10\/2017\/05\/skoda_frankfurt_2017_0878-768x1152.jpg 768w, https:\/\/d2p6e6u75xmxt8.cloudfront.net\/10\/2017\/05\/skoda_frankfurt_2017_0878-853x1280.jpg 853w, https:\/\/d2p6e6u75xmxt8.cloudfront.net\/10\/2017\/05\/skoda_frankfurt_2017_0878-1280x1920.jpg 1280w, https:\/\/d2p6e6u75xmxt8.cloudfront.net\/10\/2017\/05\/skoda_frankfurt_2017_0878-160x240.jpg 160w\" sizes=\"auto, (max-width: 200px) 100vw, 200px\" \/><\/a>\n\t\t\t<\/div><\/figure><figure class='gallery-item'>\n\t\t\t<div class='gallery-icon landscape'>\n\t\t\t\t<a href='https:\/\/d2p6e6u75xmxt8.cloudfront.net\/10\/2017\/05\/skoda_frankfurt_2017_0849.jpg'><img loading=\"lazy\" decoding=\"async\" width=\"300\" height=\"200\" src=\"https:\/\/d2p6e6u75xmxt8.cloudfront.net\/10\/2017\/05\/skoda_frankfurt_2017_0849-640x427.jpg\" class=\"attachment-medium size-medium\" alt=\"\" srcset=\"https:\/\/d2p6e6u75xmxt8.cloudfront.net\/10\/2017\/05\/skoda_frankfurt_2017_0849-640x427.jpg 640w, https:\/\/d2p6e6u75xmxt8.cloudfront.net\/10\/2017\/05\/skoda_frankfurt_2017_0849-768x512.jpg 768w, https:\/\/d2p6e6u75xmxt8.cloudfront.net\/10\/2017\/05\/skoda_frankfurt_2017_0849-1280x853.jpg 1280w, https:\/\/d2p6e6u75xmxt8.cloudfront.net\/10\/2017\/05\/skoda_frankfurt_2017_0849-160x107.jpg 160w\" sizes=\"auto, (max-width: 300px) 100vw, 300px\" \/><\/a>\n\t\t\t<\/div><\/figure><figure class='gallery-item'>\n\t\t\t<div class='gallery-icon landscape'>\n\t\t\t\t<a href='https:\/\/d2p6e6u75xmxt8.cloudfront.net\/10\/2017\/05\/skoda_frankfurt_2017_0836.jpg'><img loading=\"lazy\" decoding=\"async\" width=\"300\" height=\"200\" src=\"https:\/\/d2p6e6u75xmxt8.cloudfront.net\/10\/2017\/05\/skoda_frankfurt_2017_0836-640x427.jpg\" class=\"attachment-medium size-medium\" alt=\"\" srcset=\"https:\/\/d2p6e6u75xmxt8.cloudfront.net\/10\/2017\/05\/skoda_frankfurt_2017_0836-640x427.jpg 640w, https:\/\/d2p6e6u75xmxt8.cloudfront.net\/10\/2017\/05\/skoda_frankfurt_2017_0836-768x512.jpg 768w, https:\/\/d2p6e6u75xmxt8.cloudfront.net\/10\/2017\/05\/skoda_frankfurt_2017_0836-1280x853.jpg 1280w, https:\/\/d2p6e6u75xmxt8.cloudfront.net\/10\/2017\/05\/skoda_frankfurt_2017_0836-160x107.jpg 160w\" sizes=\"auto, (max-width: 300px) 100vw, 300px\" \/><\/a>\n\t\t\t<\/div><\/figure><figure class='gallery-item'>\n\t\t\t<div class='gallery-icon landscape'>\n\t\t\t\t<a href='https:\/\/d2p6e6u75xmxt8.cloudfront.net\/10\/2017\/05\/skoda_frankfurt_2017_0833.jpg'><img loading=\"lazy\" decoding=\"async\" width=\"300\" height=\"226\" src=\"https:\/\/d2p6e6u75xmxt8.cloudfront.net\/10\/2017\/05\/skoda_frankfurt_2017_0833-640x483.jpg\" class=\"attachment-medium size-medium\" alt=\"\" srcset=\"https:\/\/d2p6e6u75xmxt8.cloudfront.net\/10\/2017\/05\/skoda_frankfurt_2017_0833-640x480.jpg 640w, https:\/\/d2p6e6u75xmxt8.cloudfront.net\/10\/2017\/05\/skoda_frankfurt_2017_0833-768x580.jpg 768w, https:\/\/d2p6e6u75xmxt8.cloudfront.net\/10\/2017\/05\/skoda_frankfurt_2017_0833-1280x967.jpg 1280w, https:\/\/d2p6e6u75xmxt8.cloudfront.net\/10\/2017\/05\/skoda_frankfurt_2017_0833-160x121.jpg 160w\" sizes=\"auto, (max-width: 300px) 100vw, 300px\" \/><\/a>\n\t\t\t<\/div><\/figure><figure class='gallery-item'>\n\t\t\t<div class='gallery-icon landscape'>\n\t\t\t\t<a href='https:\/\/d2p6e6u75xmxt8.cloudfront.net\/10\/2017\/05\/skoda_frankfurt_2017_0785.jpg'><img loading=\"lazy\" decoding=\"async\" width=\"300\" height=\"200\" src=\"https:\/\/d2p6e6u75xmxt8.cloudfront.net\/10\/2017\/05\/skoda_frankfurt_2017_0785-640x427.jpg\" class=\"attachment-medium size-medium\" alt=\"\" srcset=\"https:\/\/d2p6e6u75xmxt8.cloudfront.net\/10\/2017\/05\/skoda_frankfurt_2017_0785-640x427.jpg 640w, https:\/\/d2p6e6u75xmxt8.cloudfront.net\/10\/2017\/05\/skoda_frankfurt_2017_0785-768x512.jpg 768w, https:\/\/d2p6e6u75xmxt8.cloudfront.net\/10\/2017\/05\/skoda_frankfurt_2017_0785-1280x853.jpg 1280w, https:\/\/d2p6e6u75xmxt8.cloudfront.net\/10\/2017\/05\/skoda_frankfurt_2017_0785-160x107.jpg 160w\" sizes=\"auto, (max-width: 300px) 100vw, 300px\" \/><\/a>\n\t\t\t<\/div><\/figure><figure class='gallery-item'>\n\t\t\t<div class='gallery-icon landscape'>\n\t\t\t\t<a href='https:\/\/d2p6e6u75xmxt8.cloudfront.net\/10\/2017\/05\/skoda_frankfurt_2017_0772.jpg'><img loading=\"lazy\" decoding=\"async\" width=\"300\" height=\"200\" src=\"https:\/\/d2p6e6u75xmxt8.cloudfront.net\/10\/2017\/05\/skoda_frankfurt_2017_0772-640x427.jpg\" class=\"attachment-medium size-medium\" alt=\"\" srcset=\"https:\/\/d2p6e6u75xmxt8.cloudfront.net\/10\/2017\/05\/skoda_frankfurt_2017_0772-640x427.jpg 640w, https:\/\/d2p6e6u75xmxt8.cloudfront.net\/10\/2017\/05\/skoda_frankfurt_2017_0772-768x512.jpg 768w, https:\/\/d2p6e6u75xmxt8.cloudfront.net\/10\/2017\/05\/skoda_frankfurt_2017_0772-1280x853.jpg 1280w, https:\/\/d2p6e6u75xmxt8.cloudfront.net\/10\/2017\/05\/skoda_frankfurt_2017_0772-160x107.jpg 160w\" sizes=\"auto, (max-width: 300px) 100vw, 300px\" \/><\/a>\n\t\t\t<\/div><\/figure><figure class='gallery-item'>\n\t\t\t<div class='gallery-icon landscape'>\n\t\t\t\t<a href='https:\/\/d2p6e6u75xmxt8.cloudfront.net\/10\/2017\/05\/skoda_frankfurt_2017_0768.jpg'><img loading=\"lazy\" decoding=\"async\" width=\"300\" height=\"200\" src=\"https:\/\/d2p6e6u75xmxt8.cloudfront.net\/10\/2017\/05\/skoda_frankfurt_2017_0768-640x427.jpg\" class=\"attachment-medium size-medium\" alt=\"\" srcset=\"https:\/\/d2p6e6u75xmxt8.cloudfront.net\/10\/2017\/05\/skoda_frankfurt_2017_0768-640x427.jpg 640w, https:\/\/d2p6e6u75xmxt8.cloudfront.net\/10\/2017\/05\/skoda_frankfurt_2017_0768-768x512.jpg 768w, https:\/\/d2p6e6u75xmxt8.cloudfront.net\/10\/2017\/05\/skoda_frankfurt_2017_0768-1280x853.jpg 1280w, https:\/\/d2p6e6u75xmxt8.cloudfront.net\/10\/2017\/05\/skoda_frankfurt_2017_0768-160x107.jpg 160w\" sizes=\"auto, (max-width: 300px) 100vw, 300px\" \/><\/a>\n\t\t\t<\/div><\/figure><figure class='gallery-item'>\n\t\t\t<div class='gallery-icon landscape'>\n\t\t\t\t<a href='https:\/\/d2p6e6u75xmxt8.cloudfront.net\/10\/2017\/05\/skoda_frankfurt_2017_0765.jpg'><img loading=\"lazy\" decoding=\"async\" width=\"300\" height=\"200\" src=\"https:\/\/d2p6e6u75xmxt8.cloudfront.net\/10\/2017\/05\/skoda_frankfurt_2017_0765-640x427.jpg\" class=\"attachment-medium size-medium\" alt=\"\" srcset=\"https:\/\/d2p6e6u75xmxt8.cloudfront.net\/10\/2017\/05\/skoda_frankfurt_2017_0765-640x427.jpg 640w, https:\/\/d2p6e6u75xmxt8.cloudfront.net\/10\/2017\/05\/skoda_frankfurt_2017_0765-768x512.jpg 768w, https:\/\/d2p6e6u75xmxt8.cloudfront.net\/10\/2017\/05\/skoda_frankfurt_2017_0765-1280x853.jpg 1280w, https:\/\/d2p6e6u75xmxt8.cloudfront.net\/10\/2017\/05\/skoda_frankfurt_2017_0765-160x107.jpg 160w\" sizes=\"auto, (max-width: 300px) 100vw, 300px\" \/><\/a>\n\t\t\t<\/div><\/figure><figure class='gallery-item'>\n\t\t\t<div class='gallery-icon landscape'>\n\t\t\t\t<a href='https:\/\/d2p6e6u75xmxt8.cloudfront.net\/10\/2017\/05\/skoda_frankfurt_2017_0755.jpg'><img loading=\"lazy\" decoding=\"async\" width=\"300\" height=\"200\" src=\"https:\/\/d2p6e6u75xmxt8.cloudfront.net\/10\/2017\/05\/skoda_frankfurt_2017_0755-640x427.jpg\" class=\"attachment-medium size-medium\" alt=\"\" srcset=\"https:\/\/d2p6e6u75xmxt8.cloudfront.net\/10\/2017\/05\/skoda_frankfurt_2017_0755-640x427.jpg 640w, https:\/\/d2p6e6u75xmxt8.cloudfront.net\/10\/2017\/05\/skoda_frankfurt_2017_0755-768x512.jpg 768w, https:\/\/d2p6e6u75xmxt8.cloudfront.net\/10\/2017\/05\/skoda_frankfurt_2017_0755-1280x853.jpg 1280w, https:\/\/d2p6e6u75xmxt8.cloudfront.net\/10\/2017\/05\/skoda_frankfurt_2017_0755-160x107.jpg 160w\" sizes=\"auto, (max-width: 300px) 100vw, 300px\" \/><\/a>\n\t\t\t<\/div><\/figure><figure class='gallery-item'>\n\t\t\t<div class='gallery-icon portrait'>\n\t\t\t\t<a href='https:\/\/d2p6e6u75xmxt8.cloudfront.net\/10\/2017\/05\/skoda_frankfurt_2017_0750.jpg'><img loading=\"lazy\" decoding=\"async\" width=\"200\" height=\"300\" src=\"https:\/\/d2p6e6u75xmxt8.cloudfront.net\/10\/2017\/05\/skoda_frankfurt_2017_0750-427x640.jpg\" class=\"attachment-medium size-medium\" alt=\"\" srcset=\"https:\/\/d2p6e6u75xmxt8.cloudfront.net\/10\/2017\/05\/skoda_frankfurt_2017_0750-427x640.jpg 427w, https:\/\/d2p6e6u75xmxt8.cloudfront.net\/10\/2017\/05\/skoda_frankfurt_2017_0750-768x1152.jpg 768w, https:\/\/d2p6e6u75xmxt8.cloudfront.net\/10\/2017\/05\/skoda_frankfurt_2017_0750-853x1280.jpg 853w, https:\/\/d2p6e6u75xmxt8.cloudfront.net\/10\/2017\/05\/skoda_frankfurt_2017_0750-1280x1920.jpg 1280w, https:\/\/d2p6e6u75xmxt8.cloudfront.net\/10\/2017\/05\/skoda_frankfurt_2017_0750-160x240.jpg 160w\" sizes=\"auto, (max-width: 200px) 100vw, 200px\" \/><\/a>\n\t\t\t<\/div><\/figure><figure class='gallery-item'>\n\t\t\t<div class='gallery-icon landscape'>\n\t\t\t\t<a href='https:\/\/d2p6e6u75xmxt8.cloudfront.net\/10\/2017\/05\/skoda_frankfurt_2017_0749.jpg'><img loading=\"lazy\" decoding=\"async\" width=\"300\" height=\"200\" src=\"https:\/\/d2p6e6u75xmxt8.cloudfront.net\/10\/2017\/05\/skoda_frankfurt_2017_0749-640x427.jpg\" class=\"attachment-medium size-medium\" alt=\"\" srcset=\"https:\/\/d2p6e6u75xmxt8.cloudfront.net\/10\/2017\/05\/skoda_frankfurt_2017_0749-640x427.jpg 640w, https:\/\/d2p6e6u75xmxt8.cloudfront.net\/10\/2017\/05\/skoda_frankfurt_2017_0749-768x512.jpg 768w, https:\/\/d2p6e6u75xmxt8.cloudfront.net\/10\/2017\/05\/skoda_frankfurt_2017_0749-1280x853.jpg 1280w, https:\/\/d2p6e6u75xmxt8.cloudfront.net\/10\/2017\/05\/skoda_frankfurt_2017_0749-160x107.jpg 160w\" sizes=\"auto, (max-width: 300px) 100vw, 300px\" \/><\/a>\n\t\t\t<\/div><\/figure><figure class='gallery-item'>\n\t\t\t<div class='gallery-icon landscape'>\n\t\t\t\t<a href='https:\/\/d2p6e6u75xmxt8.cloudfront.net\/10\/2017\/05\/skoda_frankfurt_2017_0743.jpg'><img loading=\"lazy\" decoding=\"async\" width=\"300\" height=\"200\" src=\"https:\/\/d2p6e6u75xmxt8.cloudfront.net\/10\/2017\/05\/skoda_frankfurt_2017_0743-640x427.jpg\" class=\"attachment-medium size-medium\" alt=\"\" srcset=\"https:\/\/d2p6e6u75xmxt8.cloudfront.net\/10\/2017\/05\/skoda_frankfurt_2017_0743-640x427.jpg 640w, https:\/\/d2p6e6u75xmxt8.cloudfront.net\/10\/2017\/05\/skoda_frankfurt_2017_0743-768x512.jpg 768w, https:\/\/d2p6e6u75xmxt8.cloudfront.net\/10\/2017\/05\/skoda_frankfurt_2017_0743-1280x853.jpg 1280w, https:\/\/d2p6e6u75xmxt8.cloudfront.net\/10\/2017\/05\/skoda_frankfurt_2017_0743-160x107.jpg 160w\" sizes=\"auto, (max-width: 300px) 100vw, 300px\" \/><\/a>\n\t\t\t<\/div><\/figure><figure class='gallery-item'>\n\t\t\t<div class='gallery-icon landscape'>\n\t\t\t\t<a href='https:\/\/d2p6e6u75xmxt8.cloudfront.net\/10\/2017\/05\/skoda_frankfurt_2017_0738.jpg'><img loading=\"lazy\" decoding=\"async\" width=\"300\" height=\"200\" src=\"https:\/\/d2p6e6u75xmxt8.cloudfront.net\/10\/2017\/05\/skoda_frankfurt_2017_0738-640x427.jpg\" class=\"attachment-medium size-medium\" alt=\"\" srcset=\"https:\/\/d2p6e6u75xmxt8.cloudfront.net\/10\/2017\/05\/skoda_frankfurt_2017_0738-640x427.jpg 640w, https:\/\/d2p6e6u75xmxt8.cloudfront.net\/10\/2017\/05\/skoda_frankfurt_2017_0738-768x512.jpg 768w, https:\/\/d2p6e6u75xmxt8.cloudfront.net\/10\/2017\/05\/skoda_frankfurt_2017_0738-1280x853.jpg 1280w, https:\/\/d2p6e6u75xmxt8.cloudfront.net\/10\/2017\/05\/skoda_frankfurt_2017_0738-160x107.jpg 160w\" sizes=\"auto, (max-width: 300px) 100vw, 300px\" \/><\/a>\n\t\t\t<\/div><\/figure><figure class='gallery-item'>\n\t\t\t<div class='gallery-icon landscape'>\n\t\t\t\t<a href='https:\/\/d2p6e6u75xmxt8.cloudfront.net\/10\/2017\/05\/skoda_frankfurt_2017_0731.jpg'><img loading=\"lazy\" decoding=\"async\" width=\"300\" height=\"200\" src=\"https:\/\/d2p6e6u75xmxt8.cloudfront.net\/10\/2017\/05\/skoda_frankfurt_2017_0731-640x427.jpg\" class=\"attachment-medium size-medium\" alt=\"\" srcset=\"https:\/\/d2p6e6u75xmxt8.cloudfront.net\/10\/2017\/05\/skoda_frankfurt_2017_0731-640x427.jpg 640w, https:\/\/d2p6e6u75xmxt8.cloudfront.net\/10\/2017\/05\/skoda_frankfurt_2017_0731-768x512.jpg 768w, https:\/\/d2p6e6u75xmxt8.cloudfront.net\/10\/2017\/05\/skoda_frankfurt_2017_0731-1280x853.jpg 1280w, https:\/\/d2p6e6u75xmxt8.cloudfront.net\/10\/2017\/05\/skoda_frankfurt_2017_0731-160x107.jpg 160w\" sizes=\"auto, (max-width: 300px) 100vw, 300px\" \/><\/a>\n\t\t\t<\/div><\/figure><figure class='gallery-item'>\n\t\t\t<div class='gallery-icon landscape'>\n\t\t\t\t<a href='https:\/\/d2p6e6u75xmxt8.cloudfront.net\/10\/2017\/05\/skoda_frankfurt_2017_0726.jpg'><img loading=\"lazy\" decoding=\"async\" width=\"300\" height=\"200\" src=\"https:\/\/d2p6e6u75xmxt8.cloudfront.net\/10\/2017\/05\/skoda_frankfurt_2017_0726-640x427.jpg\" class=\"attachment-medium size-medium\" alt=\"\" srcset=\"https:\/\/d2p6e6u75xmxt8.cloudfront.net\/10\/2017\/05\/skoda_frankfurt_2017_0726-640x427.jpg 640w, https:\/\/d2p6e6u75xmxt8.cloudfront.net\/10\/2017\/05\/skoda_frankfurt_2017_0726-768x512.jpg 768w, https:\/\/d2p6e6u75xmxt8.cloudfront.net\/10\/2017\/05\/skoda_frankfurt_2017_0726-1280x853.jpg 1280w, https:\/\/d2p6e6u75xmxt8.cloudfront.net\/10\/2017\/05\/skoda_frankfurt_2017_0726-160x107.jpg 160w\" sizes=\"auto, (max-width: 300px) 100vw, 300px\" \/><\/a>\n\t\t\t<\/div><\/figure><figure class='gallery-item'>\n\t\t\t<div class='gallery-icon landscape'>\n\t\t\t\t<a href='https:\/\/d2p6e6u75xmxt8.cloudfront.net\/10\/2017\/05\/skoda_frankfurt_2017_0734.jpg'><img loading=\"lazy\" decoding=\"async\" width=\"300\" height=\"200\" src=\"https:\/\/d2p6e6u75xmxt8.cloudfront.net\/10\/2017\/05\/skoda_frankfurt_2017_0734-640x427.jpg\" class=\"attachment-medium size-medium\" alt=\"\" srcset=\"https:\/\/d2p6e6u75xmxt8.cloudfront.net\/10\/2017\/05\/skoda_frankfurt_2017_0734-640x427.jpg 640w, https:\/\/d2p6e6u75xmxt8.cloudfront.net\/10\/2017\/05\/skoda_frankfurt_2017_0734-768x512.jpg 768w, https:\/\/d2p6e6u75xmxt8.cloudfront.net\/10\/2017\/05\/skoda_frankfurt_2017_0734-1280x853.jpg 1280w, https:\/\/d2p6e6u75xmxt8.cloudfront.net\/10\/2017\/05\/skoda_frankfurt_2017_0734-160x107.jpg 160w\" sizes=\"auto, (max-width: 300px) 100vw, 300px\" \/><\/a>\n\t\t\t<\/div><\/figure><figure class='gallery-item'>\n\t\t\t<div class='gallery-icon portrait'>\n\t\t\t\t<a href='https:\/\/d2p6e6u75xmxt8.cloudfront.net\/10\/2017\/05\/skoda_frankfurt_2017_0724.jpg'><img loading=\"lazy\" decoding=\"async\" width=\"200\" height=\"300\" src=\"https:\/\/d2p6e6u75xmxt8.cloudfront.net\/10\/2017\/05\/skoda_frankfurt_2017_0724-427x640.jpg\" class=\"attachment-medium size-medium\" alt=\"\" srcset=\"https:\/\/d2p6e6u75xmxt8.cloudfront.net\/10\/2017\/05\/skoda_frankfurt_2017_0724-427x640.jpg 427w, https:\/\/d2p6e6u75xmxt8.cloudfront.net\/10\/2017\/05\/skoda_frankfurt_2017_0724-768x1152.jpg 768w, https:\/\/d2p6e6u75xmxt8.cloudfront.net\/10\/2017\/05\/skoda_frankfurt_2017_0724-853x1280.jpg 853w, https:\/\/d2p6e6u75xmxt8.cloudfront.net\/10\/2017\/05\/skoda_frankfurt_2017_0724-1280x1920.jpg 1280w, https:\/\/d2p6e6u75xmxt8.cloudfront.net\/10\/2017\/05\/skoda_frankfurt_2017_0724-160x240.jpg 160w\" sizes=\"auto, (max-width: 200px) 100vw, 200px\" \/><\/a>\n\t\t\t<\/div><\/figure><figure class='gallery-item'>\n\t\t\t<div class='gallery-icon portrait'>\n\t\t\t\t<a href='https:\/\/d2p6e6u75xmxt8.cloudfront.net\/10\/2017\/05\/skoda_frankfurt_2017_0718.jpg'><img loading=\"lazy\" decoding=\"async\" width=\"200\" height=\"300\" src=\"https:\/\/d2p6e6u75xmxt8.cloudfront.net\/10\/2017\/05\/skoda_frankfurt_2017_0718-427x640.jpg\" class=\"attachment-medium size-medium\" alt=\"\" srcset=\"https:\/\/d2p6e6u75xmxt8.cloudfront.net\/10\/2017\/05\/skoda_frankfurt_2017_0718-427x640.jpg 427w, https:\/\/d2p6e6u75xmxt8.cloudfront.net\/10\/2017\/05\/skoda_frankfurt_2017_0718-768x1152.jpg 768w, https:\/\/d2p6e6u75xmxt8.cloudfront.net\/10\/2017\/05\/skoda_frankfurt_2017_0718-853x1280.jpg 853w, https:\/\/d2p6e6u75xmxt8.cloudfront.net\/10\/2017\/05\/skoda_frankfurt_2017_0718-1280x1920.jpg 1280w, https:\/\/d2p6e6u75xmxt8.cloudfront.net\/10\/2017\/05\/skoda_frankfurt_2017_0718-160x240.jpg 160w\" sizes=\"auto, (max-width: 200px) 100vw, 200px\" \/><\/a>\n\t\t\t<\/div><\/figure><figure class='gallery-item'>\n\t\t\t<div class='gallery-icon portrait'>\n\t\t\t\t<a href='https:\/\/d2p6e6u75xmxt8.cloudfront.net\/10\/2017\/05\/skoda_frankfurt_2017_0713.jpg'><img loading=\"lazy\" decoding=\"async\" width=\"200\" height=\"300\" src=\"https:\/\/d2p6e6u75xmxt8.cloudfront.net\/10\/2017\/05\/skoda_frankfurt_2017_0713-427x640.jpg\" class=\"attachment-medium size-medium\" alt=\"\" srcset=\"https:\/\/d2p6e6u75xmxt8.cloudfront.net\/10\/2017\/05\/skoda_frankfurt_2017_0713-427x640.jpg 427w, https:\/\/d2p6e6u75xmxt8.cloudfront.net\/10\/2017\/05\/skoda_frankfurt_2017_0713-768x1152.jpg 768w, https:\/\/d2p6e6u75xmxt8.cloudfront.net\/10\/2017\/05\/skoda_frankfurt_2017_0713-853x1280.jpg 853w, https:\/\/d2p6e6u75xmxt8.cloudfront.net\/10\/2017\/05\/skoda_frankfurt_2017_0713-1280x1920.jpg 1280w, https:\/\/d2p6e6u75xmxt8.cloudfront.net\/10\/2017\/05\/skoda_frankfurt_2017_0713-160x240.jpg 160w\" sizes=\"auto, (max-width: 200px) 100vw, 200px\" \/><\/a>\n\t\t\t<\/div><\/figure><figure class='gallery-item'>\n\t\t\t<div class='gallery-icon landscape'>\n\t\t\t\t<a href='https:\/\/d2p6e6u75xmxt8.cloudfront.net\/10\/2017\/05\/skoda_frankfurt_2017_0705.jpg'><img loading=\"lazy\" decoding=\"async\" width=\"300\" height=\"200\" src=\"https:\/\/d2p6e6u75xmxt8.cloudfront.net\/10\/2017\/05\/skoda_frankfurt_2017_0705-640x427.jpg\" class=\"attachment-medium size-medium\" alt=\"\" srcset=\"https:\/\/d2p6e6u75xmxt8.cloudfront.net\/10\/2017\/05\/skoda_frankfurt_2017_0705-640x427.jpg 640w, https:\/\/d2p6e6u75xmxt8.cloudfront.net\/10\/2017\/05\/skoda_frankfurt_2017_0705-768x512.jpg 768w, https:\/\/d2p6e6u75xmxt8.cloudfront.net\/10\/2017\/05\/skoda_frankfurt_2017_0705-1280x853.jpg 1280w, https:\/\/d2p6e6u75xmxt8.cloudfront.net\/10\/2017\/05\/skoda_frankfurt_2017_0705-160x107.jpg 160w\" sizes=\"auto, (max-width: 300px) 100vw, 300px\" \/><\/a>\n\t\t\t<\/div><\/figure><figure class='gallery-item'>\n\t\t\t<div class='gallery-icon landscape'>\n\t\t\t\t<a href='https:\/\/d2p6e6u75xmxt8.cloudfront.net\/10\/2017\/05\/skoda_frankfurt_2017_0697.jpg'><img loading=\"lazy\" decoding=\"async\" width=\"300\" height=\"200\" src=\"https:\/\/d2p6e6u75xmxt8.cloudfront.net\/10\/2017\/05\/skoda_frankfurt_2017_0697-640x427.jpg\" class=\"attachment-medium size-medium\" alt=\"\" srcset=\"https:\/\/d2p6e6u75xmxt8.cloudfront.net\/10\/2017\/05\/skoda_frankfurt_2017_0697-640x427.jpg 640w, https:\/\/d2p6e6u75xmxt8.cloudfront.net\/10\/2017\/05\/skoda_frankfurt_2017_0697-768x512.jpg 768w, https:\/\/d2p6e6u75xmxt8.cloudfront.net\/10\/2017\/05\/skoda_frankfurt_2017_0697-1280x853.jpg 1280w, https:\/\/d2p6e6u75xmxt8.cloudfront.net\/10\/2017\/05\/skoda_frankfurt_2017_0697-160x107.jpg 160w\" sizes=\"auto, (max-width: 300px) 100vw, 300px\" \/><\/a>\n\t\t\t<\/div><\/figure><figure class='gallery-item'>\n\t\t\t<div class='gallery-icon landscape'>\n\t\t\t\t<a href='https:\/\/d2p6e6u75xmxt8.cloudfront.net\/10\/2017\/05\/skoda_frankfurt_2017_0692.jpg'><img loading=\"lazy\" decoding=\"async\" width=\"300\" height=\"200\" src=\"https:\/\/d2p6e6u75xmxt8.cloudfront.net\/10\/2017\/05\/skoda_frankfurt_2017_0692-640x427.jpg\" class=\"attachment-medium size-medium\" alt=\"\" srcset=\"https:\/\/d2p6e6u75xmxt8.cloudfront.net\/10\/2017\/05\/skoda_frankfurt_2017_0692-640x427.jpg 640w, https:\/\/d2p6e6u75xmxt8.cloudfront.net\/10\/2017\/05\/skoda_frankfurt_2017_0692-768x512.jpg 768w, https:\/\/d2p6e6u75xmxt8.cloudfront.net\/10\/2017\/05\/skoda_frankfurt_2017_0692-1280x853.jpg 1280w, https:\/\/d2p6e6u75xmxt8.cloudfront.net\/10\/2017\/05\/skoda_frankfurt_2017_0692-160x107.jpg 160w\" sizes=\"auto, (max-width: 300px) 100vw, 300px\" \/><\/a>\n\t\t\t<\/div><\/figure><figure class='gallery-item'>\n\t\t\t<div class='gallery-icon portrait'>\n\t\t\t\t<a href='https:\/\/d2p6e6u75xmxt8.cloudfront.net\/10\/2017\/05\/skoda_frankfurt_2017_0688.jpg'><img loading=\"lazy\" decoding=\"async\" width=\"200\" height=\"300\" src=\"https:\/\/d2p6e6u75xmxt8.cloudfront.net\/10\/2017\/05\/skoda_frankfurt_2017_0688-427x640.jpg\" class=\"attachment-medium size-medium\" alt=\"\" srcset=\"https:\/\/d2p6e6u75xmxt8.cloudfront.net\/10\/2017\/05\/skoda_frankfurt_2017_0688-427x640.jpg 427w, https:\/\/d2p6e6u75xmxt8.cloudfront.net\/10\/2017\/05\/skoda_frankfurt_2017_0688-768x1152.jpg 768w, https:\/\/d2p6e6u75xmxt8.cloudfront.net\/10\/2017\/05\/skoda_frankfurt_2017_0688-853x1280.jpg 853w, https:\/\/d2p6e6u75xmxt8.cloudfront.net\/10\/2017\/05\/skoda_frankfurt_2017_0688-1280x1920.jpg 1280w, https:\/\/d2p6e6u75xmxt8.cloudfront.net\/10\/2017\/05\/skoda_frankfurt_2017_0688-160x240.jpg 160w\" sizes=\"auto, (max-width: 200px) 100vw, 200px\" \/><\/a>\n\t\t\t<\/div><\/figure><figure class='gallery-item'>\n\t\t\t<div class='gallery-icon landscape'>\n\t\t\t\t<a href='https:\/\/d2p6e6u75xmxt8.cloudfront.net\/10\/2017\/05\/skoda_frankfurt_2017_0679.jpg'><img loading=\"lazy\" decoding=\"async\" width=\"300\" height=\"200\" src=\"https:\/\/d2p6e6u75xmxt8.cloudfront.net\/10\/2017\/05\/skoda_frankfurt_2017_0679-640x427.jpg\" class=\"attachment-medium size-medium\" alt=\"\" srcset=\"https:\/\/d2p6e6u75xmxt8.cloudfront.net\/10\/2017\/05\/skoda_frankfurt_2017_0679-640x427.jpg 640w, https:\/\/d2p6e6u75xmxt8.cloudfront.net\/10\/2017\/05\/skoda_frankfurt_2017_0679-768x512.jpg 768w, https:\/\/d2p6e6u75xmxt8.cloudfront.net\/10\/2017\/05\/skoda_frankfurt_2017_0679-1280x853.jpg 1280w, https:\/\/d2p6e6u75xmxt8.cloudfront.net\/10\/2017\/05\/skoda_frankfurt_2017_0679-160x107.jpg 160w\" sizes=\"auto, (max-width: 300px) 100vw, 300px\" \/><\/a>\n\t\t\t<\/div><\/figure><figure class='gallery-item'>\n\t\t\t<div class='gallery-icon portrait'>\n\t\t\t\t<a href='https:\/\/d2p6e6u75xmxt8.cloudfront.net\/10\/2017\/05\/skoda_frankfurt_2017_0673.jpg'><img loading=\"lazy\" decoding=\"async\" width=\"200\" height=\"300\" src=\"https:\/\/d2p6e6u75xmxt8.cloudfront.net\/10\/2017\/05\/skoda_frankfurt_2017_0673-427x640.jpg\" class=\"attachment-medium size-medium\" alt=\"\" srcset=\"https:\/\/d2p6e6u75xmxt8.cloudfront.net\/10\/2017\/05\/skoda_frankfurt_2017_0673-427x640.jpg 427w, https:\/\/d2p6e6u75xmxt8.cloudfront.net\/10\/2017\/05\/skoda_frankfurt_2017_0673-768x1152.jpg 768w, https:\/\/d2p6e6u75xmxt8.cloudfront.net\/10\/2017\/05\/skoda_frankfurt_2017_0673-853x1280.jpg 853w, https:\/\/d2p6e6u75xmxt8.cloudfront.net\/10\/2017\/05\/skoda_frankfurt_2017_0673-1280x1920.jpg 1280w, https:\/\/d2p6e6u75xmxt8.cloudfront.net\/10\/2017\/05\/skoda_frankfurt_2017_0673-160x240.jpg 160w\" sizes=\"auto, (max-width: 200px) 100vw, 200px\" \/><\/a>\n\t\t\t<\/div><\/figure><figure class='gallery-item'>\n\t\t\t<div class='gallery-icon landscape'>\n\t\t\t\t<a href='https:\/\/d2p6e6u75xmxt8.cloudfront.net\/10\/2017\/05\/skoda_frankfurt_2017_0668.jpg'><img loading=\"lazy\" decoding=\"async\" width=\"300\" height=\"200\" src=\"https:\/\/d2p6e6u75xmxt8.cloudfront.net\/10\/2017\/05\/skoda_frankfurt_2017_0668-640x427.jpg\" class=\"attachment-medium size-medium\" alt=\"\" srcset=\"https:\/\/d2p6e6u75xmxt8.cloudfront.net\/10\/2017\/05\/skoda_frankfurt_2017_0668-640x427.jpg 640w, https:\/\/d2p6e6u75xmxt8.cloudfront.net\/10\/2017\/05\/skoda_frankfurt_2017_0668-768x512.jpg 768w, https:\/\/d2p6e6u75xmxt8.cloudfront.net\/10\/2017\/05\/skoda_frankfurt_2017_0668-1280x853.jpg 1280w, https:\/\/d2p6e6u75xmxt8.cloudfront.net\/10\/2017\/05\/skoda_frankfurt_2017_0668-160x107.jpg 160w\" sizes=\"auto, (max-width: 300px) 100vw, 300px\" \/><\/a>\n\t\t\t<\/div><\/figure><figure class='gallery-item'>\n\t\t\t<div class='gallery-icon portrait'>\n\t\t\t\t<a href='https:\/\/d2p6e6u75xmxt8.cloudfront.net\/10\/2017\/05\/skoda_frankfurt_2017_0666.jpg'><img loading=\"lazy\" decoding=\"async\" width=\"200\" height=\"300\" src=\"https:\/\/d2p6e6u75xmxt8.cloudfront.net\/10\/2017\/05\/skoda_frankfurt_2017_0666-427x640.jpg\" class=\"attachment-medium size-medium\" alt=\"\" srcset=\"https:\/\/d2p6e6u75xmxt8.cloudfront.net\/10\/2017\/05\/skoda_frankfurt_2017_0666-427x640.jpg 427w, https:\/\/d2p6e6u75xmxt8.cloudfront.net\/10\/2017\/05\/skoda_frankfurt_2017_0666-768x1152.jpg 768w, https:\/\/d2p6e6u75xmxt8.cloudfront.net\/10\/2017\/05\/skoda_frankfurt_2017_0666-853x1280.jpg 853w, https:\/\/d2p6e6u75xmxt8.cloudfront.net\/10\/2017\/05\/skoda_frankfurt_2017_0666-1280x1920.jpg 1280w, https:\/\/d2p6e6u75xmxt8.cloudfront.net\/10\/2017\/05\/skoda_frankfurt_2017_0666-160x240.jpg 160w\" sizes=\"auto, (max-width: 200px) 100vw, 200px\" \/><\/a>\n\t\t\t<\/div><\/figure><figure class='gallery-item'>\n\t\t\t<div class='gallery-icon landscape'>\n\t\t\t\t<a href='https:\/\/d2p6e6u75xmxt8.cloudfront.net\/10\/2017\/05\/skoda_frankfurt_2017_0659.jpg'><img loading=\"lazy\" decoding=\"async\" width=\"300\" height=\"200\" src=\"https:\/\/d2p6e6u75xmxt8.cloudfront.net\/10\/2017\/05\/skoda_frankfurt_2017_0659-640x427.jpg\" class=\"attachment-medium size-medium\" alt=\"\" srcset=\"https:\/\/d2p6e6u75xmxt8.cloudfront.net\/10\/2017\/05\/skoda_frankfurt_2017_0659-640x427.jpg 640w, https:\/\/d2p6e6u75xmxt8.cloudfront.net\/10\/2017\/05\/skoda_frankfurt_2017_0659-768x512.jpg 768w, https:\/\/d2p6e6u75xmxt8.cloudfront.net\/10\/2017\/05\/skoda_frankfurt_2017_0659-1280x853.jpg 1280w, https:\/\/d2p6e6u75xmxt8.cloudfront.net\/10\/2017\/05\/skoda_frankfurt_2017_0659-160x107.jpg 160w\" sizes=\"auto, (max-width: 300px) 100vw, 300px\" \/><\/a>\n\t\t\t<\/div><\/figure><figure class='gallery-item'>\n\t\t\t<div class='gallery-icon landscape'>\n\t\t\t\t<a href='https:\/\/d2p6e6u75xmxt8.cloudfront.net\/10\/2017\/05\/skoda_frankfurt_2017_0656.jpg'><img loading=\"lazy\" decoding=\"async\" width=\"300\" height=\"200\" src=\"https:\/\/d2p6e6u75xmxt8.cloudfront.net\/10\/2017\/05\/skoda_frankfurt_2017_0656-640x427.jpg\" class=\"attachment-medium size-medium\" alt=\"\" srcset=\"https:\/\/d2p6e6u75xmxt8.cloudfront.net\/10\/2017\/05\/skoda_frankfurt_2017_0656-640x427.jpg 640w, https:\/\/d2p6e6u75xmxt8.cloudfront.net\/10\/2017\/05\/skoda_frankfurt_2017_0656-768x512.jpg 768w, https:\/\/d2p6e6u75xmxt8.cloudfront.net\/10\/2017\/05\/skoda_frankfurt_2017_0656-1280x853.jpg 1280w, https:\/\/d2p6e6u75xmxt8.cloudfront.net\/10\/2017\/05\/skoda_frankfurt_2017_0656-160x107.jpg 160w\" sizes=\"auto, (max-width: 300px) 100vw, 300px\" \/><\/a>\n\t\t\t<\/div><\/figure><figure class='gallery-item'>\n\t\t\t<div class='gallery-icon landscape'>\n\t\t\t\t<a href='https:\/\/d2p6e6u75xmxt8.cloudfront.net\/10\/2017\/05\/skoda_frankfurt_2017_0649.jpg'><img loading=\"lazy\" decoding=\"async\" width=\"300\" height=\"200\" src=\"https:\/\/d2p6e6u75xmxt8.cloudfront.net\/10\/2017\/05\/skoda_frankfurt_2017_0649-640x427.jpg\" class=\"attachment-medium size-medium\" alt=\"\" srcset=\"https:\/\/d2p6e6u75xmxt8.cloudfront.net\/10\/2017\/05\/skoda_frankfurt_2017_0649-640x427.jpg 640w, https:\/\/d2p6e6u75xmxt8.cloudfront.net\/10\/2017\/05\/skoda_frankfurt_2017_0649-768x512.jpg 768w, https:\/\/d2p6e6u75xmxt8.cloudfront.net\/10\/2017\/05\/skoda_frankfurt_2017_0649-1280x853.jpg 1280w, https:\/\/d2p6e6u75xmxt8.cloudfront.net\/10\/2017\/05\/skoda_frankfurt_2017_0649-160x107.jpg 160w\" sizes=\"auto, (max-width: 300px) 100vw, 300px\" \/><\/a>\n\t\t\t<\/div><\/figure><figure class='gallery-item'>\n\t\t\t<div class='gallery-icon landscape'>\n\t\t\t\t<a href='https:\/\/d2p6e6u75xmxt8.cloudfront.net\/10\/2017\/05\/skoda_frankfurt_2017_0645.jpg'><img loading=\"lazy\" decoding=\"async\" width=\"300\" height=\"200\" src=\"https:\/\/d2p6e6u75xmxt8.cloudfront.net\/10\/2017\/05\/skoda_frankfurt_2017_0645-640x427.jpg\" class=\"attachment-medium size-medium\" alt=\"\" srcset=\"https:\/\/d2p6e6u75xmxt8.cloudfront.net\/10\/2017\/05\/skoda_frankfurt_2017_0645-640x427.jpg 640w, https:\/\/d2p6e6u75xmxt8.cloudfront.net\/10\/2017\/05\/skoda_frankfurt_2017_0645-768x512.jpg 768w, https:\/\/d2p6e6u75xmxt8.cloudfront.net\/10\/2017\/05\/skoda_frankfurt_2017_0645-1280x853.jpg 1280w, https:\/\/d2p6e6u75xmxt8.cloudfront.net\/10\/2017\/05\/skoda_frankfurt_2017_0645-160x107.jpg 160w\" sizes=\"auto, (max-width: 300px) 100vw, 300px\" \/><\/a>\n\t\t\t<\/div><\/figure><figure class='gallery-item'>\n\t\t\t<div class='gallery-icon landscape'>\n\t\t\t\t<a href='https:\/\/d2p6e6u75xmxt8.cloudfront.net\/10\/2017\/05\/skoda_frankfurt_2017_0644.jpg'><img loading=\"lazy\" decoding=\"async\" width=\"300\" height=\"200\" src=\"https:\/\/d2p6e6u75xmxt8.cloudfront.net\/10\/2017\/05\/skoda_frankfurt_2017_0644-640x427.jpg\" class=\"attachment-medium size-medium\" alt=\"\" srcset=\"https:\/\/d2p6e6u75xmxt8.cloudfront.net\/10\/2017\/05\/skoda_frankfurt_2017_0644-640x427.jpg 640w, https:\/\/d2p6e6u75xmxt8.cloudfront.net\/10\/2017\/05\/skoda_frankfurt_2017_0644-768x512.jpg 768w, https:\/\/d2p6e6u75xmxt8.cloudfront.net\/10\/2017\/05\/skoda_frankfurt_2017_0644-1280x853.jpg 1280w, https:\/\/d2p6e6u75xmxt8.cloudfront.net\/10\/2017\/05\/skoda_frankfurt_2017_0644-160x107.jpg 160w\" sizes=\"auto, (max-width: 300px) 100vw, 300px\" \/><\/a>\n\t\t\t<\/div><\/figure><figure class='gallery-item'>\n\t\t\t<div class='gallery-icon portrait'>\n\t\t\t\t<a href='https:\/\/d2p6e6u75xmxt8.cloudfront.net\/10\/2017\/05\/skoda_frankfurt_2017_0638.jpg'><img loading=\"lazy\" decoding=\"async\" width=\"200\" height=\"300\" src=\"https:\/\/d2p6e6u75xmxt8.cloudfront.net\/10\/2017\/05\/skoda_frankfurt_2017_0638-427x640.jpg\" class=\"attachment-medium size-medium\" alt=\"\" srcset=\"https:\/\/d2p6e6u75xmxt8.cloudfront.net\/10\/2017\/05\/skoda_frankfurt_2017_0638-427x640.jpg 427w, https:\/\/d2p6e6u75xmxt8.cloudfront.net\/10\/2017\/05\/skoda_frankfurt_2017_0638-768x1152.jpg 768w, https:\/\/d2p6e6u75xmxt8.cloudfront.net\/10\/2017\/05\/skoda_frankfurt_2017_0638-853x1280.jpg 853w, https:\/\/d2p6e6u75xmxt8.cloudfront.net\/10\/2017\/05\/skoda_frankfurt_2017_0638-1280x1920.jpg 1280w, https:\/\/d2p6e6u75xmxt8.cloudfront.net\/10\/2017\/05\/skoda_frankfurt_2017_0638-160x240.jpg 160w\" sizes=\"auto, (max-width: 200px) 100vw, 200px\" \/><\/a>\n\t\t\t<\/div><\/figure><figure class='gallery-item'>\n\t\t\t<div class='gallery-icon portrait'>\n\t\t\t\t<a href='https:\/\/d2p6e6u75xmxt8.cloudfront.net\/10\/2017\/05\/skoda_frankfurt_2017_0635.jpg'><img loading=\"lazy\" decoding=\"async\" width=\"200\" height=\"300\" src=\"https:\/\/d2p6e6u75xmxt8.cloudfront.net\/10\/2017\/05\/skoda_frankfurt_2017_0635-427x640.jpg\" class=\"attachment-medium size-medium\" alt=\"\" srcset=\"https:\/\/d2p6e6u75xmxt8.cloudfront.net\/10\/2017\/05\/skoda_frankfurt_2017_0635-427x640.jpg 427w, https:\/\/d2p6e6u75xmxt8.cloudfront.net\/10\/2017\/05\/skoda_frankfurt_2017_0635-768x1152.jpg 768w, https:\/\/d2p6e6u75xmxt8.cloudfront.net\/10\/2017\/05\/skoda_frankfurt_2017_0635-853x1280.jpg 853w, https:\/\/d2p6e6u75xmxt8.cloudfront.net\/10\/2017\/05\/skoda_frankfurt_2017_0635-1280x1920.jpg 1280w, https:\/\/d2p6e6u75xmxt8.cloudfront.net\/10\/2017\/05\/skoda_frankfurt_2017_0635-160x240.jpg 160w\" sizes=\"auto, (max-width: 200px) 100vw, 200px\" \/><\/a>\n\t\t\t<\/div><\/figure><figure class='gallery-item'>\n\t\t\t<div class='gallery-icon landscape'>\n\t\t\t\t<a href='https:\/\/d2p6e6u75xmxt8.cloudfront.net\/10\/2017\/05\/skoda_frankfurt_2017_0629.jpg'><img loading=\"lazy\" decoding=\"async\" width=\"300\" height=\"200\" src=\"https:\/\/d2p6e6u75xmxt8.cloudfront.net\/10\/2017\/05\/skoda_frankfurt_2017_0629-640x427.jpg\" class=\"attachment-medium size-medium\" alt=\"\" srcset=\"https:\/\/d2p6e6u75xmxt8.cloudfront.net\/10\/2017\/05\/skoda_frankfurt_2017_0629-640x427.jpg 640w, https:\/\/d2p6e6u75xmxt8.cloudfront.net\/10\/2017\/05\/skoda_frankfurt_2017_0629-768x512.jpg 768w, https:\/\/d2p6e6u75xmxt8.cloudfront.net\/10\/2017\/05\/skoda_frankfurt_2017_0629-1280x853.jpg 1280w, https:\/\/d2p6e6u75xmxt8.cloudfront.net\/10\/2017\/05\/skoda_frankfurt_2017_0629-160x107.jpg 160w\" sizes=\"auto, (max-width: 300px) 100vw, 300px\" \/><\/a>\n\t\t\t<\/div><\/figure><figure class='gallery-item'>\n\t\t\t<div class='gallery-icon portrait'>\n\t\t\t\t<a href='https:\/\/d2p6e6u75xmxt8.cloudfront.net\/10\/2017\/05\/skoda_frankfurt_2017_0591.jpg'><img loading=\"lazy\" decoding=\"async\" width=\"200\" height=\"300\" src=\"https:\/\/d2p6e6u75xmxt8.cloudfront.net\/10\/2017\/05\/skoda_frankfurt_2017_0591-427x640.jpg\" class=\"attachment-medium size-medium\" alt=\"\" srcset=\"https:\/\/d2p6e6u75xmxt8.cloudfront.net\/10\/2017\/05\/skoda_frankfurt_2017_0591-427x640.jpg 427w, https:\/\/d2p6e6u75xmxt8.cloudfront.net\/10\/2017\/05\/skoda_frankfurt_2017_0591-768x1152.jpg 768w, https:\/\/d2p6e6u75xmxt8.cloudfront.net\/10\/2017\/05\/skoda_frankfurt_2017_0591-853x1280.jpg 853w, https:\/\/d2p6e6u75xmxt8.cloudfront.net\/10\/2017\/05\/skoda_frankfurt_2017_0591-1280x1920.jpg 1280w, https:\/\/d2p6e6u75xmxt8.cloudfront.net\/10\/2017\/05\/skoda_frankfurt_2017_0591-160x240.jpg 160w\" sizes=\"auto, (max-width: 200px) 100vw, 200px\" \/><\/a>\n\t\t\t<\/div><\/figure><figure class='gallery-item'>\n\t\t\t<div class='gallery-icon portrait'>\n\t\t\t\t<a href='https:\/\/d2p6e6u75xmxt8.cloudfront.net\/10\/2017\/05\/skoda_frankfurt_2017_0587.jpg'><img loading=\"lazy\" decoding=\"async\" width=\"200\" height=\"300\" src=\"https:\/\/d2p6e6u75xmxt8.cloudfront.net\/10\/2017\/05\/skoda_frankfurt_2017_0587-427x640.jpg\" class=\"attachment-medium size-medium\" alt=\"\" srcset=\"https:\/\/d2p6e6u75xmxt8.cloudfront.net\/10\/2017\/05\/skoda_frankfurt_2017_0587-427x640.jpg 427w, https:\/\/d2p6e6u75xmxt8.cloudfront.net\/10\/2017\/05\/skoda_frankfurt_2017_0587-768x1152.jpg 768w, https:\/\/d2p6e6u75xmxt8.cloudfront.net\/10\/2017\/05\/skoda_frankfurt_2017_0587-853x1280.jpg 853w, https:\/\/d2p6e6u75xmxt8.cloudfront.net\/10\/2017\/05\/skoda_frankfurt_2017_0587-1280x1920.jpg 1280w, https:\/\/d2p6e6u75xmxt8.cloudfront.net\/10\/2017\/05\/skoda_frankfurt_2017_0587-160x240.jpg 160w\" sizes=\"auto, (max-width: 200px) 100vw, 200px\" \/><\/a>\n\t\t\t<\/div><\/figure><figure class='gallery-item'>\n\t\t\t<div class='gallery-icon portrait'>\n\t\t\t\t<a href='https:\/\/d2p6e6u75xmxt8.cloudfront.net\/10\/2017\/05\/skoda_frankfurt_2017_0581.jpg'><img loading=\"lazy\" decoding=\"async\" width=\"200\" height=\"300\" src=\"https:\/\/d2p6e6u75xmxt8.cloudfront.net\/10\/2017\/05\/skoda_frankfurt_2017_0581-427x640.jpg\" class=\"attachment-medium size-medium\" alt=\"\" srcset=\"https:\/\/d2p6e6u75xmxt8.cloudfront.net\/10\/2017\/05\/skoda_frankfurt_2017_0581-427x640.jpg 427w, https:\/\/d2p6e6u75xmxt8.cloudfront.net\/10\/2017\/05\/skoda_frankfurt_2017_0581-768x1152.jpg 768w, https:\/\/d2p6e6u75xmxt8.cloudfront.net\/10\/2017\/05\/skoda_frankfurt_2017_0581-853x1280.jpg 853w, https:\/\/d2p6e6u75xmxt8.cloudfront.net\/10\/2017\/05\/skoda_frankfurt_2017_0581-1280x1920.jpg 1280w, https:\/\/d2p6e6u75xmxt8.cloudfront.net\/10\/2017\/05\/skoda_frankfurt_2017_0581-160x240.jpg 160w\" sizes=\"auto, (max-width: 200px) 100vw, 200px\" \/><\/a>\n\t\t\t<\/div><\/figure><figure class='gallery-item'>\n\t\t\t<div class='gallery-icon landscape'>\n\t\t\t\t<a href='https:\/\/d2p6e6u75xmxt8.cloudfront.net\/10\/2017\/05\/skoda_frankfurt_2017_0577.jpg'><img loading=\"lazy\" decoding=\"async\" width=\"300\" height=\"200\" src=\"https:\/\/d2p6e6u75xmxt8.cloudfront.net\/10\/2017\/05\/skoda_frankfurt_2017_0577-640x427.jpg\" class=\"attachment-medium size-medium\" alt=\"\" srcset=\"https:\/\/d2p6e6u75xmxt8.cloudfront.net\/10\/2017\/05\/skoda_frankfurt_2017_0577-640x427.jpg 640w, https:\/\/d2p6e6u75xmxt8.cloudfront.net\/10\/2017\/05\/skoda_frankfurt_2017_0577-768x512.jpg 768w, https:\/\/d2p6e6u75xmxt8.cloudfront.net\/10\/2017\/05\/skoda_frankfurt_2017_0577-1280x853.jpg 1280w, https:\/\/d2p6e6u75xmxt8.cloudfront.net\/10\/2017\/05\/skoda_frankfurt_2017_0577-160x107.jpg 160w\" sizes=\"auto, (max-width: 300px) 100vw, 300px\" \/><\/a>\n\t\t\t<\/div><\/figure><figure class='gallery-item'>\n\t\t\t<div class='gallery-icon landscape'>\n\t\t\t\t<a href='https:\/\/d2p6e6u75xmxt8.cloudfront.net\/10\/2017\/05\/skoda_frankfurt_2017_0563.jpg'><img loading=\"lazy\" decoding=\"async\" width=\"300\" height=\"200\" src=\"https:\/\/d2p6e6u75xmxt8.cloudfront.net\/10\/2017\/05\/skoda_frankfurt_2017_0563-640x427.jpg\" class=\"attachment-medium size-medium\" alt=\"\" srcset=\"https:\/\/d2p6e6u75xmxt8.cloudfront.net\/10\/2017\/05\/skoda_frankfurt_2017_0563-640x427.jpg 640w, https:\/\/d2p6e6u75xmxt8.cloudfront.net\/10\/2017\/05\/skoda_frankfurt_2017_0563-768x512.jpg 768w, https:\/\/d2p6e6u75xmxt8.cloudfront.net\/10\/2017\/05\/skoda_frankfurt_2017_0563-1280x853.jpg 1280w, https:\/\/d2p6e6u75xmxt8.cloudfront.net\/10\/2017\/05\/skoda_frankfurt_2017_0563-160x107.jpg 160w\" sizes=\"auto, (max-width: 300px) 100vw, 300px\" \/><\/a>\n\t\t\t<\/div><\/figure><figure class='gallery-item'>\n\t\t\t<div class='gallery-icon landscape'>\n\t\t\t\t<a href='https:\/\/d2p6e6u75xmxt8.cloudfront.net\/10\/2017\/05\/skoda_frankfurt_2017_0535.jpg'><img loading=\"lazy\" decoding=\"async\" width=\"300\" height=\"200\" src=\"https:\/\/d2p6e6u75xmxt8.cloudfront.net\/10\/2017\/05\/skoda_frankfurt_2017_0535-640x427.jpg\" class=\"attachment-medium size-medium\" alt=\"\" srcset=\"https:\/\/d2p6e6u75xmxt8.cloudfront.net\/10\/2017\/05\/skoda_frankfurt_2017_0535-640x427.jpg 640w, https:\/\/d2p6e6u75xmxt8.cloudfront.net\/10\/2017\/05\/skoda_frankfurt_2017_0535-768x512.jpg 768w, https:\/\/d2p6e6u75xmxt8.cloudfront.net\/10\/2017\/05\/skoda_frankfurt_2017_0535-1280x853.jpg 1280w, https:\/\/d2p6e6u75xmxt8.cloudfront.net\/10\/2017\/05\/skoda_frankfurt_2017_0535-160x107.jpg 160w\" sizes=\"auto, (max-width: 300px) 100vw, 300px\" \/><\/a>\n\t\t\t<\/div><\/figure><figure class='gallery-item'>\n\t\t\t<div class='gallery-icon landscape'>\n\t\t\t\t<a href='https:\/\/d2p6e6u75xmxt8.cloudfront.net\/10\/2017\/05\/skoda_frankfurt_2017_0504.jpg'><img loading=\"lazy\" decoding=\"async\" width=\"300\" height=\"200\" src=\"https:\/\/d2p6e6u75xmxt8.cloudfront.net\/10\/2017\/05\/skoda_frankfurt_2017_0504-640x427.jpg\" class=\"attachment-medium size-medium\" alt=\"\" srcset=\"https:\/\/d2p6e6u75xmxt8.cloudfront.net\/10\/2017\/05\/skoda_frankfurt_2017_0504-640x427.jpg 640w, https:\/\/d2p6e6u75xmxt8.cloudfront.net\/10\/2017\/05\/skoda_frankfurt_2017_0504-768x512.jpg 768w, https:\/\/d2p6e6u75xmxt8.cloudfront.net\/10\/2017\/05\/skoda_frankfurt_2017_0504-1280x853.jpg 1280w, https:\/\/d2p6e6u75xmxt8.cloudfront.net\/10\/2017\/05\/skoda_frankfurt_2017_0504-160x107.jpg 160w\" sizes=\"auto, (max-width: 300px) 100vw, 300px\" \/><\/a>\n\t\t\t<\/div><\/figure><figure class='gallery-item'>\n\t\t\t<div class='gallery-icon portrait'>\n\t\t\t\t<a href='https:\/\/d2p6e6u75xmxt8.cloudfront.net\/10\/2017\/05\/skoda_frankfurt_2017_0494.jpg'><img loading=\"lazy\" decoding=\"async\" width=\"200\" height=\"300\" src=\"https:\/\/d2p6e6u75xmxt8.cloudfront.net\/10\/2017\/05\/skoda_frankfurt_2017_0494-427x640.jpg\" class=\"attachment-medium size-medium\" alt=\"\" srcset=\"https:\/\/d2p6e6u75xmxt8.cloudfront.net\/10\/2017\/05\/skoda_frankfurt_2017_0494-427x640.jpg 427w, https:\/\/d2p6e6u75xmxt8.cloudfront.net\/10\/2017\/05\/skoda_frankfurt_2017_0494-768x1152.jpg 768w, https:\/\/d2p6e6u75xmxt8.cloudfront.net\/10\/2017\/05\/skoda_frankfurt_2017_0494-853x1280.jpg 853w, https:\/\/d2p6e6u75xmxt8.cloudfront.net\/10\/2017\/05\/skoda_frankfurt_2017_0494-1280x1920.jpg 1280w, https:\/\/d2p6e6u75xmxt8.cloudfront.net\/10\/2017\/05\/skoda_frankfurt_2017_0494-160x240.jpg 160w\" sizes=\"auto, (max-width: 200px) 100vw, 200px\" \/><\/a>\n\t\t\t<\/div><\/figure><figure class='gallery-item'>\n\t\t\t<div class='gallery-icon landscape'>\n\t\t\t\t<a href='https:\/\/d2p6e6u75xmxt8.cloudfront.net\/10\/2017\/05\/skoda_frankfurt_2017_0483.jpg'><img loading=\"lazy\" decoding=\"async\" width=\"300\" height=\"200\" src=\"https:\/\/d2p6e6u75xmxt8.cloudfront.net\/10\/2017\/05\/skoda_frankfurt_2017_0483-640x427.jpg\" class=\"attachment-medium size-medium\" alt=\"\" srcset=\"https:\/\/d2p6e6u75xmxt8.cloudfront.net\/10\/2017\/05\/skoda_frankfurt_2017_0483-640x427.jpg 640w, https:\/\/d2p6e6u75xmxt8.cloudfront.net\/10\/2017\/05\/skoda_frankfurt_2017_0483-768x512.jpg 768w, https:\/\/d2p6e6u75xmxt8.cloudfront.net\/10\/2017\/05\/skoda_frankfurt_2017_0483-1280x853.jpg 1280w, https:\/\/d2p6e6u75xmxt8.cloudfront.net\/10\/2017\/05\/skoda_frankfurt_2017_0483-160x107.jpg 160w\" sizes=\"auto, (max-width: 300px) 100vw, 300px\" \/><\/a>\n\t\t\t<\/div><\/figure><figure class='gallery-item'>\n\t\t\t<div class='gallery-icon landscape'>\n\t\t\t\t<a href='https:\/\/d2p6e6u75xmxt8.cloudfront.net\/10\/2017\/05\/skoda_frankfurt_2017_0474.jpg'><img loading=\"lazy\" decoding=\"async\" width=\"300\" height=\"200\" src=\"https:\/\/d2p6e6u75xmxt8.cloudfront.net\/10\/2017\/05\/skoda_frankfurt_2017_0474-640x427.jpg\" class=\"attachment-medium size-medium\" alt=\"\" srcset=\"https:\/\/d2p6e6u75xmxt8.cloudfront.net\/10\/2017\/05\/skoda_frankfurt_2017_0474-640x427.jpg 640w, https:\/\/d2p6e6u75xmxt8.cloudfront.net\/10\/2017\/05\/skoda_frankfurt_2017_0474-768x512.jpg 768w, https:\/\/d2p6e6u75xmxt8.cloudfront.net\/10\/2017\/05\/skoda_frankfurt_2017_0474-1280x853.jpg 1280w, https:\/\/d2p6e6u75xmxt8.cloudfront.net\/10\/2017\/05\/skoda_frankfurt_2017_0474-160x107.jpg 160w\" sizes=\"auto, (max-width: 300px) 100vw, 300px\" \/><\/a>\n\t\t\t<\/div><\/figure><figure class='gallery-item'>\n\t\t\t<div class='gallery-icon landscape'>\n\t\t\t\t<a href='https:\/\/d2p6e6u75xmxt8.cloudfront.net\/10\/2017\/05\/skoda_frankfurt_2017_0447.jpg'><img loading=\"lazy\" decoding=\"async\" width=\"300\" height=\"200\" src=\"https:\/\/d2p6e6u75xmxt8.cloudfront.net\/10\/2017\/05\/skoda_frankfurt_2017_0447-640x427.jpg\" class=\"attachment-medium size-medium\" alt=\"\" srcset=\"https:\/\/d2p6e6u75xmxt8.cloudfront.net\/10\/2017\/05\/skoda_frankfurt_2017_0447-640x427.jpg 640w, https:\/\/d2p6e6u75xmxt8.cloudfront.net\/10\/2017\/05\/skoda_frankfurt_2017_0447-768x512.jpg 768w, https:\/\/d2p6e6u75xmxt8.cloudfront.net\/10\/2017\/05\/skoda_frankfurt_2017_0447-1280x853.jpg 1280w, https:\/\/d2p6e6u75xmxt8.cloudfront.net\/10\/2017\/05\/skoda_frankfurt_2017_0447-160x107.jpg 160w\" sizes=\"auto, (max-width: 300px) 100vw, 300px\" \/><\/a>\n\t\t\t<\/div><\/figure><figure class='gallery-item'>\n\t\t\t<div class='gallery-icon landscape'>\n\t\t\t\t<a href='https:\/\/d2p6e6u75xmxt8.cloudfront.net\/10\/2017\/05\/skoda_frankfurt_2017_0438.jpg'><img loading=\"lazy\" decoding=\"async\" width=\"300\" height=\"200\" src=\"https:\/\/d2p6e6u75xmxt8.cloudfront.net\/10\/2017\/05\/skoda_frankfurt_2017_0438-640x427.jpg\" class=\"attachment-medium size-medium\" alt=\"\" srcset=\"https:\/\/d2p6e6u75xmxt8.cloudfront.net\/10\/2017\/05\/skoda_frankfurt_2017_0438-640x427.jpg 640w, https:\/\/d2p6e6u75xmxt8.cloudfront.net\/10\/2017\/05\/skoda_frankfurt_2017_0438-768x512.jpg 768w, https:\/\/d2p6e6u75xmxt8.cloudfront.net\/10\/2017\/05\/skoda_frankfurt_2017_0438-1280x853.jpg 1280w, https:\/\/d2p6e6u75xmxt8.cloudfront.net\/10\/2017\/05\/skoda_frankfurt_2017_0438-160x107.jpg 160w\" sizes=\"auto, (max-width: 300px) 100vw, 300px\" \/><\/a>\n\t\t\t<\/div><\/figure><figure class='gallery-item'>\n\t\t\t<div class='gallery-icon landscape'>\n\t\t\t\t<a href='https:\/\/d2p6e6u75xmxt8.cloudfront.net\/10\/2017\/05\/skoda_frankfurt_2017_0435.jpg'><img loading=\"lazy\" decoding=\"async\" width=\"300\" height=\"200\" src=\"https:\/\/d2p6e6u75xmxt8.cloudfront.net\/10\/2017\/05\/skoda_frankfurt_2017_0435-640x427.jpg\" class=\"attachment-medium size-medium\" alt=\"\" srcset=\"https:\/\/d2p6e6u75xmxt8.cloudfront.net\/10\/2017\/05\/skoda_frankfurt_2017_0435-640x427.jpg 640w, https:\/\/d2p6e6u75xmxt8.cloudfront.net\/10\/2017\/05\/skoda_frankfurt_2017_0435-768x512.jpg 768w, https:\/\/d2p6e6u75xmxt8.cloudfront.net\/10\/2017\/05\/skoda_frankfurt_2017_0435-1280x853.jpg 1280w, https:\/\/d2p6e6u75xmxt8.cloudfront.net\/10\/2017\/05\/skoda_frankfurt_2017_0435-160x107.jpg 160w\" sizes=\"auto, (max-width: 300px) 100vw, 300px\" \/><\/a>\n\t\t\t<\/div><\/figure><figure class='gallery-item'>\n\t\t\t<div class='gallery-icon landscape'>\n\t\t\t\t<a href='https:\/\/d2p6e6u75xmxt8.cloudfront.net\/10\/2017\/05\/skoda_frankfurt_2017_0431.jpg'><img loading=\"lazy\" decoding=\"async\" width=\"300\" height=\"200\" src=\"https:\/\/d2p6e6u75xmxt8.cloudfront.net\/10\/2017\/05\/skoda_frankfurt_2017_0431-640x427.jpg\" class=\"attachment-medium size-medium\" alt=\"\" srcset=\"https:\/\/d2p6e6u75xmxt8.cloudfront.net\/10\/2017\/05\/skoda_frankfurt_2017_0431-640x427.jpg 640w, https:\/\/d2p6e6u75xmxt8.cloudfront.net\/10\/2017\/05\/skoda_frankfurt_2017_0431-768x512.jpg 768w, https:\/\/d2p6e6u75xmxt8.cloudfront.net\/10\/2017\/05\/skoda_frankfurt_2017_0431-1280x853.jpg 1280w, https:\/\/d2p6e6u75xmxt8.cloudfront.net\/10\/2017\/05\/skoda_frankfurt_2017_0431-160x107.jpg 160w\" sizes=\"auto, (max-width: 300px) 100vw, 300px\" \/><\/a>\n\t\t\t<\/div><\/figure><figure class='gallery-item'>\n\t\t\t<div class='gallery-icon landscape'>\n\t\t\t\t<a href='https:\/\/d2p6e6u75xmxt8.cloudfront.net\/10\/2017\/05\/skoda_frankfurt_2017_0428.jpg'><img loading=\"lazy\" decoding=\"async\" width=\"300\" height=\"200\" src=\"https:\/\/d2p6e6u75xmxt8.cloudfront.net\/10\/2017\/05\/skoda_frankfurt_2017_0428-640x427.jpg\" class=\"attachment-medium size-medium\" alt=\"\" srcset=\"https:\/\/d2p6e6u75xmxt8.cloudfront.net\/10\/2017\/05\/skoda_frankfurt_2017_0428-640x427.jpg 640w, https:\/\/d2p6e6u75xmxt8.cloudfront.net\/10\/2017\/05\/skoda_frankfurt_2017_0428-768x512.jpg 768w, https:\/\/d2p6e6u75xmxt8.cloudfront.net\/10\/2017\/05\/skoda_frankfurt_2017_0428-1280x853.jpg 1280w, https:\/\/d2p6e6u75xmxt8.cloudfront.net\/10\/2017\/05\/skoda_frankfurt_2017_0428-160x107.jpg 160w\" sizes=\"auto, (max-width: 300px) 100vw, 300px\" \/><\/a>\n\t\t\t<\/div><\/figure><figure class='gallery-item'>\n\t\t\t<div class='gallery-icon landscape'>\n\t\t\t\t<a href='https:\/\/d2p6e6u75xmxt8.cloudfront.net\/10\/2017\/05\/skoda_frankfurt_2017_0420.jpg'><img loading=\"lazy\" decoding=\"async\" width=\"300\" height=\"200\" src=\"https:\/\/d2p6e6u75xmxt8.cloudfront.net\/10\/2017\/05\/skoda_frankfurt_2017_0420-640x427.jpg\" class=\"attachment-medium size-medium\" alt=\"\" srcset=\"https:\/\/d2p6e6u75xmxt8.cloudfront.net\/10\/2017\/05\/skoda_frankfurt_2017_0420-640x427.jpg 640w, https:\/\/d2p6e6u75xmxt8.cloudfront.net\/10\/2017\/05\/skoda_frankfurt_2017_0420-768x512.jpg 768w, https:\/\/d2p6e6u75xmxt8.cloudfront.net\/10\/2017\/05\/skoda_frankfurt_2017_0420-1280x853.jpg 1280w, https:\/\/d2p6e6u75xmxt8.cloudfront.net\/10\/2017\/05\/skoda_frankfurt_2017_0420-160x107.jpg 160w\" sizes=\"auto, (max-width: 300px) 100vw, 300px\" \/><\/a>\n\t\t\t<\/div><\/figure><figure class='gallery-item'>\n\t\t\t<div class='gallery-icon portrait'>\n\t\t\t\t<a href='https:\/\/d2p6e6u75xmxt8.cloudfront.net\/10\/2017\/05\/skoda_frankfurt_2017_0408.jpg'><img loading=\"lazy\" decoding=\"async\" width=\"200\" height=\"300\" src=\"https:\/\/d2p6e6u75xmxt8.cloudfront.net\/10\/2017\/05\/skoda_frankfurt_2017_0408-427x640.jpg\" class=\"attachment-medium size-medium\" alt=\"\" srcset=\"https:\/\/d2p6e6u75xmxt8.cloudfront.net\/10\/2017\/05\/skoda_frankfurt_2017_0408-427x640.jpg 427w, https:\/\/d2p6e6u75xmxt8.cloudfront.net\/10\/2017\/05\/skoda_frankfurt_2017_0408-768x1152.jpg 768w, https:\/\/d2p6e6u75xmxt8.cloudfront.net\/10\/2017\/05\/skoda_frankfurt_2017_0408-853x1280.jpg 853w, https:\/\/d2p6e6u75xmxt8.cloudfront.net\/10\/2017\/05\/skoda_frankfurt_2017_0408-1280x1920.jpg 1280w, https:\/\/d2p6e6u75xmxt8.cloudfront.net\/10\/2017\/05\/skoda_frankfurt_2017_0408-160x240.jpg 160w\" sizes=\"auto, (max-width: 200px) 100vw, 200px\" \/><\/a>\n\t\t\t<\/div><\/figure><figure class='gallery-item'>\n\t\t\t<div class='gallery-icon landscape'>\n\t\t\t\t<a href='https:\/\/d2p6e6u75xmxt8.cloudfront.net\/10\/2017\/05\/skoda_frankfurt_2017_0395.jpg'><img loading=\"lazy\" decoding=\"async\" width=\"300\" height=\"200\" src=\"https:\/\/d2p6e6u75xmxt8.cloudfront.net\/10\/2017\/05\/skoda_frankfurt_2017_0395-640x427.jpg\" class=\"attachment-medium size-medium\" alt=\"\" srcset=\"https:\/\/d2p6e6u75xmxt8.cloudfront.net\/10\/2017\/05\/skoda_frankfurt_2017_0395-640x427.jpg 640w, https:\/\/d2p6e6u75xmxt8.cloudfront.net\/10\/2017\/05\/skoda_frankfurt_2017_0395-768x512.jpg 768w, https:\/\/d2p6e6u75xmxt8.cloudfront.net\/10\/2017\/05\/skoda_frankfurt_2017_0395-1280x853.jpg 1280w, https:\/\/d2p6e6u75xmxt8.cloudfront.net\/10\/2017\/05\/skoda_frankfurt_2017_0395-160x107.jpg 160w\" sizes=\"auto, (max-width: 300px) 100vw, 300px\" \/><\/a>\n\t\t\t<\/div><\/figure><figure class='gallery-item'>\n\t\t\t<div class='gallery-icon landscape'>\n\t\t\t\t<a href='https:\/\/d2p6e6u75xmxt8.cloudfront.net\/10\/2017\/05\/skoda_frankfurt_2017_0391.jpg'><img loading=\"lazy\" decoding=\"async\" width=\"300\" height=\"200\" src=\"https:\/\/d2p6e6u75xmxt8.cloudfront.net\/10\/2017\/05\/skoda_frankfurt_2017_0391-640x427.jpg\" class=\"attachment-medium size-medium\" alt=\"\" srcset=\"https:\/\/d2p6e6u75xmxt8.cloudfront.net\/10\/2017\/05\/skoda_frankfurt_2017_0391-640x427.jpg 640w, https:\/\/d2p6e6u75xmxt8.cloudfront.net\/10\/2017\/05\/skoda_frankfurt_2017_0391-768x512.jpg 768w, https:\/\/d2p6e6u75xmxt8.cloudfront.net\/10\/2017\/05\/skoda_frankfurt_2017_0391-1280x853.jpg 1280w, https:\/\/d2p6e6u75xmxt8.cloudfront.net\/10\/2017\/05\/skoda_frankfurt_2017_0391-160x107.jpg 160w\" sizes=\"auto, (max-width: 300px) 100vw, 300px\" \/><\/a>\n\t\t\t<\/div><\/figure><figure class='gallery-item'>\n\t\t\t<div class='gallery-icon landscape'>\n\t\t\t\t<a href='https:\/\/d2p6e6u75xmxt8.cloudfront.net\/10\/2017\/05\/skoda_frankfurt_2017_0376.jpg'><img loading=\"lazy\" decoding=\"async\" width=\"300\" height=\"200\" src=\"https:\/\/d2p6e6u75xmxt8.cloudfront.net\/10\/2017\/05\/skoda_frankfurt_2017_0376-640x427.jpg\" class=\"attachment-medium size-medium\" alt=\"\" srcset=\"https:\/\/d2p6e6u75xmxt8.cloudfront.net\/10\/2017\/05\/skoda_frankfurt_2017_0376-640x427.jpg 640w, https:\/\/d2p6e6u75xmxt8.cloudfront.net\/10\/2017\/05\/skoda_frankfurt_2017_0376-768x512.jpg 768w, https:\/\/d2p6e6u75xmxt8.cloudfront.net\/10\/2017\/05\/skoda_frankfurt_2017_0376-1280x853.jpg 1280w, https:\/\/d2p6e6u75xmxt8.cloudfront.net\/10\/2017\/05\/skoda_frankfurt_2017_0376-160x107.jpg 160w\" sizes=\"auto, (max-width: 300px) 100vw, 300px\" \/><\/a>\n\t\t\t<\/div><\/figure><figure class='gallery-item'>\n\t\t\t<div class='gallery-icon landscape'>\n\t\t\t\t<a href='https:\/\/d2p6e6u75xmxt8.cloudfront.net\/10\/2017\/05\/skoda_frankfurt_2017_0362.jpg'><img loading=\"lazy\" decoding=\"async\" width=\"300\" height=\"200\" src=\"https:\/\/d2p6e6u75xmxt8.cloudfront.net\/10\/2017\/05\/skoda_frankfurt_2017_0362-640x427.jpg\" class=\"attachment-medium size-medium\" alt=\"\" srcset=\"https:\/\/d2p6e6u75xmxt8.cloudfront.net\/10\/2017\/05\/skoda_frankfurt_2017_0362-640x427.jpg 640w, https:\/\/d2p6e6u75xmxt8.cloudfront.net\/10\/2017\/05\/skoda_frankfurt_2017_0362-768x512.jpg 768w, https:\/\/d2p6e6u75xmxt8.cloudfront.net\/10\/2017\/05\/skoda_frankfurt_2017_0362-1280x853.jpg 1280w, https:\/\/d2p6e6u75xmxt8.cloudfront.net\/10\/2017\/05\/skoda_frankfurt_2017_0362-160x107.jpg 160w\" sizes=\"auto, (max-width: 300px) 100vw, 300px\" \/><\/a>\n\t\t\t<\/div><\/figure><figure class='gallery-item'>\n\t\t\t<div class='gallery-icon portrait'>\n\t\t\t\t<a href='https:\/\/d2p6e6u75xmxt8.cloudfront.net\/10\/2017\/05\/skoda_frankfurt_2017_0320.jpg'><img loading=\"lazy\" decoding=\"async\" width=\"200\" height=\"300\" src=\"https:\/\/d2p6e6u75xmxt8.cloudfront.net\/10\/2017\/05\/skoda_frankfurt_2017_0320-427x640.jpg\" class=\"attachment-medium size-medium\" alt=\"\" srcset=\"https:\/\/d2p6e6u75xmxt8.cloudfront.net\/10\/2017\/05\/skoda_frankfurt_2017_0320-427x640.jpg 427w, https:\/\/d2p6e6u75xmxt8.cloudfront.net\/10\/2017\/05\/skoda_frankfurt_2017_0320-768x1152.jpg 768w, https:\/\/d2p6e6u75xmxt8.cloudfront.net\/10\/2017\/05\/skoda_frankfurt_2017_0320-853x1280.jpg 853w, https:\/\/d2p6e6u75xmxt8.cloudfront.net\/10\/2017\/05\/skoda_frankfurt_2017_0320-1280x1920.jpg 1280w, https:\/\/d2p6e6u75xmxt8.cloudfront.net\/10\/2017\/05\/skoda_frankfurt_2017_0320-160x240.jpg 160w\" sizes=\"auto, (max-width: 200px) 100vw, 200px\" \/><\/a>\n\t\t\t<\/div><\/figure><figure class='gallery-item'>\n\t\t\t<div class='gallery-icon landscape'>\n\t\t\t\t<a href='https:\/\/d2p6e6u75xmxt8.cloudfront.net\/10\/2017\/05\/skoda_frankfurt_2017_0269.jpg'><img loading=\"lazy\" decoding=\"async\" width=\"300\" height=\"200\" src=\"https:\/\/d2p6e6u75xmxt8.cloudfront.net\/10\/2017\/05\/skoda_frankfurt_2017_0269-640x427.jpg\" class=\"attachment-medium size-medium\" alt=\"\" srcset=\"https:\/\/d2p6e6u75xmxt8.cloudfront.net\/10\/2017\/05\/skoda_frankfurt_2017_0269-640x427.jpg 640w, https:\/\/d2p6e6u75xmxt8.cloudfront.net\/10\/2017\/05\/skoda_frankfurt_2017_0269-768x512.jpg 768w, https:\/\/d2p6e6u75xmxt8.cloudfront.net\/10\/2017\/05\/skoda_frankfurt_2017_0269-1280x853.jpg 1280w, https:\/\/d2p6e6u75xmxt8.cloudfront.net\/10\/2017\/05\/skoda_frankfurt_2017_0269-160x107.jpg 160w\" sizes=\"auto, (max-width: 300px) 100vw, 300px\" \/><\/a>\n\t\t\t<\/div><\/figure><figure class='gallery-item'>\n\t\t\t<div class='gallery-icon landscape'>\n\t\t\t\t<a href='https:\/\/d2p6e6u75xmxt8.cloudfront.net\/10\/2017\/05\/skoda_frankfurt_2017_0263.jpg'><img loading=\"lazy\" decoding=\"async\" width=\"300\" height=\"200\" src=\"https:\/\/d2p6e6u75xmxt8.cloudfront.net\/10\/2017\/05\/skoda_frankfurt_2017_0263-640x427.jpg\" class=\"attachment-medium size-medium\" alt=\"\" srcset=\"https:\/\/d2p6e6u75xmxt8.cloudfront.net\/10\/2017\/05\/skoda_frankfurt_2017_0263-640x427.jpg 640w, https:\/\/d2p6e6u75xmxt8.cloudfront.net\/10\/2017\/05\/skoda_frankfurt_2017_0263-768x512.jpg 768w, https:\/\/d2p6e6u75xmxt8.cloudfront.net\/10\/2017\/05\/skoda_frankfurt_2017_0263-1280x853.jpg 1280w, https:\/\/d2p6e6u75xmxt8.cloudfront.net\/10\/2017\/05\/skoda_frankfurt_2017_0263-160x107.jpg 160w\" sizes=\"auto, (max-width: 300px) 100vw, 300px\" \/><\/a>\n\t\t\t<\/div><\/figure><figure class='gallery-item'>\n\t\t\t<div class='gallery-icon landscape'>\n\t\t\t\t<a href='https:\/\/d2p6e6u75xmxt8.cloudfront.net\/10\/2017\/05\/skoda_frankfurt_2017_0257.jpg'><img loading=\"lazy\" decoding=\"async\" width=\"300\" height=\"200\" src=\"https:\/\/d2p6e6u75xmxt8.cloudfront.net\/10\/2017\/05\/skoda_frankfurt_2017_0257-640x427.jpg\" class=\"attachment-medium size-medium\" alt=\"\" srcset=\"https:\/\/d2p6e6u75xmxt8.cloudfront.net\/10\/2017\/05\/skoda_frankfurt_2017_0257-640x427.jpg 640w, https:\/\/d2p6e6u75xmxt8.cloudfront.net\/10\/2017\/05\/skoda_frankfurt_2017_0257-768x512.jpg 768w, https:\/\/d2p6e6u75xmxt8.cloudfront.net\/10\/2017\/05\/skoda_frankfurt_2017_0257-1280x853.jpg 1280w, https:\/\/d2p6e6u75xmxt8.cloudfront.net\/10\/2017\/05\/skoda_frankfurt_2017_0257-160x107.jpg 160w\" sizes=\"auto, (max-width: 300px) 100vw, 300px\" \/><\/a>\n\t\t\t<\/div><\/figure><figure class='gallery-item'>\n\t\t\t<div class='gallery-icon landscape'>\n\t\t\t\t<a href='https:\/\/d2p6e6u75xmxt8.cloudfront.net\/10\/2017\/05\/skoda_frankfurt_2017_0235.jpg'><img loading=\"lazy\" decoding=\"async\" width=\"300\" height=\"200\" src=\"https:\/\/d2p6e6u75xmxt8.cloudfront.net\/10\/2017\/05\/skoda_frankfurt_2017_0235-640x427.jpg\" class=\"attachment-medium size-medium\" alt=\"\" srcset=\"https:\/\/d2p6e6u75xmxt8.cloudfront.net\/10\/2017\/05\/skoda_frankfurt_2017_0235-640x427.jpg 640w, https:\/\/d2p6e6u75xmxt8.cloudfront.net\/10\/2017\/05\/skoda_frankfurt_2017_0235-768x512.jpg 768w, https:\/\/d2p6e6u75xmxt8.cloudfront.net\/10\/2017\/05\/skoda_frankfurt_2017_0235-1280x853.jpg 1280w, https:\/\/d2p6e6u75xmxt8.cloudfront.net\/10\/2017\/05\/skoda_frankfurt_2017_0235-160x107.jpg 160w\" sizes=\"auto, (max-width: 300px) 100vw, 300px\" \/><\/a>\n\t\t\t<\/div><\/figure><figure class='gallery-item'>\n\t\t\t<div class='gallery-icon landscape'>\n\t\t\t\t<a href='https:\/\/d2p6e6u75xmxt8.cloudfront.net\/10\/2017\/05\/skoda_frankfurt_2017_0218.jpg'><img loading=\"lazy\" decoding=\"async\" width=\"300\" height=\"200\" src=\"https:\/\/d2p6e6u75xmxt8.cloudfront.net\/10\/2017\/05\/skoda_frankfurt_2017_0218-640x427.jpg\" class=\"attachment-medium size-medium\" alt=\"\" srcset=\"https:\/\/d2p6e6u75xmxt8.cloudfront.net\/10\/2017\/05\/skoda_frankfurt_2017_0218-640x427.jpg 640w, https:\/\/d2p6e6u75xmxt8.cloudfront.net\/10\/2017\/05\/skoda_frankfurt_2017_0218-768x512.jpg 768w, https:\/\/d2p6e6u75xmxt8.cloudfront.net\/10\/2017\/05\/skoda_frankfurt_2017_0218-1280x853.jpg 1280w, https:\/\/d2p6e6u75xmxt8.cloudfront.net\/10\/2017\/05\/skoda_frankfurt_2017_0218-160x107.jpg 160w\" sizes=\"auto, (max-width: 300px) 100vw, 300px\" \/><\/a>\n\t\t\t<\/div><\/figure><figure class='gallery-item'>\n\t\t\t<div class='gallery-icon landscape'>\n\t\t\t\t<a href='https:\/\/d2p6e6u75xmxt8.cloudfront.net\/10\/2017\/05\/skoda_frankfurt_2017_0214.jpg'><img loading=\"lazy\" decoding=\"async\" width=\"300\" height=\"200\" src=\"https:\/\/d2p6e6u75xmxt8.cloudfront.net\/10\/2017\/05\/skoda_frankfurt_2017_0214-640x427.jpg\" class=\"attachment-medium size-medium\" alt=\"\" srcset=\"https:\/\/d2p6e6u75xmxt8.cloudfront.net\/10\/2017\/05\/skoda_frankfurt_2017_0214-640x427.jpg 640w, https:\/\/d2p6e6u75xmxt8.cloudfront.net\/10\/2017\/05\/skoda_frankfurt_2017_0214-768x512.jpg 768w, https:\/\/d2p6e6u75xmxt8.cloudfront.net\/10\/2017\/05\/skoda_frankfurt_2017_0214-1280x853.jpg 1280w, https:\/\/d2p6e6u75xmxt8.cloudfront.net\/10\/2017\/05\/skoda_frankfurt_2017_0214-160x107.jpg 160w\" sizes=\"auto, (max-width: 300px) 100vw, 300px\" \/><\/a>\n\t\t\t<\/div><\/figure><figure class='gallery-item'>\n\t\t\t<div class='gallery-icon landscape'>\n\t\t\t\t<a href='https:\/\/d2p6e6u75xmxt8.cloudfront.net\/10\/2017\/05\/skoda_frankfurt_2017_0212.jpg'><img loading=\"lazy\" decoding=\"async\" width=\"300\" height=\"200\" src=\"https:\/\/d2p6e6u75xmxt8.cloudfront.net\/10\/2017\/05\/skoda_frankfurt_2017_0212-640x427.jpg\" class=\"attachment-medium size-medium\" alt=\"\" srcset=\"https:\/\/d2p6e6u75xmxt8.cloudfront.net\/10\/2017\/05\/skoda_frankfurt_2017_0212-640x427.jpg 640w, https:\/\/d2p6e6u75xmxt8.cloudfront.net\/10\/2017\/05\/skoda_frankfurt_2017_0212-768x512.jpg 768w, https:\/\/d2p6e6u75xmxt8.cloudfront.net\/10\/2017\/05\/skoda_frankfurt_2017_0212-1280x853.jpg 1280w, https:\/\/d2p6e6u75xmxt8.cloudfront.net\/10\/2017\/05\/skoda_frankfurt_2017_0212-160x107.jpg 160w\" sizes=\"auto, (max-width: 300px) 100vw, 300px\" \/><\/a>\n\t\t\t<\/div><\/figure><figure class='gallery-item'>\n\t\t\t<div class='gallery-icon portrait'>\n\t\t\t\t<a href='https:\/\/d2p6e6u75xmxt8.cloudfront.net\/10\/2017\/05\/skoda_frankfurt_2017_0182.jpg'><img loading=\"lazy\" decoding=\"async\" width=\"200\" height=\"300\" src=\"https:\/\/d2p6e6u75xmxt8.cloudfront.net\/10\/2017\/05\/skoda_frankfurt_2017_0182-427x640.jpg\" class=\"attachment-medium size-medium\" alt=\"\" srcset=\"https:\/\/d2p6e6u75xmxt8.cloudfront.net\/10\/2017\/05\/skoda_frankfurt_2017_0182-427x640.jpg 427w, https:\/\/d2p6e6u75xmxt8.cloudfront.net\/10\/2017\/05\/skoda_frankfurt_2017_0182-768x1152.jpg 768w, https:\/\/d2p6e6u75xmxt8.cloudfront.net\/10\/2017\/05\/skoda_frankfurt_2017_0182-853x1280.jpg 853w, https:\/\/d2p6e6u75xmxt8.cloudfront.net\/10\/2017\/05\/skoda_frankfurt_2017_0182-1280x1920.jpg 1280w, https:\/\/d2p6e6u75xmxt8.cloudfront.net\/10\/2017\/05\/skoda_frankfurt_2017_0182-160x240.jpg 160w\" sizes=\"auto, (max-width: 200px) 100vw, 200px\" \/><\/a>\n\t\t\t<\/div><\/figure><figure class='gallery-item'>\n\t\t\t<div class='gallery-icon landscape'>\n\t\t\t\t<a href='https:\/\/d2p6e6u75xmxt8.cloudfront.net\/10\/2017\/05\/skoda_frankfurt_2017_0178.jpg'><img loading=\"lazy\" decoding=\"async\" width=\"300\" height=\"200\" src=\"https:\/\/d2p6e6u75xmxt8.cloudfront.net\/10\/2017\/05\/skoda_frankfurt_2017_0178-640x427.jpg\" class=\"attachment-medium size-medium\" alt=\"\" srcset=\"https:\/\/d2p6e6u75xmxt8.cloudfront.net\/10\/2017\/05\/skoda_frankfurt_2017_0178-640x427.jpg 640w, https:\/\/d2p6e6u75xmxt8.cloudfront.net\/10\/2017\/05\/skoda_frankfurt_2017_0178-768x512.jpg 768w, https:\/\/d2p6e6u75xmxt8.cloudfront.net\/10\/2017\/05\/skoda_frankfurt_2017_0178-1280x853.jpg 1280w, https:\/\/d2p6e6u75xmxt8.cloudfront.net\/10\/2017\/05\/skoda_frankfurt_2017_0178-160x107.jpg 160w\" sizes=\"auto, (max-width: 300px) 100vw, 300px\" \/><\/a>\n\t\t\t<\/div><\/figure><figure class='gallery-item'>\n\t\t\t<div class='gallery-icon portrait'>\n\t\t\t\t<a href='https:\/\/d2p6e6u75xmxt8.cloudfront.net\/10\/2017\/05\/skoda_frankfurt_2017_0175.jpg'><img loading=\"lazy\" decoding=\"async\" width=\"200\" height=\"300\" src=\"https:\/\/d2p6e6u75xmxt8.cloudfront.net\/10\/2017\/05\/skoda_frankfurt_2017_0175-427x640.jpg\" class=\"attachment-medium size-medium\" alt=\"\" srcset=\"https:\/\/d2p6e6u75xmxt8.cloudfront.net\/10\/2017\/05\/skoda_frankfurt_2017_0175-427x640.jpg 427w, https:\/\/d2p6e6u75xmxt8.cloudfront.net\/10\/2017\/05\/skoda_frankfurt_2017_0175-768x1152.jpg 768w, https:\/\/d2p6e6u75xmxt8.cloudfront.net\/10\/2017\/05\/skoda_frankfurt_2017_0175-853x1280.jpg 853w, https:\/\/d2p6e6u75xmxt8.cloudfront.net\/10\/2017\/05\/skoda_frankfurt_2017_0175-1280x1920.jpg 1280w, https:\/\/d2p6e6u75xmxt8.cloudfront.net\/10\/2017\/05\/skoda_frankfurt_2017_0175-160x240.jpg 160w\" sizes=\"auto, (max-width: 200px) 100vw, 200px\" \/><\/a>\n\t\t\t<\/div><\/figure><figure class='gallery-item'>\n\t\t\t<div class='gallery-icon landscape'>\n\t\t\t\t<a href='https:\/\/d2p6e6u75xmxt8.cloudfront.net\/10\/2017\/05\/skoda_frankfurt_2017_0164.jpg'><img loading=\"lazy\" decoding=\"async\" width=\"300\" height=\"200\" src=\"https:\/\/d2p6e6u75xmxt8.cloudfront.net\/10\/2017\/05\/skoda_frankfurt_2017_0164-640x427.jpg\" class=\"attachment-medium size-medium\" alt=\"\" srcset=\"https:\/\/d2p6e6u75xmxt8.cloudfront.net\/10\/2017\/05\/skoda_frankfurt_2017_0164-640x427.jpg 640w, https:\/\/d2p6e6u75xmxt8.cloudfront.net\/10\/2017\/05\/skoda_frankfurt_2017_0164-768x512.jpg 768w, https:\/\/d2p6e6u75xmxt8.cloudfront.net\/10\/2017\/05\/skoda_frankfurt_2017_0164-1280x853.jpg 1280w, https:\/\/d2p6e6u75xmxt8.cloudfront.net\/10\/2017\/05\/skoda_frankfurt_2017_0164-160x107.jpg 160w\" sizes=\"auto, (max-width: 300px) 100vw, 300px\" \/><\/a>\n\t\t\t<\/div><\/figure><figure class='gallery-item'>\n\t\t\t<div class='gallery-icon landscape'>\n\t\t\t\t<a href='https:\/\/d2p6e6u75xmxt8.cloudfront.net\/10\/2017\/05\/skoda_frankfurt_2017_0158.jpg'><img loading=\"lazy\" decoding=\"async\" width=\"300\" height=\"200\" src=\"https:\/\/d2p6e6u75xmxt8.cloudfront.net\/10\/2017\/05\/skoda_frankfurt_2017_0158-640x427.jpg\" class=\"attachment-medium size-medium\" alt=\"\" srcset=\"https:\/\/d2p6e6u75xmxt8.cloudfront.net\/10\/2017\/05\/skoda_frankfurt_2017_0158-640x427.jpg 640w, https:\/\/d2p6e6u75xmxt8.cloudfront.net\/10\/2017\/05\/skoda_frankfurt_2017_0158-768x512.jpg 768w, https:\/\/d2p6e6u75xmxt8.cloudfront.net\/10\/2017\/05\/skoda_frankfurt_2017_0158-1280x853.jpg 1280w, https:\/\/d2p6e6u75xmxt8.cloudfront.net\/10\/2017\/05\/skoda_frankfurt_2017_0158-160x107.jpg 160w\" sizes=\"auto, (max-width: 300px) 100vw, 300px\" \/><\/a>\n\t\t\t<\/div><\/figure><figure class='gallery-item'>\n\t\t\t<div class='gallery-icon landscape'>\n\t\t\t\t<a href='https:\/\/d2p6e6u75xmxt8.cloudfront.net\/10\/2017\/05\/skoda_frankfurt_2017_0150.jpg'><img loading=\"lazy\" decoding=\"async\" width=\"300\" height=\"200\" src=\"https:\/\/d2p6e6u75xmxt8.cloudfront.net\/10\/2017\/05\/skoda_frankfurt_2017_0150-640x427.jpg\" class=\"attachment-medium size-medium\" alt=\"\" srcset=\"https:\/\/d2p6e6u75xmxt8.cloudfront.net\/10\/2017\/05\/skoda_frankfurt_2017_0150-640x427.jpg 640w, https:\/\/d2p6e6u75xmxt8.cloudfront.net\/10\/2017\/05\/skoda_frankfurt_2017_0150-768x512.jpg 768w, https:\/\/d2p6e6u75xmxt8.cloudfront.net\/10\/2017\/05\/skoda_frankfurt_2017_0150-1280x853.jpg 1280w, https:\/\/d2p6e6u75xmxt8.cloudfront.net\/10\/2017\/05\/skoda_frankfurt_2017_0150-160x107.jpg 160w\" sizes=\"auto, (max-width: 300px) 100vw, 300px\" \/><\/a>\n\t\t\t<\/div><\/figure><figure class='gallery-item'>\n\t\t\t<div class='gallery-icon landscape'>\n\t\t\t\t<a href='https:\/\/d2p6e6u75xmxt8.cloudfront.net\/10\/2017\/05\/skoda_frankfurt_2017_0147.jpg'><img loading=\"lazy\" decoding=\"async\" width=\"300\" height=\"200\" src=\"https:\/\/d2p6e6u75xmxt8.cloudfront.net\/10\/2017\/05\/skoda_frankfurt_2017_0147-640x427.jpg\" class=\"attachment-medium size-medium\" alt=\"\" srcset=\"https:\/\/d2p6e6u75xmxt8.cloudfront.net\/10\/2017\/05\/skoda_frankfurt_2017_0147-640x427.jpg 640w, https:\/\/d2p6e6u75xmxt8.cloudfront.net\/10\/2017\/05\/skoda_frankfurt_2017_0147-768x512.jpg 768w, https:\/\/d2p6e6u75xmxt8.cloudfront.net\/10\/2017\/05\/skoda_frankfurt_2017_0147-1280x853.jpg 1280w, https:\/\/d2p6e6u75xmxt8.cloudfront.net\/10\/2017\/05\/skoda_frankfurt_2017_0147-160x107.jpg 160w\" sizes=\"auto, (max-width: 300px) 100vw, 300px\" \/><\/a>\n\t\t\t<\/div><\/figure><figure class='gallery-item'>\n\t\t\t<div class='gallery-icon landscape'>\n\t\t\t\t<a href='https:\/\/d2p6e6u75xmxt8.cloudfront.net\/10\/2017\/05\/skoda_frankfurt_2017_0140.jpg'><img loading=\"lazy\" decoding=\"async\" width=\"300\" height=\"200\" src=\"https:\/\/d2p6e6u75xmxt8.cloudfront.net\/10\/2017\/05\/skoda_frankfurt_2017_0140-640x427.jpg\" class=\"attachment-medium size-medium\" alt=\"\" srcset=\"https:\/\/d2p6e6u75xmxt8.cloudfront.net\/10\/2017\/05\/skoda_frankfurt_2017_0140-640x427.jpg 640w, https:\/\/d2p6e6u75xmxt8.cloudfront.net\/10\/2017\/05\/skoda_frankfurt_2017_0140-768x512.jpg 768w, https:\/\/d2p6e6u75xmxt8.cloudfront.net\/10\/2017\/05\/skoda_frankfurt_2017_0140-1280x853.jpg 1280w, https:\/\/d2p6e6u75xmxt8.cloudfront.net\/10\/2017\/05\/skoda_frankfurt_2017_0140-160x107.jpg 160w\" sizes=\"auto, (max-width: 300px) 100vw, 300px\" \/><\/a>\n\t\t\t<\/div><\/figure><figure class='gallery-item'>\n\t\t\t<div class='gallery-icon landscape'>\n\t\t\t\t<a href='https:\/\/d2p6e6u75xmxt8.cloudfront.net\/10\/2017\/05\/skoda_frankfurt_2017_0119.jpg'><img loading=\"lazy\" decoding=\"async\" width=\"300\" height=\"200\" src=\"https:\/\/d2p6e6u75xmxt8.cloudfront.net\/10\/2017\/05\/skoda_frankfurt_2017_0119-640x427.jpg\" class=\"attachment-medium size-medium\" alt=\"\" srcset=\"https:\/\/d2p6e6u75xmxt8.cloudfront.net\/10\/2017\/05\/skoda_frankfurt_2017_0119-640x427.jpg 640w, https:\/\/d2p6e6u75xmxt8.cloudfront.net\/10\/2017\/05\/skoda_frankfurt_2017_0119-768x512.jpg 768w, https:\/\/d2p6e6u75xmxt8.cloudfront.net\/10\/2017\/05\/skoda_frankfurt_2017_0119-1280x853.jpg 1280w, https:\/\/d2p6e6u75xmxt8.cloudfront.net\/10\/2017\/05\/skoda_frankfurt_2017_0119-160x107.jpg 160w\" sizes=\"auto, (max-width: 300px) 100vw, 300px\" \/><\/a>\n\t\t\t<\/div><\/figure><figure class='gallery-item'>\n\t\t\t<div class='gallery-icon landscape'>\n\t\t\t\t<a href='https:\/\/d2p6e6u75xmxt8.cloudfront.net\/10\/2017\/05\/skoda_frankfurt_2017_0111.jpg'><img loading=\"lazy\" decoding=\"async\" width=\"300\" height=\"200\" src=\"https:\/\/d2p6e6u75xmxt8.cloudfront.net\/10\/2017\/05\/skoda_frankfurt_2017_0111-640x427.jpg\" class=\"attachment-medium size-medium\" alt=\"\" srcset=\"https:\/\/d2p6e6u75xmxt8.cloudfront.net\/10\/2017\/05\/skoda_frankfurt_2017_0111-640x427.jpg 640w, https:\/\/d2p6e6u75xmxt8.cloudfront.net\/10\/2017\/05\/skoda_frankfurt_2017_0111-768x512.jpg 768w, https:\/\/d2p6e6u75xmxt8.cloudfront.net\/10\/2017\/05\/skoda_frankfurt_2017_0111-1280x853.jpg 1280w, https:\/\/d2p6e6u75xmxt8.cloudfront.net\/10\/2017\/05\/skoda_frankfurt_2017_0111-160x107.jpg 160w\" sizes=\"auto, (max-width: 300px) 100vw, 300px\" \/><\/a>\n\t\t\t<\/div><\/figure><figure class='gallery-item'>\n\t\t\t<div class='gallery-icon landscape'>\n\t\t\t\t<a href='https:\/\/d2p6e6u75xmxt8.cloudfront.net\/10\/2017\/05\/skoda_frankfurt_2017_0105.jpg'><img loading=\"lazy\" decoding=\"async\" width=\"300\" height=\"200\" src=\"https:\/\/d2p6e6u75xmxt8.cloudfront.net\/10\/2017\/05\/skoda_frankfurt_2017_0105-640x427.jpg\" class=\"attachment-medium size-medium\" alt=\"\" srcset=\"https:\/\/d2p6e6u75xmxt8.cloudfront.net\/10\/2017\/05\/skoda_frankfurt_2017_0105-640x427.jpg 640w, https:\/\/d2p6e6u75xmxt8.cloudfront.net\/10\/2017\/05\/skoda_frankfurt_2017_0105-768x512.jpg 768w, https:\/\/d2p6e6u75xmxt8.cloudfront.net\/10\/2017\/05\/skoda_frankfurt_2017_0105-1280x853.jpg 1280w, https:\/\/d2p6e6u75xmxt8.cloudfront.net\/10\/2017\/05\/skoda_frankfurt_2017_0105-160x107.jpg 160w\" sizes=\"auto, (max-width: 300px) 100vw, 300px\" \/><\/a>\n\t\t\t<\/div><\/figure><figure class='gallery-item'>\n\t\t\t<div class='gallery-icon landscape'>\n\t\t\t\t<a href='https:\/\/d2p6e6u75xmxt8.cloudfront.net\/10\/2017\/05\/skoda_frankfurt_2017_0099.jpg'><img loading=\"lazy\" decoding=\"async\" width=\"300\" height=\"200\" src=\"https:\/\/d2p6e6u75xmxt8.cloudfront.net\/10\/2017\/05\/skoda_frankfurt_2017_0099-640x427.jpg\" class=\"attachment-medium size-medium\" alt=\"\" srcset=\"https:\/\/d2p6e6u75xmxt8.cloudfront.net\/10\/2017\/05\/skoda_frankfurt_2017_0099-640x427.jpg 640w, https:\/\/d2p6e6u75xmxt8.cloudfront.net\/10\/2017\/05\/skoda_frankfurt_2017_0099-768x512.jpg 768w, https:\/\/d2p6e6u75xmxt8.cloudfront.net\/10\/2017\/05\/skoda_frankfurt_2017_0099-1280x853.jpg 1280w, https:\/\/d2p6e6u75xmxt8.cloudfront.net\/10\/2017\/05\/skoda_frankfurt_2017_0099-160x107.jpg 160w\" sizes=\"auto, (max-width: 300px) 100vw, 300px\" \/><\/a>\n\t\t\t<\/div><\/figure><figure class='gallery-item'>\n\t\t\t<div class='gallery-icon landscape'>\n\t\t\t\t<a href='https:\/\/d2p6e6u75xmxt8.cloudfront.net\/10\/2017\/05\/skoda_frankfurt_2017_0095.jpg'><img loading=\"lazy\" decoding=\"async\" width=\"300\" height=\"200\" src=\"https:\/\/d2p6e6u75xmxt8.cloudfront.net\/10\/2017\/05\/skoda_frankfurt_2017_0095-640x427.jpg\" class=\"attachment-medium size-medium\" alt=\"\" srcset=\"https:\/\/d2p6e6u75xmxt8.cloudfront.net\/10\/2017\/05\/skoda_frankfurt_2017_0095-640x427.jpg 640w, https:\/\/d2p6e6u75xmxt8.cloudfront.net\/10\/2017\/05\/skoda_frankfurt_2017_0095-768x512.jpg 768w, https:\/\/d2p6e6u75xmxt8.cloudfront.net\/10\/2017\/05\/skoda_frankfurt_2017_0095-1280x853.jpg 1280w, https:\/\/d2p6e6u75xmxt8.cloudfront.net\/10\/2017\/05\/skoda_frankfurt_2017_0095-160x107.jpg 160w\" sizes=\"auto, (max-width: 300px) 100vw, 300px\" \/><\/a>\n\t\t\t<\/div><\/figure><figure class='gallery-item'>\n\t\t\t<div class='gallery-icon landscape'>\n\t\t\t\t<a href='https:\/\/d2p6e6u75xmxt8.cloudfront.net\/10\/2017\/05\/skoda_frankfurt_2017_0086.jpg'><img loading=\"lazy\" decoding=\"async\" width=\"300\" height=\"200\" src=\"https:\/\/d2p6e6u75xmxt8.cloudfront.net\/10\/2017\/05\/skoda_frankfurt_2017_0086-640x427.jpg\" class=\"attachment-medium size-medium\" alt=\"\" srcset=\"https:\/\/d2p6e6u75xmxt8.cloudfront.net\/10\/2017\/05\/skoda_frankfurt_2017_0086-640x427.jpg 640w, https:\/\/d2p6e6u75xmxt8.cloudfront.net\/10\/2017\/05\/skoda_frankfurt_2017_0086-768x512.jpg 768w, https:\/\/d2p6e6u75xmxt8.cloudfront.net\/10\/2017\/05\/skoda_frankfurt_2017_0086-1280x853.jpg 1280w, https:\/\/d2p6e6u75xmxt8.cloudfront.net\/10\/2017\/05\/skoda_frankfurt_2017_0086-160x107.jpg 160w\" sizes=\"auto, (max-width: 300px) 100vw, 300px\" \/><\/a>\n\t\t\t<\/div><\/figure><figure class='gallery-item'>\n\t\t\t<div class='gallery-icon landscape'>\n\t\t\t\t<a href='https:\/\/d2p6e6u75xmxt8.cloudfront.net\/10\/2017\/05\/skoda_frankfurt_2017_0079.jpg'><img loading=\"lazy\" decoding=\"async\" width=\"300\" height=\"200\" src=\"https:\/\/d2p6e6u75xmxt8.cloudfront.net\/10\/2017\/05\/skoda_frankfurt_2017_0079-640x427.jpg\" class=\"attachment-medium size-medium\" alt=\"\" srcset=\"https:\/\/d2p6e6u75xmxt8.cloudfront.net\/10\/2017\/05\/skoda_frankfurt_2017_0079-640x427.jpg 640w, https:\/\/d2p6e6u75xmxt8.cloudfront.net\/10\/2017\/05\/skoda_frankfurt_2017_0079-768x512.jpg 768w, https:\/\/d2p6e6u75xmxt8.cloudfront.net\/10\/2017\/05\/skoda_frankfurt_2017_0079-1280x853.jpg 1280w, https:\/\/d2p6e6u75xmxt8.cloudfront.net\/10\/2017\/05\/skoda_frankfurt_2017_0079-160x107.jpg 160w\" sizes=\"auto, (max-width: 300px) 100vw, 300px\" \/><\/a>\n\t\t\t<\/div><\/figure><figure class='gallery-item'>\n\t\t\t<div class='gallery-icon landscape'>\n\t\t\t\t<a href='https:\/\/d2p6e6u75xmxt8.cloudfront.net\/10\/2017\/05\/skoda_frankfurt_2017_0069.jpg'><img loading=\"lazy\" decoding=\"async\" width=\"300\" height=\"200\" src=\"https:\/\/d2p6e6u75xmxt8.cloudfront.net\/10\/2017\/05\/skoda_frankfurt_2017_0069-640x427.jpg\" class=\"attachment-medium size-medium\" alt=\"\" srcset=\"https:\/\/d2p6e6u75xmxt8.cloudfront.net\/10\/2017\/05\/skoda_frankfurt_2017_0069-640x427.jpg 640w, https:\/\/d2p6e6u75xmxt8.cloudfront.net\/10\/2017\/05\/skoda_frankfurt_2017_0069-768x512.jpg 768w, https:\/\/d2p6e6u75xmxt8.cloudfront.net\/10\/2017\/05\/skoda_frankfurt_2017_0069-1280x853.jpg 1280w, https:\/\/d2p6e6u75xmxt8.cloudfront.net\/10\/2017\/05\/skoda_frankfurt_2017_0069-160x107.jpg 160w\" sizes=\"auto, (max-width: 300px) 100vw, 300px\" \/><\/a>\n\t\t\t<\/div><\/figure><figure class='gallery-item'>\n\t\t\t<div class='gallery-icon landscape'>\n\t\t\t\t<a href='https:\/\/d2p6e6u75xmxt8.cloudfront.net\/10\/2017\/05\/skoda_frankfurt_2017_0054.jpg'><img loading=\"lazy\" decoding=\"async\" width=\"300\" height=\"200\" src=\"https:\/\/d2p6e6u75xmxt8.cloudfront.net\/10\/2017\/05\/skoda_frankfurt_2017_0054-640x427.jpg\" class=\"attachment-medium size-medium\" alt=\"\" srcset=\"https:\/\/d2p6e6u75xmxt8.cloudfront.net\/10\/2017\/05\/skoda_frankfurt_2017_0054-640x427.jpg 640w, https:\/\/d2p6e6u75xmxt8.cloudfront.net\/10\/2017\/05\/skoda_frankfurt_2017_0054-768x512.jpg 768w, https:\/\/d2p6e6u75xmxt8.cloudfront.net\/10\/2017\/05\/skoda_frankfurt_2017_0054-1280x853.jpg 1280w, https:\/\/d2p6e6u75xmxt8.cloudfront.net\/10\/2017\/05\/skoda_frankfurt_2017_0054-160x107.jpg 160w\" sizes=\"auto, (max-width: 300px) 100vw, 300px\" \/><\/a>\n\t\t\t<\/div><\/figure><figure class='gallery-item'>\n\t\t\t<div class='gallery-icon landscape'>\n\t\t\t\t<a href='https:\/\/d2p6e6u75xmxt8.cloudfront.net\/10\/2017\/05\/skoda_frankfurt_2017_0046.jpg'><img loading=\"lazy\" decoding=\"async\" width=\"300\" height=\"200\" src=\"https:\/\/d2p6e6u75xmxt8.cloudfront.net\/10\/2017\/05\/skoda_frankfurt_2017_0046-640x427.jpg\" class=\"attachment-medium size-medium\" alt=\"\" srcset=\"https:\/\/d2p6e6u75xmxt8.cloudfront.net\/10\/2017\/05\/skoda_frankfurt_2017_0046-640x427.jpg 640w, https:\/\/d2p6e6u75xmxt8.cloudfront.net\/10\/2017\/05\/skoda_frankfurt_2017_0046-768x512.jpg 768w, https:\/\/d2p6e6u75xmxt8.cloudfront.net\/10\/2017\/05\/skoda_frankfurt_2017_0046-1280x853.jpg 1280w, https:\/\/d2p6e6u75xmxt8.cloudfront.net\/10\/2017\/05\/skoda_frankfurt_2017_0046-160x107.jpg 160w\" sizes=\"auto, (max-width: 300px) 100vw, 300px\" \/><\/a>\n\t\t\t<\/div><\/figure><figure class='gallery-item'>\n\t\t\t<div class='gallery-icon portrait'>\n\t\t\t\t<a href='https:\/\/d2p6e6u75xmxt8.cloudfront.net\/10\/2017\/05\/skoda_frankfurt_2017_0038.jpg'><img loading=\"lazy\" decoding=\"async\" width=\"200\" height=\"300\" src=\"https:\/\/d2p6e6u75xmxt8.cloudfront.net\/10\/2017\/05\/skoda_frankfurt_2017_0038-427x640.jpg\" class=\"attachment-medium size-medium\" alt=\"\" srcset=\"https:\/\/d2p6e6u75xmxt8.cloudfront.net\/10\/2017\/05\/skoda_frankfurt_2017_0038-427x640.jpg 427w, https:\/\/d2p6e6u75xmxt8.cloudfront.net\/10\/2017\/05\/skoda_frankfurt_2017_0038-768x1152.jpg 768w, https:\/\/d2p6e6u75xmxt8.cloudfront.net\/10\/2017\/05\/skoda_frankfurt_2017_0038-853x1280.jpg 853w, https:\/\/d2p6e6u75xmxt8.cloudfront.net\/10\/2017\/05\/skoda_frankfurt_2017_0038-1280x1920.jpg 1280w, https:\/\/d2p6e6u75xmxt8.cloudfront.net\/10\/2017\/05\/skoda_frankfurt_2017_0038-160x240.jpg 160w\" sizes=\"auto, (max-width: 200px) 100vw, 200px\" \/><\/a>\n\t\t\t<\/div><\/figure><figure class='gallery-item'>\n\t\t\t<div class='gallery-icon landscape'>\n\t\t\t\t<a href='https:\/\/d2p6e6u75xmxt8.cloudfront.net\/10\/2017\/05\/skoda_frankfurt_2017_0010.jpg'><img loading=\"lazy\" decoding=\"async\" width=\"300\" height=\"200\" src=\"https:\/\/d2p6e6u75xmxt8.cloudfront.net\/10\/2017\/05\/skoda_frankfurt_2017_0010-640x427.jpg\" class=\"attachment-medium size-medium\" alt=\"\" srcset=\"https:\/\/d2p6e6u75xmxt8.cloudfront.net\/10\/2017\/05\/skoda_frankfurt_2017_0010-640x427.jpg 640w, https:\/\/d2p6e6u75xmxt8.cloudfront.net\/10\/2017\/05\/skoda_frankfurt_2017_0010-768x512.jpg 768w, https:\/\/d2p6e6u75xmxt8.cloudfront.net\/10\/2017\/05\/skoda_frankfurt_2017_0010-1280x853.jpg 1280w, https:\/\/d2p6e6u75xmxt8.cloudfront.net\/10\/2017\/05\/skoda_frankfurt_2017_0010-160x107.jpg 160w\" sizes=\"auto, (max-width: 300px) 100vw, 300px\" \/><\/a>\n\t\t\t<\/div><\/figure><figure class='gallery-item'>\n\t\t\t<div class='gallery-icon landscape'>\n\t\t\t\t<a href='https:\/\/d2p6e6u75xmxt8.cloudfront.net\/10\/2017\/05\/skoda_frankfurt_2017_0001.jpg'><img loading=\"lazy\" decoding=\"async\" width=\"300\" height=\"200\" src=\"https:\/\/d2p6e6u75xmxt8.cloudfront.net\/10\/2017\/05\/skoda_frankfurt_2017_0001-640x427.jpg\" class=\"attachment-medium size-medium\" alt=\"\" srcset=\"https:\/\/d2p6e6u75xmxt8.cloudfront.net\/10\/2017\/05\/skoda_frankfurt_2017_0001-640x427.jpg 640w, https:\/\/d2p6e6u75xmxt8.cloudfront.net\/10\/2017\/05\/skoda_frankfurt_2017_0001-768x512.jpg 768w, https:\/\/d2p6e6u75xmxt8.cloudfront.net\/10\/2017\/05\/skoda_frankfurt_2017_0001-1280x853.jpg 1280w, https:\/\/d2p6e6u75xmxt8.cloudfront.net\/10\/2017\/05\/skoda_frankfurt_2017_0001-160x107.jpg 160w\" sizes=\"auto, (max-width: 300px) 100vw, 300px\" \/><\/a>\n\t\t\t<\/div><\/figure>\n\t\t<\/div>\n\n","protected":false},"excerpt":{"rendered":"<p>Am\u00a0Montag, den 1. Mai, fiel in Eschborn der Startschuss f\u00fcr das erste gro\u00dfe Jedermann-Event des Jahres und unser \u0160koda Veloteam [&hellip;]<\/p>\n","protected":false},"author":59,"featured_media":5470,"comment_status":"closed","ping_status":"closed","sticky":false,"template":"","format":"gallery","meta":{"footnotes":""},"categories":[1],"tags":[],"global-categories":[],"class_list":["post-5388","post","type-post","status-publish","format-gallery","has-post-thumbnail","hentry","category-allgemein","post_format-post-format-gallery"],"yoast_head":"<!-- This site is optimized with the Yoast SEO Premium plugin v25.3 (Yoast SEO v25.9) - https:\/\/yoast.com\/wordpress\/plugins\/seo\/ -->\n<title>\u0160koda Velotour - Rund um den Finanzplatz am 1. Mai - \u0160koda We Love Cycling - Deutschland<\/title>\n<meta name=\"robots\" content=\"index, follow, max-snippet:-1, max-image-preview:large, max-video-preview:-1\" \/>\n<link rel=\"canonical\" href=\"https:\/\/www.welovecycling.com\/de\/2017\/05\/12\/skoda-velotour-rund-um-den-finanzplatz-am-1-mai\/\" \/>\n<meta property=\"og:locale\" content=\"de_DE\" \/>\n<meta property=\"og:type\" content=\"article\" \/>\n<meta property=\"og:title\" content=\"\u0160koda Velotour - Rund um den Finanzplatz am 1. Mai\" \/>\n<meta property=\"og:description\" content=\"Am\u00a0Montag, den 1. Mai, fiel in Eschborn der Startschuss f\u00fcr das erste gro\u00dfe Jedermann-Event des Jahres und unser \u0160koda Veloteam [&hellip;]\" \/>\n<meta property=\"og:url\" content=\"https:\/\/www.welovecycling.com\/de\/2017\/05\/12\/skoda-velotour-rund-um-den-finanzplatz-am-1-mai\/\" \/>\n<meta property=\"og:site_name\" content=\"\u0160koda We Love Cycling - Deutschland\" \/>\n<meta property=\"article:published_time\" content=\"2017-05-12T09:14:42+00:00\" \/>\n<meta property=\"article:modified_time\" content=\"2018-02-08T09:07:55+00:00\" \/>\n<meta property=\"og:image\" content=\"https:\/\/d2p6e6u75xmxt8.cloudfront.net\/10\/2017\/05\/skoda_frankfurt_2017_0833-1280x967.jpg\" \/>\n\t<meta property=\"og:image:width\" content=\"1280\" \/>\n\t<meta property=\"og:image:height\" content=\"967\" \/>\n\t<meta property=\"og:image:type\" content=\"image\/jpeg\" \/>\n<meta name=\"author\" content=\"olivernoe\" \/>\n<meta name=\"twitter:card\" content=\"summary_large_image\" \/>\n<meta name=\"twitter:label1\" content=\"Written by\" \/>\n\t<meta name=\"twitter:data1\" content=\"olivernoe\" \/>\n\t<meta name=\"twitter:label2\" content=\"Est. reading time\" \/>\n\t<meta name=\"twitter:data2\" content=\"2 minutes\" \/>\n<script type=\"application\/ld+json\" class=\"yoast-schema-graph\">{\"@context\":\"https:\/\/schema.org\",\"@graph\":[{\"@type\":\"WebPage\",\"@id\":\"https:\/\/www.welovecycling.com\/de\/2017\/05\/12\/skoda-velotour-rund-um-den-finanzplatz-am-1-mai\/\",\"url\":\"https:\/\/www.welovecycling.com\/de\/2017\/05\/12\/skoda-velotour-rund-um-den-finanzplatz-am-1-mai\/\",\"name\":\"\u0160koda Velotour - Rund um den Finanzplatz am 1. Mai - \u0160koda We Love Cycling - Deutschland\",\"isPartOf\":{\"@id\":\"https:\/\/www.welovecycling.com\/de\/#website\"},\"primaryImageOfPage\":{\"@id\":\"https:\/\/www.welovecycling.com\/de\/2017\/05\/12\/skoda-velotour-rund-um-den-finanzplatz-am-1-mai\/#primaryimage\"},\"image\":{\"@id\":\"https:\/\/www.welovecycling.com\/de\/2017\/05\/12\/skoda-velotour-rund-um-den-finanzplatz-am-1-mai\/#primaryimage\"},\"thumbnailUrl\":\"https:\/\/d2p6e6u75xmxt8.cloudfront.net\/10\/2017\/05\/skoda_frankfurt_2017_0833.jpg\",\"datePublished\":\"2017-05-12T09:14:42+00:00\",\"dateModified\":\"2018-02-08T09:07:55+00:00\",\"author\":{\"@id\":\"https:\/\/www.welovecycling.com\/de\/#\/schema\/person\/47c2033931a03788c2dc4515c60a99a7\"},\"breadcrumb\":{\"@id\":\"https:\/\/www.welovecycling.com\/de\/2017\/05\/12\/skoda-velotour-rund-um-den-finanzplatz-am-1-mai\/#breadcrumb\"},\"inLanguage\":\"de-DE\",\"potentialAction\":[{\"@type\":\"ReadAction\",\"target\":[\"https:\/\/www.welovecycling.com\/de\/2017\/05\/12\/skoda-velotour-rund-um-den-finanzplatz-am-1-mai\/\"]}]},{\"@type\":\"ImageObject\",\"inLanguage\":\"de-DE\",\"@id\":\"https:\/\/www.welovecycling.com\/de\/2017\/05\/12\/skoda-velotour-rund-um-den-finanzplatz-am-1-mai\/#primaryimage\",\"url\":\"https:\/\/d2p6e6u75xmxt8.cloudfront.net\/10\/2017\/05\/skoda_frankfurt_2017_0833.jpg\",\"contentUrl\":\"https:\/\/d2p6e6u75xmxt8.cloudfront.net\/10\/2017\/05\/skoda_frankfurt_2017_0833.jpg\",\"width\":3503,\"height\":2646},{\"@type\":\"BreadcrumbList\",\"@id\":\"https:\/\/www.welovecycling.com\/de\/2017\/05\/12\/skoda-velotour-rund-um-den-finanzplatz-am-1-mai\/#breadcrumb\",\"itemListElement\":[{\"@type\":\"ListItem\",\"position\":1,\"name\":\"Home\",\"item\":\"https:\/\/www.welovecycling.com\/de\/\"},{\"@type\":\"ListItem\",\"position\":2,\"name\":\"\u0160koda Velotour &#8211; Rund um den Finanzplatz am 1. Mai\"}]},{\"@type\":\"WebSite\",\"@id\":\"https:\/\/www.welovecycling.com\/de\/#website\",\"url\":\"https:\/\/www.welovecycling.com\/de\/\",\"name\":\"\u0160koda We Love Cycling - Deutschland\",\"description\":\"Just another \u0160koda WeLoveCycling Sites site\",\"potentialAction\":[{\"@type\":\"SearchAction\",\"target\":{\"@type\":\"EntryPoint\",\"urlTemplate\":\"https:\/\/www.welovecycling.com\/de\/?s={search_term_string}\"},\"query-input\":{\"@type\":\"PropertyValueSpecification\",\"valueRequired\":true,\"valueName\":\"search_term_string\"}}],\"inLanguage\":\"de-DE\"},{\"@type\":\"Person\",\"@id\":\"https:\/\/www.welovecycling.com\/de\/#\/schema\/person\/47c2033931a03788c2dc4515c60a99a7\",\"name\":\"olivernoe\",\"image\":{\"@type\":\"ImageObject\",\"inLanguage\":\"de-DE\",\"@id\":\"https:\/\/www.welovecycling.com\/de\/#\/schema\/person\/image\/\",\"url\":\"https:\/\/secure.gravatar.com\/avatar\/467c85d5cc7a844ff909442d598a686741ba305628f4bdc008c351dceb203496?s=96&d=mm&r=g\",\"contentUrl\":\"https:\/\/secure.gravatar.com\/avatar\/467c85d5cc7a844ff909442d598a686741ba305628f4bdc008c351dceb203496?s=96&d=mm&r=g\",\"caption\":\"olivernoe\"},\"url\":\"https:\/\/www.welovecycling.com\/de\/author\/olivernoe\/\"}]}<\/script>\n<!-- \/ Yoast SEO Premium plugin. -->","yoast_head_json":{"title":"\u0160koda Velotour - Rund um den Finanzplatz am 1. Mai - \u0160koda We Love Cycling - Deutschland","robots":{"index":"index","follow":"follow","max-snippet":"max-snippet:-1","max-image-preview":"max-image-preview:large","max-video-preview":"max-video-preview:-1"},"canonical":"https:\/\/www.welovecycling.com\/de\/2017\/05\/12\/skoda-velotour-rund-um-den-finanzplatz-am-1-mai\/","og_locale":"de_DE","og_type":"article","og_title":"\u0160koda Velotour - Rund um den Finanzplatz am 1. Mai","og_description":"Am\u00a0Montag, den 1. Mai, fiel in Eschborn der Startschuss f\u00fcr das erste gro\u00dfe Jedermann-Event des Jahres und unser \u0160koda Veloteam [&hellip;]","og_url":"https:\/\/www.welovecycling.com\/de\/2017\/05\/12\/skoda-velotour-rund-um-den-finanzplatz-am-1-mai\/","og_site_name":"\u0160koda We Love Cycling - Deutschland","article_published_time":"2017-05-12T09:14:42+00:00","article_modified_time":"2018-02-08T09:07:55+00:00","og_image":[{"width":1280,"height":967,"url":"https:\/\/d2p6e6u75xmxt8.cloudfront.net\/10\/2017\/05\/skoda_frankfurt_2017_0833-1280x967.jpg","type":"image\/jpeg"}],"author":"olivernoe","twitter_card":"summary_large_image","twitter_misc":{"Written by":"olivernoe","Est. reading time":"2 minutes"},"schema":{"@context":"https:\/\/schema.org","@graph":[{"@type":"WebPage","@id":"https:\/\/www.welovecycling.com\/de\/2017\/05\/12\/skoda-velotour-rund-um-den-finanzplatz-am-1-mai\/","url":"https:\/\/www.welovecycling.com\/de\/2017\/05\/12\/skoda-velotour-rund-um-den-finanzplatz-am-1-mai\/","name":"\u0160koda Velotour - Rund um den Finanzplatz am 1. Mai - \u0160koda We Love Cycling - Deutschland","isPartOf":{"@id":"https:\/\/www.welovecycling.com\/de\/#website"},"primaryImageOfPage":{"@id":"https:\/\/www.welovecycling.com\/de\/2017\/05\/12\/skoda-velotour-rund-um-den-finanzplatz-am-1-mai\/#primaryimage"},"image":{"@id":"https:\/\/www.welovecycling.com\/de\/2017\/05\/12\/skoda-velotour-rund-um-den-finanzplatz-am-1-mai\/#primaryimage"},"thumbnailUrl":"https:\/\/d2p6e6u75xmxt8.cloudfront.net\/10\/2017\/05\/skoda_frankfurt_2017_0833.jpg","datePublished":"2017-05-12T09:14:42+00:00","dateModified":"2018-02-08T09:07:55+00:00","author":{"@id":"https:\/\/www.welovecycling.com\/de\/#\/schema\/person\/47c2033931a03788c2dc4515c60a99a7"},"breadcrumb":{"@id":"https:\/\/www.welovecycling.com\/de\/2017\/05\/12\/skoda-velotour-rund-um-den-finanzplatz-am-1-mai\/#breadcrumb"},"inLanguage":"de-DE","potentialAction":[{"@type":"ReadAction","target":["https:\/\/www.welovecycling.com\/de\/2017\/05\/12\/skoda-velotour-rund-um-den-finanzplatz-am-1-mai\/"]}]},{"@type":"ImageObject","inLanguage":"de-DE","@id":"https:\/\/www.welovecycling.com\/de\/2017\/05\/12\/skoda-velotour-rund-um-den-finanzplatz-am-1-mai\/#primaryimage","url":"https:\/\/d2p6e6u75xmxt8.cloudfront.net\/10\/2017\/05\/skoda_frankfurt_2017_0833.jpg","contentUrl":"https:\/\/d2p6e6u75xmxt8.cloudfront.net\/10\/2017\/05\/skoda_frankfurt_2017_0833.jpg","width":3503,"height":2646},{"@type":"BreadcrumbList","@id":"https:\/\/www.welovecycling.com\/de\/2017\/05\/12\/skoda-velotour-rund-um-den-finanzplatz-am-1-mai\/#breadcrumb","itemListElement":[{"@type":"ListItem","position":1,"name":"Home","item":"https:\/\/www.welovecycling.com\/de\/"},{"@type":"ListItem","position":2,"name":"\u0160koda Velotour &#8211; Rund um den Finanzplatz am 1. Mai"}]},{"@type":"WebSite","@id":"https:\/\/www.welovecycling.com\/de\/#website","url":"https:\/\/www.welovecycling.com\/de\/","name":"\u0160koda We Love Cycling - Deutschland","description":"Just another \u0160koda WeLoveCycling Sites site","potentialAction":[{"@type":"SearchAction","target":{"@type":"EntryPoint","urlTemplate":"https:\/\/www.welovecycling.com\/de\/?s={search_term_string}"},"query-input":{"@type":"PropertyValueSpecification","valueRequired":true,"valueName":"search_term_string"}}],"inLanguage":"de-DE"},{"@type":"Person","@id":"https:\/\/www.welovecycling.com\/de\/#\/schema\/person\/47c2033931a03788c2dc4515c60a99a7","name":"olivernoe","image":{"@type":"ImageObject","inLanguage":"de-DE","@id":"https:\/\/www.welovecycling.com\/de\/#\/schema\/person\/image\/","url":"https:\/\/secure.gravatar.com\/avatar\/467c85d5cc7a844ff909442d598a686741ba305628f4bdc008c351dceb203496?s=96&d=mm&r=g","contentUrl":"https:\/\/secure.gravatar.com\/avatar\/467c85d5cc7a844ff909442d598a686741ba305628f4bdc008c351dceb203496?s=96&d=mm&r=g","caption":"olivernoe"},"url":"https:\/\/www.welovecycling.com\/de\/author\/olivernoe\/"}]}},"_links":{"self":[{"href":"https:\/\/www.welovecycling.com\/de\/wp-json\/wp\/v2\/posts\/5388","targetHints":{"allow":["GET"]}}],"collection":[{"href":"https:\/\/www.welovecycling.com\/de\/wp-json\/wp\/v2\/posts"}],"about":[{"href":"https:\/\/www.welovecycling.com\/de\/wp-json\/wp\/v2\/types\/post"}],"author":[{"embeddable":true,"href":"https:\/\/www.welovecycling.com\/de\/wp-json\/wp\/v2\/users\/59"}],"replies":[{"embeddable":true,"href":"https:\/\/www.welovecycling.com\/de\/wp-json\/wp\/v2\/comments?post=5388"}],"version-history":[{"count":2,"href":"https:\/\/www.welovecycling.com\/de\/wp-json\/wp\/v2\/posts\/5388\/revisions"}],"predecessor-version":[{"id":6831,"href":"https:\/\/www.welovecycling.com\/de\/wp-json\/wp\/v2\/posts\/5388\/revisions\/6831"}],"wp:featuredmedia":[{"embeddable":true,"href":"https:\/\/www.welovecycling.com\/de\/wp-json\/wp\/v2\/media\/5470"}],"wp:attachment":[{"href":"https:\/\/www.welovecycling.com\/de\/wp-json\/wp\/v2\/media?parent=5388"}],"wp:term":[{"taxonomy":"category","embeddable":true,"href":"https:\/\/www.welovecycling.com\/de\/wp-json\/wp\/v2\/categories?post=5388"},{"taxonomy":"post_tag","embeddable":true,"href":"https:\/\/www.welovecycling.com\/de\/wp-json\/wp\/v2\/tags?post=5388"},{"taxonomy":"global-categories","embeddable":true,"href":"https:\/\/www.welovecycling.com\/de\/wp-json\/wp\/v2\/global-categories?post=5388"}],"curies":[{"name":"wp","href":"https:\/\/api.w.org\/{rel}","templated":true}]}}