{"id":2084,"date":"2016-07-11T07:55:50","date_gmt":"2016-07-11T05:55:50","guid":{"rendered":"https:\/\/www.welovecycling.com\/de\/?p=2084"},"modified":"2016-12-14T15:38:20","modified_gmt":"2016-12-14T14:38:20","slug":"der-mont-ventoux-ruft","status":"publish","type":"post","link":"https:\/\/www.welovecycling.com\/de\/2016\/07\/11\/der-mont-ventoux-ruft\/","title":{"rendered":"Der MONT VENTOUX ruft!"},"content":{"rendered":"<p>Er ist mehr als nur ein Berg \u2013 er ist eine Legende. Und was f\u00fcr eine.<\/p>\n<p>Der MONT VENTOUX.<\/p>\n<p>Und f\u00fcr die Teilnehmer des <strong>\u0160koda Aktiv Trainings<\/strong> wird die <strong>K\u00f6nigsetappe der diesj\u00e4hrigen Tour de France<\/strong> zu einer der gr\u00f6\u00dften Herausforderungen ihrer sportlichen Laufbahn: Am franz\u00f6sischen Nationalfeiertag (14. Juli) nehmen 25 G\u00e4ste des \u0160koda Aktiv Training den \u201eBerg der Leiden\u201c in Angriff. Auf einer Strecke von 21,4 Kilometern gilt es unter der fachkundigen Anleitung des fr\u00fcheren Team-Direktors des Team Gerolsteiner, Hans-Michael Holczer, einen H\u00f6henunterschied von 1.639m und einer durchschnittlichen Steigung von 7,6% zu \u00fcberwinden.<\/p>\n<p>Und das direkt vor dem Profifeld, Zieldurchfahrt und Photo auf dem Podium inbegriffen. Radsportherz was willst Du mehr.<\/p>\n<p>Und \u0160koda l\u00e4sst diesen Traum Wirklichkeit werden!<\/p>\n","protected":false},"excerpt":{"rendered":"<p>Er ist mehr als nur ein Berg \u2013 er ist eine Legende. Und was f\u00fcr eine. Der MONT VENTOUX. Und [&hellip;]<\/p>\n","protected":false},"author":59,"featured_media":3292,"comment_status":"closed","ping_status":"closed","sticky":false,"template":"","format":"standard","meta":{"footnotes":""},"categories":[1],"tags":[],"global-categories":[],"class_list":["post-2084","post","type-post","status-publish","format-standard","has-post-thumbnail","hentry","category-allgemein"],"yoast_head":"<!-- This site is optimized with the Yoast SEO Premium plugin v25.3 (Yoast SEO v25.9) - https:\/\/yoast.com\/wordpress\/plugins\/seo\/ -->\n<title>Der MONT VENTOUX ruft! - \u0160koda We Love Cycling - Deutschland<\/title>\n<meta name=\"robots\" content=\"index, follow, max-snippet:-1, max-image-preview:large, max-video-preview:-1\" \/>\n<link rel=\"canonical\" href=\"https:\/\/www.welovecycling.com\/de\/2016\/07\/11\/der-mont-ventoux-ruft\/\" \/>\n<meta property=\"og:locale\" content=\"de_DE\" \/>\n<meta property=\"og:type\" content=\"article\" \/>\n<meta property=\"og:title\" content=\"Der MONT VENTOUX ruft!\" \/>\n<meta property=\"og:description\" content=\"Er ist mehr als nur ein Berg \u2013 er ist eine Legende. Und was f\u00fcr eine. Der MONT VENTOUX. Und [&hellip;]\" \/>\n<meta property=\"og:url\" content=\"https:\/\/www.welovecycling.com\/de\/2016\/07\/11\/der-mont-ventoux-ruft\/\" \/>\n<meta property=\"og:site_name\" content=\"\u0160koda We Love Cycling - Deutschland\" \/>\n<meta property=\"article:published_time\" content=\"2016-07-11T05:55:50+00:00\" \/>\n<meta property=\"article:modified_time\" content=\"2016-12-14T14:38:20+00:00\" \/>\n<meta property=\"og:image\" content=\"https:\/\/d2p6e6u75xmxt8.cloudfront.net\/10\/2016\/07\/274811-bfw6h1f8n2-whr.jpg\" \/>\n\t<meta property=\"og:image:width\" content=\"1142\" \/>\n\t<meta property=\"og:image:height\" content=\"552\" \/>\n\t<meta property=\"og:image:type\" content=\"image\/jpeg\" \/>\n<meta name=\"author\" content=\"olivernoe\" \/>\n<meta name=\"twitter:card\" content=\"summary_large_image\" \/>\n<meta name=\"twitter:label1\" content=\"Written by\" \/>\n\t<meta name=\"twitter:data1\" content=\"olivernoe\" \/>\n\t<meta name=\"twitter:label2\" content=\"Est. reading time\" \/>\n\t<meta name=\"twitter:data2\" content=\"1 minute\" \/>\n<script type=\"application\/ld+json\" class=\"yoast-schema-graph\">{\"@context\":\"https:\/\/schema.org\",\"@graph\":[{\"@type\":\"WebPage\",\"@id\":\"https:\/\/www.welovecycling.com\/de\/2016\/07\/11\/der-mont-ventoux-ruft\/\",\"url\":\"https:\/\/www.welovecycling.com\/de\/2016\/07\/11\/der-mont-ventoux-ruft\/\",\"name\":\"Der MONT VENTOUX ruft! - \u0160koda We Love Cycling - Deutschland\",\"isPartOf\":{\"@id\":\"https:\/\/www.welovecycling.com\/de\/#website\"},\"primaryImageOfPage\":{\"@id\":\"https:\/\/www.welovecycling.com\/de\/2016\/07\/11\/der-mont-ventoux-ruft\/#primaryimage\"},\"image\":{\"@id\":\"https:\/\/www.welovecycling.com\/de\/2016\/07\/11\/der-mont-ventoux-ruft\/#primaryimage\"},\"thumbnailUrl\":\"https:\/\/d2p6e6u75xmxt8.cloudfront.net\/10\/2016\/07\/274811-bfw6h1f8n2-whr.jpg\",\"datePublished\":\"2016-07-11T05:55:50+00:00\",\"dateModified\":\"2016-12-14T14:38:20+00:00\",\"author\":{\"@id\":\"https:\/\/www.welovecycling.com\/de\/#\/schema\/person\/47c2033931a03788c2dc4515c60a99a7\"},\"breadcrumb\":{\"@id\":\"https:\/\/www.welovecycling.com\/de\/2016\/07\/11\/der-mont-ventoux-ruft\/#breadcrumb\"},\"inLanguage\":\"de-DE\",\"potentialAction\":[{\"@type\":\"ReadAction\",\"target\":[\"https:\/\/www.welovecycling.com\/de\/2016\/07\/11\/der-mont-ventoux-ruft\/\"]}]},{\"@type\":\"ImageObject\",\"inLanguage\":\"de-DE\",\"@id\":\"https:\/\/www.welovecycling.com\/de\/2016\/07\/11\/der-mont-ventoux-ruft\/#primaryimage\",\"url\":\"https:\/\/d2p6e6u75xmxt8.cloudfront.net\/10\/2016\/07\/274811-bfw6h1f8n2-whr.jpg\",\"contentUrl\":\"https:\/\/d2p6e6u75xmxt8.cloudfront.net\/10\/2016\/07\/274811-bfw6h1f8n2-whr.jpg\",\"width\":1142,\"height\":552,\"caption\":\"Der MONT VENTOUX ruft!\"},{\"@type\":\"BreadcrumbList\",\"@id\":\"https:\/\/www.welovecycling.com\/de\/2016\/07\/11\/der-mont-ventoux-ruft\/#breadcrumb\",\"itemListElement\":[{\"@type\":\"ListItem\",\"position\":1,\"name\":\"Home\",\"item\":\"https:\/\/www.welovecycling.com\/de\/\"},{\"@type\":\"ListItem\",\"position\":2,\"name\":\"Der MONT VENTOUX ruft!\"}]},{\"@type\":\"WebSite\",\"@id\":\"https:\/\/www.welovecycling.com\/de\/#website\",\"url\":\"https:\/\/www.welovecycling.com\/de\/\",\"name\":\"\u0160koda We Love Cycling - Deutschland\",\"description\":\"Just another \u0160koda WeLoveCycling Sites site\",\"potentialAction\":[{\"@type\":\"SearchAction\",\"target\":{\"@type\":\"EntryPoint\",\"urlTemplate\":\"https:\/\/www.welovecycling.com\/de\/?s={search_term_string}\"},\"query-input\":{\"@type\":\"PropertyValueSpecification\",\"valueRequired\":true,\"valueName\":\"search_term_string\"}}],\"inLanguage\":\"de-DE\"},{\"@type\":\"Person\",\"@id\":\"https:\/\/www.welovecycling.com\/de\/#\/schema\/person\/47c2033931a03788c2dc4515c60a99a7\",\"name\":\"olivernoe\",\"image\":{\"@type\":\"ImageObject\",\"inLanguage\":\"de-DE\",\"@id\":\"https:\/\/www.welovecycling.com\/de\/#\/schema\/person\/image\/\",\"url\":\"https:\/\/secure.gravatar.com\/avatar\/467c85d5cc7a844ff909442d598a686741ba305628f4bdc008c351dceb203496?s=96&d=mm&r=g\",\"contentUrl\":\"https:\/\/secure.gravatar.com\/avatar\/467c85d5cc7a844ff909442d598a686741ba305628f4bdc008c351dceb203496?s=96&d=mm&r=g\",\"caption\":\"olivernoe\"},\"url\":\"https:\/\/www.welovecycling.com\/de\/author\/olivernoe\/\"}]}<\/script>\n<!-- \/ Yoast SEO Premium plugin. -->","yoast_head_json":{"title":"Der MONT VENTOUX ruft! - \u0160koda We Love Cycling - Deutschland","robots":{"index":"index","follow":"follow","max-snippet":"max-snippet:-1","max-image-preview":"max-image-preview:large","max-video-preview":"max-video-preview:-1"},"canonical":"https:\/\/www.welovecycling.com\/de\/2016\/07\/11\/der-mont-ventoux-ruft\/","og_locale":"de_DE","og_type":"article","og_title":"Der MONT VENTOUX ruft!","og_description":"Er ist mehr als nur ein Berg \u2013 er ist eine Legende. Und was f\u00fcr eine. Der MONT VENTOUX. Und [&hellip;]","og_url":"https:\/\/www.welovecycling.com\/de\/2016\/07\/11\/der-mont-ventoux-ruft\/","og_site_name":"\u0160koda We Love Cycling - Deutschland","article_published_time":"2016-07-11T05:55:50+00:00","article_modified_time":"2016-12-14T14:38:20+00:00","og_image":[{"width":1142,"height":552,"url":"https:\/\/d2p6e6u75xmxt8.cloudfront.net\/10\/2016\/07\/274811-bfw6h1f8n2-whr.jpg","type":"image\/jpeg"}],"author":"olivernoe","twitter_card":"summary_large_image","twitter_misc":{"Written by":"olivernoe","Est. reading time":"1 minute"},"schema":{"@context":"https:\/\/schema.org","@graph":[{"@type":"WebPage","@id":"https:\/\/www.welovecycling.com\/de\/2016\/07\/11\/der-mont-ventoux-ruft\/","url":"https:\/\/www.welovecycling.com\/de\/2016\/07\/11\/der-mont-ventoux-ruft\/","name":"Der MONT VENTOUX ruft! - \u0160koda We Love Cycling - Deutschland","isPartOf":{"@id":"https:\/\/www.welovecycling.com\/de\/#website"},"primaryImageOfPage":{"@id":"https:\/\/www.welovecycling.com\/de\/2016\/07\/11\/der-mont-ventoux-ruft\/#primaryimage"},"image":{"@id":"https:\/\/www.welovecycling.com\/de\/2016\/07\/11\/der-mont-ventoux-ruft\/#primaryimage"},"thumbnailUrl":"https:\/\/d2p6e6u75xmxt8.cloudfront.net\/10\/2016\/07\/274811-bfw6h1f8n2-whr.jpg","datePublished":"2016-07-11T05:55:50+00:00","dateModified":"2016-12-14T14:38:20+00:00","author":{"@id":"https:\/\/www.welovecycling.com\/de\/#\/schema\/person\/47c2033931a03788c2dc4515c60a99a7"},"breadcrumb":{"@id":"https:\/\/www.welovecycling.com\/de\/2016\/07\/11\/der-mont-ventoux-ruft\/#breadcrumb"},"inLanguage":"de-DE","potentialAction":[{"@type":"ReadAction","target":["https:\/\/www.welovecycling.com\/de\/2016\/07\/11\/der-mont-ventoux-ruft\/"]}]},{"@type":"ImageObject","inLanguage":"de-DE","@id":"https:\/\/www.welovecycling.com\/de\/2016\/07\/11\/der-mont-ventoux-ruft\/#primaryimage","url":"https:\/\/d2p6e6u75xmxt8.cloudfront.net\/10\/2016\/07\/274811-bfw6h1f8n2-whr.jpg","contentUrl":"https:\/\/d2p6e6u75xmxt8.cloudfront.net\/10\/2016\/07\/274811-bfw6h1f8n2-whr.jpg","width":1142,"height":552,"caption":"Der MONT VENTOUX ruft!"},{"@type":"BreadcrumbList","@id":"https:\/\/www.welovecycling.com\/de\/2016\/07\/11\/der-mont-ventoux-ruft\/#breadcrumb","itemListElement":[{"@type":"ListItem","position":1,"name":"Home","item":"https:\/\/www.welovecycling.com\/de\/"},{"@type":"ListItem","position":2,"name":"Der MONT VENTOUX ruft!"}]},{"@type":"WebSite","@id":"https:\/\/www.welovecycling.com\/de\/#website","url":"https:\/\/www.welovecycling.com\/de\/","name":"\u0160koda We Love Cycling - Deutschland","description":"Just another \u0160koda WeLoveCycling Sites site","potentialAction":[{"@type":"SearchAction","target":{"@type":"EntryPoint","urlTemplate":"https:\/\/www.welovecycling.com\/de\/?s={search_term_string}"},"query-input":{"@type":"PropertyValueSpecification","valueRequired":true,"valueName":"search_term_string"}}],"inLanguage":"de-DE"},{"@type":"Person","@id":"https:\/\/www.welovecycling.com\/de\/#\/schema\/person\/47c2033931a03788c2dc4515c60a99a7","name":"olivernoe","image":{"@type":"ImageObject","inLanguage":"de-DE","@id":"https:\/\/www.welovecycling.com\/de\/#\/schema\/person\/image\/","url":"https:\/\/secure.gravatar.com\/avatar\/467c85d5cc7a844ff909442d598a686741ba305628f4bdc008c351dceb203496?s=96&d=mm&r=g","contentUrl":"https:\/\/secure.gravatar.com\/avatar\/467c85d5cc7a844ff909442d598a686741ba305628f4bdc008c351dceb203496?s=96&d=mm&r=g","caption":"olivernoe"},"url":"https:\/\/www.welovecycling.com\/de\/author\/olivernoe\/"}]}},"_links":{"self":[{"href":"https:\/\/www.welovecycling.com\/de\/wp-json\/wp\/v2\/posts\/2084","targetHints":{"allow":["GET"]}}],"collection":[{"href":"https:\/\/www.welovecycling.com\/de\/wp-json\/wp\/v2\/posts"}],"about":[{"href":"https:\/\/www.welovecycling.com\/de\/wp-json\/wp\/v2\/types\/post"}],"author":[{"embeddable":true,"href":"https:\/\/www.welovecycling.com\/de\/wp-json\/wp\/v2\/users\/59"}],"replies":[{"embeddable":true,"href":"https:\/\/www.welovecycling.com\/de\/wp-json\/wp\/v2\/comments?post=2084"}],"version-history":[{"count":2,"href":"https:\/\/www.welovecycling.com\/de\/wp-json\/wp\/v2\/posts\/2084\/revisions"}],"predecessor-version":[{"id":3293,"href":"https:\/\/www.welovecycling.com\/de\/wp-json\/wp\/v2\/posts\/2084\/revisions\/3293"}],"wp:featuredmedia":[{"embeddable":true,"href":"https:\/\/www.welovecycling.com\/de\/wp-json\/wp\/v2\/media\/3292"}],"wp:attachment":[{"href":"https:\/\/www.welovecycling.com\/de\/wp-json\/wp\/v2\/media?parent=2084"}],"wp:term":[{"taxonomy":"category","embeddable":true,"href":"https:\/\/www.welovecycling.com\/de\/wp-json\/wp\/v2\/categories?post=2084"},{"taxonomy":"post_tag","embeddable":true,"href":"https:\/\/www.welovecycling.com\/de\/wp-json\/wp\/v2\/tags?post=2084"},{"taxonomy":"global-categories","embeddable":true,"href":"https:\/\/www.welovecycling.com\/de\/wp-json\/wp\/v2\/global-categories?post=2084"}],"curies":[{"name":"wp","href":"https:\/\/api.w.org\/{rel}","templated":true}]}}