{"id":2082,"date":"2016-07-11T07:40:43","date_gmt":"2016-07-11T05:40:43","guid":{"rendered":"https:\/\/www.welovecycling.com\/de\/?p=2082"},"modified":"2016-12-14T15:38:46","modified_gmt":"2016-12-14T14:38:46","slug":"sprint-star-andre-greipel-sichert-sich-die-deutsche-strasen-radmeisterschaft-in-erfurt","status":"publish","type":"post","link":"https:\/\/www.welovecycling.com\/de\/2016\/07\/11\/sprint-star-andre-greipel-sichert-sich-die-deutsche-strasen-radmeisterschaft-in-erfurt\/","title":{"rendered":"Sprint-Star Andr\u00e9 Greipel sichert sich die Deutsche Stra\u00dfen-Radmeisterschaft in Erfurt"},"content":{"rendered":"<p>Der Rostocker gewann am letzten Juni-Wochenende in einem spannenden Ziel-Sprint seine dritte Deutsche Meisterschaft und verwies dabei Max Walscheid (Team Giant Alpecin) und Lokal-Matador Marcel Kittel (Etixx-Quick-Step) auf die folgenden Pl\u00e4tze.<\/p>\n<p>Nach der Zieldurchfahrt des 215km langen Rennens zeigte sich der 33j\u00e4hrige Rostocker auch mehr als zufrieden: &#8222;Ich habe im Finale versucht, Marcel Kittel zu folgen. Er war fr\u00fch im Wind. John Degenkolb hat dann den Sprint er\u00f6ffnet und ich habe mich an sein Hinterrad gesetzt und konnte mich gegen alle durchsetzen. Das macht mich sehr stolz, denn es war ein sehr schweres und sehr schnelles Rennen.&#8220;<\/p>\n<p>Bei den Frauen setze sich Mieke Kr\u00f6ger (Team Canyon SRAM) im Alleingang durch. Die 23j\u00e4hrige Bielefelderin hatte auf dem 107km langen Rundkurs die besten Beine und lies mit einem Vorsprung von 10 Sekunden auf ihre Teamkollegin Lisa Brennauer und Jenny Hofmann (SC DHfK Leipzig) nichts anbrennen. Die zweifache Zeitfahr-Europa-meisterin freute sich auch entsprechend \u00fcber ihre erfolgreiche Solo-Fahrt: &#8222;Ich habe die letzten Kilometer alles gegeben. Kopf runter und Vollgas. Die Strecke lag mir, besonders das Finale, die letzten Meter bergab. Da habe ich noch einmal Tempo gemacht&#8220;.<\/p>\n<p>Wie in den vergangenen 10 Jahren war \u0160koda auch dieses Mal wieder als Offizieller Hauptsponsor und Fahrzeugpartner mit 18 Fahrzeugen am Start.<\/p>\n","protected":false},"excerpt":{"rendered":"<p>Der Rostocker gewann am letzten Juni-Wochenende in einem spannenden Ziel-Sprint seine dritte Deutsche Meisterschaft und verwies dabei Max Walscheid (Team [&hellip;]<\/p>\n","protected":false},"author":59,"featured_media":3294,"comment_status":"closed","ping_status":"closed","sticky":false,"template":"","format":"standard","meta":{"footnotes":""},"categories":[1],"tags":[],"global-categories":[],"class_list":["post-2082","post","type-post","status-publish","format-standard","has-post-thumbnail","hentry","category-allgemein"],"yoast_head":"<!-- This site is optimized with the Yoast SEO Premium plugin v25.3 (Yoast SEO v25.9) - https:\/\/yoast.com\/wordpress\/plugins\/seo\/ -->\n<title>Sprint-Star Andr\u00e9 Greipel sichert sich die Deutsche Stra\u00dfen-Radmeisterschaft in Erfurt - \u0160koda We Love Cycling - Deutschland<\/title>\n<meta name=\"robots\" content=\"index, follow, max-snippet:-1, max-image-preview:large, max-video-preview:-1\" \/>\n<link rel=\"canonical\" href=\"https:\/\/www.welovecycling.com\/de\/2016\/07\/11\/sprint-star-andre-greipel-sichert-sich-die-deutsche-strasen-radmeisterschaft-in-erfurt\/\" \/>\n<meta property=\"og:locale\" content=\"de_DE\" \/>\n<meta property=\"og:type\" content=\"article\" \/>\n<meta property=\"og:title\" content=\"Sprint-Star Andr\u00e9 Greipel sichert sich die Deutsche Stra\u00dfen-Radmeisterschaft in Erfurt\" \/>\n<meta property=\"og:description\" content=\"Der Rostocker gewann am letzten Juni-Wochenende in einem spannenden Ziel-Sprint seine dritte Deutsche Meisterschaft und verwies dabei Max Walscheid (Team [&hellip;]\" \/>\n<meta property=\"og:url\" content=\"https:\/\/www.welovecycling.com\/de\/2016\/07\/11\/sprint-star-andre-greipel-sichert-sich-die-deutsche-strasen-radmeisterschaft-in-erfurt\/\" \/>\n<meta property=\"og:site_name\" content=\"\u0160koda We Love Cycling - Deutschland\" \/>\n<meta property=\"article:published_time\" content=\"2016-07-11T05:40:43+00:00\" \/>\n<meta property=\"article:modified_time\" content=\"2016-12-14T14:38:46+00:00\" \/>\n<meta property=\"og:image\" content=\"https:\/\/d2p6e6u75xmxt8.cloudfront.net\/10\/2016\/07\/260616erfurt213-1024x787.jpg\" \/>\n\t<meta property=\"og:image:width\" content=\"1024\" \/>\n\t<meta property=\"og:image:height\" content=\"787\" \/>\n\t<meta property=\"og:image:type\" content=\"image\/jpeg\" \/>\n<meta name=\"author\" content=\"olivernoe\" \/>\n<meta name=\"twitter:card\" content=\"summary_large_image\" \/>\n<meta name=\"twitter:label1\" content=\"Written by\" \/>\n\t<meta name=\"twitter:data1\" content=\"olivernoe\" \/>\n\t<meta name=\"twitter:label2\" content=\"Est. reading time\" \/>\n\t<meta name=\"twitter:data2\" content=\"1 minute\" \/>\n<script type=\"application\/ld+json\" class=\"yoast-schema-graph\">{\"@context\":\"https:\/\/schema.org\",\"@graph\":[{\"@type\":\"WebPage\",\"@id\":\"https:\/\/www.welovecycling.com\/de\/2016\/07\/11\/sprint-star-andre-greipel-sichert-sich-die-deutsche-strasen-radmeisterschaft-in-erfurt\/\",\"url\":\"https:\/\/www.welovecycling.com\/de\/2016\/07\/11\/sprint-star-andre-greipel-sichert-sich-die-deutsche-strasen-radmeisterschaft-in-erfurt\/\",\"name\":\"Sprint-Star Andr\u00e9 Greipel sichert sich die Deutsche Stra\u00dfen-Radmeisterschaft in Erfurt - \u0160koda We Love Cycling - Deutschland\",\"isPartOf\":{\"@id\":\"https:\/\/www.welovecycling.com\/de\/#website\"},\"primaryImageOfPage\":{\"@id\":\"https:\/\/www.welovecycling.com\/de\/2016\/07\/11\/sprint-star-andre-greipel-sichert-sich-die-deutsche-strasen-radmeisterschaft-in-erfurt\/#primaryimage\"},\"image\":{\"@id\":\"https:\/\/www.welovecycling.com\/de\/2016\/07\/11\/sprint-star-andre-greipel-sichert-sich-die-deutsche-strasen-radmeisterschaft-in-erfurt\/#primaryimage\"},\"thumbnailUrl\":\"https:\/\/d2p6e6u75xmxt8.cloudfront.net\/10\/2016\/07\/260616erfurt213-1024x787.jpg\",\"datePublished\":\"2016-07-11T05:40:43+00:00\",\"dateModified\":\"2016-12-14T14:38:46+00:00\",\"author\":{\"@id\":\"https:\/\/www.welovecycling.com\/de\/#\/schema\/person\/47c2033931a03788c2dc4515c60a99a7\"},\"breadcrumb\":{\"@id\":\"https:\/\/www.welovecycling.com\/de\/2016\/07\/11\/sprint-star-andre-greipel-sichert-sich-die-deutsche-strasen-radmeisterschaft-in-erfurt\/#breadcrumb\"},\"inLanguage\":\"de-DE\",\"potentialAction\":[{\"@type\":\"ReadAction\",\"target\":[\"https:\/\/www.welovecycling.com\/de\/2016\/07\/11\/sprint-star-andre-greipel-sichert-sich-die-deutsche-strasen-radmeisterschaft-in-erfurt\/\"]}]},{\"@type\":\"ImageObject\",\"inLanguage\":\"de-DE\",\"@id\":\"https:\/\/www.welovecycling.com\/de\/2016\/07\/11\/sprint-star-andre-greipel-sichert-sich-die-deutsche-strasen-radmeisterschaft-in-erfurt\/#primaryimage\",\"url\":\"https:\/\/d2p6e6u75xmxt8.cloudfront.net\/10\/2016\/07\/260616erfurt213-1024x787.jpg\",\"contentUrl\":\"https:\/\/d2p6e6u75xmxt8.cloudfront.net\/10\/2016\/07\/260616erfurt213-1024x787.jpg\",\"width\":1024,\"height\":787,\"caption\":\"Sprint-Star Andr\u00e9 Greipel sichert sich die Deutsche Stra\u00dfen-Radmeisterschaft in Erfurt\"},{\"@type\":\"BreadcrumbList\",\"@id\":\"https:\/\/www.welovecycling.com\/de\/2016\/07\/11\/sprint-star-andre-greipel-sichert-sich-die-deutsche-strasen-radmeisterschaft-in-erfurt\/#breadcrumb\",\"itemListElement\":[{\"@type\":\"ListItem\",\"position\":1,\"name\":\"Home\",\"item\":\"https:\/\/www.welovecycling.com\/de\/\"},{\"@type\":\"ListItem\",\"position\":2,\"name\":\"Sprint-Star Andr\u00e9 Greipel sichert sich die Deutsche Stra\u00dfen-Radmeisterschaft in Erfurt\"}]},{\"@type\":\"WebSite\",\"@id\":\"https:\/\/www.welovecycling.com\/de\/#website\",\"url\":\"https:\/\/www.welovecycling.com\/de\/\",\"name\":\"\u0160koda We Love Cycling - Deutschland\",\"description\":\"Just another \u0160koda WeLoveCycling Sites site\",\"potentialAction\":[{\"@type\":\"SearchAction\",\"target\":{\"@type\":\"EntryPoint\",\"urlTemplate\":\"https:\/\/www.welovecycling.com\/de\/?s={search_term_string}\"},\"query-input\":{\"@type\":\"PropertyValueSpecification\",\"valueRequired\":true,\"valueName\":\"search_term_string\"}}],\"inLanguage\":\"de-DE\"},{\"@type\":\"Person\",\"@id\":\"https:\/\/www.welovecycling.com\/de\/#\/schema\/person\/47c2033931a03788c2dc4515c60a99a7\",\"name\":\"olivernoe\",\"image\":{\"@type\":\"ImageObject\",\"inLanguage\":\"de-DE\",\"@id\":\"https:\/\/www.welovecycling.com\/de\/#\/schema\/person\/image\/\",\"url\":\"https:\/\/secure.gravatar.com\/avatar\/467c85d5cc7a844ff909442d598a686741ba305628f4bdc008c351dceb203496?s=96&d=mm&r=g\",\"contentUrl\":\"https:\/\/secure.gravatar.com\/avatar\/467c85d5cc7a844ff909442d598a686741ba305628f4bdc008c351dceb203496?s=96&d=mm&r=g\",\"caption\":\"olivernoe\"},\"url\":\"https:\/\/www.welovecycling.com\/de\/author\/olivernoe\/\"}]}<\/script>\n<!-- \/ Yoast SEO Premium plugin. -->","yoast_head_json":{"title":"Sprint-Star Andr\u00e9 Greipel sichert sich die Deutsche Stra\u00dfen-Radmeisterschaft in Erfurt - \u0160koda We Love Cycling - Deutschland","robots":{"index":"index","follow":"follow","max-snippet":"max-snippet:-1","max-image-preview":"max-image-preview:large","max-video-preview":"max-video-preview:-1"},"canonical":"https:\/\/www.welovecycling.com\/de\/2016\/07\/11\/sprint-star-andre-greipel-sichert-sich-die-deutsche-strasen-radmeisterschaft-in-erfurt\/","og_locale":"de_DE","og_type":"article","og_title":"Sprint-Star Andr\u00e9 Greipel sichert sich die Deutsche Stra\u00dfen-Radmeisterschaft in Erfurt","og_description":"Der Rostocker gewann am letzten Juni-Wochenende in einem spannenden Ziel-Sprint seine dritte Deutsche Meisterschaft und verwies dabei Max Walscheid (Team [&hellip;]","og_url":"https:\/\/www.welovecycling.com\/de\/2016\/07\/11\/sprint-star-andre-greipel-sichert-sich-die-deutsche-strasen-radmeisterschaft-in-erfurt\/","og_site_name":"\u0160koda We Love Cycling - Deutschland","article_published_time":"2016-07-11T05:40:43+00:00","article_modified_time":"2016-12-14T14:38:46+00:00","og_image":[{"width":1024,"height":787,"url":"https:\/\/d2p6e6u75xmxt8.cloudfront.net\/10\/2016\/07\/260616erfurt213-1024x787.jpg","type":"image\/jpeg"}],"author":"olivernoe","twitter_card":"summary_large_image","twitter_misc":{"Written by":"olivernoe","Est. reading time":"1 minute"},"schema":{"@context":"https:\/\/schema.org","@graph":[{"@type":"WebPage","@id":"https:\/\/www.welovecycling.com\/de\/2016\/07\/11\/sprint-star-andre-greipel-sichert-sich-die-deutsche-strasen-radmeisterschaft-in-erfurt\/","url":"https:\/\/www.welovecycling.com\/de\/2016\/07\/11\/sprint-star-andre-greipel-sichert-sich-die-deutsche-strasen-radmeisterschaft-in-erfurt\/","name":"Sprint-Star Andr\u00e9 Greipel sichert sich die Deutsche Stra\u00dfen-Radmeisterschaft in Erfurt - \u0160koda We Love Cycling - Deutschland","isPartOf":{"@id":"https:\/\/www.welovecycling.com\/de\/#website"},"primaryImageOfPage":{"@id":"https:\/\/www.welovecycling.com\/de\/2016\/07\/11\/sprint-star-andre-greipel-sichert-sich-die-deutsche-strasen-radmeisterschaft-in-erfurt\/#primaryimage"},"image":{"@id":"https:\/\/www.welovecycling.com\/de\/2016\/07\/11\/sprint-star-andre-greipel-sichert-sich-die-deutsche-strasen-radmeisterschaft-in-erfurt\/#primaryimage"},"thumbnailUrl":"https:\/\/d2p6e6u75xmxt8.cloudfront.net\/10\/2016\/07\/260616erfurt213-1024x787.jpg","datePublished":"2016-07-11T05:40:43+00:00","dateModified":"2016-12-14T14:38:46+00:00","author":{"@id":"https:\/\/www.welovecycling.com\/de\/#\/schema\/person\/47c2033931a03788c2dc4515c60a99a7"},"breadcrumb":{"@id":"https:\/\/www.welovecycling.com\/de\/2016\/07\/11\/sprint-star-andre-greipel-sichert-sich-die-deutsche-strasen-radmeisterschaft-in-erfurt\/#breadcrumb"},"inLanguage":"de-DE","potentialAction":[{"@type":"ReadAction","target":["https:\/\/www.welovecycling.com\/de\/2016\/07\/11\/sprint-star-andre-greipel-sichert-sich-die-deutsche-strasen-radmeisterschaft-in-erfurt\/"]}]},{"@type":"ImageObject","inLanguage":"de-DE","@id":"https:\/\/www.welovecycling.com\/de\/2016\/07\/11\/sprint-star-andre-greipel-sichert-sich-die-deutsche-strasen-radmeisterschaft-in-erfurt\/#primaryimage","url":"https:\/\/d2p6e6u75xmxt8.cloudfront.net\/10\/2016\/07\/260616erfurt213-1024x787.jpg","contentUrl":"https:\/\/d2p6e6u75xmxt8.cloudfront.net\/10\/2016\/07\/260616erfurt213-1024x787.jpg","width":1024,"height":787,"caption":"Sprint-Star Andr\u00e9 Greipel sichert sich die Deutsche Stra\u00dfen-Radmeisterschaft in Erfurt"},{"@type":"BreadcrumbList","@id":"https:\/\/www.welovecycling.com\/de\/2016\/07\/11\/sprint-star-andre-greipel-sichert-sich-die-deutsche-strasen-radmeisterschaft-in-erfurt\/#breadcrumb","itemListElement":[{"@type":"ListItem","position":1,"name":"Home","item":"https:\/\/www.welovecycling.com\/de\/"},{"@type":"ListItem","position":2,"name":"Sprint-Star Andr\u00e9 Greipel sichert sich die Deutsche Stra\u00dfen-Radmeisterschaft in Erfurt"}]},{"@type":"WebSite","@id":"https:\/\/www.welovecycling.com\/de\/#website","url":"https:\/\/www.welovecycling.com\/de\/","name":"\u0160koda We Love Cycling - Deutschland","description":"Just another \u0160koda WeLoveCycling Sites site","potentialAction":[{"@type":"SearchAction","target":{"@type":"EntryPoint","urlTemplate":"https:\/\/www.welovecycling.com\/de\/?s={search_term_string}"},"query-input":{"@type":"PropertyValueSpecification","valueRequired":true,"valueName":"search_term_string"}}],"inLanguage":"de-DE"},{"@type":"Person","@id":"https:\/\/www.welovecycling.com\/de\/#\/schema\/person\/47c2033931a03788c2dc4515c60a99a7","name":"olivernoe","image":{"@type":"ImageObject","inLanguage":"de-DE","@id":"https:\/\/www.welovecycling.com\/de\/#\/schema\/person\/image\/","url":"https:\/\/secure.gravatar.com\/avatar\/467c85d5cc7a844ff909442d598a686741ba305628f4bdc008c351dceb203496?s=96&d=mm&r=g","contentUrl":"https:\/\/secure.gravatar.com\/avatar\/467c85d5cc7a844ff909442d598a686741ba305628f4bdc008c351dceb203496?s=96&d=mm&r=g","caption":"olivernoe"},"url":"https:\/\/www.welovecycling.com\/de\/author\/olivernoe\/"}]}},"_links":{"self":[{"href":"https:\/\/www.welovecycling.com\/de\/wp-json\/wp\/v2\/posts\/2082","targetHints":{"allow":["GET"]}}],"collection":[{"href":"https:\/\/www.welovecycling.com\/de\/wp-json\/wp\/v2\/posts"}],"about":[{"href":"https:\/\/www.welovecycling.com\/de\/wp-json\/wp\/v2\/types\/post"}],"author":[{"embeddable":true,"href":"https:\/\/www.welovecycling.com\/de\/wp-json\/wp\/v2\/users\/59"}],"replies":[{"embeddable":true,"href":"https:\/\/www.welovecycling.com\/de\/wp-json\/wp\/v2\/comments?post=2082"}],"version-history":[{"count":1,"href":"https:\/\/www.welovecycling.com\/de\/wp-json\/wp\/v2\/posts\/2082\/revisions"}],"predecessor-version":[{"id":3125,"href":"https:\/\/www.welovecycling.com\/de\/wp-json\/wp\/v2\/posts\/2082\/revisions\/3125"}],"wp:featuredmedia":[{"embeddable":true,"href":"https:\/\/www.welovecycling.com\/de\/wp-json\/wp\/v2\/media\/3294"}],"wp:attachment":[{"href":"https:\/\/www.welovecycling.com\/de\/wp-json\/wp\/v2\/media?parent=2082"}],"wp:term":[{"taxonomy":"category","embeddable":true,"href":"https:\/\/www.welovecycling.com\/de\/wp-json\/wp\/v2\/categories?post=2082"},{"taxonomy":"post_tag","embeddable":true,"href":"https:\/\/www.welovecycling.com\/de\/wp-json\/wp\/v2\/tags?post=2082"},{"taxonomy":"global-categories","embeddable":true,"href":"https:\/\/www.welovecycling.com\/de\/wp-json\/wp\/v2\/global-categories?post=2082"}],"curies":[{"name":"wp","href":"https:\/\/api.w.org\/{rel}","templated":true}]}}