{"id":1980,"date":"2016-06-23T12:59:07","date_gmt":"2016-06-23T10:59:07","guid":{"rendered":"https:\/\/www.welovecycling.com\/de\/?p=1980"},"modified":"2018-02-08T09:53:38","modified_gmt":"2018-02-08T08:53:38","slug":"velothon-berlin-2016","status":"publish","type":"post","link":"https:\/\/www.welovecycling.com\/de\/2016\/06\/23\/velothon-berlin-2016\/","title":{"rendered":"Velothon Berlin 2016"},"content":{"rendered":"<p>Bei bestem Radsportwetter \u2013 18 Grad und strahlendem Sonnenschein \u2013 gingen am vergangenen Wochenende mehr als <strong>500 \u0160koda Radsport Enthusiasten<\/strong> an den Start des <strong>VELOTHON Berlin<\/strong> und sorgten damit f\u00fcr eine sehenswerte Pr\u00e4senz des \u201eMotors des Radsports\u201c auf den Stra\u00dfen der Hauptstadt. Auf den beiden 60 bzw. 120km langen Strecken wurde den \u0160koda Jederm\u00e4nnern vor 250.000 Zuschauern eine beeindruckende Kulisse geboten.<\/p>\n<p>Neben den \u0160koda Teilnehmern gingen aber nicht nur <strong>weitere 11.000 Jederm\u00e4nner<\/strong> an den Start des zweitgr\u00f6\u00dften Jedermann Rennens Europas, sondern auch noch 139 Profis, die sich auf der 170,1km langen Strecke ein packendes Rennen lieferten, welches erst im Massensprint entschieden werden konnte.<\/p>\n<p>Als \u201eMotor des Radsports\u201c engagiert sich \u0160koda in Deutschland auch im Breitensport. So erm\u00f6glicht die Marke Hobby-Radrennfahrern zwischen Mai und Oktober den Start bei sechs hochkar\u00e4tigen Jedermann-Rennen als Mitglied der \u0160koda Veloteams. Mehrere hundert der begehrten Teampl\u00e4tze verlost \u0160koda regelm\u00e4\u00dfig.<\/p>\n<p>Den Sieg, und damit auch den Titel als Deutscher U23 Stra\u00dfenmeister, sicherte sich auf der Stra\u00dfe des 17. Juni Pascal Ackermann (3:47:30 Stunden) mit einer Sekunde Vorsprung vor Konrad Ge\u00dfner und Willi Willwohl.<\/p>\n<div id='gallery-1' class='gallery galleryid-1980 gallery-columns-4 gallery-size-medium'><figure class='gallery-item'>\n\t\t\t<div class='gallery-icon landscape'>\n\t\t\t\t<a href='https:\/\/d2p6e6u75xmxt8.cloudfront.net\/10\/2016\/06\/skoda_berlin2016_0042.jpg'><img loading=\"lazy\" decoding=\"async\" width=\"300\" height=\"200\" src=\"https:\/\/d2p6e6u75xmxt8.cloudfront.net\/10\/2016\/06\/skoda_berlin2016_0042-640x427.jpg\" class=\"attachment-medium size-medium\" alt=\"\" srcset=\"https:\/\/d2p6e6u75xmxt8.cloudfront.net\/10\/2016\/06\/skoda_berlin2016_0042-640x427.jpg 640w, https:\/\/d2p6e6u75xmxt8.cloudfront.net\/10\/2016\/06\/skoda_berlin2016_0042-768x512.jpg 768w, https:\/\/d2p6e6u75xmxt8.cloudfront.net\/10\/2016\/06\/skoda_berlin2016_0042.jpg 1280w, https:\/\/d2p6e6u75xmxt8.cloudfront.net\/10\/2016\/06\/skoda_berlin2016_0042-160x107.jpg 160w\" sizes=\"auto, (max-width: 300px) 100vw, 300px\" \/><\/a>\n\t\t\t<\/div><\/figure><figure class='gallery-item'>\n\t\t\t<div class='gallery-icon landscape'>\n\t\t\t\t<a href='https:\/\/d2p6e6u75xmxt8.cloudfront.net\/10\/2016\/06\/skoda_berlin2016_0051.jpg'><img loading=\"lazy\" decoding=\"async\" width=\"300\" height=\"200\" src=\"https:\/\/d2p6e6u75xmxt8.cloudfront.net\/10\/2016\/06\/skoda_berlin2016_0051-640x427.jpg\" class=\"attachment-medium size-medium\" alt=\"\" srcset=\"https:\/\/d2p6e6u75xmxt8.cloudfront.net\/10\/2016\/06\/skoda_berlin2016_0051-640x427.jpg 640w, https:\/\/d2p6e6u75xmxt8.cloudfront.net\/10\/2016\/06\/skoda_berlin2016_0051-768x512.jpg 768w, https:\/\/d2p6e6u75xmxt8.cloudfront.net\/10\/2016\/06\/skoda_berlin2016_0051.jpg 1280w, https:\/\/d2p6e6u75xmxt8.cloudfront.net\/10\/2016\/06\/skoda_berlin2016_0051-160x107.jpg 160w\" sizes=\"auto, (max-width: 300px) 100vw, 300px\" \/><\/a>\n\t\t\t<\/div><\/figure><figure class='gallery-item'>\n\t\t\t<div class='gallery-icon landscape'>\n\t\t\t\t<a href='https:\/\/d2p6e6u75xmxt8.cloudfront.net\/10\/2016\/06\/skoda_berlin2016_0120.jpg'><img loading=\"lazy\" decoding=\"async\" width=\"300\" height=\"200\" src=\"https:\/\/d2p6e6u75xmxt8.cloudfront.net\/10\/2016\/06\/skoda_berlin2016_0120-640x427.jpg\" class=\"attachment-medium size-medium\" alt=\"\" srcset=\"https:\/\/d2p6e6u75xmxt8.cloudfront.net\/10\/2016\/06\/skoda_berlin2016_0120-640x427.jpg 640w, https:\/\/d2p6e6u75xmxt8.cloudfront.net\/10\/2016\/06\/skoda_berlin2016_0120-768x512.jpg 768w, https:\/\/d2p6e6u75xmxt8.cloudfront.net\/10\/2016\/06\/skoda_berlin2016_0120.jpg 1280w, https:\/\/d2p6e6u75xmxt8.cloudfront.net\/10\/2016\/06\/skoda_berlin2016_0120-160x107.jpg 160w\" sizes=\"auto, (max-width: 300px) 100vw, 300px\" \/><\/a>\n\t\t\t<\/div><\/figure><figure class='gallery-item'>\n\t\t\t<div class='gallery-icon landscape'>\n\t\t\t\t<a href='https:\/\/d2p6e6u75xmxt8.cloudfront.net\/10\/2016\/06\/skoda_berlin2016_0178.jpg'><img loading=\"lazy\" decoding=\"async\" width=\"300\" height=\"200\" src=\"https:\/\/d2p6e6u75xmxt8.cloudfront.net\/10\/2016\/06\/skoda_berlin2016_0178-640x427.jpg\" class=\"attachment-medium size-medium\" alt=\"\" srcset=\"https:\/\/d2p6e6u75xmxt8.cloudfront.net\/10\/2016\/06\/skoda_berlin2016_0178-640x427.jpg 640w, https:\/\/d2p6e6u75xmxt8.cloudfront.net\/10\/2016\/06\/skoda_berlin2016_0178-768x512.jpg 768w, https:\/\/d2p6e6u75xmxt8.cloudfront.net\/10\/2016\/06\/skoda_berlin2016_0178.jpg 1280w, https:\/\/d2p6e6u75xmxt8.cloudfront.net\/10\/2016\/06\/skoda_berlin2016_0178-160x107.jpg 160w\" sizes=\"auto, (max-width: 300px) 100vw, 300px\" \/><\/a>\n\t\t\t<\/div><\/figure><figure class='gallery-item'>\n\t\t\t<div class='gallery-icon landscape'>\n\t\t\t\t<a href='https:\/\/d2p6e6u75xmxt8.cloudfront.net\/10\/2016\/06\/skoda_berlin2016_0185.jpg'><img loading=\"lazy\" decoding=\"async\" width=\"300\" height=\"200\" src=\"https:\/\/d2p6e6u75xmxt8.cloudfront.net\/10\/2016\/06\/skoda_berlin2016_0185-640x427.jpg\" class=\"attachment-medium size-medium\" alt=\"\" srcset=\"https:\/\/d2p6e6u75xmxt8.cloudfront.net\/10\/2016\/06\/skoda_berlin2016_0185-640x427.jpg 640w, https:\/\/d2p6e6u75xmxt8.cloudfront.net\/10\/2016\/06\/skoda_berlin2016_0185-768x512.jpg 768w, https:\/\/d2p6e6u75xmxt8.cloudfront.net\/10\/2016\/06\/skoda_berlin2016_0185.jpg 1280w, https:\/\/d2p6e6u75xmxt8.cloudfront.net\/10\/2016\/06\/skoda_berlin2016_0185-160x107.jpg 160w\" sizes=\"auto, (max-width: 300px) 100vw, 300px\" \/><\/a>\n\t\t\t<\/div><\/figure><figure class='gallery-item'>\n\t\t\t<div class='gallery-icon landscape'>\n\t\t\t\t<a href='https:\/\/d2p6e6u75xmxt8.cloudfront.net\/10\/2016\/06\/skoda_berlin2016_0218.jpg'><img loading=\"lazy\" decoding=\"async\" width=\"300\" height=\"200\" src=\"https:\/\/d2p6e6u75xmxt8.cloudfront.net\/10\/2016\/06\/skoda_berlin2016_0218-640x427.jpg\" class=\"attachment-medium size-medium\" alt=\"\" srcset=\"https:\/\/d2p6e6u75xmxt8.cloudfront.net\/10\/2016\/06\/skoda_berlin2016_0218-640x427.jpg 640w, https:\/\/d2p6e6u75xmxt8.cloudfront.net\/10\/2016\/06\/skoda_berlin2016_0218-768x512.jpg 768w, https:\/\/d2p6e6u75xmxt8.cloudfront.net\/10\/2016\/06\/skoda_berlin2016_0218.jpg 1280w, https:\/\/d2p6e6u75xmxt8.cloudfront.net\/10\/2016\/06\/skoda_berlin2016_0218-160x107.jpg 160w\" sizes=\"auto, (max-width: 300px) 100vw, 300px\" \/><\/a>\n\t\t\t<\/div><\/figure><figure class='gallery-item'>\n\t\t\t<div class='gallery-icon landscape'>\n\t\t\t\t<a href='https:\/\/d2p6e6u75xmxt8.cloudfront.net\/10\/2016\/06\/skoda_berlin2016_0239.jpg'><img loading=\"lazy\" decoding=\"async\" width=\"300\" height=\"200\" src=\"https:\/\/d2p6e6u75xmxt8.cloudfront.net\/10\/2016\/06\/skoda_berlin2016_0239-640x427.jpg\" class=\"attachment-medium size-medium\" alt=\"\" srcset=\"https:\/\/d2p6e6u75xmxt8.cloudfront.net\/10\/2016\/06\/skoda_berlin2016_0239-640x427.jpg 640w, https:\/\/d2p6e6u75xmxt8.cloudfront.net\/10\/2016\/06\/skoda_berlin2016_0239-768x512.jpg 768w, https:\/\/d2p6e6u75xmxt8.cloudfront.net\/10\/2016\/06\/skoda_berlin2016_0239.jpg 1280w, https:\/\/d2p6e6u75xmxt8.cloudfront.net\/10\/2016\/06\/skoda_berlin2016_0239-160x107.jpg 160w\" sizes=\"auto, (max-width: 300px) 100vw, 300px\" \/><\/a>\n\t\t\t<\/div><\/figure><figure class='gallery-item'>\n\t\t\t<div class='gallery-icon landscape'>\n\t\t\t\t<a href='https:\/\/d2p6e6u75xmxt8.cloudfront.net\/10\/2016\/06\/skoda_berlin2016_0263.jpg'><img loading=\"lazy\" decoding=\"async\" width=\"300\" height=\"200\" src=\"https:\/\/d2p6e6u75xmxt8.cloudfront.net\/10\/2016\/06\/skoda_berlin2016_0263-640x427.jpg\" class=\"attachment-medium size-medium\" alt=\"\" srcset=\"https:\/\/d2p6e6u75xmxt8.cloudfront.net\/10\/2016\/06\/skoda_berlin2016_0263-640x427.jpg 640w, https:\/\/d2p6e6u75xmxt8.cloudfront.net\/10\/2016\/06\/skoda_berlin2016_0263-768x512.jpg 768w, https:\/\/d2p6e6u75xmxt8.cloudfront.net\/10\/2016\/06\/skoda_berlin2016_0263.jpg 1280w, https:\/\/d2p6e6u75xmxt8.cloudfront.net\/10\/2016\/06\/skoda_berlin2016_0263-160x107.jpg 160w\" sizes=\"auto, (max-width: 300px) 100vw, 300px\" \/><\/a>\n\t\t\t<\/div><\/figure><figure class='gallery-item'>\n\t\t\t<div class='gallery-icon landscape'>\n\t\t\t\t<a href='https:\/\/d2p6e6u75xmxt8.cloudfront.net\/10\/2016\/06\/skoda_berlin2016_0304.jpg'><img loading=\"lazy\" decoding=\"async\" width=\"300\" height=\"200\" src=\"https:\/\/d2p6e6u75xmxt8.cloudfront.net\/10\/2016\/06\/skoda_berlin2016_0304-640x427.jpg\" class=\"attachment-medium size-medium\" alt=\"\" srcset=\"https:\/\/d2p6e6u75xmxt8.cloudfront.net\/10\/2016\/06\/skoda_berlin2016_0304-640x427.jpg 640w, https:\/\/d2p6e6u75xmxt8.cloudfront.net\/10\/2016\/06\/skoda_berlin2016_0304-768x512.jpg 768w, https:\/\/d2p6e6u75xmxt8.cloudfront.net\/10\/2016\/06\/skoda_berlin2016_0304.jpg 1280w, https:\/\/d2p6e6u75xmxt8.cloudfront.net\/10\/2016\/06\/skoda_berlin2016_0304-160x107.jpg 160w\" sizes=\"auto, (max-width: 300px) 100vw, 300px\" \/><\/a>\n\t\t\t<\/div><\/figure><figure class='gallery-item'>\n\t\t\t<div class='gallery-icon landscape'>\n\t\t\t\t<a href='https:\/\/d2p6e6u75xmxt8.cloudfront.net\/10\/2016\/06\/skoda_berlin2016_0317.jpg'><img loading=\"lazy\" decoding=\"async\" width=\"300\" height=\"200\" src=\"https:\/\/d2p6e6u75xmxt8.cloudfront.net\/10\/2016\/06\/skoda_berlin2016_0317-640x427.jpg\" class=\"attachment-medium size-medium\" alt=\"\" srcset=\"https:\/\/d2p6e6u75xmxt8.cloudfront.net\/10\/2016\/06\/skoda_berlin2016_0317-640x427.jpg 640w, https:\/\/d2p6e6u75xmxt8.cloudfront.net\/10\/2016\/06\/skoda_berlin2016_0317-768x512.jpg 768w, https:\/\/d2p6e6u75xmxt8.cloudfront.net\/10\/2016\/06\/skoda_berlin2016_0317.jpg 1280w, https:\/\/d2p6e6u75xmxt8.cloudfront.net\/10\/2016\/06\/skoda_berlin2016_0317-160x107.jpg 160w\" sizes=\"auto, (max-width: 300px) 100vw, 300px\" \/><\/a>\n\t\t\t<\/div><\/figure><figure class='gallery-item'>\n\t\t\t<div class='gallery-icon landscape'>\n\t\t\t\t<a href='https:\/\/d2p6e6u75xmxt8.cloudfront.net\/10\/2016\/06\/skoda_berlin2016_0335.jpg'><img loading=\"lazy\" decoding=\"async\" width=\"300\" height=\"200\" src=\"https:\/\/d2p6e6u75xmxt8.cloudfront.net\/10\/2016\/06\/skoda_berlin2016_0335-640x427.jpg\" class=\"attachment-medium size-medium\" alt=\"\" srcset=\"https:\/\/d2p6e6u75xmxt8.cloudfront.net\/10\/2016\/06\/skoda_berlin2016_0335-640x427.jpg 640w, https:\/\/d2p6e6u75xmxt8.cloudfront.net\/10\/2016\/06\/skoda_berlin2016_0335-768x512.jpg 768w, https:\/\/d2p6e6u75xmxt8.cloudfront.net\/10\/2016\/06\/skoda_berlin2016_0335.jpg 1280w, https:\/\/d2p6e6u75xmxt8.cloudfront.net\/10\/2016\/06\/skoda_berlin2016_0335-160x107.jpg 160w\" sizes=\"auto, (max-width: 300px) 100vw, 300px\" \/><\/a>\n\t\t\t<\/div><\/figure><figure class='gallery-item'>\n\t\t\t<div class='gallery-icon landscape'>\n\t\t\t\t<a href='https:\/\/d2p6e6u75xmxt8.cloudfront.net\/10\/2016\/06\/skoda_berlin2016_0355.jpg'><img loading=\"lazy\" decoding=\"async\" width=\"300\" height=\"200\" src=\"https:\/\/d2p6e6u75xmxt8.cloudfront.net\/10\/2016\/06\/skoda_berlin2016_0355-640x427.jpg\" class=\"attachment-medium size-medium\" alt=\"\" srcset=\"https:\/\/d2p6e6u75xmxt8.cloudfront.net\/10\/2016\/06\/skoda_berlin2016_0355-640x427.jpg 640w, https:\/\/d2p6e6u75xmxt8.cloudfront.net\/10\/2016\/06\/skoda_berlin2016_0355-768x512.jpg 768w, https:\/\/d2p6e6u75xmxt8.cloudfront.net\/10\/2016\/06\/skoda_berlin2016_0355.jpg 1280w, https:\/\/d2p6e6u75xmxt8.cloudfront.net\/10\/2016\/06\/skoda_berlin2016_0355-160x107.jpg 160w\" sizes=\"auto, (max-width: 300px) 100vw, 300px\" \/><\/a>\n\t\t\t<\/div><\/figure><figure class='gallery-item'>\n\t\t\t<div class='gallery-icon landscape'>\n\t\t\t\t<a href='https:\/\/d2p6e6u75xmxt8.cloudfront.net\/10\/2016\/06\/skoda_berlin2016_0370.jpg'><img loading=\"lazy\" decoding=\"async\" width=\"300\" height=\"200\" src=\"https:\/\/d2p6e6u75xmxt8.cloudfront.net\/10\/2016\/06\/skoda_berlin2016_0370-640x427.jpg\" class=\"attachment-medium size-medium\" alt=\"\" srcset=\"https:\/\/d2p6e6u75xmxt8.cloudfront.net\/10\/2016\/06\/skoda_berlin2016_0370-640x427.jpg 640w, https:\/\/d2p6e6u75xmxt8.cloudfront.net\/10\/2016\/06\/skoda_berlin2016_0370-768x512.jpg 768w, https:\/\/d2p6e6u75xmxt8.cloudfront.net\/10\/2016\/06\/skoda_berlin2016_0370.jpg 1280w, https:\/\/d2p6e6u75xmxt8.cloudfront.net\/10\/2016\/06\/skoda_berlin2016_0370-160x107.jpg 160w\" sizes=\"auto, (max-width: 300px) 100vw, 300px\" \/><\/a>\n\t\t\t<\/div><\/figure><figure class='gallery-item'>\n\t\t\t<div class='gallery-icon portrait'>\n\t\t\t\t<a href='https:\/\/d2p6e6u75xmxt8.cloudfront.net\/10\/2016\/06\/skoda_berlin2016_0403.jpg'><img loading=\"lazy\" decoding=\"async\" width=\"200\" height=\"300\" src=\"https:\/\/d2p6e6u75xmxt8.cloudfront.net\/10\/2016\/06\/skoda_berlin2016_0403-427x640.jpg\" class=\"attachment-medium size-medium\" alt=\"\" srcset=\"https:\/\/d2p6e6u75xmxt8.cloudfront.net\/10\/2016\/06\/skoda_berlin2016_0403-427x640.jpg 427w, https:\/\/d2p6e6u75xmxt8.cloudfront.net\/10\/2016\/06\/skoda_berlin2016_0403-768x1152.jpg 768w, https:\/\/d2p6e6u75xmxt8.cloudfront.net\/10\/2016\/06\/skoda_berlin2016_0403.jpg 853w, https:\/\/d2p6e6u75xmxt8.cloudfront.net\/10\/2016\/06\/skoda_berlin2016_0403-160x240.jpg 160w\" sizes=\"auto, (max-width: 200px) 100vw, 200px\" \/><\/a>\n\t\t\t<\/div><\/figure><figure class='gallery-item'>\n\t\t\t<div class='gallery-icon portrait'>\n\t\t\t\t<a href='https:\/\/d2p6e6u75xmxt8.cloudfront.net\/10\/2016\/06\/skoda_berlin2016_0417.jpg'><img loading=\"lazy\" decoding=\"async\" width=\"200\" height=\"300\" src=\"https:\/\/d2p6e6u75xmxt8.cloudfront.net\/10\/2016\/06\/skoda_berlin2016_0417-427x640.jpg\" class=\"attachment-medium size-medium\" alt=\"\" srcset=\"https:\/\/d2p6e6u75xmxt8.cloudfront.net\/10\/2016\/06\/skoda_berlin2016_0417-427x640.jpg 427w, https:\/\/d2p6e6u75xmxt8.cloudfront.net\/10\/2016\/06\/skoda_berlin2016_0417-768x1152.jpg 768w, https:\/\/d2p6e6u75xmxt8.cloudfront.net\/10\/2016\/06\/skoda_berlin2016_0417.jpg 853w, https:\/\/d2p6e6u75xmxt8.cloudfront.net\/10\/2016\/06\/skoda_berlin2016_0417-160x240.jpg 160w\" sizes=\"auto, (max-width: 200px) 100vw, 200px\" \/><\/a>\n\t\t\t<\/div><\/figure><figure class='gallery-item'>\n\t\t\t<div class='gallery-icon portrait'>\n\t\t\t\t<a href='https:\/\/d2p6e6u75xmxt8.cloudfront.net\/10\/2016\/06\/skoda_berlin2016_0438.jpg'><img loading=\"lazy\" decoding=\"async\" width=\"200\" height=\"300\" src=\"https:\/\/d2p6e6u75xmxt8.cloudfront.net\/10\/2016\/06\/skoda_berlin2016_0438-427x640.jpg\" class=\"attachment-medium size-medium\" alt=\"\" srcset=\"https:\/\/d2p6e6u75xmxt8.cloudfront.net\/10\/2016\/06\/skoda_berlin2016_0438-427x640.jpg 427w, https:\/\/d2p6e6u75xmxt8.cloudfront.net\/10\/2016\/06\/skoda_berlin2016_0438-768x1152.jpg 768w, https:\/\/d2p6e6u75xmxt8.cloudfront.net\/10\/2016\/06\/skoda_berlin2016_0438.jpg 853w, https:\/\/d2p6e6u75xmxt8.cloudfront.net\/10\/2016\/06\/skoda_berlin2016_0438-160x240.jpg 160w\" sizes=\"auto, (max-width: 200px) 100vw, 200px\" \/><\/a>\n\t\t\t<\/div><\/figure><figure class='gallery-item'>\n\t\t\t<div class='gallery-icon landscape'>\n\t\t\t\t<a href='https:\/\/d2p6e6u75xmxt8.cloudfront.net\/10\/2016\/06\/skoda_berlin2016_0445.jpg'><img loading=\"lazy\" decoding=\"async\" width=\"300\" height=\"200\" src=\"https:\/\/d2p6e6u75xmxt8.cloudfront.net\/10\/2016\/06\/skoda_berlin2016_0445-640x427.jpg\" class=\"attachment-medium size-medium\" alt=\"\" srcset=\"https:\/\/d2p6e6u75xmxt8.cloudfront.net\/10\/2016\/06\/skoda_berlin2016_0445-640x427.jpg 640w, https:\/\/d2p6e6u75xmxt8.cloudfront.net\/10\/2016\/06\/skoda_berlin2016_0445-768x512.jpg 768w, https:\/\/d2p6e6u75xmxt8.cloudfront.net\/10\/2016\/06\/skoda_berlin2016_0445.jpg 1280w, https:\/\/d2p6e6u75xmxt8.cloudfront.net\/10\/2016\/06\/skoda_berlin2016_0445-160x107.jpg 160w\" sizes=\"auto, (max-width: 300px) 100vw, 300px\" \/><\/a>\n\t\t\t<\/div><\/figure><figure class='gallery-item'>\n\t\t\t<div class='gallery-icon landscape'>\n\t\t\t\t<a href='https:\/\/d2p6e6u75xmxt8.cloudfront.net\/10\/2016\/06\/skoda_berlin2016_0469.jpg'><img loading=\"lazy\" decoding=\"async\" width=\"300\" height=\"200\" src=\"https:\/\/d2p6e6u75xmxt8.cloudfront.net\/10\/2016\/06\/skoda_berlin2016_0469-640x427.jpg\" class=\"attachment-medium size-medium\" alt=\"\" srcset=\"https:\/\/d2p6e6u75xmxt8.cloudfront.net\/10\/2016\/06\/skoda_berlin2016_0469-640x427.jpg 640w, https:\/\/d2p6e6u75xmxt8.cloudfront.net\/10\/2016\/06\/skoda_berlin2016_0469-768x512.jpg 768w, https:\/\/d2p6e6u75xmxt8.cloudfront.net\/10\/2016\/06\/skoda_berlin2016_0469.jpg 1280w, https:\/\/d2p6e6u75xmxt8.cloudfront.net\/10\/2016\/06\/skoda_berlin2016_0469-160x107.jpg 160w\" sizes=\"auto, (max-width: 300px) 100vw, 300px\" \/><\/a>\n\t\t\t<\/div><\/figure><figure class='gallery-item'>\n\t\t\t<div class='gallery-icon landscape'>\n\t\t\t\t<a href='https:\/\/d2p6e6u75xmxt8.cloudfront.net\/10\/2016\/06\/skoda_berlin2016_0475.jpg'><img loading=\"lazy\" decoding=\"async\" width=\"300\" height=\"200\" src=\"https:\/\/d2p6e6u75xmxt8.cloudfront.net\/10\/2016\/06\/skoda_berlin2016_0475-640x427.jpg\" class=\"attachment-medium size-medium\" alt=\"\" srcset=\"https:\/\/d2p6e6u75xmxt8.cloudfront.net\/10\/2016\/06\/skoda_berlin2016_0475-640x427.jpg 640w, https:\/\/d2p6e6u75xmxt8.cloudfront.net\/10\/2016\/06\/skoda_berlin2016_0475-768x512.jpg 768w, https:\/\/d2p6e6u75xmxt8.cloudfront.net\/10\/2016\/06\/skoda_berlin2016_0475.jpg 1280w, https:\/\/d2p6e6u75xmxt8.cloudfront.net\/10\/2016\/06\/skoda_berlin2016_0475-160x107.jpg 160w\" sizes=\"auto, (max-width: 300px) 100vw, 300px\" \/><\/a>\n\t\t\t<\/div><\/figure><figure class='gallery-item'>\n\t\t\t<div class='gallery-icon landscape'>\n\t\t\t\t<a href='https:\/\/d2p6e6u75xmxt8.cloudfront.net\/10\/2016\/06\/skoda_berlin2016_0504.jpg'><img loading=\"lazy\" decoding=\"async\" width=\"300\" height=\"200\" src=\"https:\/\/d2p6e6u75xmxt8.cloudfront.net\/10\/2016\/06\/skoda_berlin2016_0504-640x427.jpg\" class=\"attachment-medium size-medium\" alt=\"\" srcset=\"https:\/\/d2p6e6u75xmxt8.cloudfront.net\/10\/2016\/06\/skoda_berlin2016_0504-640x427.jpg 640w, https:\/\/d2p6e6u75xmxt8.cloudfront.net\/10\/2016\/06\/skoda_berlin2016_0504-768x512.jpg 768w, https:\/\/d2p6e6u75xmxt8.cloudfront.net\/10\/2016\/06\/skoda_berlin2016_0504.jpg 1280w, https:\/\/d2p6e6u75xmxt8.cloudfront.net\/10\/2016\/06\/skoda_berlin2016_0504-160x107.jpg 160w\" sizes=\"auto, (max-width: 300px) 100vw, 300px\" \/><\/a>\n\t\t\t<\/div><\/figure><figure class='gallery-item'>\n\t\t\t<div class='gallery-icon landscape'>\n\t\t\t\t<a href='https:\/\/d2p6e6u75xmxt8.cloudfront.net\/10\/2016\/06\/skoda_berlin2016_0539.jpg'><img loading=\"lazy\" decoding=\"async\" width=\"300\" height=\"200\" src=\"https:\/\/d2p6e6u75xmxt8.cloudfront.net\/10\/2016\/06\/skoda_berlin2016_0539-640x427.jpg\" class=\"attachment-medium size-medium\" alt=\"\" srcset=\"https:\/\/d2p6e6u75xmxt8.cloudfront.net\/10\/2016\/06\/skoda_berlin2016_0539-640x427.jpg 640w, https:\/\/d2p6e6u75xmxt8.cloudfront.net\/10\/2016\/06\/skoda_berlin2016_0539-768x512.jpg 768w, https:\/\/d2p6e6u75xmxt8.cloudfront.net\/10\/2016\/06\/skoda_berlin2016_0539.jpg 1280w, https:\/\/d2p6e6u75xmxt8.cloudfront.net\/10\/2016\/06\/skoda_berlin2016_0539-160x107.jpg 160w\" sizes=\"auto, (max-width: 300px) 100vw, 300px\" \/><\/a>\n\t\t\t<\/div><\/figure><figure class='gallery-item'>\n\t\t\t<div class='gallery-icon landscape'>\n\t\t\t\t<a href='https:\/\/d2p6e6u75xmxt8.cloudfront.net\/10\/2016\/06\/skoda_berlin2016_0610.jpg'><img loading=\"lazy\" decoding=\"async\" width=\"300\" height=\"200\" src=\"https:\/\/d2p6e6u75xmxt8.cloudfront.net\/10\/2016\/06\/skoda_berlin2016_0610-640x427.jpg\" class=\"attachment-medium size-medium\" alt=\"\" srcset=\"https:\/\/d2p6e6u75xmxt8.cloudfront.net\/10\/2016\/06\/skoda_berlin2016_0610-640x427.jpg 640w, https:\/\/d2p6e6u75xmxt8.cloudfront.net\/10\/2016\/06\/skoda_berlin2016_0610-768x512.jpg 768w, https:\/\/d2p6e6u75xmxt8.cloudfront.net\/10\/2016\/06\/skoda_berlin2016_0610.jpg 1280w, https:\/\/d2p6e6u75xmxt8.cloudfront.net\/10\/2016\/06\/skoda_berlin2016_0610-160x107.jpg 160w\" sizes=\"auto, (max-width: 300px) 100vw, 300px\" \/><\/a>\n\t\t\t<\/div><\/figure><figure class='gallery-item'>\n\t\t\t<div class='gallery-icon landscape'>\n\t\t\t\t<a href='https:\/\/d2p6e6u75xmxt8.cloudfront.net\/10\/2016\/06\/skoda_berlin2016_0641.jpg'><img loading=\"lazy\" decoding=\"async\" width=\"300\" height=\"200\" src=\"https:\/\/d2p6e6u75xmxt8.cloudfront.net\/10\/2016\/06\/skoda_berlin2016_0641-640x427.jpg\" class=\"attachment-medium size-medium\" alt=\"\" srcset=\"https:\/\/d2p6e6u75xmxt8.cloudfront.net\/10\/2016\/06\/skoda_berlin2016_0641-640x427.jpg 640w, https:\/\/d2p6e6u75xmxt8.cloudfront.net\/10\/2016\/06\/skoda_berlin2016_0641-768x512.jpg 768w, https:\/\/d2p6e6u75xmxt8.cloudfront.net\/10\/2016\/06\/skoda_berlin2016_0641.jpg 1280w, https:\/\/d2p6e6u75xmxt8.cloudfront.net\/10\/2016\/06\/skoda_berlin2016_0641-160x107.jpg 160w\" sizes=\"auto, (max-width: 300px) 100vw, 300px\" \/><\/a>\n\t\t\t<\/div><\/figure><figure class='gallery-item'>\n\t\t\t<div class='gallery-icon landscape'>\n\t\t\t\t<a href='https:\/\/d2p6e6u75xmxt8.cloudfront.net\/10\/2016\/06\/skoda_berlin2016_0722.jpg'><img loading=\"lazy\" decoding=\"async\" width=\"300\" height=\"200\" src=\"https:\/\/d2p6e6u75xmxt8.cloudfront.net\/10\/2016\/06\/skoda_berlin2016_0722-640x427.jpg\" class=\"attachment-medium size-medium\" alt=\"\" srcset=\"https:\/\/d2p6e6u75xmxt8.cloudfront.net\/10\/2016\/06\/skoda_berlin2016_0722-640x427.jpg 640w, https:\/\/d2p6e6u75xmxt8.cloudfront.net\/10\/2016\/06\/skoda_berlin2016_0722-768x512.jpg 768w, https:\/\/d2p6e6u75xmxt8.cloudfront.net\/10\/2016\/06\/skoda_berlin2016_0722.jpg 1280w, https:\/\/d2p6e6u75xmxt8.cloudfront.net\/10\/2016\/06\/skoda_berlin2016_0722-160x107.jpg 160w\" sizes=\"auto, (max-width: 300px) 100vw, 300px\" \/><\/a>\n\t\t\t<\/div><\/figure><figure class='gallery-item'>\n\t\t\t<div class='gallery-icon landscape'>\n\t\t\t\t<a href='https:\/\/d2p6e6u75xmxt8.cloudfront.net\/10\/2016\/06\/skoda_berlin2016_0760.jpg'><img loading=\"lazy\" decoding=\"async\" width=\"300\" height=\"200\" src=\"https:\/\/d2p6e6u75xmxt8.cloudfront.net\/10\/2016\/06\/skoda_berlin2016_0760-640x427.jpg\" class=\"attachment-medium size-medium\" alt=\"\" srcset=\"https:\/\/d2p6e6u75xmxt8.cloudfront.net\/10\/2016\/06\/skoda_berlin2016_0760-640x427.jpg 640w, https:\/\/d2p6e6u75xmxt8.cloudfront.net\/10\/2016\/06\/skoda_berlin2016_0760-768x512.jpg 768w, https:\/\/d2p6e6u75xmxt8.cloudfront.net\/10\/2016\/06\/skoda_berlin2016_0760.jpg 1280w, https:\/\/d2p6e6u75xmxt8.cloudfront.net\/10\/2016\/06\/skoda_berlin2016_0760-160x107.jpg 160w\" sizes=\"auto, (max-width: 300px) 100vw, 300px\" \/><\/a>\n\t\t\t<\/div><\/figure><figure class='gallery-item'>\n\t\t\t<div class='gallery-icon landscape'>\n\t\t\t\t<a href='https:\/\/d2p6e6u75xmxt8.cloudfront.net\/10\/2016\/06\/skoda_berlin2016_0778.jpg'><img loading=\"lazy\" decoding=\"async\" width=\"300\" height=\"200\" src=\"https:\/\/d2p6e6u75xmxt8.cloudfront.net\/10\/2016\/06\/skoda_berlin2016_0778-640x427.jpg\" class=\"attachment-medium size-medium\" alt=\"\" srcset=\"https:\/\/d2p6e6u75xmxt8.cloudfront.net\/10\/2016\/06\/skoda_berlin2016_0778-640x427.jpg 640w, https:\/\/d2p6e6u75xmxt8.cloudfront.net\/10\/2016\/06\/skoda_berlin2016_0778-768x512.jpg 768w, https:\/\/d2p6e6u75xmxt8.cloudfront.net\/10\/2016\/06\/skoda_berlin2016_0778.jpg 1280w, https:\/\/d2p6e6u75xmxt8.cloudfront.net\/10\/2016\/06\/skoda_berlin2016_0778-160x107.jpg 160w\" sizes=\"auto, (max-width: 300px) 100vw, 300px\" \/><\/a>\n\t\t\t<\/div><\/figure><figure class='gallery-item'>\n\t\t\t<div class='gallery-icon landscape'>\n\t\t\t\t<a href='https:\/\/d2p6e6u75xmxt8.cloudfront.net\/10\/2016\/06\/skoda_berlin2016_0789.jpg'><img loading=\"lazy\" decoding=\"async\" width=\"300\" height=\"200\" src=\"https:\/\/d2p6e6u75xmxt8.cloudfront.net\/10\/2016\/06\/skoda_berlin2016_0789-640x427.jpg\" class=\"attachment-medium size-medium\" alt=\"\" srcset=\"https:\/\/d2p6e6u75xmxt8.cloudfront.net\/10\/2016\/06\/skoda_berlin2016_0789-640x427.jpg 640w, https:\/\/d2p6e6u75xmxt8.cloudfront.net\/10\/2016\/06\/skoda_berlin2016_0789-768x512.jpg 768w, https:\/\/d2p6e6u75xmxt8.cloudfront.net\/10\/2016\/06\/skoda_berlin2016_0789.jpg 1280w, https:\/\/d2p6e6u75xmxt8.cloudfront.net\/10\/2016\/06\/skoda_berlin2016_0789-160x107.jpg 160w\" sizes=\"auto, (max-width: 300px) 100vw, 300px\" \/><\/a>\n\t\t\t<\/div><\/figure><figure class='gallery-item'>\n\t\t\t<div class='gallery-icon portrait'>\n\t\t\t\t<a href='https:\/\/d2p6e6u75xmxt8.cloudfront.net\/10\/2016\/06\/skoda_berlin2016_0816.jpg'><img loading=\"lazy\" decoding=\"async\" width=\"200\" height=\"300\" src=\"https:\/\/d2p6e6u75xmxt8.cloudfront.net\/10\/2016\/06\/skoda_berlin2016_0816-427x640.jpg\" class=\"attachment-medium size-medium\" alt=\"\" srcset=\"https:\/\/d2p6e6u75xmxt8.cloudfront.net\/10\/2016\/06\/skoda_berlin2016_0816-427x640.jpg 427w, https:\/\/d2p6e6u75xmxt8.cloudfront.net\/10\/2016\/06\/skoda_berlin2016_0816-768x1152.jpg 768w, https:\/\/d2p6e6u75xmxt8.cloudfront.net\/10\/2016\/06\/skoda_berlin2016_0816.jpg 853w, https:\/\/d2p6e6u75xmxt8.cloudfront.net\/10\/2016\/06\/skoda_berlin2016_0816-160x240.jpg 160w\" sizes=\"auto, (max-width: 200px) 100vw, 200px\" \/><\/a>\n\t\t\t<\/div><\/figure><figure class='gallery-item'>\n\t\t\t<div class='gallery-icon landscape'>\n\t\t\t\t<a href='https:\/\/d2p6e6u75xmxt8.cloudfront.net\/10\/2016\/06\/skoda_berlin2016_0819.jpg'><img loading=\"lazy\" decoding=\"async\" width=\"300\" height=\"200\" src=\"https:\/\/d2p6e6u75xmxt8.cloudfront.net\/10\/2016\/06\/skoda_berlin2016_0819-640x427.jpg\" class=\"attachment-medium size-medium\" alt=\"\" srcset=\"https:\/\/d2p6e6u75xmxt8.cloudfront.net\/10\/2016\/06\/skoda_berlin2016_0819-640x427.jpg 640w, https:\/\/d2p6e6u75xmxt8.cloudfront.net\/10\/2016\/06\/skoda_berlin2016_0819-768x512.jpg 768w, https:\/\/d2p6e6u75xmxt8.cloudfront.net\/10\/2016\/06\/skoda_berlin2016_0819.jpg 1280w, https:\/\/d2p6e6u75xmxt8.cloudfront.net\/10\/2016\/06\/skoda_berlin2016_0819-160x107.jpg 160w\" sizes=\"auto, (max-width: 300px) 100vw, 300px\" \/><\/a>\n\t\t\t<\/div><\/figure><figure class='gallery-item'>\n\t\t\t<div class='gallery-icon landscape'>\n\t\t\t\t<a href='https:\/\/d2p6e6u75xmxt8.cloudfront.net\/10\/2016\/06\/skoda_berlin2016_0847.jpg'><img loading=\"lazy\" decoding=\"async\" width=\"300\" height=\"200\" src=\"https:\/\/d2p6e6u75xmxt8.cloudfront.net\/10\/2016\/06\/skoda_berlin2016_0847-640x427.jpg\" class=\"attachment-medium size-medium\" alt=\"\" srcset=\"https:\/\/d2p6e6u75xmxt8.cloudfront.net\/10\/2016\/06\/skoda_berlin2016_0847-640x427.jpg 640w, https:\/\/d2p6e6u75xmxt8.cloudfront.net\/10\/2016\/06\/skoda_berlin2016_0847-768x512.jpg 768w, https:\/\/d2p6e6u75xmxt8.cloudfront.net\/10\/2016\/06\/skoda_berlin2016_0847.jpg 1280w, https:\/\/d2p6e6u75xmxt8.cloudfront.net\/10\/2016\/06\/skoda_berlin2016_0847-160x107.jpg 160w\" sizes=\"auto, (max-width: 300px) 100vw, 300px\" \/><\/a>\n\t\t\t<\/div><\/figure><figure class='gallery-item'>\n\t\t\t<div class='gallery-icon portrait'>\n\t\t\t\t<a href='https:\/\/d2p6e6u75xmxt8.cloudfront.net\/10\/2016\/06\/skoda_berlin2016_0882.jpg'><img loading=\"lazy\" decoding=\"async\" width=\"200\" height=\"300\" src=\"https:\/\/d2p6e6u75xmxt8.cloudfront.net\/10\/2016\/06\/skoda_berlin2016_0882-427x640.jpg\" class=\"attachment-medium size-medium\" alt=\"\" srcset=\"https:\/\/d2p6e6u75xmxt8.cloudfront.net\/10\/2016\/06\/skoda_berlin2016_0882-427x640.jpg 427w, https:\/\/d2p6e6u75xmxt8.cloudfront.net\/10\/2016\/06\/skoda_berlin2016_0882-768x1152.jpg 768w, https:\/\/d2p6e6u75xmxt8.cloudfront.net\/10\/2016\/06\/skoda_berlin2016_0882.jpg 853w, https:\/\/d2p6e6u75xmxt8.cloudfront.net\/10\/2016\/06\/skoda_berlin2016_0882-160x240.jpg 160w\" sizes=\"auto, (max-width: 200px) 100vw, 200px\" \/><\/a>\n\t\t\t<\/div><\/figure><figure class='gallery-item'>\n\t\t\t<div class='gallery-icon landscape'>\n\t\t\t\t<a href='https:\/\/d2p6e6u75xmxt8.cloudfront.net\/10\/2016\/06\/skoda_berlin2016_0945.jpg'><img loading=\"lazy\" decoding=\"async\" width=\"300\" height=\"200\" src=\"https:\/\/d2p6e6u75xmxt8.cloudfront.net\/10\/2016\/06\/skoda_berlin2016_0945-640x427.jpg\" class=\"attachment-medium size-medium\" alt=\"\" srcset=\"https:\/\/d2p6e6u75xmxt8.cloudfront.net\/10\/2016\/06\/skoda_berlin2016_0945-640x427.jpg 640w, https:\/\/d2p6e6u75xmxt8.cloudfront.net\/10\/2016\/06\/skoda_berlin2016_0945-768x512.jpg 768w, https:\/\/d2p6e6u75xmxt8.cloudfront.net\/10\/2016\/06\/skoda_berlin2016_0945.jpg 1280w, https:\/\/d2p6e6u75xmxt8.cloudfront.net\/10\/2016\/06\/skoda_berlin2016_0945-160x107.jpg 160w\" sizes=\"auto, (max-width: 300px) 100vw, 300px\" \/><\/a>\n\t\t\t<\/div><\/figure><figure class='gallery-item'>\n\t\t\t<div class='gallery-icon landscape'>\n\t\t\t\t<a href='https:\/\/d2p6e6u75xmxt8.cloudfront.net\/10\/2016\/06\/skoda_berlin2016_0977.jpg'><img loading=\"lazy\" decoding=\"async\" width=\"300\" height=\"200\" src=\"https:\/\/d2p6e6u75xmxt8.cloudfront.net\/10\/2016\/06\/skoda_berlin2016_0977-640x427.jpg\" class=\"attachment-medium size-medium\" alt=\"\" srcset=\"https:\/\/d2p6e6u75xmxt8.cloudfront.net\/10\/2016\/06\/skoda_berlin2016_0977-640x427.jpg 640w, https:\/\/d2p6e6u75xmxt8.cloudfront.net\/10\/2016\/06\/skoda_berlin2016_0977-768x512.jpg 768w, https:\/\/d2p6e6u75xmxt8.cloudfront.net\/10\/2016\/06\/skoda_berlin2016_0977.jpg 1280w, https:\/\/d2p6e6u75xmxt8.cloudfront.net\/10\/2016\/06\/skoda_berlin2016_0977-160x107.jpg 160w\" sizes=\"auto, (max-width: 300px) 100vw, 300px\" \/><\/a>\n\t\t\t<\/div><\/figure><figure class='gallery-item'>\n\t\t\t<div class='gallery-icon landscape'>\n\t\t\t\t<a href='https:\/\/d2p6e6u75xmxt8.cloudfront.net\/10\/2016\/06\/skoda_berlin2016_1008.jpg'><img loading=\"lazy\" decoding=\"async\" width=\"300\" height=\"200\" src=\"https:\/\/d2p6e6u75xmxt8.cloudfront.net\/10\/2016\/06\/skoda_berlin2016_1008-640x427.jpg\" class=\"attachment-medium size-medium\" alt=\"\" srcset=\"https:\/\/d2p6e6u75xmxt8.cloudfront.net\/10\/2016\/06\/skoda_berlin2016_1008-640x427.jpg 640w, https:\/\/d2p6e6u75xmxt8.cloudfront.net\/10\/2016\/06\/skoda_berlin2016_1008-768x512.jpg 768w, https:\/\/d2p6e6u75xmxt8.cloudfront.net\/10\/2016\/06\/skoda_berlin2016_1008.jpg 1280w, https:\/\/d2p6e6u75xmxt8.cloudfront.net\/10\/2016\/06\/skoda_berlin2016_1008-160x107.jpg 160w\" sizes=\"auto, (max-width: 300px) 100vw, 300px\" \/><\/a>\n\t\t\t<\/div><\/figure><figure class='gallery-item'>\n\t\t\t<div class='gallery-icon landscape'>\n\t\t\t\t<a href='https:\/\/d2p6e6u75xmxt8.cloudfront.net\/10\/2016\/06\/skoda_berlin2016_1041.jpg'><img loading=\"lazy\" decoding=\"async\" width=\"300\" height=\"200\" src=\"https:\/\/d2p6e6u75xmxt8.cloudfront.net\/10\/2016\/06\/skoda_berlin2016_1041-640x427.jpg\" class=\"attachment-medium size-medium\" alt=\"\" srcset=\"https:\/\/d2p6e6u75xmxt8.cloudfront.net\/10\/2016\/06\/skoda_berlin2016_1041-640x427.jpg 640w, https:\/\/d2p6e6u75xmxt8.cloudfront.net\/10\/2016\/06\/skoda_berlin2016_1041-768x512.jpg 768w, https:\/\/d2p6e6u75xmxt8.cloudfront.net\/10\/2016\/06\/skoda_berlin2016_1041.jpg 1280w, https:\/\/d2p6e6u75xmxt8.cloudfront.net\/10\/2016\/06\/skoda_berlin2016_1041-160x107.jpg 160w\" sizes=\"auto, (max-width: 300px) 100vw, 300px\" \/><\/a>\n\t\t\t<\/div><\/figure><figure class='gallery-item'>\n\t\t\t<div class='gallery-icon landscape'>\n\t\t\t\t<a href='https:\/\/d2p6e6u75xmxt8.cloudfront.net\/10\/2016\/06\/skoda_berlin2016_1046.jpg'><img loading=\"lazy\" decoding=\"async\" width=\"300\" height=\"200\" src=\"https:\/\/d2p6e6u75xmxt8.cloudfront.net\/10\/2016\/06\/skoda_berlin2016_1046-640x427.jpg\" class=\"attachment-medium size-medium\" alt=\"\" srcset=\"https:\/\/d2p6e6u75xmxt8.cloudfront.net\/10\/2016\/06\/skoda_berlin2016_1046-640x427.jpg 640w, https:\/\/d2p6e6u75xmxt8.cloudfront.net\/10\/2016\/06\/skoda_berlin2016_1046-768x512.jpg 768w, https:\/\/d2p6e6u75xmxt8.cloudfront.net\/10\/2016\/06\/skoda_berlin2016_1046.jpg 1280w, https:\/\/d2p6e6u75xmxt8.cloudfront.net\/10\/2016\/06\/skoda_berlin2016_1046-160x107.jpg 160w\" sizes=\"auto, (max-width: 300px) 100vw, 300px\" \/><\/a>\n\t\t\t<\/div><\/figure><figure class='gallery-item'>\n\t\t\t<div class='gallery-icon landscape'>\n\t\t\t\t<a href='https:\/\/d2p6e6u75xmxt8.cloudfront.net\/10\/2016\/06\/skoda_berlin2016_1052.jpg'><img loading=\"lazy\" decoding=\"async\" width=\"300\" height=\"200\" src=\"https:\/\/d2p6e6u75xmxt8.cloudfront.net\/10\/2016\/06\/skoda_berlin2016_1052-640x427.jpg\" class=\"attachment-medium size-medium\" alt=\"\" srcset=\"https:\/\/d2p6e6u75xmxt8.cloudfront.net\/10\/2016\/06\/skoda_berlin2016_1052-640x427.jpg 640w, https:\/\/d2p6e6u75xmxt8.cloudfront.net\/10\/2016\/06\/skoda_berlin2016_1052-768x512.jpg 768w, https:\/\/d2p6e6u75xmxt8.cloudfront.net\/10\/2016\/06\/skoda_berlin2016_1052.jpg 1280w, https:\/\/d2p6e6u75xmxt8.cloudfront.net\/10\/2016\/06\/skoda_berlin2016_1052-160x107.jpg 160w\" sizes=\"auto, (max-width: 300px) 100vw, 300px\" \/><\/a>\n\t\t\t<\/div><\/figure><figure class='gallery-item'>\n\t\t\t<div class='gallery-icon landscape'>\n\t\t\t\t<a href='https:\/\/d2p6e6u75xmxt8.cloudfront.net\/10\/2016\/06\/skoda_berlin2016_1070.jpg'><img loading=\"lazy\" decoding=\"async\" width=\"300\" height=\"200\" src=\"https:\/\/d2p6e6u75xmxt8.cloudfront.net\/10\/2016\/06\/skoda_berlin2016_1070-640x427.jpg\" class=\"attachment-medium size-medium\" alt=\"\" srcset=\"https:\/\/d2p6e6u75xmxt8.cloudfront.net\/10\/2016\/06\/skoda_berlin2016_1070-640x427.jpg 640w, https:\/\/d2p6e6u75xmxt8.cloudfront.net\/10\/2016\/06\/skoda_berlin2016_1070-768x512.jpg 768w, https:\/\/d2p6e6u75xmxt8.cloudfront.net\/10\/2016\/06\/skoda_berlin2016_1070.jpg 1280w, https:\/\/d2p6e6u75xmxt8.cloudfront.net\/10\/2016\/06\/skoda_berlin2016_1070-160x107.jpg 160w\" sizes=\"auto, (max-width: 300px) 100vw, 300px\" \/><\/a>\n\t\t\t<\/div><\/figure><figure class='gallery-item'>\n\t\t\t<div class='gallery-icon landscape'>\n\t\t\t\t<a href='https:\/\/d2p6e6u75xmxt8.cloudfront.net\/10\/2016\/06\/skoda_berlin2016_1097.jpg'><img loading=\"lazy\" decoding=\"async\" width=\"300\" height=\"200\" src=\"https:\/\/d2p6e6u75xmxt8.cloudfront.net\/10\/2016\/06\/skoda_berlin2016_1097-640x427.jpg\" class=\"attachment-medium size-medium\" alt=\"\" srcset=\"https:\/\/d2p6e6u75xmxt8.cloudfront.net\/10\/2016\/06\/skoda_berlin2016_1097-640x427.jpg 640w, https:\/\/d2p6e6u75xmxt8.cloudfront.net\/10\/2016\/06\/skoda_berlin2016_1097-768x512.jpg 768w, https:\/\/d2p6e6u75xmxt8.cloudfront.net\/10\/2016\/06\/skoda_berlin2016_1097.jpg 1280w, https:\/\/d2p6e6u75xmxt8.cloudfront.net\/10\/2016\/06\/skoda_berlin2016_1097-160x107.jpg 160w\" sizes=\"auto, (max-width: 300px) 100vw, 300px\" \/><\/a>\n\t\t\t<\/div><\/figure><figure class='gallery-item'>\n\t\t\t<div class='gallery-icon landscape'>\n\t\t\t\t<a href='https:\/\/d2p6e6u75xmxt8.cloudfront.net\/10\/2016\/06\/skoda_berlin2016_1129.jpg'><img loading=\"lazy\" decoding=\"async\" width=\"300\" height=\"200\" src=\"https:\/\/d2p6e6u75xmxt8.cloudfront.net\/10\/2016\/06\/skoda_berlin2016_1129-640x427.jpg\" class=\"attachment-medium size-medium\" alt=\"\" srcset=\"https:\/\/d2p6e6u75xmxt8.cloudfront.net\/10\/2016\/06\/skoda_berlin2016_1129-640x427.jpg 640w, https:\/\/d2p6e6u75xmxt8.cloudfront.net\/10\/2016\/06\/skoda_berlin2016_1129-768x512.jpg 768w, https:\/\/d2p6e6u75xmxt8.cloudfront.net\/10\/2016\/06\/skoda_berlin2016_1129.jpg 1280w, https:\/\/d2p6e6u75xmxt8.cloudfront.net\/10\/2016\/06\/skoda_berlin2016_1129-160x107.jpg 160w\" sizes=\"auto, (max-width: 300px) 100vw, 300px\" \/><\/a>\n\t\t\t<\/div><\/figure><figure class='gallery-item'>\n\t\t\t<div class='gallery-icon landscape'>\n\t\t\t\t<a href='https:\/\/d2p6e6u75xmxt8.cloudfront.net\/10\/2016\/06\/skoda_berlin2016_1134.jpg'><img loading=\"lazy\" decoding=\"async\" width=\"300\" height=\"200\" src=\"https:\/\/d2p6e6u75xmxt8.cloudfront.net\/10\/2016\/06\/skoda_berlin2016_1134-640x427.jpg\" class=\"attachment-medium size-medium\" alt=\"\" srcset=\"https:\/\/d2p6e6u75xmxt8.cloudfront.net\/10\/2016\/06\/skoda_berlin2016_1134-640x427.jpg 640w, https:\/\/d2p6e6u75xmxt8.cloudfront.net\/10\/2016\/06\/skoda_berlin2016_1134-768x512.jpg 768w, https:\/\/d2p6e6u75xmxt8.cloudfront.net\/10\/2016\/06\/skoda_berlin2016_1134.jpg 1280w, https:\/\/d2p6e6u75xmxt8.cloudfront.net\/10\/2016\/06\/skoda_berlin2016_1134-160x107.jpg 160w\" sizes=\"auto, (max-width: 300px) 100vw, 300px\" \/><\/a>\n\t\t\t<\/div><\/figure><figure class='gallery-item'>\n\t\t\t<div class='gallery-icon landscape'>\n\t\t\t\t<a href='https:\/\/d2p6e6u75xmxt8.cloudfront.net\/10\/2016\/06\/skoda_berlin2016_1138.jpg'><img loading=\"lazy\" decoding=\"async\" width=\"300\" height=\"200\" src=\"https:\/\/d2p6e6u75xmxt8.cloudfront.net\/10\/2016\/06\/skoda_berlin2016_1138-640x427.jpg\" class=\"attachment-medium size-medium\" alt=\"\" srcset=\"https:\/\/d2p6e6u75xmxt8.cloudfront.net\/10\/2016\/06\/skoda_berlin2016_1138-640x427.jpg 640w, https:\/\/d2p6e6u75xmxt8.cloudfront.net\/10\/2016\/06\/skoda_berlin2016_1138-768x512.jpg 768w, https:\/\/d2p6e6u75xmxt8.cloudfront.net\/10\/2016\/06\/skoda_berlin2016_1138.jpg 1280w, https:\/\/d2p6e6u75xmxt8.cloudfront.net\/10\/2016\/06\/skoda_berlin2016_1138-160x107.jpg 160w\" sizes=\"auto, (max-width: 300px) 100vw, 300px\" \/><\/a>\n\t\t\t<\/div><\/figure><figure class='gallery-item'>\n\t\t\t<div class='gallery-icon landscape'>\n\t\t\t\t<a href='https:\/\/d2p6e6u75xmxt8.cloudfront.net\/10\/2016\/06\/skoda_berlin2016_1167.jpg'><img loading=\"lazy\" decoding=\"async\" width=\"300\" height=\"200\" src=\"https:\/\/d2p6e6u75xmxt8.cloudfront.net\/10\/2016\/06\/skoda_berlin2016_1167-640x427.jpg\" class=\"attachment-medium size-medium\" alt=\"\" srcset=\"https:\/\/d2p6e6u75xmxt8.cloudfront.net\/10\/2016\/06\/skoda_berlin2016_1167-640x427.jpg 640w, https:\/\/d2p6e6u75xmxt8.cloudfront.net\/10\/2016\/06\/skoda_berlin2016_1167-768x512.jpg 768w, https:\/\/d2p6e6u75xmxt8.cloudfront.net\/10\/2016\/06\/skoda_berlin2016_1167.jpg 1280w, https:\/\/d2p6e6u75xmxt8.cloudfront.net\/10\/2016\/06\/skoda_berlin2016_1167-160x107.jpg 160w\" sizes=\"auto, (max-width: 300px) 100vw, 300px\" \/><\/a>\n\t\t\t<\/div><\/figure><figure class='gallery-item'>\n\t\t\t<div class='gallery-icon landscape'>\n\t\t\t\t<a href='https:\/\/d2p6e6u75xmxt8.cloudfront.net\/10\/2016\/06\/skoda_berlin2016_1186.jpg'><img loading=\"lazy\" decoding=\"async\" width=\"300\" height=\"200\" src=\"https:\/\/d2p6e6u75xmxt8.cloudfront.net\/10\/2016\/06\/skoda_berlin2016_1186-640x427.jpg\" class=\"attachment-medium size-medium\" alt=\"\" srcset=\"https:\/\/d2p6e6u75xmxt8.cloudfront.net\/10\/2016\/06\/skoda_berlin2016_1186-640x427.jpg 640w, https:\/\/d2p6e6u75xmxt8.cloudfront.net\/10\/2016\/06\/skoda_berlin2016_1186-768x512.jpg 768w, https:\/\/d2p6e6u75xmxt8.cloudfront.net\/10\/2016\/06\/skoda_berlin2016_1186.jpg 1280w, https:\/\/d2p6e6u75xmxt8.cloudfront.net\/10\/2016\/06\/skoda_berlin2016_1186-160x107.jpg 160w\" sizes=\"auto, (max-width: 300px) 100vw, 300px\" \/><\/a>\n\t\t\t<\/div><\/figure><figure class='gallery-item'>\n\t\t\t<div class='gallery-icon landscape'>\n\t\t\t\t<a href='https:\/\/d2p6e6u75xmxt8.cloudfront.net\/10\/2016\/06\/skoda_berlin2016_1288.jpg'><img loading=\"lazy\" decoding=\"async\" width=\"300\" height=\"200\" src=\"https:\/\/d2p6e6u75xmxt8.cloudfront.net\/10\/2016\/06\/skoda_berlin2016_1288-640x427.jpg\" class=\"attachment-medium size-medium\" alt=\"\" srcset=\"https:\/\/d2p6e6u75xmxt8.cloudfront.net\/10\/2016\/06\/skoda_berlin2016_1288-640x427.jpg 640w, https:\/\/d2p6e6u75xmxt8.cloudfront.net\/10\/2016\/06\/skoda_berlin2016_1288-768x512.jpg 768w, https:\/\/d2p6e6u75xmxt8.cloudfront.net\/10\/2016\/06\/skoda_berlin2016_1288.jpg 1280w, https:\/\/d2p6e6u75xmxt8.cloudfront.net\/10\/2016\/06\/skoda_berlin2016_1288-160x107.jpg 160w\" sizes=\"auto, (max-width: 300px) 100vw, 300px\" \/><\/a>\n\t\t\t<\/div><\/figure><figure class='gallery-item'>\n\t\t\t<div class='gallery-icon landscape'>\n\t\t\t\t<a href='https:\/\/d2p6e6u75xmxt8.cloudfront.net\/10\/2016\/06\/skoda_berlin2016_1310.jpg'><img loading=\"lazy\" decoding=\"async\" width=\"300\" height=\"200\" src=\"https:\/\/d2p6e6u75xmxt8.cloudfront.net\/10\/2016\/06\/skoda_berlin2016_1310-640x427.jpg\" class=\"attachment-medium size-medium\" alt=\"\" srcset=\"https:\/\/d2p6e6u75xmxt8.cloudfront.net\/10\/2016\/06\/skoda_berlin2016_1310-640x427.jpg 640w, https:\/\/d2p6e6u75xmxt8.cloudfront.net\/10\/2016\/06\/skoda_berlin2016_1310-768x512.jpg 768w, https:\/\/d2p6e6u75xmxt8.cloudfront.net\/10\/2016\/06\/skoda_berlin2016_1310.jpg 1280w, https:\/\/d2p6e6u75xmxt8.cloudfront.net\/10\/2016\/06\/skoda_berlin2016_1310-160x107.jpg 160w\" sizes=\"auto, (max-width: 300px) 100vw, 300px\" \/><\/a>\n\t\t\t<\/div><\/figure><figure class='gallery-item'>\n\t\t\t<div class='gallery-icon landscape'>\n\t\t\t\t<a href='https:\/\/d2p6e6u75xmxt8.cloudfront.net\/10\/2016\/06\/skoda_berlin2016_1336.jpg'><img loading=\"lazy\" decoding=\"async\" width=\"300\" height=\"200\" src=\"https:\/\/d2p6e6u75xmxt8.cloudfront.net\/10\/2016\/06\/skoda_berlin2016_1336-640x427.jpg\" class=\"attachment-medium size-medium\" alt=\"\" srcset=\"https:\/\/d2p6e6u75xmxt8.cloudfront.net\/10\/2016\/06\/skoda_berlin2016_1336-640x427.jpg 640w, https:\/\/d2p6e6u75xmxt8.cloudfront.net\/10\/2016\/06\/skoda_berlin2016_1336-768x512.jpg 768w, https:\/\/d2p6e6u75xmxt8.cloudfront.net\/10\/2016\/06\/skoda_berlin2016_1336.jpg 1280w, https:\/\/d2p6e6u75xmxt8.cloudfront.net\/10\/2016\/06\/skoda_berlin2016_1336-160x107.jpg 160w\" sizes=\"auto, (max-width: 300px) 100vw, 300px\" \/><\/a>\n\t\t\t<\/div><\/figure><figure class='gallery-item'>\n\t\t\t<div class='gallery-icon landscape'>\n\t\t\t\t<a href='https:\/\/d2p6e6u75xmxt8.cloudfront.net\/10\/2016\/06\/skoda_berlin2016_1392.jpg'><img loading=\"lazy\" decoding=\"async\" width=\"300\" height=\"200\" src=\"https:\/\/d2p6e6u75xmxt8.cloudfront.net\/10\/2016\/06\/skoda_berlin2016_1392-640x427.jpg\" class=\"attachment-medium size-medium\" alt=\"\" srcset=\"https:\/\/d2p6e6u75xmxt8.cloudfront.net\/10\/2016\/06\/skoda_berlin2016_1392-640x427.jpg 640w, https:\/\/d2p6e6u75xmxt8.cloudfront.net\/10\/2016\/06\/skoda_berlin2016_1392-768x512.jpg 768w, https:\/\/d2p6e6u75xmxt8.cloudfront.net\/10\/2016\/06\/skoda_berlin2016_1392.jpg 1280w, https:\/\/d2p6e6u75xmxt8.cloudfront.net\/10\/2016\/06\/skoda_berlin2016_1392-160x107.jpg 160w\" sizes=\"auto, (max-width: 300px) 100vw, 300px\" \/><\/a>\n\t\t\t<\/div><\/figure><figure class='gallery-item'>\n\t\t\t<div class='gallery-icon landscape'>\n\t\t\t\t<a href='https:\/\/d2p6e6u75xmxt8.cloudfront.net\/10\/2016\/06\/skoda_berlin2016_1400.jpg'><img loading=\"lazy\" decoding=\"async\" width=\"300\" height=\"200\" src=\"https:\/\/d2p6e6u75xmxt8.cloudfront.net\/10\/2016\/06\/skoda_berlin2016_1400-640x427.jpg\" class=\"attachment-medium size-medium\" alt=\"\" srcset=\"https:\/\/d2p6e6u75xmxt8.cloudfront.net\/10\/2016\/06\/skoda_berlin2016_1400-640x427.jpg 640w, https:\/\/d2p6e6u75xmxt8.cloudfront.net\/10\/2016\/06\/skoda_berlin2016_1400-768x512.jpg 768w, https:\/\/d2p6e6u75xmxt8.cloudfront.net\/10\/2016\/06\/skoda_berlin2016_1400.jpg 1280w, https:\/\/d2p6e6u75xmxt8.cloudfront.net\/10\/2016\/06\/skoda_berlin2016_1400-160x107.jpg 160w\" sizes=\"auto, (max-width: 300px) 100vw, 300px\" \/><\/a>\n\t\t\t<\/div><\/figure><figure class='gallery-item'>\n\t\t\t<div class='gallery-icon landscape'>\n\t\t\t\t<a href='https:\/\/d2p6e6u75xmxt8.cloudfront.net\/10\/2016\/06\/skoda_berlin2016_1427-e1468932673639-1.jpg'><img loading=\"lazy\" decoding=\"async\" width=\"300\" height=\"200\" src=\"https:\/\/d2p6e6u75xmxt8.cloudfront.net\/10\/2016\/06\/skoda_berlin2016_1427-e1468932673639-1-640x427.jpg\" class=\"attachment-medium size-medium\" alt=\"\" srcset=\"https:\/\/d2p6e6u75xmxt8.cloudfront.net\/10\/2016\/06\/skoda_berlin2016_1427-e1468932673639-1-640x427.jpg 640w, https:\/\/d2p6e6u75xmxt8.cloudfront.net\/10\/2016\/06\/skoda_berlin2016_1427-e1468932673639-1-768x512.jpg 768w, https:\/\/d2p6e6u75xmxt8.cloudfront.net\/10\/2016\/06\/skoda_berlin2016_1427-e1468932673639-1.jpg 1280w, https:\/\/d2p6e6u75xmxt8.cloudfront.net\/10\/2016\/06\/skoda_berlin2016_1427-e1468932673639-1-160x107.jpg 160w\" sizes=\"auto, (max-width: 300px) 100vw, 300px\" \/><\/a>\n\t\t\t<\/div><\/figure><figure class='gallery-item'>\n\t\t\t<div class='gallery-icon landscape'>\n\t\t\t\t<a href='https:\/\/d2p6e6u75xmxt8.cloudfront.net\/10\/2016\/06\/skoda_berlin2016_1536.jpg'><img loading=\"lazy\" decoding=\"async\" width=\"300\" height=\"200\" src=\"https:\/\/d2p6e6u75xmxt8.cloudfront.net\/10\/2016\/06\/skoda_berlin2016_1536-640x427.jpg\" class=\"attachment-medium size-medium\" alt=\"\" srcset=\"https:\/\/d2p6e6u75xmxt8.cloudfront.net\/10\/2016\/06\/skoda_berlin2016_1536-640x427.jpg 640w, https:\/\/d2p6e6u75xmxt8.cloudfront.net\/10\/2016\/06\/skoda_berlin2016_1536-768x512.jpg 768w, https:\/\/d2p6e6u75xmxt8.cloudfront.net\/10\/2016\/06\/skoda_berlin2016_1536.jpg 1280w, https:\/\/d2p6e6u75xmxt8.cloudfront.net\/10\/2016\/06\/skoda_berlin2016_1536-160x107.jpg 160w\" sizes=\"auto, (max-width: 300px) 100vw, 300px\" \/><\/a>\n\t\t\t<\/div><\/figure><figure class='gallery-item'>\n\t\t\t<div class='gallery-icon portrait'>\n\t\t\t\t<a href='https:\/\/d2p6e6u75xmxt8.cloudfront.net\/10\/2016\/06\/skoda_berlin2016_1548.jpg'><img loading=\"lazy\" decoding=\"async\" width=\"200\" height=\"300\" src=\"https:\/\/d2p6e6u75xmxt8.cloudfront.net\/10\/2016\/06\/skoda_berlin2016_1548-427x640.jpg\" class=\"attachment-medium size-medium\" alt=\"\" srcset=\"https:\/\/d2p6e6u75xmxt8.cloudfront.net\/10\/2016\/06\/skoda_berlin2016_1548-427x640.jpg 427w, https:\/\/d2p6e6u75xmxt8.cloudfront.net\/10\/2016\/06\/skoda_berlin2016_1548-768x1152.jpg 768w, https:\/\/d2p6e6u75xmxt8.cloudfront.net\/10\/2016\/06\/skoda_berlin2016_1548.jpg 853w, https:\/\/d2p6e6u75xmxt8.cloudfront.net\/10\/2016\/06\/skoda_berlin2016_1548-160x240.jpg 160w\" sizes=\"auto, (max-width: 200px) 100vw, 200px\" \/><\/a>\n\t\t\t<\/div><\/figure><figure class='gallery-item'>\n\t\t\t<div class='gallery-icon portrait'>\n\t\t\t\t<a href='https:\/\/d2p6e6u75xmxt8.cloudfront.net\/10\/2016\/06\/skoda_berlin2016_1593.jpg'><img loading=\"lazy\" decoding=\"async\" width=\"200\" height=\"300\" src=\"https:\/\/d2p6e6u75xmxt8.cloudfront.net\/10\/2016\/06\/skoda_berlin2016_1593-427x640.jpg\" class=\"attachment-medium size-medium\" alt=\"\" srcset=\"https:\/\/d2p6e6u75xmxt8.cloudfront.net\/10\/2016\/06\/skoda_berlin2016_1593-427x640.jpg 427w, https:\/\/d2p6e6u75xmxt8.cloudfront.net\/10\/2016\/06\/skoda_berlin2016_1593-768x1152.jpg 768w, https:\/\/d2p6e6u75xmxt8.cloudfront.net\/10\/2016\/06\/skoda_berlin2016_1593.jpg 853w, https:\/\/d2p6e6u75xmxt8.cloudfront.net\/10\/2016\/06\/skoda_berlin2016_1593-160x240.jpg 160w\" sizes=\"auto, (max-width: 200px) 100vw, 200px\" \/><\/a>\n\t\t\t<\/div><\/figure><figure class='gallery-item'>\n\t\t\t<div class='gallery-icon portrait'>\n\t\t\t\t<a href='https:\/\/d2p6e6u75xmxt8.cloudfront.net\/10\/2016\/06\/skoda_berlin2016_1617.jpg'><img loading=\"lazy\" decoding=\"async\" width=\"200\" height=\"300\" src=\"https:\/\/d2p6e6u75xmxt8.cloudfront.net\/10\/2016\/06\/skoda_berlin2016_1617-427x640.jpg\" class=\"attachment-medium size-medium\" alt=\"\" srcset=\"https:\/\/d2p6e6u75xmxt8.cloudfront.net\/10\/2016\/06\/skoda_berlin2016_1617-427x640.jpg 427w, https:\/\/d2p6e6u75xmxt8.cloudfront.net\/10\/2016\/06\/skoda_berlin2016_1617-768x1152.jpg 768w, https:\/\/d2p6e6u75xmxt8.cloudfront.net\/10\/2016\/06\/skoda_berlin2016_1617.jpg 853w, https:\/\/d2p6e6u75xmxt8.cloudfront.net\/10\/2016\/06\/skoda_berlin2016_1617-160x240.jpg 160w\" sizes=\"auto, (max-width: 200px) 100vw, 200px\" \/><\/a>\n\t\t\t<\/div><\/figure><figure class='gallery-item'>\n\t\t\t<div class='gallery-icon landscape'>\n\t\t\t\t<a href='https:\/\/d2p6e6u75xmxt8.cloudfront.net\/10\/2016\/06\/skoda_berlin2016_1668.jpg'><img loading=\"lazy\" decoding=\"async\" width=\"300\" height=\"200\" src=\"https:\/\/d2p6e6u75xmxt8.cloudfront.net\/10\/2016\/06\/skoda_berlin2016_1668-640x427.jpg\" class=\"attachment-medium size-medium\" alt=\"\" srcset=\"https:\/\/d2p6e6u75xmxt8.cloudfront.net\/10\/2016\/06\/skoda_berlin2016_1668-640x427.jpg 640w, https:\/\/d2p6e6u75xmxt8.cloudfront.net\/10\/2016\/06\/skoda_berlin2016_1668-768x512.jpg 768w, https:\/\/d2p6e6u75xmxt8.cloudfront.net\/10\/2016\/06\/skoda_berlin2016_1668.jpg 1280w, https:\/\/d2p6e6u75xmxt8.cloudfront.net\/10\/2016\/06\/skoda_berlin2016_1668-160x107.jpg 160w\" sizes=\"auto, (max-width: 300px) 100vw, 300px\" \/><\/a>\n\t\t\t<\/div><\/figure><figure class='gallery-item'>\n\t\t\t<div class='gallery-icon landscape'>\n\t\t\t\t<a href='https:\/\/d2p6e6u75xmxt8.cloudfront.net\/10\/2016\/06\/skoda_berlin2016_1741.jpg'><img loading=\"lazy\" decoding=\"async\" width=\"300\" height=\"200\" src=\"https:\/\/d2p6e6u75xmxt8.cloudfront.net\/10\/2016\/06\/skoda_berlin2016_1741-640x427.jpg\" class=\"attachment-medium size-medium\" alt=\"\" srcset=\"https:\/\/d2p6e6u75xmxt8.cloudfront.net\/10\/2016\/06\/skoda_berlin2016_1741-640x427.jpg 640w, https:\/\/d2p6e6u75xmxt8.cloudfront.net\/10\/2016\/06\/skoda_berlin2016_1741-768x512.jpg 768w, https:\/\/d2p6e6u75xmxt8.cloudfront.net\/10\/2016\/06\/skoda_berlin2016_1741.jpg 1280w, https:\/\/d2p6e6u75xmxt8.cloudfront.net\/10\/2016\/06\/skoda_berlin2016_1741-160x107.jpg 160w\" sizes=\"auto, (max-width: 300px) 100vw, 300px\" \/><\/a>\n\t\t\t<\/div><\/figure><figure class='gallery-item'>\n\t\t\t<div class='gallery-icon landscape'>\n\t\t\t\t<a href='https:\/\/d2p6e6u75xmxt8.cloudfront.net\/10\/2016\/06\/skoda_berlin2016_1770.jpg'><img loading=\"lazy\" decoding=\"async\" width=\"300\" height=\"200\" src=\"https:\/\/d2p6e6u75xmxt8.cloudfront.net\/10\/2016\/06\/skoda_berlin2016_1770-640x427.jpg\" class=\"attachment-medium size-medium\" alt=\"\" srcset=\"https:\/\/d2p6e6u75xmxt8.cloudfront.net\/10\/2016\/06\/skoda_berlin2016_1770-640x427.jpg 640w, https:\/\/d2p6e6u75xmxt8.cloudfront.net\/10\/2016\/06\/skoda_berlin2016_1770-768x512.jpg 768w, https:\/\/d2p6e6u75xmxt8.cloudfront.net\/10\/2016\/06\/skoda_berlin2016_1770.jpg 1280w, https:\/\/d2p6e6u75xmxt8.cloudfront.net\/10\/2016\/06\/skoda_berlin2016_1770-160x107.jpg 160w\" sizes=\"auto, (max-width: 300px) 100vw, 300px\" \/><\/a>\n\t\t\t<\/div><\/figure><figure class='gallery-item'>\n\t\t\t<div class='gallery-icon landscape'>\n\t\t\t\t<a href='https:\/\/d2p6e6u75xmxt8.cloudfront.net\/10\/2016\/06\/skoda_berlin2016_1842.jpg'><img loading=\"lazy\" decoding=\"async\" width=\"300\" height=\"200\" src=\"https:\/\/d2p6e6u75xmxt8.cloudfront.net\/10\/2016\/06\/skoda_berlin2016_1842-640x427.jpg\" class=\"attachment-medium size-medium\" alt=\"\" srcset=\"https:\/\/d2p6e6u75xmxt8.cloudfront.net\/10\/2016\/06\/skoda_berlin2016_1842-640x427.jpg 640w, https:\/\/d2p6e6u75xmxt8.cloudfront.net\/10\/2016\/06\/skoda_berlin2016_1842-768x512.jpg 768w, https:\/\/d2p6e6u75xmxt8.cloudfront.net\/10\/2016\/06\/skoda_berlin2016_1842.jpg 1280w, https:\/\/d2p6e6u75xmxt8.cloudfront.net\/10\/2016\/06\/skoda_berlin2016_1842-160x107.jpg 160w\" sizes=\"auto, (max-width: 300px) 100vw, 300px\" \/><\/a>\n\t\t\t<\/div><\/figure><figure class='gallery-item'>\n\t\t\t<div class='gallery-icon landscape'>\n\t\t\t\t<a href='https:\/\/d2p6e6u75xmxt8.cloudfront.net\/10\/2016\/06\/skoda_berlin2016_1963.jpg'><img loading=\"lazy\" decoding=\"async\" width=\"300\" height=\"200\" src=\"https:\/\/d2p6e6u75xmxt8.cloudfront.net\/10\/2016\/06\/skoda_berlin2016_1963-640x427.jpg\" class=\"attachment-medium size-medium\" alt=\"\" srcset=\"https:\/\/d2p6e6u75xmxt8.cloudfront.net\/10\/2016\/06\/skoda_berlin2016_1963-640x427.jpg 640w, https:\/\/d2p6e6u75xmxt8.cloudfront.net\/10\/2016\/06\/skoda_berlin2016_1963-768x512.jpg 768w, https:\/\/d2p6e6u75xmxt8.cloudfront.net\/10\/2016\/06\/skoda_berlin2016_1963.jpg 1280w, https:\/\/d2p6e6u75xmxt8.cloudfront.net\/10\/2016\/06\/skoda_berlin2016_1963-160x107.jpg 160w\" sizes=\"auto, (max-width: 300px) 100vw, 300px\" \/><\/a>\n\t\t\t<\/div><\/figure><figure class='gallery-item'>\n\t\t\t<div class='gallery-icon landscape'>\n\t\t\t\t<a href='https:\/\/d2p6e6u75xmxt8.cloudfront.net\/10\/2016\/06\/skoda_berlin2016_2008.jpg'><img loading=\"lazy\" decoding=\"async\" width=\"300\" height=\"200\" src=\"https:\/\/d2p6e6u75xmxt8.cloudfront.net\/10\/2016\/06\/skoda_berlin2016_2008-640x427.jpg\" class=\"attachment-medium size-medium\" alt=\"\" srcset=\"https:\/\/d2p6e6u75xmxt8.cloudfront.net\/10\/2016\/06\/skoda_berlin2016_2008-640x427.jpg 640w, https:\/\/d2p6e6u75xmxt8.cloudfront.net\/10\/2016\/06\/skoda_berlin2016_2008-768x512.jpg 768w, https:\/\/d2p6e6u75xmxt8.cloudfront.net\/10\/2016\/06\/skoda_berlin2016_2008.jpg 1280w, https:\/\/d2p6e6u75xmxt8.cloudfront.net\/10\/2016\/06\/skoda_berlin2016_2008-160x107.jpg 160w\" sizes=\"auto, (max-width: 300px) 100vw, 300px\" \/><\/a>\n\t\t\t<\/div><\/figure><figure class='gallery-item'>\n\t\t\t<div class='gallery-icon landscape'>\n\t\t\t\t<a href='https:\/\/d2p6e6u75xmxt8.cloudfront.net\/10\/2016\/06\/skoda_berlin2016_2030.jpg'><img loading=\"lazy\" decoding=\"async\" width=\"300\" height=\"200\" src=\"https:\/\/d2p6e6u75xmxt8.cloudfront.net\/10\/2016\/06\/skoda_berlin2016_2030-640x427.jpg\" class=\"attachment-medium size-medium\" alt=\"\" srcset=\"https:\/\/d2p6e6u75xmxt8.cloudfront.net\/10\/2016\/06\/skoda_berlin2016_2030-640x427.jpg 640w, https:\/\/d2p6e6u75xmxt8.cloudfront.net\/10\/2016\/06\/skoda_berlin2016_2030-768x512.jpg 768w, https:\/\/d2p6e6u75xmxt8.cloudfront.net\/10\/2016\/06\/skoda_berlin2016_2030.jpg 1280w, https:\/\/d2p6e6u75xmxt8.cloudfront.net\/10\/2016\/06\/skoda_berlin2016_2030-160x107.jpg 160w\" sizes=\"auto, (max-width: 300px) 100vw, 300px\" \/><\/a>\n\t\t\t<\/div><\/figure>\n\t\t<\/div>\n\n","protected":false},"excerpt":{"rendered":"<p>Bei bestem Radsportwetter \u2013 18 Grad und strahlendem Sonnenschein \u2013 gingen am vergangenen Wochenende mehr als 500 \u0160koda Radsport Enthusiasten [&hellip;]<\/p>\n","protected":false},"author":59,"featured_media":3299,"comment_status":"closed","ping_status":"closed","sticky":false,"template":"","format":"gallery","meta":{"footnotes":""},"categories":[1],"tags":[],"global-categories":[],"class_list":["post-1980","post","type-post","status-publish","format-gallery","has-post-thumbnail","hentry","category-allgemein","post_format-post-format-gallery"],"yoast_head":"<!-- This site is optimized with the Yoast SEO Premium plugin v25.3 (Yoast SEO v25.9) - https:\/\/yoast.com\/wordpress\/plugins\/seo\/ -->\n<title>Velothon Berlin 2016 - \u0160koda We Love Cycling - Deutschland<\/title>\n<meta name=\"robots\" content=\"index, follow, max-snippet:-1, max-image-preview:large, max-video-preview:-1\" \/>\n<link rel=\"canonical\" href=\"https:\/\/www.welovecycling.com\/de\/2016\/06\/23\/velothon-berlin-2016\/\" \/>\n<meta property=\"og:locale\" content=\"de_DE\" \/>\n<meta property=\"og:type\" content=\"article\" \/>\n<meta property=\"og:title\" content=\"Velothon Berlin 2016\" \/>\n<meta property=\"og:description\" content=\"Bei bestem Radsportwetter \u2013 18 Grad und strahlendem Sonnenschein \u2013 gingen am vergangenen Wochenende mehr als 500 \u0160koda Radsport Enthusiasten [&hellip;]\" \/>\n<meta property=\"og:url\" content=\"https:\/\/www.welovecycling.com\/de\/2016\/06\/23\/velothon-berlin-2016\/\" \/>\n<meta property=\"og:site_name\" content=\"\u0160koda We Love Cycling - Deutschland\" \/>\n<meta property=\"article:published_time\" content=\"2016-06-23T10:59:07+00:00\" \/>\n<meta property=\"article:modified_time\" content=\"2018-02-08T08:53:38+00:00\" \/>\n<meta property=\"og:image\" content=\"https:\/\/d2p6e6u75xmxt8.cloudfront.net\/10\/2016\/06\/skoda_berlin2016_1427-e1468932673639.jpg\" \/>\n\t<meta property=\"og:image:width\" content=\"1500\" \/>\n\t<meta property=\"og:image:height\" content=\"1000\" \/>\n\t<meta property=\"og:image:type\" content=\"image\/jpeg\" \/>\n<meta name=\"author\" content=\"olivernoe\" \/>\n<meta name=\"twitter:card\" content=\"summary_large_image\" \/>\n<meta name=\"twitter:label1\" content=\"Written by\" \/>\n\t<meta name=\"twitter:data1\" content=\"olivernoe\" \/>\n\t<meta name=\"twitter:label2\" content=\"Est. reading time\" \/>\n\t<meta name=\"twitter:data2\" content=\"1 minute\" \/>\n<script type=\"application\/ld+json\" class=\"yoast-schema-graph\">{\"@context\":\"https:\/\/schema.org\",\"@graph\":[{\"@type\":\"WebPage\",\"@id\":\"https:\/\/www.welovecycling.com\/de\/2016\/06\/23\/velothon-berlin-2016\/\",\"url\":\"https:\/\/www.welovecycling.com\/de\/2016\/06\/23\/velothon-berlin-2016\/\",\"name\":\"Velothon Berlin 2016 - \u0160koda We Love Cycling - Deutschland\",\"isPartOf\":{\"@id\":\"https:\/\/www.welovecycling.com\/de\/#website\"},\"primaryImageOfPage\":{\"@id\":\"https:\/\/www.welovecycling.com\/de\/2016\/06\/23\/velothon-berlin-2016\/#primaryimage\"},\"image\":{\"@id\":\"https:\/\/www.welovecycling.com\/de\/2016\/06\/23\/velothon-berlin-2016\/#primaryimage\"},\"thumbnailUrl\":\"https:\/\/d2p6e6u75xmxt8.cloudfront.net\/10\/2016\/06\/skoda_berlin2016_1427-e1468932673639.jpg\",\"datePublished\":\"2016-06-23T10:59:07+00:00\",\"dateModified\":\"2018-02-08T08:53:38+00:00\",\"author\":{\"@id\":\"https:\/\/www.welovecycling.com\/de\/#\/schema\/person\/47c2033931a03788c2dc4515c60a99a7\"},\"breadcrumb\":{\"@id\":\"https:\/\/www.welovecycling.com\/de\/2016\/06\/23\/velothon-berlin-2016\/#breadcrumb\"},\"inLanguage\":\"de-DE\",\"potentialAction\":[{\"@type\":\"ReadAction\",\"target\":[\"https:\/\/www.welovecycling.com\/de\/2016\/06\/23\/velothon-berlin-2016\/\"]}]},{\"@type\":\"ImageObject\",\"inLanguage\":\"de-DE\",\"@id\":\"https:\/\/www.welovecycling.com\/de\/2016\/06\/23\/velothon-berlin-2016\/#primaryimage\",\"url\":\"https:\/\/d2p6e6u75xmxt8.cloudfront.net\/10\/2016\/06\/skoda_berlin2016_1427-e1468932673639.jpg\",\"contentUrl\":\"https:\/\/d2p6e6u75xmxt8.cloudfront.net\/10\/2016\/06\/skoda_berlin2016_1427-e1468932673639.jpg\",\"width\":1500,\"height\":1000,\"caption\":\"Velothon Berlin 2016\"},{\"@type\":\"BreadcrumbList\",\"@id\":\"https:\/\/www.welovecycling.com\/de\/2016\/06\/23\/velothon-berlin-2016\/#breadcrumb\",\"itemListElement\":[{\"@type\":\"ListItem\",\"position\":1,\"name\":\"Home\",\"item\":\"https:\/\/www.welovecycling.com\/de\/\"},{\"@type\":\"ListItem\",\"position\":2,\"name\":\"Velothon Berlin 2016\"}]},{\"@type\":\"WebSite\",\"@id\":\"https:\/\/www.welovecycling.com\/de\/#website\",\"url\":\"https:\/\/www.welovecycling.com\/de\/\",\"name\":\"\u0160koda We Love Cycling - Deutschland\",\"description\":\"Just another \u0160koda WeLoveCycling Sites site\",\"potentialAction\":[{\"@type\":\"SearchAction\",\"target\":{\"@type\":\"EntryPoint\",\"urlTemplate\":\"https:\/\/www.welovecycling.com\/de\/?s={search_term_string}\"},\"query-input\":{\"@type\":\"PropertyValueSpecification\",\"valueRequired\":true,\"valueName\":\"search_term_string\"}}],\"inLanguage\":\"de-DE\"},{\"@type\":\"Person\",\"@id\":\"https:\/\/www.welovecycling.com\/de\/#\/schema\/person\/47c2033931a03788c2dc4515c60a99a7\",\"name\":\"olivernoe\",\"image\":{\"@type\":\"ImageObject\",\"inLanguage\":\"de-DE\",\"@id\":\"https:\/\/www.welovecycling.com\/de\/#\/schema\/person\/image\/\",\"url\":\"https:\/\/secure.gravatar.com\/avatar\/467c85d5cc7a844ff909442d598a686741ba305628f4bdc008c351dceb203496?s=96&d=mm&r=g\",\"contentUrl\":\"https:\/\/secure.gravatar.com\/avatar\/467c85d5cc7a844ff909442d598a686741ba305628f4bdc008c351dceb203496?s=96&d=mm&r=g\",\"caption\":\"olivernoe\"},\"url\":\"https:\/\/www.welovecycling.com\/de\/author\/olivernoe\/\"}]}<\/script>\n<!-- \/ Yoast SEO Premium plugin. -->","yoast_head_json":{"title":"Velothon Berlin 2016 - \u0160koda We Love Cycling - Deutschland","robots":{"index":"index","follow":"follow","max-snippet":"max-snippet:-1","max-image-preview":"max-image-preview:large","max-video-preview":"max-video-preview:-1"},"canonical":"https:\/\/www.welovecycling.com\/de\/2016\/06\/23\/velothon-berlin-2016\/","og_locale":"de_DE","og_type":"article","og_title":"Velothon Berlin 2016","og_description":"Bei bestem Radsportwetter \u2013 18 Grad und strahlendem Sonnenschein \u2013 gingen am vergangenen Wochenende mehr als 500 \u0160koda Radsport Enthusiasten [&hellip;]","og_url":"https:\/\/www.welovecycling.com\/de\/2016\/06\/23\/velothon-berlin-2016\/","og_site_name":"\u0160koda We Love Cycling - Deutschland","article_published_time":"2016-06-23T10:59:07+00:00","article_modified_time":"2018-02-08T08:53:38+00:00","og_image":[{"width":1500,"height":1000,"url":"https:\/\/d2p6e6u75xmxt8.cloudfront.net\/10\/2016\/06\/skoda_berlin2016_1427-e1468932673639.jpg","type":"image\/jpeg"}],"author":"olivernoe","twitter_card":"summary_large_image","twitter_misc":{"Written by":"olivernoe","Est. reading time":"1 minute"},"schema":{"@context":"https:\/\/schema.org","@graph":[{"@type":"WebPage","@id":"https:\/\/www.welovecycling.com\/de\/2016\/06\/23\/velothon-berlin-2016\/","url":"https:\/\/www.welovecycling.com\/de\/2016\/06\/23\/velothon-berlin-2016\/","name":"Velothon Berlin 2016 - \u0160koda We Love Cycling - Deutschland","isPartOf":{"@id":"https:\/\/www.welovecycling.com\/de\/#website"},"primaryImageOfPage":{"@id":"https:\/\/www.welovecycling.com\/de\/2016\/06\/23\/velothon-berlin-2016\/#primaryimage"},"image":{"@id":"https:\/\/www.welovecycling.com\/de\/2016\/06\/23\/velothon-berlin-2016\/#primaryimage"},"thumbnailUrl":"https:\/\/d2p6e6u75xmxt8.cloudfront.net\/10\/2016\/06\/skoda_berlin2016_1427-e1468932673639.jpg","datePublished":"2016-06-23T10:59:07+00:00","dateModified":"2018-02-08T08:53:38+00:00","author":{"@id":"https:\/\/www.welovecycling.com\/de\/#\/schema\/person\/47c2033931a03788c2dc4515c60a99a7"},"breadcrumb":{"@id":"https:\/\/www.welovecycling.com\/de\/2016\/06\/23\/velothon-berlin-2016\/#breadcrumb"},"inLanguage":"de-DE","potentialAction":[{"@type":"ReadAction","target":["https:\/\/www.welovecycling.com\/de\/2016\/06\/23\/velothon-berlin-2016\/"]}]},{"@type":"ImageObject","inLanguage":"de-DE","@id":"https:\/\/www.welovecycling.com\/de\/2016\/06\/23\/velothon-berlin-2016\/#primaryimage","url":"https:\/\/d2p6e6u75xmxt8.cloudfront.net\/10\/2016\/06\/skoda_berlin2016_1427-e1468932673639.jpg","contentUrl":"https:\/\/d2p6e6u75xmxt8.cloudfront.net\/10\/2016\/06\/skoda_berlin2016_1427-e1468932673639.jpg","width":1500,"height":1000,"caption":"Velothon Berlin 2016"},{"@type":"BreadcrumbList","@id":"https:\/\/www.welovecycling.com\/de\/2016\/06\/23\/velothon-berlin-2016\/#breadcrumb","itemListElement":[{"@type":"ListItem","position":1,"name":"Home","item":"https:\/\/www.welovecycling.com\/de\/"},{"@type":"ListItem","position":2,"name":"Velothon Berlin 2016"}]},{"@type":"WebSite","@id":"https:\/\/www.welovecycling.com\/de\/#website","url":"https:\/\/www.welovecycling.com\/de\/","name":"\u0160koda We Love Cycling - Deutschland","description":"Just another \u0160koda WeLoveCycling Sites site","potentialAction":[{"@type":"SearchAction","target":{"@type":"EntryPoint","urlTemplate":"https:\/\/www.welovecycling.com\/de\/?s={search_term_string}"},"query-input":{"@type":"PropertyValueSpecification","valueRequired":true,"valueName":"search_term_string"}}],"inLanguage":"de-DE"},{"@type":"Person","@id":"https:\/\/www.welovecycling.com\/de\/#\/schema\/person\/47c2033931a03788c2dc4515c60a99a7","name":"olivernoe","image":{"@type":"ImageObject","inLanguage":"de-DE","@id":"https:\/\/www.welovecycling.com\/de\/#\/schema\/person\/image\/","url":"https:\/\/secure.gravatar.com\/avatar\/467c85d5cc7a844ff909442d598a686741ba305628f4bdc008c351dceb203496?s=96&d=mm&r=g","contentUrl":"https:\/\/secure.gravatar.com\/avatar\/467c85d5cc7a844ff909442d598a686741ba305628f4bdc008c351dceb203496?s=96&d=mm&r=g","caption":"olivernoe"},"url":"https:\/\/www.welovecycling.com\/de\/author\/olivernoe\/"}]}},"_links":{"self":[{"href":"https:\/\/www.welovecycling.com\/de\/wp-json\/wp\/v2\/posts\/1980","targetHints":{"allow":["GET"]}}],"collection":[{"href":"https:\/\/www.welovecycling.com\/de\/wp-json\/wp\/v2\/posts"}],"about":[{"href":"https:\/\/www.welovecycling.com\/de\/wp-json\/wp\/v2\/types\/post"}],"author":[{"embeddable":true,"href":"https:\/\/www.welovecycling.com\/de\/wp-json\/wp\/v2\/users\/59"}],"replies":[{"embeddable":true,"href":"https:\/\/www.welovecycling.com\/de\/wp-json\/wp\/v2\/comments?post=1980"}],"version-history":[{"count":2,"href":"https:\/\/www.welovecycling.com\/de\/wp-json\/wp\/v2\/posts\/1980\/revisions"}],"predecessor-version":[{"id":6825,"href":"https:\/\/www.welovecycling.com\/de\/wp-json\/wp\/v2\/posts\/1980\/revisions\/6825"}],"wp:featuredmedia":[{"embeddable":true,"href":"https:\/\/www.welovecycling.com\/de\/wp-json\/wp\/v2\/media\/3299"}],"wp:attachment":[{"href":"https:\/\/www.welovecycling.com\/de\/wp-json\/wp\/v2\/media?parent=1980"}],"wp:term":[{"taxonomy":"category","embeddable":true,"href":"https:\/\/www.welovecycling.com\/de\/wp-json\/wp\/v2\/categories?post=1980"},{"taxonomy":"post_tag","embeddable":true,"href":"https:\/\/www.welovecycling.com\/de\/wp-json\/wp\/v2\/tags?post=1980"},{"taxonomy":"global-categories","embeddable":true,"href":"https:\/\/www.welovecycling.com\/de\/wp-json\/wp\/v2\/global-categories?post=1980"}],"curies":[{"name":"wp","href":"https:\/\/api.w.org\/{rel}","templated":true}]}}