{"id":1684,"date":"2016-06-21T12:00:57","date_gmt":"2016-06-21T10:00:57","guid":{"rendered":"http:\/\/skoda-radsport.ys-beta.cz\/?p=1684"},"modified":"2016-12-14T15:44:48","modified_gmt":"2016-12-14T14:44:48","slug":"deutschen-strassenradmeisterschaften-2016-in-erfurt","status":"publish","type":"post","link":"https:\/\/www.welovecycling.com\/de\/2016\/06\/21\/deutschen-strassenradmeisterschaften-2016-in-erfurt\/","title":{"rendered":"\u0160koda erneut bei der Deutschen Stra\u00dfen-Radmeisterschaft am Start"},"content":{"rendered":"<p>Bei der Deutschen Stra\u00dfen-Radmeisterschaft in Erfurt k\u00e4mpfen zahlreiche namhafte Profis um den begehrten Titel. Mit am Start ist \u0160koda als offizieller Hauptsponsor und Fahrzeugpartner des deutschen Spitzenevents.<\/p>\n<p>Am 26. Juni 2016 f\u00e4hrt die deutsche Rennrad-Elite in Erfurt um den Titel in der Deutschen Stra\u00dfen-Radmeisterschaft \u2013 und \u0160koda ist wieder live dabei. Seit zehn Jahren sorgt die Marke gemeinsam mit dem Bund Deutscher Radfahrer f\u00fcr Action auf und abseits der Rennstrecken. Beim Saisonh\u00f6hepunkt des deutschen Radrennsports in der th\u00fcringischen Landeshauptstadt tr\u00e4gt \u0160koda als offizieller Hauptsponsor und Fahrzeugpartner zum reibungslosen Ablauf bei. Insgesamt 18 Fahrzeuge der Marke sorgen daf\u00fcr, dass Juroren und Offizielle bei dem Renngeschehen stets den \u00dcberblick behalten.<\/p>\n<p>Der Startschuss zur Deutschen Stra\u00dfen-Radmeisterschaft erfolgt am 26. Juni vor dem Erfurter \u201eHaus der sozialen Dienste\u201c. Zun\u00e4chst treten um 8.00 Uhr die rund 130 Frauen in die Pedale. Insgesamt sieben Mal \u00fcberqueren die Rennfahrerinnen die Ziellinie des 15,4 Kilometer langen Rundkurses, der durch das Zentrum und den westlichen Teil der th\u00fcringischen Landeshauptstadt f\u00fchrt. Um 11.30 Uhr nehmen dann die knapp 200 angemeldeten M\u00e4nner die doppelte Streckenl\u00e4nge unter die R\u00e4der. Fans d\u00fcrfen sich auf eine hochkar\u00e4tige Besetzung freuen:<\/p>\n<p>So gehen unter anderem die Radprofis <strong>Tony Martin, Marcel Kittel und John Degenkolb<\/strong> an den Start. F\u00fcr alle drei Athleten sind die Meisterschaften in Erfurt ein Heimspiel: Zu Beginn ihrer Profikarriere verdienten sich die heutigen Weltklassefahrer im Th\u00fcringer Energie Team ihre ersten Lorbeeren.<\/p>\n<p>Lesen Sie mehr\u00a0<a href=\"http:\/\/www.rad-dm2016.de\" target=\"_blank\">hier<\/a>.<\/p>\n","protected":false},"excerpt":{"rendered":"<p>Bei der Deutschen Stra\u00dfen-Radmeisterschaft in Erfurt k\u00e4mpfen zahlreiche namhafte Profis um den begehrten Titel. Mit am Start ist \u0160koda als [&hellip;]<\/p>\n","protected":false},"author":59,"featured_media":3300,"comment_status":"closed","ping_status":"closed","sticky":false,"template":"","format":"standard","meta":{"footnotes":""},"categories":[1],"tags":[],"global-categories":[],"class_list":["post-1684","post","type-post","status-publish","format-standard","has-post-thumbnail","hentry","category-allgemein"],"yoast_head":"<!-- This site is optimized with the Yoast SEO Premium plugin v25.3 (Yoast SEO v25.9) - https:\/\/yoast.com\/wordpress\/plugins\/seo\/ -->\n<title>\u0160koda erneut bei der Deutschen Stra\u00dfen-Radmeisterschaft am Start - \u0160koda We Love Cycling - Deutschland<\/title>\n<meta name=\"robots\" content=\"index, follow, max-snippet:-1, max-image-preview:large, max-video-preview:-1\" \/>\n<link rel=\"canonical\" href=\"https:\/\/www.welovecycling.com\/de\/2016\/06\/21\/deutschen-strassenradmeisterschaften-2016-in-erfurt\/\" \/>\n<meta property=\"og:locale\" content=\"de_DE\" \/>\n<meta property=\"og:type\" content=\"article\" \/>\n<meta property=\"og:title\" content=\"\u0160koda erneut bei der Deutschen Stra\u00dfen-Radmeisterschaft am Start\" \/>\n<meta property=\"og:description\" content=\"Bei der Deutschen Stra\u00dfen-Radmeisterschaft in Erfurt k\u00e4mpfen zahlreiche namhafte Profis um den begehrten Titel. Mit am Start ist \u0160koda als [&hellip;]\" \/>\n<meta property=\"og:url\" content=\"https:\/\/www.welovecycling.com\/de\/2016\/06\/21\/deutschen-strassenradmeisterschaften-2016-in-erfurt\/\" \/>\n<meta property=\"og:site_name\" content=\"\u0160koda We Love Cycling - Deutschland\" \/>\n<meta property=\"article:published_time\" content=\"2016-06-21T10:00:57+00:00\" \/>\n<meta property=\"article:modified_time\" content=\"2016-12-14T14:44:48+00:00\" \/>\n<meta property=\"og:image\" content=\"https:\/\/d2p6e6u75xmxt8.cloudfront.net\/10\/2016\/06\/header-akt_58.jpg\" \/>\n\t<meta property=\"og:image:width\" content=\"842\" \/>\n\t<meta property=\"og:image:height\" content=\"368\" \/>\n\t<meta property=\"og:image:type\" content=\"image\/jpeg\" \/>\n<meta name=\"author\" content=\"olivernoe\" \/>\n<meta name=\"twitter:card\" content=\"summary_large_image\" \/>\n<meta name=\"twitter:label1\" content=\"Written by\" \/>\n\t<meta name=\"twitter:data1\" content=\"olivernoe\" \/>\n\t<meta name=\"twitter:label2\" content=\"Est. reading time\" \/>\n\t<meta name=\"twitter:data2\" content=\"1 minute\" \/>\n<script type=\"application\/ld+json\" class=\"yoast-schema-graph\">{\"@context\":\"https:\/\/schema.org\",\"@graph\":[{\"@type\":\"WebPage\",\"@id\":\"https:\/\/www.welovecycling.com\/de\/2016\/06\/21\/deutschen-strassenradmeisterschaften-2016-in-erfurt\/\",\"url\":\"https:\/\/www.welovecycling.com\/de\/2016\/06\/21\/deutschen-strassenradmeisterschaften-2016-in-erfurt\/\",\"name\":\"\u0160koda erneut bei der Deutschen Stra\u00dfen-Radmeisterschaft am Start - \u0160koda We Love Cycling - Deutschland\",\"isPartOf\":{\"@id\":\"https:\/\/www.welovecycling.com\/de\/#website\"},\"primaryImageOfPage\":{\"@id\":\"https:\/\/www.welovecycling.com\/de\/2016\/06\/21\/deutschen-strassenradmeisterschaften-2016-in-erfurt\/#primaryimage\"},\"image\":{\"@id\":\"https:\/\/www.welovecycling.com\/de\/2016\/06\/21\/deutschen-strassenradmeisterschaften-2016-in-erfurt\/#primaryimage\"},\"thumbnailUrl\":\"https:\/\/d2p6e6u75xmxt8.cloudfront.net\/10\/2016\/06\/header-akt_58.jpg\",\"datePublished\":\"2016-06-21T10:00:57+00:00\",\"dateModified\":\"2016-12-14T14:44:48+00:00\",\"author\":{\"@id\":\"https:\/\/www.welovecycling.com\/de\/#\/schema\/person\/47c2033931a03788c2dc4515c60a99a7\"},\"breadcrumb\":{\"@id\":\"https:\/\/www.welovecycling.com\/de\/2016\/06\/21\/deutschen-strassenradmeisterschaften-2016-in-erfurt\/#breadcrumb\"},\"inLanguage\":\"de-DE\",\"potentialAction\":[{\"@type\":\"ReadAction\",\"target\":[\"https:\/\/www.welovecycling.com\/de\/2016\/06\/21\/deutschen-strassenradmeisterschaften-2016-in-erfurt\/\"]}]},{\"@type\":\"ImageObject\",\"inLanguage\":\"de-DE\",\"@id\":\"https:\/\/www.welovecycling.com\/de\/2016\/06\/21\/deutschen-strassenradmeisterschaften-2016-in-erfurt\/#primaryimage\",\"url\":\"https:\/\/d2p6e6u75xmxt8.cloudfront.net\/10\/2016\/06\/header-akt_58.jpg\",\"contentUrl\":\"https:\/\/d2p6e6u75xmxt8.cloudfront.net\/10\/2016\/06\/header-akt_58.jpg\",\"width\":842,\"height\":368,\"caption\":\"\u0160koda erneut bei der Deutschen Stra\u00dfen-Radmeisterschaft am Start\"},{\"@type\":\"BreadcrumbList\",\"@id\":\"https:\/\/www.welovecycling.com\/de\/2016\/06\/21\/deutschen-strassenradmeisterschaften-2016-in-erfurt\/#breadcrumb\",\"itemListElement\":[{\"@type\":\"ListItem\",\"position\":1,\"name\":\"Home\",\"item\":\"https:\/\/www.welovecycling.com\/de\/\"},{\"@type\":\"ListItem\",\"position\":2,\"name\":\"\u0160koda erneut bei der Deutschen Stra\u00dfen-Radmeisterschaft am Start\"}]},{\"@type\":\"WebSite\",\"@id\":\"https:\/\/www.welovecycling.com\/de\/#website\",\"url\":\"https:\/\/www.welovecycling.com\/de\/\",\"name\":\"\u0160koda We Love Cycling - Deutschland\",\"description\":\"Just another \u0160koda WeLoveCycling Sites site\",\"potentialAction\":[{\"@type\":\"SearchAction\",\"target\":{\"@type\":\"EntryPoint\",\"urlTemplate\":\"https:\/\/www.welovecycling.com\/de\/?s={search_term_string}\"},\"query-input\":{\"@type\":\"PropertyValueSpecification\",\"valueRequired\":true,\"valueName\":\"search_term_string\"}}],\"inLanguage\":\"de-DE\"},{\"@type\":\"Person\",\"@id\":\"https:\/\/www.welovecycling.com\/de\/#\/schema\/person\/47c2033931a03788c2dc4515c60a99a7\",\"name\":\"olivernoe\",\"image\":{\"@type\":\"ImageObject\",\"inLanguage\":\"de-DE\",\"@id\":\"https:\/\/www.welovecycling.com\/de\/#\/schema\/person\/image\/\",\"url\":\"https:\/\/secure.gravatar.com\/avatar\/467c85d5cc7a844ff909442d598a686741ba305628f4bdc008c351dceb203496?s=96&d=mm&r=g\",\"contentUrl\":\"https:\/\/secure.gravatar.com\/avatar\/467c85d5cc7a844ff909442d598a686741ba305628f4bdc008c351dceb203496?s=96&d=mm&r=g\",\"caption\":\"olivernoe\"},\"url\":\"https:\/\/www.welovecycling.com\/de\/author\/olivernoe\/\"}]}<\/script>\n<!-- \/ Yoast SEO Premium plugin. -->","yoast_head_json":{"title":"\u0160koda erneut bei der Deutschen Stra\u00dfen-Radmeisterschaft am Start - \u0160koda We Love Cycling - Deutschland","robots":{"index":"index","follow":"follow","max-snippet":"max-snippet:-1","max-image-preview":"max-image-preview:large","max-video-preview":"max-video-preview:-1"},"canonical":"https:\/\/www.welovecycling.com\/de\/2016\/06\/21\/deutschen-strassenradmeisterschaften-2016-in-erfurt\/","og_locale":"de_DE","og_type":"article","og_title":"\u0160koda erneut bei der Deutschen Stra\u00dfen-Radmeisterschaft am Start","og_description":"Bei der Deutschen Stra\u00dfen-Radmeisterschaft in Erfurt k\u00e4mpfen zahlreiche namhafte Profis um den begehrten Titel. Mit am Start ist \u0160koda als [&hellip;]","og_url":"https:\/\/www.welovecycling.com\/de\/2016\/06\/21\/deutschen-strassenradmeisterschaften-2016-in-erfurt\/","og_site_name":"\u0160koda We Love Cycling - Deutschland","article_published_time":"2016-06-21T10:00:57+00:00","article_modified_time":"2016-12-14T14:44:48+00:00","og_image":[{"width":842,"height":368,"url":"https:\/\/d2p6e6u75xmxt8.cloudfront.net\/10\/2016\/06\/header-akt_58.jpg","type":"image\/jpeg"}],"author":"olivernoe","twitter_card":"summary_large_image","twitter_misc":{"Written by":"olivernoe","Est. reading time":"1 minute"},"schema":{"@context":"https:\/\/schema.org","@graph":[{"@type":"WebPage","@id":"https:\/\/www.welovecycling.com\/de\/2016\/06\/21\/deutschen-strassenradmeisterschaften-2016-in-erfurt\/","url":"https:\/\/www.welovecycling.com\/de\/2016\/06\/21\/deutschen-strassenradmeisterschaften-2016-in-erfurt\/","name":"\u0160koda erneut bei der Deutschen Stra\u00dfen-Radmeisterschaft am Start - \u0160koda We Love Cycling - Deutschland","isPartOf":{"@id":"https:\/\/www.welovecycling.com\/de\/#website"},"primaryImageOfPage":{"@id":"https:\/\/www.welovecycling.com\/de\/2016\/06\/21\/deutschen-strassenradmeisterschaften-2016-in-erfurt\/#primaryimage"},"image":{"@id":"https:\/\/www.welovecycling.com\/de\/2016\/06\/21\/deutschen-strassenradmeisterschaften-2016-in-erfurt\/#primaryimage"},"thumbnailUrl":"https:\/\/d2p6e6u75xmxt8.cloudfront.net\/10\/2016\/06\/header-akt_58.jpg","datePublished":"2016-06-21T10:00:57+00:00","dateModified":"2016-12-14T14:44:48+00:00","author":{"@id":"https:\/\/www.welovecycling.com\/de\/#\/schema\/person\/47c2033931a03788c2dc4515c60a99a7"},"breadcrumb":{"@id":"https:\/\/www.welovecycling.com\/de\/2016\/06\/21\/deutschen-strassenradmeisterschaften-2016-in-erfurt\/#breadcrumb"},"inLanguage":"de-DE","potentialAction":[{"@type":"ReadAction","target":["https:\/\/www.welovecycling.com\/de\/2016\/06\/21\/deutschen-strassenradmeisterschaften-2016-in-erfurt\/"]}]},{"@type":"ImageObject","inLanguage":"de-DE","@id":"https:\/\/www.welovecycling.com\/de\/2016\/06\/21\/deutschen-strassenradmeisterschaften-2016-in-erfurt\/#primaryimage","url":"https:\/\/d2p6e6u75xmxt8.cloudfront.net\/10\/2016\/06\/header-akt_58.jpg","contentUrl":"https:\/\/d2p6e6u75xmxt8.cloudfront.net\/10\/2016\/06\/header-akt_58.jpg","width":842,"height":368,"caption":"\u0160koda erneut bei der Deutschen Stra\u00dfen-Radmeisterschaft am Start"},{"@type":"BreadcrumbList","@id":"https:\/\/www.welovecycling.com\/de\/2016\/06\/21\/deutschen-strassenradmeisterschaften-2016-in-erfurt\/#breadcrumb","itemListElement":[{"@type":"ListItem","position":1,"name":"Home","item":"https:\/\/www.welovecycling.com\/de\/"},{"@type":"ListItem","position":2,"name":"\u0160koda erneut bei der Deutschen Stra\u00dfen-Radmeisterschaft am Start"}]},{"@type":"WebSite","@id":"https:\/\/www.welovecycling.com\/de\/#website","url":"https:\/\/www.welovecycling.com\/de\/","name":"\u0160koda We Love Cycling - Deutschland","description":"Just another \u0160koda WeLoveCycling Sites site","potentialAction":[{"@type":"SearchAction","target":{"@type":"EntryPoint","urlTemplate":"https:\/\/www.welovecycling.com\/de\/?s={search_term_string}"},"query-input":{"@type":"PropertyValueSpecification","valueRequired":true,"valueName":"search_term_string"}}],"inLanguage":"de-DE"},{"@type":"Person","@id":"https:\/\/www.welovecycling.com\/de\/#\/schema\/person\/47c2033931a03788c2dc4515c60a99a7","name":"olivernoe","image":{"@type":"ImageObject","inLanguage":"de-DE","@id":"https:\/\/www.welovecycling.com\/de\/#\/schema\/person\/image\/","url":"https:\/\/secure.gravatar.com\/avatar\/467c85d5cc7a844ff909442d598a686741ba305628f4bdc008c351dceb203496?s=96&d=mm&r=g","contentUrl":"https:\/\/secure.gravatar.com\/avatar\/467c85d5cc7a844ff909442d598a686741ba305628f4bdc008c351dceb203496?s=96&d=mm&r=g","caption":"olivernoe"},"url":"https:\/\/www.welovecycling.com\/de\/author\/olivernoe\/"}]}},"_links":{"self":[{"href":"https:\/\/www.welovecycling.com\/de\/wp-json\/wp\/v2\/posts\/1684","targetHints":{"allow":["GET"]}}],"collection":[{"href":"https:\/\/www.welovecycling.com\/de\/wp-json\/wp\/v2\/posts"}],"about":[{"href":"https:\/\/www.welovecycling.com\/de\/wp-json\/wp\/v2\/types\/post"}],"author":[{"embeddable":true,"href":"https:\/\/www.welovecycling.com\/de\/wp-json\/wp\/v2\/users\/59"}],"replies":[{"embeddable":true,"href":"https:\/\/www.welovecycling.com\/de\/wp-json\/wp\/v2\/comments?post=1684"}],"version-history":[{"count":2,"href":"https:\/\/www.welovecycling.com\/de\/wp-json\/wp\/v2\/posts\/1684\/revisions"}],"predecessor-version":[{"id":3275,"href":"https:\/\/www.welovecycling.com\/de\/wp-json\/wp\/v2\/posts\/1684\/revisions\/3275"}],"wp:featuredmedia":[{"embeddable":true,"href":"https:\/\/www.welovecycling.com\/de\/wp-json\/wp\/v2\/media\/3300"}],"wp:attachment":[{"href":"https:\/\/www.welovecycling.com\/de\/wp-json\/wp\/v2\/media?parent=1684"}],"wp:term":[{"taxonomy":"category","embeddable":true,"href":"https:\/\/www.welovecycling.com\/de\/wp-json\/wp\/v2\/categories?post=1684"},{"taxonomy":"post_tag","embeddable":true,"href":"https:\/\/www.welovecycling.com\/de\/wp-json\/wp\/v2\/tags?post=1684"},{"taxonomy":"global-categories","embeddable":true,"href":"https:\/\/www.welovecycling.com\/de\/wp-json\/wp\/v2\/global-categories?post=1684"}],"curies":[{"name":"wp","href":"https:\/\/api.w.org\/{rel}","templated":true}]}}