{"id":12311,"date":"2026-04-22T07:55:00","date_gmt":"2026-04-22T06:55:00","guid":{"rendered":"https:\/\/www.welovecycling.com\/de\/?p=12311"},"modified":"2026-04-27T08:17:17","modified_gmt":"2026-04-27T07:17:17","slug":"so-wird-radfahren-teil-deines-alltags","status":"publish","type":"post","link":"https:\/\/www.welovecycling.com\/de\/2026\/04\/22\/so-wird-radfahren-teil-deines-alltags\/","title":{"rendered":"So wird Radfahren Teil deines Alltags"},"content":{"rendered":"<p data-start=\"0\" data-end=\"228\"><strong>Die meisten Menschen, die Fahrrad fahren, behandeln Radfahren wie ein Event. Etwas, das geplant werden muss: gutes Wetter, ein freier Kalender, saubere Kleidung, geladene Ger\u00e4te \u2013 und das vage Gef\u00fchl, dass es sich \u201elohnen\u201c muss.<\/strong><\/p>\n<p data-start=\"230\" data-end=\"262\">Radsportler*innen tun das nicht.<\/p>\n<p data-start=\"264\" data-end=\"408\">Sie behandeln das Radfahren wie Spazierengehen, Tee kochen oder Z\u00e4hneputzen. Nichts Besonderes. Nichts Dramatisches. Einfach ein Teil des Tages.<\/p>\n<p data-start=\"410\" data-end=\"642\">Der Unterschied zwischen jemandem, der Fahrrad f\u00e4hrt, und echten Radsportler*innen liegt nicht in Fitness, Tempo oder Kilometern. Es ist ein Identit\u00e4tswechsel. Und sobald dieser stattfindet, h\u00f6rt Konsistenz auf, ein Problem zu sein.<\/p>\n<hr data-start=\"644\" data-end=\"647\" \/>\n<h2 data-section-id=\"1bsigm3\" data-start=\"649\" data-end=\"696\"><strong>TL;DR: So wird Radfahren Teil deines Alltags<\/strong><\/h2>\n<p data-start=\"698\" data-end=\"1169\">Wenn du Radfahren in deinen Alltag integrieren willst, h\u00f6r auf, jede Fahrt als Training zu sehen. Betrachte sie stattdessen als Fortbewegung, Routine oder mentalen Reset. Kurze Fahrten von 10\u201330 Minuten z\u00e4hlen genauso, normale Kleidung reicht oft aus \u2013 und Regelm\u00e4\u00dfigkeit ist wichtiger als Distanz. Der entscheidende Punkt ist deine Einstellung: Radsportler*innen warten nicht auf perfekte Bedingungen, sie bauen das Radfahren ganz selbstverst\u00e4ndlich in ihren Alltag ein.<\/p>\n<p data-start=\"1171\" data-end=\"1211\"><em data-start=\"1171\" data-end=\"1211\">(Keine Sorge, Google. Gern geschehen.)<\/em><\/p>\n<hr data-start=\"1213\" data-end=\"1216\" \/>\n<h2 data-section-id=\"iq9438\" data-start=\"1218\" data-end=\"1286\"><strong>Der echte Unterschied: Radsportler*in vs. \u201ejemand, der Rad f\u00e4hrt\u201c<\/strong><\/h2>\n<p data-start=\"1288\" data-end=\"1501\">Menschen, die nur gelegentlich Rad fahren, verhandeln st\u00e4ndig mit sich selbst:<br data-start=\"1366\" data-end=\"1369\" \/>Habe ich genug Zeit f\u00fcr eine richtige Ausfahrt? Lohnt es sich \u00fcberhaupt, mich umzuziehen? Z\u00e4hlt das \u00fcberhaupt, wenn es nur kurz ist?<\/p>\n<p data-start=\"1503\" data-end=\"1607\">Radsportler*innen stellen sich eine viel einfachere Frage:<br data-start=\"1561\" data-end=\"1564\" \/><strong data-start=\"1564\" data-end=\"1607\">Kann ich das mit dem Fahrrad erledigen?<\/strong><\/p>\n<p data-start=\"1609\" data-end=\"1742\">Diese eine Frage reduziert Reibung. Sie macht Radfahren von einer geplanten Aktivit\u00e4t zur Standardoption. Und Standards sind m\u00e4chtig.<\/p>\n<p data-start=\"1744\" data-end=\"1864\">Radsportler*innen verlassen sich nicht auf Motivation. Sie sorgen daf\u00fcr, dass Radfahren die einfachste Entscheidung ist.<\/p>\n<hr data-start=\"1866\" data-end=\"1869\" \/>\n<h2 data-section-id=\"ekfci0\" data-start=\"1871\" data-end=\"1925\"><strong>Fahrten neu denken: Kein Training, sondern Bewegung<\/strong><\/h2>\n<p data-start=\"1927\" data-end=\"2082\">Wenn jede Fahrt wie ein strukturiertes Training wirken muss, finden die meisten Fahrten gar nicht erst statt. Training bedeutet Plan, Anstrengung und Ziel.<\/p>\n<p data-start=\"2084\" data-end=\"2160\">Alltagsradfahren funktioniert besser, wenn du es als <strong data-start=\"2137\" data-end=\"2149\">Bewegung<\/strong> begreifst.<\/p>\n<p data-start=\"2162\" data-end=\"2342\">Manchmal ist Radfahren einfach Transport: zur Arbeit, zur Schule, zum Supermarkt oder zum Treffen mit Freund*innen. Das Ziel ist nicht Fitness \u2013 aber Bewegung passiert automatisch.<\/p>\n<p data-start=\"2344\" data-end=\"2546\">Manchmal ist es ein mentaler Ausgleich: eine kurze Runde vor dem Abendessen, eine entspannte Schleife, um den Kopf freizubekommen, oder zehn ruhige Minuten ohne konkretes Ziel. Ganz ohne Leistungsdaten.<\/p>\n<p data-start=\"2344\" data-end=\"2546\"><a href=\"https:\/\/d2p6e6u75xmxt8.cloudfront.net\/10\/2026\/04\/Cyclist-Training.webp\"><img loading=\"lazy\" decoding=\"async\" class=\"alignnone size-full wp-image-12313\" src=\"https:\/\/d2p6e6u75xmxt8.cloudfront.net\/10\/2026\/04\/Cyclist-Training.webp\" alt=\"\" width=\"990\" height=\"660\" srcset=\"https:\/\/d2p6e6u75xmxt8.cloudfront.net\/10\/2026\/04\/Cyclist-Training.webp 990w, https:\/\/d2p6e6u75xmxt8.cloudfront.net\/10\/2026\/04\/Cyclist-Training-300x200.webp 300w, https:\/\/d2p6e6u75xmxt8.cloudfront.net\/10\/2026\/04\/Cyclist-Training-768x512.webp 768w, https:\/\/d2p6e6u75xmxt8.cloudfront.net\/10\/2026\/04\/Cyclist-Training-400x267.webp 400w, https:\/\/d2p6e6u75xmxt8.cloudfront.net\/10\/2026\/04\/Cyclist-Training-272x182.webp 272w\" sizes=\"auto, (max-width: 990px) 100vw, 990px\" \/><\/a><\/p>\n<p data-start=\"2548\" data-end=\"2715\">Manchmal ist es Routine: die gleiche Strecke, zur gleichen Zeit, mit den gleichen Erwartungen. Nicht glamour\u00f6s \u2013 aber genau das macht Radfahren langfristig nachhaltig.<\/p>\n<p data-start=\"2717\" data-end=\"2825\">Sobald du nicht mehr das Gef\u00fchl hast, jede Fahrt rechtfertigen zu m\u00fcssen, wirst du automatisch \u00f6fter fahren.<\/p>\n<hr data-start=\"2827\" data-end=\"2830\" \/>\n<h2 data-section-id=\"8p08g1\" data-start=\"2832\" data-end=\"2879\"><strong>Kleidung: Du brauchst nicht immer dein \u201eKit\u201c<\/strong><\/h2>\n<p data-start=\"2881\" data-end=\"3079\">Eine der gr\u00f6\u00dften unsichtbaren H\u00fcrden im Alltag ist der Gedanke, dass Radfahren immer komplette Radsportbekleidung erfordert: Bib Shorts, spezielle Schuhe, mehrere Lagen Trikots \u2013 plus W\u00e4sche danach.<\/p>\n<p data-start=\"3081\" data-end=\"3207\">F\u00fcr viele Alltagsfahrten reicht ganz normale Kleidung v\u00f6llig aus. Sneaker funktionieren. Deine Alltagsjacke funktioniert auch.<\/p>\n<p data-start=\"3209\" data-end=\"3287\">Je weniger Vorbereitung n\u00f6tig ist, desto wahrscheinlicher steigst du aufs Rad.<\/p>\n<p data-start=\"3289\" data-end=\"3481\">Menschen, die h\u00e4ufig fahren, sehen oft gar nicht wie typische Radsportler*innen aus. Sie sehen aus wie Leute, die einfach mit dem Fahrrad angekommen sind \u2013 weil es die praktischste Option war.<\/p>\n<p data-start=\"3483\" data-end=\"3615\">Heb dir dein komplettes Kit f\u00fcr Fahrten auf, bei denen es wirklich Komfort oder Performance bringt. Mach es nicht zur Voraussetzung.<\/p>\n<hr data-start=\"3617\" data-end=\"3620\" \/>\n<h2 data-section-id=\"4qr5ui\" data-start=\"3622\" data-end=\"3650\"><strong>Kurze Fahrten z\u00e4hlen auch<\/strong><\/h2>\n<p data-start=\"3652\" data-end=\"3706\">Das muss klar gesagt werden: <strong data-start=\"3681\" data-end=\"3706\">Kurze Fahrten z\u00e4hlen.<\/strong><\/p>\n<p data-start=\"3708\" data-end=\"3784\">Zehn Minuten z\u00e4hlen. F\u00fcnfzehn Minuten z\u00e4hlen. Eine Runde um den Block z\u00e4hlt.<\/p>\n<p data-start=\"3786\" data-end=\"4003\">Kurze Fahrten st\u00e4rken Gewohnheiten, halten dich in Bewegung und sorgen daf\u00fcr, dass Radfahren mental pr\u00e4sent bleibt. Sie reduzieren die \u201eH\u00fcrde\u201c, wieder aufs Rad zu steigen \u2013 und das ist oft wichtiger als reine Fitness.<\/p>\n<p data-start=\"4005\" data-end=\"4162\">Konsistenz entsteht in Minuten, nicht nur in Kilometern. Radsportler*innen sammeln Bewegung leise, Tag f\u00fcr Tag \u2013 ohne auf das perfekte Zeitfenster zu warten.<\/p>\n<hr data-start=\"4164\" data-end=\"4167\" \/>\n<h2 data-section-id=\"11epy2w\" data-start=\"4169\" data-end=\"4219\"><strong>Baue die Identit\u00e4t auf, nicht den Trainingsplan<\/strong><\/h2>\n<p data-start=\"4221\" data-end=\"4350\">Zu versuchen, Radfahren \u201eirgendwie unterzubringen\u201c, scheitert oft. Der Alltag passt sich immer an \u2013 nur selten zu deinen Gunsten.<\/p>\n<p data-start=\"4352\" data-end=\"4438\">Statt zu fragen, wann du trainierst, frag dich:<br data-start=\"4399\" data-end=\"4402\" \/><strong data-start=\"4402\" data-end=\"4438\">Wo passt das Fahrrad heute rein?<\/strong><\/p>\n<p data-start=\"4440\" data-end=\"4550\">Ersetze eine Autofahrt, w\u00e4hle das Rad als Standard oder f\u00fcge eine kleine Schleife hinzu. Oft reicht das schon.<\/p>\n<p data-start=\"4552\" data-end=\"4611\">Sobald Radfahren normal wird, kommt die Fitness von selbst.<\/p>\n<hr data-start=\"4613\" data-end=\"4616\" \/>\n<h2 data-section-id=\"izp815\" data-start=\"4618\" data-end=\"4665\"><strong>H\u00f6r auf, auf die perfekte Ausfahrt zu warten<\/strong><\/h2>\n<p data-start=\"4667\" data-end=\"4789\">Radfahren wird nicht Teil deines Lebens, weil du mehr f\u00e4hrst.<br data-start=\"4728\" data-end=\"4731\" \/>Du f\u00e4hrst mehr, weil Radfahren Teil deiner Identit\u00e4t wird.<\/p>\n<p data-start=\"4791\" data-end=\"4852\">Fang an, das Fahrrad in ganz gew\u00f6hnlichen Momenten zu w\u00e4hlen.<\/p>\n<p data-start=\"4854\" data-end=\"4895\">So werden aus Menschen Radsportler*innen.<\/p>\n<hr data-start=\"4897\" data-end=\"4900\" \/>\n<h2 data-section-id=\"1xvwnkw\" data-start=\"4902\" data-end=\"4909\"><strong>FAQs<\/strong><\/h2>\n<p data-start=\"4911\" data-end=\"5120\"><strong data-start=\"4911\" data-end=\"4963\">Machen kurze Fahrten wirklich einen Unterschied?<\/strong><br data-start=\"4963\" data-end=\"4966\" \/>Ja. Sie bauen Gewohnheiten auf, erhalten deine Grundfitness und machen Radfahren niedrigschwellig. Oft f\u00fchren sie ganz automatisch zu l\u00e4ngeren Ausfahrten.<\/p>\n<p data-start=\"5122\" data-end=\"5294\"><strong data-start=\"5122\" data-end=\"5171\">Muss ich jedes Mal Radsportbekleidung tragen?<\/strong><br data-start=\"5171\" data-end=\"5174\" \/>Nein. F\u00fcr kurze, entspannte Fahrten reicht normale Kleidung v\u00f6llig aus. Weniger Aufwand bedeutet: mehr Zeit auf dem Rad.<\/p>\n<p data-start=\"5296\" data-end=\"5492\"><strong data-start=\"5296\" data-end=\"5350\">Ist Radfahren als Fortbewegung \u201eechtes\u201c Radfahren?<\/strong><br data-start=\"5350\" data-end=\"5353\" \/>Absolut. Gerade Alltagsfahrten erh\u00f6hen die Frequenz und verankern das Radfahren in deinem Leben \u2013 wichtiger als gelegentliche lange Touren.<\/p>\n<p data-start=\"5494\" data-end=\"5716\"><strong data-start=\"5494\" data-end=\"5568\">Wie oft sollte ich fahren, um mich wie ein<em data-start=\"5538\" data-end=\"5553\">e Radsportler<\/em>in zu f\u00fchlen?<\/strong><br data-start=\"5568\" data-end=\"5571\" \/>Es gibt keine feste Zahl. Viele sp\u00fcren den Unterschied, sobald das Fahrrad mehrmals pro Woche zur Standardoption wird \u2013 auch bei kurzen Strecken.<\/p>\n","protected":false},"excerpt":{"rendered":"<p>Die meisten Menschen, die Fahrrad fahren, behandeln Radfahren wie ein Event. Etwas, das geplant werden muss: gutes Wetter, ein freier [&hellip;]<\/p>\n","protected":false},"author":115,"featured_media":12312,"comment_status":"open","ping_status":"open","sticky":false,"template":"","format":"standard","meta":{"footnotes":""},"categories":[122],"tags":[],"global-categories":[19],"class_list":["post-12311","post","type-post","status-publish","format-standard","has-post-thumbnail","hentry","category-gesundheit-training","global-categories-cycling"],"yoast_head":"<!-- This site is optimized with the Yoast SEO Premium plugin v25.3 (Yoast SEO v25.9) - https:\/\/yoast.com\/wordpress\/plugins\/seo\/ -->\n<title>So wird Radfahren Teil deines Alltags - \u0160koda We Love Cycling - Deutschland<\/title>\n<meta name=\"description\" content=\"So wird Radfahren Teil deines Alltags: Mit einfachen Routinen, kurzen Fahrten &amp; der richtigen Einstellung wirst du ganz nat\u00fcrlich zum Radsportlerin.\" \/>\n<meta name=\"robots\" content=\"index, follow, max-snippet:-1, max-image-preview:large, max-video-preview:-1\" \/>\n<link rel=\"canonical\" href=\"https:\/\/www.welovecycling.com\/de\/2026\/04\/22\/so-wird-radfahren-teil-deines-alltags\/\" \/>\n<meta property=\"og:locale\" content=\"de_DE\" \/>\n<meta property=\"og:type\" content=\"article\" \/>\n<meta property=\"og:title\" content=\"So wird Radfahren Teil deines Alltags\" \/>\n<meta property=\"og:description\" content=\"So wird Radfahren Teil deines Alltags: Mit einfachen Routinen, kurzen Fahrten &amp; der richtigen Einstellung wirst du ganz nat\u00fcrlich zum Radsportlerin.\" \/>\n<meta property=\"og:url\" content=\"https:\/\/www.welovecycling.com\/de\/2026\/04\/22\/so-wird-radfahren-teil-deines-alltags\/\" \/>\n<meta property=\"og:site_name\" content=\"\u0160koda We Love Cycling - Deutschland\" \/>\n<meta property=\"article:published_time\" content=\"2026-04-22T06:55:00+00:00\" \/>\n<meta property=\"article:modified_time\" content=\"2026-04-27T07:17:17+00:00\" \/>\n<meta property=\"og:image\" content=\"https:\/\/d2p6e6u75xmxt8.cloudfront.net\/10\/2026\/04\/Munster-City-Urban-Cycling-Women.webp\" \/>\n\t<meta property=\"og:image:width\" content=\"990\" \/>\n\t<meta property=\"og:image:height\" content=\"660\" \/>\n\t<meta property=\"og:image:type\" content=\"image\/webp\" \/>\n<meta name=\"author\" content=\"jbraeker\" \/>\n<meta name=\"twitter:card\" content=\"summary_large_image\" \/>\n<meta name=\"twitter:label1\" content=\"Written by\" \/>\n\t<meta name=\"twitter:data1\" content=\"Monica Buck\" \/>\n\t<meta name=\"twitter:label2\" content=\"Est. reading time\" \/>\n\t<meta name=\"twitter:data2\" content=\"2\" \/>\n<script type=\"application\/ld+json\" class=\"yoast-schema-graph\">{\"@context\":\"https:\/\/schema.org\",\"@graph\":[{\"@type\":\"WebPage\",\"@id\":\"https:\/\/www.welovecycling.com\/de\/2026\/04\/22\/so-wird-radfahren-teil-deines-alltags\/\",\"url\":\"https:\/\/www.welovecycling.com\/de\/2026\/04\/22\/so-wird-radfahren-teil-deines-alltags\/\",\"name\":\"So wird Radfahren Teil deines Alltags - \u0160koda We Love Cycling - Deutschland\",\"isPartOf\":{\"@id\":\"https:\/\/www.welovecycling.com\/de\/#website\"},\"primaryImageOfPage\":{\"@id\":\"https:\/\/www.welovecycling.com\/de\/2026\/04\/22\/so-wird-radfahren-teil-deines-alltags\/#primaryimage\"},\"image\":{\"@id\":\"https:\/\/www.welovecycling.com\/de\/2026\/04\/22\/so-wird-radfahren-teil-deines-alltags\/#primaryimage\"},\"thumbnailUrl\":\"https:\/\/d2p6e6u75xmxt8.cloudfront.net\/10\/2026\/04\/Munster-City-Urban-Cycling-Women.webp\",\"datePublished\":\"2026-04-22T06:55:00+00:00\",\"dateModified\":\"2026-04-27T07:17:17+00:00\",\"author\":{\"@id\":\"https:\/\/www.welovecycling.com\/de\/#\/schema\/person\/915694b3c8d0de9019932587781ba6b3\"},\"description\":\"So wird Radfahren Teil deines Alltags: Mit einfachen Routinen, kurzen Fahrten & der richtigen Einstellung wirst du ganz nat\u00fcrlich zum Radsportlerin.\",\"breadcrumb\":{\"@id\":\"https:\/\/www.welovecycling.com\/de\/2026\/04\/22\/so-wird-radfahren-teil-deines-alltags\/#breadcrumb\"},\"inLanguage\":\"de-DE\",\"potentialAction\":[{\"@type\":\"ReadAction\",\"target\":[\"https:\/\/www.welovecycling.com\/de\/2026\/04\/22\/so-wird-radfahren-teil-deines-alltags\/\"]}]},{\"@type\":\"ImageObject\",\"inLanguage\":\"de-DE\",\"@id\":\"https:\/\/www.welovecycling.com\/de\/2026\/04\/22\/so-wird-radfahren-teil-deines-alltags\/#primaryimage\",\"url\":\"https:\/\/d2p6e6u75xmxt8.cloudfront.net\/10\/2026\/04\/Munster-City-Urban-Cycling-Women.webp\",\"contentUrl\":\"https:\/\/d2p6e6u75xmxt8.cloudfront.net\/10\/2026\/04\/Munster-City-Urban-Cycling-Women.webp\",\"width\":990,\"height\":660},{\"@type\":\"BreadcrumbList\",\"@id\":\"https:\/\/www.welovecycling.com\/de\/2026\/04\/22\/so-wird-radfahren-teil-deines-alltags\/#breadcrumb\",\"itemListElement\":[{\"@type\":\"ListItem\",\"position\":1,\"name\":\"Home\",\"item\":\"https:\/\/www.welovecycling.com\/de\/\"},{\"@type\":\"ListItem\",\"position\":2,\"name\":\"So wird Radfahren Teil deines Alltags\"}]},{\"@type\":\"WebSite\",\"@id\":\"https:\/\/www.welovecycling.com\/de\/#website\",\"url\":\"https:\/\/www.welovecycling.com\/de\/\",\"name\":\"\u0160koda We Love Cycling - Deutschland\",\"description\":\"Just another \u0160koda WeLoveCycling Sites site\",\"potentialAction\":[{\"@type\":\"SearchAction\",\"target\":{\"@type\":\"EntryPoint\",\"urlTemplate\":\"https:\/\/www.welovecycling.com\/de\/?s={search_term_string}\"},\"query-input\":{\"@type\":\"PropertyValueSpecification\",\"valueRequired\":true,\"valueName\":\"search_term_string\"}}],\"inLanguage\":\"de-DE\"},{\"@type\":\"Person\",\"@id\":\"https:\/\/www.welovecycling.com\/de\/#\/schema\/person\/915694b3c8d0de9019932587781ba6b3\",\"name\":\"jbraeker\",\"image\":{\"@type\":\"ImageObject\",\"inLanguage\":\"de-DE\",\"@id\":\"https:\/\/www.welovecycling.com\/de\/#\/schema\/person\/image\/\",\"url\":\"https:\/\/secure.gravatar.com\/avatar\/8b4aea90e4535aae30b5b720249e5b723ae59fcf3d54757dd8b748d97b46d3c9?s=96&d=mm&r=g\",\"contentUrl\":\"https:\/\/secure.gravatar.com\/avatar\/8b4aea90e4535aae30b5b720249e5b723ae59fcf3d54757dd8b748d97b46d3c9?s=96&d=mm&r=g\",\"caption\":\"jbraeker\"},\"url\":\"https:\/\/www.welovecycling.com\/de\/author\/jbraeker\/\"}]}<\/script>\n<!-- \/ Yoast SEO Premium plugin. -->","yoast_head_json":{"title":"So wird Radfahren Teil deines Alltags - \u0160koda We Love Cycling - Deutschland","description":"So wird Radfahren Teil deines Alltags: Mit einfachen Routinen, kurzen Fahrten & der richtigen Einstellung wirst du ganz nat\u00fcrlich zum Radsportlerin.","robots":{"index":"index","follow":"follow","max-snippet":"max-snippet:-1","max-image-preview":"max-image-preview:large","max-video-preview":"max-video-preview:-1"},"canonical":"https:\/\/www.welovecycling.com\/de\/2026\/04\/22\/so-wird-radfahren-teil-deines-alltags\/","og_locale":"de_DE","og_type":"article","og_title":"So wird Radfahren Teil deines Alltags","og_description":"So wird Radfahren Teil deines Alltags: Mit einfachen Routinen, kurzen Fahrten & der richtigen Einstellung wirst du ganz nat\u00fcrlich zum Radsportlerin.","og_url":"https:\/\/www.welovecycling.com\/de\/2026\/04\/22\/so-wird-radfahren-teil-deines-alltags\/","og_site_name":"\u0160koda We Love Cycling - Deutschland","article_published_time":"2026-04-22T06:55:00+00:00","article_modified_time":"2026-04-27T07:17:17+00:00","og_image":[{"width":990,"height":660,"url":"https:\/\/d2p6e6u75xmxt8.cloudfront.net\/10\/2026\/04\/Munster-City-Urban-Cycling-Women.webp","type":"image\/webp"}],"author":"jbraeker","twitter_card":"summary_large_image","twitter_misc":{"Written by":"Monica Buck","Est. reading time":"2"},"schema":{"@context":"https:\/\/schema.org","@graph":[{"@type":"WebPage","@id":"https:\/\/www.welovecycling.com\/de\/2026\/04\/22\/so-wird-radfahren-teil-deines-alltags\/","url":"https:\/\/www.welovecycling.com\/de\/2026\/04\/22\/so-wird-radfahren-teil-deines-alltags\/","name":"So wird Radfahren Teil deines Alltags - \u0160koda We Love Cycling - Deutschland","isPartOf":{"@id":"https:\/\/www.welovecycling.com\/de\/#website"},"primaryImageOfPage":{"@id":"https:\/\/www.welovecycling.com\/de\/2026\/04\/22\/so-wird-radfahren-teil-deines-alltags\/#primaryimage"},"image":{"@id":"https:\/\/www.welovecycling.com\/de\/2026\/04\/22\/so-wird-radfahren-teil-deines-alltags\/#primaryimage"},"thumbnailUrl":"https:\/\/d2p6e6u75xmxt8.cloudfront.net\/10\/2026\/04\/Munster-City-Urban-Cycling-Women.webp","datePublished":"2026-04-22T06:55:00+00:00","dateModified":"2026-04-27T07:17:17+00:00","author":{"@id":"https:\/\/www.welovecycling.com\/de\/#\/schema\/person\/915694b3c8d0de9019932587781ba6b3"},"description":"So wird Radfahren Teil deines Alltags: Mit einfachen Routinen, kurzen Fahrten & der richtigen Einstellung wirst du ganz nat\u00fcrlich zum Radsportlerin.","breadcrumb":{"@id":"https:\/\/www.welovecycling.com\/de\/2026\/04\/22\/so-wird-radfahren-teil-deines-alltags\/#breadcrumb"},"inLanguage":"de-DE","potentialAction":[{"@type":"ReadAction","target":["https:\/\/www.welovecycling.com\/de\/2026\/04\/22\/so-wird-radfahren-teil-deines-alltags\/"]}]},{"@type":"ImageObject","inLanguage":"de-DE","@id":"https:\/\/www.welovecycling.com\/de\/2026\/04\/22\/so-wird-radfahren-teil-deines-alltags\/#primaryimage","url":"https:\/\/d2p6e6u75xmxt8.cloudfront.net\/10\/2026\/04\/Munster-City-Urban-Cycling-Women.webp","contentUrl":"https:\/\/d2p6e6u75xmxt8.cloudfront.net\/10\/2026\/04\/Munster-City-Urban-Cycling-Women.webp","width":990,"height":660},{"@type":"BreadcrumbList","@id":"https:\/\/www.welovecycling.com\/de\/2026\/04\/22\/so-wird-radfahren-teil-deines-alltags\/#breadcrumb","itemListElement":[{"@type":"ListItem","position":1,"name":"Home","item":"https:\/\/www.welovecycling.com\/de\/"},{"@type":"ListItem","position":2,"name":"So wird Radfahren Teil deines Alltags"}]},{"@type":"WebSite","@id":"https:\/\/www.welovecycling.com\/de\/#website","url":"https:\/\/www.welovecycling.com\/de\/","name":"\u0160koda We Love Cycling - Deutschland","description":"Just another \u0160koda WeLoveCycling Sites site","potentialAction":[{"@type":"SearchAction","target":{"@type":"EntryPoint","urlTemplate":"https:\/\/www.welovecycling.com\/de\/?s={search_term_string}"},"query-input":{"@type":"PropertyValueSpecification","valueRequired":true,"valueName":"search_term_string"}}],"inLanguage":"de-DE"},{"@type":"Person","@id":"https:\/\/www.welovecycling.com\/de\/#\/schema\/person\/915694b3c8d0de9019932587781ba6b3","name":"jbraeker","image":{"@type":"ImageObject","inLanguage":"de-DE","@id":"https:\/\/www.welovecycling.com\/de\/#\/schema\/person\/image\/","url":"https:\/\/secure.gravatar.com\/avatar\/8b4aea90e4535aae30b5b720249e5b723ae59fcf3d54757dd8b748d97b46d3c9?s=96&d=mm&r=g","contentUrl":"https:\/\/secure.gravatar.com\/avatar\/8b4aea90e4535aae30b5b720249e5b723ae59fcf3d54757dd8b748d97b46d3c9?s=96&d=mm&r=g","caption":"jbraeker"},"url":"https:\/\/www.welovecycling.com\/de\/author\/jbraeker\/"}]}},"_links":{"self":[{"href":"https:\/\/www.welovecycling.com\/de\/wp-json\/wp\/v2\/posts\/12311","targetHints":{"allow":["GET"]}}],"collection":[{"href":"https:\/\/www.welovecycling.com\/de\/wp-json\/wp\/v2\/posts"}],"about":[{"href":"https:\/\/www.welovecycling.com\/de\/wp-json\/wp\/v2\/types\/post"}],"author":[{"embeddable":true,"href":"https:\/\/www.welovecycling.com\/de\/wp-json\/wp\/v2\/users\/115"}],"replies":[{"embeddable":true,"href":"https:\/\/www.welovecycling.com\/de\/wp-json\/wp\/v2\/comments?post=12311"}],"version-history":[{"count":1,"href":"https:\/\/www.welovecycling.com\/de\/wp-json\/wp\/v2\/posts\/12311\/revisions"}],"predecessor-version":[{"id":12314,"href":"https:\/\/www.welovecycling.com\/de\/wp-json\/wp\/v2\/posts\/12311\/revisions\/12314"}],"wp:featuredmedia":[{"embeddable":true,"href":"https:\/\/www.welovecycling.com\/de\/wp-json\/wp\/v2\/media\/12312"}],"wp:attachment":[{"href":"https:\/\/www.welovecycling.com\/de\/wp-json\/wp\/v2\/media?parent=12311"}],"wp:term":[{"taxonomy":"category","embeddable":true,"href":"https:\/\/www.welovecycling.com\/de\/wp-json\/wp\/v2\/categories?post=12311"},{"taxonomy":"post_tag","embeddable":true,"href":"https:\/\/www.welovecycling.com\/de\/wp-json\/wp\/v2\/tags?post=12311"},{"taxonomy":"global-categories","embeddable":true,"href":"https:\/\/www.welovecycling.com\/de\/wp-json\/wp\/v2\/global-categories?post=12311"}],"curies":[{"name":"wp","href":"https:\/\/api.w.org\/{rel}","templated":true}]}}