{"id":12268,"date":"2026-03-10T10:51:13","date_gmt":"2026-03-10T09:51:13","guid":{"rendered":"https:\/\/www.welovecycling.com\/de\/?p=12268"},"modified":"2026-03-12T10:51:45","modified_gmt":"2026-03-12T09:51:45","slug":"leihfahrraeder-schneller-als-oeffentliche-verkehrsmittel","status":"publish","type":"post","link":"https:\/\/www.welovecycling.com\/de\/2026\/03\/10\/leihfahrraeder-schneller-als-oeffentliche-verkehrsmittel\/","title":{"rendered":"Leihfahrr\u00e4der: Schneller als \u00f6ffentliche Verkehrsmittel?"},"content":{"rendered":"<p data-start=\"59\" data-end=\"283\"><strong>Ist es m\u00f6glich, mit einem schweren, klobigen Sharing-Bike schneller zu sein als mit Bus oder Stra\u00dfenbahn?<\/strong><br data-start=\"168\" data-end=\"171\" \/><strong>Aus meiner Erfahrung als jemand, der im erweiterten Zentrum von Prag lebt, lautet die Antwort ganz klar: Ja<\/strong><\/p>\n<p data-start=\"328\" data-end=\"464\"><strong>Im Folgenden teile ich ein paar Beispiele aus dem Alltag \u2013 und erkl\u00e4re, warum du in vielen St\u00e4dten \u00e4hnliche Erfahrungen machen k\u00f6nntest.<\/strong><\/p>\n<hr data-start=\"466\" data-end=\"469\" \/>\n<h2 data-section-id=\"32083g\" data-start=\"471\" data-end=\"515\"><strong>Leihfahrr\u00e4der vs. \u00f6ffentlicher Nahverkehr<\/strong><\/h2>\n<p data-start=\"517\" data-end=\"640\">Bei Strecken <strong data-start=\"530\" data-end=\"550\">unter 20 Minuten<\/strong> k\u00f6nnen Sharing-Bikes den \u00f6ffentlichen Verkehr h\u00e4ufig schlagen \u2013 oder zumindest mithalten.<\/p>\n<p data-start=\"642\" data-end=\"681\">Ein paar meiner typischen Wege in Prag:<\/p>\n<div class=\"TyagGW_tableContainer\">\n<div class=\"group TyagGW_tableWrapper flex flex-col-reverse w-fit\" tabindex=\"-1\">\n<table class=\"w-fit min-w-(--thread-content-width)\" style=\"height: 166px;\" width=\"416\" data-start=\"683\" data-end=\"925\">\n<thead data-start=\"683\" data-end=\"719\">\n<tr data-start=\"683\" data-end=\"719\">\n<th class=\"\" data-start=\"683\" data-end=\"690\" data-col-size=\"sm\">Ziel<\/th>\n<th class=\"\" data-start=\"690\" data-end=\"704\" data-col-size=\"sm\">Leihfahrrad<\/th>\n<th class=\"\" data-start=\"704\" data-end=\"719\" data-col-size=\"sm\">Stra\u00dfenbahn<\/th>\n<\/tr>\n<\/thead>\n<tbody data-start=\"734\" data-end=\"925\">\n<tr data-start=\"734\" data-end=\"771\">\n<td data-start=\"734\" data-end=\"744\" data-col-size=\"sm\">Bahnhof<\/td>\n<td data-start=\"744\" data-end=\"757\" data-col-size=\"sm\">19 Minuten<\/td>\n<td data-col-size=\"sm\" data-start=\"757\" data-end=\"771\">21 Minuten<\/td>\n<\/tr>\n<tr data-start=\"772\" data-end=\"810\">\n<td data-start=\"772\" data-end=\"783\" data-col-size=\"sm\">Zahnarzt<\/td>\n<td data-col-size=\"sm\" data-start=\"783\" data-end=\"796\">13 Minuten<\/td>\n<td data-col-size=\"sm\" data-start=\"796\" data-end=\"810\">14 Minuten<\/td>\n<\/tr>\n<tr data-start=\"811\" data-end=\"845\">\n<td data-start=\"811\" data-end=\"818\" data-col-size=\"sm\">Kino<\/td>\n<td data-start=\"818\" data-end=\"831\" data-col-size=\"sm\">12 Minuten<\/td>\n<td data-col-size=\"sm\" data-start=\"831\" data-end=\"845\">17 Minuten<\/td>\n<\/tr>\n<tr data-start=\"846\" data-end=\"888\">\n<td data-start=\"846\" data-end=\"861\" data-col-size=\"sm\">Boulderhalle<\/td>\n<td data-col-size=\"sm\" data-start=\"861\" data-end=\"874\">18 Minuten<\/td>\n<td data-col-size=\"sm\" data-start=\"874\" data-end=\"888\">33 Minuten<\/td>\n<\/tr>\n<tr data-start=\"889\" data-end=\"925\">\n<td data-start=\"889\" data-end=\"898\" data-col-size=\"sm\">Arbeit<\/td>\n<td data-col-size=\"sm\" data-start=\"898\" data-end=\"911\">22 Minuten<\/td>\n<td data-col-size=\"sm\" data-start=\"911\" data-end=\"925\">14 Minuten<\/td>\n<\/tr>\n<\/tbody>\n<\/table>\n<p>&nbsp;<\/p>\n<p>Du denkst vielleicht, ich h\u00e4tte mir bewusst Ziele ausgesucht, bei denen das Fahrrad besser abschneidet \u2013 und ja, das stimmt teilweise.<\/p>\n<\/div>\n<\/div>\n<p data-start=\"1063\" data-end=\"1287\">Aber genau das sind die Orte, die ich im Alltag <strong data-start=\"1111\" data-end=\"1136\">am h\u00e4ufigsten anfahre<\/strong>. Deshalb greife ich bei kurzen Strecken mittlerweile fast automatisch zum Leihbike. Und \u00fcberraschend oft ist es tats\u00e4chlich <strong data-start=\"1261\" data-end=\"1286\">die schnellste Option<\/strong>.<\/p>\n<p data-start=\"1289\" data-end=\"1541\">Nat\u00fcrlich sieht das bei l\u00e4ngeren Fahrten anders aus.<br data-start=\"1341\" data-end=\"1344\" \/>Alles \u00fcber <strong data-start=\"1355\" data-end=\"1378\">30 Minuten Fahrzeit<\/strong> wird auf einem schweren Stadt-Leihbike schnell unkomfortabel. F\u00fcr l\u00e4ngere Strecken gewinnt der \u00f6ffentliche Verkehr meist klar \u2013 sowohl bei Tempo als auch Komfort.<\/p>\n<h2 data-section-id=\"1gmh0sf\" data-start=\"1548\" data-end=\"1593\"><strong>Warum die T\u00fcr-zu-T\u00fcr-Zeit entscheidend ist<\/strong><\/h2>\n<p data-start=\"1595\" data-end=\"1704\">Der gr\u00f6\u00dfte Vorteil von Leihfahrr\u00e4dern ist nicht ihre Geschwindigkeit \u2013 sondern ihre <strong data-start=\"1679\" data-end=\"1703\">T\u00fcr-zu-T\u00fcr-Effizienz<\/strong>.<\/p>\n<p data-start=\"1706\" data-end=\"1752\">Beim \u00f6ffentlichen Verkehr musst du fast immer:<\/p>\n<ul>\n<li data-start=\"1756\" data-end=\"1780\">zur Haltestelle laufen<\/li>\n<li data-start=\"1783\" data-end=\"1809\">auf Bus oder Tram warten<\/li>\n<li data-start=\"1812\" data-end=\"1833\">eventuell umsteigen<\/li>\n<li data-start=\"1836\" data-end=\"1870\">vom Zielstopp noch einmal laufen<\/li>\n<\/ul>\n<p data-start=\"1872\" data-end=\"1943\">Mit einem Leihbike steigst du auf \u2013 und <strong data-start=\"1912\" data-end=\"1942\">f\u00e4hrst direkt bis ans Ziel<\/strong>.<\/p>\n<p data-start=\"1945\" data-end=\"2010\">Damit das funktioniert, braucht eine Stadt allerdings zwei Dinge:<\/p>\n<h3 data-section-id=\"1uwagbw\" data-start=\"2012\" data-end=\"2035\"><strong>1.<\/strong> Hohe Bike-Dichte<\/h3>\n<p data-start=\"2037\" data-end=\"2191\">Im erweiterten Zentrum von Prag stehen Leihfahrr\u00e4der praktisch \u00fcberall.<br data-start=\"2108\" data-end=\"2111\" \/>Ich habe <strong data-start=\"2120\" data-end=\"2190\">zwei Stationen weniger als eine Minute von meiner Wohnung entfernt<\/strong>.<\/p>\n<p data-start=\"2193\" data-end=\"2267\">Selbst zur Rush Hour habe ich noch nie Probleme gehabt, ein Rad zu finden.<\/p>\n<h3 data-section-id=\"1klgnhu\" data-start=\"2269\" data-end=\"2301\"><strong>2.<\/strong> Gute Abstellm\u00f6glichkeiten<\/h3>\n<p data-start=\"2303\" data-end=\"2468\">Auch beim Abstellen funktioniert das System gut:<br data-start=\"2351\" data-end=\"2354\" \/>Die Bike-Zonen im Zentrum sind so dicht, dass ich nach der Fahrt <strong data-start=\"2419\" data-end=\"2467\">selten l\u00e4nger als ein paar Meter laufen muss<\/strong>.<\/p>\n<p data-start=\"2470\" data-end=\"2553\">Damit entf\u00e4llt ein Gro\u00dfteil der Zeit, die sonst f\u00fcr Umstiege und Fu\u00dfwege draufgeht.<\/p>\n<p data-start=\"2555\" data-end=\"2694\">Autos bieten zwar theoretisch denselben Komfort \u2013 aber viel Gl\u00fcck dabei, im Berufsverkehr mit Bolt oder Uber durch Prags Zentrum zu kommen.<\/p>\n<p data-start=\"2696\" data-end=\"2792\">Ich habe es ausprobiert.<br data-start=\"2720\" data-end=\"2723\" \/>Oft dauert die Fahrt <strong data-start=\"2744\" data-end=\"2791\">zwei- bis dreimal so lange wie mit der Tram<\/strong>.<\/p>\n<hr data-start=\"2794\" data-end=\"2797\" \/>\n<h2 data-section-id=\"1w6apis\" data-start=\"2799\" data-end=\"2847\"><strong>Wann der \u00f6ffentliche Verkehr trotzdem gewinnt<\/strong><\/h2>\n<p data-start=\"2849\" data-end=\"2905\">Nat\u00fcrlich sind Sharing-Bikes nicht immer die beste Wahl.<\/p>\n<p data-start=\"2907\" data-end=\"2981\">In diesen Situationen greife ich weiterhin lieber zu Bus, Tram oder Metro:<\/p>\n<h3 data-section-id=\"2aeo5w\" data-start=\"2983\" data-end=\"3001\"><strong>Lange Strecken<\/strong><\/h3>\n<p data-start=\"3003\" data-end=\"3111\">Ab etwa <strong data-start=\"3011\" data-end=\"3034\">30 Minuten Fahrzeit<\/strong> ist der \u00f6ffentliche Verkehr fast immer schneller \u2013 und deutlich entspannter.<\/p>\n<h3 data-section-id=\"m0vff5\" data-start=\"3113\" data-end=\"3137\"><strong>Direkte Verbindungen<\/strong><\/h3>\n<p data-start=\"3139\" data-end=\"3249\">Wenn eine <strong data-start=\"3149\" data-end=\"3179\">direkte Tram oder Buslinie<\/strong> existiert, kann sie selbst bei 15\u201320 Minuten Strecken schneller sein.<\/p>\n<h3 data-section-id=\"frpt0b\" data-start=\"3251\" data-end=\"3272\"><strong>Schlechtes Wetter<\/strong><\/h3>\n<p data-start=\"3274\" data-end=\"3414\">Starker Regen oder Schneematsch machen Radfahren schlicht unattraktiv \u2013 besonders, wenn du danach komplett mit Schmutz eingesaut bist.<\/p>\n<h3 data-section-id=\"8dpa36\" data-start=\"3416\" data-end=\"3434\"><strong>Schwei\u00df-Faktor<\/strong><\/h3>\n<p data-start=\"3436\" data-end=\"3573\">Wenn ich <strong data-start=\"3445\" data-end=\"3480\">nicht verschwitzt ankommen will<\/strong>, lasse ich das Rad ebenfalls stehen.<br data-start=\"3517\" data-end=\"3520\" \/>Deshalb fahre ich nur selten mit dem Bike zur Arbeit.<\/p>\n<p data-start=\"3575\" data-end=\"3662\">Der Heimweg ist allerdings eine andere Geschichte \u2013 besonders nach stressigen Meetings.<\/p>\n<h3 data-section-id=\"1229ht7\" data-start=\"3664\" data-end=\"3687\"><strong>Sicherheitsbedenken<\/strong><\/h3>\n<p data-start=\"3689\" data-end=\"3756\">Die <strong data-start=\"3693\" data-end=\"3722\">Rad-Infrastruktur in Prag<\/strong> ist noch weit von ideal entfernt.<\/p>\n<p data-start=\"3758\" data-end=\"3934\">Viele Radwege sind nur durch eine aufgemalte Linie von Autos getrennt \u2013 oder es gibt gar keine. F\u00fcr weniger erfahrene Radsportler*innen kann sich das schnell unsicher anf\u00fchlen.<\/p>\n<p data-start=\"3936\" data-end=\"4067\">Solange St\u00e4dte ihre Radinfrastruktur nicht verbessern, werden viele Menschen verst\u00e4ndlicherweise beim \u00f6ffentlichen Verkehr bleiben.<\/p>\n<hr data-start=\"4069\" data-end=\"4072\" \/>\n<h2 data-section-id=\"waj954\" data-start=\"4074\" data-end=\"4120\"><strong>Wie Leihfahrr\u00e4der dein Stadtleben ver\u00e4ndern<\/strong><\/h2>\n<p data-start=\"4122\" data-end=\"4270\">Als Radsportler bin ich ohnehin viel auf zwei R\u00e4dern unterwegs \u2013 allerdings meist, um <strong data-start=\"4208\" data-end=\"4240\">aus der Stadt herauszukommen<\/strong> und l\u00e4ngere Touren zu fahren.<\/p>\n<p data-start=\"4272\" data-end=\"4306\">Sharing-Bikes haben das ver\u00e4ndert.<\/p>\n<p data-start=\"4308\" data-end=\"4537\">Pl\u00f6tzlich fahre ich deutlich h\u00e4ufiger <strong data-start=\"4346\" data-end=\"4375\">quer durch die Innenstadt<\/strong> und entdecke neue Wege und Abk\u00fcrzungen. Ich \u00fcberlege st\u00e4ndig, wie sich verschiedene Orte schneller verbinden lassen \u2013 manchmal auch in Kombination mit der Metro.<\/p>\n<p data-start=\"166\" data-end=\"324\">Diese Perspektivwechsel sind spannend: Mal bist du <strong data-start=\"217\" data-end=\"237\">zu Fu\u00df unterwegs<\/strong>, mal <strong data-start=\"243\" data-end=\"258\">auf dem Rad<\/strong>, nutzt <strong data-start=\"266\" data-end=\"283\">Bus oder Tram<\/strong> oder sitzt <strong data-start=\"295\" data-end=\"323\">als Mitfahrer*in im Auto<\/strong>.<\/p>\n<p data-start=\"326\" data-end=\"501\">Wenn du eine Stadt aus all diesen Blickwinkeln erlebst, entwickelst du automatisch ein besseres Verst\u00e4ndnis daf\u00fcr, <strong data-start=\"441\" data-end=\"500\">wie sich andere Menschen durch den urbanen Raum bewegen<\/strong>.<\/p>\n<p data-start=\"503\" data-end=\"699\">Gleichzeitig lernst du auch, die vorhandene Infrastruktur mehr zu sch\u00e4tzen \u2013 selbst wenn man sich als Radfahrer*in nat\u00fcrlich weiterhin <strong data-start=\"638\" data-end=\"690\">breitere, sicherere und besser vernetzte Radwege<\/strong> w\u00fcnscht.<\/p>\n","protected":false},"excerpt":{"rendered":"<p>Ist es m\u00f6glich, mit einem schweren, klobigen Sharing-Bike schneller zu sein als mit Bus oder Stra\u00dfenbahn?Aus meiner Erfahrung als jemand, [&hellip;]<\/p>\n","protected":false},"author":115,"featured_media":12269,"comment_status":"open","ping_status":"open","sticky":false,"template":"","format":"standard","meta":{"footnotes":""},"categories":[1],"tags":[],"global-categories":[19],"class_list":["post-12268","post","type-post","status-publish","format-standard","has-post-thumbnail","hentry","category-allgemein","global-categories-cycling"],"yoast_head":"<!-- This site is optimized with the Yoast SEO Premium plugin v25.3 (Yoast SEO v25.9) - https:\/\/yoast.com\/wordpress\/plugins\/seo\/ -->\n<title>Leihfahrr\u00e4der: Schneller als \u00f6ffentliche Verkehrsmittel? - \u0160koda We Love Cycling - Deutschland<\/title>\n<meta name=\"description\" content=\"Sind Leihfahrr\u00e4der in der Stadt schneller als Bus oder Tram? Ein Erfahrungsbericht aus Prag zeigt, wann Sharing-Bikes wirklich Zeit sparen.\" \/>\n<meta name=\"robots\" content=\"index, follow, max-snippet:-1, max-image-preview:large, max-video-preview:-1\" \/>\n<link rel=\"canonical\" href=\"https:\/\/www.welovecycling.com\/de\/2026\/03\/10\/leihfahrraeder-schneller-als-oeffentliche-verkehrsmittel\/\" \/>\n<meta property=\"og:locale\" content=\"de_DE\" \/>\n<meta property=\"og:type\" content=\"article\" \/>\n<meta property=\"og:title\" content=\"Leihfahrr\u00e4der: Schneller als \u00f6ffentliche Verkehrsmittel?\" \/>\n<meta property=\"og:description\" content=\"Sind Leihfahrr\u00e4der in der Stadt schneller als Bus oder Tram? Ein Erfahrungsbericht aus Prag zeigt, wann Sharing-Bikes wirklich Zeit sparen.\" \/>\n<meta property=\"og:url\" content=\"https:\/\/www.welovecycling.com\/de\/2026\/03\/10\/leihfahrraeder-schneller-als-oeffentliche-verkehrsmittel\/\" \/>\n<meta property=\"og:site_name\" content=\"\u0160koda We Love Cycling - Deutschland\" \/>\n<meta property=\"article:published_time\" content=\"2026-03-10T09:51:13+00:00\" \/>\n<meta property=\"article:modified_time\" content=\"2026-03-12T09:51:45+00:00\" \/>\n<meta property=\"og:image\" content=\"https:\/\/d2p6e6u75xmxt8.cloudfront.net\/10\/2026\/03\/Fahrradstaender.webp\" \/>\n\t<meta property=\"og:image:width\" content=\"990\" \/>\n\t<meta property=\"og:image:height\" content=\"660\" \/>\n\t<meta property=\"og:image:type\" content=\"image\/webp\" \/>\n<meta name=\"author\" content=\"jbraeker\" \/>\n<meta name=\"twitter:card\" content=\"summary_large_image\" \/>\n<meta name=\"twitter:label1\" content=\"Written by\" \/>\n\t<meta name=\"twitter:data1\" content=\"Jiri Kaloc\" \/>\n\t<meta name=\"twitter:label2\" content=\"Est. reading time\" \/>\n\t<meta name=\"twitter:data2\" content=\"2\" \/>\n<script type=\"application\/ld+json\" class=\"yoast-schema-graph\">{\"@context\":\"https:\/\/schema.org\",\"@graph\":[{\"@type\":\"WebPage\",\"@id\":\"https:\/\/www.welovecycling.com\/de\/2026\/03\/10\/leihfahrraeder-schneller-als-oeffentliche-verkehrsmittel\/\",\"url\":\"https:\/\/www.welovecycling.com\/de\/2026\/03\/10\/leihfahrraeder-schneller-als-oeffentliche-verkehrsmittel\/\",\"name\":\"Leihfahrr\u00e4der: Schneller als \u00f6ffentliche Verkehrsmittel? - \u0160koda We Love Cycling - Deutschland\",\"isPartOf\":{\"@id\":\"https:\/\/www.welovecycling.com\/de\/#website\"},\"primaryImageOfPage\":{\"@id\":\"https:\/\/www.welovecycling.com\/de\/2026\/03\/10\/leihfahrraeder-schneller-als-oeffentliche-verkehrsmittel\/#primaryimage\"},\"image\":{\"@id\":\"https:\/\/www.welovecycling.com\/de\/2026\/03\/10\/leihfahrraeder-schneller-als-oeffentliche-verkehrsmittel\/#primaryimage\"},\"thumbnailUrl\":\"https:\/\/d2p6e6u75xmxt8.cloudfront.net\/10\/2026\/03\/Fahrradstaender.webp\",\"datePublished\":\"2026-03-10T09:51:13+00:00\",\"dateModified\":\"2026-03-12T09:51:45+00:00\",\"author\":{\"@id\":\"https:\/\/www.welovecycling.com\/de\/#\/schema\/person\/915694b3c8d0de9019932587781ba6b3\"},\"description\":\"Sind Leihfahrr\u00e4der in der Stadt schneller als Bus oder Tram? Ein Erfahrungsbericht aus Prag zeigt, wann Sharing-Bikes wirklich Zeit sparen.\",\"breadcrumb\":{\"@id\":\"https:\/\/www.welovecycling.com\/de\/2026\/03\/10\/leihfahrraeder-schneller-als-oeffentliche-verkehrsmittel\/#breadcrumb\"},\"inLanguage\":\"de-DE\",\"potentialAction\":[{\"@type\":\"ReadAction\",\"target\":[\"https:\/\/www.welovecycling.com\/de\/2026\/03\/10\/leihfahrraeder-schneller-als-oeffentliche-verkehrsmittel\/\"]}]},{\"@type\":\"ImageObject\",\"inLanguage\":\"de-DE\",\"@id\":\"https:\/\/www.welovecycling.com\/de\/2026\/03\/10\/leihfahrraeder-schneller-als-oeffentliche-verkehrsmittel\/#primaryimage\",\"url\":\"https:\/\/d2p6e6u75xmxt8.cloudfront.net\/10\/2026\/03\/Fahrradstaender.webp\",\"contentUrl\":\"https:\/\/d2p6e6u75xmxt8.cloudfront.net\/10\/2026\/03\/Fahrradstaender.webp\",\"width\":990,\"height\":660},{\"@type\":\"BreadcrumbList\",\"@id\":\"https:\/\/www.welovecycling.com\/de\/2026\/03\/10\/leihfahrraeder-schneller-als-oeffentliche-verkehrsmittel\/#breadcrumb\",\"itemListElement\":[{\"@type\":\"ListItem\",\"position\":1,\"name\":\"Home\",\"item\":\"https:\/\/www.welovecycling.com\/de\/\"},{\"@type\":\"ListItem\",\"position\":2,\"name\":\"Leihfahrr\u00e4der: Schneller als \u00f6ffentliche Verkehrsmittel?\"}]},{\"@type\":\"WebSite\",\"@id\":\"https:\/\/www.welovecycling.com\/de\/#website\",\"url\":\"https:\/\/www.welovecycling.com\/de\/\",\"name\":\"\u0160koda We Love Cycling - Deutschland\",\"description\":\"Just another \u0160koda WeLoveCycling Sites site\",\"potentialAction\":[{\"@type\":\"SearchAction\",\"target\":{\"@type\":\"EntryPoint\",\"urlTemplate\":\"https:\/\/www.welovecycling.com\/de\/?s={search_term_string}\"},\"query-input\":{\"@type\":\"PropertyValueSpecification\",\"valueRequired\":true,\"valueName\":\"search_term_string\"}}],\"inLanguage\":\"de-DE\"},{\"@type\":\"Person\",\"@id\":\"https:\/\/www.welovecycling.com\/de\/#\/schema\/person\/915694b3c8d0de9019932587781ba6b3\",\"name\":\"jbraeker\",\"image\":{\"@type\":\"ImageObject\",\"inLanguage\":\"de-DE\",\"@id\":\"https:\/\/www.welovecycling.com\/de\/#\/schema\/person\/image\/\",\"url\":\"https:\/\/secure.gravatar.com\/avatar\/8b4aea90e4535aae30b5b720249e5b723ae59fcf3d54757dd8b748d97b46d3c9?s=96&d=mm&r=g\",\"contentUrl\":\"https:\/\/secure.gravatar.com\/avatar\/8b4aea90e4535aae30b5b720249e5b723ae59fcf3d54757dd8b748d97b46d3c9?s=96&d=mm&r=g\",\"caption\":\"jbraeker\"},\"url\":\"https:\/\/www.welovecycling.com\/de\/author\/jbraeker\/\"}]}<\/script>\n<!-- \/ Yoast SEO Premium plugin. -->","yoast_head_json":{"title":"Leihfahrr\u00e4der: Schneller als \u00f6ffentliche Verkehrsmittel? - \u0160koda We Love Cycling - Deutschland","description":"Sind Leihfahrr\u00e4der in der Stadt schneller als Bus oder Tram? Ein Erfahrungsbericht aus Prag zeigt, wann Sharing-Bikes wirklich Zeit sparen.","robots":{"index":"index","follow":"follow","max-snippet":"max-snippet:-1","max-image-preview":"max-image-preview:large","max-video-preview":"max-video-preview:-1"},"canonical":"https:\/\/www.welovecycling.com\/de\/2026\/03\/10\/leihfahrraeder-schneller-als-oeffentliche-verkehrsmittel\/","og_locale":"de_DE","og_type":"article","og_title":"Leihfahrr\u00e4der: Schneller als \u00f6ffentliche Verkehrsmittel?","og_description":"Sind Leihfahrr\u00e4der in der Stadt schneller als Bus oder Tram? Ein Erfahrungsbericht aus Prag zeigt, wann Sharing-Bikes wirklich Zeit sparen.","og_url":"https:\/\/www.welovecycling.com\/de\/2026\/03\/10\/leihfahrraeder-schneller-als-oeffentliche-verkehrsmittel\/","og_site_name":"\u0160koda We Love Cycling - Deutschland","article_published_time":"2026-03-10T09:51:13+00:00","article_modified_time":"2026-03-12T09:51:45+00:00","og_image":[{"width":990,"height":660,"url":"https:\/\/d2p6e6u75xmxt8.cloudfront.net\/10\/2026\/03\/Fahrradstaender.webp","type":"image\/webp"}],"author":"jbraeker","twitter_card":"summary_large_image","twitter_misc":{"Written by":"Jiri Kaloc","Est. reading time":"2"},"schema":{"@context":"https:\/\/schema.org","@graph":[{"@type":"WebPage","@id":"https:\/\/www.welovecycling.com\/de\/2026\/03\/10\/leihfahrraeder-schneller-als-oeffentliche-verkehrsmittel\/","url":"https:\/\/www.welovecycling.com\/de\/2026\/03\/10\/leihfahrraeder-schneller-als-oeffentliche-verkehrsmittel\/","name":"Leihfahrr\u00e4der: Schneller als \u00f6ffentliche Verkehrsmittel? - \u0160koda We Love Cycling - Deutschland","isPartOf":{"@id":"https:\/\/www.welovecycling.com\/de\/#website"},"primaryImageOfPage":{"@id":"https:\/\/www.welovecycling.com\/de\/2026\/03\/10\/leihfahrraeder-schneller-als-oeffentliche-verkehrsmittel\/#primaryimage"},"image":{"@id":"https:\/\/www.welovecycling.com\/de\/2026\/03\/10\/leihfahrraeder-schneller-als-oeffentliche-verkehrsmittel\/#primaryimage"},"thumbnailUrl":"https:\/\/d2p6e6u75xmxt8.cloudfront.net\/10\/2026\/03\/Fahrradstaender.webp","datePublished":"2026-03-10T09:51:13+00:00","dateModified":"2026-03-12T09:51:45+00:00","author":{"@id":"https:\/\/www.welovecycling.com\/de\/#\/schema\/person\/915694b3c8d0de9019932587781ba6b3"},"description":"Sind Leihfahrr\u00e4der in der Stadt schneller als Bus oder Tram? Ein Erfahrungsbericht aus Prag zeigt, wann Sharing-Bikes wirklich Zeit sparen.","breadcrumb":{"@id":"https:\/\/www.welovecycling.com\/de\/2026\/03\/10\/leihfahrraeder-schneller-als-oeffentliche-verkehrsmittel\/#breadcrumb"},"inLanguage":"de-DE","potentialAction":[{"@type":"ReadAction","target":["https:\/\/www.welovecycling.com\/de\/2026\/03\/10\/leihfahrraeder-schneller-als-oeffentliche-verkehrsmittel\/"]}]},{"@type":"ImageObject","inLanguage":"de-DE","@id":"https:\/\/www.welovecycling.com\/de\/2026\/03\/10\/leihfahrraeder-schneller-als-oeffentliche-verkehrsmittel\/#primaryimage","url":"https:\/\/d2p6e6u75xmxt8.cloudfront.net\/10\/2026\/03\/Fahrradstaender.webp","contentUrl":"https:\/\/d2p6e6u75xmxt8.cloudfront.net\/10\/2026\/03\/Fahrradstaender.webp","width":990,"height":660},{"@type":"BreadcrumbList","@id":"https:\/\/www.welovecycling.com\/de\/2026\/03\/10\/leihfahrraeder-schneller-als-oeffentliche-verkehrsmittel\/#breadcrumb","itemListElement":[{"@type":"ListItem","position":1,"name":"Home","item":"https:\/\/www.welovecycling.com\/de\/"},{"@type":"ListItem","position":2,"name":"Leihfahrr\u00e4der: Schneller als \u00f6ffentliche Verkehrsmittel?"}]},{"@type":"WebSite","@id":"https:\/\/www.welovecycling.com\/de\/#website","url":"https:\/\/www.welovecycling.com\/de\/","name":"\u0160koda We Love Cycling - Deutschland","description":"Just another \u0160koda WeLoveCycling Sites site","potentialAction":[{"@type":"SearchAction","target":{"@type":"EntryPoint","urlTemplate":"https:\/\/www.welovecycling.com\/de\/?s={search_term_string}"},"query-input":{"@type":"PropertyValueSpecification","valueRequired":true,"valueName":"search_term_string"}}],"inLanguage":"de-DE"},{"@type":"Person","@id":"https:\/\/www.welovecycling.com\/de\/#\/schema\/person\/915694b3c8d0de9019932587781ba6b3","name":"jbraeker","image":{"@type":"ImageObject","inLanguage":"de-DE","@id":"https:\/\/www.welovecycling.com\/de\/#\/schema\/person\/image\/","url":"https:\/\/secure.gravatar.com\/avatar\/8b4aea90e4535aae30b5b720249e5b723ae59fcf3d54757dd8b748d97b46d3c9?s=96&d=mm&r=g","contentUrl":"https:\/\/secure.gravatar.com\/avatar\/8b4aea90e4535aae30b5b720249e5b723ae59fcf3d54757dd8b748d97b46d3c9?s=96&d=mm&r=g","caption":"jbraeker"},"url":"https:\/\/www.welovecycling.com\/de\/author\/jbraeker\/"}]}},"_links":{"self":[{"href":"https:\/\/www.welovecycling.com\/de\/wp-json\/wp\/v2\/posts\/12268","targetHints":{"allow":["GET"]}}],"collection":[{"href":"https:\/\/www.welovecycling.com\/de\/wp-json\/wp\/v2\/posts"}],"about":[{"href":"https:\/\/www.welovecycling.com\/de\/wp-json\/wp\/v2\/types\/post"}],"author":[{"embeddable":true,"href":"https:\/\/www.welovecycling.com\/de\/wp-json\/wp\/v2\/users\/115"}],"replies":[{"embeddable":true,"href":"https:\/\/www.welovecycling.com\/de\/wp-json\/wp\/v2\/comments?post=12268"}],"version-history":[{"count":12,"href":"https:\/\/www.welovecycling.com\/de\/wp-json\/wp\/v2\/posts\/12268\/revisions"}],"predecessor-version":[{"id":12282,"href":"https:\/\/www.welovecycling.com\/de\/wp-json\/wp\/v2\/posts\/12268\/revisions\/12282"}],"wp:featuredmedia":[{"embeddable":true,"href":"https:\/\/www.welovecycling.com\/de\/wp-json\/wp\/v2\/media\/12269"}],"wp:attachment":[{"href":"https:\/\/www.welovecycling.com\/de\/wp-json\/wp\/v2\/media?parent=12268"}],"wp:term":[{"taxonomy":"category","embeddable":true,"href":"https:\/\/www.welovecycling.com\/de\/wp-json\/wp\/v2\/categories?post=12268"},{"taxonomy":"post_tag","embeddable":true,"href":"https:\/\/www.welovecycling.com\/de\/wp-json\/wp\/v2\/tags?post=12268"},{"taxonomy":"global-categories","embeddable":true,"href":"https:\/\/www.welovecycling.com\/de\/wp-json\/wp\/v2\/global-categories?post=12268"}],"curies":[{"name":"wp","href":"https:\/\/api.w.org\/{rel}","templated":true}]}}