{"id":12209,"date":"2025-12-04T08:00:30","date_gmt":"2025-12-04T07:00:30","guid":{"rendered":"https:\/\/www.welovecycling.com\/de\/?p=12209"},"modified":"2025-12-09T09:59:06","modified_gmt":"2025-12-09T08:59:06","slug":"einblick-in-indoor-cycling-warum-ich-noch-nicht-drinnen-trainiere","status":"publish","type":"post","link":"https:\/\/www.welovecycling.com\/de\/2025\/12\/04\/einblick-in-indoor-cycling-warum-ich-noch-nicht-drinnen-trainiere\/","title":{"rendered":"Einblick in Indoor Cycling: Warum ich noch nicht drinnen trainiere&#8230;"},"content":{"rendered":"<p><strong>F\u00fcr viele Radsportler*innen bedeutet Winter: ab in die Garage, Smart Trainer einschalten und auf Zwift oder Rouvy strukturierte Intervalle abspulen. Indoor Cycling hat l\u00e4ngst seine eigene Kultur entwickelt \u2013 mit virtuellen Rennen, Power-ups und kompletten Trainingspl\u00e4nen, die nie das Wohnzimmer verlassen. Doch trotz dieses Hypes bin ich bis heute nicht Teil dieser Welt.<\/strong><\/p>\n<p data-start=\"640\" data-end=\"909\">Nicht weil ich etwas gegen Indoor-Training h\u00e4tte. Und das hier ist auch keine Artikelserie, die dich vom Rollentrainer abhalten soll. Stattdessen m\u00f6chte ich zeigen, wie ich mein Wintertraining angehe \u2013 und was passieren m\u00fcsste, damit ich selbst aufs Indoor-Bike steige.<\/p>\n<hr data-start=\"911\" data-end=\"914\" \/>\n<h2 data-start=\"916\" data-end=\"962\"><strong>Warum ich im Winter weiterhin drau\u00dfen fahre<\/strong><\/h2>\n<p data-start=\"964\" data-end=\"1401\">Zuerst: Ich h\u00f6re nicht komplett auf, drau\u00dfen zu fahren, sobald die Temperaturen sinken. Solange es nicht friert und die Stra\u00dfen trocken sind, sitze ich meist auf meinem Rennrad. Gute Winterbekleidung macht enorm viel aus. Nat\u00fcrlich passieren Fehler: Neulich kam ich mit einer ordentlichen Erk\u00e4ltung heim, weil ich den Wind untersch\u00e4tzt und meine Jacke \u00fcbersch\u00e4tzt habe. Solche Patzer passieren dir auf dem Smart Trainer garantiert nicht.<\/p>\n<p data-start=\"1403\" data-end=\"1787\">Wenn es dann richtig winterlich wird \u2013 Temperaturen unter null, gefrorener Boden, endlich kein Matsch mehr \u2013 steige ich aufs Mountainbike. Winter-MTB macht mir ehrlich gesagt riesigen Spa\u00df. Es hat etwas Kindliches, \u00fcber frostige Trails zu carven und vereiste Passagen zu meistern. Trotzdem: Das Training wird unregelm\u00e4\u00dfiger und wetterabh\u00e4ngiger. Manche Wochen geht einfach gar nichts.<\/p>\n<p data-start=\"1403\" data-end=\"1787\"><a href=\"https:\/\/d2p6e6u75xmxt8.cloudfront.net\/10\/2025\/12\/cycling-im-winter.webp\"><img loading=\"lazy\" decoding=\"async\" class=\"alignnone size-full wp-image-12212\" src=\"https:\/\/d2p6e6u75xmxt8.cloudfront.net\/10\/2025\/12\/cycling-im-winter.webp\" alt=\"\" width=\"990\" height=\"660\" srcset=\"https:\/\/d2p6e6u75xmxt8.cloudfront.net\/10\/2025\/12\/cycling-im-winter.webp 990w, https:\/\/d2p6e6u75xmxt8.cloudfront.net\/10\/2025\/12\/cycling-im-winter-300x200.webp 300w, https:\/\/d2p6e6u75xmxt8.cloudfront.net\/10\/2025\/12\/cycling-im-winter-768x512.webp 768w, https:\/\/d2p6e6u75xmxt8.cloudfront.net\/10\/2025\/12\/cycling-im-winter-400x267.webp 400w, https:\/\/d2p6e6u75xmxt8.cloudfront.net\/10\/2025\/12\/cycling-im-winter-272x182.webp 272w\" sizes=\"auto, (max-width: 990px) 100vw, 990px\" \/><\/a><\/p>\n<hr data-start=\"1789\" data-end=\"1792\" \/>\n<h2 data-start=\"1794\" data-end=\"1847\"><strong>Warum ich keinen Drang zum Indoor-Trainer versp\u00fcre<\/strong><\/h2>\n<p data-start=\"1849\" data-end=\"2075\">Mehrmals habe ich schon mit dem Gedanken gespielt, mir einen Rollentrainer zuzulegen. Ich habe Preise verglichen, Reviews geschaut und mir ausgemalt, wie ich virtuelle Alpenp\u00e4sse hochklettere oder mich in Zwift-Rennen austobe.<\/p>\n<p data-start=\"2077\" data-end=\"2193\">Aber am Ende brauche ich kein strukturiertes Indoor-Training, um im Winter fit, motiviert oder zufrieden zu bleiben.<\/p>\n<p data-start=\"2195\" data-end=\"2364\">Wenn das Wetter dichtmacht, sitze ich nicht frustriert auf dem Sofa und w\u00fcnsche mir einen Trainer. Ich wechsle einfach zu anderen Sportarten, die ich genauso gern mache:<\/p>\n<ul>\n<li data-start=\"2368\" data-end=\"2500\"><strong data-start=\"2368\" data-end=\"2378\">Laufen<\/strong> liefert mir etwas, das Radfahren kaum schafft: Impact f\u00fcr die Knochengesundheit \u2013 und es ist unglaublich zeiteffizient.<\/li>\n<li data-start=\"2503\" data-end=\"2641\"><strong data-start=\"2503\" data-end=\"2516\">Schwimmen<\/strong> ist ein Ganzk\u00f6rpertraining, und im Winter kann ich an meiner Technik feilen. Der Gang ins Dampfbad danach? Pure Belohnung.<\/li>\n<li data-start=\"2644\" data-end=\"2792\"><strong data-start=\"2644\" data-end=\"2656\">Bouldern<\/strong> geh\u00f6rt f\u00fcr mich das ganze Jahr dazu, aber im Winter habe ich mehr Zeit f\u00fcr lange Sessions \u2013 perfekt f\u00fcr Kraftausdauer und Spa\u00dffaktor.<\/li>\n<li data-start=\"2795\" data-end=\"2929\"><strong data-start=\"2795\" data-end=\"2809\">Langlaufen<\/strong> ist, wenn die Bedingungen passen, mein absoluter Winterfavorit: Ausdauer, Technik, Natur und frische Bergluft in einem.<\/li>\n<\/ul>\n<p data-start=\"2931\" data-end=\"3343\">Diese Mischung h\u00e4lt mich auf eine Art fit, die reines Indoor Cycling allein nicht kann. Klar, ich starte im Fr\u00fchjahr nicht ganz so radfit wie jemand, der*die den Winter konsequent auf Zwift verbringt. Bislang ist das f\u00fcr mich aber ein guter Kompromiss. Und es tut verdammt gut, ein paar Monate lang nicht permanent Wattzahlen hinterherzujagen. Diese lockerere Struktur setzt meine Motivation jedes Jahr neu frei.<\/p>\n<hr data-start=\"3345\" data-end=\"3348\" \/>\n<h2 data-start=\"3350\" data-end=\"3396\"><strong>Was Indoor Cycling trotzdem attraktiv macht<\/strong><\/h2>\n<p data-start=\"3398\" data-end=\"3552\">Ich verstehe absolut, warum viele auf Indoor-Training schw\u00f6ren. Es h\u00e4lt dich im Flow, deine Beine sind im M\u00e4rz sofort bereit \u2013 und es l\u00f6st echte Probleme:<\/p>\n<ul>\n<li data-start=\"3556\" data-end=\"3620\"><strong data-start=\"3556\" data-end=\"3580\">Zu wenig Tageslicht:<\/strong> Trainiere einfach, wann es dir passt.<\/li>\n<li data-start=\"3623\" data-end=\"3678\"><strong data-start=\"3623\" data-end=\"3647\">Glatteis und St\u00fcrze:<\/strong> Kein Risiko, keine Ausreden.<\/li>\n<li data-start=\"3681\" data-end=\"3755\"><strong data-start=\"3681\" data-end=\"3696\">Wenig Zeit:<\/strong> In einer Stunde hast du eine komplette Einheit erledigt.<\/li>\n<li data-start=\"3758\" data-end=\"3839\"><strong data-start=\"3758\" data-end=\"3781\">Saubere Intervalle:<\/strong> Outdoor oft schwer umzusetzen, drinnen perfekt steuerbar.<\/li>\n<\/ul>\n<p data-start=\"3841\" data-end=\"4254\">Weil ich nicht indoor trainiere, kenne ich auch die Grenzen meines Ansatzes: weniger Konstanz, totale Abh\u00e4ngigkeit vom Wetter und ein leichter Fitnessverlust auf dem Rad. Ich bin vielleicht kein Indoor-Cyclist \u2013 aber ich halte mir die Option offen. Winterfitness ist kein One-Way-Street. Indoor Cycling ist nur ein Werkzeug im gro\u00dfen Trainingskoffer. Wichtig ist herauszufinden, wann es f\u00fcr dich das richtige ist.<\/p>\n<p data-start=\"4256\" data-end=\"4338\">Beim n\u00e4chsten Mal schreibe ich dar\u00fcber, wann dieser Moment f\u00fcr mich kommen k\u00f6nnte.<\/p>\n","protected":false},"excerpt":{"rendered":"<p>F\u00fcr viele Radsportler*innen bedeutet Winter: ab in die Garage, Smart Trainer einschalten und auf Zwift oder Rouvy strukturierte Intervalle abspulen. [&hellip;]<\/p>\n","protected":false},"author":115,"featured_media":12210,"comment_status":"open","ping_status":"open","sticky":false,"template":"","format":"standard","meta":{"footnotes":""},"categories":[122],"tags":[],"global-categories":[19],"class_list":["post-12209","post","type-post","status-publish","format-standard","has-post-thumbnail","hentry","category-gesundheit-training","global-categories-cycling"],"yoast_head":"<!-- This site is optimized with the Yoast SEO Premium plugin v25.3 (Yoast SEO v25.9) - https:\/\/yoast.com\/wordpress\/plugins\/seo\/ -->\n<title>Einblick in Indoor Cycling: Warum ich noch nicht drinnen trainiere... - \u0160koda We Love Cycling - Deutschland<\/title>\n<meta name=\"description\" content=\"Warum ich im Winter trotz Zwift-Hype drau\u00dfen trainiere \u2013 und welche Sportarten mich fit halten, ohne auf einen Rollentrainer zu setzen.\" \/>\n<meta name=\"robots\" content=\"index, follow, max-snippet:-1, max-image-preview:large, max-video-preview:-1\" \/>\n<link rel=\"canonical\" href=\"https:\/\/www.welovecycling.com\/de\/2025\/12\/04\/einblick-in-indoor-cycling-warum-ich-noch-nicht-drinnen-trainiere\/\" \/>\n<meta property=\"og:locale\" content=\"de_DE\" \/>\n<meta property=\"og:type\" content=\"article\" \/>\n<meta property=\"og:title\" content=\"Einblick in Indoor Cycling: Warum ich noch nicht drinnen trainiere...\" \/>\n<meta property=\"og:description\" content=\"Warum ich im Winter trotz Zwift-Hype drau\u00dfen trainiere \u2013 und welche Sportarten mich fit halten, ohne auf einen Rollentrainer zu setzen.\" \/>\n<meta property=\"og:url\" content=\"https:\/\/www.welovecycling.com\/de\/2025\/12\/04\/einblick-in-indoor-cycling-warum-ich-noch-nicht-drinnen-trainiere\/\" \/>\n<meta property=\"og:site_name\" content=\"\u0160koda We Love Cycling - Deutschland\" \/>\n<meta property=\"article:published_time\" content=\"2025-12-04T07:00:30+00:00\" \/>\n<meta property=\"article:modified_time\" content=\"2025-12-09T08:59:06+00:00\" \/>\n<meta property=\"og:image\" content=\"https:\/\/d2p6e6u75xmxt8.cloudfront.net\/10\/2025\/12\/indoor-cycling.webp\" \/>\n\t<meta property=\"og:image:width\" content=\"986\" \/>\n\t<meta property=\"og:image:height\" content=\"657\" \/>\n\t<meta property=\"og:image:type\" content=\"image\/webp\" \/>\n<meta name=\"author\" content=\"jbraeker\" \/>\n<meta name=\"twitter:card\" content=\"summary_large_image\" \/>\n<meta name=\"twitter:label1\" content=\"Written by\" \/>\n\t<meta name=\"twitter:data1\" content=\"Jiri Kaloc\" \/>\n\t<meta name=\"twitter:label2\" content=\"Est. reading time\" \/>\n\t<meta name=\"twitter:data2\" content=\"2\" \/>\n<script type=\"application\/ld+json\" class=\"yoast-schema-graph\">{\"@context\":\"https:\/\/schema.org\",\"@graph\":[{\"@type\":\"WebPage\",\"@id\":\"https:\/\/www.welovecycling.com\/de\/2025\/12\/04\/einblick-in-indoor-cycling-warum-ich-noch-nicht-drinnen-trainiere\/\",\"url\":\"https:\/\/www.welovecycling.com\/de\/2025\/12\/04\/einblick-in-indoor-cycling-warum-ich-noch-nicht-drinnen-trainiere\/\",\"name\":\"Einblick in Indoor Cycling: Warum ich noch nicht drinnen trainiere... - \u0160koda We Love Cycling - Deutschland\",\"isPartOf\":{\"@id\":\"https:\/\/www.welovecycling.com\/de\/#website\"},\"primaryImageOfPage\":{\"@id\":\"https:\/\/www.welovecycling.com\/de\/2025\/12\/04\/einblick-in-indoor-cycling-warum-ich-noch-nicht-drinnen-trainiere\/#primaryimage\"},\"image\":{\"@id\":\"https:\/\/www.welovecycling.com\/de\/2025\/12\/04\/einblick-in-indoor-cycling-warum-ich-noch-nicht-drinnen-trainiere\/#primaryimage\"},\"thumbnailUrl\":\"https:\/\/d2p6e6u75xmxt8.cloudfront.net\/10\/2025\/12\/indoor-cycling.webp\",\"datePublished\":\"2025-12-04T07:00:30+00:00\",\"dateModified\":\"2025-12-09T08:59:06+00:00\",\"author\":{\"@id\":\"https:\/\/www.welovecycling.com\/de\/#\/schema\/person\/915694b3c8d0de9019932587781ba6b3\"},\"description\":\"Warum ich im Winter trotz Zwift-Hype drau\u00dfen trainiere \u2013 und welche Sportarten mich fit halten, ohne auf einen Rollentrainer zu setzen.\",\"breadcrumb\":{\"@id\":\"https:\/\/www.welovecycling.com\/de\/2025\/12\/04\/einblick-in-indoor-cycling-warum-ich-noch-nicht-drinnen-trainiere\/#breadcrumb\"},\"inLanguage\":\"de-DE\",\"potentialAction\":[{\"@type\":\"ReadAction\",\"target\":[\"https:\/\/www.welovecycling.com\/de\/2025\/12\/04\/einblick-in-indoor-cycling-warum-ich-noch-nicht-drinnen-trainiere\/\"]}]},{\"@type\":\"ImageObject\",\"inLanguage\":\"de-DE\",\"@id\":\"https:\/\/www.welovecycling.com\/de\/2025\/12\/04\/einblick-in-indoor-cycling-warum-ich-noch-nicht-drinnen-trainiere\/#primaryimage\",\"url\":\"https:\/\/d2p6e6u75xmxt8.cloudfront.net\/10\/2025\/12\/indoor-cycling.webp\",\"contentUrl\":\"https:\/\/d2p6e6u75xmxt8.cloudfront.net\/10\/2025\/12\/indoor-cycling.webp\",\"width\":986,\"height\":657},{\"@type\":\"BreadcrumbList\",\"@id\":\"https:\/\/www.welovecycling.com\/de\/2025\/12\/04\/einblick-in-indoor-cycling-warum-ich-noch-nicht-drinnen-trainiere\/#breadcrumb\",\"itemListElement\":[{\"@type\":\"ListItem\",\"position\":1,\"name\":\"Home\",\"item\":\"https:\/\/www.welovecycling.com\/de\/\"},{\"@type\":\"ListItem\",\"position\":2,\"name\":\"Einblick in Indoor Cycling: Warum ich noch nicht drinnen trainiere&#8230;\"}]},{\"@type\":\"WebSite\",\"@id\":\"https:\/\/www.welovecycling.com\/de\/#website\",\"url\":\"https:\/\/www.welovecycling.com\/de\/\",\"name\":\"\u0160koda We Love Cycling - Deutschland\",\"description\":\"Just another \u0160koda WeLoveCycling Sites site\",\"potentialAction\":[{\"@type\":\"SearchAction\",\"target\":{\"@type\":\"EntryPoint\",\"urlTemplate\":\"https:\/\/www.welovecycling.com\/de\/?s={search_term_string}\"},\"query-input\":{\"@type\":\"PropertyValueSpecification\",\"valueRequired\":true,\"valueName\":\"search_term_string\"}}],\"inLanguage\":\"de-DE\"},{\"@type\":\"Person\",\"@id\":\"https:\/\/www.welovecycling.com\/de\/#\/schema\/person\/915694b3c8d0de9019932587781ba6b3\",\"name\":\"jbraeker\",\"image\":{\"@type\":\"ImageObject\",\"inLanguage\":\"de-DE\",\"@id\":\"https:\/\/www.welovecycling.com\/de\/#\/schema\/person\/image\/\",\"url\":\"https:\/\/secure.gravatar.com\/avatar\/8b4aea90e4535aae30b5b720249e5b723ae59fcf3d54757dd8b748d97b46d3c9?s=96&d=mm&r=g\",\"contentUrl\":\"https:\/\/secure.gravatar.com\/avatar\/8b4aea90e4535aae30b5b720249e5b723ae59fcf3d54757dd8b748d97b46d3c9?s=96&d=mm&r=g\",\"caption\":\"jbraeker\"},\"url\":\"https:\/\/www.welovecycling.com\/de\/author\/jbraeker\/\"}]}<\/script>\n<!-- \/ Yoast SEO Premium plugin. -->","yoast_head_json":{"title":"Einblick in Indoor Cycling: Warum ich noch nicht drinnen trainiere... - \u0160koda We Love Cycling - Deutschland","description":"Warum ich im Winter trotz Zwift-Hype drau\u00dfen trainiere \u2013 und welche Sportarten mich fit halten, ohne auf einen Rollentrainer zu setzen.","robots":{"index":"index","follow":"follow","max-snippet":"max-snippet:-1","max-image-preview":"max-image-preview:large","max-video-preview":"max-video-preview:-1"},"canonical":"https:\/\/www.welovecycling.com\/de\/2025\/12\/04\/einblick-in-indoor-cycling-warum-ich-noch-nicht-drinnen-trainiere\/","og_locale":"de_DE","og_type":"article","og_title":"Einblick in Indoor Cycling: Warum ich noch nicht drinnen trainiere...","og_description":"Warum ich im Winter trotz Zwift-Hype drau\u00dfen trainiere \u2013 und welche Sportarten mich fit halten, ohne auf einen Rollentrainer zu setzen.","og_url":"https:\/\/www.welovecycling.com\/de\/2025\/12\/04\/einblick-in-indoor-cycling-warum-ich-noch-nicht-drinnen-trainiere\/","og_site_name":"\u0160koda We Love Cycling - Deutschland","article_published_time":"2025-12-04T07:00:30+00:00","article_modified_time":"2025-12-09T08:59:06+00:00","og_image":[{"width":986,"height":657,"url":"https:\/\/d2p6e6u75xmxt8.cloudfront.net\/10\/2025\/12\/indoor-cycling.webp","type":"image\/webp"}],"author":"jbraeker","twitter_card":"summary_large_image","twitter_misc":{"Written by":"Jiri Kaloc","Est. reading time":"2"},"schema":{"@context":"https:\/\/schema.org","@graph":[{"@type":"WebPage","@id":"https:\/\/www.welovecycling.com\/de\/2025\/12\/04\/einblick-in-indoor-cycling-warum-ich-noch-nicht-drinnen-trainiere\/","url":"https:\/\/www.welovecycling.com\/de\/2025\/12\/04\/einblick-in-indoor-cycling-warum-ich-noch-nicht-drinnen-trainiere\/","name":"Einblick in Indoor Cycling: Warum ich noch nicht drinnen trainiere... - \u0160koda We Love Cycling - Deutschland","isPartOf":{"@id":"https:\/\/www.welovecycling.com\/de\/#website"},"primaryImageOfPage":{"@id":"https:\/\/www.welovecycling.com\/de\/2025\/12\/04\/einblick-in-indoor-cycling-warum-ich-noch-nicht-drinnen-trainiere\/#primaryimage"},"image":{"@id":"https:\/\/www.welovecycling.com\/de\/2025\/12\/04\/einblick-in-indoor-cycling-warum-ich-noch-nicht-drinnen-trainiere\/#primaryimage"},"thumbnailUrl":"https:\/\/d2p6e6u75xmxt8.cloudfront.net\/10\/2025\/12\/indoor-cycling.webp","datePublished":"2025-12-04T07:00:30+00:00","dateModified":"2025-12-09T08:59:06+00:00","author":{"@id":"https:\/\/www.welovecycling.com\/de\/#\/schema\/person\/915694b3c8d0de9019932587781ba6b3"},"description":"Warum ich im Winter trotz Zwift-Hype drau\u00dfen trainiere \u2013 und welche Sportarten mich fit halten, ohne auf einen Rollentrainer zu setzen.","breadcrumb":{"@id":"https:\/\/www.welovecycling.com\/de\/2025\/12\/04\/einblick-in-indoor-cycling-warum-ich-noch-nicht-drinnen-trainiere\/#breadcrumb"},"inLanguage":"de-DE","potentialAction":[{"@type":"ReadAction","target":["https:\/\/www.welovecycling.com\/de\/2025\/12\/04\/einblick-in-indoor-cycling-warum-ich-noch-nicht-drinnen-trainiere\/"]}]},{"@type":"ImageObject","inLanguage":"de-DE","@id":"https:\/\/www.welovecycling.com\/de\/2025\/12\/04\/einblick-in-indoor-cycling-warum-ich-noch-nicht-drinnen-trainiere\/#primaryimage","url":"https:\/\/d2p6e6u75xmxt8.cloudfront.net\/10\/2025\/12\/indoor-cycling.webp","contentUrl":"https:\/\/d2p6e6u75xmxt8.cloudfront.net\/10\/2025\/12\/indoor-cycling.webp","width":986,"height":657},{"@type":"BreadcrumbList","@id":"https:\/\/www.welovecycling.com\/de\/2025\/12\/04\/einblick-in-indoor-cycling-warum-ich-noch-nicht-drinnen-trainiere\/#breadcrumb","itemListElement":[{"@type":"ListItem","position":1,"name":"Home","item":"https:\/\/www.welovecycling.com\/de\/"},{"@type":"ListItem","position":2,"name":"Einblick in Indoor Cycling: Warum ich noch nicht drinnen trainiere&#8230;"}]},{"@type":"WebSite","@id":"https:\/\/www.welovecycling.com\/de\/#website","url":"https:\/\/www.welovecycling.com\/de\/","name":"\u0160koda We Love Cycling - Deutschland","description":"Just another \u0160koda WeLoveCycling Sites site","potentialAction":[{"@type":"SearchAction","target":{"@type":"EntryPoint","urlTemplate":"https:\/\/www.welovecycling.com\/de\/?s={search_term_string}"},"query-input":{"@type":"PropertyValueSpecification","valueRequired":true,"valueName":"search_term_string"}}],"inLanguage":"de-DE"},{"@type":"Person","@id":"https:\/\/www.welovecycling.com\/de\/#\/schema\/person\/915694b3c8d0de9019932587781ba6b3","name":"jbraeker","image":{"@type":"ImageObject","inLanguage":"de-DE","@id":"https:\/\/www.welovecycling.com\/de\/#\/schema\/person\/image\/","url":"https:\/\/secure.gravatar.com\/avatar\/8b4aea90e4535aae30b5b720249e5b723ae59fcf3d54757dd8b748d97b46d3c9?s=96&d=mm&r=g","contentUrl":"https:\/\/secure.gravatar.com\/avatar\/8b4aea90e4535aae30b5b720249e5b723ae59fcf3d54757dd8b748d97b46d3c9?s=96&d=mm&r=g","caption":"jbraeker"},"url":"https:\/\/www.welovecycling.com\/de\/author\/jbraeker\/"}]}},"_links":{"self":[{"href":"https:\/\/www.welovecycling.com\/de\/wp-json\/wp\/v2\/posts\/12209","targetHints":{"allow":["GET"]}}],"collection":[{"href":"https:\/\/www.welovecycling.com\/de\/wp-json\/wp\/v2\/posts"}],"about":[{"href":"https:\/\/www.welovecycling.com\/de\/wp-json\/wp\/v2\/types\/post"}],"author":[{"embeddable":true,"href":"https:\/\/www.welovecycling.com\/de\/wp-json\/wp\/v2\/users\/115"}],"replies":[{"embeddable":true,"href":"https:\/\/www.welovecycling.com\/de\/wp-json\/wp\/v2\/comments?post=12209"}],"version-history":[{"count":2,"href":"https:\/\/www.welovecycling.com\/de\/wp-json\/wp\/v2\/posts\/12209\/revisions"}],"predecessor-version":[{"id":12214,"href":"https:\/\/www.welovecycling.com\/de\/wp-json\/wp\/v2\/posts\/12209\/revisions\/12214"}],"wp:featuredmedia":[{"embeddable":true,"href":"https:\/\/www.welovecycling.com\/de\/wp-json\/wp\/v2\/media\/12210"}],"wp:attachment":[{"href":"https:\/\/www.welovecycling.com\/de\/wp-json\/wp\/v2\/media?parent=12209"}],"wp:term":[{"taxonomy":"category","embeddable":true,"href":"https:\/\/www.welovecycling.com\/de\/wp-json\/wp\/v2\/categories?post=12209"},{"taxonomy":"post_tag","embeddable":true,"href":"https:\/\/www.welovecycling.com\/de\/wp-json\/wp\/v2\/tags?post=12209"},{"taxonomy":"global-categories","embeddable":true,"href":"https:\/\/www.welovecycling.com\/de\/wp-json\/wp\/v2\/global-categories?post=12209"}],"curies":[{"name":"wp","href":"https:\/\/api.w.org\/{rel}","templated":true}]}}