{"id":12093,"date":"2025-10-08T10:08:03","date_gmt":"2025-10-08T09:08:03","guid":{"rendered":"https:\/\/www.welovecycling.com\/de\/?p=12093"},"modified":"2025-10-21T07:50:24","modified_gmt":"2025-10-21T06:50:24","slug":"warum-gravel-das-ultimative-herbst-erlebnis-fuer-alle-radfahrer-ist","status":"publish","type":"post","link":"https:\/\/www.welovecycling.com\/de\/2025\/10\/08\/warum-gravel-das-ultimative-herbst-erlebnis-fuer-alle-radfahrer-ist\/","title":{"rendered":"Warum Gravel das ultimative Herbst-Erlebnis f\u00fcr alle Radfahrer ist"},"content":{"rendered":"<p><strong>Oh Mann, ich hatte es so satt, mich beim Fahren wie lauwarme Suppe zu f\u00fchlen. Zum Gl\u00fcck ist die Sommerhitze vorbei \u2013 endlich Zeit f\u00fcr k\u00fchle Fahrten, bei denen meine N\u00e4sse allein davon abh\u00e4ngt, wie stark es regnet. Der Herbst ist zweifellos eine fantastische Jahreszeit zum Radfahren. Die Luft ist frisch, die Ausblicke spektakul\u00e4r, und die Touren machen einfach mehr Spa\u00df. Pendeln? Eher weniger. Irgendwie kommt es bei Arbeitgebern nicht so gut an, wenn man aussieht wie ein feuchtes Handtuch aus dem Hammam.<\/strong><\/p>\n<p><!--more--><\/p>\n<p>Aber wenn es ums eigentliche Radfahren geht, ist der Herbst f\u00fcr alle etwas. Ob Rennrad oder MTB \u2013 beide haben ihren Reiz. Doch wenn es eine Disziplin gibt, die diese Jahreszeit wirklich beherrscht, dann ist es <strong data-start=\"931\" data-end=\"941\">Gravel<\/strong>. Hier sind sieben Gr\u00fcnde, warum du es dieses Jahr ausprobieren solltest.<\/p>\n<hr data-start=\"1016\" data-end=\"1019\" \/>\n<h2 data-start=\"1021\" data-end=\"1043\">Perfektes Wetter<\/h2>\n<p data-start=\"1044\" data-end=\"1529\">Keine Braterei mehr auf Asphalt wie ein menschliches Schnitzel. Der Herbst k\u00fchlt alles ab \u2013 gro\u00dfartig f\u00fcr Rennradfahrer, bis man merkt, dass sie schnell genug fahren, um aus einem leichten Windzug ein kleines Sibirien zu machen. 35 km\/h bei dem Wunsch, man k\u00f6nnte wie Alaphilippe ein Pappschild greifen und sich damit isolieren \u2013 das ist kein Spa\u00df. MTB? Das macht das ganze Jahr \u00fcber Laune, aber im Herbst ist jeder falsche Linienwahl ein Freifahrtschein f\u00fcr ein Ganzk\u00f6rper-Schlammbad.<\/p>\n<p data-start=\"1531\" data-end=\"2076\">Gravel trifft genau die Mitte. Die Geschwindigkeit ist konstant, aber nicht eisig. Der Boden bleibt griffig, nicht sumpfig. Du f\u00e4hrst schnell genug, um Strecke zu machen, aber langsam genug, um noch Gef\u00fchl in den Fingern zu haben. Die meisten Routen liegen tiefer, also kein extremes Schwitzen beim Anstieg und Frieren auf dem Gipfel \u2013 wie ein sehr verschwitztes, wenig schmackhaftes Eis am Stiel. Gravel bedeutet Abenteuer ohne Extreme. Der Herbst wird endlich wieder eine Jahreszeit, in der man das Fahren genie\u00dfen kann \u2013 nicht blo\u00df \u00fcberleben.<\/p>\n<h2 data-start=\"1531\" data-end=\"2076\">Saisonverl\u00e4ngerung f\u00fcr Einsteiger<\/h2>\n<p data-start=\"2123\" data-end=\"2632\">Anf\u00e4nger lieben den Sommer. Trockener Asphalt, berechenbare Trails, keine glitschigen Bl\u00e4tter, die Schlagl\u00f6cher wie fiese kleine Fallen tarnen. MTB im Sommer? Super \u2013 keine nassen Wurzeln, die dich vom Trail katapultieren. Rennradfahren? Angenehm glatt und sicher \u2013 solange man nicht auf dem schwarzen Teer dahin schmilzt. Der Herbst \u00e4ndert die Spielregeln: Stra\u00dfen werden rutschig, MTB-Strecken verwandeln sich in Hindernisparcours, und pl\u00f6tzlich f\u00fchlt sich der sichere Sommer wie ein feindliches Terrain an.<\/p>\n<p data-start=\"2634\" data-end=\"3031\">Gravel ist da das sichere Refugium. Feuchte Wege bieten Halt, ohne Eislaufbahn zu werden. Das Gel\u00e4nde ist abwechslungsreich, aber selten so technisch, dass ein kleiner Fehler direkt im Krankenhaus endet. Man rutscht ein wenig \u2013 aber kontrolliert, nicht panisch. F\u00fcr alle, die auch nach September weiterfahren wollen, ohne sich Hals, R\u00fccken oder Hintern zu riskieren, ist Gravel das goldene Ticket.<\/p>\n<hr data-start=\"3033\" data-end=\"3036\" \/>\n<h2 data-start=\"3038\" data-end=\"3070\">Endlich staubfreie Fahrten<\/h2>\n<p data-start=\"3071\" data-end=\"3372\">Gravel im Sommer macht Spa\u00df \u2013 bis auf den Staub. Im August atmest du im Grunde die Sahara ein. Dein Wasser schmeckt nach Drecksuppe, deine Nase wird zum Staubfilter, und deine Lunge baut kleine Sandburgen. Zehn Minuten im Windschatten, und du brauchst einen Arch\u00e4ologen, um deine Z\u00e4hne wiederzufinden.<\/p>\n<p data-start=\"3374\" data-end=\"3823\">Der Herbst l\u00f6st das Problem. Ein bisschen Regen h\u00e4lt den Boden feucht, und der Staub bleibt da, wo er hingeh\u00f6rt \u2013 am Boden. Anders als nasser Asphalt, der sich in eine Rutschbahn verwandelt, oder MTB-Trails, die zu Schlammschlachten werden, ist Gravel im Herbst perfekt: fest, griffig und endlich atembar. Endlich schmeckt das Wasser wieder nach Wasser, du isst keine 300 Kalorien Erde, und deine Augen bleiben offen, ohne zu Sandk\u00e4sten zu mutieren.<\/p>\n<hr data-start=\"3825\" data-end=\"3828\" \/>\n<h2 data-start=\"3830\" data-end=\"3856\">Keine Touristen mehr<\/h2>\n<p data-start=\"3857\" data-end=\"4097\">Sommer-Gravel-Fahrten sind ein Geduldstest. Quads, Buggys, Familien, die den ganzen Weg blockieren, weil Klein-Timmy diagonal fahren will \u2013 jede Ausfahrt f\u00fchlt sich an wie ein Hindernisparcours, entworfen von Menschen, die Radfahrer hassen.<\/p>\n<p data-start=\"4099\" data-end=\"4473\">Im Herbst ist die B\u00fchne frei. Die Touristen packen ein, die Familienausfl\u00fcge verschwinden, und pl\u00f6tzlich geh\u00f6ren die Wege wieder dir. Kein Slalom um Picknickgruppen, keine Ausweichman\u00f6ver vor ATV-Karawanen \u2013 nur du, das Knistern der Reifen und ab und zu ein Vogel, der dich misstrauisch be\u00e4ugt. Gravel im Herbst ist endlich das, was es sein sollte: ruhig, gleichm\u00e4\u00dfig, frei.<\/p>\n<hr data-start=\"4475\" data-end=\"4478\" \/>\n<h2 data-start=\"4480\" data-end=\"4519\">Nach der Ernte geht\u2019s richtig los<\/h2>\n<p data-start=\"4520\" data-end=\"4866\">Im Sommer sind viele Schotterwege von Traktoren, M\u00e4hdreschern und Landwirten besetzt \u2013 die, die f\u00fcr dein Pausenbrot sorgen. Im Herbst ist die Ernte vorbei, die Felder sind leer, und dieselben Wege werden zu deinem Spielplatz. Keine Maschinen mehr, kein peinliches Winken zu Landwirten, die dich fragend anschauen. Nur weite, stille Wege \u2013 und du.<\/p>\n<p data-start=\"4868\" data-end=\"5064\">Es ist die eine Zeit im Jahr, in der du das Landleben genie\u00dfen kannst, ohne dich zu f\u00fchlen, als w\u00fcrdest du jemandem im B\u00fcro auf den Schreibtisch steigen \u2013 es sei denn, du z\u00e4hlst K\u00fche als Kollegen.<\/p>\n<hr data-start=\"5066\" data-end=\"5069\" \/>\n<h2 data-start=\"5071\" data-end=\"5112\">Farben, f\u00fcr die man langsamer f\u00e4hrt<\/h2>\n<p data-start=\"5113\" data-end=\"5349\">Die Wiesen, die B\u00e4ume, das Licht \u2013 alles verabschiedet sich langsam. Sch\u00f6n und traurig zugleich. Und bevor ich jetzt anfange, \u00fcber die Poesie des Verfalls zu singen: Der Herbst sieht einfach atemberaubend aus \u2013 und man sollte ihn sehen.<\/p>\n<p data-start=\"5351\" data-end=\"5767\">Gravel ist der beste Weg dazu. Auf der Stra\u00dfe musst du dich auf Verkehr und nasse Bl\u00e4tter konzentrieren, im Wald k\u00e4mpfst du mit Matsch und Wurzeln. Auf Schotter f\u00e4hrst du in genau dem Tempo, das erlaubt, stehenzubleiben, ein Foto zu machen oder einfach nur den Blick schweifen zu lassen. Gravel ist das Slow Cinema des Radfahrens \u2013 wundersch\u00f6n, ruhig, ein bisschen melancholisch und ohne anschlie\u00dfende Schlammdusche.<\/p>\n<hr data-start=\"5769\" data-end=\"5772\" \/>\n<h2 data-start=\"5774\" data-end=\"5808\">Es ist <strong data-start=\"5785\" data-end=\"5792\">DIE<\/strong> Gravel-Saison<\/h2>\n<p data-start=\"5809\" data-end=\"6105\">Im Herbst geh\u00f6rt die B\u00fchne dem Gravel. Das Rennrad ist im Winterschlaf, die MTB-Trails sind halbe S\u00fcmpfe \u2013 aber Gravel? Gravel bl\u00fcht auf. Community-Rides, lokale Events, epische Langstrecken mit \u201eSpa\u00df\u201c-Versprechen (lies: Schmerzen) und das Caf\u00e9 mit den legend\u00e4ren Zimtschnecken hat \u201eWinterpause\u201c.<\/p>\n<p data-start=\"6107\" data-end=\"6360\">Gravel schl\u00e4ft nicht. Es bringt Fahrer zusammen, l\u00e4sst sie durchs Land rollen und verwandelt die Nachsaison in ein Fest. Ob du f\u00fcrs Podium k\u00e4mpfst oder nur dem Foodtruck nachjagst \u2013 Herbst-Gravel ist, wo der Sommergeist weiterlebt, nur ohne Hitzeschlag.<\/p>\n<p data-start=\"6362\" data-end=\"6538\">Wenn du dich jemals gefragt hast, warum Gravel die am schnellsten wachsende Leidenschaft im Radsport ist \u2013 <strong data-start=\"6469\" data-end=\"6499\">der Herbst ist die Antwort<\/strong>. Das ist seine Zeit, sein Glanzmoment.<\/p>\n<hr data-start=\"6540\" data-end=\"6543\" \/>\n<h2 data-start=\"6545\" data-end=\"6578\">Die Goldl\u00f6ckchen-Jahreszeit<\/h2>\n<p data-start=\"6579\" data-end=\"6965\">Der Herbst geh\u00f6rt weder frierenden Rennradlern noch Matsch-liebenden Mountainbikern \u2013 er geh\u00f6rt Gravel. Das Wetter ist k\u00fchl, aber freundlich. Die Wege sind fest, aber staubfrei. Die Landschaft melancholisch genug, um selbst harte Kerle kurz innehalten zu lassen. Gravel im Herbst ist das perfekte Gleichgewicht: Abenteuer ohne Chaos. Sch\u00f6nheit ohne Drama. Herausforderung ohne Wahnsinn.<\/p>\n<p data-start=\"6967\" data-end=\"7220\">Der Sommer hatte seinen Glanz, der Winter seine Leiden \u2013 doch der Herbst? Der geh\u00f6rt Gravel. Und wer jetzt f\u00e4hrt, erinnert sich wieder daran, warum er das Radfahren \u00fcberhaupt liebt \u2026 auch wenn die Schuhe erst im n\u00e4chsten Sommer wieder ganz trocken sind.<\/p>\n","protected":false},"excerpt":{"rendered":"<p>Oh Mann, ich hatte es so satt, mich beim Fahren wie lauwarme Suppe zu f\u00fchlen. Zum Gl\u00fcck ist die Sommerhitze [&hellip;]<\/p>\n","protected":false},"author":115,"featured_media":12094,"comment_status":"open","ping_status":"open","sticky":false,"template":"","format":"standard","meta":{"footnotes":""},"categories":[1,127],"tags":[],"global-categories":[19],"class_list":["post-12093","post","type-post","status-publish","format-standard","has-post-thumbnail","hentry","category-allgemein","category-outdoor-mountain","global-categories-cycling"],"yoast_head":"<!-- This site is optimized with the Yoast SEO Premium plugin v25.3 (Yoast SEO v25.9) - https:\/\/yoast.com\/wordpress\/plugins\/seo\/ -->\n<title>Warum Gravel das ultimative Herbst-Erlebnis f\u00fcr alle Radfahrer ist - \u0160koda We Love Cycling - Deutschland<\/title>\n<meta name=\"description\" content=\"Entdecke, warum Gravel im Herbst unschlagbar ist \u2013 perfekte Bedingungen, kein Staub, keine Touristen, nur du, Natur und grenzenloser Fahrspa\u00df.\" \/>\n<meta name=\"robots\" content=\"index, follow, max-snippet:-1, max-image-preview:large, max-video-preview:-1\" \/>\n<link rel=\"canonical\" href=\"https:\/\/www.welovecycling.com\/de\/2025\/10\/08\/warum-gravel-das-ultimative-herbst-erlebnis-fuer-alle-radfahrer-ist\/\" \/>\n<meta property=\"og:locale\" content=\"de_DE\" \/>\n<meta property=\"og:type\" content=\"article\" \/>\n<meta property=\"og:title\" content=\"Warum Gravel das ultimative Herbst-Erlebnis f\u00fcr alle Radfahrer ist\" \/>\n<meta property=\"og:description\" content=\"Entdecke, warum Gravel im Herbst unschlagbar ist \u2013 perfekte Bedingungen, kein Staub, keine Touristen, nur du, Natur und grenzenloser Fahrspa\u00df.\" \/>\n<meta property=\"og:url\" content=\"https:\/\/www.welovecycling.com\/de\/2025\/10\/08\/warum-gravel-das-ultimative-herbst-erlebnis-fuer-alle-radfahrer-ist\/\" \/>\n<meta property=\"og:site_name\" content=\"\u0160koda We Love Cycling - Deutschland\" \/>\n<meta property=\"article:published_time\" content=\"2025-10-08T09:08:03+00:00\" \/>\n<meta property=\"article:modified_time\" content=\"2025-10-21T06:50:24+00:00\" \/>\n<meta property=\"og:image\" content=\"https:\/\/d2p6e6u75xmxt8.cloudfront.net\/10\/2025\/10\/Screenshot-23.webp\" \/>\n\t<meta property=\"og:image:width\" content=\"983\" \/>\n\t<meta property=\"og:image:height\" content=\"655\" \/>\n\t<meta property=\"og:image:type\" content=\"image\/webp\" \/>\n<meta name=\"author\" content=\"jbraeker\" \/>\n<meta name=\"twitter:card\" content=\"summary_large_image\" \/>\n<meta name=\"twitter:label1\" content=\"Written by\" \/>\n\t<meta name=\"twitter:data1\" content=\"Martin Atanasov\" \/>\n\t<meta name=\"twitter:label2\" content=\"Est. reading time\" \/>\n\t<meta name=\"twitter:data2\" content=\"3\" \/>\n<script type=\"application\/ld+json\" class=\"yoast-schema-graph\">{\"@context\":\"https:\/\/schema.org\",\"@graph\":[{\"@type\":\"WebPage\",\"@id\":\"https:\/\/www.welovecycling.com\/de\/2025\/10\/08\/warum-gravel-das-ultimative-herbst-erlebnis-fuer-alle-radfahrer-ist\/\",\"url\":\"https:\/\/www.welovecycling.com\/de\/2025\/10\/08\/warum-gravel-das-ultimative-herbst-erlebnis-fuer-alle-radfahrer-ist\/\",\"name\":\"Warum Gravel das ultimative Herbst-Erlebnis f\u00fcr alle Radfahrer ist - \u0160koda We Love Cycling - Deutschland\",\"isPartOf\":{\"@id\":\"https:\/\/www.welovecycling.com\/de\/#website\"},\"primaryImageOfPage\":{\"@id\":\"https:\/\/www.welovecycling.com\/de\/2025\/10\/08\/warum-gravel-das-ultimative-herbst-erlebnis-fuer-alle-radfahrer-ist\/#primaryimage\"},\"image\":{\"@id\":\"https:\/\/www.welovecycling.com\/de\/2025\/10\/08\/warum-gravel-das-ultimative-herbst-erlebnis-fuer-alle-radfahrer-ist\/#primaryimage\"},\"thumbnailUrl\":\"https:\/\/d2p6e6u75xmxt8.cloudfront.net\/10\/2025\/10\/Screenshot-23.webp\",\"datePublished\":\"2025-10-08T09:08:03+00:00\",\"dateModified\":\"2025-10-21T06:50:24+00:00\",\"author\":{\"@id\":\"https:\/\/www.welovecycling.com\/de\/#\/schema\/person\/915694b3c8d0de9019932587781ba6b3\"},\"description\":\"Entdecke, warum Gravel im Herbst unschlagbar ist \u2013 perfekte Bedingungen, kein Staub, keine Touristen, nur du, Natur und grenzenloser Fahrspa\u00df.\",\"breadcrumb\":{\"@id\":\"https:\/\/www.welovecycling.com\/de\/2025\/10\/08\/warum-gravel-das-ultimative-herbst-erlebnis-fuer-alle-radfahrer-ist\/#breadcrumb\"},\"inLanguage\":\"de-DE\",\"potentialAction\":[{\"@type\":\"ReadAction\",\"target\":[\"https:\/\/www.welovecycling.com\/de\/2025\/10\/08\/warum-gravel-das-ultimative-herbst-erlebnis-fuer-alle-radfahrer-ist\/\"]}]},{\"@type\":\"ImageObject\",\"inLanguage\":\"de-DE\",\"@id\":\"https:\/\/www.welovecycling.com\/de\/2025\/10\/08\/warum-gravel-das-ultimative-herbst-erlebnis-fuer-alle-radfahrer-ist\/#primaryimage\",\"url\":\"https:\/\/d2p6e6u75xmxt8.cloudfront.net\/10\/2025\/10\/Screenshot-23.webp\",\"contentUrl\":\"https:\/\/d2p6e6u75xmxt8.cloudfront.net\/10\/2025\/10\/Screenshot-23.webp\",\"width\":983,\"height\":655},{\"@type\":\"BreadcrumbList\",\"@id\":\"https:\/\/www.welovecycling.com\/de\/2025\/10\/08\/warum-gravel-das-ultimative-herbst-erlebnis-fuer-alle-radfahrer-ist\/#breadcrumb\",\"itemListElement\":[{\"@type\":\"ListItem\",\"position\":1,\"name\":\"Home\",\"item\":\"https:\/\/www.welovecycling.com\/de\/\"},{\"@type\":\"ListItem\",\"position\":2,\"name\":\"Warum Gravel das ultimative Herbst-Erlebnis f\u00fcr alle Radfahrer ist\"}]},{\"@type\":\"WebSite\",\"@id\":\"https:\/\/www.welovecycling.com\/de\/#website\",\"url\":\"https:\/\/www.welovecycling.com\/de\/\",\"name\":\"\u0160koda We Love Cycling - Deutschland\",\"description\":\"Just another \u0160koda WeLoveCycling Sites site\",\"potentialAction\":[{\"@type\":\"SearchAction\",\"target\":{\"@type\":\"EntryPoint\",\"urlTemplate\":\"https:\/\/www.welovecycling.com\/de\/?s={search_term_string}\"},\"query-input\":{\"@type\":\"PropertyValueSpecification\",\"valueRequired\":true,\"valueName\":\"search_term_string\"}}],\"inLanguage\":\"de-DE\"},{\"@type\":\"Person\",\"@id\":\"https:\/\/www.welovecycling.com\/de\/#\/schema\/person\/915694b3c8d0de9019932587781ba6b3\",\"name\":\"jbraeker\",\"image\":{\"@type\":\"ImageObject\",\"inLanguage\":\"de-DE\",\"@id\":\"https:\/\/www.welovecycling.com\/de\/#\/schema\/person\/image\/\",\"url\":\"https:\/\/secure.gravatar.com\/avatar\/8b4aea90e4535aae30b5b720249e5b723ae59fcf3d54757dd8b748d97b46d3c9?s=96&d=mm&r=g\",\"contentUrl\":\"https:\/\/secure.gravatar.com\/avatar\/8b4aea90e4535aae30b5b720249e5b723ae59fcf3d54757dd8b748d97b46d3c9?s=96&d=mm&r=g\",\"caption\":\"jbraeker\"},\"url\":\"https:\/\/www.welovecycling.com\/de\/author\/jbraeker\/\"}]}<\/script>\n<!-- \/ Yoast SEO Premium plugin. -->","yoast_head_json":{"title":"Warum Gravel das ultimative Herbst-Erlebnis f\u00fcr alle Radfahrer ist - \u0160koda We Love Cycling - Deutschland","description":"Entdecke, warum Gravel im Herbst unschlagbar ist \u2013 perfekte Bedingungen, kein Staub, keine Touristen, nur du, Natur und grenzenloser Fahrspa\u00df.","robots":{"index":"index","follow":"follow","max-snippet":"max-snippet:-1","max-image-preview":"max-image-preview:large","max-video-preview":"max-video-preview:-1"},"canonical":"https:\/\/www.welovecycling.com\/de\/2025\/10\/08\/warum-gravel-das-ultimative-herbst-erlebnis-fuer-alle-radfahrer-ist\/","og_locale":"de_DE","og_type":"article","og_title":"Warum Gravel das ultimative Herbst-Erlebnis f\u00fcr alle Radfahrer ist","og_description":"Entdecke, warum Gravel im Herbst unschlagbar ist \u2013 perfekte Bedingungen, kein Staub, keine Touristen, nur du, Natur und grenzenloser Fahrspa\u00df.","og_url":"https:\/\/www.welovecycling.com\/de\/2025\/10\/08\/warum-gravel-das-ultimative-herbst-erlebnis-fuer-alle-radfahrer-ist\/","og_site_name":"\u0160koda We Love Cycling - Deutschland","article_published_time":"2025-10-08T09:08:03+00:00","article_modified_time":"2025-10-21T06:50:24+00:00","og_image":[{"width":983,"height":655,"url":"https:\/\/d2p6e6u75xmxt8.cloudfront.net\/10\/2025\/10\/Screenshot-23.webp","type":"image\/webp"}],"author":"jbraeker","twitter_card":"summary_large_image","twitter_misc":{"Written by":"Martin Atanasov","Est. reading time":"3"},"schema":{"@context":"https:\/\/schema.org","@graph":[{"@type":"WebPage","@id":"https:\/\/www.welovecycling.com\/de\/2025\/10\/08\/warum-gravel-das-ultimative-herbst-erlebnis-fuer-alle-radfahrer-ist\/","url":"https:\/\/www.welovecycling.com\/de\/2025\/10\/08\/warum-gravel-das-ultimative-herbst-erlebnis-fuer-alle-radfahrer-ist\/","name":"Warum Gravel das ultimative Herbst-Erlebnis f\u00fcr alle Radfahrer ist - \u0160koda We Love Cycling - Deutschland","isPartOf":{"@id":"https:\/\/www.welovecycling.com\/de\/#website"},"primaryImageOfPage":{"@id":"https:\/\/www.welovecycling.com\/de\/2025\/10\/08\/warum-gravel-das-ultimative-herbst-erlebnis-fuer-alle-radfahrer-ist\/#primaryimage"},"image":{"@id":"https:\/\/www.welovecycling.com\/de\/2025\/10\/08\/warum-gravel-das-ultimative-herbst-erlebnis-fuer-alle-radfahrer-ist\/#primaryimage"},"thumbnailUrl":"https:\/\/d2p6e6u75xmxt8.cloudfront.net\/10\/2025\/10\/Screenshot-23.webp","datePublished":"2025-10-08T09:08:03+00:00","dateModified":"2025-10-21T06:50:24+00:00","author":{"@id":"https:\/\/www.welovecycling.com\/de\/#\/schema\/person\/915694b3c8d0de9019932587781ba6b3"},"description":"Entdecke, warum Gravel im Herbst unschlagbar ist \u2013 perfekte Bedingungen, kein Staub, keine Touristen, nur du, Natur und grenzenloser Fahrspa\u00df.","breadcrumb":{"@id":"https:\/\/www.welovecycling.com\/de\/2025\/10\/08\/warum-gravel-das-ultimative-herbst-erlebnis-fuer-alle-radfahrer-ist\/#breadcrumb"},"inLanguage":"de-DE","potentialAction":[{"@type":"ReadAction","target":["https:\/\/www.welovecycling.com\/de\/2025\/10\/08\/warum-gravel-das-ultimative-herbst-erlebnis-fuer-alle-radfahrer-ist\/"]}]},{"@type":"ImageObject","inLanguage":"de-DE","@id":"https:\/\/www.welovecycling.com\/de\/2025\/10\/08\/warum-gravel-das-ultimative-herbst-erlebnis-fuer-alle-radfahrer-ist\/#primaryimage","url":"https:\/\/d2p6e6u75xmxt8.cloudfront.net\/10\/2025\/10\/Screenshot-23.webp","contentUrl":"https:\/\/d2p6e6u75xmxt8.cloudfront.net\/10\/2025\/10\/Screenshot-23.webp","width":983,"height":655},{"@type":"BreadcrumbList","@id":"https:\/\/www.welovecycling.com\/de\/2025\/10\/08\/warum-gravel-das-ultimative-herbst-erlebnis-fuer-alle-radfahrer-ist\/#breadcrumb","itemListElement":[{"@type":"ListItem","position":1,"name":"Home","item":"https:\/\/www.welovecycling.com\/de\/"},{"@type":"ListItem","position":2,"name":"Warum Gravel das ultimative Herbst-Erlebnis f\u00fcr alle Radfahrer ist"}]},{"@type":"WebSite","@id":"https:\/\/www.welovecycling.com\/de\/#website","url":"https:\/\/www.welovecycling.com\/de\/","name":"\u0160koda We Love Cycling - Deutschland","description":"Just another \u0160koda WeLoveCycling Sites site","potentialAction":[{"@type":"SearchAction","target":{"@type":"EntryPoint","urlTemplate":"https:\/\/www.welovecycling.com\/de\/?s={search_term_string}"},"query-input":{"@type":"PropertyValueSpecification","valueRequired":true,"valueName":"search_term_string"}}],"inLanguage":"de-DE"},{"@type":"Person","@id":"https:\/\/www.welovecycling.com\/de\/#\/schema\/person\/915694b3c8d0de9019932587781ba6b3","name":"jbraeker","image":{"@type":"ImageObject","inLanguage":"de-DE","@id":"https:\/\/www.welovecycling.com\/de\/#\/schema\/person\/image\/","url":"https:\/\/secure.gravatar.com\/avatar\/8b4aea90e4535aae30b5b720249e5b723ae59fcf3d54757dd8b748d97b46d3c9?s=96&d=mm&r=g","contentUrl":"https:\/\/secure.gravatar.com\/avatar\/8b4aea90e4535aae30b5b720249e5b723ae59fcf3d54757dd8b748d97b46d3c9?s=96&d=mm&r=g","caption":"jbraeker"},"url":"https:\/\/www.welovecycling.com\/de\/author\/jbraeker\/"}]}},"_links":{"self":[{"href":"https:\/\/www.welovecycling.com\/de\/wp-json\/wp\/v2\/posts\/12093","targetHints":{"allow":["GET"]}}],"collection":[{"href":"https:\/\/www.welovecycling.com\/de\/wp-json\/wp\/v2\/posts"}],"about":[{"href":"https:\/\/www.welovecycling.com\/de\/wp-json\/wp\/v2\/types\/post"}],"author":[{"embeddable":true,"href":"https:\/\/www.welovecycling.com\/de\/wp-json\/wp\/v2\/users\/115"}],"replies":[{"embeddable":true,"href":"https:\/\/www.welovecycling.com\/de\/wp-json\/wp\/v2\/comments?post=12093"}],"version-history":[{"count":9,"href":"https:\/\/www.welovecycling.com\/de\/wp-json\/wp\/v2\/posts\/12093\/revisions"}],"predecessor-version":[{"id":12112,"href":"https:\/\/www.welovecycling.com\/de\/wp-json\/wp\/v2\/posts\/12093\/revisions\/12112"}],"wp:featuredmedia":[{"embeddable":true,"href":"https:\/\/www.welovecycling.com\/de\/wp-json\/wp\/v2\/media\/12094"}],"wp:attachment":[{"href":"https:\/\/www.welovecycling.com\/de\/wp-json\/wp\/v2\/media?parent=12093"}],"wp:term":[{"taxonomy":"category","embeddable":true,"href":"https:\/\/www.welovecycling.com\/de\/wp-json\/wp\/v2\/categories?post=12093"},{"taxonomy":"post_tag","embeddable":true,"href":"https:\/\/www.welovecycling.com\/de\/wp-json\/wp\/v2\/tags?post=12093"},{"taxonomy":"global-categories","embeddable":true,"href":"https:\/\/www.welovecycling.com\/de\/wp-json\/wp\/v2\/global-categories?post=12093"}],"curies":[{"name":"wp","href":"https:\/\/api.w.org\/{rel}","templated":true}]}}