{"id":11923,"date":"2025-08-07T07:00:25","date_gmt":"2025-08-07T06:00:25","guid":{"rendered":"https:\/\/www.welovecycling.com\/de\/?p=11923"},"modified":"2025-08-07T07:43:40","modified_gmt":"2025-08-07T06:43:40","slug":"wie-viel-schlaf-du-brauchst-haengt-auch-davon-ab-in-welchem-land-du-lebst","status":"publish","type":"post","link":"https:\/\/www.welovecycling.com\/de\/2025\/08\/07\/wie-viel-schlaf-du-brauchst-haengt-auch-davon-ab-in-welchem-land-du-lebst\/","title":{"rendered":"Wie viel Schlaf du brauchst, h\u00e4ngt auch davon ab, in welchem Land du lebst"},"content":{"rendered":"<p data-start=\"261\" data-end=\"619\">Wie viel Schlaf ist \u201egenug\u201c? Die klassische Antwort lautet meist: sieben bis neun Stunden pro Nacht f\u00fcr Erwachsene. Doch eine neue Studie zeigt: Der tats\u00e4chliche Schlafbedarf \u2013 und vor allem das Schlafverhalten \u2013 variiert deutlich zwischen L\u00e4ndern. Und diese Unterschiede beeinflussen nicht nur die Gesundheit, sondern auch die sportliche Leistungsf\u00e4higkeit.<\/p>\n<p data-start=\"621\" data-end=\"978\">Forscherinnen und Forscher der University of Boulder, Colorado, <a href=\"https:\/\/www.pnas.org\/doi\/10.1073\/pnas.2419269122\">analysierten Schlafdaten<\/a> von mehr als 30.000 Personen aus 11 L\u00e4ndern. Die Teilnehmer:innen trugen Fitnesstracker, die ihre Schlafdauer und -qualit\u00e4t aufzeichneten. Ziel war es, herauszufinden, wie sehr kulturelle, gesellschaftliche und wirtschaftliche Unterschiede unseren Schlaf beeinflussen.<\/p>\n<h3 data-start=\"980\" data-end=\"1032\">Die Ergebnisse: gro\u00dfe Unterschiede, wenig Schlaf<\/h3>\n<p data-start=\"1034\" data-end=\"1387\">Die <a href=\"https:\/\/news.ubc.ca\/2025\/05\/whats-a-healthy-amount-of-sleep\/\">Studie<\/a> zeigt: Menschen in L\u00e4ndern mit hohem Einkommen schlafen im Durchschnitt <strong data-start=\"1117\" data-end=\"1128\">weniger<\/strong>, bewegen sich aber <strong data-start=\"1148\" data-end=\"1156\">mehr<\/strong>. In den USA und Japan schlafen Erwachsene im Schnitt <strong data-start=\"1210\" data-end=\"1229\">nur 6,5 Stunden<\/strong> pro Nacht \u2013 deutlich unter den empfohlenen sieben Stunden. Auch in Singapur oder S\u00fcdkorea liegt die durchschnittliche Schlafdauer deutlich unter dem Optimum.<\/p>\n<p data-start=\"1389\" data-end=\"1665\">In europ\u00e4ischen L\u00e4ndern wie Frankreich oder Spanien schlafen Menschen etwas l\u00e4nger (rund 7 Stunden), in den Niederlanden sogar am meisten \u2013 mit durchschnittlich <strong data-start=\"1550\" data-end=\"1565\">7,4 Stunden<\/strong> pro Nacht. Auch in Australien und Neuseeland liegen die Werte h\u00f6her als im weltweiten Durchschnitt.<\/p>\n<h3 data-start=\"1667\" data-end=\"1696\">Warum diese Unterschiede?<\/h3>\n<p data-start=\"1698\" data-end=\"2160\">Die Gr\u00fcnde sind vielf\u00e4ltig: Arbeitszeiten, Pendelzeiten, soziale Normen, Technologie-Nutzung (Stichwort: Bildschirmzeit am Abend), aber auch klimatische Bedingungen spielen eine Rolle. In Japan etwa gilt \u00dcberarbeitung als gesellschaftlich anerkannt. In S\u00fcdkorea wiederum ist Nachhilfe bis in die Nacht \u00fcblich. In s\u00fcdeurop\u00e4ischen L\u00e4ndern hingegen sind sp\u00e4tere Abendessen und soziale Aktivit\u00e4ten ein kultureller Standard \u2013 was sich auf den Schlafrhythmus auswirkt.<\/p>\n<h3 data-start=\"2162\" data-end=\"2205\">Was hei\u00dft das f\u00fcr Sport und Gesundheit?<\/h3>\n<p data-start=\"2207\" data-end=\"2457\">Zu wenig Schlaf beeintr\u00e4chtigt nicht nur die Konzentration und das Immunsystem, sondern auch die sportliche Leistungsf\u00e4higkeit. Wer regelm\u00e4\u00dfig zu wenig schl\u00e4ft, hat ein h\u00f6heres Risiko f\u00fcr Herz-Kreislauf-Erkrankungen, \u00dcbergewicht und mentale Probleme.<\/p>\n<p data-start=\"2459\" data-end=\"2712\">Die Studie unterstreicht: Empfehlungen zur \u201eidealen\u201c Schlafdauer m\u00fcssen <strong data-start=\"2531\" data-end=\"2550\">lokal angepasst<\/strong> und kulturell kontextualisiert werden. Gleichzeitig zeigt sie aber auch, dass der K\u00f6rper \u2013 unabh\u00e4ngig vom Wohnort \u2013 nicht dauerhaft mit zu wenig Schlaf auskommt.<\/p>\n<h3 data-start=\"2714\" data-end=\"2754\">Fazit: Global denken, lokal schlafen<\/h3>\n<p data-start=\"2756\" data-end=\"3025\">Die Schlafbed\u00fcrfnisse des Menschen sind biologisch relativ konstant \u2013 aber wie wir schlafen, ist stark kulturell gepr\u00e4gt. Wer seine Leistung im Alltag oder im Sport steigern will, sollte den eigenen Schlaf ernst nehmen \u2013 auch wenn das Umfeld vielleicht anderes vorlebt.<\/p>\n","protected":false},"excerpt":{"rendered":"<p>Wie viel Schlaf ist \u201egenug\u201c? Die klassische Antwort lautet meist: sieben bis neun Stunden pro Nacht f\u00fcr Erwachsene. Doch eine [&hellip;]<\/p>\n","protected":false},"author":115,"featured_media":11924,"comment_status":"open","ping_status":"open","sticky":false,"template":"","format":"standard","meta":{"footnotes":""},"categories":[122],"tags":[],"global-categories":[19],"class_list":["post-11923","post","type-post","status-publish","format-standard","has-post-thumbnail","hentry","category-gesundheit-training","global-categories-cycling"],"yoast_head":"<!-- This site is optimized with the Yoast SEO Premium plugin v25.3 (Yoast SEO v25.9) - https:\/\/yoast.com\/wordpress\/plugins\/seo\/ -->\n<title>Wie viel Schlaf du brauchst, h\u00e4ngt auch davon ab, in welchem Land du lebst - \u0160koda We Love Cycling - Deutschland<\/title>\n<meta name=\"description\" content=\"Wie viel Schlaf ist gesund? Eine Studie zeigt: In welchem Land du lebst, beeinflusst dein Schlafverhalten \u2013 und damit auch Gesundheit und Leistungsf\u00e4higkeit.\" \/>\n<meta name=\"robots\" content=\"index, follow, max-snippet:-1, max-image-preview:large, max-video-preview:-1\" \/>\n<link rel=\"canonical\" href=\"https:\/\/www.welovecycling.com\/de\/2025\/08\/07\/wie-viel-schlaf-du-brauchst-haengt-auch-davon-ab-in-welchem-land-du-lebst\/\" \/>\n<meta property=\"og:locale\" content=\"de_DE\" \/>\n<meta property=\"og:type\" content=\"article\" \/>\n<meta property=\"og:title\" content=\"Wie viel Schlaf du brauchst, h\u00e4ngt auch davon ab, in welchem Land du lebst\" \/>\n<meta property=\"og:description\" content=\"Wie viel Schlaf ist gesund? Eine Studie zeigt: In welchem Land du lebst, beeinflusst dein Schlafverhalten \u2013 und damit auch Gesundheit und Leistungsf\u00e4higkeit.\" \/>\n<meta property=\"og:url\" content=\"https:\/\/www.welovecycling.com\/de\/2025\/08\/07\/wie-viel-schlaf-du-brauchst-haengt-auch-davon-ab-in-welchem-land-du-lebst\/\" \/>\n<meta property=\"og:site_name\" content=\"\u0160koda We Love Cycling - Deutschland\" \/>\n<meta property=\"article:published_time\" content=\"2025-08-07T06:00:25+00:00\" \/>\n<meta property=\"article:modified_time\" content=\"2025-08-07T06:43:40+00:00\" \/>\n<meta property=\"og:image\" content=\"https:\/\/d2p6e6u75xmxt8.cloudfront.net\/10\/2025\/08\/sleep.webp\" \/>\n\t<meta property=\"og:image:width\" content=\"978\" \/>\n\t<meta property=\"og:image:height\" content=\"654\" \/>\n\t<meta property=\"og:image:type\" content=\"image\/webp\" \/>\n<meta name=\"author\" content=\"jbraeker\" \/>\n<meta name=\"twitter:card\" content=\"summary_large_image\" \/>\n<meta name=\"twitter:label1\" content=\"Written by\" \/>\n\t<meta name=\"twitter:data1\" content=\"jbraeker\" \/>\n\t<meta name=\"twitter:label2\" content=\"Est. reading time\" \/>\n\t<meta name=\"twitter:data2\" content=\"2 minutes\" \/>\n<script type=\"application\/ld+json\" class=\"yoast-schema-graph\">{\"@context\":\"https:\/\/schema.org\",\"@graph\":[{\"@type\":\"WebPage\",\"@id\":\"https:\/\/www.welovecycling.com\/de\/2025\/08\/07\/wie-viel-schlaf-du-brauchst-haengt-auch-davon-ab-in-welchem-land-du-lebst\/\",\"url\":\"https:\/\/www.welovecycling.com\/de\/2025\/08\/07\/wie-viel-schlaf-du-brauchst-haengt-auch-davon-ab-in-welchem-land-du-lebst\/\",\"name\":\"Wie viel Schlaf du brauchst, h\u00e4ngt auch davon ab, in welchem Land du lebst - \u0160koda We Love Cycling - Deutschland\",\"isPartOf\":{\"@id\":\"https:\/\/www.welovecycling.com\/de\/#website\"},\"primaryImageOfPage\":{\"@id\":\"https:\/\/www.welovecycling.com\/de\/2025\/08\/07\/wie-viel-schlaf-du-brauchst-haengt-auch-davon-ab-in-welchem-land-du-lebst\/#primaryimage\"},\"image\":{\"@id\":\"https:\/\/www.welovecycling.com\/de\/2025\/08\/07\/wie-viel-schlaf-du-brauchst-haengt-auch-davon-ab-in-welchem-land-du-lebst\/#primaryimage\"},\"thumbnailUrl\":\"https:\/\/d2p6e6u75xmxt8.cloudfront.net\/10\/2025\/08\/sleep.webp\",\"datePublished\":\"2025-08-07T06:00:25+00:00\",\"dateModified\":\"2025-08-07T06:43:40+00:00\",\"author\":{\"@id\":\"https:\/\/www.welovecycling.com\/de\/#\/schema\/person\/915694b3c8d0de9019932587781ba6b3\"},\"description\":\"Wie viel Schlaf ist gesund? Eine Studie zeigt: In welchem Land du lebst, beeinflusst dein Schlafverhalten \u2013 und damit auch Gesundheit und Leistungsf\u00e4higkeit.\",\"breadcrumb\":{\"@id\":\"https:\/\/www.welovecycling.com\/de\/2025\/08\/07\/wie-viel-schlaf-du-brauchst-haengt-auch-davon-ab-in-welchem-land-du-lebst\/#breadcrumb\"},\"inLanguage\":\"de-DE\",\"potentialAction\":[{\"@type\":\"ReadAction\",\"target\":[\"https:\/\/www.welovecycling.com\/de\/2025\/08\/07\/wie-viel-schlaf-du-brauchst-haengt-auch-davon-ab-in-welchem-land-du-lebst\/\"]}]},{\"@type\":\"ImageObject\",\"inLanguage\":\"de-DE\",\"@id\":\"https:\/\/www.welovecycling.com\/de\/2025\/08\/07\/wie-viel-schlaf-du-brauchst-haengt-auch-davon-ab-in-welchem-land-du-lebst\/#primaryimage\",\"url\":\"https:\/\/d2p6e6u75xmxt8.cloudfront.net\/10\/2025\/08\/sleep.webp\",\"contentUrl\":\"https:\/\/d2p6e6u75xmxt8.cloudfront.net\/10\/2025\/08\/sleep.webp\",\"width\":978,\"height\":654},{\"@type\":\"BreadcrumbList\",\"@id\":\"https:\/\/www.welovecycling.com\/de\/2025\/08\/07\/wie-viel-schlaf-du-brauchst-haengt-auch-davon-ab-in-welchem-land-du-lebst\/#breadcrumb\",\"itemListElement\":[{\"@type\":\"ListItem\",\"position\":1,\"name\":\"Home\",\"item\":\"https:\/\/www.welovecycling.com\/de\/\"},{\"@type\":\"ListItem\",\"position\":2,\"name\":\"Wie viel Schlaf du brauchst, h\u00e4ngt auch davon ab, in welchem Land du lebst\"}]},{\"@type\":\"WebSite\",\"@id\":\"https:\/\/www.welovecycling.com\/de\/#website\",\"url\":\"https:\/\/www.welovecycling.com\/de\/\",\"name\":\"\u0160koda We Love Cycling - Deutschland\",\"description\":\"Just another \u0160koda WeLoveCycling Sites site\",\"potentialAction\":[{\"@type\":\"SearchAction\",\"target\":{\"@type\":\"EntryPoint\",\"urlTemplate\":\"https:\/\/www.welovecycling.com\/de\/?s={search_term_string}\"},\"query-input\":{\"@type\":\"PropertyValueSpecification\",\"valueRequired\":true,\"valueName\":\"search_term_string\"}}],\"inLanguage\":\"de-DE\"},{\"@type\":\"Person\",\"@id\":\"https:\/\/www.welovecycling.com\/de\/#\/schema\/person\/915694b3c8d0de9019932587781ba6b3\",\"name\":\"jbraeker\",\"image\":{\"@type\":\"ImageObject\",\"inLanguage\":\"de-DE\",\"@id\":\"https:\/\/www.welovecycling.com\/de\/#\/schema\/person\/image\/\",\"url\":\"https:\/\/secure.gravatar.com\/avatar\/8b4aea90e4535aae30b5b720249e5b723ae59fcf3d54757dd8b748d97b46d3c9?s=96&d=mm&r=g\",\"contentUrl\":\"https:\/\/secure.gravatar.com\/avatar\/8b4aea90e4535aae30b5b720249e5b723ae59fcf3d54757dd8b748d97b46d3c9?s=96&d=mm&r=g\",\"caption\":\"jbraeker\"},\"url\":\"https:\/\/www.welovecycling.com\/de\/author\/jbraeker\/\"}]}<\/script>\n<!-- \/ Yoast SEO Premium plugin. -->","yoast_head_json":{"title":"Wie viel Schlaf du brauchst, h\u00e4ngt auch davon ab, in welchem Land du lebst - \u0160koda We Love Cycling - Deutschland","description":"Wie viel Schlaf ist gesund? Eine Studie zeigt: In welchem Land du lebst, beeinflusst dein Schlafverhalten \u2013 und damit auch Gesundheit und Leistungsf\u00e4higkeit.","robots":{"index":"index","follow":"follow","max-snippet":"max-snippet:-1","max-image-preview":"max-image-preview:large","max-video-preview":"max-video-preview:-1"},"canonical":"https:\/\/www.welovecycling.com\/de\/2025\/08\/07\/wie-viel-schlaf-du-brauchst-haengt-auch-davon-ab-in-welchem-land-du-lebst\/","og_locale":"de_DE","og_type":"article","og_title":"Wie viel Schlaf du brauchst, h\u00e4ngt auch davon ab, in welchem Land du lebst","og_description":"Wie viel Schlaf ist gesund? Eine Studie zeigt: In welchem Land du lebst, beeinflusst dein Schlafverhalten \u2013 und damit auch Gesundheit und Leistungsf\u00e4higkeit.","og_url":"https:\/\/www.welovecycling.com\/de\/2025\/08\/07\/wie-viel-schlaf-du-brauchst-haengt-auch-davon-ab-in-welchem-land-du-lebst\/","og_site_name":"\u0160koda We Love Cycling - Deutschland","article_published_time":"2025-08-07T06:00:25+00:00","article_modified_time":"2025-08-07T06:43:40+00:00","og_image":[{"width":978,"height":654,"url":"https:\/\/d2p6e6u75xmxt8.cloudfront.net\/10\/2025\/08\/sleep.webp","type":"image\/webp"}],"author":"jbraeker","twitter_card":"summary_large_image","twitter_misc":{"Written by":"jbraeker","Est. reading time":"2 minutes"},"schema":{"@context":"https:\/\/schema.org","@graph":[{"@type":"WebPage","@id":"https:\/\/www.welovecycling.com\/de\/2025\/08\/07\/wie-viel-schlaf-du-brauchst-haengt-auch-davon-ab-in-welchem-land-du-lebst\/","url":"https:\/\/www.welovecycling.com\/de\/2025\/08\/07\/wie-viel-schlaf-du-brauchst-haengt-auch-davon-ab-in-welchem-land-du-lebst\/","name":"Wie viel Schlaf du brauchst, h\u00e4ngt auch davon ab, in welchem Land du lebst - \u0160koda We Love Cycling - Deutschland","isPartOf":{"@id":"https:\/\/www.welovecycling.com\/de\/#website"},"primaryImageOfPage":{"@id":"https:\/\/www.welovecycling.com\/de\/2025\/08\/07\/wie-viel-schlaf-du-brauchst-haengt-auch-davon-ab-in-welchem-land-du-lebst\/#primaryimage"},"image":{"@id":"https:\/\/www.welovecycling.com\/de\/2025\/08\/07\/wie-viel-schlaf-du-brauchst-haengt-auch-davon-ab-in-welchem-land-du-lebst\/#primaryimage"},"thumbnailUrl":"https:\/\/d2p6e6u75xmxt8.cloudfront.net\/10\/2025\/08\/sleep.webp","datePublished":"2025-08-07T06:00:25+00:00","dateModified":"2025-08-07T06:43:40+00:00","author":{"@id":"https:\/\/www.welovecycling.com\/de\/#\/schema\/person\/915694b3c8d0de9019932587781ba6b3"},"description":"Wie viel Schlaf ist gesund? Eine Studie zeigt: In welchem Land du lebst, beeinflusst dein Schlafverhalten \u2013 und damit auch Gesundheit und Leistungsf\u00e4higkeit.","breadcrumb":{"@id":"https:\/\/www.welovecycling.com\/de\/2025\/08\/07\/wie-viel-schlaf-du-brauchst-haengt-auch-davon-ab-in-welchem-land-du-lebst\/#breadcrumb"},"inLanguage":"de-DE","potentialAction":[{"@type":"ReadAction","target":["https:\/\/www.welovecycling.com\/de\/2025\/08\/07\/wie-viel-schlaf-du-brauchst-haengt-auch-davon-ab-in-welchem-land-du-lebst\/"]}]},{"@type":"ImageObject","inLanguage":"de-DE","@id":"https:\/\/www.welovecycling.com\/de\/2025\/08\/07\/wie-viel-schlaf-du-brauchst-haengt-auch-davon-ab-in-welchem-land-du-lebst\/#primaryimage","url":"https:\/\/d2p6e6u75xmxt8.cloudfront.net\/10\/2025\/08\/sleep.webp","contentUrl":"https:\/\/d2p6e6u75xmxt8.cloudfront.net\/10\/2025\/08\/sleep.webp","width":978,"height":654},{"@type":"BreadcrumbList","@id":"https:\/\/www.welovecycling.com\/de\/2025\/08\/07\/wie-viel-schlaf-du-brauchst-haengt-auch-davon-ab-in-welchem-land-du-lebst\/#breadcrumb","itemListElement":[{"@type":"ListItem","position":1,"name":"Home","item":"https:\/\/www.welovecycling.com\/de\/"},{"@type":"ListItem","position":2,"name":"Wie viel Schlaf du brauchst, h\u00e4ngt auch davon ab, in welchem Land du lebst"}]},{"@type":"WebSite","@id":"https:\/\/www.welovecycling.com\/de\/#website","url":"https:\/\/www.welovecycling.com\/de\/","name":"\u0160koda We Love Cycling - Deutschland","description":"Just another \u0160koda WeLoveCycling Sites site","potentialAction":[{"@type":"SearchAction","target":{"@type":"EntryPoint","urlTemplate":"https:\/\/www.welovecycling.com\/de\/?s={search_term_string}"},"query-input":{"@type":"PropertyValueSpecification","valueRequired":true,"valueName":"search_term_string"}}],"inLanguage":"de-DE"},{"@type":"Person","@id":"https:\/\/www.welovecycling.com\/de\/#\/schema\/person\/915694b3c8d0de9019932587781ba6b3","name":"jbraeker","image":{"@type":"ImageObject","inLanguage":"de-DE","@id":"https:\/\/www.welovecycling.com\/de\/#\/schema\/person\/image\/","url":"https:\/\/secure.gravatar.com\/avatar\/8b4aea90e4535aae30b5b720249e5b723ae59fcf3d54757dd8b748d97b46d3c9?s=96&d=mm&r=g","contentUrl":"https:\/\/secure.gravatar.com\/avatar\/8b4aea90e4535aae30b5b720249e5b723ae59fcf3d54757dd8b748d97b46d3c9?s=96&d=mm&r=g","caption":"jbraeker"},"url":"https:\/\/www.welovecycling.com\/de\/author\/jbraeker\/"}]}},"_links":{"self":[{"href":"https:\/\/www.welovecycling.com\/de\/wp-json\/wp\/v2\/posts\/11923","targetHints":{"allow":["GET"]}}],"collection":[{"href":"https:\/\/www.welovecycling.com\/de\/wp-json\/wp\/v2\/posts"}],"about":[{"href":"https:\/\/www.welovecycling.com\/de\/wp-json\/wp\/v2\/types\/post"}],"author":[{"embeddable":true,"href":"https:\/\/www.welovecycling.com\/de\/wp-json\/wp\/v2\/users\/115"}],"replies":[{"embeddable":true,"href":"https:\/\/www.welovecycling.com\/de\/wp-json\/wp\/v2\/comments?post=11923"}],"version-history":[{"count":1,"href":"https:\/\/www.welovecycling.com\/de\/wp-json\/wp\/v2\/posts\/11923\/revisions"}],"predecessor-version":[{"id":11925,"href":"https:\/\/www.welovecycling.com\/de\/wp-json\/wp\/v2\/posts\/11923\/revisions\/11925"}],"wp:featuredmedia":[{"embeddable":true,"href":"https:\/\/www.welovecycling.com\/de\/wp-json\/wp\/v2\/media\/11924"}],"wp:attachment":[{"href":"https:\/\/www.welovecycling.com\/de\/wp-json\/wp\/v2\/media?parent=11923"}],"wp:term":[{"taxonomy":"category","embeddable":true,"href":"https:\/\/www.welovecycling.com\/de\/wp-json\/wp\/v2\/categories?post=11923"},{"taxonomy":"post_tag","embeddable":true,"href":"https:\/\/www.welovecycling.com\/de\/wp-json\/wp\/v2\/tags?post=11923"},{"taxonomy":"global-categories","embeddable":true,"href":"https:\/\/www.welovecycling.com\/de\/wp-json\/wp\/v2\/global-categories?post=11923"}],"curies":[{"name":"wp","href":"https:\/\/api.w.org\/{rel}","templated":true}]}}