{"id":11920,"date":"2025-08-07T07:33:53","date_gmt":"2025-08-07T06:33:53","guid":{"rendered":"https:\/\/www.welovecycling.com\/de\/?p=11920"},"modified":"2025-08-07T07:33:53","modified_gmt":"2025-08-07T06:33:53","slug":"bestaetigt-evenepoel-wechselt-2026-zu-red-bull-bora-hansgrohe","status":"publish","type":"post","link":"https:\/\/www.welovecycling.com\/de\/2025\/08\/07\/bestaetigt-evenepoel-wechselt-2026-zu-red-bull-bora-hansgrohe\/","title":{"rendered":"Best\u00e4tigt: Evenepoel wechselt 2026 zu Red Bull\u2013BORA\u2013hansgrohe"},"content":{"rendered":"<p data-start=\"222\" data-end=\"432\">Jetzt ist es offiziell. Nach \u00fcber einem Jahr voller Ger\u00fcchte, Dementis und Spekulationen verl\u00e4sst Remco Evenepoel Ende 2025 Soudal Quick-Step und schlie\u00dft sich dem finanzstarken Team Red Bull\u2013BORA\u2013hansgrohe an.<\/p>\n<p data-start=\"434\" data-end=\"738\">In einem offiziellen <a href=\"https:\/\/www.soudal-quickstepteam.com\/en\/news\/7147\/a-statement-remco-evenepoel\">Statement<\/a> teilte Soudal mit:<br data-start=\"483\" data-end=\"486\" \/>\u201eDie Vertreter von Remco haben das Management dar\u00fcber informiert, dass er keine Vertragsverl\u00e4ngerung \u00fcber 2026 hinaus anstrebt. Nach R\u00fccksprache mit Sponsoren und Partnern haben wir gemeinsam beschlossen, ihn zum Ende der Saison 2025 ziehen zu lassen.\u201c<\/p>\n<p data-start=\"740\" data-end=\"917\">Weiter hei\u00dft es:<br data-start=\"756\" data-end=\"759\" \/>\u201eWir glauben fest an den Teamgeist, der uns den Titel \u201aWolfpack\u2018 eingebracht hat \u2013 und wir werden weiterhin als Kollektiv st\u00e4rker sein als jede Einzelperson.\u201c<\/p>\n<p data-start=\"919\" data-end=\"1138\">Red Bull kommentierte die Verpflichtung mit den Worten:<br data-start=\"974\" data-end=\"977\" \/>\u201eEin neues Kapitel f\u00fcr einen der pr\u00e4genden Fahrer seiner Generation: Remco Evenepoel wird ab der kommenden Saison das Trikot von Red Bull\u2013BORA\u2013hansgrohe tragen.\u201c<\/p>\n<p data-start=\"1140\" data-end=\"1356\">Teamchef Ralph Denk lobte seinen Neuzugang:<br data-start=\"1183\" data-end=\"1186\" \/>\u201eRemco steht f\u00fcr Ehrgeiz. Er will nicht nur mitfahren, sondern den Radsport mitgestalten. Neben au\u00dfergew\u00f6hnlichem Talent bringt er den unbedingten Willen zum Erfolg mit.\u201c<\/p>\n<p data-start=\"1358\" data-end=\"1684\">Details zur Abl\u00f6sesumme wurden nicht ver\u00f6ffentlicht. Klar ist: Da sein Vertrag noch bis Ende 2026 l\u00e4uft, muss Red Bull\u2013BORA\u2013hansgrohe laut UCI mindestens sechs Monatsgeh\u00e4lter an Soudal zahlen. Bei einem gesch\u00e4tzten Jahresgehalt<a href=\"https:\/\/www.domestiquecycling.com\/en\/top-10-highest-paid-professional-cyclists-in-2025\/\"> (domestiquecycling.com)<\/a> von 5 Millionen Euro entspricht das mindestens 2,5 Millionen Euro \u2013 vermutlich aber deutlich mehr.<\/p>\n<p data-start=\"1686\" data-end=\"2188\">Nach all dem Medienrummel wirkte die Best\u00e4tigung beinahe unspektakul\u00e4r. Schon l\u00e4nger hatte Evenepoel \u00f6ffentlich gefordert, das Team m\u00fcsse mehr Helfer verpflichten, um ihn bei der Tour de France zu unterst\u00fctzen. Zwar wurden Mikel Landa und Valentin Paret-Peintre geholt, doch Landa verletzte sich beim Giro schwer, Jai Hindley st\u00fcrzte fr\u00fch aus dem Rennen, und Evenepoel selbst war bei der Tour 2025 nicht in Bestform \u2013 auch wenn er immerhin das Zeitfahren gewann, einen von vier Etappensiegen des Teams.<\/p>\n<p data-start=\"2190\" data-end=\"2702\">Nun wechselt er zu einem Team mit nahezu unbegrenzten Ressourcen \u2013 und gro\u00dfen Ambitionen. Der Fokus ist klar: der Toursieg. Entsprechend darf mit weiteren hochkar\u00e4tigen Transfers gerechnet werden. Zwar stehen mit Hindley (Giro-Sieger 2022) und Aleksandr Vlasov zwei starke Fahrer bereit \u2013 doch gegen Teams wie UAE Emirates oder Visma\u2013Lease a Bike werden sie nicht reichen. Und: Selbst mit noch mehr Helfern wird sich zeigen m\u00fcssen, ob Evenepoel im Hochgebirge wirklich mit Poga\u010dar oder Vingegaard mithalten kann.<\/p>\n<p data-start=\"2704\" data-end=\"3103\">Und was ist mit <strong data-start=\"2720\" data-end=\"2737\">Primo\u017e Rogli\u010d<\/strong>, den Red Bull 2024 als Toursieg-Kandidaten verpflichtet hatte? Nach seinem Sturz im Vorjahr wurde er dieses Jahr Achter \u2013 ein klarer R\u00fcckschritt. Sein Vertrag l\u00e4uft Ende 2025 aus, und es ist kaum vorstellbar, dass er sich k\u00fcnftig in den Dienst von Evenepoel stellt. Mit bald 36 Jahren ist sein Toursiegtraum wohl endg\u00fcltig geplatzt. Ein R\u00fccktritt liegt in der Luft.<\/p>\n<p data-start=\"3105\" data-end=\"3478\">Noch spannender wird die Frage: <strong data-start=\"3137\" data-end=\"3168\">Was macht Florian Lipowitz?<\/strong> Der junge Deutsche wurde bei der diesj\u00e4hrigen Tour \u00fcberraschend Dritter \u2013 als erster Deutscher seit Jahrzehnten auf dem Podium. Will er 2026 wieder als Helfer fahren? Sein Vertrag l\u00e4uft aus, und der Druck, ihn zu halten, d\u00fcrfte gro\u00df sein. Vielleicht bietet ihm das Team die Giro- oder Vuelta-Kapit\u00e4nsrolle an.<\/p>\n<p data-start=\"3480\" data-end=\"3775\"><strong data-start=\"3480\" data-end=\"3501\">Soudal Quick-Step<\/strong> d\u00fcrfte sich nach dem Abgang von Evenepoel wieder auf seine Kernst\u00e4rken konzentrieren: Etappensiege und Gr\u00fcne Trikots. Mit den Neuverpflichtungen von <strong data-start=\"3651\" data-end=\"3669\">Jasper Stuyven<\/strong> (Mailand\u2013Sanremo-Sieger) und <strong data-start=\"3699\" data-end=\"3720\">Edward Planckaert<\/strong> sind bereits erste Schritte in diese Richtung gemacht.<\/p>\n<p data-start=\"3777\" data-end=\"3945\">Die zentrale Frage bleibt: <strong data-start=\"3804\" data-end=\"3877\">Kann Remco mit Red Bull\u2013BORA\u2013hansgrohe tats\u00e4chlich die Tour gewinnen?<\/strong> Die B\u00fchne ist bereitet \u2013 aber ob er liefert, wird sich erst zeigen.<\/p>\n","protected":false},"excerpt":{"rendered":"<p>Jetzt ist es offiziell. Nach \u00fcber einem Jahr voller Ger\u00fcchte, Dementis und Spekulationen verl\u00e4sst Remco Evenepoel Ende 2025 Soudal Quick-Step [&hellip;]<\/p>\n","protected":false},"author":115,"featured_media":11921,"comment_status":"open","ping_status":"open","sticky":false,"template":"","format":"standard","meta":{"footnotes":""},"categories":[1,66,120],"tags":[],"global-categories":[19],"class_list":["post-11920","post","type-post","status-publish","format-standard","has-post-thumbnail","hentry","category-allgemein","category-tour-de-france","category-tour-de-france-2025","global-categories-cycling"],"yoast_head":"<!-- This site is optimized with the Yoast SEO Premium plugin v25.3 (Yoast SEO v25.9) - https:\/\/yoast.com\/wordpress\/plugins\/seo\/ -->\n<title>Best\u00e4tigt: Evenepoel wechselt 2026 zu Red Bull\u2013BORA\u2013hansgrohe - \u0160koda We Love Cycling - Deutschland<\/title>\n<meta name=\"description\" content=\"Remco Evenepoel verl\u00e4sst Soudal Quick-Step Ende 2025 und wechselt zu Red Bull\u2013BORA\u2013hansgrohe. Was der Wechsel bedeutet \u2013 f\u00fcr ihn, Rogli\u010d, Lipowitz und den Toursieg.\" \/>\n<meta name=\"robots\" content=\"index, follow, max-snippet:-1, max-image-preview:large, max-video-preview:-1\" \/>\n<link rel=\"canonical\" href=\"https:\/\/www.welovecycling.com\/de\/2025\/08\/07\/bestaetigt-evenepoel-wechselt-2026-zu-red-bull-bora-hansgrohe\/\" \/>\n<meta property=\"og:locale\" content=\"de_DE\" \/>\n<meta property=\"og:type\" content=\"article\" \/>\n<meta property=\"og:title\" content=\"Best\u00e4tigt: Evenepoel wechselt 2026 zu Red Bull\u2013BORA\u2013hansgrohe\" \/>\n<meta property=\"og:description\" content=\"Remco Evenepoel verl\u00e4sst Soudal Quick-Step Ende 2025 und wechselt zu Red Bull\u2013BORA\u2013hansgrohe. Was der Wechsel bedeutet \u2013 f\u00fcr ihn, Rogli\u010d, Lipowitz und den Toursieg.\" \/>\n<meta property=\"og:url\" content=\"https:\/\/www.welovecycling.com\/de\/2025\/08\/07\/bestaetigt-evenepoel-wechselt-2026-zu-red-bull-bora-hansgrohe\/\" \/>\n<meta property=\"og:site_name\" content=\"\u0160koda We Love Cycling - Deutschland\" \/>\n<meta property=\"article:published_time\" content=\"2025-08-07T06:33:53+00:00\" \/>\n<meta property=\"og:image\" content=\"https:\/\/d2p6e6u75xmxt8.cloudfront.net\/10\/2025\/08\/evenpoel.webp\" \/>\n\t<meta property=\"og:image:width\" content=\"978\" \/>\n\t<meta property=\"og:image:height\" content=\"651\" \/>\n\t<meta property=\"og:image:type\" content=\"image\/webp\" \/>\n<meta name=\"author\" content=\"jbraeker\" \/>\n<meta name=\"twitter:card\" content=\"summary_large_image\" \/>\n<meta name=\"twitter:label1\" content=\"Written by\" \/>\n\t<meta name=\"twitter:data1\" content=\"Siegfried Mortkowitz\" \/>\n\t<meta name=\"twitter:label2\" content=\"Est. reading time\" \/>\n\t<meta name=\"twitter:data2\" content=\"2\" \/>\n<script type=\"application\/ld+json\" class=\"yoast-schema-graph\">{\"@context\":\"https:\/\/schema.org\",\"@graph\":[{\"@type\":\"WebPage\",\"@id\":\"https:\/\/www.welovecycling.com\/de\/2025\/08\/07\/bestaetigt-evenepoel-wechselt-2026-zu-red-bull-bora-hansgrohe\/\",\"url\":\"https:\/\/www.welovecycling.com\/de\/2025\/08\/07\/bestaetigt-evenepoel-wechselt-2026-zu-red-bull-bora-hansgrohe\/\",\"name\":\"Best\u00e4tigt: Evenepoel wechselt 2026 zu Red Bull\u2013BORA\u2013hansgrohe - \u0160koda We Love Cycling - Deutschland\",\"isPartOf\":{\"@id\":\"https:\/\/www.welovecycling.com\/de\/#website\"},\"primaryImageOfPage\":{\"@id\":\"https:\/\/www.welovecycling.com\/de\/2025\/08\/07\/bestaetigt-evenepoel-wechselt-2026-zu-red-bull-bora-hansgrohe\/#primaryimage\"},\"image\":{\"@id\":\"https:\/\/www.welovecycling.com\/de\/2025\/08\/07\/bestaetigt-evenepoel-wechselt-2026-zu-red-bull-bora-hansgrohe\/#primaryimage\"},\"thumbnailUrl\":\"https:\/\/d2p6e6u75xmxt8.cloudfront.net\/10\/2025\/08\/evenpoel.webp\",\"datePublished\":\"2025-08-07T06:33:53+00:00\",\"author\":{\"@id\":\"https:\/\/www.welovecycling.com\/de\/#\/schema\/person\/915694b3c8d0de9019932587781ba6b3\"},\"description\":\"Remco Evenepoel verl\u00e4sst Soudal Quick-Step Ende 2025 und wechselt zu Red Bull\u2013BORA\u2013hansgrohe. Was der Wechsel bedeutet \u2013 f\u00fcr ihn, Rogli\u010d, Lipowitz und den Toursieg.\",\"breadcrumb\":{\"@id\":\"https:\/\/www.welovecycling.com\/de\/2025\/08\/07\/bestaetigt-evenepoel-wechselt-2026-zu-red-bull-bora-hansgrohe\/#breadcrumb\"},\"inLanguage\":\"de-DE\",\"potentialAction\":[{\"@type\":\"ReadAction\",\"target\":[\"https:\/\/www.welovecycling.com\/de\/2025\/08\/07\/bestaetigt-evenepoel-wechselt-2026-zu-red-bull-bora-hansgrohe\/\"]}]},{\"@type\":\"ImageObject\",\"inLanguage\":\"de-DE\",\"@id\":\"https:\/\/www.welovecycling.com\/de\/2025\/08\/07\/bestaetigt-evenepoel-wechselt-2026-zu-red-bull-bora-hansgrohe\/#primaryimage\",\"url\":\"https:\/\/d2p6e6u75xmxt8.cloudfront.net\/10\/2025\/08\/evenpoel.webp\",\"contentUrl\":\"https:\/\/d2p6e6u75xmxt8.cloudfront.net\/10\/2025\/08\/evenpoel.webp\",\"width\":978,\"height\":651},{\"@type\":\"BreadcrumbList\",\"@id\":\"https:\/\/www.welovecycling.com\/de\/2025\/08\/07\/bestaetigt-evenepoel-wechselt-2026-zu-red-bull-bora-hansgrohe\/#breadcrumb\",\"itemListElement\":[{\"@type\":\"ListItem\",\"position\":1,\"name\":\"Home\",\"item\":\"https:\/\/www.welovecycling.com\/de\/\"},{\"@type\":\"ListItem\",\"position\":2,\"name\":\"Best\u00e4tigt: Evenepoel wechselt 2026 zu Red Bull\u2013BORA\u2013hansgrohe\"}]},{\"@type\":\"WebSite\",\"@id\":\"https:\/\/www.welovecycling.com\/de\/#website\",\"url\":\"https:\/\/www.welovecycling.com\/de\/\",\"name\":\"\u0160koda We Love Cycling - Deutschland\",\"description\":\"Just another \u0160koda WeLoveCycling Sites site\",\"potentialAction\":[{\"@type\":\"SearchAction\",\"target\":{\"@type\":\"EntryPoint\",\"urlTemplate\":\"https:\/\/www.welovecycling.com\/de\/?s={search_term_string}\"},\"query-input\":{\"@type\":\"PropertyValueSpecification\",\"valueRequired\":true,\"valueName\":\"search_term_string\"}}],\"inLanguage\":\"de-DE\"},{\"@type\":\"Person\",\"@id\":\"https:\/\/www.welovecycling.com\/de\/#\/schema\/person\/915694b3c8d0de9019932587781ba6b3\",\"name\":\"jbraeker\",\"image\":{\"@type\":\"ImageObject\",\"inLanguage\":\"de-DE\",\"@id\":\"https:\/\/www.welovecycling.com\/de\/#\/schema\/person\/image\/\",\"url\":\"https:\/\/secure.gravatar.com\/avatar\/8b4aea90e4535aae30b5b720249e5b723ae59fcf3d54757dd8b748d97b46d3c9?s=96&d=mm&r=g\",\"contentUrl\":\"https:\/\/secure.gravatar.com\/avatar\/8b4aea90e4535aae30b5b720249e5b723ae59fcf3d54757dd8b748d97b46d3c9?s=96&d=mm&r=g\",\"caption\":\"jbraeker\"},\"url\":\"https:\/\/www.welovecycling.com\/de\/author\/jbraeker\/\"}]}<\/script>\n<!-- \/ Yoast SEO Premium plugin. -->","yoast_head_json":{"title":"Best\u00e4tigt: Evenepoel wechselt 2026 zu Red Bull\u2013BORA\u2013hansgrohe - \u0160koda We Love Cycling - Deutschland","description":"Remco Evenepoel verl\u00e4sst Soudal Quick-Step Ende 2025 und wechselt zu Red Bull\u2013BORA\u2013hansgrohe. Was der Wechsel bedeutet \u2013 f\u00fcr ihn, Rogli\u010d, Lipowitz und den Toursieg.","robots":{"index":"index","follow":"follow","max-snippet":"max-snippet:-1","max-image-preview":"max-image-preview:large","max-video-preview":"max-video-preview:-1"},"canonical":"https:\/\/www.welovecycling.com\/de\/2025\/08\/07\/bestaetigt-evenepoel-wechselt-2026-zu-red-bull-bora-hansgrohe\/","og_locale":"de_DE","og_type":"article","og_title":"Best\u00e4tigt: Evenepoel wechselt 2026 zu Red Bull\u2013BORA\u2013hansgrohe","og_description":"Remco Evenepoel verl\u00e4sst Soudal Quick-Step Ende 2025 und wechselt zu Red Bull\u2013BORA\u2013hansgrohe. Was der Wechsel bedeutet \u2013 f\u00fcr ihn, Rogli\u010d, Lipowitz und den Toursieg.","og_url":"https:\/\/www.welovecycling.com\/de\/2025\/08\/07\/bestaetigt-evenepoel-wechselt-2026-zu-red-bull-bora-hansgrohe\/","og_site_name":"\u0160koda We Love Cycling - Deutschland","article_published_time":"2025-08-07T06:33:53+00:00","og_image":[{"width":978,"height":651,"url":"https:\/\/d2p6e6u75xmxt8.cloudfront.net\/10\/2025\/08\/evenpoel.webp","type":"image\/webp"}],"author":"jbraeker","twitter_card":"summary_large_image","twitter_misc":{"Written by":"Siegfried Mortkowitz","Est. reading time":"2"},"schema":{"@context":"https:\/\/schema.org","@graph":[{"@type":"WebPage","@id":"https:\/\/www.welovecycling.com\/de\/2025\/08\/07\/bestaetigt-evenepoel-wechselt-2026-zu-red-bull-bora-hansgrohe\/","url":"https:\/\/www.welovecycling.com\/de\/2025\/08\/07\/bestaetigt-evenepoel-wechselt-2026-zu-red-bull-bora-hansgrohe\/","name":"Best\u00e4tigt: Evenepoel wechselt 2026 zu Red Bull\u2013BORA\u2013hansgrohe - \u0160koda We Love Cycling - Deutschland","isPartOf":{"@id":"https:\/\/www.welovecycling.com\/de\/#website"},"primaryImageOfPage":{"@id":"https:\/\/www.welovecycling.com\/de\/2025\/08\/07\/bestaetigt-evenepoel-wechselt-2026-zu-red-bull-bora-hansgrohe\/#primaryimage"},"image":{"@id":"https:\/\/www.welovecycling.com\/de\/2025\/08\/07\/bestaetigt-evenepoel-wechselt-2026-zu-red-bull-bora-hansgrohe\/#primaryimage"},"thumbnailUrl":"https:\/\/d2p6e6u75xmxt8.cloudfront.net\/10\/2025\/08\/evenpoel.webp","datePublished":"2025-08-07T06:33:53+00:00","author":{"@id":"https:\/\/www.welovecycling.com\/de\/#\/schema\/person\/915694b3c8d0de9019932587781ba6b3"},"description":"Remco Evenepoel verl\u00e4sst Soudal Quick-Step Ende 2025 und wechselt zu Red Bull\u2013BORA\u2013hansgrohe. Was der Wechsel bedeutet \u2013 f\u00fcr ihn, Rogli\u010d, Lipowitz und den Toursieg.","breadcrumb":{"@id":"https:\/\/www.welovecycling.com\/de\/2025\/08\/07\/bestaetigt-evenepoel-wechselt-2026-zu-red-bull-bora-hansgrohe\/#breadcrumb"},"inLanguage":"de-DE","potentialAction":[{"@type":"ReadAction","target":["https:\/\/www.welovecycling.com\/de\/2025\/08\/07\/bestaetigt-evenepoel-wechselt-2026-zu-red-bull-bora-hansgrohe\/"]}]},{"@type":"ImageObject","inLanguage":"de-DE","@id":"https:\/\/www.welovecycling.com\/de\/2025\/08\/07\/bestaetigt-evenepoel-wechselt-2026-zu-red-bull-bora-hansgrohe\/#primaryimage","url":"https:\/\/d2p6e6u75xmxt8.cloudfront.net\/10\/2025\/08\/evenpoel.webp","contentUrl":"https:\/\/d2p6e6u75xmxt8.cloudfront.net\/10\/2025\/08\/evenpoel.webp","width":978,"height":651},{"@type":"BreadcrumbList","@id":"https:\/\/www.welovecycling.com\/de\/2025\/08\/07\/bestaetigt-evenepoel-wechselt-2026-zu-red-bull-bora-hansgrohe\/#breadcrumb","itemListElement":[{"@type":"ListItem","position":1,"name":"Home","item":"https:\/\/www.welovecycling.com\/de\/"},{"@type":"ListItem","position":2,"name":"Best\u00e4tigt: Evenepoel wechselt 2026 zu Red Bull\u2013BORA\u2013hansgrohe"}]},{"@type":"WebSite","@id":"https:\/\/www.welovecycling.com\/de\/#website","url":"https:\/\/www.welovecycling.com\/de\/","name":"\u0160koda We Love Cycling - Deutschland","description":"Just another \u0160koda WeLoveCycling Sites site","potentialAction":[{"@type":"SearchAction","target":{"@type":"EntryPoint","urlTemplate":"https:\/\/www.welovecycling.com\/de\/?s={search_term_string}"},"query-input":{"@type":"PropertyValueSpecification","valueRequired":true,"valueName":"search_term_string"}}],"inLanguage":"de-DE"},{"@type":"Person","@id":"https:\/\/www.welovecycling.com\/de\/#\/schema\/person\/915694b3c8d0de9019932587781ba6b3","name":"jbraeker","image":{"@type":"ImageObject","inLanguage":"de-DE","@id":"https:\/\/www.welovecycling.com\/de\/#\/schema\/person\/image\/","url":"https:\/\/secure.gravatar.com\/avatar\/8b4aea90e4535aae30b5b720249e5b723ae59fcf3d54757dd8b748d97b46d3c9?s=96&d=mm&r=g","contentUrl":"https:\/\/secure.gravatar.com\/avatar\/8b4aea90e4535aae30b5b720249e5b723ae59fcf3d54757dd8b748d97b46d3c9?s=96&d=mm&r=g","caption":"jbraeker"},"url":"https:\/\/www.welovecycling.com\/de\/author\/jbraeker\/"}]}},"_links":{"self":[{"href":"https:\/\/www.welovecycling.com\/de\/wp-json\/wp\/v2\/posts\/11920","targetHints":{"allow":["GET"]}}],"collection":[{"href":"https:\/\/www.welovecycling.com\/de\/wp-json\/wp\/v2\/posts"}],"about":[{"href":"https:\/\/www.welovecycling.com\/de\/wp-json\/wp\/v2\/types\/post"}],"author":[{"embeddable":true,"href":"https:\/\/www.welovecycling.com\/de\/wp-json\/wp\/v2\/users\/115"}],"replies":[{"embeddable":true,"href":"https:\/\/www.welovecycling.com\/de\/wp-json\/wp\/v2\/comments?post=11920"}],"version-history":[{"count":1,"href":"https:\/\/www.welovecycling.com\/de\/wp-json\/wp\/v2\/posts\/11920\/revisions"}],"predecessor-version":[{"id":11922,"href":"https:\/\/www.welovecycling.com\/de\/wp-json\/wp\/v2\/posts\/11920\/revisions\/11922"}],"wp:featuredmedia":[{"embeddable":true,"href":"https:\/\/www.welovecycling.com\/de\/wp-json\/wp\/v2\/media\/11921"}],"wp:attachment":[{"href":"https:\/\/www.welovecycling.com\/de\/wp-json\/wp\/v2\/media?parent=11920"}],"wp:term":[{"taxonomy":"category","embeddable":true,"href":"https:\/\/www.welovecycling.com\/de\/wp-json\/wp\/v2\/categories?post=11920"},{"taxonomy":"post_tag","embeddable":true,"href":"https:\/\/www.welovecycling.com\/de\/wp-json\/wp\/v2\/tags?post=11920"},{"taxonomy":"global-categories","embeddable":true,"href":"https:\/\/www.welovecycling.com\/de\/wp-json\/wp\/v2\/global-categories?post=11920"}],"curies":[{"name":"wp","href":"https:\/\/api.w.org\/{rel}","templated":true}]}}