{"id":11916,"date":"2025-08-06T12:14:03","date_gmt":"2025-08-06T11:14:03","guid":{"rendered":"https:\/\/www.welovecycling.com\/de\/?p=11916"},"modified":"2025-08-06T12:16:38","modified_gmt":"2025-08-06T11:16:38","slug":"tour-de-france-femmes-avec-zwift-2025-die-entscheidenden-momente","status":"publish","type":"post","link":"https:\/\/www.welovecycling.com\/de\/2025\/08\/06\/tour-de-france-femmes-avec-zwift-2025-die-entscheidenden-momente\/","title":{"rendered":"Tour de France Femmes avec Zwift 2025: Die entscheidenden Momente"},"content":{"rendered":"<p data-start=\"250\" data-end=\"546\">Nach neun Tagen voller Spannung, Attacken und Emotionen endete die Tour de France Femmes avec Zwift 2025 an einem k\u00fchlen Sonntag in Ch\u00e2tel. Von den Kopfsteinpflasterstra\u00dfen der Bretagne bis zu den brutalen Alpenanstiegen \u2013 diese Ausgabe hatte alles, was Fans sich w\u00fcnschen konnten. Und noch mehr.<\/p>\n<p data-start=\"548\" data-end=\"749\">Am Ende ging es jedoch um mehr als nur um Etappensiege, Trikots oder Podestpl\u00e4tze. Diese Tour hat erneut gezeigt: Der Frauenradsport fordert nicht nur Aufmerksamkeit \u2013 er beansprucht sie mit Nachdruck.<\/p>\n<p data-start=\"751\" data-end=\"855\">Wir blicken zur\u00fcck auf die wichtigsten Momente, pr\u00e4genden Etappen und gr\u00f6\u00dften Emotionen der TdFFaZ 2025.<\/p>\n<hr data-start=\"857\" data-end=\"860\" \/>\n<h3 data-start=\"862\" data-end=\"935\"><strong data-start=\"866\" data-end=\"935\">Ein historischer Sieg: Pauline Ferrand-Pr\u00e9vot schreibt Geschichte<\/strong><\/h3>\n<p data-start=\"937\" data-end=\"1329\">Pauline Ferrand-Pr\u00e9vot, mehrfache Weltmeisterin in verschiedenen Disziplinen und amtierende Olympiasiegerin im MTB, hat sich endg\u00fcltig in die Radsportgeschichte eingeschrieben: Mit drei Etappensiegen \u2013 darunter dem Triumph auf der finalen Bergetappe \u2013 wurde sie die erste Franz\u00f6sin, die die moderne Tour de France Femmes gewinnt. Der letzte Heimsieg lag 36 Jahre zur\u00fcck (Jeannie Longo, 1989).<\/p>\n<p data-start=\"1331\" data-end=\"1619\">Bemerkenswert: Ferrand-Pr\u00e9vot kehrte erst 2024 zum Stra\u00dfenradsport zur\u00fcck. \u201eIch bin daf\u00fcr zur\u00fcckgekommen\u201c, sagte sie zu Saisonbeginn. Ihr Angriff 6,7\u202fkm vor dem Ziel in Ch\u00e2tel lie\u00df der Konkurrenz keine Chance \u2013 und sorgte f\u00fcr G\u00e4nsehautmomente bei Fans und Kommentator:innen gleicherma\u00dfen.<\/p>\n<p data-start=\"1331\" data-end=\"1619\"><a href=\"https:\/\/d2p6e6u75xmxt8.cloudfront.net\/10\/2025\/08\/pauline.webp\"><img loading=\"lazy\" decoding=\"async\" class=\"alignnone size-full wp-image-11917\" src=\"https:\/\/d2p6e6u75xmxt8.cloudfront.net\/10\/2025\/08\/pauline.webp\" alt=\"\" width=\"782\" height=\"523\" srcset=\"https:\/\/d2p6e6u75xmxt8.cloudfront.net\/10\/2025\/08\/pauline.webp 782w, https:\/\/d2p6e6u75xmxt8.cloudfront.net\/10\/2025\/08\/pauline-300x201.webp 300w, https:\/\/d2p6e6u75xmxt8.cloudfront.net\/10\/2025\/08\/pauline-768x514.webp 768w, https:\/\/d2p6e6u75xmxt8.cloudfront.net\/10\/2025\/08\/pauline-400x268.webp 400w, https:\/\/d2p6e6u75xmxt8.cloudfront.net\/10\/2025\/08\/pauline-272x182.webp 272w\" sizes=\"auto, (max-width: 782px) 100vw, 782px\" \/><\/a><span style=\"font-size: 8pt;\">Pauline Ferrand-Pr\u00e9vots dominanter Sieg bei der Tour de France Femmes avec Zwift 2025 \u2013 vor allem die Art, wie sie ihre Konkurrentinnen am Col de la Madeleine und am folgenden Tag erneut distanzierte \u2013 wird den Radsport nachhaltig pr\u00e4gen. \u00a9 Profimedia<\/span><\/p>\n<hr data-start=\"1621\" data-end=\"1624\" \/>\n<h3 data-start=\"1626\" data-end=\"1684\"><strong data-start=\"1630\" data-end=\"1684\">Dreimal Podium: Niewiadoma-Phinney bleibt konstant<\/strong><\/h3>\n<p data-start=\"1686\" data-end=\"1919\">Kasia Niewiadoma-Phinney stand zum dritten Mal in Folge auf dem Tour-Podium. Die Polin \u2013 inzwischen verheiratet mit Taylor Phinney \u2013 zeigte erneut ihre Klasse. Selbst ein Sturz vor dem Anstieg zur Joux Plane konnte sie nicht stoppen.<\/p>\n<p data-start=\"1921\" data-end=\"2175\">Besonders eindr\u00fccklich: ihre Einsch\u00e4tzung der Entwicklung des Rennens. \u201eWenn du die gleichen Wattzahlen trittst wie letztes Jahr, bist du hier nicht mal in den Top 10\u201c, sagte sie. Die Leistungsdichte w\u00e4chst \u2013 und Niewiadoma-Phinney bleibt eine Konstante.<\/p>\n<hr data-start=\"2177\" data-end=\"2180\" \/>\n<h3 data-start=\"2182\" data-end=\"2228\"><strong data-start=\"2186\" data-end=\"2228\">Vollering stark, aber wieder ohne Gelb<\/strong><\/h3>\n<p data-start=\"2230\" data-end=\"2575\">Demi Vollering galt als Top-Favoritin \u2013 am Ende wurde es Platz zwei. Trotz starker Form konnte sie dem explosiven Finale von Ferrand-Pr\u00e9vot in den Alpen nichts entgegensetzen. Dennoch beeindruckte sie mit Konstanz und Teamarbeit (erstmals mit FDJ-Suez). Ihr Fazit: \u201eWir haben als Team alles gegeben. Jetzt hei\u00dft es analysieren und neu ansetzen.\u201c<\/p>\n<hr data-start=\"2577\" data-end=\"2580\" \/>\n<h3 data-start=\"2582\" data-end=\"2625\"><strong data-start=\"2586\" data-end=\"2625\">Ma\u00ebva Squiban begeistert Frankreich<\/strong><\/h3>\n<p data-start=\"2627\" data-end=\"2899\">Der \u00dcberraschungsmoment der Tour kam auf Etappe 6: Ma\u00ebva Squiban (21) fuhr nach einem Solo-Angriff \u00fcber 25\u202fkm ihren ersten WorldTour-Sieg ein \u2013 vor heimischem Publikum in der Auvergne. \u201eEin Traum\u201c, sagte sie hinterher. Und ein G\u00e4nsehautmoment f\u00fcr alle, die sie anfeuerten.<\/p>\n<hr data-start=\"2901\" data-end=\"2904\" \/>\n<h3 data-start=\"2906\" data-end=\"2951\"><strong data-start=\"2910\" data-end=\"2951\">Etappe 9: Ein Finale f\u00fcr die Ewigkeit<\/strong><\/h3>\n<p data-start=\"2953\" data-end=\"3229\">Die letzte Etappe hatte alles: drei harte Anstiege, fr\u00fche Attacken, St\u00fcrze, Solo-Vorst\u00f6\u00dfe \u2013 und Drama bis zum Schluss. Anna van der Breggen, zur\u00fcck im Peloton, attackierte fr\u00fch und erinnerte an ihre besten Zeiten. Auf dem Col de Joux Plane f\u00fchrte sie das Rennen sogar solo an.<\/p>\n<p data-start=\"3231\" data-end=\"3347\">Doch die Show geh\u00f6rte Ferrand-Pr\u00e9vot. Ihr Angriff 6,7\u202fkm vor dem Ziel war das perfekte Finale einer dominanten Tour.<\/p>\n<hr data-start=\"3349\" data-end=\"3352\" \/>\n<h3 data-start=\"3354\" data-end=\"3392\"><strong data-start=\"3358\" data-end=\"3392\">Sarah Gigantes Achterbahnfahrt<\/strong><\/h3>\n<p data-start=\"3394\" data-end=\"3655\">Die junge Australierin lag vor der Schlussetappe auf Platz zwei \u2013 und beendete die Tour auf Rang sechs. Nach einem starken Auftritt auf Etappe 7 verlor sie auf der Abfahrt vom Joux Plane den Anschluss. Ihr Kampfgeist und ihr Talent bleiben dennoch unbestritten.<\/p>\n<hr data-start=\"3657\" data-end=\"3660\" \/>\n<h3 data-start=\"3662\" data-end=\"3691\"><strong data-start=\"3666\" data-end=\"3691\">Die Trikottr\u00e4gerinnen<\/strong><\/h3>\n<ul data-start=\"3693\" data-end=\"4176\">\n<li data-start=\"3693\" data-end=\"3810\">\n<p data-start=\"3695\" data-end=\"3810\"><strong data-start=\"3695\" data-end=\"3729\">Gr\u00fcnes Trikot (Punktewertung):<\/strong> Lorena Wiebes (SD Worx-Protime) punktete konstant \u2013 auch auf schweren Etappen.<\/p>\n<\/li>\n<li data-start=\"3811\" data-end=\"3948\">\n<p data-start=\"3813\" data-end=\"3948\"><strong data-start=\"3813\" data-end=\"3850\">Gepunktetes Trikot (Bergwertung):<\/strong> Elise Chabbey (FDJ-Suez) trug es von Beginn an und verteidigte es mit mutigen Ausrei\u00dfversuchen.<\/p>\n<\/li>\n<li data-start=\"3949\" data-end=\"4081\">\n<p data-start=\"3951\" data-end=\"4081\"><strong data-start=\"3951\" data-end=\"3981\">Wei\u00dfes Trikot (Nachwuchs):<\/strong> Nienke Vinke (Picnic\u2013Post NL) zeigte ihr Potenzial und setzte sich gegen starke Konkurrenz durch.<\/p>\n<\/li>\n<li data-start=\"4082\" data-end=\"4176\">\n<p data-start=\"4084\" data-end=\"4176\"><strong data-start=\"4084\" data-end=\"4105\">Beste Mannschaft:<\/strong> FDJ-Suez gl\u00e4nzte als geschlossenes Team und holte sich den Gesamtsieg.<\/p>\n<\/li>\n<\/ul>\n<hr data-start=\"4178\" data-end=\"4181\" \/>\n<h3 data-start=\"4183\" data-end=\"4225\"><strong data-start=\"4187\" data-end=\"4225\">Das Comeback: Anna van der Breggen<\/strong><\/h3>\n<p data-start=\"4227\" data-end=\"4434\">Ihr Solo auf der letzten Etappe war ein G\u00e4nsehautmoment. Auch wenn es nicht f\u00fcrs Podium reichte \u2013 ihre R\u00fcckkehr ins Renngeschehen war ein Highlight. \u201eSie war wieder da, wo sie hingeh\u00f6rt\u201c, meinten viele Fans.<\/p>\n<hr data-start=\"4436\" data-end=\"4439\" \/>\n<h3 data-start=\"4441\" data-end=\"4472\"><strong data-start=\"4445\" data-end=\"4472\">Mehr als nur ein Rennen<\/strong><\/h3>\n<p data-start=\"4474\" data-end=\"4704\">Immer mehr Stimmen sagen: Diese Tour ver\u00e4ndert den Sport. \u201eAlle bereiten sich gezielt auf dieses Rennen vor. Es ist das Highlight des Jahres\u201c, so Alice Towers (Canyon\/\/SRAM). Die <a href=\"https:\/\/www.letourfemmes.fr\/en\">TdFFaZ<\/a> wird nicht nur gr\u00f6\u00dfer \u2013 sie wird wegweisend.<\/p>\n<hr data-start=\"4706\" data-end=\"4709\" \/>\n<h3 data-start=\"4711\" data-end=\"4730\"><strong data-start=\"4715\" data-end=\"4730\">Was bleibt?<\/strong><\/h3>\n<ul data-start=\"4732\" data-end=\"5023\">\n<li data-start=\"4732\" data-end=\"4790\">\n<p data-start=\"4734\" data-end=\"4790\"><strong data-start=\"4734\" data-end=\"4790\">Ein historischer Heimsieg f\u00fcr Pauline Ferrand-Pr\u00e9vot<\/strong><\/p>\n<\/li>\n<li data-start=\"4791\" data-end=\"4829\">\n<p data-start=\"4793\" data-end=\"4829\"><strong data-start=\"4793\" data-end=\"4829\">Ein Durchbruch f\u00fcr Ma\u00ebva Squiban<\/strong><\/p>\n<\/li>\n<li data-start=\"4830\" data-end=\"4877\">\n<p data-start=\"4832\" data-end=\"4877\"><strong data-start=\"4832\" data-end=\"4877\">Ein drittes Podium f\u00fcr Niewiadoma-Phinney<\/strong><\/p>\n<\/li>\n<li data-start=\"4878\" data-end=\"4948\">\n<p data-start=\"4880\" data-end=\"4948\"><strong data-start=\"4880\" data-end=\"4948\">Ein starker, aber noch unvollendeter Auftritt von Demi Vollering<\/strong><\/p>\n<\/li>\n<li data-start=\"4949\" data-end=\"5023\">\n<p data-start=\"4951\" data-end=\"5023\"><strong data-start=\"4951\" data-end=\"5023\">Und der Beweis, dass diese Tour l\u00e4ngst mehr ist als ein Versprechen.<\/strong><\/p>\n<\/li>\n<\/ul>\n","protected":false},"excerpt":{"rendered":"<p>Nach neun Tagen voller Spannung, Attacken und Emotionen endete die Tour de France Femmes avec Zwift 2025 an einem k\u00fchlen [&hellip;]<\/p>\n","protected":false},"author":115,"featured_media":11918,"comment_status":"open","ping_status":"open","sticky":false,"template":"","format":"standard","meta":{"footnotes":""},"categories":[1,124],"tags":[],"global-categories":[19],"class_list":["post-11916","post","type-post","status-publish","format-standard","has-post-thumbnail","hentry","category-allgemein","category-tour-de-france-femmes-2025","global-categories-cycling"],"yoast_head":"<!-- This site is optimized with the Yoast SEO Premium plugin v25.3 (Yoast SEO v25.9) - https:\/\/yoast.com\/wordpress\/plugins\/seo\/ -->\n<title>Tour de France Femmes avec Zwift 2025: Die entscheidenden Momente - \u0160koda We Love Cycling - Deutschland<\/title>\n<meta name=\"description\" content=\"Pauline Ferrand-Pr\u00e9vot triumphiert bei der Tour de France Femmes 2025 mit beeindruckenden Siegen in den Alpen \u2013 ein Meilenstein f\u00fcr den Frauensport im Radsport.\" \/>\n<meta name=\"robots\" content=\"index, follow, max-snippet:-1, max-image-preview:large, max-video-preview:-1\" \/>\n<link rel=\"canonical\" href=\"https:\/\/www.welovecycling.com\/de\/2025\/08\/06\/tour-de-france-femmes-avec-zwift-2025-die-entscheidenden-momente\/\" \/>\n<meta property=\"og:locale\" content=\"de_DE\" \/>\n<meta property=\"og:type\" content=\"article\" \/>\n<meta property=\"og:title\" content=\"Tour de France Femmes avec Zwift 2025: Die entscheidenden Momente\" \/>\n<meta property=\"og:description\" content=\"Pauline Ferrand-Pr\u00e9vot triumphiert bei der Tour de France Femmes 2025 mit beeindruckenden Siegen in den Alpen \u2013 ein Meilenstein f\u00fcr den Frauensport im Radsport.\" \/>\n<meta property=\"og:url\" content=\"https:\/\/www.welovecycling.com\/de\/2025\/08\/06\/tour-de-france-femmes-avec-zwift-2025-die-entscheidenden-momente\/\" \/>\n<meta property=\"og:site_name\" content=\"\u0160koda We Love Cycling - Deutschland\" \/>\n<meta property=\"article:published_time\" content=\"2025-08-06T11:14:03+00:00\" \/>\n<meta property=\"article:modified_time\" content=\"2025-08-06T11:16:38+00:00\" \/>\n<meta property=\"og:image\" content=\"https:\/\/d2p6e6u75xmxt8.cloudfront.net\/10\/2025\/08\/tdffaz-finale.webp\" \/>\n\t<meta property=\"og:image:width\" content=\"983\" \/>\n\t<meta property=\"og:image:height\" content=\"655\" \/>\n\t<meta property=\"og:image:type\" content=\"image\/webp\" \/>\n<meta name=\"author\" content=\"jbraeker\" \/>\n<meta name=\"twitter:card\" content=\"summary_large_image\" \/>\n<meta name=\"twitter:label1\" content=\"Written by\" \/>\n\t<meta name=\"twitter:data1\" content=\"Megan Flottorp\" \/>\n\t<meta name=\"twitter:label2\" content=\"Est. reading time\" \/>\n\t<meta name=\"twitter:data2\" content=\"4\" \/>\n<script type=\"application\/ld+json\" class=\"yoast-schema-graph\">{\"@context\":\"https:\/\/schema.org\",\"@graph\":[{\"@type\":\"WebPage\",\"@id\":\"https:\/\/www.welovecycling.com\/de\/2025\/08\/06\/tour-de-france-femmes-avec-zwift-2025-die-entscheidenden-momente\/\",\"url\":\"https:\/\/www.welovecycling.com\/de\/2025\/08\/06\/tour-de-france-femmes-avec-zwift-2025-die-entscheidenden-momente\/\",\"name\":\"Tour de France Femmes avec Zwift 2025: Die entscheidenden Momente - \u0160koda We Love Cycling - Deutschland\",\"isPartOf\":{\"@id\":\"https:\/\/www.welovecycling.com\/de\/#website\"},\"primaryImageOfPage\":{\"@id\":\"https:\/\/www.welovecycling.com\/de\/2025\/08\/06\/tour-de-france-femmes-avec-zwift-2025-die-entscheidenden-momente\/#primaryimage\"},\"image\":{\"@id\":\"https:\/\/www.welovecycling.com\/de\/2025\/08\/06\/tour-de-france-femmes-avec-zwift-2025-die-entscheidenden-momente\/#primaryimage\"},\"thumbnailUrl\":\"https:\/\/d2p6e6u75xmxt8.cloudfront.net\/10\/2025\/08\/tdffaz-finale.webp\",\"datePublished\":\"2025-08-06T11:14:03+00:00\",\"dateModified\":\"2025-08-06T11:16:38+00:00\",\"author\":{\"@id\":\"https:\/\/www.welovecycling.com\/de\/#\/schema\/person\/915694b3c8d0de9019932587781ba6b3\"},\"description\":\"Pauline Ferrand-Pr\u00e9vot triumphiert bei der Tour de France Femmes 2025 mit beeindruckenden Siegen in den Alpen \u2013 ein Meilenstein f\u00fcr den Frauensport im Radsport.\",\"breadcrumb\":{\"@id\":\"https:\/\/www.welovecycling.com\/de\/2025\/08\/06\/tour-de-france-femmes-avec-zwift-2025-die-entscheidenden-momente\/#breadcrumb\"},\"inLanguage\":\"de-DE\",\"potentialAction\":[{\"@type\":\"ReadAction\",\"target\":[\"https:\/\/www.welovecycling.com\/de\/2025\/08\/06\/tour-de-france-femmes-avec-zwift-2025-die-entscheidenden-momente\/\"]}]},{\"@type\":\"ImageObject\",\"inLanguage\":\"de-DE\",\"@id\":\"https:\/\/www.welovecycling.com\/de\/2025\/08\/06\/tour-de-france-femmes-avec-zwift-2025-die-entscheidenden-momente\/#primaryimage\",\"url\":\"https:\/\/d2p6e6u75xmxt8.cloudfront.net\/10\/2025\/08\/tdffaz-finale.webp\",\"contentUrl\":\"https:\/\/d2p6e6u75xmxt8.cloudfront.net\/10\/2025\/08\/tdffaz-finale.webp\",\"width\":983,\"height\":655},{\"@type\":\"BreadcrumbList\",\"@id\":\"https:\/\/www.welovecycling.com\/de\/2025\/08\/06\/tour-de-france-femmes-avec-zwift-2025-die-entscheidenden-momente\/#breadcrumb\",\"itemListElement\":[{\"@type\":\"ListItem\",\"position\":1,\"name\":\"Home\",\"item\":\"https:\/\/www.welovecycling.com\/de\/\"},{\"@type\":\"ListItem\",\"position\":2,\"name\":\"Tour de France Femmes avec Zwift 2025: Die entscheidenden Momente\"}]},{\"@type\":\"WebSite\",\"@id\":\"https:\/\/www.welovecycling.com\/de\/#website\",\"url\":\"https:\/\/www.welovecycling.com\/de\/\",\"name\":\"\u0160koda We Love Cycling - Deutschland\",\"description\":\"Just another \u0160koda WeLoveCycling Sites site\",\"potentialAction\":[{\"@type\":\"SearchAction\",\"target\":{\"@type\":\"EntryPoint\",\"urlTemplate\":\"https:\/\/www.welovecycling.com\/de\/?s={search_term_string}\"},\"query-input\":{\"@type\":\"PropertyValueSpecification\",\"valueRequired\":true,\"valueName\":\"search_term_string\"}}],\"inLanguage\":\"de-DE\"},{\"@type\":\"Person\",\"@id\":\"https:\/\/www.welovecycling.com\/de\/#\/schema\/person\/915694b3c8d0de9019932587781ba6b3\",\"name\":\"jbraeker\",\"image\":{\"@type\":\"ImageObject\",\"inLanguage\":\"de-DE\",\"@id\":\"https:\/\/www.welovecycling.com\/de\/#\/schema\/person\/image\/\",\"url\":\"https:\/\/secure.gravatar.com\/avatar\/8b4aea90e4535aae30b5b720249e5b723ae59fcf3d54757dd8b748d97b46d3c9?s=96&d=mm&r=g\",\"contentUrl\":\"https:\/\/secure.gravatar.com\/avatar\/8b4aea90e4535aae30b5b720249e5b723ae59fcf3d54757dd8b748d97b46d3c9?s=96&d=mm&r=g\",\"caption\":\"jbraeker\"},\"url\":\"https:\/\/www.welovecycling.com\/de\/author\/jbraeker\/\"}]}<\/script>\n<!-- \/ Yoast SEO Premium plugin. -->","yoast_head_json":{"title":"Tour de France Femmes avec Zwift 2025: Die entscheidenden Momente - \u0160koda We Love Cycling - Deutschland","description":"Pauline Ferrand-Pr\u00e9vot triumphiert bei der Tour de France Femmes 2025 mit beeindruckenden Siegen in den Alpen \u2013 ein Meilenstein f\u00fcr den Frauensport im Radsport.","robots":{"index":"index","follow":"follow","max-snippet":"max-snippet:-1","max-image-preview":"max-image-preview:large","max-video-preview":"max-video-preview:-1"},"canonical":"https:\/\/www.welovecycling.com\/de\/2025\/08\/06\/tour-de-france-femmes-avec-zwift-2025-die-entscheidenden-momente\/","og_locale":"de_DE","og_type":"article","og_title":"Tour de France Femmes avec Zwift 2025: Die entscheidenden Momente","og_description":"Pauline Ferrand-Pr\u00e9vot triumphiert bei der Tour de France Femmes 2025 mit beeindruckenden Siegen in den Alpen \u2013 ein Meilenstein f\u00fcr den Frauensport im Radsport.","og_url":"https:\/\/www.welovecycling.com\/de\/2025\/08\/06\/tour-de-france-femmes-avec-zwift-2025-die-entscheidenden-momente\/","og_site_name":"\u0160koda We Love Cycling - Deutschland","article_published_time":"2025-08-06T11:14:03+00:00","article_modified_time":"2025-08-06T11:16:38+00:00","og_image":[{"width":983,"height":655,"url":"https:\/\/d2p6e6u75xmxt8.cloudfront.net\/10\/2025\/08\/tdffaz-finale.webp","type":"image\/webp"}],"author":"jbraeker","twitter_card":"summary_large_image","twitter_misc":{"Written by":"Megan Flottorp","Est. reading time":"4"},"schema":{"@context":"https:\/\/schema.org","@graph":[{"@type":"WebPage","@id":"https:\/\/www.welovecycling.com\/de\/2025\/08\/06\/tour-de-france-femmes-avec-zwift-2025-die-entscheidenden-momente\/","url":"https:\/\/www.welovecycling.com\/de\/2025\/08\/06\/tour-de-france-femmes-avec-zwift-2025-die-entscheidenden-momente\/","name":"Tour de France Femmes avec Zwift 2025: Die entscheidenden Momente - \u0160koda We Love Cycling - Deutschland","isPartOf":{"@id":"https:\/\/www.welovecycling.com\/de\/#website"},"primaryImageOfPage":{"@id":"https:\/\/www.welovecycling.com\/de\/2025\/08\/06\/tour-de-france-femmes-avec-zwift-2025-die-entscheidenden-momente\/#primaryimage"},"image":{"@id":"https:\/\/www.welovecycling.com\/de\/2025\/08\/06\/tour-de-france-femmes-avec-zwift-2025-die-entscheidenden-momente\/#primaryimage"},"thumbnailUrl":"https:\/\/d2p6e6u75xmxt8.cloudfront.net\/10\/2025\/08\/tdffaz-finale.webp","datePublished":"2025-08-06T11:14:03+00:00","dateModified":"2025-08-06T11:16:38+00:00","author":{"@id":"https:\/\/www.welovecycling.com\/de\/#\/schema\/person\/915694b3c8d0de9019932587781ba6b3"},"description":"Pauline Ferrand-Pr\u00e9vot triumphiert bei der Tour de France Femmes 2025 mit beeindruckenden Siegen in den Alpen \u2013 ein Meilenstein f\u00fcr den Frauensport im Radsport.","breadcrumb":{"@id":"https:\/\/www.welovecycling.com\/de\/2025\/08\/06\/tour-de-france-femmes-avec-zwift-2025-die-entscheidenden-momente\/#breadcrumb"},"inLanguage":"de-DE","potentialAction":[{"@type":"ReadAction","target":["https:\/\/www.welovecycling.com\/de\/2025\/08\/06\/tour-de-france-femmes-avec-zwift-2025-die-entscheidenden-momente\/"]}]},{"@type":"ImageObject","inLanguage":"de-DE","@id":"https:\/\/www.welovecycling.com\/de\/2025\/08\/06\/tour-de-france-femmes-avec-zwift-2025-die-entscheidenden-momente\/#primaryimage","url":"https:\/\/d2p6e6u75xmxt8.cloudfront.net\/10\/2025\/08\/tdffaz-finale.webp","contentUrl":"https:\/\/d2p6e6u75xmxt8.cloudfront.net\/10\/2025\/08\/tdffaz-finale.webp","width":983,"height":655},{"@type":"BreadcrumbList","@id":"https:\/\/www.welovecycling.com\/de\/2025\/08\/06\/tour-de-france-femmes-avec-zwift-2025-die-entscheidenden-momente\/#breadcrumb","itemListElement":[{"@type":"ListItem","position":1,"name":"Home","item":"https:\/\/www.welovecycling.com\/de\/"},{"@type":"ListItem","position":2,"name":"Tour de France Femmes avec Zwift 2025: Die entscheidenden Momente"}]},{"@type":"WebSite","@id":"https:\/\/www.welovecycling.com\/de\/#website","url":"https:\/\/www.welovecycling.com\/de\/","name":"\u0160koda We Love Cycling - Deutschland","description":"Just another \u0160koda WeLoveCycling Sites site","potentialAction":[{"@type":"SearchAction","target":{"@type":"EntryPoint","urlTemplate":"https:\/\/www.welovecycling.com\/de\/?s={search_term_string}"},"query-input":{"@type":"PropertyValueSpecification","valueRequired":true,"valueName":"search_term_string"}}],"inLanguage":"de-DE"},{"@type":"Person","@id":"https:\/\/www.welovecycling.com\/de\/#\/schema\/person\/915694b3c8d0de9019932587781ba6b3","name":"jbraeker","image":{"@type":"ImageObject","inLanguage":"de-DE","@id":"https:\/\/www.welovecycling.com\/de\/#\/schema\/person\/image\/","url":"https:\/\/secure.gravatar.com\/avatar\/8b4aea90e4535aae30b5b720249e5b723ae59fcf3d54757dd8b748d97b46d3c9?s=96&d=mm&r=g","contentUrl":"https:\/\/secure.gravatar.com\/avatar\/8b4aea90e4535aae30b5b720249e5b723ae59fcf3d54757dd8b748d97b46d3c9?s=96&d=mm&r=g","caption":"jbraeker"},"url":"https:\/\/www.welovecycling.com\/de\/author\/jbraeker\/"}]}},"_links":{"self":[{"href":"https:\/\/www.welovecycling.com\/de\/wp-json\/wp\/v2\/posts\/11916","targetHints":{"allow":["GET"]}}],"collection":[{"href":"https:\/\/www.welovecycling.com\/de\/wp-json\/wp\/v2\/posts"}],"about":[{"href":"https:\/\/www.welovecycling.com\/de\/wp-json\/wp\/v2\/types\/post"}],"author":[{"embeddable":true,"href":"https:\/\/www.welovecycling.com\/de\/wp-json\/wp\/v2\/users\/115"}],"replies":[{"embeddable":true,"href":"https:\/\/www.welovecycling.com\/de\/wp-json\/wp\/v2\/comments?post=11916"}],"version-history":[{"count":1,"href":"https:\/\/www.welovecycling.com\/de\/wp-json\/wp\/v2\/posts\/11916\/revisions"}],"predecessor-version":[{"id":11919,"href":"https:\/\/www.welovecycling.com\/de\/wp-json\/wp\/v2\/posts\/11916\/revisions\/11919"}],"wp:featuredmedia":[{"embeddable":true,"href":"https:\/\/www.welovecycling.com\/de\/wp-json\/wp\/v2\/media\/11918"}],"wp:attachment":[{"href":"https:\/\/www.welovecycling.com\/de\/wp-json\/wp\/v2\/media?parent=11916"}],"wp:term":[{"taxonomy":"category","embeddable":true,"href":"https:\/\/www.welovecycling.com\/de\/wp-json\/wp\/v2\/categories?post=11916"},{"taxonomy":"post_tag","embeddable":true,"href":"https:\/\/www.welovecycling.com\/de\/wp-json\/wp\/v2\/tags?post=11916"},{"taxonomy":"global-categories","embeddable":true,"href":"https:\/\/www.welovecycling.com\/de\/wp-json\/wp\/v2\/global-categories?post=11916"}],"curies":[{"name":"wp","href":"https:\/\/api.w.org\/{rel}","templated":true}]}}