{"id":11912,"date":"2025-07-31T07:55:48","date_gmt":"2025-07-31T06:55:48","guid":{"rendered":"https:\/\/www.welovecycling.com\/de\/?p=11912"},"modified":"2025-08-06T12:18:35","modified_gmt":"2025-08-06T11:18:35","slug":"zum-glueck-hatte-ich-den-schnellsten-antritt-kim-le-court-holt-etappensieg-und-gelb-bei-explosiver-etappe-5-der-tdffaz","status":"publish","type":"post","link":"https:\/\/www.welovecycling.com\/de\/2025\/07\/31\/zum-glueck-hatte-ich-den-schnellsten-antritt-kim-le-court-holt-etappensieg-und-gelb-bei-explosiver-etappe-5-der-tdffaz\/","title":{"rendered":"\u201eZum Gl\u00fcck hatte ich den schnellsten Antritt\u201c \u2013 Kim Le Court holt Etappensieg und Gelb bei explosiver Etappe 5 der TdFFaZ"},"content":{"rendered":"<p data-start=\"303\" data-end=\"662\"><strong data-start=\"303\" data-end=\"319\">Kim Le Court<\/strong> (AG Insurance\u2013Soudal) sprintete am Mittwoch in Gu\u00e9ret zum Sieg auf der f\u00fcnften Etappe der <strong data-start=\"410\" data-end=\"446\">Tour de France Femmes avec Zwift<\/strong> \u2013 und \u00fcbernahm nach einem explosiven Finale auch das <strong data-start=\"500\" data-end=\"516\">Gelbe Trikot<\/strong> von Marianne Vos. Es war ein Tag voller Attacken, Dramatik und einem packenden Sprint, der das Gesamtklassement ordentlich durcheinanderwirbelte.<\/p>\n<p data-start=\"664\" data-end=\"898\">Die <strong data-start=\"668\" data-end=\"693\">165,8 km lange Etappe<\/strong> von Chasseneuil-du-Poitou nach Gu\u00e9ret war die l\u00e4ngste der diesj\u00e4hrigen Rundfahrt \u2013 und die letzten 30 km hatten es in sich: Kletterpartien, st\u00e4ndige Tempowechsel und zahllose Attacken setzten dem Feld zu.<\/p>\n<p data-start=\"900\" data-end=\"1071\">Im finalen Sprint einer selektierten Spitzengruppe setzte sich Le Court hauchd\u00fcnn gegen <strong data-start=\"988\" data-end=\"1006\">Demi Vollering<\/strong> (FDJ\u2013Suez) und <strong data-start=\"1022\" data-end=\"1046\">Anna van der Breggen<\/strong> (SD Worx\u2013Protime) durch.<\/p>\n<blockquote data-start=\"1073\" data-end=\"1272\">\n<p data-start=\"1075\" data-end=\"1272\">\u201eVielleicht habe ich den Zuschauern vor dem Bildschirm einen Schreck eingejagt\u201c, lachte Le Court,<br data-start=\"1172\" data-end=\"1175\" \/>\u201eaber wenn man merkt, dass man das Tempo hat, wei\u00df man einfach: Ich bin zuerst \u00fcber der Linie.\u201c<\/p>\n<\/blockquote>\n<p data-start=\"1274\" data-end=\"1604\">Die Etappe war gepr\u00e4gt von hohem Tempo, mehreren St\u00fcrzen und einem Peloton, das an den Anstiegen zunehmend zerfiel. Besonders bitter: <strong data-start=\"1408\" data-end=\"1424\">Marianne Vos<\/strong> (Visma\u2013Lease a Bike), bis dahin Gesamtf\u00fchrende, musste am letzten Anstieg rei\u00dfen lassen und verlor am Ende 33 Sekunden. In der Gesamtwertung fiel sie damit auf Platz sechs zur\u00fcck.<\/p>\n<blockquote class=\"instagram-media\" style=\"background: #FFF; border: 0; border-radius: 3px; box-shadow: 0 0 1px 0 rgba(0,0,0,0.5),0 1px 10px 0 rgba(0,0,0,0.15); margin: 1px; max-width: 540px; min-width: 326px; padding: 0; width: calc(100% - 2px);\" data-instgrm-captioned=\"\" data-instgrm-permalink=\"https:\/\/www.instagram.com\/reel\/DMvNpWiIdoJ\/?utm_source=ig_embed&amp;utm_campaign=loading\" data-instgrm-version=\"14\">\n<div style=\"padding: 16px;\">\n<p>&nbsp;<\/p>\n<div style=\"display: flex; flex-direction: row; align-items: center;\">\n<div style=\"background-color: #f4f4f4; border-radius: 50%; flex-grow: 0; height: 40px; margin-right: 14px; width: 40px;\"><\/div>\n<div style=\"display: flex; flex-direction: column; flex-grow: 1; justify-content: center;\">\n<div style=\"background-color: #f4f4f4; border-radius: 4px; flex-grow: 0; height: 14px; margin-bottom: 6px; width: 100px;\"><\/div>\n<div style=\"background-color: #f4f4f4; border-radius: 4px; flex-grow: 0; height: 14px; width: 60px;\"><\/div>\n<\/div>\n<\/div>\n<div style=\"padding: 19% 0;\"><\/div>\n<div style=\"display: block; height: 50px; margin: 0 auto 12px; width: 50px;\"><\/div>\n<div style=\"padding-top: 8px;\">\n<div style=\"color: #3897f0; font-family: Arial,sans-serif; font-size: 14px; font-style: normal; font-weight: 550; line-height: 18px;\">Sieh dir diesen Beitrag auf Instagram an<\/div>\n<\/div>\n<div style=\"padding: 12.5% 0;\"><\/div>\n<div style=\"display: flex; flex-direction: row; margin-bottom: 14px; align-items: center;\">\n<div>\n<div style=\"background-color: #f4f4f4; border-radius: 50%; height: 12.5px; width: 12.5px; transform: translateX(0px) translateY(7px);\"><\/div>\n<div style=\"background-color: #f4f4f4; height: 12.5px; transform: rotate(-45deg) translateX(3px) translateY(1px); width: 12.5px; flex-grow: 0; margin-right: 14px; margin-left: 2px;\"><\/div>\n<div style=\"background-color: #f4f4f4; border-radius: 50%; height: 12.5px; width: 12.5px; transform: translateX(9px) translateY(-18px);\"><\/div>\n<\/div>\n<div style=\"margin-left: 8px;\">\n<div style=\"background-color: #f4f4f4; border-radius: 50%; flex-grow: 0; height: 20px; width: 20px;\"><\/div>\n<div style=\"width: 0; height: 0; border-top: 2px solid transparent; border-left: 6px solid #f4f4f4; border-bottom: 2px solid transparent; transform: translateX(16px) translateY(-4px) rotate(30deg);\"><\/div>\n<\/div>\n<div style=\"margin-left: auto;\">\n<div style=\"width: 0px; border-top: 8px solid #F4F4F4; border-right: 8px solid transparent; transform: translateY(16px);\"><\/div>\n<div style=\"background-color: #f4f4f4; flex-grow: 0; height: 12px; width: 16px; transform: translateY(-4px);\"><\/div>\n<div style=\"width: 0; height: 0; border-top: 8px solid #F4F4F4; border-left: 8px solid transparent; transform: translateY(-4px) translateX(8px);\"><\/div>\n<\/div>\n<\/div>\n<div style=\"display: flex; flex-direction: column; flex-grow: 1; justify-content: center; margin-bottom: 24px;\">\n<div style=\"background-color: #f4f4f4; border-radius: 4px; flex-grow: 0; height: 14px; margin-bottom: 6px; width: 224px;\"><\/div>\n<div style=\"background-color: #f4f4f4; border-radius: 4px; flex-grow: 0; height: 14px; width: 144px;\"><\/div>\n<\/div>\n<p>&nbsp;<\/p>\n<p style=\"color: #c9c8cd; font-family: Arial,sans-serif; font-size: 14px; line-height: 17px; margin-bottom: 0; margin-top: 8px; overflow: hidden; padding: 8px 0 7px; text-align: center; text-overflow: ellipsis; white-space: nowrap;\"><a style=\"color: #c9c8cd; font-family: Arial,sans-serif; font-size: 14px; font-style: normal; font-weight: normal; line-height: 17px; text-decoration: none;\" href=\"https:\/\/www.instagram.com\/reel\/DMvNpWiIdoJ\/?utm_source=ig_embed&amp;utm_campaign=loading\" target=\"_blank\" rel=\"noopener\">Ein Beitrag geteilt von Tour de France\u2122 (@letourdefrance)<\/a><\/p>\n<\/div>\n<\/blockquote>\n<p><script async src=\"\/\/www.instagram.com\/embed.js\"><\/script><\/p>\n<p data-start=\"1606\" data-end=\"1689\">Le Courts Sieg war das Ergebnis eines perfekten Teamplans und taktischer Disziplin:<\/p>\n<blockquote data-start=\"1691\" data-end=\"1901\">\n<p data-start=\"1693\" data-end=\"1901\">\u201eUnser Ziel war, sicher durch den flachen Teil zu kommen \u2013 wegen der vielen St\u00fcrze \u2013 und den Bonussprint mitzunehmen. Und wenn es zum Sprint in einer kleinen Gruppe kommt: alles auf Etappensieg\u201c, so Le Court.<\/p>\n<\/blockquote>\n<p data-start=\"1903\" data-end=\"2069\">Ein Schl\u00fcssel zum Erfolg war <strong data-start=\"1932\" data-end=\"1949\">Sarah Gigante<\/strong>, ihre Teamkollegin, die in den finalen Kilometern das Tempo hochhielt und half, die L\u00fccke zur Vos-Gruppe zu vergr\u00f6\u00dfern.<\/p>\n<blockquote data-start=\"2071\" data-end=\"2372\">\n<p data-start=\"2073\" data-end=\"2372\">\u201eOhne Sarah w\u00e4re die Gruppe von hinten wahrscheinlich zur\u00fcckgekommen \u2013 einige wollten nicht mitf\u00fchren. Nur Demi, Kasia und ich haben gearbeitet\u201c, sagte Le Court.<br data-start=\"2234\" data-end=\"2237\" \/>\u201eAls Sarah nach der Abfahrt wieder aufschloss, war das entscheidend. Sie hat sich voll reingeh\u00e4ngt. Das zeigt: Teamarbeit ist alles.\u201c<\/p>\n<\/blockquote>\n<p data-start=\"2374\" data-end=\"2679\">Fr\u00fch im Rennen hatte eine f\u00fcnfk\u00f6pfige Ausrei\u00dfergruppe \u2013 u.a. mit <strong data-start=\"2439\" data-end=\"2457\">Brodie Chapman<\/strong> (UAE ADQ) \u2013 das Rennen animiert. Ihre Flucht endete jedoch an den finalen Anstiegen. Chapman startete 25 km vor dem Ziel noch eine mutige Solo-Attacke an der C\u00f4te du Peyroux, wurde jedoch vor dem letzten Anstieg gestellt.<\/p>\n<p data-start=\"2681\" data-end=\"2907\">Die letzten Kilometer waren gepr\u00e4gt von Attacken und Tempoversch\u00e4rfungen \u2013 vor allem von <strong data-start=\"2770\" data-end=\"2798\">Kasia Niewiadoma Phinney<\/strong>, Vollering, <strong data-start=\"2811\" data-end=\"2837\">Pauline Ferrand-Pr\u00e9vot<\/strong> und Le Court. Vos verlor dabei endg\u00fcltig den Anschluss an die Spitze.<\/p>\n<p data-start=\"2909\" data-end=\"3025\">Im reduzierten F\u00fchrungspulk ging es ins Finale. Le Court gab zu, den Zielstrich leicht falsch eingesch\u00e4tzt zu haben:<\/p>\n<blockquote data-start=\"3027\" data-end=\"3168\">\n<p data-start=\"3029\" data-end=\"3168\">\u201eIch war nicht ganz optimal positioniert im Sprint \u2013 die Ziellinie kam schneller als gedacht. Zum Gl\u00fcck hatte ich den schnellsten Antritt.\u201c<\/p>\n<\/blockquote>\n<hr data-start=\"3170\" data-end=\"3173\" \/>\n<h3 data-start=\"3175\" data-end=\"3206\"><strong data-start=\"3179\" data-end=\"3204\">Ergebnisse \u2013 Etappe 5<\/strong><\/h3>\n<ol data-start=\"3207\" data-end=\"3695\">\n<li data-start=\"3207\" data-end=\"3266\">\n<p data-start=\"3210\" data-end=\"3266\">Kim Le Court (MRI) \u2013 AG Insurance\u2013Soudal \u2013 <strong data-start=\"3253\" data-end=\"3264\">3:54:07<\/strong><\/p>\n<\/li>\n<li data-start=\"3267\" data-end=\"3303\">\n<p data-start=\"3270\" data-end=\"3303\">Demi Vollering (NED) \u2013 FDJ\u2013Suez<\/p>\n<\/li>\n<li data-start=\"3304\" data-end=\"3353\">\n<p data-start=\"3307\" data-end=\"3353\">Anna van der Breggen (NED) \u2013 SD Worx\u2013Protime<\/p>\n<\/li>\n<li data-start=\"3354\" data-end=\"3415\">\n<p data-start=\"3357\" data-end=\"3415\">Kasia Niewiadoma Phinney (POL) \u2013 Canyon\u2013SRAM zondacrypto<\/p>\n<\/li>\n<li data-start=\"3416\" data-end=\"3470\">\n<p data-start=\"3419\" data-end=\"3470\">Pauline Ferrand-Pr\u00e9vot (FRA) \u2013 Visma\u2013Lease a Bike<\/p>\n<\/li>\n<li data-start=\"3471\" data-end=\"3517\">\n<p data-start=\"3474\" data-end=\"3517\">Sarah Gigante (AUS) \u2013 AG Insurance\u2013Soudal<\/p>\n<\/li>\n<li data-start=\"3518\" data-end=\"3568\">\n<p data-start=\"3521\" data-end=\"3568\">Pauliena Rooijakkers (NED) \u2013 Fenix\u2013Deceuninck<\/p>\n<\/li>\n<li data-start=\"3569\" data-end=\"3624\">\n<p data-start=\"3572\" data-end=\"3624\">Marianne Vos (NED) \u2013 Visma\u2013Lease a Bike \u2013 <strong data-start=\"3614\" data-end=\"3622\">+33s<\/strong><\/p>\n<\/li>\n<li data-start=\"3625\" data-end=\"3658\">\n<p data-start=\"3628\" data-end=\"3658\">\u00c9vita Muzic (FRA) \u2013 FDJ\u2013Suez<\/p>\n<\/li>\n<li data-start=\"3659\" data-end=\"3695\">\n<p data-start=\"3663\" data-end=\"3695\">Elise Chabbey (SUI) \u2013 FDJ\u2013Suez<\/p>\n<\/li>\n<\/ol>\n<hr data-start=\"3697\" data-end=\"3700\" \/>\n<h3 data-start=\"3702\" data-end=\"3739\"><strong data-start=\"3706\" data-end=\"3737\">Gesamtwertung nach Etappe 5<\/strong><\/h3>\n<ol data-start=\"3740\" data-end=\"4079\">\n<li data-start=\"3740\" data-end=\"3772\">\n<p data-start=\"3743\" data-end=\"3772\">Kim Le Court \u2013 <strong data-start=\"3758\" data-end=\"3770\">15:07:14<\/strong><\/p>\n<\/li>\n<li data-start=\"3773\" data-end=\"3811\">\n<p data-start=\"3776\" data-end=\"3811\">Pauline Ferrand-Pr\u00e9vot \u2013 <strong data-start=\"3801\" data-end=\"3809\">+18s<\/strong><\/p>\n<\/li>\n<li data-start=\"3812\" data-end=\"3842\">\n<p data-start=\"3815\" data-end=\"3842\">Demi Vollering \u2013 <strong data-start=\"3832\" data-end=\"3840\">+23s<\/strong><\/p>\n<\/li>\n<li data-start=\"3843\" data-end=\"3883\">\n<p data-start=\"3846\" data-end=\"3883\">Kasia Niewiadoma Phinney \u2013 <strong data-start=\"3873\" data-end=\"3881\">+24s<\/strong><\/p>\n<\/li>\n<li data-start=\"3884\" data-end=\"3920\">\n<p data-start=\"3887\" data-end=\"3920\">Anna van der Breggen \u2013 <strong data-start=\"3910\" data-end=\"3918\">+27s<\/strong><\/p>\n<\/li>\n<li data-start=\"3921\" data-end=\"3949\">\n<p data-start=\"3924\" data-end=\"3949\">Marianne Vos \u2013 <strong data-start=\"3939\" data-end=\"3947\">+37s<\/strong><\/p>\n<\/li>\n<li data-start=\"3950\" data-end=\"3986\">\n<p data-start=\"3953\" data-end=\"3986\">Pauliena Rooijakkers \u2013 <strong data-start=\"3976\" data-end=\"3984\">+45s<\/strong><\/p>\n<\/li>\n<li data-start=\"3987\" data-end=\"4016\">\n<p data-start=\"3990\" data-end=\"4016\">Sarah Gigante \u2013 <strong data-start=\"4006\" data-end=\"4014\">+55s<\/strong><\/p>\n<\/li>\n<li data-start=\"4017\" data-end=\"4047\">\n<p data-start=\"4020\" data-end=\"4047\">Puck Pieterse \u2013 <strong data-start=\"4036\" data-end=\"4045\">+1:04<\/strong><\/p>\n<\/li>\n<li data-start=\"4048\" data-end=\"4079\">\n<ul>\n<li data-start=\"4017\" data-end=\"4047\">C\u00e9drine Kerbaol \u2013 <strong data-start=\"4070\" data-end=\"4079\">+1:16<\/strong><\/li>\n<\/ul>\n<\/li>\n<\/ol>\n","protected":false},"excerpt":{"rendered":"<p>Kim Le Court (AG Insurance\u2013Soudal) sprintete am Mittwoch in Gu\u00e9ret zum Sieg auf der f\u00fcnften Etappe der Tour de France [&hellip;]<\/p>\n","protected":false},"author":115,"featured_media":11890,"comment_status":"open","ping_status":"open","sticky":false,"template":"","format":"standard","meta":{"footnotes":""},"categories":[1,124],"tags":[],"global-categories":[19],"class_list":["post-11912","post","type-post","status-publish","format-standard","has-post-thumbnail","hentry","category-allgemein","category-tour-de-france-femmes-2025","global-categories-cycling"],"yoast_head":"<!-- This site is optimized with the Yoast SEO Premium plugin v25.3 (Yoast SEO v25.9) - https:\/\/yoast.com\/wordpress\/plugins\/seo\/ -->\n<title>\u201eZum Gl\u00fcck hatte ich den schnellsten Antritt\u201c \u2013 Kim Le Court holt Etappensieg und Gelb bei explosiver Etappe 5 der TdFFaZ - \u0160koda We Love Cycling - Deutschland<\/title>\n<meta name=\"description\" content=\"Kim Le Court siegt auf Etappe 5 der TdFFaZ 2025 im Sprint und \u00fcbernimmt das Gelbe Trikot von Vos. Ein dramatisches Finale mit taktischer Meisterleistung.M\u00f6chtest du auch eine kurze Instagram-Story oder Social Caption dazu?ChatGPT fragen\" \/>\n<meta name=\"robots\" content=\"index, follow, max-snippet:-1, max-image-preview:large, max-video-preview:-1\" \/>\n<link rel=\"canonical\" href=\"https:\/\/www.welovecycling.com\/de\/2025\/07\/31\/zum-glueck-hatte-ich-den-schnellsten-antritt-kim-le-court-holt-etappensieg-und-gelb-bei-explosiver-etappe-5-der-tdffaz\/\" \/>\n<meta property=\"og:locale\" content=\"de_DE\" \/>\n<meta property=\"og:type\" content=\"article\" \/>\n<meta property=\"og:title\" content=\"\u201eZum Gl\u00fcck hatte ich den schnellsten Antritt\u201c \u2013 Kim Le Court holt Etappensieg und Gelb bei explosiver Etappe 5 der TdFFaZ\" \/>\n<meta property=\"og:description\" content=\"Kim Le Court siegt auf Etappe 5 der TdFFaZ 2025 im Sprint und \u00fcbernimmt das Gelbe Trikot von Vos. Ein dramatisches Finale mit taktischer Meisterleistung.M\u00f6chtest du auch eine kurze Instagram-Story oder Social Caption dazu?ChatGPT fragen\" \/>\n<meta property=\"og:url\" content=\"https:\/\/www.welovecycling.com\/de\/2025\/07\/31\/zum-glueck-hatte-ich-den-schnellsten-antritt-kim-le-court-holt-etappensieg-und-gelb-bei-explosiver-etappe-5-der-tdffaz\/\" \/>\n<meta property=\"og:site_name\" content=\"\u0160koda We Love Cycling - Deutschland\" \/>\n<meta property=\"article:published_time\" content=\"2025-07-31T06:55:48+00:00\" \/>\n<meta property=\"article:modified_time\" content=\"2025-08-06T11:18:35+00:00\" \/>\n<meta property=\"og:image\" content=\"https:\/\/d2p6e6u75xmxt8.cloudfront.net\/10\/2025\/08\/stage5.webp\" \/>\n\t<meta property=\"og:image:width\" content=\"981\" \/>\n\t<meta property=\"og:image:height\" content=\"655\" \/>\n\t<meta property=\"og:image:type\" content=\"image\/webp\" \/>\n<meta name=\"author\" content=\"jbraeker\" \/>\n<meta name=\"twitter:card\" content=\"summary_large_image\" \/>\n<meta name=\"twitter:label1\" content=\"Written by\" \/>\n\t<meta name=\"twitter:data1\" content=\"Monica Buck\" \/>\n\t<meta name=\"twitter:label2\" content=\"Est. reading time\" \/>\n\t<meta name=\"twitter:data2\" content=\"2\" \/>\n<script type=\"application\/ld+json\" class=\"yoast-schema-graph\">{\"@context\":\"https:\/\/schema.org\",\"@graph\":[{\"@type\":\"WebPage\",\"@id\":\"https:\/\/www.welovecycling.com\/de\/2025\/07\/31\/zum-glueck-hatte-ich-den-schnellsten-antritt-kim-le-court-holt-etappensieg-und-gelb-bei-explosiver-etappe-5-der-tdffaz\/\",\"url\":\"https:\/\/www.welovecycling.com\/de\/2025\/07\/31\/zum-glueck-hatte-ich-den-schnellsten-antritt-kim-le-court-holt-etappensieg-und-gelb-bei-explosiver-etappe-5-der-tdffaz\/\",\"name\":\"\u201eZum Gl\u00fcck hatte ich den schnellsten Antritt\u201c \u2013 Kim Le Court holt Etappensieg und Gelb bei explosiver Etappe 5 der TdFFaZ - \u0160koda We Love Cycling - Deutschland\",\"isPartOf\":{\"@id\":\"https:\/\/www.welovecycling.com\/de\/#website\"},\"primaryImageOfPage\":{\"@id\":\"https:\/\/www.welovecycling.com\/de\/2025\/07\/31\/zum-glueck-hatte-ich-den-schnellsten-antritt-kim-le-court-holt-etappensieg-und-gelb-bei-explosiver-etappe-5-der-tdffaz\/#primaryimage\"},\"image\":{\"@id\":\"https:\/\/www.welovecycling.com\/de\/2025\/07\/31\/zum-glueck-hatte-ich-den-schnellsten-antritt-kim-le-court-holt-etappensieg-und-gelb-bei-explosiver-etappe-5-der-tdffaz\/#primaryimage\"},\"thumbnailUrl\":\"https:\/\/d2p6e6u75xmxt8.cloudfront.net\/10\/2025\/08\/stage5.webp\",\"datePublished\":\"2025-07-31T06:55:48+00:00\",\"dateModified\":\"2025-08-06T11:18:35+00:00\",\"author\":{\"@id\":\"https:\/\/www.welovecycling.com\/de\/#\/schema\/person\/915694b3c8d0de9019932587781ba6b3\"},\"description\":\"Kim Le Court siegt auf Etappe 5 der TdFFaZ 2025 im Sprint und \u00fcbernimmt das Gelbe Trikot von Vos. Ein dramatisches Finale mit taktischer Meisterleistung.M\u00f6chtest du auch eine kurze Instagram-Story oder Social Caption dazu?ChatGPT fragen\",\"breadcrumb\":{\"@id\":\"https:\/\/www.welovecycling.com\/de\/2025\/07\/31\/zum-glueck-hatte-ich-den-schnellsten-antritt-kim-le-court-holt-etappensieg-und-gelb-bei-explosiver-etappe-5-der-tdffaz\/#breadcrumb\"},\"inLanguage\":\"de-DE\",\"potentialAction\":[{\"@type\":\"ReadAction\",\"target\":[\"https:\/\/www.welovecycling.com\/de\/2025\/07\/31\/zum-glueck-hatte-ich-den-schnellsten-antritt-kim-le-court-holt-etappensieg-und-gelb-bei-explosiver-etappe-5-der-tdffaz\/\"]}]},{\"@type\":\"ImageObject\",\"inLanguage\":\"de-DE\",\"@id\":\"https:\/\/www.welovecycling.com\/de\/2025\/07\/31\/zum-glueck-hatte-ich-den-schnellsten-antritt-kim-le-court-holt-etappensieg-und-gelb-bei-explosiver-etappe-5-der-tdffaz\/#primaryimage\",\"url\":\"https:\/\/d2p6e6u75xmxt8.cloudfront.net\/10\/2025\/08\/stage5.webp\",\"contentUrl\":\"https:\/\/d2p6e6u75xmxt8.cloudfront.net\/10\/2025\/08\/stage5.webp\",\"width\":981,\"height\":655},{\"@type\":\"BreadcrumbList\",\"@id\":\"https:\/\/www.welovecycling.com\/de\/2025\/07\/31\/zum-glueck-hatte-ich-den-schnellsten-antritt-kim-le-court-holt-etappensieg-und-gelb-bei-explosiver-etappe-5-der-tdffaz\/#breadcrumb\",\"itemListElement\":[{\"@type\":\"ListItem\",\"position\":1,\"name\":\"Home\",\"item\":\"https:\/\/www.welovecycling.com\/de\/\"},{\"@type\":\"ListItem\",\"position\":2,\"name\":\"\u201eZum Gl\u00fcck hatte ich den schnellsten Antritt\u201c \u2013 Kim Le Court holt Etappensieg und Gelb bei explosiver Etappe 5 der TdFFaZ\"}]},{\"@type\":\"WebSite\",\"@id\":\"https:\/\/www.welovecycling.com\/de\/#website\",\"url\":\"https:\/\/www.welovecycling.com\/de\/\",\"name\":\"\u0160koda We Love Cycling - Deutschland\",\"description\":\"Just another \u0160koda WeLoveCycling Sites site\",\"potentialAction\":[{\"@type\":\"SearchAction\",\"target\":{\"@type\":\"EntryPoint\",\"urlTemplate\":\"https:\/\/www.welovecycling.com\/de\/?s={search_term_string}\"},\"query-input\":{\"@type\":\"PropertyValueSpecification\",\"valueRequired\":true,\"valueName\":\"search_term_string\"}}],\"inLanguage\":\"de-DE\"},{\"@type\":\"Person\",\"@id\":\"https:\/\/www.welovecycling.com\/de\/#\/schema\/person\/915694b3c8d0de9019932587781ba6b3\",\"name\":\"jbraeker\",\"image\":{\"@type\":\"ImageObject\",\"inLanguage\":\"de-DE\",\"@id\":\"https:\/\/www.welovecycling.com\/de\/#\/schema\/person\/image\/\",\"url\":\"https:\/\/secure.gravatar.com\/avatar\/8b4aea90e4535aae30b5b720249e5b723ae59fcf3d54757dd8b748d97b46d3c9?s=96&d=mm&r=g\",\"contentUrl\":\"https:\/\/secure.gravatar.com\/avatar\/8b4aea90e4535aae30b5b720249e5b723ae59fcf3d54757dd8b748d97b46d3c9?s=96&d=mm&r=g\",\"caption\":\"jbraeker\"},\"url\":\"https:\/\/www.welovecycling.com\/de\/author\/jbraeker\/\"}]}<\/script>\n<!-- \/ Yoast SEO Premium plugin. -->","yoast_head_json":{"title":"\u201eZum Gl\u00fcck hatte ich den schnellsten Antritt\u201c \u2013 Kim Le Court holt Etappensieg und Gelb bei explosiver Etappe 5 der TdFFaZ - \u0160koda We Love Cycling - Deutschland","description":"Kim Le Court siegt auf Etappe 5 der TdFFaZ 2025 im Sprint und \u00fcbernimmt das Gelbe Trikot von Vos. Ein dramatisches Finale mit taktischer Meisterleistung.M\u00f6chtest du auch eine kurze Instagram-Story oder Social Caption dazu?ChatGPT fragen","robots":{"index":"index","follow":"follow","max-snippet":"max-snippet:-1","max-image-preview":"max-image-preview:large","max-video-preview":"max-video-preview:-1"},"canonical":"https:\/\/www.welovecycling.com\/de\/2025\/07\/31\/zum-glueck-hatte-ich-den-schnellsten-antritt-kim-le-court-holt-etappensieg-und-gelb-bei-explosiver-etappe-5-der-tdffaz\/","og_locale":"de_DE","og_type":"article","og_title":"\u201eZum Gl\u00fcck hatte ich den schnellsten Antritt\u201c \u2013 Kim Le Court holt Etappensieg und Gelb bei explosiver Etappe 5 der TdFFaZ","og_description":"Kim Le Court siegt auf Etappe 5 der TdFFaZ 2025 im Sprint und \u00fcbernimmt das Gelbe Trikot von Vos. Ein dramatisches Finale mit taktischer Meisterleistung.M\u00f6chtest du auch eine kurze Instagram-Story oder Social Caption dazu?ChatGPT fragen","og_url":"https:\/\/www.welovecycling.com\/de\/2025\/07\/31\/zum-glueck-hatte-ich-den-schnellsten-antritt-kim-le-court-holt-etappensieg-und-gelb-bei-explosiver-etappe-5-der-tdffaz\/","og_site_name":"\u0160koda We Love Cycling - Deutschland","article_published_time":"2025-07-31T06:55:48+00:00","article_modified_time":"2025-08-06T11:18:35+00:00","og_image":[{"width":981,"height":655,"url":"https:\/\/d2p6e6u75xmxt8.cloudfront.net\/10\/2025\/08\/stage5.webp","type":"image\/webp"}],"author":"jbraeker","twitter_card":"summary_large_image","twitter_misc":{"Written by":"Monica Buck","Est. reading time":"2"},"schema":{"@context":"https:\/\/schema.org","@graph":[{"@type":"WebPage","@id":"https:\/\/www.welovecycling.com\/de\/2025\/07\/31\/zum-glueck-hatte-ich-den-schnellsten-antritt-kim-le-court-holt-etappensieg-und-gelb-bei-explosiver-etappe-5-der-tdffaz\/","url":"https:\/\/www.welovecycling.com\/de\/2025\/07\/31\/zum-glueck-hatte-ich-den-schnellsten-antritt-kim-le-court-holt-etappensieg-und-gelb-bei-explosiver-etappe-5-der-tdffaz\/","name":"\u201eZum Gl\u00fcck hatte ich den schnellsten Antritt\u201c \u2013 Kim Le Court holt Etappensieg und Gelb bei explosiver Etappe 5 der TdFFaZ - \u0160koda We Love Cycling - Deutschland","isPartOf":{"@id":"https:\/\/www.welovecycling.com\/de\/#website"},"primaryImageOfPage":{"@id":"https:\/\/www.welovecycling.com\/de\/2025\/07\/31\/zum-glueck-hatte-ich-den-schnellsten-antritt-kim-le-court-holt-etappensieg-und-gelb-bei-explosiver-etappe-5-der-tdffaz\/#primaryimage"},"image":{"@id":"https:\/\/www.welovecycling.com\/de\/2025\/07\/31\/zum-glueck-hatte-ich-den-schnellsten-antritt-kim-le-court-holt-etappensieg-und-gelb-bei-explosiver-etappe-5-der-tdffaz\/#primaryimage"},"thumbnailUrl":"https:\/\/d2p6e6u75xmxt8.cloudfront.net\/10\/2025\/08\/stage5.webp","datePublished":"2025-07-31T06:55:48+00:00","dateModified":"2025-08-06T11:18:35+00:00","author":{"@id":"https:\/\/www.welovecycling.com\/de\/#\/schema\/person\/915694b3c8d0de9019932587781ba6b3"},"description":"Kim Le Court siegt auf Etappe 5 der TdFFaZ 2025 im Sprint und \u00fcbernimmt das Gelbe Trikot von Vos. Ein dramatisches Finale mit taktischer Meisterleistung.M\u00f6chtest du auch eine kurze Instagram-Story oder Social Caption dazu?ChatGPT fragen","breadcrumb":{"@id":"https:\/\/www.welovecycling.com\/de\/2025\/07\/31\/zum-glueck-hatte-ich-den-schnellsten-antritt-kim-le-court-holt-etappensieg-und-gelb-bei-explosiver-etappe-5-der-tdffaz\/#breadcrumb"},"inLanguage":"de-DE","potentialAction":[{"@type":"ReadAction","target":["https:\/\/www.welovecycling.com\/de\/2025\/07\/31\/zum-glueck-hatte-ich-den-schnellsten-antritt-kim-le-court-holt-etappensieg-und-gelb-bei-explosiver-etappe-5-der-tdffaz\/"]}]},{"@type":"ImageObject","inLanguage":"de-DE","@id":"https:\/\/www.welovecycling.com\/de\/2025\/07\/31\/zum-glueck-hatte-ich-den-schnellsten-antritt-kim-le-court-holt-etappensieg-und-gelb-bei-explosiver-etappe-5-der-tdffaz\/#primaryimage","url":"https:\/\/d2p6e6u75xmxt8.cloudfront.net\/10\/2025\/08\/stage5.webp","contentUrl":"https:\/\/d2p6e6u75xmxt8.cloudfront.net\/10\/2025\/08\/stage5.webp","width":981,"height":655},{"@type":"BreadcrumbList","@id":"https:\/\/www.welovecycling.com\/de\/2025\/07\/31\/zum-glueck-hatte-ich-den-schnellsten-antritt-kim-le-court-holt-etappensieg-und-gelb-bei-explosiver-etappe-5-der-tdffaz\/#breadcrumb","itemListElement":[{"@type":"ListItem","position":1,"name":"Home","item":"https:\/\/www.welovecycling.com\/de\/"},{"@type":"ListItem","position":2,"name":"\u201eZum Gl\u00fcck hatte ich den schnellsten Antritt\u201c \u2013 Kim Le Court holt Etappensieg und Gelb bei explosiver Etappe 5 der TdFFaZ"}]},{"@type":"WebSite","@id":"https:\/\/www.welovecycling.com\/de\/#website","url":"https:\/\/www.welovecycling.com\/de\/","name":"\u0160koda We Love Cycling - Deutschland","description":"Just another \u0160koda WeLoveCycling Sites site","potentialAction":[{"@type":"SearchAction","target":{"@type":"EntryPoint","urlTemplate":"https:\/\/www.welovecycling.com\/de\/?s={search_term_string}"},"query-input":{"@type":"PropertyValueSpecification","valueRequired":true,"valueName":"search_term_string"}}],"inLanguage":"de-DE"},{"@type":"Person","@id":"https:\/\/www.welovecycling.com\/de\/#\/schema\/person\/915694b3c8d0de9019932587781ba6b3","name":"jbraeker","image":{"@type":"ImageObject","inLanguage":"de-DE","@id":"https:\/\/www.welovecycling.com\/de\/#\/schema\/person\/image\/","url":"https:\/\/secure.gravatar.com\/avatar\/8b4aea90e4535aae30b5b720249e5b723ae59fcf3d54757dd8b748d97b46d3c9?s=96&d=mm&r=g","contentUrl":"https:\/\/secure.gravatar.com\/avatar\/8b4aea90e4535aae30b5b720249e5b723ae59fcf3d54757dd8b748d97b46d3c9?s=96&d=mm&r=g","caption":"jbraeker"},"url":"https:\/\/www.welovecycling.com\/de\/author\/jbraeker\/"}]}},"_links":{"self":[{"href":"https:\/\/www.welovecycling.com\/de\/wp-json\/wp\/v2\/posts\/11912","targetHints":{"allow":["GET"]}}],"collection":[{"href":"https:\/\/www.welovecycling.com\/de\/wp-json\/wp\/v2\/posts"}],"about":[{"href":"https:\/\/www.welovecycling.com\/de\/wp-json\/wp\/v2\/types\/post"}],"author":[{"embeddable":true,"href":"https:\/\/www.welovecycling.com\/de\/wp-json\/wp\/v2\/users\/115"}],"replies":[{"embeddable":true,"href":"https:\/\/www.welovecycling.com\/de\/wp-json\/wp\/v2\/comments?post=11912"}],"version-history":[{"count":1,"href":"https:\/\/www.welovecycling.com\/de\/wp-json\/wp\/v2\/posts\/11912\/revisions"}],"predecessor-version":[{"id":11913,"href":"https:\/\/www.welovecycling.com\/de\/wp-json\/wp\/v2\/posts\/11912\/revisions\/11913"}],"wp:featuredmedia":[{"embeddable":true,"href":"https:\/\/www.welovecycling.com\/de\/wp-json\/wp\/v2\/media\/11890"}],"wp:attachment":[{"href":"https:\/\/www.welovecycling.com\/de\/wp-json\/wp\/v2\/media?parent=11912"}],"wp:term":[{"taxonomy":"category","embeddable":true,"href":"https:\/\/www.welovecycling.com\/de\/wp-json\/wp\/v2\/categories?post=11912"},{"taxonomy":"post_tag","embeddable":true,"href":"https:\/\/www.welovecycling.com\/de\/wp-json\/wp\/v2\/tags?post=11912"},{"taxonomy":"global-categories","embeddable":true,"href":"https:\/\/www.welovecycling.com\/de\/wp-json\/wp\/v2\/global-categories?post=11912"}],"curies":[{"name":"wp","href":"https:\/\/api.w.org\/{rel}","templated":true}]}}