{"id":11908,"date":"2025-08-01T05:20:08","date_gmt":"2025-08-01T04:20:08","guid":{"rendered":"https:\/\/www.welovecycling.com\/de\/?p=11908"},"modified":"2025-08-06T11:44:11","modified_gmt":"2025-08-06T10:44:11","slug":"warum-jede-r-radfahrerin-insgeheim-denkt-er-sie-wuerde-die-tour-de-france-gewinnen","status":"publish","type":"post","link":"https:\/\/www.welovecycling.com\/de\/2025\/08\/01\/warum-jede-r-radfahrerin-insgeheim-denkt-er-sie-wuerde-die-tour-de-france-gewinnen\/","title":{"rendered":"Warum jede\/r Radfahrer*in insgeheim denkt, er\/sie w\u00fcrde die Tour de France gewinnen"},"content":{"rendered":"<p data-start=\"310\" data-end=\"483\">Seien wir ehrlich: Jede\/r Radfahrer*in \u2013 ja, auch du, ich und Dave aus der Buchhaltung mit seinem klapprigen Trekkingrad \u2013 denkt heimlich, er\/sie k\u00f6nnte die Tour de France gewinnen.<\/p>\n<h4 data-start=\"485\" data-end=\"536\"><strong data-start=\"490\" data-end=\"536\">\u201eWenn ich nur Zeit zum Trainieren h\u00e4tte \u2026\u201c<\/strong><\/h4>\n<p data-start=\"537\" data-end=\"735\">Das ist das universelle Mantra. Wenn wir keine Vollzeitjobs, Kinder, Hunde, Hypotheken, knackende Knie oder ein unstillbares Netflix-Bed\u00fcrfnis h\u00e4tten \u2013 w\u00e4ren wir ganz klar auf Augenh\u00f6he mit <a href=\"https:\/\/www.welovecycling.com\/de\/2025\/07\/27\/pogacar-gewinnt-die-tour-de-france-eine-demonstration-unerschuetterlicher-dominanz\/\">Poga\u010dar<\/a>.<\/p>\n<p data-start=\"737\" data-end=\"957\">Ich trainiere zum Beispiel hart \u2013 zwei Zwift-Sessions pro Woche, eine Sonntagsrunde mit Kaffeestopp und Krafttraining (aka Einkaufst\u00fcten in den dritten Stock schleppen). Das reicht doch locker f\u00fcr die Alpenetappen, oder?<\/p>\n<p data-start=\"959\" data-end=\"1139\">Und nicht zu vergessen: \u201eMir fehlt einfach die Zeit zur richtigen Regeneration \u2013 sonst w\u00e4r ich l\u00e4ngst vorne.\u201c Klar, Dave. Schlaf ist das Einzige, was dich vom Gelben Trikot trennt.<\/p>\n<h4 data-start=\"1141\" data-end=\"1174\"><strong data-start=\"1146\" data-end=\"1174\">Der lokale Segment-K\u00f6nig<\/strong><\/h4>\n<p data-start=\"1175\" data-end=\"1329\">Jeder von uns hat dieses eine Segment, das man mit Stolz zerst\u00f6rt hat. Vielleicht nur 200 Meter lang, mit R\u00fcckenwind und bergab \u2013 aber es ist DEIN Moment.<\/p>\n<p data-start=\"1331\" data-end=\"1495\">Letzte Woche hab ich ein flaches Segment beim Lidl mit 45\u202fkm\/h ge-KOM\u2019t \u2013 im Windschatten eines M\u00fcllwagens. Unaufhaltbar. Tourmalet? Pff. Gleiche Idee, nur\u2026 l\u00e4nger.<\/p>\n<p data-start=\"1497\" data-end=\"1728\">Und sind wir ehrlich: Jede Ausfahrt endet mit einem Zielsprint auf eine imagin\u00e4re Linie, begleitet von einem lauten: \u201eUND ER GEWINNT DIE ETAPPE AUF DEN CHAMPS-\u00c9LYS\u00c9ES!\u201c Haben wir alle schon gemacht. Manche sogar zwei Mal pro Fahrt.<\/p>\n<h4 data-start=\"1730\" data-end=\"1782\"><strong data-start=\"1735\" data-end=\"1782\">Wer jede Etappe schaut, ist quasi ein Profi<\/strong><\/h4>\n<p data-start=\"1783\" data-end=\"2051\">Wir sitzen auf dem Sofa, in Bib-Shorts, essen Spaghetti direkt aus dem Topf und h\u00f6ren den Eurosport-Kommentatoren beim Watt-pro-Kilo-Gepl\u00e4nkel zu \u2013 und denken: \u201eJa, das krieg ich auch hin.\u201c Taktik ist schlie\u00dflich die halbe Miete. Der Rest \u2013 Fitness \u2013 sind nur Details.<\/p>\n<p data-start=\"2053\" data-end=\"2190\">Und wir wissen genau, wann man attackieren muss. Am besten direkt nach dem B\u00e4ckerstopp, wenn alle noch Croissants verdauen. Pures Kalk\u00fcl.<\/p>\n<h4 data-start=\"2192\" data-end=\"2233\"><strong data-start=\"2197\" data-end=\"2233\">Das Rad kostet mehr als das Auto<\/strong><\/h4>\n<p data-start=\"2234\" data-end=\"2515\">Ist wissenschaftlich belegt: Je leichter der Geldbeutel, desto schneller das Rad. Mit Carbonrahmen, Di2 und Aero-Laufr\u00e4dern fahren wir quasi Pro-Level-Material. Gut, der Motor (Beine) klingt manchmal wie eine rostige Kaffeem\u00fchle, aber auf Fotos sehen wir verdammt tourtauglich aus.<\/p>\n<p data-start=\"2517\" data-end=\"2630\">Und dieser mentale Schub durch 200\u202f\u20ac-Rennradschuhe und einen passenden Helm \u2013 das sind eben die \u201emarginal gains\u201c.<\/p>\n<h4 data-start=\"2632\" data-end=\"2673\"><strong data-start=\"2637\" data-end=\"2673\">Leiden? K\u00f6nnen wir! (Kurzzeitig)<\/strong><\/h4>\n<p data-start=\"2674\" data-end=\"2939\">Die <a href=\"https:\/\/www.letour.fr\/de\/\">Tour<\/a> ist ein Fest des Leidens \u2013 und da sind wir Experten. Letzten Sonntag hab ich 300 Watt f\u00fcr ganze 10 Minuten gehalten, bevor ich Sterne sah und mich fast in die Hecke \u00fcbergeben habe. Mal 40 \u2013 und ich bin praktisch Demi Vollering. So funktioniert Mathe, oder?<\/p>\n<p data-start=\"2941\" data-end=\"3034\">Schmerz ist nur Schw\u00e4che, die den K\u00f6rper verl\u00e4sst. Oder bei mir: die Pizza von gestern Abend.<\/p>\n<h4 data-start=\"3036\" data-end=\"3065\"><strong data-start=\"3041\" data-end=\"3065\">Tr\u00e4ume kosten nichts<\/strong><\/h4>\n<p data-start=\"3066\" data-end=\"3288\">Am Ende sind wir alle gleich: Lycra-Tr\u00e4umer, die glauben, mit ein bisschen mehr Training, ein paar Gels und der richtigen Sitzposition k\u00f6nnten wir ganz oben auf dem Podium stehen, Champagner spritzen und den Fans zuwinken.<\/p>\n<p data-start=\"3290\" data-end=\"3437\">Bis UAE Team Emirates anruft, trage ich weiter gelbe Socken f\u00fcr die Moral, jage Strava-Segmente hinter Linienbussen her und sage jedem, der zuh\u00f6rt:<\/p>\n<p data-start=\"3439\" data-end=\"3513\">\u201eGanz ehrlich, wenn ich voll draufhalte, lass ich Poga\u010dar stehen. Locker.\u201c<\/p>\n<p>&nbsp;<\/p>\n","protected":false},"excerpt":{"rendered":"<p>Seien wir ehrlich: Jede\/r Radfahrer*in \u2013 ja, auch du, ich und Dave aus der Buchhaltung mit seinem klapprigen Trekkingrad \u2013 [&hellip;]<\/p>\n","protected":false},"author":115,"featured_media":11892,"comment_status":"open","ping_status":"open","sticky":false,"template":"","format":"standard","meta":{"footnotes":""},"categories":[1],"tags":[],"global-categories":[19],"class_list":["post-11908","post","type-post","status-publish","format-standard","has-post-thumbnail","hentry","category-allgemein","global-categories-cycling"],"yoast_head":"<!-- This site is optimized with the Yoast SEO Premium plugin v25.3 (Yoast SEO v25.9) - https:\/\/yoast.com\/wordpress\/plugins\/seo\/ -->\n<title>Warum jede\/r Radfahrer*in insgeheim denkt, er\/sie w\u00fcrde die Tour de France gewinnen - \u0160koda We Love Cycling - Deutschland<\/title>\n<meta name=\"description\" content=\"Jeder Hobbysportler denkt heimlich, er k\u00f6nnte die Tour de France gewinnen. Warum? Dieser augenzwinkernde Text liefert die Antworten.\" \/>\n<meta name=\"robots\" content=\"index, follow, max-snippet:-1, max-image-preview:large, max-video-preview:-1\" \/>\n<link rel=\"canonical\" href=\"https:\/\/www.welovecycling.com\/de\/2025\/08\/01\/warum-jede-r-radfahrerin-insgeheim-denkt-er-sie-wuerde-die-tour-de-france-gewinnen\/\" \/>\n<meta property=\"og:locale\" content=\"de_DE\" \/>\n<meta property=\"og:type\" content=\"article\" \/>\n<meta property=\"og:title\" content=\"Warum jede\/r Radfahrer*in insgeheim denkt, er\/sie w\u00fcrde die Tour de France gewinnen\" \/>\n<meta property=\"og:description\" content=\"Jeder Hobbysportler denkt heimlich, er k\u00f6nnte die Tour de France gewinnen. Warum? Dieser augenzwinkernde Text liefert die Antworten.\" \/>\n<meta property=\"og:url\" content=\"https:\/\/www.welovecycling.com\/de\/2025\/08\/01\/warum-jede-r-radfahrerin-insgeheim-denkt-er-sie-wuerde-die-tour-de-france-gewinnen\/\" \/>\n<meta property=\"og:site_name\" content=\"\u0160koda We Love Cycling - Deutschland\" \/>\n<meta property=\"article:published_time\" content=\"2025-08-01T04:20:08+00:00\" \/>\n<meta property=\"article:modified_time\" content=\"2025-08-06T10:44:11+00:00\" \/>\n<meta property=\"og:image\" content=\"https:\/\/d2p6e6u75xmxt8.cloudfront.net\/10\/2025\/08\/tdffaz_winner.webp\" \/>\n\t<meta property=\"og:image:width\" content=\"981\" \/>\n\t<meta property=\"og:image:height\" content=\"650\" \/>\n\t<meta property=\"og:image:type\" content=\"image\/webp\" \/>\n<meta name=\"author\" content=\"jbraeker\" \/>\n<meta name=\"twitter:card\" content=\"summary_large_image\" \/>\n<meta name=\"twitter:label1\" content=\"Written by\" \/>\n\t<meta name=\"twitter:data1\" content=\"Monica Buck\" \/>\n\t<meta name=\"twitter:label2\" content=\"Est. reading time\" \/>\n\t<meta name=\"twitter:data2\" content=\"2\" \/>\n<script type=\"application\/ld+json\" class=\"yoast-schema-graph\">{\"@context\":\"https:\/\/schema.org\",\"@graph\":[{\"@type\":\"WebPage\",\"@id\":\"https:\/\/www.welovecycling.com\/de\/2025\/08\/01\/warum-jede-r-radfahrerin-insgeheim-denkt-er-sie-wuerde-die-tour-de-france-gewinnen\/\",\"url\":\"https:\/\/www.welovecycling.com\/de\/2025\/08\/01\/warum-jede-r-radfahrerin-insgeheim-denkt-er-sie-wuerde-die-tour-de-france-gewinnen\/\",\"name\":\"Warum jede\/r Radfahrer*in insgeheim denkt, er\/sie w\u00fcrde die Tour de France gewinnen - \u0160koda We Love Cycling - Deutschland\",\"isPartOf\":{\"@id\":\"https:\/\/www.welovecycling.com\/de\/#website\"},\"primaryImageOfPage\":{\"@id\":\"https:\/\/www.welovecycling.com\/de\/2025\/08\/01\/warum-jede-r-radfahrerin-insgeheim-denkt-er-sie-wuerde-die-tour-de-france-gewinnen\/#primaryimage\"},\"image\":{\"@id\":\"https:\/\/www.welovecycling.com\/de\/2025\/08\/01\/warum-jede-r-radfahrerin-insgeheim-denkt-er-sie-wuerde-die-tour-de-france-gewinnen\/#primaryimage\"},\"thumbnailUrl\":\"https:\/\/d2p6e6u75xmxt8.cloudfront.net\/10\/2025\/08\/tdffaz_winner.webp\",\"datePublished\":\"2025-08-01T04:20:08+00:00\",\"dateModified\":\"2025-08-06T10:44:11+00:00\",\"author\":{\"@id\":\"https:\/\/www.welovecycling.com\/de\/#\/schema\/person\/915694b3c8d0de9019932587781ba6b3\"},\"description\":\"Jeder Hobbysportler denkt heimlich, er k\u00f6nnte die Tour de France gewinnen. Warum? Dieser augenzwinkernde Text liefert die Antworten.\",\"breadcrumb\":{\"@id\":\"https:\/\/www.welovecycling.com\/de\/2025\/08\/01\/warum-jede-r-radfahrerin-insgeheim-denkt-er-sie-wuerde-die-tour-de-france-gewinnen\/#breadcrumb\"},\"inLanguage\":\"de-DE\",\"potentialAction\":[{\"@type\":\"ReadAction\",\"target\":[\"https:\/\/www.welovecycling.com\/de\/2025\/08\/01\/warum-jede-r-radfahrerin-insgeheim-denkt-er-sie-wuerde-die-tour-de-france-gewinnen\/\"]}]},{\"@type\":\"ImageObject\",\"inLanguage\":\"de-DE\",\"@id\":\"https:\/\/www.welovecycling.com\/de\/2025\/08\/01\/warum-jede-r-radfahrerin-insgeheim-denkt-er-sie-wuerde-die-tour-de-france-gewinnen\/#primaryimage\",\"url\":\"https:\/\/d2p6e6u75xmxt8.cloudfront.net\/10\/2025\/08\/tdffaz_winner.webp\",\"contentUrl\":\"https:\/\/d2p6e6u75xmxt8.cloudfront.net\/10\/2025\/08\/tdffaz_winner.webp\",\"width\":981,\"height\":650},{\"@type\":\"BreadcrumbList\",\"@id\":\"https:\/\/www.welovecycling.com\/de\/2025\/08\/01\/warum-jede-r-radfahrerin-insgeheim-denkt-er-sie-wuerde-die-tour-de-france-gewinnen\/#breadcrumb\",\"itemListElement\":[{\"@type\":\"ListItem\",\"position\":1,\"name\":\"Home\",\"item\":\"https:\/\/www.welovecycling.com\/de\/\"},{\"@type\":\"ListItem\",\"position\":2,\"name\":\"Warum jede\/r Radfahrer*in insgeheim denkt, er\/sie w\u00fcrde die Tour de France gewinnen\"}]},{\"@type\":\"WebSite\",\"@id\":\"https:\/\/www.welovecycling.com\/de\/#website\",\"url\":\"https:\/\/www.welovecycling.com\/de\/\",\"name\":\"\u0160koda We Love Cycling - Deutschland\",\"description\":\"Just another \u0160koda WeLoveCycling Sites site\",\"potentialAction\":[{\"@type\":\"SearchAction\",\"target\":{\"@type\":\"EntryPoint\",\"urlTemplate\":\"https:\/\/www.welovecycling.com\/de\/?s={search_term_string}\"},\"query-input\":{\"@type\":\"PropertyValueSpecification\",\"valueRequired\":true,\"valueName\":\"search_term_string\"}}],\"inLanguage\":\"de-DE\"},{\"@type\":\"Person\",\"@id\":\"https:\/\/www.welovecycling.com\/de\/#\/schema\/person\/915694b3c8d0de9019932587781ba6b3\",\"name\":\"jbraeker\",\"image\":{\"@type\":\"ImageObject\",\"inLanguage\":\"de-DE\",\"@id\":\"https:\/\/www.welovecycling.com\/de\/#\/schema\/person\/image\/\",\"url\":\"https:\/\/secure.gravatar.com\/avatar\/8b4aea90e4535aae30b5b720249e5b723ae59fcf3d54757dd8b748d97b46d3c9?s=96&d=mm&r=g\",\"contentUrl\":\"https:\/\/secure.gravatar.com\/avatar\/8b4aea90e4535aae30b5b720249e5b723ae59fcf3d54757dd8b748d97b46d3c9?s=96&d=mm&r=g\",\"caption\":\"jbraeker\"},\"url\":\"https:\/\/www.welovecycling.com\/de\/author\/jbraeker\/\"}]}<\/script>\n<!-- \/ Yoast SEO Premium plugin. -->","yoast_head_json":{"title":"Warum jede\/r Radfahrer*in insgeheim denkt, er\/sie w\u00fcrde die Tour de France gewinnen - \u0160koda We Love Cycling - Deutschland","description":"Jeder Hobbysportler denkt heimlich, er k\u00f6nnte die Tour de France gewinnen. Warum? Dieser augenzwinkernde Text liefert die Antworten.","robots":{"index":"index","follow":"follow","max-snippet":"max-snippet:-1","max-image-preview":"max-image-preview:large","max-video-preview":"max-video-preview:-1"},"canonical":"https:\/\/www.welovecycling.com\/de\/2025\/08\/01\/warum-jede-r-radfahrerin-insgeheim-denkt-er-sie-wuerde-die-tour-de-france-gewinnen\/","og_locale":"de_DE","og_type":"article","og_title":"Warum jede\/r Radfahrer*in insgeheim denkt, er\/sie w\u00fcrde die Tour de France gewinnen","og_description":"Jeder Hobbysportler denkt heimlich, er k\u00f6nnte die Tour de France gewinnen. Warum? Dieser augenzwinkernde Text liefert die Antworten.","og_url":"https:\/\/www.welovecycling.com\/de\/2025\/08\/01\/warum-jede-r-radfahrerin-insgeheim-denkt-er-sie-wuerde-die-tour-de-france-gewinnen\/","og_site_name":"\u0160koda We Love Cycling - Deutschland","article_published_time":"2025-08-01T04:20:08+00:00","article_modified_time":"2025-08-06T10:44:11+00:00","og_image":[{"width":981,"height":650,"url":"https:\/\/d2p6e6u75xmxt8.cloudfront.net\/10\/2025\/08\/tdffaz_winner.webp","type":"image\/webp"}],"author":"jbraeker","twitter_card":"summary_large_image","twitter_misc":{"Written by":"Monica Buck","Est. reading time":"2"},"schema":{"@context":"https:\/\/schema.org","@graph":[{"@type":"WebPage","@id":"https:\/\/www.welovecycling.com\/de\/2025\/08\/01\/warum-jede-r-radfahrerin-insgeheim-denkt-er-sie-wuerde-die-tour-de-france-gewinnen\/","url":"https:\/\/www.welovecycling.com\/de\/2025\/08\/01\/warum-jede-r-radfahrerin-insgeheim-denkt-er-sie-wuerde-die-tour-de-france-gewinnen\/","name":"Warum jede\/r Radfahrer*in insgeheim denkt, er\/sie w\u00fcrde die Tour de France gewinnen - \u0160koda We Love Cycling - Deutschland","isPartOf":{"@id":"https:\/\/www.welovecycling.com\/de\/#website"},"primaryImageOfPage":{"@id":"https:\/\/www.welovecycling.com\/de\/2025\/08\/01\/warum-jede-r-radfahrerin-insgeheim-denkt-er-sie-wuerde-die-tour-de-france-gewinnen\/#primaryimage"},"image":{"@id":"https:\/\/www.welovecycling.com\/de\/2025\/08\/01\/warum-jede-r-radfahrerin-insgeheim-denkt-er-sie-wuerde-die-tour-de-france-gewinnen\/#primaryimage"},"thumbnailUrl":"https:\/\/d2p6e6u75xmxt8.cloudfront.net\/10\/2025\/08\/tdffaz_winner.webp","datePublished":"2025-08-01T04:20:08+00:00","dateModified":"2025-08-06T10:44:11+00:00","author":{"@id":"https:\/\/www.welovecycling.com\/de\/#\/schema\/person\/915694b3c8d0de9019932587781ba6b3"},"description":"Jeder Hobbysportler denkt heimlich, er k\u00f6nnte die Tour de France gewinnen. Warum? Dieser augenzwinkernde Text liefert die Antworten.","breadcrumb":{"@id":"https:\/\/www.welovecycling.com\/de\/2025\/08\/01\/warum-jede-r-radfahrerin-insgeheim-denkt-er-sie-wuerde-die-tour-de-france-gewinnen\/#breadcrumb"},"inLanguage":"de-DE","potentialAction":[{"@type":"ReadAction","target":["https:\/\/www.welovecycling.com\/de\/2025\/08\/01\/warum-jede-r-radfahrerin-insgeheim-denkt-er-sie-wuerde-die-tour-de-france-gewinnen\/"]}]},{"@type":"ImageObject","inLanguage":"de-DE","@id":"https:\/\/www.welovecycling.com\/de\/2025\/08\/01\/warum-jede-r-radfahrerin-insgeheim-denkt-er-sie-wuerde-die-tour-de-france-gewinnen\/#primaryimage","url":"https:\/\/d2p6e6u75xmxt8.cloudfront.net\/10\/2025\/08\/tdffaz_winner.webp","contentUrl":"https:\/\/d2p6e6u75xmxt8.cloudfront.net\/10\/2025\/08\/tdffaz_winner.webp","width":981,"height":650},{"@type":"BreadcrumbList","@id":"https:\/\/www.welovecycling.com\/de\/2025\/08\/01\/warum-jede-r-radfahrerin-insgeheim-denkt-er-sie-wuerde-die-tour-de-france-gewinnen\/#breadcrumb","itemListElement":[{"@type":"ListItem","position":1,"name":"Home","item":"https:\/\/www.welovecycling.com\/de\/"},{"@type":"ListItem","position":2,"name":"Warum jede\/r Radfahrer*in insgeheim denkt, er\/sie w\u00fcrde die Tour de France gewinnen"}]},{"@type":"WebSite","@id":"https:\/\/www.welovecycling.com\/de\/#website","url":"https:\/\/www.welovecycling.com\/de\/","name":"\u0160koda We Love Cycling - Deutschland","description":"Just another \u0160koda WeLoveCycling Sites site","potentialAction":[{"@type":"SearchAction","target":{"@type":"EntryPoint","urlTemplate":"https:\/\/www.welovecycling.com\/de\/?s={search_term_string}"},"query-input":{"@type":"PropertyValueSpecification","valueRequired":true,"valueName":"search_term_string"}}],"inLanguage":"de-DE"},{"@type":"Person","@id":"https:\/\/www.welovecycling.com\/de\/#\/schema\/person\/915694b3c8d0de9019932587781ba6b3","name":"jbraeker","image":{"@type":"ImageObject","inLanguage":"de-DE","@id":"https:\/\/www.welovecycling.com\/de\/#\/schema\/person\/image\/","url":"https:\/\/secure.gravatar.com\/avatar\/8b4aea90e4535aae30b5b720249e5b723ae59fcf3d54757dd8b748d97b46d3c9?s=96&d=mm&r=g","contentUrl":"https:\/\/secure.gravatar.com\/avatar\/8b4aea90e4535aae30b5b720249e5b723ae59fcf3d54757dd8b748d97b46d3c9?s=96&d=mm&r=g","caption":"jbraeker"},"url":"https:\/\/www.welovecycling.com\/de\/author\/jbraeker\/"}]}},"_links":{"self":[{"href":"https:\/\/www.welovecycling.com\/de\/wp-json\/wp\/v2\/posts\/11908","targetHints":{"allow":["GET"]}}],"collection":[{"href":"https:\/\/www.welovecycling.com\/de\/wp-json\/wp\/v2\/posts"}],"about":[{"href":"https:\/\/www.welovecycling.com\/de\/wp-json\/wp\/v2\/types\/post"}],"author":[{"embeddable":true,"href":"https:\/\/www.welovecycling.com\/de\/wp-json\/wp\/v2\/users\/115"}],"replies":[{"embeddable":true,"href":"https:\/\/www.welovecycling.com\/de\/wp-json\/wp\/v2\/comments?post=11908"}],"version-history":[{"count":1,"href":"https:\/\/www.welovecycling.com\/de\/wp-json\/wp\/v2\/posts\/11908\/revisions"}],"predecessor-version":[{"id":11909,"href":"https:\/\/www.welovecycling.com\/de\/wp-json\/wp\/v2\/posts\/11908\/revisions\/11909"}],"wp:featuredmedia":[{"embeddable":true,"href":"https:\/\/www.welovecycling.com\/de\/wp-json\/wp\/v2\/media\/11892"}],"wp:attachment":[{"href":"https:\/\/www.welovecycling.com\/de\/wp-json\/wp\/v2\/media?parent=11908"}],"wp:term":[{"taxonomy":"category","embeddable":true,"href":"https:\/\/www.welovecycling.com\/de\/wp-json\/wp\/v2\/categories?post=11908"},{"taxonomy":"post_tag","embeddable":true,"href":"https:\/\/www.welovecycling.com\/de\/wp-json\/wp\/v2\/tags?post=11908"},{"taxonomy":"global-categories","embeddable":true,"href":"https:\/\/www.welovecycling.com\/de\/wp-json\/wp\/v2\/global-categories?post=11908"}],"curies":[{"name":"wp","href":"https:\/\/api.w.org\/{rel}","templated":true}]}}