{"id":11906,"date":"2025-08-01T08:03:52","date_gmt":"2025-08-01T07:03:52","guid":{"rendered":"https:\/\/www.welovecycling.com\/de\/?p=11906"},"modified":"2025-08-06T12:17:42","modified_gmt":"2025-08-06T11:17:42","slug":"le-court-pienaar-baut-fuehrung-aus-maeva-squiban-begeistert-frankreich-mit-32-km-solo","status":"publish","type":"post","link":"https:\/\/www.welovecycling.com\/de\/2025\/08\/01\/le-court-pienaar-baut-fuehrung-aus-maeva-squiban-begeistert-frankreich-mit-32-km-solo\/","title":{"rendered":"Le Court Pienaar baut F\u00fchrung aus \u2013 Ma\u00ebva Squiban begeistert Frankreich mit 32\u202fkm Solo"},"content":{"rendered":"<h3 data-start=\"238\" data-end=\"307\"><strong data-start=\"242\" data-end=\"307\">F\u00fchrt Kim Le Court Pienaar nun ernsthaft im Gesamtklassement?<\/strong><\/h3>\n<p data-start=\"308\" data-end=\"927\">Nach ihrer starken Vorstellung auf Etappe\u202f6 der Tour de France\u202fFemmes avec Zwift (TdFFaZ) muss man die Frage stellen: F\u00fchrt sie das Rennen mit Absicht? Die \u00e4lteste echte Bergpr\u00fcfung der TdFFaZ enthielt zwei schwere Anstiege und endete in Ambert. Le Court Pienaar (AG Insurance\u2013Soudal) sicherte sich alle Bonussekunden und blockierte am Ende auch Demi\u202fVollering (FDJ\u2011SUEZ) deren letzte 4 Sekunden. Dass sie momentan mit 26 Sekunden Vorsprung vor Pauline Ferrand\u2011Pr\u00e9vot f\u00fchrt und im Gesamtklassement alle Favoritinnen einschlie\u00dft, ist kein Zufall. Bislang sammelte sie unglaubliche 34\u202fBonussekunden \u2013 Vollering nur sechs.<\/p>\n<p data-start=\"929\" data-end=\"1176\">Sie fuhr stark bergauf und wirkte nie spr\u00f6de \u2013 auch nicht an steilsten Stellen. Damit geh\u00f6rt sie nun offiziell ins Favoritenfeld der GC-Anw\u00e4rterinnen \u2013 zusammen mit Ferrand\u2011Pr\u00e9vot, Anna van der Breggen, <a href=\"https:\/\/www.welovecycling.com\/de\/2024\/08\/20\/niewiadoma-gewinnt-tour-de-france-femmes-avec-zwift-nach-dramatischem-finale-auf-der-alpe-dhuez\/\">Niewiadoma\u2011Phinney<\/a> und Pauliena Rooijakkers.<\/p>\n<hr data-start=\"1178\" data-end=\"1181\" \/>\n<h3 data-start=\"1183\" data-end=\"1229\"><strong data-start=\"1187\" data-end=\"1229\">Die franz\u00f6sische Heldin: Ma\u00ebva Squiban<\/strong><\/h3>\n<p data-start=\"1230\" data-end=\"1659\">Die \u00dcberraschung der Etappe war die nur 23-j\u00e4hrige Ma\u00ebva Squiban (UAE Team ADQ). Etwa 3\u202fkm vor dem Gipfel des Col du\u202fChansert (6,4\u202fkm @\u202f5,4\u202f%) startete sie ihre mutige Attacke \u2013 und hielt das Feld auf 32\u202fkm Solofahrt in Schach. Erst im Ziel wurde sie gestoppt. Es war ihr erster WorldTour-Erfolg und der zweite TdFFaZ-Sieg f\u00fcr Frankreich. Juliette Labous (FDJ\u2011SUEZ) wurde Zweite, Le Court Pienaar Dritte \u2013 mit deutlichem Abstand.<\/p>\n<p data-start=\"1661\" data-end=\"1905\">Squiban beeindruckte umso mehr, da ihr Team nach mehreren Ausf\u00e4llen nur noch vier Fahrerinnen aufgestellt hatte. Trotz des personellen R\u00fcckschlags war sie bereit f\u00fcr den gro\u00dfen Auftritt \u2013 und nutzte ihre Chance in beeindruckender Art und Weise:<\/p>\n<blockquote data-start=\"1907\" data-end=\"2030\">\n<p data-start=\"1909\" data-end=\"2030\">\u201eAls man mir sagte, ich h\u00e4tte 1:30 Minuten Vorsprung, konnte ich es kaum glauben \u2026 es f\u00fchlt sich einfach unglaublich an.\u201c<\/p>\n<\/blockquote>\n<hr data-start=\"2032\" data-end=\"2035\" \/>\n<h3 data-start=\"2037\" data-end=\"2099\"><strong data-start=\"2041\" data-end=\"2099\">Ein R\u00fcckblick auf Etappe\u202f5 \u2013 die erste GC-Entscheidung<\/strong><\/h3>\n<p data-start=\"2100\" data-end=\"2445\">Den ersten gro\u00dfen Impuls gab Vollering bei der Etappe\u202f5, als sie 9\u202fkm vor dem Ziel eine Selektion ausl\u00f6ste und sich mit den Favoritinnen absetzte. Anna van der Breggen er\u00f6ffnete nach 700\u202fm einen Angriff \u2013 doch Le Court Pienaar war es, die im Sprint das Gelbe Trikot zur\u00fcckeroberte und zur ersten Afrikanerin wurde, die eine TdFFaZ-Etappe gewann.<\/p>\n<blockquote class=\"instagram-media\" style=\"background: #FFF; border: 0; border-radius: 3px; box-shadow: 0 0 1px 0 rgba(0,0,0,0.5),0 1px 10px 0 rgba(0,0,0,0.15); margin: 1px; max-width: 540px; min-width: 326px; padding: 0; width: calc(100% - 2px);\" data-instgrm-captioned=\"\" data-instgrm-permalink=\"https:\/\/www.instagram.com\/p\/DMyJpOSt1P2\/?utm_source=ig_embed&amp;utm_campaign=loading\" data-instgrm-version=\"14\">\n<div style=\"padding: 16px;\">\n<p>&nbsp;<\/p>\n<div style=\"display: flex; flex-direction: row; align-items: center;\">\n<div style=\"background-color: #f4f4f4; border-radius: 50%; flex-grow: 0; height: 40px; margin-right: 14px; width: 40px;\"><\/div>\n<div style=\"display: flex; flex-direction: column; flex-grow: 1; justify-content: center;\">\n<div style=\"background-color: #f4f4f4; border-radius: 4px; flex-grow: 0; height: 14px; margin-bottom: 6px; width: 100px;\"><\/div>\n<div style=\"background-color: #f4f4f4; border-radius: 4px; flex-grow: 0; height: 14px; width: 60px;\"><\/div>\n<\/div>\n<\/div>\n<div style=\"padding: 19% 0;\"><\/div>\n<div style=\"display: block; height: 50px; margin: 0 auto 12px; width: 50px;\"><\/div>\n<div style=\"padding-top: 8px;\">\n<div style=\"color: #3897f0; font-family: Arial,sans-serif; font-size: 14px; font-style: normal; font-weight: 550; line-height: 18px;\">Sieh dir diesen Beitrag auf Instagram an<\/div>\n<\/div>\n<div style=\"padding: 12.5% 0;\"><\/div>\n<div style=\"display: flex; flex-direction: row; margin-bottom: 14px; align-items: center;\">\n<div>\n<div style=\"background-color: #f4f4f4; border-radius: 50%; height: 12.5px; width: 12.5px; transform: translateX(0px) translateY(7px);\"><\/div>\n<div style=\"background-color: #f4f4f4; height: 12.5px; transform: rotate(-45deg) translateX(3px) translateY(1px); width: 12.5px; flex-grow: 0; margin-right: 14px; margin-left: 2px;\"><\/div>\n<div style=\"background-color: #f4f4f4; border-radius: 50%; height: 12.5px; width: 12.5px; transform: translateX(9px) translateY(-18px);\"><\/div>\n<\/div>\n<div style=\"margin-left: 8px;\">\n<div style=\"background-color: #f4f4f4; border-radius: 50%; flex-grow: 0; height: 20px; width: 20px;\"><\/div>\n<div style=\"width: 0; height: 0; border-top: 2px solid transparent; border-left: 6px solid #f4f4f4; border-bottom: 2px solid transparent; transform: translateX(16px) translateY(-4px) rotate(30deg);\"><\/div>\n<\/div>\n<div style=\"margin-left: auto;\">\n<div style=\"width: 0px; border-top: 8px solid #F4F4F4; border-right: 8px solid transparent; transform: translateY(16px);\"><\/div>\n<div style=\"background-color: #f4f4f4; flex-grow: 0; height: 12px; width: 16px; transform: translateY(-4px);\"><\/div>\n<div style=\"width: 0; height: 0; border-top: 8px solid #F4F4F4; border-left: 8px solid transparent; transform: translateY(-4px) translateX(8px);\"><\/div>\n<\/div>\n<\/div>\n<div style=\"display: flex; flex-direction: column; flex-grow: 1; justify-content: center; margin-bottom: 24px;\">\n<div style=\"background-color: #f4f4f4; border-radius: 4px; flex-grow: 0; height: 14px; margin-bottom: 6px; width: 224px;\"><\/div>\n<div style=\"background-color: #f4f4f4; border-radius: 4px; flex-grow: 0; height: 14px; width: 144px;\"><\/div>\n<\/div>\n<p>&nbsp;<\/p>\n<p style=\"color: #c9c8cd; font-family: Arial,sans-serif; font-size: 14px; line-height: 17px; margin-bottom: 0; margin-top: 8px; overflow: hidden; padding: 8px 0 7px; text-align: center; text-overflow: ellipsis; white-space: nowrap;\"><a style=\"color: #c9c8cd; font-family: Arial,sans-serif; font-size: 14px; font-style: normal; font-weight: normal; line-height: 17px; text-decoration: none;\" href=\"https:\/\/www.instagram.com\/p\/DMyJpOSt1P2\/?utm_source=ig_embed&amp;utm_campaign=loading\" target=\"_blank\" rel=\"noopener\">Ein Beitrag geteilt von Tour de France\u2122 (@letourdefrance)<\/a><\/p>\n<\/div>\n<\/blockquote>\n<p><script async src=\"\/\/www.instagram.com\/embed.js\"><\/script><\/p>\n<hr data-start=\"2447\" data-end=\"2450\" \/>\n<h3 data-start=\"2452\" data-end=\"2500\"><strong data-start=\"2456\" data-end=\"2500\">Gr\u00fcnes Trikot weiterhin knapp f\u00fcr Wiebes<\/strong><\/h3>\n<p data-start=\"2501\" data-end=\"2806\">Im Rennen um das \u0160koda Green Jersey f\u00fchrt Lorena Wiebes (SD\u202fWorx\u2013Protime) klar vor Vos (208\u202f:\u202f178) \u2013 Le Court Pienaar liegt mit 118 Punkten auf Platz\u202f3. Mit drei verbleibenden Zwischensprints auf den kommenden Bergetappen d\u00fcrfte Wiebes ihren Vorsprung sichern \u2013 vermutlich \u00fcber eine fr\u00fche Ausrei\u00dfergruppe.<\/p>\n<hr data-start=\"2808\" data-end=\"2811\" \/>\n<h3 data-start=\"2813\" data-end=\"2859\"><strong data-start=\"2817\" data-end=\"2859\">\ud83d\udcca Ergebnisse Etappe\u202f6 &amp; Gesamtwertung<\/strong><\/h3>\n<p data-start=\"2861\" data-end=\"2921\"><strong data-start=\"2861\" data-end=\"2919\">Etappe 6 \u2013 von Clermont\u2011Ferrand nach Ambert (123,7\u202fkm)<\/strong><\/p>\n<ol data-start=\"2922\" data-end=\"3092\">\n<li data-start=\"2922\" data-end=\"2950\">\n<p data-start=\"2925\" data-end=\"2950\">Ma\u00ebva Squiban \u2013 3:20:46<\/p>\n<\/li>\n<li data-start=\"2951\" data-end=\"2979\">\n<p data-start=\"2954\" data-end=\"2979\">Juliette Labous \u2013 +1:09<\/p>\n<\/li>\n<li data-start=\"2980\" data-end=\"3013\">\n<p data-start=\"2983\" data-end=\"3013\">Kim Le Court Pienaar \u2013 +1:13<\/p>\n<\/li>\n<li data-start=\"3014\" data-end=\"3048\">\n<p data-start=\"3017\" data-end=\"3048\">Demi Vollering \u2013 gleiche Zeit<\/p>\n<\/li>\n<li data-start=\"3049\" data-end=\"3092\">\n<p data-start=\"3052\" data-end=\"3092\">Dominika W\u0142odarczyk \u2013 gleiche Zeit<br data-start=\"3086\" data-end=\"3089\" \/>\u2026<\/p>\n<\/li>\n<\/ol>\n<p data-start=\"3094\" data-end=\"3137\"><strong data-start=\"3094\" data-end=\"3135\">Gesamtwertung nach Etappe\u202f6 (Top\u202f10):<\/strong><\/p>\n<ol data-start=\"3138\" data-end=\"3314\">\n<li data-start=\"3138\" data-end=\"3174\">\n<p data-start=\"3141\" data-end=\"3174\">Kim Le Court Pienaar \u2013 18:29:05<\/p>\n<\/li>\n<li data-start=\"3175\" data-end=\"3210\">\n<p data-start=\"3178\" data-end=\"3210\">Pauline Ferrand\u2011Pr\u00e9vot \u2013 +0:26<\/p>\n<\/li>\n<li data-start=\"3211\" data-end=\"3248\">\n<p data-start=\"3214\" data-end=\"3248\">Kasia Niewiadoma\u2011Phinney \u2013 +0:30<\/p>\n<\/li>\n<li data-start=\"3249\" data-end=\"3276\">\n<p data-start=\"3252\" data-end=\"3276\">Demi Vollering \u2013 +0:31<\/p>\n<\/li>\n<li data-start=\"3277\" data-end=\"3314\">\n<p data-start=\"3280\" data-end=\"3314\">Anna van der Breggen \u2013 +0:35<br data-start=\"3308\" data-end=\"3311\" \/>\u2026<\/p>\n<\/li>\n<\/ol>\n","protected":false},"excerpt":{"rendered":"<p>F\u00fchrt Kim Le Court Pienaar nun ernsthaft im Gesamtklassement? Nach ihrer starken Vorstellung auf Etappe\u202f6 der Tour de France\u202fFemmes avec [&hellip;]<\/p>\n","protected":false},"author":115,"featured_media":11893,"comment_status":"open","ping_status":"open","sticky":false,"template":"","format":"standard","meta":{"footnotes":""},"categories":[1,124],"tags":[],"global-categories":[19],"class_list":["post-11906","post","type-post","status-publish","format-standard","has-post-thumbnail","hentry","category-allgemein","category-tour-de-france-femmes-2025","global-categories-cycling"],"yoast_head":"<!-- This site is optimized with the Yoast SEO Premium plugin v25.3 (Yoast SEO v25.9) - https:\/\/yoast.com\/wordpress\/plugins\/seo\/ -->\n<title>Le Court Pienaar baut F\u00fchrung aus \u2013 Ma\u00ebva Squiban begeistert Frankreich mit 32\u202fkm Solo - \u0160koda We Love Cycling - Deutschland<\/title>\n<meta name=\"description\" content=\"Kim Le Court Pienaar baut ihre F\u00fchrung beim TdFFaZ trotz starker Konkurrenz von Ferrand\u2011Pr\u00e9vot aus \u2013 w\u00e4hrend Ma\u00ebva Squiban mit einem mutigen 32\u2011km\u2011Solo die franz\u00f6sischen Herzen im Sturm eroberte.\" \/>\n<meta name=\"robots\" content=\"index, follow, max-snippet:-1, max-image-preview:large, max-video-preview:-1\" \/>\n<link rel=\"canonical\" href=\"https:\/\/www.welovecycling.com\/de\/2025\/08\/01\/le-court-pienaar-baut-fuehrung-aus-maeva-squiban-begeistert-frankreich-mit-32-km-solo\/\" \/>\n<meta property=\"og:locale\" content=\"de_DE\" \/>\n<meta property=\"og:type\" content=\"article\" \/>\n<meta property=\"og:title\" content=\"Le Court Pienaar baut F\u00fchrung aus \u2013 Ma\u00ebva Squiban begeistert Frankreich mit 32\u202fkm Solo\" \/>\n<meta property=\"og:description\" content=\"Kim Le Court Pienaar baut ihre F\u00fchrung beim TdFFaZ trotz starker Konkurrenz von Ferrand\u2011Pr\u00e9vot aus \u2013 w\u00e4hrend Ma\u00ebva Squiban mit einem mutigen 32\u2011km\u2011Solo die franz\u00f6sischen Herzen im Sturm eroberte.\" \/>\n<meta property=\"og:url\" content=\"https:\/\/www.welovecycling.com\/de\/2025\/08\/01\/le-court-pienaar-baut-fuehrung-aus-maeva-squiban-begeistert-frankreich-mit-32-km-solo\/\" \/>\n<meta property=\"og:site_name\" content=\"\u0160koda We Love Cycling - Deutschland\" \/>\n<meta property=\"article:published_time\" content=\"2025-08-01T07:03:52+00:00\" \/>\n<meta property=\"article:modified_time\" content=\"2025-08-06T11:17:42+00:00\" \/>\n<meta property=\"og:image\" content=\"https:\/\/d2p6e6u75xmxt8.cloudfront.net\/10\/2025\/08\/pienaar.webp\" \/>\n\t<meta property=\"og:image:width\" content=\"976\" \/>\n\t<meta property=\"og:image:height\" content=\"655\" \/>\n\t<meta property=\"og:image:type\" content=\"image\/webp\" \/>\n<meta name=\"author\" content=\"jbraeker\" \/>\n<meta name=\"twitter:card\" content=\"summary_large_image\" \/>\n<meta name=\"twitter:label1\" content=\"Written by\" \/>\n\t<meta name=\"twitter:data1\" content=\"Siegfried Mortkowitz\" \/>\n\t<meta name=\"twitter:label2\" content=\"Est. reading time\" \/>\n\t<meta name=\"twitter:data2\" content=\"3\" \/>\n<script type=\"application\/ld+json\" class=\"yoast-schema-graph\">{\"@context\":\"https:\/\/schema.org\",\"@graph\":[{\"@type\":\"WebPage\",\"@id\":\"https:\/\/www.welovecycling.com\/de\/2025\/08\/01\/le-court-pienaar-baut-fuehrung-aus-maeva-squiban-begeistert-frankreich-mit-32-km-solo\/\",\"url\":\"https:\/\/www.welovecycling.com\/de\/2025\/08\/01\/le-court-pienaar-baut-fuehrung-aus-maeva-squiban-begeistert-frankreich-mit-32-km-solo\/\",\"name\":\"Le Court Pienaar baut F\u00fchrung aus \u2013 Ma\u00ebva Squiban begeistert Frankreich mit 32\u202fkm Solo - \u0160koda We Love Cycling - Deutschland\",\"isPartOf\":{\"@id\":\"https:\/\/www.welovecycling.com\/de\/#website\"},\"primaryImageOfPage\":{\"@id\":\"https:\/\/www.welovecycling.com\/de\/2025\/08\/01\/le-court-pienaar-baut-fuehrung-aus-maeva-squiban-begeistert-frankreich-mit-32-km-solo\/#primaryimage\"},\"image\":{\"@id\":\"https:\/\/www.welovecycling.com\/de\/2025\/08\/01\/le-court-pienaar-baut-fuehrung-aus-maeva-squiban-begeistert-frankreich-mit-32-km-solo\/#primaryimage\"},\"thumbnailUrl\":\"https:\/\/d2p6e6u75xmxt8.cloudfront.net\/10\/2025\/08\/pienaar.webp\",\"datePublished\":\"2025-08-01T07:03:52+00:00\",\"dateModified\":\"2025-08-06T11:17:42+00:00\",\"author\":{\"@id\":\"https:\/\/www.welovecycling.com\/de\/#\/schema\/person\/915694b3c8d0de9019932587781ba6b3\"},\"description\":\"Kim Le Court Pienaar baut ihre F\u00fchrung beim TdFFaZ trotz starker Konkurrenz von Ferrand\u2011Pr\u00e9vot aus \u2013 w\u00e4hrend Ma\u00ebva Squiban mit einem mutigen 32\u2011km\u2011Solo die franz\u00f6sischen Herzen im Sturm eroberte.\",\"breadcrumb\":{\"@id\":\"https:\/\/www.welovecycling.com\/de\/2025\/08\/01\/le-court-pienaar-baut-fuehrung-aus-maeva-squiban-begeistert-frankreich-mit-32-km-solo\/#breadcrumb\"},\"inLanguage\":\"de-DE\",\"potentialAction\":[{\"@type\":\"ReadAction\",\"target\":[\"https:\/\/www.welovecycling.com\/de\/2025\/08\/01\/le-court-pienaar-baut-fuehrung-aus-maeva-squiban-begeistert-frankreich-mit-32-km-solo\/\"]}]},{\"@type\":\"ImageObject\",\"inLanguage\":\"de-DE\",\"@id\":\"https:\/\/www.welovecycling.com\/de\/2025\/08\/01\/le-court-pienaar-baut-fuehrung-aus-maeva-squiban-begeistert-frankreich-mit-32-km-solo\/#primaryimage\",\"url\":\"https:\/\/d2p6e6u75xmxt8.cloudfront.net\/10\/2025\/08\/pienaar.webp\",\"contentUrl\":\"https:\/\/d2p6e6u75xmxt8.cloudfront.net\/10\/2025\/08\/pienaar.webp\",\"width\":976,\"height\":655},{\"@type\":\"BreadcrumbList\",\"@id\":\"https:\/\/www.welovecycling.com\/de\/2025\/08\/01\/le-court-pienaar-baut-fuehrung-aus-maeva-squiban-begeistert-frankreich-mit-32-km-solo\/#breadcrumb\",\"itemListElement\":[{\"@type\":\"ListItem\",\"position\":1,\"name\":\"Home\",\"item\":\"https:\/\/www.welovecycling.com\/de\/\"},{\"@type\":\"ListItem\",\"position\":2,\"name\":\"Le Court Pienaar baut F\u00fchrung aus \u2013 Ma\u00ebva Squiban begeistert Frankreich mit 32\u202fkm Solo\"}]},{\"@type\":\"WebSite\",\"@id\":\"https:\/\/www.welovecycling.com\/de\/#website\",\"url\":\"https:\/\/www.welovecycling.com\/de\/\",\"name\":\"\u0160koda We Love Cycling - Deutschland\",\"description\":\"Just another \u0160koda WeLoveCycling Sites site\",\"potentialAction\":[{\"@type\":\"SearchAction\",\"target\":{\"@type\":\"EntryPoint\",\"urlTemplate\":\"https:\/\/www.welovecycling.com\/de\/?s={search_term_string}\"},\"query-input\":{\"@type\":\"PropertyValueSpecification\",\"valueRequired\":true,\"valueName\":\"search_term_string\"}}],\"inLanguage\":\"de-DE\"},{\"@type\":\"Person\",\"@id\":\"https:\/\/www.welovecycling.com\/de\/#\/schema\/person\/915694b3c8d0de9019932587781ba6b3\",\"name\":\"jbraeker\",\"image\":{\"@type\":\"ImageObject\",\"inLanguage\":\"de-DE\",\"@id\":\"https:\/\/www.welovecycling.com\/de\/#\/schema\/person\/image\/\",\"url\":\"https:\/\/secure.gravatar.com\/avatar\/8b4aea90e4535aae30b5b720249e5b723ae59fcf3d54757dd8b748d97b46d3c9?s=96&d=mm&r=g\",\"contentUrl\":\"https:\/\/secure.gravatar.com\/avatar\/8b4aea90e4535aae30b5b720249e5b723ae59fcf3d54757dd8b748d97b46d3c9?s=96&d=mm&r=g\",\"caption\":\"jbraeker\"},\"url\":\"https:\/\/www.welovecycling.com\/de\/author\/jbraeker\/\"}]}<\/script>\n<!-- \/ Yoast SEO Premium plugin. -->","yoast_head_json":{"title":"Le Court Pienaar baut F\u00fchrung aus \u2013 Ma\u00ebva Squiban begeistert Frankreich mit 32\u202fkm Solo - \u0160koda We Love Cycling - Deutschland","description":"Kim Le Court Pienaar baut ihre F\u00fchrung beim TdFFaZ trotz starker Konkurrenz von Ferrand\u2011Pr\u00e9vot aus \u2013 w\u00e4hrend Ma\u00ebva Squiban mit einem mutigen 32\u2011km\u2011Solo die franz\u00f6sischen Herzen im Sturm eroberte.","robots":{"index":"index","follow":"follow","max-snippet":"max-snippet:-1","max-image-preview":"max-image-preview:large","max-video-preview":"max-video-preview:-1"},"canonical":"https:\/\/www.welovecycling.com\/de\/2025\/08\/01\/le-court-pienaar-baut-fuehrung-aus-maeva-squiban-begeistert-frankreich-mit-32-km-solo\/","og_locale":"de_DE","og_type":"article","og_title":"Le Court Pienaar baut F\u00fchrung aus \u2013 Ma\u00ebva Squiban begeistert Frankreich mit 32\u202fkm Solo","og_description":"Kim Le Court Pienaar baut ihre F\u00fchrung beim TdFFaZ trotz starker Konkurrenz von Ferrand\u2011Pr\u00e9vot aus \u2013 w\u00e4hrend Ma\u00ebva Squiban mit einem mutigen 32\u2011km\u2011Solo die franz\u00f6sischen Herzen im Sturm eroberte.","og_url":"https:\/\/www.welovecycling.com\/de\/2025\/08\/01\/le-court-pienaar-baut-fuehrung-aus-maeva-squiban-begeistert-frankreich-mit-32-km-solo\/","og_site_name":"\u0160koda We Love Cycling - Deutschland","article_published_time":"2025-08-01T07:03:52+00:00","article_modified_time":"2025-08-06T11:17:42+00:00","og_image":[{"width":976,"height":655,"url":"https:\/\/d2p6e6u75xmxt8.cloudfront.net\/10\/2025\/08\/pienaar.webp","type":"image\/webp"}],"author":"jbraeker","twitter_card":"summary_large_image","twitter_misc":{"Written by":"Siegfried Mortkowitz","Est. reading time":"3"},"schema":{"@context":"https:\/\/schema.org","@graph":[{"@type":"WebPage","@id":"https:\/\/www.welovecycling.com\/de\/2025\/08\/01\/le-court-pienaar-baut-fuehrung-aus-maeva-squiban-begeistert-frankreich-mit-32-km-solo\/","url":"https:\/\/www.welovecycling.com\/de\/2025\/08\/01\/le-court-pienaar-baut-fuehrung-aus-maeva-squiban-begeistert-frankreich-mit-32-km-solo\/","name":"Le Court Pienaar baut F\u00fchrung aus \u2013 Ma\u00ebva Squiban begeistert Frankreich mit 32\u202fkm Solo - \u0160koda We Love Cycling - Deutschland","isPartOf":{"@id":"https:\/\/www.welovecycling.com\/de\/#website"},"primaryImageOfPage":{"@id":"https:\/\/www.welovecycling.com\/de\/2025\/08\/01\/le-court-pienaar-baut-fuehrung-aus-maeva-squiban-begeistert-frankreich-mit-32-km-solo\/#primaryimage"},"image":{"@id":"https:\/\/www.welovecycling.com\/de\/2025\/08\/01\/le-court-pienaar-baut-fuehrung-aus-maeva-squiban-begeistert-frankreich-mit-32-km-solo\/#primaryimage"},"thumbnailUrl":"https:\/\/d2p6e6u75xmxt8.cloudfront.net\/10\/2025\/08\/pienaar.webp","datePublished":"2025-08-01T07:03:52+00:00","dateModified":"2025-08-06T11:17:42+00:00","author":{"@id":"https:\/\/www.welovecycling.com\/de\/#\/schema\/person\/915694b3c8d0de9019932587781ba6b3"},"description":"Kim Le Court Pienaar baut ihre F\u00fchrung beim TdFFaZ trotz starker Konkurrenz von Ferrand\u2011Pr\u00e9vot aus \u2013 w\u00e4hrend Ma\u00ebva Squiban mit einem mutigen 32\u2011km\u2011Solo die franz\u00f6sischen Herzen im Sturm eroberte.","breadcrumb":{"@id":"https:\/\/www.welovecycling.com\/de\/2025\/08\/01\/le-court-pienaar-baut-fuehrung-aus-maeva-squiban-begeistert-frankreich-mit-32-km-solo\/#breadcrumb"},"inLanguage":"de-DE","potentialAction":[{"@type":"ReadAction","target":["https:\/\/www.welovecycling.com\/de\/2025\/08\/01\/le-court-pienaar-baut-fuehrung-aus-maeva-squiban-begeistert-frankreich-mit-32-km-solo\/"]}]},{"@type":"ImageObject","inLanguage":"de-DE","@id":"https:\/\/www.welovecycling.com\/de\/2025\/08\/01\/le-court-pienaar-baut-fuehrung-aus-maeva-squiban-begeistert-frankreich-mit-32-km-solo\/#primaryimage","url":"https:\/\/d2p6e6u75xmxt8.cloudfront.net\/10\/2025\/08\/pienaar.webp","contentUrl":"https:\/\/d2p6e6u75xmxt8.cloudfront.net\/10\/2025\/08\/pienaar.webp","width":976,"height":655},{"@type":"BreadcrumbList","@id":"https:\/\/www.welovecycling.com\/de\/2025\/08\/01\/le-court-pienaar-baut-fuehrung-aus-maeva-squiban-begeistert-frankreich-mit-32-km-solo\/#breadcrumb","itemListElement":[{"@type":"ListItem","position":1,"name":"Home","item":"https:\/\/www.welovecycling.com\/de\/"},{"@type":"ListItem","position":2,"name":"Le Court Pienaar baut F\u00fchrung aus \u2013 Ma\u00ebva Squiban begeistert Frankreich mit 32\u202fkm Solo"}]},{"@type":"WebSite","@id":"https:\/\/www.welovecycling.com\/de\/#website","url":"https:\/\/www.welovecycling.com\/de\/","name":"\u0160koda We Love Cycling - Deutschland","description":"Just another \u0160koda WeLoveCycling Sites site","potentialAction":[{"@type":"SearchAction","target":{"@type":"EntryPoint","urlTemplate":"https:\/\/www.welovecycling.com\/de\/?s={search_term_string}"},"query-input":{"@type":"PropertyValueSpecification","valueRequired":true,"valueName":"search_term_string"}}],"inLanguage":"de-DE"},{"@type":"Person","@id":"https:\/\/www.welovecycling.com\/de\/#\/schema\/person\/915694b3c8d0de9019932587781ba6b3","name":"jbraeker","image":{"@type":"ImageObject","inLanguage":"de-DE","@id":"https:\/\/www.welovecycling.com\/de\/#\/schema\/person\/image\/","url":"https:\/\/secure.gravatar.com\/avatar\/8b4aea90e4535aae30b5b720249e5b723ae59fcf3d54757dd8b748d97b46d3c9?s=96&d=mm&r=g","contentUrl":"https:\/\/secure.gravatar.com\/avatar\/8b4aea90e4535aae30b5b720249e5b723ae59fcf3d54757dd8b748d97b46d3c9?s=96&d=mm&r=g","caption":"jbraeker"},"url":"https:\/\/www.welovecycling.com\/de\/author\/jbraeker\/"}]}},"_links":{"self":[{"href":"https:\/\/www.welovecycling.com\/de\/wp-json\/wp\/v2\/posts\/11906","targetHints":{"allow":["GET"]}}],"collection":[{"href":"https:\/\/www.welovecycling.com\/de\/wp-json\/wp\/v2\/posts"}],"about":[{"href":"https:\/\/www.welovecycling.com\/de\/wp-json\/wp\/v2\/types\/post"}],"author":[{"embeddable":true,"href":"https:\/\/www.welovecycling.com\/de\/wp-json\/wp\/v2\/users\/115"}],"replies":[{"embeddable":true,"href":"https:\/\/www.welovecycling.com\/de\/wp-json\/wp\/v2\/comments?post=11906"}],"version-history":[{"count":1,"href":"https:\/\/www.welovecycling.com\/de\/wp-json\/wp\/v2\/posts\/11906\/revisions"}],"predecessor-version":[{"id":11907,"href":"https:\/\/www.welovecycling.com\/de\/wp-json\/wp\/v2\/posts\/11906\/revisions\/11907"}],"wp:featuredmedia":[{"embeddable":true,"href":"https:\/\/www.welovecycling.com\/de\/wp-json\/wp\/v2\/media\/11893"}],"wp:attachment":[{"href":"https:\/\/www.welovecycling.com\/de\/wp-json\/wp\/v2\/media?parent=11906"}],"wp:term":[{"taxonomy":"category","embeddable":true,"href":"https:\/\/www.welovecycling.com\/de\/wp-json\/wp\/v2\/categories?post=11906"},{"taxonomy":"post_tag","embeddable":true,"href":"https:\/\/www.welovecycling.com\/de\/wp-json\/wp\/v2\/tags?post=11906"},{"taxonomy":"global-categories","embeddable":true,"href":"https:\/\/www.welovecycling.com\/de\/wp-json\/wp\/v2\/global-categories?post=11906"}],"curies":[{"name":"wp","href":"https:\/\/api.w.org\/{rel}","templated":true}]}}