{"id":11902,"date":"2025-08-04T08:00:27","date_gmt":"2025-08-04T07:00:27","guid":{"rendered":"https:\/\/www.welovecycling.com\/de\/?p=11902"},"modified":"2025-08-06T12:17:21","modified_gmt":"2025-08-06T11:17:21","slug":"frankreich-feiert-eine-koenigin-rueckblick-auf-eine-bemerkenswerte-tour-de-france-femmes-2025","status":"publish","type":"post","link":"https:\/\/www.welovecycling.com\/de\/2025\/08\/04\/frankreich-feiert-eine-koenigin-rueckblick-auf-eine-bemerkenswerte-tour-de-france-femmes-2025\/","title":{"rendered":"Frankreich feiert eine K\u00f6nigin \u2013 R\u00fcckblick auf eine bemerkenswerte Tour de France Femmes 2025"},"content":{"rendered":"<p data-start=\"270\" data-end=\"625\"><strong data-start=\"270\" data-end=\"292\">Es ist vollbracht:<\/strong> Nach 36 Jahren hat Frankreich wieder eine Tour-de-France-Siegerin. Pauline Ferrand-Pr\u00e9vot gewann am Sonntag nicht nur ihre zweite Etappe in Folge \u2013 sie holte sich auch souver\u00e4n den Gesamtsieg bei der <strong data-start=\"493\" data-end=\"534\">Tour de France Femmes avec Zwift 2025<\/strong>. Es ist der erste franz\u00f6sische Gesamtsieg bei einem Tour-Rennen seit Jeannie Longo 1989.<\/p>\n<h3 data-start=\"627\" data-end=\"688\"><strong data-start=\"631\" data-end=\"688\">Die franz\u00f6sische K\u00f6nigin \u2013 Ferrand-Pr\u00e9vot triumphiert<\/strong><\/h3>\n<p data-start=\"690\" data-end=\"1035\">Die 33-j\u00e4hrige <strong data-start=\"705\" data-end=\"723\">Ferrand-Pr\u00e9vot<\/strong> (Visma\u2013Lease a Bike) hatte vor der finalen Etappe bereits 2:37 Minuten Vorsprung auf Sarah Gigante (AG Insurance\u2013Soudal) und lie\u00df sich diesen auch nicht mehr nehmen. Sie kontrollierte das Rennen taktisch klug, lie\u00df sich auf keinen Schlagabtausch ein, sondern setzte im richtigen Moment zum finalen Angriff an.<\/p>\n<p data-start=\"1037\" data-end=\"1322\">Der Schl\u00fcsselmoment kam beim letzten gro\u00dfen Anstieg, dem ber\u00fcchtigten <strong data-start=\"1107\" data-end=\"1128\">Col de Joux-Plane<\/strong>. Als sich das Tempo verlangsamte, griff Ferrand-Pr\u00e9vot an \u2013 und niemand konnte folgen. Sie baute ihren Vorsprung aus, \u00fcberquerte als Erste die Ziellinie, fiel ersch\u00f6pft zu Boden \u2013 und weinte.<\/p>\n<blockquote data-start=\"1324\" data-end=\"1494\">\n<p data-start=\"1326\" data-end=\"1494\">\u201eIch wei\u00df nicht, ob ich so eine Vorbereitung noch einmal durchstehen kann\u201c, <a href=\"https:\/\/www.msn.com\/en-us\/foodanddrink\/recipes\/i-don-t-really-see-myself-doing-the-same-again-pauline-ferrand-pr%C3%A9vot-toasts-tour-de-france-femmes-victory-but-might-not-return-to-the-race\/ar-AA1JPXR4?ocid=msedgntp&amp;cvid=57b3823485944ffdf1867fb6f4c7b63d&amp;ei=9\">sagte sie danach<\/a>. \u201eAber es hat sich ausgezahlt. Ich liebe, was ich tue \u2013 es ist mein Leben.\u201c<\/p>\n<\/blockquote>\n<blockquote class=\"instagram-media\" style=\"background: #FFF; border: 0; border-radius: 3px; box-shadow: 0 0 1px 0 rgba(0,0,0,0.5),0 1px 10px 0 rgba(0,0,0,0.15); margin: 1px; max-width: 540px; min-width: 326px; padding: 0; width: calc(100% - 2px);\" data-instgrm-captioned=\"\" data-instgrm-permalink=\"https:\/\/www.instagram.com\/p\/DM3PMXTMaSb\/?utm_source=ig_embed&amp;utm_campaign=loading\" data-instgrm-version=\"14\">\n<div style=\"padding: 16px;\">\n<p>&nbsp;<\/p>\n<div style=\"display: flex; flex-direction: row; align-items: center;\">\n<div style=\"background-color: #f4f4f4; border-radius: 50%; flex-grow: 0; height: 40px; margin-right: 14px; width: 40px;\"><\/div>\n<div style=\"display: flex; flex-direction: column; flex-grow: 1; justify-content: center;\">\n<div style=\"background-color: #f4f4f4; border-radius: 4px; flex-grow: 0; height: 14px; margin-bottom: 6px; width: 100px;\"><\/div>\n<div style=\"background-color: #f4f4f4; border-radius: 4px; flex-grow: 0; height: 14px; width: 60px;\"><\/div>\n<\/div>\n<\/div>\n<div style=\"padding: 19% 0;\"><\/div>\n<div style=\"display: block; height: 50px; margin: 0 auto 12px; width: 50px;\"><\/div>\n<div style=\"padding-top: 8px;\">\n<div style=\"color: #3897f0; font-family: Arial,sans-serif; font-size: 14px; font-style: normal; font-weight: 550; line-height: 18px;\">Sieh dir diesen Beitrag auf Instagram an<\/div>\n<\/div>\n<div style=\"padding: 12.5% 0;\"><\/div>\n<div style=\"display: flex; flex-direction: row; margin-bottom: 14px; align-items: center;\">\n<div>\n<div style=\"background-color: #f4f4f4; border-radius: 50%; height: 12.5px; width: 12.5px; transform: translateX(0px) translateY(7px);\"><\/div>\n<div style=\"background-color: #f4f4f4; height: 12.5px; transform: rotate(-45deg) translateX(3px) translateY(1px); width: 12.5px; flex-grow: 0; margin-right: 14px; margin-left: 2px;\"><\/div>\n<div style=\"background-color: #f4f4f4; border-radius: 50%; height: 12.5px; width: 12.5px; transform: translateX(9px) translateY(-18px);\"><\/div>\n<\/div>\n<div style=\"margin-left: 8px;\">\n<div style=\"background-color: #f4f4f4; border-radius: 50%; flex-grow: 0; height: 20px; width: 20px;\"><\/div>\n<div style=\"width: 0; height: 0; border-top: 2px solid transparent; border-left: 6px solid #f4f4f4; border-bottom: 2px solid transparent; transform: translateX(16px) translateY(-4px) rotate(30deg);\"><\/div>\n<\/div>\n<div style=\"margin-left: auto;\">\n<div style=\"width: 0px; border-top: 8px solid #F4F4F4; border-right: 8px solid transparent; transform: translateY(16px);\"><\/div>\n<div style=\"background-color: #f4f4f4; flex-grow: 0; height: 12px; width: 16px; transform: translateY(-4px);\"><\/div>\n<div style=\"width: 0; height: 0; border-top: 8px solid #F4F4F4; border-left: 8px solid transparent; transform: translateY(-4px) translateX(8px);\"><\/div>\n<\/div>\n<\/div>\n<div style=\"display: flex; flex-direction: column; flex-grow: 1; justify-content: center; margin-bottom: 24px;\">\n<div style=\"background-color: #f4f4f4; border-radius: 4px; flex-grow: 0; height: 14px; margin-bottom: 6px; width: 224px;\"><\/div>\n<div style=\"background-color: #f4f4f4; border-radius: 4px; flex-grow: 0; height: 14px; width: 144px;\"><\/div>\n<\/div>\n<p>&nbsp;<\/p>\n<p style=\"color: #c9c8cd; font-family: Arial,sans-serif; font-size: 14px; line-height: 17px; margin-bottom: 0; margin-top: 8px; overflow: hidden; padding: 8px 0 7px; text-align: center; text-overflow: ellipsis; white-space: nowrap;\"><a style=\"color: #c9c8cd; font-family: Arial,sans-serif; font-size: 14px; font-style: normal; font-weight: normal; line-height: 17px; text-decoration: none;\" href=\"https:\/\/www.instagram.com\/p\/DM3PMXTMaSb\/?utm_source=ig_embed&amp;utm_campaign=loading\" target=\"_blank\" rel=\"noopener\">Ein Beitrag geteilt von Tour de France\u2122 (@letourdefrance)<\/a><\/p>\n<\/div>\n<\/blockquote>\n<p><script async src=\"\/\/www.instagram.com\/embed.js\"><\/script><\/p>\n<h3 data-start=\"1496\" data-end=\"1536\"><strong data-start=\"1500\" data-end=\"1536\">Entschieden auf der K\u00f6nigsetappe<\/strong><\/h3>\n<p data-start=\"1538\" data-end=\"1942\">Der wahre Showdown ereignete sich schon am Samstag: die <strong data-start=\"1594\" data-end=\"1610\">K\u00f6nigsetappe<\/strong> mit Zielankunft auf dem legend\u00e4ren <strong data-start=\"1646\" data-end=\"1669\">Col de la Madeleine<\/strong> (18,9 km @ 8 %). Hier deklassierte Ferrand-Pr\u00e9vot ihre Konkurrenz in einer der dominantesten Leistungen in der Geschichte des Frauenradsports. Sie gewann mit 1:45 Minuten Vorsprung auf Gigante, w\u00e4hrend die Favoritinnen wie Vollering und Fisher-Black deutlich zur\u00fcckfielen.<\/p>\n<h3 data-start=\"1944\" data-end=\"2006\"><strong data-start=\"1948\" data-end=\"2006\">Die \u201ePrinzessin\u201c \u2013 Ma\u00ebva Squiban begeistert Frankreich<\/strong><\/h3>\n<p data-start=\"2008\" data-end=\"2229\">Eine zweite Franz\u00f6sin verzauberte die Zuschauer: die 23-j\u00e4hrige <strong data-start=\"2072\" data-end=\"2089\">Ma\u00ebva Squiban<\/strong> (UAE Team ADQ). Zun\u00e4chst als Helferin eingeplant, wurde sie durch mehrere Ausf\u00e4lle zur unerwarteten Teamleaderin \u2013 und nutzte die Chance.<\/p>\n<p data-start=\"2231\" data-end=\"2414\"><strong data-start=\"2231\" data-end=\"2243\">Stage 6:<\/strong> 32 km Soloflucht zum Etappensieg.<br data-start=\"2277\" data-end=\"2280\" \/><strong data-start=\"2280\" data-end=\"2292\">Stage 7:<\/strong> Wieder Alleingang, wieder Sieg.<br data-start=\"2324\" data-end=\"2327\" \/><strong data-start=\"2327\" data-end=\"2339\">Stage 8:<\/strong> Angriff auf der K\u00f6nigsetappe, bevor sie am Madeleine ersch\u00f6pft zur\u00fcckfiel.<\/p>\n<blockquote data-start=\"2416\" data-end=\"2509\">\n<p data-start=\"2418\" data-end=\"2509\">\u201eEinmal bei der Tour zu gewinnen ist riesig. Zweimal \u2013 ich bin sprachlos\u201c, sagte Squiban.<\/p>\n<\/blockquote>\n<p data-start=\"2511\" data-end=\"2617\">Frankreich hat eine neue Heldin \u2013 jung, mutig, mit einem strahlenden L\u00e4cheln und dem Herz einer K\u00e4mpferin.<\/p>\n<h3 data-start=\"2619\" data-end=\"2694\"><strong data-start=\"2623\" data-end=\"2694\">Die afrikanische K\u00f6nigin \u2013 Kim Le Court Pienaar schreibt Geschichte<\/strong><\/h3>\n<p data-start=\"2696\" data-end=\"2897\">Zum ersten Mal wurde eine Etappe der Tour de France Femmes von einer <strong data-start=\"2765\" data-end=\"2780\">Afrikanerin<\/strong> gewonnen: <strong data-start=\"2791\" data-end=\"2815\">Kim Le Court Pienaar<\/strong> (Mauritius) triumphierte auf der 5. Etappe und trug vier Tage das Gelbe Trikot.<\/p>\n<p data-start=\"2899\" data-end=\"3030\">Besonders beeindruckend: Trotz eines Sturzes auf der K\u00f6nigsetappe unterst\u00fctzte sie ihre Teamkollegin Gigante bis zum letzten Meter.<\/p>\n<p data-start=\"3032\" data-end=\"3073\">Und sie setzte ein wichtiges Statement:<\/p>\n<blockquote data-start=\"3074\" data-end=\"3158\">\n<p data-start=\"3076\" data-end=\"3158\">\u201eIch hatte meine Tage \u2013 der K\u00f6rper ist einfach m\u00fcder. Aber ich habe durchgezogen.\u201c<\/p>\n<\/blockquote>\n<p data-start=\"3160\" data-end=\"3269\">Sie sprach offen \u00fcber Menstruation im Profisport \u2013 ein Tabuthema, das nun endlich \u00f6ffentlich diskutiert wird.<\/p>\n<h3 data-start=\"3271\" data-end=\"3310\"><strong data-start=\"3275\" data-end=\"3310\">Gr\u00fcnes Trikot f\u00fcr Lorena Wiebes<\/strong><\/h3>\n<p data-start=\"3312\" data-end=\"3503\">Weniger dramatisch verlief der Sprint-Wettbewerb: <strong data-start=\"3362\" data-end=\"3379\">Lorena Wiebes<\/strong> (SD Worx\u2013Protime) sicherte sich fr\u00fch die entscheidenden Punkte gegen Marianne Vos und gewann souver\u00e4n das <strong data-start=\"3486\" data-end=\"3502\">Gr\u00fcne Trikot<\/strong>.<\/p>\n<hr data-start=\"3505\" data-end=\"3508\" \/>\n<h2 data-start=\"3510\" data-end=\"3571\">\ud83c\udfc6 <strong data-start=\"3516\" data-end=\"3571\">Endergebnis \u2013 Tour de France Femmes 2025 (Top 5 GC)<\/strong><\/h2>\n<ol data-start=\"3573\" data-end=\"3762\">\n<li data-start=\"3573\" data-end=\"3615\">\n<p data-start=\"3576\" data-end=\"3615\"><strong data-start=\"3576\" data-end=\"3602\">Pauline Ferrand-Pr\u00e9vot<\/strong> \u2013 29:54:24<\/p>\n<\/li>\n<li data-start=\"3616\" data-end=\"3646\">\n<p data-start=\"3619\" data-end=\"3646\"><strong data-start=\"3619\" data-end=\"3637\">Demi Vollering<\/strong> + 3:42<\/p>\n<\/li>\n<li data-start=\"3647\" data-end=\"3691\">\n<p data-start=\"3650\" data-end=\"3691\"><strong data-start=\"3650\" data-end=\"3682\">Katarzyna Niewiadoma-Phinney<\/strong> + 4:09<\/p>\n<\/li>\n<li data-start=\"3692\" data-end=\"3727\">\n<p data-start=\"3695\" data-end=\"3727\"><strong data-start=\"3695\" data-end=\"3718\">Dominika W\u0142odarczyk<\/strong> + 5:45<\/p>\n<\/li>\n<li data-start=\"3728\" data-end=\"3762\">\n<p data-start=\"3731\" data-end=\"3762\"><strong data-start=\"3731\" data-end=\"3753\">Niamh Fisher-Black<\/strong> + 6:25<\/p>\n<\/li>\n<\/ol>\n<hr data-start=\"3764\" data-end=\"3767\" \/>\n<h2 data-start=\"3769\" data-end=\"3811\">\ud83d\udcac Fazit: Ein franz\u00f6sischer Sommertraum<\/h2>\n<p data-start=\"3813\" data-end=\"4122\">Frankreich hat endlich wieder seine <strong data-start=\"3849\" data-end=\"3869\">Radsport-K\u00f6nigin<\/strong> \u2013 und was f\u00fcr eine. Pauline Ferrand-Pr\u00e9vot kr\u00f6nt ihre au\u00dfergew\u00f6hnliche Karriere mit dem ganz gro\u00dfen Wurf. Dazu Ma\u00ebva Squiban, die aus dem Nichts zur neuen Hoffnung aufstieg, und Kim Le Court Pienaar, die sportlich wie gesellschaftlich neue Wege \u00f6ffnet.<\/p>\n<p data-start=\"4124\" data-end=\"4243\">Die <strong data-start=\"4128\" data-end=\"4158\">Tour de France Femmes 2025<\/strong> war mehr als ein Rennen \u2013 sie war ein Fest der St\u00e4rke, des Willens und der Vielfalt.<\/p>\n","protected":false},"excerpt":{"rendered":"<p>Es ist vollbracht: Nach 36 Jahren hat Frankreich wieder eine Tour-de-France-Siegerin. Pauline Ferrand-Pr\u00e9vot gewann am Sonntag nicht nur ihre zweite [&hellip;]<\/p>\n","protected":false},"author":115,"featured_media":11894,"comment_status":"open","ping_status":"open","sticky":false,"template":"","format":"standard","meta":{"footnotes":""},"categories":[1,124],"tags":[],"global-categories":[19],"class_list":["post-11902","post","type-post","status-publish","format-standard","has-post-thumbnail","hentry","category-allgemein","category-tour-de-france-femmes-2025","global-categories-cycling"],"yoast_head":"<!-- This site is optimized with the Yoast SEO Premium plugin v25.3 (Yoast SEO v25.9) - https:\/\/yoast.com\/wordpress\/plugins\/seo\/ -->\n<title>Frankreich feiert eine K\u00f6nigin \u2013 R\u00fcckblick auf eine bemerkenswerte Tour de France Femmes 2025 - \u0160koda We Love Cycling - Deutschland<\/title>\n<meta name=\"description\" content=\"Frankreich jubelt: Pauline Ferrand-Pr\u00e9vot gewinnt die Tour de France Femmes 2025 in beeindruckender Manier. Ma\u00ebva Squiban \u00fcberrascht doppelt, Kim Le Court Pienaar schreibt Geschichte \u2013 ein R\u00fcckblick auf eine unvergessliche Rundfahrt.\" \/>\n<meta name=\"robots\" content=\"index, follow, max-snippet:-1, max-image-preview:large, max-video-preview:-1\" \/>\n<link rel=\"canonical\" href=\"https:\/\/www.welovecycling.com\/de\/2025\/08\/04\/frankreich-feiert-eine-koenigin-rueckblick-auf-eine-bemerkenswerte-tour-de-france-femmes-2025\/\" \/>\n<meta property=\"og:locale\" content=\"de_DE\" \/>\n<meta property=\"og:type\" content=\"article\" \/>\n<meta property=\"og:title\" content=\"Frankreich feiert eine K\u00f6nigin \u2013 R\u00fcckblick auf eine bemerkenswerte Tour de France Femmes 2025\" \/>\n<meta property=\"og:description\" content=\"Frankreich jubelt: Pauline Ferrand-Pr\u00e9vot gewinnt die Tour de France Femmes 2025 in beeindruckender Manier. Ma\u00ebva Squiban \u00fcberrascht doppelt, Kim Le Court Pienaar schreibt Geschichte \u2013 ein R\u00fcckblick auf eine unvergessliche Rundfahrt.\" \/>\n<meta property=\"og:url\" content=\"https:\/\/www.welovecycling.com\/de\/2025\/08\/04\/frankreich-feiert-eine-koenigin-rueckblick-auf-eine-bemerkenswerte-tour-de-france-femmes-2025\/\" \/>\n<meta property=\"og:site_name\" content=\"\u0160koda We Love Cycling - Deutschland\" \/>\n<meta property=\"article:published_time\" content=\"2025-08-04T07:00:27+00:00\" \/>\n<meta property=\"article:modified_time\" content=\"2025-08-06T11:17:21+00:00\" \/>\n<meta property=\"og:image\" content=\"https:\/\/d2p6e6u75xmxt8.cloudfront.net\/10\/2025\/08\/takeawaytdffaz.webp\" \/>\n\t<meta property=\"og:image:width\" content=\"983\" \/>\n\t<meta property=\"og:image:height\" content=\"653\" \/>\n\t<meta property=\"og:image:type\" content=\"image\/webp\" \/>\n<meta name=\"author\" content=\"jbraeker\" \/>\n<meta name=\"twitter:card\" content=\"summary_large_image\" \/>\n<meta name=\"twitter:label1\" content=\"Written by\" \/>\n\t<meta name=\"twitter:data1\" content=\"Siegfried Mortkowitz\" \/>\n\t<meta name=\"twitter:label2\" content=\"Est. reading time\" \/>\n\t<meta name=\"twitter:data2\" content=\"3\" \/>\n<script type=\"application\/ld+json\" class=\"yoast-schema-graph\">{\"@context\":\"https:\/\/schema.org\",\"@graph\":[{\"@type\":\"WebPage\",\"@id\":\"https:\/\/www.welovecycling.com\/de\/2025\/08\/04\/frankreich-feiert-eine-koenigin-rueckblick-auf-eine-bemerkenswerte-tour-de-france-femmes-2025\/\",\"url\":\"https:\/\/www.welovecycling.com\/de\/2025\/08\/04\/frankreich-feiert-eine-koenigin-rueckblick-auf-eine-bemerkenswerte-tour-de-france-femmes-2025\/\",\"name\":\"Frankreich feiert eine K\u00f6nigin \u2013 R\u00fcckblick auf eine bemerkenswerte Tour de France Femmes 2025 - \u0160koda We Love Cycling - Deutschland\",\"isPartOf\":{\"@id\":\"https:\/\/www.welovecycling.com\/de\/#website\"},\"primaryImageOfPage\":{\"@id\":\"https:\/\/www.welovecycling.com\/de\/2025\/08\/04\/frankreich-feiert-eine-koenigin-rueckblick-auf-eine-bemerkenswerte-tour-de-france-femmes-2025\/#primaryimage\"},\"image\":{\"@id\":\"https:\/\/www.welovecycling.com\/de\/2025\/08\/04\/frankreich-feiert-eine-koenigin-rueckblick-auf-eine-bemerkenswerte-tour-de-france-femmes-2025\/#primaryimage\"},\"thumbnailUrl\":\"https:\/\/d2p6e6u75xmxt8.cloudfront.net\/10\/2025\/08\/takeawaytdffaz.webp\",\"datePublished\":\"2025-08-04T07:00:27+00:00\",\"dateModified\":\"2025-08-06T11:17:21+00:00\",\"author\":{\"@id\":\"https:\/\/www.welovecycling.com\/de\/#\/schema\/person\/915694b3c8d0de9019932587781ba6b3\"},\"description\":\"Frankreich jubelt: Pauline Ferrand-Pr\u00e9vot gewinnt die Tour de France Femmes 2025 in beeindruckender Manier. Ma\u00ebva Squiban \u00fcberrascht doppelt, Kim Le Court Pienaar schreibt Geschichte \u2013 ein R\u00fcckblick auf eine unvergessliche Rundfahrt.\",\"breadcrumb\":{\"@id\":\"https:\/\/www.welovecycling.com\/de\/2025\/08\/04\/frankreich-feiert-eine-koenigin-rueckblick-auf-eine-bemerkenswerte-tour-de-france-femmes-2025\/#breadcrumb\"},\"inLanguage\":\"de-DE\",\"potentialAction\":[{\"@type\":\"ReadAction\",\"target\":[\"https:\/\/www.welovecycling.com\/de\/2025\/08\/04\/frankreich-feiert-eine-koenigin-rueckblick-auf-eine-bemerkenswerte-tour-de-france-femmes-2025\/\"]}]},{\"@type\":\"ImageObject\",\"inLanguage\":\"de-DE\",\"@id\":\"https:\/\/www.welovecycling.com\/de\/2025\/08\/04\/frankreich-feiert-eine-koenigin-rueckblick-auf-eine-bemerkenswerte-tour-de-france-femmes-2025\/#primaryimage\",\"url\":\"https:\/\/d2p6e6u75xmxt8.cloudfront.net\/10\/2025\/08\/takeawaytdffaz.webp\",\"contentUrl\":\"https:\/\/d2p6e6u75xmxt8.cloudfront.net\/10\/2025\/08\/takeawaytdffaz.webp\",\"width\":983,\"height\":653},{\"@type\":\"BreadcrumbList\",\"@id\":\"https:\/\/www.welovecycling.com\/de\/2025\/08\/04\/frankreich-feiert-eine-koenigin-rueckblick-auf-eine-bemerkenswerte-tour-de-france-femmes-2025\/#breadcrumb\",\"itemListElement\":[{\"@type\":\"ListItem\",\"position\":1,\"name\":\"Home\",\"item\":\"https:\/\/www.welovecycling.com\/de\/\"},{\"@type\":\"ListItem\",\"position\":2,\"name\":\"Frankreich feiert eine K\u00f6nigin \u2013 R\u00fcckblick auf eine bemerkenswerte Tour de France Femmes 2025\"}]},{\"@type\":\"WebSite\",\"@id\":\"https:\/\/www.welovecycling.com\/de\/#website\",\"url\":\"https:\/\/www.welovecycling.com\/de\/\",\"name\":\"\u0160koda We Love Cycling - Deutschland\",\"description\":\"Just another \u0160koda WeLoveCycling Sites site\",\"potentialAction\":[{\"@type\":\"SearchAction\",\"target\":{\"@type\":\"EntryPoint\",\"urlTemplate\":\"https:\/\/www.welovecycling.com\/de\/?s={search_term_string}\"},\"query-input\":{\"@type\":\"PropertyValueSpecification\",\"valueRequired\":true,\"valueName\":\"search_term_string\"}}],\"inLanguage\":\"de-DE\"},{\"@type\":\"Person\",\"@id\":\"https:\/\/www.welovecycling.com\/de\/#\/schema\/person\/915694b3c8d0de9019932587781ba6b3\",\"name\":\"jbraeker\",\"image\":{\"@type\":\"ImageObject\",\"inLanguage\":\"de-DE\",\"@id\":\"https:\/\/www.welovecycling.com\/de\/#\/schema\/person\/image\/\",\"url\":\"https:\/\/secure.gravatar.com\/avatar\/8b4aea90e4535aae30b5b720249e5b723ae59fcf3d54757dd8b748d97b46d3c9?s=96&d=mm&r=g\",\"contentUrl\":\"https:\/\/secure.gravatar.com\/avatar\/8b4aea90e4535aae30b5b720249e5b723ae59fcf3d54757dd8b748d97b46d3c9?s=96&d=mm&r=g\",\"caption\":\"jbraeker\"},\"url\":\"https:\/\/www.welovecycling.com\/de\/author\/jbraeker\/\"}]}<\/script>\n<!-- \/ Yoast SEO Premium plugin. -->","yoast_head_json":{"title":"Frankreich feiert eine K\u00f6nigin \u2013 R\u00fcckblick auf eine bemerkenswerte Tour de France Femmes 2025 - \u0160koda We Love Cycling - Deutschland","description":"Frankreich jubelt: Pauline Ferrand-Pr\u00e9vot gewinnt die Tour de France Femmes 2025 in beeindruckender Manier. Ma\u00ebva Squiban \u00fcberrascht doppelt, Kim Le Court Pienaar schreibt Geschichte \u2013 ein R\u00fcckblick auf eine unvergessliche Rundfahrt.","robots":{"index":"index","follow":"follow","max-snippet":"max-snippet:-1","max-image-preview":"max-image-preview:large","max-video-preview":"max-video-preview:-1"},"canonical":"https:\/\/www.welovecycling.com\/de\/2025\/08\/04\/frankreich-feiert-eine-koenigin-rueckblick-auf-eine-bemerkenswerte-tour-de-france-femmes-2025\/","og_locale":"de_DE","og_type":"article","og_title":"Frankreich feiert eine K\u00f6nigin \u2013 R\u00fcckblick auf eine bemerkenswerte Tour de France Femmes 2025","og_description":"Frankreich jubelt: Pauline Ferrand-Pr\u00e9vot gewinnt die Tour de France Femmes 2025 in beeindruckender Manier. Ma\u00ebva Squiban \u00fcberrascht doppelt, Kim Le Court Pienaar schreibt Geschichte \u2013 ein R\u00fcckblick auf eine unvergessliche Rundfahrt.","og_url":"https:\/\/www.welovecycling.com\/de\/2025\/08\/04\/frankreich-feiert-eine-koenigin-rueckblick-auf-eine-bemerkenswerte-tour-de-france-femmes-2025\/","og_site_name":"\u0160koda We Love Cycling - Deutschland","article_published_time":"2025-08-04T07:00:27+00:00","article_modified_time":"2025-08-06T11:17:21+00:00","og_image":[{"width":983,"height":653,"url":"https:\/\/d2p6e6u75xmxt8.cloudfront.net\/10\/2025\/08\/takeawaytdffaz.webp","type":"image\/webp"}],"author":"jbraeker","twitter_card":"summary_large_image","twitter_misc":{"Written by":"Siegfried Mortkowitz","Est. reading time":"3"},"schema":{"@context":"https:\/\/schema.org","@graph":[{"@type":"WebPage","@id":"https:\/\/www.welovecycling.com\/de\/2025\/08\/04\/frankreich-feiert-eine-koenigin-rueckblick-auf-eine-bemerkenswerte-tour-de-france-femmes-2025\/","url":"https:\/\/www.welovecycling.com\/de\/2025\/08\/04\/frankreich-feiert-eine-koenigin-rueckblick-auf-eine-bemerkenswerte-tour-de-france-femmes-2025\/","name":"Frankreich feiert eine K\u00f6nigin \u2013 R\u00fcckblick auf eine bemerkenswerte Tour de France Femmes 2025 - \u0160koda We Love Cycling - Deutschland","isPartOf":{"@id":"https:\/\/www.welovecycling.com\/de\/#website"},"primaryImageOfPage":{"@id":"https:\/\/www.welovecycling.com\/de\/2025\/08\/04\/frankreich-feiert-eine-koenigin-rueckblick-auf-eine-bemerkenswerte-tour-de-france-femmes-2025\/#primaryimage"},"image":{"@id":"https:\/\/www.welovecycling.com\/de\/2025\/08\/04\/frankreich-feiert-eine-koenigin-rueckblick-auf-eine-bemerkenswerte-tour-de-france-femmes-2025\/#primaryimage"},"thumbnailUrl":"https:\/\/d2p6e6u75xmxt8.cloudfront.net\/10\/2025\/08\/takeawaytdffaz.webp","datePublished":"2025-08-04T07:00:27+00:00","dateModified":"2025-08-06T11:17:21+00:00","author":{"@id":"https:\/\/www.welovecycling.com\/de\/#\/schema\/person\/915694b3c8d0de9019932587781ba6b3"},"description":"Frankreich jubelt: Pauline Ferrand-Pr\u00e9vot gewinnt die Tour de France Femmes 2025 in beeindruckender Manier. Ma\u00ebva Squiban \u00fcberrascht doppelt, Kim Le Court Pienaar schreibt Geschichte \u2013 ein R\u00fcckblick auf eine unvergessliche Rundfahrt.","breadcrumb":{"@id":"https:\/\/www.welovecycling.com\/de\/2025\/08\/04\/frankreich-feiert-eine-koenigin-rueckblick-auf-eine-bemerkenswerte-tour-de-france-femmes-2025\/#breadcrumb"},"inLanguage":"de-DE","potentialAction":[{"@type":"ReadAction","target":["https:\/\/www.welovecycling.com\/de\/2025\/08\/04\/frankreich-feiert-eine-koenigin-rueckblick-auf-eine-bemerkenswerte-tour-de-france-femmes-2025\/"]}]},{"@type":"ImageObject","inLanguage":"de-DE","@id":"https:\/\/www.welovecycling.com\/de\/2025\/08\/04\/frankreich-feiert-eine-koenigin-rueckblick-auf-eine-bemerkenswerte-tour-de-france-femmes-2025\/#primaryimage","url":"https:\/\/d2p6e6u75xmxt8.cloudfront.net\/10\/2025\/08\/takeawaytdffaz.webp","contentUrl":"https:\/\/d2p6e6u75xmxt8.cloudfront.net\/10\/2025\/08\/takeawaytdffaz.webp","width":983,"height":653},{"@type":"BreadcrumbList","@id":"https:\/\/www.welovecycling.com\/de\/2025\/08\/04\/frankreich-feiert-eine-koenigin-rueckblick-auf-eine-bemerkenswerte-tour-de-france-femmes-2025\/#breadcrumb","itemListElement":[{"@type":"ListItem","position":1,"name":"Home","item":"https:\/\/www.welovecycling.com\/de\/"},{"@type":"ListItem","position":2,"name":"Frankreich feiert eine K\u00f6nigin \u2013 R\u00fcckblick auf eine bemerkenswerte Tour de France Femmes 2025"}]},{"@type":"WebSite","@id":"https:\/\/www.welovecycling.com\/de\/#website","url":"https:\/\/www.welovecycling.com\/de\/","name":"\u0160koda We Love Cycling - Deutschland","description":"Just another \u0160koda WeLoveCycling Sites site","potentialAction":[{"@type":"SearchAction","target":{"@type":"EntryPoint","urlTemplate":"https:\/\/www.welovecycling.com\/de\/?s={search_term_string}"},"query-input":{"@type":"PropertyValueSpecification","valueRequired":true,"valueName":"search_term_string"}}],"inLanguage":"de-DE"},{"@type":"Person","@id":"https:\/\/www.welovecycling.com\/de\/#\/schema\/person\/915694b3c8d0de9019932587781ba6b3","name":"jbraeker","image":{"@type":"ImageObject","inLanguage":"de-DE","@id":"https:\/\/www.welovecycling.com\/de\/#\/schema\/person\/image\/","url":"https:\/\/secure.gravatar.com\/avatar\/8b4aea90e4535aae30b5b720249e5b723ae59fcf3d54757dd8b748d97b46d3c9?s=96&d=mm&r=g","contentUrl":"https:\/\/secure.gravatar.com\/avatar\/8b4aea90e4535aae30b5b720249e5b723ae59fcf3d54757dd8b748d97b46d3c9?s=96&d=mm&r=g","caption":"jbraeker"},"url":"https:\/\/www.welovecycling.com\/de\/author\/jbraeker\/"}]}},"_links":{"self":[{"href":"https:\/\/www.welovecycling.com\/de\/wp-json\/wp\/v2\/posts\/11902","targetHints":{"allow":["GET"]}}],"collection":[{"href":"https:\/\/www.welovecycling.com\/de\/wp-json\/wp\/v2\/posts"}],"about":[{"href":"https:\/\/www.welovecycling.com\/de\/wp-json\/wp\/v2\/types\/post"}],"author":[{"embeddable":true,"href":"https:\/\/www.welovecycling.com\/de\/wp-json\/wp\/v2\/users\/115"}],"replies":[{"embeddable":true,"href":"https:\/\/www.welovecycling.com\/de\/wp-json\/wp\/v2\/comments?post=11902"}],"version-history":[{"count":1,"href":"https:\/\/www.welovecycling.com\/de\/wp-json\/wp\/v2\/posts\/11902\/revisions"}],"predecessor-version":[{"id":11903,"href":"https:\/\/www.welovecycling.com\/de\/wp-json\/wp\/v2\/posts\/11902\/revisions\/11903"}],"wp:featuredmedia":[{"embeddable":true,"href":"https:\/\/www.welovecycling.com\/de\/wp-json\/wp\/v2\/media\/11894"}],"wp:attachment":[{"href":"https:\/\/www.welovecycling.com\/de\/wp-json\/wp\/v2\/media?parent=11902"}],"wp:term":[{"taxonomy":"category","embeddable":true,"href":"https:\/\/www.welovecycling.com\/de\/wp-json\/wp\/v2\/categories?post=11902"},{"taxonomy":"post_tag","embeddable":true,"href":"https:\/\/www.welovecycling.com\/de\/wp-json\/wp\/v2\/tags?post=11902"},{"taxonomy":"global-categories","embeddable":true,"href":"https:\/\/www.welovecycling.com\/de\/wp-json\/wp\/v2\/global-categories?post=11902"}],"curies":[{"name":"wp","href":"https:\/\/api.w.org\/{rel}","templated":true}]}}