{"id":11900,"date":"2025-08-05T10:39:36","date_gmt":"2025-08-05T09:39:36","guid":{"rendered":"https:\/\/www.welovecycling.com\/de\/?p=11900"},"modified":"2025-08-06T10:39:43","modified_gmt":"2025-08-06T09:39:43","slug":"zwerchfell-der-am-meisten-unterschaetzte-core-muskel","status":"publish","type":"post","link":"https:\/\/www.welovecycling.com\/de\/2025\/08\/05\/zwerchfell-der-am-meisten-unterschaetzte-core-muskel\/","title":{"rendered":"Zwerchfell: Der am meisten untersch\u00e4tzte Core-Muskel"},"content":{"rendered":"<p data-start=\"237\" data-end=\"346\"><strong data-start=\"237\" data-end=\"262\">Stell dir eine Frage:<\/strong> Wenn du an deine K\u00f6rpermitte (Core) denkst \u2013 welche Muskeln kommen dir in den Sinn?<\/p>\n<p data-start=\"348\" data-end=\"629\">Wenn du \u201eBauchmuskeln\u201c sagst, bist du in guter Gesellschaft. Vielleicht denkst du auch an die schr\u00e4gen Bauchmuskeln oder den unteren R\u00fccken. Aber bei den meisten Radsportlern wird ein zentraler Muskel kaum genannt \u2013 obwohl er bei jedem Atemzug unerm\u00fcdlich arbeitet: das Zwerchfell.<\/p>\n<p data-start=\"631\" data-end=\"864\">Obwohl das Zwerchfell vor allem f\u00fcr die Atmung bekannt ist, hat es weitreichende Bedeutung f\u00fcr deine Leistung auf dem Rad: Es beeinflusst Haltung, Kraft\u00fcbertragung und Ausdauer \u2013 und verbessert deine Fahrt, je besser es funktioniert.<\/p>\n<hr data-start=\"866\" data-end=\"869\" \/>\n<h2 data-start=\"871\" data-end=\"921\"><strong data-start=\"874\" data-end=\"921\">Dein innerer Core \u2013 das Zwerchfell im Blick<\/strong><\/h2>\n<p data-start=\"923\" data-end=\"955\">Stell dir eine Getr\u00e4nkedose vor:<\/p>\n<ul data-start=\"957\" data-end=\"1106\">\n<li data-start=\"957\" data-end=\"992\">\n<p data-start=\"959\" data-end=\"992\">Der Deckel ist dein Zwerchfell,<\/p>\n<\/li>\n<li data-start=\"993\" data-end=\"1024\">\n<p data-start=\"995\" data-end=\"1024\">der Boden dein Beckenboden,<\/p>\n<\/li>\n<li data-start=\"1025\" data-end=\"1106\">\n<p data-start=\"1027\" data-end=\"1106\">die Seiten deine tiefen Bauchmuskeln und der Multifidus (tiefer R\u00fcckenmuskeln).<\/p>\n<\/li>\n<\/ul>\n<p data-start=\"1108\" data-end=\"1601\">Wenn diese Elemente zusammenwirken, erzeugen sie stabilisierenden Druck von innen, halten die Wirbels\u00e4ule aufrecht, das Becken ausbalanciert und erm\u00f6glichen effiziente Bewegungen deiner Gliedma\u00dfen. Funktioniert dieses System nur unzureichend \u2013 durch falsches Atmen oder ein schwaches Zwerchfell \u2013 leidet Haltung, Kraftfluss und letztlich deine Effizienz auf dem Bike. Kleine Verschiebungen summieren sich \u00fcber lange Einheiten: Leistungsverlust, Nackenverspannung, ein Ziehen im unteren R\u00fccken.<\/p>\n<hr data-start=\"1603\" data-end=\"1606\" \/>\n<h2 data-start=\"1608\" data-end=\"1644\"><strong data-start=\"1611\" data-end=\"1644\">Atmung und Leistungsf\u00e4higkeit<\/strong><\/h2>\n<p data-start=\"1646\" data-end=\"1992\">Bei intensiven Belastungen \u2013 wie Anstiegen oder Sprints \u2013 atmen viele Menschen pl\u00f6tzlich flach nur noch \u00fcber die Brust. Dadurch kommt das Zwerchfell nicht mehr zum Einsatz. Folge: Schultern heben sich, Nacken und Atemhilfsmuskeln \u00fcbernehmen. Das belastet das System insgesamt und verursacht Erm\u00fcdung \u2013 nicht nur lokal, sondern im gesamten K\u00f6rper.<\/p>\n<p data-start=\"1994\" data-end=\"2205\">Ein schlecht arbeitendes Zwerchfell beeintr\u00e4chtigt zudem die Sauerstoffaufnahme. Atemrhythmus und Gasaustausch leiden \u2013 was zu erh\u00f6htem Puls, subjektiv h\u00f6herem Belastungsempfinden und reduzierter Ausdauer f\u00fchrt.<\/p>\n<hr data-start=\"2207\" data-end=\"2210\" \/>\n<h2 data-start=\"2212\" data-end=\"2261\"><strong data-start=\"2215\" data-end=\"2261\">Zusammenhang: Haltung \u2013 Energie \u2013 Erm\u00fcdung<\/strong><\/h2>\n<p data-start=\"2263\" data-end=\"2549\">Schlechte Haltung entsteht oft durch Atemfehler. Wenn das Zwerchfell nicht stabil wirkt, \u00fcbernimmt die Muskulatur oberfl\u00e4chlich \u2013 und erm\u00fcdet schneller. Das f\u00fchrt zu Hohlkreuz, Rundr\u00fccken oder Nackenverspannung. Eine fatale Spirale: schlechte Haltung \u2192 weniger Kraft \u2192 fr\u00fcheres Erm\u00fcden.<\/p>\n<p data-start=\"2551\" data-end=\"2783\">Aber es funktioniert auch umgekehrt: Wer das Atmen verbessert, unterst\u00fctzt die Haltung. Wer bessere Haltung hat, kann die Energie effizienter auf die Beine \u00fcbertragen. Das Resultat: mehr Leistung, l\u00e4ngere Ausdauer, weniger Spannung.<\/p>\n<hr data-start=\"2785\" data-end=\"2788\" \/>\n<h2 data-start=\"2790\" data-end=\"2841\"><strong data-start=\"2793\" data-end=\"2841\">Zwerchfelltraining \u2013 so einfach kann es sein<\/strong><\/h2>\n<p data-start=\"2843\" data-end=\"2941\">Dieses Muskel l\u00e4sst sich wie jeder andere trainieren \u2013 unkompliziert, ohne Technik oder Zeitdruck.<\/p>\n<h3 data-start=\"2943\" data-end=\"2970\"><strong data-start=\"2947\" data-end=\"2970\">\u00dcbung 1: Liege\u00fcbung<\/strong><\/h3>\n<ul data-start=\"2971\" data-end=\"3385\">\n<li data-start=\"2971\" data-end=\"3037\">\n<p data-start=\"2973\" data-end=\"3037\">Leg dich flach auf den R\u00fccken, Beine angewinkelt, F\u00fc\u00dfe am Boden.<\/p>\n<\/li>\n<li data-start=\"3038\" data-end=\"3076\">\n<p data-start=\"3040\" data-end=\"3076\">Eine Hand auf Brust, eine auf Bauch.<\/p>\n<\/li>\n<li data-start=\"3077\" data-end=\"3181\">\n<p data-start=\"3079\" data-end=\"3181\">Atme durch die Nase ein: Der Bauch hebt sich, die unteren Rippen weiten sich \u2013 die Brust bleibt ruhig.<\/p>\n<\/li>\n<li data-start=\"3182\" data-end=\"3286\">\n<p data-start=\"3184\" data-end=\"3286\">Atme langsam durch gespitzte Lippen aus (\u201eKerze ausblasen\u201c). Bauch und Rippen bewegen sich nach innen.<\/p>\n<\/li>\n<li data-start=\"3287\" data-end=\"3385\">\n<p data-start=\"3289\" data-end=\"3385\">\u00dcbung beliebig in R\u00fcckenlage, Bauch- oder Sitzposition (z.\u202fB. im Crocodile-Breathing) ausf\u00fchren.<\/p>\n<\/li>\n<\/ul>\n<h3 data-start=\"3387\" data-end=\"3417\"><strong data-start=\"3391\" data-end=\"3417\">\u00dcbung 2: <a href=\"https:\/\/www.zeit.de\/news\/2021-04\/21\/auftrag-zum-entspannen-warum-atemtraining-stress-abbaut\">Box Breathing<\/a><\/strong><\/h3>\n<ul data-start=\"3418\" data-end=\"3538\">\n<li data-start=\"3418\" data-end=\"3538\">\n<p data-start=\"3420\" data-end=\"3538\">Einatmen vier Sekunden, Atem halten vier, Ausatmen vier, erneut halten vier. Wiederholen. Ruhig, regelm\u00e4\u00dfig, effektiv.<\/p>\n<\/li>\n<\/ul>\n<h3 data-start=\"3540\" data-end=\"3574\"><strong data-start=\"3544\" data-end=\"3574\">\u00dcbung 3: Bewegung + Atmung<\/strong><\/h3>\n<ul data-start=\"3575\" data-end=\"3750\">\n<li data-start=\"3575\" data-end=\"3657\">\n<p data-start=\"3577\" data-end=\"3657\">Bewegungs\u00fcbungen wie <strong data-start=\"3598\" data-end=\"3610\">Dead Bug<\/strong> und <strong data-start=\"3615\" data-end=\"3627\">Bird-Dog<\/strong> bewusst mit Ausatmung nutzen.<\/p>\n<\/li>\n<li data-start=\"3658\" data-end=\"3750\">\n<p data-start=\"3660\" data-end=\"3750\">Atmung in Yoga-, Kraft- oder Mobilit\u00e4tstraining einbauen. Bewusst statt automatisch atmen.<\/p>\n<\/li>\n<\/ul>\n<hr data-start=\"3752\" data-end=\"3755\" \/>\n<h2 data-start=\"3757\" data-end=\"3783\"><strong data-start=\"3760\" data-end=\"3783\">Effekte auf dem Rad<\/strong><\/h2>\n<p data-start=\"3785\" data-end=\"4067\">Erste Verbesserungen: weniger Spannung in Nacken\/Schultern, Core f\u00fchlbarer stabil, Atmung effizienter. Kletterabschnitte wirken weniger hektisch, lange Ausfahrten erm\u00fcden weniger, deine Haltung bleibt l\u00e4nger stabil. So wirst du insgesamt effizienter \u2013 und sparst Energie, die z\u00e4hlt.<\/p>\n<hr data-start=\"4069\" data-end=\"4072\" \/>\n<h2 data-start=\"4074\" data-end=\"4086\"><strong data-start=\"4077\" data-end=\"4086\">Fazit<\/strong><\/h2>\n<p data-start=\"4087\" data-end=\"4451\">In einem Sport, der kleinste Optimierungen liebst, kann der Unterschied durch besseres Atmen enorm sein. Technik, Pulley oder Sattelposition: alles gut. Aber das Einzige, das du immer mit dir tr\u00e4gst \u2013 dein Atem \u2013 kann dir helfen, st\u00e4rker, ausdauernder und entspannter zu fahren. Dein Zwerchfell lohnt mehr Aufmerksamkeit, als du ihm vielleicht bisher gegeben hast.<\/p>\n","protected":false},"excerpt":{"rendered":"<p>Stell dir eine Frage: Wenn du an deine K\u00f6rpermitte (Core) denkst \u2013 welche Muskeln kommen dir in den Sinn? Wenn [&hellip;]<\/p>\n","protected":false},"author":115,"featured_media":11895,"comment_status":"open","ping_status":"open","sticky":false,"template":"","format":"standard","meta":{"footnotes":""},"categories":[1],"tags":[],"global-categories":[19],"class_list":["post-11900","post","type-post","status-publish","format-standard","has-post-thumbnail","hentry","category-allgemein","global-categories-cycling"],"yoast_head":"<!-- This site is optimized with the Yoast SEO Premium plugin v25.3 (Yoast SEO v25.9) - https:\/\/yoast.com\/wordpress\/plugins\/seo\/ -->\n<title>Zwerchfell: Der am meisten untersch\u00e4tzte Core-Muskel - \u0160koda We Love Cycling - Deutschland<\/title>\n<meta name=\"description\" content=\"Wusstest du, dass das Zwerchfell der Schl\u00fcssel f\u00fcr mehr Leistung auf dem Rad ist? Erfahre, wie richtige Atemtechnik Haltung stabilisiert, Erm\u00fcdung reduziert und deine Power beim Radfahren verbessert.\" \/>\n<meta name=\"robots\" content=\"index, follow, max-snippet:-1, max-image-preview:large, max-video-preview:-1\" \/>\n<link rel=\"canonical\" href=\"https:\/\/www.welovecycling.com\/de\/2025\/08\/05\/zwerchfell-der-am-meisten-unterschaetzte-core-muskel\/\" \/>\n<meta property=\"og:locale\" content=\"de_DE\" \/>\n<meta property=\"og:type\" content=\"article\" \/>\n<meta property=\"og:title\" content=\"Zwerchfell: Der am meisten untersch\u00e4tzte Core-Muskel\" \/>\n<meta property=\"og:description\" content=\"Wusstest du, dass das Zwerchfell der Schl\u00fcssel f\u00fcr mehr Leistung auf dem Rad ist? Erfahre, wie richtige Atemtechnik Haltung stabilisiert, Erm\u00fcdung reduziert und deine Power beim Radfahren verbessert.\" \/>\n<meta property=\"og:url\" content=\"https:\/\/www.welovecycling.com\/de\/2025\/08\/05\/zwerchfell-der-am-meisten-unterschaetzte-core-muskel\/\" \/>\n<meta property=\"og:site_name\" content=\"\u0160koda We Love Cycling - Deutschland\" \/>\n<meta property=\"article:published_time\" content=\"2025-08-05T09:39:36+00:00\" \/>\n<meta property=\"article:modified_time\" content=\"2025-08-06T09:39:43+00:00\" \/>\n<meta property=\"og:image\" content=\"https:\/\/d2p6e6u75xmxt8.cloudfront.net\/10\/2025\/08\/Diaphragm.webp\" \/>\n\t<meta property=\"og:image:width\" content=\"987\" \/>\n\t<meta property=\"og:image:height\" content=\"656\" \/>\n\t<meta property=\"og:image:type\" content=\"image\/webp\" \/>\n<meta name=\"author\" content=\"jbraeker\" \/>\n<meta name=\"twitter:card\" content=\"summary_large_image\" \/>\n<meta name=\"twitter:label1\" content=\"Written by\" \/>\n\t<meta name=\"twitter:data1\" content=\"Megan Flottorp\" \/>\n\t<meta name=\"twitter:label2\" content=\"Est. reading time\" \/>\n\t<meta name=\"twitter:data2\" content=\"4\" \/>\n<script type=\"application\/ld+json\" class=\"yoast-schema-graph\">{\"@context\":\"https:\/\/schema.org\",\"@graph\":[{\"@type\":\"WebPage\",\"@id\":\"https:\/\/www.welovecycling.com\/de\/2025\/08\/05\/zwerchfell-der-am-meisten-unterschaetzte-core-muskel\/\",\"url\":\"https:\/\/www.welovecycling.com\/de\/2025\/08\/05\/zwerchfell-der-am-meisten-unterschaetzte-core-muskel\/\",\"name\":\"Zwerchfell: Der am meisten untersch\u00e4tzte Core-Muskel - \u0160koda We Love Cycling - Deutschland\",\"isPartOf\":{\"@id\":\"https:\/\/www.welovecycling.com\/de\/#website\"},\"primaryImageOfPage\":{\"@id\":\"https:\/\/www.welovecycling.com\/de\/2025\/08\/05\/zwerchfell-der-am-meisten-unterschaetzte-core-muskel\/#primaryimage\"},\"image\":{\"@id\":\"https:\/\/www.welovecycling.com\/de\/2025\/08\/05\/zwerchfell-der-am-meisten-unterschaetzte-core-muskel\/#primaryimage\"},\"thumbnailUrl\":\"https:\/\/d2p6e6u75xmxt8.cloudfront.net\/10\/2025\/08\/Diaphragm.webp\",\"datePublished\":\"2025-08-05T09:39:36+00:00\",\"dateModified\":\"2025-08-06T09:39:43+00:00\",\"author\":{\"@id\":\"https:\/\/www.welovecycling.com\/de\/#\/schema\/person\/915694b3c8d0de9019932587781ba6b3\"},\"description\":\"Wusstest du, dass das Zwerchfell der Schl\u00fcssel f\u00fcr mehr Leistung auf dem Rad ist? Erfahre, wie richtige Atemtechnik Haltung stabilisiert, Erm\u00fcdung reduziert und deine Power beim Radfahren verbessert.\",\"breadcrumb\":{\"@id\":\"https:\/\/www.welovecycling.com\/de\/2025\/08\/05\/zwerchfell-der-am-meisten-unterschaetzte-core-muskel\/#breadcrumb\"},\"inLanguage\":\"de-DE\",\"potentialAction\":[{\"@type\":\"ReadAction\",\"target\":[\"https:\/\/www.welovecycling.com\/de\/2025\/08\/05\/zwerchfell-der-am-meisten-unterschaetzte-core-muskel\/\"]}]},{\"@type\":\"ImageObject\",\"inLanguage\":\"de-DE\",\"@id\":\"https:\/\/www.welovecycling.com\/de\/2025\/08\/05\/zwerchfell-der-am-meisten-unterschaetzte-core-muskel\/#primaryimage\",\"url\":\"https:\/\/d2p6e6u75xmxt8.cloudfront.net\/10\/2025\/08\/Diaphragm.webp\",\"contentUrl\":\"https:\/\/d2p6e6u75xmxt8.cloudfront.net\/10\/2025\/08\/Diaphragm.webp\",\"width\":987,\"height\":656},{\"@type\":\"BreadcrumbList\",\"@id\":\"https:\/\/www.welovecycling.com\/de\/2025\/08\/05\/zwerchfell-der-am-meisten-unterschaetzte-core-muskel\/#breadcrumb\",\"itemListElement\":[{\"@type\":\"ListItem\",\"position\":1,\"name\":\"Home\",\"item\":\"https:\/\/www.welovecycling.com\/de\/\"},{\"@type\":\"ListItem\",\"position\":2,\"name\":\"Zwerchfell: Der am meisten untersch\u00e4tzte Core-Muskel\"}]},{\"@type\":\"WebSite\",\"@id\":\"https:\/\/www.welovecycling.com\/de\/#website\",\"url\":\"https:\/\/www.welovecycling.com\/de\/\",\"name\":\"\u0160koda We Love Cycling - Deutschland\",\"description\":\"Just another \u0160koda WeLoveCycling Sites site\",\"potentialAction\":[{\"@type\":\"SearchAction\",\"target\":{\"@type\":\"EntryPoint\",\"urlTemplate\":\"https:\/\/www.welovecycling.com\/de\/?s={search_term_string}\"},\"query-input\":{\"@type\":\"PropertyValueSpecification\",\"valueRequired\":true,\"valueName\":\"search_term_string\"}}],\"inLanguage\":\"de-DE\"},{\"@type\":\"Person\",\"@id\":\"https:\/\/www.welovecycling.com\/de\/#\/schema\/person\/915694b3c8d0de9019932587781ba6b3\",\"name\":\"jbraeker\",\"image\":{\"@type\":\"ImageObject\",\"inLanguage\":\"de-DE\",\"@id\":\"https:\/\/www.welovecycling.com\/de\/#\/schema\/person\/image\/\",\"url\":\"https:\/\/secure.gravatar.com\/avatar\/8b4aea90e4535aae30b5b720249e5b723ae59fcf3d54757dd8b748d97b46d3c9?s=96&d=mm&r=g\",\"contentUrl\":\"https:\/\/secure.gravatar.com\/avatar\/8b4aea90e4535aae30b5b720249e5b723ae59fcf3d54757dd8b748d97b46d3c9?s=96&d=mm&r=g\",\"caption\":\"jbraeker\"},\"url\":\"https:\/\/www.welovecycling.com\/de\/author\/jbraeker\/\"}]}<\/script>\n<!-- \/ Yoast SEO Premium plugin. -->","yoast_head_json":{"title":"Zwerchfell: Der am meisten untersch\u00e4tzte Core-Muskel - \u0160koda We Love Cycling - Deutschland","description":"Wusstest du, dass das Zwerchfell der Schl\u00fcssel f\u00fcr mehr Leistung auf dem Rad ist? Erfahre, wie richtige Atemtechnik Haltung stabilisiert, Erm\u00fcdung reduziert und deine Power beim Radfahren verbessert.","robots":{"index":"index","follow":"follow","max-snippet":"max-snippet:-1","max-image-preview":"max-image-preview:large","max-video-preview":"max-video-preview:-1"},"canonical":"https:\/\/www.welovecycling.com\/de\/2025\/08\/05\/zwerchfell-der-am-meisten-unterschaetzte-core-muskel\/","og_locale":"de_DE","og_type":"article","og_title":"Zwerchfell: Der am meisten untersch\u00e4tzte Core-Muskel","og_description":"Wusstest du, dass das Zwerchfell der Schl\u00fcssel f\u00fcr mehr Leistung auf dem Rad ist? Erfahre, wie richtige Atemtechnik Haltung stabilisiert, Erm\u00fcdung reduziert und deine Power beim Radfahren verbessert.","og_url":"https:\/\/www.welovecycling.com\/de\/2025\/08\/05\/zwerchfell-der-am-meisten-unterschaetzte-core-muskel\/","og_site_name":"\u0160koda We Love Cycling - Deutschland","article_published_time":"2025-08-05T09:39:36+00:00","article_modified_time":"2025-08-06T09:39:43+00:00","og_image":[{"width":987,"height":656,"url":"https:\/\/d2p6e6u75xmxt8.cloudfront.net\/10\/2025\/08\/Diaphragm.webp","type":"image\/webp"}],"author":"jbraeker","twitter_card":"summary_large_image","twitter_misc":{"Written by":"Megan Flottorp","Est. reading time":"4"},"schema":{"@context":"https:\/\/schema.org","@graph":[{"@type":"WebPage","@id":"https:\/\/www.welovecycling.com\/de\/2025\/08\/05\/zwerchfell-der-am-meisten-unterschaetzte-core-muskel\/","url":"https:\/\/www.welovecycling.com\/de\/2025\/08\/05\/zwerchfell-der-am-meisten-unterschaetzte-core-muskel\/","name":"Zwerchfell: Der am meisten untersch\u00e4tzte Core-Muskel - \u0160koda We Love Cycling - Deutschland","isPartOf":{"@id":"https:\/\/www.welovecycling.com\/de\/#website"},"primaryImageOfPage":{"@id":"https:\/\/www.welovecycling.com\/de\/2025\/08\/05\/zwerchfell-der-am-meisten-unterschaetzte-core-muskel\/#primaryimage"},"image":{"@id":"https:\/\/www.welovecycling.com\/de\/2025\/08\/05\/zwerchfell-der-am-meisten-unterschaetzte-core-muskel\/#primaryimage"},"thumbnailUrl":"https:\/\/d2p6e6u75xmxt8.cloudfront.net\/10\/2025\/08\/Diaphragm.webp","datePublished":"2025-08-05T09:39:36+00:00","dateModified":"2025-08-06T09:39:43+00:00","author":{"@id":"https:\/\/www.welovecycling.com\/de\/#\/schema\/person\/915694b3c8d0de9019932587781ba6b3"},"description":"Wusstest du, dass das Zwerchfell der Schl\u00fcssel f\u00fcr mehr Leistung auf dem Rad ist? Erfahre, wie richtige Atemtechnik Haltung stabilisiert, Erm\u00fcdung reduziert und deine Power beim Radfahren verbessert.","breadcrumb":{"@id":"https:\/\/www.welovecycling.com\/de\/2025\/08\/05\/zwerchfell-der-am-meisten-unterschaetzte-core-muskel\/#breadcrumb"},"inLanguage":"de-DE","potentialAction":[{"@type":"ReadAction","target":["https:\/\/www.welovecycling.com\/de\/2025\/08\/05\/zwerchfell-der-am-meisten-unterschaetzte-core-muskel\/"]}]},{"@type":"ImageObject","inLanguage":"de-DE","@id":"https:\/\/www.welovecycling.com\/de\/2025\/08\/05\/zwerchfell-der-am-meisten-unterschaetzte-core-muskel\/#primaryimage","url":"https:\/\/d2p6e6u75xmxt8.cloudfront.net\/10\/2025\/08\/Diaphragm.webp","contentUrl":"https:\/\/d2p6e6u75xmxt8.cloudfront.net\/10\/2025\/08\/Diaphragm.webp","width":987,"height":656},{"@type":"BreadcrumbList","@id":"https:\/\/www.welovecycling.com\/de\/2025\/08\/05\/zwerchfell-der-am-meisten-unterschaetzte-core-muskel\/#breadcrumb","itemListElement":[{"@type":"ListItem","position":1,"name":"Home","item":"https:\/\/www.welovecycling.com\/de\/"},{"@type":"ListItem","position":2,"name":"Zwerchfell: Der am meisten untersch\u00e4tzte Core-Muskel"}]},{"@type":"WebSite","@id":"https:\/\/www.welovecycling.com\/de\/#website","url":"https:\/\/www.welovecycling.com\/de\/","name":"\u0160koda We Love Cycling - Deutschland","description":"Just another \u0160koda WeLoveCycling Sites site","potentialAction":[{"@type":"SearchAction","target":{"@type":"EntryPoint","urlTemplate":"https:\/\/www.welovecycling.com\/de\/?s={search_term_string}"},"query-input":{"@type":"PropertyValueSpecification","valueRequired":true,"valueName":"search_term_string"}}],"inLanguage":"de-DE"},{"@type":"Person","@id":"https:\/\/www.welovecycling.com\/de\/#\/schema\/person\/915694b3c8d0de9019932587781ba6b3","name":"jbraeker","image":{"@type":"ImageObject","inLanguage":"de-DE","@id":"https:\/\/www.welovecycling.com\/de\/#\/schema\/person\/image\/","url":"https:\/\/secure.gravatar.com\/avatar\/8b4aea90e4535aae30b5b720249e5b723ae59fcf3d54757dd8b748d97b46d3c9?s=96&d=mm&r=g","contentUrl":"https:\/\/secure.gravatar.com\/avatar\/8b4aea90e4535aae30b5b720249e5b723ae59fcf3d54757dd8b748d97b46d3c9?s=96&d=mm&r=g","caption":"jbraeker"},"url":"https:\/\/www.welovecycling.com\/de\/author\/jbraeker\/"}]}},"_links":{"self":[{"href":"https:\/\/www.welovecycling.com\/de\/wp-json\/wp\/v2\/posts\/11900","targetHints":{"allow":["GET"]}}],"collection":[{"href":"https:\/\/www.welovecycling.com\/de\/wp-json\/wp\/v2\/posts"}],"about":[{"href":"https:\/\/www.welovecycling.com\/de\/wp-json\/wp\/v2\/types\/post"}],"author":[{"embeddable":true,"href":"https:\/\/www.welovecycling.com\/de\/wp-json\/wp\/v2\/users\/115"}],"replies":[{"embeddable":true,"href":"https:\/\/www.welovecycling.com\/de\/wp-json\/wp\/v2\/comments?post=11900"}],"version-history":[{"count":1,"href":"https:\/\/www.welovecycling.com\/de\/wp-json\/wp\/v2\/posts\/11900\/revisions"}],"predecessor-version":[{"id":11901,"href":"https:\/\/www.welovecycling.com\/de\/wp-json\/wp\/v2\/posts\/11900\/revisions\/11901"}],"wp:featuredmedia":[{"embeddable":true,"href":"https:\/\/www.welovecycling.com\/de\/wp-json\/wp\/v2\/media\/11895"}],"wp:attachment":[{"href":"https:\/\/www.welovecycling.com\/de\/wp-json\/wp\/v2\/media?parent=11900"}],"wp:term":[{"taxonomy":"category","embeddable":true,"href":"https:\/\/www.welovecycling.com\/de\/wp-json\/wp\/v2\/categories?post=11900"},{"taxonomy":"post_tag","embeddable":true,"href":"https:\/\/www.welovecycling.com\/de\/wp-json\/wp\/v2\/tags?post=11900"},{"taxonomy":"global-categories","embeddable":true,"href":"https:\/\/www.welovecycling.com\/de\/wp-json\/wp\/v2\/global-categories?post=11900"}],"curies":[{"name":"wp","href":"https:\/\/api.w.org\/{rel}","templated":true}]}}