{"id":11885,"date":"2025-08-05T11:16:46","date_gmt":"2025-08-05T10:16:46","guid":{"rendered":"https:\/\/www.welovecycling.com\/de\/?p=11885"},"modified":"2025-08-06T12:17:01","modified_gmt":"2025-08-06T11:17:01","slug":"die-ferrand-prevot-wirkung-wie-ihre-glanzleistung-den-radsport-veraendern-wird","status":"publish","type":"post","link":"https:\/\/www.welovecycling.com\/de\/2025\/08\/05\/die-ferrand-prevot-wirkung-wie-ihre-glanzleistung-den-radsport-veraendern-wird\/","title":{"rendered":"Die Ferrand-Pr\u00e9vot-Wirkung: Wie ihre Glanzleistung den Radsport ver\u00e4ndern wird"},"content":{"rendered":"<p data-start=\"526\" data-end=\"812\">Pauline Ferrand-Pr\u00e9vots dominanter Sieg bei der Tour de France Femmes avec Zwift (TdFFaZ) 2025 \u2013 und vor allem, <em data-start=\"638\" data-end=\"643\">wie<\/em> sie gewonnen hat, mit einer Machtdemonstration am Col de la Madeleine und einem weiteren Alleingang am Tag darauf \u2013 wird sp\u00fcrbare Auswirkungen auf den Radsport haben.<\/p>\n<p data-start=\"814\" data-end=\"1362\">Vor allem in Frankreich, denn die TdFFaZ war diesmal ein fast durch und durch franz\u00f6sischer Erfolg: Vier der neun Etappen gingen an franz\u00f6sische Fahrerinnen, drei Franz\u00f6sinnen landeten in den Top 10 der Gesamtwertung. Frankreich hat seit 1989 auf einen Tour-de-France-Gesamtsieg gewartet \u2013 und wird nun hoffentlich die Fr\u00fcchte ernten. Wer am Wochenende die jubelnden Menschenmengen am Streckenrand gesehen hat, vor allem am Sonntag, als zehntausende Fans Plakate mit Ferrand-Pr\u00e9vots Namen schwenkten, versteht, was ihr Sieg f\u00fcr das Land bedeutet.<\/p>\n<p data-start=\"1364\" data-end=\"1673\">Endlich hat Frankreich wieder eine Radsportlerin, die das gr\u00f6\u00dfte Sportereignis des Landes so dominiert wie <a href=\"https:\/\/www.welovecycling.com\/de\/2025\/07\/27\/pogacar-gewinnt-die-tour-de-france-eine-demonstration-unerschuetterlicher-dominanz\/\">Tadej Poga\u010dar<\/a> die M\u00e4nnertour. Man stelle sich all die jungen M\u00e4dchen vor, die Pauline dabei zugesehen haben, wie sie den Col de la Madeleine hochgeflogen ist \u2013 und dachten: \u201eDas will ich auch machen.\u201c<\/p>\n<p data-start=\"1675\" data-end=\"2040\">Franz\u00f6sische Radsportfans hatten seit Bernard Hinault vor 40 Jahren keinen echten Idol mehr. Jetzt haben sie eins. Kinder und Jugendliche werden ihre Eltern um ein Fahrrad bitten, werden anfangen zu trainieren und Rennen zu fahren. Das wird sich positiv auf die Zahl der Amateur-Rennen f\u00fcr Nachwuchsfahrerinnen und -fahrer auswirken \u2013 an denen es derzeit mangelt.<\/p>\n<p data-start=\"2042\" data-end=\"2340\">Ironischerweise hat Ferrand-Pr\u00e9vots <a href=\"https:\/\/www.msn.com\/en-us\/health\/fitness-and-exercise\/4kg-the-weight-of-a-double-standard-pauline-ferrand-pr%C3%A9vot-climbed-into-history-and-all-we-talked-about-was-her-body\/ar-AA1JU5p7?ocid=msedgdhp&amp;pc=U531&amp;cvid=7b007213c35f453391ff885c4ad48f5d&amp;ei=55\">Aussehen<\/a> teils f\u00fcr Schlagzeilen gesorgt: Sie sei \u201ezu d\u00fcnn\u201c, das \u201esei nicht gesund\u201c, sie sei \u201ekein gutes Vorbild f\u00fcr junge M\u00e4dchen\u201c. Dabei ist ihre k\u00f6rperliche Form das Ergebnis harter Arbeit und konsequenter Vorbereitung \u2013 mit einem Ziel: die Tour zu gewinnen.<\/p>\n<p data-start=\"2342\" data-end=\"2893\">\u201eEs ist mein Job, die Beste zu sein\u201c, sagte Ferrand-Pr\u00e9vot. \u201eWir wissen, dass das ein Ausdauersport ist \u2013 und zum Klettern braucht man Watt pro Kilo. Ich habe mich daf\u00fcr entschieden und hart gearbeitet.\u201c Das sei kein Lifestyle gewesen, sondern ein kontrolliertes Programm, um das wichtigste Rennen der Welt zu gewinnen. \u201eIch will nicht so bleiben\u201c, f\u00fcgte sie hinzu. \u201eAber wir hatten mit dem Ern\u00e4hrungsberater der Mannschaft einen guten Plan, alles war unter Kontrolle. Ich habe nichts Extremes gemacht \u2013 und hatte nach neun Tagen Rennen noch Power.\u201c<\/p>\n<blockquote class=\"instagram-media\" style=\"background: #FFF; border: 0; border-radius: 3px; box-shadow: 0 0 1px 0 rgba(0,0,0,0.5),0 1px 10px 0 rgba(0,0,0,0.15); margin: 1px; max-width: 540px; min-width: 326px; padding: 0; width: calc(100% - 2px);\" data-instgrm-captioned=\"\" data-instgrm-permalink=\"https:\/\/www.instagram.com\/reel\/DM73jeeoT8a\/?utm_source=ig_embed&amp;utm_campaign=loading\" data-instgrm-version=\"14\">\n<div style=\"padding: 16px;\">\n<p>&nbsp;<\/p>\n<div style=\"display: flex; flex-direction: row; align-items: center;\">\n<div style=\"background-color: #f4f4f4; border-radius: 50%; flex-grow: 0; height: 40px; margin-right: 14px; width: 40px;\"><\/div>\n<div style=\"display: flex; flex-direction: column; flex-grow: 1; justify-content: center;\">\n<div style=\"background-color: #f4f4f4; border-radius: 4px; flex-grow: 0; height: 14px; margin-bottom: 6px; width: 100px;\"><\/div>\n<div style=\"background-color: #f4f4f4; border-radius: 4px; flex-grow: 0; height: 14px; width: 60px;\"><\/div>\n<\/div>\n<\/div>\n<div style=\"padding: 19% 0;\"><\/div>\n<div style=\"display: block; height: 50px; margin: 0 auto 12px; width: 50px;\"><\/div>\n<div style=\"padding-top: 8px;\">\n<div style=\"color: #3897f0; font-family: Arial,sans-serif; font-size: 14px; font-style: normal; font-weight: 550; line-height: 18px;\">Sieh dir diesen Beitrag auf Instagram an<\/div>\n<\/div>\n<div style=\"padding: 12.5% 0;\"><\/div>\n<div style=\"display: flex; flex-direction: row; margin-bottom: 14px; align-items: center;\">\n<div>\n<div style=\"background-color: #f4f4f4; border-radius: 50%; height: 12.5px; width: 12.5px; transform: translateX(0px) translateY(7px);\"><\/div>\n<div style=\"background-color: #f4f4f4; height: 12.5px; transform: rotate(-45deg) translateX(3px) translateY(1px); width: 12.5px; flex-grow: 0; margin-right: 14px; margin-left: 2px;\"><\/div>\n<div style=\"background-color: #f4f4f4; border-radius: 50%; height: 12.5px; width: 12.5px; transform: translateX(9px) translateY(-18px);\"><\/div>\n<\/div>\n<div style=\"margin-left: 8px;\">\n<div style=\"background-color: #f4f4f4; border-radius: 50%; flex-grow: 0; height: 20px; width: 20px;\"><\/div>\n<div style=\"width: 0; height: 0; border-top: 2px solid transparent; border-left: 6px solid #f4f4f4; border-bottom: 2px solid transparent; transform: translateX(16px) translateY(-4px) rotate(30deg);\"><\/div>\n<\/div>\n<div style=\"margin-left: auto;\">\n<div style=\"width: 0px; border-top: 8px solid #F4F4F4; border-right: 8px solid transparent; transform: translateY(16px);\"><\/div>\n<div style=\"background-color: #f4f4f4; flex-grow: 0; height: 12px; width: 16px; transform: translateY(-4px);\"><\/div>\n<div style=\"width: 0; height: 0; border-top: 8px solid #F4F4F4; border-left: 8px solid transparent; transform: translateY(-4px) translateX(8px);\"><\/div>\n<\/div>\n<\/div>\n<div style=\"display: flex; flex-direction: column; flex-grow: 1; justify-content: center; margin-bottom: 24px;\">\n<div style=\"background-color: #f4f4f4; border-radius: 4px; flex-grow: 0; height: 14px; margin-bottom: 6px; width: 224px;\"><\/div>\n<div style=\"background-color: #f4f4f4; border-radius: 4px; flex-grow: 0; height: 14px; width: 144px;\"><\/div>\n<\/div>\n<p>&nbsp;<\/p>\n<p style=\"color: #c9c8cd; font-family: Arial,sans-serif; font-size: 14px; line-height: 17px; margin-bottom: 0; margin-top: 8px; overflow: hidden; padding: 8px 0 7px; text-align: center; text-overflow: ellipsis; white-space: nowrap;\"><a style=\"color: #c9c8cd; font-family: Arial,sans-serif; font-size: 14px; font-style: normal; font-weight: normal; line-height: 17px; text-decoration: none;\" href=\"https:\/\/www.instagram.com\/reel\/DM73jeeoT8a\/?utm_source=ig_embed&amp;utm_campaign=loading\" target=\"_blank\" rel=\"noopener\">Ein Beitrag geteilt von \u0160koda We Love Cycling (@wlcmagazine)<\/a><\/p>\n<\/div>\n<\/blockquote>\n<p><script async src=\"\/\/www.instagram.com\/embed.js\"><\/script><\/p>\n<p data-start=\"2895\" data-end=\"3363\">Ferrand-Pr\u00e9vot war nicht die einzige Franz\u00f6sin, die f\u00fcr Begeisterung sorgte: Die 23-j\u00e4hrige Ma\u00ebva Squiban gewann zwei Etappen mit beeindruckenden Solo-Ausrei\u00dfversuchen. Ihre Fahrweise und die Souver\u00e4nit\u00e4t, mit der sie das Feld zweimal dominierte, d\u00fcrfte viele M\u00e4dchen inspiriert haben. Dazu kamen starke GC-Ergebnisse von Juliette Labous, C\u00e9drine Kerbaol und \u00c9vita Muzic. Und: Vollering (Platz zwei), Kerbaol und Muzic fahren alle f\u00fcr das franz\u00f6sische Team FDJ\u2013Suez.<\/p>\n<p data-start=\"3365\" data-end=\"3846\">Superstars ziehen neue Fans an \u2013 und Fans ziehen neue Sponsoren an. Das hat Poga\u010dar im M\u00e4nnerradsport gezeigt \u2013 und Ferrand-Pr\u00e9vot wird das auch im Frauenradsport tun. Das ist besonders wichtig, da einige franz\u00f6sische Teams derzeit unter Druck stehen: Talente wie Lenny Martinez (20) wechseln ins Ausland, das Team Ark\u00e9a\u2013B&amp;B Hotels droht ohne Hauptsponsor zu verschwinden, und der talentierte K\u00e9vin Vauquelin (24) d\u00fcrfte bald von einem ausl\u00e4ndischen Top-Team verpflichtet werden.<\/p>\n<p data-start=\"3848\" data-end=\"4071\">Dank Ferrand-Pr\u00e9vot und der anderen starken Franz\u00f6sinnen steht der franz\u00f6sische Radsport nun wieder im Rampenlicht. Deshalb glauben viele: Innerhalb des n\u00e4chsten Jahrzehnts wird auch ein Franzose wieder die Tour gewinnen.<\/p>\n<p data-start=\"4073\" data-end=\"4667\">Aber nicht nur Frankreich war begeistert \u2013 wer das Rennen am Bildschirm verfolgte, konnte sich der Faszination kaum entziehen. Millionen sahen live zu, noch mehr werden sich Wiederholungen anschauen. (Ich pers\u00f6nlich habe Paulines Fahrt auf den Madeleine bereits dreimal angeschaut \u2013 G\u00e4nsehaut jedes Mal.) Sie \u2013 mit Unterst\u00fctzung ihrer Mannschaft \u2013 hat dem Frauenradsport einen gewaltigen Schub gegeben. Es wird mehr Geld, mehr Fahrerinnen, mehr Aufmerksamkeit geben. Und wahrscheinlich auch mehr Frauen, die das Risiko eingehen, als \u201eschlechtes Vorbild\u201c bezeichnet zu werden \u2013 um zu gewinnen.<\/p>\n<p data-start=\"4669\" data-end=\"5006\">Ich gehe davon aus, dass wir im n\u00e4chsten Jahr eine sp\u00fcrbare Leistungssteigerung bei den Grand Tours der Frauen sehen werden \u2013 noch gr\u00f6\u00dfer als 2025. Auch wenn einige Favoritinnen dieses Jahr wegen Krankheit oder Verletzungen aussteigen mussten, war die TdFFaZ f\u00fcr mich das beste Rennen des Jahres \u2013 und das beste Frauenrennen \u00fcberhaupt.<\/p>\n<p data-start=\"5008\" data-end=\"5523\">Ob Ferrand-Pr\u00e9vot n\u00e4chstes Jahr zur\u00fcckkehrt? Sie lie\u00df es offen: \u201eDie Vorbereitung auf die Tour war so hart \u2013 im Moment kann ich mir nicht vorstellen, das nochmal zu machen\u201c, sagte sie nach der letzten Etappe. \u201eVielleicht liegt\u2019s daran, dass ich gerade einfach m\u00fcde bin und eine Pause brauche. Aber es hat sich gelohnt, auch wenn\u2019s extrem anstrengend war. Mehrmals im Jahr k\u00f6nnte ich das nicht machen. Es ist so viel Verzicht. Aber ich habe noch zwei Jahre Vertrag \u2013 und ich liebe, was ich tue. Es ist mein Leben.\u201c<\/p>\n<p data-start=\"5525\" data-end=\"5980\">Ferrand-Pr\u00e9vot beeindruckte nicht nur sportlich, sondern auch mit ihrer reflektierten, offenen Art. Was sie sagte, war ehrlich und klug \u2013 kein austauschbares PR-Gefasel, wie man es oft von m\u00e4nnlichen Profis kennt. Und: Kein Mann wird f\u00fcr sein Aussehen oder seine Trainingsmethoden kritisiert. Hoffen wir, dass ihre ruhige, sachliche Antwort auf die Kritik manche Stimmen zum Schweigen bringt, die erfolgreiche Frauen gern auf \u00c4u\u00dferlichkeiten reduzieren.<\/p>\n<p data-start=\"5982\" data-end=\"6074\">Sie ist das perfekte Vorbild f\u00fcr die n\u00e4chste Generation \u2013 egal, ob weiblich oder m\u00e4nnlich.<\/p>\n<p data-start=\"6076\" data-end=\"6153\">Also los, Pauline. Mach\u2019s n\u00e4chstes Jahr nochmal. Der Radsport braucht dich.<\/p>\n","protected":false},"excerpt":{"rendered":"<p>Pauline Ferrand-Pr\u00e9vots dominanter Sieg bei der Tour de France Femmes avec Zwift (TdFFaZ) 2025 \u2013 und vor allem, wie sie [&hellip;]<\/p>\n","protected":false},"author":115,"featured_media":11886,"comment_status":"open","ping_status":"open","sticky":false,"template":"","format":"standard","meta":{"footnotes":""},"categories":[1,124],"tags":[],"global-categories":[19],"class_list":["post-11885","post","type-post","status-publish","format-standard","has-post-thumbnail","hentry","category-allgemein","category-tour-de-france-femmes-2025","global-categories-cycling"],"yoast_head":"<!-- This site is optimized with the Yoast SEO Premium plugin v25.3 (Yoast SEO v25.9) - https:\/\/yoast.com\/wordpress\/plugins\/seo\/ -->\n<title>Die Ferrand-Pr\u00e9vot-Wirkung: Wie ihre Glanzleistung den Radsport ver\u00e4ndern wird - \u0160koda We Love Cycling - Deutschland<\/title>\n<meta name=\"description\" content=\"Pauline Ferrand-Pr\u00e9vots \u00fcberragender Sieg bei der Tour de France Femmes 2025 begeistert nicht nur Frankreich, sondern verspricht auch weitreichende Folgen f\u00fcr den Frauenradsport \u2013 von Nachwuchsf\u00f6rderung bis Sponsoreninteresse.\" \/>\n<meta name=\"robots\" content=\"index, follow, max-snippet:-1, max-image-preview:large, max-video-preview:-1\" \/>\n<link rel=\"canonical\" href=\"https:\/\/www.welovecycling.com\/de\/2025\/08\/05\/die-ferrand-prevot-wirkung-wie-ihre-glanzleistung-den-radsport-veraendern-wird\/\" \/>\n<meta property=\"og:locale\" content=\"de_DE\" \/>\n<meta property=\"og:type\" content=\"article\" \/>\n<meta property=\"og:title\" content=\"Die Ferrand-Pr\u00e9vot-Wirkung: Wie ihre Glanzleistung den Radsport ver\u00e4ndern wird\" \/>\n<meta property=\"og:description\" content=\"Pauline Ferrand-Pr\u00e9vots \u00fcberragender Sieg bei der Tour de France Femmes 2025 begeistert nicht nur Frankreich, sondern verspricht auch weitreichende Folgen f\u00fcr den Frauenradsport \u2013 von Nachwuchsf\u00f6rderung bis Sponsoreninteresse.\" \/>\n<meta property=\"og:url\" content=\"https:\/\/www.welovecycling.com\/de\/2025\/08\/05\/die-ferrand-prevot-wirkung-wie-ihre-glanzleistung-den-radsport-veraendern-wird\/\" \/>\n<meta property=\"og:site_name\" content=\"\u0160koda We Love Cycling - Deutschland\" \/>\n<meta property=\"article:published_time\" content=\"2025-08-05T10:16:46+00:00\" \/>\n<meta property=\"article:modified_time\" content=\"2025-08-06T11:17:01+00:00\" \/>\n<meta property=\"og:image\" content=\"https:\/\/d2p6e6u75xmxt8.cloudfront.net\/10\/2025\/08\/ferrand.webp\" \/>\n\t<meta property=\"og:image:width\" content=\"983\" \/>\n\t<meta property=\"og:image:height\" content=\"655\" \/>\n\t<meta property=\"og:image:type\" content=\"image\/webp\" \/>\n<meta name=\"author\" content=\"jbraeker\" \/>\n<meta name=\"twitter:card\" content=\"summary_large_image\" \/>\n<meta name=\"twitter:label1\" content=\"Written by\" \/>\n\t<meta name=\"twitter:data1\" content=\"Siegfried Mortkowitz\" \/>\n\t<meta name=\"twitter:label2\" content=\"Est. reading time\" \/>\n\t<meta name=\"twitter:data2\" content=\"3\" \/>\n<script type=\"application\/ld+json\" class=\"yoast-schema-graph\">{\"@context\":\"https:\/\/schema.org\",\"@graph\":[{\"@type\":\"WebPage\",\"@id\":\"https:\/\/www.welovecycling.com\/de\/2025\/08\/05\/die-ferrand-prevot-wirkung-wie-ihre-glanzleistung-den-radsport-veraendern-wird\/\",\"url\":\"https:\/\/www.welovecycling.com\/de\/2025\/08\/05\/die-ferrand-prevot-wirkung-wie-ihre-glanzleistung-den-radsport-veraendern-wird\/\",\"name\":\"Die Ferrand-Pr\u00e9vot-Wirkung: Wie ihre Glanzleistung den Radsport ver\u00e4ndern wird - \u0160koda We Love Cycling - Deutschland\",\"isPartOf\":{\"@id\":\"https:\/\/www.welovecycling.com\/de\/#website\"},\"primaryImageOfPage\":{\"@id\":\"https:\/\/www.welovecycling.com\/de\/2025\/08\/05\/die-ferrand-prevot-wirkung-wie-ihre-glanzleistung-den-radsport-veraendern-wird\/#primaryimage\"},\"image\":{\"@id\":\"https:\/\/www.welovecycling.com\/de\/2025\/08\/05\/die-ferrand-prevot-wirkung-wie-ihre-glanzleistung-den-radsport-veraendern-wird\/#primaryimage\"},\"thumbnailUrl\":\"https:\/\/d2p6e6u75xmxt8.cloudfront.net\/10\/2025\/08\/ferrand.webp\",\"datePublished\":\"2025-08-05T10:16:46+00:00\",\"dateModified\":\"2025-08-06T11:17:01+00:00\",\"author\":{\"@id\":\"https:\/\/www.welovecycling.com\/de\/#\/schema\/person\/915694b3c8d0de9019932587781ba6b3\"},\"description\":\"Pauline Ferrand-Pr\u00e9vots \u00fcberragender Sieg bei der Tour de France Femmes 2025 begeistert nicht nur Frankreich, sondern verspricht auch weitreichende Folgen f\u00fcr den Frauenradsport \u2013 von Nachwuchsf\u00f6rderung bis Sponsoreninteresse.\",\"breadcrumb\":{\"@id\":\"https:\/\/www.welovecycling.com\/de\/2025\/08\/05\/die-ferrand-prevot-wirkung-wie-ihre-glanzleistung-den-radsport-veraendern-wird\/#breadcrumb\"},\"inLanguage\":\"de-DE\",\"potentialAction\":[{\"@type\":\"ReadAction\",\"target\":[\"https:\/\/www.welovecycling.com\/de\/2025\/08\/05\/die-ferrand-prevot-wirkung-wie-ihre-glanzleistung-den-radsport-veraendern-wird\/\"]}]},{\"@type\":\"ImageObject\",\"inLanguage\":\"de-DE\",\"@id\":\"https:\/\/www.welovecycling.com\/de\/2025\/08\/05\/die-ferrand-prevot-wirkung-wie-ihre-glanzleistung-den-radsport-veraendern-wird\/#primaryimage\",\"url\":\"https:\/\/d2p6e6u75xmxt8.cloudfront.net\/10\/2025\/08\/ferrand.webp\",\"contentUrl\":\"https:\/\/d2p6e6u75xmxt8.cloudfront.net\/10\/2025\/08\/ferrand.webp\",\"width\":983,\"height\":655},{\"@type\":\"BreadcrumbList\",\"@id\":\"https:\/\/www.welovecycling.com\/de\/2025\/08\/05\/die-ferrand-prevot-wirkung-wie-ihre-glanzleistung-den-radsport-veraendern-wird\/#breadcrumb\",\"itemListElement\":[{\"@type\":\"ListItem\",\"position\":1,\"name\":\"Home\",\"item\":\"https:\/\/www.welovecycling.com\/de\/\"},{\"@type\":\"ListItem\",\"position\":2,\"name\":\"Die Ferrand-Pr\u00e9vot-Wirkung: Wie ihre Glanzleistung den Radsport ver\u00e4ndern wird\"}]},{\"@type\":\"WebSite\",\"@id\":\"https:\/\/www.welovecycling.com\/de\/#website\",\"url\":\"https:\/\/www.welovecycling.com\/de\/\",\"name\":\"\u0160koda We Love Cycling - Deutschland\",\"description\":\"Just another \u0160koda WeLoveCycling Sites site\",\"potentialAction\":[{\"@type\":\"SearchAction\",\"target\":{\"@type\":\"EntryPoint\",\"urlTemplate\":\"https:\/\/www.welovecycling.com\/de\/?s={search_term_string}\"},\"query-input\":{\"@type\":\"PropertyValueSpecification\",\"valueRequired\":true,\"valueName\":\"search_term_string\"}}],\"inLanguage\":\"de-DE\"},{\"@type\":\"Person\",\"@id\":\"https:\/\/www.welovecycling.com\/de\/#\/schema\/person\/915694b3c8d0de9019932587781ba6b3\",\"name\":\"jbraeker\",\"image\":{\"@type\":\"ImageObject\",\"inLanguage\":\"de-DE\",\"@id\":\"https:\/\/www.welovecycling.com\/de\/#\/schema\/person\/image\/\",\"url\":\"https:\/\/secure.gravatar.com\/avatar\/8b4aea90e4535aae30b5b720249e5b723ae59fcf3d54757dd8b748d97b46d3c9?s=96&d=mm&r=g\",\"contentUrl\":\"https:\/\/secure.gravatar.com\/avatar\/8b4aea90e4535aae30b5b720249e5b723ae59fcf3d54757dd8b748d97b46d3c9?s=96&d=mm&r=g\",\"caption\":\"jbraeker\"},\"url\":\"https:\/\/www.welovecycling.com\/de\/author\/jbraeker\/\"}]}<\/script>\n<!-- \/ Yoast SEO Premium plugin. -->","yoast_head_json":{"title":"Die Ferrand-Pr\u00e9vot-Wirkung: Wie ihre Glanzleistung den Radsport ver\u00e4ndern wird - \u0160koda We Love Cycling - Deutschland","description":"Pauline Ferrand-Pr\u00e9vots \u00fcberragender Sieg bei der Tour de France Femmes 2025 begeistert nicht nur Frankreich, sondern verspricht auch weitreichende Folgen f\u00fcr den Frauenradsport \u2013 von Nachwuchsf\u00f6rderung bis Sponsoreninteresse.","robots":{"index":"index","follow":"follow","max-snippet":"max-snippet:-1","max-image-preview":"max-image-preview:large","max-video-preview":"max-video-preview:-1"},"canonical":"https:\/\/www.welovecycling.com\/de\/2025\/08\/05\/die-ferrand-prevot-wirkung-wie-ihre-glanzleistung-den-radsport-veraendern-wird\/","og_locale":"de_DE","og_type":"article","og_title":"Die Ferrand-Pr\u00e9vot-Wirkung: Wie ihre Glanzleistung den Radsport ver\u00e4ndern wird","og_description":"Pauline Ferrand-Pr\u00e9vots \u00fcberragender Sieg bei der Tour de France Femmes 2025 begeistert nicht nur Frankreich, sondern verspricht auch weitreichende Folgen f\u00fcr den Frauenradsport \u2013 von Nachwuchsf\u00f6rderung bis Sponsoreninteresse.","og_url":"https:\/\/www.welovecycling.com\/de\/2025\/08\/05\/die-ferrand-prevot-wirkung-wie-ihre-glanzleistung-den-radsport-veraendern-wird\/","og_site_name":"\u0160koda We Love Cycling - Deutschland","article_published_time":"2025-08-05T10:16:46+00:00","article_modified_time":"2025-08-06T11:17:01+00:00","og_image":[{"width":983,"height":655,"url":"https:\/\/d2p6e6u75xmxt8.cloudfront.net\/10\/2025\/08\/ferrand.webp","type":"image\/webp"}],"author":"jbraeker","twitter_card":"summary_large_image","twitter_misc":{"Written by":"Siegfried Mortkowitz","Est. reading time":"3"},"schema":{"@context":"https:\/\/schema.org","@graph":[{"@type":"WebPage","@id":"https:\/\/www.welovecycling.com\/de\/2025\/08\/05\/die-ferrand-prevot-wirkung-wie-ihre-glanzleistung-den-radsport-veraendern-wird\/","url":"https:\/\/www.welovecycling.com\/de\/2025\/08\/05\/die-ferrand-prevot-wirkung-wie-ihre-glanzleistung-den-radsport-veraendern-wird\/","name":"Die Ferrand-Pr\u00e9vot-Wirkung: Wie ihre Glanzleistung den Radsport ver\u00e4ndern wird - \u0160koda We Love Cycling - Deutschland","isPartOf":{"@id":"https:\/\/www.welovecycling.com\/de\/#website"},"primaryImageOfPage":{"@id":"https:\/\/www.welovecycling.com\/de\/2025\/08\/05\/die-ferrand-prevot-wirkung-wie-ihre-glanzleistung-den-radsport-veraendern-wird\/#primaryimage"},"image":{"@id":"https:\/\/www.welovecycling.com\/de\/2025\/08\/05\/die-ferrand-prevot-wirkung-wie-ihre-glanzleistung-den-radsport-veraendern-wird\/#primaryimage"},"thumbnailUrl":"https:\/\/d2p6e6u75xmxt8.cloudfront.net\/10\/2025\/08\/ferrand.webp","datePublished":"2025-08-05T10:16:46+00:00","dateModified":"2025-08-06T11:17:01+00:00","author":{"@id":"https:\/\/www.welovecycling.com\/de\/#\/schema\/person\/915694b3c8d0de9019932587781ba6b3"},"description":"Pauline Ferrand-Pr\u00e9vots \u00fcberragender Sieg bei der Tour de France Femmes 2025 begeistert nicht nur Frankreich, sondern verspricht auch weitreichende Folgen f\u00fcr den Frauenradsport \u2013 von Nachwuchsf\u00f6rderung bis Sponsoreninteresse.","breadcrumb":{"@id":"https:\/\/www.welovecycling.com\/de\/2025\/08\/05\/die-ferrand-prevot-wirkung-wie-ihre-glanzleistung-den-radsport-veraendern-wird\/#breadcrumb"},"inLanguage":"de-DE","potentialAction":[{"@type":"ReadAction","target":["https:\/\/www.welovecycling.com\/de\/2025\/08\/05\/die-ferrand-prevot-wirkung-wie-ihre-glanzleistung-den-radsport-veraendern-wird\/"]}]},{"@type":"ImageObject","inLanguage":"de-DE","@id":"https:\/\/www.welovecycling.com\/de\/2025\/08\/05\/die-ferrand-prevot-wirkung-wie-ihre-glanzleistung-den-radsport-veraendern-wird\/#primaryimage","url":"https:\/\/d2p6e6u75xmxt8.cloudfront.net\/10\/2025\/08\/ferrand.webp","contentUrl":"https:\/\/d2p6e6u75xmxt8.cloudfront.net\/10\/2025\/08\/ferrand.webp","width":983,"height":655},{"@type":"BreadcrumbList","@id":"https:\/\/www.welovecycling.com\/de\/2025\/08\/05\/die-ferrand-prevot-wirkung-wie-ihre-glanzleistung-den-radsport-veraendern-wird\/#breadcrumb","itemListElement":[{"@type":"ListItem","position":1,"name":"Home","item":"https:\/\/www.welovecycling.com\/de\/"},{"@type":"ListItem","position":2,"name":"Die Ferrand-Pr\u00e9vot-Wirkung: Wie ihre Glanzleistung den Radsport ver\u00e4ndern wird"}]},{"@type":"WebSite","@id":"https:\/\/www.welovecycling.com\/de\/#website","url":"https:\/\/www.welovecycling.com\/de\/","name":"\u0160koda We Love Cycling - Deutschland","description":"Just another \u0160koda WeLoveCycling Sites site","potentialAction":[{"@type":"SearchAction","target":{"@type":"EntryPoint","urlTemplate":"https:\/\/www.welovecycling.com\/de\/?s={search_term_string}"},"query-input":{"@type":"PropertyValueSpecification","valueRequired":true,"valueName":"search_term_string"}}],"inLanguage":"de-DE"},{"@type":"Person","@id":"https:\/\/www.welovecycling.com\/de\/#\/schema\/person\/915694b3c8d0de9019932587781ba6b3","name":"jbraeker","image":{"@type":"ImageObject","inLanguage":"de-DE","@id":"https:\/\/www.welovecycling.com\/de\/#\/schema\/person\/image\/","url":"https:\/\/secure.gravatar.com\/avatar\/8b4aea90e4535aae30b5b720249e5b723ae59fcf3d54757dd8b748d97b46d3c9?s=96&d=mm&r=g","contentUrl":"https:\/\/secure.gravatar.com\/avatar\/8b4aea90e4535aae30b5b720249e5b723ae59fcf3d54757dd8b748d97b46d3c9?s=96&d=mm&r=g","caption":"jbraeker"},"url":"https:\/\/www.welovecycling.com\/de\/author\/jbraeker\/"}]}},"_links":{"self":[{"href":"https:\/\/www.welovecycling.com\/de\/wp-json\/wp\/v2\/posts\/11885","targetHints":{"allow":["GET"]}}],"collection":[{"href":"https:\/\/www.welovecycling.com\/de\/wp-json\/wp\/v2\/posts"}],"about":[{"href":"https:\/\/www.welovecycling.com\/de\/wp-json\/wp\/v2\/types\/post"}],"author":[{"embeddable":true,"href":"https:\/\/www.welovecycling.com\/de\/wp-json\/wp\/v2\/users\/115"}],"replies":[{"embeddable":true,"href":"https:\/\/www.welovecycling.com\/de\/wp-json\/wp\/v2\/comments?post=11885"}],"version-history":[{"count":2,"href":"https:\/\/www.welovecycling.com\/de\/wp-json\/wp\/v2\/posts\/11885\/revisions"}],"predecessor-version":[{"id":11905,"href":"https:\/\/www.welovecycling.com\/de\/wp-json\/wp\/v2\/posts\/11885\/revisions\/11905"}],"wp:featuredmedia":[{"embeddable":true,"href":"https:\/\/www.welovecycling.com\/de\/wp-json\/wp\/v2\/media\/11886"}],"wp:attachment":[{"href":"https:\/\/www.welovecycling.com\/de\/wp-json\/wp\/v2\/media?parent=11885"}],"wp:term":[{"taxonomy":"category","embeddable":true,"href":"https:\/\/www.welovecycling.com\/de\/wp-json\/wp\/v2\/categories?post=11885"},{"taxonomy":"post_tag","embeddable":true,"href":"https:\/\/www.welovecycling.com\/de\/wp-json\/wp\/v2\/tags?post=11885"},{"taxonomy":"global-categories","embeddable":true,"href":"https:\/\/www.welovecycling.com\/de\/wp-json\/wp\/v2\/global-categories?post=11885"}],"curies":[{"name":"wp","href":"https:\/\/api.w.org\/{rel}","templated":true}]}}