{"id":11875,"date":"2025-07-30T10:06:41","date_gmt":"2025-07-30T09:06:41","guid":{"rendered":"https:\/\/www.welovecycling.com\/de\/?p=11875"},"modified":"2025-07-30T10:06:41","modified_gmt":"2025-07-30T09:06:41","slug":"lerne-anna-steinerova-kennen-die-schmuckdesignerin-die-armbaender-aus-biniam-girmays-fahrradkette-fertigt","status":"publish","type":"post","link":"https:\/\/www.welovecycling.com\/de\/2025\/07\/30\/lerne-anna-steinerova-kennen-die-schmuckdesignerin-die-armbaender-aus-biniam-girmays-fahrradkette-fertigt\/","title":{"rendered":"Lerne Anna Steinerov\u00e1 kennen \u2013 die Schmuckdesignerin, die Armb\u00e4nder aus Biniam Girmays Fahrradkette fertigt"},"content":{"rendered":"<p data-start=\"242\" data-end=\"722\">Wie aus einem St\u00fcck Fahrradkette ein besonderes Schmuckst\u00fcck wird, zeigt das Projekt rund um die diesj\u00e4hrige Tour-de-France-Verlosung: Unter den Preisen befindet sich ein handgefertigtes Armband, gefertigt aus der Kette des Rads, mit dem Biniam Girmay 2024 das \u0160koda Gr\u00fcne Trikot gewann. Entworfen wurde es von der tschechischen Schmuckdesignerin Anna Steinerov\u00e1. In ihrem Atelier in Prag hat sie uns erz\u00e4hlt, wie es zur Idee kam und welche \u00dcberlegungen hinter dem Design stecken.<\/p>\n<blockquote class=\"instagram-media\" style=\"background: #FFF; border: 0; border-radius: 3px; box-shadow: 0 0 1px 0 rgba(0,0,0,0.5),0 1px 10px 0 rgba(0,0,0,0.15); margin: 1px; max-width: 540px; min-width: 326px; padding: 0; width: calc(100% - 2px);\" data-instgrm-captioned=\"\" data-instgrm-permalink=\"https:\/\/www.instagram.com\/p\/DMXc2e9sUYC\/?utm_source=ig_embed&amp;utm_campaign=loading\" data-instgrm-version=\"14\">\n<div style=\"padding: 16px;\">\n<p>&nbsp;<\/p>\n<div style=\"display: flex; flex-direction: row; align-items: center;\">\n<div style=\"background-color: #f4f4f4; border-radius: 50%; flex-grow: 0; height: 40px; margin-right: 14px; width: 40px;\"><\/div>\n<div style=\"display: flex; flex-direction: column; flex-grow: 1; justify-content: center;\">\n<div style=\"background-color: #f4f4f4; border-radius: 4px; flex-grow: 0; height: 14px; margin-bottom: 6px; width: 100px;\"><\/div>\n<div style=\"background-color: #f4f4f4; border-radius: 4px; flex-grow: 0; height: 14px; width: 60px;\"><\/div>\n<\/div>\n<\/div>\n<div style=\"padding: 19% 0;\"><\/div>\n<div style=\"display: block; height: 50px; margin: 0 auto 12px; width: 50px;\"><\/div>\n<div style=\"padding-top: 8px;\">\n<div style=\"color: #3897f0; font-family: Arial,sans-serif; font-size: 14px; font-style: normal; font-weight: 550; line-height: 18px;\">Sieh dir diesen Beitrag auf Instagram an<\/div>\n<\/div>\n<div style=\"padding: 12.5% 0;\"><\/div>\n<div style=\"display: flex; flex-direction: row; margin-bottom: 14px; align-items: center;\">\n<div>\n<div style=\"background-color: #f4f4f4; border-radius: 50%; height: 12.5px; width: 12.5px; transform: translateX(0px) translateY(7px);\"><\/div>\n<div style=\"background-color: #f4f4f4; height: 12.5px; transform: rotate(-45deg) translateX(3px) translateY(1px); width: 12.5px; flex-grow: 0; margin-right: 14px; margin-left: 2px;\"><\/div>\n<div style=\"background-color: #f4f4f4; border-radius: 50%; height: 12.5px; width: 12.5px; transform: translateX(9px) translateY(-18px);\"><\/div>\n<\/div>\n<div style=\"margin-left: 8px;\">\n<div style=\"background-color: #f4f4f4; border-radius: 50%; flex-grow: 0; height: 20px; width: 20px;\"><\/div>\n<div style=\"width: 0; height: 0; border-top: 2px solid transparent; border-left: 6px solid #f4f4f4; border-bottom: 2px solid transparent; transform: translateX(16px) translateY(-4px) rotate(30deg);\"><\/div>\n<\/div>\n<div style=\"margin-left: auto;\">\n<div style=\"width: 0px; border-top: 8px solid #F4F4F4; border-right: 8px solid transparent; transform: translateY(16px);\"><\/div>\n<div style=\"background-color: #f4f4f4; flex-grow: 0; height: 12px; width: 16px; transform: translateY(-4px);\"><\/div>\n<div style=\"width: 0; height: 0; border-top: 8px solid #F4F4F4; border-left: 8px solid transparent; transform: translateY(-4px) translateX(8px);\"><\/div>\n<\/div>\n<\/div>\n<div style=\"display: flex; flex-direction: column; flex-grow: 1; justify-content: center; margin-bottom: 24px;\">\n<div style=\"background-color: #f4f4f4; border-radius: 4px; flex-grow: 0; height: 14px; margin-bottom: 6px; width: 224px;\"><\/div>\n<div style=\"background-color: #f4f4f4; border-radius: 4px; flex-grow: 0; height: 14px; width: 144px;\"><\/div>\n<\/div>\n<p>&nbsp;<\/p>\n<p style=\"color: #c9c8cd; font-family: Arial,sans-serif; font-size: 14px; line-height: 17px; margin-bottom: 0; margin-top: 8px; overflow: hidden; padding: 8px 0 7px; text-align: center; text-overflow: ellipsis; white-space: nowrap;\"><a style=\"color: #c9c8cd; font-family: Arial,sans-serif; font-size: 14px; font-style: normal; font-weight: normal; line-height: 17px; text-decoration: none;\" href=\"https:\/\/www.instagram.com\/p\/DMXc2e9sUYC\/?utm_source=ig_embed&amp;utm_campaign=loading\" target=\"_blank\" rel=\"noopener\">Ein Beitrag geteilt von We Love Cycling (@welovecycling.de)<\/a><\/p>\n<\/div>\n<\/blockquote>\n<p><script async src=\"\/\/www.instagram.com\/embed.js\"><\/script><\/p>\n<p data-start=\"724\" data-end=\"1266\">Anna wusste schon fr\u00fch, dass sie kreativ arbeiten wollte, und entschloss sich, dies auch beruflich zu verfolgen. Sie studierte sechs Jahre lang an der Akademie f\u00fcr Kunst, Architektur und Design in Prag. Schon dort entstanden erste eigene Kollektionen \u2013 und die Faszination f\u00fcr die symbolische Bedeutung von Schmuckst\u00fccken. \u201eSo ein kleines Objekt kann so viel ausdr\u00fccken\u201c, sagt sie. Dieses Thema begleitete sie auch in den folgenden Jahren, in denen sie ihre Arbeiten auf Designmessen in London, New York und vielen anderen Orten pr\u00e4sentierte.<\/p>\n<p data-start=\"1268\" data-end=\"1899\">Als Gold- und Silberschmiedin l\u00e4sst sich Anna oft von pers\u00f6nlichen Themen inspirieren. \u201eAlle Schmuckst\u00fccke, die ich entwerfe, haben mit etwas zu tun, das mir am Herzen liegt \u2013 und es zeigt sich, dass andere Menschen sich davon angesprochen f\u00fchlen.\u201c So entstand zum Beispiel eine Serie mit vergoldeten Kaffeebohnen \u2013 inspiriert durch ihre Zeit in einem Caf\u00e9. Auch der Radsport hat einen Platz in ihrer Arbeit: Anna hat selbst an rund 25 tschechischen Triathlons teilgenommen, sogar einen Ironman absolviert. \u201eIch mochte den Gegensatz zwischen der Feinheit des Schmiedens und der k\u00f6rperlichen Intensit\u00e4t beim Radfahren\u201c, erz\u00e4hlt sie.<\/p>\n<p data-start=\"1268\" data-end=\"1899\"><a href=\"https:\/\/d2p6e6u75xmxt8.cloudfront.net\/10\/2025\/07\/art.webp\"><img loading=\"lazy\" decoding=\"async\" class=\"alignnone size-full wp-image-11877\" src=\"https:\/\/d2p6e6u75xmxt8.cloudfront.net\/10\/2025\/07\/art.webp\" alt=\"\" width=\"784\" height=\"520\" srcset=\"https:\/\/d2p6e6u75xmxt8.cloudfront.net\/10\/2025\/07\/art.webp 784w, https:\/\/d2p6e6u75xmxt8.cloudfront.net\/10\/2025\/07\/art-300x199.webp 300w, https:\/\/d2p6e6u75xmxt8.cloudfront.net\/10\/2025\/07\/art-768x509.webp 768w, https:\/\/d2p6e6u75xmxt8.cloudfront.net\/10\/2025\/07\/art-400x265.webp 400w\" sizes=\"auto, (max-width: 784px) 100vw, 784px\" \/><\/a><\/p>\n<p data-start=\"1901\" data-end=\"2450\">Ihr Atelier ist bekannt f\u00fcr verschiedene Guss- und Pr\u00e4geverfahren, vor allem im Zusammenhang mit individuell gefertigten Eheringen. Das Thema Radfahren fand dort erstmals Platz, als ein verlobtes Paar mit einem besonderen Wunsch auf sie zukam. Anna entwickelte eine Technik, bei der sie Reifenprofile in 3D scannte, verkleinerte und auf die Ringe \u00fcbertrug \u2013 erg\u00e4nzt durch winzige schwarze Diamanten. \u201eSie stehen f\u00fcr all die kleinen Steinchen, die sich auf dem Weg in den Reifen festsetzen \u2013 als Metapher f\u00fcr die gemeinsame Lebensreise\u201c, erkl\u00e4rt sie.<\/p>\n<p data-start=\"2452\" data-end=\"2688\">Als die Anfrage kam, Armb\u00e4nder aus der Kette von <a href=\"https:\/\/www.welovecycling.com\/de\/2024\/07\/12\/girmay-uebernimmt-das-gruene-trikot-waehrend-roglic-aus-der-tour-ausscheidet\/\">Biniam Girmays<\/a> Siegesrad zu gestalten, war Anna sofort begeistert. \u201eEs war wieder eines dieser Projekte mit einer sch\u00f6nen Geschichte im Hintergrund. Genau das liebe ich an meiner Arbeit.\u201c<\/p>\n<p data-start=\"2452\" data-end=\"2688\"><a href=\"https:\/\/d2p6e6u75xmxt8.cloudfront.net\/10\/2025\/07\/art2.webp\"><img loading=\"lazy\" decoding=\"async\" class=\"alignnone size-full wp-image-11876\" src=\"https:\/\/d2p6e6u75xmxt8.cloudfront.net\/10\/2025\/07\/art2.webp\" alt=\"\" width=\"788\" height=\"523\" srcset=\"https:\/\/d2p6e6u75xmxt8.cloudfront.net\/10\/2025\/07\/art2.webp 788w, https:\/\/d2p6e6u75xmxt8.cloudfront.net\/10\/2025\/07\/art2-300x199.webp 300w, https:\/\/d2p6e6u75xmxt8.cloudfront.net\/10\/2025\/07\/art2-768x510.webp 768w, https:\/\/d2p6e6u75xmxt8.cloudfront.net\/10\/2025\/07\/art2-400x265.webp 400w, https:\/\/d2p6e6u75xmxt8.cloudfront.net\/10\/2025\/07\/art2-272x182.webp 272w\" sizes=\"auto, (max-width: 788px) 100vw, 788px\" \/><\/a><\/p>\n<p data-start=\"2690\" data-end=\"3135\">F\u00fcr das Design arbeitete sie mit verschiedenen Ideen, bevor sie sich entschied. \u201eJedes Kettenglied hat unz\u00e4hlige Umdrehungen gemacht, um Biniam zum Sieg zu verhelfen. Ich wollte diese Echtheit sichtbar machen, in einer schlichten, klaren Form.\u201c Letztlich entschied sie sich, einzelne Glieder der Originalkette zu polieren, sie mit einer Seriennummer zu gravieren und auf ein smaragdgr\u00fcnes Nylonband zu f\u00e4deln \u2013 eine Referenz an das Gr\u00fcne Trikot.<\/p>\n<p data-start=\"3137\" data-end=\"3312\">Die Gravur auf jedem Armband zeigt \u201ex\/112\u201c \u2013 wobei x die Seriennummer ist und 112 die Zahl der Glieder in einer typischen Fahrradkette. Eine Zahl, die im Radsport jeder kennt.<\/p>\n<p data-start=\"3314\" data-end=\"3468\">Wir danken <a href=\"https:\/\/www.annasteinerova.cz\/\">Anna Steinerov\u00e1<\/a> f\u00fcr ihre Zeit und den Einblick in ihre Werkstatt \u2013 und w\u00fcnschen allen Teilnehmerinnen und Teilnehmern der Verlosung viel Gl\u00fcck!<\/p>\n","protected":false},"excerpt":{"rendered":"<p>Wie aus einem St\u00fcck Fahrradkette ein besonderes Schmuckst\u00fcck wird, zeigt das Projekt rund um die diesj\u00e4hrige Tour-de-France-Verlosung: Unter den Preisen [&hellip;]<\/p>\n","protected":false},"author":115,"featured_media":11878,"comment_status":"open","ping_status":"open","sticky":false,"template":"","format":"standard","meta":{"footnotes":""},"categories":[1],"tags":[],"global-categories":[19],"class_list":["post-11875","post","type-post","status-publish","format-standard","has-post-thumbnail","hentry","category-allgemein","global-categories-cycling"],"yoast_head":"<!-- This site is optimized with the Yoast SEO Premium plugin v25.3 (Yoast SEO v25.9) - https:\/\/yoast.com\/wordpress\/plugins\/seo\/ -->\n<title>Lerne Anna Steinerov\u00e1 kennen \u2013 die Schmuckdesignerin, die Armb\u00e4nder aus Biniam Girmays Fahrradkette fertigt - \u0160koda We Love Cycling - Deutschland<\/title>\n<meta name=\"description\" content=\"Die Prager Schmuckdesignerin Anna Steinerov\u00e1 fertigt f\u00fcr die Tour-de-France-Verlosung 2025 exklusive Armb\u00e4nder aus der Kette von Biniam Girmays Siegesrad \u2013 ein besonderes Projekt zwischen Handwerk und Radsport.\" \/>\n<meta name=\"robots\" content=\"index, follow, max-snippet:-1, max-image-preview:large, max-video-preview:-1\" \/>\n<link rel=\"canonical\" href=\"https:\/\/www.welovecycling.com\/de\/2025\/07\/30\/lerne-anna-steinerova-kennen-die-schmuckdesignerin-die-armbaender-aus-biniam-girmays-fahrradkette-fertigt\/\" \/>\n<meta property=\"og:locale\" content=\"de_DE\" \/>\n<meta property=\"og:type\" content=\"article\" \/>\n<meta property=\"og:title\" content=\"Lerne Anna Steinerov\u00e1 kennen \u2013 die Schmuckdesignerin, die Armb\u00e4nder aus Biniam Girmays Fahrradkette fertigt\" \/>\n<meta property=\"og:description\" content=\"Die Prager Schmuckdesignerin Anna Steinerov\u00e1 fertigt f\u00fcr die Tour-de-France-Verlosung 2025 exklusive Armb\u00e4nder aus der Kette von Biniam Girmays Siegesrad \u2013 ein besonderes Projekt zwischen Handwerk und Radsport.\" \/>\n<meta property=\"og:url\" content=\"https:\/\/www.welovecycling.com\/de\/2025\/07\/30\/lerne-anna-steinerova-kennen-die-schmuckdesignerin-die-armbaender-aus-biniam-girmays-fahrradkette-fertigt\/\" \/>\n<meta property=\"og:site_name\" content=\"\u0160koda We Love Cycling - Deutschland\" \/>\n<meta property=\"article:published_time\" content=\"2025-07-30T09:06:41+00:00\" \/>\n<meta property=\"og:image\" content=\"https:\/\/d2p6e6u75xmxt8.cloudfront.net\/10\/2025\/07\/jewellery.webp\" \/>\n\t<meta property=\"og:image:width\" content=\"983\" \/>\n\t<meta property=\"og:image:height\" content=\"651\" \/>\n\t<meta property=\"og:image:type\" content=\"image\/webp\" \/>\n<meta name=\"author\" content=\"jbraeker\" \/>\n<meta name=\"twitter:card\" content=\"summary_large_image\" \/>\n<meta name=\"twitter:label1\" content=\"Written by\" \/>\n\t<meta name=\"twitter:data1\" content=\"Franti\u0161ka Bla\u017ekov\u00e1\" \/>\n\t<meta name=\"twitter:label2\" content=\"Est. reading time\" \/>\n\t<meta name=\"twitter:data2\" content=\"2\" \/>\n<script type=\"application\/ld+json\" class=\"yoast-schema-graph\">{\"@context\":\"https:\/\/schema.org\",\"@graph\":[{\"@type\":\"WebPage\",\"@id\":\"https:\/\/www.welovecycling.com\/de\/2025\/07\/30\/lerne-anna-steinerova-kennen-die-schmuckdesignerin-die-armbaender-aus-biniam-girmays-fahrradkette-fertigt\/\",\"url\":\"https:\/\/www.welovecycling.com\/de\/2025\/07\/30\/lerne-anna-steinerova-kennen-die-schmuckdesignerin-die-armbaender-aus-biniam-girmays-fahrradkette-fertigt\/\",\"name\":\"Lerne Anna Steinerov\u00e1 kennen \u2013 die Schmuckdesignerin, die Armb\u00e4nder aus Biniam Girmays Fahrradkette fertigt - \u0160koda We Love Cycling - Deutschland\",\"isPartOf\":{\"@id\":\"https:\/\/www.welovecycling.com\/de\/#website\"},\"primaryImageOfPage\":{\"@id\":\"https:\/\/www.welovecycling.com\/de\/2025\/07\/30\/lerne-anna-steinerova-kennen-die-schmuckdesignerin-die-armbaender-aus-biniam-girmays-fahrradkette-fertigt\/#primaryimage\"},\"image\":{\"@id\":\"https:\/\/www.welovecycling.com\/de\/2025\/07\/30\/lerne-anna-steinerova-kennen-die-schmuckdesignerin-die-armbaender-aus-biniam-girmays-fahrradkette-fertigt\/#primaryimage\"},\"thumbnailUrl\":\"https:\/\/d2p6e6u75xmxt8.cloudfront.net\/10\/2025\/07\/jewellery.webp\",\"datePublished\":\"2025-07-30T09:06:41+00:00\",\"author\":{\"@id\":\"https:\/\/www.welovecycling.com\/de\/#\/schema\/person\/915694b3c8d0de9019932587781ba6b3\"},\"description\":\"Die Prager Schmuckdesignerin Anna Steinerov\u00e1 fertigt f\u00fcr die Tour-de-France-Verlosung 2025 exklusive Armb\u00e4nder aus der Kette von Biniam Girmays Siegesrad \u2013 ein besonderes Projekt zwischen Handwerk und Radsport.\",\"breadcrumb\":{\"@id\":\"https:\/\/www.welovecycling.com\/de\/2025\/07\/30\/lerne-anna-steinerova-kennen-die-schmuckdesignerin-die-armbaender-aus-biniam-girmays-fahrradkette-fertigt\/#breadcrumb\"},\"inLanguage\":\"de-DE\",\"potentialAction\":[{\"@type\":\"ReadAction\",\"target\":[\"https:\/\/www.welovecycling.com\/de\/2025\/07\/30\/lerne-anna-steinerova-kennen-die-schmuckdesignerin-die-armbaender-aus-biniam-girmays-fahrradkette-fertigt\/\"]}]},{\"@type\":\"ImageObject\",\"inLanguage\":\"de-DE\",\"@id\":\"https:\/\/www.welovecycling.com\/de\/2025\/07\/30\/lerne-anna-steinerova-kennen-die-schmuckdesignerin-die-armbaender-aus-biniam-girmays-fahrradkette-fertigt\/#primaryimage\",\"url\":\"https:\/\/d2p6e6u75xmxt8.cloudfront.net\/10\/2025\/07\/jewellery.webp\",\"contentUrl\":\"https:\/\/d2p6e6u75xmxt8.cloudfront.net\/10\/2025\/07\/jewellery.webp\",\"width\":983,\"height\":651},{\"@type\":\"BreadcrumbList\",\"@id\":\"https:\/\/www.welovecycling.com\/de\/2025\/07\/30\/lerne-anna-steinerova-kennen-die-schmuckdesignerin-die-armbaender-aus-biniam-girmays-fahrradkette-fertigt\/#breadcrumb\",\"itemListElement\":[{\"@type\":\"ListItem\",\"position\":1,\"name\":\"Home\",\"item\":\"https:\/\/www.welovecycling.com\/de\/\"},{\"@type\":\"ListItem\",\"position\":2,\"name\":\"Lerne Anna Steinerov\u00e1 kennen \u2013 die Schmuckdesignerin, die Armb\u00e4nder aus Biniam Girmays Fahrradkette fertigt\"}]},{\"@type\":\"WebSite\",\"@id\":\"https:\/\/www.welovecycling.com\/de\/#website\",\"url\":\"https:\/\/www.welovecycling.com\/de\/\",\"name\":\"\u0160koda We Love Cycling - Deutschland\",\"description\":\"Just another \u0160koda WeLoveCycling Sites site\",\"potentialAction\":[{\"@type\":\"SearchAction\",\"target\":{\"@type\":\"EntryPoint\",\"urlTemplate\":\"https:\/\/www.welovecycling.com\/de\/?s={search_term_string}\"},\"query-input\":{\"@type\":\"PropertyValueSpecification\",\"valueRequired\":true,\"valueName\":\"search_term_string\"}}],\"inLanguage\":\"de-DE\"},{\"@type\":\"Person\",\"@id\":\"https:\/\/www.welovecycling.com\/de\/#\/schema\/person\/915694b3c8d0de9019932587781ba6b3\",\"name\":\"jbraeker\",\"image\":{\"@type\":\"ImageObject\",\"inLanguage\":\"de-DE\",\"@id\":\"https:\/\/www.welovecycling.com\/de\/#\/schema\/person\/image\/\",\"url\":\"https:\/\/secure.gravatar.com\/avatar\/8b4aea90e4535aae30b5b720249e5b723ae59fcf3d54757dd8b748d97b46d3c9?s=96&d=mm&r=g\",\"contentUrl\":\"https:\/\/secure.gravatar.com\/avatar\/8b4aea90e4535aae30b5b720249e5b723ae59fcf3d54757dd8b748d97b46d3c9?s=96&d=mm&r=g\",\"caption\":\"jbraeker\"},\"url\":\"https:\/\/www.welovecycling.com\/de\/author\/jbraeker\/\"}]}<\/script>\n<!-- \/ Yoast SEO Premium plugin. -->","yoast_head_json":{"title":"Lerne Anna Steinerov\u00e1 kennen \u2013 die Schmuckdesignerin, die Armb\u00e4nder aus Biniam Girmays Fahrradkette fertigt - \u0160koda We Love Cycling - Deutschland","description":"Die Prager Schmuckdesignerin Anna Steinerov\u00e1 fertigt f\u00fcr die Tour-de-France-Verlosung 2025 exklusive Armb\u00e4nder aus der Kette von Biniam Girmays Siegesrad \u2013 ein besonderes Projekt zwischen Handwerk und Radsport.","robots":{"index":"index","follow":"follow","max-snippet":"max-snippet:-1","max-image-preview":"max-image-preview:large","max-video-preview":"max-video-preview:-1"},"canonical":"https:\/\/www.welovecycling.com\/de\/2025\/07\/30\/lerne-anna-steinerova-kennen-die-schmuckdesignerin-die-armbaender-aus-biniam-girmays-fahrradkette-fertigt\/","og_locale":"de_DE","og_type":"article","og_title":"Lerne Anna Steinerov\u00e1 kennen \u2013 die Schmuckdesignerin, die Armb\u00e4nder aus Biniam Girmays Fahrradkette fertigt","og_description":"Die Prager Schmuckdesignerin Anna Steinerov\u00e1 fertigt f\u00fcr die Tour-de-France-Verlosung 2025 exklusive Armb\u00e4nder aus der Kette von Biniam Girmays Siegesrad \u2013 ein besonderes Projekt zwischen Handwerk und Radsport.","og_url":"https:\/\/www.welovecycling.com\/de\/2025\/07\/30\/lerne-anna-steinerova-kennen-die-schmuckdesignerin-die-armbaender-aus-biniam-girmays-fahrradkette-fertigt\/","og_site_name":"\u0160koda We Love Cycling - Deutschland","article_published_time":"2025-07-30T09:06:41+00:00","og_image":[{"width":983,"height":651,"url":"https:\/\/d2p6e6u75xmxt8.cloudfront.net\/10\/2025\/07\/jewellery.webp","type":"image\/webp"}],"author":"jbraeker","twitter_card":"summary_large_image","twitter_misc":{"Written by":"Franti\u0161ka Bla\u017ekov\u00e1","Est. reading time":"2"},"schema":{"@context":"https:\/\/schema.org","@graph":[{"@type":"WebPage","@id":"https:\/\/www.welovecycling.com\/de\/2025\/07\/30\/lerne-anna-steinerova-kennen-die-schmuckdesignerin-die-armbaender-aus-biniam-girmays-fahrradkette-fertigt\/","url":"https:\/\/www.welovecycling.com\/de\/2025\/07\/30\/lerne-anna-steinerova-kennen-die-schmuckdesignerin-die-armbaender-aus-biniam-girmays-fahrradkette-fertigt\/","name":"Lerne Anna Steinerov\u00e1 kennen \u2013 die Schmuckdesignerin, die Armb\u00e4nder aus Biniam Girmays Fahrradkette fertigt - \u0160koda We Love Cycling - Deutschland","isPartOf":{"@id":"https:\/\/www.welovecycling.com\/de\/#website"},"primaryImageOfPage":{"@id":"https:\/\/www.welovecycling.com\/de\/2025\/07\/30\/lerne-anna-steinerova-kennen-die-schmuckdesignerin-die-armbaender-aus-biniam-girmays-fahrradkette-fertigt\/#primaryimage"},"image":{"@id":"https:\/\/www.welovecycling.com\/de\/2025\/07\/30\/lerne-anna-steinerova-kennen-die-schmuckdesignerin-die-armbaender-aus-biniam-girmays-fahrradkette-fertigt\/#primaryimage"},"thumbnailUrl":"https:\/\/d2p6e6u75xmxt8.cloudfront.net\/10\/2025\/07\/jewellery.webp","datePublished":"2025-07-30T09:06:41+00:00","author":{"@id":"https:\/\/www.welovecycling.com\/de\/#\/schema\/person\/915694b3c8d0de9019932587781ba6b3"},"description":"Die Prager Schmuckdesignerin Anna Steinerov\u00e1 fertigt f\u00fcr die Tour-de-France-Verlosung 2025 exklusive Armb\u00e4nder aus der Kette von Biniam Girmays Siegesrad \u2013 ein besonderes Projekt zwischen Handwerk und Radsport.","breadcrumb":{"@id":"https:\/\/www.welovecycling.com\/de\/2025\/07\/30\/lerne-anna-steinerova-kennen-die-schmuckdesignerin-die-armbaender-aus-biniam-girmays-fahrradkette-fertigt\/#breadcrumb"},"inLanguage":"de-DE","potentialAction":[{"@type":"ReadAction","target":["https:\/\/www.welovecycling.com\/de\/2025\/07\/30\/lerne-anna-steinerova-kennen-die-schmuckdesignerin-die-armbaender-aus-biniam-girmays-fahrradkette-fertigt\/"]}]},{"@type":"ImageObject","inLanguage":"de-DE","@id":"https:\/\/www.welovecycling.com\/de\/2025\/07\/30\/lerne-anna-steinerova-kennen-die-schmuckdesignerin-die-armbaender-aus-biniam-girmays-fahrradkette-fertigt\/#primaryimage","url":"https:\/\/d2p6e6u75xmxt8.cloudfront.net\/10\/2025\/07\/jewellery.webp","contentUrl":"https:\/\/d2p6e6u75xmxt8.cloudfront.net\/10\/2025\/07\/jewellery.webp","width":983,"height":651},{"@type":"BreadcrumbList","@id":"https:\/\/www.welovecycling.com\/de\/2025\/07\/30\/lerne-anna-steinerova-kennen-die-schmuckdesignerin-die-armbaender-aus-biniam-girmays-fahrradkette-fertigt\/#breadcrumb","itemListElement":[{"@type":"ListItem","position":1,"name":"Home","item":"https:\/\/www.welovecycling.com\/de\/"},{"@type":"ListItem","position":2,"name":"Lerne Anna Steinerov\u00e1 kennen \u2013 die Schmuckdesignerin, die Armb\u00e4nder aus Biniam Girmays Fahrradkette fertigt"}]},{"@type":"WebSite","@id":"https:\/\/www.welovecycling.com\/de\/#website","url":"https:\/\/www.welovecycling.com\/de\/","name":"\u0160koda We Love Cycling - Deutschland","description":"Just another \u0160koda WeLoveCycling Sites site","potentialAction":[{"@type":"SearchAction","target":{"@type":"EntryPoint","urlTemplate":"https:\/\/www.welovecycling.com\/de\/?s={search_term_string}"},"query-input":{"@type":"PropertyValueSpecification","valueRequired":true,"valueName":"search_term_string"}}],"inLanguage":"de-DE"},{"@type":"Person","@id":"https:\/\/www.welovecycling.com\/de\/#\/schema\/person\/915694b3c8d0de9019932587781ba6b3","name":"jbraeker","image":{"@type":"ImageObject","inLanguage":"de-DE","@id":"https:\/\/www.welovecycling.com\/de\/#\/schema\/person\/image\/","url":"https:\/\/secure.gravatar.com\/avatar\/8b4aea90e4535aae30b5b720249e5b723ae59fcf3d54757dd8b748d97b46d3c9?s=96&d=mm&r=g","contentUrl":"https:\/\/secure.gravatar.com\/avatar\/8b4aea90e4535aae30b5b720249e5b723ae59fcf3d54757dd8b748d97b46d3c9?s=96&d=mm&r=g","caption":"jbraeker"},"url":"https:\/\/www.welovecycling.com\/de\/author\/jbraeker\/"}]}},"_links":{"self":[{"href":"https:\/\/www.welovecycling.com\/de\/wp-json\/wp\/v2\/posts\/11875","targetHints":{"allow":["GET"]}}],"collection":[{"href":"https:\/\/www.welovecycling.com\/de\/wp-json\/wp\/v2\/posts"}],"about":[{"href":"https:\/\/www.welovecycling.com\/de\/wp-json\/wp\/v2\/types\/post"}],"author":[{"embeddable":true,"href":"https:\/\/www.welovecycling.com\/de\/wp-json\/wp\/v2\/users\/115"}],"replies":[{"embeddable":true,"href":"https:\/\/www.welovecycling.com\/de\/wp-json\/wp\/v2\/comments?post=11875"}],"version-history":[{"count":1,"href":"https:\/\/www.welovecycling.com\/de\/wp-json\/wp\/v2\/posts\/11875\/revisions"}],"predecessor-version":[{"id":11879,"href":"https:\/\/www.welovecycling.com\/de\/wp-json\/wp\/v2\/posts\/11875\/revisions\/11879"}],"wp:featuredmedia":[{"embeddable":true,"href":"https:\/\/www.welovecycling.com\/de\/wp-json\/wp\/v2\/media\/11878"}],"wp:attachment":[{"href":"https:\/\/www.welovecycling.com\/de\/wp-json\/wp\/v2\/media?parent=11875"}],"wp:term":[{"taxonomy":"category","embeddable":true,"href":"https:\/\/www.welovecycling.com\/de\/wp-json\/wp\/v2\/categories?post=11875"},{"taxonomy":"post_tag","embeddable":true,"href":"https:\/\/www.welovecycling.com\/de\/wp-json\/wp\/v2\/tags?post=11875"},{"taxonomy":"global-categories","embeddable":true,"href":"https:\/\/www.welovecycling.com\/de\/wp-json\/wp\/v2\/global-categories?post=11875"}],"curies":[{"name":"wp","href":"https:\/\/api.w.org\/{rel}","templated":true}]}}