{"id":11847,"date":"2025-07-29T11:26:46","date_gmt":"2025-07-29T10:26:46","guid":{"rendered":"https:\/\/www.welovecycling.com\/de\/?p=11847"},"modified":"2025-07-29T11:26:46","modified_gmt":"2025-07-29T10:26:46","slug":"favoritinnen-sterben-bei-der-tdffaz-reusser-und-longo-borghini-steigen-aus-vollering-stuerzt","status":"publish","type":"post","link":"https:\/\/www.welovecycling.com\/de\/2025\/07\/29\/favoritinnen-sterben-bei-der-tdffaz-reusser-und-longo-borghini-steigen-aus-vollering-stuerzt\/","title":{"rendered":"Favoritinnen-Sterben bei der TdFFaZ: Reusser und Longo Borghini steigen aus, Vollering st\u00fcrzt"},"content":{"rendered":"<p data-start=\"143\" data-end=\"473\">Die ersten drei Etappen der Tour de France Femmes avec Zwift 2025 (TdFFaZ) haben bereits f\u00fcr jede Menge Drama gesorgt: Favoritinnen mussten aufgeben, st\u00fcrzten oder meldeten gesundheitliche Probleme \u2013 vieles davon ist auf die enge Terminplanung mit dem Giro d\u2019Italia Women zur\u00fcckzuf\u00fchren, der nur zwei Wochen vor der TdFFaZ endete.<\/p>\n<hr data-start=\"475\" data-end=\"478\" \/>\n<h3 data-section-id=\"djfh66\" data-start=\"480\" data-end=\"523\"><strong data-start=\"484\" data-end=\"523\">Favoritinnen fallen reihenweise aus<\/strong><\/h3>\n<p data-start=\"525\" data-end=\"1137\">Die erste Top-Favoritin, die es erwischte, war Marlen Reusser (Movistar). Nach einer Magen-Darm-Erkrankung beim Giro, den sie dennoch als Zweite hinter Elisa Longo Borghini (<a href=\"https:\/\/www.procyclingstats.com\/team\/uae-team-adq-2025\">UAE Team ADQ)<\/a> beendete, schien sie sich rechtzeitig zu erholen \u2013 nur um kurz vor der TdFFaZ erneut krank zu werden. <a href=\"https:\/\/www.cyclingnews.com\/news\/maybe-i-look-good-but-i-dont-feel-good-marlen-reusser-battling-back-from-illness-to-compete-at-tour-de-france-femmes\/\">Reusser<\/a> vermutete eine Lebensmittelvergiftung: \u201eIch habe etwas gegessen, was mich in der Nacht zum Erbrechen brachte. Jetzt geht es mir wieder ziemlich schlecht. Es ist gerade sehr frustrierend.\u201c<br data-start=\"1010\" data-end=\"1013\" \/>Sie wurde fr\u00fch auf der kurzen Etappe 1 (78,8 km von Vannes nach Plumelec) abgeh\u00e4ngt und stieg nach 63 km aus dem Rennen aus.<\/p>\n<p data-start=\"1139\" data-end=\"1502\">Auch bei SD Worx\u2013Protime gibt es Sorgen: Weltmeisterin Lotte Kopecky k\u00e4mpft weiter mit einer R\u00fcckenverletzung, die sie bereits zur Aufgabe beim Giro zwang. Sie f\u00e4hrt bei der TdFFaZ auf Etappensiege \u2013 das Gelbe Trikot hat sie abgeschrieben. Giro-Siegerin Elisa Longo Borghini trat zur dritten Etappe gar nicht erst an \u2013 ein Magen-Darm-Virus zwang sie zum Ausstieg.<\/p>\n<p data-start=\"1504\" data-end=\"1965\">Diese Entwicklungen sorgten f\u00fcr gro\u00dfe Unruhe im Gesamtklassement \u2013 und erkl\u00e4ren, warum die UCI den Giro im kommenden Jahr terminlich weiter von der TdFFaZ absetzt. Wer dachte, zwei Wochen Pause zwischen zwei Grand Tours seien genug, lag offensichtlich falsch. Das gr\u00f6\u00dfte Frauenrennen des Jahres leidet darunter \u2013 gleichzeitig er\u00f6ffnen sich neue Chancen f\u00fcr andere Gesamtwertungskandidatinnen, die es mit Topfavoritin Demi Vollering (FDJ-SUEZ) aufnehmen k\u00f6nnten.<\/p>\n<p data-start=\"1967\" data-end=\"2405\">Doch dann st\u00fcrzte auch Vollering \u2013 und das heftig. Auf Etappe 3 kam es 3,5 km vor dem Ziel in einer engen Kurve zu einem Massensturz mit \u00fcber einem Dutzend Fahrerinnen. Neben Vollering gingen auch Elisa Balsamo (Lidl-Trek), Chlo\u00e9 Dygert (Canyon\/\/SRAM-zondacrypto) und Letizia Paternoster (Liv AlUla Jayco) zu Boden. Da sich der Sturz in den letzten f\u00fcnf Kilometern ereignete, verloren die betroffenen Fahrerinnen keine Zeit im Klassement.<\/p>\n<blockquote class=\"instagram-media\" style=\"background: #FFF; border: 0; border-radius: 3px; box-shadow: 0 0 1px 0 rgba(0,0,0,0.5),0 1px 10px 0 rgba(0,0,0,0.15); margin: 1px; max-width: 540px; min-width: 326px; padding: 0; width: calc(100% - 2px);\" data-instgrm-captioned=\"\" data-instgrm-permalink=\"https:\/\/www.instagram.com\/p\/DMqYLkysaRx\/?utm_source=ig_embed&amp;utm_campaign=loading\" data-instgrm-version=\"14\">\n<div style=\"padding: 16px;\">\n<p>&nbsp;<\/p>\n<div style=\"display: flex; flex-direction: row; align-items: center;\">\n<div style=\"background-color: #f4f4f4; border-radius: 50%; flex-grow: 0; height: 40px; margin-right: 14px; width: 40px;\"><\/div>\n<div style=\"display: flex; flex-direction: column; flex-grow: 1; justify-content: center;\">\n<div style=\"background-color: #f4f4f4; border-radius: 4px; flex-grow: 0; height: 14px; margin-bottom: 6px; width: 100px;\"><\/div>\n<div style=\"background-color: #f4f4f4; border-radius: 4px; flex-grow: 0; height: 14px; width: 60px;\"><\/div>\n<\/div>\n<\/div>\n<div style=\"padding: 19% 0;\"><\/div>\n<div style=\"display: block; height: 50px; margin: 0 auto 12px; width: 50px;\"><\/div>\n<div style=\"padding-top: 8px;\">\n<div style=\"color: #3897f0; font-family: Arial,sans-serif; font-size: 14px; font-style: normal; font-weight: 550; line-height: 18px;\">Sieh dir diesen Beitrag auf Instagram an<\/div>\n<\/div>\n<div style=\"padding: 12.5% 0;\"><\/div>\n<div style=\"display: flex; flex-direction: row; margin-bottom: 14px; align-items: center;\">\n<div>\n<div style=\"background-color: #f4f4f4; border-radius: 50%; height: 12.5px; width: 12.5px; transform: translateX(0px) translateY(7px);\"><\/div>\n<div style=\"background-color: #f4f4f4; height: 12.5px; transform: rotate(-45deg) translateX(3px) translateY(1px); width: 12.5px; flex-grow: 0; margin-right: 14px; margin-left: 2px;\"><\/div>\n<div style=\"background-color: #f4f4f4; border-radius: 50%; height: 12.5px; width: 12.5px; transform: translateX(9px) translateY(-18px);\"><\/div>\n<\/div>\n<div style=\"margin-left: 8px;\">\n<div style=\"background-color: #f4f4f4; border-radius: 50%; flex-grow: 0; height: 20px; width: 20px;\"><\/div>\n<div style=\"width: 0; height: 0; border-top: 2px solid transparent; border-left: 6px solid #f4f4f4; border-bottom: 2px solid transparent; transform: translateX(16px) translateY(-4px) rotate(30deg);\"><\/div>\n<\/div>\n<div style=\"margin-left: auto;\">\n<div style=\"width: 0px; border-top: 8px solid #F4F4F4; border-right: 8px solid transparent; transform: translateY(16px);\"><\/div>\n<div style=\"background-color: #f4f4f4; flex-grow: 0; height: 12px; width: 16px; transform: translateY(-4px);\"><\/div>\n<div style=\"width: 0; height: 0; border-top: 8px solid #F4F4F4; border-left: 8px solid transparent; transform: translateY(-4px) translateX(8px);\"><\/div>\n<\/div>\n<\/div>\n<div style=\"display: flex; flex-direction: column; flex-grow: 1; justify-content: center; margin-bottom: 24px;\">\n<div style=\"background-color: #f4f4f4; border-radius: 4px; flex-grow: 0; height: 14px; margin-bottom: 6px; width: 224px;\"><\/div>\n<div style=\"background-color: #f4f4f4; border-radius: 4px; flex-grow: 0; height: 14px; width: 144px;\"><\/div>\n<\/div>\n<p>&nbsp;<\/p>\n<p style=\"color: #c9c8cd; font-family: Arial,sans-serif; font-size: 14px; line-height: 17px; margin-bottom: 0; margin-top: 8px; overflow: hidden; padding: 8px 0 7px; text-align: center; text-overflow: ellipsis; white-space: nowrap;\"><a style=\"color: #c9c8cd; font-family: Arial,sans-serif; font-size: 14px; font-style: normal; font-weight: normal; line-height: 17px; text-decoration: none;\" href=\"https:\/\/www.instagram.com\/p\/DMqYLkysaRx\/?utm_source=ig_embed&amp;utm_campaign=loading\" target=\"_blank\" rel=\"noopener\">Ein Beitrag geteilt von Le Tour de France Femmes avec Zwift (@letourfemmes)<\/a><\/p>\n<\/div>\n<\/blockquote>\n<p><script async src=\"\/\/www.instagram.com\/embed.js\"><\/script><\/p>\n<hr data-start=\"2407\" data-end=\"2410\" \/>\n<h3 data-section-id=\"13k2bkk\" data-start=\"2412\" data-end=\"2444\"><strong data-start=\"2416\" data-end=\"2444\">Wer ist jetzt Favoritin?<\/strong><\/h3>\n<p data-start=\"2446\" data-end=\"2836\">Kurz nach Vollerings Sturz gewann Lorena Wiebes (SD Worx\u2013Protime) die Etappe mit einem dominanten Sprint \u2013 unterst\u00fctzt von der angeschlagenen Kopecky \u2013 und \u00fcbernahm damit die F\u00fchrung in der Punktewertung (\u0160koda-Gr\u00fcnes Trikot). Marianne Vos, die Etappe 1 gewonnen hatte, wurde Zweite, holte sich jedoch durch Zeitbonifikationen das Gelbe Trikot von Kim Le Court (AG Insurance\u2013Soudal) zur\u00fcck.<\/p>\n<p data-start=\"2838\" data-end=\"3055\">Vos f\u00fchrt jetzt mit 6 Sekunden Vorsprung auf Le Court, Pauline Ferrand-Pr\u00e9vot (Visma\u2013Lease a Bike) liegt 12 Sekunden zur\u00fcck, Kasia Niewiadoma-Phinney (Canyon\/\/SRAM-zondacrypto) folgt mit weiteren 4 Sekunden R\u00fcckstand.<\/p>\n<p data-start=\"3057\" data-end=\"3526\">Die Titelverteidigerin <a href=\"https:\/\/www.welovecycling.com\/de\/2025\/07\/04\/tour-de-france-vorschau-worauf-ich-achte-von-kasia-niewiadoma\/\">Niewiadoma-Phinney<\/a> ist die letzte verbliebene Topfavoritin ohne gesundheitliche Probleme und damit neue Favoritin auf das Gelbe Trikot \u2013 allerdings nicht ohne Konkurrenz: Die 33-j\u00e4hrige Franz\u00f6sin Ferrand-Pr\u00e9vot hat gro\u00dfe Ambitionen f\u00fcr ihre Heim-Tour. Die Ex-Stra\u00dfenweltmeisterin (2014) ist seither auf MTB, Gravel und Cyclocross spezialisiert und vielfache Weltmeisterin in diesen Disziplinen. Mit Marianne Vos an ihrer Seite ist sie gef\u00e4hrlich.<\/p>\n<p data-start=\"3528\" data-end=\"3702\">Auch Puck Pieterse (Fenix-Deceuninck), ebenfalls im Gel\u00e4nde zu Hause, gewann 2024 eine TdFFaZ-Etappe. Doch ob sie mit den besten Kletterinnen mithalten kann, bleibt fraglich.<\/p>\n<hr data-start=\"3704\" data-end=\"3707\" \/>\n<h3 data-section-id=\"1jtrphl\" data-start=\"3709\" data-end=\"3748\"><strong data-start=\"3713\" data-end=\"3748\">Wiebes sendet ein gr\u00fcnes Signal<\/strong><\/h3>\n<p data-start=\"3750\" data-end=\"4013\">Wie erw\u00e4hnt, setzte sich Wiebes im Sprint der dritten Etappe durch und lie\u00df Vos keine Chance. Kopecky leistete trotz R\u00fcckenschmerzen wertvolle F\u00fchrungsarbeit. Vos erhielt durch Bonussekunden erneut das Gelbe Trikot, das sie auf Etappe 1 erstmals getragen hatte.<\/p>\n<p data-start=\"4015\" data-end=\"4345\">Kim Le Court hatte das Gelbe Trikot nach Etappe 2 \u00fcberraschend \u00fcbernommen \u2013 dank eines taktischen Fehlers des Pelotons, das Mavi Garc\u00eda (Liv AlUla Jayco) den gr\u00f6\u00dften Sieg ihrer Karriere schenkte. Die 40-J\u00e4hrige setzte sich 10,8 km vor dem Ziel aus der Spitzengruppe ab und hielt ihren Vorsprung trotz eines finalen 14%-Anstiegs.<\/p>\n<p data-start=\"4347\" data-end=\"4760\">Le Court wurde Dritte und schrieb Geschichte: Sie ist die erste nicht-europ\u00e4ische, afrikanische und mauritische Fahrerin, die das Gelbe Trikot bei der TdFFaZ tr\u00e4gt.<br data-start=\"4511\" data-end=\"4514\" \/>\u201eIch kann es nicht glauben, ich bin immer noch geschockt\u201c, sagte sie. \u201eEs war nie mein Ziel, die erste Afrikanerin in Gelb zu sein \u2013 aber es ist etwas ganz Besonderes, und ich hoffe, dass wir damit den afrikanischen Radsport weiter voranbringen.\u201c<\/p>\n<hr data-start=\"4762\" data-end=\"4765\" \/>\n<h3 data-section-id=\"1f4cuzb\" data-start=\"4767\" data-end=\"4799\"><strong data-start=\"4771\" data-end=\"4799\">Vos bleibt eine Siegerin<\/strong><\/h3>\n<p data-start=\"4801\" data-end=\"5104\">Ihr dritter Platz auf Etappe 3 reichte Vos, um den R\u00fcckstand auf Le Court auszugleichen. Auf Etappe 1 hatte sie nach einem explosiven Finish Ferrand-Pr\u00e9vot und Le Court im Sprint \u00fcberholt \u2013 es war bereits der 258. Karrieresieg der 38-J\u00e4hrigen, die damit nur von Eddy Merckx (525 Siege) \u00fcbertroffen wird.<\/p>\n<p data-start=\"5106\" data-end=\"5304\">\u201eDas Gelbe Trikot zu tragen, ist immer etwas Besonderes\u201c, sagte sie nach der Etappe. \u201eIch hatte es eigentlich gar nicht im Blick, ich wollte einfach mein Bestes geben und sehen, wie weit ich komme.\u201c<\/p>\n<hr data-start=\"5306\" data-end=\"5309\" \/>\n<h3 data-section-id=\"1djcgvm\" data-start=\"5311\" data-end=\"5340\"><strong data-start=\"5315\" data-end=\"5340\">Vorschau auf Etappe 4<\/strong><\/h3>\n<p data-start=\"5342\" data-end=\"5596\">Dienstag (Etappe 4) k\u00f6nnte die letzte Chance f\u00fcr einen Massensprint sein, bevor es auf Etappe 5 mit drei kategorisierten Anstiegen auf den letzten 35 km wieder deutlich bergiger wird. Die Strecke f\u00fchrt \u00fcber 165,8 km von Chasseneuil-du-Poitou nach Gu\u00e9ret.<\/p>\n<hr data-start=\"5598\" data-end=\"5601\" \/>\n<h3 data-section-id=\"1sw1box\" data-start=\"5603\" data-end=\"5670\"><strong data-start=\"5607\" data-end=\"5670\">Ergebnisse Etappe 3 \u2013 Tour de France Femmes avec Zwift 2025<\/strong><\/h3>\n<ol data-start=\"5672\" data-end=\"6117\">\n<li data-start=\"5672\" data-end=\"5722\">\n<p data-start=\"5675\" data-end=\"5722\"><strong data-start=\"5675\" data-end=\"5692\">Lorena Wiebes<\/strong> (SD Worx\u2013Protime) \u2013 3:41:47<\/p>\n<\/li>\n<li data-start=\"5723\" data-end=\"5780\">\n<p data-start=\"5726\" data-end=\"5780\"><strong data-start=\"5726\" data-end=\"5742\">Marianne Vos<\/strong> (Visma\u2013Lease a Bike) \u2013 gleiche Zeit<\/p>\n<\/li>\n<li data-start=\"5781\" data-end=\"5819\">\n<p data-start=\"5784\" data-end=\"5819\"><strong data-start=\"5784\" data-end=\"5802\">Ally Wollaston<\/strong> (FDJ-Suez) \u2013 \u201e<\/p>\n<\/li>\n<li data-start=\"5820\" data-end=\"5858\">\n<p data-start=\"5823\" data-end=\"5858\">Megan Jastrab (Picnic PostNL) \u2013 \u201e<\/p>\n<\/li>\n<li data-start=\"5859\" data-end=\"5892\">\n<p data-start=\"5862\" data-end=\"5892\">Liane Lippert (Movistar) \u2013 \u201e<\/p>\n<\/li>\n<li data-start=\"5893\" data-end=\"5937\">\n<p data-start=\"5896\" data-end=\"5937\">Shari Bossuyt (AG Insurance\u2013Soudal) \u2013 \u201e<\/p>\n<\/li>\n<li data-start=\"5938\" data-end=\"5975\">\n<p data-start=\"5941\" data-end=\"5975\">Eline Jansen (VolkerWessels) \u2013 \u201e<\/p>\n<\/li>\n<li data-start=\"5976\" data-end=\"6036\">\n<p data-start=\"5979\" data-end=\"6036\">Kasia Niewiadoma-Phinney (Canyon\/\/SRAM-zondacrypto) \u2013 \u201e<\/p>\n<\/li>\n<li data-start=\"6037\" data-end=\"6081\">\n<p data-start=\"6040\" data-end=\"6081\">Noemi R\u00fcegg (EF Education\u2013EasyPost) \u2013 \u201e<\/p>\n<\/li>\n<li data-start=\"6082\" data-end=\"6117\">\n<p data-start=\"6086\" data-end=\"6117\">Lucinda Brand (Lidl-Trek) \u2013 \u201e<\/p>\n<\/li>\n<\/ol>\n<hr data-start=\"6119\" data-end=\"6122\" \/>\n<h3 data-section-id=\"1lns4v9\" data-start=\"6124\" data-end=\"6159\"><strong data-start=\"6128\" data-end=\"6159\">Gesamtwertung nach Etappe 3<\/strong><\/h3>\n<ol data-start=\"6161\" data-end=\"6702\">\n<li data-start=\"6161\" data-end=\"6213\">\n<p data-start=\"6164\" data-end=\"6213\"><strong data-start=\"6164\" data-end=\"6180\">Marianne Vos<\/strong> (Visma\u2013Lease a Bike) \u2013 8:19:06<\/p>\n<\/li>\n<li data-start=\"6214\" data-end=\"6263\">\n<p data-start=\"6217\" data-end=\"6263\"><strong data-start=\"6217\" data-end=\"6233\">Kim Le Court<\/strong> (AG Insurance\u2013Soudal) +0:06<\/p>\n<\/li>\n<li data-start=\"6264\" data-end=\"6322\">\n<p data-start=\"6267\" data-end=\"6322\"><strong data-start=\"6267\" data-end=\"6293\">Pauline Ferrand-Pr\u00e9vot<\/strong> (Visma\u2013Lease a Bike) +0:12<\/p>\n<\/li>\n<li data-start=\"6323\" data-end=\"6389\">\n<p data-start=\"6326\" data-end=\"6389\"><strong data-start=\"6326\" data-end=\"6354\">Kasia Niewiadoma-Phinney<\/strong> (Canyon\/\/SRAM-zondacrypto) +0:16<\/p>\n<\/li>\n<li data-start=\"6390\" data-end=\"6443\">\n<p data-start=\"6393\" data-end=\"6443\"><strong data-start=\"6393\" data-end=\"6410\">Lorena Wiebes<\/strong> (SD Worx\u2013Protime) gleiche Zeit<\/p>\n<\/li>\n<li data-start=\"6444\" data-end=\"6484\">\n<p data-start=\"6447\" data-end=\"6484\"><strong data-start=\"6447\" data-end=\"6465\">Demi Vollering<\/strong> (FDJ-SUEZ) +0:19<\/p>\n<\/li>\n<li data-start=\"6485\" data-end=\"6538\">\n<p data-start=\"6488\" data-end=\"6538\"><strong data-start=\"6488\" data-end=\"6512\">Anna van der Breggen<\/strong> (SD Worx\u2013Protime) +0:21<\/p>\n<\/li>\n<li data-start=\"6539\" data-end=\"6593\">\n<p data-start=\"6542\" data-end=\"6593\"><strong data-start=\"6542\" data-end=\"6559\">Puck Pieterse<\/strong> (Fenix-Deceuninck) gleiche Zeit<\/p>\n<\/li>\n<li data-start=\"6594\" data-end=\"6648\">\n<p data-start=\"6597\" data-end=\"6648\"><strong data-start=\"6597\" data-end=\"6621\">Pauliena Rooijakkers<\/strong> (Fenix-Deceuninck) +0:25<\/p>\n<\/li>\n<li data-start=\"6649\" data-end=\"6702\">\n<p data-start=\"6653\" data-end=\"6702\"><strong data-start=\"6653\" data-end=\"6675\">Niamh Fisher-Black<\/strong> (Lidl-Trek) gleiche Zeit<\/p>\n<\/li>\n<\/ol>\n","protected":false},"excerpt":{"rendered":"<p>Die ersten drei Etappen der Tour de France Femmes avec Zwift 2025 (TdFFaZ) haben bereits f\u00fcr jede Menge Drama gesorgt: [&hellip;]<\/p>\n","protected":false},"author":115,"featured_media":11848,"comment_status":"open","ping_status":"open","sticky":false,"template":"","format":"standard","meta":{"footnotes":""},"categories":[1],"tags":[],"global-categories":[19],"class_list":["post-11847","post","type-post","status-publish","format-standard","has-post-thumbnail","hentry","category-allgemein","global-categories-cycling"],"yoast_head":"<!-- This site is optimized with the Yoast SEO Premium plugin v25.3 (Yoast SEO v25.9) - https:\/\/yoast.com\/wordpress\/plugins\/seo\/ -->\n<title>Favoritinnen-Sterben bei der TdFFaZ: Reusser und Longo Borghini steigen aus, Vollering st\u00fcrzt - \u0160koda We Love Cycling - Deutschland<\/title>\n<meta name=\"robots\" content=\"index, follow, max-snippet:-1, max-image-preview:large, max-video-preview:-1\" \/>\n<link rel=\"canonical\" href=\"https:\/\/www.welovecycling.com\/de\/2025\/07\/29\/favoritinnen-sterben-bei-der-tdffaz-reusser-und-longo-borghini-steigen-aus-vollering-stuerzt\/\" \/>\n<meta property=\"og:locale\" content=\"de_DE\" \/>\n<meta property=\"og:type\" content=\"article\" \/>\n<meta property=\"og:title\" content=\"Favoritinnen-Sterben bei der TdFFaZ: Reusser und Longo Borghini steigen aus, Vollering st\u00fcrzt\" \/>\n<meta property=\"og:description\" content=\"Die ersten drei Etappen der Tour de France Femmes avec Zwift 2025 (TdFFaZ) haben bereits f\u00fcr jede Menge Drama gesorgt: [&hellip;]\" \/>\n<meta property=\"og:url\" content=\"https:\/\/www.welovecycling.com\/de\/2025\/07\/29\/favoritinnen-sterben-bei-der-tdffaz-reusser-und-longo-borghini-steigen-aus-vollering-stuerzt\/\" \/>\n<meta property=\"og:site_name\" content=\"\u0160koda We Love Cycling - Deutschland\" \/>\n<meta property=\"article:published_time\" content=\"2025-07-29T10:26:46+00:00\" \/>\n<meta property=\"og:image\" content=\"https:\/\/d2p6e6u75xmxt8.cloudfront.net\/10\/2025\/07\/tdffaz.webp\" \/>\n\t<meta property=\"og:image:width\" content=\"984\" \/>\n\t<meta property=\"og:image:height\" content=\"655\" \/>\n\t<meta property=\"og:image:type\" content=\"image\/webp\" \/>\n<meta name=\"author\" content=\"jbraeker\" \/>\n<meta name=\"twitter:card\" content=\"summary_large_image\" \/>\n<meta name=\"twitter:label1\" content=\"Written by\" \/>\n\t<meta name=\"twitter:data1\" content=\"Siegfried Mortkowitz\" \/>\n\t<meta name=\"twitter:label2\" content=\"Est. reading time\" \/>\n\t<meta name=\"twitter:data2\" content=\"3\" \/>\n<script type=\"application\/ld+json\" class=\"yoast-schema-graph\">{\"@context\":\"https:\/\/schema.org\",\"@graph\":[{\"@type\":\"WebPage\",\"@id\":\"https:\/\/www.welovecycling.com\/de\/2025\/07\/29\/favoritinnen-sterben-bei-der-tdffaz-reusser-und-longo-borghini-steigen-aus-vollering-stuerzt\/\",\"url\":\"https:\/\/www.welovecycling.com\/de\/2025\/07\/29\/favoritinnen-sterben-bei-der-tdffaz-reusser-und-longo-borghini-steigen-aus-vollering-stuerzt\/\",\"name\":\"Favoritinnen-Sterben bei der TdFFaZ: Reusser und Longo Borghini steigen aus, Vollering st\u00fcrzt - \u0160koda We Love Cycling - Deutschland\",\"isPartOf\":{\"@id\":\"https:\/\/www.welovecycling.com\/de\/#website\"},\"primaryImageOfPage\":{\"@id\":\"https:\/\/www.welovecycling.com\/de\/2025\/07\/29\/favoritinnen-sterben-bei-der-tdffaz-reusser-und-longo-borghini-steigen-aus-vollering-stuerzt\/#primaryimage\"},\"image\":{\"@id\":\"https:\/\/www.welovecycling.com\/de\/2025\/07\/29\/favoritinnen-sterben-bei-der-tdffaz-reusser-und-longo-borghini-steigen-aus-vollering-stuerzt\/#primaryimage\"},\"thumbnailUrl\":\"https:\/\/d2p6e6u75xmxt8.cloudfront.net\/10\/2025\/07\/tdffaz.webp\",\"datePublished\":\"2025-07-29T10:26:46+00:00\",\"author\":{\"@id\":\"https:\/\/www.welovecycling.com\/de\/#\/schema\/person\/915694b3c8d0de9019932587781ba6b3\"},\"breadcrumb\":{\"@id\":\"https:\/\/www.welovecycling.com\/de\/2025\/07\/29\/favoritinnen-sterben-bei-der-tdffaz-reusser-und-longo-borghini-steigen-aus-vollering-stuerzt\/#breadcrumb\"},\"inLanguage\":\"de-DE\",\"potentialAction\":[{\"@type\":\"ReadAction\",\"target\":[\"https:\/\/www.welovecycling.com\/de\/2025\/07\/29\/favoritinnen-sterben-bei-der-tdffaz-reusser-und-longo-borghini-steigen-aus-vollering-stuerzt\/\"]}]},{\"@type\":\"ImageObject\",\"inLanguage\":\"de-DE\",\"@id\":\"https:\/\/www.welovecycling.com\/de\/2025\/07\/29\/favoritinnen-sterben-bei-der-tdffaz-reusser-und-longo-borghini-steigen-aus-vollering-stuerzt\/#primaryimage\",\"url\":\"https:\/\/d2p6e6u75xmxt8.cloudfront.net\/10\/2025\/07\/tdffaz.webp\",\"contentUrl\":\"https:\/\/d2p6e6u75xmxt8.cloudfront.net\/10\/2025\/07\/tdffaz.webp\",\"width\":984,\"height\":655},{\"@type\":\"BreadcrumbList\",\"@id\":\"https:\/\/www.welovecycling.com\/de\/2025\/07\/29\/favoritinnen-sterben-bei-der-tdffaz-reusser-und-longo-borghini-steigen-aus-vollering-stuerzt\/#breadcrumb\",\"itemListElement\":[{\"@type\":\"ListItem\",\"position\":1,\"name\":\"Home\",\"item\":\"https:\/\/www.welovecycling.com\/de\/\"},{\"@type\":\"ListItem\",\"position\":2,\"name\":\"Favoritinnen-Sterben bei der TdFFaZ: Reusser und Longo Borghini steigen aus, Vollering st\u00fcrzt\"}]},{\"@type\":\"WebSite\",\"@id\":\"https:\/\/www.welovecycling.com\/de\/#website\",\"url\":\"https:\/\/www.welovecycling.com\/de\/\",\"name\":\"\u0160koda We Love Cycling - Deutschland\",\"description\":\"Just another \u0160koda WeLoveCycling Sites site\",\"potentialAction\":[{\"@type\":\"SearchAction\",\"target\":{\"@type\":\"EntryPoint\",\"urlTemplate\":\"https:\/\/www.welovecycling.com\/de\/?s={search_term_string}\"},\"query-input\":{\"@type\":\"PropertyValueSpecification\",\"valueRequired\":true,\"valueName\":\"search_term_string\"}}],\"inLanguage\":\"de-DE\"},{\"@type\":\"Person\",\"@id\":\"https:\/\/www.welovecycling.com\/de\/#\/schema\/person\/915694b3c8d0de9019932587781ba6b3\",\"name\":\"jbraeker\",\"image\":{\"@type\":\"ImageObject\",\"inLanguage\":\"de-DE\",\"@id\":\"https:\/\/www.welovecycling.com\/de\/#\/schema\/person\/image\/\",\"url\":\"https:\/\/secure.gravatar.com\/avatar\/8b4aea90e4535aae30b5b720249e5b723ae59fcf3d54757dd8b748d97b46d3c9?s=96&d=mm&r=g\",\"contentUrl\":\"https:\/\/secure.gravatar.com\/avatar\/8b4aea90e4535aae30b5b720249e5b723ae59fcf3d54757dd8b748d97b46d3c9?s=96&d=mm&r=g\",\"caption\":\"jbraeker\"},\"url\":\"https:\/\/www.welovecycling.com\/de\/author\/jbraeker\/\"}]}<\/script>\n<!-- \/ Yoast SEO Premium plugin. -->","yoast_head_json":{"title":"Favoritinnen-Sterben bei der TdFFaZ: Reusser und Longo Borghini steigen aus, Vollering st\u00fcrzt - \u0160koda We Love Cycling - Deutschland","robots":{"index":"index","follow":"follow","max-snippet":"max-snippet:-1","max-image-preview":"max-image-preview:large","max-video-preview":"max-video-preview:-1"},"canonical":"https:\/\/www.welovecycling.com\/de\/2025\/07\/29\/favoritinnen-sterben-bei-der-tdffaz-reusser-und-longo-borghini-steigen-aus-vollering-stuerzt\/","og_locale":"de_DE","og_type":"article","og_title":"Favoritinnen-Sterben bei der TdFFaZ: Reusser und Longo Borghini steigen aus, Vollering st\u00fcrzt","og_description":"Die ersten drei Etappen der Tour de France Femmes avec Zwift 2025 (TdFFaZ) haben bereits f\u00fcr jede Menge Drama gesorgt: [&hellip;]","og_url":"https:\/\/www.welovecycling.com\/de\/2025\/07\/29\/favoritinnen-sterben-bei-der-tdffaz-reusser-und-longo-borghini-steigen-aus-vollering-stuerzt\/","og_site_name":"\u0160koda We Love Cycling - Deutschland","article_published_time":"2025-07-29T10:26:46+00:00","og_image":[{"width":984,"height":655,"url":"https:\/\/d2p6e6u75xmxt8.cloudfront.net\/10\/2025\/07\/tdffaz.webp","type":"image\/webp"}],"author":"jbraeker","twitter_card":"summary_large_image","twitter_misc":{"Written by":"Siegfried Mortkowitz","Est. reading time":"3"},"schema":{"@context":"https:\/\/schema.org","@graph":[{"@type":"WebPage","@id":"https:\/\/www.welovecycling.com\/de\/2025\/07\/29\/favoritinnen-sterben-bei-der-tdffaz-reusser-und-longo-borghini-steigen-aus-vollering-stuerzt\/","url":"https:\/\/www.welovecycling.com\/de\/2025\/07\/29\/favoritinnen-sterben-bei-der-tdffaz-reusser-und-longo-borghini-steigen-aus-vollering-stuerzt\/","name":"Favoritinnen-Sterben bei der TdFFaZ: Reusser und Longo Borghini steigen aus, Vollering st\u00fcrzt - \u0160koda We Love Cycling - Deutschland","isPartOf":{"@id":"https:\/\/www.welovecycling.com\/de\/#website"},"primaryImageOfPage":{"@id":"https:\/\/www.welovecycling.com\/de\/2025\/07\/29\/favoritinnen-sterben-bei-der-tdffaz-reusser-und-longo-borghini-steigen-aus-vollering-stuerzt\/#primaryimage"},"image":{"@id":"https:\/\/www.welovecycling.com\/de\/2025\/07\/29\/favoritinnen-sterben-bei-der-tdffaz-reusser-und-longo-borghini-steigen-aus-vollering-stuerzt\/#primaryimage"},"thumbnailUrl":"https:\/\/d2p6e6u75xmxt8.cloudfront.net\/10\/2025\/07\/tdffaz.webp","datePublished":"2025-07-29T10:26:46+00:00","author":{"@id":"https:\/\/www.welovecycling.com\/de\/#\/schema\/person\/915694b3c8d0de9019932587781ba6b3"},"breadcrumb":{"@id":"https:\/\/www.welovecycling.com\/de\/2025\/07\/29\/favoritinnen-sterben-bei-der-tdffaz-reusser-und-longo-borghini-steigen-aus-vollering-stuerzt\/#breadcrumb"},"inLanguage":"de-DE","potentialAction":[{"@type":"ReadAction","target":["https:\/\/www.welovecycling.com\/de\/2025\/07\/29\/favoritinnen-sterben-bei-der-tdffaz-reusser-und-longo-borghini-steigen-aus-vollering-stuerzt\/"]}]},{"@type":"ImageObject","inLanguage":"de-DE","@id":"https:\/\/www.welovecycling.com\/de\/2025\/07\/29\/favoritinnen-sterben-bei-der-tdffaz-reusser-und-longo-borghini-steigen-aus-vollering-stuerzt\/#primaryimage","url":"https:\/\/d2p6e6u75xmxt8.cloudfront.net\/10\/2025\/07\/tdffaz.webp","contentUrl":"https:\/\/d2p6e6u75xmxt8.cloudfront.net\/10\/2025\/07\/tdffaz.webp","width":984,"height":655},{"@type":"BreadcrumbList","@id":"https:\/\/www.welovecycling.com\/de\/2025\/07\/29\/favoritinnen-sterben-bei-der-tdffaz-reusser-und-longo-borghini-steigen-aus-vollering-stuerzt\/#breadcrumb","itemListElement":[{"@type":"ListItem","position":1,"name":"Home","item":"https:\/\/www.welovecycling.com\/de\/"},{"@type":"ListItem","position":2,"name":"Favoritinnen-Sterben bei der TdFFaZ: Reusser und Longo Borghini steigen aus, Vollering st\u00fcrzt"}]},{"@type":"WebSite","@id":"https:\/\/www.welovecycling.com\/de\/#website","url":"https:\/\/www.welovecycling.com\/de\/","name":"\u0160koda We Love Cycling - Deutschland","description":"Just another \u0160koda WeLoveCycling Sites site","potentialAction":[{"@type":"SearchAction","target":{"@type":"EntryPoint","urlTemplate":"https:\/\/www.welovecycling.com\/de\/?s={search_term_string}"},"query-input":{"@type":"PropertyValueSpecification","valueRequired":true,"valueName":"search_term_string"}}],"inLanguage":"de-DE"},{"@type":"Person","@id":"https:\/\/www.welovecycling.com\/de\/#\/schema\/person\/915694b3c8d0de9019932587781ba6b3","name":"jbraeker","image":{"@type":"ImageObject","inLanguage":"de-DE","@id":"https:\/\/www.welovecycling.com\/de\/#\/schema\/person\/image\/","url":"https:\/\/secure.gravatar.com\/avatar\/8b4aea90e4535aae30b5b720249e5b723ae59fcf3d54757dd8b748d97b46d3c9?s=96&d=mm&r=g","contentUrl":"https:\/\/secure.gravatar.com\/avatar\/8b4aea90e4535aae30b5b720249e5b723ae59fcf3d54757dd8b748d97b46d3c9?s=96&d=mm&r=g","caption":"jbraeker"},"url":"https:\/\/www.welovecycling.com\/de\/author\/jbraeker\/"}]}},"_links":{"self":[{"href":"https:\/\/www.welovecycling.com\/de\/wp-json\/wp\/v2\/posts\/11847","targetHints":{"allow":["GET"]}}],"collection":[{"href":"https:\/\/www.welovecycling.com\/de\/wp-json\/wp\/v2\/posts"}],"about":[{"href":"https:\/\/www.welovecycling.com\/de\/wp-json\/wp\/v2\/types\/post"}],"author":[{"embeddable":true,"href":"https:\/\/www.welovecycling.com\/de\/wp-json\/wp\/v2\/users\/115"}],"replies":[{"embeddable":true,"href":"https:\/\/www.welovecycling.com\/de\/wp-json\/wp\/v2\/comments?post=11847"}],"version-history":[{"count":1,"href":"https:\/\/www.welovecycling.com\/de\/wp-json\/wp\/v2\/posts\/11847\/revisions"}],"predecessor-version":[{"id":11849,"href":"https:\/\/www.welovecycling.com\/de\/wp-json\/wp\/v2\/posts\/11847\/revisions\/11849"}],"wp:featuredmedia":[{"embeddable":true,"href":"https:\/\/www.welovecycling.com\/de\/wp-json\/wp\/v2\/media\/11848"}],"wp:attachment":[{"href":"https:\/\/www.welovecycling.com\/de\/wp-json\/wp\/v2\/media?parent=11847"}],"wp:term":[{"taxonomy":"category","embeddable":true,"href":"https:\/\/www.welovecycling.com\/de\/wp-json\/wp\/v2\/categories?post=11847"},{"taxonomy":"post_tag","embeddable":true,"href":"https:\/\/www.welovecycling.com\/de\/wp-json\/wp\/v2\/tags?post=11847"},{"taxonomy":"global-categories","embeddable":true,"href":"https:\/\/www.welovecycling.com\/de\/wp-json\/wp\/v2\/global-categories?post=11847"}],"curies":[{"name":"wp","href":"https:\/\/api.w.org\/{rel}","templated":true}]}}