{"id":11843,"date":"2025-07-29T11:21:00","date_gmt":"2025-07-29T10:21:00","guid":{"rendered":"https:\/\/www.welovecycling.com\/de\/?p=11843"},"modified":"2025-07-29T11:21:00","modified_gmt":"2025-07-29T10:21:00","slug":"jonathan-milan-gewinnt-das-skoda-gruene-trikot-mit-spaetem-punktsprint","status":"publish","type":"post","link":"https:\/\/www.welovecycling.com\/de\/2025\/07\/29\/jonathan-milan-gewinnt-das-skoda-gruene-trikot-mit-spaetem-punktsprint\/","title":{"rendered":"Jonathan Milan gewinnt das \u0160koda-Gr\u00fcne Trikot mit sp\u00e4tem Punktsprint"},"content":{"rendered":"<p data-start=\"133\" data-end=\"535\">Jonathan Milan (Lidl-Trek) hat sich mit einem sp\u00e4ten Etappensieg und einer gezielten Jagd auf Zwischensprintpunkte (IS) das \u0160koda-Gr\u00fcne Trikot gesichert \u2013 und damit Tadej Poga\u010dar (UAE Team Emirates\u2013XRG) ausgestochen, der an dieser Wertung nicht aktiv teilnahm. Milan gewann mit 372 Punkten vor dem Tr\u00e4ger des Gelben Trikots (294 Punkte), Dritter wurde Biniam Girmay (Intermarch\u00e9-Wanty) mit 232 Punkten.<\/p>\n<p data-start=\"537\" data-end=\"1203\">Milan gewann zwei Etappen \u2013 genauso viele wie Tim Merlier (Soudal Quick-Step), der mit 156 Punkten den siebten Platz in der Punktewertung belegte. Milan wurde zum klaren Favoriten, nachdem sein Hauptkonkurrent Jasper Philipsen (Alpecin-Deceuninck) auf der dritten Etappe bei einem Zwischensprint st\u00fcrzte und sich das Schl\u00fcsselbein brach. Philipsen, der Gewinner des Gr\u00fcnen Trikots von 2023, hatte die Auftaktetappe f\u00fcr sich entschieden, w\u00e4hrend Milan aufgrund von Seitenwind abgeh\u00e4ngt wurde und nicht wieder ins Feld zur\u00fcckfand. Doch dann kam es zur folgenschweren Kollision von Bryan Coquard (Cofidis) und Edward Theuns (Lidl-Trek), die Philipsen mit zu Boden riss.<\/p>\n<p data-start=\"1205\" data-end=\"1399\">\u201eIch bin super zufrieden mit dem Verlauf der Tour f\u00fcr uns\u201c, sagte Milan nach der 21. Etappe. \u201eIch m\u00f6chte in den kommenden Jahren auf jeden Fall zur\u00fcckkehren \u2013 je nachdem, wie der Kurs aussieht.\u201c<\/p>\n<p data-start=\"1401\" data-end=\"1686\">Ein Problem f\u00fcr ihn und andere Sprinter war die Entscheidung der Veranstalter, drei Anstiege der C\u00f4te de la Butte Montmartre in die letzte Etappe einzubauen. Das verwandelte das Finale eher in ein Klassiker-\u00e4hnliches Rennen als in die traditionelle Sprintetappe auf den Champs-\u00c9lys\u00e9es.<\/p>\n<p data-start=\"1401\" data-end=\"1686\">\n<blockquote class=\"instagram-media\" data-instgrm-captioned data-instgrm-permalink=\"https:\/\/www.instagram.com\/reel\/DMn7Fy0scu-\/?utm_source=ig_embed&amp;utm_campaign=loading\" data-instgrm-version=\"14\" style=\" background:#FFF; border:0; border-radius:3px; box-shadow:0 0 1px 0 rgba(0,0,0,0.5),0 1px 10px 0 rgba(0,0,0,0.15); margin: 1px; max-width:540px; min-width:326px; padding:0; width:99.375%; width:-webkit-calc(100% - 2px); width:calc(100% - 2px);\">\n<div style=\"padding:16px;\"> <a href=\"https:\/\/www.instagram.com\/reel\/DMn7Fy0scu-\/?utm_source=ig_embed&amp;utm_campaign=loading\" style=\" background:#FFFFFF; line-height:0; padding:0 0; text-align:center; text-decoration:none; width:100%;\" target=\"_blank\"> <\/p>\n<div style=\" display: flex; flex-direction: row; align-items: center;\">\n<div style=\"background-color: #F4F4F4; border-radius: 50%; flex-grow: 0; height: 40px; margin-right: 14px; width: 40px;\"><\/div>\n<div style=\"display: flex; flex-direction: column; flex-grow: 1; justify-content: center;\">\n<div style=\" background-color: #F4F4F4; border-radius: 4px; flex-grow: 0; height: 14px; margin-bottom: 6px; width: 100px;\"><\/div>\n<div style=\" background-color: #F4F4F4; border-radius: 4px; flex-grow: 0; height: 14px; width: 60px;\"><\/div>\n<\/div>\n<\/div>\n<div style=\"padding: 19% 0;\"><\/div>\n<div style=\"display:block; height:50px; margin:0 auto 12px; width:50px;\"><svg width=\"50px\" height=\"50px\" viewBox=\"0 0 60 60\" version=\"1.1\" xmlns=\"https:\/\/www.w3.org\/2000\/svg\" xmlns:xlink=\"https:\/\/www.w3.org\/1999\/xlink\"><g stroke=\"none\" stroke-width=\"1\" fill=\"none\" fill-rule=\"evenodd\"><g transform=\"translate(-511.000000, -20.000000)\" fill=\"#000000\"><g><path d=\"M556.869,30.41 C554.814,30.41 553.148,32.076 553.148,34.131 C553.148,36.186 554.814,37.852 556.869,37.852 C558.924,37.852 560.59,36.186 560.59,34.131 C560.59,32.076 558.924,30.41 556.869,30.41 M541,60.657 C535.114,60.657 530.342,55.887 530.342,50 C530.342,44.114 535.114,39.342 541,39.342 C546.887,39.342 551.658,44.114 551.658,50 C551.658,55.887 546.887,60.657 541,60.657 M541,33.886 C532.1,33.886 524.886,41.1 524.886,50 C524.886,58.899 532.1,66.113 541,66.113 C549.9,66.113 557.115,58.899 557.115,50 C557.115,41.1 549.9,33.886 541,33.886 M565.378,62.101 C565.244,65.022 564.756,66.606 564.346,67.663 C563.803,69.06 563.154,70.057 562.106,71.106 C561.058,72.155 560.06,72.803 558.662,73.347 C557.607,73.757 556.021,74.244 553.102,74.378 C549.944,74.521 548.997,74.552 541,74.552 C533.003,74.552 532.056,74.521 528.898,74.378 C525.979,74.244 524.393,73.757 523.338,73.347 C521.94,72.803 520.942,72.155 519.894,71.106 C518.846,70.057 518.197,69.06 517.654,67.663 C517.244,66.606 516.755,65.022 516.623,62.101 C516.479,58.943 516.448,57.996 516.448,50 C516.448,42.003 516.479,41.056 516.623,37.899 C516.755,34.978 517.244,33.391 517.654,32.338 C518.197,30.938 518.846,29.942 519.894,28.894 C520.942,27.846 521.94,27.196 523.338,26.654 C524.393,26.244 525.979,25.756 528.898,25.623 C532.057,25.479 533.004,25.448 541,25.448 C548.997,25.448 549.943,25.479 553.102,25.623 C556.021,25.756 557.607,26.244 558.662,26.654 C560.06,27.196 561.058,27.846 562.106,28.894 C563.154,29.942 563.803,30.938 564.346,32.338 C564.756,33.391 565.244,34.978 565.378,37.899 C565.522,41.056 565.552,42.003 565.552,50 C565.552,57.996 565.522,58.943 565.378,62.101 M570.82,37.631 C570.674,34.438 570.167,32.258 569.425,30.349 C568.659,28.377 567.633,26.702 565.965,25.035 C564.297,23.368 562.623,22.342 560.652,21.575 C558.743,20.834 556.562,20.326 553.369,20.18 C550.169,20.033 549.148,20 541,20 C532.853,20 531.831,20.033 528.631,20.18 C525.438,20.326 523.257,20.834 521.349,21.575 C519.376,22.342 517.703,23.368 516.035,25.035 C514.368,26.702 513.342,28.377 512.574,30.349 C511.834,32.258 511.326,34.438 511.181,37.631 C511.035,40.831 511,41.851 511,50 C511,58.147 511.035,59.17 511.181,62.369 C511.326,65.562 511.834,67.743 512.574,69.651 C513.342,71.625 514.368,73.296 516.035,74.965 C517.703,76.634 519.376,77.658 521.349,78.425 C523.257,79.167 525.438,79.673 528.631,79.82 C531.831,79.965 532.853,80.001 541,80.001 C549.148,80.001 550.169,79.965 553.369,79.82 C556.562,79.673 558.743,79.167 560.652,78.425 C562.623,77.658 564.297,76.634 565.965,74.965 C567.633,73.296 568.659,71.625 569.425,69.651 C570.167,67.743 570.674,65.562 570.82,62.369 C570.966,59.17 571,58.147 571,50 C571,41.851 570.966,40.831 570.82,37.631\"><\/path><\/g><\/g><\/g><\/svg><\/div>\n<div style=\"padding-top: 8px;\">\n<div style=\" color:#3897f0; font-family:Arial,sans-serif; font-size:14px; font-style:normal; font-weight:550; line-height:18px;\">Sieh dir diesen Beitrag auf Instagram an<\/div>\n<\/div>\n<div style=\"padding: 12.5% 0;\"><\/div>\n<div style=\"display: flex; flex-direction: row; margin-bottom: 14px; align-items: center;\">\n<div>\n<div style=\"background-color: #F4F4F4; border-radius: 50%; height: 12.5px; width: 12.5px; transform: translateX(0px) translateY(7px);\"><\/div>\n<div style=\"background-color: #F4F4F4; height: 12.5px; transform: rotate(-45deg) translateX(3px) translateY(1px); width: 12.5px; flex-grow: 0; margin-right: 14px; margin-left: 2px;\"><\/div>\n<div style=\"background-color: #F4F4F4; border-radius: 50%; height: 12.5px; width: 12.5px; transform: translateX(9px) translateY(-18px);\"><\/div>\n<\/div>\n<div style=\"margin-left: 8px;\">\n<div style=\" background-color: #F4F4F4; border-radius: 50%; flex-grow: 0; height: 20px; width: 20px;\"><\/div>\n<div style=\" width: 0; height: 0; border-top: 2px solid transparent; border-left: 6px solid #f4f4f4; border-bottom: 2px solid transparent; transform: translateX(16px) translateY(-4px) rotate(30deg)\"><\/div>\n<\/div>\n<div style=\"margin-left: auto;\">\n<div style=\" width: 0px; border-top: 8px solid #F4F4F4; border-right: 8px solid transparent; transform: translateY(16px);\"><\/div>\n<div style=\" background-color: #F4F4F4; flex-grow: 0; height: 12px; width: 16px; transform: translateY(-4px);\"><\/div>\n<div style=\" width: 0; height: 0; border-top: 8px solid #F4F4F4; border-left: 8px solid transparent; transform: translateY(-4px) translateX(8px);\"><\/div>\n<\/div>\n<\/div>\n<div style=\"display: flex; flex-direction: column; flex-grow: 1; justify-content: center; margin-bottom: 24px;\">\n<div style=\" background-color: #F4F4F4; border-radius: 4px; flex-grow: 0; height: 14px; margin-bottom: 6px; width: 224px;\"><\/div>\n<div style=\" background-color: #F4F4F4; border-radius: 4px; flex-grow: 0; height: 14px; width: 144px;\"><\/div>\n<\/div>\n<p><\/a><\/p>\n<p style=\" color:#c9c8cd; font-family:Arial,sans-serif; font-size:14px; line-height:17px; margin-bottom:0; margin-top:8px; overflow:hidden; padding:8px 0 7px; text-align:center; text-overflow:ellipsis; white-space:nowrap;\"><a href=\"https:\/\/www.instagram.com\/reel\/DMn7Fy0scu-\/?utm_source=ig_embed&amp;utm_campaign=loading\" style=\" color:#c9c8cd; font-family:Arial,sans-serif; font-size:14px; font-style:normal; font-weight:normal; line-height:17px; text-decoration:none;\" target=\"_blank\">Ein Beitrag geteilt von S\u030ckoda We Love Cycling France (@skodawelovecyclingfrance)<\/a><\/p>\n<\/div>\n<\/blockquote>\n<p><script async src=\"\/\/www.instagram.com\/embed.js\"><\/script><\/p>\n<p data-start=\"1688\" data-end=\"2002\">\u201eDie Jungs haben beim ersten Montmartre-Anstieg wirklich alles f\u00fcr mich gegeben, aber es war einfach zu hart. Danach konnte ich die Etappe richtig genie\u00dfen\u201c, sagte Milan. \u201eMein Traum war ein Sprintfinale \u2013 das hier war das komplette Gegenteil. Aber ich habe mein Bestes gegeben und bin gl\u00fccklich mit unserer Tour.\u201c<\/p>\n<p data-start=\"2004\" data-end=\"2299\">Er erg\u00e4nzte: \u201eIch habe in dieser Ausgabe wirklich gelitten, aber ich m\u00f6chte das alles gerne wieder erleben. Die Tour war ein gro\u00dfes Ziel f\u00fcr unser Team, und seitdem ich Profi bin, war es mein Traum, in Paris das Gr\u00fcne Trikot zu tragen. Heute haben wir viel erreicht \u2013 ich bin sehr stolz darauf.\u201c<\/p>\n<p data-start=\"2301\" data-end=\"2889\">Milan fuhr seine erste Tour de France, nachdem er bereits 2023 und 2024 die Punktewertung beim Giro d\u2019Italia gewonnen hatte. Der 24-j\u00e4hrige Italiener ist auf Jahre hinaus ein Anw\u00e4rter auf das Gr\u00fcne Trikot bei Grand Tours. Einer seiner k\u00fcnftigen Rivalen wird sicherlich der \u0160koda-Sieger des Vorjahres sein: Biniam Girmay. Der 25-j\u00e4hrige Eritreer kam in diesem Jahr nicht in Bestform zur Tour und konnte keinen Etappensieg feiern. \u201eIch war besser als letztes Jahr, aber wir haben nie unseren Rhythmus gefunden\u201c, sagte er. \u201eWir h\u00e4tten besser abschneiden k\u00f6nnen, aber wir haben viel gelernt.\u201c<\/p>\n<p data-start=\"2891\" data-end=\"3246\">Interessant war auch die Rolle von Philipsens Teamkollegen Mathieu van der Poel. Viele vermuteten, der Weltmeister im Gravel- und Cross-Country-Radsport k\u00f6nnte nach dem Ausfall von Philipsen auf das Gr\u00fcne Trikot schielen \u2013 zumal viele Etappen seinem Ein-Tages-Rennstil lagen und die Veranstalter 50 Punkte f\u00fcr die Sieger dieser h\u00fcgeligen Etappen vergaben.<\/p>\n<p data-start=\"3248\" data-end=\"3613\">Van der Poel gewann Etappe 2, wurde Dritter auf den Etappen 4 und 11 und lag danach auf Rang drei in der Punktewertung. Zwar bestritt er, dass er an der Gesamtwertung interessiert sei, beteiligte sich aber gelegentlich an Zwischensprints. Nach einer Lungenentz\u00fcndung stieg er schlie\u00dflich vor Etappe 16 aus \u2013 wir werden also nie sicher wissen, was seine Absicht war.<\/p>\n<p data-start=\"3615\" data-end=\"3969\">Poga\u010dar lag nach Etappe 16 mit nur 11 Punkten R\u00fcckstand auf Milan, vor allem dank seiner vier Etappensiege. H\u00e4tte Milan nicht noch eine weitere Etappe gewonnen, h\u00e4tte es f\u00fcr den Slowenen eng werden k\u00f6nnen. Doch Milan gewann Etappe 17 und sammelte weitere IS-Punkte auf den folgenden Etappen, w\u00e4hrend Poga\u010dar keine Etappe mehr f\u00fcr sich entscheiden konnte.<\/p>\n<p data-start=\"3971\" data-end=\"4249\">\u201eEs war ein harter Kampf, aber wir haben ihn verdient\u201c, sagte Milan. \u201eAm Montag will ich ausschlafen \u2013 am liebsten bis zehn Uhr oder l\u00e4nger. Und dann esse ich Pizza, eine sch\u00f6ne Margherita. Ich werde die Leute bei der Tour vermissen \u2013 aber ganz sicher nicht die Anstiege, haha!\u201c<\/p>\n","protected":false},"excerpt":{"rendered":"<p>Jonathan Milan (Lidl-Trek) hat sich mit einem sp\u00e4ten Etappensieg und einer gezielten Jagd auf Zwischensprintpunkte (IS) das \u0160koda-Gr\u00fcne Trikot gesichert [&hellip;]<\/p>\n","protected":false},"author":115,"featured_media":11844,"comment_status":"open","ping_status":"open","sticky":false,"template":"","format":"standard","meta":{"footnotes":""},"categories":[1],"tags":[],"global-categories":[19],"class_list":["post-11843","post","type-post","status-publish","format-standard","has-post-thumbnail","hentry","category-allgemein","global-categories-cycling"],"yoast_head":"<!-- This site is optimized with the Yoast SEO Premium plugin v25.3 (Yoast SEO v25.9) - https:\/\/yoast.com\/wordpress\/plugins\/seo\/ -->\n<title>Jonathan Milan gewinnt das \u0160koda-Gr\u00fcne Trikot mit sp\u00e4tem Punktsprint - \u0160koda We Love Cycling - Deutschland<\/title>\n<meta name=\"description\" content=\"Jonathan Milan sichert sich mit starkem Endspurt das \u0160koda-Gr\u00fcne Trikot der Tour de France 2025 \u2013 und verweist Poga\u010dar und Girmay auf die Pl\u00e4tze.\" \/>\n<meta name=\"robots\" content=\"index, follow, max-snippet:-1, max-image-preview:large, max-video-preview:-1\" \/>\n<link rel=\"canonical\" href=\"https:\/\/www.welovecycling.com\/de\/2025\/07\/29\/jonathan-milan-gewinnt-das-skoda-gruene-trikot-mit-spaetem-punktsprint\/\" \/>\n<meta property=\"og:locale\" content=\"de_DE\" \/>\n<meta property=\"og:type\" content=\"article\" \/>\n<meta property=\"og:title\" content=\"Jonathan Milan gewinnt das \u0160koda-Gr\u00fcne Trikot mit sp\u00e4tem Punktsprint\" \/>\n<meta property=\"og:description\" content=\"Jonathan Milan sichert sich mit starkem Endspurt das \u0160koda-Gr\u00fcne Trikot der Tour de France 2025 \u2013 und verweist Poga\u010dar und Girmay auf die Pl\u00e4tze.\" \/>\n<meta property=\"og:url\" content=\"https:\/\/www.welovecycling.com\/de\/2025\/07\/29\/jonathan-milan-gewinnt-das-skoda-gruene-trikot-mit-spaetem-punktsprint\/\" \/>\n<meta property=\"og:site_name\" content=\"\u0160koda We Love Cycling - Deutschland\" \/>\n<meta property=\"article:published_time\" content=\"2025-07-29T10:21:00+00:00\" \/>\n<meta property=\"og:image\" content=\"https:\/\/d2p6e6u75xmxt8.cloudfront.net\/10\/2025\/07\/milan3.webp\" \/>\n\t<meta property=\"og:image:width\" content=\"977\" \/>\n\t<meta property=\"og:image:height\" content=\"654\" \/>\n\t<meta property=\"og:image:type\" content=\"image\/webp\" \/>\n<meta name=\"author\" content=\"jbraeker\" \/>\n<meta name=\"twitter:card\" content=\"summary_large_image\" \/>\n<meta name=\"twitter:label1\" content=\"Written by\" \/>\n\t<meta name=\"twitter:data1\" content=\"Siegfried Mortkowitz\" \/>\n\t<meta name=\"twitter:label2\" content=\"Est. reading time\" \/>\n\t<meta name=\"twitter:data2\" content=\"3\" \/>\n<script type=\"application\/ld+json\" class=\"yoast-schema-graph\">{\"@context\":\"https:\/\/schema.org\",\"@graph\":[{\"@type\":\"WebPage\",\"@id\":\"https:\/\/www.welovecycling.com\/de\/2025\/07\/29\/jonathan-milan-gewinnt-das-skoda-gruene-trikot-mit-spaetem-punktsprint\/\",\"url\":\"https:\/\/www.welovecycling.com\/de\/2025\/07\/29\/jonathan-milan-gewinnt-das-skoda-gruene-trikot-mit-spaetem-punktsprint\/\",\"name\":\"Jonathan Milan gewinnt das \u0160koda-Gr\u00fcne Trikot mit sp\u00e4tem Punktsprint - \u0160koda We Love Cycling - Deutschland\",\"isPartOf\":{\"@id\":\"https:\/\/www.welovecycling.com\/de\/#website\"},\"primaryImageOfPage\":{\"@id\":\"https:\/\/www.welovecycling.com\/de\/2025\/07\/29\/jonathan-milan-gewinnt-das-skoda-gruene-trikot-mit-spaetem-punktsprint\/#primaryimage\"},\"image\":{\"@id\":\"https:\/\/www.welovecycling.com\/de\/2025\/07\/29\/jonathan-milan-gewinnt-das-skoda-gruene-trikot-mit-spaetem-punktsprint\/#primaryimage\"},\"thumbnailUrl\":\"https:\/\/d2p6e6u75xmxt8.cloudfront.net\/10\/2025\/07\/milan3.webp\",\"datePublished\":\"2025-07-29T10:21:00+00:00\",\"author\":{\"@id\":\"https:\/\/www.welovecycling.com\/de\/#\/schema\/person\/915694b3c8d0de9019932587781ba6b3\"},\"description\":\"Jonathan Milan sichert sich mit starkem Endspurt das \u0160koda-Gr\u00fcne Trikot der Tour de France 2025 \u2013 und verweist Poga\u010dar und Girmay auf die Pl\u00e4tze.\",\"breadcrumb\":{\"@id\":\"https:\/\/www.welovecycling.com\/de\/2025\/07\/29\/jonathan-milan-gewinnt-das-skoda-gruene-trikot-mit-spaetem-punktsprint\/#breadcrumb\"},\"inLanguage\":\"de-DE\",\"potentialAction\":[{\"@type\":\"ReadAction\",\"target\":[\"https:\/\/www.welovecycling.com\/de\/2025\/07\/29\/jonathan-milan-gewinnt-das-skoda-gruene-trikot-mit-spaetem-punktsprint\/\"]}]},{\"@type\":\"ImageObject\",\"inLanguage\":\"de-DE\",\"@id\":\"https:\/\/www.welovecycling.com\/de\/2025\/07\/29\/jonathan-milan-gewinnt-das-skoda-gruene-trikot-mit-spaetem-punktsprint\/#primaryimage\",\"url\":\"https:\/\/d2p6e6u75xmxt8.cloudfront.net\/10\/2025\/07\/milan3.webp\",\"contentUrl\":\"https:\/\/d2p6e6u75xmxt8.cloudfront.net\/10\/2025\/07\/milan3.webp\",\"width\":977,\"height\":654},{\"@type\":\"BreadcrumbList\",\"@id\":\"https:\/\/www.welovecycling.com\/de\/2025\/07\/29\/jonathan-milan-gewinnt-das-skoda-gruene-trikot-mit-spaetem-punktsprint\/#breadcrumb\",\"itemListElement\":[{\"@type\":\"ListItem\",\"position\":1,\"name\":\"Home\",\"item\":\"https:\/\/www.welovecycling.com\/de\/\"},{\"@type\":\"ListItem\",\"position\":2,\"name\":\"Jonathan Milan gewinnt das \u0160koda-Gr\u00fcne Trikot mit sp\u00e4tem Punktsprint\"}]},{\"@type\":\"WebSite\",\"@id\":\"https:\/\/www.welovecycling.com\/de\/#website\",\"url\":\"https:\/\/www.welovecycling.com\/de\/\",\"name\":\"\u0160koda We Love Cycling - Deutschland\",\"description\":\"Just another \u0160koda WeLoveCycling Sites site\",\"potentialAction\":[{\"@type\":\"SearchAction\",\"target\":{\"@type\":\"EntryPoint\",\"urlTemplate\":\"https:\/\/www.welovecycling.com\/de\/?s={search_term_string}\"},\"query-input\":{\"@type\":\"PropertyValueSpecification\",\"valueRequired\":true,\"valueName\":\"search_term_string\"}}],\"inLanguage\":\"de-DE\"},{\"@type\":\"Person\",\"@id\":\"https:\/\/www.welovecycling.com\/de\/#\/schema\/person\/915694b3c8d0de9019932587781ba6b3\",\"name\":\"jbraeker\",\"image\":{\"@type\":\"ImageObject\",\"inLanguage\":\"de-DE\",\"@id\":\"https:\/\/www.welovecycling.com\/de\/#\/schema\/person\/image\/\",\"url\":\"https:\/\/secure.gravatar.com\/avatar\/8b4aea90e4535aae30b5b720249e5b723ae59fcf3d54757dd8b748d97b46d3c9?s=96&d=mm&r=g\",\"contentUrl\":\"https:\/\/secure.gravatar.com\/avatar\/8b4aea90e4535aae30b5b720249e5b723ae59fcf3d54757dd8b748d97b46d3c9?s=96&d=mm&r=g\",\"caption\":\"jbraeker\"},\"url\":\"https:\/\/www.welovecycling.com\/de\/author\/jbraeker\/\"}]}<\/script>\n<!-- \/ Yoast SEO Premium plugin. -->","yoast_head_json":{"title":"Jonathan Milan gewinnt das \u0160koda-Gr\u00fcne Trikot mit sp\u00e4tem Punktsprint - \u0160koda We Love Cycling - Deutschland","description":"Jonathan Milan sichert sich mit starkem Endspurt das \u0160koda-Gr\u00fcne Trikot der Tour de France 2025 \u2013 und verweist Poga\u010dar und Girmay auf die Pl\u00e4tze.","robots":{"index":"index","follow":"follow","max-snippet":"max-snippet:-1","max-image-preview":"max-image-preview:large","max-video-preview":"max-video-preview:-1"},"canonical":"https:\/\/www.welovecycling.com\/de\/2025\/07\/29\/jonathan-milan-gewinnt-das-skoda-gruene-trikot-mit-spaetem-punktsprint\/","og_locale":"de_DE","og_type":"article","og_title":"Jonathan Milan gewinnt das \u0160koda-Gr\u00fcne Trikot mit sp\u00e4tem Punktsprint","og_description":"Jonathan Milan sichert sich mit starkem Endspurt das \u0160koda-Gr\u00fcne Trikot der Tour de France 2025 \u2013 und verweist Poga\u010dar und Girmay auf die Pl\u00e4tze.","og_url":"https:\/\/www.welovecycling.com\/de\/2025\/07\/29\/jonathan-milan-gewinnt-das-skoda-gruene-trikot-mit-spaetem-punktsprint\/","og_site_name":"\u0160koda We Love Cycling - Deutschland","article_published_time":"2025-07-29T10:21:00+00:00","og_image":[{"width":977,"height":654,"url":"https:\/\/d2p6e6u75xmxt8.cloudfront.net\/10\/2025\/07\/milan3.webp","type":"image\/webp"}],"author":"jbraeker","twitter_card":"summary_large_image","twitter_misc":{"Written by":"Siegfried Mortkowitz","Est. reading time":"3"},"schema":{"@context":"https:\/\/schema.org","@graph":[{"@type":"WebPage","@id":"https:\/\/www.welovecycling.com\/de\/2025\/07\/29\/jonathan-milan-gewinnt-das-skoda-gruene-trikot-mit-spaetem-punktsprint\/","url":"https:\/\/www.welovecycling.com\/de\/2025\/07\/29\/jonathan-milan-gewinnt-das-skoda-gruene-trikot-mit-spaetem-punktsprint\/","name":"Jonathan Milan gewinnt das \u0160koda-Gr\u00fcne Trikot mit sp\u00e4tem Punktsprint - \u0160koda We Love Cycling - Deutschland","isPartOf":{"@id":"https:\/\/www.welovecycling.com\/de\/#website"},"primaryImageOfPage":{"@id":"https:\/\/www.welovecycling.com\/de\/2025\/07\/29\/jonathan-milan-gewinnt-das-skoda-gruene-trikot-mit-spaetem-punktsprint\/#primaryimage"},"image":{"@id":"https:\/\/www.welovecycling.com\/de\/2025\/07\/29\/jonathan-milan-gewinnt-das-skoda-gruene-trikot-mit-spaetem-punktsprint\/#primaryimage"},"thumbnailUrl":"https:\/\/d2p6e6u75xmxt8.cloudfront.net\/10\/2025\/07\/milan3.webp","datePublished":"2025-07-29T10:21:00+00:00","author":{"@id":"https:\/\/www.welovecycling.com\/de\/#\/schema\/person\/915694b3c8d0de9019932587781ba6b3"},"description":"Jonathan Milan sichert sich mit starkem Endspurt das \u0160koda-Gr\u00fcne Trikot der Tour de France 2025 \u2013 und verweist Poga\u010dar und Girmay auf die Pl\u00e4tze.","breadcrumb":{"@id":"https:\/\/www.welovecycling.com\/de\/2025\/07\/29\/jonathan-milan-gewinnt-das-skoda-gruene-trikot-mit-spaetem-punktsprint\/#breadcrumb"},"inLanguage":"de-DE","potentialAction":[{"@type":"ReadAction","target":["https:\/\/www.welovecycling.com\/de\/2025\/07\/29\/jonathan-milan-gewinnt-das-skoda-gruene-trikot-mit-spaetem-punktsprint\/"]}]},{"@type":"ImageObject","inLanguage":"de-DE","@id":"https:\/\/www.welovecycling.com\/de\/2025\/07\/29\/jonathan-milan-gewinnt-das-skoda-gruene-trikot-mit-spaetem-punktsprint\/#primaryimage","url":"https:\/\/d2p6e6u75xmxt8.cloudfront.net\/10\/2025\/07\/milan3.webp","contentUrl":"https:\/\/d2p6e6u75xmxt8.cloudfront.net\/10\/2025\/07\/milan3.webp","width":977,"height":654},{"@type":"BreadcrumbList","@id":"https:\/\/www.welovecycling.com\/de\/2025\/07\/29\/jonathan-milan-gewinnt-das-skoda-gruene-trikot-mit-spaetem-punktsprint\/#breadcrumb","itemListElement":[{"@type":"ListItem","position":1,"name":"Home","item":"https:\/\/www.welovecycling.com\/de\/"},{"@type":"ListItem","position":2,"name":"Jonathan Milan gewinnt das \u0160koda-Gr\u00fcne Trikot mit sp\u00e4tem Punktsprint"}]},{"@type":"WebSite","@id":"https:\/\/www.welovecycling.com\/de\/#website","url":"https:\/\/www.welovecycling.com\/de\/","name":"\u0160koda We Love Cycling - Deutschland","description":"Just another \u0160koda WeLoveCycling Sites site","potentialAction":[{"@type":"SearchAction","target":{"@type":"EntryPoint","urlTemplate":"https:\/\/www.welovecycling.com\/de\/?s={search_term_string}"},"query-input":{"@type":"PropertyValueSpecification","valueRequired":true,"valueName":"search_term_string"}}],"inLanguage":"de-DE"},{"@type":"Person","@id":"https:\/\/www.welovecycling.com\/de\/#\/schema\/person\/915694b3c8d0de9019932587781ba6b3","name":"jbraeker","image":{"@type":"ImageObject","inLanguage":"de-DE","@id":"https:\/\/www.welovecycling.com\/de\/#\/schema\/person\/image\/","url":"https:\/\/secure.gravatar.com\/avatar\/8b4aea90e4535aae30b5b720249e5b723ae59fcf3d54757dd8b748d97b46d3c9?s=96&d=mm&r=g","contentUrl":"https:\/\/secure.gravatar.com\/avatar\/8b4aea90e4535aae30b5b720249e5b723ae59fcf3d54757dd8b748d97b46d3c9?s=96&d=mm&r=g","caption":"jbraeker"},"url":"https:\/\/www.welovecycling.com\/de\/author\/jbraeker\/"}]}},"_links":{"self":[{"href":"https:\/\/www.welovecycling.com\/de\/wp-json\/wp\/v2\/posts\/11843","targetHints":{"allow":["GET"]}}],"collection":[{"href":"https:\/\/www.welovecycling.com\/de\/wp-json\/wp\/v2\/posts"}],"about":[{"href":"https:\/\/www.welovecycling.com\/de\/wp-json\/wp\/v2\/types\/post"}],"author":[{"embeddable":true,"href":"https:\/\/www.welovecycling.com\/de\/wp-json\/wp\/v2\/users\/115"}],"replies":[{"embeddable":true,"href":"https:\/\/www.welovecycling.com\/de\/wp-json\/wp\/v2\/comments?post=11843"}],"version-history":[{"count":1,"href":"https:\/\/www.welovecycling.com\/de\/wp-json\/wp\/v2\/posts\/11843\/revisions"}],"predecessor-version":[{"id":11845,"href":"https:\/\/www.welovecycling.com\/de\/wp-json\/wp\/v2\/posts\/11843\/revisions\/11845"}],"wp:featuredmedia":[{"embeddable":true,"href":"https:\/\/www.welovecycling.com\/de\/wp-json\/wp\/v2\/media\/11844"}],"wp:attachment":[{"href":"https:\/\/www.welovecycling.com\/de\/wp-json\/wp\/v2\/media?parent=11843"}],"wp:term":[{"taxonomy":"category","embeddable":true,"href":"https:\/\/www.welovecycling.com\/de\/wp-json\/wp\/v2\/categories?post=11843"},{"taxonomy":"post_tag","embeddable":true,"href":"https:\/\/www.welovecycling.com\/de\/wp-json\/wp\/v2\/tags?post=11843"},{"taxonomy":"global-categories","embeddable":true,"href":"https:\/\/www.welovecycling.com\/de\/wp-json\/wp\/v2\/global-categories?post=11843"}],"curies":[{"name":"wp","href":"https:\/\/api.w.org\/{rel}","templated":true}]}}