{"id":11841,"date":"2025-07-28T11:12:33","date_gmt":"2025-07-28T10:12:33","guid":{"rendered":"https:\/\/www.welovecycling.com\/de\/?p=11841"},"modified":"2025-07-29T11:21:44","modified_gmt":"2025-07-29T10:21:44","slug":"ein-paar-erkenntnisse-aus-einer-chaotischen-konfusen-und-voellig-mitreissenden-tour-de-france","status":"publish","type":"post","link":"https:\/\/www.welovecycling.com\/de\/2025\/07\/28\/ein-paar-erkenntnisse-aus-einer-chaotischen-konfusen-und-voellig-mitreissenden-tour-de-france\/","title":{"rendered":"Ein paar Erkenntnisse aus einer chaotischen, konfusen und v\u00f6llig mitrei\u00dfenden Tour de France"},"content":{"rendered":"<p data-start=\"173\" data-end=\"596\">Tadej Poga\u010dar (UAE Team Emirates\u2013XRG) und Jonas Vingegaard (Visma\u2013Lease a Bike) lieferten sich drei Wochen lang erneut ein erbittertes Duell, auch wenn ein Teil der Spannung nach dem Zeitfahren der 5. Etappe verloren ging \u2013 dort b\u00fc\u00dfte der D\u00e4ne 1:05 Minuten auf seinen slowenischen Rivalen ein. Sein R\u00fcckstand wuchs auf 1:13 Minuten \u2013 kein unm\u00f6glicher Abstand, aber eben gegen den nun vierfachen Toursieger fast uneinholbar.<\/p>\n<p data-start=\"598\" data-end=\"1270\">Vingegaard fand erst in der zweiten Woche wirklich zu seiner Form und zeigte im weiteren Rennverlauf, dass er seinem Rivalen beinahe ebenb\u00fcrtig war \u2013 aber eben nur beinahe. Poga\u010dar wirkte nie m\u00fcde \u2013 auch wenn ihn in der letzten Woche eine Erk\u00e4ltung plagte \u2013 und Vingegaard musste sich schlie\u00dflich wohl mit Platz zwei abfinden. Vielleicht erkl\u00e4rt das auch sein merkw\u00fcrdiges Verhalten auf den letzten beiden Bergetappen (Etappen 18 und 19). Er hatte angek\u00fcndigt, auf den beiden Bergank\u00fcnften \u2013 am Col de la Loze (26,4 km \u00e0 6,5 %) und in La Plagne (19,1 km \u00e0 7,2 %) \u2013 alles zu riskieren. Doch als sich die Chancen boten, z\u00f6gerte er \u2013 und attackierte erst, als es zu sp\u00e4t war.<\/p>\n<p data-start=\"1272\" data-end=\"2062\">Kurioserweise verzichtete auch Poga\u010dar auf Angriffe, fuhr kontrolliert ins Ziel \u2013 wohlwissend, dass ihm der Gesamtsieg kaum mehr zu nehmen war. Laut TNT Sports litt er an einer Erk\u00e4ltung. Diese Zur\u00fcckhaltung der beiden Hauptakteure sorgte f\u00fcr ein etwas antiklimaktisches Gef\u00fchl in einem Rennen, das zuvor mehr H\u00f6hepunkte hatte als ein Shakespeare-Festival. Besonders die zahlreichen h\u00fcgeligen Etappen der ersten Woche waren chaotisch, wirr und \u00e4u\u00dferst unterhaltsam. Diese Dynamik setzte sich in der 20. Etappe fort, als Ausrei\u00dfergruppen sich st\u00e4ndig neu formierten. Am Ende triumphierte Kaden Groves (Alpecin-Deceuninck) mit einem 16-km-Solo \u2013 sein erster Tour-Etappensieg, der ihn in den Kreis der Fahrer katapultierte, die bei allen drei Grand Tours mindestens eine Etappe gewonnen haben.<\/p>\n<hr data-start=\"2064\" data-end=\"2067\" \/>\n<h3 data-section-id=\"7twx2\" data-start=\"2069\" data-end=\"2133\">Van Aert r\u00e4cht Visma \u2013 und Poga\u010dar gewinnt seine vierte Tour<\/h3>\n<p data-start=\"2135\" data-end=\"2447\">Es war beinahe poetisch passend, dass die letzte Etappe dieser wilden Tour de France auch die wildeste war. Von den 132,3 km von Mantes-la-Ville bis zu den Champs-\u00c9lys\u00e9es in Paris waren nur 67,9 km tats\u00e4chliches Rennen \u2013 der Rest war Siegesfeier f\u00fcr Poga\u010dar und UAE Team Emirates\u2013XRG: Fotos, Champagner, Applaus.<\/p>\n<p data-start=\"2449\" data-end=\"2911\">Dann wurde es ernst: sechs Runden \u00fcber den legend\u00e4ren Boulevard, inklusive erstmals drei gepflasterter Anstiege der C\u00f4te de la Butte Montmartre (1,1 km \u00e0 5,9 %, max. 9,6 %). Regen hatte Paris rutschig gemacht, weshalb die Zeiten bereits nach der vierten Runde genommen wurden \u2013 der Rest war Show. Doch viele Fahrer wollten ihre letzte Chance nutzen, in Paris zu gl\u00e4nzen. Poga\u010dar war in der Spitzengruppe \u2013 ebenso wie <a href=\"https:\/\/www.welovecycling.com\/de\/2025\/06\/27\/road-to-the-tour-was-koennen-wir-von-wout-van-aert-erwarten\/\">Wout van Aert<\/a> und Matteo Jorgenson von Visma.<\/p>\n<p data-start=\"2913\" data-end=\"3388\">Weltmeister Poga\u010dar z\u00fcndete die finale Attacke am zweiten Montmartre-Anstieg (23,4 km vor dem Ziel), gefolgt u.a. von Van Aert. 7 km vor Schluss attackierte Poga\u010dar erneut \u2013 doch 500 m sp\u00e4ter wurde er auf dem Anstieg \u00fcberholt: von Van Aert, der ihn distanzierte und mit 10 Sekunden Vorsprung davonfuhr \u2013 ein Abstand, der sich auf 20 Sekunden verdoppelte. Am Ende gewann Van Aert mit seinem zehnten Tour-Etappensieg \u2013 dem zweiten auf den Champs-\u00c9lys\u00e9es. Poga\u010dar wurde Vierter.<\/p>\n<p data-start=\"3390\" data-end=\"3577\">\u201eEs war ein besonderer Tag\u201c, sagte Van Aert. Auf die Frage, ob er diese Etappe gezielt gewinnen wollte, antwortete er: \u201eUm ehrlich zu sein, wollte ich auch die 20 Etappen davor gewinnen.\u201c<\/p>\n<blockquote class=\"instagram-media\" style=\"background: #FFF; border: 0; border-radius: 3px; box-shadow: 0 0 1px 0 rgba(0,0,0,0.5),0 1px 10px 0 rgba(0,0,0,0.15); margin: 1px; max-width: 540px; min-width: 326px; padding: 0; width: calc(100% - 2px);\" data-instgrm-captioned=\"\" data-instgrm-permalink=\"https:\/\/www.instagram.com\/p\/DMnsA-RM1tL\/?utm_source=ig_embed&amp;utm_campaign=loading\" data-instgrm-version=\"14\">\n<div style=\"padding: 16px;\">\n<p>&nbsp;<\/p>\n<div style=\"display: flex; flex-direction: row; align-items: center;\">\n<div style=\"background-color: #f4f4f4; border-radius: 50%; flex-grow: 0; height: 40px; margin-right: 14px; width: 40px;\"><\/div>\n<div style=\"display: flex; flex-direction: column; flex-grow: 1; justify-content: center;\">\n<div style=\"background-color: #f4f4f4; border-radius: 4px; flex-grow: 0; height: 14px; margin-bottom: 6px; width: 100px;\"><\/div>\n<div style=\"background-color: #f4f4f4; border-radius: 4px; flex-grow: 0; height: 14px; width: 60px;\"><\/div>\n<\/div>\n<\/div>\n<div style=\"padding: 19% 0;\"><\/div>\n<div style=\"display: block; height: 50px; margin: 0 auto 12px; width: 50px;\"><\/div>\n<div style=\"padding-top: 8px;\">\n<div style=\"color: #3897f0; font-family: Arial,sans-serif; font-size: 14px; font-style: normal; font-weight: 550; line-height: 18px;\">Sieh dir diesen Beitrag auf Instagram an<\/div>\n<\/div>\n<div style=\"padding: 12.5% 0;\"><\/div>\n<div style=\"display: flex; flex-direction: row; margin-bottom: 14px; align-items: center;\">\n<div>\n<div style=\"background-color: #f4f4f4; border-radius: 50%; height: 12.5px; width: 12.5px; transform: translateX(0px) translateY(7px);\"><\/div>\n<div style=\"background-color: #f4f4f4; height: 12.5px; transform: rotate(-45deg) translateX(3px) translateY(1px); width: 12.5px; flex-grow: 0; margin-right: 14px; margin-left: 2px;\"><\/div>\n<div style=\"background-color: #f4f4f4; border-radius: 50%; height: 12.5px; width: 12.5px; transform: translateX(9px) translateY(-18px);\"><\/div>\n<\/div>\n<div style=\"margin-left: 8px;\">\n<div style=\"background-color: #f4f4f4; border-radius: 50%; flex-grow: 0; height: 20px; width: 20px;\"><\/div>\n<div style=\"width: 0; height: 0; border-top: 2px solid transparent; border-left: 6px solid #f4f4f4; border-bottom: 2px solid transparent; transform: translateX(16px) translateY(-4px) rotate(30deg);\"><\/div>\n<\/div>\n<div style=\"margin-left: auto;\">\n<div style=\"width: 0px; border-top: 8px solid #F4F4F4; border-right: 8px solid transparent; transform: translateY(16px);\"><\/div>\n<div style=\"background-color: #f4f4f4; flex-grow: 0; height: 12px; width: 16px; transform: translateY(-4px);\"><\/div>\n<div style=\"width: 0; height: 0; border-top: 8px solid #F4F4F4; border-left: 8px solid transparent; transform: translateY(-4px) translateX(8px);\"><\/div>\n<\/div>\n<\/div>\n<div style=\"display: flex; flex-direction: column; flex-grow: 1; justify-content: center; margin-bottom: 24px;\">\n<div style=\"background-color: #f4f4f4; border-radius: 4px; flex-grow: 0; height: 14px; margin-bottom: 6px; width: 224px;\"><\/div>\n<div style=\"background-color: #f4f4f4; border-radius: 4px; flex-grow: 0; height: 14px; width: 144px;\"><\/div>\n<\/div>\n<p>&nbsp;<\/p>\n<p style=\"color: #c9c8cd; font-family: Arial,sans-serif; font-size: 14px; line-height: 17px; margin-bottom: 0; margin-top: 8px; overflow: hidden; padding: 8px 0 7px; text-align: center; text-overflow: ellipsis; white-space: nowrap;\"><a style=\"color: #c9c8cd; font-family: Arial,sans-serif; font-size: 14px; font-style: normal; font-weight: normal; line-height: 17px; text-decoration: none;\" href=\"https:\/\/www.instagram.com\/p\/DMnsA-RM1tL\/?utm_source=ig_embed&amp;utm_campaign=loading\" target=\"_blank\" rel=\"noopener\">Ein Beitrag geteilt von Tour de France\u2122 (@letourdefrance)<\/a><\/p>\n<\/div>\n<\/blockquote>\n<p><script async src=\"\/\/www.instagram.com\/embed.js\"><\/script><\/p>\n<hr data-start=\"3579\" data-end=\"3582\" \/>\n<h3 data-section-id=\"1vhok92\" data-start=\"3584\" data-end=\"3602\">Lipo vs. Onley<\/h3>\n<p data-start=\"3604\" data-end=\"4066\">Doch nicht nur Poga\u010dar und Vingegaard duellierten sich: Florian Lipowitz (Red Bull\u2013BORA\u2013hansgrohe, 24) und Oscar Onley (Picnic PostNL, 22) k\u00e4mpften um Platz drei in der Gesamtwertung und das Wei\u00dfe Trikot. Lipowitz lag zwischenzeitlich \u00fcber zwei Minuten vorne, doch ein taktischer Fehler auf der 18. Etappe lie\u00df ihn fast alles verlieren \u2013 am Ende blieben ihm noch 22 Sekunden. Auf der 19. Etappe konnte er sich wieder etwas Luft verschaffen, als Onley zur\u00fcckfiel.<\/p>\n<p data-start=\"4068\" data-end=\"4350\">Erstaunlich: Lipowitz erhielt keine Hilfe seiner Teamkollegen \u2013 weder Rogli\u010d noch Vlasov unterst\u00fctzten ihn. Onley hingegen hatte meist einen Helfer an seiner Seite. Beide Fahrer haben gro\u00dfes Potenzial \u2013 vielleicht treten sie eines Tages in die Fu\u00dfstapfen von Poga\u010dar und Vingegaard.<\/p>\n<p data-start=\"4352\" data-end=\"4593\">Es sei denn, die Ger\u00fcchte stimmen: <a href=\"https:\/\/www.welovecycling.com\/de\/2025\/07\/21\/evenepoel-steigt-am-tourmalet-aus-pogacar-baut-gesamtfuehrung-weiter-aus\/\">Remco Evenepoel<\/a> (Soudal Quick-Step) soll 2026 zu Red Bull wechseln. Was wird dann aus Lipowitz? Wird er wieder zum Edelhelfer degradiert f\u00fcr einen Fahrer, der Poga\u010dar und Vingegaard wohl kaum schlagen wird?<\/p>\n<hr data-start=\"4595\" data-end=\"4598\" \/>\n<h3 data-section-id=\"1gh7yr1\" data-start=\"4600\" data-end=\"4620\">Thymen Arensman!<\/h3>\n<p data-start=\"4622\" data-end=\"5147\">Vier Fahrer gewannen mindestens zwei Etappen: Poga\u010dar (4), Sprinter Tim Merlier, Jonathan Milan \u2013 und Thymen Arensman. Der 25-j\u00e4hrige Niederl\u00e4nder brachte mit seinen Siegen auf zwei der prestigetr\u00e4chtigsten Etappen \u2013 Luchon-Superbagn\u00e8res (Etappe 14) und La Plagne (Etappe 19) \u2013 neuen Glanz in das Team INEOS Grenadiers. Auf der 19. Etappe rettete er sich 2 Sekunden vor Poga\u010dar und Vingegaard ins Ziel. \u201eIch bin am Ende\u201c, sagte er. \u201eIch kann nicht glauben, dass ich sie geschlagen habe.\u201c Und viele konnten es ebenfalls nicht.<\/p>\n<hr data-start=\"5149\" data-end=\"5152\" \/>\n<h3 data-section-id=\"h4j3g3\" data-start=\"5154\" data-end=\"5201\">Bl\u00fcht der franz\u00f6sische Radsport wieder auf?<\/h3>\n<p data-start=\"5203\" data-end=\"5512\">Nur eine Etappe (Mont Ventoux) wurde von einem Franzosen gewonnen \u2013 Valentin Paret-Peintre \u2013, aber die Franzosen waren pr\u00e4sent: K\u00e9vin Vauquelin (7. Gesamt), Jordan Jegat (10.), Lenny Martinez im Kampf ums Bergtrikot. Sie alle sind Mitte 20 \u2013 und versprechen eine rosige Zukunft f\u00fcr den franz\u00f6sischen Radsport.<\/p>\n<hr data-start=\"5514\" data-end=\"5517\" \/>\n<h3 data-section-id=\"grqdcd\" data-start=\"5519\" data-end=\"5579\">Ist \u201echaotisch, wirr und v\u00f6llig mitrei\u00dfend\u201c die Zukunft?<\/h3>\n<p data-start=\"5581\" data-end=\"5889\">Laut TNT Sports wurden die vielen h\u00fcgeligen Etappen bewusst eingef\u00fchrt \u2013 das Publikum w\u00fcnscht sich offenbar mehr Klassiker-Feeling statt flacher Sprint-Vorbereitungen. Diese Etappen lieferten Spektakel \u2013 und f\u00fchrten wohl zu einer neuen Rekordgeschwindigkeit: 42,445 km\/h Durchschnitt, schneller als je zuvor.<\/p>\n<p data-start=\"5891\" data-end=\"6096\">Das Publikum d\u00fcrfte begeistert sein \u2013 doch reine Sprintetappen sollten nicht verschwinden. Sie erlauben Erholung und mindern das Sturzrisiko. Denn bei diesen Geschwindigkeiten wird jeder Fehler gef\u00e4hrlich.<\/p>\n<hr data-start=\"6098\" data-end=\"6101\" \/>\n<h3 data-section-id=\"1to7kk2\" data-start=\"6103\" data-end=\"6151\">Ergebnisse \u2013 Etappe 21 (2025 Tour de France)<\/h3>\n<ol data-start=\"6153\" data-end=\"6402\">\n<li data-start=\"6153\" data-end=\"6201\">\n<p data-start=\"6156\" data-end=\"6201\">Wout van Aert, Visma\u2013Lease a Bike \u2013 3:07:30<\/p>\n<\/li>\n<li data-start=\"6202\" data-end=\"6241\">\n<p data-start=\"6205\" data-end=\"6241\">Davide Ballerini, XDS\u2013Astana +0:19<\/p>\n<\/li>\n<li data-start=\"6242\" data-end=\"6293\">\n<p data-start=\"6245\" data-end=\"6293\">Matej Mohori\u010d, Bahrain\u2013Victorious gleiche Zeit<\/p>\n<\/li>\n<li data-start=\"6294\" data-end=\"6348\">\n<p data-start=\"6297\" data-end=\"6348\">Tadej Poga\u010dar, UAE Team Emirates\u2013XRG gleiche Zeit<\/p>\n<\/li>\n<li data-start=\"6349\" data-end=\"6402\">\n<p data-start=\"6352\" data-end=\"6402\">Matteo Jorgenson, Visma\u2013Lease a Bike +0:26<br data-start=\"6394\" data-end=\"6397\" \/>&#8230;<\/p>\n<\/li>\n<\/ol>\n<h3 data-section-id=\"7olvyy\" data-start=\"6404\" data-end=\"6452\">Gesamtwertung \u2013 Tour de France 2025 (Top 10)<\/h3>\n<ol data-start=\"6454\" data-end=\"6928\">\n<li data-start=\"6454\" data-end=\"6506\">\n<p data-start=\"6457\" data-end=\"6506\">Tadej Poga\u010dar, UAE Team Emirates\u2013XRG \u2013 76:00:32<\/p>\n<\/li>\n<li data-start=\"6507\" data-end=\"6554\">\n<p data-start=\"6510\" data-end=\"6554\">Jonas Vingegaard, Visma\u2013Lease a Bike +4:24<\/p>\n<\/li>\n<li data-start=\"6555\" data-end=\"6608\">\n<p data-start=\"6558\" data-end=\"6608\">Florian Lipowitz, Red Bull\u2013BORA\u2013hansgrohe +11:00<\/p>\n<\/li>\n<li data-start=\"6609\" data-end=\"6647\">\n<p data-start=\"6612\" data-end=\"6647\">Oscar Onley, Picnic PostNL +12:12<\/p>\n<\/li>\n<li data-start=\"6648\" data-end=\"6698\">\n<p data-start=\"6651\" data-end=\"6698\">Felix Gall, Decathlon AG2R La Mondiale +17:12<\/p>\n<\/li>\n<li data-start=\"6699\" data-end=\"6745\">\n<p data-start=\"6702\" data-end=\"6745\">Tobias Johannessen, UNO-X Mobility +20:14<\/p>\n<\/li>\n<li data-start=\"6746\" data-end=\"6791\">\n<p data-start=\"6749\" data-end=\"6791\">K\u00e9vin Vauquelin, Ark\u00e9a\u2013B&amp;B Hotels +22:35<\/p>\n<\/li>\n<li data-start=\"6792\" data-end=\"6842\">\n<p data-start=\"6795\" data-end=\"6842\">Primo\u017e Rogli\u010d, Red Bull\u2013BORA\u2013hansgrohe +25:30<\/p>\n<\/li>\n<li data-start=\"6843\" data-end=\"6887\">\n<p data-start=\"6846\" data-end=\"6887\">Ben Healy, EF Education\u2013EasyPost +28:02<\/p>\n<\/li>\n<li data-start=\"6888\" data-end=\"6928\">\n<p data-start=\"6892\" data-end=\"6928\">Jordan Jegat, TotalEnergies +32:42<\/p>\n<\/li>\n<\/ol>\n","protected":false},"excerpt":{"rendered":"<p>Tadej Poga\u010dar (UAE Team Emirates\u2013XRG) und Jonas Vingegaard (Visma\u2013Lease a Bike) lieferten sich drei Wochen lang erneut ein erbittertes Duell, [&hellip;]<\/p>\n","protected":false},"author":115,"featured_media":11846,"comment_status":"open","ping_status":"open","sticky":false,"template":"","format":"standard","meta":{"footnotes":""},"categories":[1],"tags":[],"global-categories":[19],"class_list":["post-11841","post","type-post","status-publish","format-standard","has-post-thumbnail","hentry","category-allgemein","global-categories-cycling"],"yoast_head":"<!-- This site is optimized with the Yoast SEO Premium plugin v25.3 (Yoast SEO v25.9) - https:\/\/yoast.com\/wordpress\/plugins\/seo\/ -->\n<title>Ein paar Erkenntnisse aus einer chaotischen, konfusen und v\u00f6llig mitrei\u00dfenden Tour de France - \u0160koda We Love Cycling - Deutschland<\/title>\n<meta name=\"description\" content=\"Dramatik pur bei der Tour de France 2025: Poga\u010dar dominiert erneut, Van Aert feiert ein starkes Comeback, Lipowitz k\u00e4mpft um Ruhm \u2013 ein R\u00fcckblick auf ein chaotisches, spannendes und rekordverd\u00e4chtiges Rennen.\" \/>\n<meta name=\"robots\" content=\"index, follow, max-snippet:-1, max-image-preview:large, max-video-preview:-1\" \/>\n<link rel=\"canonical\" href=\"https:\/\/www.welovecycling.com\/de\/2025\/07\/28\/ein-paar-erkenntnisse-aus-einer-chaotischen-konfusen-und-voellig-mitreissenden-tour-de-france\/\" \/>\n<meta property=\"og:locale\" content=\"de_DE\" \/>\n<meta property=\"og:type\" content=\"article\" \/>\n<meta property=\"og:title\" content=\"Ein paar Erkenntnisse aus einer chaotischen, konfusen und v\u00f6llig mitrei\u00dfenden Tour de France\" \/>\n<meta property=\"og:description\" content=\"Dramatik pur bei der Tour de France 2025: Poga\u010dar dominiert erneut, Van Aert feiert ein starkes Comeback, Lipowitz k\u00e4mpft um Ruhm \u2013 ein R\u00fcckblick auf ein chaotisches, spannendes und rekordverd\u00e4chtiges Rennen.\" \/>\n<meta property=\"og:url\" content=\"https:\/\/www.welovecycling.com\/de\/2025\/07\/28\/ein-paar-erkenntnisse-aus-einer-chaotischen-konfusen-und-voellig-mitreissenden-tour-de-france\/\" \/>\n<meta property=\"og:site_name\" content=\"\u0160koda We Love Cycling - Deutschland\" \/>\n<meta property=\"article:published_time\" content=\"2025-07-28T10:12:33+00:00\" \/>\n<meta property=\"article:modified_time\" content=\"2025-07-29T10:21:44+00:00\" \/>\n<meta property=\"og:image\" content=\"https:\/\/d2p6e6u75xmxt8.cloudfront.net\/10\/2025\/07\/podium.webp\" \/>\n\t<meta property=\"og:image:width\" content=\"981\" \/>\n\t<meta property=\"og:image:height\" content=\"657\" \/>\n\t<meta property=\"og:image:type\" content=\"image\/webp\" \/>\n<meta name=\"author\" content=\"jbraeker\" \/>\n<meta name=\"twitter:card\" content=\"summary_large_image\" \/>\n<meta name=\"twitter:label1\" content=\"Written by\" \/>\n\t<meta name=\"twitter:data1\" content=\"Siegfried Mortkowitz\" \/>\n\t<meta name=\"twitter:label2\" content=\"Est. reading time\" \/>\n\t<meta name=\"twitter:data2\" content=\"4\" \/>\n<script type=\"application\/ld+json\" class=\"yoast-schema-graph\">{\"@context\":\"https:\/\/schema.org\",\"@graph\":[{\"@type\":\"WebPage\",\"@id\":\"https:\/\/www.welovecycling.com\/de\/2025\/07\/28\/ein-paar-erkenntnisse-aus-einer-chaotischen-konfusen-und-voellig-mitreissenden-tour-de-france\/\",\"url\":\"https:\/\/www.welovecycling.com\/de\/2025\/07\/28\/ein-paar-erkenntnisse-aus-einer-chaotischen-konfusen-und-voellig-mitreissenden-tour-de-france\/\",\"name\":\"Ein paar Erkenntnisse aus einer chaotischen, konfusen und v\u00f6llig mitrei\u00dfenden Tour de France - \u0160koda We Love Cycling - Deutschland\",\"isPartOf\":{\"@id\":\"https:\/\/www.welovecycling.com\/de\/#website\"},\"primaryImageOfPage\":{\"@id\":\"https:\/\/www.welovecycling.com\/de\/2025\/07\/28\/ein-paar-erkenntnisse-aus-einer-chaotischen-konfusen-und-voellig-mitreissenden-tour-de-france\/#primaryimage\"},\"image\":{\"@id\":\"https:\/\/www.welovecycling.com\/de\/2025\/07\/28\/ein-paar-erkenntnisse-aus-einer-chaotischen-konfusen-und-voellig-mitreissenden-tour-de-france\/#primaryimage\"},\"thumbnailUrl\":\"https:\/\/d2p6e6u75xmxt8.cloudfront.net\/10\/2025\/07\/podium.webp\",\"datePublished\":\"2025-07-28T10:12:33+00:00\",\"dateModified\":\"2025-07-29T10:21:44+00:00\",\"author\":{\"@id\":\"https:\/\/www.welovecycling.com\/de\/#\/schema\/person\/915694b3c8d0de9019932587781ba6b3\"},\"description\":\"Dramatik pur bei der Tour de France 2025: Poga\u010dar dominiert erneut, Van Aert feiert ein starkes Comeback, Lipowitz k\u00e4mpft um Ruhm \u2013 ein R\u00fcckblick auf ein chaotisches, spannendes und rekordverd\u00e4chtiges Rennen.\",\"breadcrumb\":{\"@id\":\"https:\/\/www.welovecycling.com\/de\/2025\/07\/28\/ein-paar-erkenntnisse-aus-einer-chaotischen-konfusen-und-voellig-mitreissenden-tour-de-france\/#breadcrumb\"},\"inLanguage\":\"de-DE\",\"potentialAction\":[{\"@type\":\"ReadAction\",\"target\":[\"https:\/\/www.welovecycling.com\/de\/2025\/07\/28\/ein-paar-erkenntnisse-aus-einer-chaotischen-konfusen-und-voellig-mitreissenden-tour-de-france\/\"]}]},{\"@type\":\"ImageObject\",\"inLanguage\":\"de-DE\",\"@id\":\"https:\/\/www.welovecycling.com\/de\/2025\/07\/28\/ein-paar-erkenntnisse-aus-einer-chaotischen-konfusen-und-voellig-mitreissenden-tour-de-france\/#primaryimage\",\"url\":\"https:\/\/d2p6e6u75xmxt8.cloudfront.net\/10\/2025\/07\/podium.webp\",\"contentUrl\":\"https:\/\/d2p6e6u75xmxt8.cloudfront.net\/10\/2025\/07\/podium.webp\",\"width\":981,\"height\":657},{\"@type\":\"BreadcrumbList\",\"@id\":\"https:\/\/www.welovecycling.com\/de\/2025\/07\/28\/ein-paar-erkenntnisse-aus-einer-chaotischen-konfusen-und-voellig-mitreissenden-tour-de-france\/#breadcrumb\",\"itemListElement\":[{\"@type\":\"ListItem\",\"position\":1,\"name\":\"Home\",\"item\":\"https:\/\/www.welovecycling.com\/de\/\"},{\"@type\":\"ListItem\",\"position\":2,\"name\":\"Ein paar Erkenntnisse aus einer chaotischen, konfusen und v\u00f6llig mitrei\u00dfenden Tour de France\"}]},{\"@type\":\"WebSite\",\"@id\":\"https:\/\/www.welovecycling.com\/de\/#website\",\"url\":\"https:\/\/www.welovecycling.com\/de\/\",\"name\":\"\u0160koda We Love Cycling - Deutschland\",\"description\":\"Just another \u0160koda WeLoveCycling Sites site\",\"potentialAction\":[{\"@type\":\"SearchAction\",\"target\":{\"@type\":\"EntryPoint\",\"urlTemplate\":\"https:\/\/www.welovecycling.com\/de\/?s={search_term_string}\"},\"query-input\":{\"@type\":\"PropertyValueSpecification\",\"valueRequired\":true,\"valueName\":\"search_term_string\"}}],\"inLanguage\":\"de-DE\"},{\"@type\":\"Person\",\"@id\":\"https:\/\/www.welovecycling.com\/de\/#\/schema\/person\/915694b3c8d0de9019932587781ba6b3\",\"name\":\"jbraeker\",\"image\":{\"@type\":\"ImageObject\",\"inLanguage\":\"de-DE\",\"@id\":\"https:\/\/www.welovecycling.com\/de\/#\/schema\/person\/image\/\",\"url\":\"https:\/\/secure.gravatar.com\/avatar\/8b4aea90e4535aae30b5b720249e5b723ae59fcf3d54757dd8b748d97b46d3c9?s=96&d=mm&r=g\",\"contentUrl\":\"https:\/\/secure.gravatar.com\/avatar\/8b4aea90e4535aae30b5b720249e5b723ae59fcf3d54757dd8b748d97b46d3c9?s=96&d=mm&r=g\",\"caption\":\"jbraeker\"},\"url\":\"https:\/\/www.welovecycling.com\/de\/author\/jbraeker\/\"}]}<\/script>\n<!-- \/ Yoast SEO Premium plugin. -->","yoast_head_json":{"title":"Ein paar Erkenntnisse aus einer chaotischen, konfusen und v\u00f6llig mitrei\u00dfenden Tour de France - \u0160koda We Love Cycling - Deutschland","description":"Dramatik pur bei der Tour de France 2025: Poga\u010dar dominiert erneut, Van Aert feiert ein starkes Comeback, Lipowitz k\u00e4mpft um Ruhm \u2013 ein R\u00fcckblick auf ein chaotisches, spannendes und rekordverd\u00e4chtiges Rennen.","robots":{"index":"index","follow":"follow","max-snippet":"max-snippet:-1","max-image-preview":"max-image-preview:large","max-video-preview":"max-video-preview:-1"},"canonical":"https:\/\/www.welovecycling.com\/de\/2025\/07\/28\/ein-paar-erkenntnisse-aus-einer-chaotischen-konfusen-und-voellig-mitreissenden-tour-de-france\/","og_locale":"de_DE","og_type":"article","og_title":"Ein paar Erkenntnisse aus einer chaotischen, konfusen und v\u00f6llig mitrei\u00dfenden Tour de France","og_description":"Dramatik pur bei der Tour de France 2025: Poga\u010dar dominiert erneut, Van Aert feiert ein starkes Comeback, Lipowitz k\u00e4mpft um Ruhm \u2013 ein R\u00fcckblick auf ein chaotisches, spannendes und rekordverd\u00e4chtiges Rennen.","og_url":"https:\/\/www.welovecycling.com\/de\/2025\/07\/28\/ein-paar-erkenntnisse-aus-einer-chaotischen-konfusen-und-voellig-mitreissenden-tour-de-france\/","og_site_name":"\u0160koda We Love Cycling - Deutschland","article_published_time":"2025-07-28T10:12:33+00:00","article_modified_time":"2025-07-29T10:21:44+00:00","og_image":[{"width":981,"height":657,"url":"https:\/\/d2p6e6u75xmxt8.cloudfront.net\/10\/2025\/07\/podium.webp","type":"image\/webp"}],"author":"jbraeker","twitter_card":"summary_large_image","twitter_misc":{"Written by":"Siegfried Mortkowitz","Est. reading time":"4"},"schema":{"@context":"https:\/\/schema.org","@graph":[{"@type":"WebPage","@id":"https:\/\/www.welovecycling.com\/de\/2025\/07\/28\/ein-paar-erkenntnisse-aus-einer-chaotischen-konfusen-und-voellig-mitreissenden-tour-de-france\/","url":"https:\/\/www.welovecycling.com\/de\/2025\/07\/28\/ein-paar-erkenntnisse-aus-einer-chaotischen-konfusen-und-voellig-mitreissenden-tour-de-france\/","name":"Ein paar Erkenntnisse aus einer chaotischen, konfusen und v\u00f6llig mitrei\u00dfenden Tour de France - \u0160koda We Love Cycling - Deutschland","isPartOf":{"@id":"https:\/\/www.welovecycling.com\/de\/#website"},"primaryImageOfPage":{"@id":"https:\/\/www.welovecycling.com\/de\/2025\/07\/28\/ein-paar-erkenntnisse-aus-einer-chaotischen-konfusen-und-voellig-mitreissenden-tour-de-france\/#primaryimage"},"image":{"@id":"https:\/\/www.welovecycling.com\/de\/2025\/07\/28\/ein-paar-erkenntnisse-aus-einer-chaotischen-konfusen-und-voellig-mitreissenden-tour-de-france\/#primaryimage"},"thumbnailUrl":"https:\/\/d2p6e6u75xmxt8.cloudfront.net\/10\/2025\/07\/podium.webp","datePublished":"2025-07-28T10:12:33+00:00","dateModified":"2025-07-29T10:21:44+00:00","author":{"@id":"https:\/\/www.welovecycling.com\/de\/#\/schema\/person\/915694b3c8d0de9019932587781ba6b3"},"description":"Dramatik pur bei der Tour de France 2025: Poga\u010dar dominiert erneut, Van Aert feiert ein starkes Comeback, Lipowitz k\u00e4mpft um Ruhm \u2013 ein R\u00fcckblick auf ein chaotisches, spannendes und rekordverd\u00e4chtiges Rennen.","breadcrumb":{"@id":"https:\/\/www.welovecycling.com\/de\/2025\/07\/28\/ein-paar-erkenntnisse-aus-einer-chaotischen-konfusen-und-voellig-mitreissenden-tour-de-france\/#breadcrumb"},"inLanguage":"de-DE","potentialAction":[{"@type":"ReadAction","target":["https:\/\/www.welovecycling.com\/de\/2025\/07\/28\/ein-paar-erkenntnisse-aus-einer-chaotischen-konfusen-und-voellig-mitreissenden-tour-de-france\/"]}]},{"@type":"ImageObject","inLanguage":"de-DE","@id":"https:\/\/www.welovecycling.com\/de\/2025\/07\/28\/ein-paar-erkenntnisse-aus-einer-chaotischen-konfusen-und-voellig-mitreissenden-tour-de-france\/#primaryimage","url":"https:\/\/d2p6e6u75xmxt8.cloudfront.net\/10\/2025\/07\/podium.webp","contentUrl":"https:\/\/d2p6e6u75xmxt8.cloudfront.net\/10\/2025\/07\/podium.webp","width":981,"height":657},{"@type":"BreadcrumbList","@id":"https:\/\/www.welovecycling.com\/de\/2025\/07\/28\/ein-paar-erkenntnisse-aus-einer-chaotischen-konfusen-und-voellig-mitreissenden-tour-de-france\/#breadcrumb","itemListElement":[{"@type":"ListItem","position":1,"name":"Home","item":"https:\/\/www.welovecycling.com\/de\/"},{"@type":"ListItem","position":2,"name":"Ein paar Erkenntnisse aus einer chaotischen, konfusen und v\u00f6llig mitrei\u00dfenden Tour de France"}]},{"@type":"WebSite","@id":"https:\/\/www.welovecycling.com\/de\/#website","url":"https:\/\/www.welovecycling.com\/de\/","name":"\u0160koda We Love Cycling - Deutschland","description":"Just another \u0160koda WeLoveCycling Sites site","potentialAction":[{"@type":"SearchAction","target":{"@type":"EntryPoint","urlTemplate":"https:\/\/www.welovecycling.com\/de\/?s={search_term_string}"},"query-input":{"@type":"PropertyValueSpecification","valueRequired":true,"valueName":"search_term_string"}}],"inLanguage":"de-DE"},{"@type":"Person","@id":"https:\/\/www.welovecycling.com\/de\/#\/schema\/person\/915694b3c8d0de9019932587781ba6b3","name":"jbraeker","image":{"@type":"ImageObject","inLanguage":"de-DE","@id":"https:\/\/www.welovecycling.com\/de\/#\/schema\/person\/image\/","url":"https:\/\/secure.gravatar.com\/avatar\/8b4aea90e4535aae30b5b720249e5b723ae59fcf3d54757dd8b748d97b46d3c9?s=96&d=mm&r=g","contentUrl":"https:\/\/secure.gravatar.com\/avatar\/8b4aea90e4535aae30b5b720249e5b723ae59fcf3d54757dd8b748d97b46d3c9?s=96&d=mm&r=g","caption":"jbraeker"},"url":"https:\/\/www.welovecycling.com\/de\/author\/jbraeker\/"}]}},"_links":{"self":[{"href":"https:\/\/www.welovecycling.com\/de\/wp-json\/wp\/v2\/posts\/11841","targetHints":{"allow":["GET"]}}],"collection":[{"href":"https:\/\/www.welovecycling.com\/de\/wp-json\/wp\/v2\/posts"}],"about":[{"href":"https:\/\/www.welovecycling.com\/de\/wp-json\/wp\/v2\/types\/post"}],"author":[{"embeddable":true,"href":"https:\/\/www.welovecycling.com\/de\/wp-json\/wp\/v2\/users\/115"}],"replies":[{"embeddable":true,"href":"https:\/\/www.welovecycling.com\/de\/wp-json\/wp\/v2\/comments?post=11841"}],"version-history":[{"count":1,"href":"https:\/\/www.welovecycling.com\/de\/wp-json\/wp\/v2\/posts\/11841\/revisions"}],"predecessor-version":[{"id":11842,"href":"https:\/\/www.welovecycling.com\/de\/wp-json\/wp\/v2\/posts\/11841\/revisions\/11842"}],"wp:featuredmedia":[{"embeddable":true,"href":"https:\/\/www.welovecycling.com\/de\/wp-json\/wp\/v2\/media\/11846"}],"wp:attachment":[{"href":"https:\/\/www.welovecycling.com\/de\/wp-json\/wp\/v2\/media?parent=11841"}],"wp:term":[{"taxonomy":"category","embeddable":true,"href":"https:\/\/www.welovecycling.com\/de\/wp-json\/wp\/v2\/categories?post=11841"},{"taxonomy":"post_tag","embeddable":true,"href":"https:\/\/www.welovecycling.com\/de\/wp-json\/wp\/v2\/tags?post=11841"},{"taxonomy":"global-categories","embeddable":true,"href":"https:\/\/www.welovecycling.com\/de\/wp-json\/wp\/v2\/global-categories?post=11841"}],"curies":[{"name":"wp","href":"https:\/\/api.w.org\/{rel}","templated":true}]}}