{"id":11835,"date":"2025-07-25T19:15:04","date_gmt":"2025-07-25T18:15:04","guid":{"rendered":"https:\/\/www.welovecycling.com\/de\/?p=11835"},"modified":"2025-07-27T17:17:12","modified_gmt":"2025-07-27T16:17:12","slug":"wir-wollen-das-bestmoegliche-ergebnis-ferrand-prevot-und-vos-fuehren-team-visma-lease-a-bike-mit-grossen-ambitionen-in-die-tour-de-france-femmes-avec-zwift","status":"publish","type":"post","link":"https:\/\/www.welovecycling.com\/de\/2025\/07\/25\/wir-wollen-das-bestmoegliche-ergebnis-ferrand-prevot-und-vos-fuehren-team-visma-lease-a-bike-mit-grossen-ambitionen-in-die-tour-de-france-femmes-avec-zwift\/","title":{"rendered":"\u201eWir wollen das bestm\u00f6gliche Ergebnis\u201c: Ferrand-Pr\u00e9vot und Vos f\u00fchren Team Visma | Lease a Bike mit gro\u00dfen Ambitionen in die Tour de France Femmes avec Zwift"},"content":{"rendered":"<p data-start=\"203\" data-end=\"536\">W\u00e4hrend die M\u00e4nner in die letzte Woche der Tour de France einbiegen, bereitet sich das Frauen-Peloton darauf vor, ins Rampenlicht zu treten. An diesem Samstag startet die vierte Ausgabe der Tour de France Femmes avec Zwift in Vannes \u2013 und Team Visma | Lease a Bike tritt nicht nur an, um dabei zu sein. Sie treten an, um zu gewinnen.<\/p>\n<p data-start=\"538\" data-end=\"834\">Teammanager Rutger Tijssen bringt die Mission auf den Punkt: <strong data-start=\"599\" data-end=\"652\">\u201eWir wollen das bestm\u00f6gliche Ergebnis erreichen.\u201c<\/strong> Und mit einer Star-Besetzung, zu der die amtierende Olympiasiegerin im Mountainbiken Pauline Ferrand-Pr\u00e9vot und Radsportlegende Marianne Vos geh\u00f6ren, sind das nicht nur leere Worte.<\/p>\n<p data-start=\"836\" data-end=\"1127\">Nach ihrem Erfolg im Mountainbike feierte Ferrand-Pr\u00e9vot in diesem Jahr ein beeindruckendes Comeback auf der Stra\u00dfe \u2013 gekr\u00f6nt von einem monumentalen Sieg bei Paris-Roubaix. Nun steht ihr Deb\u00fct bei der Tour de France Femmes avec Zwift bevor \u2013 und sie hat sich auf ihre eigene Art vorbereitet.<\/p>\n<p data-start=\"1129\" data-end=\"1336\">Nach einem verletzungsbedingten Ausstieg bei der Vuelta nahm sich Ferrand-Pr\u00e9vot zwei Monate Rennpause, um sich ganz auf das Training zu konzentrieren \u2013 unter anderem bei einem H\u00f6hentrainingslager in Tignes.<\/p>\n<p data-start=\"1338\" data-end=\"1609\"><strong data-start=\"1338\" data-end=\"1440\">\u201eIch hatte eine sehr gute Trainingsphase und konnte die letzten Schritte in Richtung Tour machen\u201c,<\/strong> sagte Ferrand-Pr\u00e9vot. <strong data-start=\"1463\" data-end=\"1609\">\u201eEs war sch\u00f6n, das gemeinsam mit meinen Teamkolleginnen zu erleben. Wir haben uns gegenseitig unterst\u00fctzt und zu H\u00f6chstleistungen angespornt.\u201c<\/strong><\/p>\n<p data-start=\"1611\" data-end=\"1826\">F\u00fcr die 33-j\u00e4hrige Franz\u00f6sin geht es bei diesem Rennen nicht nur um den Moment, sondern um das gro\u00dfe Ganze: <strong data-start=\"1719\" data-end=\"1826\">\u201eJede Etappe ist eine Chance, zu lernen und im Rahmen unseres langfristigen Plans als Team zu wachsen.\u201c<\/strong><\/p>\n<p data-start=\"1828\" data-end=\"2273\">In den Bergen wird Ferrand-Pr\u00e9vot von der 20-j\u00e4hrigen Franz\u00f6sin Marion Bunel unterst\u00fctzt, die bereits ihre zweite Grand Tour in diesem Jahr f\u00e4hrt. <strong data-start=\"1975\" data-end=\"2060\">\u201eEs ist etwas ganz Besonderes, dieses Rennen in meinem Heimatland zu bestreiten\u201c,<\/strong> sagte Bunel. <strong data-start=\"2074\" data-end=\"2273\">\u201eWir haben in den letzten Wochen viel zusammen trainiert, wodurch unser gegenseitiges Verst\u00e4ndnis immer besser wird. Diese gemeinsame Vorbereitung hat uns als Team noch enger zusammengeschwei\u00dft.\u201c<\/strong><\/p>\n<p data-start=\"2275\" data-end=\"2728\">W\u00e4hrenddessen kehrt Marianne Vos ins Renngeschehen zur\u00fcck, nachdem sie den zweiten Teil des Giro d\u2019Italia Women vorsichtshalber ausgelassen hatte. Die 38-j\u00e4hrige niederl\u00e4ndische Ausnahmefahrerin visiert Etappensiege an \u2013 besonders bei den h\u00fcgeligen Auftaktetappen. <strong data-start=\"2540\" data-end=\"2605\">\u201eDie ersten beiden h\u00fcgeligen Etappen sollten ihr gut liegen\u201c,<\/strong> so Tijssen. <strong data-start=\"2618\" data-end=\"2728\">\u201eWir h\u00e4tten uns gew\u00fcnscht, dass sie etwas l\u00e4nger sind, aber das hei\u00dft nicht, dass wir es nicht versuchen.\u201c<\/strong><\/p>\n<p data-start=\"2730\" data-end=\"2985\">Die diesj\u00e4hrige Tour de France Femmes umfasst neun Etappen und endet mit einem brutalen Doppelpack in den Bergen. Etappe 8 endet am legend\u00e4ren Col de la Madeleine, Etappe 9 f\u00fchrt \u00fcber den Col de Joux Plane \u2013 dort d\u00fcrfte sich die Gesamtwertung entscheiden.<\/p>\n<p data-start=\"2987\" data-end=\"3154\"><strong data-start=\"2987\" data-end=\"3048\">\u201eDie Entscheidung in der Gesamtwertung wird dort fallen\u201c,<\/strong> erwartet Tijssen mit Blick auf das spannende Finale \u2013 ein Schl\u00fcsselmoment f\u00fcr Ferrand-Pr\u00e9vots Ambitionen.<\/p>\n<p data-start=\"3156\" data-end=\"3341\">Neben Ferrand-Pr\u00e9vot, Vos und Bunel komplettieren <strong data-start=\"3206\" data-end=\"3269\">Lieke Nooijen, Eva van Agt, Imogen Wolff und Femke de Vries<\/strong> das Team \u2013 eine Mischung aus Erfahrung, Kraft und aufstrebendem Talent.<\/p>\n<p data-start=\"3343\" data-end=\"3537\">Mit Etappensiegen und einem Platz weit vorne in der Gesamtwertung im Visier geht Team Visma | Lease a Bike mit klarer Mission an den Start: <strong data-start=\"3483\" data-end=\"3537\">Nicht nur mitfahren \u2013 sondern Spuren hinterlassen.<\/strong><\/p>\n<p data-start=\"3539\" data-end=\"3643\"><strong data-start=\"3539\" data-end=\"3629\">\u201eDie Tour ist das gr\u00f6\u00dfte Rennen des Jahres. Ich erwarte neun richtig sch\u00f6ne Renntage\u201c,<\/strong> sagt Tijssen.<\/p>\n<p data-start=\"3645\" data-end=\"3763\">Und mit Ferrand-Pr\u00e9vots Ehrgeiz, Vos\u2019 Klasse und einem starken Teamgeist k\u00f6nnten diese neun Tage erst der Anfang sein.<\/p>\n","protected":false},"excerpt":{"rendered":"<p>W\u00e4hrend die M\u00e4nner in die letzte Woche der Tour de France einbiegen, bereitet sich das Frauen-Peloton darauf vor, ins Rampenlicht [&hellip;]<\/p>\n","protected":false},"author":115,"featured_media":11836,"comment_status":"open","ping_status":"open","sticky":false,"template":"","format":"standard","meta":{"footnotes":""},"categories":[1],"tags":[],"global-categories":[19],"class_list":["post-11835","post","type-post","status-publish","format-standard","has-post-thumbnail","hentry","category-allgemein","global-categories-cycling"],"yoast_head":"<!-- This site is optimized with the Yoast SEO Premium plugin v25.3 (Yoast SEO v25.9) - https:\/\/yoast.com\/wordpress\/plugins\/seo\/ -->\n<title>\u201eWir wollen das bestm\u00f6gliche Ergebnis\u201c: Ferrand-Pr\u00e9vot und Vos f\u00fchren Team Visma | Lease a Bike mit gro\u00dfen Ambitionen in die Tour de France Femmes avec Zwift - \u0160koda We Love Cycling - Deutschland<\/title>\n<meta name=\"description\" content=\"Mit Pauline Ferrand-Pr\u00e9vot und Marianne Vos als Zugpferde startet Team Visma | Lease a Bike mit klaren Ambitionen in die Tour de France Femmes avec Zwift. Ziel: Etappensiege, ein starkes GC-Ergebnis \u2013 und ein bleibender Eindruck.\" \/>\n<meta name=\"robots\" content=\"index, follow, max-snippet:-1, max-image-preview:large, max-video-preview:-1\" \/>\n<link rel=\"canonical\" href=\"https:\/\/www.welovecycling.com\/de\/2025\/07\/25\/wir-wollen-das-bestmoegliche-ergebnis-ferrand-prevot-und-vos-fuehren-team-visma-lease-a-bike-mit-grossen-ambitionen-in-die-tour-de-france-femmes-avec-zwift\/\" \/>\n<meta property=\"og:locale\" content=\"de_DE\" \/>\n<meta property=\"og:type\" content=\"article\" \/>\n<meta property=\"og:title\" content=\"\u201eWir wollen das bestm\u00f6gliche Ergebnis\u201c: Ferrand-Pr\u00e9vot und Vos f\u00fchren Team Visma | Lease a Bike mit gro\u00dfen Ambitionen in die Tour de France Femmes avec Zwift\" \/>\n<meta property=\"og:description\" content=\"Mit Pauline Ferrand-Pr\u00e9vot und Marianne Vos als Zugpferde startet Team Visma | Lease a Bike mit klaren Ambitionen in die Tour de France Femmes avec Zwift. Ziel: Etappensiege, ein starkes GC-Ergebnis \u2013 und ein bleibender Eindruck.\" \/>\n<meta property=\"og:url\" content=\"https:\/\/www.welovecycling.com\/de\/2025\/07\/25\/wir-wollen-das-bestmoegliche-ergebnis-ferrand-prevot-und-vos-fuehren-team-visma-lease-a-bike-mit-grossen-ambitionen-in-die-tour-de-france-femmes-avec-zwift\/\" \/>\n<meta property=\"og:site_name\" content=\"\u0160koda We Love Cycling - Deutschland\" \/>\n<meta property=\"article:published_time\" content=\"2025-07-25T18:15:04+00:00\" \/>\n<meta property=\"article:modified_time\" content=\"2025-07-27T16:17:12+00:00\" \/>\n<meta property=\"og:image\" content=\"https:\/\/d2p6e6u75xmxt8.cloudfront.net\/10\/2025\/07\/tdff.webp\" \/>\n\t<meta property=\"og:image:width\" content=\"984\" \/>\n\t<meta property=\"og:image:height\" content=\"655\" \/>\n\t<meta property=\"og:image:type\" content=\"image\/webp\" \/>\n<meta name=\"author\" content=\"jbraeker\" \/>\n<meta name=\"twitter:card\" content=\"summary_large_image\" \/>\n<meta name=\"twitter:label1\" content=\"Written by\" \/>\n\t<meta name=\"twitter:data1\" content=\"Monica Buck\" \/>\n\t<meta name=\"twitter:label2\" content=\"Est. reading time\" \/>\n\t<meta name=\"twitter:data2\" content=\"3\" \/>\n<script type=\"application\/ld+json\" class=\"yoast-schema-graph\">{\"@context\":\"https:\/\/schema.org\",\"@graph\":[{\"@type\":\"WebPage\",\"@id\":\"https:\/\/www.welovecycling.com\/de\/2025\/07\/25\/wir-wollen-das-bestmoegliche-ergebnis-ferrand-prevot-und-vos-fuehren-team-visma-lease-a-bike-mit-grossen-ambitionen-in-die-tour-de-france-femmes-avec-zwift\/\",\"url\":\"https:\/\/www.welovecycling.com\/de\/2025\/07\/25\/wir-wollen-das-bestmoegliche-ergebnis-ferrand-prevot-und-vos-fuehren-team-visma-lease-a-bike-mit-grossen-ambitionen-in-die-tour-de-france-femmes-avec-zwift\/\",\"name\":\"\u201eWir wollen das bestm\u00f6gliche Ergebnis\u201c: Ferrand-Pr\u00e9vot und Vos f\u00fchren Team Visma | Lease a Bike mit gro\u00dfen Ambitionen in die Tour de France Femmes avec Zwift - \u0160koda We Love Cycling - Deutschland\",\"isPartOf\":{\"@id\":\"https:\/\/www.welovecycling.com\/de\/#website\"},\"primaryImageOfPage\":{\"@id\":\"https:\/\/www.welovecycling.com\/de\/2025\/07\/25\/wir-wollen-das-bestmoegliche-ergebnis-ferrand-prevot-und-vos-fuehren-team-visma-lease-a-bike-mit-grossen-ambitionen-in-die-tour-de-france-femmes-avec-zwift\/#primaryimage\"},\"image\":{\"@id\":\"https:\/\/www.welovecycling.com\/de\/2025\/07\/25\/wir-wollen-das-bestmoegliche-ergebnis-ferrand-prevot-und-vos-fuehren-team-visma-lease-a-bike-mit-grossen-ambitionen-in-die-tour-de-france-femmes-avec-zwift\/#primaryimage\"},\"thumbnailUrl\":\"https:\/\/d2p6e6u75xmxt8.cloudfront.net\/10\/2025\/07\/tdff.webp\",\"datePublished\":\"2025-07-25T18:15:04+00:00\",\"dateModified\":\"2025-07-27T16:17:12+00:00\",\"author\":{\"@id\":\"https:\/\/www.welovecycling.com\/de\/#\/schema\/person\/915694b3c8d0de9019932587781ba6b3\"},\"description\":\"Mit Pauline Ferrand-Pr\u00e9vot und Marianne Vos als Zugpferde startet Team Visma | Lease a Bike mit klaren Ambitionen in die Tour de France Femmes avec Zwift. Ziel: Etappensiege, ein starkes GC-Ergebnis \u2013 und ein bleibender Eindruck.\",\"breadcrumb\":{\"@id\":\"https:\/\/www.welovecycling.com\/de\/2025\/07\/25\/wir-wollen-das-bestmoegliche-ergebnis-ferrand-prevot-und-vos-fuehren-team-visma-lease-a-bike-mit-grossen-ambitionen-in-die-tour-de-france-femmes-avec-zwift\/#breadcrumb\"},\"inLanguage\":\"de-DE\",\"potentialAction\":[{\"@type\":\"ReadAction\",\"target\":[\"https:\/\/www.welovecycling.com\/de\/2025\/07\/25\/wir-wollen-das-bestmoegliche-ergebnis-ferrand-prevot-und-vos-fuehren-team-visma-lease-a-bike-mit-grossen-ambitionen-in-die-tour-de-france-femmes-avec-zwift\/\"]}]},{\"@type\":\"ImageObject\",\"inLanguage\":\"de-DE\",\"@id\":\"https:\/\/www.welovecycling.com\/de\/2025\/07\/25\/wir-wollen-das-bestmoegliche-ergebnis-ferrand-prevot-und-vos-fuehren-team-visma-lease-a-bike-mit-grossen-ambitionen-in-die-tour-de-france-femmes-avec-zwift\/#primaryimage\",\"url\":\"https:\/\/d2p6e6u75xmxt8.cloudfront.net\/10\/2025\/07\/tdff.webp\",\"contentUrl\":\"https:\/\/d2p6e6u75xmxt8.cloudfront.net\/10\/2025\/07\/tdff.webp\",\"width\":984,\"height\":655},{\"@type\":\"BreadcrumbList\",\"@id\":\"https:\/\/www.welovecycling.com\/de\/2025\/07\/25\/wir-wollen-das-bestmoegliche-ergebnis-ferrand-prevot-und-vos-fuehren-team-visma-lease-a-bike-mit-grossen-ambitionen-in-die-tour-de-france-femmes-avec-zwift\/#breadcrumb\",\"itemListElement\":[{\"@type\":\"ListItem\",\"position\":1,\"name\":\"Home\",\"item\":\"https:\/\/www.welovecycling.com\/de\/\"},{\"@type\":\"ListItem\",\"position\":2,\"name\":\"\u201eWir wollen das bestm\u00f6gliche Ergebnis\u201c: Ferrand-Pr\u00e9vot und Vos f\u00fchren Team Visma | Lease a Bike mit gro\u00dfen Ambitionen in die Tour de France Femmes avec Zwift\"}]},{\"@type\":\"WebSite\",\"@id\":\"https:\/\/www.welovecycling.com\/de\/#website\",\"url\":\"https:\/\/www.welovecycling.com\/de\/\",\"name\":\"\u0160koda We Love Cycling - Deutschland\",\"description\":\"Just another \u0160koda WeLoveCycling Sites site\",\"potentialAction\":[{\"@type\":\"SearchAction\",\"target\":{\"@type\":\"EntryPoint\",\"urlTemplate\":\"https:\/\/www.welovecycling.com\/de\/?s={search_term_string}\"},\"query-input\":{\"@type\":\"PropertyValueSpecification\",\"valueRequired\":true,\"valueName\":\"search_term_string\"}}],\"inLanguage\":\"de-DE\"},{\"@type\":\"Person\",\"@id\":\"https:\/\/www.welovecycling.com\/de\/#\/schema\/person\/915694b3c8d0de9019932587781ba6b3\",\"name\":\"jbraeker\",\"image\":{\"@type\":\"ImageObject\",\"inLanguage\":\"de-DE\",\"@id\":\"https:\/\/www.welovecycling.com\/de\/#\/schema\/person\/image\/\",\"url\":\"https:\/\/secure.gravatar.com\/avatar\/8b4aea90e4535aae30b5b720249e5b723ae59fcf3d54757dd8b748d97b46d3c9?s=96&d=mm&r=g\",\"contentUrl\":\"https:\/\/secure.gravatar.com\/avatar\/8b4aea90e4535aae30b5b720249e5b723ae59fcf3d54757dd8b748d97b46d3c9?s=96&d=mm&r=g\",\"caption\":\"jbraeker\"},\"url\":\"https:\/\/www.welovecycling.com\/de\/author\/jbraeker\/\"}]}<\/script>\n<!-- \/ Yoast SEO Premium plugin. -->","yoast_head_json":{"title":"\u201eWir wollen das bestm\u00f6gliche Ergebnis\u201c: Ferrand-Pr\u00e9vot und Vos f\u00fchren Team Visma | Lease a Bike mit gro\u00dfen Ambitionen in die Tour de France Femmes avec Zwift - \u0160koda We Love Cycling - Deutschland","description":"Mit Pauline Ferrand-Pr\u00e9vot und Marianne Vos als Zugpferde startet Team Visma | Lease a Bike mit klaren Ambitionen in die Tour de France Femmes avec Zwift. Ziel: Etappensiege, ein starkes GC-Ergebnis \u2013 und ein bleibender Eindruck.","robots":{"index":"index","follow":"follow","max-snippet":"max-snippet:-1","max-image-preview":"max-image-preview:large","max-video-preview":"max-video-preview:-1"},"canonical":"https:\/\/www.welovecycling.com\/de\/2025\/07\/25\/wir-wollen-das-bestmoegliche-ergebnis-ferrand-prevot-und-vos-fuehren-team-visma-lease-a-bike-mit-grossen-ambitionen-in-die-tour-de-france-femmes-avec-zwift\/","og_locale":"de_DE","og_type":"article","og_title":"\u201eWir wollen das bestm\u00f6gliche Ergebnis\u201c: Ferrand-Pr\u00e9vot und Vos f\u00fchren Team Visma | Lease a Bike mit gro\u00dfen Ambitionen in die Tour de France Femmes avec Zwift","og_description":"Mit Pauline Ferrand-Pr\u00e9vot und Marianne Vos als Zugpferde startet Team Visma | Lease a Bike mit klaren Ambitionen in die Tour de France Femmes avec Zwift. Ziel: Etappensiege, ein starkes GC-Ergebnis \u2013 und ein bleibender Eindruck.","og_url":"https:\/\/www.welovecycling.com\/de\/2025\/07\/25\/wir-wollen-das-bestmoegliche-ergebnis-ferrand-prevot-und-vos-fuehren-team-visma-lease-a-bike-mit-grossen-ambitionen-in-die-tour-de-france-femmes-avec-zwift\/","og_site_name":"\u0160koda We Love Cycling - Deutschland","article_published_time":"2025-07-25T18:15:04+00:00","article_modified_time":"2025-07-27T16:17:12+00:00","og_image":[{"width":984,"height":655,"url":"https:\/\/d2p6e6u75xmxt8.cloudfront.net\/10\/2025\/07\/tdff.webp","type":"image\/webp"}],"author":"jbraeker","twitter_card":"summary_large_image","twitter_misc":{"Written by":"Monica Buck","Est. reading time":"3"},"schema":{"@context":"https:\/\/schema.org","@graph":[{"@type":"WebPage","@id":"https:\/\/www.welovecycling.com\/de\/2025\/07\/25\/wir-wollen-das-bestmoegliche-ergebnis-ferrand-prevot-und-vos-fuehren-team-visma-lease-a-bike-mit-grossen-ambitionen-in-die-tour-de-france-femmes-avec-zwift\/","url":"https:\/\/www.welovecycling.com\/de\/2025\/07\/25\/wir-wollen-das-bestmoegliche-ergebnis-ferrand-prevot-und-vos-fuehren-team-visma-lease-a-bike-mit-grossen-ambitionen-in-die-tour-de-france-femmes-avec-zwift\/","name":"\u201eWir wollen das bestm\u00f6gliche Ergebnis\u201c: Ferrand-Pr\u00e9vot und Vos f\u00fchren Team Visma | Lease a Bike mit gro\u00dfen Ambitionen in die Tour de France Femmes avec Zwift - \u0160koda We Love Cycling - Deutschland","isPartOf":{"@id":"https:\/\/www.welovecycling.com\/de\/#website"},"primaryImageOfPage":{"@id":"https:\/\/www.welovecycling.com\/de\/2025\/07\/25\/wir-wollen-das-bestmoegliche-ergebnis-ferrand-prevot-und-vos-fuehren-team-visma-lease-a-bike-mit-grossen-ambitionen-in-die-tour-de-france-femmes-avec-zwift\/#primaryimage"},"image":{"@id":"https:\/\/www.welovecycling.com\/de\/2025\/07\/25\/wir-wollen-das-bestmoegliche-ergebnis-ferrand-prevot-und-vos-fuehren-team-visma-lease-a-bike-mit-grossen-ambitionen-in-die-tour-de-france-femmes-avec-zwift\/#primaryimage"},"thumbnailUrl":"https:\/\/d2p6e6u75xmxt8.cloudfront.net\/10\/2025\/07\/tdff.webp","datePublished":"2025-07-25T18:15:04+00:00","dateModified":"2025-07-27T16:17:12+00:00","author":{"@id":"https:\/\/www.welovecycling.com\/de\/#\/schema\/person\/915694b3c8d0de9019932587781ba6b3"},"description":"Mit Pauline Ferrand-Pr\u00e9vot und Marianne Vos als Zugpferde startet Team Visma | Lease a Bike mit klaren Ambitionen in die Tour de France Femmes avec Zwift. Ziel: Etappensiege, ein starkes GC-Ergebnis \u2013 und ein bleibender Eindruck.","breadcrumb":{"@id":"https:\/\/www.welovecycling.com\/de\/2025\/07\/25\/wir-wollen-das-bestmoegliche-ergebnis-ferrand-prevot-und-vos-fuehren-team-visma-lease-a-bike-mit-grossen-ambitionen-in-die-tour-de-france-femmes-avec-zwift\/#breadcrumb"},"inLanguage":"de-DE","potentialAction":[{"@type":"ReadAction","target":["https:\/\/www.welovecycling.com\/de\/2025\/07\/25\/wir-wollen-das-bestmoegliche-ergebnis-ferrand-prevot-und-vos-fuehren-team-visma-lease-a-bike-mit-grossen-ambitionen-in-die-tour-de-france-femmes-avec-zwift\/"]}]},{"@type":"ImageObject","inLanguage":"de-DE","@id":"https:\/\/www.welovecycling.com\/de\/2025\/07\/25\/wir-wollen-das-bestmoegliche-ergebnis-ferrand-prevot-und-vos-fuehren-team-visma-lease-a-bike-mit-grossen-ambitionen-in-die-tour-de-france-femmes-avec-zwift\/#primaryimage","url":"https:\/\/d2p6e6u75xmxt8.cloudfront.net\/10\/2025\/07\/tdff.webp","contentUrl":"https:\/\/d2p6e6u75xmxt8.cloudfront.net\/10\/2025\/07\/tdff.webp","width":984,"height":655},{"@type":"BreadcrumbList","@id":"https:\/\/www.welovecycling.com\/de\/2025\/07\/25\/wir-wollen-das-bestmoegliche-ergebnis-ferrand-prevot-und-vos-fuehren-team-visma-lease-a-bike-mit-grossen-ambitionen-in-die-tour-de-france-femmes-avec-zwift\/#breadcrumb","itemListElement":[{"@type":"ListItem","position":1,"name":"Home","item":"https:\/\/www.welovecycling.com\/de\/"},{"@type":"ListItem","position":2,"name":"\u201eWir wollen das bestm\u00f6gliche Ergebnis\u201c: Ferrand-Pr\u00e9vot und Vos f\u00fchren Team Visma | Lease a Bike mit gro\u00dfen Ambitionen in die Tour de France Femmes avec Zwift"}]},{"@type":"WebSite","@id":"https:\/\/www.welovecycling.com\/de\/#website","url":"https:\/\/www.welovecycling.com\/de\/","name":"\u0160koda We Love Cycling - Deutschland","description":"Just another \u0160koda WeLoveCycling Sites site","potentialAction":[{"@type":"SearchAction","target":{"@type":"EntryPoint","urlTemplate":"https:\/\/www.welovecycling.com\/de\/?s={search_term_string}"},"query-input":{"@type":"PropertyValueSpecification","valueRequired":true,"valueName":"search_term_string"}}],"inLanguage":"de-DE"},{"@type":"Person","@id":"https:\/\/www.welovecycling.com\/de\/#\/schema\/person\/915694b3c8d0de9019932587781ba6b3","name":"jbraeker","image":{"@type":"ImageObject","inLanguage":"de-DE","@id":"https:\/\/www.welovecycling.com\/de\/#\/schema\/person\/image\/","url":"https:\/\/secure.gravatar.com\/avatar\/8b4aea90e4535aae30b5b720249e5b723ae59fcf3d54757dd8b748d97b46d3c9?s=96&d=mm&r=g","contentUrl":"https:\/\/secure.gravatar.com\/avatar\/8b4aea90e4535aae30b5b720249e5b723ae59fcf3d54757dd8b748d97b46d3c9?s=96&d=mm&r=g","caption":"jbraeker"},"url":"https:\/\/www.welovecycling.com\/de\/author\/jbraeker\/"}]}},"_links":{"self":[{"href":"https:\/\/www.welovecycling.com\/de\/wp-json\/wp\/v2\/posts\/11835","targetHints":{"allow":["GET"]}}],"collection":[{"href":"https:\/\/www.welovecycling.com\/de\/wp-json\/wp\/v2\/posts"}],"about":[{"href":"https:\/\/www.welovecycling.com\/de\/wp-json\/wp\/v2\/types\/post"}],"author":[{"embeddable":true,"href":"https:\/\/www.welovecycling.com\/de\/wp-json\/wp\/v2\/users\/115"}],"replies":[{"embeddable":true,"href":"https:\/\/www.welovecycling.com\/de\/wp-json\/wp\/v2\/comments?post=11835"}],"version-history":[{"count":1,"href":"https:\/\/www.welovecycling.com\/de\/wp-json\/wp\/v2\/posts\/11835\/revisions"}],"predecessor-version":[{"id":11837,"href":"https:\/\/www.welovecycling.com\/de\/wp-json\/wp\/v2\/posts\/11835\/revisions\/11837"}],"wp:featuredmedia":[{"embeddable":true,"href":"https:\/\/www.welovecycling.com\/de\/wp-json\/wp\/v2\/media\/11836"}],"wp:attachment":[{"href":"https:\/\/www.welovecycling.com\/de\/wp-json\/wp\/v2\/media?parent=11835"}],"wp:term":[{"taxonomy":"category","embeddable":true,"href":"https:\/\/www.welovecycling.com\/de\/wp-json\/wp\/v2\/categories?post=11835"},{"taxonomy":"post_tag","embeddable":true,"href":"https:\/\/www.welovecycling.com\/de\/wp-json\/wp\/v2\/tags?post=11835"},{"taxonomy":"global-categories","embeddable":true,"href":"https:\/\/www.welovecycling.com\/de\/wp-json\/wp\/v2\/global-categories?post=11835"}],"curies":[{"name":"wp","href":"https:\/\/api.w.org\/{rel}","templated":true}]}}