{"id":11802,"date":"2025-07-18T09:19:41","date_gmt":"2025-07-18T08:19:41","guid":{"rendered":"https:\/\/www.welovecycling.com\/de\/?p=11802"},"modified":"2025-07-22T09:24:12","modified_gmt":"2025-07-22T08:24:12","slug":"pogacar-zerlegt-vingegaard-am-ersten-grossen-berg-der-tour","status":"publish","type":"post","link":"https:\/\/www.welovecycling.com\/de\/2025\/07\/18\/pogacar-zerlegt-vingegaard-am-ersten-grossen-berg-der-tour\/","title":{"rendered":"Poga\u010dar zerlegt Vingegaard am ersten gro\u00dfen Berg der Tour"},"content":{"rendered":"<p data-start=\"83\" data-end=\"157\"><strong data-start=\"83\" data-end=\"157\">Poga\u010dar dominiert die 12. Etappe der Tour de France und \u00fcbernimmt Gelb<\/strong><\/p>\n<p data-start=\"159\" data-end=\"436\">In der 12. Etappe der Tour de France am Donnerstag beantwortete Tadej Poga\u010dar (UAE Team Emirates\u2013XRG) alle offenen Fragen und reagierte auf s\u00e4mtliche Herausforderungen, die Jonas Vingegaard und sein Team Visma\u2013Lease a Bike ihm in den ersten elf Etappen entgegengeworfen hatten.<\/p>\n<p data-start=\"438\" data-end=\"799\">Mit einem verheerenden Antritt setzte er sich aus einer kleinen Gruppe der Klassementfahrer ab und lie\u00df Vingegaard und die anderen Favoriten bei 34 \u00b0C auf den Rampen des hors-cat\u00e9gorie-Anstiegs zum Hautacam (13,1 km bei 7,8 % Steigung, Rampen bis 15 %) keuchend zur\u00fcck. Damit machte er einen gro\u00dfen Schritt in Richtung seines vierten Tour-de-France-Gesamtsiegs.<\/p>\n<p data-start=\"801\" data-end=\"872\"><strong data-start=\"801\" data-end=\"872\">Poga\u010dar fliegt den Hautacam hinauf, Vingegaard kommt ins Straucheln<\/strong><\/p>\n<p data-start=\"874\" data-end=\"1422\">Angef\u00fchrt von Teamkollege Jhonatan Narv\u00e1ez griff Poga\u010dar kurz nach Beginn des Anstiegs an und hatte nach nur wenigen Tritten bereits rund 50 Meter Vorsprung auf den D\u00e4nen. Vingegaard k\u00e4mpfte tapfer, konnte dem Mann, den viele als besten Stra\u00dfenrennfahrer aller Zeiten bezeichnen, jedoch nichts entgegensetzen. Im Ziel, sichtlich \u00fcberhitzt und mit schmerzverzerrtem Gesicht, hatte er 2:10 Minuten R\u00fcckstand \u2013 und liegt nun ganze 3:31 Minuten hinter seinem Rivalen. Ist das Rennen entschieden? Angesichts der noch folgenden brutalen Anstiege wohl ja.<\/p>\n<p data-start=\"1424\" data-end=\"1734\">Mit dem Etappensieg schl\u00fcpfte Poga\u010dar zum dritten Mal ins Gelbe Trikot, w\u00e4hrend der bisherige Tr\u00e4ger Ben Healy (EF Education\u2013EasyPost) unter der Hitze litt und fast 14 Minuten verlor. Poga\u010dar ist zudem der erste amtierende Weltmeister seit Bernard Hinault 1981, der ein Bergankunftsetappe bei der Tour gewinnt.<\/p>\n<p data-start=\"1736\" data-end=\"2166\">\u201eAls ich zum ersten Mal den Hautacam gefahren bin, wusste ich: Das ist ein wundersch\u00f6ner Anstieg. Ich habe mich darauf gefreut, ihn im Rennen zu fahren\u201c, sagte Poga\u010dar gegen\u00fcber TNT Sports. \u201eIch bin supergl\u00fccklich, hier Zeit gutzumachen und zu gewinnen.\u201c Und um seinen Rivalen eine klare Botschaft zu senden, erg\u00e4nzte er auf die Frage, wie er sich im Vergleich zu fr\u00fcheren Touren f\u00fchle: \u201eIch bin im besten Moment meiner Karriere.\u201c<\/p>\n<p data-start=\"2168\" data-end=\"2610\">Er widmete den Sieg auch Samuele Privitera, einem 19-j\u00e4hrigen Fahrer aus dem Nachwuchsteam von Jayco-AlUla, der am Mittwoch bei der ersten Etappe des Giro della Valle d\u2019Aosta t\u00f6dlich verungl\u00fcckte. \u201eDiese Etappe ist f\u00fcr Samuele, f\u00fcr seine Familie\u201c, sagte Poga\u010dar. \u201eDas war das Erste, das ich heute Morgen gelesen habe. Im letzten Kilometer dachte ich an ihn und daran, wie hart dieser Sport sein kann und wie viel Schmerz er verursachen kann.\u201c<\/p>\n<p data-start=\"2612\" data-end=\"2664\">Der Slowene zeigt Klasse \u2013 sportlich wie menschlich.<\/p>\n<p data-start=\"2666\" data-end=\"2703\"><strong data-start=\"2666\" data-end=\"2703\">Evenepoel k\u00e4mpft, Lipowitz gl\u00e4nzt<\/strong><\/p>\n<p data-start=\"2705\" data-end=\"3256\">Remco Evenepoel wurde Siebter der Etappe, mit 3:35 Minuten R\u00fcckstand, und liegt nun auf Gesamtrang drei mit 4:45 Minuten R\u00fcckstand. Der Soudal-Quick-Step-Kapit\u00e4n wurde bereits am ersten gro\u00dfen Anstieg, dem Col du Soulor (11,8 km bei 7,3 %), abgeh\u00e4ngt, k\u00e4mpfte sich aber wieder zu den Favoriten zur\u00fcck. Doch der Hautacam war schlicht zu steil, zu lang und zu hei\u00df. Die 13. Etappe am Freitag ist ein Bergzeitfahren \u2013 m\u00f6glicherweise kommt ihm das als Welt- und Olympiasieger in dieser Disziplin entgegen, auch wenn die Schlussrampe bis zu 16 % steil ist.<\/p>\n<p data-start=\"3258\" data-end=\"3645\">Evenepoel muss nun sein Podium und das Wei\u00dfe Trikot des besten Jungprofis gegen den 24-j\u00e4hrigen Florian Lipowitz (Red Bull\u2013BORA\u2013hansgrohe) verteidigen. Der Deutsche, der bisher als Helfer f\u00fcr Primo\u017e Rogli\u010d arbeitete, durfte endlich auf eigene Rechnung fahren und wurde starker Dritter \u2013 nur 13 Sekunden hinter Vingegaard. Er liegt nun nur noch 49 Sekunden hinter Evenepoel auf Rang vier.<\/p>\n<p data-start=\"3258\" data-end=\"3645\"><a href=\"https:\/\/d2p6e6u75xmxt8.cloudfront.net\/10\/2025\/07\/fans.webp\"><img loading=\"lazy\" decoding=\"async\" class=\"alignnone size-full wp-image-11803\" src=\"https:\/\/d2p6e6u75xmxt8.cloudfront.net\/10\/2025\/07\/fans.webp\" alt=\"\" width=\"786\" height=\"526\" srcset=\"https:\/\/d2p6e6u75xmxt8.cloudfront.net\/10\/2025\/07\/fans.webp 786w, https:\/\/d2p6e6u75xmxt8.cloudfront.net\/10\/2025\/07\/fans-300x201.webp 300w, https:\/\/d2p6e6u75xmxt8.cloudfront.net\/10\/2025\/07\/fans-768x514.webp 768w, https:\/\/d2p6e6u75xmxt8.cloudfront.net\/10\/2025\/07\/fans-400x268.webp 400w, https:\/\/d2p6e6u75xmxt8.cloudfront.net\/10\/2025\/07\/fans-272x182.webp 272w\" sizes=\"auto, (max-width: 786px) 100vw, 786px\" \/><\/a><\/p>\n<p data-start=\"3647\" data-end=\"3691\"><strong data-start=\"3647\" data-end=\"3691\">Vingegaard im Tief \u2013 war alles nur Show?<\/strong><\/p>\n<p data-start=\"3693\" data-end=\"4258\">Man fragt sich, ob Vingegaards selbstbewusste Aussagen und Auftritte nur Fassade waren \u2013 oder ob er wirklich geglaubt hat, sich so sehr verbessert zu haben, nachdem Poga\u010dar ihn bereits beim Crit\u00e9rium du Dauphin\u00e9 geschlagen hatte. Der \u201eneue Vingegaard\u201c war nicht besser als der alte \u2013 der einst Poga\u010dar zweimal bei der Tour schlug, aber nie so einbrach wie am Hautacam. W\u00e4re die Etappe einen Kilometer l\u00e4nger gewesen, h\u00e4tte ihn Lipowitz vermutlich \u00fcberholt. So oder so: Visma-Sportdirektor Grischa Niermann sagte es treffend: \u201eAm Ende hat der beste Fahrer gewonnen.\u201c<\/p>\n<hr data-start=\"4260\" data-end=\"4263\" \/>\n<p data-start=\"4265\" data-end=\"4335\"><strong data-start=\"4265\" data-end=\"4335\">Jonas Abrahamsen schenkt Uno-X Mobility den ersten Grand-Tour-Sieg<\/strong><\/p>\n<p data-start=\"4337\" data-end=\"4583\">Eine verr\u00fcckte Tour \u2013 und die verr\u00fcckteste Etappe war wohl die 11. am Mittwoch. Zwei Fahrer fuhren die kompletten 156,8 km rund um Toulouse in einem waghalsigen Zweierausrei\u00dfversuch (Durchschnitt 48,016 km\/h), w\u00e4hrend dahinter das Chaos ausbrach.<\/p>\n<p data-start=\"4585\" data-end=\"4928\">Am Ende setzte sich Jonas Abrahamsen mit einem Wimpernschlag gegen Mauro Schmid durch und feierte seinen zweiten Profisieg \u2013 und den ersten Grand-Tour-Erfolg seines Teams UNO-X Mobility. Der 29-j\u00e4hrige Norweger hatte sich diesen Sieg hart erarbeitet \u2013 erst vier Wochen zuvor hatte er sich beim Baloise Belgium Tour das Schl\u00fcsselbein gebrochen.<\/p>\n<p data-start=\"4930\" data-end=\"5251\">\u201eIch habe im Krankenhaus geweint, weil ich dachte, ich w\u00fcrde die Tour nicht fahren\u201c, sagte Abrahamsen. \u201eAm n\u00e4chsten Tag sa\u00df ich auf der Rolle und hoffte, dass ich es doch noch schaffe. Jeden Tag habe ich alles gegeben, um zur\u00fcckzukommen. Jetzt hier zu sein \u2013 mit einem Etappensieg bei der Tour \u2013 ist einfach unglaublich.\u201c<\/p>\n<p data-start=\"5253\" data-end=\"5634\">Letztes Jahr, bei seiner ersten Tour, wurde er einmal Zweiter und einmal Dritter. Dieses Mal wollte er sich nicht wieder mit einem Podium begn\u00fcgen. \u201e[Schmid] war von Anfang an so stark\u201c, sagte er. \u201eIch habe es versucht, es war extrem schwer, ihn zu \u00fcberholen, aber ich dachte mir: \u201aIch muss diese Etappe gewinnen, ich muss\u2018 \u2013 und dann war mein Vorderrad vorn. Ein Wahnsinnsgef\u00fchl.\u201c<\/p>\n<p data-start=\"5636\" data-end=\"5927\">F\u00fcr Schmid (Jayco AlUla), der seine erste Tour f\u00e4hrt, war es bitter. Auch er war vom Start weg im Vollsprint unterwegs. \u201eNach dem Ruhetag war das eine gute Gelegenheit f\u00fcr Fahrer wie mich\u201c, sagte er. \u201eDie n\u00e4chsten Etappen sind entweder zu hart oder werden Sprints \u2013 heute war unsere Chance.\u201c<\/p>\n<p data-start=\"5929\" data-end=\"6235\">Im ersten Renndrittel gab es zahlreiche Attacken. Schlie\u00dflich formierten sich zwei Ausrei\u00dfergruppen: vorne Abrahamsen und Schmid, dahinter unter anderem Mathieu van der Poel (Alpecin-Deceuninck) und Wout van Aert (Visma\u2013Lease a Bike). Der Abstand zwischen den Gruppen schwankte zwischen 20 und 30 Sekunden.<\/p>\n<p data-start=\"6237\" data-end=\"6416\">9 km vor dem Ziel zog van der Poel alleine los \u2013 am letzten Anstieg (800 m bei 12,4 %, Rampen bis 20 %). Er kam n\u00e4her, trat wie wild, aber verpasste das F\u00fchrungsduo um 7 Sekunden.<\/p>\n<p data-start=\"6418\" data-end=\"6808\">Und es wurde noch chaotischer: Ein Demonstrant rannte kurz vor dem Ziel auf die Strecke und wurde sofort \u00fcberw\u00e4ltigt. Und: Poga\u010dar st\u00fcrzte 4 km vor dem Ziel, als Tobias Halland Johannessen (UNO-X) in einer Kurve von der Linie abkam und ihn touchierte. Der Weltmeister rutschte \u00fcber den Asphalt, prallte gegen den Bordstein \u2013 blieb aber unverletzt. Zeit verlor er nicht, da das Feld wartete.<\/p>\n<p data-start=\"6810\" data-end=\"6954\">\u201eWir haben auf ihn gewartet \u2013 wie es sich geh\u00f6rt\u201c, sagte Vingegaard. Teamkollege Matteo Jorgenson erg\u00e4nzte: \u201eWir wollen ihn sportlich schlagen.\u201c<\/p>\n<p data-start=\"6956\" data-end=\"6977\"><strong data-start=\"6956\" data-end=\"6977\">Viel Gl\u00fcck dabei.<\/strong><\/p>\n<hr data-start=\"6979\" data-end=\"6982\" \/>\n<p data-start=\"6984\" data-end=\"7031\"><strong data-start=\"6984\" data-end=\"7029\">Ergebnisse Etappe 12, Tour de France 2025<\/strong><\/p>\n<ol data-start=\"7032\" data-end=\"7512\">\n<li data-start=\"7032\" data-end=\"7083\">\n<p data-start=\"7035\" data-end=\"7083\">Tadej Poga\u010dar, UAE Team Emirates\u2013XRG \u2013 4:21:19<\/p>\n<\/li>\n<li data-start=\"7084\" data-end=\"7131\">\n<p data-start=\"7087\" data-end=\"7131\">Jonas Vingegaard, Visma\u2013Lease a Bike +2:10<\/p>\n<\/li>\n<li data-start=\"7132\" data-end=\"7184\">\n<p data-start=\"7135\" data-end=\"7184\">Florian Lipowitz, Red Bull\u2013BORA\u2013hansgrohe +2:23<\/p>\n<\/li>\n<li data-start=\"7185\" data-end=\"7238\">\n<p data-start=\"7188\" data-end=\"7238\">Tobias Halland Johannessen, Uno-X Mobility +3:00<\/p>\n<\/li>\n<li data-start=\"7239\" data-end=\"7272\">\n<p data-start=\"7242\" data-end=\"7272\">Oscar Onley, Picnic PostNL \u201e<\/p>\n<\/li>\n<li data-start=\"7273\" data-end=\"7317\">\n<p data-start=\"7276\" data-end=\"7317\">K\u00e9vin Vauquelin, Ark\u00e9a\u2013B&amp;B Hotels +3:33<\/p>\n<\/li>\n<li data-start=\"7318\" data-end=\"7363\">\n<p data-start=\"7321\" data-end=\"7363\">Remco Evenepoel, Soudal Quick-Step +3:35<\/p>\n<\/li>\n<li data-start=\"7364\" data-end=\"7413\">\n<p data-start=\"7367\" data-end=\"7413\">Felix Gall, Decathlon AG2R La Mondiale +4:02<\/p>\n<\/li>\n<li data-start=\"7414\" data-end=\"7463\">\n<p data-start=\"7417\" data-end=\"7463\">Primo\u017e Rogli\u010d, Red Bull\u2013BORA\u2013hansgrohe +4:08<\/p>\n<\/li>\n<li data-start=\"7464\" data-end=\"7512\">\n<p data-start=\"7468\" data-end=\"7512\">Cristi\u00e1n Rodr\u00edguez, Ark\u00e9a\u2013B&amp;B Hotels +7:26<\/p>\n<\/li>\n<\/ol>\n<p data-start=\"7514\" data-end=\"7548\"><strong data-start=\"7514\" data-end=\"7546\">Gesamtwertung nach Etappe 12<\/strong><\/p>\n<ol data-start=\"7549\" data-end=\"7824\">\n<li data-start=\"7549\" data-end=\"7578\">\n<p data-start=\"7552\" data-end=\"7578\">Tadej Poga\u010dar \u2013 45:22:51<\/p>\n<\/li>\n<li data-start=\"7579\" data-end=\"7606\">\n<p data-start=\"7582\" data-end=\"7606\">Jonas Vingegaard +3:31<\/p>\n<\/li>\n<li data-start=\"7607\" data-end=\"7633\">\n<p data-start=\"7610\" data-end=\"7633\">Remco Evenepoel +4:45<\/p>\n<\/li>\n<li data-start=\"7634\" data-end=\"7661\">\n<p data-start=\"7637\" data-end=\"7661\">Florian Lipowitz +5:34<\/p>\n<\/li>\n<li data-start=\"7662\" data-end=\"7688\">\n<p data-start=\"7665\" data-end=\"7688\">K\u00e9vin Vauquelin +5:40<\/p>\n<\/li>\n<li data-start=\"7689\" data-end=\"7711\">\n<p data-start=\"7692\" data-end=\"7711\">Oscar Onley +6:05<\/p>\n<\/li>\n<li data-start=\"7712\" data-end=\"7736\">\n<p data-start=\"7715\" data-end=\"7736\">Primo\u017e Rogli\u010d +7:30<\/p>\n<\/li>\n<li data-start=\"7737\" data-end=\"7774\">\n<p data-start=\"7740\" data-end=\"7774\">Tobias Halland Johannessen +7:44<\/p>\n<\/li>\n<li data-start=\"7775\" data-end=\"7796\">\n<p data-start=\"7778\" data-end=\"7796\">Felix Gall +9:21<\/p>\n<\/li>\n<li data-start=\"7797\" data-end=\"7824\">\n<p data-start=\"7801\" data-end=\"7824\">Matteo Jorgenson +12:12<\/p>\n<\/li>\n<\/ol>\n","protected":false},"excerpt":{"rendered":"<p>Poga\u010dar dominiert die 12. Etappe der Tour de France und \u00fcbernimmt Gelb In der 12. Etappe der Tour de France [&hellip;]<\/p>\n","protected":false},"author":115,"featured_media":11804,"comment_status":"open","ping_status":"open","sticky":false,"template":"","format":"standard","meta":{"footnotes":""},"categories":[1],"tags":[],"global-categories":[19],"class_list":["post-11802","post","type-post","status-publish","format-standard","has-post-thumbnail","hentry","category-allgemein","global-categories-cycling"],"yoast_head":"<!-- This site is optimized with the Yoast SEO Premium plugin v25.3 (Yoast SEO v25.9) - https:\/\/yoast.com\/wordpress\/plugins\/seo\/ -->\n<title>Poga\u010dar zerlegt Vingegaard am ersten gro\u00dfen Berg der Tour - \u0160koda We Love Cycling - Deutschland<\/title>\n<meta name=\"description\" content=\"Tadej Poga\u010dar setzt am legend\u00e4ren Hautacam ein Zeichen: Der Slowene dominiert die erste Bergetappe der Tour de France und nimmt Jonas Vingegaard \u00fcber zwei Minuten ab. Ist das Rennen damit entschieden?\" \/>\n<meta name=\"robots\" content=\"index, follow, max-snippet:-1, max-image-preview:large, max-video-preview:-1\" \/>\n<link rel=\"canonical\" href=\"https:\/\/www.welovecycling.com\/de\/2025\/07\/18\/pogacar-zerlegt-vingegaard-am-ersten-grossen-berg-der-tour\/\" \/>\n<meta property=\"og:locale\" content=\"de_DE\" \/>\n<meta property=\"og:type\" content=\"article\" \/>\n<meta property=\"og:title\" content=\"Poga\u010dar zerlegt Vingegaard am ersten gro\u00dfen Berg der Tour\" \/>\n<meta property=\"og:description\" content=\"Tadej Poga\u010dar setzt am legend\u00e4ren Hautacam ein Zeichen: Der Slowene dominiert die erste Bergetappe der Tour de France und nimmt Jonas Vingegaard \u00fcber zwei Minuten ab. Ist das Rennen damit entschieden?\" \/>\n<meta property=\"og:url\" content=\"https:\/\/www.welovecycling.com\/de\/2025\/07\/18\/pogacar-zerlegt-vingegaard-am-ersten-grossen-berg-der-tour\/\" \/>\n<meta property=\"og:site_name\" content=\"\u0160koda We Love Cycling - Deutschland\" \/>\n<meta property=\"article:published_time\" content=\"2025-07-18T08:19:41+00:00\" \/>\n<meta property=\"article:modified_time\" content=\"2025-07-22T08:24:12+00:00\" \/>\n<meta property=\"og:image\" content=\"https:\/\/d2p6e6u75xmxt8.cloudfront.net\/10\/2025\/07\/pogacar1.webp\" \/>\n\t<meta property=\"og:image:width\" content=\"985\" \/>\n\t<meta property=\"og:image:height\" content=\"653\" \/>\n\t<meta property=\"og:image:type\" content=\"image\/webp\" \/>\n<meta name=\"author\" content=\"jbraeker\" \/>\n<meta name=\"twitter:card\" content=\"summary_large_image\" \/>\n<meta name=\"twitter:label1\" content=\"Written by\" \/>\n\t<meta name=\"twitter:data1\" content=\"Siegfried Mortkowitz\" \/>\n\t<meta name=\"twitter:label2\" content=\"Est. reading time\" \/>\n\t<meta name=\"twitter:data2\" content=\"3\" \/>\n<script type=\"application\/ld+json\" class=\"yoast-schema-graph\">{\"@context\":\"https:\/\/schema.org\",\"@graph\":[{\"@type\":\"WebPage\",\"@id\":\"https:\/\/www.welovecycling.com\/de\/2025\/07\/18\/pogacar-zerlegt-vingegaard-am-ersten-grossen-berg-der-tour\/\",\"url\":\"https:\/\/www.welovecycling.com\/de\/2025\/07\/18\/pogacar-zerlegt-vingegaard-am-ersten-grossen-berg-der-tour\/\",\"name\":\"Poga\u010dar zerlegt Vingegaard am ersten gro\u00dfen Berg der Tour - \u0160koda We Love Cycling - Deutschland\",\"isPartOf\":{\"@id\":\"https:\/\/www.welovecycling.com\/de\/#website\"},\"primaryImageOfPage\":{\"@id\":\"https:\/\/www.welovecycling.com\/de\/2025\/07\/18\/pogacar-zerlegt-vingegaard-am-ersten-grossen-berg-der-tour\/#primaryimage\"},\"image\":{\"@id\":\"https:\/\/www.welovecycling.com\/de\/2025\/07\/18\/pogacar-zerlegt-vingegaard-am-ersten-grossen-berg-der-tour\/#primaryimage\"},\"thumbnailUrl\":\"https:\/\/d2p6e6u75xmxt8.cloudfront.net\/10\/2025\/07\/pogacar1.webp\",\"datePublished\":\"2025-07-18T08:19:41+00:00\",\"dateModified\":\"2025-07-22T08:24:12+00:00\",\"author\":{\"@id\":\"https:\/\/www.welovecycling.com\/de\/#\/schema\/person\/915694b3c8d0de9019932587781ba6b3\"},\"description\":\"Tadej Poga\u010dar setzt am legend\u00e4ren Hautacam ein Zeichen: Der Slowene dominiert die erste Bergetappe der Tour de France und nimmt Jonas Vingegaard \u00fcber zwei Minuten ab. Ist das Rennen damit entschieden?\",\"breadcrumb\":{\"@id\":\"https:\/\/www.welovecycling.com\/de\/2025\/07\/18\/pogacar-zerlegt-vingegaard-am-ersten-grossen-berg-der-tour\/#breadcrumb\"},\"inLanguage\":\"de-DE\",\"potentialAction\":[{\"@type\":\"ReadAction\",\"target\":[\"https:\/\/www.welovecycling.com\/de\/2025\/07\/18\/pogacar-zerlegt-vingegaard-am-ersten-grossen-berg-der-tour\/\"]}]},{\"@type\":\"ImageObject\",\"inLanguage\":\"de-DE\",\"@id\":\"https:\/\/www.welovecycling.com\/de\/2025\/07\/18\/pogacar-zerlegt-vingegaard-am-ersten-grossen-berg-der-tour\/#primaryimage\",\"url\":\"https:\/\/d2p6e6u75xmxt8.cloudfront.net\/10\/2025\/07\/pogacar1.webp\",\"contentUrl\":\"https:\/\/d2p6e6u75xmxt8.cloudfront.net\/10\/2025\/07\/pogacar1.webp\",\"width\":985,\"height\":653},{\"@type\":\"BreadcrumbList\",\"@id\":\"https:\/\/www.welovecycling.com\/de\/2025\/07\/18\/pogacar-zerlegt-vingegaard-am-ersten-grossen-berg-der-tour\/#breadcrumb\",\"itemListElement\":[{\"@type\":\"ListItem\",\"position\":1,\"name\":\"Home\",\"item\":\"https:\/\/www.welovecycling.com\/de\/\"},{\"@type\":\"ListItem\",\"position\":2,\"name\":\"Poga\u010dar zerlegt Vingegaard am ersten gro\u00dfen Berg der Tour\"}]},{\"@type\":\"WebSite\",\"@id\":\"https:\/\/www.welovecycling.com\/de\/#website\",\"url\":\"https:\/\/www.welovecycling.com\/de\/\",\"name\":\"\u0160koda We Love Cycling - Deutschland\",\"description\":\"Just another \u0160koda WeLoveCycling Sites site\",\"potentialAction\":[{\"@type\":\"SearchAction\",\"target\":{\"@type\":\"EntryPoint\",\"urlTemplate\":\"https:\/\/www.welovecycling.com\/de\/?s={search_term_string}\"},\"query-input\":{\"@type\":\"PropertyValueSpecification\",\"valueRequired\":true,\"valueName\":\"search_term_string\"}}],\"inLanguage\":\"de-DE\"},{\"@type\":\"Person\",\"@id\":\"https:\/\/www.welovecycling.com\/de\/#\/schema\/person\/915694b3c8d0de9019932587781ba6b3\",\"name\":\"jbraeker\",\"image\":{\"@type\":\"ImageObject\",\"inLanguage\":\"de-DE\",\"@id\":\"https:\/\/www.welovecycling.com\/de\/#\/schema\/person\/image\/\",\"url\":\"https:\/\/secure.gravatar.com\/avatar\/8b4aea90e4535aae30b5b720249e5b723ae59fcf3d54757dd8b748d97b46d3c9?s=96&d=mm&r=g\",\"contentUrl\":\"https:\/\/secure.gravatar.com\/avatar\/8b4aea90e4535aae30b5b720249e5b723ae59fcf3d54757dd8b748d97b46d3c9?s=96&d=mm&r=g\",\"caption\":\"jbraeker\"},\"url\":\"https:\/\/www.welovecycling.com\/de\/author\/jbraeker\/\"}]}<\/script>\n<!-- \/ Yoast SEO Premium plugin. -->","yoast_head_json":{"title":"Poga\u010dar zerlegt Vingegaard am ersten gro\u00dfen Berg der Tour - \u0160koda We Love Cycling - Deutschland","description":"Tadej Poga\u010dar setzt am legend\u00e4ren Hautacam ein Zeichen: Der Slowene dominiert die erste Bergetappe der Tour de France und nimmt Jonas Vingegaard \u00fcber zwei Minuten ab. Ist das Rennen damit entschieden?","robots":{"index":"index","follow":"follow","max-snippet":"max-snippet:-1","max-image-preview":"max-image-preview:large","max-video-preview":"max-video-preview:-1"},"canonical":"https:\/\/www.welovecycling.com\/de\/2025\/07\/18\/pogacar-zerlegt-vingegaard-am-ersten-grossen-berg-der-tour\/","og_locale":"de_DE","og_type":"article","og_title":"Poga\u010dar zerlegt Vingegaard am ersten gro\u00dfen Berg der Tour","og_description":"Tadej Poga\u010dar setzt am legend\u00e4ren Hautacam ein Zeichen: Der Slowene dominiert die erste Bergetappe der Tour de France und nimmt Jonas Vingegaard \u00fcber zwei Minuten ab. Ist das Rennen damit entschieden?","og_url":"https:\/\/www.welovecycling.com\/de\/2025\/07\/18\/pogacar-zerlegt-vingegaard-am-ersten-grossen-berg-der-tour\/","og_site_name":"\u0160koda We Love Cycling - Deutschland","article_published_time":"2025-07-18T08:19:41+00:00","article_modified_time":"2025-07-22T08:24:12+00:00","og_image":[{"width":985,"height":653,"url":"https:\/\/d2p6e6u75xmxt8.cloudfront.net\/10\/2025\/07\/pogacar1.webp","type":"image\/webp"}],"author":"jbraeker","twitter_card":"summary_large_image","twitter_misc":{"Written by":"Siegfried Mortkowitz","Est. reading time":"3"},"schema":{"@context":"https:\/\/schema.org","@graph":[{"@type":"WebPage","@id":"https:\/\/www.welovecycling.com\/de\/2025\/07\/18\/pogacar-zerlegt-vingegaard-am-ersten-grossen-berg-der-tour\/","url":"https:\/\/www.welovecycling.com\/de\/2025\/07\/18\/pogacar-zerlegt-vingegaard-am-ersten-grossen-berg-der-tour\/","name":"Poga\u010dar zerlegt Vingegaard am ersten gro\u00dfen Berg der Tour - \u0160koda We Love Cycling - Deutschland","isPartOf":{"@id":"https:\/\/www.welovecycling.com\/de\/#website"},"primaryImageOfPage":{"@id":"https:\/\/www.welovecycling.com\/de\/2025\/07\/18\/pogacar-zerlegt-vingegaard-am-ersten-grossen-berg-der-tour\/#primaryimage"},"image":{"@id":"https:\/\/www.welovecycling.com\/de\/2025\/07\/18\/pogacar-zerlegt-vingegaard-am-ersten-grossen-berg-der-tour\/#primaryimage"},"thumbnailUrl":"https:\/\/d2p6e6u75xmxt8.cloudfront.net\/10\/2025\/07\/pogacar1.webp","datePublished":"2025-07-18T08:19:41+00:00","dateModified":"2025-07-22T08:24:12+00:00","author":{"@id":"https:\/\/www.welovecycling.com\/de\/#\/schema\/person\/915694b3c8d0de9019932587781ba6b3"},"description":"Tadej Poga\u010dar setzt am legend\u00e4ren Hautacam ein Zeichen: Der Slowene dominiert die erste Bergetappe der Tour de France und nimmt Jonas Vingegaard \u00fcber zwei Minuten ab. Ist das Rennen damit entschieden?","breadcrumb":{"@id":"https:\/\/www.welovecycling.com\/de\/2025\/07\/18\/pogacar-zerlegt-vingegaard-am-ersten-grossen-berg-der-tour\/#breadcrumb"},"inLanguage":"de-DE","potentialAction":[{"@type":"ReadAction","target":["https:\/\/www.welovecycling.com\/de\/2025\/07\/18\/pogacar-zerlegt-vingegaard-am-ersten-grossen-berg-der-tour\/"]}]},{"@type":"ImageObject","inLanguage":"de-DE","@id":"https:\/\/www.welovecycling.com\/de\/2025\/07\/18\/pogacar-zerlegt-vingegaard-am-ersten-grossen-berg-der-tour\/#primaryimage","url":"https:\/\/d2p6e6u75xmxt8.cloudfront.net\/10\/2025\/07\/pogacar1.webp","contentUrl":"https:\/\/d2p6e6u75xmxt8.cloudfront.net\/10\/2025\/07\/pogacar1.webp","width":985,"height":653},{"@type":"BreadcrumbList","@id":"https:\/\/www.welovecycling.com\/de\/2025\/07\/18\/pogacar-zerlegt-vingegaard-am-ersten-grossen-berg-der-tour\/#breadcrumb","itemListElement":[{"@type":"ListItem","position":1,"name":"Home","item":"https:\/\/www.welovecycling.com\/de\/"},{"@type":"ListItem","position":2,"name":"Poga\u010dar zerlegt Vingegaard am ersten gro\u00dfen Berg der Tour"}]},{"@type":"WebSite","@id":"https:\/\/www.welovecycling.com\/de\/#website","url":"https:\/\/www.welovecycling.com\/de\/","name":"\u0160koda We Love Cycling - Deutschland","description":"Just another \u0160koda WeLoveCycling Sites site","potentialAction":[{"@type":"SearchAction","target":{"@type":"EntryPoint","urlTemplate":"https:\/\/www.welovecycling.com\/de\/?s={search_term_string}"},"query-input":{"@type":"PropertyValueSpecification","valueRequired":true,"valueName":"search_term_string"}}],"inLanguage":"de-DE"},{"@type":"Person","@id":"https:\/\/www.welovecycling.com\/de\/#\/schema\/person\/915694b3c8d0de9019932587781ba6b3","name":"jbraeker","image":{"@type":"ImageObject","inLanguage":"de-DE","@id":"https:\/\/www.welovecycling.com\/de\/#\/schema\/person\/image\/","url":"https:\/\/secure.gravatar.com\/avatar\/8b4aea90e4535aae30b5b720249e5b723ae59fcf3d54757dd8b748d97b46d3c9?s=96&d=mm&r=g","contentUrl":"https:\/\/secure.gravatar.com\/avatar\/8b4aea90e4535aae30b5b720249e5b723ae59fcf3d54757dd8b748d97b46d3c9?s=96&d=mm&r=g","caption":"jbraeker"},"url":"https:\/\/www.welovecycling.com\/de\/author\/jbraeker\/"}]}},"_links":{"self":[{"href":"https:\/\/www.welovecycling.com\/de\/wp-json\/wp\/v2\/posts\/11802","targetHints":{"allow":["GET"]}}],"collection":[{"href":"https:\/\/www.welovecycling.com\/de\/wp-json\/wp\/v2\/posts"}],"about":[{"href":"https:\/\/www.welovecycling.com\/de\/wp-json\/wp\/v2\/types\/post"}],"author":[{"embeddable":true,"href":"https:\/\/www.welovecycling.com\/de\/wp-json\/wp\/v2\/users\/115"}],"replies":[{"embeddable":true,"href":"https:\/\/www.welovecycling.com\/de\/wp-json\/wp\/v2\/comments?post=11802"}],"version-history":[{"count":1,"href":"https:\/\/www.welovecycling.com\/de\/wp-json\/wp\/v2\/posts\/11802\/revisions"}],"predecessor-version":[{"id":11805,"href":"https:\/\/www.welovecycling.com\/de\/wp-json\/wp\/v2\/posts\/11802\/revisions\/11805"}],"wp:featuredmedia":[{"embeddable":true,"href":"https:\/\/www.welovecycling.com\/de\/wp-json\/wp\/v2\/media\/11804"}],"wp:attachment":[{"href":"https:\/\/www.welovecycling.com\/de\/wp-json\/wp\/v2\/media?parent=11802"}],"wp:term":[{"taxonomy":"category","embeddable":true,"href":"https:\/\/www.welovecycling.com\/de\/wp-json\/wp\/v2\/categories?post=11802"},{"taxonomy":"post_tag","embeddable":true,"href":"https:\/\/www.welovecycling.com\/de\/wp-json\/wp\/v2\/tags?post=11802"},{"taxonomy":"global-categories","embeddable":true,"href":"https:\/\/www.welovecycling.com\/de\/wp-json\/wp\/v2\/global-categories?post=11802"}],"curies":[{"name":"wp","href":"https:\/\/api.w.org\/{rel}","templated":true}]}}