{"id":11789,"date":"2025-07-17T09:04:36","date_gmt":"2025-07-17T08:04:36","guid":{"rendered":"https:\/\/www.welovecycling.com\/de\/?p=11789"},"modified":"2025-07-17T09:04:36","modified_gmt":"2025-07-17T08:04:36","slug":"tour-de-fame-wenn-radfahrer-nicht-die-einzigen-stars-im-peloton-sind","status":"publish","type":"post","link":"https:\/\/www.welovecycling.com\/de\/2025\/07\/17\/tour-de-fame-wenn-radfahrer-nicht-die-einzigen-stars-im-peloton-sind\/","title":{"rendered":"Tour de Fame: Wenn Radfahrer nicht die einzigen Stars im Peloton sind"},"content":{"rendered":"<p data-start=\"166\" data-end=\"395\">Jeden Juli blickt die Welt auf die Tour de France, eines der meistgesehenen Sportereignisse \u00fcberhaupt. Millionen s\u00e4umen die Stra\u00dfen, um die Action live zu erleben, und noch viel mehr feuern die Helden in Lycra von zuhause aus an.<\/p>\n<p data-start=\"397\" data-end=\"701\">Doch mal ehrlich: Manchmal sind es nicht nur die Fahrer im Gelben Trikot, die alle Blicke auf sich ziehen. Es sind die \u201eSuperfans\u201c \u2013 Promis, die nicht nur kommen, um das Spektakel zu verfolgen, sondern auch, um selbst ein bisschen Rampenlicht abzubekommen (am liebsten bei einem Foto mit dem Rennleiter).<\/p>\n<p data-start=\"703\" data-end=\"867\">Wir haben die glanzvollsten VIPs zusammengestellt, die je bei der Tour aufgetaucht sind. Scroll nach unten und triff die Stars des Pelotons abseits der Rennstrecke.<\/p>\n<hr data-start=\"869\" data-end=\"872\" \/>\n<p data-start=\"874\" data-end=\"1150\"><strong data-start=\"874\" data-end=\"895\">Lino Ventura 1980<\/strong><br data-start=\"895\" data-end=\"898\" \/>Der franz\u00f6sische Schauspiel-Ikone und ehemalige Wrestler Lino Ventura besuchte am 9. Juli 1980 in Pau den Gelben Tr\u00e4ger <a href=\"https:\/\/www.welovecycling.com\/de\/2025\/07\/07\/fuenf-siege-eine-einstellung-wie-hinault-die-tour-1985-eroberte\/\">Bernard Hinault<\/a>. Ventura, bekannt f\u00fcr seine harten Rollen im franz\u00f6sischen Kino, war h\u00e4ufig bei gro\u00dfen Events wie der Tour zu sehen.<\/p>\n<p data-start=\"1152\" data-end=\"1398\"><strong data-start=\"1152\" data-end=\"1175\">Dustin Hoffman 1984<\/strong><br data-start=\"1175\" data-end=\"1178\" \/>Am 8. Juli 1984 war Hollywood-Star Dustin Hoffman bei der Tour in Pau zu Gast. Frisch von Erfolgen wie \u201eTootsie\u201c stand er im Rampenlicht, um f\u00fcr ein geplantes, aber nie realisiertes Radsport-Filmprojekt zu recherchieren.<\/p>\n<p data-start=\"1152\" data-end=\"1398\"><a href=\"https:\/\/d2p6e6u75xmxt8.cloudfront.net\/10\/2025\/07\/hofmann.webp\"><img loading=\"lazy\" decoding=\"async\" class=\"alignnone size-full wp-image-11791\" src=\"https:\/\/d2p6e6u75xmxt8.cloudfront.net\/10\/2025\/07\/hofmann.webp\" alt=\"\" width=\"787\" height=\"523\" srcset=\"https:\/\/d2p6e6u75xmxt8.cloudfront.net\/10\/2025\/07\/hofmann.webp 787w, https:\/\/d2p6e6u75xmxt8.cloudfront.net\/10\/2025\/07\/hofmann-300x199.webp 300w, https:\/\/d2p6e6u75xmxt8.cloudfront.net\/10\/2025\/07\/hofmann-768x510.webp 768w, https:\/\/d2p6e6u75xmxt8.cloudfront.net\/10\/2025\/07\/hofmann-400x266.webp 400w, https:\/\/d2p6e6u75xmxt8.cloudfront.net\/10\/2025\/07\/hofmann-272x182.webp 272w\" sizes=\"auto, (max-width: 787px) 100vw, 787px\" \/><\/a><span style=\"font-size: 8pt;\">Dustin Hoffman im Gespr\u00e4ch mit Greg LeMond bei der Tour de France 1984, als Vorbereitung f\u00fcr seinen Film \u201eYellow Jersey\u201c. \u00a9 Profimedia<\/span><\/p>\n<p data-start=\"1400\" data-end=\"1646\"><strong data-start=\"1400\" data-end=\"1420\">Alain Delon 1987<\/strong><br data-start=\"1420\" data-end=\"1423\" \/>Mit Stirnband und Bananentuch am Hals zeigte sich der franz\u00f6sische Filmstar Alain Delon am 7. Juli 1987 bei der Tour. Vom 60er-Jahre-Idol zum Produzenten, zog er mit seinem Charisma nach wie vor die Aufmerksamkeit auf sich.<\/p>\n<p data-start=\"1648\" data-end=\"1891\"><strong data-start=\"1648\" data-end=\"1678\">Arnold Schwarzenegger 2003<\/strong><br data-start=\"1678\" data-end=\"1681\" \/>Beim Etappenziel zwischen Narbonne und Toulouse 2003 stand Arnold Schwarzenegger mit Lance Armstrong auf dem Podium. Damals bewarb er \u201eTerminator 3\u201c und startete gerade seine politische Karriere in Kalifornien.<\/p>\n<p data-start=\"1893\" data-end=\"2210\"><strong data-start=\"1893\" data-end=\"1916\">Robin Williams 2004<\/strong><br data-start=\"1916\" data-end=\"1919\" \/>Der lebenslange Radsport-Fan Robin Williams war oft beim US Postal Teambus zu sehen und fuhr sogar im Wagen des Rennleiters mit. Bekannt f\u00fcr seine Energie und Leidenschaft, besa\u00df er eine umfangreiche hochwertige Fahrradkollektion, die nach seinem Tod f\u00fcr wohlt\u00e4tige Zwecke versteigert wurde.<\/p>\n<p data-start=\"2212\" data-end=\"2390\"><strong data-start=\"2212\" data-end=\"2236\">Jake Gyllenhaal 2006<\/strong><br data-start=\"2236\" data-end=\"2239\" \/>Der sportbegeisterte Schauspieler Jake Gyllenhaal wurde 2006 bei der Tour beim Plausch mit Lance Armstrong vor dem Discovery Channel-Teambus gesichtet.<\/p>\n<p data-start=\"2392\" data-end=\"2598\"><strong data-start=\"2392\" data-end=\"2420\">Matthew McConaughey 2009<\/strong><br data-start=\"2420\" data-end=\"2423\" \/>Der Texaner und Triathlet Matthew McConaughey war 2009 h\u00e4ufiger Gast bei der Tour, trainierte mit Lance Armstrong und verfolgte mit Partnerin Camila Alves das Finale in Paris.<\/p>\n<p data-start=\"2600\" data-end=\"2806\"><strong data-start=\"2600\" data-end=\"2624\">Fernando Alonso 2009<\/strong><br data-start=\"2624\" data-end=\"2627\" \/>Der Formel-1-Star Fernando Alonso begr\u00fc\u00dfte am 4. Juli 2009 in Monaco den Tour-Sieger Alberto Contador. Als zweifacher F1-Weltmeister ist Alonso auch ein gro\u00dfer Radfahr-Enthusiast.<\/p>\n<p data-start=\"2808\" data-end=\"2986\"><strong data-start=\"2808\" data-end=\"2828\">Ben Stiller 2010<\/strong><br data-start=\"2828\" data-end=\"2831\" \/>Ben Stiller besuchte 2010 den Prolog in Rotterdam mit einem Filmprojekt \u00fcber die Tour im Hinterkopf. Er testete sogar Armstrongs Rad kurz vor einer Etappe.<\/p>\n<p data-start=\"2988\" data-end=\"3121\"><strong data-start=\"2988\" data-end=\"3009\">Cameron Diaz 2010<\/strong><br data-start=\"3009\" data-end=\"3012\" \/>Cameron Diaz sorgte am 23. Juli 2010 in Bordeaux f\u00fcr Aufsehen, als sie ihren Film \u201eKnight and Day\u201c promotete.<\/p>\n<p data-start=\"3123\" data-end=\"3258\"><strong data-start=\"3123\" data-end=\"3142\">Tom Cruise 2010<\/strong><br data-start=\"3142\" data-end=\"3145\" \/>Gemeinsam mit Diaz erschien Tom Cruise auf dem Podium neben Alberto Contador, dem damaligen Gelben Trikot-Tr\u00e4ger.<\/p>\n<p data-start=\"3260\" data-end=\"3407\"><strong data-start=\"3260\" data-end=\"3280\">Bill Walton 2015<\/strong><br data-start=\"3280\" data-end=\"3283\" \/>Der ehemalige Basketball-Star Bill Walton, bekannt f\u00fcr seine Radsport-Leidenschaft, wurde bei der Tour of California geehrt.<\/p>\n<p data-start=\"3409\" data-end=\"3573\"><strong data-start=\"3409\" data-end=\"3428\">John Kerry 2017<\/strong><br data-start=\"3428\" data-end=\"3431\" \/>Der fr\u00fchere US-Au\u00dfenminister John Kerry, ebenfalls begeisterter Radfahrer, wurde bei der <a href=\"https:\/\/www.letour.fr\/de\/\">Tour<\/a> 2017 gesichtet und half sogar einem Team in Not.<\/p>\n<p data-start=\"3575\" data-end=\"3733\"><strong data-start=\"3575\" data-end=\"3620\">Prinz Albert und Prinzessin Charlene 2020<\/strong><br data-start=\"3620\" data-end=\"3623\" \/>Das monegassische F\u00fcrstenpaar er\u00f6ffnete 2020 die Tour in Nizza und zeigte gro\u00dfe Begeisterung f\u00fcr den Radsport.<\/p>\n<hr data-start=\"3735\" data-end=\"3738\" \/>\n<p data-start=\"3740\" data-end=\"3965\">Last but not least: George W. Bush, der 43. Pr\u00e4sident der USA, ist ein passionierter Radfahrer, der regelm\u00e4\u00dfig auf seinem texanischen Ranch unterwegs ist und seine Fitness nach der Pr\u00e4sidentschaft mit Lance Armstrong pflegte.<\/p>\n","protected":false},"excerpt":{"rendered":"<p>Jeden Juli blickt die Welt auf die Tour de France, eines der meistgesehenen Sportereignisse \u00fcberhaupt. Millionen s\u00e4umen die Stra\u00dfen, um [&hellip;]<\/p>\n","protected":false},"author":115,"featured_media":11790,"comment_status":"open","ping_status":"open","sticky":false,"template":"","format":"standard","meta":{"footnotes":""},"categories":[1],"tags":[],"global-categories":[19],"class_list":["post-11789","post","type-post","status-publish","format-standard","has-post-thumbnail","hentry","category-allgemein","global-categories-cycling"],"yoast_head":"<!-- This site is optimized with the Yoast SEO Premium plugin v25.3 (Yoast SEO v25.9) - https:\/\/yoast.com\/wordpress\/plugins\/seo\/ -->\n<title>Tour de Fame: Wenn Radfahrer nicht die einzigen Stars im Peloton sind - \u0160koda We Love Cycling - Deutschland<\/title>\n<meta name=\"description\" content=\"Promis, Politiker und Sportlegenden: Entdecke die bekanntesten VIP-G\u00e4ste der Tour de France, die neben den Radprofis f\u00fcr Aufsehen sorgten.\" \/>\n<meta name=\"robots\" content=\"index, follow, max-snippet:-1, max-image-preview:large, max-video-preview:-1\" \/>\n<link rel=\"canonical\" href=\"https:\/\/www.welovecycling.com\/de\/2025\/07\/17\/tour-de-fame-wenn-radfahrer-nicht-die-einzigen-stars-im-peloton-sind\/\" \/>\n<meta property=\"og:locale\" content=\"de_DE\" \/>\n<meta property=\"og:type\" content=\"article\" \/>\n<meta property=\"og:title\" content=\"Tour de Fame: Wenn Radfahrer nicht die einzigen Stars im Peloton sind\" \/>\n<meta property=\"og:description\" content=\"Promis, Politiker und Sportlegenden: Entdecke die bekanntesten VIP-G\u00e4ste der Tour de France, die neben den Radprofis f\u00fcr Aufsehen sorgten.\" \/>\n<meta property=\"og:url\" content=\"https:\/\/www.welovecycling.com\/de\/2025\/07\/17\/tour-de-fame-wenn-radfahrer-nicht-die-einzigen-stars-im-peloton-sind\/\" \/>\n<meta property=\"og:site_name\" content=\"\u0160koda We Love Cycling - Deutschland\" \/>\n<meta property=\"article:published_time\" content=\"2025-07-17T08:04:36+00:00\" \/>\n<meta property=\"og:image\" content=\"https:\/\/d2p6e6u75xmxt8.cloudfront.net\/10\/2025\/07\/cruz.webp\" \/>\n\t<meta property=\"og:image:width\" content=\"986\" \/>\n\t<meta property=\"og:image:height\" content=\"660\" \/>\n\t<meta property=\"og:image:type\" content=\"image\/webp\" \/>\n<meta name=\"author\" content=\"jbraeker\" \/>\n<meta name=\"twitter:card\" content=\"summary_large_image\" \/>\n<meta name=\"twitter:label1\" content=\"Written by\" \/>\n\t<meta name=\"twitter:data1\" content=\"Adam Marsal\" \/>\n\t<meta name=\"twitter:label2\" content=\"Est. reading time\" \/>\n\t<meta name=\"twitter:data2\" content=\"3\" \/>\n<script type=\"application\/ld+json\" class=\"yoast-schema-graph\">{\"@context\":\"https:\/\/schema.org\",\"@graph\":[{\"@type\":\"WebPage\",\"@id\":\"https:\/\/www.welovecycling.com\/de\/2025\/07\/17\/tour-de-fame-wenn-radfahrer-nicht-die-einzigen-stars-im-peloton-sind\/\",\"url\":\"https:\/\/www.welovecycling.com\/de\/2025\/07\/17\/tour-de-fame-wenn-radfahrer-nicht-die-einzigen-stars-im-peloton-sind\/\",\"name\":\"Tour de Fame: Wenn Radfahrer nicht die einzigen Stars im Peloton sind - \u0160koda We Love Cycling - Deutschland\",\"isPartOf\":{\"@id\":\"https:\/\/www.welovecycling.com\/de\/#website\"},\"primaryImageOfPage\":{\"@id\":\"https:\/\/www.welovecycling.com\/de\/2025\/07\/17\/tour-de-fame-wenn-radfahrer-nicht-die-einzigen-stars-im-peloton-sind\/#primaryimage\"},\"image\":{\"@id\":\"https:\/\/www.welovecycling.com\/de\/2025\/07\/17\/tour-de-fame-wenn-radfahrer-nicht-die-einzigen-stars-im-peloton-sind\/#primaryimage\"},\"thumbnailUrl\":\"https:\/\/d2p6e6u75xmxt8.cloudfront.net\/10\/2025\/07\/cruz.webp\",\"datePublished\":\"2025-07-17T08:04:36+00:00\",\"author\":{\"@id\":\"https:\/\/www.welovecycling.com\/de\/#\/schema\/person\/915694b3c8d0de9019932587781ba6b3\"},\"description\":\"Promis, Politiker und Sportlegenden: Entdecke die bekanntesten VIP-G\u00e4ste der Tour de France, die neben den Radprofis f\u00fcr Aufsehen sorgten.\",\"breadcrumb\":{\"@id\":\"https:\/\/www.welovecycling.com\/de\/2025\/07\/17\/tour-de-fame-wenn-radfahrer-nicht-die-einzigen-stars-im-peloton-sind\/#breadcrumb\"},\"inLanguage\":\"de-DE\",\"potentialAction\":[{\"@type\":\"ReadAction\",\"target\":[\"https:\/\/www.welovecycling.com\/de\/2025\/07\/17\/tour-de-fame-wenn-radfahrer-nicht-die-einzigen-stars-im-peloton-sind\/\"]}]},{\"@type\":\"ImageObject\",\"inLanguage\":\"de-DE\",\"@id\":\"https:\/\/www.welovecycling.com\/de\/2025\/07\/17\/tour-de-fame-wenn-radfahrer-nicht-die-einzigen-stars-im-peloton-sind\/#primaryimage\",\"url\":\"https:\/\/d2p6e6u75xmxt8.cloudfront.net\/10\/2025\/07\/cruz.webp\",\"contentUrl\":\"https:\/\/d2p6e6u75xmxt8.cloudfront.net\/10\/2025\/07\/cruz.webp\",\"width\":986,\"height\":660},{\"@type\":\"BreadcrumbList\",\"@id\":\"https:\/\/www.welovecycling.com\/de\/2025\/07\/17\/tour-de-fame-wenn-radfahrer-nicht-die-einzigen-stars-im-peloton-sind\/#breadcrumb\",\"itemListElement\":[{\"@type\":\"ListItem\",\"position\":1,\"name\":\"Home\",\"item\":\"https:\/\/www.welovecycling.com\/de\/\"},{\"@type\":\"ListItem\",\"position\":2,\"name\":\"Tour de Fame: Wenn Radfahrer nicht die einzigen Stars im Peloton sind\"}]},{\"@type\":\"WebSite\",\"@id\":\"https:\/\/www.welovecycling.com\/de\/#website\",\"url\":\"https:\/\/www.welovecycling.com\/de\/\",\"name\":\"\u0160koda We Love Cycling - Deutschland\",\"description\":\"Just another \u0160koda WeLoveCycling Sites site\",\"potentialAction\":[{\"@type\":\"SearchAction\",\"target\":{\"@type\":\"EntryPoint\",\"urlTemplate\":\"https:\/\/www.welovecycling.com\/de\/?s={search_term_string}\"},\"query-input\":{\"@type\":\"PropertyValueSpecification\",\"valueRequired\":true,\"valueName\":\"search_term_string\"}}],\"inLanguage\":\"de-DE\"},{\"@type\":\"Person\",\"@id\":\"https:\/\/www.welovecycling.com\/de\/#\/schema\/person\/915694b3c8d0de9019932587781ba6b3\",\"name\":\"jbraeker\",\"image\":{\"@type\":\"ImageObject\",\"inLanguage\":\"de-DE\",\"@id\":\"https:\/\/www.welovecycling.com\/de\/#\/schema\/person\/image\/\",\"url\":\"https:\/\/secure.gravatar.com\/avatar\/8b4aea90e4535aae30b5b720249e5b723ae59fcf3d54757dd8b748d97b46d3c9?s=96&d=mm&r=g\",\"contentUrl\":\"https:\/\/secure.gravatar.com\/avatar\/8b4aea90e4535aae30b5b720249e5b723ae59fcf3d54757dd8b748d97b46d3c9?s=96&d=mm&r=g\",\"caption\":\"jbraeker\"},\"url\":\"https:\/\/www.welovecycling.com\/de\/author\/jbraeker\/\"}]}<\/script>\n<!-- \/ Yoast SEO Premium plugin. -->","yoast_head_json":{"title":"Tour de Fame: Wenn Radfahrer nicht die einzigen Stars im Peloton sind - \u0160koda We Love Cycling - Deutschland","description":"Promis, Politiker und Sportlegenden: Entdecke die bekanntesten VIP-G\u00e4ste der Tour de France, die neben den Radprofis f\u00fcr Aufsehen sorgten.","robots":{"index":"index","follow":"follow","max-snippet":"max-snippet:-1","max-image-preview":"max-image-preview:large","max-video-preview":"max-video-preview:-1"},"canonical":"https:\/\/www.welovecycling.com\/de\/2025\/07\/17\/tour-de-fame-wenn-radfahrer-nicht-die-einzigen-stars-im-peloton-sind\/","og_locale":"de_DE","og_type":"article","og_title":"Tour de Fame: Wenn Radfahrer nicht die einzigen Stars im Peloton sind","og_description":"Promis, Politiker und Sportlegenden: Entdecke die bekanntesten VIP-G\u00e4ste der Tour de France, die neben den Radprofis f\u00fcr Aufsehen sorgten.","og_url":"https:\/\/www.welovecycling.com\/de\/2025\/07\/17\/tour-de-fame-wenn-radfahrer-nicht-die-einzigen-stars-im-peloton-sind\/","og_site_name":"\u0160koda We Love Cycling - Deutschland","article_published_time":"2025-07-17T08:04:36+00:00","og_image":[{"width":986,"height":660,"url":"https:\/\/d2p6e6u75xmxt8.cloudfront.net\/10\/2025\/07\/cruz.webp","type":"image\/webp"}],"author":"jbraeker","twitter_card":"summary_large_image","twitter_misc":{"Written by":"Adam Marsal","Est. reading time":"3"},"schema":{"@context":"https:\/\/schema.org","@graph":[{"@type":"WebPage","@id":"https:\/\/www.welovecycling.com\/de\/2025\/07\/17\/tour-de-fame-wenn-radfahrer-nicht-die-einzigen-stars-im-peloton-sind\/","url":"https:\/\/www.welovecycling.com\/de\/2025\/07\/17\/tour-de-fame-wenn-radfahrer-nicht-die-einzigen-stars-im-peloton-sind\/","name":"Tour de Fame: Wenn Radfahrer nicht die einzigen Stars im Peloton sind - \u0160koda We Love Cycling - Deutschland","isPartOf":{"@id":"https:\/\/www.welovecycling.com\/de\/#website"},"primaryImageOfPage":{"@id":"https:\/\/www.welovecycling.com\/de\/2025\/07\/17\/tour-de-fame-wenn-radfahrer-nicht-die-einzigen-stars-im-peloton-sind\/#primaryimage"},"image":{"@id":"https:\/\/www.welovecycling.com\/de\/2025\/07\/17\/tour-de-fame-wenn-radfahrer-nicht-die-einzigen-stars-im-peloton-sind\/#primaryimage"},"thumbnailUrl":"https:\/\/d2p6e6u75xmxt8.cloudfront.net\/10\/2025\/07\/cruz.webp","datePublished":"2025-07-17T08:04:36+00:00","author":{"@id":"https:\/\/www.welovecycling.com\/de\/#\/schema\/person\/915694b3c8d0de9019932587781ba6b3"},"description":"Promis, Politiker und Sportlegenden: Entdecke die bekanntesten VIP-G\u00e4ste der Tour de France, die neben den Radprofis f\u00fcr Aufsehen sorgten.","breadcrumb":{"@id":"https:\/\/www.welovecycling.com\/de\/2025\/07\/17\/tour-de-fame-wenn-radfahrer-nicht-die-einzigen-stars-im-peloton-sind\/#breadcrumb"},"inLanguage":"de-DE","potentialAction":[{"@type":"ReadAction","target":["https:\/\/www.welovecycling.com\/de\/2025\/07\/17\/tour-de-fame-wenn-radfahrer-nicht-die-einzigen-stars-im-peloton-sind\/"]}]},{"@type":"ImageObject","inLanguage":"de-DE","@id":"https:\/\/www.welovecycling.com\/de\/2025\/07\/17\/tour-de-fame-wenn-radfahrer-nicht-die-einzigen-stars-im-peloton-sind\/#primaryimage","url":"https:\/\/d2p6e6u75xmxt8.cloudfront.net\/10\/2025\/07\/cruz.webp","contentUrl":"https:\/\/d2p6e6u75xmxt8.cloudfront.net\/10\/2025\/07\/cruz.webp","width":986,"height":660},{"@type":"BreadcrumbList","@id":"https:\/\/www.welovecycling.com\/de\/2025\/07\/17\/tour-de-fame-wenn-radfahrer-nicht-die-einzigen-stars-im-peloton-sind\/#breadcrumb","itemListElement":[{"@type":"ListItem","position":1,"name":"Home","item":"https:\/\/www.welovecycling.com\/de\/"},{"@type":"ListItem","position":2,"name":"Tour de Fame: Wenn Radfahrer nicht die einzigen Stars im Peloton sind"}]},{"@type":"WebSite","@id":"https:\/\/www.welovecycling.com\/de\/#website","url":"https:\/\/www.welovecycling.com\/de\/","name":"\u0160koda We Love Cycling - Deutschland","description":"Just another \u0160koda WeLoveCycling Sites site","potentialAction":[{"@type":"SearchAction","target":{"@type":"EntryPoint","urlTemplate":"https:\/\/www.welovecycling.com\/de\/?s={search_term_string}"},"query-input":{"@type":"PropertyValueSpecification","valueRequired":true,"valueName":"search_term_string"}}],"inLanguage":"de-DE"},{"@type":"Person","@id":"https:\/\/www.welovecycling.com\/de\/#\/schema\/person\/915694b3c8d0de9019932587781ba6b3","name":"jbraeker","image":{"@type":"ImageObject","inLanguage":"de-DE","@id":"https:\/\/www.welovecycling.com\/de\/#\/schema\/person\/image\/","url":"https:\/\/secure.gravatar.com\/avatar\/8b4aea90e4535aae30b5b720249e5b723ae59fcf3d54757dd8b748d97b46d3c9?s=96&d=mm&r=g","contentUrl":"https:\/\/secure.gravatar.com\/avatar\/8b4aea90e4535aae30b5b720249e5b723ae59fcf3d54757dd8b748d97b46d3c9?s=96&d=mm&r=g","caption":"jbraeker"},"url":"https:\/\/www.welovecycling.com\/de\/author\/jbraeker\/"}]}},"_links":{"self":[{"href":"https:\/\/www.welovecycling.com\/de\/wp-json\/wp\/v2\/posts\/11789","targetHints":{"allow":["GET"]}}],"collection":[{"href":"https:\/\/www.welovecycling.com\/de\/wp-json\/wp\/v2\/posts"}],"about":[{"href":"https:\/\/www.welovecycling.com\/de\/wp-json\/wp\/v2\/types\/post"}],"author":[{"embeddable":true,"href":"https:\/\/www.welovecycling.com\/de\/wp-json\/wp\/v2\/users\/115"}],"replies":[{"embeddable":true,"href":"https:\/\/www.welovecycling.com\/de\/wp-json\/wp\/v2\/comments?post=11789"}],"version-history":[{"count":1,"href":"https:\/\/www.welovecycling.com\/de\/wp-json\/wp\/v2\/posts\/11789\/revisions"}],"predecessor-version":[{"id":11792,"href":"https:\/\/www.welovecycling.com\/de\/wp-json\/wp\/v2\/posts\/11789\/revisions\/11792"}],"wp:featuredmedia":[{"embeddable":true,"href":"https:\/\/www.welovecycling.com\/de\/wp-json\/wp\/v2\/media\/11790"}],"wp:attachment":[{"href":"https:\/\/www.welovecycling.com\/de\/wp-json\/wp\/v2\/media?parent=11789"}],"wp:term":[{"taxonomy":"category","embeddable":true,"href":"https:\/\/www.welovecycling.com\/de\/wp-json\/wp\/v2\/categories?post=11789"},{"taxonomy":"post_tag","embeddable":true,"href":"https:\/\/www.welovecycling.com\/de\/wp-json\/wp\/v2\/tags?post=11789"},{"taxonomy":"global-categories","embeddable":true,"href":"https:\/\/www.welovecycling.com\/de\/wp-json\/wp\/v2\/global-categories?post=11789"}],"curies":[{"name":"wp","href":"https:\/\/api.w.org\/{rel}","templated":true}]}}