{"id":11780,"date":"2025-07-16T08:52:30","date_gmt":"2025-07-16T07:52:30","guid":{"rendered":"https:\/\/www.welovecycling.com\/de\/?p=11780"},"modified":"2025-07-16T08:52:30","modified_gmt":"2025-07-16T07:52:30","slug":"kann-der-neue-vingegaard-den-alten-pogacar-schlagen","status":"publish","type":"post","link":"https:\/\/www.welovecycling.com\/de\/2025\/07\/16\/kann-der-neue-vingegaard-den-alten-pogacar-schlagen\/","title":{"rendered":"Kann der \u201eneue Vingegaard\u201c den alten Poga\u010dar schlagen?"},"content":{"rendered":"<p data-start=\"249\" data-end=\"596\">Simon Yates sicherte sich am Montag den Sieg auf der 10. Etappe der Tour de France \u2013 der erste Etappenerfolg f\u00fcr das Team Visma\u2013Lease a Bike in diesem Jahr. Gleichzeitig sorgte Ben Healy (EF Education\u2013EasyPost) f\u00fcr einen historischen Moment: Der Ire wurde erst der vierte Fahrer seines Landes, der das Gelbe Trikot des Gesamtf\u00fchrenden tragen darf.<\/p>\n<h4 data-start=\"598\" data-end=\"652\">Irischer Feiertag am Nationalfeiertag Frankreichs<\/h4>\n<p data-start=\"654\" data-end=\"1181\">Die erste echte Bergetappe der diesj\u00e4hrigen Tour hatte es mit acht kategorisierten Anstiegen und \u00fcber 4.500 H\u00f6henmetern in sich. Yates war Teil einer Ausrei\u00dfergruppe, die von Healy rund 45 Kilometer vor dem Ziel initiiert wurde. Auf dem letzten Anstieg, 2,4 Kilometer vor dem Ziel in Le Mont-Dore Puy de Sancy, setzte der Brite zur Attacke an \u2013 und lie\u00df Ben O\u2019Connor (Jayco AlUla) sowie Thymen Arensman (INEOS Grenadiers) hinter sich. Es war Yates\u2019 dritter Etappensieg bei der Tour und der elfte bei einer Grand Tour insgesamt.<\/p>\n<p data-start=\"1183\" data-end=\"1553\">Healy kam mit 31 Sekunden R\u00fcckstand als Dritter ins Ziel \u2013 aber satte 4:30 vor Ex-Leader Tadej Poga\u010dar (UAE Team Emirates\u2013XRG). Damit geht der irische Kletterk\u00fcnstler mit 29 Sekunden Vorsprung auf den Slowenen in den Ruhetag am Dienstag. Remco Evenepoel (Soudal Quick-Step) liegt 1:29 zur\u00fcck, Jonas Vingegaard (Visma\u2013Lease a Bike) folgt auf Rang vier mit 1:46 R\u00fcckstand.<\/p>\n<p data-start=\"1555\" data-end=\"1743\">\u201eEs ist wie ein M\u00e4rchen\u201c, sagte Healy nach dem Etappenziel. \u201eWenn mir das vor der Tour jemand erz\u00e4hlt h\u00e4tte, h\u00e4tte ich es nicht geglaubt. Das Gelbe Trikot zu tragen \u2013 einfach unglaublich.\u201c<\/p>\n<p data-start=\"1745\" data-end=\"2131\">Trotz Gelb: Healy wird im Gesamtklassement keine Rolle spielen, sofern nicht Verletzungen oder Krankheiten eingreifen. Denn auch in diesem Jahr scheint sich alles auf das gewohnte Duell zuzuspitzen: <strong data-start=\"1944\" data-end=\"1972\">Poga\u010dar gegen Vingegaard<\/strong> \u2013 zum vierten Mal in Folge. Und trotz Evenepoels Versuchen, daraus ein Dreierduell zu machen, ist das Rennen nach zehn Etappen noch immer eine Zwei-Mann-Show.<\/p>\n<blockquote class=\"instagram-media\" style=\"background: #FFF; border: 0; border-radius: 3px; box-shadow: 0 0 1px 0 rgba(0,0,0,0.5),0 1px 10px 0 rgba(0,0,0,0.15); margin: 1px; max-width: 540px; min-width: 326px; padding: 0; width: calc(100% - 2px);\" data-instgrm-captioned=\"\" data-instgrm-permalink=\"https:\/\/www.instagram.com\/p\/DMHr9RWM4jv\/?utm_source=ig_embed&amp;utm_campaign=loading\" data-instgrm-version=\"14\">\n<div style=\"padding: 16px;\">\n<p>&nbsp;<\/p>\n<div style=\"display: flex; flex-direction: row; align-items: center;\">\n<div style=\"background-color: #f4f4f4; border-radius: 50%; flex-grow: 0; height: 40px; margin-right: 14px; width: 40px;\"><\/div>\n<div style=\"display: flex; flex-direction: column; flex-grow: 1; justify-content: center;\">\n<div style=\"background-color: #f4f4f4; border-radius: 4px; flex-grow: 0; height: 14px; margin-bottom: 6px; width: 100px;\"><\/div>\n<div style=\"background-color: #f4f4f4; border-radius: 4px; flex-grow: 0; height: 14px; width: 60px;\"><\/div>\n<\/div>\n<\/div>\n<div style=\"padding: 19% 0;\"><\/div>\n<div style=\"display: block; height: 50px; margin: 0 auto 12px; width: 50px;\"><\/div>\n<div style=\"padding-top: 8px;\">\n<div style=\"color: #3897f0; font-family: Arial,sans-serif; font-size: 14px; font-style: normal; font-weight: 550; line-height: 18px;\">Sieh dir diesen Beitrag auf Instagram an<\/div>\n<\/div>\n<div style=\"padding: 12.5% 0;\"><\/div>\n<div style=\"display: flex; flex-direction: row; margin-bottom: 14px; align-items: center;\">\n<div>\n<div style=\"background-color: #f4f4f4; border-radius: 50%; height: 12.5px; width: 12.5px; transform: translateX(0px) translateY(7px);\"><\/div>\n<div style=\"background-color: #f4f4f4; height: 12.5px; transform: rotate(-45deg) translateX(3px) translateY(1px); width: 12.5px; flex-grow: 0; margin-right: 14px; margin-left: 2px;\"><\/div>\n<div style=\"background-color: #f4f4f4; border-radius: 50%; height: 12.5px; width: 12.5px; transform: translateX(9px) translateY(-18px);\"><\/div>\n<\/div>\n<div style=\"margin-left: 8px;\">\n<div style=\"background-color: #f4f4f4; border-radius: 50%; flex-grow: 0; height: 20px; width: 20px;\"><\/div>\n<div style=\"width: 0; height: 0; border-top: 2px solid transparent; border-left: 6px solid #f4f4f4; border-bottom: 2px solid transparent; transform: translateX(16px) translateY(-4px) rotate(30deg);\"><\/div>\n<\/div>\n<div style=\"margin-left: auto;\">\n<div style=\"width: 0px; border-top: 8px solid #F4F4F4; border-right: 8px solid transparent; transform: translateY(16px);\"><\/div>\n<div style=\"background-color: #f4f4f4; flex-grow: 0; height: 12px; width: 16px; transform: translateY(-4px);\"><\/div>\n<div style=\"width: 0; height: 0; border-top: 8px solid #F4F4F4; border-left: 8px solid transparent; transform: translateY(-4px) translateX(8px);\"><\/div>\n<\/div>\n<\/div>\n<div style=\"display: flex; flex-direction: column; flex-grow: 1; justify-content: center; margin-bottom: 24px;\">\n<div style=\"background-color: #f4f4f4; border-radius: 4px; flex-grow: 0; height: 14px; margin-bottom: 6px; width: 224px;\"><\/div>\n<div style=\"background-color: #f4f4f4; border-radius: 4px; flex-grow: 0; height: 14px; width: 144px;\"><\/div>\n<\/div>\n<p>&nbsp;<\/p>\n<p style=\"color: #c9c8cd; font-family: Arial,sans-serif; font-size: 14px; line-height: 17px; margin-bottom: 0; margin-top: 8px; overflow: hidden; padding: 8px 0 7px; text-align: center; text-overflow: ellipsis; white-space: nowrap;\"><a style=\"color: #c9c8cd; font-family: Arial,sans-serif; font-size: 14px; font-style: normal; font-weight: normal; line-height: 17px; text-decoration: none;\" href=\"https:\/\/www.instagram.com\/p\/DMHr9RWM4jv\/?utm_source=ig_embed&amp;utm_campaign=loading\" target=\"_blank\" rel=\"noopener\">Ein Beitrag geteilt von We Love Cycling (@welovecycling.de)<\/a><\/p>\n<\/div>\n<\/blockquote>\n<p><script async src=\"\/\/www.instagram.com\/embed.js\"><\/script><\/p>\n<hr data-start=\"2133\" data-end=\"2136\" \/>\n<h3 data-start=\"2138\" data-end=\"2202\">Der \u201eneue\u201c Vingegaard: explosiver, schneller \u2013 gef\u00e4hrlicher?<\/h3>\n<p data-start=\"2204\" data-end=\"2406\">Ganz das alte Spiel ist es aber nicht. Zumindest nicht, wenn es um Vingegaard geht. Denn der D\u00e4ne zeigt in diesem Jahr eine neue, explosive Qualit\u00e4t \u2013 eine, mit der er selbst Poga\u010dar unter Druck setzt.<\/p>\n<p data-start=\"2408\" data-end=\"2806\">W\u00e4hrend der Slowene bereits zwei Etappen gewonnen hat, blieb Vingegaard zwar sieglos, beeindruckte aber mit ungewohnter Spritzigkeit. Auf jede Attacke Poga\u010dars hatte der Titelverteidiger eine Antwort \u2013 und lie\u00df sich nicht absch\u00fctteln. Noch im Vorjahr oder beim Crit\u00e9rium du Dauphin\u00e9 schien das undenkbar: Ein Antritt von Poga\u010dar, und das Rennen war gelaufen. Dieses Kapitel scheint vorerst beendet.<\/p>\n<p data-start=\"2808\" data-end=\"3236\">Am Montag setzte UAE auf Bastille Day zum Angriff an \u2013 doch ohne Erfolg. Nach dem Ausfall von Berghelfer Jo\u00e3o Almeida (Rippenbruch) und den sichtbaren Schw\u00e4chen von Pavel Sivakov war Poga\u010dar auf sich allein gestellt. Visma\u2013Lease a Bike witterte die Chance, attackierte mit Kuss und Jorgenson \u2013 aber Poga\u010dar hielt dagegen. Am Schlussanstieg z\u00fcndete er wie gewohnt seinen Turbo \u2013 doch Vingegaard klebte erneut an seinem Hinterrad.<\/p>\n<hr data-start=\"3238\" data-end=\"3241\" \/>\n<h3 data-start=\"3243\" data-end=\"3276\">Selbstvertrauen oder \u00dcbermut?<\/h3>\n<p data-start=\"3278\" data-end=\"3529\">\u201eDie st\u00e4ndigen Attacken haben mich genervt \u2013 also habe ich eine bessere gesetzt\u201c, grinste Poga\u010dar sp\u00e4ter. Doch Vingegaard lie\u00df sich auch diesmal nicht absch\u00fctteln. Der \u201eneue Vingegaard\u201c scheint nicht nur physisch st\u00e4rker, sondern auch mental robuster.<\/p>\n<p data-start=\"3531\" data-end=\"3906\">Was ihm bislang fehlt, ist ein Etappensieg. Aber auch daf\u00fcr hat er eine Erkl\u00e4rung. Nach Rang zwei auf Etappe 7 sagte er:<br data-start=\"3651\" data-end=\"3654\" \/>\u201eNormalerweise w\u00e4re ich mit Platz zwei zufrieden, aber ich denke, ich habe im Sprint einen kleinen Fehler gemacht. Vielleicht h\u00e4tte ich den Sprint ein oder zwei Sekunden fr\u00fcher starten sollen \u2013 dann w\u00e4re es vielleicht knapper gewesen. Man wei\u00df es nie.\u201c<\/p>\n<p data-start=\"3908\" data-end=\"4363\">Was Vingegaard damit sagt: Er glaubt, mindestens so schnell zu sein wie Poga\u010dar \u2013 wenn nicht sogar schneller. Doch ist das realistisches Selbstvertrauen oder \u00fcbertriebener Stolz? Ob seine neuen \u201eSuperkr\u00e4fte\u201c auch in der dritten Woche Bestand haben, wird sich zeigen. Noch liegt er im Gesamtklassement 1:17 hinter dem Slowenen \u2013 aber er gibt sich k\u00e4mpferisch:<br data-start=\"4266\" data-end=\"4269\" \/>\u201eIch glaube an mich und daran, dass wir in Woche zwei und drei den Unterschied machen k\u00f6nnen.\u201c<\/p>\n<hr data-start=\"4365\" data-end=\"4368\" \/>\n<h3 data-start=\"4370\" data-end=\"4422\">Etappenresultat \u2013 Tour de France 2025, Etappe 10<\/h3>\n<ol data-start=\"4424\" data-end=\"5010\">\n<li data-start=\"4424\" data-end=\"4481\">\n<p data-start=\"4427\" data-end=\"4481\"><strong data-start=\"4427\" data-end=\"4442\">Simon Yates<\/strong> (GBR) \u2013 Visma\u2013Lease a Bike \u2013 4:20:05<\/p>\n<\/li>\n<li data-start=\"4482\" data-end=\"4539\">\n<p data-start=\"4485\" data-end=\"4539\"><strong data-start=\"4485\" data-end=\"4504\">Thymen Arensman<\/strong> (NED) \u2013 INEOS Grenadiers \u2013 +0:09<\/p>\n<\/li>\n<li data-start=\"4540\" data-end=\"4596\">\n<p data-start=\"4543\" data-end=\"4596\"><strong data-start=\"4543\" data-end=\"4556\">Ben Healy<\/strong> (IRL) \u2013 EF Education\u2013EasyPost \u2013 +0:31<\/p>\n<\/li>\n<li data-start=\"4597\" data-end=\"4646\">\n<p data-start=\"4600\" data-end=\"4646\"><strong data-start=\"4600\" data-end=\"4616\">Ben O\u2019Connor<\/strong> (AUS) \u2013 Jayco AlUla \u2013 +0:49<\/p>\n<\/li>\n<li data-start=\"4647\" data-end=\"4696\">\n<p data-start=\"4650\" data-end=\"4696\"><strong data-start=\"4650\" data-end=\"4668\">Michael Storer<\/strong> (AUS) \u2013 Tudor Pro \u2013 +1:23<\/p>\n<\/li>\n<li data-start=\"4697\" data-end=\"4755\">\n<p data-start=\"4700\" data-end=\"4755\"><strong data-start=\"4700\" data-end=\"4717\">Joe Blackmore<\/strong> (GBR) \u2013 Israel\u2013Premier Tech \u2013 +3:57<\/p>\n<\/li>\n<li data-start=\"4756\" data-end=\"4822\">\n<p data-start=\"4759\" data-end=\"4822\"><strong data-start=\"4759\" data-end=\"4789\">Anders Halland Johannessen<\/strong> (NOR) \u2013 Uno-X Mobility \u2013 +4:38<\/p>\n<\/li>\n<li data-start=\"4823\" data-end=\"4881\">\n<p data-start=\"4826\" data-end=\"4881\"><strong data-start=\"4826\" data-end=\"4844\">Lenny Martinez<\/strong> (FRA) \u2013 Bahrain Victorious \u2013 +4:51<\/p>\n<\/li>\n<li data-start=\"4882\" data-end=\"4945\">\n<p data-start=\"4885\" data-end=\"4945\"><strong data-start=\"4885\" data-end=\"4902\">Tadej Poga\u010dar<\/strong> (SLO) \u2013 UAE Team Emirates\u2013XRG \u2013 gl. Zeit<\/p>\n<\/li>\n<li data-start=\"4946\" data-end=\"5010\">\n<p data-start=\"4950\" data-end=\"5010\"><strong data-start=\"4950\" data-end=\"4970\">Jonas Vingegaard<\/strong> (DEN) \u2013 Visma\u2013Lease a Bike \u2013 gl. Zeit<\/p>\n<\/li>\n<\/ol>\n<hr data-start=\"5012\" data-end=\"5015\" \/>\n<h3 data-start=\"5017\" data-end=\"5049\">Gesamtwertung nach Etappe 10<\/h3>\n<ol data-start=\"5051\" data-end=\"5658\">\n<li data-start=\"5051\" data-end=\"5110\">\n<p data-start=\"5054\" data-end=\"5110\"><strong data-start=\"5054\" data-end=\"5067\">Ben Healy<\/strong> (IRL) \u2013 EF Education\u2013EasyPost \u2013 37:41:49<\/p>\n<\/li>\n<li data-start=\"5111\" data-end=\"5171\">\n<p data-start=\"5114\" data-end=\"5171\"><strong data-start=\"5114\" data-end=\"5131\">Tadej Poga\u010dar<\/strong> (SLO) \u2013 UAE Team Emirates\u2013XRG \u2013 +0:29<\/p>\n<\/li>\n<li data-start=\"5172\" data-end=\"5230\">\n<p data-start=\"5175\" data-end=\"5230\"><strong data-start=\"5175\" data-end=\"5194\">Remco Evenepoel<\/strong> (BEL) \u2013 Soudal Quick-Step \u2013 +1:29<\/p>\n<\/li>\n<li data-start=\"5231\" data-end=\"5291\">\n<p data-start=\"5234\" data-end=\"5291\"><strong data-start=\"5234\" data-end=\"5254\">Jonas Vingegaard<\/strong> (DEN) \u2013 Visma\u2013Lease a Bike \u2013 +1:46<\/p>\n<\/li>\n<li data-start=\"5292\" data-end=\"5352\">\n<p data-start=\"5295\" data-end=\"5352\"><strong data-start=\"5295\" data-end=\"5315\">Matteo Jorgenson<\/strong> (USA) \u2013 Visma\u2013Lease a Bike \u2013 +2:06<\/p>\n<\/li>\n<li data-start=\"5353\" data-end=\"5410\">\n<p data-start=\"5356\" data-end=\"5410\"><strong data-start=\"5356\" data-end=\"5375\">K\u00e9vin Vauquelin<\/strong> (FRA) \u2013 Ark\u00e9a\u2013B&amp;B Hotels \u2013 +2:26<\/p>\n<\/li>\n<li data-start=\"5411\" data-end=\"5461\">\n<p data-start=\"5414\" data-end=\"5461\"><strong data-start=\"5414\" data-end=\"5429\">Oscar Onley<\/strong> (GBR) \u2013 Picnic PostNL \u2013 +3:24<\/p>\n<\/li>\n<li data-start=\"5462\" data-end=\"5527\">\n<p data-start=\"5465\" data-end=\"5527\"><strong data-start=\"5465\" data-end=\"5485\">Florian Lipowitz<\/strong> (GER) \u2013 Red Bull\u2013BORA\u2013hansgrohe \u2013 +3:34<\/p>\n<\/li>\n<li data-start=\"5528\" data-end=\"5590\">\n<p data-start=\"5531\" data-end=\"5590\"><strong data-start=\"5531\" data-end=\"5548\">Primo\u017e Rogli\u010d<\/strong> (SLO) \u2013 Red Bull\u2013BORA\u2013hansgrohe \u2013 +3:41<\/p>\n<\/li>\n<li data-start=\"5591\" data-end=\"5658\">\n<p data-start=\"5595\" data-end=\"5658\"><strong data-start=\"5595\" data-end=\"5625\">Tobias Halland Johannessen<\/strong> (NOR) \u2013 Uno-X Mobility \u2013 +5:03<\/p>\n<\/li>\n<\/ol>\n","protected":false},"excerpt":{"rendered":"<p>Simon Yates sicherte sich am Montag den Sieg auf der 10. Etappe der Tour de France \u2013 der erste Etappenerfolg [&hellip;]<\/p>\n","protected":false},"author":115,"featured_media":11781,"comment_status":"open","ping_status":"open","sticky":false,"template":"","format":"standard","meta":{"footnotes":""},"categories":[1,121,120],"tags":[],"global-categories":[19],"class_list":["post-11780","post","type-post","status-publish","format-standard","has-post-thumbnail","hentry","category-allgemein","category-road-cycling","category-tour-de-france-2025","global-categories-cycling"],"yoast_head":"<!-- This site is optimized with the Yoast SEO Premium plugin v25.3 (Yoast SEO v25.9) - https:\/\/yoast.com\/wordpress\/plugins\/seo\/ -->\n<title>Kann der \u201eneue Vingegaard\u201c den alten Poga\u010dar schlagen? - \u0160koda We Love Cycling - Deutschland<\/title>\n<meta name=\"description\" content=\"Ben Healy \u00fcbernimmt Gelb, Simon Yates gewinnt \u2013 doch im GC bleibt alles beim Alten: Poga\u010dar gegen Vingegaard. Nur ist der \u201eneue Vingegaard\u201c st\u00e4rker denn je.\" \/>\n<meta name=\"robots\" content=\"index, follow, max-snippet:-1, max-image-preview:large, max-video-preview:-1\" \/>\n<link rel=\"canonical\" href=\"https:\/\/www.welovecycling.com\/de\/2025\/07\/16\/kann-der-neue-vingegaard-den-alten-pogacar-schlagen\/\" \/>\n<meta property=\"og:locale\" content=\"de_DE\" \/>\n<meta property=\"og:type\" content=\"article\" \/>\n<meta property=\"og:title\" content=\"Kann der \u201eneue Vingegaard\u201c den alten Poga\u010dar schlagen?\" \/>\n<meta property=\"og:description\" content=\"Ben Healy \u00fcbernimmt Gelb, Simon Yates gewinnt \u2013 doch im GC bleibt alles beim Alten: Poga\u010dar gegen Vingegaard. Nur ist der \u201eneue Vingegaard\u201c st\u00e4rker denn je.\" \/>\n<meta property=\"og:url\" content=\"https:\/\/www.welovecycling.com\/de\/2025\/07\/16\/kann-der-neue-vingegaard-den-alten-pogacar-schlagen\/\" \/>\n<meta property=\"og:site_name\" content=\"\u0160koda We Love Cycling - Deutschland\" \/>\n<meta property=\"article:published_time\" content=\"2025-07-16T07:52:30+00:00\" \/>\n<meta property=\"og:image\" content=\"https:\/\/d2p6e6u75xmxt8.cloudfront.net\/10\/2025\/07\/simonyates.webp\" \/>\n\t<meta property=\"og:image:width\" content=\"985\" \/>\n\t<meta property=\"og:image:height\" content=\"648\" \/>\n\t<meta property=\"og:image:type\" content=\"image\/webp\" \/>\n<meta name=\"author\" content=\"jbraeker\" \/>\n<meta name=\"twitter:card\" content=\"summary_large_image\" \/>\n<meta name=\"twitter:label1\" content=\"Written by\" \/>\n\t<meta name=\"twitter:data1\" content=\"Siegfried Mortkowitz\" \/>\n\t<meta name=\"twitter:label2\" content=\"Est. reading time\" \/>\n\t<meta name=\"twitter:data2\" content=\"3\" \/>\n<script type=\"application\/ld+json\" class=\"yoast-schema-graph\">{\"@context\":\"https:\/\/schema.org\",\"@graph\":[{\"@type\":\"WebPage\",\"@id\":\"https:\/\/www.welovecycling.com\/de\/2025\/07\/16\/kann-der-neue-vingegaard-den-alten-pogacar-schlagen\/\",\"url\":\"https:\/\/www.welovecycling.com\/de\/2025\/07\/16\/kann-der-neue-vingegaard-den-alten-pogacar-schlagen\/\",\"name\":\"Kann der \u201eneue Vingegaard\u201c den alten Poga\u010dar schlagen? - \u0160koda We Love Cycling - Deutschland\",\"isPartOf\":{\"@id\":\"https:\/\/www.welovecycling.com\/de\/#website\"},\"primaryImageOfPage\":{\"@id\":\"https:\/\/www.welovecycling.com\/de\/2025\/07\/16\/kann-der-neue-vingegaard-den-alten-pogacar-schlagen\/#primaryimage\"},\"image\":{\"@id\":\"https:\/\/www.welovecycling.com\/de\/2025\/07\/16\/kann-der-neue-vingegaard-den-alten-pogacar-schlagen\/#primaryimage\"},\"thumbnailUrl\":\"https:\/\/d2p6e6u75xmxt8.cloudfront.net\/10\/2025\/07\/simonyates.webp\",\"datePublished\":\"2025-07-16T07:52:30+00:00\",\"author\":{\"@id\":\"https:\/\/www.welovecycling.com\/de\/#\/schema\/person\/915694b3c8d0de9019932587781ba6b3\"},\"description\":\"Ben Healy \u00fcbernimmt Gelb, Simon Yates gewinnt \u2013 doch im GC bleibt alles beim Alten: Poga\u010dar gegen Vingegaard. Nur ist der \u201eneue Vingegaard\u201c st\u00e4rker denn je.\",\"breadcrumb\":{\"@id\":\"https:\/\/www.welovecycling.com\/de\/2025\/07\/16\/kann-der-neue-vingegaard-den-alten-pogacar-schlagen\/#breadcrumb\"},\"inLanguage\":\"de-DE\",\"potentialAction\":[{\"@type\":\"ReadAction\",\"target\":[\"https:\/\/www.welovecycling.com\/de\/2025\/07\/16\/kann-der-neue-vingegaard-den-alten-pogacar-schlagen\/\"]}]},{\"@type\":\"ImageObject\",\"inLanguage\":\"de-DE\",\"@id\":\"https:\/\/www.welovecycling.com\/de\/2025\/07\/16\/kann-der-neue-vingegaard-den-alten-pogacar-schlagen\/#primaryimage\",\"url\":\"https:\/\/d2p6e6u75xmxt8.cloudfront.net\/10\/2025\/07\/simonyates.webp\",\"contentUrl\":\"https:\/\/d2p6e6u75xmxt8.cloudfront.net\/10\/2025\/07\/simonyates.webp\",\"width\":985,\"height\":648},{\"@type\":\"BreadcrumbList\",\"@id\":\"https:\/\/www.welovecycling.com\/de\/2025\/07\/16\/kann-der-neue-vingegaard-den-alten-pogacar-schlagen\/#breadcrumb\",\"itemListElement\":[{\"@type\":\"ListItem\",\"position\":1,\"name\":\"Home\",\"item\":\"https:\/\/www.welovecycling.com\/de\/\"},{\"@type\":\"ListItem\",\"position\":2,\"name\":\"Kann der \u201eneue Vingegaard\u201c den alten Poga\u010dar schlagen?\"}]},{\"@type\":\"WebSite\",\"@id\":\"https:\/\/www.welovecycling.com\/de\/#website\",\"url\":\"https:\/\/www.welovecycling.com\/de\/\",\"name\":\"\u0160koda We Love Cycling - Deutschland\",\"description\":\"Just another \u0160koda WeLoveCycling Sites site\",\"potentialAction\":[{\"@type\":\"SearchAction\",\"target\":{\"@type\":\"EntryPoint\",\"urlTemplate\":\"https:\/\/www.welovecycling.com\/de\/?s={search_term_string}\"},\"query-input\":{\"@type\":\"PropertyValueSpecification\",\"valueRequired\":true,\"valueName\":\"search_term_string\"}}],\"inLanguage\":\"de-DE\"},{\"@type\":\"Person\",\"@id\":\"https:\/\/www.welovecycling.com\/de\/#\/schema\/person\/915694b3c8d0de9019932587781ba6b3\",\"name\":\"jbraeker\",\"image\":{\"@type\":\"ImageObject\",\"inLanguage\":\"de-DE\",\"@id\":\"https:\/\/www.welovecycling.com\/de\/#\/schema\/person\/image\/\",\"url\":\"https:\/\/secure.gravatar.com\/avatar\/8b4aea90e4535aae30b5b720249e5b723ae59fcf3d54757dd8b748d97b46d3c9?s=96&d=mm&r=g\",\"contentUrl\":\"https:\/\/secure.gravatar.com\/avatar\/8b4aea90e4535aae30b5b720249e5b723ae59fcf3d54757dd8b748d97b46d3c9?s=96&d=mm&r=g\",\"caption\":\"jbraeker\"},\"url\":\"https:\/\/www.welovecycling.com\/de\/author\/jbraeker\/\"}]}<\/script>\n<!-- \/ Yoast SEO Premium plugin. -->","yoast_head_json":{"title":"Kann der \u201eneue Vingegaard\u201c den alten Poga\u010dar schlagen? - \u0160koda We Love Cycling - Deutschland","description":"Ben Healy \u00fcbernimmt Gelb, Simon Yates gewinnt \u2013 doch im GC bleibt alles beim Alten: Poga\u010dar gegen Vingegaard. Nur ist der \u201eneue Vingegaard\u201c st\u00e4rker denn je.","robots":{"index":"index","follow":"follow","max-snippet":"max-snippet:-1","max-image-preview":"max-image-preview:large","max-video-preview":"max-video-preview:-1"},"canonical":"https:\/\/www.welovecycling.com\/de\/2025\/07\/16\/kann-der-neue-vingegaard-den-alten-pogacar-schlagen\/","og_locale":"de_DE","og_type":"article","og_title":"Kann der \u201eneue Vingegaard\u201c den alten Poga\u010dar schlagen?","og_description":"Ben Healy \u00fcbernimmt Gelb, Simon Yates gewinnt \u2013 doch im GC bleibt alles beim Alten: Poga\u010dar gegen Vingegaard. Nur ist der \u201eneue Vingegaard\u201c st\u00e4rker denn je.","og_url":"https:\/\/www.welovecycling.com\/de\/2025\/07\/16\/kann-der-neue-vingegaard-den-alten-pogacar-schlagen\/","og_site_name":"\u0160koda We Love Cycling - Deutschland","article_published_time":"2025-07-16T07:52:30+00:00","og_image":[{"width":985,"height":648,"url":"https:\/\/d2p6e6u75xmxt8.cloudfront.net\/10\/2025\/07\/simonyates.webp","type":"image\/webp"}],"author":"jbraeker","twitter_card":"summary_large_image","twitter_misc":{"Written by":"Siegfried Mortkowitz","Est. reading time":"3"},"schema":{"@context":"https:\/\/schema.org","@graph":[{"@type":"WebPage","@id":"https:\/\/www.welovecycling.com\/de\/2025\/07\/16\/kann-der-neue-vingegaard-den-alten-pogacar-schlagen\/","url":"https:\/\/www.welovecycling.com\/de\/2025\/07\/16\/kann-der-neue-vingegaard-den-alten-pogacar-schlagen\/","name":"Kann der \u201eneue Vingegaard\u201c den alten Poga\u010dar schlagen? - \u0160koda We Love Cycling - Deutschland","isPartOf":{"@id":"https:\/\/www.welovecycling.com\/de\/#website"},"primaryImageOfPage":{"@id":"https:\/\/www.welovecycling.com\/de\/2025\/07\/16\/kann-der-neue-vingegaard-den-alten-pogacar-schlagen\/#primaryimage"},"image":{"@id":"https:\/\/www.welovecycling.com\/de\/2025\/07\/16\/kann-der-neue-vingegaard-den-alten-pogacar-schlagen\/#primaryimage"},"thumbnailUrl":"https:\/\/d2p6e6u75xmxt8.cloudfront.net\/10\/2025\/07\/simonyates.webp","datePublished":"2025-07-16T07:52:30+00:00","author":{"@id":"https:\/\/www.welovecycling.com\/de\/#\/schema\/person\/915694b3c8d0de9019932587781ba6b3"},"description":"Ben Healy \u00fcbernimmt Gelb, Simon Yates gewinnt \u2013 doch im GC bleibt alles beim Alten: Poga\u010dar gegen Vingegaard. Nur ist der \u201eneue Vingegaard\u201c st\u00e4rker denn je.","breadcrumb":{"@id":"https:\/\/www.welovecycling.com\/de\/2025\/07\/16\/kann-der-neue-vingegaard-den-alten-pogacar-schlagen\/#breadcrumb"},"inLanguage":"de-DE","potentialAction":[{"@type":"ReadAction","target":["https:\/\/www.welovecycling.com\/de\/2025\/07\/16\/kann-der-neue-vingegaard-den-alten-pogacar-schlagen\/"]}]},{"@type":"ImageObject","inLanguage":"de-DE","@id":"https:\/\/www.welovecycling.com\/de\/2025\/07\/16\/kann-der-neue-vingegaard-den-alten-pogacar-schlagen\/#primaryimage","url":"https:\/\/d2p6e6u75xmxt8.cloudfront.net\/10\/2025\/07\/simonyates.webp","contentUrl":"https:\/\/d2p6e6u75xmxt8.cloudfront.net\/10\/2025\/07\/simonyates.webp","width":985,"height":648},{"@type":"BreadcrumbList","@id":"https:\/\/www.welovecycling.com\/de\/2025\/07\/16\/kann-der-neue-vingegaard-den-alten-pogacar-schlagen\/#breadcrumb","itemListElement":[{"@type":"ListItem","position":1,"name":"Home","item":"https:\/\/www.welovecycling.com\/de\/"},{"@type":"ListItem","position":2,"name":"Kann der \u201eneue Vingegaard\u201c den alten Poga\u010dar schlagen?"}]},{"@type":"WebSite","@id":"https:\/\/www.welovecycling.com\/de\/#website","url":"https:\/\/www.welovecycling.com\/de\/","name":"\u0160koda We Love Cycling - Deutschland","description":"Just another \u0160koda WeLoveCycling Sites site","potentialAction":[{"@type":"SearchAction","target":{"@type":"EntryPoint","urlTemplate":"https:\/\/www.welovecycling.com\/de\/?s={search_term_string}"},"query-input":{"@type":"PropertyValueSpecification","valueRequired":true,"valueName":"search_term_string"}}],"inLanguage":"de-DE"},{"@type":"Person","@id":"https:\/\/www.welovecycling.com\/de\/#\/schema\/person\/915694b3c8d0de9019932587781ba6b3","name":"jbraeker","image":{"@type":"ImageObject","inLanguage":"de-DE","@id":"https:\/\/www.welovecycling.com\/de\/#\/schema\/person\/image\/","url":"https:\/\/secure.gravatar.com\/avatar\/8b4aea90e4535aae30b5b720249e5b723ae59fcf3d54757dd8b748d97b46d3c9?s=96&d=mm&r=g","contentUrl":"https:\/\/secure.gravatar.com\/avatar\/8b4aea90e4535aae30b5b720249e5b723ae59fcf3d54757dd8b748d97b46d3c9?s=96&d=mm&r=g","caption":"jbraeker"},"url":"https:\/\/www.welovecycling.com\/de\/author\/jbraeker\/"}]}},"_links":{"self":[{"href":"https:\/\/www.welovecycling.com\/de\/wp-json\/wp\/v2\/posts\/11780","targetHints":{"allow":["GET"]}}],"collection":[{"href":"https:\/\/www.welovecycling.com\/de\/wp-json\/wp\/v2\/posts"}],"about":[{"href":"https:\/\/www.welovecycling.com\/de\/wp-json\/wp\/v2\/types\/post"}],"author":[{"embeddable":true,"href":"https:\/\/www.welovecycling.com\/de\/wp-json\/wp\/v2\/users\/115"}],"replies":[{"embeddable":true,"href":"https:\/\/www.welovecycling.com\/de\/wp-json\/wp\/v2\/comments?post=11780"}],"version-history":[{"count":1,"href":"https:\/\/www.welovecycling.com\/de\/wp-json\/wp\/v2\/posts\/11780\/revisions"}],"predecessor-version":[{"id":11782,"href":"https:\/\/www.welovecycling.com\/de\/wp-json\/wp\/v2\/posts\/11780\/revisions\/11782"}],"wp:featuredmedia":[{"embeddable":true,"href":"https:\/\/www.welovecycling.com\/de\/wp-json\/wp\/v2\/media\/11781"}],"wp:attachment":[{"href":"https:\/\/www.welovecycling.com\/de\/wp-json\/wp\/v2\/media?parent=11780"}],"wp:term":[{"taxonomy":"category","embeddable":true,"href":"https:\/\/www.welovecycling.com\/de\/wp-json\/wp\/v2\/categories?post=11780"},{"taxonomy":"post_tag","embeddable":true,"href":"https:\/\/www.welovecycling.com\/de\/wp-json\/wp\/v2\/tags?post=11780"},{"taxonomy":"global-categories","embeddable":true,"href":"https:\/\/www.welovecycling.com\/de\/wp-json\/wp\/v2\/global-categories?post=11780"}],"curies":[{"name":"wp","href":"https:\/\/api.w.org\/{rel}","templated":true}]}}