{"id":11775,"date":"2025-07-15T09:43:22","date_gmt":"2025-07-15T08:43:22","guid":{"rendered":"https:\/\/www.welovecycling.com\/de\/?p=11775"},"modified":"2025-07-15T09:44:06","modified_gmt":"2025-07-15T08:44:06","slug":"ich-habe-mich-gar-nicht-so-gut-gefuehlt-simon-yates-ueberrascht-mit-etappensieg-healy-holt-sich-am-nationalfeiertag-das-gelbe-trikot","status":"publish","type":"post","link":"https:\/\/www.welovecycling.com\/de\/2025\/07\/15\/ich-habe-mich-gar-nicht-so-gut-gefuehlt-simon-yates-ueberrascht-mit-etappensieg-healy-holt-sich-am-nationalfeiertag-das-gelbe-trikot\/","title":{"rendered":"\u201eIch habe mich gar nicht so gut gef\u00fchlt\u201c \u2013 Simon Yates \u00fcberrascht mit Etappensieg, Healy holt sich am Nationalfeiertag das Gelbe Trikot"},"content":{"rendered":"<p data-start=\"321\" data-end=\"721\">Diese zehnte Etappe der Tour de France 2025 hatte wirklich alles: Attacken, Alleinfahrten, taktische Risiken \u2013 und einen spektakul\u00e4ren Triumph. In einem wahren Radsportdrama durch das Massif Central sicherte sich Simon Yates den Tagessieg, w\u00e4hrend der Ire Ben Healy mit einer k\u00e4mpferischen Meisterleistung ins Maillot Jaune fuhr \u2013 und das ausgerechnet am franz\u00f6sischen Nationalfeiertag, dem 14. Juli.<\/p>\n<h3 data-start=\"723\" data-end=\"761\">Simon Yates \u00fcberrascht sich selbst<\/h3>\n<p data-start=\"763\" data-end=\"1064\">\u201eIch habe mich eigentlich gar nicht so gut gef\u00fchlt\u201c, gestand Yates nach seinem Solosieg in <strong data-start=\"854\" data-end=\"885\">Le Mont-Dore \u2013 Puy de Sancy<\/strong>. \u201eDer Start war wirklich hart. Deshalb habe ich die Kurven unten am letzten Abstieg genutzt, um mir einen kleinen Vorsprung zu verschaffen. Ab da habe ich einfach alles gegeben.\u201c<\/p>\n<p data-start=\"1066\" data-end=\"1479\">Yates\u2019 letzter Etappensieg bei der Tour liegt sechs Jahre zur\u00fcck \u2013 2019 gewann er in den Pyren\u00e4en. Dass er nun wieder ganz vorne mitmischt, kam f\u00fcr viele \u00fcberraschend. \u201eIch habe ehrlich gesagt nicht mit einer Gelegenheit gerechnet. Wir sind hierhergekommen, um Jonas [Vingegaard] im Gesamtklassement zu unterst\u00fctzen. Aber die Etappe hat sich so entwickelt, dass ich meine Chance bekam \u2013 und ich habe sie genutzt.\u201c<\/p>\n<p data-start=\"1481\" data-end=\"1731\">Obwohl der Brite noch die Nachwirkungen seines Giro-Siegs im Mai sp\u00fcrt, kommt er immer besser in Form: \u201eIch bin noch nicht ganz erholt, aber ich finde langsam meinen Rhythmus. Ich war am Anfang ziemlich rostig, aber ich wachse in dieses Rennen rein.\u201c<\/p>\n<h3 data-start=\"1733\" data-end=\"1784\">Healy opfert den Etappensieg \u2013 und gewinnt Gelb<\/h3>\n<p data-start=\"1786\" data-end=\"2091\">W\u00e4hrend Yates den Etappensieg einfuhr, kr\u00f6nte Ben Healy eine heroische Vorstellung mit dem gr\u00f6\u00dften Lohn: dem <strong data-start=\"1895\" data-end=\"1912\">Maillot Jaune<\/strong>. Der Ire geh\u00f6rte zu den aktivsten Fahrern des Tages, setzte sich fr\u00fch in eine 20-k\u00f6pfige Ausrei\u00dfergruppe und hielt das Tempo konstant hoch \u2013 immer mit dem Gelben Trikot im Blick.<\/p>\n<p data-start=\"2093\" data-end=\"2342\">Auf den letzten Anstiegen bildete sich eine starke Spitzengruppe mit Healy, <strong data-start=\"2169\" data-end=\"2185\">Ben O\u2019Connor<\/strong>, <strong data-start=\"2187\" data-end=\"2204\">Joe Blackmore<\/strong> \u2013 und wenig sp\u00e4ter <strong data-start=\"2224\" data-end=\"2239\">Simon Yates<\/strong>. Als Yates drei Kilometer vor dem Ziel attackierte, reagierte Healy nicht \u2013 er hatte ein anderes Ziel.<\/p>\n<p data-start=\"2344\" data-end=\"2651\">Im Ziel wartete Healy gemeinsam mit seinen EF Education-EasyPost-Teamkollegen gespannt auf die Uhr. <strong data-start=\"2444\" data-end=\"2461\">Tadej Poga\u010dar<\/strong> kam 29 Sekunden zu sp\u00e4t ins Ziel \u2013 genau genug, damit Healy die Gesamtf\u00fchrung \u00fcbernehmen konnte. Zehn Pl\u00e4tze machte er in der Gesamtwertung gut und liegt nun hauchd\u00fcnn vor dem Topfavoriten.<\/p>\n<p data-start=\"2344\" data-end=\"2651\">\n<blockquote class=\"instagram-media\" data-instgrm-captioned data-instgrm-permalink=\"https:\/\/www.instagram.com\/reel\/DMGC54bIGVD\/?utm_source=ig_embed&amp;utm_campaign=loading\" data-instgrm-version=\"14\" style=\" background:#FFF; border:0; border-radius:3px; box-shadow:0 0 1px 0 rgba(0,0,0,0.5),0 1px 10px 0 rgba(0,0,0,0.15); margin: 1px; max-width:540px; min-width:326px; padding:0; width:99.375%; width:-webkit-calc(100% - 2px); width:calc(100% - 2px);\">\n<div style=\"padding:16px;\"> <a href=\"https:\/\/www.instagram.com\/reel\/DMGC54bIGVD\/?utm_source=ig_embed&amp;utm_campaign=loading\" style=\" background:#FFFFFF; line-height:0; padding:0 0; text-align:center; text-decoration:none; width:100%;\" target=\"_blank\"> <\/p>\n<div style=\" display: flex; flex-direction: row; align-items: center;\">\n<div style=\"background-color: #F4F4F4; border-radius: 50%; flex-grow: 0; height: 40px; margin-right: 14px; width: 40px;\"><\/div>\n<div style=\"display: flex; flex-direction: column; flex-grow: 1; justify-content: center;\">\n<div style=\" background-color: #F4F4F4; border-radius: 4px; flex-grow: 0; height: 14px; margin-bottom: 6px; width: 100px;\"><\/div>\n<div style=\" background-color: #F4F4F4; border-radius: 4px; flex-grow: 0; height: 14px; width: 60px;\"><\/div>\n<\/div>\n<\/div>\n<div style=\"padding: 19% 0;\"><\/div>\n<div style=\"display:block; height:50px; margin:0 auto 12px; width:50px;\"><svg width=\"50px\" height=\"50px\" viewBox=\"0 0 60 60\" version=\"1.1\" xmlns=\"https:\/\/www.w3.org\/2000\/svg\" xmlns:xlink=\"https:\/\/www.w3.org\/1999\/xlink\"><g stroke=\"none\" stroke-width=\"1\" fill=\"none\" fill-rule=\"evenodd\"><g transform=\"translate(-511.000000, -20.000000)\" fill=\"#000000\"><g><path d=\"M556.869,30.41 C554.814,30.41 553.148,32.076 553.148,34.131 C553.148,36.186 554.814,37.852 556.869,37.852 C558.924,37.852 560.59,36.186 560.59,34.131 C560.59,32.076 558.924,30.41 556.869,30.41 M541,60.657 C535.114,60.657 530.342,55.887 530.342,50 C530.342,44.114 535.114,39.342 541,39.342 C546.887,39.342 551.658,44.114 551.658,50 C551.658,55.887 546.887,60.657 541,60.657 M541,33.886 C532.1,33.886 524.886,41.1 524.886,50 C524.886,58.899 532.1,66.113 541,66.113 C549.9,66.113 557.115,58.899 557.115,50 C557.115,41.1 549.9,33.886 541,33.886 M565.378,62.101 C565.244,65.022 564.756,66.606 564.346,67.663 C563.803,69.06 563.154,70.057 562.106,71.106 C561.058,72.155 560.06,72.803 558.662,73.347 C557.607,73.757 556.021,74.244 553.102,74.378 C549.944,74.521 548.997,74.552 541,74.552 C533.003,74.552 532.056,74.521 528.898,74.378 C525.979,74.244 524.393,73.757 523.338,73.347 C521.94,72.803 520.942,72.155 519.894,71.106 C518.846,70.057 518.197,69.06 517.654,67.663 C517.244,66.606 516.755,65.022 516.623,62.101 C516.479,58.943 516.448,57.996 516.448,50 C516.448,42.003 516.479,41.056 516.623,37.899 C516.755,34.978 517.244,33.391 517.654,32.338 C518.197,30.938 518.846,29.942 519.894,28.894 C520.942,27.846 521.94,27.196 523.338,26.654 C524.393,26.244 525.979,25.756 528.898,25.623 C532.057,25.479 533.004,25.448 541,25.448 C548.997,25.448 549.943,25.479 553.102,25.623 C556.021,25.756 557.607,26.244 558.662,26.654 C560.06,27.196 561.058,27.846 562.106,28.894 C563.154,29.942 563.803,30.938 564.346,32.338 C564.756,33.391 565.244,34.978 565.378,37.899 C565.522,41.056 565.552,42.003 565.552,50 C565.552,57.996 565.522,58.943 565.378,62.101 M570.82,37.631 C570.674,34.438 570.167,32.258 569.425,30.349 C568.659,28.377 567.633,26.702 565.965,25.035 C564.297,23.368 562.623,22.342 560.652,21.575 C558.743,20.834 556.562,20.326 553.369,20.18 C550.169,20.033 549.148,20 541,20 C532.853,20 531.831,20.033 528.631,20.18 C525.438,20.326 523.257,20.834 521.349,21.575 C519.376,22.342 517.703,23.368 516.035,25.035 C514.368,26.702 513.342,28.377 512.574,30.349 C511.834,32.258 511.326,34.438 511.181,37.631 C511.035,40.831 511,41.851 511,50 C511,58.147 511.035,59.17 511.181,62.369 C511.326,65.562 511.834,67.743 512.574,69.651 C513.342,71.625 514.368,73.296 516.035,74.965 C517.703,76.634 519.376,77.658 521.349,78.425 C523.257,79.167 525.438,79.673 528.631,79.82 C531.831,79.965 532.853,80.001 541,80.001 C549.148,80.001 550.169,79.965 553.369,79.82 C556.562,79.673 558.743,79.167 560.652,78.425 C562.623,77.658 564.297,76.634 565.965,74.965 C567.633,73.296 568.659,71.625 569.425,69.651 C570.167,67.743 570.674,65.562 570.82,62.369 C570.966,59.17 571,58.147 571,50 C571,41.851 570.966,40.831 570.82,37.631\"><\/path><\/g><\/g><\/g><\/svg><\/div>\n<div style=\"padding-top: 8px;\">\n<div style=\" color:#3897f0; font-family:Arial,sans-serif; font-size:14px; font-style:normal; font-weight:550; line-height:18px;\">Sieh dir diesen Beitrag auf Instagram an<\/div>\n<\/div>\n<div style=\"padding: 12.5% 0;\"><\/div>\n<div style=\"display: flex; flex-direction: row; margin-bottom: 14px; align-items: center;\">\n<div>\n<div style=\"background-color: #F4F4F4; border-radius: 50%; height: 12.5px; width: 12.5px; transform: translateX(0px) translateY(7px);\"><\/div>\n<div style=\"background-color: #F4F4F4; height: 12.5px; transform: rotate(-45deg) translateX(3px) translateY(1px); width: 12.5px; flex-grow: 0; margin-right: 14px; margin-left: 2px;\"><\/div>\n<div style=\"background-color: #F4F4F4; border-radius: 50%; height: 12.5px; width: 12.5px; transform: translateX(9px) translateY(-18px);\"><\/div>\n<\/div>\n<div style=\"margin-left: 8px;\">\n<div style=\" background-color: #F4F4F4; border-radius: 50%; flex-grow: 0; height: 20px; width: 20px;\"><\/div>\n<div style=\" width: 0; height: 0; border-top: 2px solid transparent; border-left: 6px solid #f4f4f4; border-bottom: 2px solid transparent; transform: translateX(16px) translateY(-4px) rotate(30deg)\"><\/div>\n<\/div>\n<div style=\"margin-left: auto;\">\n<div style=\" width: 0px; border-top: 8px solid #F4F4F4; border-right: 8px solid transparent; transform: translateY(16px);\"><\/div>\n<div style=\" background-color: #F4F4F4; flex-grow: 0; height: 12px; width: 16px; transform: translateY(-4px);\"><\/div>\n<div style=\" width: 0; height: 0; border-top: 8px solid #F4F4F4; border-left: 8px solid transparent; transform: translateY(-4px) translateX(8px);\"><\/div>\n<\/div>\n<\/div>\n<div style=\"display: flex; flex-direction: column; flex-grow: 1; justify-content: center; margin-bottom: 24px;\">\n<div style=\" background-color: #F4F4F4; border-radius: 4px; flex-grow: 0; height: 14px; margin-bottom: 6px; width: 224px;\"><\/div>\n<div style=\" background-color: #F4F4F4; border-radius: 4px; flex-grow: 0; height: 14px; width: 144px;\"><\/div>\n<\/div>\n<p><\/a><\/p>\n<p style=\" color:#c9c8cd; font-family:Arial,sans-serif; font-size:14px; line-height:17px; margin-bottom:0; margin-top:8px; overflow:hidden; padding:8px 0 7px; text-align:center; text-overflow:ellipsis; white-space:nowrap;\"><a href=\"https:\/\/www.instagram.com\/reel\/DMGC54bIGVD\/?utm_source=ig_embed&amp;utm_campaign=loading\" style=\" color:#c9c8cd; font-family:Arial,sans-serif; font-size:14px; font-style:normal; font-weight:normal; line-height:17px; text-decoration:none;\" target=\"_blank\">Ein Beitrag geteilt von Tour de France\u2122 (@letourdefrance)<\/a><\/p>\n<\/div>\n<\/blockquote>\n<p><script async src=\"\/\/www.instagram.com\/embed.js\"><\/script><\/p>\n<h3 data-start=\"2653\" data-end=\"2703\">Poga\u010dar isoliert \u2013 Vingegaard h\u00e4lt sich zur\u00fcck<\/h3>\n<p data-start=\"2705\" data-end=\"2987\">Poga\u010dars Team <strong data-start=\"2719\" data-end=\"2744\">UAE Team Emirates-XRG<\/strong> stand den ganzen Tag unter Beschuss. <strong data-start=\"2782\" data-end=\"2804\">Visma-Lease a Bike<\/strong> attackierte fr\u00fch und regelm\u00e4\u00dfig mit <strong data-start=\"2841\" data-end=\"2854\">Sepp Kuss<\/strong> und <strong data-start=\"2859\" data-end=\"2879\">Matteo Jorgenson<\/strong>, um Poga\u010dar zu isolieren \u2013 was am vorletzten Anstieg auch gelang. Der Slowene war auf sich allein gestellt.<\/p>\n<p data-start=\"2989\" data-end=\"3163\">Den erwarteten Angriff von <strong data-start=\"3016\" data-end=\"3036\">Jonas Vingegaard<\/strong> gab es jedoch nicht. Als Poga\u010dar zum Konter ansetzte, blieb der D\u00e4ne einfach an seinem Hinterrad kleben \u2013 ohne eigene Attacke.<\/p>\n<p data-start=\"3165\" data-end=\"3292\">Healy hingegen fuhr sich das Gelbe nicht mit einem kraftvollen Schlag, sondern mit konstanter Arbeit, Cleverness und Teamgeist.<\/p>\n<hr data-start=\"3294\" data-end=\"3297\" \/>\n<h3 data-start=\"3299\" data-end=\"3337\">Etappe 10: Die Top 10 im \u00dcberblick<\/h3>\n<ol data-start=\"3339\" data-end=\"3945\">\n<li data-start=\"3339\" data-end=\"3396\">\n<p data-start=\"3342\" data-end=\"3396\"><strong data-start=\"3342\" data-end=\"3357\">Simon Yates<\/strong> (GBR) \u2013 Visma-Lease a Bike \u2013 4:20:05<\/p>\n<\/li>\n<li data-start=\"3397\" data-end=\"3456\">\n<p data-start=\"3400\" data-end=\"3456\"><strong data-start=\"3400\" data-end=\"3419\">Thymen Arensman<\/strong> (NED) \u2013 Ineos Grenadiers \u2013 +9 Sek.<\/p>\n<\/li>\n<li data-start=\"3457\" data-end=\"3516\">\n<p data-start=\"3460\" data-end=\"3516\"><strong data-start=\"3460\" data-end=\"3473\">Ben Healy<\/strong> (IRL) \u2013 EF Education-EasyPost \u2013 +31 Sek.<\/p>\n<\/li>\n<li data-start=\"3517\" data-end=\"3569\">\n<p data-start=\"3520\" data-end=\"3569\"><strong data-start=\"3520\" data-end=\"3536\">Ben O\u2019Connor<\/strong> (AUS) \u2013 Jayco AlUla \u2013 +39 Sek.<\/p>\n<\/li>\n<li data-start=\"3570\" data-end=\"3627\">\n<p data-start=\"3573\" data-end=\"3627\"><strong data-start=\"3573\" data-end=\"3591\">Michael Storer<\/strong> (AUS) \u2013 Tudor Pro Cycling \u2013 +1:23<\/p>\n<\/li>\n<li data-start=\"3628\" data-end=\"3686\">\n<p data-start=\"3631\" data-end=\"3686\"><strong data-start=\"3631\" data-end=\"3648\">Joe Blackmore<\/strong> (GBR) \u2013 Israel-Premier Tech \u2013 +3:57<\/p>\n<\/li>\n<li data-start=\"3687\" data-end=\"3751\">\n<p data-start=\"3690\" data-end=\"3751\"><strong data-start=\"3690\" data-end=\"3718\">Anders Halland Johanssen<\/strong> (NOR) \u2013 Uno-X Mobility \u2013 +4:38<\/p>\n<\/li>\n<li data-start=\"3752\" data-end=\"3810\">\n<p data-start=\"3755\" data-end=\"3810\"><strong data-start=\"3755\" data-end=\"3773\">Lenny Martinez<\/strong> (FRA) \u2013 Bahrain Victorious \u2013 +4:51<\/p>\n<\/li>\n<li data-start=\"3811\" data-end=\"3878\">\n<p data-start=\"3814\" data-end=\"3878\"><strong data-start=\"3814\" data-end=\"3831\">Tadej Poga\u010dar<\/strong> (SLO) \u2013 UAE Team Emirates-XRG \u2013 gleiche Zeit<\/p>\n<\/li>\n<li data-start=\"3879\" data-end=\"3945\">\n<p data-start=\"3883\" data-end=\"3945\"><strong data-start=\"3883\" data-end=\"3903\">Jonas Vingegaard<\/strong> (DEN) \u2013 Visma-Lease a Bike \u2013 gleiche Zeit<\/p>\n<\/li>\n<\/ol>\n<hr data-start=\"3947\" data-end=\"3950\" \/>\n<h3 data-start=\"3952\" data-end=\"3984\">Gesamtwertung nach Etappe 10<\/h3>\n<ol data-start=\"3986\" data-end=\"4592\">\n<li data-start=\"3986\" data-end=\"4045\">\n<p data-start=\"3989\" data-end=\"4045\"><strong data-start=\"3989\" data-end=\"4002\">Ben Healy<\/strong> (IRL) \u2013 EF Education-EasyPost \u2013 37:41:49<\/p>\n<\/li>\n<li data-start=\"4046\" data-end=\"4109\">\n<p data-start=\"4049\" data-end=\"4109\"><strong data-start=\"4049\" data-end=\"4066\">Tadej Poga\u010dar<\/strong> (SLO) \u2013 UAE Team Emirates-XRG \u2013 +29 Sek.<\/p>\n<\/li>\n<li data-start=\"4110\" data-end=\"4168\">\n<p data-start=\"4113\" data-end=\"4168\"><strong data-start=\"4113\" data-end=\"4132\">Remco Evenepoel<\/strong> (BEL) \u2013 Soudal Quick-Step \u2013 +1:29<\/p>\n<\/li>\n<li data-start=\"4169\" data-end=\"4229\">\n<p data-start=\"4172\" data-end=\"4229\"><strong data-start=\"4172\" data-end=\"4192\">Jonas Vingegaard<\/strong> (DEN) \u2013 Visma-Lease a Bike \u2013 +1:46<\/p>\n<\/li>\n<li data-start=\"4230\" data-end=\"4290\">\n<p data-start=\"4233\" data-end=\"4290\"><strong data-start=\"4233\" data-end=\"4253\">Matteo Jorgenson<\/strong> (USA) \u2013 Visma-Lease a Bike \u2013 +1:54<\/p>\n<\/li>\n<li data-start=\"4291\" data-end=\"4348\">\n<p data-start=\"4294\" data-end=\"4348\"><strong data-start=\"4294\" data-end=\"4313\">K\u00e9vin Vauquelin<\/strong> (FRA) \u2013 Ark\u00e9a-B&amp;B Hotels \u2013 +1:46<\/p>\n<\/li>\n<li data-start=\"4349\" data-end=\"4399\">\n<p data-start=\"4352\" data-end=\"4399\"><strong data-start=\"4352\" data-end=\"4367\">Oscar Onley<\/strong> (GBR) \u2013 Picnic PostNL \u2013 +3:24<\/p>\n<\/li>\n<li data-start=\"4400\" data-end=\"4465\">\n<p data-start=\"4403\" data-end=\"4465\"><strong data-start=\"4403\" data-end=\"4423\">Florian Lipowitz<\/strong> (GER) \u2013 Red Bull-Bora-Hansgrohe \u2013 +3:34<\/p>\n<\/li>\n<li data-start=\"4466\" data-end=\"4528\">\n<p data-start=\"4469\" data-end=\"4528\"><strong data-start=\"4469\" data-end=\"4486\">Primo\u017e Rogli\u010d<\/strong> (SLO) \u2013 Red Bull-Bora-Hansgrohe \u2013 +3:41<\/p>\n<\/li>\n<li data-start=\"4529\" data-end=\"4592\">\n<p data-start=\"4533\" data-end=\"4592\"><strong data-start=\"4533\" data-end=\"4561\">Tobias Halland Johanssen<\/strong> (NOR) \u2013 Uno-X Mobility \u2013 +5:06<\/p>\n<\/li>\n<\/ol>\n","protected":false},"excerpt":{"rendered":"<p>Diese zehnte Etappe der Tour de France 2025 hatte wirklich alles: Attacken, Alleinfahrten, taktische Risiken \u2013 und einen spektakul\u00e4ren Triumph. [&hellip;]<\/p>\n","protected":false},"author":115,"featured_media":11776,"comment_status":"open","ping_status":"open","sticky":false,"template":"","format":"standard","meta":{"footnotes":""},"categories":[1],"tags":[],"global-categories":[19],"class_list":["post-11775","post","type-post","status-publish","format-standard","has-post-thumbnail","hentry","category-allgemein","global-categories-cycling"],"yoast_head":"<!-- This site is optimized with the Yoast SEO Premium plugin v25.3 (Yoast SEO v25.9) - https:\/\/yoast.com\/wordpress\/plugins\/seo\/ -->\n<title>\u201eIch habe mich gar nicht so gut gef\u00fchlt\u201c \u2013 Simon Yates \u00fcberrascht mit Etappensieg, Healy holt sich am Nationalfeiertag das Gelbe Trikot - \u0160koda We Love Cycling - Deutschland<\/title>\n<meta name=\"description\" content=\"Simon Yates gewinnt \u00fcberraschend Etappe 10 der Tour de France 2025, w\u00e4hrend Ben Healy sich am Bastille-Tag das Gelbe Trikot erk\u00e4mpft.\" \/>\n<meta name=\"robots\" content=\"index, follow, max-snippet:-1, max-image-preview:large, max-video-preview:-1\" \/>\n<link rel=\"canonical\" href=\"https:\/\/www.welovecycling.com\/de\/2025\/07\/15\/ich-habe-mich-gar-nicht-so-gut-gefuehlt-simon-yates-ueberrascht-mit-etappensieg-healy-holt-sich-am-nationalfeiertag-das-gelbe-trikot\/\" \/>\n<meta property=\"og:locale\" content=\"de_DE\" \/>\n<meta property=\"og:type\" content=\"article\" \/>\n<meta property=\"og:title\" content=\"\u201eIch habe mich gar nicht so gut gef\u00fchlt\u201c \u2013 Simon Yates \u00fcberrascht mit Etappensieg, Healy holt sich am Nationalfeiertag das Gelbe Trikot\" \/>\n<meta property=\"og:description\" content=\"Simon Yates gewinnt \u00fcberraschend Etappe 10 der Tour de France 2025, w\u00e4hrend Ben Healy sich am Bastille-Tag das Gelbe Trikot erk\u00e4mpft.\" \/>\n<meta property=\"og:url\" content=\"https:\/\/www.welovecycling.com\/de\/2025\/07\/15\/ich-habe-mich-gar-nicht-so-gut-gefuehlt-simon-yates-ueberrascht-mit-etappensieg-healy-holt-sich-am-nationalfeiertag-das-gelbe-trikot\/\" \/>\n<meta property=\"og:site_name\" content=\"\u0160koda We Love Cycling - Deutschland\" \/>\n<meta property=\"article:published_time\" content=\"2025-07-15T08:43:22+00:00\" \/>\n<meta property=\"article:modified_time\" content=\"2025-07-15T08:44:06+00:00\" \/>\n<meta property=\"og:image\" content=\"https:\/\/d2p6e6u75xmxt8.cloudfront.net\/10\/2025\/07\/bastilleday.webp\" \/>\n\t<meta property=\"og:image:width\" content=\"985\" \/>\n\t<meta property=\"og:image:height\" content=\"652\" \/>\n\t<meta property=\"og:image:type\" content=\"image\/webp\" \/>\n<meta name=\"author\" content=\"jbraeker\" \/>\n<meta name=\"twitter:card\" content=\"summary_large_image\" \/>\n<meta name=\"twitter:label1\" content=\"Written by\" \/>\n\t<meta name=\"twitter:data1\" content=\"Monica Buck\" \/>\n\t<meta name=\"twitter:label2\" content=\"Est. reading time\" \/>\n\t<meta name=\"twitter:data2\" content=\"3\" \/>\n<script type=\"application\/ld+json\" class=\"yoast-schema-graph\">{\"@context\":\"https:\/\/schema.org\",\"@graph\":[{\"@type\":\"WebPage\",\"@id\":\"https:\/\/www.welovecycling.com\/de\/2025\/07\/15\/ich-habe-mich-gar-nicht-so-gut-gefuehlt-simon-yates-ueberrascht-mit-etappensieg-healy-holt-sich-am-nationalfeiertag-das-gelbe-trikot\/\",\"url\":\"https:\/\/www.welovecycling.com\/de\/2025\/07\/15\/ich-habe-mich-gar-nicht-so-gut-gefuehlt-simon-yates-ueberrascht-mit-etappensieg-healy-holt-sich-am-nationalfeiertag-das-gelbe-trikot\/\",\"name\":\"\u201eIch habe mich gar nicht so gut gef\u00fchlt\u201c \u2013 Simon Yates \u00fcberrascht mit Etappensieg, Healy holt sich am Nationalfeiertag das Gelbe Trikot - \u0160koda We Love Cycling - Deutschland\",\"isPartOf\":{\"@id\":\"https:\/\/www.welovecycling.com\/de\/#website\"},\"primaryImageOfPage\":{\"@id\":\"https:\/\/www.welovecycling.com\/de\/2025\/07\/15\/ich-habe-mich-gar-nicht-so-gut-gefuehlt-simon-yates-ueberrascht-mit-etappensieg-healy-holt-sich-am-nationalfeiertag-das-gelbe-trikot\/#primaryimage\"},\"image\":{\"@id\":\"https:\/\/www.welovecycling.com\/de\/2025\/07\/15\/ich-habe-mich-gar-nicht-so-gut-gefuehlt-simon-yates-ueberrascht-mit-etappensieg-healy-holt-sich-am-nationalfeiertag-das-gelbe-trikot\/#primaryimage\"},\"thumbnailUrl\":\"https:\/\/d2p6e6u75xmxt8.cloudfront.net\/10\/2025\/07\/bastilleday.webp\",\"datePublished\":\"2025-07-15T08:43:22+00:00\",\"dateModified\":\"2025-07-15T08:44:06+00:00\",\"author\":{\"@id\":\"https:\/\/www.welovecycling.com\/de\/#\/schema\/person\/915694b3c8d0de9019932587781ba6b3\"},\"description\":\"Simon Yates gewinnt \u00fcberraschend Etappe 10 der Tour de France 2025, w\u00e4hrend Ben Healy sich am Bastille-Tag das Gelbe Trikot erk\u00e4mpft.\",\"breadcrumb\":{\"@id\":\"https:\/\/www.welovecycling.com\/de\/2025\/07\/15\/ich-habe-mich-gar-nicht-so-gut-gefuehlt-simon-yates-ueberrascht-mit-etappensieg-healy-holt-sich-am-nationalfeiertag-das-gelbe-trikot\/#breadcrumb\"},\"inLanguage\":\"de-DE\",\"potentialAction\":[{\"@type\":\"ReadAction\",\"target\":[\"https:\/\/www.welovecycling.com\/de\/2025\/07\/15\/ich-habe-mich-gar-nicht-so-gut-gefuehlt-simon-yates-ueberrascht-mit-etappensieg-healy-holt-sich-am-nationalfeiertag-das-gelbe-trikot\/\"]}]},{\"@type\":\"ImageObject\",\"inLanguage\":\"de-DE\",\"@id\":\"https:\/\/www.welovecycling.com\/de\/2025\/07\/15\/ich-habe-mich-gar-nicht-so-gut-gefuehlt-simon-yates-ueberrascht-mit-etappensieg-healy-holt-sich-am-nationalfeiertag-das-gelbe-trikot\/#primaryimage\",\"url\":\"https:\/\/d2p6e6u75xmxt8.cloudfront.net\/10\/2025\/07\/bastilleday.webp\",\"contentUrl\":\"https:\/\/d2p6e6u75xmxt8.cloudfront.net\/10\/2025\/07\/bastilleday.webp\",\"width\":985,\"height\":652},{\"@type\":\"BreadcrumbList\",\"@id\":\"https:\/\/www.welovecycling.com\/de\/2025\/07\/15\/ich-habe-mich-gar-nicht-so-gut-gefuehlt-simon-yates-ueberrascht-mit-etappensieg-healy-holt-sich-am-nationalfeiertag-das-gelbe-trikot\/#breadcrumb\",\"itemListElement\":[{\"@type\":\"ListItem\",\"position\":1,\"name\":\"Home\",\"item\":\"https:\/\/www.welovecycling.com\/de\/\"},{\"@type\":\"ListItem\",\"position\":2,\"name\":\"\u201eIch habe mich gar nicht so gut gef\u00fchlt\u201c \u2013 Simon Yates \u00fcberrascht mit Etappensieg, Healy holt sich am Nationalfeiertag das Gelbe Trikot\"}]},{\"@type\":\"WebSite\",\"@id\":\"https:\/\/www.welovecycling.com\/de\/#website\",\"url\":\"https:\/\/www.welovecycling.com\/de\/\",\"name\":\"\u0160koda We Love Cycling - Deutschland\",\"description\":\"Just another \u0160koda WeLoveCycling Sites site\",\"potentialAction\":[{\"@type\":\"SearchAction\",\"target\":{\"@type\":\"EntryPoint\",\"urlTemplate\":\"https:\/\/www.welovecycling.com\/de\/?s={search_term_string}\"},\"query-input\":{\"@type\":\"PropertyValueSpecification\",\"valueRequired\":true,\"valueName\":\"search_term_string\"}}],\"inLanguage\":\"de-DE\"},{\"@type\":\"Person\",\"@id\":\"https:\/\/www.welovecycling.com\/de\/#\/schema\/person\/915694b3c8d0de9019932587781ba6b3\",\"name\":\"jbraeker\",\"image\":{\"@type\":\"ImageObject\",\"inLanguage\":\"de-DE\",\"@id\":\"https:\/\/www.welovecycling.com\/de\/#\/schema\/person\/image\/\",\"url\":\"https:\/\/secure.gravatar.com\/avatar\/8b4aea90e4535aae30b5b720249e5b723ae59fcf3d54757dd8b748d97b46d3c9?s=96&d=mm&r=g\",\"contentUrl\":\"https:\/\/secure.gravatar.com\/avatar\/8b4aea90e4535aae30b5b720249e5b723ae59fcf3d54757dd8b748d97b46d3c9?s=96&d=mm&r=g\",\"caption\":\"jbraeker\"},\"url\":\"https:\/\/www.welovecycling.com\/de\/author\/jbraeker\/\"}]}<\/script>\n<!-- \/ Yoast SEO Premium plugin. -->","yoast_head_json":{"title":"\u201eIch habe mich gar nicht so gut gef\u00fchlt\u201c \u2013 Simon Yates \u00fcberrascht mit Etappensieg, Healy holt sich am Nationalfeiertag das Gelbe Trikot - \u0160koda We Love Cycling - Deutschland","description":"Simon Yates gewinnt \u00fcberraschend Etappe 10 der Tour de France 2025, w\u00e4hrend Ben Healy sich am Bastille-Tag das Gelbe Trikot erk\u00e4mpft.","robots":{"index":"index","follow":"follow","max-snippet":"max-snippet:-1","max-image-preview":"max-image-preview:large","max-video-preview":"max-video-preview:-1"},"canonical":"https:\/\/www.welovecycling.com\/de\/2025\/07\/15\/ich-habe-mich-gar-nicht-so-gut-gefuehlt-simon-yates-ueberrascht-mit-etappensieg-healy-holt-sich-am-nationalfeiertag-das-gelbe-trikot\/","og_locale":"de_DE","og_type":"article","og_title":"\u201eIch habe mich gar nicht so gut gef\u00fchlt\u201c \u2013 Simon Yates \u00fcberrascht mit Etappensieg, Healy holt sich am Nationalfeiertag das Gelbe Trikot","og_description":"Simon Yates gewinnt \u00fcberraschend Etappe 10 der Tour de France 2025, w\u00e4hrend Ben Healy sich am Bastille-Tag das Gelbe Trikot erk\u00e4mpft.","og_url":"https:\/\/www.welovecycling.com\/de\/2025\/07\/15\/ich-habe-mich-gar-nicht-so-gut-gefuehlt-simon-yates-ueberrascht-mit-etappensieg-healy-holt-sich-am-nationalfeiertag-das-gelbe-trikot\/","og_site_name":"\u0160koda We Love Cycling - Deutschland","article_published_time":"2025-07-15T08:43:22+00:00","article_modified_time":"2025-07-15T08:44:06+00:00","og_image":[{"width":985,"height":652,"url":"https:\/\/d2p6e6u75xmxt8.cloudfront.net\/10\/2025\/07\/bastilleday.webp","type":"image\/webp"}],"author":"jbraeker","twitter_card":"summary_large_image","twitter_misc":{"Written by":"Monica Buck","Est. reading time":"3"},"schema":{"@context":"https:\/\/schema.org","@graph":[{"@type":"WebPage","@id":"https:\/\/www.welovecycling.com\/de\/2025\/07\/15\/ich-habe-mich-gar-nicht-so-gut-gefuehlt-simon-yates-ueberrascht-mit-etappensieg-healy-holt-sich-am-nationalfeiertag-das-gelbe-trikot\/","url":"https:\/\/www.welovecycling.com\/de\/2025\/07\/15\/ich-habe-mich-gar-nicht-so-gut-gefuehlt-simon-yates-ueberrascht-mit-etappensieg-healy-holt-sich-am-nationalfeiertag-das-gelbe-trikot\/","name":"\u201eIch habe mich gar nicht so gut gef\u00fchlt\u201c \u2013 Simon Yates \u00fcberrascht mit Etappensieg, Healy holt sich am Nationalfeiertag das Gelbe Trikot - \u0160koda We Love Cycling - Deutschland","isPartOf":{"@id":"https:\/\/www.welovecycling.com\/de\/#website"},"primaryImageOfPage":{"@id":"https:\/\/www.welovecycling.com\/de\/2025\/07\/15\/ich-habe-mich-gar-nicht-so-gut-gefuehlt-simon-yates-ueberrascht-mit-etappensieg-healy-holt-sich-am-nationalfeiertag-das-gelbe-trikot\/#primaryimage"},"image":{"@id":"https:\/\/www.welovecycling.com\/de\/2025\/07\/15\/ich-habe-mich-gar-nicht-so-gut-gefuehlt-simon-yates-ueberrascht-mit-etappensieg-healy-holt-sich-am-nationalfeiertag-das-gelbe-trikot\/#primaryimage"},"thumbnailUrl":"https:\/\/d2p6e6u75xmxt8.cloudfront.net\/10\/2025\/07\/bastilleday.webp","datePublished":"2025-07-15T08:43:22+00:00","dateModified":"2025-07-15T08:44:06+00:00","author":{"@id":"https:\/\/www.welovecycling.com\/de\/#\/schema\/person\/915694b3c8d0de9019932587781ba6b3"},"description":"Simon Yates gewinnt \u00fcberraschend Etappe 10 der Tour de France 2025, w\u00e4hrend Ben Healy sich am Bastille-Tag das Gelbe Trikot erk\u00e4mpft.","breadcrumb":{"@id":"https:\/\/www.welovecycling.com\/de\/2025\/07\/15\/ich-habe-mich-gar-nicht-so-gut-gefuehlt-simon-yates-ueberrascht-mit-etappensieg-healy-holt-sich-am-nationalfeiertag-das-gelbe-trikot\/#breadcrumb"},"inLanguage":"de-DE","potentialAction":[{"@type":"ReadAction","target":["https:\/\/www.welovecycling.com\/de\/2025\/07\/15\/ich-habe-mich-gar-nicht-so-gut-gefuehlt-simon-yates-ueberrascht-mit-etappensieg-healy-holt-sich-am-nationalfeiertag-das-gelbe-trikot\/"]}]},{"@type":"ImageObject","inLanguage":"de-DE","@id":"https:\/\/www.welovecycling.com\/de\/2025\/07\/15\/ich-habe-mich-gar-nicht-so-gut-gefuehlt-simon-yates-ueberrascht-mit-etappensieg-healy-holt-sich-am-nationalfeiertag-das-gelbe-trikot\/#primaryimage","url":"https:\/\/d2p6e6u75xmxt8.cloudfront.net\/10\/2025\/07\/bastilleday.webp","contentUrl":"https:\/\/d2p6e6u75xmxt8.cloudfront.net\/10\/2025\/07\/bastilleday.webp","width":985,"height":652},{"@type":"BreadcrumbList","@id":"https:\/\/www.welovecycling.com\/de\/2025\/07\/15\/ich-habe-mich-gar-nicht-so-gut-gefuehlt-simon-yates-ueberrascht-mit-etappensieg-healy-holt-sich-am-nationalfeiertag-das-gelbe-trikot\/#breadcrumb","itemListElement":[{"@type":"ListItem","position":1,"name":"Home","item":"https:\/\/www.welovecycling.com\/de\/"},{"@type":"ListItem","position":2,"name":"\u201eIch habe mich gar nicht so gut gef\u00fchlt\u201c \u2013 Simon Yates \u00fcberrascht mit Etappensieg, Healy holt sich am Nationalfeiertag das Gelbe Trikot"}]},{"@type":"WebSite","@id":"https:\/\/www.welovecycling.com\/de\/#website","url":"https:\/\/www.welovecycling.com\/de\/","name":"\u0160koda We Love Cycling - Deutschland","description":"Just another \u0160koda WeLoveCycling Sites site","potentialAction":[{"@type":"SearchAction","target":{"@type":"EntryPoint","urlTemplate":"https:\/\/www.welovecycling.com\/de\/?s={search_term_string}"},"query-input":{"@type":"PropertyValueSpecification","valueRequired":true,"valueName":"search_term_string"}}],"inLanguage":"de-DE"},{"@type":"Person","@id":"https:\/\/www.welovecycling.com\/de\/#\/schema\/person\/915694b3c8d0de9019932587781ba6b3","name":"jbraeker","image":{"@type":"ImageObject","inLanguage":"de-DE","@id":"https:\/\/www.welovecycling.com\/de\/#\/schema\/person\/image\/","url":"https:\/\/secure.gravatar.com\/avatar\/8b4aea90e4535aae30b5b720249e5b723ae59fcf3d54757dd8b748d97b46d3c9?s=96&d=mm&r=g","contentUrl":"https:\/\/secure.gravatar.com\/avatar\/8b4aea90e4535aae30b5b720249e5b723ae59fcf3d54757dd8b748d97b46d3c9?s=96&d=mm&r=g","caption":"jbraeker"},"url":"https:\/\/www.welovecycling.com\/de\/author\/jbraeker\/"}]}},"_links":{"self":[{"href":"https:\/\/www.welovecycling.com\/de\/wp-json\/wp\/v2\/posts\/11775","targetHints":{"allow":["GET"]}}],"collection":[{"href":"https:\/\/www.welovecycling.com\/de\/wp-json\/wp\/v2\/posts"}],"about":[{"href":"https:\/\/www.welovecycling.com\/de\/wp-json\/wp\/v2\/types\/post"}],"author":[{"embeddable":true,"href":"https:\/\/www.welovecycling.com\/de\/wp-json\/wp\/v2\/users\/115"}],"replies":[{"embeddable":true,"href":"https:\/\/www.welovecycling.com\/de\/wp-json\/wp\/v2\/comments?post=11775"}],"version-history":[{"count":1,"href":"https:\/\/www.welovecycling.com\/de\/wp-json\/wp\/v2\/posts\/11775\/revisions"}],"predecessor-version":[{"id":11777,"href":"https:\/\/www.welovecycling.com\/de\/wp-json\/wp\/v2\/posts\/11775\/revisions\/11777"}],"wp:featuredmedia":[{"embeddable":true,"href":"https:\/\/www.welovecycling.com\/de\/wp-json\/wp\/v2\/media\/11776"}],"wp:attachment":[{"href":"https:\/\/www.welovecycling.com\/de\/wp-json\/wp\/v2\/media?parent=11775"}],"wp:term":[{"taxonomy":"category","embeddable":true,"href":"https:\/\/www.welovecycling.com\/de\/wp-json\/wp\/v2\/categories?post=11775"},{"taxonomy":"post_tag","embeddable":true,"href":"https:\/\/www.welovecycling.com\/de\/wp-json\/wp\/v2\/tags?post=11775"},{"taxonomy":"global-categories","embeddable":true,"href":"https:\/\/www.welovecycling.com\/de\/wp-json\/wp\/v2\/global-categories?post=11775"}],"curies":[{"name":"wp","href":"https:\/\/api.w.org\/{rel}","templated":true}]}}