{"id":11768,"date":"2025-07-15T09:25:57","date_gmt":"2025-07-15T08:25:57","guid":{"rendered":"https:\/\/www.welovecycling.com\/de\/?p=11768"},"modified":"2025-07-15T09:44:34","modified_gmt":"2025-07-15T08:44:34","slug":"van-der-poel-attackiert-milan-verteidigt-das-skoda-gruene-trikot-im-packenden-sprintduell","status":"publish","type":"post","link":"https:\/\/www.welovecycling.com\/de\/2025\/07\/15\/van-der-poel-attackiert-milan-verteidigt-das-skoda-gruene-trikot-im-packenden-sprintduell\/","title":{"rendered":"Van der Poel attackiert, Milan verteidigt das \u0160koda Gr\u00fcne Trikot im packenden Sprintduell"},"content":{"rendered":"<p data-start=\"428\" data-end=\"809\">Als sich Mathieu van der Poel und sein Alpecin-Deceuninck-Teamkollege Jonas Rickaert auf der 9. Etappe der Tour de France zu einer 173,4\u202fkm langen Flucht entschlossen, gingen viele davon aus, dass es dem Cyclocross- und Gravel-Weltmeister vor allem um Punkte beim Zwischensprint f\u00fcr das \u0160koda Gr\u00fcne Trikot ging \u2013 und dass die beiden danach wieder ins Hauptfeld zur\u00fcckkehren w\u00fcrden.<\/p>\n<h3 data-start=\"811\" data-end=\"848\">Ein \u00fcberraschender Ausrei\u00dfversuch<\/h3>\n<p data-start=\"850\" data-end=\"1490\">Doch das passierte nicht. Stattdessen zogen die beiden ihre Flucht durch \u2013 zeitweise mit einem Vorsprung von bis zu <strong data-start=\"966\" data-end=\"982\">5:30 Minuten<\/strong> auf das Peloton. Und das, obwohl Van der Poel bekannt daf\u00fcr ist, lange Solofluchten zu lieben \u2013 und einen der st\u00e4rksten Motoren im Peloton besitzt. Wie sich im Nachhinein herausstellte, ging es <strong data-start=\"1177\" data-end=\"1200\">gar nicht um Punkte<\/strong>: \u201eIch fahre nicht auf Gr\u00fcn\u201c, erkl\u00e4rte Van der Poel sp\u00e4ter gegen\u00fcber <strong data-start=\"1269\" data-end=\"1283\">TNT Sports<\/strong>. Vielmehr sei die Idee aus einem Scherz von Rickaert entstanden, der vor dem Start gesagt hatte, er w\u00fcrde gerne einmal auf dem Podium der Tour stehen \u2013 selbst wenn es nur f\u00fcr den k\u00e4mpferischsten Fahrer sei.<\/p>\n<p data-start=\"1492\" data-end=\"1874\">Die Ironie: Die Etappe war <strong data-start=\"1519\" data-end=\"1536\">174,1\u202fkm lang<\/strong>, nicht 173,4. Und Rickaert, der den Gro\u00dfteil der Arbeit verrichtet hatte, musste rund <strong data-start=\"1623\" data-end=\"1667\">6 Kilometer vor dem Ziel abrei\u00dfen lassen<\/strong>. Van der Poel wurde erst <strong data-start=\"1693\" data-end=\"1719\">700 Meter vor dem Ziel<\/strong> vom Feld gestellt. Doch das Ziel war erreicht: <strong data-start=\"1767\" data-end=\"1842\">Rickaert wurde nach der Etappe als k\u00e4mpferischster Fahrer ausgezeichnet<\/strong> \u2013 sein Podiumstraum wurde wahr.<\/p>\n<blockquote data-start=\"1876\" data-end=\"2258\">\n<p data-start=\"1878\" data-end=\"2258\">\u201eIch glaube, ich fahre morgen nach Hause \u2013 meine Tour ist damit erledigt\u201c, scherzte Rickaert im Ziel. \u201eIch wollte schon immer mal auf das Tour-Podium. Es war eigentlich ein Witz, dass wir zu zweit losfahren \u2013 aber Van der Poel meinte es ernst. Also sind wir einfach weitergefahren. Ich bin langsam gestorben da drau\u00dfen. Wir haben es versucht \u2013 schade, dass es nicht gereicht hat.\u201c<\/p>\n<\/blockquote>\n<p data-start=\"2260\" data-end=\"2284\">Van der Poel erkl\u00e4rte:<\/p>\n<blockquote data-start=\"2285\" data-end=\"2551\">\n<p data-start=\"2287\" data-end=\"2551\">\u201eIch habe mit Jonas gesprochen \u2013 das war heute sein Tag. Sein Traum war es, einmal auf dem Tour-Podium zu stehen, also wollte ich ihm helfen, die Auszeichnung f\u00fcr den k\u00e4mpferischsten Fahrer zu holen. Am Ende waren wir beide am Limit. Es war ein extrem harter Tag.\u201c<\/p>\n<\/blockquote>\n<hr data-start=\"2553\" data-end=\"2556\" \/>\n<h2 data-start=\"2558\" data-end=\"2603\">Merlier schl\u00e4gt Milan erneut im Zielsprint<\/h2>\n<p data-start=\"2605\" data-end=\"2870\">Die Flucht des Duos forderte das Feld: Viele Sprinterteams hatten sich bei der Verfolgung aufgerieben und waren ohne komplette Anfahrtsz\u00fcge in den finalen Kilometer gegangen \u2013 das f\u00fchrte zu einem chaotischen Massensprint. Am Ende blieb es sturzfrei, aber turbulent.<\/p>\n<p data-start=\"2872\" data-end=\"3166\">Wie schon auf Etappe 3 kam es zum <strong data-start=\"2906\" data-end=\"2936\">Duell zwischen Tim Merlier<\/strong> (Soudal Quick-Step) und <strong data-start=\"2961\" data-end=\"2979\">Jonathan Milan<\/strong> (Lidl\u2013Trek). Milan er\u00f6ffnete erneut den Sprint, doch Merlier zog kurz vor der Ziellinie noch vorbei. <strong data-start=\"3081\" data-end=\"3098\">Arnaud De Lie<\/strong> (Lotto Dstny) sicherte sich mit einem starken Schlussspurt Platz 3.<\/p>\n<p data-start=\"3168\" data-end=\"3612\">Trotz der Niederlage verteidigte Milan das <strong data-start=\"3211\" data-end=\"3233\">\u0160koda Gr\u00fcne Trikot<\/strong> \u2013 mit nun <strong data-start=\"3244\" data-end=\"3259\">227 Punkten<\/strong>, gefolgt von Gesamtf\u00fchrendem <strong data-start=\"3289\" data-end=\"3306\">Tadej Poga\u010dar<\/strong> (UAE Team Emirates\u2013XRG, 156 Punkte), <strong data-start=\"3344\" data-end=\"3361\">Biniam Girmay<\/strong> (<a href=\"https:\/\/www.procyclingstats.com\/team\/intermarche-wanty-2025\">Intermarch\u00e9-Wanty<\/a>, 151 Punkte) und <strong data-start=\"3398\" data-end=\"3413\">Tim Merlier<\/strong> (150 Punkte), der als einziger Sprinter bereits zwei Etappensiege feiern konnte. Van der Poel liegt mit <strong data-start=\"3518\" data-end=\"3533\">128 Punkten<\/strong> auf Rang 5 \u2013 und scheint tats\u00e4chlich kein Interesse am Gr\u00fcnen Trikot zu haben.<\/p>\n<blockquote class=\"instagram-media\" style=\"background: #FFF; border: 0; border-radius: 3px; box-shadow: 0 0 1px 0 rgba(0,0,0,0.5),0 1px 10px 0 rgba(0,0,0,0.15); margin: 1px; max-width: 540px; min-width: 326px; padding: 0; width: calc(100% - 2px);\" data-instgrm-captioned=\"\" data-instgrm-permalink=\"https:\/\/www.instagram.com\/p\/DMD70dUgyUm\/?utm_source=ig_embed&amp;utm_campaign=loading\" data-instgrm-version=\"14\">\n<div style=\"padding: 16px;\">\n<p>&nbsp;<\/p>\n<div style=\"display: flex; flex-direction: row; align-items: center;\">\n<div style=\"background-color: #f4f4f4; border-radius: 50%; flex-grow: 0; height: 40px; margin-right: 14px; width: 40px;\"><\/div>\n<div style=\"display: flex; flex-direction: column; flex-grow: 1; justify-content: center;\">\n<div style=\"background-color: #f4f4f4; border-radius: 4px; flex-grow: 0; height: 14px; margin-bottom: 6px; width: 100px;\"><\/div>\n<div style=\"background-color: #f4f4f4; border-radius: 4px; flex-grow: 0; height: 14px; width: 60px;\"><\/div>\n<\/div>\n<\/div>\n<div style=\"padding: 19% 0;\"><\/div>\n<div style=\"display: block; height: 50px; margin: 0 auto 12px; width: 50px;\"><\/div>\n<div style=\"padding-top: 8px;\">\n<div style=\"color: #3897f0; font-family: Arial,sans-serif; font-size: 14px; font-style: normal; font-weight: 550; line-height: 18px;\">Sieh dir diesen Beitrag auf Instagram an<\/div>\n<\/div>\n<div style=\"padding: 12.5% 0;\"><\/div>\n<div style=\"display: flex; flex-direction: row; margin-bottom: 14px; align-items: center;\">\n<div>\n<div style=\"background-color: #f4f4f4; border-radius: 50%; height: 12.5px; width: 12.5px; transform: translateX(0px) translateY(7px);\"><\/div>\n<div style=\"background-color: #f4f4f4; height: 12.5px; transform: rotate(-45deg) translateX(3px) translateY(1px); width: 12.5px; flex-grow: 0; margin-right: 14px; margin-left: 2px;\"><\/div>\n<div style=\"background-color: #f4f4f4; border-radius: 50%; height: 12.5px; width: 12.5px; transform: translateX(9px) translateY(-18px);\"><\/div>\n<\/div>\n<div style=\"margin-left: 8px;\">\n<div style=\"background-color: #f4f4f4; border-radius: 50%; flex-grow: 0; height: 20px; width: 20px;\"><\/div>\n<div style=\"width: 0; height: 0; border-top: 2px solid transparent; border-left: 6px solid #f4f4f4; border-bottom: 2px solid transparent; transform: translateX(16px) translateY(-4px) rotate(30deg);\"><\/div>\n<\/div>\n<div style=\"margin-left: auto;\">\n<div style=\"width: 0px; border-top: 8px solid #F4F4F4; border-right: 8px solid transparent; transform: translateY(16px);\"><\/div>\n<div style=\"background-color: #f4f4f4; flex-grow: 0; height: 12px; width: 16px; transform: translateY(-4px);\"><\/div>\n<div style=\"width: 0; height: 0; border-top: 8px solid #F4F4F4; border-left: 8px solid transparent; transform: translateY(-4px) translateX(8px);\"><\/div>\n<\/div>\n<\/div>\n<div style=\"display: flex; flex-direction: column; flex-grow: 1; justify-content: center; margin-bottom: 24px;\">\n<div style=\"background-color: #f4f4f4; border-radius: 4px; flex-grow: 0; height: 14px; margin-bottom: 6px; width: 224px;\"><\/div>\n<div style=\"background-color: #f4f4f4; border-radius: 4px; flex-grow: 0; height: 14px; width: 144px;\"><\/div>\n<\/div>\n<p>&nbsp;<\/p>\n<p style=\"color: #c9c8cd; font-family: Arial,sans-serif; font-size: 14px; line-height: 17px; margin-bottom: 0; margin-top: 8px; overflow: hidden; padding: 8px 0 7px; text-align: center; text-overflow: ellipsis; white-space: nowrap;\"><a style=\"color: #c9c8cd; font-family: Arial,sans-serif; font-size: 14px; font-style: normal; font-weight: normal; line-height: 17px; text-decoration: none;\" href=\"https:\/\/www.instagram.com\/p\/DMD70dUgyUm\/?utm_source=ig_embed&amp;utm_campaign=loading\" target=\"_blank\" rel=\"noopener\">Ein Beitrag geteilt von Tour de France\u2122 (@letourdefrance)<\/a><\/p>\n<\/div>\n<\/blockquote>\n<p><script async src=\"\/\/www.instagram.com\/embed.js\"><\/script><\/p>\n<hr data-start=\"3614\" data-end=\"3617\" \/>\n<h2 data-start=\"3619\" data-end=\"3671\">Milan auf Kurs \u2013 aber der Weg nach Paris ist lang<\/h2>\n<p data-start=\"3673\" data-end=\"3989\">Der 24-j\u00e4hrige <strong data-start=\"3688\" data-end=\"3706\">Jonathan Milan<\/strong> f\u00e4hrt seine erste Tour de France, konnte aber bereits <strong data-start=\"3761\" data-end=\"3808\">zweimal das Punktetrikot beim Giro d\u2019Italia<\/strong> gewinnen. Nach Platz 2 auf Etappe 3 und einem verpassten Sprint auf Etappe 1 feierte er auf <strong data-start=\"3901\" data-end=\"3944\">Etappe 8 seinen ersten Tour-Etappensieg<\/strong> \u2013 Merlier war dort nicht ideal positioniert.<\/p>\n<blockquote data-start=\"3991\" data-end=\"4271\">\n<p data-start=\"3993\" data-end=\"4271\">\u201eEs f\u00fchlt sich schon ein bisschen verr\u00fcckt an\u201c, sagte Milan nach seinem Sieg. \u201eEtappe 1 und 3 liefen nicht wie geplant, aber wir waren nah dran. Heute haben wir aus den Fehlern gelernt \u2013 und das Finale war extrem hektisch. Es war schwer, den Anfahrer-Zug perfekt zu platzieren.\u201c<\/p>\n<\/blockquote>\n<p data-start=\"4273\" data-end=\"4297\">Und zum Gr\u00fcnen Trikot:<\/p>\n<blockquote data-start=\"4298\" data-end=\"4591\">\n<p data-start=\"4300\" data-end=\"4591\">\u201eIch habe noch ein paar Chancen und werde versuchen, so viele Punkte wie m\u00f6glich zu sammeln. Wir schauen dann in Paris, wie es aussieht. Das Gr\u00fcne Trikot ist ein echtes Ziel \u2013 f\u00fcr mich und f\u00fcr mein Team. Ich nehme es Etappe f\u00fcr Etappe \u2013 und genie\u00dfe jede Sekunde, solange ich es tragen darf.\u201c<\/p>\n<\/blockquote>\n<hr data-start=\"4593\" data-end=\"4596\" \/>\n<h2 data-start=\"4598\" data-end=\"4642\">Wer sind die Favoriten aufs Gr\u00fcne Trikot?<\/h2>\n<p data-start=\"4644\" data-end=\"4722\">Drei Fahrer sind aktuell realistische Anw\u00e4rter auf das <strong data-start=\"4699\" data-end=\"4721\">\u0160koda Gr\u00fcne Trikot<\/strong>:<\/p>\n<ul data-start=\"4724\" data-end=\"4981\">\n<li data-start=\"4724\" data-end=\"4788\">\n<p data-start=\"4726\" data-end=\"4788\"><strong data-start=\"4726\" data-end=\"4744\">Jonathan Milan<\/strong>, der konstante Top-Platzierungen einf\u00e4hrt<\/p>\n<\/li>\n<li data-start=\"4789\" data-end=\"4855\">\n<p data-start=\"4791\" data-end=\"4855\"><strong data-start=\"4791\" data-end=\"4806\">Tim Merlier<\/strong>, der als Einziger zwei Etappen gewinnen konnte<\/p>\n<\/li>\n<li data-start=\"4856\" data-end=\"4981\">\n<p data-start=\"4858\" data-end=\"4981\"><strong data-start=\"4858\" data-end=\"4875\">Tadej Poga\u010dar<\/strong>, der das Trikot eher \u201enebenbei\u201c sammeln k\u00f6nnte \u2013 durch Siege auf h\u00fcgeligen Etappen mit hohem Punktewert<\/p>\n<\/li>\n<\/ul>\n<p data-start=\"4983\" data-end=\"5252\"><strong data-start=\"4983\" data-end=\"4994\">Poga\u010dar<\/strong> selbst hat kein Interesse am Gr\u00fcnen Trikot \u2013 er will Gelb. Doch bei einem Etappensieg auf einer h\u00fcgeligen Klassiker-Etappe winken ebenfalls 50 Punkte \u2013 genau wie bei Flachetappen. Wenn er weitere Etappen gewinnt, k\u00f6nnte er das Trikot automatisch \u00fcbernehmen.<\/p>\n<p data-start=\"5254\" data-end=\"5504\"><strong data-start=\"5254\" data-end=\"5264\">Girmay<\/strong>, der im Vorjahr das Gr\u00fcne Trikot gewann, wirkt aktuell nicht in Topform. Seit seinem zweiten Platz auf Etappe 1 kam er in keinem Sprint besser als Platz 6 ins Ziel. Er muss schnell zur\u00fcck in den Rhythmus finden, um seine Chancen zu wahren.<\/p>\n<p data-start=\"5506\" data-end=\"5805\"><strong data-start=\"5506\" data-end=\"5517\">Merlier<\/strong> liegt aktuell <strong data-start=\"5532\" data-end=\"5558\">77 Punkte hinter Milan<\/strong> \u2013 das klingt viel, ist aber bei mehreren Sprintank\u00fcnften noch aufzuholen. Wenn er Milan bei vier Etappen-Sprints schlagen w\u00fcrde, k\u00f6nnte er das Gr\u00fcne Trikot \u00fcbernehmen. Denn Platz 1 bringt 50 Punkte, Platz 2 nur 30 \u2013 ein signifikanter Unterschied.<\/p>\n<p data-start=\"5807\" data-end=\"5902\"><strong data-start=\"5807\" data-end=\"5817\">Fazit:<\/strong> Milan f\u00fchrt, Merlier lauert \u2013 und Poga\u010dar k\u00f6nnte das Trikot unfreiwillig einsammeln.<\/p>\n","protected":false},"excerpt":{"rendered":"<p>Als sich Mathieu van der Poel und sein Alpecin-Deceuninck-Teamkollege Jonas Rickaert auf der 9. Etappe der Tour de France zu [&hellip;]<\/p>\n","protected":false},"author":115,"featured_media":11769,"comment_status":"open","ping_status":"open","sticky":false,"template":"","format":"standard","meta":{"footnotes":""},"categories":[1],"tags":[],"global-categories":[19],"class_list":["post-11768","post","type-post","status-publish","format-standard","has-post-thumbnail","hentry","category-allgemein","global-categories-cycling"],"yoast_head":"<!-- This site is optimized with the Yoast SEO Premium plugin v25.3 (Yoast SEO v25.9) - https:\/\/yoast.com\/wordpress\/plugins\/seo\/ -->\n<title>Van der Poel attackiert, Milan verteidigt das \u0160koda Gr\u00fcne Trikot im packenden Sprintduell - \u0160koda We Love Cycling - Deutschland<\/title>\n<meta name=\"description\" content=\"Mathieu van der Poel gl\u00e4nzt als Ausrei\u00dfer, Jonathan Milan verteidigt das \u0160koda Gr\u00fcne Trikot im packenden Sprint gegen Merlier. Alle Highlights der 9. Etappe!\" \/>\n<meta name=\"robots\" content=\"index, follow, max-snippet:-1, max-image-preview:large, max-video-preview:-1\" \/>\n<link rel=\"canonical\" href=\"https:\/\/www.welovecycling.com\/de\/2025\/07\/15\/van-der-poel-attackiert-milan-verteidigt-das-skoda-gruene-trikot-im-packenden-sprintduell\/\" \/>\n<meta property=\"og:locale\" content=\"de_DE\" \/>\n<meta property=\"og:type\" content=\"article\" \/>\n<meta property=\"og:title\" content=\"Van der Poel attackiert, Milan verteidigt das \u0160koda Gr\u00fcne Trikot im packenden Sprintduell\" \/>\n<meta property=\"og:description\" content=\"Mathieu van der Poel gl\u00e4nzt als Ausrei\u00dfer, Jonathan Milan verteidigt das \u0160koda Gr\u00fcne Trikot im packenden Sprint gegen Merlier. Alle Highlights der 9. Etappe!\" \/>\n<meta property=\"og:url\" content=\"https:\/\/www.welovecycling.com\/de\/2025\/07\/15\/van-der-poel-attackiert-milan-verteidigt-das-skoda-gruene-trikot-im-packenden-sprintduell\/\" \/>\n<meta property=\"og:site_name\" content=\"\u0160koda We Love Cycling - Deutschland\" \/>\n<meta property=\"article:published_time\" content=\"2025-07-15T08:25:57+00:00\" \/>\n<meta property=\"article:modified_time\" content=\"2025-07-15T08:44:34+00:00\" \/>\n<meta property=\"og:image\" content=\"https:\/\/d2p6e6u75xmxt8.cloudfront.net\/10\/2025\/07\/milan.webp\" \/>\n\t<meta property=\"og:image:width\" content=\"980\" \/>\n\t<meta property=\"og:image:height\" content=\"653\" \/>\n\t<meta property=\"og:image:type\" content=\"image\/webp\" \/>\n<meta name=\"author\" content=\"jbraeker\" \/>\n<meta name=\"twitter:card\" content=\"summary_large_image\" \/>\n<meta name=\"twitter:label1\" content=\"Written by\" \/>\n\t<meta name=\"twitter:data1\" content=\"Siegfried Mortkowitz\" \/>\n\t<meta name=\"twitter:label2\" content=\"Est. reading time\" \/>\n\t<meta name=\"twitter:data2\" content=\"3\" \/>\n<script type=\"application\/ld+json\" class=\"yoast-schema-graph\">{\"@context\":\"https:\/\/schema.org\",\"@graph\":[{\"@type\":\"WebPage\",\"@id\":\"https:\/\/www.welovecycling.com\/de\/2025\/07\/15\/van-der-poel-attackiert-milan-verteidigt-das-skoda-gruene-trikot-im-packenden-sprintduell\/\",\"url\":\"https:\/\/www.welovecycling.com\/de\/2025\/07\/15\/van-der-poel-attackiert-milan-verteidigt-das-skoda-gruene-trikot-im-packenden-sprintduell\/\",\"name\":\"Van der Poel attackiert, Milan verteidigt das \u0160koda Gr\u00fcne Trikot im packenden Sprintduell - \u0160koda We Love Cycling - Deutschland\",\"isPartOf\":{\"@id\":\"https:\/\/www.welovecycling.com\/de\/#website\"},\"primaryImageOfPage\":{\"@id\":\"https:\/\/www.welovecycling.com\/de\/2025\/07\/15\/van-der-poel-attackiert-milan-verteidigt-das-skoda-gruene-trikot-im-packenden-sprintduell\/#primaryimage\"},\"image\":{\"@id\":\"https:\/\/www.welovecycling.com\/de\/2025\/07\/15\/van-der-poel-attackiert-milan-verteidigt-das-skoda-gruene-trikot-im-packenden-sprintduell\/#primaryimage\"},\"thumbnailUrl\":\"https:\/\/d2p6e6u75xmxt8.cloudfront.net\/10\/2025\/07\/milan.webp\",\"datePublished\":\"2025-07-15T08:25:57+00:00\",\"dateModified\":\"2025-07-15T08:44:34+00:00\",\"author\":{\"@id\":\"https:\/\/www.welovecycling.com\/de\/#\/schema\/person\/915694b3c8d0de9019932587781ba6b3\"},\"description\":\"Mathieu van der Poel gl\u00e4nzt als Ausrei\u00dfer, Jonathan Milan verteidigt das \u0160koda Gr\u00fcne Trikot im packenden Sprint gegen Merlier. Alle Highlights der 9. Etappe!\",\"breadcrumb\":{\"@id\":\"https:\/\/www.welovecycling.com\/de\/2025\/07\/15\/van-der-poel-attackiert-milan-verteidigt-das-skoda-gruene-trikot-im-packenden-sprintduell\/#breadcrumb\"},\"inLanguage\":\"de-DE\",\"potentialAction\":[{\"@type\":\"ReadAction\",\"target\":[\"https:\/\/www.welovecycling.com\/de\/2025\/07\/15\/van-der-poel-attackiert-milan-verteidigt-das-skoda-gruene-trikot-im-packenden-sprintduell\/\"]}]},{\"@type\":\"ImageObject\",\"inLanguage\":\"de-DE\",\"@id\":\"https:\/\/www.welovecycling.com\/de\/2025\/07\/15\/van-der-poel-attackiert-milan-verteidigt-das-skoda-gruene-trikot-im-packenden-sprintduell\/#primaryimage\",\"url\":\"https:\/\/d2p6e6u75xmxt8.cloudfront.net\/10\/2025\/07\/milan.webp\",\"contentUrl\":\"https:\/\/d2p6e6u75xmxt8.cloudfront.net\/10\/2025\/07\/milan.webp\",\"width\":980,\"height\":653},{\"@type\":\"BreadcrumbList\",\"@id\":\"https:\/\/www.welovecycling.com\/de\/2025\/07\/15\/van-der-poel-attackiert-milan-verteidigt-das-skoda-gruene-trikot-im-packenden-sprintduell\/#breadcrumb\",\"itemListElement\":[{\"@type\":\"ListItem\",\"position\":1,\"name\":\"Home\",\"item\":\"https:\/\/www.welovecycling.com\/de\/\"},{\"@type\":\"ListItem\",\"position\":2,\"name\":\"Van der Poel attackiert, Milan verteidigt das \u0160koda Gr\u00fcne Trikot im packenden Sprintduell\"}]},{\"@type\":\"WebSite\",\"@id\":\"https:\/\/www.welovecycling.com\/de\/#website\",\"url\":\"https:\/\/www.welovecycling.com\/de\/\",\"name\":\"\u0160koda We Love Cycling - Deutschland\",\"description\":\"Just another \u0160koda WeLoveCycling Sites site\",\"potentialAction\":[{\"@type\":\"SearchAction\",\"target\":{\"@type\":\"EntryPoint\",\"urlTemplate\":\"https:\/\/www.welovecycling.com\/de\/?s={search_term_string}\"},\"query-input\":{\"@type\":\"PropertyValueSpecification\",\"valueRequired\":true,\"valueName\":\"search_term_string\"}}],\"inLanguage\":\"de-DE\"},{\"@type\":\"Person\",\"@id\":\"https:\/\/www.welovecycling.com\/de\/#\/schema\/person\/915694b3c8d0de9019932587781ba6b3\",\"name\":\"jbraeker\",\"image\":{\"@type\":\"ImageObject\",\"inLanguage\":\"de-DE\",\"@id\":\"https:\/\/www.welovecycling.com\/de\/#\/schema\/person\/image\/\",\"url\":\"https:\/\/secure.gravatar.com\/avatar\/8b4aea90e4535aae30b5b720249e5b723ae59fcf3d54757dd8b748d97b46d3c9?s=96&d=mm&r=g\",\"contentUrl\":\"https:\/\/secure.gravatar.com\/avatar\/8b4aea90e4535aae30b5b720249e5b723ae59fcf3d54757dd8b748d97b46d3c9?s=96&d=mm&r=g\",\"caption\":\"jbraeker\"},\"url\":\"https:\/\/www.welovecycling.com\/de\/author\/jbraeker\/\"}]}<\/script>\n<!-- \/ Yoast SEO Premium plugin. -->","yoast_head_json":{"title":"Van der Poel attackiert, Milan verteidigt das \u0160koda Gr\u00fcne Trikot im packenden Sprintduell - \u0160koda We Love Cycling - Deutschland","description":"Mathieu van der Poel gl\u00e4nzt als Ausrei\u00dfer, Jonathan Milan verteidigt das \u0160koda Gr\u00fcne Trikot im packenden Sprint gegen Merlier. Alle Highlights der 9. Etappe!","robots":{"index":"index","follow":"follow","max-snippet":"max-snippet:-1","max-image-preview":"max-image-preview:large","max-video-preview":"max-video-preview:-1"},"canonical":"https:\/\/www.welovecycling.com\/de\/2025\/07\/15\/van-der-poel-attackiert-milan-verteidigt-das-skoda-gruene-trikot-im-packenden-sprintduell\/","og_locale":"de_DE","og_type":"article","og_title":"Van der Poel attackiert, Milan verteidigt das \u0160koda Gr\u00fcne Trikot im packenden Sprintduell","og_description":"Mathieu van der Poel gl\u00e4nzt als Ausrei\u00dfer, Jonathan Milan verteidigt das \u0160koda Gr\u00fcne Trikot im packenden Sprint gegen Merlier. Alle Highlights der 9. Etappe!","og_url":"https:\/\/www.welovecycling.com\/de\/2025\/07\/15\/van-der-poel-attackiert-milan-verteidigt-das-skoda-gruene-trikot-im-packenden-sprintduell\/","og_site_name":"\u0160koda We Love Cycling - Deutschland","article_published_time":"2025-07-15T08:25:57+00:00","article_modified_time":"2025-07-15T08:44:34+00:00","og_image":[{"width":980,"height":653,"url":"https:\/\/d2p6e6u75xmxt8.cloudfront.net\/10\/2025\/07\/milan.webp","type":"image\/webp"}],"author":"jbraeker","twitter_card":"summary_large_image","twitter_misc":{"Written by":"Siegfried Mortkowitz","Est. reading time":"3"},"schema":{"@context":"https:\/\/schema.org","@graph":[{"@type":"WebPage","@id":"https:\/\/www.welovecycling.com\/de\/2025\/07\/15\/van-der-poel-attackiert-milan-verteidigt-das-skoda-gruene-trikot-im-packenden-sprintduell\/","url":"https:\/\/www.welovecycling.com\/de\/2025\/07\/15\/van-der-poel-attackiert-milan-verteidigt-das-skoda-gruene-trikot-im-packenden-sprintduell\/","name":"Van der Poel attackiert, Milan verteidigt das \u0160koda Gr\u00fcne Trikot im packenden Sprintduell - \u0160koda We Love Cycling - Deutschland","isPartOf":{"@id":"https:\/\/www.welovecycling.com\/de\/#website"},"primaryImageOfPage":{"@id":"https:\/\/www.welovecycling.com\/de\/2025\/07\/15\/van-der-poel-attackiert-milan-verteidigt-das-skoda-gruene-trikot-im-packenden-sprintduell\/#primaryimage"},"image":{"@id":"https:\/\/www.welovecycling.com\/de\/2025\/07\/15\/van-der-poel-attackiert-milan-verteidigt-das-skoda-gruene-trikot-im-packenden-sprintduell\/#primaryimage"},"thumbnailUrl":"https:\/\/d2p6e6u75xmxt8.cloudfront.net\/10\/2025\/07\/milan.webp","datePublished":"2025-07-15T08:25:57+00:00","dateModified":"2025-07-15T08:44:34+00:00","author":{"@id":"https:\/\/www.welovecycling.com\/de\/#\/schema\/person\/915694b3c8d0de9019932587781ba6b3"},"description":"Mathieu van der Poel gl\u00e4nzt als Ausrei\u00dfer, Jonathan Milan verteidigt das \u0160koda Gr\u00fcne Trikot im packenden Sprint gegen Merlier. Alle Highlights der 9. Etappe!","breadcrumb":{"@id":"https:\/\/www.welovecycling.com\/de\/2025\/07\/15\/van-der-poel-attackiert-milan-verteidigt-das-skoda-gruene-trikot-im-packenden-sprintduell\/#breadcrumb"},"inLanguage":"de-DE","potentialAction":[{"@type":"ReadAction","target":["https:\/\/www.welovecycling.com\/de\/2025\/07\/15\/van-der-poel-attackiert-milan-verteidigt-das-skoda-gruene-trikot-im-packenden-sprintduell\/"]}]},{"@type":"ImageObject","inLanguage":"de-DE","@id":"https:\/\/www.welovecycling.com\/de\/2025\/07\/15\/van-der-poel-attackiert-milan-verteidigt-das-skoda-gruene-trikot-im-packenden-sprintduell\/#primaryimage","url":"https:\/\/d2p6e6u75xmxt8.cloudfront.net\/10\/2025\/07\/milan.webp","contentUrl":"https:\/\/d2p6e6u75xmxt8.cloudfront.net\/10\/2025\/07\/milan.webp","width":980,"height":653},{"@type":"BreadcrumbList","@id":"https:\/\/www.welovecycling.com\/de\/2025\/07\/15\/van-der-poel-attackiert-milan-verteidigt-das-skoda-gruene-trikot-im-packenden-sprintduell\/#breadcrumb","itemListElement":[{"@type":"ListItem","position":1,"name":"Home","item":"https:\/\/www.welovecycling.com\/de\/"},{"@type":"ListItem","position":2,"name":"Van der Poel attackiert, Milan verteidigt das \u0160koda Gr\u00fcne Trikot im packenden Sprintduell"}]},{"@type":"WebSite","@id":"https:\/\/www.welovecycling.com\/de\/#website","url":"https:\/\/www.welovecycling.com\/de\/","name":"\u0160koda We Love Cycling - Deutschland","description":"Just another \u0160koda WeLoveCycling Sites site","potentialAction":[{"@type":"SearchAction","target":{"@type":"EntryPoint","urlTemplate":"https:\/\/www.welovecycling.com\/de\/?s={search_term_string}"},"query-input":{"@type":"PropertyValueSpecification","valueRequired":true,"valueName":"search_term_string"}}],"inLanguage":"de-DE"},{"@type":"Person","@id":"https:\/\/www.welovecycling.com\/de\/#\/schema\/person\/915694b3c8d0de9019932587781ba6b3","name":"jbraeker","image":{"@type":"ImageObject","inLanguage":"de-DE","@id":"https:\/\/www.welovecycling.com\/de\/#\/schema\/person\/image\/","url":"https:\/\/secure.gravatar.com\/avatar\/8b4aea90e4535aae30b5b720249e5b723ae59fcf3d54757dd8b748d97b46d3c9?s=96&d=mm&r=g","contentUrl":"https:\/\/secure.gravatar.com\/avatar\/8b4aea90e4535aae30b5b720249e5b723ae59fcf3d54757dd8b748d97b46d3c9?s=96&d=mm&r=g","caption":"jbraeker"},"url":"https:\/\/www.welovecycling.com\/de\/author\/jbraeker\/"}]}},"_links":{"self":[{"href":"https:\/\/www.welovecycling.com\/de\/wp-json\/wp\/v2\/posts\/11768","targetHints":{"allow":["GET"]}}],"collection":[{"href":"https:\/\/www.welovecycling.com\/de\/wp-json\/wp\/v2\/posts"}],"about":[{"href":"https:\/\/www.welovecycling.com\/de\/wp-json\/wp\/v2\/types\/post"}],"author":[{"embeddable":true,"href":"https:\/\/www.welovecycling.com\/de\/wp-json\/wp\/v2\/users\/115"}],"replies":[{"embeddable":true,"href":"https:\/\/www.welovecycling.com\/de\/wp-json\/wp\/v2\/comments?post=11768"}],"version-history":[{"count":1,"href":"https:\/\/www.welovecycling.com\/de\/wp-json\/wp\/v2\/posts\/11768\/revisions"}],"predecessor-version":[{"id":11770,"href":"https:\/\/www.welovecycling.com\/de\/wp-json\/wp\/v2\/posts\/11768\/revisions\/11770"}],"wp:featuredmedia":[{"embeddable":true,"href":"https:\/\/www.welovecycling.com\/de\/wp-json\/wp\/v2\/media\/11769"}],"wp:attachment":[{"href":"https:\/\/www.welovecycling.com\/de\/wp-json\/wp\/v2\/media?parent=11768"}],"wp:term":[{"taxonomy":"category","embeddable":true,"href":"https:\/\/www.welovecycling.com\/de\/wp-json\/wp\/v2\/categories?post=11768"},{"taxonomy":"post_tag","embeddable":true,"href":"https:\/\/www.welovecycling.com\/de\/wp-json\/wp\/v2\/tags?post=11768"},{"taxonomy":"global-categories","embeddable":true,"href":"https:\/\/www.welovecycling.com\/de\/wp-json\/wp\/v2\/global-categories?post=11768"}],"curies":[{"name":"wp","href":"https:\/\/api.w.org\/{rel}","templated":true}]}}