{"id":11763,"date":"2025-07-11T10:30:34","date_gmt":"2025-07-11T09:30:34","guid":{"rendered":"https:\/\/www.welovecycling.com\/de\/?p=11763"},"modified":"2025-07-14T09:03:40","modified_gmt":"2025-07-14T08:03:40","slug":"ein-paar-erkenntnisse-aus-der-packenden-ersten-woche-der-tour-de-france","status":"publish","type":"post","link":"https:\/\/www.welovecycling.com\/de\/2025\/07\/11\/ein-paar-erkenntnisse-aus-der-packenden-ersten-woche-der-tour-de-france\/","title":{"rendered":"Ein paar Erkenntnisse aus der packenden ersten Woche der Tour de France"},"content":{"rendered":"<h3 data-start=\"292\" data-end=\"332\">Ist das GC-Rennen schon entschieden?<\/h3>\n<p data-start=\"334\" data-end=\"836\">Kann Jonas Vingegaard in den verbleibenden zwei Wochen noch 1:13 auf Tadej Poga\u010dar gutmachen? M\u00f6glich ist es nat\u00fcrlich. Ein Sturz, ein schlechter Tag, ein taktischer Fehler \u2013 es gibt Dutzende Wege, eine F\u00fchrung zu verlieren, selbst f\u00fcr einen dreifachen Tour-de-France-Sieger. Aber der Leader von UAE Team Emirates\u2013XRG hat selten einen schwachen Moment, st\u00fcrzt kaum, und trifft fast nie eine schlechte Entscheidung. Die spannendere Frage lautet deshalb vielleicht: <strong data-start=\"798\" data-end=\"836\">Stimmt etwas nicht mit Vingegaard?<\/strong><\/p>\n<p data-start=\"838\" data-end=\"1381\">Diese Frage ist berechtigt, denn bislang gibt es keine wirklich \u00fcberzeugende Erkl\u00e4rung f\u00fcr die entt\u00e4uschende Leistung des Visma\u2013Lease a Bike-Kapit\u00e4ns beim Einzelzeitfahren am Mittwoch (Etappe 5). Auf dem 33\u202fkm langen Kurs rund um Caen belegte Vingegaard nur Rang 13 \u2013 satte <strong data-start=\"1112\" data-end=\"1128\">1:21 Minuten<\/strong> hinter dem erwarteten Sieger <strong data-start=\"1158\" data-end=\"1177\">Remco Evenepoel<\/strong> (Soudal Quick\u2011Step) und <strong data-start=\"1202\" data-end=\"1218\">1:05 Minuten<\/strong> hinter <strong data-start=\"1226\" data-end=\"1237\">Poga\u010dar<\/strong>, der ein nahezu perfektes Zeitfahren zeigte und Platz 2 belegte \u2013 direkt hinter dem amtierenden Welt- und Olympiasieger im Kampf gegen die Uhr.<\/p>\n<p data-start=\"1383\" data-end=\"1876\">Die Folge: Evenepoel schob sich auf <strong data-start=\"1419\" data-end=\"1430\">Platz 3<\/strong> der Gesamtwertung, 43 Sekunden hinter dem neuen Tr\u00e4ger des Gelben Trikots <strong data-start=\"1505\" data-end=\"1529\">Mathieu van der\u202fPoel<\/strong> (Alpecin\u2011Deceuninck) und 42 Sekunden hinter Poga\u010dar. Vingegaard fiel auf Rang 4 zur\u00fcck \u2013 mit <strong data-start=\"1623\" data-end=\"1641\">1:14 R\u00fcckstand<\/strong>. Damit liegt er sogar hinter dem \u00fcberraschend starken <strong data-start=\"1696\" data-end=\"1715\">K\u00e9vin Vauquelin<\/strong> (Ark\u00e9a\u2013B&amp;B Hotels), der mit einem beeindruckenden f\u00fcnften Platz im Zeitfahren auf sich aufmerksam machte und nun nur noch eine Minute hinter van der\u202fPoel liegt.<\/p>\n<p data-start=\"1878\" data-end=\"1937\">Vingegaard selbst erkl\u00e4rte gegen\u00fcber d\u00e4nischem Fernsehen:<\/p>\n<blockquote data-start=\"1938\" data-end=\"2165\">\n<p data-start=\"1940\" data-end=\"2165\">\u201eEs war ein schwieriger Tag f\u00fcr mich. So ist es manchmal. Ich hatte einfach nicht die Beine. Viel mehr gibt es dazu nicht zu sagen. Die Tour ist noch lang, ich bin motiviert und glaube weiterhin, dass noch alles m\u00f6glich ist.\u201c<\/p>\n<\/blockquote>\n<p data-start=\"2167\" data-end=\"2222\">Sportdirektor Arthur van Dongen erg\u00e4nzte tags darauf:<\/p>\n<blockquote data-start=\"2223\" data-end=\"2332\">\n<p data-start=\"2225\" data-end=\"2332\">\u201eEs war etwas, das speziell mit dem Zeitfahren zu tun hatte. Aber wir behalten die Details intern im Team.\u201c<\/p>\n<\/blockquote>\n<p data-start=\"2334\" data-end=\"2819\">Zur Erinnerung: Im ersten Einzelzeitfahren der letztj\u00e4hrigen Tour (Etappe 7, 25\u202fkm) verlor Vingegaard lediglich 25 Sekunden auf Poga\u010dar, lag jedoch bereits 1:15 hinter ihm. Er verlor die Tour damals mit 6:17 R\u00fcckstand. Allerdings kam der D\u00e4ne damals noch nicht vollst\u00e4ndig erholt von seinem schweren Sturz im Itzulia-Rennen ins Rennen. In diesem Jahr sollte seine Form eigentlich besser sein. Hoffen wir, dass das wirklich nur ein \u201eschlechter Tag\u201c war \u2013 und dass er bald zur\u00fcckschl\u00e4gt.<\/p>\n<hr data-start=\"2821\" data-end=\"2824\" \/>\n<h2 data-start=\"2826\" data-end=\"2876\">Ride of the Week: Ben Healy mit Monster-Attacke<\/h2>\n<p data-start=\"2878\" data-end=\"3213\">Die Fahrt der Woche? <strong data-start=\"2899\" data-end=\"2923\">Ganz klar Ben Healy.<\/strong> Der Ire setzte auf der sechsten Etappe zu einem <strong data-start=\"2972\" data-end=\"3001\">Solo-Angriff \u00fcber 42,3\u202fkm<\/strong> an und holte sich seinen ersten Etappensieg bei der Tour de France \u2013 und katapultierte sich von Platz 33 auf Rang 8 im Gesamtklassement, mit nur noch 2:01 Minuten R\u00fcckstand auf van der\u202fPoel (Alpecin\u2011Deceuninck).<\/p>\n<p data-start=\"3215\" data-end=\"3508\">So stark war seine Attacke, dass er mit einem Vorsprung von <strong data-start=\"3275\" data-end=\"3309\">2:44 Minuten auf Quinn Simmons<\/strong> (Lidl\u2011Trek) ins Ziel kam. <strong data-start=\"3336\" data-end=\"3354\">Michael Storer<\/strong> (Tudor Pro) folgte weitere sieben Sekunden dahinter auf Platz 3. Das sind Zeitabst\u00e4nde, die auch ein van der\u202fPoel oder Poga\u010dar mit Stolz erf\u00fcllen w\u00fcrden.<\/p>\n<hr data-start=\"3510\" data-end=\"3513\" \/>\n<h2 data-start=\"3515\" data-end=\"3566\">Philipsen-Crash bringt Bewegung ins Gr\u00fcne Trikot<\/h2>\n<p data-start=\"3568\" data-end=\"4043\">Jasper Philipsen, ehemaliger Gewinner des Skoda-Gr\u00fcnen Trikots und einer der Favoriten auf den Sprinttitel, <strong data-start=\"3676\" data-end=\"3700\">st\u00fcrzte auf Etappe 3<\/strong> in einem kuriosen Zwischenfall beim Zwischensprint. Dabei brach er sich das Schl\u00fcsselbein und musste das Rennen aufgeben. Der Alpecin\u2011Deceuninck-Sprinter wurde durch eine Kollision zwischen <strong data-start=\"3891\" data-end=\"3908\">Bryan Coquard<\/strong> (Cofidis) und <strong data-start=\"3923\" data-end=\"3940\">Edward Theuns<\/strong> (Lidl\u2011Trek) zu Boden gebracht, nachdem Coquard nach dem Kontakt in Philipsen hineingeschleudert wurde.<\/p>\n<p data-start=\"4045\" data-end=\"4223\">Beide \u2013 Coquard und Theuns \u2013 erhielten gelbe Karten und je <strong data-start=\"4104\" data-end=\"4126\">500\u202fCHF Geldstrafe<\/strong>, obwohl sie offenbar mehr Pech als Schuld traf. Das Resultat: Das Gr\u00fcne Trikot ist wieder offen.<\/p>\n<p data-start=\"4225\" data-end=\"4381\"><strong data-start=\"4225\" data-end=\"4240\">Tim Merlier<\/strong> (Soudal Quick\u2011Step) gewann den Massensprint am Montag vor <strong data-start=\"4299\" data-end=\"4317\">Jonathan Milan<\/strong> (Lidl\u2011Trek), der dadurch kurzzeitig die Punktewertung anf\u00fchrte.<\/p>\n<p data-start=\"4383\" data-end=\"4614\">Aktuell tr\u00e4gt allerdings <strong data-start=\"4408\" data-end=\"4425\">Tadej Poga\u010dar<\/strong> das Gr\u00fcne Trikot \u2013 zus\u00e4tzlich zum <strong data-start=\"4460\" data-end=\"4470\">Gelben<\/strong> und <strong data-start=\"4475\" data-end=\"4490\">Gepunkteten<\/strong> \u2013, mit <strong data-start=\"4498\" data-end=\"4512\">97 Punkten<\/strong>, gefolgt von Milan (92) und dem Vorjahressieger <strong data-start=\"4561\" data-end=\"4578\">Biniam Girmay<\/strong> (Intermarch\u00e9-Wanty) mit 87 Punkten.<\/p>\n<p data-start=\"4616\" data-end=\"4950\">Ohne Philipsen muss sich Alpecin\u2011Deceuninck neu sortieren. Zwar hat das Team mit <strong data-start=\"4697\" data-end=\"4713\">Kaden Groves<\/strong> einen weiteren starken Sprinter im Aufgebot \u2013 mit sieben Vuelta-Etappensiegen und zwei beim Giro \u2013, aber Groves ist bei seiner ersten Tour bisher nur auf <strong data-start=\"4868\" data-end=\"4881\">27 Punkte<\/strong> gekommen. Ein Au\u00dfenseiter also gegen\u00fcber Milan, Girmay oder Merlier.<\/p>\n<p data-start=\"4952\" data-end=\"5184\">Und was ist mit van der\u202fPoel? Er liegt mit <strong data-start=\"4995\" data-end=\"5020\">80 Punkten auf Rang 4<\/strong> \u2013 und d\u00fcrfte das Gr\u00fcne Trikot nun durchaus im Blick haben. Zwar ist er kein reiner Topsprinter, aber mit Groves als Anfahrer reicht es oft f\u00fcr Top-5-Platzierungen.<\/p>\n<p data-start=\"5186\" data-end=\"5318\">Die kommenden Etappen \u2013 darunter der wellige Freitag (Etappe 7) sowie die flachen Etappen 8 und 9 \u2013 werden weitere Klarheit bringen.<\/p>\n<hr data-start=\"5320\" data-end=\"5323\" \/>\n<h2 data-start=\"5325\" data-end=\"5376\">Gesamtwertung nach Etappe 6, Tour de France 2025<\/h2>\n<ol data-start=\"5378\" data-end=\"5922\">\n<li data-start=\"5378\" data-end=\"5438\">\n<p data-start=\"5381\" data-end=\"5438\"><strong data-start=\"5381\" data-end=\"5405\">Mathieu van der\u202fPoel<\/strong>, Alpecin\u2011Deceuninck \u2013 21:52:34<\/p>\n<\/li>\n<li data-start=\"5439\" data-end=\"5492\">\n<p data-start=\"5442\" data-end=\"5492\"><strong data-start=\"5442\" data-end=\"5459\">Tadej Poga\u010dar<\/strong>, UAE Team Emirates\u2013XRG \u2013 +0:01<\/p>\n<\/li>\n<li data-start=\"5493\" data-end=\"5544\">\n<p data-start=\"5496\" data-end=\"5544\"><strong data-start=\"5496\" data-end=\"5515\">Remco Evenepoel<\/strong>, Soudal Quick\u2011Step \u2013 +0:43<\/p>\n<\/li>\n<li data-start=\"5545\" data-end=\"5595\">\n<p data-start=\"5548\" data-end=\"5595\"><strong data-start=\"5548\" data-end=\"5567\">K\u00e9vin Vauquelin<\/strong>, Ark\u00e9a\u2013B&amp;B Hotels \u2013 +1:00<\/p>\n<\/li>\n<li data-start=\"5596\" data-end=\"5649\">\n<p data-start=\"5599\" data-end=\"5649\"><strong data-start=\"5599\" data-end=\"5619\">Jonas Vingegaard<\/strong>, Visma\u2013Lease a Bike \u2013 +1:14<\/p>\n<\/li>\n<li data-start=\"5650\" data-end=\"5703\">\n<p data-start=\"5653\" data-end=\"5703\"><strong data-start=\"5653\" data-end=\"5673\">Matteo Jorgenson<\/strong>, Visma\u2013Lease a Bike \u2013 +1:23<\/p>\n<\/li>\n<li data-start=\"5704\" data-end=\"5756\">\n<p data-start=\"5707\" data-end=\"5756\"><strong data-start=\"5707\" data-end=\"5723\">Jo\u00e3o Almeida<\/strong>, UAE Team Emirates\u2013XRG \u2013 +1:59<\/p>\n<\/li>\n<li data-start=\"5757\" data-end=\"5806\">\n<p data-start=\"5760\" data-end=\"5806\"><strong data-start=\"5760\" data-end=\"5773\">Ben Healy<\/strong>, EF Education\u2013EasyPost \u2013 +2:01<\/p>\n<\/li>\n<li data-start=\"5807\" data-end=\"5865\">\n<p data-start=\"5810\" data-end=\"5865\"><strong data-start=\"5810\" data-end=\"5830\">Florian Lipowitz<\/strong>, Red Bull\u2013BORA\u2013hansgrohe \u2013 +2:32<\/p>\n<\/li>\n<li data-start=\"5866\" data-end=\"5922\">\n<p data-start=\"5870\" data-end=\"5922\"><strong data-start=\"5870\" data-end=\"5887\">Primo\u017e Rogli\u010d<\/strong>, Red Bull\u2013BORA\u2013hansgrohe \u2013 +2:36<\/p>\n<\/li>\n<\/ol>\n<hr data-start=\"5924\" data-end=\"5927\" \/>\n<h2 data-start=\"5929\" data-end=\"5949\">Ergebnis Etappe 6<\/h2>\n<ol data-start=\"5951\" data-end=\"6427\">\n<li data-start=\"5951\" data-end=\"6002\">\n<p data-start=\"5954\" data-end=\"6002\"><strong data-start=\"5954\" data-end=\"5967\">Ben Healy<\/strong>, EF Education\u2013EasyPost \u2013 4:24:10<\/p>\n<\/li>\n<li data-start=\"6003\" data-end=\"6044\">\n<p data-start=\"6006\" data-end=\"6044\"><strong data-start=\"6006\" data-end=\"6023\">Quinn Simmons<\/strong>, Lidl\u2011Trek \u2013 +2:44<\/p>\n<\/li>\n<li data-start=\"6045\" data-end=\"6087\">\n<p data-start=\"6048\" data-end=\"6087\"><strong data-start=\"6048\" data-end=\"6066\">Michael Storer<\/strong>, Tudor Pro \u2013 +2:51<\/p>\n<\/li>\n<li data-start=\"6088\" data-end=\"6130\">\n<p data-start=\"6091\" data-end=\"6130\"><strong data-start=\"6091\" data-end=\"6107\">Eddie Dunbar<\/strong>, Jayco AlUla \u2013 +3:21<\/p>\n<\/li>\n<li data-start=\"6131\" data-end=\"6179\">\n<p data-start=\"6134\" data-end=\"6179\"><strong data-start=\"6134\" data-end=\"6149\">Simon Yates<\/strong>, Visma\u2013Lease a Bike \u2013 +3:24<\/p>\n<\/li>\n<li data-start=\"6180\" data-end=\"6217\">\n<p data-start=\"6183\" data-end=\"6217\"><strong data-start=\"6183\" data-end=\"6197\">Will Barta<\/strong>, Movistar \u2013 +3:29<\/p>\n<\/li>\n<li data-start=\"6218\" data-end=\"6260\">\n<p data-start=\"6221\" data-end=\"6260\"><strong data-start=\"6221\" data-end=\"6238\">Harold Tejada<\/strong>, XDS Astana \u2013 +3:52<\/p>\n<\/li>\n<li data-start=\"6261\" data-end=\"6318\">\n<p data-start=\"6264\" data-end=\"6318\"><strong data-start=\"6264\" data-end=\"6288\">Mathieu van der\u202fPoel<\/strong>, Alpecin\u2011Deceuninck \u2013 +3:58<\/p>\n<\/li>\n<li data-start=\"6319\" data-end=\"6372\">\n<p data-start=\"6322\" data-end=\"6372\"><strong data-start=\"6322\" data-end=\"6339\">Tadej Poga\u010dar<\/strong>, UAE Team Emirates\u2013XRG \u2013 +5:27<\/p>\n<\/li>\n<li data-start=\"6373\" data-end=\"6427\">\n<p data-start=\"6377\" data-end=\"6427\"><strong data-start=\"6377\" data-end=\"6397\">Jonas Vingegaard<\/strong>, Visma\u2013Lease a Bike \u2013 +5:27<\/p>\n<\/li>\n<\/ol>\n","protected":false},"excerpt":{"rendered":"<p>Ist das GC-Rennen schon entschieden? Kann Jonas Vingegaard in den verbleibenden zwei Wochen noch 1:13 auf Tadej Poga\u010dar gutmachen? M\u00f6glich [&hellip;]<\/p>\n","protected":false},"author":115,"featured_media":11766,"comment_status":"open","ping_status":"open","sticky":false,"template":"","format":"standard","meta":{"footnotes":""},"categories":[1,121,66,120],"tags":[],"global-categories":[19],"class_list":["post-11763","post","type-post","status-publish","format-standard","has-post-thumbnail","hentry","category-allgemein","category-road-cycling","category-tour-de-france","category-tour-de-france-2025","global-categories-cycling"],"yoast_head":"<!-- This site is optimized with the Yoast SEO Premium plugin v25.3 (Yoast SEO v25.9) - https:\/\/yoast.com\/wordpress\/plugins\/seo\/ -->\n<title>Ein paar Erkenntnisse aus der packenden ersten Woche der Tour de France - \u0160koda We Love Cycling - Deutschland<\/title>\n<meta name=\"description\" content=\"Drama, Daten, Dominanz: Die erste Woche der Tour 2025 bringt R\u00fcckschl\u00e4ge f\u00fcr Vingegaard, starke Auftritte von Healy \u2013 und ein wildes Gr\u00fcnes Trikot-Rennen.\" \/>\n<meta name=\"robots\" content=\"index, follow, max-snippet:-1, max-image-preview:large, max-video-preview:-1\" \/>\n<link rel=\"canonical\" href=\"https:\/\/www.welovecycling.com\/de\/2025\/07\/11\/ein-paar-erkenntnisse-aus-der-packenden-ersten-woche-der-tour-de-france\/\" \/>\n<meta property=\"og:locale\" content=\"de_DE\" \/>\n<meta property=\"og:type\" content=\"article\" \/>\n<meta property=\"og:title\" content=\"Ein paar Erkenntnisse aus der packenden ersten Woche der Tour de France\" \/>\n<meta property=\"og:description\" content=\"Drama, Daten, Dominanz: Die erste Woche der Tour 2025 bringt R\u00fcckschl\u00e4ge f\u00fcr Vingegaard, starke Auftritte von Healy \u2013 und ein wildes Gr\u00fcnes Trikot-Rennen.\" \/>\n<meta property=\"og:url\" content=\"https:\/\/www.welovecycling.com\/de\/2025\/07\/11\/ein-paar-erkenntnisse-aus-der-packenden-ersten-woche-der-tour-de-france\/\" \/>\n<meta property=\"og:site_name\" content=\"\u0160koda We Love Cycling - Deutschland\" \/>\n<meta property=\"article:published_time\" content=\"2025-07-11T09:30:34+00:00\" \/>\n<meta property=\"article:modified_time\" content=\"2025-07-14T08:03:40+00:00\" \/>\n<meta property=\"og:image\" content=\"https:\/\/d2p6e6u75xmxt8.cloudfront.net\/10\/2025\/07\/firstweek2.webp\" \/>\n\t<meta property=\"og:image:width\" content=\"986\" \/>\n\t<meta property=\"og:image:height\" content=\"658\" \/>\n\t<meta property=\"og:image:type\" content=\"image\/webp\" \/>\n<meta name=\"author\" content=\"jbraeker\" \/>\n<meta name=\"twitter:card\" content=\"summary_large_image\" \/>\n<meta name=\"twitter:label1\" content=\"Written by\" \/>\n\t<meta name=\"twitter:data1\" content=\"Siegfried Mortkowitz\" \/>\n\t<meta name=\"twitter:label2\" content=\"Est. reading time\" \/>\n\t<meta name=\"twitter:data2\" content=\"4\" \/>\n<script type=\"application\/ld+json\" class=\"yoast-schema-graph\">{\"@context\":\"https:\/\/schema.org\",\"@graph\":[{\"@type\":\"WebPage\",\"@id\":\"https:\/\/www.welovecycling.com\/de\/2025\/07\/11\/ein-paar-erkenntnisse-aus-der-packenden-ersten-woche-der-tour-de-france\/\",\"url\":\"https:\/\/www.welovecycling.com\/de\/2025\/07\/11\/ein-paar-erkenntnisse-aus-der-packenden-ersten-woche-der-tour-de-france\/\",\"name\":\"Ein paar Erkenntnisse aus der packenden ersten Woche der Tour de France - \u0160koda We Love Cycling - Deutschland\",\"isPartOf\":{\"@id\":\"https:\/\/www.welovecycling.com\/de\/#website\"},\"primaryImageOfPage\":{\"@id\":\"https:\/\/www.welovecycling.com\/de\/2025\/07\/11\/ein-paar-erkenntnisse-aus-der-packenden-ersten-woche-der-tour-de-france\/#primaryimage\"},\"image\":{\"@id\":\"https:\/\/www.welovecycling.com\/de\/2025\/07\/11\/ein-paar-erkenntnisse-aus-der-packenden-ersten-woche-der-tour-de-france\/#primaryimage\"},\"thumbnailUrl\":\"https:\/\/d2p6e6u75xmxt8.cloudfront.net\/10\/2025\/07\/firstweek2.webp\",\"datePublished\":\"2025-07-11T09:30:34+00:00\",\"dateModified\":\"2025-07-14T08:03:40+00:00\",\"author\":{\"@id\":\"https:\/\/www.welovecycling.com\/de\/#\/schema\/person\/915694b3c8d0de9019932587781ba6b3\"},\"description\":\"Drama, Daten, Dominanz: Die erste Woche der Tour 2025 bringt R\u00fcckschl\u00e4ge f\u00fcr Vingegaard, starke Auftritte von Healy \u2013 und ein wildes Gr\u00fcnes Trikot-Rennen.\",\"breadcrumb\":{\"@id\":\"https:\/\/www.welovecycling.com\/de\/2025\/07\/11\/ein-paar-erkenntnisse-aus-der-packenden-ersten-woche-der-tour-de-france\/#breadcrumb\"},\"inLanguage\":\"de-DE\",\"potentialAction\":[{\"@type\":\"ReadAction\",\"target\":[\"https:\/\/www.welovecycling.com\/de\/2025\/07\/11\/ein-paar-erkenntnisse-aus-der-packenden-ersten-woche-der-tour-de-france\/\"]}]},{\"@type\":\"ImageObject\",\"inLanguage\":\"de-DE\",\"@id\":\"https:\/\/www.welovecycling.com\/de\/2025\/07\/11\/ein-paar-erkenntnisse-aus-der-packenden-ersten-woche-der-tour-de-france\/#primaryimage\",\"url\":\"https:\/\/d2p6e6u75xmxt8.cloudfront.net\/10\/2025\/07\/firstweek2.webp\",\"contentUrl\":\"https:\/\/d2p6e6u75xmxt8.cloudfront.net\/10\/2025\/07\/firstweek2.webp\",\"width\":986,\"height\":658},{\"@type\":\"BreadcrumbList\",\"@id\":\"https:\/\/www.welovecycling.com\/de\/2025\/07\/11\/ein-paar-erkenntnisse-aus-der-packenden-ersten-woche-der-tour-de-france\/#breadcrumb\",\"itemListElement\":[{\"@type\":\"ListItem\",\"position\":1,\"name\":\"Home\",\"item\":\"https:\/\/www.welovecycling.com\/de\/\"},{\"@type\":\"ListItem\",\"position\":2,\"name\":\"Ein paar Erkenntnisse aus der packenden ersten Woche der Tour de France\"}]},{\"@type\":\"WebSite\",\"@id\":\"https:\/\/www.welovecycling.com\/de\/#website\",\"url\":\"https:\/\/www.welovecycling.com\/de\/\",\"name\":\"\u0160koda We Love Cycling - Deutschland\",\"description\":\"Just another \u0160koda WeLoveCycling Sites site\",\"potentialAction\":[{\"@type\":\"SearchAction\",\"target\":{\"@type\":\"EntryPoint\",\"urlTemplate\":\"https:\/\/www.welovecycling.com\/de\/?s={search_term_string}\"},\"query-input\":{\"@type\":\"PropertyValueSpecification\",\"valueRequired\":true,\"valueName\":\"search_term_string\"}}],\"inLanguage\":\"de-DE\"},{\"@type\":\"Person\",\"@id\":\"https:\/\/www.welovecycling.com\/de\/#\/schema\/person\/915694b3c8d0de9019932587781ba6b3\",\"name\":\"jbraeker\",\"image\":{\"@type\":\"ImageObject\",\"inLanguage\":\"de-DE\",\"@id\":\"https:\/\/www.welovecycling.com\/de\/#\/schema\/person\/image\/\",\"url\":\"https:\/\/secure.gravatar.com\/avatar\/8b4aea90e4535aae30b5b720249e5b723ae59fcf3d54757dd8b748d97b46d3c9?s=96&d=mm&r=g\",\"contentUrl\":\"https:\/\/secure.gravatar.com\/avatar\/8b4aea90e4535aae30b5b720249e5b723ae59fcf3d54757dd8b748d97b46d3c9?s=96&d=mm&r=g\",\"caption\":\"jbraeker\"},\"url\":\"https:\/\/www.welovecycling.com\/de\/author\/jbraeker\/\"}]}<\/script>\n<!-- \/ Yoast SEO Premium plugin. -->","yoast_head_json":{"title":"Ein paar Erkenntnisse aus der packenden ersten Woche der Tour de France - \u0160koda We Love Cycling - Deutschland","description":"Drama, Daten, Dominanz: Die erste Woche der Tour 2025 bringt R\u00fcckschl\u00e4ge f\u00fcr Vingegaard, starke Auftritte von Healy \u2013 und ein wildes Gr\u00fcnes Trikot-Rennen.","robots":{"index":"index","follow":"follow","max-snippet":"max-snippet:-1","max-image-preview":"max-image-preview:large","max-video-preview":"max-video-preview:-1"},"canonical":"https:\/\/www.welovecycling.com\/de\/2025\/07\/11\/ein-paar-erkenntnisse-aus-der-packenden-ersten-woche-der-tour-de-france\/","og_locale":"de_DE","og_type":"article","og_title":"Ein paar Erkenntnisse aus der packenden ersten Woche der Tour de France","og_description":"Drama, Daten, Dominanz: Die erste Woche der Tour 2025 bringt R\u00fcckschl\u00e4ge f\u00fcr Vingegaard, starke Auftritte von Healy \u2013 und ein wildes Gr\u00fcnes Trikot-Rennen.","og_url":"https:\/\/www.welovecycling.com\/de\/2025\/07\/11\/ein-paar-erkenntnisse-aus-der-packenden-ersten-woche-der-tour-de-france\/","og_site_name":"\u0160koda We Love Cycling - Deutschland","article_published_time":"2025-07-11T09:30:34+00:00","article_modified_time":"2025-07-14T08:03:40+00:00","og_image":[{"width":986,"height":658,"url":"https:\/\/d2p6e6u75xmxt8.cloudfront.net\/10\/2025\/07\/firstweek2.webp","type":"image\/webp"}],"author":"jbraeker","twitter_card":"summary_large_image","twitter_misc":{"Written by":"Siegfried Mortkowitz","Est. reading time":"4"},"schema":{"@context":"https:\/\/schema.org","@graph":[{"@type":"WebPage","@id":"https:\/\/www.welovecycling.com\/de\/2025\/07\/11\/ein-paar-erkenntnisse-aus-der-packenden-ersten-woche-der-tour-de-france\/","url":"https:\/\/www.welovecycling.com\/de\/2025\/07\/11\/ein-paar-erkenntnisse-aus-der-packenden-ersten-woche-der-tour-de-france\/","name":"Ein paar Erkenntnisse aus der packenden ersten Woche der Tour de France - \u0160koda We Love Cycling - Deutschland","isPartOf":{"@id":"https:\/\/www.welovecycling.com\/de\/#website"},"primaryImageOfPage":{"@id":"https:\/\/www.welovecycling.com\/de\/2025\/07\/11\/ein-paar-erkenntnisse-aus-der-packenden-ersten-woche-der-tour-de-france\/#primaryimage"},"image":{"@id":"https:\/\/www.welovecycling.com\/de\/2025\/07\/11\/ein-paar-erkenntnisse-aus-der-packenden-ersten-woche-der-tour-de-france\/#primaryimage"},"thumbnailUrl":"https:\/\/d2p6e6u75xmxt8.cloudfront.net\/10\/2025\/07\/firstweek2.webp","datePublished":"2025-07-11T09:30:34+00:00","dateModified":"2025-07-14T08:03:40+00:00","author":{"@id":"https:\/\/www.welovecycling.com\/de\/#\/schema\/person\/915694b3c8d0de9019932587781ba6b3"},"description":"Drama, Daten, Dominanz: Die erste Woche der Tour 2025 bringt R\u00fcckschl\u00e4ge f\u00fcr Vingegaard, starke Auftritte von Healy \u2013 und ein wildes Gr\u00fcnes Trikot-Rennen.","breadcrumb":{"@id":"https:\/\/www.welovecycling.com\/de\/2025\/07\/11\/ein-paar-erkenntnisse-aus-der-packenden-ersten-woche-der-tour-de-france\/#breadcrumb"},"inLanguage":"de-DE","potentialAction":[{"@type":"ReadAction","target":["https:\/\/www.welovecycling.com\/de\/2025\/07\/11\/ein-paar-erkenntnisse-aus-der-packenden-ersten-woche-der-tour-de-france\/"]}]},{"@type":"ImageObject","inLanguage":"de-DE","@id":"https:\/\/www.welovecycling.com\/de\/2025\/07\/11\/ein-paar-erkenntnisse-aus-der-packenden-ersten-woche-der-tour-de-france\/#primaryimage","url":"https:\/\/d2p6e6u75xmxt8.cloudfront.net\/10\/2025\/07\/firstweek2.webp","contentUrl":"https:\/\/d2p6e6u75xmxt8.cloudfront.net\/10\/2025\/07\/firstweek2.webp","width":986,"height":658},{"@type":"BreadcrumbList","@id":"https:\/\/www.welovecycling.com\/de\/2025\/07\/11\/ein-paar-erkenntnisse-aus-der-packenden-ersten-woche-der-tour-de-france\/#breadcrumb","itemListElement":[{"@type":"ListItem","position":1,"name":"Home","item":"https:\/\/www.welovecycling.com\/de\/"},{"@type":"ListItem","position":2,"name":"Ein paar Erkenntnisse aus der packenden ersten Woche der Tour de France"}]},{"@type":"WebSite","@id":"https:\/\/www.welovecycling.com\/de\/#website","url":"https:\/\/www.welovecycling.com\/de\/","name":"\u0160koda We Love Cycling - Deutschland","description":"Just another \u0160koda WeLoveCycling Sites site","potentialAction":[{"@type":"SearchAction","target":{"@type":"EntryPoint","urlTemplate":"https:\/\/www.welovecycling.com\/de\/?s={search_term_string}"},"query-input":{"@type":"PropertyValueSpecification","valueRequired":true,"valueName":"search_term_string"}}],"inLanguage":"de-DE"},{"@type":"Person","@id":"https:\/\/www.welovecycling.com\/de\/#\/schema\/person\/915694b3c8d0de9019932587781ba6b3","name":"jbraeker","image":{"@type":"ImageObject","inLanguage":"de-DE","@id":"https:\/\/www.welovecycling.com\/de\/#\/schema\/person\/image\/","url":"https:\/\/secure.gravatar.com\/avatar\/8b4aea90e4535aae30b5b720249e5b723ae59fcf3d54757dd8b748d97b46d3c9?s=96&d=mm&r=g","contentUrl":"https:\/\/secure.gravatar.com\/avatar\/8b4aea90e4535aae30b5b720249e5b723ae59fcf3d54757dd8b748d97b46d3c9?s=96&d=mm&r=g","caption":"jbraeker"},"url":"https:\/\/www.welovecycling.com\/de\/author\/jbraeker\/"}]}},"_links":{"self":[{"href":"https:\/\/www.welovecycling.com\/de\/wp-json\/wp\/v2\/posts\/11763","targetHints":{"allow":["GET"]}}],"collection":[{"href":"https:\/\/www.welovecycling.com\/de\/wp-json\/wp\/v2\/posts"}],"about":[{"href":"https:\/\/www.welovecycling.com\/de\/wp-json\/wp\/v2\/types\/post"}],"author":[{"embeddable":true,"href":"https:\/\/www.welovecycling.com\/de\/wp-json\/wp\/v2\/users\/115"}],"replies":[{"embeddable":true,"href":"https:\/\/www.welovecycling.com\/de\/wp-json\/wp\/v2\/comments?post=11763"}],"version-history":[{"count":1,"href":"https:\/\/www.welovecycling.com\/de\/wp-json\/wp\/v2\/posts\/11763\/revisions"}],"predecessor-version":[{"id":11765,"href":"https:\/\/www.welovecycling.com\/de\/wp-json\/wp\/v2\/posts\/11763\/revisions\/11765"}],"wp:featuredmedia":[{"embeddable":true,"href":"https:\/\/www.welovecycling.com\/de\/wp-json\/wp\/v2\/media\/11766"}],"wp:attachment":[{"href":"https:\/\/www.welovecycling.com\/de\/wp-json\/wp\/v2\/media?parent=11763"}],"wp:term":[{"taxonomy":"category","embeddable":true,"href":"https:\/\/www.welovecycling.com\/de\/wp-json\/wp\/v2\/categories?post=11763"},{"taxonomy":"post_tag","embeddable":true,"href":"https:\/\/www.welovecycling.com\/de\/wp-json\/wp\/v2\/tags?post=11763"},{"taxonomy":"global-categories","embeddable":true,"href":"https:\/\/www.welovecycling.com\/de\/wp-json\/wp\/v2\/global-categories?post=11763"}],"curies":[{"name":"wp","href":"https:\/\/api.w.org\/{rel}","templated":true}]}}