{"id":11760,"date":"2025-07-11T10:24:19","date_gmt":"2025-07-11T09:24:19","guid":{"rendered":"https:\/\/www.welovecycling.com\/de\/?p=11760"},"modified":"2025-07-11T10:26:18","modified_gmt":"2025-07-11T09:26:18","slug":"so-bringst-du-den-pro-vibes-auf-deine-sommer-ausfahrt","status":"publish","type":"post","link":"https:\/\/www.welovecycling.com\/de\/2025\/07\/11\/so-bringst-du-den-pro-vibes-auf-deine-sommer-ausfahrt\/","title":{"rendered":"So bringst du den Pro-Vibes auf deine Sommer-Ausfahrt"},"content":{"rendered":"<p data-start=\"204\" data-end=\"671\">Die Tour de France l\u00e4uft \u2013 und wie immer ist sie weit mehr als nur ein Rennen. Sie ist ein Rhythmus. Eine Stimmung. Ein dreiw\u00f6chiges Eintauchen in Ruhm, Herzschmerz, Leistungsdaten, Helikopterperspektiven und perfekt getimte Soli. F\u00fcr viele von uns definiert der Juli den Sommer: Die Tagesplanung richtet sich nach dem Etappenprofil, die Gruppenchats sind voll mit Taktik-Takes und jede Ausfahrt f\u00fchlt sich irgendwie so an, als w\u00e4ren wir ein bisschen Teil des Ganzen.<\/p>\n<p data-start=\"673\" data-end=\"1078\">Nat\u00fcrlich klettern die wenigsten von uns \u00fcber den Galibier oder sprinten \u00fcber die Champs-\u00c9lys\u00e9es. Aber ein bisschen vom Zauber des Profi-Pelotons l\u00e4sst sich trotzdem in den eigenen Rides einfangen. Ganz gleich, welcher Fahrtyp du bist \u2013 Romantiker:in, Zahlenmensch, Style-Ikone, T\u00fcftler:in oder Social Soul \u2013 irgendwo wartet dein ganz pers\u00f6nlicher Tour-Vibe auf dich. Hier erf\u00e4hrst du, wie du ihn findest.<\/p>\n<hr data-start=\"1080\" data-end=\"1083\" \/>\n<h3 data-start=\"1085\" data-end=\"1116\">Der Tr\u00e4umer \/ die Tr\u00e4umerin<\/h3>\n<p data-start=\"1118\" data-end=\"1484\">Du f\u00e4hrst aus Gef\u00fchl. Dir geht\u2019s nicht um KOMs oder Kadenzoptimierung \u2013 du bist dabei wegen der rauschenden Abfahrten, der langen Schatten \u00fcber leeren Stra\u00dfen, der Emotionen beim Zieleinlauf. Die Tour ist f\u00fcr dich Poesie in Bewegung. Du fieberst mit den Geschichten mit: Underdog-Attacken, Fans mit selbstgebastelten Schildern, Lavendelfelder und Burgen am Horizont.<\/p>\n<p data-start=\"1486\" data-end=\"1861\">Diesen Sommer musst du nicht nach Frankreich reisen, um deine Ausfahrten filmreif wirken zu lassen. Verpass deinem Standard-Loop etwas Storytelling, benenne deinen Hausberg nach einem gro\u00dfen Alpenpass und erobere ihn wie ein Etappenziel. Nimm den Umweg in Kauf, wenn er dich in die Golden Hour f\u00fchrt. Vergiss den Tacho. Lass die Beine entscheiden \u2013 wie auf einem langen Solo.<\/p>\n<p data-start=\"1863\" data-end=\"2053\">Und nach dem Ride? Schreib dir f\u00fcnf Minuten lang auf, wie es war. Nur f\u00fcr dich \u2013 als dein pers\u00f6nliches Etappen-Recap. Denn f\u00fcr Tr\u00e4umer:innen ist jede Ausfahrt Teil einer gr\u00f6\u00dferen Geschichte.<\/p>\n<p data-start=\"1863\" data-end=\"2053\">\n<p data-start=\"1863\" data-end=\"2053\">\n<blockquote class=\"instagram-media\" data-instgrm-captioned data-instgrm-permalink=\"https:\/\/www.instagram.com\/reel\/DLt2K1ko9I8\/?utm_source=ig_embed&amp;utm_campaign=loading\" data-instgrm-version=\"14\" style=\" background:#FFF; border:0; border-radius:3px; box-shadow:0 0 1px 0 rgba(0,0,0,0.5),0 1px 10px 0 rgba(0,0,0,0.15); margin: 1px; max-width:540px; min-width:326px; padding:0; width:99.375%; width:-webkit-calc(100% - 2px); width:calc(100% - 2px);\">\n<div style=\"padding:16px;\"> <a href=\"https:\/\/www.instagram.com\/reel\/DLt2K1ko9I8\/?utm_source=ig_embed&amp;utm_campaign=loading\" style=\" background:#FFFFFF; line-height:0; padding:0 0; text-align:center; text-decoration:none; width:100%;\" target=\"_blank\"> <\/p>\n<div style=\" display: flex; flex-direction: row; align-items: center;\">\n<div style=\"background-color: #F4F4F4; border-radius: 50%; flex-grow: 0; height: 40px; margin-right: 14px; width: 40px;\"><\/div>\n<div style=\"display: flex; flex-direction: column; flex-grow: 1; justify-content: center;\">\n<div style=\" background-color: #F4F4F4; border-radius: 4px; flex-grow: 0; height: 14px; margin-bottom: 6px; width: 100px;\"><\/div>\n<div style=\" background-color: #F4F4F4; border-radius: 4px; flex-grow: 0; height: 14px; width: 60px;\"><\/div>\n<\/div>\n<\/div>\n<div style=\"padding: 19% 0;\"><\/div>\n<div style=\"display:block; height:50px; margin:0 auto 12px; width:50px;\"><svg width=\"50px\" height=\"50px\" viewBox=\"0 0 60 60\" version=\"1.1\" xmlns=\"https:\/\/www.w3.org\/2000\/svg\" xmlns:xlink=\"https:\/\/www.w3.org\/1999\/xlink\"><g stroke=\"none\" stroke-width=\"1\" fill=\"none\" fill-rule=\"evenodd\"><g transform=\"translate(-511.000000, -20.000000)\" fill=\"#000000\"><g><path d=\"M556.869,30.41 C554.814,30.41 553.148,32.076 553.148,34.131 C553.148,36.186 554.814,37.852 556.869,37.852 C558.924,37.852 560.59,36.186 560.59,34.131 C560.59,32.076 558.924,30.41 556.869,30.41 M541,60.657 C535.114,60.657 530.342,55.887 530.342,50 C530.342,44.114 535.114,39.342 541,39.342 C546.887,39.342 551.658,44.114 551.658,50 C551.658,55.887 546.887,60.657 541,60.657 M541,33.886 C532.1,33.886 524.886,41.1 524.886,50 C524.886,58.899 532.1,66.113 541,66.113 C549.9,66.113 557.115,58.899 557.115,50 C557.115,41.1 549.9,33.886 541,33.886 M565.378,62.101 C565.244,65.022 564.756,66.606 564.346,67.663 C563.803,69.06 563.154,70.057 562.106,71.106 C561.058,72.155 560.06,72.803 558.662,73.347 C557.607,73.757 556.021,74.244 553.102,74.378 C549.944,74.521 548.997,74.552 541,74.552 C533.003,74.552 532.056,74.521 528.898,74.378 C525.979,74.244 524.393,73.757 523.338,73.347 C521.94,72.803 520.942,72.155 519.894,71.106 C518.846,70.057 518.197,69.06 517.654,67.663 C517.244,66.606 516.755,65.022 516.623,62.101 C516.479,58.943 516.448,57.996 516.448,50 C516.448,42.003 516.479,41.056 516.623,37.899 C516.755,34.978 517.244,33.391 517.654,32.338 C518.197,30.938 518.846,29.942 519.894,28.894 C520.942,27.846 521.94,27.196 523.338,26.654 C524.393,26.244 525.979,25.756 528.898,25.623 C532.057,25.479 533.004,25.448 541,25.448 C548.997,25.448 549.943,25.479 553.102,25.623 C556.021,25.756 557.607,26.244 558.662,26.654 C560.06,27.196 561.058,27.846 562.106,28.894 C563.154,29.942 563.803,30.938 564.346,32.338 C564.756,33.391 565.244,34.978 565.378,37.899 C565.522,41.056 565.552,42.003 565.552,50 C565.552,57.996 565.522,58.943 565.378,62.101 M570.82,37.631 C570.674,34.438 570.167,32.258 569.425,30.349 C568.659,28.377 567.633,26.702 565.965,25.035 C564.297,23.368 562.623,22.342 560.652,21.575 C558.743,20.834 556.562,20.326 553.369,20.18 C550.169,20.033 549.148,20 541,20 C532.853,20 531.831,20.033 528.631,20.18 C525.438,20.326 523.257,20.834 521.349,21.575 C519.376,22.342 517.703,23.368 516.035,25.035 C514.368,26.702 513.342,28.377 512.574,30.349 C511.834,32.258 511.326,34.438 511.181,37.631 C511.035,40.831 511,41.851 511,50 C511,58.147 511.035,59.17 511.181,62.369 C511.326,65.562 511.834,67.743 512.574,69.651 C513.342,71.625 514.368,73.296 516.035,74.965 C517.703,76.634 519.376,77.658 521.349,78.425 C523.257,79.167 525.438,79.673 528.631,79.82 C531.831,79.965 532.853,80.001 541,80.001 C549.148,80.001 550.169,79.965 553.369,79.82 C556.562,79.673 558.743,79.167 560.652,78.425 C562.623,77.658 564.297,76.634 565.965,74.965 C567.633,73.296 568.659,71.625 569.425,69.651 C570.167,67.743 570.674,65.562 570.82,62.369 C570.966,59.17 571,58.147 571,50 C571,41.851 570.966,40.831 570.82,37.631\"><\/path><\/g><\/g><\/g><\/svg><\/div>\n<div style=\"padding-top: 8px;\">\n<div style=\" color:#3897f0; font-family:Arial,sans-serif; font-size:14px; font-style:normal; font-weight:550; line-height:18px;\">Sieh dir diesen Beitrag auf Instagram an<\/div>\n<\/div>\n<div style=\"padding: 12.5% 0;\"><\/div>\n<div style=\"display: flex; flex-direction: row; margin-bottom: 14px; align-items: center;\">\n<div>\n<div style=\"background-color: #F4F4F4; border-radius: 50%; height: 12.5px; width: 12.5px; transform: translateX(0px) translateY(7px);\"><\/div>\n<div style=\"background-color: #F4F4F4; height: 12.5px; transform: rotate(-45deg) translateX(3px) translateY(1px); width: 12.5px; flex-grow: 0; margin-right: 14px; margin-left: 2px;\"><\/div>\n<div style=\"background-color: #F4F4F4; border-radius: 50%; height: 12.5px; width: 12.5px; transform: translateX(9px) translateY(-18px);\"><\/div>\n<\/div>\n<div style=\"margin-left: 8px;\">\n<div style=\" background-color: #F4F4F4; border-radius: 50%; flex-grow: 0; height: 20px; width: 20px;\"><\/div>\n<div style=\" width: 0; height: 0; border-top: 2px solid transparent; border-left: 6px solid #f4f4f4; border-bottom: 2px solid transparent; transform: translateX(16px) translateY(-4px) rotate(30deg)\"><\/div>\n<\/div>\n<div style=\"margin-left: auto;\">\n<div style=\" width: 0px; border-top: 8px solid #F4F4F4; border-right: 8px solid transparent; transform: translateY(16px);\"><\/div>\n<div style=\" background-color: #F4F4F4; flex-grow: 0; height: 12px; width: 16px; transform: translateY(-4px);\"><\/div>\n<div style=\" width: 0; height: 0; border-top: 8px solid #F4F4F4; border-left: 8px solid transparent; transform: translateY(-4px) translateX(8px);\"><\/div>\n<\/div>\n<\/div>\n<div style=\"display: flex; flex-direction: column; flex-grow: 1; justify-content: center; margin-bottom: 24px;\">\n<div style=\" background-color: #F4F4F4; border-radius: 4px; flex-grow: 0; height: 14px; margin-bottom: 6px; width: 224px;\"><\/div>\n<div style=\" background-color: #F4F4F4; border-radius: 4px; flex-grow: 0; height: 14px; width: 144px;\"><\/div>\n<\/div>\n<p><\/a><\/p>\n<p style=\" color:#c9c8cd; font-family:Arial,sans-serif; font-size:14px; line-height:17px; margin-bottom:0; margin-top:8px; overflow:hidden; padding:8px 0 7px; text-align:center; text-overflow:ellipsis; white-space:nowrap;\"><a href=\"https:\/\/www.instagram.com\/reel\/DLt2K1ko9I8\/?utm_source=ig_embed&amp;utm_campaign=loading\" style=\" color:#c9c8cd; font-family:Arial,sans-serif; font-size:14px; font-style:normal; font-weight:normal; line-height:17px; text-decoration:none;\" target=\"_blank\">Ein Beitrag geteilt von \u0160koda We Love Cycling (@wlcmagazine)<\/a><\/p>\n<\/div>\n<\/blockquote>\n<p><script async src=\"\/\/www.instagram.com\/embed.js\"><\/script><\/p>\n<hr data-start=\"2055\" data-end=\"2058\" \/>\n<h3 data-start=\"2060\" data-end=\"2078\">Der Datenfreak<\/h3>\n<p data-start=\"2080\" data-end=\"2323\">Du liebst Zahlen. Die <a href=\"https:\/\/www.letour.fr\/de\/\">Tour<\/a> ist dein Olympia \u2013 und gleichzeitig dein Excel-WM-Finale. Du kennst die W\/kg-Werte, Pulszonen, Aero-Werte, Reifendr\u00fccke. Und sobald Pogacar mit Negativ-Splits am Berg spielt, \u00fcberdenkst du schon deinen Trainingsplan.<\/p>\n<p data-start=\"2325\" data-end=\"2744\">Dieses Jahr baust du dir deinen eigenen Mini-Trainingsblock im Pro-Stil. Ziel: neue Powerzone erreichen, Trainingscamp light oder deine Sonntagsrunde als \u201eFlachetappe\u201c. Bergintervalle = Punchy Finish. Lange Ausfahrt = Breakaway-Simulation. Jede Einheit tracken, jede Verbesserung feiern. Denk dran: Wenn die am Alpe d\u2019Huez nach drei Wochen Vollgas noch angreifen, schaffst du auch eine Schwellen-Intervall vor dem B\u00fcro.<\/p>\n<p data-start=\"2746\" data-end=\"2909\">Du schaust die Tour nicht nur \u2013 du analysierst sie. Und mit der richtigen Planung wird dein Sommer ein Trainingsblock, den auch ein WorldTour-Coach abnicken w\u00fcrde.<\/p>\n<hr data-start=\"2911\" data-end=\"2914\" \/>\n<h3 data-start=\"2916\" data-end=\"2933\">Die \u00c4sthet:in<\/h3>\n<p data-start=\"2935\" data-end=\"3172\">Du wei\u00dft vielleicht nicht, wie viele Watt Jonas f\u00e4hrt, aber du kennst jede Sockenkombination im Peloton. Dein Bike ist Ausdruck deines Styles, dein Insta-Feed gleicht einem Lookbook. Dank dir putzen andere ihre R\u00e4der vor dem Gruppenride.<\/p>\n<p data-start=\"3174\" data-end=\"3557\">F\u00fcr Style-Fans ist die Tour ein \u00e4sthetisches Fest: Trikots, Bikes, Kulissen. Dieses Jahr: lass dich inspirieren. Stell dir deinen eigenen Juli-Look zusammen \u2013 wei\u00df auf wei\u00df f\u00fcr hei\u00dfe Tage, Retro-Cap f\u00fcr den Caf\u00e9-Stop, Team-Replica f\u00fcr den Fun-Ride. Plane eine Golden Hour-Fahrt \u2013 und nimm den Selfiestick mit. Wenn\u2019s Kopfsteinpflaster gibt, mach was draus. Drama, Licht, Pose, Klick.<\/p>\n<p data-start=\"3559\" data-end=\"3672\">Die Profis haben Fotograf:innen. Du hast dein Auge. Und deinen Vibe. Fahr so, als w\u00e4r dein Schatten der Rennmoto.<\/p>\n<hr data-start=\"3674\" data-end=\"3677\" \/>\n<h3 data-start=\"3679\" data-end=\"3703\">Der\/Die Schrauber:in<\/h3>\n<p data-start=\"3705\" data-end=\"3965\">Du f\u00e4hrst nicht nur \u2013 du schraubst, justierst, testest, polierst. W\u00e4hrend andere den Zielsprint feiern, checkst du Aerobar-Setups, Antriebsvarianten und den geheimen Laufradsatz in Etappe 5. F\u00fcr dich liegt die Spannung im Detail \u2013 zum Beispiel: H\u00e4lt die Kette?<\/p>\n<p data-start=\"3967\" data-end=\"4221\">Dein Moment: der Sommer. G\u00f6nn deinem Rad einen Komplettservice \u2013 neue Z\u00fcge, frisches Lenkerband, Testride in neuer Konfiguration. Die Tour zeigt: Jeder Marginal Gain z\u00e4hlt. Und nichts f\u00fchlt sich so gut an wie ein perfekt geschalteter Gang unter Volllast.<\/p>\n<p data-start=\"4223\" data-end=\"4362\">Wenn beim Kumpel das Tretlager knarzt, wei\u00dft du, was zu tun ist. Werkzeug raus. Du bist der Teamwagen. Du bist der stille Held des Sommers.<\/p>\n<hr data-start=\"4364\" data-end=\"4367\" \/>\n<h3 data-start=\"4369\" data-end=\"4393\">Der\/Die Social Rider<\/h3>\n<p data-start=\"4395\" data-end=\"4646\">Nicht jeder bekommt Tour-Fieber durch Wattzahlen oder Carbonteile. F\u00fcr dich z\u00e4hlt das gemeinsame Erlebnis: Gruppenchats explodieren zur Etappenanalyse, Watchpartys mit Diskussionen, Gruppenfahrten mit \u201eWir fahren nur locker \u2026 bis zum letzten Anstieg\u201c.<\/p>\n<p data-start=\"4648\" data-end=\"5012\">Du bist das soziale Herz deiner Crew \u2013 und der Sommer ist dein Spielfeld. Organisiere eine TdF-Ausfahrt, bei der jede:r ein Team repr\u00e4sentiert. Oder fahre eine lokale Version einer Etappe. Watchparty? Klar! Mit Croissants und Iso-Drinks. Oder veranstalte eine \u201eTour de [Stadtname]\u201c: mehrt\u00e4gige Mini-Challenge mit Sprintwertungen, Climber-Segmenten und Caf\u00e9-Zielen.<\/p>\n<p data-start=\"5014\" data-end=\"5173\">F\u00fcr dich ist Radfahren Teamsport \u2013 ganz ohne Podium. Du bringst die Stimmung, die Gespr\u00e4che, den Zusammenhalt. Wie im Peloton liegt deine Kraft im Miteinander.<\/p>\n<hr data-start=\"5175\" data-end=\"5178\" \/>\n<h3 data-start=\"5180\" data-end=\"5202\">Finde dein Peloton<\/h3>\n<p data-start=\"5204\" data-end=\"5636\">Das Beste an der Tour de France? Sie weckt etwas in uns allen. Du musst nicht rasiert oder 150 km am Tag fahren, um Teil davon zu sein. Vielleicht ist es der Moment, in dem du deinen Hausberg wie den <a href=\"https:\/\/www.welovecycling.com\/wide\/ride-tested\/col-du-tourmalet-lourdes-vorland-tourmalet-lourdes\/\">Tourmalet<\/a> erklimmst. Oder der Abend, an dem du deine Kette wachst, w\u00e4hrend die Profis sich f\u00fcrs Zeitfahren warmfahren. Vielleicht f\u00e4hrst du im Juli einfach ein paar Mal \u00f6fter \u2013 getragen von der Welle des gr\u00f6\u00dften Radrennens der Welt.<\/p>\n<p data-start=\"5638\" data-end=\"5761\">Egal, welcher Fahrtyp du bist \u2013 der Tour-Vibe geh\u00f6rt dir. Klick ein, w\u00e4hl deine Etappe und bring den Spirit auf die Stra\u00dfe.<\/p>\n","protected":false},"excerpt":{"rendered":"<p>Die Tour de France l\u00e4uft \u2013 und wie immer ist sie weit mehr als nur ein Rennen. Sie ist ein [&hellip;]<\/p>\n","protected":false},"author":115,"featured_media":11761,"comment_status":"open","ping_status":"open","sticky":false,"template":"","format":"standard","meta":{"footnotes":""},"categories":[1],"tags":[],"global-categories":[19],"class_list":["post-11760","post","type-post","status-publish","format-standard","has-post-thumbnail","hentry","category-allgemein","global-categories-cycling"],"yoast_head":"<!-- This site is optimized with the Yoast SEO Premium plugin v25.3 (Yoast SEO v25.9) - https:\/\/yoast.com\/wordpress\/plugins\/seo\/ -->\n<title>So bringst du den Pro-Vibes auf deine Sommer-Ausfahrt - \u0160koda We Love Cycling - Deutschland<\/title>\n<meta name=\"description\" content=\"Tour-Vibes f\u00fcr alle: So bringst du Profi-Flair auf deine Sommer-Ausfahrt \u2013 ob Tr\u00e4umer:in, Datenfreak oder Style-Ikone.\" \/>\n<meta name=\"robots\" content=\"index, follow, max-snippet:-1, max-image-preview:large, max-video-preview:-1\" \/>\n<link rel=\"canonical\" href=\"https:\/\/www.welovecycling.com\/de\/2025\/07\/11\/so-bringst-du-den-pro-vibes-auf-deine-sommer-ausfahrt\/\" \/>\n<meta property=\"og:locale\" content=\"de_DE\" \/>\n<meta property=\"og:type\" content=\"article\" \/>\n<meta property=\"og:title\" content=\"So bringst du den Pro-Vibes auf deine Sommer-Ausfahrt\" \/>\n<meta property=\"og:description\" content=\"Tour-Vibes f\u00fcr alle: So bringst du Profi-Flair auf deine Sommer-Ausfahrt \u2013 ob Tr\u00e4umer:in, Datenfreak oder Style-Ikone.\" \/>\n<meta property=\"og:url\" content=\"https:\/\/www.welovecycling.com\/de\/2025\/07\/11\/so-bringst-du-den-pro-vibes-auf-deine-sommer-ausfahrt\/\" \/>\n<meta property=\"og:site_name\" content=\"\u0160koda We Love Cycling - Deutschland\" \/>\n<meta property=\"article:published_time\" content=\"2025-07-11T09:24:19+00:00\" \/>\n<meta property=\"article:modified_time\" content=\"2025-07-11T09:26:18+00:00\" \/>\n<meta property=\"og:image\" content=\"https:\/\/d2p6e6u75xmxt8.cloudfront.net\/10\/2025\/07\/provibes.webp\" \/>\n\t<meta property=\"og:image:width\" content=\"983\" \/>\n\t<meta property=\"og:image:height\" content=\"654\" \/>\n\t<meta property=\"og:image:type\" content=\"image\/webp\" \/>\n<meta name=\"author\" content=\"jbraeker\" \/>\n<meta name=\"twitter:card\" content=\"summary_large_image\" \/>\n<meta name=\"twitter:label1\" content=\"Written by\" \/>\n\t<meta name=\"twitter:data1\" content=\"Megan Flottorp\" \/>\n\t<meta name=\"twitter:label2\" content=\"Est. reading time\" \/>\n\t<meta name=\"twitter:data2\" content=\"4\" \/>\n<script type=\"application\/ld+json\" class=\"yoast-schema-graph\">{\"@context\":\"https:\/\/schema.org\",\"@graph\":[{\"@type\":\"WebPage\",\"@id\":\"https:\/\/www.welovecycling.com\/de\/2025\/07\/11\/so-bringst-du-den-pro-vibes-auf-deine-sommer-ausfahrt\/\",\"url\":\"https:\/\/www.welovecycling.com\/de\/2025\/07\/11\/so-bringst-du-den-pro-vibes-auf-deine-sommer-ausfahrt\/\",\"name\":\"So bringst du den Pro-Vibes auf deine Sommer-Ausfahrt - \u0160koda We Love Cycling - Deutschland\",\"isPartOf\":{\"@id\":\"https:\/\/www.welovecycling.com\/de\/#website\"},\"primaryImageOfPage\":{\"@id\":\"https:\/\/www.welovecycling.com\/de\/2025\/07\/11\/so-bringst-du-den-pro-vibes-auf-deine-sommer-ausfahrt\/#primaryimage\"},\"image\":{\"@id\":\"https:\/\/www.welovecycling.com\/de\/2025\/07\/11\/so-bringst-du-den-pro-vibes-auf-deine-sommer-ausfahrt\/#primaryimage\"},\"thumbnailUrl\":\"https:\/\/d2p6e6u75xmxt8.cloudfront.net\/10\/2025\/07\/provibes.webp\",\"datePublished\":\"2025-07-11T09:24:19+00:00\",\"dateModified\":\"2025-07-11T09:26:18+00:00\",\"author\":{\"@id\":\"https:\/\/www.welovecycling.com\/de\/#\/schema\/person\/915694b3c8d0de9019932587781ba6b3\"},\"description\":\"Tour-Vibes f\u00fcr alle: So bringst du Profi-Flair auf deine Sommer-Ausfahrt \u2013 ob Tr\u00e4umer:in, Datenfreak oder Style-Ikone.\",\"breadcrumb\":{\"@id\":\"https:\/\/www.welovecycling.com\/de\/2025\/07\/11\/so-bringst-du-den-pro-vibes-auf-deine-sommer-ausfahrt\/#breadcrumb\"},\"inLanguage\":\"de-DE\",\"potentialAction\":[{\"@type\":\"ReadAction\",\"target\":[\"https:\/\/www.welovecycling.com\/de\/2025\/07\/11\/so-bringst-du-den-pro-vibes-auf-deine-sommer-ausfahrt\/\"]}]},{\"@type\":\"ImageObject\",\"inLanguage\":\"de-DE\",\"@id\":\"https:\/\/www.welovecycling.com\/de\/2025\/07\/11\/so-bringst-du-den-pro-vibes-auf-deine-sommer-ausfahrt\/#primaryimage\",\"url\":\"https:\/\/d2p6e6u75xmxt8.cloudfront.net\/10\/2025\/07\/provibes.webp\",\"contentUrl\":\"https:\/\/d2p6e6u75xmxt8.cloudfront.net\/10\/2025\/07\/provibes.webp\",\"width\":983,\"height\":654},{\"@type\":\"BreadcrumbList\",\"@id\":\"https:\/\/www.welovecycling.com\/de\/2025\/07\/11\/so-bringst-du-den-pro-vibes-auf-deine-sommer-ausfahrt\/#breadcrumb\",\"itemListElement\":[{\"@type\":\"ListItem\",\"position\":1,\"name\":\"Home\",\"item\":\"https:\/\/www.welovecycling.com\/de\/\"},{\"@type\":\"ListItem\",\"position\":2,\"name\":\"So bringst du den Pro-Vibes auf deine Sommer-Ausfahrt\"}]},{\"@type\":\"WebSite\",\"@id\":\"https:\/\/www.welovecycling.com\/de\/#website\",\"url\":\"https:\/\/www.welovecycling.com\/de\/\",\"name\":\"\u0160koda We Love Cycling - Deutschland\",\"description\":\"Just another \u0160koda WeLoveCycling Sites site\",\"potentialAction\":[{\"@type\":\"SearchAction\",\"target\":{\"@type\":\"EntryPoint\",\"urlTemplate\":\"https:\/\/www.welovecycling.com\/de\/?s={search_term_string}\"},\"query-input\":{\"@type\":\"PropertyValueSpecification\",\"valueRequired\":true,\"valueName\":\"search_term_string\"}}],\"inLanguage\":\"de-DE\"},{\"@type\":\"Person\",\"@id\":\"https:\/\/www.welovecycling.com\/de\/#\/schema\/person\/915694b3c8d0de9019932587781ba6b3\",\"name\":\"jbraeker\",\"image\":{\"@type\":\"ImageObject\",\"inLanguage\":\"de-DE\",\"@id\":\"https:\/\/www.welovecycling.com\/de\/#\/schema\/person\/image\/\",\"url\":\"https:\/\/secure.gravatar.com\/avatar\/8b4aea90e4535aae30b5b720249e5b723ae59fcf3d54757dd8b748d97b46d3c9?s=96&d=mm&r=g\",\"contentUrl\":\"https:\/\/secure.gravatar.com\/avatar\/8b4aea90e4535aae30b5b720249e5b723ae59fcf3d54757dd8b748d97b46d3c9?s=96&d=mm&r=g\",\"caption\":\"jbraeker\"},\"url\":\"https:\/\/www.welovecycling.com\/de\/author\/jbraeker\/\"}]}<\/script>\n<!-- \/ Yoast SEO Premium plugin. -->","yoast_head_json":{"title":"So bringst du den Pro-Vibes auf deine Sommer-Ausfahrt - \u0160koda We Love Cycling - Deutschland","description":"Tour-Vibes f\u00fcr alle: So bringst du Profi-Flair auf deine Sommer-Ausfahrt \u2013 ob Tr\u00e4umer:in, Datenfreak oder Style-Ikone.","robots":{"index":"index","follow":"follow","max-snippet":"max-snippet:-1","max-image-preview":"max-image-preview:large","max-video-preview":"max-video-preview:-1"},"canonical":"https:\/\/www.welovecycling.com\/de\/2025\/07\/11\/so-bringst-du-den-pro-vibes-auf-deine-sommer-ausfahrt\/","og_locale":"de_DE","og_type":"article","og_title":"So bringst du den Pro-Vibes auf deine Sommer-Ausfahrt","og_description":"Tour-Vibes f\u00fcr alle: So bringst du Profi-Flair auf deine Sommer-Ausfahrt \u2013 ob Tr\u00e4umer:in, Datenfreak oder Style-Ikone.","og_url":"https:\/\/www.welovecycling.com\/de\/2025\/07\/11\/so-bringst-du-den-pro-vibes-auf-deine-sommer-ausfahrt\/","og_site_name":"\u0160koda We Love Cycling - Deutschland","article_published_time":"2025-07-11T09:24:19+00:00","article_modified_time":"2025-07-11T09:26:18+00:00","og_image":[{"width":983,"height":654,"url":"https:\/\/d2p6e6u75xmxt8.cloudfront.net\/10\/2025\/07\/provibes.webp","type":"image\/webp"}],"author":"jbraeker","twitter_card":"summary_large_image","twitter_misc":{"Written by":"Megan Flottorp","Est. reading time":"4"},"schema":{"@context":"https:\/\/schema.org","@graph":[{"@type":"WebPage","@id":"https:\/\/www.welovecycling.com\/de\/2025\/07\/11\/so-bringst-du-den-pro-vibes-auf-deine-sommer-ausfahrt\/","url":"https:\/\/www.welovecycling.com\/de\/2025\/07\/11\/so-bringst-du-den-pro-vibes-auf-deine-sommer-ausfahrt\/","name":"So bringst du den Pro-Vibes auf deine Sommer-Ausfahrt - \u0160koda We Love Cycling - Deutschland","isPartOf":{"@id":"https:\/\/www.welovecycling.com\/de\/#website"},"primaryImageOfPage":{"@id":"https:\/\/www.welovecycling.com\/de\/2025\/07\/11\/so-bringst-du-den-pro-vibes-auf-deine-sommer-ausfahrt\/#primaryimage"},"image":{"@id":"https:\/\/www.welovecycling.com\/de\/2025\/07\/11\/so-bringst-du-den-pro-vibes-auf-deine-sommer-ausfahrt\/#primaryimage"},"thumbnailUrl":"https:\/\/d2p6e6u75xmxt8.cloudfront.net\/10\/2025\/07\/provibes.webp","datePublished":"2025-07-11T09:24:19+00:00","dateModified":"2025-07-11T09:26:18+00:00","author":{"@id":"https:\/\/www.welovecycling.com\/de\/#\/schema\/person\/915694b3c8d0de9019932587781ba6b3"},"description":"Tour-Vibes f\u00fcr alle: So bringst du Profi-Flair auf deine Sommer-Ausfahrt \u2013 ob Tr\u00e4umer:in, Datenfreak oder Style-Ikone.","breadcrumb":{"@id":"https:\/\/www.welovecycling.com\/de\/2025\/07\/11\/so-bringst-du-den-pro-vibes-auf-deine-sommer-ausfahrt\/#breadcrumb"},"inLanguage":"de-DE","potentialAction":[{"@type":"ReadAction","target":["https:\/\/www.welovecycling.com\/de\/2025\/07\/11\/so-bringst-du-den-pro-vibes-auf-deine-sommer-ausfahrt\/"]}]},{"@type":"ImageObject","inLanguage":"de-DE","@id":"https:\/\/www.welovecycling.com\/de\/2025\/07\/11\/so-bringst-du-den-pro-vibes-auf-deine-sommer-ausfahrt\/#primaryimage","url":"https:\/\/d2p6e6u75xmxt8.cloudfront.net\/10\/2025\/07\/provibes.webp","contentUrl":"https:\/\/d2p6e6u75xmxt8.cloudfront.net\/10\/2025\/07\/provibes.webp","width":983,"height":654},{"@type":"BreadcrumbList","@id":"https:\/\/www.welovecycling.com\/de\/2025\/07\/11\/so-bringst-du-den-pro-vibes-auf-deine-sommer-ausfahrt\/#breadcrumb","itemListElement":[{"@type":"ListItem","position":1,"name":"Home","item":"https:\/\/www.welovecycling.com\/de\/"},{"@type":"ListItem","position":2,"name":"So bringst du den Pro-Vibes auf deine Sommer-Ausfahrt"}]},{"@type":"WebSite","@id":"https:\/\/www.welovecycling.com\/de\/#website","url":"https:\/\/www.welovecycling.com\/de\/","name":"\u0160koda We Love Cycling - Deutschland","description":"Just another \u0160koda WeLoveCycling Sites site","potentialAction":[{"@type":"SearchAction","target":{"@type":"EntryPoint","urlTemplate":"https:\/\/www.welovecycling.com\/de\/?s={search_term_string}"},"query-input":{"@type":"PropertyValueSpecification","valueRequired":true,"valueName":"search_term_string"}}],"inLanguage":"de-DE"},{"@type":"Person","@id":"https:\/\/www.welovecycling.com\/de\/#\/schema\/person\/915694b3c8d0de9019932587781ba6b3","name":"jbraeker","image":{"@type":"ImageObject","inLanguage":"de-DE","@id":"https:\/\/www.welovecycling.com\/de\/#\/schema\/person\/image\/","url":"https:\/\/secure.gravatar.com\/avatar\/8b4aea90e4535aae30b5b720249e5b723ae59fcf3d54757dd8b748d97b46d3c9?s=96&d=mm&r=g","contentUrl":"https:\/\/secure.gravatar.com\/avatar\/8b4aea90e4535aae30b5b720249e5b723ae59fcf3d54757dd8b748d97b46d3c9?s=96&d=mm&r=g","caption":"jbraeker"},"url":"https:\/\/www.welovecycling.com\/de\/author\/jbraeker\/"}]}},"_links":{"self":[{"href":"https:\/\/www.welovecycling.com\/de\/wp-json\/wp\/v2\/posts\/11760","targetHints":{"allow":["GET"]}}],"collection":[{"href":"https:\/\/www.welovecycling.com\/de\/wp-json\/wp\/v2\/posts"}],"about":[{"href":"https:\/\/www.welovecycling.com\/de\/wp-json\/wp\/v2\/types\/post"}],"author":[{"embeddable":true,"href":"https:\/\/www.welovecycling.com\/de\/wp-json\/wp\/v2\/users\/115"}],"replies":[{"embeddable":true,"href":"https:\/\/www.welovecycling.com\/de\/wp-json\/wp\/v2\/comments?post=11760"}],"version-history":[{"count":1,"href":"https:\/\/www.welovecycling.com\/de\/wp-json\/wp\/v2\/posts\/11760\/revisions"}],"predecessor-version":[{"id":11762,"href":"https:\/\/www.welovecycling.com\/de\/wp-json\/wp\/v2\/posts\/11760\/revisions\/11762"}],"wp:featuredmedia":[{"embeddable":true,"href":"https:\/\/www.welovecycling.com\/de\/wp-json\/wp\/v2\/media\/11761"}],"wp:attachment":[{"href":"https:\/\/www.welovecycling.com\/de\/wp-json\/wp\/v2\/media?parent=11760"}],"wp:term":[{"taxonomy":"category","embeddable":true,"href":"https:\/\/www.welovecycling.com\/de\/wp-json\/wp\/v2\/categories?post=11760"},{"taxonomy":"post_tag","embeddable":true,"href":"https:\/\/www.welovecycling.com\/de\/wp-json\/wp\/v2\/tags?post=11760"},{"taxonomy":"global-categories","embeddable":true,"href":"https:\/\/www.welovecycling.com\/de\/wp-json\/wp\/v2\/global-categories?post=11760"}],"curies":[{"name":"wp","href":"https:\/\/api.w.org\/{rel}","templated":true}]}}