{"id":11754,"date":"2025-07-10T08:37:23","date_gmt":"2025-07-10T07:37:23","guid":{"rendered":"https:\/\/www.welovecycling.com\/de\/?p=11754"},"modified":"2025-07-10T08:37:23","modified_gmt":"2025-07-10T07:37:23","slug":"simon-donnellan-ueber-skodas-vip-erlebnis-bei-der-tour-de-france-die-fans-lachen-so-viel-dass-ihnen-der-kiefer-schmerzt","status":"publish","type":"post","link":"https:\/\/www.welovecycling.com\/de\/2025\/07\/10\/simon-donnellan-ueber-skodas-vip-erlebnis-bei-der-tour-de-france-die-fans-lachen-so-viel-dass-ihnen-der-kiefer-schmerzt\/","title":{"rendered":"Simon Donnellan \u00fcber \u0160kodas VIP-Erlebnis bei der Tour de France: \u201eDie Fans lachen so viel, dass ihnen der Kiefer schmerzt.\u201c"},"content":{"rendered":"<p>Es ist unumstritten, dass die Begeisterung der Fans ma\u00dfgeblich zur Atmosph\u00e4re und Beliebtheit jeder Sportveranstaltung beitr\u00e4gt \u2013 und die Tour de France ist eines der besten Beispiele daf\u00fcr.<\/p>\n<p>Deshalb hat Matt Stephens in der neuesten Folge des \u0160koda We Love Cycling Podcasts einen besonderen Gast in das virtuelle Studio eingeladen: Simon Donnellan, einer der \u201eMenschen vor Ort\u201c, die sich um das Fanerlebnis bei der Tour k\u00fcmmern.<\/p>\n<p><iframe loading=\"lazy\" style=\"border-radius: 12px;\" src=\"https:\/\/open.spotify.com\/embed\/episode\/0EkAGC31bmO93SRBiALTyr?utm_source=generator\" width=\"100%\" height=\"352\" frameborder=\"0\" allowfullscreen=\"allowfullscreen\"><\/iframe><\/p>\n<p>Simon Donnellan leitet das \u0160koda VIP-Erlebnis bei der Tour, organisiert das \u0160koda Hospitality-Programm f\u00fcr die Gewinner:innen unseres <a href=\"https:\/\/www.welovecycling.com\/de\/tour-de-france-2025\/\">j\u00e4hrlichen Tour-Gewinnspiels<\/a> und war bereits 20 Mal bei der Tour de France dabei. Seine Leidenschaft f\u00fcrs Radfahren begann schon in seiner Jugend, und bereits in seinen Zwanzigern war er im britischen Profi-Radsportmanagement aktiv.<\/p>\n<p>In dieser Episode sprechen Matt und Simon \u00fcber Simons erste Ber\u00fchrungspunkte mit dem Radsport und der Tour, dar\u00fcber, wie es sich anf\u00fchlt, wenn G\u00e4ste beim \u0160koda VIP-Erlebnis vor Freude strahlen, \u00fcber das gewaltige Wachstum der Tour de France und der Tour de France Femmes avec Zwift, warum die Fans \u201eabsolut essenziell\u201c sind, was genau passiert, wenn man das \u201eGoldene Ticket\u201c zum Besuch der Tour mit dem \u0160koda Hospitality-Team gewinnt \u2013 und vieles mehr.<\/p>\n","protected":false},"excerpt":{"rendered":"<p>Es ist unumstritten, dass die Begeisterung der Fans ma\u00dfgeblich zur Atmosph\u00e4re und Beliebtheit jeder Sportveranstaltung beitr\u00e4gt \u2013 und die Tour [&hellip;]<\/p>\n","protected":false},"author":115,"featured_media":11755,"comment_status":"open","ping_status":"open","sticky":false,"template":"","format":"standard","meta":{"footnotes":""},"categories":[1],"tags":[],"global-categories":[19],"class_list":["post-11754","post","type-post","status-publish","format-standard","has-post-thumbnail","hentry","category-allgemein","global-categories-cycling"],"yoast_head":"<!-- This site is optimized with the Yoast SEO Premium plugin v25.3 (Yoast SEO v25.9) - https:\/\/yoast.com\/wordpress\/plugins\/seo\/ -->\n<title>Simon Donnellan \u00fcber \u0160kodas VIP-Erlebnis bei der Tour de France: \u201eDie Fans lachen so viel, dass ihnen der Kiefer schmerzt.\u201c - \u0160koda We Love Cycling - Deutschland<\/title>\n<meta name=\"description\" content=\"Simon Donnellan organisiert das \u0160koda VIP-Erlebnis bei der Tour de France. Im Podcast mit Matt Stephens spricht er \u00fcber strahlende Fan-Gesichter, goldene Tickets und die besondere Magie der Tour.\" \/>\n<meta name=\"robots\" content=\"index, follow, max-snippet:-1, max-image-preview:large, max-video-preview:-1\" \/>\n<link rel=\"canonical\" href=\"https:\/\/www.welovecycling.com\/de\/2025\/07\/10\/simon-donnellan-ueber-skodas-vip-erlebnis-bei-der-tour-de-france-die-fans-lachen-so-viel-dass-ihnen-der-kiefer-schmerzt\/\" \/>\n<meta property=\"og:locale\" content=\"de_DE\" \/>\n<meta property=\"og:type\" content=\"article\" \/>\n<meta property=\"og:title\" content=\"Simon Donnellan \u00fcber \u0160kodas VIP-Erlebnis bei der Tour de France: \u201eDie Fans lachen so viel, dass ihnen der Kiefer schmerzt.\u201c\" \/>\n<meta property=\"og:description\" content=\"Simon Donnellan organisiert das \u0160koda VIP-Erlebnis bei der Tour de France. Im Podcast mit Matt Stephens spricht er \u00fcber strahlende Fan-Gesichter, goldene Tickets und die besondere Magie der Tour.\" \/>\n<meta property=\"og:url\" content=\"https:\/\/www.welovecycling.com\/de\/2025\/07\/10\/simon-donnellan-ueber-skodas-vip-erlebnis-bei-der-tour-de-france-die-fans-lachen-so-viel-dass-ihnen-der-kiefer-schmerzt\/\" \/>\n<meta property=\"og:site_name\" content=\"\u0160koda We Love Cycling - Deutschland\" \/>\n<meta property=\"article:published_time\" content=\"2025-07-10T07:37:23+00:00\" \/>\n<meta property=\"og:image\" content=\"https:\/\/d2p6e6u75xmxt8.cloudfront.net\/10\/2025\/07\/simon-donnellan.webp\" \/>\n\t<meta property=\"og:image:width\" content=\"986\" \/>\n\t<meta property=\"og:image:height\" content=\"550\" \/>\n\t<meta property=\"og:image:type\" content=\"image\/webp\" \/>\n<meta name=\"author\" content=\"jbraeker\" \/>\n<meta name=\"twitter:card\" content=\"summary_large_image\" \/>\n<meta name=\"twitter:label1\" content=\"Written by\" \/>\n\t<meta name=\"twitter:data1\" content=\"We Love Cycling\" \/>\n\t<meta name=\"twitter:label2\" content=\"Est. reading time\" \/>\n\t<meta name=\"twitter:data2\" content=\"2\" \/>\n<script type=\"application\/ld+json\" class=\"yoast-schema-graph\">{\"@context\":\"https:\/\/schema.org\",\"@graph\":[{\"@type\":\"WebPage\",\"@id\":\"https:\/\/www.welovecycling.com\/de\/2025\/07\/10\/simon-donnellan-ueber-skodas-vip-erlebnis-bei-der-tour-de-france-die-fans-lachen-so-viel-dass-ihnen-der-kiefer-schmerzt\/\",\"url\":\"https:\/\/www.welovecycling.com\/de\/2025\/07\/10\/simon-donnellan-ueber-skodas-vip-erlebnis-bei-der-tour-de-france-die-fans-lachen-so-viel-dass-ihnen-der-kiefer-schmerzt\/\",\"name\":\"Simon Donnellan \u00fcber \u0160kodas VIP-Erlebnis bei der Tour de France: \u201eDie Fans lachen so viel, dass ihnen der Kiefer schmerzt.\u201c - \u0160koda We Love Cycling - Deutschland\",\"isPartOf\":{\"@id\":\"https:\/\/www.welovecycling.com\/de\/#website\"},\"primaryImageOfPage\":{\"@id\":\"https:\/\/www.welovecycling.com\/de\/2025\/07\/10\/simon-donnellan-ueber-skodas-vip-erlebnis-bei-der-tour-de-france-die-fans-lachen-so-viel-dass-ihnen-der-kiefer-schmerzt\/#primaryimage\"},\"image\":{\"@id\":\"https:\/\/www.welovecycling.com\/de\/2025\/07\/10\/simon-donnellan-ueber-skodas-vip-erlebnis-bei-der-tour-de-france-die-fans-lachen-so-viel-dass-ihnen-der-kiefer-schmerzt\/#primaryimage\"},\"thumbnailUrl\":\"https:\/\/d2p6e6u75xmxt8.cloudfront.net\/10\/2025\/07\/simon-donnellan.webp\",\"datePublished\":\"2025-07-10T07:37:23+00:00\",\"author\":{\"@id\":\"https:\/\/www.welovecycling.com\/de\/#\/schema\/person\/915694b3c8d0de9019932587781ba6b3\"},\"description\":\"Simon Donnellan organisiert das \u0160koda VIP-Erlebnis bei der Tour de France. Im Podcast mit Matt Stephens spricht er \u00fcber strahlende Fan-Gesichter, goldene Tickets und die besondere Magie der Tour.\",\"breadcrumb\":{\"@id\":\"https:\/\/www.welovecycling.com\/de\/2025\/07\/10\/simon-donnellan-ueber-skodas-vip-erlebnis-bei-der-tour-de-france-die-fans-lachen-so-viel-dass-ihnen-der-kiefer-schmerzt\/#breadcrumb\"},\"inLanguage\":\"de-DE\",\"potentialAction\":[{\"@type\":\"ReadAction\",\"target\":[\"https:\/\/www.welovecycling.com\/de\/2025\/07\/10\/simon-donnellan-ueber-skodas-vip-erlebnis-bei-der-tour-de-france-die-fans-lachen-so-viel-dass-ihnen-der-kiefer-schmerzt\/\"]}]},{\"@type\":\"ImageObject\",\"inLanguage\":\"de-DE\",\"@id\":\"https:\/\/www.welovecycling.com\/de\/2025\/07\/10\/simon-donnellan-ueber-skodas-vip-erlebnis-bei-der-tour-de-france-die-fans-lachen-so-viel-dass-ihnen-der-kiefer-schmerzt\/#primaryimage\",\"url\":\"https:\/\/d2p6e6u75xmxt8.cloudfront.net\/10\/2025\/07\/simon-donnellan.webp\",\"contentUrl\":\"https:\/\/d2p6e6u75xmxt8.cloudfront.net\/10\/2025\/07\/simon-donnellan.webp\",\"width\":986,\"height\":550},{\"@type\":\"BreadcrumbList\",\"@id\":\"https:\/\/www.welovecycling.com\/de\/2025\/07\/10\/simon-donnellan-ueber-skodas-vip-erlebnis-bei-der-tour-de-france-die-fans-lachen-so-viel-dass-ihnen-der-kiefer-schmerzt\/#breadcrumb\",\"itemListElement\":[{\"@type\":\"ListItem\",\"position\":1,\"name\":\"Home\",\"item\":\"https:\/\/www.welovecycling.com\/de\/\"},{\"@type\":\"ListItem\",\"position\":2,\"name\":\"Simon Donnellan \u00fcber \u0160kodas VIP-Erlebnis bei der Tour de France: \u201eDie Fans lachen so viel, dass ihnen der Kiefer schmerzt.\u201c\"}]},{\"@type\":\"WebSite\",\"@id\":\"https:\/\/www.welovecycling.com\/de\/#website\",\"url\":\"https:\/\/www.welovecycling.com\/de\/\",\"name\":\"\u0160koda We Love Cycling - Deutschland\",\"description\":\"Just another \u0160koda WeLoveCycling Sites site\",\"potentialAction\":[{\"@type\":\"SearchAction\",\"target\":{\"@type\":\"EntryPoint\",\"urlTemplate\":\"https:\/\/www.welovecycling.com\/de\/?s={search_term_string}\"},\"query-input\":{\"@type\":\"PropertyValueSpecification\",\"valueRequired\":true,\"valueName\":\"search_term_string\"}}],\"inLanguage\":\"de-DE\"},{\"@type\":\"Person\",\"@id\":\"https:\/\/www.welovecycling.com\/de\/#\/schema\/person\/915694b3c8d0de9019932587781ba6b3\",\"name\":\"jbraeker\",\"image\":{\"@type\":\"ImageObject\",\"inLanguage\":\"de-DE\",\"@id\":\"https:\/\/www.welovecycling.com\/de\/#\/schema\/person\/image\/\",\"url\":\"https:\/\/secure.gravatar.com\/avatar\/8b4aea90e4535aae30b5b720249e5b723ae59fcf3d54757dd8b748d97b46d3c9?s=96&d=mm&r=g\",\"contentUrl\":\"https:\/\/secure.gravatar.com\/avatar\/8b4aea90e4535aae30b5b720249e5b723ae59fcf3d54757dd8b748d97b46d3c9?s=96&d=mm&r=g\",\"caption\":\"jbraeker\"},\"url\":\"https:\/\/www.welovecycling.com\/de\/author\/jbraeker\/\"}]}<\/script>\n<!-- \/ Yoast SEO Premium plugin. -->","yoast_head_json":{"title":"Simon Donnellan \u00fcber \u0160kodas VIP-Erlebnis bei der Tour de France: \u201eDie Fans lachen so viel, dass ihnen der Kiefer schmerzt.\u201c - \u0160koda We Love Cycling - Deutschland","description":"Simon Donnellan organisiert das \u0160koda VIP-Erlebnis bei der Tour de France. Im Podcast mit Matt Stephens spricht er \u00fcber strahlende Fan-Gesichter, goldene Tickets und die besondere Magie der Tour.","robots":{"index":"index","follow":"follow","max-snippet":"max-snippet:-1","max-image-preview":"max-image-preview:large","max-video-preview":"max-video-preview:-1"},"canonical":"https:\/\/www.welovecycling.com\/de\/2025\/07\/10\/simon-donnellan-ueber-skodas-vip-erlebnis-bei-der-tour-de-france-die-fans-lachen-so-viel-dass-ihnen-der-kiefer-schmerzt\/","og_locale":"de_DE","og_type":"article","og_title":"Simon Donnellan \u00fcber \u0160kodas VIP-Erlebnis bei der Tour de France: \u201eDie Fans lachen so viel, dass ihnen der Kiefer schmerzt.\u201c","og_description":"Simon Donnellan organisiert das \u0160koda VIP-Erlebnis bei der Tour de France. Im Podcast mit Matt Stephens spricht er \u00fcber strahlende Fan-Gesichter, goldene Tickets und die besondere Magie der Tour.","og_url":"https:\/\/www.welovecycling.com\/de\/2025\/07\/10\/simon-donnellan-ueber-skodas-vip-erlebnis-bei-der-tour-de-france-die-fans-lachen-so-viel-dass-ihnen-der-kiefer-schmerzt\/","og_site_name":"\u0160koda We Love Cycling - Deutschland","article_published_time":"2025-07-10T07:37:23+00:00","og_image":[{"width":986,"height":550,"url":"https:\/\/d2p6e6u75xmxt8.cloudfront.net\/10\/2025\/07\/simon-donnellan.webp","type":"image\/webp"}],"author":"jbraeker","twitter_card":"summary_large_image","twitter_misc":{"Written by":"We Love Cycling","Est. reading time":"2"},"schema":{"@context":"https:\/\/schema.org","@graph":[{"@type":"WebPage","@id":"https:\/\/www.welovecycling.com\/de\/2025\/07\/10\/simon-donnellan-ueber-skodas-vip-erlebnis-bei-der-tour-de-france-die-fans-lachen-so-viel-dass-ihnen-der-kiefer-schmerzt\/","url":"https:\/\/www.welovecycling.com\/de\/2025\/07\/10\/simon-donnellan-ueber-skodas-vip-erlebnis-bei-der-tour-de-france-die-fans-lachen-so-viel-dass-ihnen-der-kiefer-schmerzt\/","name":"Simon Donnellan \u00fcber \u0160kodas VIP-Erlebnis bei der Tour de France: \u201eDie Fans lachen so viel, dass ihnen der Kiefer schmerzt.\u201c - \u0160koda We Love Cycling - Deutschland","isPartOf":{"@id":"https:\/\/www.welovecycling.com\/de\/#website"},"primaryImageOfPage":{"@id":"https:\/\/www.welovecycling.com\/de\/2025\/07\/10\/simon-donnellan-ueber-skodas-vip-erlebnis-bei-der-tour-de-france-die-fans-lachen-so-viel-dass-ihnen-der-kiefer-schmerzt\/#primaryimage"},"image":{"@id":"https:\/\/www.welovecycling.com\/de\/2025\/07\/10\/simon-donnellan-ueber-skodas-vip-erlebnis-bei-der-tour-de-france-die-fans-lachen-so-viel-dass-ihnen-der-kiefer-schmerzt\/#primaryimage"},"thumbnailUrl":"https:\/\/d2p6e6u75xmxt8.cloudfront.net\/10\/2025\/07\/simon-donnellan.webp","datePublished":"2025-07-10T07:37:23+00:00","author":{"@id":"https:\/\/www.welovecycling.com\/de\/#\/schema\/person\/915694b3c8d0de9019932587781ba6b3"},"description":"Simon Donnellan organisiert das \u0160koda VIP-Erlebnis bei der Tour de France. Im Podcast mit Matt Stephens spricht er \u00fcber strahlende Fan-Gesichter, goldene Tickets und die besondere Magie der Tour.","breadcrumb":{"@id":"https:\/\/www.welovecycling.com\/de\/2025\/07\/10\/simon-donnellan-ueber-skodas-vip-erlebnis-bei-der-tour-de-france-die-fans-lachen-so-viel-dass-ihnen-der-kiefer-schmerzt\/#breadcrumb"},"inLanguage":"de-DE","potentialAction":[{"@type":"ReadAction","target":["https:\/\/www.welovecycling.com\/de\/2025\/07\/10\/simon-donnellan-ueber-skodas-vip-erlebnis-bei-der-tour-de-france-die-fans-lachen-so-viel-dass-ihnen-der-kiefer-schmerzt\/"]}]},{"@type":"ImageObject","inLanguage":"de-DE","@id":"https:\/\/www.welovecycling.com\/de\/2025\/07\/10\/simon-donnellan-ueber-skodas-vip-erlebnis-bei-der-tour-de-france-die-fans-lachen-so-viel-dass-ihnen-der-kiefer-schmerzt\/#primaryimage","url":"https:\/\/d2p6e6u75xmxt8.cloudfront.net\/10\/2025\/07\/simon-donnellan.webp","contentUrl":"https:\/\/d2p6e6u75xmxt8.cloudfront.net\/10\/2025\/07\/simon-donnellan.webp","width":986,"height":550},{"@type":"BreadcrumbList","@id":"https:\/\/www.welovecycling.com\/de\/2025\/07\/10\/simon-donnellan-ueber-skodas-vip-erlebnis-bei-der-tour-de-france-die-fans-lachen-so-viel-dass-ihnen-der-kiefer-schmerzt\/#breadcrumb","itemListElement":[{"@type":"ListItem","position":1,"name":"Home","item":"https:\/\/www.welovecycling.com\/de\/"},{"@type":"ListItem","position":2,"name":"Simon Donnellan \u00fcber \u0160kodas VIP-Erlebnis bei der Tour de France: \u201eDie Fans lachen so viel, dass ihnen der Kiefer schmerzt.\u201c"}]},{"@type":"WebSite","@id":"https:\/\/www.welovecycling.com\/de\/#website","url":"https:\/\/www.welovecycling.com\/de\/","name":"\u0160koda We Love Cycling - Deutschland","description":"Just another \u0160koda WeLoveCycling Sites site","potentialAction":[{"@type":"SearchAction","target":{"@type":"EntryPoint","urlTemplate":"https:\/\/www.welovecycling.com\/de\/?s={search_term_string}"},"query-input":{"@type":"PropertyValueSpecification","valueRequired":true,"valueName":"search_term_string"}}],"inLanguage":"de-DE"},{"@type":"Person","@id":"https:\/\/www.welovecycling.com\/de\/#\/schema\/person\/915694b3c8d0de9019932587781ba6b3","name":"jbraeker","image":{"@type":"ImageObject","inLanguage":"de-DE","@id":"https:\/\/www.welovecycling.com\/de\/#\/schema\/person\/image\/","url":"https:\/\/secure.gravatar.com\/avatar\/8b4aea90e4535aae30b5b720249e5b723ae59fcf3d54757dd8b748d97b46d3c9?s=96&d=mm&r=g","contentUrl":"https:\/\/secure.gravatar.com\/avatar\/8b4aea90e4535aae30b5b720249e5b723ae59fcf3d54757dd8b748d97b46d3c9?s=96&d=mm&r=g","caption":"jbraeker"},"url":"https:\/\/www.welovecycling.com\/de\/author\/jbraeker\/"}]}},"_links":{"self":[{"href":"https:\/\/www.welovecycling.com\/de\/wp-json\/wp\/v2\/posts\/11754","targetHints":{"allow":["GET"]}}],"collection":[{"href":"https:\/\/www.welovecycling.com\/de\/wp-json\/wp\/v2\/posts"}],"about":[{"href":"https:\/\/www.welovecycling.com\/de\/wp-json\/wp\/v2\/types\/post"}],"author":[{"embeddable":true,"href":"https:\/\/www.welovecycling.com\/de\/wp-json\/wp\/v2\/users\/115"}],"replies":[{"embeddable":true,"href":"https:\/\/www.welovecycling.com\/de\/wp-json\/wp\/v2\/comments?post=11754"}],"version-history":[{"count":1,"href":"https:\/\/www.welovecycling.com\/de\/wp-json\/wp\/v2\/posts\/11754\/revisions"}],"predecessor-version":[{"id":11756,"href":"https:\/\/www.welovecycling.com\/de\/wp-json\/wp\/v2\/posts\/11754\/revisions\/11756"}],"wp:featuredmedia":[{"embeddable":true,"href":"https:\/\/www.welovecycling.com\/de\/wp-json\/wp\/v2\/media\/11755"}],"wp:attachment":[{"href":"https:\/\/www.welovecycling.com\/de\/wp-json\/wp\/v2\/media?parent=11754"}],"wp:term":[{"taxonomy":"category","embeddable":true,"href":"https:\/\/www.welovecycling.com\/de\/wp-json\/wp\/v2\/categories?post=11754"},{"taxonomy":"post_tag","embeddable":true,"href":"https:\/\/www.welovecycling.com\/de\/wp-json\/wp\/v2\/tags?post=11754"},{"taxonomy":"global-categories","embeddable":true,"href":"https:\/\/www.welovecycling.com\/de\/wp-json\/wp\/v2\/global-categories?post=11754"}],"curies":[{"name":"wp","href":"https:\/\/api.w.org\/{rel}","templated":true}]}}