{"id":11751,"date":"2025-07-09T10:46:05","date_gmt":"2025-07-09T09:46:05","guid":{"rendered":"https:\/\/www.welovecycling.com\/de\/?p=11751"},"modified":"2025-07-09T10:46:32","modified_gmt":"2025-07-09T09:46:32","slug":"pogacar-erreicht-100-sieg-bei-der-tour-de-france","status":"publish","type":"post","link":"https:\/\/www.welovecycling.com\/de\/2025\/07\/09\/pogacar-erreicht-100-sieg-bei-der-tour-de-france\/","title":{"rendered":"Poga\u010dar erreicht 100. Sieg bei der Tour de France"},"content":{"rendered":"<p data-start=\"163\" data-end=\"416\">adej Poga\u010dar feierte am Dienstag auf der 4. Etappe der Tour de France den 100. Sieg seiner bereits beeindruckenden Karriere \u2013 und das auf denkbar beste Weise: im Sprint gegen die st\u00e4rksten Rivalen, w\u00e4hrend er das Regenbogentrikot des Weltmeisters trug.<\/p>\n<p data-start=\"418\" data-end=\"890\">Im zweiten \u201eSuperstar-Sprint\u201c dieser noch jungen Tour drehte der Kapit\u00e4n des UAE Team Emirates\u2013XRG den Spie\u00df gegen\u00fcber seinem Bezwinger der 2. Etappe, Mathieu van der Poel (Alpecin-Deceuninck), um und schlug ihn auf der Ziellinie. Der heranst\u00fcrmende Jonas Vingegaard (Visma\u2013Lease a Bike) wurde erneut Dritter. \u201eBei der Tour zu gewinnen ist unglaublich \u2013 und in diesem Trikot umso mehr. Und dass das mein 100. Sieg ist, ist einfach fantastisch\u201c, sagte Poga\u010dar anschlie\u00dfend.<\/p>\n<p data-start=\"892\" data-end=\"1220\">Er erkl\u00e4rte weiter, dass dies genau die Art von Etappe und Finale sei, die er liebe. \u201eMit so vielen guten Fahrern im Finale ist man immer ein bisschen angespannt und nerv\u00f6s, was passieren wird \u2013 und man wei\u00df es nie bis zum Schluss\u201c, sagte er. \u201eSo wie heute \u2013 dieser Adrenalinschub, das ist purer Rennsport, und das genie\u00dfe ich.\u201c<\/p>\n<p data-start=\"1222\" data-end=\"1519\">Der Sieg w\u00e4re noch s\u00fc\u00dfer gewesen, h\u00e4tte er das <a href=\"https:\/\/www.welovecycling.com\/de\/2025\/07\/07\/van-der-poel-im-gelben-trikot-nach-zwei-spannenden-und-dramatischen-etappen-der-tour-de-france\/\">Gelbe Trikot van der Poel<\/a> entrei\u00dfen k\u00f6nnen. Beide liegen nun zeitgleich, Vingegaard folgt mit 8 Sekunden R\u00fcckstand auf Rang drei. Doch Poga\u010dar d\u00fcrfte nach dem Einzelzeitfahren am Mittwoch, einer seiner Paradedisziplinen, die Gesamtf\u00fchrung \u00fcbernehmen.<\/p>\n<p data-start=\"1521\" data-end=\"1725\">\u201eDas Zeitfahren ist der wahre Test, aber schon jetzt eine Etappe in diesem Trikot gewonnen zu haben, reicht mir eigentlich schon\u201c, sagte er. \u201eNat\u00fcrlich wollen wir das Gelbe Trikot, aber wir werden sehen.\u201c<\/p>\n<p data-start=\"1727\" data-end=\"2385\">Poga\u010dar entfachte das furiose Finale mit einem typischen explosiven Angriff 5,3 km vor dem Ziel, am letzten und steilsten Anstieg der 174,2 km langen Etappe von Amiens M\u00e9tropole nach Rouen \u2013 der Rampe St. Hilaire (800 m mit 9,1 %, Spitzen von bis zu 15 %). Nur Vingegaard konnte ihm folgen, gemeinsam erreichten sie den Gipfel. Doch sie wurden von van der Poel und einer Gruppe weiterer GC-Favoriten wieder eingeholt. Matteo Jorgenson setzte 1 km vor dem Ziel zum Angriff an und schien kurzzeitig durchzukommen, wurde jedoch 400 m vor dem Ziel wieder gestellt. Van der Poel startete seinen Sprint, wurde jedoch etwa 20 m vor der Linie von Poga\u010dar abgefangen.<\/p>\n<p data-start=\"1727\" data-end=\"2385\">\n<div class=\"embed-controller-wrapper\">\n<blockquote class=\"wp-embedded-content\" data-secret=\"u9Ay6reMDc\"><p><a href=\"https:\/\/www.welovecycling.com\/de\/2025\/07\/07\/van-der-poel-im-gelben-trikot-nach-zwei-spannenden-und-dramatischen-etappen-der-tour-de-france\/\">Van der Poel im Gelben Trikot nach zwei spannenden und dramatischen Etappen der Tour de France<\/a><\/p><\/blockquote>\n<p><iframe class=\"wp-embedded-content\" sandbox=\"allow-scripts\" security=\"restricted\" style=\"position: absolute; visibility: hidden;\" title=\"&#8220;Van der Poel im Gelben Trikot nach zwei spannenden und dramatischen Etappen der Tour de France&#8221; &#8212; \u0160koda We Love Cycling - Deutschland\" data-src=\"https:\/\/www.welovecycling.com\/de\/2025\/07\/07\/van-der-poel-im-gelben-trikot-nach-zwei-spannenden-und-dramatischen-etappen-der-tour-de-france\/embed\/#?secret=bD2wB9EbMH#?secret=u9Ay6reMDc\" data-secret=\"u9Ay6reMDc\" width=\"500\" height=\"282\" frameborder=\"0\" marginwidth=\"0\" marginheight=\"0\" scrolling=\"no\"><\/iframe><\/div>\n<\/p>\n<p data-start=\"2387\" data-end=\"2796\">\u201eIch hatte gehofft, um den Sieg sprinten zu k\u00f6nnen, aber ich war schon am Limit. Als ich antrat, wollten meine Beine einfach nicht mehr. Er war heute der St\u00e4rkste\u201c, sagte der Gesamtf\u00fchrende. \u201eIch war ein wenig entt\u00e4uscht im Ziel, weil ich so gerne in Gelb gewonnen h\u00e4tte. Aber es ist keine Schande, gegen Tadej auf diesem Parcours zu verlieren. Wenn die Beine voller Laktat sind, kann man nichts mehr machen.\u201c<\/p>\n<p data-start=\"2798\" data-end=\"3014\">Die Mitfavoriten Remco Evenepoel (Soudal Quick-Step) und Primo\u017e Rogli\u010d (Red Bull\u2013BORA\u2013hansgrohe) verloren weiter Zeit in der Gesamtwertung. Evenepoel liegt nun 58 Sekunden hinter Poga\u010dar, Rogli\u010d bereits 1:27 Minuten.<\/p>\n<p data-start=\"3016\" data-end=\"3282\">Doch der Tag geh\u00f6rte Poga\u010dars 100. Sieg \u2013 eine beeindruckende Leistung mit gerade einmal 26 Jahren. Zwar d\u00fcrfte er Eddy Merckx\u2019 Rekord von 279 Karrieresiegen kaum \u00fcbertreffen, doch Mark Cavendishs 165 Siege und Platz zwei auf der Allzeitliste erscheinen realistisch.<\/p>\n<p data-start=\"3284\" data-end=\"3798\">Von seinen 100 Siegen entfallen 18 auf Etappen bei der Tour de France. Zudem gewann er letztes Jahr sechs Etappen und die Gesamtwertung des Giro d\u2019Italia. Weitere Erfolge: viermal Il Lombardia, dreimal L\u00fcttich\u2013Bastogne\u2013L\u00fcttich und Strade Bianche, zweimal die Flandern-Rundfahrt und <a href=\"https:\/\/www.procyclingstats.com\/race\/la-fleche-wallonne\/2023\/result\">La Fl\u00e8che Wallonne<\/a> sowie der Weltmeistertitel 2024. Eine Bilanz, die nur von Merckx \u00fcbertroffen wird, dem allgemein gr\u00f6\u00dften Fahrer der Geschichte. Doch in puncto Dominanz innerhalb seiner Generation steht Poga\u010dar ihm in nichts nach.<\/p>\n<p data-start=\"3800\" data-end=\"4328\">Ein Rekord aber ist noch greifbar: der sechste Gesamtsieg bei der Tour de France. Nur vier Fahrer \u2013 Jacques Anquetil, Eddy Merckx, Bernard Hinault und Miguel Indurain \u2013 haben die Tour bisher f\u00fcnfmal gewonnen. Realistisch gesehen k\u00f6nnte Poga\u010dar noch bis mindestens 31 auf h\u00f6chstem Niveau fahren \u2013 je nachdem, wie stark seine Rivalen sind. In diesem Jahr scheint Vingegaard sein einziger ernsthafter Konkurrent zu sein, der deutlich st\u00e4rker wirkt als zuletzt. Die entscheidenden Pr\u00fcfungen stehen aber erst in der dritten Woche an.<\/p>\n<p data-start=\"4330\" data-end=\"4396\">In der Zwischenzeit: Herzlichen Gl\u00fcckwunsch, Pogi \u2013 und weiter so!<\/p>\n<h3 data-start=\"4403\" data-end=\"4450\">Ergebnis der 4. Etappe, Tour de France 2025<\/h3>\n<ol>\n<li>Tadej Pogacar, Tadej Poga\u010dar, UAE Team Emirates\u2013XRG 3:50:29<\/li>\n<li>Mathieu van der Poel, Alpecin-Deceuninck \u201c<\/li>\n<li>Jonas Vingegaard, Visma\u2013Lease a Bike \u201c<\/li>\n<li>Oscar Onley, Picnic PostNL \u201c<\/li>\n<li>Romain Gr\u00e9goire, Groupama-FDJ \u00a0\u00a0\u201c<\/li>\n<li><a href=\"https:\/\/www.procyclingstats.com\/rider\/joao-almeida\" target=\"_blank\" rel=\"noopener\">Jo\u00e3o<\/a>\u00a0Almeida, UAE Team Emirates\u2013XRG \u201c<\/li>\n<li>Remco Evenepoel, Soudal Quick-Step) +0:03<\/li>\n<li>Matteo Jorgenson, Visma\u2013Lease a Bike \u201c<\/li>\n<li>Mattias Skjelmose, Lidl-Trek +0:07<\/li>\n<li>K\u00e9vin Vauquelin, Ark\u00e9a\u2013B&amp;B Hotels +0:10<\/li>\n<\/ol>\n<p>&nbsp;<\/p>\n<h3><strong>Gesamtwertung nach der 4. Etappe<\/strong><\/h3>\n<ol>\n<li>Mathieu van der Poel, Alpecin-Deceuninck 16:46:00<\/li>\n<li>Tadej Pogacar, UAE Team Emirates\u2013XRG \u201c<\/li>\n<li>Jonas Vingegaard, Visma\u2013Lease a Bike +0:08<\/li>\n<li>Matteo Jorgenson, Visma\u2013Lease a Bike +0:19<\/li>\n<li>K\u00e9vin Vauquelin, Ark\u00e9a\u2013B&amp;B Hotels +0:26<\/li>\n<li>Enric Mas, Movistar +0:48<\/li>\n<li>Oscar Onley, Picnic PostNL +0:55<\/li>\n<li><a href=\"https:\/\/www.procyclingstats.com\/rider\/joao-almeida\" target=\"_blank\" rel=\"noopener\">Jo\u00e3o<\/a>\u00a0Almeida, UAE Team Emirates\u2013XRG \u201c<\/li>\n<li>Remco Evenepoel, Soudal Quick-Step +0:58<\/li>\n<li>Mattias Skjelmose, Lidl-Trek +1:02<\/li>\n<\/ol>\n","protected":false},"excerpt":{"rendered":"<p>adej Poga\u010dar feierte am Dienstag auf der 4. Etappe der Tour de France den 100. Sieg seiner bereits beeindruckenden Karriere [&hellip;]<\/p>\n","protected":false},"author":115,"featured_media":11752,"comment_status":"open","ping_status":"open","sticky":false,"template":"","format":"standard","meta":{"footnotes":""},"categories":[1],"tags":[],"global-categories":[19],"class_list":["post-11751","post","type-post","status-publish","format-standard","has-post-thumbnail","hentry","category-allgemein","global-categories-cycling"],"yoast_head":"<!-- This site is optimized with the Yoast SEO Premium plugin v25.3 (Yoast SEO v25.9) - https:\/\/yoast.com\/wordpress\/plugins\/seo\/ -->\n<title>Poga\u010dar erreicht 100. Sieg bei der Tour de France - \u0160koda We Love Cycling - Deutschland<\/title>\n<meta name=\"description\" content=\"Tadej Poga\u010dar sichert sich auf der 4. Etappe der Tour de France 2025 im Weltmeistertrikot seinen 100. Profisieg \u2013 im Sprint vor van der Poel und Vingegaard.\" \/>\n<meta name=\"robots\" content=\"index, follow, max-snippet:-1, max-image-preview:large, max-video-preview:-1\" \/>\n<link rel=\"canonical\" href=\"https:\/\/www.welovecycling.com\/de\/2025\/07\/09\/pogacar-erreicht-100-sieg-bei-der-tour-de-france\/\" \/>\n<meta property=\"og:locale\" content=\"de_DE\" \/>\n<meta property=\"og:type\" content=\"article\" \/>\n<meta property=\"og:title\" content=\"Poga\u010dar erreicht 100. Sieg bei der Tour de France\" \/>\n<meta property=\"og:description\" content=\"Tadej Poga\u010dar sichert sich auf der 4. Etappe der Tour de France 2025 im Weltmeistertrikot seinen 100. Profisieg \u2013 im Sprint vor van der Poel und Vingegaard.\" \/>\n<meta property=\"og:url\" content=\"https:\/\/www.welovecycling.com\/de\/2025\/07\/09\/pogacar-erreicht-100-sieg-bei-der-tour-de-france\/\" \/>\n<meta property=\"og:site_name\" content=\"\u0160koda We Love Cycling - Deutschland\" \/>\n<meta property=\"article:published_time\" content=\"2025-07-09T09:46:05+00:00\" \/>\n<meta property=\"article:modified_time\" content=\"2025-07-09T09:46:32+00:00\" \/>\n<meta property=\"og:image\" content=\"https:\/\/d2p6e6u75xmxt8.cloudfront.net\/10\/2025\/07\/pogacar.webp\" \/>\n\t<meta property=\"og:image:width\" content=\"980\" \/>\n\t<meta property=\"og:image:height\" content=\"656\" \/>\n\t<meta property=\"og:image:type\" content=\"image\/webp\" \/>\n<meta name=\"author\" content=\"jbraeker\" \/>\n<meta name=\"twitter:card\" content=\"summary_large_image\" \/>\n<meta name=\"twitter:label1\" content=\"Written by\" \/>\n\t<meta name=\"twitter:data1\" content=\"Siegfried Mortkowitz\" \/>\n\t<meta name=\"twitter:label2\" content=\"Est. reading time\" \/>\n\t<meta name=\"twitter:data2\" content=\"3\" \/>\n<script type=\"application\/ld+json\" class=\"yoast-schema-graph\">{\"@context\":\"https:\/\/schema.org\",\"@graph\":[{\"@type\":\"WebPage\",\"@id\":\"https:\/\/www.welovecycling.com\/de\/2025\/07\/09\/pogacar-erreicht-100-sieg-bei-der-tour-de-france\/\",\"url\":\"https:\/\/www.welovecycling.com\/de\/2025\/07\/09\/pogacar-erreicht-100-sieg-bei-der-tour-de-france\/\",\"name\":\"Poga\u010dar erreicht 100. Sieg bei der Tour de France - \u0160koda We Love Cycling - Deutschland\",\"isPartOf\":{\"@id\":\"https:\/\/www.welovecycling.com\/de\/#website\"},\"primaryImageOfPage\":{\"@id\":\"https:\/\/www.welovecycling.com\/de\/2025\/07\/09\/pogacar-erreicht-100-sieg-bei-der-tour-de-france\/#primaryimage\"},\"image\":{\"@id\":\"https:\/\/www.welovecycling.com\/de\/2025\/07\/09\/pogacar-erreicht-100-sieg-bei-der-tour-de-france\/#primaryimage\"},\"thumbnailUrl\":\"https:\/\/d2p6e6u75xmxt8.cloudfront.net\/10\/2025\/07\/pogacar.webp\",\"datePublished\":\"2025-07-09T09:46:05+00:00\",\"dateModified\":\"2025-07-09T09:46:32+00:00\",\"author\":{\"@id\":\"https:\/\/www.welovecycling.com\/de\/#\/schema\/person\/915694b3c8d0de9019932587781ba6b3\"},\"description\":\"Tadej Poga\u010dar sichert sich auf der 4. Etappe der Tour de France 2025 im Weltmeistertrikot seinen 100. Profisieg \u2013 im Sprint vor van der Poel und Vingegaard.\",\"breadcrumb\":{\"@id\":\"https:\/\/www.welovecycling.com\/de\/2025\/07\/09\/pogacar-erreicht-100-sieg-bei-der-tour-de-france\/#breadcrumb\"},\"inLanguage\":\"de-DE\",\"potentialAction\":[{\"@type\":\"ReadAction\",\"target\":[\"https:\/\/www.welovecycling.com\/de\/2025\/07\/09\/pogacar-erreicht-100-sieg-bei-der-tour-de-france\/\"]}]},{\"@type\":\"ImageObject\",\"inLanguage\":\"de-DE\",\"@id\":\"https:\/\/www.welovecycling.com\/de\/2025\/07\/09\/pogacar-erreicht-100-sieg-bei-der-tour-de-france\/#primaryimage\",\"url\":\"https:\/\/d2p6e6u75xmxt8.cloudfront.net\/10\/2025\/07\/pogacar.webp\",\"contentUrl\":\"https:\/\/d2p6e6u75xmxt8.cloudfront.net\/10\/2025\/07\/pogacar.webp\",\"width\":980,\"height\":656},{\"@type\":\"BreadcrumbList\",\"@id\":\"https:\/\/www.welovecycling.com\/de\/2025\/07\/09\/pogacar-erreicht-100-sieg-bei-der-tour-de-france\/#breadcrumb\",\"itemListElement\":[{\"@type\":\"ListItem\",\"position\":1,\"name\":\"Home\",\"item\":\"https:\/\/www.welovecycling.com\/de\/\"},{\"@type\":\"ListItem\",\"position\":2,\"name\":\"Poga\u010dar erreicht 100. Sieg bei der Tour de France\"}]},{\"@type\":\"WebSite\",\"@id\":\"https:\/\/www.welovecycling.com\/de\/#website\",\"url\":\"https:\/\/www.welovecycling.com\/de\/\",\"name\":\"\u0160koda We Love Cycling - Deutschland\",\"description\":\"Just another \u0160koda WeLoveCycling Sites site\",\"potentialAction\":[{\"@type\":\"SearchAction\",\"target\":{\"@type\":\"EntryPoint\",\"urlTemplate\":\"https:\/\/www.welovecycling.com\/de\/?s={search_term_string}\"},\"query-input\":{\"@type\":\"PropertyValueSpecification\",\"valueRequired\":true,\"valueName\":\"search_term_string\"}}],\"inLanguage\":\"de-DE\"},{\"@type\":\"Person\",\"@id\":\"https:\/\/www.welovecycling.com\/de\/#\/schema\/person\/915694b3c8d0de9019932587781ba6b3\",\"name\":\"jbraeker\",\"image\":{\"@type\":\"ImageObject\",\"inLanguage\":\"de-DE\",\"@id\":\"https:\/\/www.welovecycling.com\/de\/#\/schema\/person\/image\/\",\"url\":\"https:\/\/secure.gravatar.com\/avatar\/8b4aea90e4535aae30b5b720249e5b723ae59fcf3d54757dd8b748d97b46d3c9?s=96&d=mm&r=g\",\"contentUrl\":\"https:\/\/secure.gravatar.com\/avatar\/8b4aea90e4535aae30b5b720249e5b723ae59fcf3d54757dd8b748d97b46d3c9?s=96&d=mm&r=g\",\"caption\":\"jbraeker\"},\"url\":\"https:\/\/www.welovecycling.com\/de\/author\/jbraeker\/\"}]}<\/script>\n<!-- \/ Yoast SEO Premium plugin. -->","yoast_head_json":{"title":"Poga\u010dar erreicht 100. Sieg bei der Tour de France - \u0160koda We Love Cycling - Deutschland","description":"Tadej Poga\u010dar sichert sich auf der 4. Etappe der Tour de France 2025 im Weltmeistertrikot seinen 100. Profisieg \u2013 im Sprint vor van der Poel und Vingegaard.","robots":{"index":"index","follow":"follow","max-snippet":"max-snippet:-1","max-image-preview":"max-image-preview:large","max-video-preview":"max-video-preview:-1"},"canonical":"https:\/\/www.welovecycling.com\/de\/2025\/07\/09\/pogacar-erreicht-100-sieg-bei-der-tour-de-france\/","og_locale":"de_DE","og_type":"article","og_title":"Poga\u010dar erreicht 100. Sieg bei der Tour de France","og_description":"Tadej Poga\u010dar sichert sich auf der 4. Etappe der Tour de France 2025 im Weltmeistertrikot seinen 100. Profisieg \u2013 im Sprint vor van der Poel und Vingegaard.","og_url":"https:\/\/www.welovecycling.com\/de\/2025\/07\/09\/pogacar-erreicht-100-sieg-bei-der-tour-de-france\/","og_site_name":"\u0160koda We Love Cycling - Deutschland","article_published_time":"2025-07-09T09:46:05+00:00","article_modified_time":"2025-07-09T09:46:32+00:00","og_image":[{"width":980,"height":656,"url":"https:\/\/d2p6e6u75xmxt8.cloudfront.net\/10\/2025\/07\/pogacar.webp","type":"image\/webp"}],"author":"jbraeker","twitter_card":"summary_large_image","twitter_misc":{"Written by":"Siegfried Mortkowitz","Est. reading time":"3"},"schema":{"@context":"https:\/\/schema.org","@graph":[{"@type":"WebPage","@id":"https:\/\/www.welovecycling.com\/de\/2025\/07\/09\/pogacar-erreicht-100-sieg-bei-der-tour-de-france\/","url":"https:\/\/www.welovecycling.com\/de\/2025\/07\/09\/pogacar-erreicht-100-sieg-bei-der-tour-de-france\/","name":"Poga\u010dar erreicht 100. Sieg bei der Tour de France - \u0160koda We Love Cycling - Deutschland","isPartOf":{"@id":"https:\/\/www.welovecycling.com\/de\/#website"},"primaryImageOfPage":{"@id":"https:\/\/www.welovecycling.com\/de\/2025\/07\/09\/pogacar-erreicht-100-sieg-bei-der-tour-de-france\/#primaryimage"},"image":{"@id":"https:\/\/www.welovecycling.com\/de\/2025\/07\/09\/pogacar-erreicht-100-sieg-bei-der-tour-de-france\/#primaryimage"},"thumbnailUrl":"https:\/\/d2p6e6u75xmxt8.cloudfront.net\/10\/2025\/07\/pogacar.webp","datePublished":"2025-07-09T09:46:05+00:00","dateModified":"2025-07-09T09:46:32+00:00","author":{"@id":"https:\/\/www.welovecycling.com\/de\/#\/schema\/person\/915694b3c8d0de9019932587781ba6b3"},"description":"Tadej Poga\u010dar sichert sich auf der 4. Etappe der Tour de France 2025 im Weltmeistertrikot seinen 100. Profisieg \u2013 im Sprint vor van der Poel und Vingegaard.","breadcrumb":{"@id":"https:\/\/www.welovecycling.com\/de\/2025\/07\/09\/pogacar-erreicht-100-sieg-bei-der-tour-de-france\/#breadcrumb"},"inLanguage":"de-DE","potentialAction":[{"@type":"ReadAction","target":["https:\/\/www.welovecycling.com\/de\/2025\/07\/09\/pogacar-erreicht-100-sieg-bei-der-tour-de-france\/"]}]},{"@type":"ImageObject","inLanguage":"de-DE","@id":"https:\/\/www.welovecycling.com\/de\/2025\/07\/09\/pogacar-erreicht-100-sieg-bei-der-tour-de-france\/#primaryimage","url":"https:\/\/d2p6e6u75xmxt8.cloudfront.net\/10\/2025\/07\/pogacar.webp","contentUrl":"https:\/\/d2p6e6u75xmxt8.cloudfront.net\/10\/2025\/07\/pogacar.webp","width":980,"height":656},{"@type":"BreadcrumbList","@id":"https:\/\/www.welovecycling.com\/de\/2025\/07\/09\/pogacar-erreicht-100-sieg-bei-der-tour-de-france\/#breadcrumb","itemListElement":[{"@type":"ListItem","position":1,"name":"Home","item":"https:\/\/www.welovecycling.com\/de\/"},{"@type":"ListItem","position":2,"name":"Poga\u010dar erreicht 100. Sieg bei der Tour de France"}]},{"@type":"WebSite","@id":"https:\/\/www.welovecycling.com\/de\/#website","url":"https:\/\/www.welovecycling.com\/de\/","name":"\u0160koda We Love Cycling - Deutschland","description":"Just another \u0160koda WeLoveCycling Sites site","potentialAction":[{"@type":"SearchAction","target":{"@type":"EntryPoint","urlTemplate":"https:\/\/www.welovecycling.com\/de\/?s={search_term_string}"},"query-input":{"@type":"PropertyValueSpecification","valueRequired":true,"valueName":"search_term_string"}}],"inLanguage":"de-DE"},{"@type":"Person","@id":"https:\/\/www.welovecycling.com\/de\/#\/schema\/person\/915694b3c8d0de9019932587781ba6b3","name":"jbraeker","image":{"@type":"ImageObject","inLanguage":"de-DE","@id":"https:\/\/www.welovecycling.com\/de\/#\/schema\/person\/image\/","url":"https:\/\/secure.gravatar.com\/avatar\/8b4aea90e4535aae30b5b720249e5b723ae59fcf3d54757dd8b748d97b46d3c9?s=96&d=mm&r=g","contentUrl":"https:\/\/secure.gravatar.com\/avatar\/8b4aea90e4535aae30b5b720249e5b723ae59fcf3d54757dd8b748d97b46d3c9?s=96&d=mm&r=g","caption":"jbraeker"},"url":"https:\/\/www.welovecycling.com\/de\/author\/jbraeker\/"}]}},"_links":{"self":[{"href":"https:\/\/www.welovecycling.com\/de\/wp-json\/wp\/v2\/posts\/11751","targetHints":{"allow":["GET"]}}],"collection":[{"href":"https:\/\/www.welovecycling.com\/de\/wp-json\/wp\/v2\/posts"}],"about":[{"href":"https:\/\/www.welovecycling.com\/de\/wp-json\/wp\/v2\/types\/post"}],"author":[{"embeddable":true,"href":"https:\/\/www.welovecycling.com\/de\/wp-json\/wp\/v2\/users\/115"}],"replies":[{"embeddable":true,"href":"https:\/\/www.welovecycling.com\/de\/wp-json\/wp\/v2\/comments?post=11751"}],"version-history":[{"count":1,"href":"https:\/\/www.welovecycling.com\/de\/wp-json\/wp\/v2\/posts\/11751\/revisions"}],"predecessor-version":[{"id":11753,"href":"https:\/\/www.welovecycling.com\/de\/wp-json\/wp\/v2\/posts\/11751\/revisions\/11753"}],"wp:featuredmedia":[{"embeddable":true,"href":"https:\/\/www.welovecycling.com\/de\/wp-json\/wp\/v2\/media\/11752"}],"wp:attachment":[{"href":"https:\/\/www.welovecycling.com\/de\/wp-json\/wp\/v2\/media?parent=11751"}],"wp:term":[{"taxonomy":"category","embeddable":true,"href":"https:\/\/www.welovecycling.com\/de\/wp-json\/wp\/v2\/categories?post=11751"},{"taxonomy":"post_tag","embeddable":true,"href":"https:\/\/www.welovecycling.com\/de\/wp-json\/wp\/v2\/tags?post=11751"},{"taxonomy":"global-categories","embeddable":true,"href":"https:\/\/www.welovecycling.com\/de\/wp-json\/wp\/v2\/global-categories?post=11751"}],"curies":[{"name":"wp","href":"https:\/\/api.w.org\/{rel}","templated":true}]}}