{"id":11747,"date":"2025-07-09T10:10:28","date_gmt":"2025-07-09T09:10:28","guid":{"rendered":"https:\/\/www.welovecycling.com\/de\/?p=11747"},"modified":"2025-07-09T10:39:00","modified_gmt":"2025-07-09T09:39:00","slug":"durch-die-augen-eines-reporters-matt-stephens-ueber-die-fans-der-tour-de-france","status":"publish","type":"post","link":"https:\/\/www.welovecycling.com\/de\/2025\/07\/09\/durch-die-augen-eines-reporters-matt-stephens-ueber-die-fans-der-tour-de-france\/","title":{"rendered":"Durch die Augen eines Reporters: Matt Stephens \u00fcber die Fans der Tour de France"},"content":{"rendered":"<div class=\"flex basis-auto flex-col -mb-(--composer-overlap-px) [--composer-overlap-px:55px] grow overflow-hidden\">\n<div class=\"relative h-full\">\n<div class=\"flex h-full flex-col overflow-y-auto [scrollbar-gutter:stable_both-edges] @[84rem]\/thread:pt-(--header-height)\">\n<div class=\"@thread-xl\/thread:pt-header-height flex flex-col text-sm pb-25\">\n<article class=\"text-token-text-primary w-full\" dir=\"auto\" data-testid=\"conversation-turn-62\" data-scroll-anchor=\"true\">\n<div class=\"text-base my-auto mx-auto py-5 [--thread-content-margin:--spacing(4)] @[37rem]:[--thread-content-margin:--spacing(6)] @[72rem]:[--thread-content-margin:--spacing(16)] px-(--thread-content-margin)\">\n<div class=\"[--thread-content-max-width:32rem] @[34rem]:[--thread-content-max-width:40rem] @[64rem]:[--thread-content-max-width:48rem] mx-auto flex max-w-(--thread-content-max-width) flex-1 text-base gap-4 md:gap-5 lg:gap-6 group\/turn-messages focus-visible:outline-hidden\" tabindex=\"-1\">\n<div class=\"group\/conversation-turn relative flex w-full min-w-0 flex-col agent-turn\">\n<div class=\"relative flex-col gap-1 md:gap-3\">\n<div class=\"flex max-w-full flex-col grow\">\n<div class=\"min-h-8 text-message relative flex w-full flex-col items-end gap-2 text-start break-words whitespace-normal [.text-message+&amp;]:mt-5\" dir=\"auto\" data-message-author-role=\"assistant\" data-message-id=\"fd466d02-cd5a-4d76-b229-7f85de8b963a\" data-message-model-slug=\"gpt-4o\">\n<div class=\"flex w-full flex-col gap-1 empty:hidden first:pt-[3px]\">\n<div class=\"markdown prose dark:prose-invert w-full break-words light\">\n<p data-start=\"276\" data-end=\"660\">Ich hatte das Privileg, zehn Austragungen der Tour de France aus n\u00e4chster N\u00e4he miterleben zu d\u00fcrfen. Mal kommentiere ich, mal arbeite ich im Hintergrund, mal f\u00fchre ich Interviews mit den Fahrern \u2013 und letztes Jahr sa\u00df ich zum ersten Mal auf dem R\u00fccksitz eines Motorrads, bewaffnet nur mit Mikrofon, Funkohrh\u00f6rer und einer Portion ehrf\u00fcrchtigem Schrecken, die mich vom Asphalt trennte.<\/p>\n<p data-start=\"662\" data-end=\"942\">Doch eines bleibt immer gleich, Jahr f\u00fcr Jahr \u2013 von der Normandie bis Nizza, vom Alpe d\u2019Huez bis zu den Champs-\u00c9lys\u00e9es: die Fans. Diese herrlich verr\u00fcckten, wundervollen Fans, zu denen ich 1986 mit 16 Jahren selbst geh\u00f6rte. Fan zu sein war mein Einstieg in die Welt des Radsports.<\/p>\n<p data-start=\"944\" data-end=\"1107\">Damals h\u00e4tte ich nie gedacht, dass ich drei Jahrzehnte sp\u00e4ter selbst Bilder, Ger\u00e4usche, Stimmungen und Emotionen der Grand Boucle an andere Fans weitergeben w\u00fcrde.<\/p>\n<p data-start=\"1109\" data-end=\"1641\">Machen wir es kurz: Es gibt keine Fangemeinde im Sport wie die der Tour de France. Sie kaufen keine Tickets. Sie str\u00f6men nicht in ein Stadion. Sie \u00fcbernehmen ganze Berge, D\u00f6rfer und St\u00e4dte. Sie stehen um drei Uhr morgens auf, um sich einen Platz am Stra\u00dfenrand zu sichern \u2013 oft nach tagelanger Anreise. Sie kochen Kaffee auf Campingkochern, essen Baguette und K\u00e4se, trinken lokalen Wein, tragen absurde Kost\u00fcme. Sie gr\u00fcnden Fanclubs f\u00fcr Fahrer, basteln selbstgemachte Flaggen, Plakate und Kunstwerke, die das Rennen lebendig machen.<\/p>\n<p data-start=\"1643\" data-end=\"2137\">Ich habe einen Mann im Bananenkost\u00fcm gesehen, der neben einer Ausrei\u00dfergruppe am Col du Tourmalet mitlief und \u2013 hoffentlich \u2013 Anfeuerungen br\u00fcllte. Eine 85-j\u00e4hrige Frau in den Pyren\u00e4en, die mit einem Kochtopf wie mit einer Kriegstrommel den Takt schlug, w\u00e4hrend das Peloton vorbeizog. Fans, die auf Fahrr\u00e4dern an einem Kran hingen \u2013 direkt \u00fcber dem Feld. Oder ein Dutzend M\u00e4nner, verkleidet als Babys, die neben Mark Cavendish herliefen, als er in den Alpen ums Zeitlimit k\u00e4mpfte. Einfach irre.<\/p>\n<p data-start=\"2139\" data-end=\"2712\">Ich habe mehr W\u00fcrstchen, Bier und unbeholfene R\u00fcckenmassagen angeboten bekommen, als ich z\u00e4hlen kann. Am Alpe d\u2019Huez musste ich die Autofenster schlie\u00dfen, weil Fans versuchten, einfach mit einzusteigen. Ehrlich \u2013 einen \u201etypischen\u201c Fan bei der Tour gibt es nicht. Und genau das macht den Zauber aus. Sie kommen aus allen Lebenslagen \u2013 franz\u00f6sische Omas mit Trikolore-Fahnen, niederl\u00e4ndische Wohnwagen mit Techno-Beschallung wie auf einem Rave, d\u00e4nische Wikinger mit H\u00f6rnerhelmen\u2026 Ich bin mir ziemlich sicher, ich habe mal ein Tandem gesehen, das wie ein Wikingerboot aussah!<\/p>\n<p data-start=\"2714\" data-end=\"3028\">Ruhig sind sie nie. Warum auch? F\u00fcr viele ist der Besuch der Tour eine Pilgerreise \u2013 einmal im Leben. Es ist Sporttheater, Hochspannung und eine Prise Wahnsinn, alles in einem verschwitzten, lycra-verpackten Spektakel. Ihre Leidenschaft ist sp\u00fcrbar, \u00fcberw\u00e4ltigend \u2013 manchmal so sehr, dass sie mich zu Tr\u00e4nen r\u00fchrt.<\/p>\n<\/div>\n<blockquote class=\"instagram-media\" style=\"background: #FFF; border: 0; border-radius: 3px; box-shadow: 0 0 1px 0 rgba(0,0,0,0.5),0 1px 10px 0 rgba(0,0,0,0.15); margin: 1px; max-width: 540px; min-width: 326px; padding: 0; width: calc(100% - 2px);\" data-instgrm-captioned=\"\" data-instgrm-permalink=\"https:\/\/www.instagram.com\/reel\/DLt2K1ko9I8\/?utm_source=ig_embed&amp;utm_campaign=loading\" data-instgrm-version=\"14\">\n<div style=\"padding: 16px;\">\n<p>&nbsp;<\/p>\n<div style=\"display: flex; flex-direction: row; align-items: center;\">\n<div style=\"background-color: #f4f4f4; border-radius: 50%; flex-grow: 0; height: 40px; margin-right: 14px; width: 40px;\"><\/div>\n<div style=\"display: flex; flex-direction: column; flex-grow: 1; justify-content: center;\">\n<div style=\"background-color: #f4f4f4; border-radius: 4px; flex-grow: 0; height: 14px; margin-bottom: 6px; width: 100px;\"><\/div>\n<div style=\"background-color: #f4f4f4; border-radius: 4px; flex-grow: 0; height: 14px; width: 60px;\"><\/div>\n<\/div>\n<\/div>\n<div style=\"padding: 19% 0;\"><\/div>\n<div style=\"display: block; height: 50px; margin: 0 auto 12px; width: 50px;\"><\/div>\n<div style=\"padding-top: 8px;\">\n<div style=\"color: #3897f0; font-family: Arial,sans-serif; font-size: 14px; font-style: normal; font-weight: 550; line-height: 18px;\">Sieh dir diesen Beitrag auf Instagram an<\/div>\n<\/div>\n<div style=\"padding: 12.5% 0;\"><\/div>\n<div style=\"display: flex; flex-direction: row; margin-bottom: 14px; align-items: center;\">\n<div>\n<div style=\"background-color: #f4f4f4; border-radius: 50%; height: 12.5px; width: 12.5px; transform: translateX(0px) translateY(7px);\"><\/div>\n<div style=\"background-color: #f4f4f4; height: 12.5px; transform: rotate(-45deg) translateX(3px) translateY(1px); width: 12.5px; flex-grow: 0; margin-right: 14px; margin-left: 2px;\"><\/div>\n<div style=\"background-color: #f4f4f4; border-radius: 50%; height: 12.5px; width: 12.5px; transform: translateX(9px) translateY(-18px);\"><\/div>\n<\/div>\n<div style=\"margin-left: 8px;\">\n<div style=\"background-color: #f4f4f4; border-radius: 50%; flex-grow: 0; height: 20px; width: 20px;\"><\/div>\n<div style=\"width: 0; height: 0; border-top: 2px solid transparent; border-left: 6px solid #f4f4f4; border-bottom: 2px solid transparent; transform: translateX(16px) translateY(-4px) rotate(30deg);\"><\/div>\n<\/div>\n<div style=\"margin-left: auto;\">\n<div style=\"width: 0px; border-top: 8px solid #F4F4F4; border-right: 8px solid transparent; transform: translateY(16px);\"><\/div>\n<div style=\"background-color: #f4f4f4; flex-grow: 0; height: 12px; width: 16px; transform: translateY(-4px);\"><\/div>\n<div style=\"width: 0; height: 0; border-top: 8px solid #F4F4F4; border-left: 8px solid transparent; transform: translateY(-4px) translateX(8px);\"><\/div>\n<\/div>\n<\/div>\n<div style=\"display: flex; flex-direction: column; flex-grow: 1; justify-content: center; margin-bottom: 24px;\">\n<div style=\"background-color: #f4f4f4; border-radius: 4px; flex-grow: 0; height: 14px; margin-bottom: 6px; width: 224px;\"><\/div>\n<div style=\"background-color: #f4f4f4; border-radius: 4px; flex-grow: 0; height: 14px; width: 144px;\"><\/div>\n<\/div>\n<p>&nbsp;<\/p>\n<p style=\"color: #c9c8cd; font-family: Arial,sans-serif; font-size: 14px; line-height: 17px; margin-bottom: 0; margin-top: 8px; overflow: hidden; padding: 8px 0 7px; text-align: center; text-overflow: ellipsis; white-space: nowrap;\"><a style=\"color: #c9c8cd; font-family: Arial,sans-serif; font-size: 14px; font-style: normal; font-weight: normal; line-height: 17px; text-decoration: none;\" href=\"https:\/\/www.instagram.com\/reel\/DLt2K1ko9I8\/?utm_source=ig_embed&amp;utm_campaign=loading\" target=\"_blank\" rel=\"noopener\">Ein Beitrag geteilt von \u0160koda We Love Cycling (@wlcmagazine)<\/a><\/p>\n<\/div>\n<\/blockquote>\n<p><script async src=\"\/\/www.instagram.com\/embed.js\"><\/script><\/p>\n<div class=\"markdown prose dark:prose-invert w-full break-words light\">\n<p data-start=\"3030\" data-end=\"3526\">Was mich aber Jahr f\u00fcr Jahr am meisten ber\u00fchrt, ist nicht der Klamauk \u2013 es ist das Herz. Die Seele. Die echte, rohe Emotion. Ich habe Kinder auf den Schultern ihrer V\u00e4ter gesehen, mit leuchtenden Augen, w\u00e4hrend das Peloton vorbeirauscht, winkend mit Kappen und Werbegeschenken aus der Tour-Karawane. Ich habe mit Fans gesprochen, die Tausende Kilometer angereist sind, auf staubigen Rastpl\u00e4tzen \u00fcbernachten, nur um ihre Helden f\u00fcr ein paar Sekunden zu sehen \u2013 und sie bereuen keine Sekunde davon.<\/p>\n<p data-start=\"3528\" data-end=\"4046\">Sie werden Teil des Rennens. Ihre Energie treibt die Fahrer f\u00f6rmlich die Berge hoch \u2013 vor allem auf diesen brutalen Anstiegen in den Alpen oder Pyren\u00e4en, wo die Stra\u00dfe schmal wird und der L\u00e4rm zu einer eigenen, lebendigen Macht anschwillt. Es ist ohrenbet\u00e4ubend, elektrisierend \u2013 und manchmal be\u00e4ngstigend. Ich war auf dem Motorrad, direkt hinter den F\u00fchrenden, als sie sich einen Berg hochqu\u00e4lten \u2013 und man sieht es: Die Fans tragen sie. Manchmal fast buchst\u00e4blich. (Bitte: Fasst die Fahrer nicht an. Sie hassen das.)<\/p>\n<p data-start=\"4048\" data-end=\"4298\">Und sie wissen, wovon sie reden. Das hier sind keine Gelegenheitszuschauer. Ich habe am Streckenrand mit Fans gesprochen, die mehr \u00fcber Visma \u2013 Lease a Bike wussten als die halbe Presse. Sie leben das Rennen, verstehen die Taktik \u2013 und sie lieben es.<\/p>\n<p data-start=\"4300\" data-end=\"4782\">Es gibt auch ruhige Momente, die mir geblieben sind. 1986 habe ich meine erste Trinkflasche aufgehoben, die mir vor die F\u00fc\u00dfe geworfen wurde. Mein Vater hat sie heute noch. Ich kann jeden Moment davon in meinem Kopf abspielen \u2013 ich erinnere mich, wie es sich als Kind angef\u00fchlt hat. Es hat mich inspiriert. Ich erinnere mich an ein belgisches Paar, das seit zehn Jahren jeden Tag der Tour im Wohnmobil verfolgt \u2013 im Juli ihr Zuhause. \u201eSolange es geht, machen wir weiter\u201c, sagten sie.<\/p>\n<p data-start=\"4784\" data-end=\"5143\">Oder das kleine M\u00e4dchen am Ziel einer Etappe der Tour de France Femmes avec Zwift in Rodez: Sie wartete geduldig, bis eine Fahrerin auf dem Heimtrainer ausfuhr \u2013 dann bekam sie eine Kappe und eine Trinkflasche geschenkt. Der Ausdruck auf ihrem Gesicht war unbezahlbar. Reine Inspiration. Das ist die Tour: Jeder ist ein Teil davon. Die Fans stehen im Zentrum.<\/p>\n<p data-start=\"5145\" data-end=\"5637\">Manchmal wird es auch zu viel. Die Stra\u00dfe zu eng, das Bier zu stark, die Menge zu nah. Ich habe Unf\u00e4lle gesehen, Momente, in denen das Fest die Rennrealit\u00e4t vergisst. Aber selbst dann: Die Liebe bleibt. Diese wilde, chaotische, unperfekte Leidenschaft f\u00fcr den Radsport, die aus jedem Dorfplatz und Bergpass str\u00f6mt \u2013 die kann man nicht vort\u00e4uschen. Sie ist echt. Roh. Und sehr, sehr franz\u00f6sisch (mit einem gesunden Schuss Niederlande, Baskenland, Briten, D\u00e4nen, Italiener\u2026 die Liste ist lang).<\/p>\n<p data-start=\"5639\" data-end=\"6137\">Als jemand, der diese Tour aus allen Blickwinkeln erlebt hat \u2013 vom jungen Fan am Flussufer bis zum Kommentator, Moto-Reporter, Experten und Moderator \u2013 kann ich ohne Z\u00f6gern sagen: <strong data-start=\"5819\" data-end=\"5864\">Die Fans sind das Lebenselixier der Tour.<\/strong> Ohne sie w\u00e4ren es nur ein paar Fahrr\u00e4der auf einer Stra\u00dfe. Mit ihnen ist es eine dreiw\u00f6chige Liebeserkl\u00e4rung \u2013 voller Chaos, Farbe und purer Freude. Ein Fest, das Menschen aus aller Welt verbindet. Ich w\u00fcrde sogar sagen: Sie sind nicht nur wichtig. Sie sind unverzichtbar.<\/p>\n<p data-start=\"6139\" data-end=\"6583\">Meine Aufgabe bei der Tour? Emotionen transportieren, Geschichten erz\u00e4hlen, die Komplexit\u00e4t der Renntaktik erkl\u00e4ren, den Geist, die Geschichte und Kultur der Orte vermitteln, durch die das Rennen f\u00fchrt. Die Pers\u00f6nlichkeiten greifbar machen, die die Tour ausmachen. Und: unterhalten, begeistern, inspirieren \u2013 vielleicht auch ein wenig aufkl\u00e4ren. Ich liebe meine Rolle und versuche st\u00e4ndig, besser zu werden. Aber was w\u00e4re all das ohne die Fans?<\/p>\n<p data-start=\"6585\" data-end=\"6913\">Also: Ein Hoch auf die Legenden am Stra\u00dfenrand! Ihr macht die Tour de France zu mehr als einem Radrennen. Ihr macht sie zu einem Fest des Sports \u2013 herrlich, verr\u00fcckt und zutiefst menschlich. Und falls ihr das gr\u00f6\u00dfte Spektakel des Weltsports noch nie live erlebt habt: Ihr verpasst etwas. Kommt dazu. Ihr werdet es nicht bereuen.<\/p>\n<p data-start=\"6915\" data-end=\"6956\">Wir sehen uns an der Strecke! Sagt Hallo!<\/p>\n<\/div>\n<\/div>\n<\/div>\n<\/div>\n<div class=\"flex min-h-[46px] justify-start\">\n<div class=\"touch:-me-2 touch:-ms-3.5 -ms-2.5 -me-1 flex flex-wrap items-center gap-y-4 p-1 select-none touch:w-[calc(100%+--spacing(3.5))] -mt-1 w-[calc(100%+--spacing(2.5))] duration-[1.5s] focus-within:transition-none hover:transition-none pointer-events-none [mask-image:linear-gradient(to_right,black_33%,transparent_66%)] [mask-size:300%_100%] [mask-position:100%_0%] motion-safe:transition-[mask-position] group-hover\/turn-messages:pointer-events-auto group-hover\/turn-messages:[mask-position:0_0] group-focus-within\/turn-messages:pointer-events-auto group-focus-within\/turn-messages:[mask-position:0_0] has-data-[state=open]:pointer-events-auto has-data-[state=open]:[mask-position:0_0]\">\n<p>&nbsp;<\/p>\n<div class=\"flex items-center\"><\/div>\n<p>&nbsp;<\/p>\n<\/div>\n<\/div>\n<div class=\"mt-3 w-full empty:hidden\">\n<div class=\"text-center\"><\/div>\n<\/div>\n<\/div>\n<\/div>\n<\/div>\n<\/div>\n<\/article>\n<div class=\"pointer-events-none h-px w-px\" aria-hidden=\"true\" data-edge=\"true\"><\/div>\n<div><\/div>\n<\/div>\n<\/div>\n<\/div>\n<\/div>\n<div id=\"thread-bottom-container\" class=\"content-fade relative isolate z-10 w-full basis-auto has-data-has-thread-error:pt-2 has-data-has-thread-error:[box-shadow:var(--sharp-edge-bottom-shadow)] md:border-transparent md:pt-0 dark:border-white\/20 md:dark:border-transparent flex flex-col\">\n<div id=\"thread-bottom\">\n<div class=\"text-base mx-auto [--thread-content-margin:--spacing(4)] @[37rem]:[--thread-content-margin:--spacing(6)] @[72rem]:[--thread-content-margin:--spacing(16)] px-(--thread-content-margin)\">\n<div class=\"[--thread-content-max-width:32rem] @[34rem]:[--thread-content-max-width:40rem] @[64rem]:[--thread-content-max-width:48rem] mx-auto flex max-w-(--thread-content-max-width) flex-1 text-base gap-4 md:gap-5 lg:gap-6\">\n<div class=\"flex justify-center empty:hidden\"><\/div>\n<div class=\"max-xs:[--force-hide-label:none] relative z-1 flex h-full max-w-full flex-1 flex-col\" role=\"button\" aria-haspopup=\"dialog\" aria-expanded=\"false\" aria-controls=\"radix-\u00abrac\u00bb\" data-state=\"closed\">\n<div class=\"absolute start-0 end-0 bottom-full z-20\"><\/div>\n<form class=\"w-full [view-transition-name:var(--vt-composer)]\" role=\"region\" aria-label=\"Nachrichten-Composer\" data-type=\"unified-composer\">\n<div class=\"bg-token-bg-primary flex w-full cursor-text flex-col items-center justify-center overflow-clip bg-clip-padding contain-inline-size dark:bg-[#303030] shadow-short rounded-[28px]\">\n<div class=\"relative flex w-full items-end px-2.5 py-2.5\">\n<div class=\"relative flex w-full flex-auto flex-col\">\n<div class=\"relative mx-2.5 grid grid-cols-[auto_minmax(0,1fr)]\">\n<div class=\"items-top flex justify-center\">\n<div><\/div>\n<\/div>\n<div class=\"relative flex-auto bg-transparent pt-1.5\">\n<div class=\"flex flex-col justify-start\">\n<div class=\"flex min-h-12 items-start\">\n<div class=\"max-w-full min-w-0 flex-1\">\n<div class=\"_prosemirror-parent_kfgfu_2 text-token-text-primary max-h-[25dvh] max-h-52 -mx-3 px-3 overflow-auto [scrollbar-width:thin] default-browser vertical-scroll-fade-mask min-h-12 pe-3\">\n<p><textarea class=\"text-token-text-primary placeholder:text-token-text-tertiary block h-10 w-full resize-none border-0 bg-transparent px-0 py-2 ring-0 placeholder:ps-px\" name=\"prompt-textarea\" placeholder=\"Stelle irgendeine Frage\" data-virtualkeyboard=\"true\"><\/textarea><script>window.__oai_logHTML?window.__oai_logHTML():window.__oai_SSR_HTML=window.__oai_SSR_HTML||Date.now();requestAnimationFrame((function(){window.__oai_logTTI?window.__oai_logTTI():window.__oai_SSR_TTI=window.__oai_SSR_TTI||Date.now()}))<\/script><\/p>\n<div id=\"prompt-textarea\" class=\"ProseMirror\" contenteditable=\"true\" translate=\"no\" data-virtualkeyboard=\"true\"><\/div>\n<\/div>\n<\/div>\n<\/div>\n<\/div>\n<\/div>\n<\/div>\n<div class=\"justify-content-end relative ms-2 flex w-full flex-auto flex-col\">\n<div class=\"flex-auto\"><\/div>\n<\/div>\n<div><\/div>\n<\/div>\n<\/div>\n<\/div>\n<\/form>\n<\/div>\n<\/div>\n<\/div>\n<\/div>\n<\/div>\n","protected":false},"excerpt":{"rendered":"<p>Ich hatte das Privileg, zehn Austragungen der Tour de France aus n\u00e4chster N\u00e4he miterleben zu d\u00fcrfen. Mal kommentiere ich, mal [&hellip;]<\/p>\n","protected":false},"author":115,"featured_media":11748,"comment_status":"open","ping_status":"open","sticky":false,"template":"","format":"standard","meta":{"footnotes":""},"categories":[1,121,120],"tags":[],"global-categories":[19],"class_list":["post-11747","post","type-post","status-publish","format-standard","has-post-thumbnail","hentry","category-allgemein","category-road-cycling","category-tour-de-france-2025","global-categories-cycling"],"yoast_head":"<!-- This site is optimized with the Yoast SEO Premium plugin v25.3 (Yoast SEO v25.9) - https:\/\/yoast.com\/wordpress\/plugins\/seo\/ -->\n<title>Durch die Augen eines Reporters: Matt Stephens \u00fcber die Fans der Tour de France - \u0160koda We Love Cycling - Deutschland<\/title>\n<meta name=\"description\" content=\"Ein emotionaler Einblick von Matt Stephens in das Herz der Tour de France: ihre Fans. Wild, leidenschaftlich, verr\u00fcckt \u2013 sie machen das Rennen zu einem weltweiten Fest des Radsports.\" \/>\n<meta name=\"robots\" content=\"index, follow, max-snippet:-1, max-image-preview:large, max-video-preview:-1\" \/>\n<link rel=\"canonical\" href=\"https:\/\/www.welovecycling.com\/de\/2025\/07\/09\/durch-die-augen-eines-reporters-matt-stephens-ueber-die-fans-der-tour-de-france\/\" \/>\n<meta property=\"og:locale\" content=\"de_DE\" \/>\n<meta property=\"og:type\" content=\"article\" \/>\n<meta property=\"og:title\" content=\"Durch die Augen eines Reporters: Matt Stephens \u00fcber die Fans der Tour de France\" \/>\n<meta property=\"og:description\" content=\"Ein emotionaler Einblick von Matt Stephens in das Herz der Tour de France: ihre Fans. Wild, leidenschaftlich, verr\u00fcckt \u2013 sie machen das Rennen zu einem weltweiten Fest des Radsports.\" \/>\n<meta property=\"og:url\" content=\"https:\/\/www.welovecycling.com\/de\/2025\/07\/09\/durch-die-augen-eines-reporters-matt-stephens-ueber-die-fans-der-tour-de-france\/\" \/>\n<meta property=\"og:site_name\" content=\"\u0160koda We Love Cycling - Deutschland\" \/>\n<meta property=\"article:published_time\" content=\"2025-07-09T09:10:28+00:00\" \/>\n<meta property=\"article:modified_time\" content=\"2025-07-09T09:39:00+00:00\" \/>\n<meta property=\"og:image\" content=\"https:\/\/d2p6e6u75xmxt8.cloudfront.net\/10\/2025\/07\/matt-stephens.webp\" \/>\n\t<meta property=\"og:image:width\" content=\"987\" \/>\n\t<meta property=\"og:image:height\" content=\"660\" \/>\n\t<meta property=\"og:image:type\" content=\"image\/webp\" \/>\n<meta name=\"author\" content=\"jbraeker\" \/>\n<meta name=\"twitter:card\" content=\"summary_large_image\" \/>\n<meta name=\"twitter:label1\" content=\"Written by\" \/>\n\t<meta name=\"twitter:data1\" content=\"Matt Stephens\" \/>\n\t<meta name=\"twitter:label2\" content=\"Est. reading time\" \/>\n\t<meta name=\"twitter:data2\" content=\"4\" \/>\n<script type=\"application\/ld+json\" class=\"yoast-schema-graph\">{\"@context\":\"https:\/\/schema.org\",\"@graph\":[{\"@type\":\"WebPage\",\"@id\":\"https:\/\/www.welovecycling.com\/de\/2025\/07\/09\/durch-die-augen-eines-reporters-matt-stephens-ueber-die-fans-der-tour-de-france\/\",\"url\":\"https:\/\/www.welovecycling.com\/de\/2025\/07\/09\/durch-die-augen-eines-reporters-matt-stephens-ueber-die-fans-der-tour-de-france\/\",\"name\":\"Durch die Augen eines Reporters: Matt Stephens \u00fcber die Fans der Tour de France - \u0160koda We Love Cycling - Deutschland\",\"isPartOf\":{\"@id\":\"https:\/\/www.welovecycling.com\/de\/#website\"},\"primaryImageOfPage\":{\"@id\":\"https:\/\/www.welovecycling.com\/de\/2025\/07\/09\/durch-die-augen-eines-reporters-matt-stephens-ueber-die-fans-der-tour-de-france\/#primaryimage\"},\"image\":{\"@id\":\"https:\/\/www.welovecycling.com\/de\/2025\/07\/09\/durch-die-augen-eines-reporters-matt-stephens-ueber-die-fans-der-tour-de-france\/#primaryimage\"},\"thumbnailUrl\":\"https:\/\/d2p6e6u75xmxt8.cloudfront.net\/10\/2025\/07\/matt-stephens.webp\",\"datePublished\":\"2025-07-09T09:10:28+00:00\",\"dateModified\":\"2025-07-09T09:39:00+00:00\",\"author\":{\"@id\":\"https:\/\/www.welovecycling.com\/de\/#\/schema\/person\/915694b3c8d0de9019932587781ba6b3\"},\"description\":\"Ein emotionaler Einblick von Matt Stephens in das Herz der Tour de France: ihre Fans. Wild, leidenschaftlich, verr\u00fcckt \u2013 sie machen das Rennen zu einem weltweiten Fest des Radsports.\",\"breadcrumb\":{\"@id\":\"https:\/\/www.welovecycling.com\/de\/2025\/07\/09\/durch-die-augen-eines-reporters-matt-stephens-ueber-die-fans-der-tour-de-france\/#breadcrumb\"},\"inLanguage\":\"de-DE\",\"potentialAction\":[{\"@type\":\"ReadAction\",\"target\":[\"https:\/\/www.welovecycling.com\/de\/2025\/07\/09\/durch-die-augen-eines-reporters-matt-stephens-ueber-die-fans-der-tour-de-france\/\"]}]},{\"@type\":\"ImageObject\",\"inLanguage\":\"de-DE\",\"@id\":\"https:\/\/www.welovecycling.com\/de\/2025\/07\/09\/durch-die-augen-eines-reporters-matt-stephens-ueber-die-fans-der-tour-de-france\/#primaryimage\",\"url\":\"https:\/\/d2p6e6u75xmxt8.cloudfront.net\/10\/2025\/07\/matt-stephens.webp\",\"contentUrl\":\"https:\/\/d2p6e6u75xmxt8.cloudfront.net\/10\/2025\/07\/matt-stephens.webp\",\"width\":987,\"height\":660},{\"@type\":\"BreadcrumbList\",\"@id\":\"https:\/\/www.welovecycling.com\/de\/2025\/07\/09\/durch-die-augen-eines-reporters-matt-stephens-ueber-die-fans-der-tour-de-france\/#breadcrumb\",\"itemListElement\":[{\"@type\":\"ListItem\",\"position\":1,\"name\":\"Home\",\"item\":\"https:\/\/www.welovecycling.com\/de\/\"},{\"@type\":\"ListItem\",\"position\":2,\"name\":\"Durch die Augen eines Reporters: Matt Stephens \u00fcber die Fans der Tour de France\"}]},{\"@type\":\"WebSite\",\"@id\":\"https:\/\/www.welovecycling.com\/de\/#website\",\"url\":\"https:\/\/www.welovecycling.com\/de\/\",\"name\":\"\u0160koda We Love Cycling - Deutschland\",\"description\":\"Just another \u0160koda WeLoveCycling Sites site\",\"potentialAction\":[{\"@type\":\"SearchAction\",\"target\":{\"@type\":\"EntryPoint\",\"urlTemplate\":\"https:\/\/www.welovecycling.com\/de\/?s={search_term_string}\"},\"query-input\":{\"@type\":\"PropertyValueSpecification\",\"valueRequired\":true,\"valueName\":\"search_term_string\"}}],\"inLanguage\":\"de-DE\"},{\"@type\":\"Person\",\"@id\":\"https:\/\/www.welovecycling.com\/de\/#\/schema\/person\/915694b3c8d0de9019932587781ba6b3\",\"name\":\"jbraeker\",\"image\":{\"@type\":\"ImageObject\",\"inLanguage\":\"de-DE\",\"@id\":\"https:\/\/www.welovecycling.com\/de\/#\/schema\/person\/image\/\",\"url\":\"https:\/\/secure.gravatar.com\/avatar\/8b4aea90e4535aae30b5b720249e5b723ae59fcf3d54757dd8b748d97b46d3c9?s=96&d=mm&r=g\",\"contentUrl\":\"https:\/\/secure.gravatar.com\/avatar\/8b4aea90e4535aae30b5b720249e5b723ae59fcf3d54757dd8b748d97b46d3c9?s=96&d=mm&r=g\",\"caption\":\"jbraeker\"},\"url\":\"https:\/\/www.welovecycling.com\/de\/author\/jbraeker\/\"}]}<\/script>\n<!-- \/ Yoast SEO Premium plugin. -->","yoast_head_json":{"title":"Durch die Augen eines Reporters: Matt Stephens \u00fcber die Fans der Tour de France - \u0160koda We Love Cycling - Deutschland","description":"Ein emotionaler Einblick von Matt Stephens in das Herz der Tour de France: ihre Fans. Wild, leidenschaftlich, verr\u00fcckt \u2013 sie machen das Rennen zu einem weltweiten Fest des Radsports.","robots":{"index":"index","follow":"follow","max-snippet":"max-snippet:-1","max-image-preview":"max-image-preview:large","max-video-preview":"max-video-preview:-1"},"canonical":"https:\/\/www.welovecycling.com\/de\/2025\/07\/09\/durch-die-augen-eines-reporters-matt-stephens-ueber-die-fans-der-tour-de-france\/","og_locale":"de_DE","og_type":"article","og_title":"Durch die Augen eines Reporters: Matt Stephens \u00fcber die Fans der Tour de France","og_description":"Ein emotionaler Einblick von Matt Stephens in das Herz der Tour de France: ihre Fans. Wild, leidenschaftlich, verr\u00fcckt \u2013 sie machen das Rennen zu einem weltweiten Fest des Radsports.","og_url":"https:\/\/www.welovecycling.com\/de\/2025\/07\/09\/durch-die-augen-eines-reporters-matt-stephens-ueber-die-fans-der-tour-de-france\/","og_site_name":"\u0160koda We Love Cycling - Deutschland","article_published_time":"2025-07-09T09:10:28+00:00","article_modified_time":"2025-07-09T09:39:00+00:00","og_image":[{"width":987,"height":660,"url":"https:\/\/d2p6e6u75xmxt8.cloudfront.net\/10\/2025\/07\/matt-stephens.webp","type":"image\/webp"}],"author":"jbraeker","twitter_card":"summary_large_image","twitter_misc":{"Written by":"Matt Stephens","Est. reading time":"4"},"schema":{"@context":"https:\/\/schema.org","@graph":[{"@type":"WebPage","@id":"https:\/\/www.welovecycling.com\/de\/2025\/07\/09\/durch-die-augen-eines-reporters-matt-stephens-ueber-die-fans-der-tour-de-france\/","url":"https:\/\/www.welovecycling.com\/de\/2025\/07\/09\/durch-die-augen-eines-reporters-matt-stephens-ueber-die-fans-der-tour-de-france\/","name":"Durch die Augen eines Reporters: Matt Stephens \u00fcber die Fans der Tour de France - \u0160koda We Love Cycling - Deutschland","isPartOf":{"@id":"https:\/\/www.welovecycling.com\/de\/#website"},"primaryImageOfPage":{"@id":"https:\/\/www.welovecycling.com\/de\/2025\/07\/09\/durch-die-augen-eines-reporters-matt-stephens-ueber-die-fans-der-tour-de-france\/#primaryimage"},"image":{"@id":"https:\/\/www.welovecycling.com\/de\/2025\/07\/09\/durch-die-augen-eines-reporters-matt-stephens-ueber-die-fans-der-tour-de-france\/#primaryimage"},"thumbnailUrl":"https:\/\/d2p6e6u75xmxt8.cloudfront.net\/10\/2025\/07\/matt-stephens.webp","datePublished":"2025-07-09T09:10:28+00:00","dateModified":"2025-07-09T09:39:00+00:00","author":{"@id":"https:\/\/www.welovecycling.com\/de\/#\/schema\/person\/915694b3c8d0de9019932587781ba6b3"},"description":"Ein emotionaler Einblick von Matt Stephens in das Herz der Tour de France: ihre Fans. Wild, leidenschaftlich, verr\u00fcckt \u2013 sie machen das Rennen zu einem weltweiten Fest des Radsports.","breadcrumb":{"@id":"https:\/\/www.welovecycling.com\/de\/2025\/07\/09\/durch-die-augen-eines-reporters-matt-stephens-ueber-die-fans-der-tour-de-france\/#breadcrumb"},"inLanguage":"de-DE","potentialAction":[{"@type":"ReadAction","target":["https:\/\/www.welovecycling.com\/de\/2025\/07\/09\/durch-die-augen-eines-reporters-matt-stephens-ueber-die-fans-der-tour-de-france\/"]}]},{"@type":"ImageObject","inLanguage":"de-DE","@id":"https:\/\/www.welovecycling.com\/de\/2025\/07\/09\/durch-die-augen-eines-reporters-matt-stephens-ueber-die-fans-der-tour-de-france\/#primaryimage","url":"https:\/\/d2p6e6u75xmxt8.cloudfront.net\/10\/2025\/07\/matt-stephens.webp","contentUrl":"https:\/\/d2p6e6u75xmxt8.cloudfront.net\/10\/2025\/07\/matt-stephens.webp","width":987,"height":660},{"@type":"BreadcrumbList","@id":"https:\/\/www.welovecycling.com\/de\/2025\/07\/09\/durch-die-augen-eines-reporters-matt-stephens-ueber-die-fans-der-tour-de-france\/#breadcrumb","itemListElement":[{"@type":"ListItem","position":1,"name":"Home","item":"https:\/\/www.welovecycling.com\/de\/"},{"@type":"ListItem","position":2,"name":"Durch die Augen eines Reporters: Matt Stephens \u00fcber die Fans der Tour de France"}]},{"@type":"WebSite","@id":"https:\/\/www.welovecycling.com\/de\/#website","url":"https:\/\/www.welovecycling.com\/de\/","name":"\u0160koda We Love Cycling - Deutschland","description":"Just another \u0160koda WeLoveCycling Sites site","potentialAction":[{"@type":"SearchAction","target":{"@type":"EntryPoint","urlTemplate":"https:\/\/www.welovecycling.com\/de\/?s={search_term_string}"},"query-input":{"@type":"PropertyValueSpecification","valueRequired":true,"valueName":"search_term_string"}}],"inLanguage":"de-DE"},{"@type":"Person","@id":"https:\/\/www.welovecycling.com\/de\/#\/schema\/person\/915694b3c8d0de9019932587781ba6b3","name":"jbraeker","image":{"@type":"ImageObject","inLanguage":"de-DE","@id":"https:\/\/www.welovecycling.com\/de\/#\/schema\/person\/image\/","url":"https:\/\/secure.gravatar.com\/avatar\/8b4aea90e4535aae30b5b720249e5b723ae59fcf3d54757dd8b748d97b46d3c9?s=96&d=mm&r=g","contentUrl":"https:\/\/secure.gravatar.com\/avatar\/8b4aea90e4535aae30b5b720249e5b723ae59fcf3d54757dd8b748d97b46d3c9?s=96&d=mm&r=g","caption":"jbraeker"},"url":"https:\/\/www.welovecycling.com\/de\/author\/jbraeker\/"}]}},"_links":{"self":[{"href":"https:\/\/www.welovecycling.com\/de\/wp-json\/wp\/v2\/posts\/11747","targetHints":{"allow":["GET"]}}],"collection":[{"href":"https:\/\/www.welovecycling.com\/de\/wp-json\/wp\/v2\/posts"}],"about":[{"href":"https:\/\/www.welovecycling.com\/de\/wp-json\/wp\/v2\/types\/post"}],"author":[{"embeddable":true,"href":"https:\/\/www.welovecycling.com\/de\/wp-json\/wp\/v2\/users\/115"}],"replies":[{"embeddable":true,"href":"https:\/\/www.welovecycling.com\/de\/wp-json\/wp\/v2\/comments?post=11747"}],"version-history":[{"count":1,"href":"https:\/\/www.welovecycling.com\/de\/wp-json\/wp\/v2\/posts\/11747\/revisions"}],"predecessor-version":[{"id":11749,"href":"https:\/\/www.welovecycling.com\/de\/wp-json\/wp\/v2\/posts\/11747\/revisions\/11749"}],"wp:featuredmedia":[{"embeddable":true,"href":"https:\/\/www.welovecycling.com\/de\/wp-json\/wp\/v2\/media\/11748"}],"wp:attachment":[{"href":"https:\/\/www.welovecycling.com\/de\/wp-json\/wp\/v2\/media?parent=11747"}],"wp:term":[{"taxonomy":"category","embeddable":true,"href":"https:\/\/www.welovecycling.com\/de\/wp-json\/wp\/v2\/categories?post=11747"},{"taxonomy":"post_tag","embeddable":true,"href":"https:\/\/www.welovecycling.com\/de\/wp-json\/wp\/v2\/tags?post=11747"},{"taxonomy":"global-categories","embeddable":true,"href":"https:\/\/www.welovecycling.com\/de\/wp-json\/wp\/v2\/global-categories?post=11747"}],"curies":[{"name":"wp","href":"https:\/\/api.w.org\/{rel}","templated":true}]}}