{"id":11743,"date":"2025-07-09T10:03:56","date_gmt":"2025-07-09T09:03:56","guid":{"rendered":"https:\/\/www.welovecycling.com\/de\/?p=11743"},"modified":"2025-07-09T10:39:22","modified_gmt":"2025-07-09T09:39:22","slug":"erkennst-du-dich-wieder-die-4-typen-von-tour-de-france-fans","status":"publish","type":"post","link":"https:\/\/www.welovecycling.com\/de\/2025\/07\/09\/erkennst-du-dich-wieder-die-4-typen-von-tour-de-france-fans\/","title":{"rendered":"Erkennst du dich wieder? Die 4 Typen von Tour-de-France-Fans"},"content":{"rendered":"<h3 data-start=\"121\" data-end=\"189\"><strong data-start=\"125\" data-end=\"189\">Erkennst du dich wieder? Die 4 Typen von Tour-de-France-Fans<\/strong><\/h3>\n<p data-start=\"191\" data-end=\"433\">Es ist wieder so weit. Eben warst du noch ein ganz normaler Mensch mit Hobbys und Sozialleben. Und pl\u00f6tzlich? Erkl\u00e4rst du deinem Hund Zeitgutschriften, w\u00e4hrend du im Bademantel \u201eAllez!\u201c in den Fernseher br\u00fcllst. Willkommen zur Tour de France.<\/p>\n<p data-start=\"435\" data-end=\"757\">Sie weckt den Radfahrer in dir \u2013 oder zumindest die Version von dir, die in Meetings \u00fcber Reifendruck nachdenkt und sich fragt, ob Poga\u010dar dein Kaffeepausen-Tempo abnicken w\u00fcrde. Die Tour bringt mehr als nur stundenlange Bildschirmzeit und einen verd\u00e4chtigen Anstieg im Croissant-Konsum. Sie bringt Identit\u00e4t. Sinn. Chaos.<\/p>\n<p data-start=\"759\" data-end=\"808\">Und ehe du dich versiehst \u2026 bist du <em data-start=\"795\" data-end=\"803\">dieser<\/em> Fan.<\/p>\n<p data-start=\"810\" data-end=\"1075\">Der, der jede Gruppenfahrt in ein stilles GC-Duell verwandelt.<br data-start=\"872\" data-end=\"875\" \/>Der, der seit Wochen nicht gefahren ist, aber genau wei\u00df, welchen Gang Van der Poel bei Kilometer 83 gew\u00e4hlt hat.<br data-start=\"988\" data-end=\"991\" \/>Der, der Espresso als Fl\u00fcssigkeitszufuhr z\u00e4hlt \u2013 denn <em data-start=\"1045\" data-end=\"1064\">technisch gesehen<\/em> z\u00e4hlt das.<\/p>\n<p data-start=\"1077\" data-end=\"1108\">Also \u2026 <strong data-start=\"1084\" data-end=\"1108\">welcher Fan bist du?<\/strong><\/p>\n<hr data-start=\"1110\" data-end=\"1113\" \/>\n<h3 data-start=\"1115\" data-end=\"1164\"><strong data-start=\"1119\" data-end=\"1164\">1. Der Superfan, der (gelegentlich) f\u00e4hrt<\/strong><\/h3>\n<p data-start=\"1166\" data-end=\"1358\">Diese Fans <em data-start=\"1177\" data-end=\"1185\">lieben<\/em> das Radfahren \u2013 k\u00f6nnen es aber leider nicht. Es fehlt an Technik, Kondition und wahrscheinlich noch an ein paar weiteren Stellschrauben, die die Wissenschaft noch gar nicht kennt.<\/p>\n<p data-start=\"1360\" data-end=\"1697\">Frag sie, wie du deine Schaltung einstellen sollst \u2013 und du bekommst einen 20-min\u00fctigen Vortrag mit Markenvergleich, nerdigem Mechanik-Wissen und mindestens drei Beispielen aus vergangenen Touren, in denen ein Profi genau das gleiche Problem hatte \u2013 nat\u00fcrlich behoben bei Tempo 50, w\u00e4hrend ein Mechaniker sich halb aus dem Teamauto hing.<\/p>\n<p data-start=\"1699\" data-end=\"1920\">Nur mitziehen? Nein. Im Wind fahren? Auch nicht. Diese Fans jagen keine Watt \u2013 sie jagen <em data-start=\"1788\" data-end=\"1802\">theoretische<\/em> Watt-pro-Kilo-\u00dcberlegenheit. Werden sie sie je erreichen? Nein. Aber sie wissen ganz genau, wie <em data-start=\"1899\" data-end=\"1903\">du<\/em> es tun solltest.<\/p>\n<p data-start=\"1922\" data-end=\"2166\">F\u00fcr sie geht\u2019s nicht ums Fahren \u2013 sondern um die Reise. Eine Reise, die am besten auf dem Sofa stattfindet, mit Baguette in der einen Hand, Excel-Tabelle in der anderen und detaillierter Analyse, warum UAE beim Leadout in Etappe 13 versagt hat.<\/p>\n<hr data-start=\"2168\" data-end=\"2171\" \/>\n<h3 data-start=\"2173\" data-end=\"2219\"><strong data-start=\"2177\" data-end=\"2219\">2. Der\/die mal kurz reinschaut<\/strong><\/h3>\n<p data-start=\"2221\" data-end=\"2502\">Sie <em data-start=\"2225\" data-end=\"2232\">m\u00f6gen<\/em> die Tour \u2013 solange sie nicht beim W\u00e4schemachen, beim Snacken oder beim Scrollen durch Gruppenchats st\u00f6rt. Die Tour ist kein Muss, sondern ein Vibe. Etwas, das im Hintergrund l\u00e4uft, w\u00e4hrend sie das Gew\u00fcrzregal neu sortieren und gelegentlich bei einem Sturz \u201eUff!\u201c rufen.<\/p>\n<p data-start=\"2221\" data-end=\"2502\"><a href=\"https:\/\/d2p6e6u75xmxt8.cloudfront.net\/10\/2025\/07\/Screenshot-20.webp\"><img loading=\"lazy\" decoding=\"async\" class=\"alignnone size-full wp-image-11744\" src=\"https:\/\/d2p6e6u75xmxt8.cloudfront.net\/10\/2025\/07\/Screenshot-20.webp\" alt=\"\" width=\"787\" height=\"531\" srcset=\"https:\/\/d2p6e6u75xmxt8.cloudfront.net\/10\/2025\/07\/Screenshot-20.webp 787w, https:\/\/d2p6e6u75xmxt8.cloudfront.net\/10\/2025\/07\/Screenshot-20-300x202.webp 300w, https:\/\/d2p6e6u75xmxt8.cloudfront.net\/10\/2025\/07\/Screenshot-20-768x518.webp 768w, https:\/\/d2p6e6u75xmxt8.cloudfront.net\/10\/2025\/07\/Screenshot-20-400x270.webp 400w\" sizes=\"auto, (max-width: 787px) 100vw, 787px\" \/><\/a><\/p>\n<p data-start=\"2504\" data-end=\"2724\">Sie kennen die gro\u00dfen Namen. Poga\u010dar. Vingegaard. Den Typen, der immer zu fr\u00fch attackiert. Aber warum der Tr\u00e4ger des Gelben Trikots zwei Minuten verloren und es trotzdem behalten hat? \u201eIrgendwas mit Bonussekunden, oder?\u201c<\/p>\n<p data-start=\"2726\" data-end=\"2995\">Helfer, Taktik, Wattwerte? Interessiert sie nicht. Sie wollen <em data-start=\"2792\" data-end=\"2801\">Momente<\/em>. Sprints. Abfahrten. Hubschrauberbilder von Burgen. Sie schauen die letzten 2 km live, dann die Highlights \u2013 um sicherzugehen, dass sie die coolen Szenen in richtiger Reihenfolge gesehen haben.<\/p>\n<p data-start=\"2997\" data-end=\"3246\">Ihr Fahrverhalten? Schwankend. Das Rad? Funktioniert, meistens. Gefahren wird, wenn die Sonne scheint, der Kalender leer ist und keine Brunch-Einladung dazwischenkommt. Lycra? Vielleicht. Sonnenbrille? Immer. Es geht um den Look, nicht die Leistung.<\/p>\n<p data-start=\"3248\" data-end=\"3495\">Sie sind keine Nerds, aber auch keine Ahnungslosen. Sie leben im sch\u00f6nen Dazwischen \u2013 kennen drei Toursieger, aber wissen nicht, wof\u00fcr \u201eGC\u201c steht. Hauptsache ein spannendes Finish, m\u00f6glichst wenig Aufwand, und vielleicht ein kaltes Getr\u00e4nk danach.<\/p>\n<hr data-start=\"3497\" data-end=\"3500\" \/>\n<h3 data-start=\"3502\" data-end=\"3557\"><strong data-start=\"3506\" data-end=\"3557\">3. Der widerwillig durchtrainierte Tour-Analyst<\/strong><\/h3>\n<p data-start=\"3559\" data-end=\"3793\">Dieser Fan jubelt nicht. Er ruft kein \u201eAllez!\u201c. Er diskutiert keine Taktik. Er f\u00e4hrt. Und leidet. Und schwitzt. Und wirft dabei ab und zu einen Blick auf die Tour \u2013 w\u00e4hrend er Intervalltraining im Schwellenbereich auf der Rolle f\u00e4hrt.<\/p>\n<p data-start=\"3795\" data-end=\"4145\">Er kennt die Regeln. Er wei\u00df, wer im Gelben Trikot steckt. Aber frag ihn nicht, warum die Ausrei\u00dfergruppe durchkam oder welches Team taktisch am besten war. Er hat\u2019s nicht gesehen. Er war gerade in Zone 4, halb blind vor Anstrengung, auf dem imagin\u00e4ren Weg zum Col du Tourmalet \u2013 w\u00e4hrend er versucht hat, keinen Schwei\u00df ins Headset tropfen zu lassen.<\/p>\n<blockquote class=\"instagram-media\" style=\"background: #FFF; border: 0; border-radius: 3px; box-shadow: 0 0 1px 0 rgba(0,0,0,0.5),0 1px 10px 0 rgba(0,0,0,0.15); margin: 1px; max-width: 540px; min-width: 326px; padding: 0; width: calc(100% - 2px);\" data-instgrm-captioned=\"\" data-instgrm-permalink=\"https:\/\/www.instagram.com\/p\/DL1uJIZs8IP\/?utm_source=ig_embed&amp;utm_campaign=loading\" data-instgrm-version=\"14\">\n<div style=\"padding: 16px;\">\n<p>&nbsp;<\/p>\n<div style=\"display: flex; flex-direction: row; align-items: center;\">\n<div style=\"background-color: #f4f4f4; border-radius: 50%; flex-grow: 0; height: 40px; margin-right: 14px; width: 40px;\"><\/div>\n<div style=\"display: flex; flex-direction: column; flex-grow: 1; justify-content: center;\">\n<div style=\"background-color: #f4f4f4; border-radius: 4px; flex-grow: 0; height: 14px; margin-bottom: 6px; width: 100px;\"><\/div>\n<div style=\"background-color: #f4f4f4; border-radius: 4px; flex-grow: 0; height: 14px; width: 60px;\"><\/div>\n<\/div>\n<\/div>\n<div style=\"padding: 19% 0;\"><\/div>\n<div style=\"display: block; height: 50px; margin: 0 auto 12px; width: 50px;\"><\/div>\n<div style=\"padding-top: 8px;\">\n<div style=\"color: #3897f0; font-family: Arial,sans-serif; font-size: 14px; font-style: normal; font-weight: 550; line-height: 18px;\">Sieh dir diesen Beitrag auf Instagram an<\/div>\n<\/div>\n<div style=\"padding: 12.5% 0;\"><\/div>\n<div style=\"display: flex; flex-direction: row; margin-bottom: 14px; align-items: center;\">\n<div>\n<div style=\"background-color: #f4f4f4; border-radius: 50%; height: 12.5px; width: 12.5px; transform: translateX(0px) translateY(7px);\"><\/div>\n<div style=\"background-color: #f4f4f4; height: 12.5px; transform: rotate(-45deg) translateX(3px) translateY(1px); width: 12.5px; flex-grow: 0; margin-right: 14px; margin-left: 2px;\"><\/div>\n<div style=\"background-color: #f4f4f4; border-radius: 50%; height: 12.5px; width: 12.5px; transform: translateX(9px) translateY(-18px);\"><\/div>\n<\/div>\n<div style=\"margin-left: 8px;\">\n<div style=\"background-color: #f4f4f4; border-radius: 50%; flex-grow: 0; height: 20px; width: 20px;\"><\/div>\n<div style=\"width: 0; height: 0; border-top: 2px solid transparent; border-left: 6px solid #f4f4f4; border-bottom: 2px solid transparent; transform: translateX(16px) translateY(-4px) rotate(30deg);\"><\/div>\n<\/div>\n<div style=\"margin-left: auto;\">\n<div style=\"width: 0px; border-top: 8px solid #F4F4F4; border-right: 8px solid transparent; transform: translateY(16px);\"><\/div>\n<div style=\"background-color: #f4f4f4; flex-grow: 0; height: 12px; width: 16px; transform: translateY(-4px);\"><\/div>\n<div style=\"width: 0; height: 0; border-top: 8px solid #F4F4F4; border-left: 8px solid transparent; transform: translateY(-4px) translateX(8px);\"><\/div>\n<\/div>\n<\/div>\n<div style=\"display: flex; flex-direction: column; flex-grow: 1; justify-content: center; margin-bottom: 24px;\">\n<div style=\"background-color: #f4f4f4; border-radius: 4px; flex-grow: 0; height: 14px; margin-bottom: 6px; width: 224px;\"><\/div>\n<div style=\"background-color: #f4f4f4; border-radius: 4px; flex-grow: 0; height: 14px; width: 144px;\"><\/div>\n<\/div>\n<p>&nbsp;<\/p>\n<p style=\"color: #c9c8cd; font-family: Arial,sans-serif; font-size: 14px; line-height: 17px; margin-bottom: 0; margin-top: 8px; overflow: hidden; padding: 8px 0 7px; text-align: center; text-overflow: ellipsis; white-space: nowrap;\"><a style=\"color: #c9c8cd; font-family: Arial,sans-serif; font-size: 14px; font-style: normal; font-weight: normal; line-height: 17px; text-decoration: none;\" href=\"https:\/\/www.instagram.com\/p\/DL1uJIZs8IP\/?utm_source=ig_embed&amp;utm_campaign=loading\" target=\"_blank\" rel=\"noopener\">Ein Beitrag geteilt von We Love Cycling (@welovecycling.de)<\/a><\/p>\n<\/div>\n<\/blockquote>\n<p><script async src=\"\/\/www.instagram.com\/embed.js\"><\/script><\/p>\n<p data-start=\"4147\" data-end=\"4335\">Wenn er eine Etappe live sieht, dann nur, weil er eh gerade auf der Rolle sitzt. Sonst reicht auch ein Blick auf die Statistiken und ein gemurmeltes: \u201eF\u00fcnf Watt pro Kilo? K\u00f6nnte ich auch.\u201c<\/p>\n<p data-start=\"4337\" data-end=\"4607\">Er f\u00e4hrt nicht aus Leidenschaft. Er f\u00e4hrt, weil sein K\u00f6rper es verlangt. Sein Ruhepuls ist niedriger als dein WLAN-Signal. Sein FTP ist seine emotionale Bezugsperson. Er hat mehr Caf\u00e9-Stopps ausgelassen als Trainingseinheiten. Leidenschaft? Optional. Pr\u00e4zision? Pflicht.<\/p>\n<p data-start=\"4609\" data-end=\"4905\">Vergleiche mit Profis? Nicht aus Hybris \u2013 aus <em data-start=\"4655\" data-end=\"4669\">Datenanalyse<\/em>. Er wei\u00df, dass er kein WorldTour-Fahrer ist. Aber er wei\u00df auch, wie lange er im Feld mithalten k\u00f6nnte \u2013 solange Windschatten erlaubt ist und die Steigung 3\u202f% nicht \u00fcbersteigt. F\u00fcr ihn ist die Tour kein Spektakel, sondern ein Benchmark.<\/p>\n<p data-start=\"4907\" data-end=\"5039\">Wer gewinnt? Interessiert ihn nur am Rande. Wichtig ist: Wie viele Watt hat\u2019s gekostet \u2013 und schafft er das auch? Vor dem Fr\u00fchst\u00fcck?<\/p>\n<hr data-start=\"5041\" data-end=\"5044\" \/>\n<h3 data-start=\"5046\" data-end=\"5076\"><strong data-start=\"5050\" data-end=\"5076\">4. Der verkappte Profi<\/strong><\/h3>\n<p data-start=\"5078\" data-end=\"5127\">Dieser Fan schaut die Tour nicht \u2013 er <em data-start=\"5116\" data-end=\"5122\">lebt<\/em> sie.<\/p>\n<p data-start=\"5129\" data-end=\"5350\">Er fragt nicht, wer die Etappe gewonnen hat \u2013 er <em data-start=\"5178\" data-end=\"5184\">wei\u00df<\/em> es l\u00e4ngst. Er hat sie zweimal live gesehen. Dann in Zeitlupe. Dann mit Kommentar in drei Sprachen, um auch die taktischen Nuancen der letzten 500 Meter zu verstehen.<\/p>\n<p data-start=\"5352\" data-end=\"5496\">Er kennt die Teams, die Taktik, die Wattzahlen, die \u00dcbersetzungen, die Psyche. Er liebt die Tour nicht nur \u2013 er <em data-start=\"5464\" data-end=\"5471\">f\u00e4hrt<\/em>, als w\u00e4re er Teil davon.<\/p>\n<p data-start=\"5498\" data-end=\"5683\">Jeden Juli klettert er bei 38 Grad auf einen franz\u00f6sischen Pass \u2013 umringt von schreienden Fans, Kuhglocken und Teufelsh\u00f6rnern \u2013 denn vom Sofa aus gucken ist f\u00fcr Leute ohne Kletterbeine.<\/p>\n<p data-start=\"5685\" data-end=\"5961\">Er verpasst kein L\u2019\u00c9tape. Und wenn er nicht unter den Top 100 landet, \u00fcberlegt er, ob er die Sportart wechseln sollte. Seine Ausr\u00fcstung ist perfekt abgestimmt, der Ern\u00e4hrungsplan eine Excel-Tabelle, sein Ruhepuls verd\u00e4chtig niedrig, selbst wenn er sich \u00fcber Etappe 12 aufregt.<\/p>\n<p data-start=\"5963\" data-end=\"6206\">Seine Trainingsfahrten sind strukturiert, brutal \u2013 und <em data-start=\"6018\" data-end=\"6028\">zuf\u00e4llig<\/em> genau dann geplant, wenn wichtige Etappen laufen. Damit er parallel dazu die gleiche H\u00f6henmeterzahl fahren kann. Auf der Rolle. Oberk\u00f6rperfrei. In einer Pf\u00fctze aus Elektrolyten.<\/p>\n<p data-start=\"6208\" data-end=\"6304\">Sein Lieblingstour-Moment? Bitte um Pr\u00e4zisierung: \u201eWelches Jahr? Welche Etappe? Welcher Fahrer?\u201c<\/p>\n<p data-start=\"6306\" data-end=\"6454\">So viel Leidenschaft kommt nicht von ungef\u00e4hr. Man lebt sie, als h\u00e4tte das Traumteam einen ghosten lassen \u2013 und man wartet nur noch auf den R\u00fcckruf.<\/p>\n<hr data-start=\"6456\" data-end=\"6459\" \/>\n<h3 data-start=\"6461\" data-end=\"6485\"><strong data-start=\"6465\" data-end=\"6485\">Na? Wer bist du?<\/strong><\/h3>\n<p data-start=\"6487\" data-end=\"6622\">Vielleicht hast du dich in einem Typen wiedererkannt. Vielleicht in allen \u2013 je nach Etappenprofil, Wetterlage oder Geb\u00e4ckverf\u00fcgbarkeit.<\/p>\n<p data-start=\"6624\" data-end=\"6811\">Das ist die Magie der Tour de France: Sie zeigt nicht nur die st\u00e4rksten Fahrer der Welt \u2013 sie legt auch deine Macken offen. Deine Rituale. Deine espresso-befeuerte Meinung zur Renntaktik.<\/p>\n<p data-start=\"6813\" data-end=\"6954\">Ob du Watt trittst wie f\u00fcrs Podium oder vom Sofa aus \u201eC\u2019est la tactique!\u201c rufst \u2013 <strong data-start=\"6895\" data-end=\"6914\">du geh\u00f6rst dazu<\/strong>. Auf deine ganz eigene, wunderbare Art.<\/p>\n<p data-start=\"6956\" data-end=\"6966\">Und jetzt?<\/p>\n<p data-start=\"6968\" data-end=\"7095\">Mach den Test. Finde heraus, welcher Tour-de-France-Fan wirklich in dir steckt.<br data-start=\"7047\" data-end=\"7050\" \/>Keine Aufw\u00e4rmphase n\u00f6tig. Es gibt einfach so tolle Preise zu gewinnen!<\/p>\n<p data-start=\"7097\" data-end=\"7170\">\ud83d\udc49 <strong data-start=\"7100\" data-end=\"7112\">Zum Quiz<\/strong> \u2013 direkt loslegen und deinen Tour-Alter-Ego kennenlernen.<\/p>\n","protected":false},"excerpt":{"rendered":"<p>Erkennst du dich wieder? Die 4 Typen von Tour-de-France-Fans Es ist wieder so weit. Eben warst du noch ein ganz [&hellip;]<\/p>\n","protected":false},"author":115,"featured_media":11745,"comment_status":"open","ping_status":"open","sticky":false,"template":"","format":"standard","meta":{"footnotes":""},"categories":[1,121,120],"tags":[],"global-categories":[19],"class_list":["post-11743","post","type-post","status-publish","format-standard","has-post-thumbnail","hentry","category-allgemein","category-road-cycling","category-tour-de-france-2025","global-categories-cycling"],"yoast_head":"<!-- This site is optimized with the Yoast SEO Premium plugin v25.3 (Yoast SEO v25.9) - https:\/\/yoast.com\/wordpress\/plugins\/seo\/ -->\n<title>Erkennst du dich wieder? Die 4 Typen von Tour-de-France-Fans - \u0160koda We Love Cycling - Deutschland<\/title>\n<meta name=\"robots\" content=\"index, follow, max-snippet:-1, max-image-preview:large, max-video-preview:-1\" \/>\n<link rel=\"canonical\" href=\"https:\/\/www.welovecycling.com\/de\/2025\/07\/09\/erkennst-du-dich-wieder-die-4-typen-von-tour-de-france-fans\/\" \/>\n<meta property=\"og:locale\" content=\"de_DE\" \/>\n<meta property=\"og:type\" content=\"article\" \/>\n<meta property=\"og:title\" content=\"Erkennst du dich wieder? Die 4 Typen von Tour-de-France-Fans\" \/>\n<meta property=\"og:description\" content=\"Erkennst du dich wieder? Die 4 Typen von Tour-de-France-Fans Es ist wieder so weit. Eben warst du noch ein ganz [&hellip;]\" \/>\n<meta property=\"og:url\" content=\"https:\/\/www.welovecycling.com\/de\/2025\/07\/09\/erkennst-du-dich-wieder-die-4-typen-von-tour-de-france-fans\/\" \/>\n<meta property=\"og:site_name\" content=\"\u0160koda We Love Cycling - Deutschland\" \/>\n<meta property=\"article:published_time\" content=\"2025-07-09T09:03:56+00:00\" \/>\n<meta property=\"article:modified_time\" content=\"2025-07-09T09:39:22+00:00\" \/>\n<meta property=\"og:image\" content=\"https:\/\/d2p6e6u75xmxt8.cloudfront.net\/10\/2025\/07\/Screenshot-19.webp\" \/>\n\t<meta property=\"og:image:width\" content=\"984\" \/>\n\t<meta property=\"og:image:height\" content=\"654\" \/>\n\t<meta property=\"og:image:type\" content=\"image\/webp\" \/>\n<meta name=\"author\" content=\"jbraeker\" \/>\n<meta name=\"twitter:card\" content=\"summary_large_image\" \/>\n<meta name=\"twitter:label1\" content=\"Written by\" \/>\n\t<meta name=\"twitter:data1\" content=\"Martin Atanasov\" \/>\n\t<meta name=\"twitter:label2\" content=\"Est. reading time\" \/>\n\t<meta name=\"twitter:data2\" content=\"4\" \/>\n<script type=\"application\/ld+json\" class=\"yoast-schema-graph\">{\"@context\":\"https:\/\/schema.org\",\"@graph\":[{\"@type\":\"WebPage\",\"@id\":\"https:\/\/www.welovecycling.com\/de\/2025\/07\/09\/erkennst-du-dich-wieder-die-4-typen-von-tour-de-france-fans\/\",\"url\":\"https:\/\/www.welovecycling.com\/de\/2025\/07\/09\/erkennst-du-dich-wieder-die-4-typen-von-tour-de-france-fans\/\",\"name\":\"Erkennst du dich wieder? Die 4 Typen von Tour-de-France-Fans - \u0160koda We Love Cycling - Deutschland\",\"isPartOf\":{\"@id\":\"https:\/\/www.welovecycling.com\/de\/#website\"},\"primaryImageOfPage\":{\"@id\":\"https:\/\/www.welovecycling.com\/de\/2025\/07\/09\/erkennst-du-dich-wieder-die-4-typen-von-tour-de-france-fans\/#primaryimage\"},\"image\":{\"@id\":\"https:\/\/www.welovecycling.com\/de\/2025\/07\/09\/erkennst-du-dich-wieder-die-4-typen-von-tour-de-france-fans\/#primaryimage\"},\"thumbnailUrl\":\"https:\/\/d2p6e6u75xmxt8.cloudfront.net\/10\/2025\/07\/Screenshot-19.webp\",\"datePublished\":\"2025-07-09T09:03:56+00:00\",\"dateModified\":\"2025-07-09T09:39:22+00:00\",\"author\":{\"@id\":\"https:\/\/www.welovecycling.com\/de\/#\/schema\/person\/915694b3c8d0de9019932587781ba6b3\"},\"breadcrumb\":{\"@id\":\"https:\/\/www.welovecycling.com\/de\/2025\/07\/09\/erkennst-du-dich-wieder-die-4-typen-von-tour-de-france-fans\/#breadcrumb\"},\"inLanguage\":\"de-DE\",\"potentialAction\":[{\"@type\":\"ReadAction\",\"target\":[\"https:\/\/www.welovecycling.com\/de\/2025\/07\/09\/erkennst-du-dich-wieder-die-4-typen-von-tour-de-france-fans\/\"]}]},{\"@type\":\"ImageObject\",\"inLanguage\":\"de-DE\",\"@id\":\"https:\/\/www.welovecycling.com\/de\/2025\/07\/09\/erkennst-du-dich-wieder-die-4-typen-von-tour-de-france-fans\/#primaryimage\",\"url\":\"https:\/\/d2p6e6u75xmxt8.cloudfront.net\/10\/2025\/07\/Screenshot-19.webp\",\"contentUrl\":\"https:\/\/d2p6e6u75xmxt8.cloudfront.net\/10\/2025\/07\/Screenshot-19.webp\",\"width\":984,\"height\":654},{\"@type\":\"BreadcrumbList\",\"@id\":\"https:\/\/www.welovecycling.com\/de\/2025\/07\/09\/erkennst-du-dich-wieder-die-4-typen-von-tour-de-france-fans\/#breadcrumb\",\"itemListElement\":[{\"@type\":\"ListItem\",\"position\":1,\"name\":\"Home\",\"item\":\"https:\/\/www.welovecycling.com\/de\/\"},{\"@type\":\"ListItem\",\"position\":2,\"name\":\"Erkennst du dich wieder? Die 4 Typen von Tour-de-France-Fans\"}]},{\"@type\":\"WebSite\",\"@id\":\"https:\/\/www.welovecycling.com\/de\/#website\",\"url\":\"https:\/\/www.welovecycling.com\/de\/\",\"name\":\"\u0160koda We Love Cycling - Deutschland\",\"description\":\"Just another \u0160koda WeLoveCycling Sites site\",\"potentialAction\":[{\"@type\":\"SearchAction\",\"target\":{\"@type\":\"EntryPoint\",\"urlTemplate\":\"https:\/\/www.welovecycling.com\/de\/?s={search_term_string}\"},\"query-input\":{\"@type\":\"PropertyValueSpecification\",\"valueRequired\":true,\"valueName\":\"search_term_string\"}}],\"inLanguage\":\"de-DE\"},{\"@type\":\"Person\",\"@id\":\"https:\/\/www.welovecycling.com\/de\/#\/schema\/person\/915694b3c8d0de9019932587781ba6b3\",\"name\":\"jbraeker\",\"image\":{\"@type\":\"ImageObject\",\"inLanguage\":\"de-DE\",\"@id\":\"https:\/\/www.welovecycling.com\/de\/#\/schema\/person\/image\/\",\"url\":\"https:\/\/secure.gravatar.com\/avatar\/8b4aea90e4535aae30b5b720249e5b723ae59fcf3d54757dd8b748d97b46d3c9?s=96&d=mm&r=g\",\"contentUrl\":\"https:\/\/secure.gravatar.com\/avatar\/8b4aea90e4535aae30b5b720249e5b723ae59fcf3d54757dd8b748d97b46d3c9?s=96&d=mm&r=g\",\"caption\":\"jbraeker\"},\"url\":\"https:\/\/www.welovecycling.com\/de\/author\/jbraeker\/\"}]}<\/script>\n<!-- \/ Yoast SEO Premium plugin. -->","yoast_head_json":{"title":"Erkennst du dich wieder? Die 4 Typen von Tour-de-France-Fans - \u0160koda We Love Cycling - Deutschland","robots":{"index":"index","follow":"follow","max-snippet":"max-snippet:-1","max-image-preview":"max-image-preview:large","max-video-preview":"max-video-preview:-1"},"canonical":"https:\/\/www.welovecycling.com\/de\/2025\/07\/09\/erkennst-du-dich-wieder-die-4-typen-von-tour-de-france-fans\/","og_locale":"de_DE","og_type":"article","og_title":"Erkennst du dich wieder? Die 4 Typen von Tour-de-France-Fans","og_description":"Erkennst du dich wieder? Die 4 Typen von Tour-de-France-Fans Es ist wieder so weit. Eben warst du noch ein ganz [&hellip;]","og_url":"https:\/\/www.welovecycling.com\/de\/2025\/07\/09\/erkennst-du-dich-wieder-die-4-typen-von-tour-de-france-fans\/","og_site_name":"\u0160koda We Love Cycling - Deutschland","article_published_time":"2025-07-09T09:03:56+00:00","article_modified_time":"2025-07-09T09:39:22+00:00","og_image":[{"width":984,"height":654,"url":"https:\/\/d2p6e6u75xmxt8.cloudfront.net\/10\/2025\/07\/Screenshot-19.webp","type":"image\/webp"}],"author":"jbraeker","twitter_card":"summary_large_image","twitter_misc":{"Written by":"Martin Atanasov","Est. reading time":"4"},"schema":{"@context":"https:\/\/schema.org","@graph":[{"@type":"WebPage","@id":"https:\/\/www.welovecycling.com\/de\/2025\/07\/09\/erkennst-du-dich-wieder-die-4-typen-von-tour-de-france-fans\/","url":"https:\/\/www.welovecycling.com\/de\/2025\/07\/09\/erkennst-du-dich-wieder-die-4-typen-von-tour-de-france-fans\/","name":"Erkennst du dich wieder? Die 4 Typen von Tour-de-France-Fans - \u0160koda We Love Cycling - Deutschland","isPartOf":{"@id":"https:\/\/www.welovecycling.com\/de\/#website"},"primaryImageOfPage":{"@id":"https:\/\/www.welovecycling.com\/de\/2025\/07\/09\/erkennst-du-dich-wieder-die-4-typen-von-tour-de-france-fans\/#primaryimage"},"image":{"@id":"https:\/\/www.welovecycling.com\/de\/2025\/07\/09\/erkennst-du-dich-wieder-die-4-typen-von-tour-de-france-fans\/#primaryimage"},"thumbnailUrl":"https:\/\/d2p6e6u75xmxt8.cloudfront.net\/10\/2025\/07\/Screenshot-19.webp","datePublished":"2025-07-09T09:03:56+00:00","dateModified":"2025-07-09T09:39:22+00:00","author":{"@id":"https:\/\/www.welovecycling.com\/de\/#\/schema\/person\/915694b3c8d0de9019932587781ba6b3"},"breadcrumb":{"@id":"https:\/\/www.welovecycling.com\/de\/2025\/07\/09\/erkennst-du-dich-wieder-die-4-typen-von-tour-de-france-fans\/#breadcrumb"},"inLanguage":"de-DE","potentialAction":[{"@type":"ReadAction","target":["https:\/\/www.welovecycling.com\/de\/2025\/07\/09\/erkennst-du-dich-wieder-die-4-typen-von-tour-de-france-fans\/"]}]},{"@type":"ImageObject","inLanguage":"de-DE","@id":"https:\/\/www.welovecycling.com\/de\/2025\/07\/09\/erkennst-du-dich-wieder-die-4-typen-von-tour-de-france-fans\/#primaryimage","url":"https:\/\/d2p6e6u75xmxt8.cloudfront.net\/10\/2025\/07\/Screenshot-19.webp","contentUrl":"https:\/\/d2p6e6u75xmxt8.cloudfront.net\/10\/2025\/07\/Screenshot-19.webp","width":984,"height":654},{"@type":"BreadcrumbList","@id":"https:\/\/www.welovecycling.com\/de\/2025\/07\/09\/erkennst-du-dich-wieder-die-4-typen-von-tour-de-france-fans\/#breadcrumb","itemListElement":[{"@type":"ListItem","position":1,"name":"Home","item":"https:\/\/www.welovecycling.com\/de\/"},{"@type":"ListItem","position":2,"name":"Erkennst du dich wieder? Die 4 Typen von Tour-de-France-Fans"}]},{"@type":"WebSite","@id":"https:\/\/www.welovecycling.com\/de\/#website","url":"https:\/\/www.welovecycling.com\/de\/","name":"\u0160koda We Love Cycling - Deutschland","description":"Just another \u0160koda WeLoveCycling Sites site","potentialAction":[{"@type":"SearchAction","target":{"@type":"EntryPoint","urlTemplate":"https:\/\/www.welovecycling.com\/de\/?s={search_term_string}"},"query-input":{"@type":"PropertyValueSpecification","valueRequired":true,"valueName":"search_term_string"}}],"inLanguage":"de-DE"},{"@type":"Person","@id":"https:\/\/www.welovecycling.com\/de\/#\/schema\/person\/915694b3c8d0de9019932587781ba6b3","name":"jbraeker","image":{"@type":"ImageObject","inLanguage":"de-DE","@id":"https:\/\/www.welovecycling.com\/de\/#\/schema\/person\/image\/","url":"https:\/\/secure.gravatar.com\/avatar\/8b4aea90e4535aae30b5b720249e5b723ae59fcf3d54757dd8b748d97b46d3c9?s=96&d=mm&r=g","contentUrl":"https:\/\/secure.gravatar.com\/avatar\/8b4aea90e4535aae30b5b720249e5b723ae59fcf3d54757dd8b748d97b46d3c9?s=96&d=mm&r=g","caption":"jbraeker"},"url":"https:\/\/www.welovecycling.com\/de\/author\/jbraeker\/"}]}},"_links":{"self":[{"href":"https:\/\/www.welovecycling.com\/de\/wp-json\/wp\/v2\/posts\/11743","targetHints":{"allow":["GET"]}}],"collection":[{"href":"https:\/\/www.welovecycling.com\/de\/wp-json\/wp\/v2\/posts"}],"about":[{"href":"https:\/\/www.welovecycling.com\/de\/wp-json\/wp\/v2\/types\/post"}],"author":[{"embeddable":true,"href":"https:\/\/www.welovecycling.com\/de\/wp-json\/wp\/v2\/users\/115"}],"replies":[{"embeddable":true,"href":"https:\/\/www.welovecycling.com\/de\/wp-json\/wp\/v2\/comments?post=11743"}],"version-history":[{"count":2,"href":"https:\/\/www.welovecycling.com\/de\/wp-json\/wp\/v2\/posts\/11743\/revisions"}],"predecessor-version":[{"id":11750,"href":"https:\/\/www.welovecycling.com\/de\/wp-json\/wp\/v2\/posts\/11743\/revisions\/11750"}],"wp:featuredmedia":[{"embeddable":true,"href":"https:\/\/www.welovecycling.com\/de\/wp-json\/wp\/v2\/media\/11745"}],"wp:attachment":[{"href":"https:\/\/www.welovecycling.com\/de\/wp-json\/wp\/v2\/media?parent=11743"}],"wp:term":[{"taxonomy":"category","embeddable":true,"href":"https:\/\/www.welovecycling.com\/de\/wp-json\/wp\/v2\/categories?post=11743"},{"taxonomy":"post_tag","embeddable":true,"href":"https:\/\/www.welovecycling.com\/de\/wp-json\/wp\/v2\/tags?post=11743"},{"taxonomy":"global-categories","embeddable":true,"href":"https:\/\/www.welovecycling.com\/de\/wp-json\/wp\/v2\/global-categories?post=11743"}],"curies":[{"name":"wp","href":"https:\/\/api.w.org\/{rel}","templated":true}]}}