{"id":11723,"date":"2025-07-07T16:00:47","date_gmt":"2025-07-07T15:00:47","guid":{"rendered":"https:\/\/www.welovecycling.com\/de\/?p=11723"},"modified":"2025-07-08T08:18:19","modified_gmt":"2025-07-08T07:18:19","slug":"andy-schlecks-solo-fahrt-auf-den-legendaeren-col-du-galibier","status":"publish","type":"post","link":"https:\/\/www.welovecycling.com\/de\/2025\/07\/07\/andy-schlecks-solo-fahrt-auf-den-legendaeren-col-du-galibier\/","title":{"rendered":"Andy Schlecks Solo-Fahrt auf den legend\u00e4ren Col du Galibier"},"content":{"rendered":"<lite-youtube videoid=Lpyc1H08u6E params=\"enablejsapi=1\" style=\"background-image: url('https:\/\/i.ytimg.com\/vi_webp\/Lpyc1H08u6E\/maxresdefault.webp');\"><\/lite-youtube>\n<p data-start=\"105\" data-end=\"438\">Als Andy Schleck im Jahr 2011 am Fu\u00df des gef\u00fcrchteten Col du Galibier in der Tour de France ankam, war er 26 Jahre alt \u2013 und hatte keinen Grund zu glauben, dass seine atemberaubende Solo-Fahrt auf diesen ikonischen und sehr langen Anstieg (22,7 km bei durchschnittlich 5,1 % Steigung) der letzte Sieg seiner Profikarriere sein w\u00fcrde.<\/p>\n<p data-start=\"440\" data-end=\"914\">Doch genau so kam es. Einer von nur vier Luxemburgern, die jemals die Tour de France gewonnen haben, beendete Schleck seine Karriere mit nur 29 Jahren. Grund war eine Knieverletzung, die er sich bei einem Sturz w\u00e4hrend der Tour 2014 zuzog. Der Knorpelschaden war so schwer, dass \u00c4rzte ihm dringend vom Weitermachen abrieten \u2013 sonst drohten irreversible Sch\u00e4den. Doch als er den Galibier in Angriff nahm, konnte er noch hoffen, sich seinen zweiten Toursieg in Folge zu holen.<\/p>\n<h3 data-start=\"916\" data-end=\"954\">Der Galibier \u2013 ein Gigant der Tour<\/h3>\n<p data-start=\"956\" data-end=\"1295\">Der Col du Galibier ist kein gew\u00f6hnlicher Berg. Mit 2.642 Metern H\u00f6he ist er die achtth\u00f6chste asphaltierte Stra\u00dfe der Alpen und meist der h\u00f6chste Punkt der Tour de France. Seit 1911 ist er ein fester Bestandteil der Rundfahrt, Schauplatz zahlloser epischer Duelle \u2013 und feierte in jenem Jahr sein hundertj\u00e4hriges Jubil\u00e4um als Tour-Legende.<\/p>\n<p data-start=\"1297\" data-end=\"1889\">F\u00fcr das Team Leopard Trek fahrend, lag Schleck vor der 18. Etappe auf Platz 4 der Gesamtwertung \u2013 2:36 Minuten hinter dem F\u00fchrenden Thomas Voeckler (Team Europcar). Der sp\u00e4tere Toursieger Cadel Evans (BMC Racing) lag 1:18 zur\u00fcck, Schlecks \u00e4lterer Bruder und Teamkollege <a href=\"https:\/\/www.procyclingstats.com\/rider\/frank-schleck\">Fr\u00e4nk<\/a> Schleck war Dritter mit 1:22 R\u00fcckstand. Es schien unwahrscheinlich, dass Andy in einer einzigen Etappe alle vier Rivalen \u00fcberholen k\u00f6nnte \u2013 aber nicht unm\u00f6glich. Und er hatte einen Plan: einen Angriff mehr als 60 Kilometer vor dem Ziel auf der 189 Kilometer langen Strecke von Pinerolo nach Galibier Serre-Chevalier.<\/p>\n<hr data-start=\"1891\" data-end=\"1894\" \/>\n<p data-start=\"1896\" data-end=\"2098\"><a href=\"https:\/\/d2p6e6u75xmxt8.cloudfront.net\/10\/2025\/07\/Screenshot-12.webp\"><img loading=\"lazy\" decoding=\"async\" class=\"alignnone wp-image-11724\" src=\"https:\/\/d2p6e6u75xmxt8.cloudfront.net\/10\/2025\/07\/Screenshot-12-300x199.webp\" alt=\"\" width=\"589\" height=\"391\" srcset=\"https:\/\/d2p6e6u75xmxt8.cloudfront.net\/10\/2025\/07\/Screenshot-12-300x199.webp 300w, https:\/\/d2p6e6u75xmxt8.cloudfront.net\/10\/2025\/07\/Screenshot-12-768x510.webp 768w, https:\/\/d2p6e6u75xmxt8.cloudfront.net\/10\/2025\/07\/Screenshot-12-400x265.webp 400w, https:\/\/d2p6e6u75xmxt8.cloudfront.net\/10\/2025\/07\/Screenshot-12-272x182.webp 272w, https:\/\/d2p6e6u75xmxt8.cloudfront.net\/10\/2025\/07\/Screenshot-12.webp 788w\" sizes=\"auto, (max-width: 589px) 100vw, 589px\" \/><\/a><br data-start=\"1912\" data-end=\"1915\" \/><span style=\"font-size: 8pt;\">Einer von nur vier Luxemburgern, die jemals die Tour de France gewonnen haben. Schleck trat mit 29 Jahren zur\u00fcck \u2013 nach einer schweren Knieverletzung bei der Tour 2014.<\/span><br data-start=\"2083\" data-end=\"2086\" \/><span style=\"font-size: 8pt;\">\u00a9 Profimedia<\/span><\/p>\n<hr data-start=\"2100\" data-end=\"2103\" \/>\n<p data-start=\"2105\" data-end=\"2552\">Es war ein riskanter, fast verzweifelter Plan \u2013 ein Ritt auf Messers Schneide: entweder Triumph oder ein R\u00fcckfall in der Gesamtwertung. Nach der Etappe sagte <a href=\"https:\/\/velo.outsideonline.com\/road\/road-racing\/tour-de-france\/gutsy-andy-schleck-soloes-for-60k-takes-stage-win-and-positions-for-tour-win\">Schleck<\/a>:<br data-start=\"2271\" data-end=\"2274\" \/>\u201eIch wollte nicht Vierter in Paris werden. Ich habe mir gesagt: Ich riskiere alles. Entweder es funktioniert oder es geht schief. So bin ich nun mal: Ich habe keine Angst zu verlieren. Und wenn mir vorne die Beine wehtun, dann tun sie den anderen beim Verfolgen erst recht weh.\u201c<\/p>\n<p data-start=\"2554\" data-end=\"3133\">Seine Attacke begann schon auf halber H\u00f6he eines anderen Tour-Monuments: dem Col d\u2019Izoard (14,1 km bei 7 %). Nachdem Jens Voigt das Tempo angezogen hatte, nutzte Schleck die Gelegenheit, aus dem Windschatten heraus eine L\u00fccke zu rei\u00dfen \u2013 w\u00e4hrend seine Rivalen z\u00f6gerten und auf die Initiative anderer warteten. Auf dem Anstieg wurde Schleck von seinem Teamkollegen Jens Posthuma empfangen, der Teil einer fr\u00fcheren Ausrei\u00dfergruppe gewesen war und nun auf ihn wartete. Posthuma machte Tempo f\u00fcr den Rest des Anstiegs, und Schlecks Vorsprung auf die Favoriten wuchs auf 2:18 Minuten.<\/p>\n<p data-start=\"3135\" data-end=\"3408\">Auf der Abfahrt und dem anschlie\u00dfenden Flachst\u00fcck bis zum Fu\u00dfe des Galibier sammelte Schleck weitere Ausrei\u00dfer ein. Gemeinsam vergr\u00f6\u00dferten sie den Abstand zum Peloton auf 3:46 Minuten. Mit diesem Zeitpolster schien das Gelbe Trikot greifbar nah \u2013 doch es sollte nicht sein.<\/p>\n<p data-start=\"3410\" data-end=\"3940\">Die Konkurrenz formierte sich schlie\u00dflich zur Verfolgung \u2013 mit dem Vorteil der Teamarbeit gegen den Solisten. Der \u00fcberraschend starke Voeckler, der als erster Franzose seit Bernard Hinault 1985 die Tour gewinnen wollte, minimierte seinen R\u00fcckstand auf 2:21 Minuten und rettete 15 Sekunden Vorsprung auf Schleck im Gesamtklassement. Wichtiger f\u00fcr das Endergebnis: Evans lag nach der Etappe nur noch 1:12 Minuten hinter Schleck \u2013 eine L\u00fccke, die er im Zeitfahren der 20. Etappe mehr als wettmachte, wo er 2:31 Minuten schneller war.<\/p>\n<p data-start=\"3942\" data-end=\"4305\">Andy Schleck beendete die Tour auf Platz zwei, 1:34 Minuten hinter dem Sieger \u2013 aber mit dem gro\u00dfen Triumph, den Col du Galibier in einer Solo-Aktion bezwungen zu haben. Der Rest seiner Karriere war gepr\u00e4gt von Verletzungen. 2012 konnte er nicht an der Tour teilnehmen, 2013 wurde er nur 20., 2014 st\u00fcrzte er in der dritten Etappe \u2013 sein letztes Rennen als Profi.<\/p>\n","protected":false},"excerpt":{"rendered":"<p>Als Andy Schleck im Jahr 2011 am Fu\u00df des gef\u00fcrchteten Col du Galibier in der Tour de France ankam, war [&hellip;]<\/p>\n","protected":false},"author":115,"featured_media":11728,"comment_status":"open","ping_status":"open","sticky":false,"template":"","format":"standard","meta":{"footnotes":""},"categories":[121],"tags":[],"global-categories":[19],"class_list":["post-11723","post","type-post","status-publish","format-standard","has-post-thumbnail","hentry","category-road-cycling","global-categories-cycling"],"yoast_head":"<!-- This site is optimized with the Yoast SEO Premium plugin v25.3 (Yoast SEO v25.9) - https:\/\/yoast.com\/wordpress\/plugins\/seo\/ -->\n<title>Andy Schlecks Solo-Fahrt auf den legend\u00e4ren Col du Galibier - \u0160koda We Love Cycling - Deutschland<\/title>\n<meta name=\"robots\" content=\"index, follow, max-snippet:-1, max-image-preview:large, max-video-preview:-1\" \/>\n<link rel=\"canonical\" href=\"https:\/\/www.welovecycling.com\/de\/2025\/07\/07\/andy-schlecks-solo-fahrt-auf-den-legendaeren-col-du-galibier\/\" \/>\n<meta property=\"og:locale\" content=\"de_DE\" \/>\n<meta property=\"og:type\" content=\"article\" \/>\n<meta property=\"og:title\" content=\"Andy Schlecks Solo-Fahrt auf den legend\u00e4ren Col du Galibier\" \/>\n<meta property=\"og:description\" content=\"Als Andy Schleck im Jahr 2011 am Fu\u00df des gef\u00fcrchteten Col du Galibier in der Tour de France ankam, war [&hellip;]\" \/>\n<meta property=\"og:url\" content=\"https:\/\/www.welovecycling.com\/de\/2025\/07\/07\/andy-schlecks-solo-fahrt-auf-den-legendaeren-col-du-galibier\/\" \/>\n<meta property=\"og:site_name\" content=\"\u0160koda We Love Cycling - Deutschland\" \/>\n<meta property=\"article:published_time\" content=\"2025-07-07T15:00:47+00:00\" \/>\n<meta property=\"article:modified_time\" content=\"2025-07-08T07:18:19+00:00\" \/>\n<meta property=\"og:image\" content=\"https:\/\/d2p6e6u75xmxt8.cloudfront.net\/10\/2025\/07\/Screenshot-13.webp\" \/>\n\t<meta property=\"og:image:width\" content=\"985\" \/>\n\t<meta property=\"og:image:height\" content=\"554\" \/>\n\t<meta property=\"og:image:type\" content=\"image\/webp\" \/>\n<meta name=\"author\" content=\"jbraeker\" \/>\n<meta name=\"twitter:card\" content=\"summary_large_image\" \/>\n<meta name=\"twitter:label1\" content=\"Written by\" \/>\n\t<meta name=\"twitter:data1\" content=\"Siegfried Mortkowitz\" \/>\n\t<meta name=\"twitter:label2\" content=\"Est. reading time\" \/>\n\t<meta name=\"twitter:data2\" content=\"3\" \/>\n<script type=\"application\/ld+json\" class=\"yoast-schema-graph\">{\"@context\":\"https:\/\/schema.org\",\"@graph\":[{\"@type\":\"WebPage\",\"@id\":\"https:\/\/www.welovecycling.com\/de\/2025\/07\/07\/andy-schlecks-solo-fahrt-auf-den-legendaeren-col-du-galibier\/\",\"url\":\"https:\/\/www.welovecycling.com\/de\/2025\/07\/07\/andy-schlecks-solo-fahrt-auf-den-legendaeren-col-du-galibier\/\",\"name\":\"Andy Schlecks Solo-Fahrt auf den legend\u00e4ren Col du Galibier - \u0160koda We Love Cycling - Deutschland\",\"isPartOf\":{\"@id\":\"https:\/\/www.welovecycling.com\/de\/#website\"},\"primaryImageOfPage\":{\"@id\":\"https:\/\/www.welovecycling.com\/de\/2025\/07\/07\/andy-schlecks-solo-fahrt-auf-den-legendaeren-col-du-galibier\/#primaryimage\"},\"image\":{\"@id\":\"https:\/\/www.welovecycling.com\/de\/2025\/07\/07\/andy-schlecks-solo-fahrt-auf-den-legendaeren-col-du-galibier\/#primaryimage\"},\"thumbnailUrl\":\"https:\/\/d2p6e6u75xmxt8.cloudfront.net\/10\/2025\/07\/Screenshot-13.webp\",\"datePublished\":\"2025-07-07T15:00:47+00:00\",\"dateModified\":\"2025-07-08T07:18:19+00:00\",\"author\":{\"@id\":\"https:\/\/www.welovecycling.com\/de\/#\/schema\/person\/915694b3c8d0de9019932587781ba6b3\"},\"breadcrumb\":{\"@id\":\"https:\/\/www.welovecycling.com\/de\/2025\/07\/07\/andy-schlecks-solo-fahrt-auf-den-legendaeren-col-du-galibier\/#breadcrumb\"},\"inLanguage\":\"de-DE\",\"potentialAction\":[{\"@type\":\"ReadAction\",\"target\":[\"https:\/\/www.welovecycling.com\/de\/2025\/07\/07\/andy-schlecks-solo-fahrt-auf-den-legendaeren-col-du-galibier\/\"]}]},{\"@type\":\"ImageObject\",\"inLanguage\":\"de-DE\",\"@id\":\"https:\/\/www.welovecycling.com\/de\/2025\/07\/07\/andy-schlecks-solo-fahrt-auf-den-legendaeren-col-du-galibier\/#primaryimage\",\"url\":\"https:\/\/d2p6e6u75xmxt8.cloudfront.net\/10\/2025\/07\/Screenshot-13.webp\",\"contentUrl\":\"https:\/\/d2p6e6u75xmxt8.cloudfront.net\/10\/2025\/07\/Screenshot-13.webp\",\"width\":985,\"height\":554},{\"@type\":\"BreadcrumbList\",\"@id\":\"https:\/\/www.welovecycling.com\/de\/2025\/07\/07\/andy-schlecks-solo-fahrt-auf-den-legendaeren-col-du-galibier\/#breadcrumb\",\"itemListElement\":[{\"@type\":\"ListItem\",\"position\":1,\"name\":\"Home\",\"item\":\"https:\/\/www.welovecycling.com\/de\/\"},{\"@type\":\"ListItem\",\"position\":2,\"name\":\"Andy Schlecks Solo-Fahrt auf den legend\u00e4ren Col du Galibier\"}]},{\"@type\":\"WebSite\",\"@id\":\"https:\/\/www.welovecycling.com\/de\/#website\",\"url\":\"https:\/\/www.welovecycling.com\/de\/\",\"name\":\"\u0160koda We Love Cycling - Deutschland\",\"description\":\"Just another \u0160koda WeLoveCycling Sites site\",\"potentialAction\":[{\"@type\":\"SearchAction\",\"target\":{\"@type\":\"EntryPoint\",\"urlTemplate\":\"https:\/\/www.welovecycling.com\/de\/?s={search_term_string}\"},\"query-input\":{\"@type\":\"PropertyValueSpecification\",\"valueRequired\":true,\"valueName\":\"search_term_string\"}}],\"inLanguage\":\"de-DE\"},{\"@type\":\"Person\",\"@id\":\"https:\/\/www.welovecycling.com\/de\/#\/schema\/person\/915694b3c8d0de9019932587781ba6b3\",\"name\":\"jbraeker\",\"image\":{\"@type\":\"ImageObject\",\"inLanguage\":\"de-DE\",\"@id\":\"https:\/\/www.welovecycling.com\/de\/#\/schema\/person\/image\/\",\"url\":\"https:\/\/secure.gravatar.com\/avatar\/8b4aea90e4535aae30b5b720249e5b723ae59fcf3d54757dd8b748d97b46d3c9?s=96&d=mm&r=g\",\"contentUrl\":\"https:\/\/secure.gravatar.com\/avatar\/8b4aea90e4535aae30b5b720249e5b723ae59fcf3d54757dd8b748d97b46d3c9?s=96&d=mm&r=g\",\"caption\":\"jbraeker\"},\"url\":\"https:\/\/www.welovecycling.com\/de\/author\/jbraeker\/\"}]}<\/script>\n<!-- \/ Yoast SEO Premium plugin. -->","yoast_head_json":{"title":"Andy Schlecks Solo-Fahrt auf den legend\u00e4ren Col du Galibier - \u0160koda We Love Cycling - Deutschland","robots":{"index":"index","follow":"follow","max-snippet":"max-snippet:-1","max-image-preview":"max-image-preview:large","max-video-preview":"max-video-preview:-1"},"canonical":"https:\/\/www.welovecycling.com\/de\/2025\/07\/07\/andy-schlecks-solo-fahrt-auf-den-legendaeren-col-du-galibier\/","og_locale":"de_DE","og_type":"article","og_title":"Andy Schlecks Solo-Fahrt auf den legend\u00e4ren Col du Galibier","og_description":"Als Andy Schleck im Jahr 2011 am Fu\u00df des gef\u00fcrchteten Col du Galibier in der Tour de France ankam, war [&hellip;]","og_url":"https:\/\/www.welovecycling.com\/de\/2025\/07\/07\/andy-schlecks-solo-fahrt-auf-den-legendaeren-col-du-galibier\/","og_site_name":"\u0160koda We Love Cycling - Deutschland","article_published_time":"2025-07-07T15:00:47+00:00","article_modified_time":"2025-07-08T07:18:19+00:00","og_image":[{"width":985,"height":554,"url":"https:\/\/d2p6e6u75xmxt8.cloudfront.net\/10\/2025\/07\/Screenshot-13.webp","type":"image\/webp"}],"author":"jbraeker","twitter_card":"summary_large_image","twitter_misc":{"Written by":"Siegfried Mortkowitz","Est. reading time":"3"},"schema":{"@context":"https:\/\/schema.org","@graph":[{"@type":"WebPage","@id":"https:\/\/www.welovecycling.com\/de\/2025\/07\/07\/andy-schlecks-solo-fahrt-auf-den-legendaeren-col-du-galibier\/","url":"https:\/\/www.welovecycling.com\/de\/2025\/07\/07\/andy-schlecks-solo-fahrt-auf-den-legendaeren-col-du-galibier\/","name":"Andy Schlecks Solo-Fahrt auf den legend\u00e4ren Col du Galibier - \u0160koda We Love Cycling - Deutschland","isPartOf":{"@id":"https:\/\/www.welovecycling.com\/de\/#website"},"primaryImageOfPage":{"@id":"https:\/\/www.welovecycling.com\/de\/2025\/07\/07\/andy-schlecks-solo-fahrt-auf-den-legendaeren-col-du-galibier\/#primaryimage"},"image":{"@id":"https:\/\/www.welovecycling.com\/de\/2025\/07\/07\/andy-schlecks-solo-fahrt-auf-den-legendaeren-col-du-galibier\/#primaryimage"},"thumbnailUrl":"https:\/\/d2p6e6u75xmxt8.cloudfront.net\/10\/2025\/07\/Screenshot-13.webp","datePublished":"2025-07-07T15:00:47+00:00","dateModified":"2025-07-08T07:18:19+00:00","author":{"@id":"https:\/\/www.welovecycling.com\/de\/#\/schema\/person\/915694b3c8d0de9019932587781ba6b3"},"breadcrumb":{"@id":"https:\/\/www.welovecycling.com\/de\/2025\/07\/07\/andy-schlecks-solo-fahrt-auf-den-legendaeren-col-du-galibier\/#breadcrumb"},"inLanguage":"de-DE","potentialAction":[{"@type":"ReadAction","target":["https:\/\/www.welovecycling.com\/de\/2025\/07\/07\/andy-schlecks-solo-fahrt-auf-den-legendaeren-col-du-galibier\/"]}]},{"@type":"ImageObject","inLanguage":"de-DE","@id":"https:\/\/www.welovecycling.com\/de\/2025\/07\/07\/andy-schlecks-solo-fahrt-auf-den-legendaeren-col-du-galibier\/#primaryimage","url":"https:\/\/d2p6e6u75xmxt8.cloudfront.net\/10\/2025\/07\/Screenshot-13.webp","contentUrl":"https:\/\/d2p6e6u75xmxt8.cloudfront.net\/10\/2025\/07\/Screenshot-13.webp","width":985,"height":554},{"@type":"BreadcrumbList","@id":"https:\/\/www.welovecycling.com\/de\/2025\/07\/07\/andy-schlecks-solo-fahrt-auf-den-legendaeren-col-du-galibier\/#breadcrumb","itemListElement":[{"@type":"ListItem","position":1,"name":"Home","item":"https:\/\/www.welovecycling.com\/de\/"},{"@type":"ListItem","position":2,"name":"Andy Schlecks Solo-Fahrt auf den legend\u00e4ren Col du Galibier"}]},{"@type":"WebSite","@id":"https:\/\/www.welovecycling.com\/de\/#website","url":"https:\/\/www.welovecycling.com\/de\/","name":"\u0160koda We Love Cycling - Deutschland","description":"Just another \u0160koda WeLoveCycling Sites site","potentialAction":[{"@type":"SearchAction","target":{"@type":"EntryPoint","urlTemplate":"https:\/\/www.welovecycling.com\/de\/?s={search_term_string}"},"query-input":{"@type":"PropertyValueSpecification","valueRequired":true,"valueName":"search_term_string"}}],"inLanguage":"de-DE"},{"@type":"Person","@id":"https:\/\/www.welovecycling.com\/de\/#\/schema\/person\/915694b3c8d0de9019932587781ba6b3","name":"jbraeker","image":{"@type":"ImageObject","inLanguage":"de-DE","@id":"https:\/\/www.welovecycling.com\/de\/#\/schema\/person\/image\/","url":"https:\/\/secure.gravatar.com\/avatar\/8b4aea90e4535aae30b5b720249e5b723ae59fcf3d54757dd8b748d97b46d3c9?s=96&d=mm&r=g","contentUrl":"https:\/\/secure.gravatar.com\/avatar\/8b4aea90e4535aae30b5b720249e5b723ae59fcf3d54757dd8b748d97b46d3c9?s=96&d=mm&r=g","caption":"jbraeker"},"url":"https:\/\/www.welovecycling.com\/de\/author\/jbraeker\/"}]}},"_links":{"self":[{"href":"https:\/\/www.welovecycling.com\/de\/wp-json\/wp\/v2\/posts\/11723","targetHints":{"allow":["GET"]}}],"collection":[{"href":"https:\/\/www.welovecycling.com\/de\/wp-json\/wp\/v2\/posts"}],"about":[{"href":"https:\/\/www.welovecycling.com\/de\/wp-json\/wp\/v2\/types\/post"}],"author":[{"embeddable":true,"href":"https:\/\/www.welovecycling.com\/de\/wp-json\/wp\/v2\/users\/115"}],"replies":[{"embeddable":true,"href":"https:\/\/www.welovecycling.com\/de\/wp-json\/wp\/v2\/comments?post=11723"}],"version-history":[{"count":3,"href":"https:\/\/www.welovecycling.com\/de\/wp-json\/wp\/v2\/posts\/11723\/revisions"}],"predecessor-version":[{"id":11729,"href":"https:\/\/www.welovecycling.com\/de\/wp-json\/wp\/v2\/posts\/11723\/revisions\/11729"}],"wp:featuredmedia":[{"embeddable":true,"href":"https:\/\/www.welovecycling.com\/de\/wp-json\/wp\/v2\/media\/11728"}],"wp:attachment":[{"href":"https:\/\/www.welovecycling.com\/de\/wp-json\/wp\/v2\/media?parent=11723"}],"wp:term":[{"taxonomy":"category","embeddable":true,"href":"https:\/\/www.welovecycling.com\/de\/wp-json\/wp\/v2\/categories?post=11723"},{"taxonomy":"post_tag","embeddable":true,"href":"https:\/\/www.welovecycling.com\/de\/wp-json\/wp\/v2\/tags?post=11723"},{"taxonomy":"global-categories","embeddable":true,"href":"https:\/\/www.welovecycling.com\/de\/wp-json\/wp\/v2\/global-categories?post=11723"}],"curies":[{"name":"wp","href":"https:\/\/api.w.org\/{rel}","templated":true}]}}