{"id":11718,"date":"2025-07-04T20:00:10","date_gmt":"2025-07-04T19:00:10","guid":{"rendered":"https:\/\/www.welovecycling.com\/de\/?p=11718"},"modified":"2025-07-08T08:09:44","modified_gmt":"2025-07-08T07:09:44","slug":"road-to-the-tour-und-der-sieger-wird-sein-pogacar-pogacar-und-pogacar","status":"publish","type":"post","link":"https:\/\/www.welovecycling.com\/de\/2025\/07\/04\/road-to-the-tour-und-der-sieger-wird-sein-pogacar-pogacar-und-pogacar\/","title":{"rendered":"Road to the Tour: Und der Sieger wird sein\u2026 Poga\u010dar, Poga\u010dar und Poga\u010dar"},"content":{"rendered":"<p data-start=\"118\" data-end=\"495\">Man muss kein Raketenwissenschaftler sein, um den Sieger der diesj\u00e4hrigen Tour de France vorherzusagen. Wenn nichts Unvorhergesehenes passiert \u2013 ein Unfall, eine Krankheit oder ein v\u00f6llig verkorkster Tag, an dem er mehrere Minuten auf seine Rivalen verliert \u2013 wird Tadej Poga\u010dar (UAE Team Emirates\u2013XRG) das Gelbe Trikot mit nach Hause nehmen und seinen vierten Toursieg feiern.<\/p>\n<h3 data-start=\"497\" data-end=\"537\">Poga\u010dar, Poga\u010dar und nochmal Poga\u010dar<\/h3>\n<p data-start=\"539\" data-end=\"913\">Der Grund ist einfach: Er ist schlichtweg der Beste. Der beste Fahrer seiner Generation \u2013 oder vielleicht sogar aller Zeiten. Er dominiert den Radsport wie ein gro\u00dfer Fels in einem viel zu kleinen Netz. Im Sport gewinnt meistens der oder die Beste. Sicher, er hat die Tour zweimal gegen Jonas Vingegaard (Visma\u2013Lease a Bike) verloren, aber es gab jeweils mildernde Umst\u00e4nde.<\/p>\n<p data-start=\"915\" data-end=\"1515\">2022 wurde er am Col du Granon von Vingegaard und dessen Teamkollegen Primo\u017e Rogli\u010d taktisch \u00fcberrumpelt \u2013 ohne eigene Helfer konnte er den wiederholten Attacken nichts entgegensetzen. Er verlor an diesem Tag 2:51 Minuten auf Vingegaard und lag im Endklassement 2:43 Minuten zur\u00fcck. Seitdem hat sein Team gro\u00dfe Anstrengungen unternommen, ihn mit den besten Helfern des Pelotons zu umgeben \u2013 allen voran Jo\u00e3o Almeida, der inzwischen als bester Edelhelfer der Welt gilt (und selbst bereits drei Etappenrennen in diesem Jahr gewonnen hat) und durchaus ein Kandidat f\u00fcr die Top 5 im Gesamtklassement ist.<\/p>\n<p data-start=\"1517\" data-end=\"1979\">2023 verlor Poga\u010dar die Tour, weil er sich bei einem Sturz bei L\u00fcttich\u2013Bastogne\u2013L\u00fcttich das Handgelenk gebrochen hatte und dadurch wichtige Trainingszeit verpasste. So verlor er in der 16. Etappe beim Zeitfahren Zeit auf Vingegaard und brach am Col de la Loze regelrecht ein \u2013 5:45 Minuten R\u00fcckstand im Ziel. Doch aktuell ist Poga\u010dar in Topform \u2013 vielleicht sogar besser als je zuvor \u2013 und dominierte Vingegaard k\u00fcrzlich beim Crit\u00e9rium du Dauphin\u00e9 nach Belieben.<\/p>\n<p data-start=\"1981\" data-end=\"2137\">Es gibt also keinen Grund, viele weitere Worte zu verlieren. Nur eins beunruhigt mich: Immer wenn ich mir bei etwas so sicher bin, liege ich am Ende falsch.<\/p>\n<h3 data-start=\"2139\" data-end=\"2173\">Die Verfolger: Vingo und Remco<\/h3>\n<p data-start=\"2175\" data-end=\"2608\">Vingegaard sollte am Ende Zweiter werden \u2013 auch wenn ich glaube, dass er sich noch nicht vollst\u00e4ndig von seinen Verletzungen nach dem schweren Sturz bei der Itzulia im Vorjahr erholt hat. Ja, das ist \u00fcber ein Jahr her, aber der K\u00f6rper braucht lange, um nach solch schweren Verletzungen wieder zur Topform zu finden. Zudem st\u00fcrzte er bei Paris\u2013Nizza erneut, erlitt eine Gehirnersch\u00fctterung und verlor wichtige Renn- und Trainingszeit.<\/p>\n<p data-start=\"2610\" data-end=\"3136\">Aber Visma bringt wie gewohnt ein starkes Team an den Start \u2013 unter anderem mit Giro-Sieger Simon Yates und dem jungen Amerikaner Matteo Jorgenson. Vingegaard wird wohl langsam ins Rennen finden, in Woche zwei und drei st\u00e4rker werden \u2013 und am Ende 5 bis 8 Minuten R\u00fcckstand haben. Yates k\u00f6nnte allerdings ein Joker im Rennen sein, der gemeinsam mit Jorgenson seinen Kapit\u00e4n nach Poga\u010dars erwarteten Bergattacken wieder heranf\u00fchrt. Doch am Ende entscheidet das Gelbe Trikot sich im direkten Duell \u2013 und da ist Poga\u010dar zu stark.<\/p>\n<p data-start=\"2610\" data-end=\"3136\"><a href=\"https:\/\/d2p6e6u75xmxt8.cloudfront.net\/10\/2025\/07\/Screenshot-10.webp\"><img loading=\"lazy\" decoding=\"async\" class=\"alignnone wp-image-11720\" src=\"https:\/\/d2p6e6u75xmxt8.cloudfront.net\/10\/2025\/07\/Screenshot-10-300x199.webp\" alt=\"\" width=\"378\" height=\"251\" srcset=\"https:\/\/d2p6e6u75xmxt8.cloudfront.net\/10\/2025\/07\/Screenshot-10-300x199.webp 300w, https:\/\/d2p6e6u75xmxt8.cloudfront.net\/10\/2025\/07\/Screenshot-10-768x511.webp 768w, https:\/\/d2p6e6u75xmxt8.cloudfront.net\/10\/2025\/07\/Screenshot-10-400x266.webp 400w, https:\/\/d2p6e6u75xmxt8.cloudfront.net\/10\/2025\/07\/Screenshot-10-272x182.webp 272w, https:\/\/d2p6e6u75xmxt8.cloudfront.net\/10\/2025\/07\/Screenshot-10.webp 785w\" sizes=\"auto, (max-width: 378px) 100vw, 378px\" \/><\/a><span style=\"font-size: 8pt;\">Poga\u010dar und Vingegaard \u2013 wer macht\u2019s? \u00a9 Profimedia<\/span><\/p>\n<h3 data-start=\"3194\" data-end=\"3227\">Auch Remco noch nicht bereit?<\/h3>\n<p data-start=\"3229\" data-end=\"3741\">Was ich zu St\u00fcrzen sagte, gilt auch f\u00fcr Remco Evenepoel (Soudal Quick-Step), der nach seinem Trainingsunfall im Dezember noch immer auf dem Weg zur\u00fcck zur Topform ist. Zwar ist er weiterhin der beste Zeitfahrer der Welt, doch in den gro\u00dfen Bergen wird er derzeit weder Poga\u010dar noch Vingegaard das Wasser reichen k\u00f6nnen. Zwar gewann er am 27. Juni souver\u00e4n die belgischen Meisterschaften im Einzelzeitfahren \u2013 verlor jedoch das Stra\u00dfenrennen \u00fcberraschend an Poga\u010dars Helfer Tim Wellens, mit 38 Sekunden R\u00fcckstand.<\/p>\n<p data-start=\"3743\" data-end=\"4231\">Auch seine Aussagen bei der Teampr\u00e4sentation vor dem Tourstart klangen ungewohnt zur\u00fcckhaltend:<br data-start=\"3838\" data-end=\"3841\" \/>\u201eIch hatte einen ziemlich schrecklichen Winter. Wir m\u00fcssen einfach schauen, wie es in den n\u00e4chsten drei Wochen l\u00e4uft. Der Trainingsr\u00fcckstand ist \u00e4rgerlich \u2013 ich muss Tag f\u00fcr Tag denken und akzeptieren, wie sich das Rennen entwickelt. Unser Ziel ist wie letztes Jahr: eine Etappe gewinnen, am liebsten zwei, und aufs Podium fahren. Ich denke, das ist eine gesunde und realistische Ambition.\u201c<\/p>\n<h3 data-start=\"4233\" data-end=\"4259\">Rogli\u010d und die anderen<\/h3>\n<p data-start=\"4261\" data-end=\"4783\">Ich bin nicht \u00fcberzeugt, dass Evenepoel die Form hat, um ein starkes Rennen zu fahren. Vielleicht steht am Ende auch Primo\u017e Rogli\u010d (Red Bull\u2013BORA\u2013hansgrohe) auf dem Podium \u2013 der 35-J\u00e4hrige jagt nach wie vor seinem ersten Tour-Sieg hinterher. Beim diesj\u00e4hrigen Giro war er weit von seiner Bestform entfernt und st\u00fcrzte in der 16. Etappe aus dem Rennen, als er ohnehin nicht mehr im GC eine Rolle spielte. Seitdem ist er nicht mehr gestartet. Das Team gibt als Ziel das Podium aus, doch ich bin mir sicher: Rogli\u010d will mehr.<\/p>\n<p data-start=\"4785\" data-end=\"5276\">Aber daf\u00fcr \u2013 oder selbst f\u00fcrs Podium \u2013 muss er auf dem Rad bleiben. 2023 st\u00fcrzte er bei seiner ersten Tour mit dem neuen Team. Und auch im Giro ging es zu Boden. Ich frage mich, ob das Alter langsam seine Fahrtechnik beeintr\u00e4chtigt. Andererseits hat er ein starkes Team um sich \u2013 mit dem aufstrebenden Florian Lipowitz und dem erfahrenen Aleksandr Vlasov \u2013 und er ist ein exzellenter Kletterer und Zeitfahrer. Wenn er nicht st\u00fcrzt \u2013 und das ist ein gro\u00dfes Wenn \u2013 traue ich ihm das Podium zu.<\/p>\n<p data-start=\"5278\" data-end=\"5706\">Weitere Kandidaten f\u00fcr die Top 5 sind Mattias Skjelmose (Lidl-Trek), Felix Gall (Decathlon AG2R La Mondiale) sowie Almeida, Jorgenson und Lipowitz \u2013 drei Edelhelfer, die h\u00e4ufig nahe an ihren Kapit\u00e4nen \u00fcber die Berge kommen. Die erste Woche \u2013 oder eher die ersten zehn Tage \u2013 dieser Tour wird mit Sicherheit die Zahl der realistischen GC-Favoriten verringern und den Charakter der entscheidenden dritten Woche stark beeinflussen.<\/p>\n<p data-start=\"5708\" data-end=\"5741\">Es d\u00fcrfte ein gro\u00dfer Spa\u00df werden.<\/p>\n","protected":false},"excerpt":{"rendered":"<p>Man muss kein Raketenwissenschaftler sein, um den Sieger der diesj\u00e4hrigen Tour de France vorherzusagen. Wenn nichts Unvorhergesehenes passiert \u2013 ein [&hellip;]<\/p>\n","protected":false},"author":115,"featured_media":11719,"comment_status":"open","ping_status":"open","sticky":false,"template":"","format":"standard","meta":{"footnotes":""},"categories":[1,121],"tags":[],"global-categories":[19],"class_list":["post-11718","post","type-post","status-publish","format-standard","has-post-thumbnail","hentry","category-allgemein","category-road-cycling","global-categories-cycling"],"yoast_head":"<!-- This site is optimized with the Yoast SEO Premium plugin v25.3 (Yoast SEO v25.9) - https:\/\/yoast.com\/wordpress\/plugins\/seo\/ -->\n<title>Road to the Tour: Und der Sieger wird sein\u2026 Poga\u010dar, Poga\u010dar und Poga\u010dar - \u0160koda We Love Cycling - Deutschland<\/title>\n<meta name=\"description\" content=\"Tour de France 2025: Warum Tadej Poga\u010dar der klare Favorit ist \u2013 mit Analysen zu Vingegaard, Evenepoel, Rogli\u010d und weiteren Top-Fahrern. Ein Ausblick auf Spannung, Taktik und Stolperfallen der gro\u00dfen Rundfahrt.\" \/>\n<meta name=\"robots\" content=\"index, follow, max-snippet:-1, max-image-preview:large, max-video-preview:-1\" \/>\n<link rel=\"canonical\" href=\"https:\/\/www.welovecycling.com\/de\/2025\/07\/04\/road-to-the-tour-und-der-sieger-wird-sein-pogacar-pogacar-und-pogacar\/\" \/>\n<meta property=\"og:locale\" content=\"de_DE\" \/>\n<meta property=\"og:type\" content=\"article\" \/>\n<meta property=\"og:title\" content=\"Road to the Tour: Und der Sieger wird sein\u2026 Poga\u010dar, Poga\u010dar und Poga\u010dar\" \/>\n<meta property=\"og:description\" content=\"Tour de France 2025: Warum Tadej Poga\u010dar der klare Favorit ist \u2013 mit Analysen zu Vingegaard, Evenepoel, Rogli\u010d und weiteren Top-Fahrern. Ein Ausblick auf Spannung, Taktik und Stolperfallen der gro\u00dfen Rundfahrt.\" \/>\n<meta property=\"og:url\" content=\"https:\/\/www.welovecycling.com\/de\/2025\/07\/04\/road-to-the-tour-und-der-sieger-wird-sein-pogacar-pogacar-und-pogacar\/\" \/>\n<meta property=\"og:site_name\" content=\"\u0160koda We Love Cycling - Deutschland\" \/>\n<meta property=\"article:published_time\" content=\"2025-07-04T19:00:10+00:00\" \/>\n<meta property=\"article:modified_time\" content=\"2025-07-08T07:09:44+00:00\" \/>\n<meta property=\"og:image\" content=\"https:\/\/d2p6e6u75xmxt8.cloudfront.net\/10\/2025\/07\/Screenshot-9.webp\" \/>\n\t<meta property=\"og:image:width\" content=\"986\" \/>\n\t<meta property=\"og:image:height\" content=\"656\" \/>\n\t<meta property=\"og:image:type\" content=\"image\/webp\" \/>\n<meta name=\"author\" content=\"jbraeker\" \/>\n<meta name=\"twitter:card\" content=\"summary_large_image\" \/>\n<meta name=\"twitter:label1\" content=\"Written by\" \/>\n\t<meta name=\"twitter:data1\" content=\"Siegfried Mortkowitz\" \/>\n\t<meta name=\"twitter:label2\" content=\"Est. reading time\" \/>\n\t<meta name=\"twitter:data2\" content=\"3\" \/>\n<script type=\"application\/ld+json\" class=\"yoast-schema-graph\">{\"@context\":\"https:\/\/schema.org\",\"@graph\":[{\"@type\":\"WebPage\",\"@id\":\"https:\/\/www.welovecycling.com\/de\/2025\/07\/04\/road-to-the-tour-und-der-sieger-wird-sein-pogacar-pogacar-und-pogacar\/\",\"url\":\"https:\/\/www.welovecycling.com\/de\/2025\/07\/04\/road-to-the-tour-und-der-sieger-wird-sein-pogacar-pogacar-und-pogacar\/\",\"name\":\"Road to the Tour: Und der Sieger wird sein\u2026 Poga\u010dar, Poga\u010dar und Poga\u010dar - \u0160koda We Love Cycling - Deutschland\",\"isPartOf\":{\"@id\":\"https:\/\/www.welovecycling.com\/de\/#website\"},\"primaryImageOfPage\":{\"@id\":\"https:\/\/www.welovecycling.com\/de\/2025\/07\/04\/road-to-the-tour-und-der-sieger-wird-sein-pogacar-pogacar-und-pogacar\/#primaryimage\"},\"image\":{\"@id\":\"https:\/\/www.welovecycling.com\/de\/2025\/07\/04\/road-to-the-tour-und-der-sieger-wird-sein-pogacar-pogacar-und-pogacar\/#primaryimage\"},\"thumbnailUrl\":\"https:\/\/d2p6e6u75xmxt8.cloudfront.net\/10\/2025\/07\/Screenshot-9.webp\",\"datePublished\":\"2025-07-04T19:00:10+00:00\",\"dateModified\":\"2025-07-08T07:09:44+00:00\",\"author\":{\"@id\":\"https:\/\/www.welovecycling.com\/de\/#\/schema\/person\/915694b3c8d0de9019932587781ba6b3\"},\"description\":\"Tour de France 2025: Warum Tadej Poga\u010dar der klare Favorit ist \u2013 mit Analysen zu Vingegaard, Evenepoel, Rogli\u010d und weiteren Top-Fahrern. Ein Ausblick auf Spannung, Taktik und Stolperfallen der gro\u00dfen Rundfahrt.\",\"breadcrumb\":{\"@id\":\"https:\/\/www.welovecycling.com\/de\/2025\/07\/04\/road-to-the-tour-und-der-sieger-wird-sein-pogacar-pogacar-und-pogacar\/#breadcrumb\"},\"inLanguage\":\"de-DE\",\"potentialAction\":[{\"@type\":\"ReadAction\",\"target\":[\"https:\/\/www.welovecycling.com\/de\/2025\/07\/04\/road-to-the-tour-und-der-sieger-wird-sein-pogacar-pogacar-und-pogacar\/\"]}]},{\"@type\":\"ImageObject\",\"inLanguage\":\"de-DE\",\"@id\":\"https:\/\/www.welovecycling.com\/de\/2025\/07\/04\/road-to-the-tour-und-der-sieger-wird-sein-pogacar-pogacar-und-pogacar\/#primaryimage\",\"url\":\"https:\/\/d2p6e6u75xmxt8.cloudfront.net\/10\/2025\/07\/Screenshot-9.webp\",\"contentUrl\":\"https:\/\/d2p6e6u75xmxt8.cloudfront.net\/10\/2025\/07\/Screenshot-9.webp\",\"width\":986,\"height\":656},{\"@type\":\"BreadcrumbList\",\"@id\":\"https:\/\/www.welovecycling.com\/de\/2025\/07\/04\/road-to-the-tour-und-der-sieger-wird-sein-pogacar-pogacar-und-pogacar\/#breadcrumb\",\"itemListElement\":[{\"@type\":\"ListItem\",\"position\":1,\"name\":\"Home\",\"item\":\"https:\/\/www.welovecycling.com\/de\/\"},{\"@type\":\"ListItem\",\"position\":2,\"name\":\"Road to the Tour: Und der Sieger wird sein\u2026 Poga\u010dar, Poga\u010dar und Poga\u010dar\"}]},{\"@type\":\"WebSite\",\"@id\":\"https:\/\/www.welovecycling.com\/de\/#website\",\"url\":\"https:\/\/www.welovecycling.com\/de\/\",\"name\":\"\u0160koda We Love Cycling - Deutschland\",\"description\":\"Just another \u0160koda WeLoveCycling Sites site\",\"potentialAction\":[{\"@type\":\"SearchAction\",\"target\":{\"@type\":\"EntryPoint\",\"urlTemplate\":\"https:\/\/www.welovecycling.com\/de\/?s={search_term_string}\"},\"query-input\":{\"@type\":\"PropertyValueSpecification\",\"valueRequired\":true,\"valueName\":\"search_term_string\"}}],\"inLanguage\":\"de-DE\"},{\"@type\":\"Person\",\"@id\":\"https:\/\/www.welovecycling.com\/de\/#\/schema\/person\/915694b3c8d0de9019932587781ba6b3\",\"name\":\"jbraeker\",\"image\":{\"@type\":\"ImageObject\",\"inLanguage\":\"de-DE\",\"@id\":\"https:\/\/www.welovecycling.com\/de\/#\/schema\/person\/image\/\",\"url\":\"https:\/\/secure.gravatar.com\/avatar\/8b4aea90e4535aae30b5b720249e5b723ae59fcf3d54757dd8b748d97b46d3c9?s=96&d=mm&r=g\",\"contentUrl\":\"https:\/\/secure.gravatar.com\/avatar\/8b4aea90e4535aae30b5b720249e5b723ae59fcf3d54757dd8b748d97b46d3c9?s=96&d=mm&r=g\",\"caption\":\"jbraeker\"},\"url\":\"https:\/\/www.welovecycling.com\/de\/author\/jbraeker\/\"}]}<\/script>\n<!-- \/ Yoast SEO Premium plugin. -->","yoast_head_json":{"title":"Road to the Tour: Und der Sieger wird sein\u2026 Poga\u010dar, Poga\u010dar und Poga\u010dar - \u0160koda We Love Cycling - Deutschland","description":"Tour de France 2025: Warum Tadej Poga\u010dar der klare Favorit ist \u2013 mit Analysen zu Vingegaard, Evenepoel, Rogli\u010d und weiteren Top-Fahrern. Ein Ausblick auf Spannung, Taktik und Stolperfallen der gro\u00dfen Rundfahrt.","robots":{"index":"index","follow":"follow","max-snippet":"max-snippet:-1","max-image-preview":"max-image-preview:large","max-video-preview":"max-video-preview:-1"},"canonical":"https:\/\/www.welovecycling.com\/de\/2025\/07\/04\/road-to-the-tour-und-der-sieger-wird-sein-pogacar-pogacar-und-pogacar\/","og_locale":"de_DE","og_type":"article","og_title":"Road to the Tour: Und der Sieger wird sein\u2026 Poga\u010dar, Poga\u010dar und Poga\u010dar","og_description":"Tour de France 2025: Warum Tadej Poga\u010dar der klare Favorit ist \u2013 mit Analysen zu Vingegaard, Evenepoel, Rogli\u010d und weiteren Top-Fahrern. Ein Ausblick auf Spannung, Taktik und Stolperfallen der gro\u00dfen Rundfahrt.","og_url":"https:\/\/www.welovecycling.com\/de\/2025\/07\/04\/road-to-the-tour-und-der-sieger-wird-sein-pogacar-pogacar-und-pogacar\/","og_site_name":"\u0160koda We Love Cycling - Deutschland","article_published_time":"2025-07-04T19:00:10+00:00","article_modified_time":"2025-07-08T07:09:44+00:00","og_image":[{"width":986,"height":656,"url":"https:\/\/d2p6e6u75xmxt8.cloudfront.net\/10\/2025\/07\/Screenshot-9.webp","type":"image\/webp"}],"author":"jbraeker","twitter_card":"summary_large_image","twitter_misc":{"Written by":"Siegfried Mortkowitz","Est. reading time":"3"},"schema":{"@context":"https:\/\/schema.org","@graph":[{"@type":"WebPage","@id":"https:\/\/www.welovecycling.com\/de\/2025\/07\/04\/road-to-the-tour-und-der-sieger-wird-sein-pogacar-pogacar-und-pogacar\/","url":"https:\/\/www.welovecycling.com\/de\/2025\/07\/04\/road-to-the-tour-und-der-sieger-wird-sein-pogacar-pogacar-und-pogacar\/","name":"Road to the Tour: Und der Sieger wird sein\u2026 Poga\u010dar, Poga\u010dar und Poga\u010dar - \u0160koda We Love Cycling - Deutschland","isPartOf":{"@id":"https:\/\/www.welovecycling.com\/de\/#website"},"primaryImageOfPage":{"@id":"https:\/\/www.welovecycling.com\/de\/2025\/07\/04\/road-to-the-tour-und-der-sieger-wird-sein-pogacar-pogacar-und-pogacar\/#primaryimage"},"image":{"@id":"https:\/\/www.welovecycling.com\/de\/2025\/07\/04\/road-to-the-tour-und-der-sieger-wird-sein-pogacar-pogacar-und-pogacar\/#primaryimage"},"thumbnailUrl":"https:\/\/d2p6e6u75xmxt8.cloudfront.net\/10\/2025\/07\/Screenshot-9.webp","datePublished":"2025-07-04T19:00:10+00:00","dateModified":"2025-07-08T07:09:44+00:00","author":{"@id":"https:\/\/www.welovecycling.com\/de\/#\/schema\/person\/915694b3c8d0de9019932587781ba6b3"},"description":"Tour de France 2025: Warum Tadej Poga\u010dar der klare Favorit ist \u2013 mit Analysen zu Vingegaard, Evenepoel, Rogli\u010d und weiteren Top-Fahrern. Ein Ausblick auf Spannung, Taktik und Stolperfallen der gro\u00dfen Rundfahrt.","breadcrumb":{"@id":"https:\/\/www.welovecycling.com\/de\/2025\/07\/04\/road-to-the-tour-und-der-sieger-wird-sein-pogacar-pogacar-und-pogacar\/#breadcrumb"},"inLanguage":"de-DE","potentialAction":[{"@type":"ReadAction","target":["https:\/\/www.welovecycling.com\/de\/2025\/07\/04\/road-to-the-tour-und-der-sieger-wird-sein-pogacar-pogacar-und-pogacar\/"]}]},{"@type":"ImageObject","inLanguage":"de-DE","@id":"https:\/\/www.welovecycling.com\/de\/2025\/07\/04\/road-to-the-tour-und-der-sieger-wird-sein-pogacar-pogacar-und-pogacar\/#primaryimage","url":"https:\/\/d2p6e6u75xmxt8.cloudfront.net\/10\/2025\/07\/Screenshot-9.webp","contentUrl":"https:\/\/d2p6e6u75xmxt8.cloudfront.net\/10\/2025\/07\/Screenshot-9.webp","width":986,"height":656},{"@type":"BreadcrumbList","@id":"https:\/\/www.welovecycling.com\/de\/2025\/07\/04\/road-to-the-tour-und-der-sieger-wird-sein-pogacar-pogacar-und-pogacar\/#breadcrumb","itemListElement":[{"@type":"ListItem","position":1,"name":"Home","item":"https:\/\/www.welovecycling.com\/de\/"},{"@type":"ListItem","position":2,"name":"Road to the Tour: Und der Sieger wird sein\u2026 Poga\u010dar, Poga\u010dar und Poga\u010dar"}]},{"@type":"WebSite","@id":"https:\/\/www.welovecycling.com\/de\/#website","url":"https:\/\/www.welovecycling.com\/de\/","name":"\u0160koda We Love Cycling - Deutschland","description":"Just another \u0160koda WeLoveCycling Sites site","potentialAction":[{"@type":"SearchAction","target":{"@type":"EntryPoint","urlTemplate":"https:\/\/www.welovecycling.com\/de\/?s={search_term_string}"},"query-input":{"@type":"PropertyValueSpecification","valueRequired":true,"valueName":"search_term_string"}}],"inLanguage":"de-DE"},{"@type":"Person","@id":"https:\/\/www.welovecycling.com\/de\/#\/schema\/person\/915694b3c8d0de9019932587781ba6b3","name":"jbraeker","image":{"@type":"ImageObject","inLanguage":"de-DE","@id":"https:\/\/www.welovecycling.com\/de\/#\/schema\/person\/image\/","url":"https:\/\/secure.gravatar.com\/avatar\/8b4aea90e4535aae30b5b720249e5b723ae59fcf3d54757dd8b748d97b46d3c9?s=96&d=mm&r=g","contentUrl":"https:\/\/secure.gravatar.com\/avatar\/8b4aea90e4535aae30b5b720249e5b723ae59fcf3d54757dd8b748d97b46d3c9?s=96&d=mm&r=g","caption":"jbraeker"},"url":"https:\/\/www.welovecycling.com\/de\/author\/jbraeker\/"}]}},"_links":{"self":[{"href":"https:\/\/www.welovecycling.com\/de\/wp-json\/wp\/v2\/posts\/11718","targetHints":{"allow":["GET"]}}],"collection":[{"href":"https:\/\/www.welovecycling.com\/de\/wp-json\/wp\/v2\/posts"}],"about":[{"href":"https:\/\/www.welovecycling.com\/de\/wp-json\/wp\/v2\/types\/post"}],"author":[{"embeddable":true,"href":"https:\/\/www.welovecycling.com\/de\/wp-json\/wp\/v2\/users\/115"}],"replies":[{"embeddable":true,"href":"https:\/\/www.welovecycling.com\/de\/wp-json\/wp\/v2\/comments?post=11718"}],"version-history":[{"count":1,"href":"https:\/\/www.welovecycling.com\/de\/wp-json\/wp\/v2\/posts\/11718\/revisions"}],"predecessor-version":[{"id":11721,"href":"https:\/\/www.welovecycling.com\/de\/wp-json\/wp\/v2\/posts\/11718\/revisions\/11721"}],"wp:featuredmedia":[{"embeddable":true,"href":"https:\/\/www.welovecycling.com\/de\/wp-json\/wp\/v2\/media\/11719"}],"wp:attachment":[{"href":"https:\/\/www.welovecycling.com\/de\/wp-json\/wp\/v2\/media?parent=11718"}],"wp:term":[{"taxonomy":"category","embeddable":true,"href":"https:\/\/www.welovecycling.com\/de\/wp-json\/wp\/v2\/categories?post=11718"},{"taxonomy":"post_tag","embeddable":true,"href":"https:\/\/www.welovecycling.com\/de\/wp-json\/wp\/v2\/tags?post=11718"},{"taxonomy":"global-categories","embeddable":true,"href":"https:\/\/www.welovecycling.com\/de\/wp-json\/wp\/v2\/global-categories?post=11718"}],"curies":[{"name":"wp","href":"https:\/\/api.w.org\/{rel}","templated":true}]}}