{"id":11715,"date":"2025-07-04T16:00:03","date_gmt":"2025-07-04T15:00:03","guid":{"rendered":"https:\/\/www.welovecycling.com\/de\/?p=11715"},"modified":"2025-07-08T08:05:59","modified_gmt":"2025-07-08T07:05:59","slug":"tour-de-france-vorschau-worauf-ich-achte-von-kasia-niewiadoma","status":"publish","type":"post","link":"https:\/\/www.welovecycling.com\/de\/2025\/07\/04\/tour-de-france-vorschau-worauf-ich-achte-von-kasia-niewiadoma\/","title":{"rendered":"Tour de France Vorschau: Worauf ich achte. Von Kasia Niewiadoma"},"content":{"rendered":"<p data-start=\"135\" data-end=\"497\">Die 112. Ausgabe der Tour de France steht kurz bevor \u2013 und ganz ehrlich: Ich kann kaum in Worte fassen, wie sehr ich mich auf die kommenden Wochen freue. Ich kann es kaum erwarten, wieder in diesen vertrauten Rhythmus einzutauchen: Morgens Training, danach das t\u00e4gliche Ritual, dem Rennen gespannt zuzusehen. Es ist die sch\u00f6nste Zeit des Jahres f\u00fcr Radsportfans!<\/p>\n<p data-start=\"499\" data-end=\"952\">W\u00e4hrend wir alle den Start der legend\u00e4rsten Grand Tour feiern, d\u00fcrfen wir nicht vergessen, dass am Sonntag auch der Giro d\u2019Italia Women beginnt \u2013 mit einem 14,2 km langen Einzelzeitfahren im Herzen von Bergamo. In der ersten Woche gibt\u2019s also Radsport satt: Die Frauen k\u00e4mpfen um das Rosa Trikot, w\u00e4hrend sich die M\u00e4nner in Richtung entscheidende Tour-Woche hocharbeiten. Beide Rennen k\u00f6nnt ihr auf HBO Max sehen und \u00fcber ProCyclingStats live verfolgen.<\/p>\n<hr data-start=\"954\" data-end=\"957\" \/>\n<h3 data-start=\"959\" data-end=\"1001\"><strong data-start=\"963\" data-end=\"1001\">Das Duell, auf das wir alle warten<\/strong><\/h3>\n<p data-start=\"1003\" data-end=\"1384\">Wie so viele Fans fiebere ich dem Duell zweier Legenden entgegen: Tadej Poga\u010dar gegen Jonas Vingegaard. Allein dieses Duell k\u00f6nnte die Tour unvergesslich machen. Aber ich bin genauso gespannt, wie sich Fahrer wie Remco Evenepoel, Primo\u017e Rogli\u010d oder Enric Mas schlagen. K\u00f6nnen sie die Favoriten in taktisch schwierige Situationen bringen? In einer Tour wie dieser ist alles m\u00f6glich.<\/p>\n<p data-start=\"1386\" data-end=\"1639\">Dass Visma\u2013Lease a Bike und UAE Team Emirates die st\u00e4rksten Teams stellen, ist kein Geheimnis. Doch genau das macht es so spannend zu sehen, wie die Konkurrenz darauf reagiert. Wer w\u00e4chst \u00fcber sich hinaus? Wer hinterl\u00e4sst seinen Stempel auf dieser Tour?<\/p>\n<hr data-start=\"1641\" data-end=\"1644\" \/>\n<h3 data-start=\"1646\" data-end=\"1684\"><strong data-start=\"1650\" data-end=\"1684\">Warum die Tour einzigartig ist<\/strong><\/h3>\n<p data-start=\"1686\" data-end=\"1949\">Die <a href=\"https:\/\/www.letour.fr\/de\/\">Tour de France<\/a> ist ein Rennen wie kein anderes. Die mediale Aufmerksamkeit ist riesig, die Fanmassen an der Strecke \u00fcberw\u00e4ltigend \u2013 im besten Sinne. F\u00fcr Sponsoren z\u00e4hlt jeder einzelne Tag, deshalb ist das Rennen von Anfang an schneller, h\u00e4rter und intensiver.<\/p>\n<p data-start=\"1951\" data-end=\"2366\">Nat\u00fcrlich dreht sich vieles ums Gelbe Trikot, aber im Peloton laufen unz\u00e4hlige Rennen parallel. Teams k\u00e4mpfen um das Gr\u00fcne Trikot mit ihren Sprintern, andere jagen Ausrei\u00dfversuche, wieder andere konzentrieren sich nur darauf, die erste Woche unbeschadet zu \u00fcberstehen. Manchmal dauert es zwei Stunden, bis sich \u00fcberhaupt eine Spitzengruppe gebildet hat \u2013 unz\u00e4hlige Attacken inklusive. Die Intensit\u00e4t l\u00e4sst nie nach.<\/p>\n<hr data-start=\"2368\" data-end=\"2371\" \/>\n<h3 data-start=\"2373\" data-end=\"2407\"><strong data-start=\"2377\" data-end=\"2407\">Klassiker-Chaos in Woche 1<\/strong><\/h3>\n<p data-start=\"2409\" data-end=\"2649\">Die erste Woche verspricht echtes Klassiker-Feeling: schmale Stra\u00dfen, kurze Anstiege, schnelle Abfahrten \u2013 jede Menge M\u00f6glichkeiten f\u00fcr aggressive Fahrer. Etwas f\u00fcr Mathieu van der Poel oder Wout van Aert \u2013 vorausgesetzt, seine Form stimmt.<\/p>\n<p data-start=\"2409\" data-end=\"2649\"><a href=\"https:\/\/d2p6e6u75xmxt8.cloudfront.net\/10\/2025\/07\/Screenshot-8.webp\"><img loading=\"lazy\" decoding=\"async\" class=\"alignnone wp-image-11716\" src=\"https:\/\/d2p6e6u75xmxt8.cloudfront.net\/10\/2025\/07\/Screenshot-8-300x198.webp\" alt=\"\" width=\"339\" height=\"224\" srcset=\"https:\/\/d2p6e6u75xmxt8.cloudfront.net\/10\/2025\/07\/Screenshot-8-300x198.webp 300w, https:\/\/d2p6e6u75xmxt8.cloudfront.net\/10\/2025\/07\/Screenshot-8-768x507.webp 768w, https:\/\/d2p6e6u75xmxt8.cloudfront.net\/10\/2025\/07\/Screenshot-8-400x264.webp 400w, https:\/\/d2p6e6u75xmxt8.cloudfront.net\/10\/2025\/07\/Screenshot-8.webp 984w\" sizes=\"auto, (max-width: 339px) 100vw, 339px\" \/><\/a><span style=\"font-size: 8pt;\">Die erste Woche k\u00f6nnte Wout van Aert entgegenkommen. \u00a9 Profimedia<\/span><\/p>\n<p data-start=\"2651\" data-end=\"3081\">Wir bekommen auch die ersten echten Sprintduelle zu sehen: Milan vs. Philipsen vs. Girmay \u2013 das wird spannend. Und dann ist da noch Etappe 5: ein 33 km langes Einzelzeitfahren. Genug, um ernsthafte Zeitabst\u00e4nde im Gesamtklassement zu erzeugen. Ich bin besonders gespannt, wie sich Poga\u010dar schl\u00e4gt \u2013 beim Dauphin\u00e9-Zeitfahren verlor er zuletzt ein paar Sekunden auf Vingegaard. Und Remco? Der wird sicher jede Sekunde nutzen wollen.<\/p>\n<p data-start=\"3083\" data-end=\"3452\">Die erste Woche einer Grand Tour ist immer ein Auf und Ab \u2013 physisch wie emotional. Das Feld ist nerv\u00f6s, Positionsk\u00e4mpfe allgegenw\u00e4rtig, St\u00fcrze leider h\u00e4ufig. Schon oft haben Favoriten ihre Tour-Chancen verloren, bevor \u00fcberhaupt die Berge beginnen. Ich hoffe sehr, dass alle gesund durchkommen \u2013 da drin ist es ein wahnsinniger Kampf, und mein Herz ist bei den Fahrern.<\/p>\n<hr data-start=\"3454\" data-end=\"3457\" \/>\n<h3 data-start=\"3459\" data-end=\"3504\"><strong data-start=\"3463\" data-end=\"3504\">Ein Blick auf den Giro d\u2019Italia Women<\/strong><\/h3>\n<p data-start=\"3506\" data-end=\"3805\">Jetzt zum Giro Donne: acht Etappen, und meiner Meinung nach die bisher h\u00e4rteste Ausgabe. F\u00fcr Sprinter gibt\u2019s vielleicht eine Chance \u2013 auf Etappe 5. Besonders freue ich mich auf Etappe 4 mit dem brutalen Schlussanstieg nach Pianezze. Dort d\u00fcrfte es im Gesamtklassement ernsthafte Ver\u00e4nderungen geben.<\/p>\n<p data-start=\"3807\" data-end=\"4125\">Ich bin gespannt, wie Elisa Longo Borghini ihren Titel gegen das extrem starke SD-Worx-Team verteidigen will \u2013 mit Anna van der Breggen zur\u00fcck im Teamwagen und Stars wie Lotte Kopecky, Marlen Reusser, Antonia Niedermaier und Juliette Labous im Kader. Und nicht zu vergessen: \u00c9vita Muzic, die derzeit super in Form ist.<\/p>\n<p data-start=\"4127\" data-end=\"4256\">Zwar endet der Giro nicht auf Etappe 4, aber diese Bergetappe k\u00f6nnte entscheidend sein \u2013 oder zumindest das Rennen neu sortieren.<\/p>\n<hr data-start=\"4258\" data-end=\"4261\" \/>\n<h3 data-start=\"4263\" data-end=\"4300\"><strong data-start=\"4267\" data-end=\"4300\">Mein Blick auf die Konkurrenz<\/strong><\/h3>\n<p data-start=\"4302\" data-end=\"4611\">F\u00fcr mich ist das Zuschauen beim Giro mehr als nur Unterhaltung \u2013 es ist Teil meiner Rennvorbereitung. Ich achte genau darauf, wie meine sp\u00e4teren Tour-Gegnerinnen fahren, wie sie angreifen, sich positionieren, regenerieren. Ich muss ihre St\u00e4rken und Schw\u00e4chen kennen, um sie zu meinem Vorteil nutzen zu k\u00f6nnen.<\/p>\n<p data-start=\"4613\" data-end=\"4659\">Die Tour r\u00fcckt n\u00e4her \u2013 und jedes Detail z\u00e4hlt.<\/p>\n","protected":false},"excerpt":{"rendered":"<p>Die 112. Ausgabe der Tour de France steht kurz bevor \u2013 und ganz ehrlich: Ich kann kaum in Worte fassen, [&hellip;]<\/p>\n","protected":false},"author":115,"featured_media":11722,"comment_status":"open","ping_status":"open","sticky":false,"template":"","format":"standard","meta":{"footnotes":""},"categories":[41,1],"tags":[],"global-categories":[19],"class_list":["post-11715","post","type-post","status-publish","format-standard","has-post-thumbnail","hentry","category-ride2unite","category-allgemein","global-categories-cycling"],"yoast_head":"<!-- This site is optimized with the Yoast SEO Premium plugin v25.3 (Yoast SEO v25.9) - https:\/\/yoast.com\/wordpress\/plugins\/seo\/ -->\n<title>Tour de France Vorschau: Worauf ich achte. Von Kasia Niewiadoma - \u0160koda We Love Cycling - Deutschland<\/title>\n<meta name=\"description\" content=\"Tour de France 2025 Vorschau mit Kasia Niewiadoma: Spannung pur beim Kampf zwischen Poga\u010dar und Vingegaard, Klassiker-Action in Woche 1, Einblicke in den Giro Donne \u2013 und was Kasia aus beidem f\u00fcr ihre eigene Tour mitnimmt.\" \/>\n<meta name=\"robots\" content=\"index, follow, max-snippet:-1, max-image-preview:large, max-video-preview:-1\" \/>\n<link rel=\"canonical\" href=\"https:\/\/www.welovecycling.com\/de\/2025\/07\/04\/tour-de-france-vorschau-worauf-ich-achte-von-kasia-niewiadoma\/\" \/>\n<meta property=\"og:locale\" content=\"de_DE\" \/>\n<meta property=\"og:type\" content=\"article\" \/>\n<meta property=\"og:title\" content=\"Tour de France Vorschau: Worauf ich achte. Von Kasia Niewiadoma\" \/>\n<meta property=\"og:description\" content=\"Tour de France 2025 Vorschau mit Kasia Niewiadoma: Spannung pur beim Kampf zwischen Poga\u010dar und Vingegaard, Klassiker-Action in Woche 1, Einblicke in den Giro Donne \u2013 und was Kasia aus beidem f\u00fcr ihre eigene Tour mitnimmt.\" \/>\n<meta property=\"og:url\" content=\"https:\/\/www.welovecycling.com\/de\/2025\/07\/04\/tour-de-france-vorschau-worauf-ich-achte-von-kasia-niewiadoma\/\" \/>\n<meta property=\"og:site_name\" content=\"\u0160koda We Love Cycling - Deutschland\" \/>\n<meta property=\"article:published_time\" content=\"2025-07-04T15:00:03+00:00\" \/>\n<meta property=\"article:modified_time\" content=\"2025-07-08T07:05:59+00:00\" \/>\n<meta property=\"og:image\" content=\"https:\/\/d2p6e6u75xmxt8.cloudfront.net\/10\/2025\/07\/Screenshot-7.webp\" \/>\n\t<meta property=\"og:image:width\" content=\"984\" \/>\n\t<meta property=\"og:image:height\" content=\"659\" \/>\n\t<meta property=\"og:image:type\" content=\"image\/webp\" \/>\n<meta name=\"author\" content=\"jbraeker\" \/>\n<meta name=\"twitter:card\" content=\"summary_large_image\" \/>\n<meta name=\"twitter:label1\" content=\"Written by\" \/>\n\t<meta name=\"twitter:data1\" content=\"Kasia Niewiadoma\" \/>\n\t<meta name=\"twitter:label2\" content=\"Est. reading time\" \/>\n\t<meta name=\"twitter:data2\" content=\"3\" \/>\n<script type=\"application\/ld+json\" class=\"yoast-schema-graph\">{\"@context\":\"https:\/\/schema.org\",\"@graph\":[{\"@type\":\"WebPage\",\"@id\":\"https:\/\/www.welovecycling.com\/de\/2025\/07\/04\/tour-de-france-vorschau-worauf-ich-achte-von-kasia-niewiadoma\/\",\"url\":\"https:\/\/www.welovecycling.com\/de\/2025\/07\/04\/tour-de-france-vorschau-worauf-ich-achte-von-kasia-niewiadoma\/\",\"name\":\"Tour de France Vorschau: Worauf ich achte. Von Kasia Niewiadoma - \u0160koda We Love Cycling - Deutschland\",\"isPartOf\":{\"@id\":\"https:\/\/www.welovecycling.com\/de\/#website\"},\"primaryImageOfPage\":{\"@id\":\"https:\/\/www.welovecycling.com\/de\/2025\/07\/04\/tour-de-france-vorschau-worauf-ich-achte-von-kasia-niewiadoma\/#primaryimage\"},\"image\":{\"@id\":\"https:\/\/www.welovecycling.com\/de\/2025\/07\/04\/tour-de-france-vorschau-worauf-ich-achte-von-kasia-niewiadoma\/#primaryimage\"},\"thumbnailUrl\":\"https:\/\/d2p6e6u75xmxt8.cloudfront.net\/10\/2025\/07\/Screenshot-7.webp\",\"datePublished\":\"2025-07-04T15:00:03+00:00\",\"dateModified\":\"2025-07-08T07:05:59+00:00\",\"author\":{\"@id\":\"https:\/\/www.welovecycling.com\/de\/#\/schema\/person\/915694b3c8d0de9019932587781ba6b3\"},\"description\":\"Tour de France 2025 Vorschau mit Kasia Niewiadoma: Spannung pur beim Kampf zwischen Poga\u010dar und Vingegaard, Klassiker-Action in Woche 1, Einblicke in den Giro Donne \u2013 und was Kasia aus beidem f\u00fcr ihre eigene Tour mitnimmt.\",\"breadcrumb\":{\"@id\":\"https:\/\/www.welovecycling.com\/de\/2025\/07\/04\/tour-de-france-vorschau-worauf-ich-achte-von-kasia-niewiadoma\/#breadcrumb\"},\"inLanguage\":\"de-DE\",\"potentialAction\":[{\"@type\":\"ReadAction\",\"target\":[\"https:\/\/www.welovecycling.com\/de\/2025\/07\/04\/tour-de-france-vorschau-worauf-ich-achte-von-kasia-niewiadoma\/\"]}]},{\"@type\":\"ImageObject\",\"inLanguage\":\"de-DE\",\"@id\":\"https:\/\/www.welovecycling.com\/de\/2025\/07\/04\/tour-de-france-vorschau-worauf-ich-achte-von-kasia-niewiadoma\/#primaryimage\",\"url\":\"https:\/\/d2p6e6u75xmxt8.cloudfront.net\/10\/2025\/07\/Screenshot-7.webp\",\"contentUrl\":\"https:\/\/d2p6e6u75xmxt8.cloudfront.net\/10\/2025\/07\/Screenshot-7.webp\",\"width\":984,\"height\":659},{\"@type\":\"BreadcrumbList\",\"@id\":\"https:\/\/www.welovecycling.com\/de\/2025\/07\/04\/tour-de-france-vorschau-worauf-ich-achte-von-kasia-niewiadoma\/#breadcrumb\",\"itemListElement\":[{\"@type\":\"ListItem\",\"position\":1,\"name\":\"Home\",\"item\":\"https:\/\/www.welovecycling.com\/de\/\"},{\"@type\":\"ListItem\",\"position\":2,\"name\":\"Tour de France Vorschau: Worauf ich achte. Von Kasia Niewiadoma\"}]},{\"@type\":\"WebSite\",\"@id\":\"https:\/\/www.welovecycling.com\/de\/#website\",\"url\":\"https:\/\/www.welovecycling.com\/de\/\",\"name\":\"\u0160koda We Love Cycling - Deutschland\",\"description\":\"Just another \u0160koda WeLoveCycling Sites site\",\"potentialAction\":[{\"@type\":\"SearchAction\",\"target\":{\"@type\":\"EntryPoint\",\"urlTemplate\":\"https:\/\/www.welovecycling.com\/de\/?s={search_term_string}\"},\"query-input\":{\"@type\":\"PropertyValueSpecification\",\"valueRequired\":true,\"valueName\":\"search_term_string\"}}],\"inLanguage\":\"de-DE\"},{\"@type\":\"Person\",\"@id\":\"https:\/\/www.welovecycling.com\/de\/#\/schema\/person\/915694b3c8d0de9019932587781ba6b3\",\"name\":\"jbraeker\",\"image\":{\"@type\":\"ImageObject\",\"inLanguage\":\"de-DE\",\"@id\":\"https:\/\/www.welovecycling.com\/de\/#\/schema\/person\/image\/\",\"url\":\"https:\/\/secure.gravatar.com\/avatar\/8b4aea90e4535aae30b5b720249e5b723ae59fcf3d54757dd8b748d97b46d3c9?s=96&d=mm&r=g\",\"contentUrl\":\"https:\/\/secure.gravatar.com\/avatar\/8b4aea90e4535aae30b5b720249e5b723ae59fcf3d54757dd8b748d97b46d3c9?s=96&d=mm&r=g\",\"caption\":\"jbraeker\"},\"url\":\"https:\/\/www.welovecycling.com\/de\/author\/jbraeker\/\"}]}<\/script>\n<!-- \/ Yoast SEO Premium plugin. -->","yoast_head_json":{"title":"Tour de France Vorschau: Worauf ich achte. Von Kasia Niewiadoma - \u0160koda We Love Cycling - Deutschland","description":"Tour de France 2025 Vorschau mit Kasia Niewiadoma: Spannung pur beim Kampf zwischen Poga\u010dar und Vingegaard, Klassiker-Action in Woche 1, Einblicke in den Giro Donne \u2013 und was Kasia aus beidem f\u00fcr ihre eigene Tour mitnimmt.","robots":{"index":"index","follow":"follow","max-snippet":"max-snippet:-1","max-image-preview":"max-image-preview:large","max-video-preview":"max-video-preview:-1"},"canonical":"https:\/\/www.welovecycling.com\/de\/2025\/07\/04\/tour-de-france-vorschau-worauf-ich-achte-von-kasia-niewiadoma\/","og_locale":"de_DE","og_type":"article","og_title":"Tour de France Vorschau: Worauf ich achte. Von Kasia Niewiadoma","og_description":"Tour de France 2025 Vorschau mit Kasia Niewiadoma: Spannung pur beim Kampf zwischen Poga\u010dar und Vingegaard, Klassiker-Action in Woche 1, Einblicke in den Giro Donne \u2013 und was Kasia aus beidem f\u00fcr ihre eigene Tour mitnimmt.","og_url":"https:\/\/www.welovecycling.com\/de\/2025\/07\/04\/tour-de-france-vorschau-worauf-ich-achte-von-kasia-niewiadoma\/","og_site_name":"\u0160koda We Love Cycling - Deutschland","article_published_time":"2025-07-04T15:00:03+00:00","article_modified_time":"2025-07-08T07:05:59+00:00","og_image":[{"width":984,"height":659,"url":"https:\/\/d2p6e6u75xmxt8.cloudfront.net\/10\/2025\/07\/Screenshot-7.webp","type":"image\/webp"}],"author":"jbraeker","twitter_card":"summary_large_image","twitter_misc":{"Written by":"Kasia Niewiadoma","Est. reading time":"3"},"schema":{"@context":"https:\/\/schema.org","@graph":[{"@type":"WebPage","@id":"https:\/\/www.welovecycling.com\/de\/2025\/07\/04\/tour-de-france-vorschau-worauf-ich-achte-von-kasia-niewiadoma\/","url":"https:\/\/www.welovecycling.com\/de\/2025\/07\/04\/tour-de-france-vorschau-worauf-ich-achte-von-kasia-niewiadoma\/","name":"Tour de France Vorschau: Worauf ich achte. Von Kasia Niewiadoma - \u0160koda We Love Cycling - Deutschland","isPartOf":{"@id":"https:\/\/www.welovecycling.com\/de\/#website"},"primaryImageOfPage":{"@id":"https:\/\/www.welovecycling.com\/de\/2025\/07\/04\/tour-de-france-vorschau-worauf-ich-achte-von-kasia-niewiadoma\/#primaryimage"},"image":{"@id":"https:\/\/www.welovecycling.com\/de\/2025\/07\/04\/tour-de-france-vorschau-worauf-ich-achte-von-kasia-niewiadoma\/#primaryimage"},"thumbnailUrl":"https:\/\/d2p6e6u75xmxt8.cloudfront.net\/10\/2025\/07\/Screenshot-7.webp","datePublished":"2025-07-04T15:00:03+00:00","dateModified":"2025-07-08T07:05:59+00:00","author":{"@id":"https:\/\/www.welovecycling.com\/de\/#\/schema\/person\/915694b3c8d0de9019932587781ba6b3"},"description":"Tour de France 2025 Vorschau mit Kasia Niewiadoma: Spannung pur beim Kampf zwischen Poga\u010dar und Vingegaard, Klassiker-Action in Woche 1, Einblicke in den Giro Donne \u2013 und was Kasia aus beidem f\u00fcr ihre eigene Tour mitnimmt.","breadcrumb":{"@id":"https:\/\/www.welovecycling.com\/de\/2025\/07\/04\/tour-de-france-vorschau-worauf-ich-achte-von-kasia-niewiadoma\/#breadcrumb"},"inLanguage":"de-DE","potentialAction":[{"@type":"ReadAction","target":["https:\/\/www.welovecycling.com\/de\/2025\/07\/04\/tour-de-france-vorschau-worauf-ich-achte-von-kasia-niewiadoma\/"]}]},{"@type":"ImageObject","inLanguage":"de-DE","@id":"https:\/\/www.welovecycling.com\/de\/2025\/07\/04\/tour-de-france-vorschau-worauf-ich-achte-von-kasia-niewiadoma\/#primaryimage","url":"https:\/\/d2p6e6u75xmxt8.cloudfront.net\/10\/2025\/07\/Screenshot-7.webp","contentUrl":"https:\/\/d2p6e6u75xmxt8.cloudfront.net\/10\/2025\/07\/Screenshot-7.webp","width":984,"height":659},{"@type":"BreadcrumbList","@id":"https:\/\/www.welovecycling.com\/de\/2025\/07\/04\/tour-de-france-vorschau-worauf-ich-achte-von-kasia-niewiadoma\/#breadcrumb","itemListElement":[{"@type":"ListItem","position":1,"name":"Home","item":"https:\/\/www.welovecycling.com\/de\/"},{"@type":"ListItem","position":2,"name":"Tour de France Vorschau: Worauf ich achte. Von Kasia Niewiadoma"}]},{"@type":"WebSite","@id":"https:\/\/www.welovecycling.com\/de\/#website","url":"https:\/\/www.welovecycling.com\/de\/","name":"\u0160koda We Love Cycling - Deutschland","description":"Just another \u0160koda WeLoveCycling Sites site","potentialAction":[{"@type":"SearchAction","target":{"@type":"EntryPoint","urlTemplate":"https:\/\/www.welovecycling.com\/de\/?s={search_term_string}"},"query-input":{"@type":"PropertyValueSpecification","valueRequired":true,"valueName":"search_term_string"}}],"inLanguage":"de-DE"},{"@type":"Person","@id":"https:\/\/www.welovecycling.com\/de\/#\/schema\/person\/915694b3c8d0de9019932587781ba6b3","name":"jbraeker","image":{"@type":"ImageObject","inLanguage":"de-DE","@id":"https:\/\/www.welovecycling.com\/de\/#\/schema\/person\/image\/","url":"https:\/\/secure.gravatar.com\/avatar\/8b4aea90e4535aae30b5b720249e5b723ae59fcf3d54757dd8b748d97b46d3c9?s=96&d=mm&r=g","contentUrl":"https:\/\/secure.gravatar.com\/avatar\/8b4aea90e4535aae30b5b720249e5b723ae59fcf3d54757dd8b748d97b46d3c9?s=96&d=mm&r=g","caption":"jbraeker"},"url":"https:\/\/www.welovecycling.com\/de\/author\/jbraeker\/"}]}},"_links":{"self":[{"href":"https:\/\/www.welovecycling.com\/de\/wp-json\/wp\/v2\/posts\/11715","targetHints":{"allow":["GET"]}}],"collection":[{"href":"https:\/\/www.welovecycling.com\/de\/wp-json\/wp\/v2\/posts"}],"about":[{"href":"https:\/\/www.welovecycling.com\/de\/wp-json\/wp\/v2\/types\/post"}],"author":[{"embeddable":true,"href":"https:\/\/www.welovecycling.com\/de\/wp-json\/wp\/v2\/users\/115"}],"replies":[{"embeddable":true,"href":"https:\/\/www.welovecycling.com\/de\/wp-json\/wp\/v2\/comments?post=11715"}],"version-history":[{"count":1,"href":"https:\/\/www.welovecycling.com\/de\/wp-json\/wp\/v2\/posts\/11715\/revisions"}],"predecessor-version":[{"id":11717,"href":"https:\/\/www.welovecycling.com\/de\/wp-json\/wp\/v2\/posts\/11715\/revisions\/11717"}],"wp:featuredmedia":[{"embeddable":true,"href":"https:\/\/www.welovecycling.com\/de\/wp-json\/wp\/v2\/media\/11722"}],"wp:attachment":[{"href":"https:\/\/www.welovecycling.com\/de\/wp-json\/wp\/v2\/media?parent=11715"}],"wp:term":[{"taxonomy":"category","embeddable":true,"href":"https:\/\/www.welovecycling.com\/de\/wp-json\/wp\/v2\/categories?post=11715"},{"taxonomy":"post_tag","embeddable":true,"href":"https:\/\/www.welovecycling.com\/de\/wp-json\/wp\/v2\/tags?post=11715"},{"taxonomy":"global-categories","embeddable":true,"href":"https:\/\/www.welovecycling.com\/de\/wp-json\/wp\/v2\/global-categories?post=11715"}],"curies":[{"name":"wp","href":"https:\/\/api.w.org\/{rel}","templated":true}]}}