{"id":11709,"date":"2025-07-04T10:22:32","date_gmt":"2025-07-04T09:22:32","guid":{"rendered":"https:\/\/www.welovecycling.com\/de\/?p=11709"},"modified":"2025-07-04T10:35:28","modified_gmt":"2025-07-04T09:35:28","slug":"lisa-brennauers-persoenlicher-triumph-an-der-planche-des-belles-filles","status":"publish","type":"post","link":"https:\/\/www.welovecycling.com\/de\/2025\/07\/04\/lisa-brennauers-persoenlicher-triumph-an-der-planche-des-belles-filles\/","title":{"rendered":"Lisa Brennauers pers\u00f6nlicher Triumph an der Planche des Belles Filles"},"content":{"rendered":"<p><iframe loading=\"lazy\" width=\"560\" height=\"315\" src=\"https:\/\/www.youtube-nocookie.com\/embed\/gPWh_6snAWc?si=kU_zJ4YAfXG3ZdPT\" title=\"YouTube video player\" frameborder=\"0\" allow=\"accelerometer; autoplay; clipboard-write; encrypted-media; gyroscope; picture-in-picture; web-share\" referrerpolicy=\"strict-origin-when-cross-origin\" allowfullscreen><\/iframe><\/p>\n<p data-start=\"75\" data-end=\"520\">In ihrer 13-j\u00e4hrigen Profikarriere sammelte die heute 37-j\u00e4hrige Lisa Brennauer beeindruckende 58 Siege \u2013 sowohl auf der Stra\u00dfe als auch auf der Bahn. Sie wurde 2014 Zeitfahr-Weltmeisterin, gewann neun deutsche Meistertitel im Stra\u00dfenradsport, Welt- und Europameistertitel in der Mixed-Staffel, drei Teamzeitfahr-Weltmeisterschaften sowie auf der Bahn olympisches Gold in der Mannschaftsverfolgung und WM-Titel in der Einzel- und Teamverfolgung.<\/p>\n<p data-start=\"522\" data-end=\"998\">Doch vielleicht bedeutete ihr kein Zielstrich mehr als jener auf der <strong data-start=\"591\" data-end=\"629\">La Super Planche des Belles Filles<\/strong> \u2013 am letzten Tag der allerersten <strong data-start=\"663\" data-end=\"699\">Tour de France Femmes avec Zwift<\/strong> (TdFF) im Jahr 2022. Es war nicht nur das Ende ihrer WorldTour-Karriere \u2013 drei Wochen sp\u00e4ter trat sie offiziell zur\u00fcck, nachdem sie noch Platz vier bei der Stra\u00dfen-EM belegte \u2013, sondern auch ein Symbol f\u00fcr den tiefgreifenden Wandel im Frauenradsport, den sie miterlebt und aktiv mitgestaltet hatte.<\/p>\n<p data-start=\"1000\" data-end=\"1479\">W\u00e4hrend ihrer Karriere erlebte der Frauenradsport ein starkes Wachstum \u2013 mit sp\u00fcrbar mehr Anerkennung. Die Medienpr\u00e4senz nahm deutlich zu, Live-\u00dcbertragungen und TV-Streams wurden zur Normalit\u00e4t. Das f\u00fchrte zu mehr Zuschauern, gr\u00f6\u00dferem Interesse, mehr Teilnehmenden \u2013 und mehr Sponsoren. Auch strukturell ver\u00e4nderte sich vieles: Die UCI f\u00fchrte Mindestl\u00f6hne, Mutterschutz und weitere soziale Standards ein \u2013 ein klares Zeichen, dass Frauenradsport als echter Beruf anerkannt wird.<\/p>\n<p data-start=\"1481\" data-end=\"2052\">Auch prestigetr\u00e4chtige Etappenrennen wie die Tour de France Femmes wurden neu ins Leben gerufen oder wiederbelebt \u2013 ein Gewinn f\u00fcr das mediale Interesse, f\u00fcr Sponsoren und vor allem f\u00fcr die sportliche Entwicklung. Lisa Brennauers Platzierung im Gesamtklassement der ersten TdFF \u2013 Rang 58, mehr als eine Stunde hinter der Siegerin Annemiek van Vleuten \u2013 war dabei zweitrangig. Viel bedeutender war ihre Teilnahme an einem historischen Wendepunkt: einer Grand Tour mit globaler Reichweite, mit Zielank\u00fcnften auf legend\u00e4ren Anstiegen wie der Super Planche des Belles Filles.<\/p>\n<p data-start=\"1481\" data-end=\"2052\"><img loading=\"lazy\" decoding=\"async\" class=\"alignnone wp-image-11711\" src=\"https:\/\/d2p6e6u75xmxt8.cloudfront.net\/10\/2025\/07\/Screenshot-5-300x199.webp\" alt=\"\" width=\"488\" height=\"324\" srcset=\"https:\/\/d2p6e6u75xmxt8.cloudfront.net\/10\/2025\/07\/Screenshot-5-300x199.webp 300w, https:\/\/d2p6e6u75xmxt8.cloudfront.net\/10\/2025\/07\/Screenshot-5-768x509.webp 768w, https:\/\/d2p6e6u75xmxt8.cloudfront.net\/10\/2025\/07\/Screenshot-5-400x265.webp 400w, https:\/\/d2p6e6u75xmxt8.cloudfront.net\/10\/2025\/07\/Screenshot-5-272x182.webp 272w, https:\/\/d2p6e6u75xmxt8.cloudfront.net\/10\/2025\/07\/Screenshot-5.webp 788w\" sizes=\"auto, (max-width: 488px) 100vw, 488px\" \/><span style=\"font-size: 8pt;\">Das Frauen-Peloton bei der Tour de France Femmes avec Zwift 2022. \u00a9 Profimedia<\/span><\/p>\n<blockquote data-start=\"2054\" data-end=\"2642\">\n<p data-start=\"2056\" data-end=\"2642\"><em data-start=\"2056\" data-end=\"2133\">\u201eDie Tour de France der Frauen ist ein riesiger Schritt nach vorn f\u00fcr uns\u201c,<\/em> sagte sie 2022. <em data-start=\"2150\" data-end=\"2642\">\u201eAlle sind begeistert \u2013 Fahrerinnen und Teams. Die Tour ist das Highlight unseres Kalenders. Mein Team, Ceratizit-WNT Pro Cycling, nutzt die Tour zum Beispiel f\u00fcr ein gro\u00dfes Teamevent in Paris. Die ganze Firma kommt an die Seine, alle radeln eine Runde, schauen sich unsere und das M\u00e4nnerrennen an. Das ist der Moment, in dem echte Verbindung entsteht. Ich habe das Rennen seit meiner Jugend verfolgt, als Teenager vorm Fernseher \u2013 jetzt selbst Teil davon zu sein, f\u00fchlt sich gro\u00dfartig an.\u201c<\/em><\/p>\n<\/blockquote>\n<p data-start=\"2644\" data-end=\"3030\">Seit dieser ersten Ausgabe der TdFF sind die Frauen bereits \u00fcber den <strong data-start=\"2713\" data-end=\"2726\">Tourmalet<\/strong> und die <strong data-start=\"2735\" data-end=\"2750\">Alpe d\u2019Huez<\/strong> gefahren \u2013 und 2025 stehen unter anderem der <strong data-start=\"2796\" data-end=\"2814\">Col du Granier<\/strong> und der m\u00e4chtige <strong data-start=\"2832\" data-end=\"2855\">Col de la Madeleine<\/strong> auf dem Programm. Dabei geht es nicht ums Sightseeing, sondern darum, den TdFF zu einem globalen Aush\u00e4ngeschild f\u00fcr den Frauenradsport zu machen \u2013 ganz wie das M\u00e4nnerpendant.<\/p>\n<blockquote data-start=\"3032\" data-end=\"3429\">\n<p data-start=\"3034\" data-end=\"3429\"><em data-start=\"3034\" data-end=\"3067\">\u201eSichtbarkeit ist das A und O\u201c,<\/em> erkl\u00e4rte Brennauer damals weiter. <em data-start=\"3102\" data-end=\"3429\">\u201eDie Tour de France der Frauen bietet uns eine riesige Plattform. Wenn die Leute unsere Tour live im Free-TV verfolgen k\u00f6nnen, hilft das enorm. Acht Tage am St\u00fcck k\u00f6nnen wir zeigen, wie spannend unser Sport ist und dass wir den M\u00e4nnern in nichts nachstehen. Und die Zuschauer k\u00f6nnen es sich zu Hause im Wohnzimmer anschauen.\u201c<\/em><\/p>\n<\/blockquote>\n","protected":false},"excerpt":{"rendered":"<p>In ihrer 13-j\u00e4hrigen Profikarriere sammelte die heute 37-j\u00e4hrige Lisa Brennauer beeindruckende 58 Siege \u2013 sowohl auf der Stra\u00dfe als auch [&hellip;]<\/p>\n","protected":false},"author":115,"featured_media":11710,"comment_status":"open","ping_status":"open","sticky":false,"template":"","format":"standard","meta":{"footnotes":""},"categories":[1],"tags":[],"global-categories":[19],"class_list":["post-11709","post","type-post","status-publish","format-standard","has-post-thumbnail","hentry","category-allgemein","global-categories-cycling"],"yoast_head":"<!-- This site is optimized with the Yoast SEO Premium plugin v25.3 (Yoast SEO v25.9) - https:\/\/yoast.com\/wordpress\/plugins\/seo\/ -->\n<title>Lisa Brennauers pers\u00f6nlicher Triumph an der Planche des Belles Filles - \u0160koda We Love Cycling - Deutschland<\/title>\n<meta name=\"description\" content=\"Lisa Brennauer blickt auf ihren emotionalsten Karrieremoment zur\u00fcck: das Finale der Tour de France Femmes 2022. Warum dieser Tag f\u00fcr den Frauenradsport Geschichte schrieb.\" \/>\n<meta name=\"robots\" content=\"index, follow, max-snippet:-1, max-image-preview:large, max-video-preview:-1\" \/>\n<link rel=\"canonical\" href=\"https:\/\/www.welovecycling.com\/de\/2025\/07\/04\/lisa-brennauers-persoenlicher-triumph-an-der-planche-des-belles-filles\/\" \/>\n<meta property=\"og:locale\" content=\"de_DE\" \/>\n<meta property=\"og:type\" content=\"article\" \/>\n<meta property=\"og:title\" content=\"Lisa Brennauers pers\u00f6nlicher Triumph an der Planche des Belles Filles\" \/>\n<meta property=\"og:description\" content=\"Lisa Brennauer blickt auf ihren emotionalsten Karrieremoment zur\u00fcck: das Finale der Tour de France Femmes 2022. Warum dieser Tag f\u00fcr den Frauenradsport Geschichte schrieb.\" \/>\n<meta property=\"og:url\" content=\"https:\/\/www.welovecycling.com\/de\/2025\/07\/04\/lisa-brennauers-persoenlicher-triumph-an-der-planche-des-belles-filles\/\" \/>\n<meta property=\"og:site_name\" content=\"\u0160koda We Love Cycling - Deutschland\" \/>\n<meta property=\"article:published_time\" content=\"2025-07-04T09:22:32+00:00\" \/>\n<meta property=\"article:modified_time\" content=\"2025-07-04T09:35:28+00:00\" \/>\n<meta property=\"og:image\" content=\"https:\/\/d2p6e6u75xmxt8.cloudfront.net\/10\/2025\/07\/Screenshot-4.webp\" \/>\n\t<meta property=\"og:image:width\" content=\"984\" \/>\n\t<meta property=\"og:image:height\" content=\"546\" \/>\n\t<meta property=\"og:image:type\" content=\"image\/webp\" \/>\n<meta name=\"author\" content=\"jbraeker\" \/>\n<meta name=\"twitter:card\" content=\"summary_large_image\" \/>\n<meta name=\"twitter:label1\" content=\"Written by\" \/>\n\t<meta name=\"twitter:data1\" content=\"Siegfried Mortkowitz\" \/>\n\t<meta name=\"twitter:label2\" content=\"Est. reading time\" \/>\n\t<meta name=\"twitter:data2\" content=\"3\" \/>\n<script type=\"application\/ld+json\" class=\"yoast-schema-graph\">{\"@context\":\"https:\/\/schema.org\",\"@graph\":[{\"@type\":\"WebPage\",\"@id\":\"https:\/\/www.welovecycling.com\/de\/2025\/07\/04\/lisa-brennauers-persoenlicher-triumph-an-der-planche-des-belles-filles\/\",\"url\":\"https:\/\/www.welovecycling.com\/de\/2025\/07\/04\/lisa-brennauers-persoenlicher-triumph-an-der-planche-des-belles-filles\/\",\"name\":\"Lisa Brennauers pers\u00f6nlicher Triumph an der Planche des Belles Filles - \u0160koda We Love Cycling - Deutschland\",\"isPartOf\":{\"@id\":\"https:\/\/www.welovecycling.com\/de\/#website\"},\"primaryImageOfPage\":{\"@id\":\"https:\/\/www.welovecycling.com\/de\/2025\/07\/04\/lisa-brennauers-persoenlicher-triumph-an-der-planche-des-belles-filles\/#primaryimage\"},\"image\":{\"@id\":\"https:\/\/www.welovecycling.com\/de\/2025\/07\/04\/lisa-brennauers-persoenlicher-triumph-an-der-planche-des-belles-filles\/#primaryimage\"},\"thumbnailUrl\":\"https:\/\/d2p6e6u75xmxt8.cloudfront.net\/10\/2025\/07\/Screenshot-4.webp\",\"datePublished\":\"2025-07-04T09:22:32+00:00\",\"dateModified\":\"2025-07-04T09:35:28+00:00\",\"author\":{\"@id\":\"https:\/\/www.welovecycling.com\/de\/#\/schema\/person\/915694b3c8d0de9019932587781ba6b3\"},\"description\":\"Lisa Brennauer blickt auf ihren emotionalsten Karrieremoment zur\u00fcck: das Finale der Tour de France Femmes 2022. Warum dieser Tag f\u00fcr den Frauenradsport Geschichte schrieb.\",\"breadcrumb\":{\"@id\":\"https:\/\/www.welovecycling.com\/de\/2025\/07\/04\/lisa-brennauers-persoenlicher-triumph-an-der-planche-des-belles-filles\/#breadcrumb\"},\"inLanguage\":\"de-DE\",\"potentialAction\":[{\"@type\":\"ReadAction\",\"target\":[\"https:\/\/www.welovecycling.com\/de\/2025\/07\/04\/lisa-brennauers-persoenlicher-triumph-an-der-planche-des-belles-filles\/\"]}]},{\"@type\":\"ImageObject\",\"inLanguage\":\"de-DE\",\"@id\":\"https:\/\/www.welovecycling.com\/de\/2025\/07\/04\/lisa-brennauers-persoenlicher-triumph-an-der-planche-des-belles-filles\/#primaryimage\",\"url\":\"https:\/\/d2p6e6u75xmxt8.cloudfront.net\/10\/2025\/07\/Screenshot-4.webp\",\"contentUrl\":\"https:\/\/d2p6e6u75xmxt8.cloudfront.net\/10\/2025\/07\/Screenshot-4.webp\",\"width\":984,\"height\":546},{\"@type\":\"BreadcrumbList\",\"@id\":\"https:\/\/www.welovecycling.com\/de\/2025\/07\/04\/lisa-brennauers-persoenlicher-triumph-an-der-planche-des-belles-filles\/#breadcrumb\",\"itemListElement\":[{\"@type\":\"ListItem\",\"position\":1,\"name\":\"Home\",\"item\":\"https:\/\/www.welovecycling.com\/de\/\"},{\"@type\":\"ListItem\",\"position\":2,\"name\":\"Lisa Brennauers pers\u00f6nlicher Triumph an der Planche des Belles Filles\"}]},{\"@type\":\"WebSite\",\"@id\":\"https:\/\/www.welovecycling.com\/de\/#website\",\"url\":\"https:\/\/www.welovecycling.com\/de\/\",\"name\":\"\u0160koda We Love Cycling - Deutschland\",\"description\":\"Just another \u0160koda WeLoveCycling Sites site\",\"potentialAction\":[{\"@type\":\"SearchAction\",\"target\":{\"@type\":\"EntryPoint\",\"urlTemplate\":\"https:\/\/www.welovecycling.com\/de\/?s={search_term_string}\"},\"query-input\":{\"@type\":\"PropertyValueSpecification\",\"valueRequired\":true,\"valueName\":\"search_term_string\"}}],\"inLanguage\":\"de-DE\"},{\"@type\":\"Person\",\"@id\":\"https:\/\/www.welovecycling.com\/de\/#\/schema\/person\/915694b3c8d0de9019932587781ba6b3\",\"name\":\"jbraeker\",\"image\":{\"@type\":\"ImageObject\",\"inLanguage\":\"de-DE\",\"@id\":\"https:\/\/www.welovecycling.com\/de\/#\/schema\/person\/image\/\",\"url\":\"https:\/\/secure.gravatar.com\/avatar\/8b4aea90e4535aae30b5b720249e5b723ae59fcf3d54757dd8b748d97b46d3c9?s=96&d=mm&r=g\",\"contentUrl\":\"https:\/\/secure.gravatar.com\/avatar\/8b4aea90e4535aae30b5b720249e5b723ae59fcf3d54757dd8b748d97b46d3c9?s=96&d=mm&r=g\",\"caption\":\"jbraeker\"},\"url\":\"https:\/\/www.welovecycling.com\/de\/author\/jbraeker\/\"}]}<\/script>\n<!-- \/ Yoast SEO Premium plugin. -->","yoast_head_json":{"title":"Lisa Brennauers pers\u00f6nlicher Triumph an der Planche des Belles Filles - \u0160koda We Love Cycling - Deutschland","description":"Lisa Brennauer blickt auf ihren emotionalsten Karrieremoment zur\u00fcck: das Finale der Tour de France Femmes 2022. Warum dieser Tag f\u00fcr den Frauenradsport Geschichte schrieb.","robots":{"index":"index","follow":"follow","max-snippet":"max-snippet:-1","max-image-preview":"max-image-preview:large","max-video-preview":"max-video-preview:-1"},"canonical":"https:\/\/www.welovecycling.com\/de\/2025\/07\/04\/lisa-brennauers-persoenlicher-triumph-an-der-planche-des-belles-filles\/","og_locale":"de_DE","og_type":"article","og_title":"Lisa Brennauers pers\u00f6nlicher Triumph an der Planche des Belles Filles","og_description":"Lisa Brennauer blickt auf ihren emotionalsten Karrieremoment zur\u00fcck: das Finale der Tour de France Femmes 2022. Warum dieser Tag f\u00fcr den Frauenradsport Geschichte schrieb.","og_url":"https:\/\/www.welovecycling.com\/de\/2025\/07\/04\/lisa-brennauers-persoenlicher-triumph-an-der-planche-des-belles-filles\/","og_site_name":"\u0160koda We Love Cycling - Deutschland","article_published_time":"2025-07-04T09:22:32+00:00","article_modified_time":"2025-07-04T09:35:28+00:00","og_image":[{"width":984,"height":546,"url":"https:\/\/d2p6e6u75xmxt8.cloudfront.net\/10\/2025\/07\/Screenshot-4.webp","type":"image\/webp"}],"author":"jbraeker","twitter_card":"summary_large_image","twitter_misc":{"Written by":"Siegfried Mortkowitz","Est. reading time":"3"},"schema":{"@context":"https:\/\/schema.org","@graph":[{"@type":"WebPage","@id":"https:\/\/www.welovecycling.com\/de\/2025\/07\/04\/lisa-brennauers-persoenlicher-triumph-an-der-planche-des-belles-filles\/","url":"https:\/\/www.welovecycling.com\/de\/2025\/07\/04\/lisa-brennauers-persoenlicher-triumph-an-der-planche-des-belles-filles\/","name":"Lisa Brennauers pers\u00f6nlicher Triumph an der Planche des Belles Filles - \u0160koda We Love Cycling - Deutschland","isPartOf":{"@id":"https:\/\/www.welovecycling.com\/de\/#website"},"primaryImageOfPage":{"@id":"https:\/\/www.welovecycling.com\/de\/2025\/07\/04\/lisa-brennauers-persoenlicher-triumph-an-der-planche-des-belles-filles\/#primaryimage"},"image":{"@id":"https:\/\/www.welovecycling.com\/de\/2025\/07\/04\/lisa-brennauers-persoenlicher-triumph-an-der-planche-des-belles-filles\/#primaryimage"},"thumbnailUrl":"https:\/\/d2p6e6u75xmxt8.cloudfront.net\/10\/2025\/07\/Screenshot-4.webp","datePublished":"2025-07-04T09:22:32+00:00","dateModified":"2025-07-04T09:35:28+00:00","author":{"@id":"https:\/\/www.welovecycling.com\/de\/#\/schema\/person\/915694b3c8d0de9019932587781ba6b3"},"description":"Lisa Brennauer blickt auf ihren emotionalsten Karrieremoment zur\u00fcck: das Finale der Tour de France Femmes 2022. Warum dieser Tag f\u00fcr den Frauenradsport Geschichte schrieb.","breadcrumb":{"@id":"https:\/\/www.welovecycling.com\/de\/2025\/07\/04\/lisa-brennauers-persoenlicher-triumph-an-der-planche-des-belles-filles\/#breadcrumb"},"inLanguage":"de-DE","potentialAction":[{"@type":"ReadAction","target":["https:\/\/www.welovecycling.com\/de\/2025\/07\/04\/lisa-brennauers-persoenlicher-triumph-an-der-planche-des-belles-filles\/"]}]},{"@type":"ImageObject","inLanguage":"de-DE","@id":"https:\/\/www.welovecycling.com\/de\/2025\/07\/04\/lisa-brennauers-persoenlicher-triumph-an-der-planche-des-belles-filles\/#primaryimage","url":"https:\/\/d2p6e6u75xmxt8.cloudfront.net\/10\/2025\/07\/Screenshot-4.webp","contentUrl":"https:\/\/d2p6e6u75xmxt8.cloudfront.net\/10\/2025\/07\/Screenshot-4.webp","width":984,"height":546},{"@type":"BreadcrumbList","@id":"https:\/\/www.welovecycling.com\/de\/2025\/07\/04\/lisa-brennauers-persoenlicher-triumph-an-der-planche-des-belles-filles\/#breadcrumb","itemListElement":[{"@type":"ListItem","position":1,"name":"Home","item":"https:\/\/www.welovecycling.com\/de\/"},{"@type":"ListItem","position":2,"name":"Lisa Brennauers pers\u00f6nlicher Triumph an der Planche des Belles Filles"}]},{"@type":"WebSite","@id":"https:\/\/www.welovecycling.com\/de\/#website","url":"https:\/\/www.welovecycling.com\/de\/","name":"\u0160koda We Love Cycling - Deutschland","description":"Just another \u0160koda WeLoveCycling Sites site","potentialAction":[{"@type":"SearchAction","target":{"@type":"EntryPoint","urlTemplate":"https:\/\/www.welovecycling.com\/de\/?s={search_term_string}"},"query-input":{"@type":"PropertyValueSpecification","valueRequired":true,"valueName":"search_term_string"}}],"inLanguage":"de-DE"},{"@type":"Person","@id":"https:\/\/www.welovecycling.com\/de\/#\/schema\/person\/915694b3c8d0de9019932587781ba6b3","name":"jbraeker","image":{"@type":"ImageObject","inLanguage":"de-DE","@id":"https:\/\/www.welovecycling.com\/de\/#\/schema\/person\/image\/","url":"https:\/\/secure.gravatar.com\/avatar\/8b4aea90e4535aae30b5b720249e5b723ae59fcf3d54757dd8b748d97b46d3c9?s=96&d=mm&r=g","contentUrl":"https:\/\/secure.gravatar.com\/avatar\/8b4aea90e4535aae30b5b720249e5b723ae59fcf3d54757dd8b748d97b46d3c9?s=96&d=mm&r=g","caption":"jbraeker"},"url":"https:\/\/www.welovecycling.com\/de\/author\/jbraeker\/"}]}},"_links":{"self":[{"href":"https:\/\/www.welovecycling.com\/de\/wp-json\/wp\/v2\/posts\/11709","targetHints":{"allow":["GET"]}}],"collection":[{"href":"https:\/\/www.welovecycling.com\/de\/wp-json\/wp\/v2\/posts"}],"about":[{"href":"https:\/\/www.welovecycling.com\/de\/wp-json\/wp\/v2\/types\/post"}],"author":[{"embeddable":true,"href":"https:\/\/www.welovecycling.com\/de\/wp-json\/wp\/v2\/users\/115"}],"replies":[{"embeddable":true,"href":"https:\/\/www.welovecycling.com\/de\/wp-json\/wp\/v2\/comments?post=11709"}],"version-history":[{"count":3,"href":"https:\/\/www.welovecycling.com\/de\/wp-json\/wp\/v2\/posts\/11709\/revisions"}],"predecessor-version":[{"id":11714,"href":"https:\/\/www.welovecycling.com\/de\/wp-json\/wp\/v2\/posts\/11709\/revisions\/11714"}],"wp:featuredmedia":[{"embeddable":true,"href":"https:\/\/www.welovecycling.com\/de\/wp-json\/wp\/v2\/media\/11710"}],"wp:attachment":[{"href":"https:\/\/www.welovecycling.com\/de\/wp-json\/wp\/v2\/media?parent=11709"}],"wp:term":[{"taxonomy":"category","embeddable":true,"href":"https:\/\/www.welovecycling.com\/de\/wp-json\/wp\/v2\/categories?post=11709"},{"taxonomy":"post_tag","embeddable":true,"href":"https:\/\/www.welovecycling.com\/de\/wp-json\/wp\/v2\/tags?post=11709"},{"taxonomy":"global-categories","embeddable":true,"href":"https:\/\/www.welovecycling.com\/de\/wp-json\/wp\/v2\/global-categories?post=11709"}],"curies":[{"name":"wp","href":"https:\/\/api.w.org\/{rel}","templated":true}]}}