{"id":11353,"date":"2024-08-25T11:40:10","date_gmt":"2024-08-25T10:40:10","guid":{"rendered":"https:\/\/www.welovecycling.com\/de\/?p=11353"},"modified":"2024-08-25T11:40:10","modified_gmt":"2024-08-25T10:40:10","slug":"jonathan-milan-gewinnt-3-etappe-der-deutschland-tour-und-verteidigt-das-skoda-green-jersey","status":"publish","type":"post","link":"https:\/\/www.welovecycling.com\/de\/2024\/08\/25\/jonathan-milan-gewinnt-3-etappe-der-deutschland-tour-und-verteidigt-das-skoda-green-jersey\/","title":{"rendered":"Jonathan Milan gewinnt 3.Etappe der Deutschland Tour und verteidigt das Skoda Green Jersey"},"content":{"rendered":"<p><strong>Jonathan Milan (Lidl-Trek) aus Italien triumphiert zum dritten Mal bei der Lidl Deutschland Tour. Nach dem Prolog und der 1.Etappe gewann er nun<\/strong> <strong>auch die 3.Etappe von Schw\u00e4bisch Gm\u00fcnd nach Villingen-Schwenningen. Zweiter wurde der Deutsche Max Kanter (Astana Qazaqstan Team) vor dem Belgier Jordi Meeus (Red Bull &#8211; Bora-Hansgrohe).<\/strong><\/p>\n<p>\u00dcber 211 Kilometer ging die 3.Etappe der Lidl Deutschland Tour und war somit die l\u00e4ngste Etappe des Rennens. Die F\u00fchrungsgruppe um Marius Mayrhofer wurde circa 10km vor Schluss vom Peloton eingeholt und die Zieleinfahrt war ein regelrechter Massensprint, indem sich Milan am Ende durchsetzen konnte und somit auch sein gr\u00fcnes Trikot verteidigte. Davor \u00fcberwand er mit seinen Mitstreitern \u00fcber 3000 H\u00f6henmeter auf der anspruchsvollen Etappe.<\/p>\n<p>Milans Teamkollege von Lidl-Trek, Mads Pedersen konnte w\u00e4hrenddessen die Gesamtf\u00fchrung und das blaue Trikot verteidigen. Ihm folgen der Norweger Tobias Halland Johannessen und der Niederl\u00e4nder Danny van Poppel.<\/p>\n<p>Die Entscheidung um den Gesamtsieg f\u00e4llt am Sonntag in Saarbr\u00fccken, wo die Fahrer nach weiteren 182,7km die Ziellinie \u00fcberqueren sollen.<\/p>\n<p><strong>TAGESWERTUNG<\/strong><\/p>\n<p>1. Milan, J. (Lidl-Trek) 5h17&#8217;57\u201c<br \/>\n2. Kanter, M. (Astana Qazaqstan Team) +00\u201c<br \/>\n3. Meeus, J. (Red Bull-BORA-hansgrohe) +00\u201c<br \/>\n4. Govekar, M., (Bahrain Victorious) +00\u201c<\/p>\n<p><strong>GESAMTWERTUNG<\/strong><\/p>\n<p>1. Pedersen, M. (Lidl-Trek) 14h03\u201908\u201c<br \/>\n2. Johannessen, T. (Uno-X Mobility) +12\u201c<br \/>\n3. van Poppel, D. (Red Bull-BORA-hansgrohe) +19\u201c<br \/>\n4. Hayter, E. (Ineos Grenadiers) +21\u201c<\/p>\n<p>Titelbild: \u00a9Lidl DeutschlandTour_Roth-Foto<\/p>\n","protected":false},"excerpt":{"rendered":"<p>Jonathan Milan (Lidl-Trek) aus Italien triumphiert zum dritten Mal bei der Lidl Deutschland Tour. Nach dem Prolog und der 1.Etappe [&hellip;]<\/p>\n","protected":false},"author":115,"featured_media":11354,"comment_status":"open","ping_status":"open","sticky":false,"template":"","format":"standard","meta":{"footnotes":""},"categories":[1,116],"tags":[],"global-categories":[19],"class_list":["post-11353","post","type-post","status-publish","format-standard","has-post-thumbnail","hentry","category-allgemein","category-lidl-deutschland-tour-2024","global-categories-cycling"],"yoast_head":"<!-- This site is optimized with the Yoast SEO Premium plugin v25.3 (Yoast SEO v25.9) - https:\/\/yoast.com\/wordpress\/plugins\/seo\/ -->\n<title>Jonathan Milan gewinnt 3.Etappe der Deutschland Tour und verteidigt das Skoda Green Jersey - \u0160koda We Love Cycling - Deutschland<\/title>\n<meta name=\"robots\" content=\"index, follow, max-snippet:-1, max-image-preview:large, max-video-preview:-1\" \/>\n<link rel=\"canonical\" href=\"https:\/\/www.welovecycling.com\/de\/2024\/08\/25\/jonathan-milan-gewinnt-3-etappe-der-deutschland-tour-und-verteidigt-das-skoda-green-jersey\/\" \/>\n<meta property=\"og:locale\" content=\"de_DE\" \/>\n<meta property=\"og:type\" content=\"article\" \/>\n<meta property=\"og:title\" content=\"Jonathan Milan gewinnt 3.Etappe der Deutschland Tour und verteidigt das Skoda Green Jersey\" \/>\n<meta property=\"og:description\" content=\"Jonathan Milan (Lidl-Trek) aus Italien triumphiert zum dritten Mal bei der Lidl Deutschland Tour. Nach dem Prolog und der 1.Etappe [&hellip;]\" \/>\n<meta property=\"og:url\" content=\"https:\/\/www.welovecycling.com\/de\/2024\/08\/25\/jonathan-milan-gewinnt-3-etappe-der-deutschland-tour-und-verteidigt-das-skoda-green-jersey\/\" \/>\n<meta property=\"og:site_name\" content=\"\u0160koda We Love Cycling - Deutschland\" \/>\n<meta property=\"article:published_time\" content=\"2024-08-25T10:40:10+00:00\" \/>\n<meta property=\"og:image\" content=\"https:\/\/d2p6e6u75xmxt8.cloudfront.net\/10\/2024\/08\/rzOgJWg6-scaled.webp\" \/>\n\t<meta property=\"og:image:width\" content=\"2560\" \/>\n\t<meta property=\"og:image:height\" content=\"1707\" \/>\n\t<meta property=\"og:image:type\" content=\"image\/webp\" \/>\n<meta name=\"author\" content=\"jbraeker\" \/>\n<meta name=\"twitter:card\" content=\"summary_large_image\" \/>\n<meta name=\"twitter:label1\" content=\"Written by\" \/>\n\t<meta name=\"twitter:data1\" content=\"jbraeker\" \/>\n\t<meta name=\"twitter:label2\" content=\"Est. reading time\" \/>\n\t<meta name=\"twitter:data2\" content=\"1 minute\" \/>\n<script type=\"application\/ld+json\" class=\"yoast-schema-graph\">{\"@context\":\"https:\/\/schema.org\",\"@graph\":[{\"@type\":\"WebPage\",\"@id\":\"https:\/\/www.welovecycling.com\/de\/2024\/08\/25\/jonathan-milan-gewinnt-3-etappe-der-deutschland-tour-und-verteidigt-das-skoda-green-jersey\/\",\"url\":\"https:\/\/www.welovecycling.com\/de\/2024\/08\/25\/jonathan-milan-gewinnt-3-etappe-der-deutschland-tour-und-verteidigt-das-skoda-green-jersey\/\",\"name\":\"Jonathan Milan gewinnt 3.Etappe der Deutschland Tour und verteidigt das Skoda Green Jersey - \u0160koda We Love Cycling - Deutschland\",\"isPartOf\":{\"@id\":\"https:\/\/www.welovecycling.com\/de\/#website\"},\"primaryImageOfPage\":{\"@id\":\"https:\/\/www.welovecycling.com\/de\/2024\/08\/25\/jonathan-milan-gewinnt-3-etappe-der-deutschland-tour-und-verteidigt-das-skoda-green-jersey\/#primaryimage\"},\"image\":{\"@id\":\"https:\/\/www.welovecycling.com\/de\/2024\/08\/25\/jonathan-milan-gewinnt-3-etappe-der-deutschland-tour-und-verteidigt-das-skoda-green-jersey\/#primaryimage\"},\"thumbnailUrl\":\"https:\/\/d2p6e6u75xmxt8.cloudfront.net\/10\/2024\/08\/rzOgJWg6-scaled.webp\",\"datePublished\":\"2024-08-25T10:40:10+00:00\",\"author\":{\"@id\":\"https:\/\/www.welovecycling.com\/de\/#\/schema\/person\/915694b3c8d0de9019932587781ba6b3\"},\"breadcrumb\":{\"@id\":\"https:\/\/www.welovecycling.com\/de\/2024\/08\/25\/jonathan-milan-gewinnt-3-etappe-der-deutschland-tour-und-verteidigt-das-skoda-green-jersey\/#breadcrumb\"},\"inLanguage\":\"de-DE\",\"potentialAction\":[{\"@type\":\"ReadAction\",\"target\":[\"https:\/\/www.welovecycling.com\/de\/2024\/08\/25\/jonathan-milan-gewinnt-3-etappe-der-deutschland-tour-und-verteidigt-das-skoda-green-jersey\/\"]}]},{\"@type\":\"ImageObject\",\"inLanguage\":\"de-DE\",\"@id\":\"https:\/\/www.welovecycling.com\/de\/2024\/08\/25\/jonathan-milan-gewinnt-3-etappe-der-deutschland-tour-und-verteidigt-das-skoda-green-jersey\/#primaryimage\",\"url\":\"https:\/\/d2p6e6u75xmxt8.cloudfront.net\/10\/2024\/08\/rzOgJWg6-scaled.webp\",\"contentUrl\":\"https:\/\/d2p6e6u75xmxt8.cloudfront.net\/10\/2024\/08\/rzOgJWg6-scaled.webp\",\"width\":2560,\"height\":1707},{\"@type\":\"BreadcrumbList\",\"@id\":\"https:\/\/www.welovecycling.com\/de\/2024\/08\/25\/jonathan-milan-gewinnt-3-etappe-der-deutschland-tour-und-verteidigt-das-skoda-green-jersey\/#breadcrumb\",\"itemListElement\":[{\"@type\":\"ListItem\",\"position\":1,\"name\":\"Home\",\"item\":\"https:\/\/www.welovecycling.com\/de\/\"},{\"@type\":\"ListItem\",\"position\":2,\"name\":\"Jonathan Milan gewinnt 3.Etappe der Deutschland Tour und verteidigt das Skoda Green Jersey\"}]},{\"@type\":\"WebSite\",\"@id\":\"https:\/\/www.welovecycling.com\/de\/#website\",\"url\":\"https:\/\/www.welovecycling.com\/de\/\",\"name\":\"\u0160koda We Love Cycling - Deutschland\",\"description\":\"Just another \u0160koda WeLoveCycling Sites site\",\"potentialAction\":[{\"@type\":\"SearchAction\",\"target\":{\"@type\":\"EntryPoint\",\"urlTemplate\":\"https:\/\/www.welovecycling.com\/de\/?s={search_term_string}\"},\"query-input\":{\"@type\":\"PropertyValueSpecification\",\"valueRequired\":true,\"valueName\":\"search_term_string\"}}],\"inLanguage\":\"de-DE\"},{\"@type\":\"Person\",\"@id\":\"https:\/\/www.welovecycling.com\/de\/#\/schema\/person\/915694b3c8d0de9019932587781ba6b3\",\"name\":\"jbraeker\",\"image\":{\"@type\":\"ImageObject\",\"inLanguage\":\"de-DE\",\"@id\":\"https:\/\/www.welovecycling.com\/de\/#\/schema\/person\/image\/\",\"url\":\"https:\/\/secure.gravatar.com\/avatar\/8b4aea90e4535aae30b5b720249e5b723ae59fcf3d54757dd8b748d97b46d3c9?s=96&d=mm&r=g\",\"contentUrl\":\"https:\/\/secure.gravatar.com\/avatar\/8b4aea90e4535aae30b5b720249e5b723ae59fcf3d54757dd8b748d97b46d3c9?s=96&d=mm&r=g\",\"caption\":\"jbraeker\"},\"url\":\"https:\/\/www.welovecycling.com\/de\/author\/jbraeker\/\"}]}<\/script>\n<!-- \/ Yoast SEO Premium plugin. -->","yoast_head_json":{"title":"Jonathan Milan gewinnt 3.Etappe der Deutschland Tour und verteidigt das Skoda Green Jersey - \u0160koda We Love Cycling - Deutschland","robots":{"index":"index","follow":"follow","max-snippet":"max-snippet:-1","max-image-preview":"max-image-preview:large","max-video-preview":"max-video-preview:-1"},"canonical":"https:\/\/www.welovecycling.com\/de\/2024\/08\/25\/jonathan-milan-gewinnt-3-etappe-der-deutschland-tour-und-verteidigt-das-skoda-green-jersey\/","og_locale":"de_DE","og_type":"article","og_title":"Jonathan Milan gewinnt 3.Etappe der Deutschland Tour und verteidigt das Skoda Green Jersey","og_description":"Jonathan Milan (Lidl-Trek) aus Italien triumphiert zum dritten Mal bei der Lidl Deutschland Tour. Nach dem Prolog und der 1.Etappe [&hellip;]","og_url":"https:\/\/www.welovecycling.com\/de\/2024\/08\/25\/jonathan-milan-gewinnt-3-etappe-der-deutschland-tour-und-verteidigt-das-skoda-green-jersey\/","og_site_name":"\u0160koda We Love Cycling - Deutschland","article_published_time":"2024-08-25T10:40:10+00:00","og_image":[{"width":2560,"height":1707,"url":"https:\/\/d2p6e6u75xmxt8.cloudfront.net\/10\/2024\/08\/rzOgJWg6-scaled.webp","type":"image\/webp"}],"author":"jbraeker","twitter_card":"summary_large_image","twitter_misc":{"Written by":"jbraeker","Est. reading time":"1 minute"},"schema":{"@context":"https:\/\/schema.org","@graph":[{"@type":"WebPage","@id":"https:\/\/www.welovecycling.com\/de\/2024\/08\/25\/jonathan-milan-gewinnt-3-etappe-der-deutschland-tour-und-verteidigt-das-skoda-green-jersey\/","url":"https:\/\/www.welovecycling.com\/de\/2024\/08\/25\/jonathan-milan-gewinnt-3-etappe-der-deutschland-tour-und-verteidigt-das-skoda-green-jersey\/","name":"Jonathan Milan gewinnt 3.Etappe der Deutschland Tour und verteidigt das Skoda Green Jersey - \u0160koda We Love Cycling - Deutschland","isPartOf":{"@id":"https:\/\/www.welovecycling.com\/de\/#website"},"primaryImageOfPage":{"@id":"https:\/\/www.welovecycling.com\/de\/2024\/08\/25\/jonathan-milan-gewinnt-3-etappe-der-deutschland-tour-und-verteidigt-das-skoda-green-jersey\/#primaryimage"},"image":{"@id":"https:\/\/www.welovecycling.com\/de\/2024\/08\/25\/jonathan-milan-gewinnt-3-etappe-der-deutschland-tour-und-verteidigt-das-skoda-green-jersey\/#primaryimage"},"thumbnailUrl":"https:\/\/d2p6e6u75xmxt8.cloudfront.net\/10\/2024\/08\/rzOgJWg6-scaled.webp","datePublished":"2024-08-25T10:40:10+00:00","author":{"@id":"https:\/\/www.welovecycling.com\/de\/#\/schema\/person\/915694b3c8d0de9019932587781ba6b3"},"breadcrumb":{"@id":"https:\/\/www.welovecycling.com\/de\/2024\/08\/25\/jonathan-milan-gewinnt-3-etappe-der-deutschland-tour-und-verteidigt-das-skoda-green-jersey\/#breadcrumb"},"inLanguage":"de-DE","potentialAction":[{"@type":"ReadAction","target":["https:\/\/www.welovecycling.com\/de\/2024\/08\/25\/jonathan-milan-gewinnt-3-etappe-der-deutschland-tour-und-verteidigt-das-skoda-green-jersey\/"]}]},{"@type":"ImageObject","inLanguage":"de-DE","@id":"https:\/\/www.welovecycling.com\/de\/2024\/08\/25\/jonathan-milan-gewinnt-3-etappe-der-deutschland-tour-und-verteidigt-das-skoda-green-jersey\/#primaryimage","url":"https:\/\/d2p6e6u75xmxt8.cloudfront.net\/10\/2024\/08\/rzOgJWg6-scaled.webp","contentUrl":"https:\/\/d2p6e6u75xmxt8.cloudfront.net\/10\/2024\/08\/rzOgJWg6-scaled.webp","width":2560,"height":1707},{"@type":"BreadcrumbList","@id":"https:\/\/www.welovecycling.com\/de\/2024\/08\/25\/jonathan-milan-gewinnt-3-etappe-der-deutschland-tour-und-verteidigt-das-skoda-green-jersey\/#breadcrumb","itemListElement":[{"@type":"ListItem","position":1,"name":"Home","item":"https:\/\/www.welovecycling.com\/de\/"},{"@type":"ListItem","position":2,"name":"Jonathan Milan gewinnt 3.Etappe der Deutschland Tour und verteidigt das Skoda Green Jersey"}]},{"@type":"WebSite","@id":"https:\/\/www.welovecycling.com\/de\/#website","url":"https:\/\/www.welovecycling.com\/de\/","name":"\u0160koda We Love Cycling - Deutschland","description":"Just another \u0160koda WeLoveCycling Sites site","potentialAction":[{"@type":"SearchAction","target":{"@type":"EntryPoint","urlTemplate":"https:\/\/www.welovecycling.com\/de\/?s={search_term_string}"},"query-input":{"@type":"PropertyValueSpecification","valueRequired":true,"valueName":"search_term_string"}}],"inLanguage":"de-DE"},{"@type":"Person","@id":"https:\/\/www.welovecycling.com\/de\/#\/schema\/person\/915694b3c8d0de9019932587781ba6b3","name":"jbraeker","image":{"@type":"ImageObject","inLanguage":"de-DE","@id":"https:\/\/www.welovecycling.com\/de\/#\/schema\/person\/image\/","url":"https:\/\/secure.gravatar.com\/avatar\/8b4aea90e4535aae30b5b720249e5b723ae59fcf3d54757dd8b748d97b46d3c9?s=96&d=mm&r=g","contentUrl":"https:\/\/secure.gravatar.com\/avatar\/8b4aea90e4535aae30b5b720249e5b723ae59fcf3d54757dd8b748d97b46d3c9?s=96&d=mm&r=g","caption":"jbraeker"},"url":"https:\/\/www.welovecycling.com\/de\/author\/jbraeker\/"}]}},"_links":{"self":[{"href":"https:\/\/www.welovecycling.com\/de\/wp-json\/wp\/v2\/posts\/11353","targetHints":{"allow":["GET"]}}],"collection":[{"href":"https:\/\/www.welovecycling.com\/de\/wp-json\/wp\/v2\/posts"}],"about":[{"href":"https:\/\/www.welovecycling.com\/de\/wp-json\/wp\/v2\/types\/post"}],"author":[{"embeddable":true,"href":"https:\/\/www.welovecycling.com\/de\/wp-json\/wp\/v2\/users\/115"}],"replies":[{"embeddable":true,"href":"https:\/\/www.welovecycling.com\/de\/wp-json\/wp\/v2\/comments?post=11353"}],"version-history":[{"count":1,"href":"https:\/\/www.welovecycling.com\/de\/wp-json\/wp\/v2\/posts\/11353\/revisions"}],"predecessor-version":[{"id":11355,"href":"https:\/\/www.welovecycling.com\/de\/wp-json\/wp\/v2\/posts\/11353\/revisions\/11355"}],"wp:featuredmedia":[{"embeddable":true,"href":"https:\/\/www.welovecycling.com\/de\/wp-json\/wp\/v2\/media\/11354"}],"wp:attachment":[{"href":"https:\/\/www.welovecycling.com\/de\/wp-json\/wp\/v2\/media?parent=11353"}],"wp:term":[{"taxonomy":"category","embeddable":true,"href":"https:\/\/www.welovecycling.com\/de\/wp-json\/wp\/v2\/categories?post=11353"},{"taxonomy":"post_tag","embeddable":true,"href":"https:\/\/www.welovecycling.com\/de\/wp-json\/wp\/v2\/tags?post=11353"},{"taxonomy":"global-categories","embeddable":true,"href":"https:\/\/www.welovecycling.com\/de\/wp-json\/wp\/v2\/global-categories?post=11353"}],"curies":[{"name":"wp","href":"https:\/\/api.w.org\/{rel}","templated":true}]}}