{"id":11341,"date":"2024-08-20T16:40:36","date_gmt":"2024-08-20T15:40:36","guid":{"rendered":"https:\/\/www.welovecycling.com\/de\/?p=11341"},"modified":"2024-08-20T16:40:36","modified_gmt":"2024-08-20T15:40:36","slug":"marianne-vos-gewinnt-das-gruene-trikot-von-skoda-weil-sie-ihre-meinung-geaendert-hat","status":"publish","type":"post","link":"https:\/\/www.welovecycling.com\/de\/2024\/08\/20\/marianne-vos-gewinnt-das-gruene-trikot-von-skoda-weil-sie-ihre-meinung-geaendert-hat\/","title":{"rendered":"Marianne Vos gewinnt das Gr\u00fcne Trikot von \u0160koda, weil sie ihre Meinung ge\u00e4ndert hat"},"content":{"rendered":"<p><strong>Am Ende gewann Marianne Vos das Gr\u00fcne Trikot von \u0160koda bei der Tour de France avec Zwift ganz souver\u00e4n, obwohl es eine Zeit lang so aussah, als ob sie einen Berg zu erklimmen h\u00e4tte, wenn sie gewinnen wollte.<\/strong><\/p>\n<p>Und genau das hat die 37-j\u00e4hrige Visma-Lease a Bike-Veteranin getan: Sie hat alle Berge erklommen, w\u00e4hrend die fr\u00fche F\u00fchrende Charlotte Kool (dsm-firmenich PostNL) das nicht konnte.<\/p>\n<p>Kool gewann die Massensprints der 1. und 2. Etappe und schlug ihre Erzfeindin Lorena Wiebes (SD Worx-Protime), als deren Schaltwerk auf der 1. Etappe nicht funktionierte und auf der 2. Etappe sehr knapp. Damit endete eine entt\u00e4uschende Saison f\u00fcr Kool, die bis zu diesem Sieg auf der 1. Etappe nur einen Sieg und 10 zweite Pl\u00e4tze, fast alle hinter Wiebes, erreicht hatte. Dabei sah es so aus, als ob sie in der Punktewertung mit 100 zu 69 Punkten Vorsprung vor Vos die Nase vorn haben w\u00fcrde. Doch als die Stra\u00dfen ab der 4. Etappe holprig wurden, geriet sie stark ins Straucheln.<\/p>\n<p>An einem der ersten Anstiege begann Kool den Anschluss an das Feld zu verlieren und kam auf der 4. Etappe als 134. ins Ziel.\u00a0 Dieses Muster setzte sich auf der 5. Etappe fort, die sie als 128. beendete, sowie auf der 6. Etappe, auf der sie 127. wurde. Das unvermeidliche Ende kam auf der 7. Etappe, der ersten Etappe im Hochgebirge, als Kool das Rennen aufgrund von Erm\u00fcdung aufgab.<\/p>\n<p>In der Zwischenzeit hatte Vos &#8211; eine starke Bergfahrerin &#8211; durch gezielte Zwischensprints schnell Boden gutgemacht, so dass Kool, als sie das Rennen aufgab, das Gr\u00fcne Trikot nicht mehr trug. Als Vos die Ziellinie auf der Alpe d&#8217;Huez \u00fcberquerte, hatte sie einen souver\u00e4nen Vorsprung von 170 zu 110 Punkten auf Wiebes und gewann ihr zweites Gr\u00fcnes Trikot von TdFF \u0160koda, nachdem sie es bereits 2022 gewonnen hatte.<\/p>\n<p>\u201eNat\u00fcrlich ist es etwas ganz Besonderes, das Gr\u00fcne Trikot bei der Tour de France zu gewinnen\u201c, wurde sie auf der Website des Rennens zitiert. \u201eDas war eine harte Woche. Mit dem Team haben wir alles gegeben, und als sich die Chance auf das Gr\u00fcne Trikot bot, haben wir sie ergriffen, und ich bin sehr gl\u00fccklich, dass wir es bis nach Alpe d&#8217;Huez gebracht haben.\u201c<\/p>\n<p>Ironischerweise hatte sie zu Beginn des Rennens gegen\u00fcber Cycling Weekly erkl\u00e4rt, dass ihr Hauptziel der Etappensieg sei und dass das Gr\u00fcne Trikot \u201enicht das erste Ziel\u201c sei. Doch entweder war sie bei den ersten beiden Massensprints nicht in Bestform oder sie wollte auf den h\u00fcgeligen Etappen 4 und 5 eine Ausrei\u00dfergruppe f\u00fcr ihre Etappensiege ausnutzen. Aber Champions sind in der Lage, sich an ver\u00e4nderte Situationen anzupassen, und sie muss erkannt haben, dass Kool keine Punkte mehr holen w\u00fcrde.<\/p>\n<p>Vos profitierte auch von der Strategie von SD Worx, deren Manager Danny Stam gesagt hatte: \u201eEs w\u00e4re sch\u00f6n, wenn [Wiebes] das erste gelbe Trikot \u00fcbernehmen w\u00fcrde, wenn sie zu Hause gewinnt. Aber wir werden keine Kr\u00e4fte verschwenden, um dieses Trikot dann zu verteidigen. Am Ende z\u00e4hlt der Sieg. Das gr\u00fcne Trikot ist also auch nicht sofort unser Fokus.\u201c<\/p>\n<p>So fuhr das Team mit dem bitteren Beigeschmack von zwei zweiten Pl\u00e4tzen im gr\u00fcnen Trikot und dem Rennen um das gelbe Trikot nach Hause, wo Demi Vollering (mit einem knappen Vorsprung von 4 Sekunden auf Kasia Niewiadoma) unterlag. W\u00e4hrend eine \u00fcbergl\u00fcckliche Vos auf dem Siegerpodest feierte, trug sie stolz ihr Gr\u00fcnes \u0160koda-Trikot.<\/p>\n","protected":false},"excerpt":{"rendered":"<p>Am Ende gewann Marianne Vos das Gr\u00fcne Trikot von \u0160koda bei der Tour de France avec Zwift ganz souver\u00e4n, obwohl [&hellip;]<\/p>\n","protected":false},"author":115,"featured_media":11342,"comment_status":"open","ping_status":"open","sticky":false,"template":"","format":"standard","meta":{"footnotes":""},"categories":[1],"tags":[],"global-categories":[19],"class_list":["post-11341","post","type-post","status-publish","format-standard","has-post-thumbnail","hentry","category-allgemein","global-categories-cycling"],"yoast_head":"<!-- This site is optimized with the Yoast SEO Premium plugin v25.3 (Yoast SEO v25.9) - https:\/\/yoast.com\/wordpress\/plugins\/seo\/ -->\n<title>Marianne Vos gewinnt das Gr\u00fcne Trikot von \u0160koda, weil sie ihre Meinung ge\u00e4ndert hat - \u0160koda We Love Cycling - Deutschland<\/title>\n<meta name=\"robots\" content=\"index, follow, max-snippet:-1, max-image-preview:large, max-video-preview:-1\" \/>\n<link rel=\"canonical\" href=\"https:\/\/www.welovecycling.com\/de\/2024\/08\/20\/marianne-vos-gewinnt-das-gruene-trikot-von-skoda-weil-sie-ihre-meinung-geaendert-hat\/\" \/>\n<meta property=\"og:locale\" content=\"de_DE\" \/>\n<meta property=\"og:type\" content=\"article\" \/>\n<meta property=\"og:title\" content=\"Marianne Vos gewinnt das Gr\u00fcne Trikot von \u0160koda, weil sie ihre Meinung ge\u00e4ndert hat\" \/>\n<meta property=\"og:description\" content=\"Am Ende gewann Marianne Vos das Gr\u00fcne Trikot von \u0160koda bei der Tour de France avec Zwift ganz souver\u00e4n, obwohl [&hellip;]\" \/>\n<meta property=\"og:url\" content=\"https:\/\/www.welovecycling.com\/de\/2024\/08\/20\/marianne-vos-gewinnt-das-gruene-trikot-von-skoda-weil-sie-ihre-meinung-geaendert-hat\/\" \/>\n<meta property=\"og:site_name\" content=\"\u0160koda We Love Cycling - Deutschland\" \/>\n<meta property=\"article:published_time\" content=\"2024-08-20T15:40:36+00:00\" \/>\n<meta property=\"og:image\" content=\"https:\/\/d2p6e6u75xmxt8.cloudfront.net\/10\/2024\/08\/Marianne-Vos-profimedia-0899859817-CVR.webp\" \/>\n\t<meta property=\"og:image:width\" content=\"990\" \/>\n\t<meta property=\"og:image:height\" content=\"660\" \/>\n\t<meta property=\"og:image:type\" content=\"image\/webp\" \/>\n<meta name=\"author\" content=\"jbraeker\" \/>\n<meta name=\"twitter:card\" content=\"summary_large_image\" \/>\n<meta name=\"twitter:label1\" content=\"Written by\" \/>\n\t<meta name=\"twitter:data1\" content=\"jbraeker\" \/>\n\t<meta name=\"twitter:label2\" content=\"Est. reading time\" \/>\n\t<meta name=\"twitter:data2\" content=\"3 minutes\" \/>\n<script type=\"application\/ld+json\" class=\"yoast-schema-graph\">{\"@context\":\"https:\/\/schema.org\",\"@graph\":[{\"@type\":\"WebPage\",\"@id\":\"https:\/\/www.welovecycling.com\/de\/2024\/08\/20\/marianne-vos-gewinnt-das-gruene-trikot-von-skoda-weil-sie-ihre-meinung-geaendert-hat\/\",\"url\":\"https:\/\/www.welovecycling.com\/de\/2024\/08\/20\/marianne-vos-gewinnt-das-gruene-trikot-von-skoda-weil-sie-ihre-meinung-geaendert-hat\/\",\"name\":\"Marianne Vos gewinnt das Gr\u00fcne Trikot von \u0160koda, weil sie ihre Meinung ge\u00e4ndert hat - \u0160koda We Love Cycling - Deutschland\",\"isPartOf\":{\"@id\":\"https:\/\/www.welovecycling.com\/de\/#website\"},\"primaryImageOfPage\":{\"@id\":\"https:\/\/www.welovecycling.com\/de\/2024\/08\/20\/marianne-vos-gewinnt-das-gruene-trikot-von-skoda-weil-sie-ihre-meinung-geaendert-hat\/#primaryimage\"},\"image\":{\"@id\":\"https:\/\/www.welovecycling.com\/de\/2024\/08\/20\/marianne-vos-gewinnt-das-gruene-trikot-von-skoda-weil-sie-ihre-meinung-geaendert-hat\/#primaryimage\"},\"thumbnailUrl\":\"https:\/\/d2p6e6u75xmxt8.cloudfront.net\/10\/2024\/08\/Marianne-Vos-profimedia-0899859817-CVR.webp\",\"datePublished\":\"2024-08-20T15:40:36+00:00\",\"author\":{\"@id\":\"https:\/\/www.welovecycling.com\/de\/#\/schema\/person\/915694b3c8d0de9019932587781ba6b3\"},\"breadcrumb\":{\"@id\":\"https:\/\/www.welovecycling.com\/de\/2024\/08\/20\/marianne-vos-gewinnt-das-gruene-trikot-von-skoda-weil-sie-ihre-meinung-geaendert-hat\/#breadcrumb\"},\"inLanguage\":\"de-DE\",\"potentialAction\":[{\"@type\":\"ReadAction\",\"target\":[\"https:\/\/www.welovecycling.com\/de\/2024\/08\/20\/marianne-vos-gewinnt-das-gruene-trikot-von-skoda-weil-sie-ihre-meinung-geaendert-hat\/\"]}]},{\"@type\":\"ImageObject\",\"inLanguage\":\"de-DE\",\"@id\":\"https:\/\/www.welovecycling.com\/de\/2024\/08\/20\/marianne-vos-gewinnt-das-gruene-trikot-von-skoda-weil-sie-ihre-meinung-geaendert-hat\/#primaryimage\",\"url\":\"https:\/\/d2p6e6u75xmxt8.cloudfront.net\/10\/2024\/08\/Marianne-Vos-profimedia-0899859817-CVR.webp\",\"contentUrl\":\"https:\/\/d2p6e6u75xmxt8.cloudfront.net\/10\/2024\/08\/Marianne-Vos-profimedia-0899859817-CVR.webp\",\"width\":990,\"height\":660},{\"@type\":\"BreadcrumbList\",\"@id\":\"https:\/\/www.welovecycling.com\/de\/2024\/08\/20\/marianne-vos-gewinnt-das-gruene-trikot-von-skoda-weil-sie-ihre-meinung-geaendert-hat\/#breadcrumb\",\"itemListElement\":[{\"@type\":\"ListItem\",\"position\":1,\"name\":\"Home\",\"item\":\"https:\/\/www.welovecycling.com\/de\/\"},{\"@type\":\"ListItem\",\"position\":2,\"name\":\"Marianne Vos gewinnt das Gr\u00fcne Trikot von \u0160koda, weil sie ihre Meinung ge\u00e4ndert hat\"}]},{\"@type\":\"WebSite\",\"@id\":\"https:\/\/www.welovecycling.com\/de\/#website\",\"url\":\"https:\/\/www.welovecycling.com\/de\/\",\"name\":\"\u0160koda We Love Cycling - Deutschland\",\"description\":\"Just another \u0160koda WeLoveCycling Sites site\",\"potentialAction\":[{\"@type\":\"SearchAction\",\"target\":{\"@type\":\"EntryPoint\",\"urlTemplate\":\"https:\/\/www.welovecycling.com\/de\/?s={search_term_string}\"},\"query-input\":{\"@type\":\"PropertyValueSpecification\",\"valueRequired\":true,\"valueName\":\"search_term_string\"}}],\"inLanguage\":\"de-DE\"},{\"@type\":\"Person\",\"@id\":\"https:\/\/www.welovecycling.com\/de\/#\/schema\/person\/915694b3c8d0de9019932587781ba6b3\",\"name\":\"jbraeker\",\"image\":{\"@type\":\"ImageObject\",\"inLanguage\":\"de-DE\",\"@id\":\"https:\/\/www.welovecycling.com\/de\/#\/schema\/person\/image\/\",\"url\":\"https:\/\/secure.gravatar.com\/avatar\/8b4aea90e4535aae30b5b720249e5b723ae59fcf3d54757dd8b748d97b46d3c9?s=96&d=mm&r=g\",\"contentUrl\":\"https:\/\/secure.gravatar.com\/avatar\/8b4aea90e4535aae30b5b720249e5b723ae59fcf3d54757dd8b748d97b46d3c9?s=96&d=mm&r=g\",\"caption\":\"jbraeker\"},\"url\":\"https:\/\/www.welovecycling.com\/de\/author\/jbraeker\/\"}]}<\/script>\n<!-- \/ Yoast SEO Premium plugin. -->","yoast_head_json":{"title":"Marianne Vos gewinnt das Gr\u00fcne Trikot von \u0160koda, weil sie ihre Meinung ge\u00e4ndert hat - \u0160koda We Love Cycling - Deutschland","robots":{"index":"index","follow":"follow","max-snippet":"max-snippet:-1","max-image-preview":"max-image-preview:large","max-video-preview":"max-video-preview:-1"},"canonical":"https:\/\/www.welovecycling.com\/de\/2024\/08\/20\/marianne-vos-gewinnt-das-gruene-trikot-von-skoda-weil-sie-ihre-meinung-geaendert-hat\/","og_locale":"de_DE","og_type":"article","og_title":"Marianne Vos gewinnt das Gr\u00fcne Trikot von \u0160koda, weil sie ihre Meinung ge\u00e4ndert hat","og_description":"Am Ende gewann Marianne Vos das Gr\u00fcne Trikot von \u0160koda bei der Tour de France avec Zwift ganz souver\u00e4n, obwohl [&hellip;]","og_url":"https:\/\/www.welovecycling.com\/de\/2024\/08\/20\/marianne-vos-gewinnt-das-gruene-trikot-von-skoda-weil-sie-ihre-meinung-geaendert-hat\/","og_site_name":"\u0160koda We Love Cycling - Deutschland","article_published_time":"2024-08-20T15:40:36+00:00","og_image":[{"width":990,"height":660,"url":"https:\/\/d2p6e6u75xmxt8.cloudfront.net\/10\/2024\/08\/Marianne-Vos-profimedia-0899859817-CVR.webp","type":"image\/webp"}],"author":"jbraeker","twitter_card":"summary_large_image","twitter_misc":{"Written by":"jbraeker","Est. reading time":"3 minutes"},"schema":{"@context":"https:\/\/schema.org","@graph":[{"@type":"WebPage","@id":"https:\/\/www.welovecycling.com\/de\/2024\/08\/20\/marianne-vos-gewinnt-das-gruene-trikot-von-skoda-weil-sie-ihre-meinung-geaendert-hat\/","url":"https:\/\/www.welovecycling.com\/de\/2024\/08\/20\/marianne-vos-gewinnt-das-gruene-trikot-von-skoda-weil-sie-ihre-meinung-geaendert-hat\/","name":"Marianne Vos gewinnt das Gr\u00fcne Trikot von \u0160koda, weil sie ihre Meinung ge\u00e4ndert hat - \u0160koda We Love Cycling - Deutschland","isPartOf":{"@id":"https:\/\/www.welovecycling.com\/de\/#website"},"primaryImageOfPage":{"@id":"https:\/\/www.welovecycling.com\/de\/2024\/08\/20\/marianne-vos-gewinnt-das-gruene-trikot-von-skoda-weil-sie-ihre-meinung-geaendert-hat\/#primaryimage"},"image":{"@id":"https:\/\/www.welovecycling.com\/de\/2024\/08\/20\/marianne-vos-gewinnt-das-gruene-trikot-von-skoda-weil-sie-ihre-meinung-geaendert-hat\/#primaryimage"},"thumbnailUrl":"https:\/\/d2p6e6u75xmxt8.cloudfront.net\/10\/2024\/08\/Marianne-Vos-profimedia-0899859817-CVR.webp","datePublished":"2024-08-20T15:40:36+00:00","author":{"@id":"https:\/\/www.welovecycling.com\/de\/#\/schema\/person\/915694b3c8d0de9019932587781ba6b3"},"breadcrumb":{"@id":"https:\/\/www.welovecycling.com\/de\/2024\/08\/20\/marianne-vos-gewinnt-das-gruene-trikot-von-skoda-weil-sie-ihre-meinung-geaendert-hat\/#breadcrumb"},"inLanguage":"de-DE","potentialAction":[{"@type":"ReadAction","target":["https:\/\/www.welovecycling.com\/de\/2024\/08\/20\/marianne-vos-gewinnt-das-gruene-trikot-von-skoda-weil-sie-ihre-meinung-geaendert-hat\/"]}]},{"@type":"ImageObject","inLanguage":"de-DE","@id":"https:\/\/www.welovecycling.com\/de\/2024\/08\/20\/marianne-vos-gewinnt-das-gruene-trikot-von-skoda-weil-sie-ihre-meinung-geaendert-hat\/#primaryimage","url":"https:\/\/d2p6e6u75xmxt8.cloudfront.net\/10\/2024\/08\/Marianne-Vos-profimedia-0899859817-CVR.webp","contentUrl":"https:\/\/d2p6e6u75xmxt8.cloudfront.net\/10\/2024\/08\/Marianne-Vos-profimedia-0899859817-CVR.webp","width":990,"height":660},{"@type":"BreadcrumbList","@id":"https:\/\/www.welovecycling.com\/de\/2024\/08\/20\/marianne-vos-gewinnt-das-gruene-trikot-von-skoda-weil-sie-ihre-meinung-geaendert-hat\/#breadcrumb","itemListElement":[{"@type":"ListItem","position":1,"name":"Home","item":"https:\/\/www.welovecycling.com\/de\/"},{"@type":"ListItem","position":2,"name":"Marianne Vos gewinnt das Gr\u00fcne Trikot von \u0160koda, weil sie ihre Meinung ge\u00e4ndert hat"}]},{"@type":"WebSite","@id":"https:\/\/www.welovecycling.com\/de\/#website","url":"https:\/\/www.welovecycling.com\/de\/","name":"\u0160koda We Love Cycling - Deutschland","description":"Just another \u0160koda WeLoveCycling Sites site","potentialAction":[{"@type":"SearchAction","target":{"@type":"EntryPoint","urlTemplate":"https:\/\/www.welovecycling.com\/de\/?s={search_term_string}"},"query-input":{"@type":"PropertyValueSpecification","valueRequired":true,"valueName":"search_term_string"}}],"inLanguage":"de-DE"},{"@type":"Person","@id":"https:\/\/www.welovecycling.com\/de\/#\/schema\/person\/915694b3c8d0de9019932587781ba6b3","name":"jbraeker","image":{"@type":"ImageObject","inLanguage":"de-DE","@id":"https:\/\/www.welovecycling.com\/de\/#\/schema\/person\/image\/","url":"https:\/\/secure.gravatar.com\/avatar\/8b4aea90e4535aae30b5b720249e5b723ae59fcf3d54757dd8b748d97b46d3c9?s=96&d=mm&r=g","contentUrl":"https:\/\/secure.gravatar.com\/avatar\/8b4aea90e4535aae30b5b720249e5b723ae59fcf3d54757dd8b748d97b46d3c9?s=96&d=mm&r=g","caption":"jbraeker"},"url":"https:\/\/www.welovecycling.com\/de\/author\/jbraeker\/"}]}},"_links":{"self":[{"href":"https:\/\/www.welovecycling.com\/de\/wp-json\/wp\/v2\/posts\/11341","targetHints":{"allow":["GET"]}}],"collection":[{"href":"https:\/\/www.welovecycling.com\/de\/wp-json\/wp\/v2\/posts"}],"about":[{"href":"https:\/\/www.welovecycling.com\/de\/wp-json\/wp\/v2\/types\/post"}],"author":[{"embeddable":true,"href":"https:\/\/www.welovecycling.com\/de\/wp-json\/wp\/v2\/users\/115"}],"replies":[{"embeddable":true,"href":"https:\/\/www.welovecycling.com\/de\/wp-json\/wp\/v2\/comments?post=11341"}],"version-history":[{"count":1,"href":"https:\/\/www.welovecycling.com\/de\/wp-json\/wp\/v2\/posts\/11341\/revisions"}],"predecessor-version":[{"id":11343,"href":"https:\/\/www.welovecycling.com\/de\/wp-json\/wp\/v2\/posts\/11341\/revisions\/11343"}],"wp:featuredmedia":[{"embeddable":true,"href":"https:\/\/www.welovecycling.com\/de\/wp-json\/wp\/v2\/media\/11342"}],"wp:attachment":[{"href":"https:\/\/www.welovecycling.com\/de\/wp-json\/wp\/v2\/media?parent=11341"}],"wp:term":[{"taxonomy":"category","embeddable":true,"href":"https:\/\/www.welovecycling.com\/de\/wp-json\/wp\/v2\/categories?post=11341"},{"taxonomy":"post_tag","embeddable":true,"href":"https:\/\/www.welovecycling.com\/de\/wp-json\/wp\/v2\/tags?post=11341"},{"taxonomy":"global-categories","embeddable":true,"href":"https:\/\/www.welovecycling.com\/de\/wp-json\/wp\/v2\/global-categories?post=11341"}],"curies":[{"name":"wp","href":"https:\/\/api.w.org\/{rel}","templated":true}]}}