{"id":11323,"date":"2024-08-20T12:57:37","date_gmt":"2024-08-20T11:57:37","guid":{"rendered":"https:\/\/www.welovecycling.com\/de\/?p=11323"},"modified":"2024-08-20T12:57:37","modified_gmt":"2024-08-20T11:57:37","slug":"vollering-stuerzt-auf-der-5-etappe-der-tour-de-france-und-verliert-das-gelbe-trikot-an-niewiadoma","status":"publish","type":"post","link":"https:\/\/www.welovecycling.com\/de\/2024\/08\/20\/vollering-stuerzt-auf-der-5-etappe-der-tour-de-france-und-verliert-das-gelbe-trikot-an-niewiadoma\/","title":{"rendered":"Vollering st\u00fcrzt auf der 5. Etappe der Tour de France und verliert das Gelbe Trikot an Niewiadoma"},"content":{"rendered":"<p><strong>Haben Demi Vollering und ihr SD Worx-Protime Team die Tour de France Femmes avec Zwift (TdFF) in der dramatischen 5. Etappe am Donnerstag verloren? Die Titelverteidigerin wurde zusammen mit etwa einem Dutzend anderer Fahrerinnen in einen Massensturz in einer harmlos aussehenden Kurve 6,5 km vor dem Ziel verwickelt und verlor ihr Gelbes Trikot an Katerzyna Niewiadoma (Canyon-SRAM).<\/strong><\/p>\n<p>Sie stand m\u00fchsam auf, hatte offensichtlich Schmerzen, hielt sich den R\u00fccken und hatte eine gro\u00dfe Sch\u00fcrfwunde an der linken H\u00fcfte. Sie stieg wieder auf ihr Rad und fuhr schlie\u00dflich wieder mit H\u00f6chstgeschwindigkeit, aber zu diesem Zeitpunkt hatte sie bereits 1:37 R\u00fcckstand auf das Peloton. Sie fuhr alleine weiter, ohne dass jemand aus ihrem Team zur\u00fcckkam, um ihr zu helfen, den R\u00fcckstand aufzuholen, bis Mischa Bredewold auftauchte und vorne mitfuhr, aber nur kurz. Die letzten 5 km fuhr Vollering dann alleine, quasi ein Zeitfahren, um ihre Verluste zu begrenzen.<\/p>\n<p>Sie \u00fcberquerte die Ziellinie weinend vor Frustration und, was noch bedrohlicher ist, fasste ihr \u00a0linkes Knie an. Sie kam als 50. ins Ziel, 1:47 hinter der Etappensiegerin, ihrer Teamkollegin Blanka Vas und Niewiadoma, und liegt nun im Rennen um das Gelbe Trikot auf dem neunten Platz, 1:19 hinter der Polin, die vielleicht die einzige Frau im Feld ist, die mit ihr im Hochgebirge klettern kann.<\/p>\n<p>Zum Ungl\u00fcck ihrer Konkurrentin sagte Niewiadoma: \u201eDie Tour begann vom ersten Tag an sehr hektisch und gef\u00e4hrlich, deshalb habe ich heute nichts Kaltes erwartet. In gewisser Weise geh\u00f6ren St\u00fcrze zum Rennsport dazu, ein ungl\u00fccklicher Teil des Rennsports, denn wir haben mit Elise Chabbey eine sehr starke Teamkollegin verloren.\u201c Chabbey st\u00fcrzte auf der 3. ITT-Etappe und schied aus dem Rennen aus.<\/p>\n<p>\u201eIch denke, dass bisher jeder etwas gelitten hat\u201c, so der neue Tr\u00e4ger des Gelben Trikots, \u201cund dass uns, meinem Team, heute vielleicht das Gl\u00fcck hold war, denn wir konnten im entscheidenden Moment vorne bleiben und uns so aus den Schwierigkeiten heraushalten.\u201c<\/p>\n<p>Der Etappensieg auf der 152,5 km langen Strecke von Bastogne nach Amn\u00e9ville wird f\u00fcr SD Worx-Protime nur ein schwacher Trost sein, denn die erkl\u00e4rte Priorit\u00e4t des Teams ist es, das Gelbe Trikot zu gewinnen. Das wirft die Frage auf, warum Vollering fast keine Hilfe von ihren Teamkollegen hatte, als sie um ihre Chancen auf das Gelbe Trikot k\u00e4mpfte.<\/p>\n<p>Bredewold sagte gegen\u00fcber Eurosport, dass die Kommunikation direkt nach dem Sturz undeutlich war und sie eine Weile brauchte, um zu verstehen, dass ihre Teamleiterin zu Boden gegangen war. Aber es ist schwer zu glauben, dass ein so professionelles und gut organisiertes Team wie SD Worx im wichtigsten Rennen des Jahres keine au\u00dfergew\u00f6hnlichen Ma\u00dfnahmen ergriffen hat, um seine Teamchefin zu retten.<\/p>\n<p>Vas sagte auch, sie habe nichts von dem Absturz gewusst. \u201eMein Funkger\u00e4t funktionierte nicht, also wusste ich nicht, was passiert war\u201c, sagte sie. \u201eIch habe nur gesehen, dass niemand mehr vom Team da war. Ich wusste nicht, dass es einen Unfall gab. Ich habe gemischte Gef\u00fchle, denn wir haben Gelb verloren, der Unfall ist passiert, und ich war die Einzige, die vorne war. Aber das ist mein gr\u00f6\u00dfter Sieg.\u201c<\/p>\n<p>SD Worx-Sportdirektor Danny Stam verteidigte die Entscheidung, Vollering allein zu lassen, wie folgt:\u00a0 \u201eIch glaube nicht, dass es einen Unterschied gemacht h\u00e4tte, die ganze Gruppe warten zu lassen. Wenn Blanka oder Demi auf den letzten vier oder f\u00fcnf Kilometern Vollgas gegeben h\u00e4tten, w\u00e4ren sie ohnehin allein gewesen, also haben wir Demi so viel wie m\u00f6glich fahren lassen und das Beste daraus gemacht.\u201c<\/p>\n<p>Dennoch bleiben einige Fragen offen: Haben Vollerings Abgang zum Jahresende und die schwierigen Vertragsverhandlungen mit ihr diese Entscheidung beeinflusst? Und warum feierte das Teampersonal den Sieg von Vas auf der Ziellinie, w\u00e4hrend die angeschlagene und geprellte Vollering noch auf der Stra\u00dfe war und versuchte, ihr Rennen zu retten?<\/p>\n<p>Dies ist der zweite R\u00fcckschlag in Folge f\u00fcr die Niederl\u00e4nderin nach ihrem \u00fcberw\u00e4ltigenden Sieg auf der ITT-Etappe 3. Am Mittwoch wurde sie auf der holprigen 4. Etappe um den Sieg gebracht, als der neue Liebling des Pelotons, die 22-j\u00e4hrige MTB-Cross-Country-Europameisterin Puck Pieterse (Fenix-Deceuninck), sie um Haaresbreite \u00fcberholte und ihren ersten Sieg bei einem Stra\u00dfenrennen \u00fcberhaupt errang.<\/p>\n<p>Pieterse war ebenfalls in den Sturz vom Donnerstag verwickelt, konnte sich aber schnell wieder aufs Rad schwingen und verlor nur 28 Sekunden auf Niewiadoma, w\u00e4hrend sie ihr gepunktetes Trikot der K\u00f6nigin der Berge und ihr wei\u00dfes Trikot der besten Nachwuchsfahrerin des Rennens behielt. In der Gesamtwertung liegt sie nun auf dem dritten Platz, 22 Sekunden hinter der F\u00fchrenden. Kristen Faulkner (EF-Oatly-Cannondale), die Vierte der Etappe, liegt mit 19 Sekunden R\u00fcckstand auf Platz zwei.<\/p>\n<p>Vollerings Verletzungen scheinen nicht schwerwiegend zu sein, aber sie wird auf der bergigen Etappe 6 am Freitag sicherlich Schmerzen haben. Nach einem Sturz, wie sie ihn erlitten hat, kommt es zu einem Adrenalinschub, der den K\u00f6rper praktisch bet\u00e4ubt. Am n\u00e4chsten Tag ist dieser Adrenalinsto\u00df verschwunden und hinterl\u00e4sst eine sehr schmerzhafte Erinnerung an den Sturz.<\/p>\n<p>Au\u00dferdem hat sie bei ihrer verzweifelten Solofahrt zum Ziel viel Energie verbraucht, Energie, die sie vielleicht braucht, um im Rennen um Gelb zu bleiben. Die 6. Etappe am Freitag umfasst f\u00fcnf kategorisierte Anstiege, darunter den schweren La Roche du Pretre der Kategorie 2 (7 km \u00e0 4,6 %), der etwa 25 km vor dem Ziel liegt.<\/p>\n<p>La Roche du Pretre bedeutet &#8218;der Fels des Priesters&#8216;. Wenn Vollering eine Chance auf den Tour-Sieg haben will, wird sie die Hilfe all ihrer Teamkollegen brauchen, um Niewiadomas Angriffe abzuwehren &#8211; und die aller anderen Fahrer mit Ambitionen auf den Gesamtsieg, die das Pech der Favoritin ausnutzen wollen &#8211; die sicherlich zahlreich kommen werden.<\/p>\n<p><strong>Gesamtwertung nach Etappe 6<\/strong><\/p>\n<p>Kasia Niewiadoma, Canyon-SRAM \u00a0\u00a0\u00a0\u00a0\u00a0\u00a0\u00a0\u00a0\u00a0\u00a0\u00a0\u00a0\u00a0\u00a0\u00a0\u00a0\u00a0\u00a0\u00a0\u00a0\u00a0\u00a0\u00a0\u00a0 11:27:29<\/p>\n<ol start=\"2\">\n<li>Kristen Faulkner, EF-Oatly-Cannondale +19 Sek.<\/li>\n<li>Puck Pieters, Fenix-Deceuninck +22 Sek.<\/li>\n<li>Cedrine Kerbaol, Cereatizit-WNT +47\u2033.<\/li>\n<li>Juliette Labous, DSM-Firmenich-PostNL +56\u2033.<\/li>\n<li>Thalita De Jong, Lotto-DSTNY +1&#8217;04\u201c.<\/li>\n<li>Shirin van Anrooij, Lidl-Trek +1&#8217;07\u201c.<\/li>\n<li>Pauliena Rooijakkers, Fenix-Deceuninck +1&#8217;08\u201c<\/li>\n<li>Demi Vollering, SD Worx-Protime +1&#8217;19\u201c<\/li>\n<li>Liane Lippert, Movistar +1&#8217;20\u201c<\/li>\n<\/ol>\n<p><strong>Etappe 5 Top 10<\/strong><\/p>\n<p>Blanka Vas, SD Worx-Protime \u00a0\u00a0\u00a0\u00a0\u00a0\u00a0\u00a0\u00a0\u00a0\u00a0\u00a0\u00a0\u00a0\u00a0\u00a0\u00a0\u00a0\u00a0\u00a0\u00a0\u00a0\u00a0\u00a0\u00a0\u00a0\u00a0\u00a0\u00a0\u00a0\u00a0\u00a0\u00a0\u00a0 3:46:51<\/p>\n<ol start=\"2\">\n<li>Kasia Niewiadoma, Canyon-SRAM gleiche Zeit<\/li>\n<\/ol>\n<p>3) Liane Lippert, Movistar \u00a0\u00a0\u00a0\u00a0\u00a0\u00a0\u00a0\u00a0\u00a0\u00a0\u00a0\u00a0\u00a0\u00a0\u00a0\u00a0\u00a0\u00a0\u00a0\u00a0\u00a0\u00a0\u00a0\u00a0\u00a0\u00a0\u00a0\u00a0\u00a0\u00a0\u00a0\u00a0\u00a0\u00a0\u00a0\u00a0\u00a0\u00a0\u00a0 gleiche Zeit<\/p>\n<ol start=\"4\">\n<li>Kristen Faulkner, EF-Oatly-Cannondale gleiche Zeit<\/li>\n<li>Emma Norsgaard, Movistar +8 Sek.<\/li>\n<li>Lucinda Brand, Lidl-Trek +11 Sek.<\/li>\n<li>Cedrine Kerbaol, Ceratizit-WNT gleiche Zeit<\/li>\n<li>Lorena Wiebes, SD Worx-Protime +28 Sek.<\/li>\n<li>Marianne Vos, Visma-Lease a Bike gleiche Zeit<\/li>\n<li>Evita Muzic, FDJ-Suez gleiche Zeit<\/li>\n<\/ol>\n","protected":false},"excerpt":{"rendered":"<p>Haben Demi Vollering und ihr SD Worx-Protime Team die Tour de France Femmes avec Zwift (TdFF) in der dramatischen 5. [&hellip;]<\/p>\n","protected":false},"author":115,"featured_media":11324,"comment_status":"open","ping_status":"open","sticky":false,"template":"","format":"standard","meta":{"footnotes":""},"categories":[1],"tags":[],"global-categories":[19],"class_list":["post-11323","post","type-post","status-publish","format-standard","has-post-thumbnail","hentry","category-allgemein","global-categories-cycling"],"yoast_head":"<!-- This site is optimized with the Yoast SEO Premium plugin v25.3 (Yoast SEO v25.9) - https:\/\/yoast.com\/wordpress\/plugins\/seo\/ -->\n<title>Vollering st\u00fcrzt auf der 5. Etappe der Tour de France und verliert das Gelbe Trikot an Niewiadoma - \u0160koda We Love Cycling - Deutschland<\/title>\n<meta name=\"robots\" content=\"index, follow, max-snippet:-1, max-image-preview:large, max-video-preview:-1\" \/>\n<link rel=\"canonical\" href=\"https:\/\/www.welovecycling.com\/de\/2024\/08\/20\/vollering-stuerzt-auf-der-5-etappe-der-tour-de-france-und-verliert-das-gelbe-trikot-an-niewiadoma\/\" \/>\n<meta property=\"og:locale\" content=\"de_DE\" \/>\n<meta property=\"og:type\" content=\"article\" \/>\n<meta property=\"og:title\" content=\"Vollering st\u00fcrzt auf der 5. Etappe der Tour de France und verliert das Gelbe Trikot an Niewiadoma\" \/>\n<meta property=\"og:description\" content=\"Haben Demi Vollering und ihr SD Worx-Protime Team die Tour de France Femmes avec Zwift (TdFF) in der dramatischen 5. [&hellip;]\" \/>\n<meta property=\"og:url\" content=\"https:\/\/www.welovecycling.com\/de\/2024\/08\/20\/vollering-stuerzt-auf-der-5-etappe-der-tour-de-france-und-verliert-das-gelbe-trikot-an-niewiadoma\/\" \/>\n<meta property=\"og:site_name\" content=\"\u0160koda We Love Cycling - Deutschland\" \/>\n<meta property=\"article:published_time\" content=\"2024-08-20T11:57:37+00:00\" \/>\n<meta property=\"og:image\" content=\"https:\/\/d2p6e6u75xmxt8.cloudfront.net\/10\/2024\/08\/Kasia-Niewiadoma-2024-Tour-profimedia-0898953853-CVR.webp\" \/>\n\t<meta property=\"og:image:width\" content=\"990\" \/>\n\t<meta property=\"og:image:height\" content=\"660\" \/>\n\t<meta property=\"og:image:type\" content=\"image\/webp\" \/>\n<meta name=\"author\" content=\"jbraeker\" \/>\n<meta name=\"twitter:card\" content=\"summary_large_image\" \/>\n<meta name=\"twitter:label1\" content=\"Written by\" \/>\n\t<meta name=\"twitter:data1\" content=\"jbraeker\" \/>\n\t<meta name=\"twitter:label2\" content=\"Est. reading time\" \/>\n\t<meta name=\"twitter:data2\" content=\"5 minutes\" \/>\n<script type=\"application\/ld+json\" class=\"yoast-schema-graph\">{\"@context\":\"https:\/\/schema.org\",\"@graph\":[{\"@type\":\"WebPage\",\"@id\":\"https:\/\/www.welovecycling.com\/de\/2024\/08\/20\/vollering-stuerzt-auf-der-5-etappe-der-tour-de-france-und-verliert-das-gelbe-trikot-an-niewiadoma\/\",\"url\":\"https:\/\/www.welovecycling.com\/de\/2024\/08\/20\/vollering-stuerzt-auf-der-5-etappe-der-tour-de-france-und-verliert-das-gelbe-trikot-an-niewiadoma\/\",\"name\":\"Vollering st\u00fcrzt auf der 5. Etappe der Tour de France und verliert das Gelbe Trikot an Niewiadoma - \u0160koda We Love Cycling - Deutschland\",\"isPartOf\":{\"@id\":\"https:\/\/www.welovecycling.com\/de\/#website\"},\"primaryImageOfPage\":{\"@id\":\"https:\/\/www.welovecycling.com\/de\/2024\/08\/20\/vollering-stuerzt-auf-der-5-etappe-der-tour-de-france-und-verliert-das-gelbe-trikot-an-niewiadoma\/#primaryimage\"},\"image\":{\"@id\":\"https:\/\/www.welovecycling.com\/de\/2024\/08\/20\/vollering-stuerzt-auf-der-5-etappe-der-tour-de-france-und-verliert-das-gelbe-trikot-an-niewiadoma\/#primaryimage\"},\"thumbnailUrl\":\"https:\/\/d2p6e6u75xmxt8.cloudfront.net\/10\/2024\/08\/Kasia-Niewiadoma-2024-Tour-profimedia-0898953853-CVR.webp\",\"datePublished\":\"2024-08-20T11:57:37+00:00\",\"author\":{\"@id\":\"https:\/\/www.welovecycling.com\/de\/#\/schema\/person\/915694b3c8d0de9019932587781ba6b3\"},\"breadcrumb\":{\"@id\":\"https:\/\/www.welovecycling.com\/de\/2024\/08\/20\/vollering-stuerzt-auf-der-5-etappe-der-tour-de-france-und-verliert-das-gelbe-trikot-an-niewiadoma\/#breadcrumb\"},\"inLanguage\":\"de-DE\",\"potentialAction\":[{\"@type\":\"ReadAction\",\"target\":[\"https:\/\/www.welovecycling.com\/de\/2024\/08\/20\/vollering-stuerzt-auf-der-5-etappe-der-tour-de-france-und-verliert-das-gelbe-trikot-an-niewiadoma\/\"]}]},{\"@type\":\"ImageObject\",\"inLanguage\":\"de-DE\",\"@id\":\"https:\/\/www.welovecycling.com\/de\/2024\/08\/20\/vollering-stuerzt-auf-der-5-etappe-der-tour-de-france-und-verliert-das-gelbe-trikot-an-niewiadoma\/#primaryimage\",\"url\":\"https:\/\/d2p6e6u75xmxt8.cloudfront.net\/10\/2024\/08\/Kasia-Niewiadoma-2024-Tour-profimedia-0898953853-CVR.webp\",\"contentUrl\":\"https:\/\/d2p6e6u75xmxt8.cloudfront.net\/10\/2024\/08\/Kasia-Niewiadoma-2024-Tour-profimedia-0898953853-CVR.webp\",\"width\":990,\"height\":660},{\"@type\":\"BreadcrumbList\",\"@id\":\"https:\/\/www.welovecycling.com\/de\/2024\/08\/20\/vollering-stuerzt-auf-der-5-etappe-der-tour-de-france-und-verliert-das-gelbe-trikot-an-niewiadoma\/#breadcrumb\",\"itemListElement\":[{\"@type\":\"ListItem\",\"position\":1,\"name\":\"Home\",\"item\":\"https:\/\/www.welovecycling.com\/de\/\"},{\"@type\":\"ListItem\",\"position\":2,\"name\":\"Vollering st\u00fcrzt auf der 5. Etappe der Tour de France und verliert das Gelbe Trikot an Niewiadoma\"}]},{\"@type\":\"WebSite\",\"@id\":\"https:\/\/www.welovecycling.com\/de\/#website\",\"url\":\"https:\/\/www.welovecycling.com\/de\/\",\"name\":\"\u0160koda We Love Cycling - Deutschland\",\"description\":\"Just another \u0160koda WeLoveCycling Sites site\",\"potentialAction\":[{\"@type\":\"SearchAction\",\"target\":{\"@type\":\"EntryPoint\",\"urlTemplate\":\"https:\/\/www.welovecycling.com\/de\/?s={search_term_string}\"},\"query-input\":{\"@type\":\"PropertyValueSpecification\",\"valueRequired\":true,\"valueName\":\"search_term_string\"}}],\"inLanguage\":\"de-DE\"},{\"@type\":\"Person\",\"@id\":\"https:\/\/www.welovecycling.com\/de\/#\/schema\/person\/915694b3c8d0de9019932587781ba6b3\",\"name\":\"jbraeker\",\"image\":{\"@type\":\"ImageObject\",\"inLanguage\":\"de-DE\",\"@id\":\"https:\/\/www.welovecycling.com\/de\/#\/schema\/person\/image\/\",\"url\":\"https:\/\/secure.gravatar.com\/avatar\/8b4aea90e4535aae30b5b720249e5b723ae59fcf3d54757dd8b748d97b46d3c9?s=96&d=mm&r=g\",\"contentUrl\":\"https:\/\/secure.gravatar.com\/avatar\/8b4aea90e4535aae30b5b720249e5b723ae59fcf3d54757dd8b748d97b46d3c9?s=96&d=mm&r=g\",\"caption\":\"jbraeker\"},\"url\":\"https:\/\/www.welovecycling.com\/de\/author\/jbraeker\/\"}]}<\/script>\n<!-- \/ Yoast SEO Premium plugin. -->","yoast_head_json":{"title":"Vollering st\u00fcrzt auf der 5. Etappe der Tour de France und verliert das Gelbe Trikot an Niewiadoma - \u0160koda We Love Cycling - Deutschland","robots":{"index":"index","follow":"follow","max-snippet":"max-snippet:-1","max-image-preview":"max-image-preview:large","max-video-preview":"max-video-preview:-1"},"canonical":"https:\/\/www.welovecycling.com\/de\/2024\/08\/20\/vollering-stuerzt-auf-der-5-etappe-der-tour-de-france-und-verliert-das-gelbe-trikot-an-niewiadoma\/","og_locale":"de_DE","og_type":"article","og_title":"Vollering st\u00fcrzt auf der 5. Etappe der Tour de France und verliert das Gelbe Trikot an Niewiadoma","og_description":"Haben Demi Vollering und ihr SD Worx-Protime Team die Tour de France Femmes avec Zwift (TdFF) in der dramatischen 5. [&hellip;]","og_url":"https:\/\/www.welovecycling.com\/de\/2024\/08\/20\/vollering-stuerzt-auf-der-5-etappe-der-tour-de-france-und-verliert-das-gelbe-trikot-an-niewiadoma\/","og_site_name":"\u0160koda We Love Cycling - Deutschland","article_published_time":"2024-08-20T11:57:37+00:00","og_image":[{"width":990,"height":660,"url":"https:\/\/d2p6e6u75xmxt8.cloudfront.net\/10\/2024\/08\/Kasia-Niewiadoma-2024-Tour-profimedia-0898953853-CVR.webp","type":"image\/webp"}],"author":"jbraeker","twitter_card":"summary_large_image","twitter_misc":{"Written by":"jbraeker","Est. reading time":"5 minutes"},"schema":{"@context":"https:\/\/schema.org","@graph":[{"@type":"WebPage","@id":"https:\/\/www.welovecycling.com\/de\/2024\/08\/20\/vollering-stuerzt-auf-der-5-etappe-der-tour-de-france-und-verliert-das-gelbe-trikot-an-niewiadoma\/","url":"https:\/\/www.welovecycling.com\/de\/2024\/08\/20\/vollering-stuerzt-auf-der-5-etappe-der-tour-de-france-und-verliert-das-gelbe-trikot-an-niewiadoma\/","name":"Vollering st\u00fcrzt auf der 5. Etappe der Tour de France und verliert das Gelbe Trikot an Niewiadoma - \u0160koda We Love Cycling - Deutschland","isPartOf":{"@id":"https:\/\/www.welovecycling.com\/de\/#website"},"primaryImageOfPage":{"@id":"https:\/\/www.welovecycling.com\/de\/2024\/08\/20\/vollering-stuerzt-auf-der-5-etappe-der-tour-de-france-und-verliert-das-gelbe-trikot-an-niewiadoma\/#primaryimage"},"image":{"@id":"https:\/\/www.welovecycling.com\/de\/2024\/08\/20\/vollering-stuerzt-auf-der-5-etappe-der-tour-de-france-und-verliert-das-gelbe-trikot-an-niewiadoma\/#primaryimage"},"thumbnailUrl":"https:\/\/d2p6e6u75xmxt8.cloudfront.net\/10\/2024\/08\/Kasia-Niewiadoma-2024-Tour-profimedia-0898953853-CVR.webp","datePublished":"2024-08-20T11:57:37+00:00","author":{"@id":"https:\/\/www.welovecycling.com\/de\/#\/schema\/person\/915694b3c8d0de9019932587781ba6b3"},"breadcrumb":{"@id":"https:\/\/www.welovecycling.com\/de\/2024\/08\/20\/vollering-stuerzt-auf-der-5-etappe-der-tour-de-france-und-verliert-das-gelbe-trikot-an-niewiadoma\/#breadcrumb"},"inLanguage":"de-DE","potentialAction":[{"@type":"ReadAction","target":["https:\/\/www.welovecycling.com\/de\/2024\/08\/20\/vollering-stuerzt-auf-der-5-etappe-der-tour-de-france-und-verliert-das-gelbe-trikot-an-niewiadoma\/"]}]},{"@type":"ImageObject","inLanguage":"de-DE","@id":"https:\/\/www.welovecycling.com\/de\/2024\/08\/20\/vollering-stuerzt-auf-der-5-etappe-der-tour-de-france-und-verliert-das-gelbe-trikot-an-niewiadoma\/#primaryimage","url":"https:\/\/d2p6e6u75xmxt8.cloudfront.net\/10\/2024\/08\/Kasia-Niewiadoma-2024-Tour-profimedia-0898953853-CVR.webp","contentUrl":"https:\/\/d2p6e6u75xmxt8.cloudfront.net\/10\/2024\/08\/Kasia-Niewiadoma-2024-Tour-profimedia-0898953853-CVR.webp","width":990,"height":660},{"@type":"BreadcrumbList","@id":"https:\/\/www.welovecycling.com\/de\/2024\/08\/20\/vollering-stuerzt-auf-der-5-etappe-der-tour-de-france-und-verliert-das-gelbe-trikot-an-niewiadoma\/#breadcrumb","itemListElement":[{"@type":"ListItem","position":1,"name":"Home","item":"https:\/\/www.welovecycling.com\/de\/"},{"@type":"ListItem","position":2,"name":"Vollering st\u00fcrzt auf der 5. Etappe der Tour de France und verliert das Gelbe Trikot an Niewiadoma"}]},{"@type":"WebSite","@id":"https:\/\/www.welovecycling.com\/de\/#website","url":"https:\/\/www.welovecycling.com\/de\/","name":"\u0160koda We Love Cycling - Deutschland","description":"Just another \u0160koda WeLoveCycling Sites site","potentialAction":[{"@type":"SearchAction","target":{"@type":"EntryPoint","urlTemplate":"https:\/\/www.welovecycling.com\/de\/?s={search_term_string}"},"query-input":{"@type":"PropertyValueSpecification","valueRequired":true,"valueName":"search_term_string"}}],"inLanguage":"de-DE"},{"@type":"Person","@id":"https:\/\/www.welovecycling.com\/de\/#\/schema\/person\/915694b3c8d0de9019932587781ba6b3","name":"jbraeker","image":{"@type":"ImageObject","inLanguage":"de-DE","@id":"https:\/\/www.welovecycling.com\/de\/#\/schema\/person\/image\/","url":"https:\/\/secure.gravatar.com\/avatar\/8b4aea90e4535aae30b5b720249e5b723ae59fcf3d54757dd8b748d97b46d3c9?s=96&d=mm&r=g","contentUrl":"https:\/\/secure.gravatar.com\/avatar\/8b4aea90e4535aae30b5b720249e5b723ae59fcf3d54757dd8b748d97b46d3c9?s=96&d=mm&r=g","caption":"jbraeker"},"url":"https:\/\/www.welovecycling.com\/de\/author\/jbraeker\/"}]}},"_links":{"self":[{"href":"https:\/\/www.welovecycling.com\/de\/wp-json\/wp\/v2\/posts\/11323","targetHints":{"allow":["GET"]}}],"collection":[{"href":"https:\/\/www.welovecycling.com\/de\/wp-json\/wp\/v2\/posts"}],"about":[{"href":"https:\/\/www.welovecycling.com\/de\/wp-json\/wp\/v2\/types\/post"}],"author":[{"embeddable":true,"href":"https:\/\/www.welovecycling.com\/de\/wp-json\/wp\/v2\/users\/115"}],"replies":[{"embeddable":true,"href":"https:\/\/www.welovecycling.com\/de\/wp-json\/wp\/v2\/comments?post=11323"}],"version-history":[{"count":1,"href":"https:\/\/www.welovecycling.com\/de\/wp-json\/wp\/v2\/posts\/11323\/revisions"}],"predecessor-version":[{"id":11325,"href":"https:\/\/www.welovecycling.com\/de\/wp-json\/wp\/v2\/posts\/11323\/revisions\/11325"}],"wp:featuredmedia":[{"embeddable":true,"href":"https:\/\/www.welovecycling.com\/de\/wp-json\/wp\/v2\/media\/11324"}],"wp:attachment":[{"href":"https:\/\/www.welovecycling.com\/de\/wp-json\/wp\/v2\/media?parent=11323"}],"wp:term":[{"taxonomy":"category","embeddable":true,"href":"https:\/\/www.welovecycling.com\/de\/wp-json\/wp\/v2\/categories?post=11323"},{"taxonomy":"post_tag","embeddable":true,"href":"https:\/\/www.welovecycling.com\/de\/wp-json\/wp\/v2\/tags?post=11323"},{"taxonomy":"global-categories","embeddable":true,"href":"https:\/\/www.welovecycling.com\/de\/wp-json\/wp\/v2\/global-categories?post=11323"}],"curies":[{"name":"wp","href":"https:\/\/api.w.org\/{rel}","templated":true}]}}