{"id":10552,"date":"2022-08-25T13:54:05","date_gmt":"2022-08-25T12:54:05","guid":{"rendered":"https:\/\/www.welovecycling.com\/de\/?p=10552"},"modified":"2022-09-14T13:16:09","modified_gmt":"2022-09-14T12:16:09","slug":"zurueck-in-der-hansestadt-das-skoda-veloteam-bei-den-bemer-cyclassics-in-hamburg","status":"publish","type":"post","link":"https:\/\/www.welovecycling.com\/de\/2022\/08\/25\/zurueck-in-der-hansestadt-das-skoda-veloteam-bei-den-bemer-cyclassics-in-hamburg\/","title":{"rendered":"Zur\u00fcck in der Hansestadt &#8211; Das \u0160koda Veloteam bei den BEMER Cyclassics in Hamburg"},"content":{"rendered":"<p class=\"texta\" style=\"text-align: justify;\">Am Sonntag war es soweit: Nach zwei Jahren Pause kam das \u0160koda Veloteam wieder in der Hansestadt im hohen Norden zusammen, um die 25. Ausgabe des Radsportfestivals zu zelebrieren.<\/p>\n<p style=\"text-align: justify;\">Das Event f\u00fcr das \u0160koda Veloteam startete bereits am Samstagabend mit einer gelungenen Pasta-Party. In absoluter Top-Lage direkt am Jungfernstieg neben der Binnenalster trafen sich alle \u0160koda Veloteam TeilnehmerInnen zum gemeinsamen Auftakt. Es wurden unz\u00e4hlige Starterbeutel ausgegeben, und diverse leckere Nudelgerichte sowie k\u00fchle Getr\u00e4nke genossen. Wer Bedarf hatte, konnte auch sein Rad noch einmal checken und richtig einstellen lassen. Zudem versorgte der ehemalige deutsche Rennradfahrer Christian Henn das Team mit einigen n\u00fctzlichen Tipps f\u00fcr den Renntag. Bekannt aus Theater und Film, war auch Johann von B\u00fclow unter den TeilnehmerInnen zu finden. Der Schauspieler ist eng mit der Marke \u0160koda verbunden und hat sich am Sonntag gemeinsam mit dem Veloteam auf die Strecke gewagt.<\/p>\n<p style=\"text-align: justify;\">Am Renntag ging es dann p\u00fcnktlich zum Sonnenaufgang los. Um 7.00 Uhr fiel zun\u00e4chst der Startschuss f\u00fcr die 60 Kilometer und knapp eine Stunde sp\u00e4ter hie\u00df es \u201eLeinen Los\u201c f\u00fcr die 100km Runde. Insgesamt gingen in diesem Jahr auf beiden Strecken mehr als 13.000 Hobby-FahrerInnen an den Start, darunter mehr als 220\u00a0\u0160koda FahrerInnen in schwarz-gr\u00fcnen Trikots. Zur\u00fcck im Ziel konnten alle TeilnehmerInnen sich auf ein warmes Mittagsbuffet sowie eine erholsame Massage freuen. Und nat\u00fcrlich auf das gro\u00dfe Spektakel, die Zielankunft der Profis.\u00a0Hier gewann der \u00d6sterreicher Marco Haller.<\/p>\n<p class=\"texta\" style=\"text-align: justify;\">Noch in dieser Woche geht es weiter mit dem n\u00e4chsten Highlight im nationalen\u00a0Radsport Kalender: Gestern startete die Deutschland Tour mit einem Prolog in Weimar. Ab heute geht es \u00fcber vier Etappen bis zum gro\u00dfen Finale am Sonntag in Stuttgart.<\/p>\n<p>&nbsp;<\/p>\n<p>&nbsp;<\/p>\n<div id='gallery-1' class='gallery galleryid-10552 gallery-columns-3 gallery-size-medium'><figure class='gallery-item'>\n\t\t\t<div class='gallery-icon landscape'>\n\t\t\t\t<a href='https:\/\/d2p6e6u75xmxt8.cloudfront.net\/10\/2022\/08\/SAD222321609-7937-scaled.jpg'><img loading=\"lazy\" decoding=\"async\" width=\"300\" height=\"200\" src=\"https:\/\/d2p6e6u75xmxt8.cloudfront.net\/10\/2022\/08\/SAD222321609-7937-300x200.jpg\" class=\"attachment-medium size-medium\" alt=\"\" srcset=\"https:\/\/d2p6e6u75xmxt8.cloudfront.net\/10\/2022\/08\/SAD222321609-7937-300x200.jpg 300w, https:\/\/d2p6e6u75xmxt8.cloudfront.net\/10\/2022\/08\/SAD222321609-7937-1024x683.jpg 1024w, https:\/\/d2p6e6u75xmxt8.cloudfront.net\/10\/2022\/08\/SAD222321609-7937-768x512.jpg 768w, https:\/\/d2p6e6u75xmxt8.cloudfront.net\/10\/2022\/08\/SAD222321609-7937-1536x1024.jpg 1536w, https:\/\/d2p6e6u75xmxt8.cloudfront.net\/10\/2022\/08\/SAD222321609-7937-2048x1365.jpg 2048w, https:\/\/d2p6e6u75xmxt8.cloudfront.net\/10\/2022\/08\/SAD222321609-7937-1920x1280.jpg 1920w, https:\/\/d2p6e6u75xmxt8.cloudfront.net\/10\/2022\/08\/SAD222321609-7937-272x182.jpg 272w, https:\/\/d2p6e6u75xmxt8.cloudfront.net\/10\/2022\/08\/SAD222321609-7937-1920x1280.jpg 1920w\" sizes=\"auto, (max-width: 300px) 100vw, 300px\" \/><\/a>\n\t\t\t<\/div><\/figure><figure class='gallery-item'>\n\t\t\t<div class='gallery-icon landscape'>\n\t\t\t\t<a href='https:\/\/d2p6e6u75xmxt8.cloudfront.net\/10\/2022\/08\/SAD222321752-5355-scaled.jpg'><img loading=\"lazy\" decoding=\"async\" width=\"300\" height=\"200\" src=\"https:\/\/d2p6e6u75xmxt8.cloudfront.net\/10\/2022\/08\/SAD222321752-5355-300x200.jpg\" class=\"attachment-medium size-medium\" alt=\"\" srcset=\"https:\/\/d2p6e6u75xmxt8.cloudfront.net\/10\/2022\/08\/SAD222321752-5355-300x200.jpg 300w, https:\/\/d2p6e6u75xmxt8.cloudfront.net\/10\/2022\/08\/SAD222321752-5355-1024x683.jpg 1024w, https:\/\/d2p6e6u75xmxt8.cloudfront.net\/10\/2022\/08\/SAD222321752-5355-768x512.jpg 768w, https:\/\/d2p6e6u75xmxt8.cloudfront.net\/10\/2022\/08\/SAD222321752-5355-1536x1024.jpg 1536w, https:\/\/d2p6e6u75xmxt8.cloudfront.net\/10\/2022\/08\/SAD222321752-5355-2048x1365.jpg 2048w, https:\/\/d2p6e6u75xmxt8.cloudfront.net\/10\/2022\/08\/SAD222321752-5355-1920x1280.jpg 1920w, https:\/\/d2p6e6u75xmxt8.cloudfront.net\/10\/2022\/08\/SAD222321752-5355-272x182.jpg 272w, https:\/\/d2p6e6u75xmxt8.cloudfront.net\/10\/2022\/08\/SAD222321752-5355-1920x1280.jpg 1920w\" sizes=\"auto, (max-width: 300px) 100vw, 300px\" \/><\/a>\n\t\t\t<\/div><\/figure><figure class='gallery-item'>\n\t\t\t<div class='gallery-icon landscape'>\n\t\t\t\t<a href='https:\/\/d2p6e6u75xmxt8.cloudfront.net\/10\/2022\/08\/SAD222331200-9251-scaled.jpg'><img loading=\"lazy\" decoding=\"async\" width=\"300\" height=\"200\" src=\"https:\/\/d2p6e6u75xmxt8.cloudfront.net\/10\/2022\/08\/SAD222331200-9251-300x200.jpg\" class=\"attachment-medium size-medium\" alt=\"\" srcset=\"https:\/\/d2p6e6u75xmxt8.cloudfront.net\/10\/2022\/08\/SAD222331200-9251-300x200.jpg 300w, https:\/\/d2p6e6u75xmxt8.cloudfront.net\/10\/2022\/08\/SAD222331200-9251-1024x683.jpg 1024w, https:\/\/d2p6e6u75xmxt8.cloudfront.net\/10\/2022\/08\/SAD222331200-9251-768x512.jpg 768w, https:\/\/d2p6e6u75xmxt8.cloudfront.net\/10\/2022\/08\/SAD222331200-9251-1536x1024.jpg 1536w, https:\/\/d2p6e6u75xmxt8.cloudfront.net\/10\/2022\/08\/SAD222331200-9251-2048x1365.jpg 2048w, https:\/\/d2p6e6u75xmxt8.cloudfront.net\/10\/2022\/08\/SAD222331200-9251-1920x1280.jpg 1920w, https:\/\/d2p6e6u75xmxt8.cloudfront.net\/10\/2022\/08\/SAD222331200-9251-272x182.jpg 272w, https:\/\/d2p6e6u75xmxt8.cloudfront.net\/10\/2022\/08\/SAD222331200-9251-1920x1280.jpg 1920w\" sizes=\"auto, (max-width: 300px) 100vw, 300px\" \/><\/a>\n\t\t\t<\/div><\/figure><figure class='gallery-item'>\n\t\t\t<div class='gallery-icon landscape'>\n\t\t\t\t<a href='https:\/\/d2p6e6u75xmxt8.cloudfront.net\/10\/2022\/08\/SAD222330808-8943-scaled.jpg'><img loading=\"lazy\" decoding=\"async\" width=\"300\" height=\"200\" src=\"https:\/\/d2p6e6u75xmxt8.cloudfront.net\/10\/2022\/08\/SAD222330808-8943-300x200.jpg\" class=\"attachment-medium size-medium\" alt=\"\" srcset=\"https:\/\/d2p6e6u75xmxt8.cloudfront.net\/10\/2022\/08\/SAD222330808-8943-300x200.jpg 300w, https:\/\/d2p6e6u75xmxt8.cloudfront.net\/10\/2022\/08\/SAD222330808-8943-1024x683.jpg 1024w, https:\/\/d2p6e6u75xmxt8.cloudfront.net\/10\/2022\/08\/SAD222330808-8943-768x512.jpg 768w, https:\/\/d2p6e6u75xmxt8.cloudfront.net\/10\/2022\/08\/SAD222330808-8943-1536x1024.jpg 1536w, https:\/\/d2p6e6u75xmxt8.cloudfront.net\/10\/2022\/08\/SAD222330808-8943-2048x1365.jpg 2048w, https:\/\/d2p6e6u75xmxt8.cloudfront.net\/10\/2022\/08\/SAD222330808-8943-1920x1280.jpg 1920w, https:\/\/d2p6e6u75xmxt8.cloudfront.net\/10\/2022\/08\/SAD222330808-8943-272x182.jpg 272w, https:\/\/d2p6e6u75xmxt8.cloudfront.net\/10\/2022\/08\/SAD222330808-8943-1920x1280.jpg 1920w\" sizes=\"auto, (max-width: 300px) 100vw, 300px\" \/><\/a>\n\t\t\t<\/div><\/figure><figure class='gallery-item'>\n\t\t\t<div class='gallery-icon landscape'>\n\t\t\t\t<a href='https:\/\/d2p6e6u75xmxt8.cloudfront.net\/10\/2022\/08\/SAD222330808-8920-scaled.jpg'><img loading=\"lazy\" decoding=\"async\" width=\"300\" height=\"200\" src=\"https:\/\/d2p6e6u75xmxt8.cloudfront.net\/10\/2022\/08\/SAD222330808-8920-300x200.jpg\" class=\"attachment-medium size-medium\" alt=\"\" srcset=\"https:\/\/d2p6e6u75xmxt8.cloudfront.net\/10\/2022\/08\/SAD222330808-8920-300x200.jpg 300w, https:\/\/d2p6e6u75xmxt8.cloudfront.net\/10\/2022\/08\/SAD222330808-8920-1024x683.jpg 1024w, https:\/\/d2p6e6u75xmxt8.cloudfront.net\/10\/2022\/08\/SAD222330808-8920-768x512.jpg 768w, https:\/\/d2p6e6u75xmxt8.cloudfront.net\/10\/2022\/08\/SAD222330808-8920-1536x1024.jpg 1536w, https:\/\/d2p6e6u75xmxt8.cloudfront.net\/10\/2022\/08\/SAD222330808-8920-2048x1365.jpg 2048w, https:\/\/d2p6e6u75xmxt8.cloudfront.net\/10\/2022\/08\/SAD222330808-8920-1920x1280.jpg 1920w, https:\/\/d2p6e6u75xmxt8.cloudfront.net\/10\/2022\/08\/SAD222330808-8920-272x182.jpg 272w, https:\/\/d2p6e6u75xmxt8.cloudfront.net\/10\/2022\/08\/SAD222330808-8920-1920x1280.jpg 1920w\" sizes=\"auto, (max-width: 300px) 100vw, 300px\" \/><\/a>\n\t\t\t<\/div><\/figure><figure class='gallery-item'>\n\t\t\t<div class='gallery-icon landscape'>\n\t\t\t\t<a href='https:\/\/d2p6e6u75xmxt8.cloudfront.net\/10\/2022\/08\/SAD222330715-8776-scaled.jpg'><img loading=\"lazy\" decoding=\"async\" width=\"300\" height=\"200\" src=\"https:\/\/d2p6e6u75xmxt8.cloudfront.net\/10\/2022\/08\/SAD222330715-8776-300x200.jpg\" class=\"attachment-medium size-medium\" alt=\"\" srcset=\"https:\/\/d2p6e6u75xmxt8.cloudfront.net\/10\/2022\/08\/SAD222330715-8776-300x200.jpg 300w, https:\/\/d2p6e6u75xmxt8.cloudfront.net\/10\/2022\/08\/SAD222330715-8776-1024x683.jpg 1024w, https:\/\/d2p6e6u75xmxt8.cloudfront.net\/10\/2022\/08\/SAD222330715-8776-768x512.jpg 768w, https:\/\/d2p6e6u75xmxt8.cloudfront.net\/10\/2022\/08\/SAD222330715-8776-1536x1024.jpg 1536w, https:\/\/d2p6e6u75xmxt8.cloudfront.net\/10\/2022\/08\/SAD222330715-8776-2048x1365.jpg 2048w, https:\/\/d2p6e6u75xmxt8.cloudfront.net\/10\/2022\/08\/SAD222330715-8776-1920x1280.jpg 1920w, https:\/\/d2p6e6u75xmxt8.cloudfront.net\/10\/2022\/08\/SAD222330715-8776-272x182.jpg 272w, https:\/\/d2p6e6u75xmxt8.cloudfront.net\/10\/2022\/08\/SAD222330715-8776-1920x1280.jpg 1920w\" sizes=\"auto, (max-width: 300px) 100vw, 300px\" \/><\/a>\n\t\t\t<\/div><\/figure><figure class='gallery-item'>\n\t\t\t<div class='gallery-icon landscape'>\n\t\t\t\t<a href='https:\/\/d2p6e6u75xmxt8.cloudfront.net\/10\/2022\/08\/SAD222330710-8741-scaled.jpg'><img loading=\"lazy\" decoding=\"async\" width=\"300\" height=\"200\" src=\"https:\/\/d2p6e6u75xmxt8.cloudfront.net\/10\/2022\/08\/SAD222330710-8741-300x200.jpg\" class=\"attachment-medium size-medium\" alt=\"\" srcset=\"https:\/\/d2p6e6u75xmxt8.cloudfront.net\/10\/2022\/08\/SAD222330710-8741-300x200.jpg 300w, https:\/\/d2p6e6u75xmxt8.cloudfront.net\/10\/2022\/08\/SAD222330710-8741-1024x683.jpg 1024w, https:\/\/d2p6e6u75xmxt8.cloudfront.net\/10\/2022\/08\/SAD222330710-8741-768x512.jpg 768w, https:\/\/d2p6e6u75xmxt8.cloudfront.net\/10\/2022\/08\/SAD222330710-8741-1536x1024.jpg 1536w, https:\/\/d2p6e6u75xmxt8.cloudfront.net\/10\/2022\/08\/SAD222330710-8741-2048x1365.jpg 2048w, https:\/\/d2p6e6u75xmxt8.cloudfront.net\/10\/2022\/08\/SAD222330710-8741-1920x1280.jpg 1920w, https:\/\/d2p6e6u75xmxt8.cloudfront.net\/10\/2022\/08\/SAD222330710-8741-272x182.jpg 272w, https:\/\/d2p6e6u75xmxt8.cloudfront.net\/10\/2022\/08\/SAD222330710-8741-1920x1280.jpg 1920w\" sizes=\"auto, (max-width: 300px) 100vw, 300px\" \/><\/a>\n\t\t\t<\/div><\/figure><figure class='gallery-item'>\n\t\t\t<div class='gallery-icon landscape'>\n\t\t\t\t<a href='https:\/\/d2p6e6u75xmxt8.cloudfront.net\/10\/2022\/08\/SAD222330701-5750-scaled.jpg'><img loading=\"lazy\" decoding=\"async\" width=\"300\" height=\"200\" src=\"https:\/\/d2p6e6u75xmxt8.cloudfront.net\/10\/2022\/08\/SAD222330701-5750-300x200.jpg\" class=\"attachment-medium size-medium\" alt=\"\" srcset=\"https:\/\/d2p6e6u75xmxt8.cloudfront.net\/10\/2022\/08\/SAD222330701-5750-300x200.jpg 300w, https:\/\/d2p6e6u75xmxt8.cloudfront.net\/10\/2022\/08\/SAD222330701-5750-1024x683.jpg 1024w, https:\/\/d2p6e6u75xmxt8.cloudfront.net\/10\/2022\/08\/SAD222330701-5750-768x512.jpg 768w, https:\/\/d2p6e6u75xmxt8.cloudfront.net\/10\/2022\/08\/SAD222330701-5750-1536x1024.jpg 1536w, https:\/\/d2p6e6u75xmxt8.cloudfront.net\/10\/2022\/08\/SAD222330701-5750-2048x1365.jpg 2048w, https:\/\/d2p6e6u75xmxt8.cloudfront.net\/10\/2022\/08\/SAD222330701-5750-1920x1280.jpg 1920w, https:\/\/d2p6e6u75xmxt8.cloudfront.net\/10\/2022\/08\/SAD222330701-5750-272x182.jpg 272w, https:\/\/d2p6e6u75xmxt8.cloudfront.net\/10\/2022\/08\/SAD222330701-5750-1920x1280.jpg 1920w\" sizes=\"auto, (max-width: 300px) 100vw, 300px\" \/><\/a>\n\t\t\t<\/div><\/figure><figure class='gallery-item'>\n\t\t\t<div class='gallery-icon landscape'>\n\t\t\t\t<a href='https:\/\/d2p6e6u75xmxt8.cloudfront.net\/10\/2022\/08\/SAD222331002-9108-scaled.jpg'><img loading=\"lazy\" decoding=\"async\" width=\"300\" height=\"200\" src=\"https:\/\/d2p6e6u75xmxt8.cloudfront.net\/10\/2022\/08\/SAD222331002-9108-300x200.jpg\" class=\"attachment-medium size-medium\" alt=\"\" srcset=\"https:\/\/d2p6e6u75xmxt8.cloudfront.net\/10\/2022\/08\/SAD222331002-9108-300x200.jpg 300w, https:\/\/d2p6e6u75xmxt8.cloudfront.net\/10\/2022\/08\/SAD222331002-9108-1024x683.jpg 1024w, https:\/\/d2p6e6u75xmxt8.cloudfront.net\/10\/2022\/08\/SAD222331002-9108-768x512.jpg 768w, https:\/\/d2p6e6u75xmxt8.cloudfront.net\/10\/2022\/08\/SAD222331002-9108-1536x1024.jpg 1536w, https:\/\/d2p6e6u75xmxt8.cloudfront.net\/10\/2022\/08\/SAD222331002-9108-2048x1365.jpg 2048w, https:\/\/d2p6e6u75xmxt8.cloudfront.net\/10\/2022\/08\/SAD222331002-9108-1920x1280.jpg 1920w, https:\/\/d2p6e6u75xmxt8.cloudfront.net\/10\/2022\/08\/SAD222331002-9108-272x182.jpg 272w, https:\/\/d2p6e6u75xmxt8.cloudfront.net\/10\/2022\/08\/SAD222331002-9108-1920x1280.jpg 1920w\" sizes=\"auto, (max-width: 300px) 100vw, 300px\" \/><\/a>\n\t\t\t<\/div><\/figure><figure class='gallery-item'>\n\t\t\t<div class='gallery-icon landscape'>\n\t\t\t\t<a href='https:\/\/d2p6e6u75xmxt8.cloudfront.net\/10\/2022\/08\/SAD222331120-6038-scaled.jpg'><img loading=\"lazy\" decoding=\"async\" width=\"300\" height=\"200\" src=\"https:\/\/d2p6e6u75xmxt8.cloudfront.net\/10\/2022\/08\/SAD222331120-6038-300x200.jpg\" class=\"attachment-medium size-medium\" alt=\"\" srcset=\"https:\/\/d2p6e6u75xmxt8.cloudfront.net\/10\/2022\/08\/SAD222331120-6038-300x200.jpg 300w, https:\/\/d2p6e6u75xmxt8.cloudfront.net\/10\/2022\/08\/SAD222331120-6038-1024x683.jpg 1024w, https:\/\/d2p6e6u75xmxt8.cloudfront.net\/10\/2022\/08\/SAD222331120-6038-768x512.jpg 768w, https:\/\/d2p6e6u75xmxt8.cloudfront.net\/10\/2022\/08\/SAD222331120-6038-1536x1024.jpg 1536w, https:\/\/d2p6e6u75xmxt8.cloudfront.net\/10\/2022\/08\/SAD222331120-6038-2048x1365.jpg 2048w, https:\/\/d2p6e6u75xmxt8.cloudfront.net\/10\/2022\/08\/SAD222331120-6038-1920x1280.jpg 1920w, https:\/\/d2p6e6u75xmxt8.cloudfront.net\/10\/2022\/08\/SAD222331120-6038-272x182.jpg 272w, https:\/\/d2p6e6u75xmxt8.cloudfront.net\/10\/2022\/08\/SAD222331120-6038-1920x1280.jpg 1920w\" sizes=\"auto, (max-width: 300px) 100vw, 300px\" \/><\/a>\n\t\t\t<\/div><\/figure><figure class='gallery-item'>\n\t\t\t<div class='gallery-icon landscape'>\n\t\t\t\t<a href='https:\/\/d2p6e6u75xmxt8.cloudfront.net\/10\/2022\/08\/SAD222330759-8887-scaled.jpg'><img loading=\"lazy\" decoding=\"async\" width=\"300\" height=\"200\" src=\"https:\/\/d2p6e6u75xmxt8.cloudfront.net\/10\/2022\/08\/SAD222330759-8887-300x200.jpg\" class=\"attachment-medium size-medium\" alt=\"\" srcset=\"https:\/\/d2p6e6u75xmxt8.cloudfront.net\/10\/2022\/08\/SAD222330759-8887-300x200.jpg 300w, https:\/\/d2p6e6u75xmxt8.cloudfront.net\/10\/2022\/08\/SAD222330759-8887-1024x683.jpg 1024w, https:\/\/d2p6e6u75xmxt8.cloudfront.net\/10\/2022\/08\/SAD222330759-8887-768x512.jpg 768w, https:\/\/d2p6e6u75xmxt8.cloudfront.net\/10\/2022\/08\/SAD222330759-8887-1536x1024.jpg 1536w, https:\/\/d2p6e6u75xmxt8.cloudfront.net\/10\/2022\/08\/SAD222330759-8887-2048x1365.jpg 2048w, https:\/\/d2p6e6u75xmxt8.cloudfront.net\/10\/2022\/08\/SAD222330759-8887-1920x1280.jpg 1920w, https:\/\/d2p6e6u75xmxt8.cloudfront.net\/10\/2022\/08\/SAD222330759-8887-272x182.jpg 272w, https:\/\/d2p6e6u75xmxt8.cloudfront.net\/10\/2022\/08\/SAD222330759-8887-1920x1280.jpg 1920w\" sizes=\"auto, (max-width: 300px) 100vw, 300px\" \/><\/a>\n\t\t\t<\/div><\/figure><figure class='gallery-item'>\n\t\t\t<div class='gallery-icon landscape'>\n\t\t\t\t<a href='https:\/\/d2p6e6u75xmxt8.cloudfront.net\/10\/2022\/08\/SAD222321611-5238-scaled.jpg'><img loading=\"lazy\" decoding=\"async\" width=\"300\" height=\"200\" src=\"https:\/\/d2p6e6u75xmxt8.cloudfront.net\/10\/2022\/08\/SAD222321611-5238-300x200.jpg\" class=\"attachment-medium size-medium\" alt=\"\" srcset=\"https:\/\/d2p6e6u75xmxt8.cloudfront.net\/10\/2022\/08\/SAD222321611-5238-300x200.jpg 300w, https:\/\/d2p6e6u75xmxt8.cloudfront.net\/10\/2022\/08\/SAD222321611-5238-1024x683.jpg 1024w, https:\/\/d2p6e6u75xmxt8.cloudfront.net\/10\/2022\/08\/SAD222321611-5238-768x512.jpg 768w, https:\/\/d2p6e6u75xmxt8.cloudfront.net\/10\/2022\/08\/SAD222321611-5238-1536x1024.jpg 1536w, https:\/\/d2p6e6u75xmxt8.cloudfront.net\/10\/2022\/08\/SAD222321611-5238-2048x1365.jpg 2048w, https:\/\/d2p6e6u75xmxt8.cloudfront.net\/10\/2022\/08\/SAD222321611-5238-1920x1280.jpg 1920w, https:\/\/d2p6e6u75xmxt8.cloudfront.net\/10\/2022\/08\/SAD222321611-5238-272x182.jpg 272w, https:\/\/d2p6e6u75xmxt8.cloudfront.net\/10\/2022\/08\/SAD222321611-5238-1920x1280.jpg 1920w\" sizes=\"auto, (max-width: 300px) 100vw, 300px\" \/><\/a>\n\t\t\t<\/div><\/figure>\n\t\t<\/div>\n\n","protected":false},"excerpt":{"rendered":"<p>Am Sonntag war es soweit: Nach zwei Jahren Pause kam das \u0160koda Veloteam wieder in der Hansestadt im hohen Norden [&hellip;]<\/p>\n","protected":false},"author":115,"featured_media":10561,"comment_status":"open","ping_status":"open","sticky":false,"template":"","format":"gallery","meta":{"footnotes":""},"categories":[1],"tags":[103,102],"global-categories":[19],"class_list":["post-10552","post","type-post","status-publish","format-gallery","has-post-thumbnail","hentry","category-allgemein","tag-cyclassics","tag-veloteam","post_format-post-format-gallery","global-categories-cycling"],"yoast_head":"<!-- This site is optimized with the Yoast SEO Premium plugin v25.3 (Yoast SEO v25.9) - https:\/\/yoast.com\/wordpress\/plugins\/seo\/ -->\n<title>Das \u0160koda Veloteam bei den BEMER Cyclassics - We love Cycling<\/title>\n<meta name=\"description\" content=\"Zur\u00fcck in der Hansestadt - Das \u0160koda Veloteam bei dem Radsportklassiker in Hamburg. Hier geht es zum Bericht und Bildergalerie.\" \/>\n<meta name=\"robots\" content=\"index, follow, max-snippet:-1, max-image-preview:large, max-video-preview:-1\" \/>\n<link rel=\"canonical\" href=\"https:\/\/www.welovecycling.com\/de\/2022\/08\/25\/zurueck-in-der-hansestadt-das-skoda-veloteam-bei-den-bemer-cyclassics-in-hamburg\/\" \/>\n<meta property=\"og:locale\" content=\"de_DE\" \/>\n<meta property=\"og:type\" content=\"article\" \/>\n<meta property=\"og:title\" content=\"Zur\u00fcck in der Hansestadt - Das \u0160koda Veloteam bei den BEMER Cyclassics in Hamburg\" \/>\n<meta property=\"og:description\" content=\"Zur\u00fcck in der Hansestadt - Das \u0160koda Veloteam bei dem Radsportklassiker in Hamburg. Hier geht es zum Bericht und Bildergalerie.\" \/>\n<meta property=\"og:url\" content=\"https:\/\/www.welovecycling.com\/de\/2022\/08\/25\/zurueck-in-der-hansestadt-das-skoda-veloteam-bei-den-bemer-cyclassics-in-hamburg\/\" \/>\n<meta property=\"og:site_name\" content=\"\u0160koda We Love Cycling - Deutschland\" \/>\n<meta property=\"article:published_time\" content=\"2022-08-25T12:54:05+00:00\" \/>\n<meta property=\"article:modified_time\" content=\"2022-09-14T12:16:09+00:00\" \/>\n<meta property=\"og:image\" content=\"https:\/\/d2p6e6u75xmxt8.cloudfront.net\/10\/2022\/08\/SAD222330715-8776-scaled.jpg\" \/>\n\t<meta property=\"og:image:width\" content=\"2560\" \/>\n\t<meta property=\"og:image:height\" content=\"1707\" \/>\n\t<meta property=\"og:image:type\" content=\"image\/jpeg\" \/>\n<meta name=\"author\" content=\"jbraeker\" \/>\n<meta name=\"twitter:card\" content=\"summary_large_image\" \/>\n<meta name=\"twitter:label1\" content=\"Written by\" \/>\n\t<meta name=\"twitter:data1\" content=\"jbraeker\" \/>\n\t<meta name=\"twitter:label2\" content=\"Est. reading time\" \/>\n\t<meta name=\"twitter:data2\" content=\"1 minute\" \/>\n<script type=\"application\/ld+json\" class=\"yoast-schema-graph\">{\"@context\":\"https:\/\/schema.org\",\"@graph\":[{\"@type\":\"WebPage\",\"@id\":\"https:\/\/www.welovecycling.com\/de\/2022\/08\/25\/zurueck-in-der-hansestadt-das-skoda-veloteam-bei-den-bemer-cyclassics-in-hamburg\/\",\"url\":\"https:\/\/www.welovecycling.com\/de\/2022\/08\/25\/zurueck-in-der-hansestadt-das-skoda-veloteam-bei-den-bemer-cyclassics-in-hamburg\/\",\"name\":\"Das \u0160koda Veloteam bei den BEMER Cyclassics - We love Cycling\",\"isPartOf\":{\"@id\":\"https:\/\/www.welovecycling.com\/de\/#website\"},\"primaryImageOfPage\":{\"@id\":\"https:\/\/www.welovecycling.com\/de\/2022\/08\/25\/zurueck-in-der-hansestadt-das-skoda-veloteam-bei-den-bemer-cyclassics-in-hamburg\/#primaryimage\"},\"image\":{\"@id\":\"https:\/\/www.welovecycling.com\/de\/2022\/08\/25\/zurueck-in-der-hansestadt-das-skoda-veloteam-bei-den-bemer-cyclassics-in-hamburg\/#primaryimage\"},\"thumbnailUrl\":\"https:\/\/d2p6e6u75xmxt8.cloudfront.net\/10\/2022\/08\/SAD222330715-8776-scaled.jpg\",\"datePublished\":\"2022-08-25T12:54:05+00:00\",\"dateModified\":\"2022-09-14T12:16:09+00:00\",\"author\":{\"@id\":\"https:\/\/www.welovecycling.com\/de\/#\/schema\/person\/915694b3c8d0de9019932587781ba6b3\"},\"description\":\"Zur\u00fcck in der Hansestadt - Das \u0160koda Veloteam bei dem Radsportklassiker in Hamburg. Hier geht es zum Bericht und Bildergalerie.\",\"breadcrumb\":{\"@id\":\"https:\/\/www.welovecycling.com\/de\/2022\/08\/25\/zurueck-in-der-hansestadt-das-skoda-veloteam-bei-den-bemer-cyclassics-in-hamburg\/#breadcrumb\"},\"inLanguage\":\"de-DE\",\"potentialAction\":[{\"@type\":\"ReadAction\",\"target\":[\"https:\/\/www.welovecycling.com\/de\/2022\/08\/25\/zurueck-in-der-hansestadt-das-skoda-veloteam-bei-den-bemer-cyclassics-in-hamburg\/\"]}]},{\"@type\":\"ImageObject\",\"inLanguage\":\"de-DE\",\"@id\":\"https:\/\/www.welovecycling.com\/de\/2022\/08\/25\/zurueck-in-der-hansestadt-das-skoda-veloteam-bei-den-bemer-cyclassics-in-hamburg\/#primaryimage\",\"url\":\"https:\/\/d2p6e6u75xmxt8.cloudfront.net\/10\/2022\/08\/SAD222330715-8776-scaled.jpg\",\"contentUrl\":\"https:\/\/d2p6e6u75xmxt8.cloudfront.net\/10\/2022\/08\/SAD222330715-8776-scaled.jpg\",\"width\":2560,\"height\":1707},{\"@type\":\"BreadcrumbList\",\"@id\":\"https:\/\/www.welovecycling.com\/de\/2022\/08\/25\/zurueck-in-der-hansestadt-das-skoda-veloteam-bei-den-bemer-cyclassics-in-hamburg\/#breadcrumb\",\"itemListElement\":[{\"@type\":\"ListItem\",\"position\":1,\"name\":\"Home\",\"item\":\"https:\/\/www.welovecycling.com\/de\/\"},{\"@type\":\"ListItem\",\"position\":2,\"name\":\"Zur\u00fcck in der Hansestadt &#8211; Das \u0160koda Veloteam bei den BEMER Cyclassics in Hamburg\"}]},{\"@type\":\"WebSite\",\"@id\":\"https:\/\/www.welovecycling.com\/de\/#website\",\"url\":\"https:\/\/www.welovecycling.com\/de\/\",\"name\":\"\u0160koda We Love Cycling - Deutschland\",\"description\":\"Just another \u0160koda WeLoveCycling Sites site\",\"potentialAction\":[{\"@type\":\"SearchAction\",\"target\":{\"@type\":\"EntryPoint\",\"urlTemplate\":\"https:\/\/www.welovecycling.com\/de\/?s={search_term_string}\"},\"query-input\":{\"@type\":\"PropertyValueSpecification\",\"valueRequired\":true,\"valueName\":\"search_term_string\"}}],\"inLanguage\":\"de-DE\"},{\"@type\":\"Person\",\"@id\":\"https:\/\/www.welovecycling.com\/de\/#\/schema\/person\/915694b3c8d0de9019932587781ba6b3\",\"name\":\"jbraeker\",\"image\":{\"@type\":\"ImageObject\",\"inLanguage\":\"de-DE\",\"@id\":\"https:\/\/www.welovecycling.com\/de\/#\/schema\/person\/image\/\",\"url\":\"https:\/\/secure.gravatar.com\/avatar\/8b4aea90e4535aae30b5b720249e5b723ae59fcf3d54757dd8b748d97b46d3c9?s=96&d=mm&r=g\",\"contentUrl\":\"https:\/\/secure.gravatar.com\/avatar\/8b4aea90e4535aae30b5b720249e5b723ae59fcf3d54757dd8b748d97b46d3c9?s=96&d=mm&r=g\",\"caption\":\"jbraeker\"},\"url\":\"https:\/\/www.welovecycling.com\/de\/author\/jbraeker\/\"}]}<\/script>\n<!-- \/ Yoast SEO Premium plugin. -->","yoast_head_json":{"title":"Das \u0160koda Veloteam bei den BEMER Cyclassics - We love Cycling","description":"Zur\u00fcck in der Hansestadt - Das \u0160koda Veloteam bei dem Radsportklassiker in Hamburg. Hier geht es zum Bericht und Bildergalerie.","robots":{"index":"index","follow":"follow","max-snippet":"max-snippet:-1","max-image-preview":"max-image-preview:large","max-video-preview":"max-video-preview:-1"},"canonical":"https:\/\/www.welovecycling.com\/de\/2022\/08\/25\/zurueck-in-der-hansestadt-das-skoda-veloteam-bei-den-bemer-cyclassics-in-hamburg\/","og_locale":"de_DE","og_type":"article","og_title":"Zur\u00fcck in der Hansestadt - Das \u0160koda Veloteam bei den BEMER Cyclassics in Hamburg","og_description":"Zur\u00fcck in der Hansestadt - Das \u0160koda Veloteam bei dem Radsportklassiker in Hamburg. Hier geht es zum Bericht und Bildergalerie.","og_url":"https:\/\/www.welovecycling.com\/de\/2022\/08\/25\/zurueck-in-der-hansestadt-das-skoda-veloteam-bei-den-bemer-cyclassics-in-hamburg\/","og_site_name":"\u0160koda We Love Cycling - Deutschland","article_published_time":"2022-08-25T12:54:05+00:00","article_modified_time":"2022-09-14T12:16:09+00:00","og_image":[{"width":2560,"height":1707,"url":"https:\/\/d2p6e6u75xmxt8.cloudfront.net\/10\/2022\/08\/SAD222330715-8776-scaled.jpg","type":"image\/jpeg"}],"author":"jbraeker","twitter_card":"summary_large_image","twitter_misc":{"Written by":"jbraeker","Est. reading time":"1 minute"},"schema":{"@context":"https:\/\/schema.org","@graph":[{"@type":"WebPage","@id":"https:\/\/www.welovecycling.com\/de\/2022\/08\/25\/zurueck-in-der-hansestadt-das-skoda-veloteam-bei-den-bemer-cyclassics-in-hamburg\/","url":"https:\/\/www.welovecycling.com\/de\/2022\/08\/25\/zurueck-in-der-hansestadt-das-skoda-veloteam-bei-den-bemer-cyclassics-in-hamburg\/","name":"Das \u0160koda Veloteam bei den BEMER Cyclassics - We love Cycling","isPartOf":{"@id":"https:\/\/www.welovecycling.com\/de\/#website"},"primaryImageOfPage":{"@id":"https:\/\/www.welovecycling.com\/de\/2022\/08\/25\/zurueck-in-der-hansestadt-das-skoda-veloteam-bei-den-bemer-cyclassics-in-hamburg\/#primaryimage"},"image":{"@id":"https:\/\/www.welovecycling.com\/de\/2022\/08\/25\/zurueck-in-der-hansestadt-das-skoda-veloteam-bei-den-bemer-cyclassics-in-hamburg\/#primaryimage"},"thumbnailUrl":"https:\/\/d2p6e6u75xmxt8.cloudfront.net\/10\/2022\/08\/SAD222330715-8776-scaled.jpg","datePublished":"2022-08-25T12:54:05+00:00","dateModified":"2022-09-14T12:16:09+00:00","author":{"@id":"https:\/\/www.welovecycling.com\/de\/#\/schema\/person\/915694b3c8d0de9019932587781ba6b3"},"description":"Zur\u00fcck in der Hansestadt - Das \u0160koda Veloteam bei dem Radsportklassiker in Hamburg. Hier geht es zum Bericht und Bildergalerie.","breadcrumb":{"@id":"https:\/\/www.welovecycling.com\/de\/2022\/08\/25\/zurueck-in-der-hansestadt-das-skoda-veloteam-bei-den-bemer-cyclassics-in-hamburg\/#breadcrumb"},"inLanguage":"de-DE","potentialAction":[{"@type":"ReadAction","target":["https:\/\/www.welovecycling.com\/de\/2022\/08\/25\/zurueck-in-der-hansestadt-das-skoda-veloteam-bei-den-bemer-cyclassics-in-hamburg\/"]}]},{"@type":"ImageObject","inLanguage":"de-DE","@id":"https:\/\/www.welovecycling.com\/de\/2022\/08\/25\/zurueck-in-der-hansestadt-das-skoda-veloteam-bei-den-bemer-cyclassics-in-hamburg\/#primaryimage","url":"https:\/\/d2p6e6u75xmxt8.cloudfront.net\/10\/2022\/08\/SAD222330715-8776-scaled.jpg","contentUrl":"https:\/\/d2p6e6u75xmxt8.cloudfront.net\/10\/2022\/08\/SAD222330715-8776-scaled.jpg","width":2560,"height":1707},{"@type":"BreadcrumbList","@id":"https:\/\/www.welovecycling.com\/de\/2022\/08\/25\/zurueck-in-der-hansestadt-das-skoda-veloteam-bei-den-bemer-cyclassics-in-hamburg\/#breadcrumb","itemListElement":[{"@type":"ListItem","position":1,"name":"Home","item":"https:\/\/www.welovecycling.com\/de\/"},{"@type":"ListItem","position":2,"name":"Zur\u00fcck in der Hansestadt &#8211; Das \u0160koda Veloteam bei den BEMER Cyclassics in Hamburg"}]},{"@type":"WebSite","@id":"https:\/\/www.welovecycling.com\/de\/#website","url":"https:\/\/www.welovecycling.com\/de\/","name":"\u0160koda We Love Cycling - Deutschland","description":"Just another \u0160koda WeLoveCycling Sites site","potentialAction":[{"@type":"SearchAction","target":{"@type":"EntryPoint","urlTemplate":"https:\/\/www.welovecycling.com\/de\/?s={search_term_string}"},"query-input":{"@type":"PropertyValueSpecification","valueRequired":true,"valueName":"search_term_string"}}],"inLanguage":"de-DE"},{"@type":"Person","@id":"https:\/\/www.welovecycling.com\/de\/#\/schema\/person\/915694b3c8d0de9019932587781ba6b3","name":"jbraeker","image":{"@type":"ImageObject","inLanguage":"de-DE","@id":"https:\/\/www.welovecycling.com\/de\/#\/schema\/person\/image\/","url":"https:\/\/secure.gravatar.com\/avatar\/8b4aea90e4535aae30b5b720249e5b723ae59fcf3d54757dd8b748d97b46d3c9?s=96&d=mm&r=g","contentUrl":"https:\/\/secure.gravatar.com\/avatar\/8b4aea90e4535aae30b5b720249e5b723ae59fcf3d54757dd8b748d97b46d3c9?s=96&d=mm&r=g","caption":"jbraeker"},"url":"https:\/\/www.welovecycling.com\/de\/author\/jbraeker\/"}]}},"_links":{"self":[{"href":"https:\/\/www.welovecycling.com\/de\/wp-json\/wp\/v2\/posts\/10552","targetHints":{"allow":["GET"]}}],"collection":[{"href":"https:\/\/www.welovecycling.com\/de\/wp-json\/wp\/v2\/posts"}],"about":[{"href":"https:\/\/www.welovecycling.com\/de\/wp-json\/wp\/v2\/types\/post"}],"author":[{"embeddable":true,"href":"https:\/\/www.welovecycling.com\/de\/wp-json\/wp\/v2\/users\/115"}],"replies":[{"embeddable":true,"href":"https:\/\/www.welovecycling.com\/de\/wp-json\/wp\/v2\/comments?post=10552"}],"version-history":[{"count":2,"href":"https:\/\/www.welovecycling.com\/de\/wp-json\/wp\/v2\/posts\/10552\/revisions"}],"predecessor-version":[{"id":10570,"href":"https:\/\/www.welovecycling.com\/de\/wp-json\/wp\/v2\/posts\/10552\/revisions\/10570"}],"wp:featuredmedia":[{"embeddable":true,"href":"https:\/\/www.welovecycling.com\/de\/wp-json\/wp\/v2\/media\/10561"}],"wp:attachment":[{"href":"https:\/\/www.welovecycling.com\/de\/wp-json\/wp\/v2\/media?parent=10552"}],"wp:term":[{"taxonomy":"category","embeddable":true,"href":"https:\/\/www.welovecycling.com\/de\/wp-json\/wp\/v2\/categories?post=10552"},{"taxonomy":"post_tag","embeddable":true,"href":"https:\/\/www.welovecycling.com\/de\/wp-json\/wp\/v2\/tags?post=10552"},{"taxonomy":"global-categories","embeddable":true,"href":"https:\/\/www.welovecycling.com\/de\/wp-json\/wp\/v2\/global-categories?post=10552"}],"curies":[{"name":"wp","href":"https:\/\/api.w.org\/{rel}","templated":true}]}}