{"id":10545,"date":"2022-08-22T12:18:41","date_gmt":"2022-08-22T11:18:41","guid":{"rendered":"https:\/\/www.welovecycling.com\/de\/?p=10545"},"modified":"2022-08-22T12:18:41","modified_gmt":"2022-08-22T11:18:41","slug":"tour-der-hoffnung","status":"publish","type":"post","link":"https:\/\/www.welovecycling.com\/de\/2022\/08\/22\/tour-der-hoffnung\/","title":{"rendered":"\u0160koda AUTO Deutschland spendet 15.000 Euro an das Charity-Rad-Event Tour der Hoffnung"},"content":{"rendered":"<p><strong>\u0160koda AUTO Deutschland begr\u00fc\u00dfte am Freitag, 12. August das Peloton der Tour der Hoffnung am Unternehmenssitz in Weiterstadt. Die Gesch\u00e4ftsf\u00fchrer Libor My\u0161ka und Dr. Steffen Spies nutzten den Zwischenstopp, um einen Spendenscheck in H\u00f6he von 15.000 Euro an Petra Behle, Schirmherrin des Charity-Rad-Events, zu \u00fcbergeben. Dieses Geld kommt wie der gesamte Erl\u00f6s der Veranstaltung krebskranken Kinder sowie der Krebsforschung zugute.<\/strong><\/p>\n<p><!--more--><\/p>\n<div style=\"width: 848px;\" class=\"wp-video\"><!--[if lt IE 9]><script>document.createElement('video');<\/script><![endif]-->\n<video class=\"wp-video-shortcode\" id=\"video-10545-1\" width=\"848\" height=\"480\" preload=\"metadata\" controls=\"controls\"><source type=\"video\/mp4\" src=\"https:\/\/d2p6e6u75xmxt8.cloudfront.net\/10\/2022\/08\/Highlight_Clip_TourDerHoffnung_v9-1.mp4?_=1\" \/><a href=\"https:\/\/d2p6e6u75xmxt8.cloudfront.net\/10\/2022\/08\/Highlight_Clip_TourDerHoffnung_v9-1.mp4\">https:\/\/d2p6e6u75xmxt8.cloudfront.net\/10\/2022\/08\/Highlight_Clip_TourDerHoffnung_v9-1.mp4<\/a><\/video><\/div>\n<p>&nbsp;<\/p>\n<p>Rund 160 Fahrradbegeisterte, darunter auch namhafte Sportler, Politiker, Prominente und Hobby-Radfahrer, sind bis Samstag flei\u00dfig in die Pedale getreten. W\u00e4hrend der Etappenstopps sammelten die Organisatoren Spenden von Unternehmen und weiteren Unterst\u00fctzern, die krebskranken Kindern und der Forschung gegen den Krebs zugutekommen. Ex-Biathletin Petra Behle f\u00e4hrt als Schirmherrin der Tour der Hoffnung selbst mit. In diesem Jahr z\u00e4hlte auch Bahnrad-Olympiasiegerin und \u0160koda Markenbotschafterin Kristina Vogel auf einem Etappenabschnitt zum Teilnehmerfeld. Zu den stetigen Begleitern des Fahrerfelds geh\u00f6ren f\u00fcnf batterieelektrische ENYAQ COUP\u00c9 RS iV und ein \u0160koda KODIAQ als Organisationsfahrzeuge.<\/p>\n<p><strong>\u00a0<\/strong><\/p>\n<p><strong>42 Millionen Euro f\u00fcr den Kampf gegen Krebs<\/strong><\/p>\n<p>Die Tour der Hoffnung geht auf die Initiative des Mediziners Prof. Dr. med. Fritz Lampert zur\u00fcck. Er leitete 1983 die Kinderkrebsstation Peiper an der Uniklinik in Gie\u00dfen und schuf zusammen mit Presse- und Medienreferent Richard Brunnengr\u00e4ber die Idee f\u00fcr die urspr\u00fcnglich als Tour Peiper bekannte Benefizfahrt. Seit 1994 tr\u00e4gt sie den Namen Tour der Hoffnung. Seit ihrer Premiere 1983 kamen durch die Tour der Hoffnung mehr als 42 Millionen Euro zusammen. \u00dcber 12.635 Kilometer legten die ambitionierten Radfahrer insgesamt seitdem zur\u00fcck. S\u00e4mtliche Erl\u00f6se flie\u00dfen dank der ehrenamtlichen Arbeit des Organisationsteams und zahlreicher Unterst\u00fctzer zu 100 Prozent in die Bereiche Forschung, pflegerische und psychosoziale Betreuung, neue Behandlungskonzepte sowie klinische Versorgung.<\/p>\n<p>&nbsp;<\/p>\n<p><strong>Libor My\u0161ka, Gesch\u00e4ftsf\u00fchrer von \u0160koda AUTO Deutschland:<\/strong> \u201eAls passionierter Radfahrer begeistert mich die Tour der Hoffnung ganz besonders. Es ist beeindruckend, mit welchem Engagement diese Veranstaltung schon seit Jahrzehnten organisiert wird und wie viele prominente Unterst\u00fctzer sie hat. F\u00fcr uns als Marke \u0160koda ist dies eine perfekte Kombination: Unsere Wurzeln liegen im Fahrrad, wir sind heute dem Radsport sehr eng verbunden \u2013 und bei der Tour der Hoffnung sammeln Radsportler f\u00fcr einen guten Zweck. Daher sind wir von ganzem Herzen gerne dabei!\u201c<\/p>\n<p>&nbsp;<\/p>\n<p>&nbsp;<\/p>\n","protected":false},"excerpt":{"rendered":"<p>\u0160koda AUTO Deutschland begr\u00fc\u00dfte am Freitag, 12. August das Peloton der Tour der Hoffnung am Unternehmenssitz in Weiterstadt. Die Gesch\u00e4ftsf\u00fchrer [&hellip;]<\/p>\n","protected":false},"author":115,"featured_media":0,"comment_status":"open","ping_status":"open","sticky":false,"template":"","format":"standard","meta":{"footnotes":""},"categories":[1],"tags":[],"global-categories":[],"class_list":["post-10545","post","type-post","status-publish","format-standard","hentry","category-allgemein"],"yoast_head":"<!-- This site is optimized with the Yoast SEO Premium plugin v25.3 (Yoast SEO v25.9) - https:\/\/yoast.com\/wordpress\/plugins\/seo\/ -->\n<title>\u0160koda AUTO Deutschland spendet 15.000 Euro - We Love Cycling<\/title>\n<meta name=\"description\" content=\"\u0160koda AUTO Deutschland spendet 15.000 Euro an das Charity-Rad-Event Tour der Hoffnung. Die Spenden kommen der Krebsforschung zugute.\" \/>\n<meta name=\"robots\" content=\"index, follow, max-snippet:-1, max-image-preview:large, max-video-preview:-1\" \/>\n<link rel=\"canonical\" href=\"https:\/\/www.welovecycling.com\/de\/2022\/08\/22\/tour-der-hoffnung\/\" \/>\n<meta property=\"og:locale\" content=\"de_DE\" \/>\n<meta property=\"og:type\" content=\"article\" \/>\n<meta property=\"og:title\" content=\"\u0160koda AUTO Deutschland spendet 15.000 Euro an das Charity-Rad-Event Tour der Hoffnung\" \/>\n<meta property=\"og:description\" content=\"\u0160koda AUTO Deutschland spendet 15.000 Euro an das Charity-Rad-Event Tour der Hoffnung. Die Spenden kommen der Krebsforschung zugute.\" \/>\n<meta property=\"og:url\" content=\"https:\/\/www.welovecycling.com\/de\/2022\/08\/22\/tour-der-hoffnung\/\" \/>\n<meta property=\"og:site_name\" content=\"\u0160koda We Love Cycling - Deutschland\" \/>\n<meta property=\"article:published_time\" content=\"2022-08-22T11:18:41+00:00\" \/>\n<meta name=\"author\" content=\"jbraeker\" \/>\n<meta name=\"twitter:card\" content=\"summary_large_image\" \/>\n<meta name=\"twitter:label1\" content=\"Written by\" \/>\n\t<meta name=\"twitter:data1\" content=\"WeLoveCycling\" \/>\n\t<meta name=\"twitter:label2\" content=\"Est. reading time\" \/>\n\t<meta name=\"twitter:data2\" content=\"3\" \/>\n<script type=\"application\/ld+json\" class=\"yoast-schema-graph\">{\"@context\":\"https:\/\/schema.org\",\"@graph\":[{\"@type\":\"WebPage\",\"@id\":\"https:\/\/www.welovecycling.com\/de\/2022\/08\/22\/tour-der-hoffnung\/\",\"url\":\"https:\/\/www.welovecycling.com\/de\/2022\/08\/22\/tour-der-hoffnung\/\",\"name\":\"\u0160koda AUTO Deutschland spendet 15.000 Euro - We Love Cycling\",\"isPartOf\":{\"@id\":\"https:\/\/www.welovecycling.com\/de\/#website\"},\"datePublished\":\"2022-08-22T11:18:41+00:00\",\"author\":{\"@id\":\"https:\/\/www.welovecycling.com\/de\/#\/schema\/person\/915694b3c8d0de9019932587781ba6b3\"},\"description\":\"\u0160koda AUTO Deutschland spendet 15.000 Euro an das Charity-Rad-Event Tour der Hoffnung. Die Spenden kommen der Krebsforschung zugute.\",\"breadcrumb\":{\"@id\":\"https:\/\/www.welovecycling.com\/de\/2022\/08\/22\/tour-der-hoffnung\/#breadcrumb\"},\"inLanguage\":\"de-DE\",\"potentialAction\":[{\"@type\":\"ReadAction\",\"target\":[\"https:\/\/www.welovecycling.com\/de\/2022\/08\/22\/tour-der-hoffnung\/\"]}]},{\"@type\":\"BreadcrumbList\",\"@id\":\"https:\/\/www.welovecycling.com\/de\/2022\/08\/22\/tour-der-hoffnung\/#breadcrumb\",\"itemListElement\":[{\"@type\":\"ListItem\",\"position\":1,\"name\":\"Home\",\"item\":\"https:\/\/www.welovecycling.com\/de\/\"},{\"@type\":\"ListItem\",\"position\":2,\"name\":\"\u0160koda AUTO Deutschland spendet 15.000 Euro an das Charity-Rad-Event Tour der Hoffnung\"}]},{\"@type\":\"WebSite\",\"@id\":\"https:\/\/www.welovecycling.com\/de\/#website\",\"url\":\"https:\/\/www.welovecycling.com\/de\/\",\"name\":\"\u0160koda We Love Cycling - Deutschland\",\"description\":\"Just another \u0160koda WeLoveCycling Sites site\",\"potentialAction\":[{\"@type\":\"SearchAction\",\"target\":{\"@type\":\"EntryPoint\",\"urlTemplate\":\"https:\/\/www.welovecycling.com\/de\/?s={search_term_string}\"},\"query-input\":{\"@type\":\"PropertyValueSpecification\",\"valueRequired\":true,\"valueName\":\"search_term_string\"}}],\"inLanguage\":\"de-DE\"},{\"@type\":\"Person\",\"@id\":\"https:\/\/www.welovecycling.com\/de\/#\/schema\/person\/915694b3c8d0de9019932587781ba6b3\",\"name\":\"jbraeker\",\"image\":{\"@type\":\"ImageObject\",\"inLanguage\":\"de-DE\",\"@id\":\"https:\/\/www.welovecycling.com\/de\/#\/schema\/person\/image\/\",\"url\":\"https:\/\/secure.gravatar.com\/avatar\/8b4aea90e4535aae30b5b720249e5b723ae59fcf3d54757dd8b748d97b46d3c9?s=96&d=mm&r=g\",\"contentUrl\":\"https:\/\/secure.gravatar.com\/avatar\/8b4aea90e4535aae30b5b720249e5b723ae59fcf3d54757dd8b748d97b46d3c9?s=96&d=mm&r=g\",\"caption\":\"jbraeker\"},\"url\":\"https:\/\/www.welovecycling.com\/de\/author\/jbraeker\/\"}]}<\/script>\n<!-- \/ Yoast SEO Premium plugin. -->","yoast_head_json":{"title":"\u0160koda AUTO Deutschland spendet 15.000 Euro - We Love Cycling","description":"\u0160koda AUTO Deutschland spendet 15.000 Euro an das Charity-Rad-Event Tour der Hoffnung. Die Spenden kommen der Krebsforschung zugute.","robots":{"index":"index","follow":"follow","max-snippet":"max-snippet:-1","max-image-preview":"max-image-preview:large","max-video-preview":"max-video-preview:-1"},"canonical":"https:\/\/www.welovecycling.com\/de\/2022\/08\/22\/tour-der-hoffnung\/","og_locale":"de_DE","og_type":"article","og_title":"\u0160koda AUTO Deutschland spendet 15.000 Euro an das Charity-Rad-Event Tour der Hoffnung","og_description":"\u0160koda AUTO Deutschland spendet 15.000 Euro an das Charity-Rad-Event Tour der Hoffnung. Die Spenden kommen der Krebsforschung zugute.","og_url":"https:\/\/www.welovecycling.com\/de\/2022\/08\/22\/tour-der-hoffnung\/","og_site_name":"\u0160koda We Love Cycling - Deutschland","article_published_time":"2022-08-22T11:18:41+00:00","author":"jbraeker","twitter_card":"summary_large_image","twitter_misc":{"Written by":"WeLoveCycling","Est. reading time":"3"},"schema":{"@context":"https:\/\/schema.org","@graph":[{"@type":"WebPage","@id":"https:\/\/www.welovecycling.com\/de\/2022\/08\/22\/tour-der-hoffnung\/","url":"https:\/\/www.welovecycling.com\/de\/2022\/08\/22\/tour-der-hoffnung\/","name":"\u0160koda AUTO Deutschland spendet 15.000 Euro - We Love Cycling","isPartOf":{"@id":"https:\/\/www.welovecycling.com\/de\/#website"},"datePublished":"2022-08-22T11:18:41+00:00","author":{"@id":"https:\/\/www.welovecycling.com\/de\/#\/schema\/person\/915694b3c8d0de9019932587781ba6b3"},"description":"\u0160koda AUTO Deutschland spendet 15.000 Euro an das Charity-Rad-Event Tour der Hoffnung. Die Spenden kommen der Krebsforschung zugute.","breadcrumb":{"@id":"https:\/\/www.welovecycling.com\/de\/2022\/08\/22\/tour-der-hoffnung\/#breadcrumb"},"inLanguage":"de-DE","potentialAction":[{"@type":"ReadAction","target":["https:\/\/www.welovecycling.com\/de\/2022\/08\/22\/tour-der-hoffnung\/"]}]},{"@type":"BreadcrumbList","@id":"https:\/\/www.welovecycling.com\/de\/2022\/08\/22\/tour-der-hoffnung\/#breadcrumb","itemListElement":[{"@type":"ListItem","position":1,"name":"Home","item":"https:\/\/www.welovecycling.com\/de\/"},{"@type":"ListItem","position":2,"name":"\u0160koda AUTO Deutschland spendet 15.000 Euro an das Charity-Rad-Event Tour der Hoffnung"}]},{"@type":"WebSite","@id":"https:\/\/www.welovecycling.com\/de\/#website","url":"https:\/\/www.welovecycling.com\/de\/","name":"\u0160koda We Love Cycling - Deutschland","description":"Just another \u0160koda WeLoveCycling Sites site","potentialAction":[{"@type":"SearchAction","target":{"@type":"EntryPoint","urlTemplate":"https:\/\/www.welovecycling.com\/de\/?s={search_term_string}"},"query-input":{"@type":"PropertyValueSpecification","valueRequired":true,"valueName":"search_term_string"}}],"inLanguage":"de-DE"},{"@type":"Person","@id":"https:\/\/www.welovecycling.com\/de\/#\/schema\/person\/915694b3c8d0de9019932587781ba6b3","name":"jbraeker","image":{"@type":"ImageObject","inLanguage":"de-DE","@id":"https:\/\/www.welovecycling.com\/de\/#\/schema\/person\/image\/","url":"https:\/\/secure.gravatar.com\/avatar\/8b4aea90e4535aae30b5b720249e5b723ae59fcf3d54757dd8b748d97b46d3c9?s=96&d=mm&r=g","contentUrl":"https:\/\/secure.gravatar.com\/avatar\/8b4aea90e4535aae30b5b720249e5b723ae59fcf3d54757dd8b748d97b46d3c9?s=96&d=mm&r=g","caption":"jbraeker"},"url":"https:\/\/www.welovecycling.com\/de\/author\/jbraeker\/"}]}},"_links":{"self":[{"href":"https:\/\/www.welovecycling.com\/de\/wp-json\/wp\/v2\/posts\/10545","targetHints":{"allow":["GET"]}}],"collection":[{"href":"https:\/\/www.welovecycling.com\/de\/wp-json\/wp\/v2\/posts"}],"about":[{"href":"https:\/\/www.welovecycling.com\/de\/wp-json\/wp\/v2\/types\/post"}],"author":[{"embeddable":true,"href":"https:\/\/www.welovecycling.com\/de\/wp-json\/wp\/v2\/users\/115"}],"replies":[{"embeddable":true,"href":"https:\/\/www.welovecycling.com\/de\/wp-json\/wp\/v2\/comments?post=10545"}],"version-history":[{"count":2,"href":"https:\/\/www.welovecycling.com\/de\/wp-json\/wp\/v2\/posts\/10545\/revisions"}],"predecessor-version":[{"id":10551,"href":"https:\/\/www.welovecycling.com\/de\/wp-json\/wp\/v2\/posts\/10545\/revisions\/10551"}],"wp:attachment":[{"href":"https:\/\/www.welovecycling.com\/de\/wp-json\/wp\/v2\/media?parent=10545"}],"wp:term":[{"taxonomy":"category","embeddable":true,"href":"https:\/\/www.welovecycling.com\/de\/wp-json\/wp\/v2\/categories?post=10545"},{"taxonomy":"post_tag","embeddable":true,"href":"https:\/\/www.welovecycling.com\/de\/wp-json\/wp\/v2\/tags?post=10545"},{"taxonomy":"global-categories","embeddable":true,"href":"https:\/\/www.welovecycling.com\/de\/wp-json\/wp\/v2\/global-categories?post=10545"}],"curies":[{"name":"wp","href":"https:\/\/api.w.org\/{rel}","templated":true}]}}