{"id":10536,"date":"2022-08-15T14:44:44","date_gmt":"2022-08-15T13:44:44","guid":{"rendered":"https:\/\/www.welovecycling.com\/de\/?p=10536"},"modified":"2022-08-15T14:45:19","modified_gmt":"2022-08-15T13:45:19","slug":"fabio-jakobsen-gewinnt-das-strassenradrennen-bei-den-european-championships-im-super-happy","status":"publish","type":"post","link":"https:\/\/www.welovecycling.com\/de\/2022\/08\/15\/fabio-jakobsen-gewinnt-das-strassenradrennen-bei-den-european-championships-im-super-happy\/","title":{"rendered":"Fabio Jakobsen gewinnt das Stra\u00dfenradrennen bei den European Championships: \u201cI\u2019m super happy\u201d"},"content":{"rendered":"<p><strong>Es ist wieder Montag und somit Zeit f\u00fcr Neuigkeiten aus der Radsportwelt! Heute von European Championships aus M\u00fcnchen: Der Niederl\u00e4nder \u00fcberrundet alle und holt Gold!\u00a0<\/strong><\/p>\n<p><!--more--><\/p>\n<p>Fabio Jakobsen (Niederlande) ging als Favorit in das Rennen. Doch auch die Italiener, die die letzten vier Goldmedaillen in diesem Rennen gewonnen haben, sahen auf dem letzten Kilometer stark aus. Das Gleiche gilt f\u00fcr die Belgier. Am Ende konnte jedoch niemand das Tempo des Niederl\u00e4nder und insbesondere von Jakobsen \u00fcbertreffen. Der Quick-Step Alpha Vinyl-Fahrer verwies Arnaud Demare (Frankreich) auf den zweiten und Tim Merlier (Belgien) auf den dritten Platz.<\/p>\n<p>&#8222;Wir [niederl\u00e4ndische Fahrer] fahren nicht oft als Teamkollegen zusammen, aber wir hatten einen guten Plan und jeder hat seine Arbeit gemacht und sich sehr angestrengt, um mich in Position zu bringen&#8220;, sagte Jakobsen hinterher. &#8222;Ich bin super gl\u00fccklich, Europameister zu sein.&#8220;<\/p>\n<div class=\"embed-controller-wrapper\">\n<blockquote class=\"twitter-tweet\" data-width=\"500\" data-dnt=\"true\">\n<p lang=\"en\" dir=\"ltr\"><a href=\"https:\/\/twitter.com\/hashtag\/EuroRoad22?src=hash&amp;ref_src=twsrc%5Etfw\">#EuroRoad22<\/a><br \/>\ud83e\udd47 This is true love Fabio Jakobsen \ud83d\ude04<a href=\"https:\/\/twitter.com\/ECMunich2022?ref_src=twsrc%5Etfw\">@ECMunich2022<\/a> <a href=\"https:\/\/twitter.com\/hashtag\/munich2022?src=hash&amp;ref_src=twsrc%5Etfw\">#munich2022<\/a> <a href=\"https:\/\/twitter.com\/hashtag\/backtotheroofs?src=hash&amp;ref_src=twsrc%5Etfw\">#backtotheroofs<\/a> <a href=\"https:\/\/twitter.com\/hashtag\/munich?src=hash&amp;ref_src=twsrc%5Etfw\">#munich<\/a> <a href=\"https:\/\/twitter.com\/hashtag\/germany?src=hash&amp;ref_src=twsrc%5Etfw\">#germany<\/a> <a href=\"https:\/\/twitter.com\/hashtag\/roadcycling?src=hash&amp;ref_src=twsrc%5Etfw\">#roadcycling<\/a> <a href=\"https:\/\/twitter.com\/hashtag\/cycling?src=hash&amp;ref_src=twsrc%5Etfw\">#cycling<\/a> <a href=\"https:\/\/t.co\/CLdmoGTbae\">pic.twitter.com\/CLdmoGTbae<\/a><\/p>\n<p>&mdash; UEC_cycling (@UEC_cycling) <a href=\"https:\/\/twitter.com\/UEC_cycling\/status\/1558842150770675714?ref_src=twsrc%5Etfw\">August 14, 2022<\/a><\/p><\/blockquote>\n<p><script async data-src=\"https:\/\/platform.twitter.com\/widgets.js\" charset=\"utf-8\"><\/script><\/div>\n<p>&#8222;Der letzte Mann heute, Danny van Poppel, hat meiner Meinung nach einen unglaublichen Job gemacht und mich am Steuer von Tim Merlier auf Tempo gebracht. Ich habe schon vor dem Rennen geahnt, dass Tim mein gr\u00f6\u00dfter Konkurrent sein w\u00fcrde, wir sind beide Top-Sprinter. Ich habe mich in seinen Windschatten gestellt und dann konnte ich \u00fcberholen.&#8220;<\/p>\n<p>&#8222;Ich habe auf dem steilen Kilometer mit 10 % Steigung etwas gelitten, das ist nicht mein Terrain, aber wir haben es geschafft&#8220;, sagte Jakobsen. &#8222;Wir hatten ein wirklich starkes Team, um das Rennen zu kontrollieren. Aber als wir sahen, dass die Ausrei\u00dfer unter Kontrolle waren, entschieden wir uns zwei Runden vor Schluss, nach vorne zu fahren. Wir waren dann in Position, und das Team hat mich bis zur letzten Kurve,1 km vor dem Ziel, dort gehalten. Danny van Poppel hat, wie ich schon sagte, einen tollen Job gemacht. Ich denke, er hat heute gezeigt, dass er einer der besten F\u00fchrungsfahrer da drau\u00dfen ist.&#8220;<\/p>\n<p>The win completed a nearly perfect season for Jakobsen who also won two stages at the Tour. What a way to come back from that horrible crash at the Tour of Poland in 2020. Congratulations, Fabio!<\/p>\n<p><strong>European Championships Stra\u00dfenrad; Murnau \u2013 M\u00fcnchen (207.9km)<\/strong><\/p>\n<ol>\n<li>Fabio Jakobsen (Netherlands) &#8211; 04:38:49<\/li>\n<li>Arnaud D\u00e9mare (France)<\/li>\n<li>Tim Merlier (Belgium)<\/li>\n<li>Danny van Poppel (Netherlands)<\/li>\n<li>Sam Bennett (Ireland )<\/li>\n<li>Luka Mezgec (Slovenia)<\/li>\n<li>Elia Viviani (Italy)<\/li>\n<li>Alexander Kristoff (Norway)<\/li>\n<li>Jon Aberasturi (Spain)<\/li>\n<li>Mads Pedersen (Denmark)<\/li>\n<\/ol>\n","protected":false},"excerpt":{"rendered":"<p>Es ist wieder Montag und somit Zeit f\u00fcr Neuigkeiten aus der Radsportwelt! Heute von European Championships aus M\u00fcnchen: Der Niederl\u00e4nder [&hellip;]<\/p>\n","protected":false},"author":115,"featured_media":10538,"comment_status":"open","ping_status":"open","sticky":false,"template":"","format":"standard","meta":{"footnotes":""},"categories":[1],"tags":[100,101],"global-categories":[],"class_list":["post-10536","post","type-post","status-publish","format-standard","has-post-thumbnail","hentry","category-allgemein","tag-european-championships","tag-strassenradsport"],"yoast_head":"<!-- This site is optimized with the Yoast SEO Premium plugin v25.3 (Yoast SEO v25.9) - https:\/\/yoast.com\/wordpress\/plugins\/seo\/ -->\n<title>Fabio Jakobsen Wins the European Championship Road Race<\/title>\n<meta name=\"description\" content=\"Es ist wieder Montag und somit Zeit f\u00fcr Neuigkeiten aus der Radsportwelt! Heute von den European Championships aus M\u00fcnchen.\" \/>\n<meta name=\"robots\" content=\"index, follow, max-snippet:-1, max-image-preview:large, max-video-preview:-1\" \/>\n<link rel=\"canonical\" href=\"https:\/\/www.welovecycling.com\/de\/2022\/08\/15\/fabio-jakobsen-gewinnt-das-strassenradrennen-bei-den-european-championships-im-super-happy\/\" \/>\n<meta property=\"og:locale\" content=\"de_DE\" \/>\n<meta property=\"og:type\" content=\"article\" \/>\n<meta property=\"og:title\" content=\"Fabio Jakobsen gewinnt das Stra\u00dfenradrennen bei den European Championships: \u201cI\u2019m super happy\u201d\" \/>\n<meta property=\"og:description\" content=\"Es ist wieder Montag und somit Zeit f\u00fcr Neuigkeiten aus der Radsportwelt! Heute von den European Championships aus M\u00fcnchen.\" \/>\n<meta property=\"og:url\" content=\"https:\/\/www.welovecycling.com\/de\/2022\/08\/15\/fabio-jakobsen-gewinnt-das-strassenradrennen-bei-den-european-championships-im-super-happy\/\" \/>\n<meta property=\"og:site_name\" content=\"\u0160koda We Love Cycling - Deutschland\" \/>\n<meta property=\"article:published_time\" content=\"2022-08-15T13:44:44+00:00\" \/>\n<meta property=\"article:modified_time\" content=\"2022-08-15T13:45:19+00:00\" \/>\n<meta property=\"og:image\" content=\"https:\/\/d2p6e6u75xmxt8.cloudfront.net\/10\/2022\/08\/Fabio-Jakobsen-profimedia-0713969097-CVR.jpg\" \/>\n\t<meta property=\"og:image:width\" content=\"990\" \/>\n\t<meta property=\"og:image:height\" content=\"660\" \/>\n\t<meta property=\"og:image:type\" content=\"image\/jpeg\" \/>\n<meta name=\"author\" content=\"jbraeker\" \/>\n<meta name=\"twitter:card\" content=\"summary_large_image\" \/>\n<meta name=\"twitter:label1\" content=\"Written by\" \/>\n\t<meta name=\"twitter:data1\" content=\"WeLoveCycling\" \/>\n\t<meta name=\"twitter:label2\" content=\"Est. reading time\" \/>\n\t<meta name=\"twitter:data2\" content=\"4\" \/>\n<script type=\"application\/ld+json\" class=\"yoast-schema-graph\">{\"@context\":\"https:\/\/schema.org\",\"@graph\":[{\"@type\":\"WebPage\",\"@id\":\"https:\/\/www.welovecycling.com\/de\/2022\/08\/15\/fabio-jakobsen-gewinnt-das-strassenradrennen-bei-den-european-championships-im-super-happy\/\",\"url\":\"https:\/\/www.welovecycling.com\/de\/2022\/08\/15\/fabio-jakobsen-gewinnt-das-strassenradrennen-bei-den-european-championships-im-super-happy\/\",\"name\":\"Fabio Jakobsen Wins the European Championship Road Race\",\"isPartOf\":{\"@id\":\"https:\/\/www.welovecycling.com\/de\/#website\"},\"primaryImageOfPage\":{\"@id\":\"https:\/\/www.welovecycling.com\/de\/2022\/08\/15\/fabio-jakobsen-gewinnt-das-strassenradrennen-bei-den-european-championships-im-super-happy\/#primaryimage\"},\"image\":{\"@id\":\"https:\/\/www.welovecycling.com\/de\/2022\/08\/15\/fabio-jakobsen-gewinnt-das-strassenradrennen-bei-den-european-championships-im-super-happy\/#primaryimage\"},\"thumbnailUrl\":\"https:\/\/d2p6e6u75xmxt8.cloudfront.net\/10\/2022\/08\/Fabio-Jakobsen-profimedia-0713969097-CVR.jpg\",\"datePublished\":\"2022-08-15T13:44:44+00:00\",\"dateModified\":\"2022-08-15T13:45:19+00:00\",\"author\":{\"@id\":\"https:\/\/www.welovecycling.com\/de\/#\/schema\/person\/915694b3c8d0de9019932587781ba6b3\"},\"description\":\"Es ist wieder Montag und somit Zeit f\u00fcr Neuigkeiten aus der Radsportwelt! Heute von den European Championships aus M\u00fcnchen.\",\"breadcrumb\":{\"@id\":\"https:\/\/www.welovecycling.com\/de\/2022\/08\/15\/fabio-jakobsen-gewinnt-das-strassenradrennen-bei-den-european-championships-im-super-happy\/#breadcrumb\"},\"inLanguage\":\"de-DE\",\"potentialAction\":[{\"@type\":\"ReadAction\",\"target\":[\"https:\/\/www.welovecycling.com\/de\/2022\/08\/15\/fabio-jakobsen-gewinnt-das-strassenradrennen-bei-den-european-championships-im-super-happy\/\"]}]},{\"@type\":\"ImageObject\",\"inLanguage\":\"de-DE\",\"@id\":\"https:\/\/www.welovecycling.com\/de\/2022\/08\/15\/fabio-jakobsen-gewinnt-das-strassenradrennen-bei-den-european-championships-im-super-happy\/#primaryimage\",\"url\":\"https:\/\/d2p6e6u75xmxt8.cloudfront.net\/10\/2022\/08\/Fabio-Jakobsen-profimedia-0713969097-CVR.jpg\",\"contentUrl\":\"https:\/\/d2p6e6u75xmxt8.cloudfront.net\/10\/2022\/08\/Fabio-Jakobsen-profimedia-0713969097-CVR.jpg\",\"width\":990,\"height\":660,\"caption\":\"Fabio Jakobsen\"},{\"@type\":\"BreadcrumbList\",\"@id\":\"https:\/\/www.welovecycling.com\/de\/2022\/08\/15\/fabio-jakobsen-gewinnt-das-strassenradrennen-bei-den-european-championships-im-super-happy\/#breadcrumb\",\"itemListElement\":[{\"@type\":\"ListItem\",\"position\":1,\"name\":\"Home\",\"item\":\"https:\/\/www.welovecycling.com\/de\/\"},{\"@type\":\"ListItem\",\"position\":2,\"name\":\"Fabio Jakobsen gewinnt das Stra\u00dfenradrennen bei den European Championships: \u201cI\u2019m super happy\u201d\"}]},{\"@type\":\"WebSite\",\"@id\":\"https:\/\/www.welovecycling.com\/de\/#website\",\"url\":\"https:\/\/www.welovecycling.com\/de\/\",\"name\":\"\u0160koda We Love Cycling - Deutschland\",\"description\":\"Just another \u0160koda WeLoveCycling Sites site\",\"potentialAction\":[{\"@type\":\"SearchAction\",\"target\":{\"@type\":\"EntryPoint\",\"urlTemplate\":\"https:\/\/www.welovecycling.com\/de\/?s={search_term_string}\"},\"query-input\":{\"@type\":\"PropertyValueSpecification\",\"valueRequired\":true,\"valueName\":\"search_term_string\"}}],\"inLanguage\":\"de-DE\"},{\"@type\":\"Person\",\"@id\":\"https:\/\/www.welovecycling.com\/de\/#\/schema\/person\/915694b3c8d0de9019932587781ba6b3\",\"name\":\"jbraeker\",\"image\":{\"@type\":\"ImageObject\",\"inLanguage\":\"de-DE\",\"@id\":\"https:\/\/www.welovecycling.com\/de\/#\/schema\/person\/image\/\",\"url\":\"https:\/\/secure.gravatar.com\/avatar\/8b4aea90e4535aae30b5b720249e5b723ae59fcf3d54757dd8b748d97b46d3c9?s=96&d=mm&r=g\",\"contentUrl\":\"https:\/\/secure.gravatar.com\/avatar\/8b4aea90e4535aae30b5b720249e5b723ae59fcf3d54757dd8b748d97b46d3c9?s=96&d=mm&r=g\",\"caption\":\"jbraeker\"},\"url\":\"https:\/\/www.welovecycling.com\/de\/author\/jbraeker\/\"}]}<\/script>\n<!-- \/ Yoast SEO Premium plugin. -->","yoast_head_json":{"title":"Fabio Jakobsen Wins the European Championship Road Race","description":"Es ist wieder Montag und somit Zeit f\u00fcr Neuigkeiten aus der Radsportwelt! Heute von den European Championships aus M\u00fcnchen.","robots":{"index":"index","follow":"follow","max-snippet":"max-snippet:-1","max-image-preview":"max-image-preview:large","max-video-preview":"max-video-preview:-1"},"canonical":"https:\/\/www.welovecycling.com\/de\/2022\/08\/15\/fabio-jakobsen-gewinnt-das-strassenradrennen-bei-den-european-championships-im-super-happy\/","og_locale":"de_DE","og_type":"article","og_title":"Fabio Jakobsen gewinnt das Stra\u00dfenradrennen bei den European Championships: \u201cI\u2019m super happy\u201d","og_description":"Es ist wieder Montag und somit Zeit f\u00fcr Neuigkeiten aus der Radsportwelt! Heute von den European Championships aus M\u00fcnchen.","og_url":"https:\/\/www.welovecycling.com\/de\/2022\/08\/15\/fabio-jakobsen-gewinnt-das-strassenradrennen-bei-den-european-championships-im-super-happy\/","og_site_name":"\u0160koda We Love Cycling - Deutschland","article_published_time":"2022-08-15T13:44:44+00:00","article_modified_time":"2022-08-15T13:45:19+00:00","og_image":[{"width":990,"height":660,"url":"https:\/\/d2p6e6u75xmxt8.cloudfront.net\/10\/2022\/08\/Fabio-Jakobsen-profimedia-0713969097-CVR.jpg","type":"image\/jpeg"}],"author":"jbraeker","twitter_card":"summary_large_image","twitter_misc":{"Written by":"WeLoveCycling","Est. reading time":"4"},"schema":{"@context":"https:\/\/schema.org","@graph":[{"@type":"WebPage","@id":"https:\/\/www.welovecycling.com\/de\/2022\/08\/15\/fabio-jakobsen-gewinnt-das-strassenradrennen-bei-den-european-championships-im-super-happy\/","url":"https:\/\/www.welovecycling.com\/de\/2022\/08\/15\/fabio-jakobsen-gewinnt-das-strassenradrennen-bei-den-european-championships-im-super-happy\/","name":"Fabio Jakobsen Wins the European Championship Road Race","isPartOf":{"@id":"https:\/\/www.welovecycling.com\/de\/#website"},"primaryImageOfPage":{"@id":"https:\/\/www.welovecycling.com\/de\/2022\/08\/15\/fabio-jakobsen-gewinnt-das-strassenradrennen-bei-den-european-championships-im-super-happy\/#primaryimage"},"image":{"@id":"https:\/\/www.welovecycling.com\/de\/2022\/08\/15\/fabio-jakobsen-gewinnt-das-strassenradrennen-bei-den-european-championships-im-super-happy\/#primaryimage"},"thumbnailUrl":"https:\/\/d2p6e6u75xmxt8.cloudfront.net\/10\/2022\/08\/Fabio-Jakobsen-profimedia-0713969097-CVR.jpg","datePublished":"2022-08-15T13:44:44+00:00","dateModified":"2022-08-15T13:45:19+00:00","author":{"@id":"https:\/\/www.welovecycling.com\/de\/#\/schema\/person\/915694b3c8d0de9019932587781ba6b3"},"description":"Es ist wieder Montag und somit Zeit f\u00fcr Neuigkeiten aus der Radsportwelt! Heute von den European Championships aus M\u00fcnchen.","breadcrumb":{"@id":"https:\/\/www.welovecycling.com\/de\/2022\/08\/15\/fabio-jakobsen-gewinnt-das-strassenradrennen-bei-den-european-championships-im-super-happy\/#breadcrumb"},"inLanguage":"de-DE","potentialAction":[{"@type":"ReadAction","target":["https:\/\/www.welovecycling.com\/de\/2022\/08\/15\/fabio-jakobsen-gewinnt-das-strassenradrennen-bei-den-european-championships-im-super-happy\/"]}]},{"@type":"ImageObject","inLanguage":"de-DE","@id":"https:\/\/www.welovecycling.com\/de\/2022\/08\/15\/fabio-jakobsen-gewinnt-das-strassenradrennen-bei-den-european-championships-im-super-happy\/#primaryimage","url":"https:\/\/d2p6e6u75xmxt8.cloudfront.net\/10\/2022\/08\/Fabio-Jakobsen-profimedia-0713969097-CVR.jpg","contentUrl":"https:\/\/d2p6e6u75xmxt8.cloudfront.net\/10\/2022\/08\/Fabio-Jakobsen-profimedia-0713969097-CVR.jpg","width":990,"height":660,"caption":"Fabio Jakobsen"},{"@type":"BreadcrumbList","@id":"https:\/\/www.welovecycling.com\/de\/2022\/08\/15\/fabio-jakobsen-gewinnt-das-strassenradrennen-bei-den-european-championships-im-super-happy\/#breadcrumb","itemListElement":[{"@type":"ListItem","position":1,"name":"Home","item":"https:\/\/www.welovecycling.com\/de\/"},{"@type":"ListItem","position":2,"name":"Fabio Jakobsen gewinnt das Stra\u00dfenradrennen bei den European Championships: \u201cI\u2019m super happy\u201d"}]},{"@type":"WebSite","@id":"https:\/\/www.welovecycling.com\/de\/#website","url":"https:\/\/www.welovecycling.com\/de\/","name":"\u0160koda We Love Cycling - Deutschland","description":"Just another \u0160koda WeLoveCycling Sites site","potentialAction":[{"@type":"SearchAction","target":{"@type":"EntryPoint","urlTemplate":"https:\/\/www.welovecycling.com\/de\/?s={search_term_string}"},"query-input":{"@type":"PropertyValueSpecification","valueRequired":true,"valueName":"search_term_string"}}],"inLanguage":"de-DE"},{"@type":"Person","@id":"https:\/\/www.welovecycling.com\/de\/#\/schema\/person\/915694b3c8d0de9019932587781ba6b3","name":"jbraeker","image":{"@type":"ImageObject","inLanguage":"de-DE","@id":"https:\/\/www.welovecycling.com\/de\/#\/schema\/person\/image\/","url":"https:\/\/secure.gravatar.com\/avatar\/8b4aea90e4535aae30b5b720249e5b723ae59fcf3d54757dd8b748d97b46d3c9?s=96&d=mm&r=g","contentUrl":"https:\/\/secure.gravatar.com\/avatar\/8b4aea90e4535aae30b5b720249e5b723ae59fcf3d54757dd8b748d97b46d3c9?s=96&d=mm&r=g","caption":"jbraeker"},"url":"https:\/\/www.welovecycling.com\/de\/author\/jbraeker\/"}]}},"_links":{"self":[{"href":"https:\/\/www.welovecycling.com\/de\/wp-json\/wp\/v2\/posts\/10536","targetHints":{"allow":["GET"]}}],"collection":[{"href":"https:\/\/www.welovecycling.com\/de\/wp-json\/wp\/v2\/posts"}],"about":[{"href":"https:\/\/www.welovecycling.com\/de\/wp-json\/wp\/v2\/types\/post"}],"author":[{"embeddable":true,"href":"https:\/\/www.welovecycling.com\/de\/wp-json\/wp\/v2\/users\/115"}],"replies":[{"embeddable":true,"href":"https:\/\/www.welovecycling.com\/de\/wp-json\/wp\/v2\/comments?post=10536"}],"version-history":[{"count":2,"href":"https:\/\/www.welovecycling.com\/de\/wp-json\/wp\/v2\/posts\/10536\/revisions"}],"predecessor-version":[{"id":10541,"href":"https:\/\/www.welovecycling.com\/de\/wp-json\/wp\/v2\/posts\/10536\/revisions\/10541"}],"wp:featuredmedia":[{"embeddable":true,"href":"https:\/\/www.welovecycling.com\/de\/wp-json\/wp\/v2\/media\/10538"}],"wp:attachment":[{"href":"https:\/\/www.welovecycling.com\/de\/wp-json\/wp\/v2\/media?parent=10536"}],"wp:term":[{"taxonomy":"category","embeddable":true,"href":"https:\/\/www.welovecycling.com\/de\/wp-json\/wp\/v2\/categories?post=10536"},{"taxonomy":"post_tag","embeddable":true,"href":"https:\/\/www.welovecycling.com\/de\/wp-json\/wp\/v2\/tags?post=10536"},{"taxonomy":"global-categories","embeddable":true,"href":"https:\/\/www.welovecycling.com\/de\/wp-json\/wp\/v2\/global-categories?post=10536"}],"curies":[{"name":"wp","href":"https:\/\/api.w.org\/{rel}","templated":true}]}}