{"id":10476,"date":"2022-07-26T09:34:41","date_gmt":"2022-07-26T08:34:41","guid":{"rendered":"https:\/\/www.welovecycling.com\/de\/?p=10476"},"modified":"2022-07-26T09:34:41","modified_gmt":"2022-07-26T08:34:41","slug":"skoda-und-die-tour-de-france-femmes-2","status":"publish","type":"post","link":"https:\/\/www.welovecycling.com\/de\/2022\/07\/26\/skoda-und-die-tour-de-france-femmes-2\/","title":{"rendered":"\u0160koda und die Tour de France Femmes"},"content":{"rendered":"<p><strong>\u0160koda, seit 1895 begeisterter Unterst\u00fctzer des Radsports und seit 2004 Sponsor der Tour, ist stolz in diesem Jahr 2022 auch die Tour Femmes unter seine Fittiche zu nehmen.<\/strong><\/p>\n<p><strong>Auf eine Tour und ein Wort mit Lin Teutenberg.<\/strong><\/p>\n<p><!--more--><\/p>\n<div style=\"width: 848px;\" class=\"wp-video\"><!--[if lt IE 9]><script>document.createElement('video');<\/script><![endif]-->\n<video class=\"wp-video-shortcode\" id=\"video-10476-1\" width=\"848\" height=\"480\" preload=\"metadata\" controls=\"controls\"><source type=\"video\/mp4\" src=\"https:\/\/d2p6e6u75xmxt8.cloudfront.net\/10\/2022\/07\/Skoda_Interview_LIN_MASTER_UT_med.mp4?_=1\" \/><a href=\"https:\/\/d2p6e6u75xmxt8.cloudfront.net\/10\/2022\/07\/Skoda_Interview_LIN_MASTER_UT_med.mp4\">https:\/\/d2p6e6u75xmxt8.cloudfront.net\/10\/2022\/07\/Skoda_Interview_LIN_MASTER_UT_med.mp4<\/a><\/video><\/div>\n<p>&nbsp;<\/p>\n<p>Vom ersten Fahrrad bis zur Tour de France Femmes avec Zwift. Seit Sonntag findet die gro\u00dfe Rundfahrt f\u00fcr Frauen erstmal wieder statt. \u00dcber acht Etappen und \u00fcber 1000 Kilometern geht es vorbei an Weinbergen und Schotterpisten. Das diesj\u00e4hrige Highlight im Wettkampfkalender der weiblichen Radsport-Elite.<\/p>\n<p>Lin Teutenberg spricht \u00fcber die Anf\u00e4nge, \u00fcber Leidenschaft, Familie, das Team, Freundschaft, \u00fcber ihre Entwicklung und die Entwicklung des Frauenradsports. Und wir haben was gemeinsam: \u201eWe Love Cycling\u201c<\/p>\n<p><a href=\"https:\/\/d2p6e6u75xmxt8.cloudfront.net\/10\/2022\/07\/TDF-TDFFAZ-ANCIEN-Zwift_logo_cobranding_HOR_15_CMYK_-1.png\"><img loading=\"lazy\" decoding=\"async\" class=\"alignnone wp-image-10463 \" src=\"https:\/\/d2p6e6u75xmxt8.cloudfront.net\/10\/2022\/07\/TDF-TDFFAZ-ANCIEN-Zwift_logo_cobranding_HOR_15_CMYK_-1-1920x776.png\" alt=\"\" width=\"435\" height=\"176\" srcset=\"https:\/\/d2p6e6u75xmxt8.cloudfront.net\/10\/2022\/07\/TDF-TDFFAZ-ANCIEN-Zwift_logo_cobranding_HOR_15_CMYK_-1-1920x776.png 1920w, https:\/\/d2p6e6u75xmxt8.cloudfront.net\/10\/2022\/07\/TDF-TDFFAZ-ANCIEN-Zwift_logo_cobranding_HOR_15_CMYK_-1-300x121.png 300w, https:\/\/d2p6e6u75xmxt8.cloudfront.net\/10\/2022\/07\/TDF-TDFFAZ-ANCIEN-Zwift_logo_cobranding_HOR_15_CMYK_-1-1024x414.png 1024w, https:\/\/d2p6e6u75xmxt8.cloudfront.net\/10\/2022\/07\/TDF-TDFFAZ-ANCIEN-Zwift_logo_cobranding_HOR_15_CMYK_-1-768x310.png 768w, https:\/\/d2p6e6u75xmxt8.cloudfront.net\/10\/2022\/07\/TDF-TDFFAZ-ANCIEN-Zwift_logo_cobranding_HOR_15_CMYK_-1-1536x621.png 1536w, https:\/\/d2p6e6u75xmxt8.cloudfront.net\/10\/2022\/07\/TDF-TDFFAZ-ANCIEN-Zwift_logo_cobranding_HOR_15_CMYK_-1-2048x828.png 2048w, https:\/\/d2p6e6u75xmxt8.cloudfront.net\/10\/2022\/07\/TDF-TDFFAZ-ANCIEN-Zwift_logo_cobranding_HOR_15_CMYK_-1-1920x776.png 1920w\" sizes=\"auto, (max-width: 435px) 100vw, 435px\" \/><\/a><\/p>\n<p>&nbsp;<\/p>\n","protected":false},"excerpt":{"rendered":"<p>\u0160koda, seit 1895 begeisterter Unterst\u00fctzer des Radsports und seit 2004 Sponsor der Tour, ist stolz in diesem Jahr 2022 auch [&hellip;]<\/p>\n","protected":false},"author":115,"featured_media":10478,"comment_status":"open","ping_status":"open","sticky":false,"template":"","format":"standard","meta":{"footnotes":""},"categories":[1,66],"tags":[95,99,64],"global-categories":[],"class_list":["post-10476","post","type-post","status-publish","format-standard","has-post-thumbnail","hentry","category-allgemein","category-tour-de-france","tag-femmes","tag-frauen","tag-tour-de-france"],"yoast_head":"<!-- This site is optimized with the Yoast SEO Premium plugin v25.3 (Yoast SEO v25.9) - https:\/\/yoast.com\/wordpress\/plugins\/seo\/ -->\n<title>\u0160koda und die Tour de France Femmes<\/title>\n<meta name=\"description\" content=\"\u0160koda, seit 1895 begeisterter Unterst\u00fctzer des Radsports ist stolz in diesem Jahr 2022 auch die Tour Femmes unter seine Fittiche zu nehmen.\" \/>\n<meta name=\"robots\" content=\"index, follow, max-snippet:-1, max-image-preview:large, max-video-preview:-1\" \/>\n<link rel=\"canonical\" href=\"https:\/\/www.welovecycling.com\/de\/2022\/07\/26\/skoda-und-die-tour-de-france-femmes-2\/\" \/>\n<meta property=\"og:locale\" content=\"de_DE\" \/>\n<meta property=\"og:type\" content=\"article\" \/>\n<meta property=\"og:title\" content=\"\u0160koda und die Tour de France Femmes\" \/>\n<meta property=\"og:description\" content=\"\u0160koda, seit 1895 begeisterter Unterst\u00fctzer des Radsports ist stolz in diesem Jahr 2022 auch die Tour Femmes unter seine Fittiche zu nehmen.\" \/>\n<meta property=\"og:url\" content=\"https:\/\/www.welovecycling.com\/de\/2022\/07\/26\/skoda-und-die-tour-de-france-femmes-2\/\" \/>\n<meta property=\"og:site_name\" content=\"\u0160koda We Love Cycling - Deutschland\" \/>\n<meta property=\"article:published_time\" content=\"2022-07-26T08:34:41+00:00\" \/>\n<meta property=\"og:image\" content=\"https:\/\/d2p6e6u75xmxt8.cloudfront.net\/10\/2022\/07\/Lea-Lin-Teutenberg_2-0.png\" \/>\n\t<meta property=\"og:image:width\" content=\"2864\" \/>\n\t<meta property=\"og:image:height\" content=\"1608\" \/>\n\t<meta property=\"og:image:type\" content=\"image\/png\" \/>\n<meta name=\"author\" content=\"jbraeker\" \/>\n<meta name=\"twitter:card\" content=\"summary_large_image\" \/>\n<meta name=\"twitter:label1\" content=\"Written by\" \/>\n\t<meta name=\"twitter:data1\" content=\"WeLoveCycling\" \/>\n\t<meta name=\"twitter:label2\" content=\"Est. reading time\" \/>\n\t<meta name=\"twitter:data2\" content=\"3\" \/>\n<script type=\"application\/ld+json\" class=\"yoast-schema-graph\">{\"@context\":\"https:\/\/schema.org\",\"@graph\":[{\"@type\":\"WebPage\",\"@id\":\"https:\/\/www.welovecycling.com\/de\/2022\/07\/26\/skoda-und-die-tour-de-france-femmes-2\/\",\"url\":\"https:\/\/www.welovecycling.com\/de\/2022\/07\/26\/skoda-und-die-tour-de-france-femmes-2\/\",\"name\":\"\u0160koda und die Tour de France Femmes\",\"isPartOf\":{\"@id\":\"https:\/\/www.welovecycling.com\/de\/#website\"},\"primaryImageOfPage\":{\"@id\":\"https:\/\/www.welovecycling.com\/de\/2022\/07\/26\/skoda-und-die-tour-de-france-femmes-2\/#primaryimage\"},\"image\":{\"@id\":\"https:\/\/www.welovecycling.com\/de\/2022\/07\/26\/skoda-und-die-tour-de-france-femmes-2\/#primaryimage\"},\"thumbnailUrl\":\"https:\/\/d2p6e6u75xmxt8.cloudfront.net\/10\/2022\/07\/Lea-Lin-Teutenberg_2-0.png\",\"datePublished\":\"2022-07-26T08:34:41+00:00\",\"author\":{\"@id\":\"https:\/\/www.welovecycling.com\/de\/#\/schema\/person\/915694b3c8d0de9019932587781ba6b3\"},\"description\":\"\u0160koda, seit 1895 begeisterter Unterst\u00fctzer des Radsports ist stolz in diesem Jahr 2022 auch die Tour Femmes unter seine Fittiche zu nehmen.\",\"breadcrumb\":{\"@id\":\"https:\/\/www.welovecycling.com\/de\/2022\/07\/26\/skoda-und-die-tour-de-france-femmes-2\/#breadcrumb\"},\"inLanguage\":\"de-DE\",\"potentialAction\":[{\"@type\":\"ReadAction\",\"target\":[\"https:\/\/www.welovecycling.com\/de\/2022\/07\/26\/skoda-und-die-tour-de-france-femmes-2\/\"]}]},{\"@type\":\"ImageObject\",\"inLanguage\":\"de-DE\",\"@id\":\"https:\/\/www.welovecycling.com\/de\/2022\/07\/26\/skoda-und-die-tour-de-france-femmes-2\/#primaryimage\",\"url\":\"https:\/\/d2p6e6u75xmxt8.cloudfront.net\/10\/2022\/07\/Lea-Lin-Teutenberg_2-0.png\",\"contentUrl\":\"https:\/\/d2p6e6u75xmxt8.cloudfront.net\/10\/2022\/07\/Lea-Lin-Teutenberg_2-0.png\",\"width\":2864,\"height\":1608},{\"@type\":\"BreadcrumbList\",\"@id\":\"https:\/\/www.welovecycling.com\/de\/2022\/07\/26\/skoda-und-die-tour-de-france-femmes-2\/#breadcrumb\",\"itemListElement\":[{\"@type\":\"ListItem\",\"position\":1,\"name\":\"Home\",\"item\":\"https:\/\/www.welovecycling.com\/de\/\"},{\"@type\":\"ListItem\",\"position\":2,\"name\":\"\u0160koda und die Tour de France Femmes\"}]},{\"@type\":\"WebSite\",\"@id\":\"https:\/\/www.welovecycling.com\/de\/#website\",\"url\":\"https:\/\/www.welovecycling.com\/de\/\",\"name\":\"\u0160koda We Love Cycling - Deutschland\",\"description\":\"Just another \u0160koda WeLoveCycling Sites site\",\"potentialAction\":[{\"@type\":\"SearchAction\",\"target\":{\"@type\":\"EntryPoint\",\"urlTemplate\":\"https:\/\/www.welovecycling.com\/de\/?s={search_term_string}\"},\"query-input\":{\"@type\":\"PropertyValueSpecification\",\"valueRequired\":true,\"valueName\":\"search_term_string\"}}],\"inLanguage\":\"de-DE\"},{\"@type\":\"Person\",\"@id\":\"https:\/\/www.welovecycling.com\/de\/#\/schema\/person\/915694b3c8d0de9019932587781ba6b3\",\"name\":\"jbraeker\",\"image\":{\"@type\":\"ImageObject\",\"inLanguage\":\"de-DE\",\"@id\":\"https:\/\/www.welovecycling.com\/de\/#\/schema\/person\/image\/\",\"url\":\"https:\/\/secure.gravatar.com\/avatar\/8b4aea90e4535aae30b5b720249e5b723ae59fcf3d54757dd8b748d97b46d3c9?s=96&d=mm&r=g\",\"contentUrl\":\"https:\/\/secure.gravatar.com\/avatar\/8b4aea90e4535aae30b5b720249e5b723ae59fcf3d54757dd8b748d97b46d3c9?s=96&d=mm&r=g\",\"caption\":\"jbraeker\"},\"url\":\"https:\/\/www.welovecycling.com\/de\/author\/jbraeker\/\"}]}<\/script>\n<!-- \/ Yoast SEO Premium plugin. -->","yoast_head_json":{"title":"\u0160koda und die Tour de France Femmes","description":"\u0160koda, seit 1895 begeisterter Unterst\u00fctzer des Radsports ist stolz in diesem Jahr 2022 auch die Tour Femmes unter seine Fittiche zu nehmen.","robots":{"index":"index","follow":"follow","max-snippet":"max-snippet:-1","max-image-preview":"max-image-preview:large","max-video-preview":"max-video-preview:-1"},"canonical":"https:\/\/www.welovecycling.com\/de\/2022\/07\/26\/skoda-und-die-tour-de-france-femmes-2\/","og_locale":"de_DE","og_type":"article","og_title":"\u0160koda und die Tour de France Femmes","og_description":"\u0160koda, seit 1895 begeisterter Unterst\u00fctzer des Radsports ist stolz in diesem Jahr 2022 auch die Tour Femmes unter seine Fittiche zu nehmen.","og_url":"https:\/\/www.welovecycling.com\/de\/2022\/07\/26\/skoda-und-die-tour-de-france-femmes-2\/","og_site_name":"\u0160koda We Love Cycling - Deutschland","article_published_time":"2022-07-26T08:34:41+00:00","og_image":[{"width":2864,"height":1608,"url":"https:\/\/d2p6e6u75xmxt8.cloudfront.net\/10\/2022\/07\/Lea-Lin-Teutenberg_2-0.png","type":"image\/png"}],"author":"jbraeker","twitter_card":"summary_large_image","twitter_misc":{"Written by":"WeLoveCycling","Est. reading time":"3"},"schema":{"@context":"https:\/\/schema.org","@graph":[{"@type":"WebPage","@id":"https:\/\/www.welovecycling.com\/de\/2022\/07\/26\/skoda-und-die-tour-de-france-femmes-2\/","url":"https:\/\/www.welovecycling.com\/de\/2022\/07\/26\/skoda-und-die-tour-de-france-femmes-2\/","name":"\u0160koda und die Tour de France Femmes","isPartOf":{"@id":"https:\/\/www.welovecycling.com\/de\/#website"},"primaryImageOfPage":{"@id":"https:\/\/www.welovecycling.com\/de\/2022\/07\/26\/skoda-und-die-tour-de-france-femmes-2\/#primaryimage"},"image":{"@id":"https:\/\/www.welovecycling.com\/de\/2022\/07\/26\/skoda-und-die-tour-de-france-femmes-2\/#primaryimage"},"thumbnailUrl":"https:\/\/d2p6e6u75xmxt8.cloudfront.net\/10\/2022\/07\/Lea-Lin-Teutenberg_2-0.png","datePublished":"2022-07-26T08:34:41+00:00","author":{"@id":"https:\/\/www.welovecycling.com\/de\/#\/schema\/person\/915694b3c8d0de9019932587781ba6b3"},"description":"\u0160koda, seit 1895 begeisterter Unterst\u00fctzer des Radsports ist stolz in diesem Jahr 2022 auch die Tour Femmes unter seine Fittiche zu nehmen.","breadcrumb":{"@id":"https:\/\/www.welovecycling.com\/de\/2022\/07\/26\/skoda-und-die-tour-de-france-femmes-2\/#breadcrumb"},"inLanguage":"de-DE","potentialAction":[{"@type":"ReadAction","target":["https:\/\/www.welovecycling.com\/de\/2022\/07\/26\/skoda-und-die-tour-de-france-femmes-2\/"]}]},{"@type":"ImageObject","inLanguage":"de-DE","@id":"https:\/\/www.welovecycling.com\/de\/2022\/07\/26\/skoda-und-die-tour-de-france-femmes-2\/#primaryimage","url":"https:\/\/d2p6e6u75xmxt8.cloudfront.net\/10\/2022\/07\/Lea-Lin-Teutenberg_2-0.png","contentUrl":"https:\/\/d2p6e6u75xmxt8.cloudfront.net\/10\/2022\/07\/Lea-Lin-Teutenberg_2-0.png","width":2864,"height":1608},{"@type":"BreadcrumbList","@id":"https:\/\/www.welovecycling.com\/de\/2022\/07\/26\/skoda-und-die-tour-de-france-femmes-2\/#breadcrumb","itemListElement":[{"@type":"ListItem","position":1,"name":"Home","item":"https:\/\/www.welovecycling.com\/de\/"},{"@type":"ListItem","position":2,"name":"\u0160koda und die Tour de France Femmes"}]},{"@type":"WebSite","@id":"https:\/\/www.welovecycling.com\/de\/#website","url":"https:\/\/www.welovecycling.com\/de\/","name":"\u0160koda We Love Cycling - Deutschland","description":"Just another \u0160koda WeLoveCycling Sites site","potentialAction":[{"@type":"SearchAction","target":{"@type":"EntryPoint","urlTemplate":"https:\/\/www.welovecycling.com\/de\/?s={search_term_string}"},"query-input":{"@type":"PropertyValueSpecification","valueRequired":true,"valueName":"search_term_string"}}],"inLanguage":"de-DE"},{"@type":"Person","@id":"https:\/\/www.welovecycling.com\/de\/#\/schema\/person\/915694b3c8d0de9019932587781ba6b3","name":"jbraeker","image":{"@type":"ImageObject","inLanguage":"de-DE","@id":"https:\/\/www.welovecycling.com\/de\/#\/schema\/person\/image\/","url":"https:\/\/secure.gravatar.com\/avatar\/8b4aea90e4535aae30b5b720249e5b723ae59fcf3d54757dd8b748d97b46d3c9?s=96&d=mm&r=g","contentUrl":"https:\/\/secure.gravatar.com\/avatar\/8b4aea90e4535aae30b5b720249e5b723ae59fcf3d54757dd8b748d97b46d3c9?s=96&d=mm&r=g","caption":"jbraeker"},"url":"https:\/\/www.welovecycling.com\/de\/author\/jbraeker\/"}]}},"_links":{"self":[{"href":"https:\/\/www.welovecycling.com\/de\/wp-json\/wp\/v2\/posts\/10476","targetHints":{"allow":["GET"]}}],"collection":[{"href":"https:\/\/www.welovecycling.com\/de\/wp-json\/wp\/v2\/posts"}],"about":[{"href":"https:\/\/www.welovecycling.com\/de\/wp-json\/wp\/v2\/types\/post"}],"author":[{"embeddable":true,"href":"https:\/\/www.welovecycling.com\/de\/wp-json\/wp\/v2\/users\/115"}],"replies":[{"embeddable":true,"href":"https:\/\/www.welovecycling.com\/de\/wp-json\/wp\/v2\/comments?post=10476"}],"version-history":[{"count":1,"href":"https:\/\/www.welovecycling.com\/de\/wp-json\/wp\/v2\/posts\/10476\/revisions"}],"predecessor-version":[{"id":10479,"href":"https:\/\/www.welovecycling.com\/de\/wp-json\/wp\/v2\/posts\/10476\/revisions\/10479"}],"wp:featuredmedia":[{"embeddable":true,"href":"https:\/\/www.welovecycling.com\/de\/wp-json\/wp\/v2\/media\/10478"}],"wp:attachment":[{"href":"https:\/\/www.welovecycling.com\/de\/wp-json\/wp\/v2\/media?parent=10476"}],"wp:term":[{"taxonomy":"category","embeddable":true,"href":"https:\/\/www.welovecycling.com\/de\/wp-json\/wp\/v2\/categories?post=10476"},{"taxonomy":"post_tag","embeddable":true,"href":"https:\/\/www.welovecycling.com\/de\/wp-json\/wp\/v2\/tags?post=10476"},{"taxonomy":"global-categories","embeddable":true,"href":"https:\/\/www.welovecycling.com\/de\/wp-json\/wp\/v2\/global-categories?post=10476"}],"curies":[{"name":"wp","href":"https:\/\/api.w.org\/{rel}","templated":true}]}}