{"id":10466,"date":"2022-07-20T18:07:09","date_gmt":"2022-07-20T17:07:09","guid":{"rendered":"https:\/\/www.welovecycling.com\/de\/?p=10466"},"modified":"2022-07-20T18:08:11","modified_gmt":"2022-07-20T17:08:11","slug":"2rookies1mission-jan-zieht-zwischenbilanz","status":"publish","type":"post","link":"https:\/\/www.welovecycling.com\/de\/2022\/07\/20\/2rookies1mission-jan-zieht-zwischenbilanz\/","title":{"rendered":"2Rookies1Mission \u2013 Jan zieht Zwischenbilanz"},"content":{"rendered":"<p><strong>Wir begleiten zwei junge Radsporttalente durch die Radsportsaison 2022 und auf ihrem Weg Profi zu werden. Freut Euch auf exklusive Eindr\u00fccke. Heute mit einer Zwischenbilanz von Jan: So lief die Saison bisher.<\/strong><\/p>\n<p><!--more--><\/p>\n<div style=\"width: 848px;\" class=\"wp-video\"><!--[if lt IE 9]><script>document.createElement('video');<\/script><![endif]-->\n<video class=\"wp-video-shortcode\" id=\"video-10466-1\" width=\"848\" height=\"480\" preload=\"metadata\" controls=\"controls\"><source type=\"video\/mp4\" src=\"https:\/\/d2p6e6u75xmxt8.cloudfront.net\/10\/2022\/07\/jan_fazit_AdobeExpress.mp4?_=1\" \/><a href=\"https:\/\/d2p6e6u75xmxt8.cloudfront.net\/10\/2022\/07\/jan_fazit_AdobeExpress.mp4\">https:\/\/d2p6e6u75xmxt8.cloudfront.net\/10\/2022\/07\/jan_fazit_AdobeExpress.mp4<\/a><\/video><\/div>\n<p>&nbsp;<\/p>\n<p>&nbsp;<\/p>\n<p>Nach der ersten Saisonh\u00e4lfte zieht unser <a href=\"https:\/\/www.welovecycling.com\/de\/2022\/05\/26\/2rookies1mission_janmarctemmen\/\">Rookie Jan<\/a> erste Bilanz: Bisher sind die Rennen f\u00fcr Jan gut gelaufen. Ein Highlight: Rund um K\u00f6ln, das gro\u00dfe Profirennen in seiner Heimat. Dort konnte Jan sich zu Beginn in der Spitzengruppe einreihen. Wenn das keine Motivation f\u00fcr die Deutschland Tour ist, die in der zweiten Saisonh\u00e4lfte ansteht. Wir sind gespannt, was noch kommt.<\/p>\n<p>\u0160koda\u00a0begleitet die beiden jungen Radsporttalente <a href=\"https:\/\/www.welovecycling.com\/de\/2022\/06\/01\/2rookies1mission-roman-duckert-stellt-sich-vor\/\">Roman Duckert<\/a> und\u00a0<a href=\"https:\/\/www.welovecycling.com\/de\/2022\/05\/26\/2rookies1mission_janmarctemmen\/\">Jan-Marc Temmen<\/a>\u00a0durch die Radsportsaison 2022 und auf ihrem Weg an die Spitze. Weitere spannende Einblicke findet ihr unter #2Rookies1Mission, auf\u00a0<a href=\"https:\/\/www.welovecycling.com\/de\/category\/2rookies1mission\/\">welovecycling.de<\/a>,\u00a0<a href=\"https:\/\/www.facebook.com\/skodaradsport\" target=\"_blank\" rel=\"noopener\">Facebook<\/a>\u00a0und\u00a0<a href=\"https:\/\/www.instagram.com\/welovecycling.de\/\" target=\"_blank\" rel=\"noopener\">Instagram.<\/a><\/p>\n<p>&nbsp;<\/p>\n<div id='gallery-1' class='gallery galleryid-10466 gallery-columns-3 gallery-size-medium'><figure class='gallery-item'>\n\t\t\t<div class='gallery-icon landscape'>\n\t\t\t\t<a href='https:\/\/d2p6e6u75xmxt8.cloudfront.net\/10\/2022\/07\/220705_2rookies1mission_0879-scaled.jpg'><img loading=\"lazy\" decoding=\"async\" width=\"300\" height=\"200\" src=\"https:\/\/d2p6e6u75xmxt8.cloudfront.net\/10\/2022\/07\/220705_2rookies1mission_0879-300x200.jpg\" class=\"attachment-medium size-medium\" alt=\"\" srcset=\"https:\/\/d2p6e6u75xmxt8.cloudfront.net\/10\/2022\/07\/220705_2rookies1mission_0879-300x200.jpg 300w, https:\/\/d2p6e6u75xmxt8.cloudfront.net\/10\/2022\/07\/220705_2rookies1mission_0879-1024x683.jpg 1024w, https:\/\/d2p6e6u75xmxt8.cloudfront.net\/10\/2022\/07\/220705_2rookies1mission_0879-768x512.jpg 768w, https:\/\/d2p6e6u75xmxt8.cloudfront.net\/10\/2022\/07\/220705_2rookies1mission_0879-1536x1024.jpg 1536w, https:\/\/d2p6e6u75xmxt8.cloudfront.net\/10\/2022\/07\/220705_2rookies1mission_0879-2048x1365.jpg 2048w, https:\/\/d2p6e6u75xmxt8.cloudfront.net\/10\/2022\/07\/220705_2rookies1mission_0879-1920x1280.jpg 1920w, https:\/\/d2p6e6u75xmxt8.cloudfront.net\/10\/2022\/07\/220705_2rookies1mission_0879-272x182.jpg 272w, https:\/\/d2p6e6u75xmxt8.cloudfront.net\/10\/2022\/07\/220705_2rookies1mission_0879-1920x1280.jpg 1920w\" sizes=\"auto, (max-width: 300px) 100vw, 300px\" \/><\/a>\n\t\t\t<\/div><\/figure><figure class='gallery-item'>\n\t\t\t<div class='gallery-icon landscape'>\n\t\t\t\t<a href='https:\/\/d2p6e6u75xmxt8.cloudfront.net\/10\/2022\/07\/SAD221031102-0292-scaled.jpg'><img loading=\"lazy\" decoding=\"async\" width=\"300\" height=\"200\" src=\"https:\/\/d2p6e6u75xmxt8.cloudfront.net\/10\/2022\/07\/SAD221031102-0292-300x200.jpg\" class=\"attachment-medium size-medium\" alt=\"\" srcset=\"https:\/\/d2p6e6u75xmxt8.cloudfront.net\/10\/2022\/07\/SAD221031102-0292-300x200.jpg 300w, https:\/\/d2p6e6u75xmxt8.cloudfront.net\/10\/2022\/07\/SAD221031102-0292-1024x683.jpg 1024w, https:\/\/d2p6e6u75xmxt8.cloudfront.net\/10\/2022\/07\/SAD221031102-0292-768x512.jpg 768w, https:\/\/d2p6e6u75xmxt8.cloudfront.net\/10\/2022\/07\/SAD221031102-0292-1536x1024.jpg 1536w, https:\/\/d2p6e6u75xmxt8.cloudfront.net\/10\/2022\/07\/SAD221031102-0292-2048x1365.jpg 2048w, https:\/\/d2p6e6u75xmxt8.cloudfront.net\/10\/2022\/07\/SAD221031102-0292-1920x1280.jpg 1920w, https:\/\/d2p6e6u75xmxt8.cloudfront.net\/10\/2022\/07\/SAD221031102-0292-272x182.jpg 272w, https:\/\/d2p6e6u75xmxt8.cloudfront.net\/10\/2022\/07\/SAD221031102-0292-1920x1280.jpg 1920w\" sizes=\"auto, (max-width: 300px) 100vw, 300px\" \/><\/a>\n\t\t\t<\/div><\/figure><figure class='gallery-item'>\n\t\t\t<div class='gallery-icon landscape'>\n\t\t\t\t<a href='https:\/\/d2p6e6u75xmxt8.cloudfront.net\/10\/2022\/07\/220705_2rookies1mission_1233-scaled.jpg'><img loading=\"lazy\" decoding=\"async\" width=\"300\" height=\"200\" src=\"https:\/\/d2p6e6u75xmxt8.cloudfront.net\/10\/2022\/07\/220705_2rookies1mission_1233-300x200.jpg\" class=\"attachment-medium size-medium\" alt=\"\" srcset=\"https:\/\/d2p6e6u75xmxt8.cloudfront.net\/10\/2022\/07\/220705_2rookies1mission_1233-300x200.jpg 300w, https:\/\/d2p6e6u75xmxt8.cloudfront.net\/10\/2022\/07\/220705_2rookies1mission_1233-1024x683.jpg 1024w, https:\/\/d2p6e6u75xmxt8.cloudfront.net\/10\/2022\/07\/220705_2rookies1mission_1233-768x512.jpg 768w, https:\/\/d2p6e6u75xmxt8.cloudfront.net\/10\/2022\/07\/220705_2rookies1mission_1233-1536x1024.jpg 1536w, https:\/\/d2p6e6u75xmxt8.cloudfront.net\/10\/2022\/07\/220705_2rookies1mission_1233-2048x1365.jpg 2048w, https:\/\/d2p6e6u75xmxt8.cloudfront.net\/10\/2022\/07\/220705_2rookies1mission_1233-1920x1280.jpg 1920w, https:\/\/d2p6e6u75xmxt8.cloudfront.net\/10\/2022\/07\/220705_2rookies1mission_1233-272x182.jpg 272w, https:\/\/d2p6e6u75xmxt8.cloudfront.net\/10\/2022\/07\/220705_2rookies1mission_1233-1920x1280.jpg 1920w\" sizes=\"auto, (max-width: 300px) 100vw, 300px\" \/><\/a>\n\t\t\t<\/div><\/figure>\n\t\t<\/div>\n\n","protected":false},"excerpt":{"rendered":"<p>Wir begleiten zwei junge Radsporttalente durch die Radsportsaison 2022 und auf ihrem Weg Profi zu werden. Freut Euch auf exklusive [&hellip;]<\/p>\n","protected":false},"author":115,"featured_media":10467,"comment_status":"open","ping_status":"open","sticky":false,"template":"","format":"standard","meta":{"footnotes":""},"categories":[73],"tags":[],"global-categories":[],"class_list":["post-10466","post","type-post","status-publish","format-standard","has-post-thumbnail","hentry","category-2rookies1mission"],"yoast_head":"<!-- This site is optimized with the Yoast SEO Premium plugin v25.3 (Yoast SEO v25.9) - https:\/\/yoast.com\/wordpress\/plugins\/seo\/ -->\n<title>2Rookies1Mission \u2013 Jan zieht Zwischenbilanz<\/title>\n<meta name=\"description\" content=\"Wir begleiten zwei junge Radsporttalente durch die Radsportsaison 2022 und auf ihrem Weg Profi zu werden. Freut Euch auf exklusive Eindr\u00fccke.\" \/>\n<meta name=\"robots\" content=\"index, follow, max-snippet:-1, max-image-preview:large, max-video-preview:-1\" \/>\n<link rel=\"canonical\" href=\"https:\/\/www.welovecycling.com\/de\/2022\/07\/20\/2rookies1mission-jan-zieht-zwischenbilanz\/\" \/>\n<meta property=\"og:locale\" content=\"de_DE\" \/>\n<meta property=\"og:type\" content=\"article\" \/>\n<meta property=\"og:title\" content=\"2Rookies1Mission \u2013 Jan zieht Zwischenbilanz\" \/>\n<meta property=\"og:description\" content=\"Wir begleiten zwei junge Radsporttalente durch die Radsportsaison 2022 und auf ihrem Weg Profi zu werden. Freut Euch auf exklusive Eindr\u00fccke.\" \/>\n<meta property=\"og:url\" content=\"https:\/\/www.welovecycling.com\/de\/2022\/07\/20\/2rookies1mission-jan-zieht-zwischenbilanz\/\" \/>\n<meta property=\"og:site_name\" content=\"\u0160koda We Love Cycling - Deutschland\" \/>\n<meta property=\"article:published_time\" content=\"2022-07-20T17:07:09+00:00\" \/>\n<meta property=\"article:modified_time\" content=\"2022-07-20T17:08:11+00:00\" \/>\n<meta property=\"og:image\" content=\"https:\/\/d2p6e6u75xmxt8.cloudfront.net\/10\/2022\/07\/220705_2rookies1mission_1152-scaled-e1658336818705.jpg\" \/>\n\t<meta property=\"og:image:width\" content=\"1939\" \/>\n\t<meta property=\"og:image:height\" content=\"1349\" \/>\n\t<meta property=\"og:image:type\" content=\"image\/jpeg\" \/>\n<meta name=\"author\" content=\"jbraeker\" \/>\n<meta name=\"twitter:card\" content=\"summary_large_image\" \/>\n<meta name=\"twitter:label1\" content=\"Written by\" \/>\n\t<meta name=\"twitter:data1\" content=\"WeLoveCycling\" \/>\n\t<meta name=\"twitter:label2\" content=\"Est. reading time\" \/>\n\t<meta name=\"twitter:data2\" content=\"3\" \/>\n<script type=\"application\/ld+json\" class=\"yoast-schema-graph\">{\"@context\":\"https:\/\/schema.org\",\"@graph\":[{\"@type\":\"WebPage\",\"@id\":\"https:\/\/www.welovecycling.com\/de\/2022\/07\/20\/2rookies1mission-jan-zieht-zwischenbilanz\/\",\"url\":\"https:\/\/www.welovecycling.com\/de\/2022\/07\/20\/2rookies1mission-jan-zieht-zwischenbilanz\/\",\"name\":\"2Rookies1Mission \u2013 Jan zieht Zwischenbilanz\",\"isPartOf\":{\"@id\":\"https:\/\/www.welovecycling.com\/de\/#website\"},\"primaryImageOfPage\":{\"@id\":\"https:\/\/www.welovecycling.com\/de\/2022\/07\/20\/2rookies1mission-jan-zieht-zwischenbilanz\/#primaryimage\"},\"image\":{\"@id\":\"https:\/\/www.welovecycling.com\/de\/2022\/07\/20\/2rookies1mission-jan-zieht-zwischenbilanz\/#primaryimage\"},\"thumbnailUrl\":\"https:\/\/d2p6e6u75xmxt8.cloudfront.net\/10\/2022\/07\/220705_2rookies1mission_1152-scaled-e1658336818705.jpg\",\"datePublished\":\"2022-07-20T17:07:09+00:00\",\"dateModified\":\"2022-07-20T17:08:11+00:00\",\"author\":{\"@id\":\"https:\/\/www.welovecycling.com\/de\/#\/schema\/person\/915694b3c8d0de9019932587781ba6b3\"},\"description\":\"Wir begleiten zwei junge Radsporttalente durch die Radsportsaison 2022 und auf ihrem Weg Profi zu werden. Freut Euch auf exklusive Eindr\u00fccke.\",\"breadcrumb\":{\"@id\":\"https:\/\/www.welovecycling.com\/de\/2022\/07\/20\/2rookies1mission-jan-zieht-zwischenbilanz\/#breadcrumb\"},\"inLanguage\":\"de-DE\",\"potentialAction\":[{\"@type\":\"ReadAction\",\"target\":[\"https:\/\/www.welovecycling.com\/de\/2022\/07\/20\/2rookies1mission-jan-zieht-zwischenbilanz\/\"]}]},{\"@type\":\"ImageObject\",\"inLanguage\":\"de-DE\",\"@id\":\"https:\/\/www.welovecycling.com\/de\/2022\/07\/20\/2rookies1mission-jan-zieht-zwischenbilanz\/#primaryimage\",\"url\":\"https:\/\/d2p6e6u75xmxt8.cloudfront.net\/10\/2022\/07\/220705_2rookies1mission_1152-scaled-e1658336818705.jpg\",\"contentUrl\":\"https:\/\/d2p6e6u75xmxt8.cloudfront.net\/10\/2022\/07\/220705_2rookies1mission_1152-scaled-e1658336818705.jpg\",\"width\":1939,\"height\":1349},{\"@type\":\"BreadcrumbList\",\"@id\":\"https:\/\/www.welovecycling.com\/de\/2022\/07\/20\/2rookies1mission-jan-zieht-zwischenbilanz\/#breadcrumb\",\"itemListElement\":[{\"@type\":\"ListItem\",\"position\":1,\"name\":\"Home\",\"item\":\"https:\/\/www.welovecycling.com\/de\/\"},{\"@type\":\"ListItem\",\"position\":2,\"name\":\"2Rookies1Mission \u2013 Jan zieht Zwischenbilanz\"}]},{\"@type\":\"WebSite\",\"@id\":\"https:\/\/www.welovecycling.com\/de\/#website\",\"url\":\"https:\/\/www.welovecycling.com\/de\/\",\"name\":\"\u0160koda We Love Cycling - Deutschland\",\"description\":\"Just another \u0160koda WeLoveCycling Sites site\",\"potentialAction\":[{\"@type\":\"SearchAction\",\"target\":{\"@type\":\"EntryPoint\",\"urlTemplate\":\"https:\/\/www.welovecycling.com\/de\/?s={search_term_string}\"},\"query-input\":{\"@type\":\"PropertyValueSpecification\",\"valueRequired\":true,\"valueName\":\"search_term_string\"}}],\"inLanguage\":\"de-DE\"},{\"@type\":\"Person\",\"@id\":\"https:\/\/www.welovecycling.com\/de\/#\/schema\/person\/915694b3c8d0de9019932587781ba6b3\",\"name\":\"jbraeker\",\"image\":{\"@type\":\"ImageObject\",\"inLanguage\":\"de-DE\",\"@id\":\"https:\/\/www.welovecycling.com\/de\/#\/schema\/person\/image\/\",\"url\":\"https:\/\/secure.gravatar.com\/avatar\/8b4aea90e4535aae30b5b720249e5b723ae59fcf3d54757dd8b748d97b46d3c9?s=96&d=mm&r=g\",\"contentUrl\":\"https:\/\/secure.gravatar.com\/avatar\/8b4aea90e4535aae30b5b720249e5b723ae59fcf3d54757dd8b748d97b46d3c9?s=96&d=mm&r=g\",\"caption\":\"jbraeker\"},\"url\":\"https:\/\/www.welovecycling.com\/de\/author\/jbraeker\/\"}]}<\/script>\n<!-- \/ Yoast SEO Premium plugin. -->","yoast_head_json":{"title":"2Rookies1Mission \u2013 Jan zieht Zwischenbilanz","description":"Wir begleiten zwei junge Radsporttalente durch die Radsportsaison 2022 und auf ihrem Weg Profi zu werden. Freut Euch auf exklusive Eindr\u00fccke.","robots":{"index":"index","follow":"follow","max-snippet":"max-snippet:-1","max-image-preview":"max-image-preview:large","max-video-preview":"max-video-preview:-1"},"canonical":"https:\/\/www.welovecycling.com\/de\/2022\/07\/20\/2rookies1mission-jan-zieht-zwischenbilanz\/","og_locale":"de_DE","og_type":"article","og_title":"2Rookies1Mission \u2013 Jan zieht Zwischenbilanz","og_description":"Wir begleiten zwei junge Radsporttalente durch die Radsportsaison 2022 und auf ihrem Weg Profi zu werden. Freut Euch auf exklusive Eindr\u00fccke.","og_url":"https:\/\/www.welovecycling.com\/de\/2022\/07\/20\/2rookies1mission-jan-zieht-zwischenbilanz\/","og_site_name":"\u0160koda We Love Cycling - Deutschland","article_published_time":"2022-07-20T17:07:09+00:00","article_modified_time":"2022-07-20T17:08:11+00:00","og_image":[{"width":1939,"height":1349,"url":"https:\/\/d2p6e6u75xmxt8.cloudfront.net\/10\/2022\/07\/220705_2rookies1mission_1152-scaled-e1658336818705.jpg","type":"image\/jpeg"}],"author":"jbraeker","twitter_card":"summary_large_image","twitter_misc":{"Written by":"WeLoveCycling","Est. reading time":"3"},"schema":{"@context":"https:\/\/schema.org","@graph":[{"@type":"WebPage","@id":"https:\/\/www.welovecycling.com\/de\/2022\/07\/20\/2rookies1mission-jan-zieht-zwischenbilanz\/","url":"https:\/\/www.welovecycling.com\/de\/2022\/07\/20\/2rookies1mission-jan-zieht-zwischenbilanz\/","name":"2Rookies1Mission \u2013 Jan zieht Zwischenbilanz","isPartOf":{"@id":"https:\/\/www.welovecycling.com\/de\/#website"},"primaryImageOfPage":{"@id":"https:\/\/www.welovecycling.com\/de\/2022\/07\/20\/2rookies1mission-jan-zieht-zwischenbilanz\/#primaryimage"},"image":{"@id":"https:\/\/www.welovecycling.com\/de\/2022\/07\/20\/2rookies1mission-jan-zieht-zwischenbilanz\/#primaryimage"},"thumbnailUrl":"https:\/\/d2p6e6u75xmxt8.cloudfront.net\/10\/2022\/07\/220705_2rookies1mission_1152-scaled-e1658336818705.jpg","datePublished":"2022-07-20T17:07:09+00:00","dateModified":"2022-07-20T17:08:11+00:00","author":{"@id":"https:\/\/www.welovecycling.com\/de\/#\/schema\/person\/915694b3c8d0de9019932587781ba6b3"},"description":"Wir begleiten zwei junge Radsporttalente durch die Radsportsaison 2022 und auf ihrem Weg Profi zu werden. Freut Euch auf exklusive Eindr\u00fccke.","breadcrumb":{"@id":"https:\/\/www.welovecycling.com\/de\/2022\/07\/20\/2rookies1mission-jan-zieht-zwischenbilanz\/#breadcrumb"},"inLanguage":"de-DE","potentialAction":[{"@type":"ReadAction","target":["https:\/\/www.welovecycling.com\/de\/2022\/07\/20\/2rookies1mission-jan-zieht-zwischenbilanz\/"]}]},{"@type":"ImageObject","inLanguage":"de-DE","@id":"https:\/\/www.welovecycling.com\/de\/2022\/07\/20\/2rookies1mission-jan-zieht-zwischenbilanz\/#primaryimage","url":"https:\/\/d2p6e6u75xmxt8.cloudfront.net\/10\/2022\/07\/220705_2rookies1mission_1152-scaled-e1658336818705.jpg","contentUrl":"https:\/\/d2p6e6u75xmxt8.cloudfront.net\/10\/2022\/07\/220705_2rookies1mission_1152-scaled-e1658336818705.jpg","width":1939,"height":1349},{"@type":"BreadcrumbList","@id":"https:\/\/www.welovecycling.com\/de\/2022\/07\/20\/2rookies1mission-jan-zieht-zwischenbilanz\/#breadcrumb","itemListElement":[{"@type":"ListItem","position":1,"name":"Home","item":"https:\/\/www.welovecycling.com\/de\/"},{"@type":"ListItem","position":2,"name":"2Rookies1Mission \u2013 Jan zieht Zwischenbilanz"}]},{"@type":"WebSite","@id":"https:\/\/www.welovecycling.com\/de\/#website","url":"https:\/\/www.welovecycling.com\/de\/","name":"\u0160koda We Love Cycling - Deutschland","description":"Just another \u0160koda WeLoveCycling Sites site","potentialAction":[{"@type":"SearchAction","target":{"@type":"EntryPoint","urlTemplate":"https:\/\/www.welovecycling.com\/de\/?s={search_term_string}"},"query-input":{"@type":"PropertyValueSpecification","valueRequired":true,"valueName":"search_term_string"}}],"inLanguage":"de-DE"},{"@type":"Person","@id":"https:\/\/www.welovecycling.com\/de\/#\/schema\/person\/915694b3c8d0de9019932587781ba6b3","name":"jbraeker","image":{"@type":"ImageObject","inLanguage":"de-DE","@id":"https:\/\/www.welovecycling.com\/de\/#\/schema\/person\/image\/","url":"https:\/\/secure.gravatar.com\/avatar\/8b4aea90e4535aae30b5b720249e5b723ae59fcf3d54757dd8b748d97b46d3c9?s=96&d=mm&r=g","contentUrl":"https:\/\/secure.gravatar.com\/avatar\/8b4aea90e4535aae30b5b720249e5b723ae59fcf3d54757dd8b748d97b46d3c9?s=96&d=mm&r=g","caption":"jbraeker"},"url":"https:\/\/www.welovecycling.com\/de\/author\/jbraeker\/"}]}},"_links":{"self":[{"href":"https:\/\/www.welovecycling.com\/de\/wp-json\/wp\/v2\/posts\/10466","targetHints":{"allow":["GET"]}}],"collection":[{"href":"https:\/\/www.welovecycling.com\/de\/wp-json\/wp\/v2\/posts"}],"about":[{"href":"https:\/\/www.welovecycling.com\/de\/wp-json\/wp\/v2\/types\/post"}],"author":[{"embeddable":true,"href":"https:\/\/www.welovecycling.com\/de\/wp-json\/wp\/v2\/users\/115"}],"replies":[{"embeddable":true,"href":"https:\/\/www.welovecycling.com\/de\/wp-json\/wp\/v2\/comments?post=10466"}],"version-history":[{"count":2,"href":"https:\/\/www.welovecycling.com\/de\/wp-json\/wp\/v2\/posts\/10466\/revisions"}],"predecessor-version":[{"id":10470,"href":"https:\/\/www.welovecycling.com\/de\/wp-json\/wp\/v2\/posts\/10466\/revisions\/10470"}],"wp:featuredmedia":[{"embeddable":true,"href":"https:\/\/www.welovecycling.com\/de\/wp-json\/wp\/v2\/media\/10467"}],"wp:attachment":[{"href":"https:\/\/www.welovecycling.com\/de\/wp-json\/wp\/v2\/media?parent=10466"}],"wp:term":[{"taxonomy":"category","embeddable":true,"href":"https:\/\/www.welovecycling.com\/de\/wp-json\/wp\/v2\/categories?post=10466"},{"taxonomy":"post_tag","embeddable":true,"href":"https:\/\/www.welovecycling.com\/de\/wp-json\/wp\/v2\/tags?post=10466"},{"taxonomy":"global-categories","embeddable":true,"href":"https:\/\/www.welovecycling.com\/de\/wp-json\/wp\/v2\/global-categories?post=10466"}],"curies":[{"name":"wp","href":"https:\/\/api.w.org\/{rel}","templated":true}]}}