{"id":10322,"date":"2022-06-13T11:19:35","date_gmt":"2022-06-13T10:19:35","guid":{"rendered":"https:\/\/www.welovecycling.com\/de\/?p=10322"},"modified":"2022-06-13T11:19:35","modified_gmt":"2022-06-13T10:19:35","slug":"roglic-gewinnt-criterium-du-dauphine-und-mehr-neuigkeiten-aus-der-radsportwelt","status":"publish","type":"post","link":"https:\/\/www.welovecycling.com\/de\/2022\/06\/13\/roglic-gewinnt-criterium-du-dauphine-und-mehr-neuigkeiten-aus-der-radsportwelt\/","title":{"rendered":"Rogli\u010d gewinnt Crit\u00e9rium du Dauphin\u00e9 und mehr Neuigkeiten aus der Radsportwelt"},"content":{"rendered":"<p><strong>Es ist wieder Montag und somit Zeit f\u00fcr Neuigkeiten aus der Radsportwelt! Hier ein \u00dcberblick, damit ihr auch nichts verpasst.<\/strong><\/p>\n<p><!--more--><\/p>\n<h2><strong>Eins &amp; Zwei for Jumbo Visma<\/strong><\/h2>\n<p>Nach einer beeindruckenden Attacke am letzten Anstieg des Rennens gewinnt Jonas Vingegaard die achte Etappe des Crit\u00e9rium du Dauphin\u00e9. Primo\u017e Rogli\u010d war der einzige, der mit dem 25-J\u00e4hrigen mithalten konnte, und sie \u00fcberquerten die Ziellinie Hand in Hand. Primo\u017e Rogli\u010d sicherte sich damit den Gesamtsieg, Vingegaard, der D\u00e4ne wird Zweiter in der Gesamtwertung. Ben O&#8217;Connor (AG2R Citro\u00ebn Team) wird Gesamtdritter. Nach dieser Vorstellung scheint es, als ob Jumbo-Visma<span style=\"font-size: 16px;\">\u00a0<\/span><span style=\"font-size: 16px;\">gut<\/span> f\u00fcr die Tour ger\u00fcstet ist. Wir k\u00f6nnen es kaum erwarten, dass Rogli\u010d gegen Poga\u010dar (UAE Team Emirates) antritt.<\/p>\n<div class=\"embed-controller-wrapper\">\n<blockquote class=\"twitter-tweet\" data-width=\"500\" data-dnt=\"true\">\n<p lang=\"en\" dir=\"ltr\">\ud83c\uddeb\ud83c\uddf7 <a href=\"https:\/\/twitter.com\/hashtag\/Dauphin%C3%A9?src=hash&amp;ref_src=twsrc%5Etfw\">#Dauphin\u00e9<\/a><\/p>\n<p>Take a bow for the entire team. \ud83d\udc4f\ud83c\udffc\ud83d\udcaa\ud83c\udffc<\/p>\n<p>Jonas \ud835\udc16ingegaard and Primoz Ro\ud835\udc06li\ud835\udc02 were able to finish it off thanks to \ud835\udc32\ud835\udc28\ud835\udc2e! \ud83d\udc4a\ud83c\udffc\ud83d\ude09 <a href=\"https:\/\/t.co\/xYm1v9MGGP\">pic.twitter.com\/xYm1v9MGGP<\/a><\/p>\n<p>&mdash; Team Visma | Lease a Bike (@vismaleaseabike) <a href=\"https:\/\/twitter.com\/vismaleaseabike\/status\/1536047398354620424?ref_src=twsrc%5Etfw\">June 12, 2022<\/a><\/p><\/blockquote>\n<p><script async data-src=\"https:\/\/platform.twitter.com\/widgets.js\" charset=\"utf-8\"><\/script><\/div>\n<p>&#8222;Das ist gro\u00dfartig. Anders kann ich es nicht beschreiben&#8220;, sagt ein begeisterter Rogli\u010d. &#8222;Ein sch\u00f6ner Tag f\u00fcr unser Team. Alle sind toll geritten. Wir k\u00f6nnen das alle genie\u00dfen. Ich freue mich sehr \u00fcber den letzten Sieg in dieser Dauphin\u00e9. Wir sind auch hierher gekommen, um uns auf die Tour de France vorzubereiten. Wir sind auf dem richtigen Weg. Wir haben noch ein paar Wochen Zeit, um uns den letzten Schliff zu holen. Hoffentlich k\u00f6nnen wir uns noch ein wenig verbessern. Ich bin froh, dass mich meine Knieverletzung nicht mehr belastet. Das gibt mir Zuversicht f\u00fcr die bevorstehenden Rennen. Wir werden jetzt diese sch\u00f6ne Woche genie\u00dfen, uns dann kurz ausruhen und in Tignes mit dem Team gut trainieren.&#8220;<\/p>\n<h4><strong>Gesamtwertung nach der achten Etappe<\/strong><\/h4>\n<ol>\n<li>Primo\u017e Rogli\u010d (Jumbo Visma) \u2013 29:11:22<\/li>\n<li>Jonas Vingegaard (Jumbo Visma) +40 seconds<\/li>\n<li>Ben O&#8217;Connor (AG2R Citro\u00ebn Team) +1:41<\/li>\n<li>Damiano Caruso (Bahrain Victorious) + 2:33<\/li>\n<li>Jack Haig (Bahrain Victorious) + 3:13<\/li>\n<li>Louis Meintjes (Intermarch\u00e9\u2013Wanty\u2013Gobert Mat\u00e9riaux) + 3:17<\/li>\n<li>Esteban Chaves (EF Education Easy-Post) + 3:18<\/li>\n<li>Tao Geoghegan Hart (Ineos Grenadiers) + 3:44<\/li>\n<li>Ruben Guerrerio (EF Education Easy-Post) + 3:48<\/li>\n<li>Tobias Johannessen (Uno X Pro Cycling Team) + 3:51<\/li>\n<\/ol>\n<h2><\/h2>\n<h2><strong>Tatsache<\/strong><\/h2>\n<div class=\"embed-controller-wrapper\">\n<blockquote class=\"twitter-tweet\" data-width=\"500\" data-dnt=\"true\">\n<p lang=\"en\" dir=\"ltr\">Couple goals. <a href=\"https:\/\/t.co\/yLb9uiAtbS\">pic.twitter.com\/yLb9uiAtbS<\/a><\/p>\n<p>&mdash; Cycling out of context (@OutOfCycling) <a href=\"https:\/\/twitter.com\/OutOfCycling\/status\/1535999899443109889?ref_src=twsrc%5Etfw\">June 12, 2022<\/a><\/p><\/blockquote>\n<p><script async data-src=\"https:\/\/platform.twitter.com\/widgets.js\" charset=\"utf-8\"><\/script><\/div>\n<h2><strong>Wundervoll<\/strong><\/h2>\n<div class=\"embed-controller-wrapper\">\n<blockquote class=\"twitter-tweet\" data-width=\"500\" data-dnt=\"true\">\n<p lang=\"en\" dir=\"ltr\">The future of mobility is already among us (in the Netherlands) \ud83c\uddf3\ud83c\uddf1 \ud83d\udeb4\u200d\u2640\ufe0f <\/p>\n<p>HT <a href=\"https:\/\/twitter.com\/Cycling_Embassy?ref_src=twsrc%5Etfw\">@Cycling_Embassy<\/a><a href=\"https:\/\/t.co\/M8JSxdupv3\">pic.twitter.com\/M8JSxdupv3<\/a><\/p>\n<p>&mdash; Daniel Moser &#8211; dmoser@mastodon.social (@_dmoser) <a href=\"https:\/\/twitter.com\/_dmoser\/status\/1534852527061180427?ref_src=twsrc%5Etfw\">June 9, 2022<\/a><\/p><\/blockquote>\n<p><script async data-src=\"https:\/\/platform.twitter.com\/widgets.js\" charset=\"utf-8\"><\/script><\/div>\n<h2><strong>Ein bisschen<\/strong><\/h2>\n<div class=\"embed-controller-wrapper\">\n<blockquote class=\"twitter-tweet\" data-width=\"500\" data-dnt=\"true\">\n<p lang=\"en\" dir=\"ltr\">What a rubbish bike lane <a href=\"https:\/\/t.co\/1S7OHPTVzu\">pic.twitter.com\/1S7OHPTVzu<\/a><\/p>\n<p>&mdash; Entitled Cyclist\ud83d\udeb2 (@EntitledCycling) <a href=\"https:\/\/twitter.com\/EntitledCycling\/status\/1535271521433706499?ref_src=twsrc%5Etfw\">June 10, 2022<\/a><\/p><\/blockquote>\n<p><script async data-src=\"https:\/\/platform.twitter.com\/widgets.js\" charset=\"utf-8\"><\/script><\/div>\n<h2><strong>Congratulations, Kasia!<\/strong><\/h2>\n<p>https:\/\/www.instagram.com\/p\/Ceq8VAbIXm4\/?hl=cs<\/p>\n","protected":false},"excerpt":{"rendered":"<p>Es ist wieder Montag und somit Zeit f\u00fcr Neuigkeiten aus der Radsportwelt! Hier ein \u00dcberblick, damit ihr auch nichts verpasst.<\/p>\n","protected":false},"author":115,"featured_media":10328,"comment_status":"open","ping_status":"open","sticky":false,"template":"","format":"standard","meta":{"footnotes":""},"categories":[1],"tags":[],"global-categories":[],"class_list":["post-10322","post","type-post","status-publish","format-standard","has-post-thumbnail","hentry","category-allgemein"],"yoast_head":"<!-- This site is optimized with the Yoast SEO Premium plugin v25.3 (Yoast SEO v25.9) - https:\/\/yoast.com\/wordpress\/plugins\/seo\/ -->\n<title>Rogli\u010d gewinnt Crit\u00e9rium du Dauphin\u00e9 - We Love Cycling Magazine<\/title>\n<meta name=\"description\" content=\"Es ist wieder Montag und somit Zeit f\u00fcr Neuigkeiten aus der Radsportwelt! Hier ein \u00dcberblick, damit ihr auch nichts verpasst.\" \/>\n<meta name=\"robots\" content=\"index, follow, max-snippet:-1, max-image-preview:large, max-video-preview:-1\" \/>\n<link rel=\"canonical\" href=\"https:\/\/www.welovecycling.com\/de\/2022\/06\/13\/roglic-gewinnt-criterium-du-dauphine-und-mehr-neuigkeiten-aus-der-radsportwelt\/\" \/>\n<meta property=\"og:locale\" content=\"de_DE\" \/>\n<meta property=\"og:type\" content=\"article\" \/>\n<meta property=\"og:title\" content=\"Rogli\u010d gewinnt Crit\u00e9rium du Dauphin\u00e9 und mehr Neuigkeiten aus der Radsportwelt\" \/>\n<meta property=\"og:description\" content=\"Es ist wieder Montag und somit Zeit f\u00fcr Neuigkeiten aus der Radsportwelt! Hier ein \u00dcberblick, damit ihr auch nichts verpasst.\" \/>\n<meta property=\"og:url\" content=\"https:\/\/www.welovecycling.com\/de\/2022\/06\/13\/roglic-gewinnt-criterium-du-dauphine-und-mehr-neuigkeiten-aus-der-radsportwelt\/\" \/>\n<meta property=\"og:site_name\" content=\"\u0160koda We Love Cycling - Deutschland\" \/>\n<meta property=\"article:published_time\" content=\"2022-06-13T10:19:35+00:00\" \/>\n<meta property=\"og:image\" content=\"https:\/\/d2p6e6u75xmxt8.cloudfront.net\/10\/2022\/06\/Primoz-Roglic-profimedia-0699079210-CVR.jpg\" \/>\n\t<meta property=\"og:image:width\" content=\"990\" \/>\n\t<meta property=\"og:image:height\" content=\"660\" \/>\n\t<meta property=\"og:image:type\" content=\"image\/jpeg\" \/>\n<meta name=\"author\" content=\"jbraeker\" \/>\n<meta name=\"twitter:card\" content=\"summary_large_image\" \/>\n<meta name=\"twitter:label1\" content=\"Written by\" \/>\n\t<meta name=\"twitter:data1\" content=\"WeLoveCycling\" \/>\n\t<meta name=\"twitter:label2\" content=\"Est. reading time\" \/>\n\t<meta name=\"twitter:data2\" content=\"4\" \/>\n<script type=\"application\/ld+json\" class=\"yoast-schema-graph\">{\"@context\":\"https:\/\/schema.org\",\"@graph\":[{\"@type\":\"WebPage\",\"@id\":\"https:\/\/www.welovecycling.com\/de\/2022\/06\/13\/roglic-gewinnt-criterium-du-dauphine-und-mehr-neuigkeiten-aus-der-radsportwelt\/\",\"url\":\"https:\/\/www.welovecycling.com\/de\/2022\/06\/13\/roglic-gewinnt-criterium-du-dauphine-und-mehr-neuigkeiten-aus-der-radsportwelt\/\",\"name\":\"Rogli\u010d gewinnt Crit\u00e9rium du Dauphin\u00e9 - We Love Cycling Magazine\",\"isPartOf\":{\"@id\":\"https:\/\/www.welovecycling.com\/de\/#website\"},\"primaryImageOfPage\":{\"@id\":\"https:\/\/www.welovecycling.com\/de\/2022\/06\/13\/roglic-gewinnt-criterium-du-dauphine-und-mehr-neuigkeiten-aus-der-radsportwelt\/#primaryimage\"},\"image\":{\"@id\":\"https:\/\/www.welovecycling.com\/de\/2022\/06\/13\/roglic-gewinnt-criterium-du-dauphine-und-mehr-neuigkeiten-aus-der-radsportwelt\/#primaryimage\"},\"thumbnailUrl\":\"https:\/\/d2p6e6u75xmxt8.cloudfront.net\/10\/2022\/06\/Primoz-Roglic-profimedia-0699079210-CVR.jpg\",\"datePublished\":\"2022-06-13T10:19:35+00:00\",\"author\":{\"@id\":\"https:\/\/www.welovecycling.com\/de\/#\/schema\/person\/915694b3c8d0de9019932587781ba6b3\"},\"description\":\"Es ist wieder Montag und somit Zeit f\u00fcr Neuigkeiten aus der Radsportwelt! Hier ein \u00dcberblick, damit ihr auch nichts verpasst.\",\"breadcrumb\":{\"@id\":\"https:\/\/www.welovecycling.com\/de\/2022\/06\/13\/roglic-gewinnt-criterium-du-dauphine-und-mehr-neuigkeiten-aus-der-radsportwelt\/#breadcrumb\"},\"inLanguage\":\"de-DE\",\"potentialAction\":[{\"@type\":\"ReadAction\",\"target\":[\"https:\/\/www.welovecycling.com\/de\/2022\/06\/13\/roglic-gewinnt-criterium-du-dauphine-und-mehr-neuigkeiten-aus-der-radsportwelt\/\"]}]},{\"@type\":\"ImageObject\",\"inLanguage\":\"de-DE\",\"@id\":\"https:\/\/www.welovecycling.com\/de\/2022\/06\/13\/roglic-gewinnt-criterium-du-dauphine-und-mehr-neuigkeiten-aus-der-radsportwelt\/#primaryimage\",\"url\":\"https:\/\/d2p6e6u75xmxt8.cloudfront.net\/10\/2022\/06\/Primoz-Roglic-profimedia-0699079210-CVR.jpg\",\"contentUrl\":\"https:\/\/d2p6e6u75xmxt8.cloudfront.net\/10\/2022\/06\/Primoz-Roglic-profimedia-0699079210-CVR.jpg\",\"width\":990,\"height\":660,\"caption\":\"Primo\u017e Rogli\u010d\"},{\"@type\":\"BreadcrumbList\",\"@id\":\"https:\/\/www.welovecycling.com\/de\/2022\/06\/13\/roglic-gewinnt-criterium-du-dauphine-und-mehr-neuigkeiten-aus-der-radsportwelt\/#breadcrumb\",\"itemListElement\":[{\"@type\":\"ListItem\",\"position\":1,\"name\":\"Home\",\"item\":\"https:\/\/www.welovecycling.com\/de\/\"},{\"@type\":\"ListItem\",\"position\":2,\"name\":\"Rogli\u010d gewinnt Crit\u00e9rium du Dauphin\u00e9 und mehr Neuigkeiten aus der Radsportwelt\"}]},{\"@type\":\"WebSite\",\"@id\":\"https:\/\/www.welovecycling.com\/de\/#website\",\"url\":\"https:\/\/www.welovecycling.com\/de\/\",\"name\":\"\u0160koda We Love Cycling - Deutschland\",\"description\":\"Just another \u0160koda WeLoveCycling Sites site\",\"potentialAction\":[{\"@type\":\"SearchAction\",\"target\":{\"@type\":\"EntryPoint\",\"urlTemplate\":\"https:\/\/www.welovecycling.com\/de\/?s={search_term_string}\"},\"query-input\":{\"@type\":\"PropertyValueSpecification\",\"valueRequired\":true,\"valueName\":\"search_term_string\"}}],\"inLanguage\":\"de-DE\"},{\"@type\":\"Person\",\"@id\":\"https:\/\/www.welovecycling.com\/de\/#\/schema\/person\/915694b3c8d0de9019932587781ba6b3\",\"name\":\"jbraeker\",\"image\":{\"@type\":\"ImageObject\",\"inLanguage\":\"de-DE\",\"@id\":\"https:\/\/www.welovecycling.com\/de\/#\/schema\/person\/image\/\",\"url\":\"https:\/\/secure.gravatar.com\/avatar\/8b4aea90e4535aae30b5b720249e5b723ae59fcf3d54757dd8b748d97b46d3c9?s=96&d=mm&r=g\",\"contentUrl\":\"https:\/\/secure.gravatar.com\/avatar\/8b4aea90e4535aae30b5b720249e5b723ae59fcf3d54757dd8b748d97b46d3c9?s=96&d=mm&r=g\",\"caption\":\"jbraeker\"},\"url\":\"https:\/\/www.welovecycling.com\/de\/author\/jbraeker\/\"}]}<\/script>\n<!-- \/ Yoast SEO Premium plugin. -->","yoast_head_json":{"title":"Rogli\u010d gewinnt Crit\u00e9rium du Dauphin\u00e9 - We Love Cycling Magazine","description":"Es ist wieder Montag und somit Zeit f\u00fcr Neuigkeiten aus der Radsportwelt! Hier ein \u00dcberblick, damit ihr auch nichts verpasst.","robots":{"index":"index","follow":"follow","max-snippet":"max-snippet:-1","max-image-preview":"max-image-preview:large","max-video-preview":"max-video-preview:-1"},"canonical":"https:\/\/www.welovecycling.com\/de\/2022\/06\/13\/roglic-gewinnt-criterium-du-dauphine-und-mehr-neuigkeiten-aus-der-radsportwelt\/","og_locale":"de_DE","og_type":"article","og_title":"Rogli\u010d gewinnt Crit\u00e9rium du Dauphin\u00e9 und mehr Neuigkeiten aus der Radsportwelt","og_description":"Es ist wieder Montag und somit Zeit f\u00fcr Neuigkeiten aus der Radsportwelt! Hier ein \u00dcberblick, damit ihr auch nichts verpasst.","og_url":"https:\/\/www.welovecycling.com\/de\/2022\/06\/13\/roglic-gewinnt-criterium-du-dauphine-und-mehr-neuigkeiten-aus-der-radsportwelt\/","og_site_name":"\u0160koda We Love Cycling - Deutschland","article_published_time":"2022-06-13T10:19:35+00:00","og_image":[{"width":990,"height":660,"url":"https:\/\/d2p6e6u75xmxt8.cloudfront.net\/10\/2022\/06\/Primoz-Roglic-profimedia-0699079210-CVR.jpg","type":"image\/jpeg"}],"author":"jbraeker","twitter_card":"summary_large_image","twitter_misc":{"Written by":"WeLoveCycling","Est. reading time":"4"},"schema":{"@context":"https:\/\/schema.org","@graph":[{"@type":"WebPage","@id":"https:\/\/www.welovecycling.com\/de\/2022\/06\/13\/roglic-gewinnt-criterium-du-dauphine-und-mehr-neuigkeiten-aus-der-radsportwelt\/","url":"https:\/\/www.welovecycling.com\/de\/2022\/06\/13\/roglic-gewinnt-criterium-du-dauphine-und-mehr-neuigkeiten-aus-der-radsportwelt\/","name":"Rogli\u010d gewinnt Crit\u00e9rium du Dauphin\u00e9 - We Love Cycling Magazine","isPartOf":{"@id":"https:\/\/www.welovecycling.com\/de\/#website"},"primaryImageOfPage":{"@id":"https:\/\/www.welovecycling.com\/de\/2022\/06\/13\/roglic-gewinnt-criterium-du-dauphine-und-mehr-neuigkeiten-aus-der-radsportwelt\/#primaryimage"},"image":{"@id":"https:\/\/www.welovecycling.com\/de\/2022\/06\/13\/roglic-gewinnt-criterium-du-dauphine-und-mehr-neuigkeiten-aus-der-radsportwelt\/#primaryimage"},"thumbnailUrl":"https:\/\/d2p6e6u75xmxt8.cloudfront.net\/10\/2022\/06\/Primoz-Roglic-profimedia-0699079210-CVR.jpg","datePublished":"2022-06-13T10:19:35+00:00","author":{"@id":"https:\/\/www.welovecycling.com\/de\/#\/schema\/person\/915694b3c8d0de9019932587781ba6b3"},"description":"Es ist wieder Montag und somit Zeit f\u00fcr Neuigkeiten aus der Radsportwelt! Hier ein \u00dcberblick, damit ihr auch nichts verpasst.","breadcrumb":{"@id":"https:\/\/www.welovecycling.com\/de\/2022\/06\/13\/roglic-gewinnt-criterium-du-dauphine-und-mehr-neuigkeiten-aus-der-radsportwelt\/#breadcrumb"},"inLanguage":"de-DE","potentialAction":[{"@type":"ReadAction","target":["https:\/\/www.welovecycling.com\/de\/2022\/06\/13\/roglic-gewinnt-criterium-du-dauphine-und-mehr-neuigkeiten-aus-der-radsportwelt\/"]}]},{"@type":"ImageObject","inLanguage":"de-DE","@id":"https:\/\/www.welovecycling.com\/de\/2022\/06\/13\/roglic-gewinnt-criterium-du-dauphine-und-mehr-neuigkeiten-aus-der-radsportwelt\/#primaryimage","url":"https:\/\/d2p6e6u75xmxt8.cloudfront.net\/10\/2022\/06\/Primoz-Roglic-profimedia-0699079210-CVR.jpg","contentUrl":"https:\/\/d2p6e6u75xmxt8.cloudfront.net\/10\/2022\/06\/Primoz-Roglic-profimedia-0699079210-CVR.jpg","width":990,"height":660,"caption":"Primo\u017e Rogli\u010d"},{"@type":"BreadcrumbList","@id":"https:\/\/www.welovecycling.com\/de\/2022\/06\/13\/roglic-gewinnt-criterium-du-dauphine-und-mehr-neuigkeiten-aus-der-radsportwelt\/#breadcrumb","itemListElement":[{"@type":"ListItem","position":1,"name":"Home","item":"https:\/\/www.welovecycling.com\/de\/"},{"@type":"ListItem","position":2,"name":"Rogli\u010d gewinnt Crit\u00e9rium du Dauphin\u00e9 und mehr Neuigkeiten aus der Radsportwelt"}]},{"@type":"WebSite","@id":"https:\/\/www.welovecycling.com\/de\/#website","url":"https:\/\/www.welovecycling.com\/de\/","name":"\u0160koda We Love Cycling - Deutschland","description":"Just another \u0160koda WeLoveCycling Sites site","potentialAction":[{"@type":"SearchAction","target":{"@type":"EntryPoint","urlTemplate":"https:\/\/www.welovecycling.com\/de\/?s={search_term_string}"},"query-input":{"@type":"PropertyValueSpecification","valueRequired":true,"valueName":"search_term_string"}}],"inLanguage":"de-DE"},{"@type":"Person","@id":"https:\/\/www.welovecycling.com\/de\/#\/schema\/person\/915694b3c8d0de9019932587781ba6b3","name":"jbraeker","image":{"@type":"ImageObject","inLanguage":"de-DE","@id":"https:\/\/www.welovecycling.com\/de\/#\/schema\/person\/image\/","url":"https:\/\/secure.gravatar.com\/avatar\/8b4aea90e4535aae30b5b720249e5b723ae59fcf3d54757dd8b748d97b46d3c9?s=96&d=mm&r=g","contentUrl":"https:\/\/secure.gravatar.com\/avatar\/8b4aea90e4535aae30b5b720249e5b723ae59fcf3d54757dd8b748d97b46d3c9?s=96&d=mm&r=g","caption":"jbraeker"},"url":"https:\/\/www.welovecycling.com\/de\/author\/jbraeker\/"}]}},"_links":{"self":[{"href":"https:\/\/www.welovecycling.com\/de\/wp-json\/wp\/v2\/posts\/10322","targetHints":{"allow":["GET"]}}],"collection":[{"href":"https:\/\/www.welovecycling.com\/de\/wp-json\/wp\/v2\/posts"}],"about":[{"href":"https:\/\/www.welovecycling.com\/de\/wp-json\/wp\/v2\/types\/post"}],"author":[{"embeddable":true,"href":"https:\/\/www.welovecycling.com\/de\/wp-json\/wp\/v2\/users\/115"}],"replies":[{"embeddable":true,"href":"https:\/\/www.welovecycling.com\/de\/wp-json\/wp\/v2\/comments?post=10322"}],"version-history":[{"count":1,"href":"https:\/\/www.welovecycling.com\/de\/wp-json\/wp\/v2\/posts\/10322\/revisions"}],"predecessor-version":[{"id":10329,"href":"https:\/\/www.welovecycling.com\/de\/wp-json\/wp\/v2\/posts\/10322\/revisions\/10329"}],"wp:featuredmedia":[{"embeddable":true,"href":"https:\/\/www.welovecycling.com\/de\/wp-json\/wp\/v2\/media\/10328"}],"wp:attachment":[{"href":"https:\/\/www.welovecycling.com\/de\/wp-json\/wp\/v2\/media?parent=10322"}],"wp:term":[{"taxonomy":"category","embeddable":true,"href":"https:\/\/www.welovecycling.com\/de\/wp-json\/wp\/v2\/categories?post=10322"},{"taxonomy":"post_tag","embeddable":true,"href":"https:\/\/www.welovecycling.com\/de\/wp-json\/wp\/v2\/tags?post=10322"},{"taxonomy":"global-categories","embeddable":true,"href":"https:\/\/www.welovecycling.com\/de\/wp-json\/wp\/v2\/global-categories?post=10322"}],"curies":[{"name":"wp","href":"https:\/\/api.w.org\/{rel}","templated":true}]}}